{"id":10091,"date":"2017-04-14T20:03:32","date_gmt":"2017-04-14T19:03:32","guid":{"rendered":"http:\/\/www.carlosyconchita.net\/rutas\/?p=10091"},"modified":"2020-04-18T16:37:07","modified_gmt":"2020-04-18T15:37:07","slug":"14-04-2017-sauto-al-rio-tet","status":"publish","type":"post","link":"https:\/\/www.carlosyconchita.net\/rutas\/14-04-2017-sauto-al-rio-tet\/","title":{"rendered":"14-04-2017 &#8211; De Sauto al rio T\u00eat"},"content":{"rendered":"<p style=\"text-align: justify;\">Hoy haremos una caminata desde Sauto hasta llegar al rio T\u00eat al fondo del valle, pasando por debajo del puente Giscard por el que pasa el tren \u00abjaune\u00bb.<\/p>\n<p style=\"text-align: justify;\">Sin embargo, no la hemos podido realizar tal como estaba prevista , ya que cuando deb\u00edamos cruzar de nuevo el T\u00e8t para volver a Sauto, no lo hemos podido hacer al no existir el puente Berger que se\u00f1alaba nuestra gu\u00eda (el n\u00famero de la ruta es el PR12).<br \/>\nAs\u00ed que no nos ha quedado m\u00e1s remedio que volver a subir a Sauto por el mismo camino por el que hemos bajado&#8230; el desnivel y distancia m\u00e1s o menos han sido los mismos, pero evidentemente hubieramos preferido volver por otro sitio.<\/p>\n<p style=\"text-align: justify;\">\u00a0<\/p>\n<p><strong>Dificultad<\/strong> :\u00a0\u00a0\u00a0 Moderada<\/p>\n<p><strong>Distancia total<\/strong> :\u00a0\u00a0\u00a0\u00a0 12.190\u00a0 <span class=\"totlen\"><span class=\"summaryvalue\">m<\/span><\/span><\/p>\n<p><strong>Alturas m\u00ednima \/ m\u00e1xima<\/strong> :\u00a0\u00a0\u00a0\u00a0\u00a0 1.106 m. \u00a0 \/\u00a0\u00a0 1.558<span class=\"maxele\"><span class=\"summaryvalue\"> m<\/span><\/span>.<\/p>\n<p><strong>Desnivel acumulado (s\/Wikiloc)<\/strong>\u00a0 :\u00a0 \u00a0 685\u00a0 m.<\/p>\n<p><strong>Tiempo total \/ en movimiento<\/strong> :\u00a0\u00a0\u00a0\u00a0\u00a0\u00a0\u00a0 6\u201912 h. \u2013\u00a0 3\u201923\u00a0 h.<\/p>\n<p><strong>Velocidad media total \/ velocidad media movimiento<\/strong> :\u00a0\u00a0 1\u201991 km\/h \u2013\u00a0 3\u201950\u00a0 km\/h<\/p>\n<hr \/>\n<h3 style=\"text-align: justify;\"><strong>Album de fotos<\/strong><\/h3>\n<p style=\"text-align: justify;\"><a href=\"https:\/\/photos.app.goo.gl\/LfDXkZ6tbEx6sSoKA\" target=\"_blank\" rel=\"noopener noreferrer\"><img loading=\"lazy\" decoding=\"async\" class=\"aligncenter wp-image-10092 size-column4-4\/5\" src=\"http:\/\/www.carlosyconchita.net\/rutas\/wp-content\/uploads\/2017\/05\/Sauto-0025-240x192.jpg\" alt=\"\" width=\"240\" height=\"192\" srcset=\"https:\/\/www.carlosyconchita.net\/rutas\/wp-content\/uploads\/2017\/05\/Sauto-0025-240x192.jpg 240w, https:\/\/www.carlosyconchita.net\/rutas\/wp-content\/uploads\/2017\/05\/Sauto-0025-250x200.jpg 250w, https:\/\/www.carlosyconchita.net\/rutas\/wp-content\/uploads\/2017\/05\/Sauto-0025-960x764.jpg 960w, https:\/\/www.carlosyconchita.net\/rutas\/wp-content\/uploads\/2017\/05\/Sauto-0025-480x384.jpg 480w, https:\/\/www.carlosyconchita.net\/rutas\/wp-content\/uploads\/2017\/05\/Sauto-0025-320x256.jpg 320w\" sizes=\"auto, (max-width: 240px) 100vw, 240px\" \/><\/a><\/p>\n<hr \/>\n<p style=\"text-align: justify;\">Salimos como hemos dicho del pueblo de Sauto , concretamente el de \u00ababajo\u00bb, en donde podemos dejar el coche en una zona de parking justo a la entrada.<\/p>\n<p style=\"text-align: justify;\"><img loading=\"lazy\" decoding=\"async\" class=\"alignnone size-full\" src=\"https:\/\/c1.staticflickr.com\/3\/2871\/33283778604_833ba29b6c_b.jpg\" width=\"1019\" height=\"764\" \/><\/p>\n<p style=\"text-align: justify;\"><img loading=\"lazy\" decoding=\"async\" class=\"alignnone size-full\" src=\"https:\/\/c1.staticflickr.com\/3\/2849\/33283779534_7b47299d73_b.jpg\" width=\"1019\" height=\"764\" \/><\/p>\n<p style=\"text-align: justify;\">\u00a0<\/p>\n<p style=\"text-align: justify;\">Empezamos a caminar entrando en el pueblo, y en el edificio de la Mairie que tenemos all\u00ed mismo en la entrada, vemos el letrero de inicio de nuestra ruta.<\/p>\n<p style=\"text-align: justify;\"><img loading=\"lazy\" decoding=\"async\" class=\"alignnone size-full\" src=\"https:\/\/c1.staticflickr.com\/3\/2869\/34085867146_acaf7d2295_b.jpg\" width=\"1019\" height=\"764\" \/><\/p>\n<p>&nbsp;<\/p>\n<p style=\"text-align: justify;\">Empezamos a bajar, porque esta excursi\u00f3n de hoy va al \u00abrev\u00e9s\u00bb de lo normal, y que no nos gusta demasiado, que es bajar al principio y subir despu\u00e9s.<\/p>\n<p style=\"text-align: justify;\"><img loading=\"lazy\" decoding=\"async\" class=\"alignnone size-full\" src=\"https:\/\/c1.staticflickr.com\/3\/2883\/33283777444_c74eeb0d67_b.jpg\" width=\"1019\" height=\"764\" \/><\/p>\n<p style=\"text-align: justify;\"><img loading=\"lazy\" decoding=\"async\" class=\"alignnone size-full\" src=\"https:\/\/c1.staticflickr.com\/4\/3945\/33995883191_9d3838faa1_b.jpg\" width=\"1019\" height=\"764\" \/><\/p>\n<p style=\"text-align: justify;\"><img loading=\"lazy\" decoding=\"async\" class=\"alignnone size-full\" src=\"https:\/\/c1.staticflickr.com\/3\/2889\/33283773634_f9ddb4cbec_b.jpg\" width=\"1019\" height=\"764\" \/><\/p>\n<p style=\"text-align: justify;\">\u00a0<\/p>\n<p style=\"text-align: justify;\">Cruzaremos unas grandes canalizaciones de agua y poco despu\u00e9s vemos ya la carretera que deberemos cruzar para continuar bajando hasta el rio, as\u00ed como el puente Giscard.<\/p>\n<p style=\"text-align: justify;\">Durante el recorrido vamos encontrando letreros informativos tanto de estas canalizaciones de agua, como del puente. (ver fotos de estos letreros en el album)<\/p>\n<p style=\"text-align: justify;\">\u00a0<\/p>\n<p style=\"text-align: justify;\"><img loading=\"lazy\" decoding=\"async\" class=\"alignnone size-full\" src=\"https:\/\/c1.staticflickr.com\/3\/2822\/33283772254_5844a40283_b.jpg\" width=\"1019\" height=\"764\" \/><\/p>\n<p style=\"text-align: justify;\"><img loading=\"lazy\" decoding=\"async\" class=\"alignnone size-full\" src=\"https:\/\/c1.staticflickr.com\/3\/2875\/33968774342_597cfefe34_b.jpg\" width=\"1019\" height=\"764\" \/><\/p>\n<p style=\"text-align: justify;\"><img loading=\"lazy\" decoding=\"async\" class=\"alignnone size-full\" src=\"https:\/\/c1.staticflickr.com\/3\/2824\/33995875771_f0a7df9ef1_b.jpg\" width=\"1024\" height=\"576\" \/><\/p>\n<p style=\"text-align: justify;\">Cuando llegamos al nivel de la carretera N116, deberemos caminar unos metros hacia nuestra izquierda y cruzarla enfrente de un camino que hay al otro lado y que lleva al Mas de la Cassagne, aunque un poco antes de llegar a \u00e9l, bajaremos por un estrecho e inclinado sendero a nuestra izquierda, que a ratos es una escalera.<\/p>\n<p style=\"text-align: justify;\"><img loading=\"lazy\" decoding=\"async\" class=\"alignnone size-full\" src=\"https:\/\/c1.staticflickr.com\/3\/2890\/33283766754_758350e17b_b.jpg\" width=\"1024\" height=\"576\" \/><\/p>\n<p style=\"text-align: justify;\"><img loading=\"lazy\" decoding=\"async\" class=\"alignnone size-full\" src=\"https:\/\/c1.staticflickr.com\/3\/2897\/33283764784_82e0a75e37_b.jpg\" width=\"1019\" height=\"764\" \/><\/p>\n<p style=\"text-align: justify;\"><img loading=\"lazy\" decoding=\"async\" class=\"alignnone size-full\" src=\"https:\/\/c1.staticflickr.com\/4\/3946\/33283763904_69629eb36c_b.jpg\" width=\"1019\" height=\"764\" \/><\/p>\n<p style=\"text-align: justify;\"><img loading=\"lazy\" decoding=\"async\" class=\"alignnone size-full\" src=\"https:\/\/c1.staticflickr.com\/4\/3951\/33968766982_1cb76e36ca_b.jpg\" width=\"1019\" height=\"764\" \/><\/p>\n<p style=\"text-align: justify;\">\u00a0<\/p>\n<p style=\"text-align: justify;\">Despu\u00e9s de este tramo de fuerte descenso llegamos por fin al\u00a0 nivel del rio, y lo cruzamos por un puente de piedra, para continuar por el otro lado del rio.<\/p>\n<p style=\"text-align: justify;\"><img loading=\"lazy\" decoding=\"async\" class=\"alignnone size-full\" src=\"https:\/\/c1.staticflickr.com\/3\/2850\/33995861681_e08d3cee35_b.jpg\" width=\"1019\" height=\"764\" \/><\/p>\n<p style=\"text-align: justify;\"><img loading=\"lazy\" decoding=\"async\" class=\"alignnone size-full\" src=\"https:\/\/c1.staticflickr.com\/3\/2905\/33995862421_e0f74c9dbf_b.jpg\" width=\"1024\" height=\"576\" \/><\/p>\n<p style=\"text-align: justify;\">Una vez al otro lado, debemos seguir por nuestra izquierda, tal como nos indica un letrero que vemos all\u00ed, pero poco despu\u00e9s dejaremos este ancho camino y empezaremos a subir un poco por un sendero a nuestra derecha.<\/p>\n<p style=\"text-align: justify;\"><img loading=\"lazy\" decoding=\"async\" class=\"alignnone size-full\" src=\"https:\/\/c1.staticflickr.com\/3\/2914\/33741275530_cf8394ff31_b.jpg\" width=\"1019\" height=\"764\" \/><\/p>\n<p style=\"text-align: justify;\"><img loading=\"lazy\" decoding=\"async\" class=\"alignnone size-full\" src=\"https:\/\/c1.staticflickr.com\/3\/2896\/33995853901_e91f6beae0_b.jpg\" width=\"1019\" height=\"764\" \/><\/p>\n<p style=\"text-align: justify;\">\u00a0<\/p>\n<p style=\"text-align: justify;\">Siguiendo este camino nos vamos acercando al puente Giscard, pero esta vez por debajo el mismo, desde donde podemos ver todo el sistema de cables que lo sostienen.(ver m\u00e1s fotos en el album)<\/p>\n<p><br style=\"text-align: justify;\" \/><br \/>\n\u00a0<\/p>\n<p style=\"text-align: justify;\"><img loading=\"lazy\" decoding=\"async\" class=\"alignnone size-full\" src=\"https:\/\/c1.staticflickr.com\/4\/3953\/33314809793_91f43ccdec_b.jpg\" width=\"1024\" height=\"576\" \/><\/p>\n<p style=\"text-align: justify;\"><img loading=\"lazy\" decoding=\"async\" class=\"alignnone size-full\" src=\"https:\/\/c1.staticflickr.com\/3\/2921\/33968750892_8c9f72847d_b.jpg\" width=\"1019\" height=\"764\" \/><\/p>\n<p style=\"text-align: justify;\"><img loading=\"lazy\" decoding=\"async\" class=\"alignnone size-full\" src=\"https:\/\/c1.staticflickr.com\/3\/2869\/33314802743_1afdc4a898_b.jpg\" width=\"1019\" height=\"764\" \/><\/p>\n<p style=\"text-align: justify;\">\u00a0<\/p>\n<p style=\"text-align: justify;\">Continuando nuestro camino, encontraremos un cruce de varios senderos, pero con se\u00f1ales, por lo que no hay ning\u00fan problema en seguir el PR12, hasta llegar a una zona de \u00abzig-zags\u00bb para continuar bajando de nuevo hasta el rio.<\/p>\n<p style=\"text-align: justify;\"><img loading=\"lazy\" decoding=\"async\" class=\"alignnone size-full\" src=\"https:\/\/c1.staticflickr.com\/3\/2847\/33741259590_75381b66c5_b.jpg\" width=\"1019\" height=\"764\" \/><\/p>\n<p style=\"text-align: justify;\">\u00a0<\/p>\n<p style=\"text-align: justify;\">Pero cuando llegamos de nuevo al nivel del agua, vemos que el puente Berger para cruzar al otro lado y empezar a subir hacia Sauto, no existe, y solo queda una peque\u00f1a parte de la \u00abentrada\u00bb al mismo.<\/p>\n<p style=\"text-align: justify;\"><img loading=\"lazy\" decoding=\"async\" class=\"alignnone size-full\" src=\"https:\/\/c1.staticflickr.com\/3\/2868\/33741252390_a11cac42b3_b.jpg\" width=\"1019\" height=\"764\" \/><\/p>\n<p style=\"text-align: justify;\"><img loading=\"lazy\" decoding=\"async\" class=\"alignnone size-full\" src=\"https:\/\/c1.staticflickr.com\/3\/2902\/33968738662_87406b3c08_b.jpg\" width=\"1019\" height=\"764\" \/><\/p>\n<p style=\"text-align: justify;\">El rio baja muy crecido, por lo que es totalmente imposible cruzarlo, por lo que continuamos unos metros hacia nuestra derecha para ver si encontramos algun posible paso, pero al ver que cada vez se complica m\u00e1s el paso por la orilla porque no hay camino, y tampoco vemos ningun sitio para cruzarlo, no nos queda m\u00e1s remedio que volver a Sauto por el mismo camino.<\/p>\n<p style=\"text-align: justify;\">S\u00ed que conseguimos ver con el zoom al otro lado del rio, un letrero amarillo roto que deb\u00eda se\u00f1alar en su d\u00eda el camino.<\/p>\n<p style=\"text-align: justify;\"><img loading=\"lazy\" decoding=\"async\" class=\"alignnone size-full\" src=\"https:\/\/c1.staticflickr.com\/3\/2886\/33995836701_b195079283_b.jpg\" width=\"1019\" height=\"764\" \/><\/p>\n<hr \/>\n<p>&nbsp;<\/p>\n<h3><strong>Track de la ruta<\/strong><\/h3>\n<p>[sgpx gpx=\u00bb\/wp-content\/uploads\/gpx\/Sauto-PR12-Sinpuente.gpx\u00bb]<\/p>\n<hr \/>\n<h3><strong>Wikiloc<\/strong><\/h3>\n<p style=\"text-align: justify;\"><a href=\"https:\/\/es.wikiloc.com\/wikiloc\/view.do?id=17532796\" target=\"_blank\" rel=\"noopener noreferrer\"><img loading=\"lazy\" decoding=\"async\" class=\"size-full wp-image-958 aligncenter\" src=\"http:\/\/www.carlosyconchita.net\/rutas\/wp-content\/uploads\/2020\/09\/wikiloc.jpg\" alt=\"\" width=\"117\" height=\"34\" \/><\/a><\/p>\n<p style=\"text-align: justify;\">\u00a0<\/p>\n<hr \/>\n<p style=\"text-align: justify;\"><span style=\"color: #ff0000; background-color: #ffffff; font-size: 14pt;\"><strong>Si te ha gustado, comp\u00e1rtelo en tu red favorita,\u00a0 haz +1, o env\u00edanos tu comentario.<br \/>\n<\/strong><\/span><\/p>\n<p style=\"text-align: justify;\"><span style=\"font-size: 14pt;\"><strong><span style=\"color: #ff0000;\">Muchas gracias !<\/span><\/strong><\/span><\/p>\n<hr \/>\n<p style=\"text-align: justify;\"><strong><span style=\"color: #008000;\">Suscribete si quieres recibir un mail cuando publiquemos nuevas rutas : no enviamos publicidad y como m\u00e1ximo enviamos 2 mails al mes<\/span><\/strong><\/p>\n<p style=\"text-align: justify;\">[wysija_form id=\u00bb1&#8243;]<\/p>\n<hr \/>\n<p style=\"text-align: justify;\">\u00a0<\/p>\n<h3 style=\"text-align: justify;\">Puedes imprimir esta publicaci\u00f3n o guardarla en diferentes formatos :<\/h3>\n<p style=\"text-align: justify;\"><span style=\"color: #ff0000; font-size: 14pt;\">Para facilitar la impresi\u00f3n, se ha reducido considerablemente el tama\u00f1o de las fotos, pero si deseas imprimir sin fotos, aconsejamos guardarlo como \u201cdoc\u201d, y antes de imprimirlo, eliminar las fotos<\/span><\/p>\n<p><span style=\"color: #ff0000;\">\u00a0<\/span><\/p>\n<hr \/>\n","protected":false},"excerpt":{"rendered":"<p>Hoy haremos una caminata desde Sauto hasta llegar al rio T\u00eat al fondo del valle, pasando por debajo del puente Giscard por el que pasa el tren \u00abjaune\u00bb. Sin embargo, no la hemos podido realizar tal como estaba prevista , ya que cuando deb\u00edamos cruzar de nuevo el T\u00e8t para volver a Sauto, no lo [&hellip;]<\/p>\n","protected":false},"author":50,"featured_media":10092,"comment_status":"open","ping_status":"open","sticky":false,"template":"","format":"standard","meta":{"footnotes":""},"categories":[11,23,47],"tags":[],"class_list":{"0":"post-10091","1":"post","2":"type-post","3":"status-publish","4":"format-standard","5":"has-post-thumbnail","6":"hentry","7":"category-moderada","8":"category-de-10-a-15-km","9":"category-cerdanya-nord-sin-clasificar","11":"post-with-thumbnail","12":"post-with-thumbnail-icon"},"yoast_head":"<!-- This site is optimized with the Yoast SEO plugin v27.4 - https:\/\/yoast.com\/product\/yoast-seo-wordpress\/ -->\n<title>14-04-2017 - De Sauto al rio T\u00eat -<\/title>\n<meta name=\"robots\" content=\"index, follow, max-snippet:-1, max-image-preview:large, max-video-preview:-1\" \/>\n<link rel=\"canonical\" href=\"https:\/\/www.carlosyconchita.net\/rutas\/14-04-2017-sauto-al-rio-tet\/\" \/>\n<meta property=\"og:locale\" content=\"es_ES\" \/>\n<meta property=\"og:type\" content=\"article\" \/>\n<meta property=\"og:title\" content=\"14-04-2017 - De Sauto al rio T\u00eat -\" \/>\n<meta property=\"og:description\" content=\"Hoy haremos una caminata desde Sauto hasta llegar al rio T\u00eat al fondo del valle, pasando por debajo del puente Giscard por el que pasa el tren \u00abjaune\u00bb. Sin embargo, no la hemos podido realizar tal como estaba prevista , ya que cuando deb\u00edamos cruzar de nuevo el T\u00e8t para volver a Sauto, no lo [&hellip;]\" \/>\n<meta property=\"og:url\" content=\"https:\/\/www.carlosyconchita.net\/rutas\/14-04-2017-sauto-al-rio-tet\/\" \/>\n<meta property=\"og:site_name\" content=\"Las rutas de Carlos y Conchita\" \/>\n<meta property=\"article:published_time\" content=\"2017-04-14T19:03:32+00:00\" \/>\n<meta property=\"article:modified_time\" content=\"2020-04-18T15:37:07+00:00\" \/>\n<meta property=\"og:image\" content=\"https:\/\/www.carlosyconchita.net\/rutas\/wp-content\/uploads\/2017\/05\/Sauto-0025.jpg\" \/>\n\t<meta property=\"og:image:width\" content=\"1019\" \/>\n\t<meta property=\"og:image:height\" content=\"764\" \/>\n\t<meta property=\"og:image:type\" content=\"image\/jpeg\" \/>\n<meta name=\"author\" content=\"Carlos Conchita\" \/>\n<meta name=\"twitter:label1\" content=\"Escrito por\" \/>\n\t<meta name=\"twitter:data1\" content=\"Carlos Conchita\" \/>\n\t<meta name=\"twitter:label2\" content=\"Tiempo de lectura\" \/>\n\t<meta name=\"twitter:data2\" content=\"4 minutos\" \/>\n<script type=\"application\/ld+json\" class=\"yoast-schema-graph\">{\"@context\":\"https:\\\/\\\/schema.org\",\"@graph\":[{\"@type\":\"Article\",\"@id\":\"https:\\\/\\\/www.carlosyconchita.net\\\/rutas\\\/14-04-2017-sauto-al-rio-tet\\\/#article\",\"isPartOf\":{\"@id\":\"https:\\\/\\\/www.carlosyconchita.net\\\/rutas\\\/14-04-2017-sauto-al-rio-tet\\\/\"},\"author\":{\"name\":\"Carlos Conchita\",\"@id\":\"https:\\\/\\\/www.carlosyconchita.net\\\/rutas\\\/#\\\/schema\\\/person\\\/a9691f7258c28443fab2d3aa1479ea19\"},\"headline\":\"14-04-2017 &#8211; De Sauto al rio T\u00eat\",\"datePublished\":\"2017-04-14T19:03:32+00:00\",\"dateModified\":\"2020-04-18T15:37:07+00:00\",\"mainEntityOfPage\":{\"@id\":\"https:\\\/\\\/www.carlosyconchita.net\\\/rutas\\\/14-04-2017-sauto-al-rio-tet\\\/\"},\"wordCount\":745,\"commentCount\":0,\"image\":{\"@id\":\"https:\\\/\\\/www.carlosyconchita.net\\\/rutas\\\/14-04-2017-sauto-al-rio-tet\\\/#primaryimage\"},\"thumbnailUrl\":\"https:\\\/\\\/www.carlosyconchita.net\\\/rutas\\\/wp-content\\\/uploads\\\/2017\\\/05\\\/Sauto-0025.jpg\",\"articleSection\":[\"2-Moderada\",\"3 - De 10 a 15 km.\",\"Catalunya Nord - sin clasificar\"],\"inLanguage\":\"es\",\"potentialAction\":[{\"@type\":\"CommentAction\",\"name\":\"Comment\",\"target\":[\"https:\\\/\\\/www.carlosyconchita.net\\\/rutas\\\/14-04-2017-sauto-al-rio-tet\\\/#respond\"]}]},{\"@type\":\"WebPage\",\"@id\":\"https:\\\/\\\/www.carlosyconchita.net\\\/rutas\\\/14-04-2017-sauto-al-rio-tet\\\/\",\"url\":\"https:\\\/\\\/www.carlosyconchita.net\\\/rutas\\\/14-04-2017-sauto-al-rio-tet\\\/\",\"name\":\"14-04-2017 - De Sauto al rio T\u00eat -\",\"isPartOf\":{\"@id\":\"https:\\\/\\\/www.carlosyconchita.net\\\/rutas\\\/#website\"},\"primaryImageOfPage\":{\"@id\":\"https:\\\/\\\/www.carlosyconchita.net\\\/rutas\\\/14-04-2017-sauto-al-rio-tet\\\/#primaryimage\"},\"image\":{\"@id\":\"https:\\\/\\\/www.carlosyconchita.net\\\/rutas\\\/14-04-2017-sauto-al-rio-tet\\\/#primaryimage\"},\"thumbnailUrl\":\"https:\\\/\\\/www.carlosyconchita.net\\\/rutas\\\/wp-content\\\/uploads\\\/2017\\\/05\\\/Sauto-0025.jpg\",\"datePublished\":\"2017-04-14T19:03:32+00:00\",\"dateModified\":\"2020-04-18T15:37:07+00:00\",\"author\":{\"@id\":\"https:\\\/\\\/www.carlosyconchita.net\\\/rutas\\\/#\\\/schema\\\/person\\\/a9691f7258c28443fab2d3aa1479ea19\"},\"breadcrumb\":{\"@id\":\"https:\\\/\\\/www.carlosyconchita.net\\\/rutas\\\/14-04-2017-sauto-al-rio-tet\\\/#breadcrumb\"},\"inLanguage\":\"es\",\"potentialAction\":[{\"@type\":\"ReadAction\",\"target\":[\"https:\\\/\\\/www.carlosyconchita.net\\\/rutas\\\/14-04-2017-sauto-al-rio-tet\\\/\"]}]},{\"@type\":\"ImageObject\",\"inLanguage\":\"es\",\"@id\":\"https:\\\/\\\/www.carlosyconchita.net\\\/rutas\\\/14-04-2017-sauto-al-rio-tet\\\/#primaryimage\",\"url\":\"https:\\\/\\\/www.carlosyconchita.net\\\/rutas\\\/wp-content\\\/uploads\\\/2017\\\/05\\\/Sauto-0025.jpg\",\"contentUrl\":\"https:\\\/\\\/www.carlosyconchita.net\\\/rutas\\\/wp-content\\\/uploads\\\/2017\\\/05\\\/Sauto-0025.jpg\",\"width\":1019,\"height\":764},{\"@type\":\"BreadcrumbList\",\"@id\":\"https:\\\/\\\/www.carlosyconchita.net\\\/rutas\\\/14-04-2017-sauto-al-rio-tet\\\/#breadcrumb\",\"itemListElement\":[{\"@type\":\"ListItem\",\"position\":1,\"name\":\"Portada\",\"item\":\"https:\\\/\\\/www.carlosyconchita.net\\\/rutas\\\/\"},{\"@type\":\"ListItem\",\"position\":2,\"name\":\"14-04-2017 &#8211; De Sauto al rio T\u00eat\"}]},{\"@type\":\"WebSite\",\"@id\":\"https:\\\/\\\/www.carlosyconchita.net\\\/rutas\\\/#website\",\"url\":\"https:\\\/\\\/www.carlosyconchita.net\\\/rutas\\\/\",\"name\":\"Las rutas de Carlos y Conchita\",\"description\":\"\",\"potentialAction\":[{\"@type\":\"SearchAction\",\"target\":{\"@type\":\"EntryPoint\",\"urlTemplate\":\"https:\\\/\\\/www.carlosyconchita.net\\\/rutas\\\/?s={search_term_string}\"},\"query-input\":{\"@type\":\"PropertyValueSpecification\",\"valueRequired\":true,\"valueName\":\"search_term_string\"}}],\"inLanguage\":\"es\"},{\"@type\":\"Person\",\"@id\":\"https:\\\/\\\/www.carlosyconchita.net\\\/rutas\\\/#\\\/schema\\\/person\\\/a9691f7258c28443fab2d3aa1479ea19\",\"name\":\"Carlos Conchita\",\"image\":{\"@type\":\"ImageObject\",\"inLanguage\":\"es\",\"@id\":\"https:\\\/\\\/secure.gravatar.com\\\/avatar\\\/3a4625b20c8da3de99da69bfe7a322774e291c3f90dce7e8778a30fe6748ed1a?s=96&d=mm&r=g\",\"url\":\"https:\\\/\\\/secure.gravatar.com\\\/avatar\\\/3a4625b20c8da3de99da69bfe7a322774e291c3f90dce7e8778a30fe6748ed1a?s=96&d=mm&r=g\",\"contentUrl\":\"https:\\\/\\\/secure.gravatar.com\\\/avatar\\\/3a4625b20c8da3de99da69bfe7a322774e291c3f90dce7e8778a30fe6748ed1a?s=96&d=mm&r=g\",\"caption\":\"Carlos Conchita\"}}]}<\/script>\n<!-- \/ Yoast SEO plugin. -->","yoast_head_json":{"title":"14-04-2017 - De Sauto al rio T\u00eat -","robots":{"index":"index","follow":"follow","max-snippet":"max-snippet:-1","max-image-preview":"max-image-preview:large","max-video-preview":"max-video-preview:-1"},"canonical":"https:\/\/www.carlosyconchita.net\/rutas\/14-04-2017-sauto-al-rio-tet\/","og_locale":"es_ES","og_type":"article","og_title":"14-04-2017 - De Sauto al rio T\u00eat -","og_description":"Hoy haremos una caminata desde Sauto hasta llegar al rio T\u00eat al fondo del valle, pasando por debajo del puente Giscard por el que pasa el tren \u00abjaune\u00bb. Sin embargo, no la hemos podido realizar tal como estaba prevista , ya que cuando deb\u00edamos cruzar de nuevo el T\u00e8t para volver a Sauto, no lo [&hellip;]","og_url":"https:\/\/www.carlosyconchita.net\/rutas\/14-04-2017-sauto-al-rio-tet\/","og_site_name":"Las rutas de Carlos y Conchita","article_published_time":"2017-04-14T19:03:32+00:00","article_modified_time":"2020-04-18T15:37:07+00:00","og_image":[{"width":1019,"height":764,"url":"https:\/\/www.carlosyconchita.net\/rutas\/wp-content\/uploads\/2017\/05\/Sauto-0025.jpg","type":"image\/jpeg"}],"author":"Carlos Conchita","twitter_misc":{"Escrito por":"Carlos Conchita","Tiempo de lectura":"4 minutos"},"schema":{"@context":"https:\/\/schema.org","@graph":[{"@type":"Article","@id":"https:\/\/www.carlosyconchita.net\/rutas\/14-04-2017-sauto-al-rio-tet\/#article","isPartOf":{"@id":"https:\/\/www.carlosyconchita.net\/rutas\/14-04-2017-sauto-al-rio-tet\/"},"author":{"name":"Carlos Conchita","@id":"https:\/\/www.carlosyconchita.net\/rutas\/#\/schema\/person\/a9691f7258c28443fab2d3aa1479ea19"},"headline":"14-04-2017 &#8211; De Sauto al rio T\u00eat","datePublished":"2017-04-14T19:03:32+00:00","dateModified":"2020-04-18T15:37:07+00:00","mainEntityOfPage":{"@id":"https:\/\/www.carlosyconchita.net\/rutas\/14-04-2017-sauto-al-rio-tet\/"},"wordCount":745,"commentCount":0,"image":{"@id":"https:\/\/www.carlosyconchita.net\/rutas\/14-04-2017-sauto-al-rio-tet\/#primaryimage"},"thumbnailUrl":"https:\/\/www.carlosyconchita.net\/rutas\/wp-content\/uploads\/2017\/05\/Sauto-0025.jpg","articleSection":["2-Moderada","3 - De 10 a 15 km.","Catalunya Nord - sin clasificar"],"inLanguage":"es","potentialAction":[{"@type":"CommentAction","name":"Comment","target":["https:\/\/www.carlosyconchita.net\/rutas\/14-04-2017-sauto-al-rio-tet\/#respond"]}]},{"@type":"WebPage","@id":"https:\/\/www.carlosyconchita.net\/rutas\/14-04-2017-sauto-al-rio-tet\/","url":"https:\/\/www.carlosyconchita.net\/rutas\/14-04-2017-sauto-al-rio-tet\/","name":"14-04-2017 - De Sauto al rio T\u00eat -","isPartOf":{"@id":"https:\/\/www.carlosyconchita.net\/rutas\/#website"},"primaryImageOfPage":{"@id":"https:\/\/www.carlosyconchita.net\/rutas\/14-04-2017-sauto-al-rio-tet\/#primaryimage"},"image":{"@id":"https:\/\/www.carlosyconchita.net\/rutas\/14-04-2017-sauto-al-rio-tet\/#primaryimage"},"thumbnailUrl":"https:\/\/www.carlosyconchita.net\/rutas\/wp-content\/uploads\/2017\/05\/Sauto-0025.jpg","datePublished":"2017-04-14T19:03:32+00:00","dateModified":"2020-04-18T15:37:07+00:00","author":{"@id":"https:\/\/www.carlosyconchita.net\/rutas\/#\/schema\/person\/a9691f7258c28443fab2d3aa1479ea19"},"breadcrumb":{"@id":"https:\/\/www.carlosyconchita.net\/rutas\/14-04-2017-sauto-al-rio-tet\/#breadcrumb"},"inLanguage":"es","potentialAction":[{"@type":"ReadAction","target":["https:\/\/www.carlosyconchita.net\/rutas\/14-04-2017-sauto-al-rio-tet\/"]}]},{"@type":"ImageObject","inLanguage":"es","@id":"https:\/\/www.carlosyconchita.net\/rutas\/14-04-2017-sauto-al-rio-tet\/#primaryimage","url":"https:\/\/www.carlosyconchita.net\/rutas\/wp-content\/uploads\/2017\/05\/Sauto-0025.jpg","contentUrl":"https:\/\/www.carlosyconchita.net\/rutas\/wp-content\/uploads\/2017\/05\/Sauto-0025.jpg","width":1019,"height":764},{"@type":"BreadcrumbList","@id":"https:\/\/www.carlosyconchita.net\/rutas\/14-04-2017-sauto-al-rio-tet\/#breadcrumb","itemListElement":[{"@type":"ListItem","position":1,"name":"Portada","item":"https:\/\/www.carlosyconchita.net\/rutas\/"},{"@type":"ListItem","position":2,"name":"14-04-2017 &#8211; De Sauto al rio T\u00eat"}]},{"@type":"WebSite","@id":"https:\/\/www.carlosyconchita.net\/rutas\/#website","url":"https:\/\/www.carlosyconchita.net\/rutas\/","name":"Las rutas de Carlos y Conchita","description":"","potentialAction":[{"@type":"SearchAction","target":{"@type":"EntryPoint","urlTemplate":"https:\/\/www.carlosyconchita.net\/rutas\/?s={search_term_string}"},"query-input":{"@type":"PropertyValueSpecification","valueRequired":true,"valueName":"search_term_string"}}],"inLanguage":"es"},{"@type":"Person","@id":"https:\/\/www.carlosyconchita.net\/rutas\/#\/schema\/person\/a9691f7258c28443fab2d3aa1479ea19","name":"Carlos Conchita","image":{"@type":"ImageObject","inLanguage":"es","@id":"https:\/\/secure.gravatar.com\/avatar\/3a4625b20c8da3de99da69bfe7a322774e291c3f90dce7e8778a30fe6748ed1a?s=96&d=mm&r=g","url":"https:\/\/secure.gravatar.com\/avatar\/3a4625b20c8da3de99da69bfe7a322774e291c3f90dce7e8778a30fe6748ed1a?s=96&d=mm&r=g","contentUrl":"https:\/\/secure.gravatar.com\/avatar\/3a4625b20c8da3de99da69bfe7a322774e291c3f90dce7e8778a30fe6748ed1a?s=96&d=mm&r=g","caption":"Carlos Conchita"}}]}},"_links":{"self":[{"href":"https:\/\/www.carlosyconchita.net\/rutas\/wp-json\/wp\/v2\/posts\/10091","targetHints":{"allow":["GET"]}}],"collection":[{"href":"https:\/\/www.carlosyconchita.net\/rutas\/wp-json\/wp\/v2\/posts"}],"about":[{"href":"https:\/\/www.carlosyconchita.net\/rutas\/wp-json\/wp\/v2\/types\/post"}],"author":[{"embeddable":true,"href":"https:\/\/www.carlosyconchita.net\/rutas\/wp-json\/wp\/v2\/users\/50"}],"replies":[{"embeddable":true,"href":"https:\/\/www.carlosyconchita.net\/rutas\/wp-json\/wp\/v2\/comments?post=10091"}],"version-history":[{"count":0,"href":"https:\/\/www.carlosyconchita.net\/rutas\/wp-json\/wp\/v2\/posts\/10091\/revisions"}],"wp:featuredmedia":[{"embeddable":true,"href":"https:\/\/www.carlosyconchita.net\/rutas\/wp-json\/wp\/v2\/media\/10092"}],"wp:attachment":[{"href":"https:\/\/www.carlosyconchita.net\/rutas\/wp-json\/wp\/v2\/media?parent=10091"}],"wp:term":[{"taxonomy":"category","embeddable":true,"href":"https:\/\/www.carlosyconchita.net\/rutas\/wp-json\/wp\/v2\/categories?post=10091"},{"taxonomy":"post_tag","embeddable":true,"href":"https:\/\/www.carlosyconchita.net\/rutas\/wp-json\/wp\/v2\/tags?post=10091"}],"curies":[{"name":"wp","href":"https:\/\/api.w.org\/{rel}","templated":true}]}}