{"id":10183,"date":"2017-04-30T19:59:10","date_gmt":"2017-04-30T18:59:10","guid":{"rendered":"http:\/\/www.carlosyconchita.net\/rutas\/?p=10183"},"modified":"2020-04-16T17:19:13","modified_gmt":"2020-04-16T16:19:13","slug":"30-04-2017-refugi-la-feixa-gr11","status":"publish","type":"post","link":"https:\/\/www.carlosyconchita.net\/rutas\/30-04-2017-refugi-la-feixa-gr11\/","title":{"rendered":"30-04-2017-Refugi La Feixa &#8211; GR11"},"content":{"rendered":"<p style=\"text-align: justify;\">Hoy volvemos a la zona de Guils, para llegar hasta el refugio de La Feixa,\u00a0 donde hemos estado en varias ocasiones, pero haremos la vuelta por el GR11 que pasa por la gran explanada que hay delante del refugio.<\/p>\n<p style=\"text-align: justify;\">Hace algun tiempo que quer\u00edamos hacer este recorrido por este tramo del GR11, que realmente es muy bonito, y finalmente hoy nos hemos decidido, aunque el d\u00eda no est\u00e1 muy bueno por la niebla y llovizna.<\/p>\n<hr \/>\n<p><strong>Dificultad<\/strong> :\u00a0\u00a0\u00a0 F\u00e1cil<\/p>\n<p><strong>Distancia total<\/strong> :\u00a0\u00a0\u00a0\u00a0 8.010\u00a0 <span class=\"totlen\"><span class=\"summaryvalue\">m<\/span><\/span><\/p>\n<p><strong>Alturas m\u00ednima \/ m\u00e1xima<\/strong> :\u00a0\u00a0\u00a0\u00a0 1.900\u00a0 m. \u00a0 \/\u00a0\u00a0 2.179 m.<\/p>\n<p><strong>Desnivel acumulado (s\/Wikiloc)<\/strong>\u00a0 :\u00a0 \u00a0\u00a0 297 m.<\/p>\n<p><strong>Tiempo total \/ en movimiento<\/strong> :\u00a0\u00a0\u00a0\u00a0\u00a0\u00a0\u00a0 2\u201952 h. \u2013\u00a0 1\u201958\u00a0 h.<\/p>\n<p><strong>Velocidad media total \/ velocidad media movimiento<\/strong> :\u00a0\u00a0 2\u201977 km\/h \u2013\u00a0 4\u201900\u00a0 km\/h<\/p>\n<p style=\"text-align: justify;\">\u00a0<\/p>\n<hr \/>\n<h3 style=\"text-align: justify;\"><strong>Album de fotos<\/strong><\/h3>\n<p style=\"text-align: justify;\"><a href=\"https:\/\/photos.app.goo.gl\/ZnYrEyMvXMnV8w869\" target=\"_blank\" rel=\"noopener noreferrer\"><img loading=\"lazy\" decoding=\"async\" class=\"aligncenter wp-image-10184 size-column4-4\/5\" src=\"http:\/\/www.carlosyconchita.net\/rutas\/wp-content\/uploads\/2017\/05\/DSC03558-240x192.jpg\" alt=\"\" width=\"240\" height=\"192\" srcset=\"https:\/\/www.carlosyconchita.net\/rutas\/wp-content\/uploads\/2017\/05\/DSC03558-240x192.jpg 240w, https:\/\/www.carlosyconchita.net\/rutas\/wp-content\/uploads\/2017\/05\/DSC03558-250x200.jpg 250w, https:\/\/www.carlosyconchita.net\/rutas\/wp-content\/uploads\/2017\/05\/DSC03558-960x768.jpg 960w, https:\/\/www.carlosyconchita.net\/rutas\/wp-content\/uploads\/2017\/05\/DSC03558-480x384.jpg 480w, https:\/\/www.carlosyconchita.net\/rutas\/wp-content\/uploads\/2017\/05\/DSC03558-320x256.jpg 320w\" sizes=\"auto, (max-width: 240px) 100vw, 240px\" \/><\/a><\/p>\n<hr \/>\n<p style=\"text-align: justify;\">Llegamos con el coche al parking de Guils-Fontanera, con un dia bastante tapado y lloviznando, y somos casi los \u00fanicos , al menos a esa hora.<\/p>\n<p style=\"text-align: justify;\"><img loading=\"lazy\" decoding=\"async\" class=\"alignnone size-full\" src=\"https:\/\/c1.staticflickr.com\/5\/4194\/34475141646_cbdd90d4f4_b.jpg\" width=\"1024\" height=\"768\" \/><\/p>\n<p style=\"text-align: justify;\">Empezamos a caminar por una pista de tierra que empieza all\u00ed mismo, y que ahora, fuera ya de la temporada de ski, es accesible con coche.<\/p>\n<p style=\"text-align: justify;\"><img loading=\"lazy\" decoding=\"async\" class=\"alignnone size-full\" src=\"https:\/\/c1.staticflickr.com\/5\/4189\/34386184221_01b4503d80_b.jpg\" width=\"1024\" height=\"768\" \/><\/p>\n<p style=\"text-align: justify;\"><img loading=\"lazy\" decoding=\"async\" class=\"alignnone size-full\" src=\"https:\/\/c1.staticflickr.com\/5\/4171\/34130887910_ee120856be_b.jpg\" width=\"1024\" height=\"768\" \/><\/p>\n<p style=\"text-align: justify;\">El camino va subiendo ligeramente, y conforme vamos avanzando encontramos todavia algunas zonas con nieve, y por supuesto tambien con barro, con bastante agua en los peque\u00f1os riachuelos que vamos viendo.<\/p>\n<p style=\"text-align: justify;\"><img loading=\"lazy\" decoding=\"async\" class=\"alignnone size-full\" src=\"https:\/\/c1.staticflickr.com\/5\/4193\/34355715892_d1a19ee2b9_b.jpg\" width=\"1024\" height=\"768\" \/><\/p>\n<p style=\"text-align: justify;\"><img loading=\"lazy\" decoding=\"async\" class=\"alignnone size-full\" src=\"https:\/\/c1.staticflickr.com\/5\/4181\/34516543035_a0e3e5fa8b_b.jpg\" width=\"1024\" height=\"768\" \/><\/p>\n<p style=\"text-align: justify;\">Pero conforme avanzando, tambi\u00e9n se va complicando el dia, ya que aumenta la niebla y empieza a lloviznar, aunque no de forma muy fuerte.<\/p>\n<p style=\"text-align: justify;\"><img loading=\"lazy\" decoding=\"async\" class=\"alignnone size-full\" src=\"https:\/\/c1.staticflickr.com\/5\/4170\/34475131726_239f86c1ec_b.jpg\" width=\"1024\" height=\"768\" \/><\/p>\n<p style=\"text-align: justify;\">\u00a0<\/p>\n<p style=\"text-align: justify;\">Y cuando llegamos al refugio, a pesar de conocerlo, casi nos lo pasamos de largo&#8230;suerte del letrero y del perro que nos vino a recibir.<\/p>\n<p style=\"text-align: justify;\"><img loading=\"lazy\" decoding=\"async\" class=\"alignnone size-full\" src=\"https:\/\/c1.staticflickr.com\/5\/4179\/33706059663_71ee296ed0_b.jpg\" width=\"1024\" height=\"768\" \/><\/p>\n<p style=\"text-align: justify;\"><img loading=\"lazy\" decoding=\"async\" class=\"alignnone size-full\" src=\"https:\/\/c1.staticflickr.com\/5\/4158\/34516538005_6d8dbef51b_b.jpg\" width=\"1024\" height=\"768\" \/><\/p>\n<p style=\"text-align: justify;\">En estos momentos hacia mucho frio, por lo que aprovechamos que el refugio estaba abierto para tomarnos algo calentito.<\/p>\n<p style=\"text-align: justify;\"><img loading=\"lazy\" decoding=\"async\" class=\"alignnone size-full\" src=\"https:\/\/c1.staticflickr.com\/5\/4173\/34475126356_8011e0fceb_b.jpg\" width=\"1024\" height=\"768\" \/><\/p>\n<p style=\"text-align: justify;\">Dudamos entre continuar o no, pero finalmente nos decidimos a continuar la ruta prevista, y afortunadamente, poco despu\u00e9s el dia se va aclarando.<\/p>\n<p style=\"text-align: justify;\">Cruzamos la pista por la que hemos llegado al refugio, y caminamos por la gran \u00abllanura\u00bb que tenemos enfrente, hasta llegar al GR11 , que seguiremos hacia nuestra izquierda, en direcci\u00f3n a la estaci\u00f3n de ski.<\/p>\n<p style=\"text-align: justify;\"><img loading=\"lazy\" decoding=\"async\" class=\"alignnone size-full\" src=\"https:\/\/c1.staticflickr.com\/5\/4172\/34386167581_3f90149bb4_b.jpg\" width=\"1024\" height=\"768\" \/><\/p>\n<p style=\"text-align: justify;\"><img loading=\"lazy\" decoding=\"async\" class=\"alignnone size-full\" src=\"https:\/\/c1.staticflickr.com\/5\/4182\/34386167031_5007aba91e_b.jpg\" width=\"1024\" height=\"768\" \/><\/p>\n<p style=\"text-align: justify;\"><img loading=\"lazy\" decoding=\"async\" class=\"alignnone size-full\" src=\"https:\/\/c1.staticflickr.com\/5\/4172\/34516530895_a91e3863b7_b.jpg\" width=\"1024\" height=\"768\" \/><\/p>\n<p style=\"text-align: justify;\">\u00a0<\/p>\n<p style=\"text-align: justify;\">Cuando el camino empieza a descender, vemos hacia nuestra derecha un peque\u00f1o mont\u00edculo que parece un \u00abmirador\u00bb sobre la zona de Alp y alrededores y la Molina\u00a0 y Masella al fondo, por lo que nos dirigimos all\u00ed.<\/p>\n<p style=\"text-align: justify;\"><img loading=\"lazy\" decoding=\"async\" class=\"alignnone size-full\" src=\"https:\/\/c1.staticflickr.com\/5\/4183\/34475115436_64f36c163b_b.jpg\" width=\"1024\" height=\"768\" \/><\/p>\n<p style=\"text-align: justify;\"><img loading=\"lazy\" decoding=\"async\" class=\"alignnone size-full\" src=\"https:\/\/c1.staticflickr.com\/5\/4166\/34475114106_a18fa3e917_b.jpg\" width=\"1024\" height=\"768\" \/><\/p>\n<p style=\"text-align: justify;\"><img loading=\"lazy\" decoding=\"async\" class=\"alignnone size-full\" src=\"https:\/\/c1.staticflickr.com\/5\/4172\/34130865950_634c39bc95_b.jpg\" width=\"1024\" height=\"768\" \/><\/p>\n<p style=\"text-align: justify;\"><img loading=\"lazy\" decoding=\"async\" class=\"alignnone size-full\" src=\"https:\/\/c1.staticflickr.com\/5\/4168\/34130864610_e8bd1d76c6_b.jpg\" width=\"1024\" height=\"768\" \/><\/p>\n<p style=\"text-align: justify;\"><img loading=\"lazy\" decoding=\"async\" class=\"alignnone size-full\" src=\"https:\/\/c1.staticflickr.com\/5\/4185\/34516523235_435096e962_b.jpg\" width=\"1024\" height=\"768\" \/><\/p>\n<p style=\"text-align: justify;\"><img loading=\"lazy\" decoding=\"async\" class=\"alignnone size-full\" src=\"https:\/\/c1.staticflickr.com\/5\/4157\/34130861610_112ac74ac4_b.jpg\" width=\"1024\" height=\"576\" \/><\/p>\n<p style=\"text-align: justify;\"><img loading=\"lazy\" decoding=\"async\" class=\"alignnone size-full\" src=\"https:\/\/c1.staticflickr.com\/5\/4162\/34130858320_37a21f45f2_b.jpg\" width=\"1024\" height=\"768\" \/><\/p>\n<p style=\"text-align: justify;\">Continuamos bajando y despu\u00e9s ya volvemos en direcci\u00f3n al GR11 que hab\u00edamos dejado anteriormente, para llegar al parking donde tenemos el coche.<\/p>\n<p style=\"text-align: justify;\"><img loading=\"lazy\" decoding=\"async\" class=\"alignnone size-full\" src=\"https:\/\/c1.staticflickr.com\/5\/4159\/34130854390_405602a8e9_b.jpg\" width=\"1024\" height=\"768\" \/><\/p>\n<p style=\"text-align: justify;\"><img loading=\"lazy\" decoding=\"async\" class=\"alignnone size-full\" src=\"https:\/\/c1.staticflickr.com\/5\/4170\/34386146451_2cfc22931d_b.jpg\" width=\"1024\" height=\"768\" \/><\/p>\n<hr \/>\n<h3><strong>Track de la ruta<\/strong><\/h3>\n<p>[sgpx gpx=\u00bb\/wp-content\/uploads\/gpx\/Guils-RefugiLaFeixa-GR11.gpx\u00bb]<\/p>\n<hr \/>\n<p>&nbsp;<\/p>\n<h3><strong>Wikiloc<\/strong><\/h3>\n<p><a href=\"https:\/\/es.wikiloc.com\/wikiloc\/view.do?id=17764415\" target=\"_blank\" rel=\"noopener noreferrer\"><img loading=\"lazy\" decoding=\"async\" class=\"size-full wp-image-958 aligncenter\" src=\"http:\/\/www.carlosyconchita.net\/rutas\/wp-content\/uploads\/2020\/09\/wikiloc.jpg\" alt=\"\" width=\"117\" height=\"34\" \/><\/a><\/p>\n<p>&nbsp;<\/p>\n<hr \/>\n<p style=\"text-align: justify;\"><span style=\"color: #ff0000; background-color: #ffffff; font-size: 14pt;\"><strong>Si te ha gustado, comp\u00e1rtelo en tu red favorita,\u00a0 haz +1, o env\u00edanos tu comentario.<br \/>\n<\/strong><\/span><\/p>\n<p style=\"text-align: justify;\"><span style=\"font-size: 14pt;\"><strong><span style=\"color: #ff0000;\">Muchas gracias !<\/span><\/strong><\/span><\/p>\n<hr \/>\n<p style=\"text-align: justify;\"><strong><span style=\"color: #008000;\">Suscribete si quieres recibir un mail cuando publiquemos nuevas rutas : no enviamos publicidad y como m\u00e1ximo enviamos 2 mails al mes<\/span><\/strong><\/p>\n<p style=\"text-align: justify;\">[wysija_form id=\u00bb1&#8243;]<\/p>\n<hr \/>\n<p style=\"text-align: justify;\">\u00a0<\/p>\n<h3 style=\"text-align: justify;\">Puedes imprimir esta publicaci\u00f3n o guardarla en diferentes formatos :<\/h3>\n<p style=\"text-align: justify;\"><span style=\"color: #ff0000; font-size: 14pt;\">Para facilitar la impresi\u00f3n, se ha reducido considerablemente el tama\u00f1o de las fotos, pero si deseas imprimir sin fotos, aconsejamos guardarlo como \u201cdoc\u201d, y antes de imprimirlo, eliminar las fotos<\/span><\/p>\n<p><span style=\"color: #ff0000;\">\u00a0<\/span><\/p>\n<hr \/>\n<p>&nbsp;<\/p>\n","protected":false},"excerpt":{"rendered":"<p>Hoy volvemos a la zona de Guils, para llegar hasta el refugio de La Feixa,\u00a0 donde hemos estado en varias ocasiones, pero haremos la vuelta por el GR11 que pasa por la gran explanada que hay delante del refugio. Hace algun tiempo que quer\u00edamos hacer este recorrido por este tramo del GR11, que realmente es [&hellip;]<\/p>\n","protected":false},"author":50,"featured_media":10184,"comment_status":"open","ping_status":"open","sticky":false,"template":"","format":"standard","meta":{"footnotes":""},"categories":[10,22,77],"tags":[],"class_list":{"0":"post-10183","1":"post","2":"type-post","3":"status-publish","4":"format-standard","5":"has-post-thumbnail","6":"hentry","7":"category-facil","8":"category-de-05-a-10-km","9":"category-guils","11":"post-with-thumbnail","12":"post-with-thumbnail-icon"},"yoast_head":"<!-- This site is optimized with the Yoast SEO plugin v27.4 - https:\/\/yoast.com\/product\/yoast-seo-wordpress\/ -->\n<title>30-04-2017-Refugi La Feixa - GR11 -<\/title>\n<meta name=\"robots\" content=\"index, follow, max-snippet:-1, max-image-preview:large, max-video-preview:-1\" \/>\n<link rel=\"canonical\" href=\"https:\/\/www.carlosyconchita.net\/rutas\/30-04-2017-refugi-la-feixa-gr11\/\" \/>\n<meta property=\"og:locale\" content=\"es_ES\" \/>\n<meta property=\"og:type\" content=\"article\" \/>\n<meta property=\"og:title\" content=\"30-04-2017-Refugi La Feixa - GR11 -\" \/>\n<meta property=\"og:description\" content=\"Hoy volvemos a la zona de Guils, para llegar hasta el refugio de La Feixa,\u00a0 donde hemos estado en varias ocasiones, pero haremos la vuelta por el GR11 que pasa por la gran explanada que hay delante del refugio. Hace algun tiempo que quer\u00edamos hacer este recorrido por este tramo del GR11, que realmente es [&hellip;]\" \/>\n<meta property=\"og:url\" content=\"https:\/\/www.carlosyconchita.net\/rutas\/30-04-2017-refugi-la-feixa-gr11\/\" \/>\n<meta property=\"og:site_name\" content=\"Las rutas de Carlos y Conchita\" \/>\n<meta property=\"article:published_time\" content=\"2017-04-30T18:59:10+00:00\" \/>\n<meta property=\"article:modified_time\" content=\"2020-04-16T16:19:13+00:00\" \/>\n<meta property=\"og:image\" content=\"https:\/\/www.carlosyconchita.net\/rutas\/wp-content\/uploads\/2017\/05\/DSC03558.jpg\" \/>\n\t<meta property=\"og:image:width\" content=\"1296\" \/>\n\t<meta property=\"og:image:height\" content=\"972\" \/>\n\t<meta property=\"og:image:type\" content=\"image\/jpeg\" \/>\n<meta name=\"author\" content=\"Carlos Conchita\" \/>\n<meta name=\"twitter:label1\" content=\"Escrito por\" \/>\n\t<meta name=\"twitter:data1\" content=\"Carlos Conchita\" \/>\n\t<meta name=\"twitter:label2\" content=\"Tiempo de lectura\" \/>\n\t<meta name=\"twitter:data2\" content=\"2 minutos\" \/>\n<script type=\"application\/ld+json\" class=\"yoast-schema-graph\">{\"@context\":\"https:\\\/\\\/schema.org\",\"@graph\":[{\"@type\":\"Article\",\"@id\":\"https:\\\/\\\/www.carlosyconchita.net\\\/rutas\\\/30-04-2017-refugi-la-feixa-gr11\\\/#article\",\"isPartOf\":{\"@id\":\"https:\\\/\\\/www.carlosyconchita.net\\\/rutas\\\/30-04-2017-refugi-la-feixa-gr11\\\/\"},\"author\":{\"name\":\"Carlos Conchita\",\"@id\":\"https:\\\/\\\/www.carlosyconchita.net\\\/rutas\\\/#\\\/schema\\\/person\\\/a9691f7258c28443fab2d3aa1479ea19\"},\"headline\":\"30-04-2017-Refugi La Feixa &#8211; GR11\",\"datePublished\":\"2017-04-30T18:59:10+00:00\",\"dateModified\":\"2020-04-16T16:19:13+00:00\",\"mainEntityOfPage\":{\"@id\":\"https:\\\/\\\/www.carlosyconchita.net\\\/rutas\\\/30-04-2017-refugi-la-feixa-gr11\\\/\"},\"wordCount\":498,\"commentCount\":0,\"image\":{\"@id\":\"https:\\\/\\\/www.carlosyconchita.net\\\/rutas\\\/30-04-2017-refugi-la-feixa-gr11\\\/#primaryimage\"},\"thumbnailUrl\":\"https:\\\/\\\/www.carlosyconchita.net\\\/rutas\\\/wp-content\\\/uploads\\\/2017\\\/05\\\/DSC03558.jpg\",\"articleSection\":[\"1-F\u00e1cil\",\"2 - De 5 a 10 km.\",\"Guils\"],\"inLanguage\":\"es\",\"potentialAction\":[{\"@type\":\"CommentAction\",\"name\":\"Comment\",\"target\":[\"https:\\\/\\\/www.carlosyconchita.net\\\/rutas\\\/30-04-2017-refugi-la-feixa-gr11\\\/#respond\"]}]},{\"@type\":\"WebPage\",\"@id\":\"https:\\\/\\\/www.carlosyconchita.net\\\/rutas\\\/30-04-2017-refugi-la-feixa-gr11\\\/\",\"url\":\"https:\\\/\\\/www.carlosyconchita.net\\\/rutas\\\/30-04-2017-refugi-la-feixa-gr11\\\/\",\"name\":\"30-04-2017-Refugi La Feixa - GR11 -\",\"isPartOf\":{\"@id\":\"https:\\\/\\\/www.carlosyconchita.net\\\/rutas\\\/#website\"},\"primaryImageOfPage\":{\"@id\":\"https:\\\/\\\/www.carlosyconchita.net\\\/rutas\\\/30-04-2017-refugi-la-feixa-gr11\\\/#primaryimage\"},\"image\":{\"@id\":\"https:\\\/\\\/www.carlosyconchita.net\\\/rutas\\\/30-04-2017-refugi-la-feixa-gr11\\\/#primaryimage\"},\"thumbnailUrl\":\"https:\\\/\\\/www.carlosyconchita.net\\\/rutas\\\/wp-content\\\/uploads\\\/2017\\\/05\\\/DSC03558.jpg\",\"datePublished\":\"2017-04-30T18:59:10+00:00\",\"dateModified\":\"2020-04-16T16:19:13+00:00\",\"author\":{\"@id\":\"https:\\\/\\\/www.carlosyconchita.net\\\/rutas\\\/#\\\/schema\\\/person\\\/a9691f7258c28443fab2d3aa1479ea19\"},\"breadcrumb\":{\"@id\":\"https:\\\/\\\/www.carlosyconchita.net\\\/rutas\\\/30-04-2017-refugi-la-feixa-gr11\\\/#breadcrumb\"},\"inLanguage\":\"es\",\"potentialAction\":[{\"@type\":\"ReadAction\",\"target\":[\"https:\\\/\\\/www.carlosyconchita.net\\\/rutas\\\/30-04-2017-refugi-la-feixa-gr11\\\/\"]}]},{\"@type\":\"ImageObject\",\"inLanguage\":\"es\",\"@id\":\"https:\\\/\\\/www.carlosyconchita.net\\\/rutas\\\/30-04-2017-refugi-la-feixa-gr11\\\/#primaryimage\",\"url\":\"https:\\\/\\\/www.carlosyconchita.net\\\/rutas\\\/wp-content\\\/uploads\\\/2017\\\/05\\\/DSC03558.jpg\",\"contentUrl\":\"https:\\\/\\\/www.carlosyconchita.net\\\/rutas\\\/wp-content\\\/uploads\\\/2017\\\/05\\\/DSC03558.jpg\",\"width\":1296,\"height\":972},{\"@type\":\"BreadcrumbList\",\"@id\":\"https:\\\/\\\/www.carlosyconchita.net\\\/rutas\\\/30-04-2017-refugi-la-feixa-gr11\\\/#breadcrumb\",\"itemListElement\":[{\"@type\":\"ListItem\",\"position\":1,\"name\":\"Portada\",\"item\":\"https:\\\/\\\/www.carlosyconchita.net\\\/rutas\\\/\"},{\"@type\":\"ListItem\",\"position\":2,\"name\":\"30-04-2017-Refugi La Feixa &#8211; GR11\"}]},{\"@type\":\"WebSite\",\"@id\":\"https:\\\/\\\/www.carlosyconchita.net\\\/rutas\\\/#website\",\"url\":\"https:\\\/\\\/www.carlosyconchita.net\\\/rutas\\\/\",\"name\":\"Las rutas de Carlos y Conchita\",\"description\":\"\",\"potentialAction\":[{\"@type\":\"SearchAction\",\"target\":{\"@type\":\"EntryPoint\",\"urlTemplate\":\"https:\\\/\\\/www.carlosyconchita.net\\\/rutas\\\/?s={search_term_string}\"},\"query-input\":{\"@type\":\"PropertyValueSpecification\",\"valueRequired\":true,\"valueName\":\"search_term_string\"}}],\"inLanguage\":\"es\"},{\"@type\":\"Person\",\"@id\":\"https:\\\/\\\/www.carlosyconchita.net\\\/rutas\\\/#\\\/schema\\\/person\\\/a9691f7258c28443fab2d3aa1479ea19\",\"name\":\"Carlos Conchita\",\"image\":{\"@type\":\"ImageObject\",\"inLanguage\":\"es\",\"@id\":\"https:\\\/\\\/secure.gravatar.com\\\/avatar\\\/3a4625b20c8da3de99da69bfe7a322774e291c3f90dce7e8778a30fe6748ed1a?s=96&d=mm&r=g\",\"url\":\"https:\\\/\\\/secure.gravatar.com\\\/avatar\\\/3a4625b20c8da3de99da69bfe7a322774e291c3f90dce7e8778a30fe6748ed1a?s=96&d=mm&r=g\",\"contentUrl\":\"https:\\\/\\\/secure.gravatar.com\\\/avatar\\\/3a4625b20c8da3de99da69bfe7a322774e291c3f90dce7e8778a30fe6748ed1a?s=96&d=mm&r=g\",\"caption\":\"Carlos Conchita\"}}]}<\/script>\n<!-- \/ Yoast SEO plugin. -->","yoast_head_json":{"title":"30-04-2017-Refugi La Feixa - GR11 -","robots":{"index":"index","follow":"follow","max-snippet":"max-snippet:-1","max-image-preview":"max-image-preview:large","max-video-preview":"max-video-preview:-1"},"canonical":"https:\/\/www.carlosyconchita.net\/rutas\/30-04-2017-refugi-la-feixa-gr11\/","og_locale":"es_ES","og_type":"article","og_title":"30-04-2017-Refugi La Feixa - GR11 -","og_description":"Hoy volvemos a la zona de Guils, para llegar hasta el refugio de La Feixa,\u00a0 donde hemos estado en varias ocasiones, pero haremos la vuelta por el GR11 que pasa por la gran explanada que hay delante del refugio. Hace algun tiempo que quer\u00edamos hacer este recorrido por este tramo del GR11, que realmente es [&hellip;]","og_url":"https:\/\/www.carlosyconchita.net\/rutas\/30-04-2017-refugi-la-feixa-gr11\/","og_site_name":"Las rutas de Carlos y Conchita","article_published_time":"2017-04-30T18:59:10+00:00","article_modified_time":"2020-04-16T16:19:13+00:00","og_image":[{"width":1296,"height":972,"url":"https:\/\/www.carlosyconchita.net\/rutas\/wp-content\/uploads\/2017\/05\/DSC03558.jpg","type":"image\/jpeg"}],"author":"Carlos Conchita","twitter_misc":{"Escrito por":"Carlos Conchita","Tiempo de lectura":"2 minutos"},"schema":{"@context":"https:\/\/schema.org","@graph":[{"@type":"Article","@id":"https:\/\/www.carlosyconchita.net\/rutas\/30-04-2017-refugi-la-feixa-gr11\/#article","isPartOf":{"@id":"https:\/\/www.carlosyconchita.net\/rutas\/30-04-2017-refugi-la-feixa-gr11\/"},"author":{"name":"Carlos Conchita","@id":"https:\/\/www.carlosyconchita.net\/rutas\/#\/schema\/person\/a9691f7258c28443fab2d3aa1479ea19"},"headline":"30-04-2017-Refugi La Feixa &#8211; GR11","datePublished":"2017-04-30T18:59:10+00:00","dateModified":"2020-04-16T16:19:13+00:00","mainEntityOfPage":{"@id":"https:\/\/www.carlosyconchita.net\/rutas\/30-04-2017-refugi-la-feixa-gr11\/"},"wordCount":498,"commentCount":0,"image":{"@id":"https:\/\/www.carlosyconchita.net\/rutas\/30-04-2017-refugi-la-feixa-gr11\/#primaryimage"},"thumbnailUrl":"https:\/\/www.carlosyconchita.net\/rutas\/wp-content\/uploads\/2017\/05\/DSC03558.jpg","articleSection":["1-F\u00e1cil","2 - De 5 a 10 km.","Guils"],"inLanguage":"es","potentialAction":[{"@type":"CommentAction","name":"Comment","target":["https:\/\/www.carlosyconchita.net\/rutas\/30-04-2017-refugi-la-feixa-gr11\/#respond"]}]},{"@type":"WebPage","@id":"https:\/\/www.carlosyconchita.net\/rutas\/30-04-2017-refugi-la-feixa-gr11\/","url":"https:\/\/www.carlosyconchita.net\/rutas\/30-04-2017-refugi-la-feixa-gr11\/","name":"30-04-2017-Refugi La Feixa - GR11 -","isPartOf":{"@id":"https:\/\/www.carlosyconchita.net\/rutas\/#website"},"primaryImageOfPage":{"@id":"https:\/\/www.carlosyconchita.net\/rutas\/30-04-2017-refugi-la-feixa-gr11\/#primaryimage"},"image":{"@id":"https:\/\/www.carlosyconchita.net\/rutas\/30-04-2017-refugi-la-feixa-gr11\/#primaryimage"},"thumbnailUrl":"https:\/\/www.carlosyconchita.net\/rutas\/wp-content\/uploads\/2017\/05\/DSC03558.jpg","datePublished":"2017-04-30T18:59:10+00:00","dateModified":"2020-04-16T16:19:13+00:00","author":{"@id":"https:\/\/www.carlosyconchita.net\/rutas\/#\/schema\/person\/a9691f7258c28443fab2d3aa1479ea19"},"breadcrumb":{"@id":"https:\/\/www.carlosyconchita.net\/rutas\/30-04-2017-refugi-la-feixa-gr11\/#breadcrumb"},"inLanguage":"es","potentialAction":[{"@type":"ReadAction","target":["https:\/\/www.carlosyconchita.net\/rutas\/30-04-2017-refugi-la-feixa-gr11\/"]}]},{"@type":"ImageObject","inLanguage":"es","@id":"https:\/\/www.carlosyconchita.net\/rutas\/30-04-2017-refugi-la-feixa-gr11\/#primaryimage","url":"https:\/\/www.carlosyconchita.net\/rutas\/wp-content\/uploads\/2017\/05\/DSC03558.jpg","contentUrl":"https:\/\/www.carlosyconchita.net\/rutas\/wp-content\/uploads\/2017\/05\/DSC03558.jpg","width":1296,"height":972},{"@type":"BreadcrumbList","@id":"https:\/\/www.carlosyconchita.net\/rutas\/30-04-2017-refugi-la-feixa-gr11\/#breadcrumb","itemListElement":[{"@type":"ListItem","position":1,"name":"Portada","item":"https:\/\/www.carlosyconchita.net\/rutas\/"},{"@type":"ListItem","position":2,"name":"30-04-2017-Refugi La Feixa &#8211; GR11"}]},{"@type":"WebSite","@id":"https:\/\/www.carlosyconchita.net\/rutas\/#website","url":"https:\/\/www.carlosyconchita.net\/rutas\/","name":"Las rutas de Carlos y Conchita","description":"","potentialAction":[{"@type":"SearchAction","target":{"@type":"EntryPoint","urlTemplate":"https:\/\/www.carlosyconchita.net\/rutas\/?s={search_term_string}"},"query-input":{"@type":"PropertyValueSpecification","valueRequired":true,"valueName":"search_term_string"}}],"inLanguage":"es"},{"@type":"Person","@id":"https:\/\/www.carlosyconchita.net\/rutas\/#\/schema\/person\/a9691f7258c28443fab2d3aa1479ea19","name":"Carlos Conchita","image":{"@type":"ImageObject","inLanguage":"es","@id":"https:\/\/secure.gravatar.com\/avatar\/3a4625b20c8da3de99da69bfe7a322774e291c3f90dce7e8778a30fe6748ed1a?s=96&d=mm&r=g","url":"https:\/\/secure.gravatar.com\/avatar\/3a4625b20c8da3de99da69bfe7a322774e291c3f90dce7e8778a30fe6748ed1a?s=96&d=mm&r=g","contentUrl":"https:\/\/secure.gravatar.com\/avatar\/3a4625b20c8da3de99da69bfe7a322774e291c3f90dce7e8778a30fe6748ed1a?s=96&d=mm&r=g","caption":"Carlos Conchita"}}]}},"_links":{"self":[{"href":"https:\/\/www.carlosyconchita.net\/rutas\/wp-json\/wp\/v2\/posts\/10183","targetHints":{"allow":["GET"]}}],"collection":[{"href":"https:\/\/www.carlosyconchita.net\/rutas\/wp-json\/wp\/v2\/posts"}],"about":[{"href":"https:\/\/www.carlosyconchita.net\/rutas\/wp-json\/wp\/v2\/types\/post"}],"author":[{"embeddable":true,"href":"https:\/\/www.carlosyconchita.net\/rutas\/wp-json\/wp\/v2\/users\/50"}],"replies":[{"embeddable":true,"href":"https:\/\/www.carlosyconchita.net\/rutas\/wp-json\/wp\/v2\/comments?post=10183"}],"version-history":[{"count":0,"href":"https:\/\/www.carlosyconchita.net\/rutas\/wp-json\/wp\/v2\/posts\/10183\/revisions"}],"wp:featuredmedia":[{"embeddable":true,"href":"https:\/\/www.carlosyconchita.net\/rutas\/wp-json\/wp\/v2\/media\/10184"}],"wp:attachment":[{"href":"https:\/\/www.carlosyconchita.net\/rutas\/wp-json\/wp\/v2\/media?parent=10183"}],"wp:term":[{"taxonomy":"category","embeddable":true,"href":"https:\/\/www.carlosyconchita.net\/rutas\/wp-json\/wp\/v2\/categories?post=10183"},{"taxonomy":"post_tag","embeddable":true,"href":"https:\/\/www.carlosyconchita.net\/rutas\/wp-json\/wp\/v2\/tags?post=10183"}],"curies":[{"name":"wp","href":"https:\/\/api.w.org\/{rel}","templated":true}]}}