{"id":10321,"date":"2017-06-10T21:52:47","date_gmt":"2017-06-10T20:52:47","guid":{"rendered":"http:\/\/www.carlosyconchita.net\/rutas\/?p=10321"},"modified":"2021-03-03T17:30:33","modified_gmt":"2021-03-03T16:30:33","slug":"10-06-2017-pic-del-pineto","status":"publish","type":"post","link":"https:\/\/www.carlosyconchita.net\/rutas\/10-06-2017-pic-del-pineto\/","title":{"rendered":"10-06-2017 &#8211; Pic del Pinet\u00f3"},"content":{"rendered":"<p style=\"text-align: justify;\">Para llegar al punto de inicio de la excursi\u00f3n de hoy al Pic del Pinet\u00f3, desde Espot cogeremos la carretera que va a Jou y Son,\u00a0 y poco despu\u00e9s de Jou, veremos un camino de tierra\u00a0 a nuestra izquierda, que nos llevar\u00e1 a una peque\u00f1a zona de parking , muy cerca del refugio de la Plana de Font.<\/p>\n<hr \/>\n<h3><strong>Album de fotos<\/strong><\/h3>\n<p><a href=\"https:\/\/photos.app.goo.gl\/EMYeeETBPtofAgya8\" target=\"_blank\" rel=\"noopener noreferrer\"><img loading=\"lazy\" decoding=\"async\" class=\"aligncenter wp-image-10322 size-column4-4\/5\" src=\"http:\/\/www.carlosyconchita.net\/rutas\/wp-content\/uploads\/2017\/07\/DSC04305-240x192.jpg\" alt=\"\" width=\"240\" height=\"192\" srcset=\"https:\/\/www.carlosyconchita.net\/rutas\/wp-content\/uploads\/2017\/07\/DSC04305-240x192.jpg 240w, https:\/\/www.carlosyconchita.net\/rutas\/wp-content\/uploads\/2017\/07\/DSC04305-250x200.jpg 250w, https:\/\/www.carlosyconchita.net\/rutas\/wp-content\/uploads\/2017\/07\/DSC04305-480x384.jpg 480w, https:\/\/www.carlosyconchita.net\/rutas\/wp-content\/uploads\/2017\/07\/DSC04305-320x256.jpg 320w\" sizes=\"auto, (max-width: 240px) 100vw, 240px\" \/><\/a><\/p>\n<hr \/>\n<p><strong>Dificultad<\/strong> :\u00a0\u00a0\u00a0 Moderada<\/p>\n<p><strong>Distancia total<\/strong> :\u00a0\u00a0\u00a0\u00a0 8.822<span class=\"totlen\"><span class=\"summaryvalue\"> m.<\/span><\/span><\/p>\n<p><strong>Alturas m\u00ednima \/ m\u00e1xima<\/strong> :\u00a0\u00a0\u00a0\u00a0 1.979 m \u2013 2.631 m<\/p>\n<p><strong>Desnivel acumulado (s\/Wikiloc)<\/strong>\u00a0 :\u00a0 \u00a0 674 m.<\/p>\n<p><strong>Tiempo total \/ en movimiento<\/strong> :\u00a0\u00a0\u00a0\u00a0\u00a0\u00a0\u00a0 5\u201939 h. \u2013\u00a0 2\u201947\u00a0 h.<\/p>\n<p><strong>Vel. media total \/ vel.media movimiento<\/strong> :\u00a0\u00a0 1\u201952 km\/h \u2013\u00a0 3\u201908\u00a0 km\/h<\/p>\n<hr \/>\n<p style=\"text-align: justify;\">Dejamos el coche en la zona de parking al final del camino y nos dirigimos al refugio por un camino f\u00e1cil y plano.<\/p>\n<p><img loading=\"lazy\" decoding=\"async\" class=\"alignnone size-full\" src=\"https:\/\/farm5.staticflickr.com\/4233\/35163475072_d8b3be2a8f_b.jpg\" width=\"1019\" height=\"764\" \/><\/p>\n<p>&nbsp;<\/p>\n<p>Poco despu\u00e9s llegamos al refugio, desde donde vemos detr\u00e1s del mismo la monta\u00f1a donde tenemos que ir.<\/p>\n<p><img loading=\"lazy\" decoding=\"async\" class=\"alignnone size-full\" src=\"https:\/\/farm5.staticflickr.com\/4268\/34942888570_f70e0e936e_b.jpg\" width=\"1024\" height=\"576\" \/><\/p>\n<p>&nbsp;<\/p>\n<p>All\u00ed vemos unos letreros indicadores, entre ellos el del Pinet\u00f3, y ya empezamos a subir por una gran zona de pasto en direcci\u00f3n a un bosque que vemos m\u00e1s arriba.<\/p>\n<p><img loading=\"lazy\" decoding=\"async\" class=\"alignnone size-full\" src=\"https:\/\/farm5.staticflickr.com\/4274\/34942885770_ea5c056685_b.jpg\" width=\"1024\" height=\"576\" \/><\/p>\n<p><img loading=\"lazy\" decoding=\"async\" class=\"alignnone size-full\" src=\"https:\/\/farm5.staticflickr.com\/4224\/34520233613_43b38f9bc0_b.jpg\" width=\"1024\" height=\"576\" \/><\/p>\n<p>&nbsp;<\/p>\n<p>Una vez hayamos pasado este bosque , llegamos a una zona m\u00e1s despejada,\u00a0 una especie de mirador desde donde vemos ya la zona del Pinet\u00f3 mirando arriba , y tambi\u00e9n Espot si miramos hacia abajo.<\/p>\n<p><img loading=\"lazy\" decoding=\"async\" class=\"alignnone size-full\" src=\"https:\/\/farm5.staticflickr.com\/4218\/34942882050_912a362c14_b.jpg\" width=\"1024\" height=\"576\" \/><\/p>\n<p><img loading=\"lazy\" decoding=\"async\" class=\"alignnone size-full\" src=\"https:\/\/farm5.staticflickr.com\/4201\/34520229633_8ebaa8d862_b.jpg\" width=\"1024\" height=\"576\" \/><\/p>\n<p>Con el zoom podemos ver perfectamente el pueblo de Espot.<\/p>\n<p><img loading=\"lazy\" decoding=\"async\" class=\"alignnone size-full\" src=\"https:\/\/farm5.staticflickr.com\/4289\/34942880860_65a618e2ba_b.jpg\" width=\"1024\" height=\"576\" \/><\/p>\n<p>&nbsp;<\/p>\n<p>Ahora nos toca empezar a subir m\u00e1s en serio, ya que el camino que nos queda, aunque no lo parece, tiene una considerable pendiente hasta llegar arriba.<\/p>\n<p><img loading=\"lazy\" decoding=\"async\" class=\"alignnone size-full\" src=\"https:\/\/farm5.staticflickr.com\/4230\/35290472716_8f7e64dd17_b.jpg\" width=\"1024\" height=\"576\" \/><\/p>\n<p><img loading=\"lazy\" decoding=\"async\" class=\"alignnone size-full\" src=\"https:\/\/farm5.staticflickr.com\/4288\/34520222323_988bc5a3b4_b.jpg\" width=\"1024\" height=\"576\" \/><\/p>\n<p>&nbsp;<\/p>\n<p><img loading=\"lazy\" decoding=\"async\" class=\"alignnone size-full\" src=\"https:\/\/farm5.staticflickr.com\/4265\/34942871190_b1043dc7ec_b.jpg\" width=\"1024\" height=\"576\" \/><\/p>\n<p>&nbsp;<\/p>\n<p>Conforme subimos, a nuestra izquierda podemos ver los numerosos picos que nos rodean, y en especial el de los Enamorats.<\/p>\n<p><img loading=\"lazy\" decoding=\"async\" class=\"alignnone size-full\" src=\"https:\/\/farm5.staticflickr.com\/4262\/35330469285_d4f8e3d522_b.jpg\" width=\"1024\" height=\"576\" \/><\/p>\n<p><img loading=\"lazy\" decoding=\"async\" class=\"alignnone size-full\" src=\"https:\/\/farm5.staticflickr.com\/4249\/35200564601_a2e89e23ba_b.jpg\" width=\"1024\" height=\"576\" \/><\/p>\n<p style=\"text-align: justify;\">El camino discurre en su mayor parte entre el verde de la monta\u00f1a, pero en el ultimo tramo encontramos una zona de piedras, que nos llevar\u00e1 finalmente a la parte m\u00e1s alta, en donde cuesta saber cual es realmente el pico, ya que hay varios \u00abmont\u00edculos\u00bb a los que vamos subiendo, y no conseguimos apreciar exactamente el Pico de los Mil Potros y el Pinet\u00f3.<\/p>\n<p>A nuestra izquierda continuamos teniendo unas bonitas vistas&#8230;<\/p>\n<p><img loading=\"lazy\" decoding=\"async\" class=\"alignnone size-full\" src=\"https:\/\/farm5.staticflickr.com\/4277\/35163460532_0364f1475b_b.jpg\" width=\"1019\" height=\"764\" \/><\/p>\n<p><img loading=\"lazy\" decoding=\"async\" class=\"alignnone size-full\" src=\"https:\/\/farm5.staticflickr.com\/4263\/35200554771_554c4a8057_b.jpg\" width=\"1019\" height=\"764\" \/><\/p>\n<p><img loading=\"lazy\" decoding=\"async\" class=\"alignnone size-full\" src=\"https:\/\/farm5.staticflickr.com\/4202\/35163457892_854ef31404_b.jpg\" width=\"1024\" height=\"576\" \/><\/p>\n<p><img loading=\"lazy\" decoding=\"async\" class=\"alignnone size-full\" src=\"https:\/\/farm5.staticflickr.com\/4262\/34520209363_681d7591ae_b.jpg\" width=\"1019\" height=\"764\" \/><\/p>\n<p><img loading=\"lazy\" decoding=\"async\" class=\"alignnone size-full\" src=\"https:\/\/farm5.staticflickr.com\/4229\/35200543541_feedcba917_b.jpg\" width=\"1024\" height=\"576\" \/><\/p>\n<p>&nbsp;<\/p>\n<p>Con el zoom podemos ver a varios excursionistas subiendo y casi escalando.<\/p>\n<p>En la primera foto vemos un puntito casi arriba del todo&#8230;(en la peque\u00f1a nube que se v\u00e9 en el centro detras de la monta\u00f1a)&#8230;<\/p>\n<p><img loading=\"lazy\" decoding=\"async\" class=\"alignnone size-full\" src=\"https:\/\/farm5.staticflickr.com\/4210\/34520206533_628129a352_b.jpg\" width=\"1024\" height=\"576\" \/><\/p>\n<p>Y con el zoom &#8230;<\/p>\n<p><img loading=\"lazy\" decoding=\"async\" class=\"alignnone size-full\" src=\"https:\/\/farm5.staticflickr.com\/4245\/35200544891_dd357fccef_b.jpg\" width=\"1024\" height=\"576\" \/><\/p>\n<p>\nAlgunas vistas desde la cima :<\/p>\n<p><img loading=\"lazy\" decoding=\"async\" class=\"alignnone size-full\" src=\"https:\/\/farm5.staticflickr.com\/4268\/34942851960_d997f10975_b.jpg\" width=\"1024\" height=\"576\" \/><\/p>\n<p><img loading=\"lazy\" decoding=\"async\" class=\"alignnone size-full\" src=\"https:\/\/farm5.staticflickr.com\/4209\/34942851400_80cfd13625_b.jpg\" width=\"1024\" height=\"576\" \/><\/p>\n<p><img loading=\"lazy\" decoding=\"async\" class=\"alignnone size-full\" src=\"https:\/\/farm5.staticflickr.com\/4256\/35200540941_d85eaa8568_b.jpg\" width=\"1024\" height=\"576\" \/><\/p>\n<p style=\"text-align: justify;\">Despu\u00e9s de comer algo admirando el paisaje, empezamos a bajar mas o menos por el mismo camino de la subida, pero nos dirigiremos a un peque\u00f1o mont\u00edculo, del que no hemos averiguado el nombre que tenemos enfrente nuestro cuando bajamos.<\/p>\n<p><img loading=\"lazy\" decoding=\"async\" class=\"alignnone size-full\" src=\"https:\/\/farm5.staticflickr.com\/4229\/35330462625_c7dc834f45_b.jpg\" width=\"1024\" height=\"576\" \/><\/p>\n<p><img loading=\"lazy\" decoding=\"async\" class=\"alignnone size-full\" src=\"https:\/\/farm5.staticflickr.com\/4272\/34486819564_2ff2c5f5f8_b.jpg\" width=\"1024\" height=\"576\" \/><\/p>\n<p>\nEl resto del camino de bajada es el mismo de la subida, es decir, el tramo de bosque, y despues la zona de pasto con el refugio abajo.<\/p>\n<p><img loading=\"lazy\" decoding=\"async\" class=\"alignnone size-full\" src=\"https:\/\/farm5.staticflickr.com\/4281\/35330460775_db4d417dcf_b.jpg\" width=\"1024\" height=\"576\" \/><\/p>\n<p><img loading=\"lazy\" decoding=\"async\" class=\"alignnone size-full\" src=\"https:\/\/farm5.staticflickr.com\/4205\/34486815064_86e0d0f131_b.jpg\" width=\"1024\" height=\"576\" \/><\/p>\n<p><img loading=\"lazy\" decoding=\"async\" class=\"alignnone size-full\" src=\"https:\/\/farm5.staticflickr.com\/4253\/35163437092_2d3e3ffaaa_b.jpg\" width=\"1024\" height=\"576\" \/><\/p>\n<p><img loading=\"lazy\" decoding=\"async\" class=\"alignnone size-full\" src=\"https:\/\/farm5.staticflickr.com\/4212\/35330457615_cb9bbdc25f_b.jpg\" width=\"1024\" height=\"576\" \/><\/p>\n<p><img loading=\"lazy\" decoding=\"async\" class=\"alignnone size-full\" src=\"https:\/\/farm5.staticflickr.com\/4224\/35330455435_d69b1cccc1_b.jpg\" width=\"1024\" height=\"576\" \/><\/p>\n<hr \/>\n<p>&nbsp;<\/p>\n<h3><strong>Track de la ruta<\/strong><\/h3>\n<p>[sgpx gpx=\u00bb\/wp-content\/uploads\/gpx\/Pic de Pineto.gpx\u00bb]<\/p>\n<hr \/>\n<p>&nbsp;<\/p>\n<h3><strong>Wikiloc<\/strong><\/h3>\n<p><a href=\"https:\/\/es.wikiloc.com\/wikiloc\/view.do?id=18163123\" target=\"_blank\" rel=\"noopener noreferrer\"><img loading=\"lazy\" decoding=\"async\" class=\"size-full wp-image-958 aligncenter\" src=\"http:\/\/www.carlosyconchita.net\/rutas\/wp-content\/uploads\/2020\/09\/wikiloc.jpg\" alt=\"\" width=\"117\" height=\"34\" \/><\/a><\/p>\n<hr \/>\n<p>&nbsp;<\/p>\n<p><strong>Si te ha gustado, comp\u00e1rtelo en tu red favorita,\u00a0 haz +1, o env\u00edanos tu comentario.<br \/>\n<\/strong><\/p>\n<p><strong>Muchas gracias !<\/strong><\/p>\n<hr \/>\n<p><span style=\"color: #008000;\"><strong>Suscribete si quieres recibir un mail cuando publiquemos nuevas rutas : no enviamos publicidad y como m\u00e1ximo enviamos 2 mails al mes<\/strong><\/span><\/p>\n<p>[wysija_form id=\u00bb1&#8243;]<\/p>\n<hr \/>\n<p>&nbsp;<\/p>\n<h3>Puedes imprimir esta publicaci\u00f3n o guardarla en diferentes formatos :<\/h3>\n<p><span style=\"color: #ff0000;\">Para facilitar la impresi\u00f3n, se ha reducido considerablemente el tama\u00f1o de las fotos, pero si deseas imprimir sin fotos, aconsejamos guardarlo como \u201cdoc\u201d, y antes de imprimirlo, eliminar las fotos<\/span><\/p>\n<p>&nbsp;<\/p>\n","protected":false},"excerpt":{"rendered":"<p>Para llegar al punto de inicio de la excursi\u00f3n de hoy al Pic del Pinet\u00f3, desde Espot cogeremos la carretera que va a Jou y Son,\u00a0 y poco despu\u00e9s de Jou, veremos un camino de tierra\u00a0 a nuestra izquierda, que nos llevar\u00e1 a una peque\u00f1a zona de parking , muy cerca del refugio de la [&hellip;]<\/p>\n","protected":false},"author":50,"featured_media":10322,"comment_status":"open","ping_status":"open","sticky":false,"template":"","format":"standard","meta":{"footnotes":""},"categories":[106,22,11,78],"tags":[],"class_list":{"0":"post-10321","1":"post","2":"type-post","3":"status-publish","4":"format-standard","5":"has-post-thumbnail","6":"hentry","7":"category-nuestros-100-cims","8":"category-de-05-a-10-km","9":"category-moderada","10":"category-aiguestortes-sant-maurici","12":"post-with-thumbnail","13":"post-with-thumbnail-icon"},"yoast_head":"<!-- This site is optimized with the Yoast SEO plugin v27.4 - https:\/\/yoast.com\/product\/yoast-seo-wordpress\/ -->\n<title>10-06-2017 - Pic del Pinet\u00f3 -<\/title>\n<meta name=\"robots\" content=\"index, follow, max-snippet:-1, max-image-preview:large, max-video-preview:-1\" \/>\n<link rel=\"canonical\" href=\"https:\/\/www.carlosyconchita.net\/rutas\/10-06-2017-pic-del-pineto\/\" \/>\n<meta property=\"og:locale\" content=\"es_ES\" \/>\n<meta property=\"og:type\" content=\"article\" \/>\n<meta property=\"og:title\" content=\"10-06-2017 - Pic del Pinet\u00f3 -\" \/>\n<meta property=\"og:description\" content=\"Para llegar al punto de inicio de la excursi\u00f3n de hoy al Pic del Pinet\u00f3, desde Espot cogeremos la carretera que va a Jou y Son,\u00a0 y poco despu\u00e9s de Jou, veremos un camino de tierra\u00a0 a nuestra izquierda, que nos llevar\u00e1 a una peque\u00f1a zona de parking , muy cerca del refugio de la [&hellip;]\" \/>\n<meta property=\"og:url\" content=\"https:\/\/www.carlosyconchita.net\/rutas\/10-06-2017-pic-del-pineto\/\" \/>\n<meta property=\"og:site_name\" content=\"Las rutas de Carlos y Conchita\" \/>\n<meta property=\"article:published_time\" content=\"2017-06-10T20:52:47+00:00\" \/>\n<meta property=\"article:modified_time\" content=\"2021-03-03T16:30:33+00:00\" \/>\n<meta property=\"og:image\" content=\"https:\/\/www.carlosyconchita.net\/rutas\/wp-content\/uploads\/2017\/07\/DSC04305.jpg\" \/>\n\t<meta property=\"og:image:width\" content=\"1024\" \/>\n\t<meta property=\"og:image:height\" content=\"576\" \/>\n\t<meta property=\"og:image:type\" content=\"image\/jpeg\" \/>\n<meta name=\"author\" content=\"Carlos Conchita\" \/>\n<meta name=\"twitter:label1\" content=\"Escrito por\" \/>\n\t<meta name=\"twitter:data1\" content=\"Carlos Conchita\" \/>\n\t<meta name=\"twitter:label2\" content=\"Tiempo de lectura\" \/>\n\t<meta name=\"twitter:data2\" content=\"3 minutos\" \/>\n<script type=\"application\/ld+json\" class=\"yoast-schema-graph\">{\"@context\":\"https:\\\/\\\/schema.org\",\"@graph\":[{\"@type\":\"Article\",\"@id\":\"https:\\\/\\\/www.carlosyconchita.net\\\/rutas\\\/10-06-2017-pic-del-pineto\\\/#article\",\"isPartOf\":{\"@id\":\"https:\\\/\\\/www.carlosyconchita.net\\\/rutas\\\/10-06-2017-pic-del-pineto\\\/\"},\"author\":{\"name\":\"Carlos Conchita\",\"@id\":\"https:\\\/\\\/www.carlosyconchita.net\\\/rutas\\\/#\\\/schema\\\/person\\\/a9691f7258c28443fab2d3aa1479ea19\"},\"headline\":\"10-06-2017 &#8211; Pic del Pinet\u00f3\",\"datePublished\":\"2017-06-10T20:52:47+00:00\",\"dateModified\":\"2021-03-03T16:30:33+00:00\",\"mainEntityOfPage\":{\"@id\":\"https:\\\/\\\/www.carlosyconchita.net\\\/rutas\\\/10-06-2017-pic-del-pineto\\\/\"},\"wordCount\":576,\"commentCount\":2,\"image\":{\"@id\":\"https:\\\/\\\/www.carlosyconchita.net\\\/rutas\\\/10-06-2017-pic-del-pineto\\\/#primaryimage\"},\"thumbnailUrl\":\"https:\\\/\\\/www.carlosyconchita.net\\\/rutas\\\/wp-content\\\/uploads\\\/2017\\\/07\\\/DSC04305.jpg\",\"articleSection\":[\"100 Cims Carlos y Conchita\",\"2 - De 5 a 10 km.\",\"2-Moderada\",\"Aiguestortes-Sant Maurici\"],\"inLanguage\":\"es\",\"potentialAction\":[{\"@type\":\"CommentAction\",\"name\":\"Comment\",\"target\":[\"https:\\\/\\\/www.carlosyconchita.net\\\/rutas\\\/10-06-2017-pic-del-pineto\\\/#respond\"]}]},{\"@type\":\"WebPage\",\"@id\":\"https:\\\/\\\/www.carlosyconchita.net\\\/rutas\\\/10-06-2017-pic-del-pineto\\\/\",\"url\":\"https:\\\/\\\/www.carlosyconchita.net\\\/rutas\\\/10-06-2017-pic-del-pineto\\\/\",\"name\":\"10-06-2017 - Pic del Pinet\u00f3 -\",\"isPartOf\":{\"@id\":\"https:\\\/\\\/www.carlosyconchita.net\\\/rutas\\\/#website\"},\"primaryImageOfPage\":{\"@id\":\"https:\\\/\\\/www.carlosyconchita.net\\\/rutas\\\/10-06-2017-pic-del-pineto\\\/#primaryimage\"},\"image\":{\"@id\":\"https:\\\/\\\/www.carlosyconchita.net\\\/rutas\\\/10-06-2017-pic-del-pineto\\\/#primaryimage\"},\"thumbnailUrl\":\"https:\\\/\\\/www.carlosyconchita.net\\\/rutas\\\/wp-content\\\/uploads\\\/2017\\\/07\\\/DSC04305.jpg\",\"datePublished\":\"2017-06-10T20:52:47+00:00\",\"dateModified\":\"2021-03-03T16:30:33+00:00\",\"author\":{\"@id\":\"https:\\\/\\\/www.carlosyconchita.net\\\/rutas\\\/#\\\/schema\\\/person\\\/a9691f7258c28443fab2d3aa1479ea19\"},\"breadcrumb\":{\"@id\":\"https:\\\/\\\/www.carlosyconchita.net\\\/rutas\\\/10-06-2017-pic-del-pineto\\\/#breadcrumb\"},\"inLanguage\":\"es\",\"potentialAction\":[{\"@type\":\"ReadAction\",\"target\":[\"https:\\\/\\\/www.carlosyconchita.net\\\/rutas\\\/10-06-2017-pic-del-pineto\\\/\"]}]},{\"@type\":\"ImageObject\",\"inLanguage\":\"es\",\"@id\":\"https:\\\/\\\/www.carlosyconchita.net\\\/rutas\\\/10-06-2017-pic-del-pineto\\\/#primaryimage\",\"url\":\"https:\\\/\\\/www.carlosyconchita.net\\\/rutas\\\/wp-content\\\/uploads\\\/2017\\\/07\\\/DSC04305.jpg\",\"contentUrl\":\"https:\\\/\\\/www.carlosyconchita.net\\\/rutas\\\/wp-content\\\/uploads\\\/2017\\\/07\\\/DSC04305.jpg\",\"width\":1024,\"height\":576},{\"@type\":\"BreadcrumbList\",\"@id\":\"https:\\\/\\\/www.carlosyconchita.net\\\/rutas\\\/10-06-2017-pic-del-pineto\\\/#breadcrumb\",\"itemListElement\":[{\"@type\":\"ListItem\",\"position\":1,\"name\":\"Portada\",\"item\":\"https:\\\/\\\/www.carlosyconchita.net\\\/rutas\\\/\"},{\"@type\":\"ListItem\",\"position\":2,\"name\":\"10-06-2017 &#8211; Pic del Pinet\u00f3\"}]},{\"@type\":\"WebSite\",\"@id\":\"https:\\\/\\\/www.carlosyconchita.net\\\/rutas\\\/#website\",\"url\":\"https:\\\/\\\/www.carlosyconchita.net\\\/rutas\\\/\",\"name\":\"Las rutas de Carlos y Conchita\",\"description\":\"\",\"potentialAction\":[{\"@type\":\"SearchAction\",\"target\":{\"@type\":\"EntryPoint\",\"urlTemplate\":\"https:\\\/\\\/www.carlosyconchita.net\\\/rutas\\\/?s={search_term_string}\"},\"query-input\":{\"@type\":\"PropertyValueSpecification\",\"valueRequired\":true,\"valueName\":\"search_term_string\"}}],\"inLanguage\":\"es\"},{\"@type\":\"Person\",\"@id\":\"https:\\\/\\\/www.carlosyconchita.net\\\/rutas\\\/#\\\/schema\\\/person\\\/a9691f7258c28443fab2d3aa1479ea19\",\"name\":\"Carlos Conchita\",\"image\":{\"@type\":\"ImageObject\",\"inLanguage\":\"es\",\"@id\":\"https:\\\/\\\/secure.gravatar.com\\\/avatar\\\/3a4625b20c8da3de99da69bfe7a322774e291c3f90dce7e8778a30fe6748ed1a?s=96&d=mm&r=g\",\"url\":\"https:\\\/\\\/secure.gravatar.com\\\/avatar\\\/3a4625b20c8da3de99da69bfe7a322774e291c3f90dce7e8778a30fe6748ed1a?s=96&d=mm&r=g\",\"contentUrl\":\"https:\\\/\\\/secure.gravatar.com\\\/avatar\\\/3a4625b20c8da3de99da69bfe7a322774e291c3f90dce7e8778a30fe6748ed1a?s=96&d=mm&r=g\",\"caption\":\"Carlos Conchita\"}}]}<\/script>\n<!-- \/ Yoast SEO plugin. -->","yoast_head_json":{"title":"10-06-2017 - Pic del Pinet\u00f3 -","robots":{"index":"index","follow":"follow","max-snippet":"max-snippet:-1","max-image-preview":"max-image-preview:large","max-video-preview":"max-video-preview:-1"},"canonical":"https:\/\/www.carlosyconchita.net\/rutas\/10-06-2017-pic-del-pineto\/","og_locale":"es_ES","og_type":"article","og_title":"10-06-2017 - Pic del Pinet\u00f3 -","og_description":"Para llegar al punto de inicio de la excursi\u00f3n de hoy al Pic del Pinet\u00f3, desde Espot cogeremos la carretera que va a Jou y Son,\u00a0 y poco despu\u00e9s de Jou, veremos un camino de tierra\u00a0 a nuestra izquierda, que nos llevar\u00e1 a una peque\u00f1a zona de parking , muy cerca del refugio de la [&hellip;]","og_url":"https:\/\/www.carlosyconchita.net\/rutas\/10-06-2017-pic-del-pineto\/","og_site_name":"Las rutas de Carlos y Conchita","article_published_time":"2017-06-10T20:52:47+00:00","article_modified_time":"2021-03-03T16:30:33+00:00","og_image":[{"width":1024,"height":576,"url":"https:\/\/www.carlosyconchita.net\/rutas\/wp-content\/uploads\/2017\/07\/DSC04305.jpg","type":"image\/jpeg"}],"author":"Carlos Conchita","twitter_misc":{"Escrito por":"Carlos Conchita","Tiempo de lectura":"3 minutos"},"schema":{"@context":"https:\/\/schema.org","@graph":[{"@type":"Article","@id":"https:\/\/www.carlosyconchita.net\/rutas\/10-06-2017-pic-del-pineto\/#article","isPartOf":{"@id":"https:\/\/www.carlosyconchita.net\/rutas\/10-06-2017-pic-del-pineto\/"},"author":{"name":"Carlos Conchita","@id":"https:\/\/www.carlosyconchita.net\/rutas\/#\/schema\/person\/a9691f7258c28443fab2d3aa1479ea19"},"headline":"10-06-2017 &#8211; Pic del Pinet\u00f3","datePublished":"2017-06-10T20:52:47+00:00","dateModified":"2021-03-03T16:30:33+00:00","mainEntityOfPage":{"@id":"https:\/\/www.carlosyconchita.net\/rutas\/10-06-2017-pic-del-pineto\/"},"wordCount":576,"commentCount":2,"image":{"@id":"https:\/\/www.carlosyconchita.net\/rutas\/10-06-2017-pic-del-pineto\/#primaryimage"},"thumbnailUrl":"https:\/\/www.carlosyconchita.net\/rutas\/wp-content\/uploads\/2017\/07\/DSC04305.jpg","articleSection":["100 Cims Carlos y Conchita","2 - De 5 a 10 km.","2-Moderada","Aiguestortes-Sant Maurici"],"inLanguage":"es","potentialAction":[{"@type":"CommentAction","name":"Comment","target":["https:\/\/www.carlosyconchita.net\/rutas\/10-06-2017-pic-del-pineto\/#respond"]}]},{"@type":"WebPage","@id":"https:\/\/www.carlosyconchita.net\/rutas\/10-06-2017-pic-del-pineto\/","url":"https:\/\/www.carlosyconchita.net\/rutas\/10-06-2017-pic-del-pineto\/","name":"10-06-2017 - Pic del Pinet\u00f3 -","isPartOf":{"@id":"https:\/\/www.carlosyconchita.net\/rutas\/#website"},"primaryImageOfPage":{"@id":"https:\/\/www.carlosyconchita.net\/rutas\/10-06-2017-pic-del-pineto\/#primaryimage"},"image":{"@id":"https:\/\/www.carlosyconchita.net\/rutas\/10-06-2017-pic-del-pineto\/#primaryimage"},"thumbnailUrl":"https:\/\/www.carlosyconchita.net\/rutas\/wp-content\/uploads\/2017\/07\/DSC04305.jpg","datePublished":"2017-06-10T20:52:47+00:00","dateModified":"2021-03-03T16:30:33+00:00","author":{"@id":"https:\/\/www.carlosyconchita.net\/rutas\/#\/schema\/person\/a9691f7258c28443fab2d3aa1479ea19"},"breadcrumb":{"@id":"https:\/\/www.carlosyconchita.net\/rutas\/10-06-2017-pic-del-pineto\/#breadcrumb"},"inLanguage":"es","potentialAction":[{"@type":"ReadAction","target":["https:\/\/www.carlosyconchita.net\/rutas\/10-06-2017-pic-del-pineto\/"]}]},{"@type":"ImageObject","inLanguage":"es","@id":"https:\/\/www.carlosyconchita.net\/rutas\/10-06-2017-pic-del-pineto\/#primaryimage","url":"https:\/\/www.carlosyconchita.net\/rutas\/wp-content\/uploads\/2017\/07\/DSC04305.jpg","contentUrl":"https:\/\/www.carlosyconchita.net\/rutas\/wp-content\/uploads\/2017\/07\/DSC04305.jpg","width":1024,"height":576},{"@type":"BreadcrumbList","@id":"https:\/\/www.carlosyconchita.net\/rutas\/10-06-2017-pic-del-pineto\/#breadcrumb","itemListElement":[{"@type":"ListItem","position":1,"name":"Portada","item":"https:\/\/www.carlosyconchita.net\/rutas\/"},{"@type":"ListItem","position":2,"name":"10-06-2017 &#8211; Pic del Pinet\u00f3"}]},{"@type":"WebSite","@id":"https:\/\/www.carlosyconchita.net\/rutas\/#website","url":"https:\/\/www.carlosyconchita.net\/rutas\/","name":"Las rutas de Carlos y Conchita","description":"","potentialAction":[{"@type":"SearchAction","target":{"@type":"EntryPoint","urlTemplate":"https:\/\/www.carlosyconchita.net\/rutas\/?s={search_term_string}"},"query-input":{"@type":"PropertyValueSpecification","valueRequired":true,"valueName":"search_term_string"}}],"inLanguage":"es"},{"@type":"Person","@id":"https:\/\/www.carlosyconchita.net\/rutas\/#\/schema\/person\/a9691f7258c28443fab2d3aa1479ea19","name":"Carlos Conchita","image":{"@type":"ImageObject","inLanguage":"es","@id":"https:\/\/secure.gravatar.com\/avatar\/3a4625b20c8da3de99da69bfe7a322774e291c3f90dce7e8778a30fe6748ed1a?s=96&d=mm&r=g","url":"https:\/\/secure.gravatar.com\/avatar\/3a4625b20c8da3de99da69bfe7a322774e291c3f90dce7e8778a30fe6748ed1a?s=96&d=mm&r=g","contentUrl":"https:\/\/secure.gravatar.com\/avatar\/3a4625b20c8da3de99da69bfe7a322774e291c3f90dce7e8778a30fe6748ed1a?s=96&d=mm&r=g","caption":"Carlos Conchita"}}]}},"_links":{"self":[{"href":"https:\/\/www.carlosyconchita.net\/rutas\/wp-json\/wp\/v2\/posts\/10321","targetHints":{"allow":["GET"]}}],"collection":[{"href":"https:\/\/www.carlosyconchita.net\/rutas\/wp-json\/wp\/v2\/posts"}],"about":[{"href":"https:\/\/www.carlosyconchita.net\/rutas\/wp-json\/wp\/v2\/types\/post"}],"author":[{"embeddable":true,"href":"https:\/\/www.carlosyconchita.net\/rutas\/wp-json\/wp\/v2\/users\/50"}],"replies":[{"embeddable":true,"href":"https:\/\/www.carlosyconchita.net\/rutas\/wp-json\/wp\/v2\/comments?post=10321"}],"version-history":[{"count":0,"href":"https:\/\/www.carlosyconchita.net\/rutas\/wp-json\/wp\/v2\/posts\/10321\/revisions"}],"wp:featuredmedia":[{"embeddable":true,"href":"https:\/\/www.carlosyconchita.net\/rutas\/wp-json\/wp\/v2\/media\/10322"}],"wp:attachment":[{"href":"https:\/\/www.carlosyconchita.net\/rutas\/wp-json\/wp\/v2\/media?parent=10321"}],"wp:term":[{"taxonomy":"category","embeddable":true,"href":"https:\/\/www.carlosyconchita.net\/rutas\/wp-json\/wp\/v2\/categories?post=10321"},{"taxonomy":"post_tag","embeddable":true,"href":"https:\/\/www.carlosyconchita.net\/rutas\/wp-json\/wp\/v2\/tags?post=10321"}],"curies":[{"name":"wp","href":"https:\/\/api.w.org\/{rel}","templated":true}]}}