{"id":10328,"date":"2017-06-11T20:07:48","date_gmt":"2017-06-11T19:07:48","guid":{"rendered":"http:\/\/www.carlosyconchita.net\/rutas\/?p=10328"},"modified":"2020-04-14T20:43:36","modified_gmt":"2020-04-14T19:43:36","slug":"11-06-2017-circ-colomers","status":"publish","type":"post","link":"https:\/\/www.carlosyconchita.net\/rutas\/11-06-2017-circ-colomers\/","title":{"rendered":"11-06-2017 &#8211; Circ de Colomers"},"content":{"rendered":"<p style=\"text-align: justify;\">Para empezar la bonita ruta del Circo de Colomers, debemos ir a Salard\u00fa, y desde all\u00ed coger la carretera que lleva a los Banhs de Tred\u00f2s.<\/p>\n<p style=\"text-align: justify;\">Una vez all\u00ed, vemos una gran zona de parking y debemos seguir por el camino\u00a0 que lleva al Circ de Colomers, pero dependiendo de la \u00e9poca del a\u00f1o, deberemos coger uno de los \u00abtaxis\u00bb o podremos pasar con nuestro coche.<br \/>\nA partir del 15 de junio no se permite el paso de los veh\u00edculos particulares, por lo que nosotros pudimos pasar y as\u00ed no depender de nadie para la vuelta. (de todas formas, hay que hacer constar que antes del dia 15 no funcionan los taxis-4&#215;4, salvo encargo especial)<\/p>\n<hr \/>\n<p><strong>Dificultad<\/strong> :\u00a0\u00a0\u00a0 F\u00e0cil<\/p>\n<p><strong>Distancia total<\/strong> :\u00a0\u00a0\u00a0\u00a0 8.939<span class=\"totlen\"><span class=\"summaryvalue\"> m.<\/span><\/span><\/p>\n<p><strong>Alturas m\u00ednima \/ m\u00e1xima<\/strong> :\u00a0\u00a0\u00a0\u00a0 1.956 m \u2013 2.316 m<\/p>\n<p><strong>Desnivel acumulado (s\/Wikiloc)<\/strong>\u00a0 :\u00a0 \u00a0 521 m.<\/p>\n<p><strong>Tiempo total \/ en movimiento<\/strong> :\u00a0\u00a0\u00a0\u00a0\u00a0\u00a0\u00a0 5\u201954 h. \u2013\u00a0 3\u201904\u00a0 h.<\/p>\n<p><strong>Vel. media total \/ vel.media movimiento<\/strong> :\u00a0\u00a0 1\u201946 km\/h \u2013\u00a0 2\u201982\u00a0 km\/h<\/p>\n<p>&nbsp;<\/p>\n<hr \/>\n<p><a href=\"https:\/\/photos.app.goo.gl\/by2mkSyLcEhi5hhZ8\" target=\"_blank\" rel=\"noopener noreferrer\"><img loading=\"lazy\" decoding=\"async\" class=\"aligncenter wp-image-10329 size-column4-4\/5\" src=\"http:\/\/www.carlosyconchita.net\/rutas\/wp-content\/uploads\/2017\/07\/DSC04397-240x192.jpg\" alt=\"\" width=\"240\" height=\"192\" srcset=\"https:\/\/www.carlosyconchita.net\/rutas\/wp-content\/uploads\/2017\/07\/DSC04397-240x192.jpg 240w, https:\/\/www.carlosyconchita.net\/rutas\/wp-content\/uploads\/2017\/07\/DSC04397-250x200.jpg 250w, https:\/\/www.carlosyconchita.net\/rutas\/wp-content\/uploads\/2017\/07\/DSC04397-960x764.jpg 960w, https:\/\/www.carlosyconchita.net\/rutas\/wp-content\/uploads\/2017\/07\/DSC04397-480x384.jpg 480w, https:\/\/www.carlosyconchita.net\/rutas\/wp-content\/uploads\/2017\/07\/DSC04397-320x256.jpg 320w\" sizes=\"auto, (max-width: 240px) 100vw, 240px\" \/><\/a><\/p>\n<hr \/>\n<p style=\"text-align: justify;\">Desde los Banhs de Tred\u00f2s, seguimos pues el camino con nuestro coche, hasta que se acaba en una peque\u00f1a zona de parking, que estaba llena y por suerte unos pocos metros m\u00e1s adelante hay otro parking (el de los taxis) , en donde s\u00ed que habia sitio ya que solo habia una furgoneta del 112 cuyos ocupantes iban a hacer tambi\u00e9n un recorrido por la zona.<\/p>\n<p style=\"text-align: justify;\">La ruta de hoy empieza a la izquierda,\u00a0 un poquito antes de esa segunda zona de parking, justo en una curva en la que sale un peque\u00f1o camino que va subiendo en direcci\u00f3n a la presa y refugio de Colomers.<\/p>\n<p><img loading=\"lazy\" decoding=\"async\" class=\"alignnone size-full\" src=\"https:\/\/farm5.staticflickr.com\/4253\/35163707542_5618ce1543_b.jpg\" width=\"1024\" height=\"576\" \/><\/p>\n<p>El camino va subiendo , y alterna tramos mas o menos planos con otros de bastante pendiente, y nos llevar\u00e1 al pi\u00e9 de la presa de Colomers.<\/p>\n<p><img loading=\"lazy\" decoding=\"async\" class=\"alignnone size-full\" src=\"https:\/\/farm5.staticflickr.com\/4275\/35330699755_d95a30148e_b.jpg\" width=\"1024\" height=\"576\" \/><\/p>\n<p><img loading=\"lazy\" decoding=\"async\" class=\"alignnone size-full\" src=\"https:\/\/farm5.staticflickr.com\/4268\/35200821121_68ee5c3c8c_b.jpg\" width=\"1024\" height=\"576\" \/><\/p>\n<p><img loading=\"lazy\" decoding=\"async\" class=\"alignnone size-full\" src=\"https:\/\/farm5.staticflickr.com\/4276\/34520429063_ccb5685521_b.jpg\" width=\"1024\" height=\"576\" \/><\/p>\n<p><img loading=\"lazy\" decoding=\"async\" class=\"alignnone size-full\" src=\"https:\/\/farm5.staticflickr.com\/4248\/35163701042_bf865263a5_b.jpg\" width=\"1019\" height=\"764\" \/><\/p>\n<p style=\"text-align: justify;\">Subimos a la presa por el camino que tenemos a nuestra izquierda, y all\u00ed nos encontraremos un cruce , ya que hasta all\u00ed llega el camino que seguiremos a la vuelta.<\/p>\n<p style=\"text-align: justify;\">De hecho hay 2 circuitos marcados, el corto y el largo, que empiezan en el mismo sitio, y bordean el lago de Colomers por nuestra derecha y por all\u00ed van subiendo , pero en un\u00a0 cierto punto, el recorrido corto gira a la izquierda para dar la vuelta y volver , mientras que el recorrido largo sigue arriba.<\/p>\n<p style=\"text-align: justify;\">Nosotros pens\u00e1bamos hacer el largo, ya que al haber subido con nuestro coche y no depender de los taxis, no tenemos problemas de horario, pero en el refugio, nos han advertido que no podremos hacerlo, debido a la nieve que hay m\u00e1s arriba, por lo que decidimos ir subiendo hasta donde podamos, y asi al menos podremos ir viendo las magn\u00edficas vistas de los lagos y de los picos con nieve.<\/p>\n<p style=\"text-align: justify;\">Una vez arriba en la presa, vemos al otro lado de la misma el antiguo refugio, hoy en desuso, y el nuevo que tenemos un poco m\u00e1s a la izquierda.<\/p>\n<p>&nbsp;<\/p>\n<p><img loading=\"lazy\" decoding=\"async\" class=\"alignnone size-full\" src=\"https:\/\/farm5.staticflickr.com\/4265\/35163697282_368e3fcb65_b.jpg\" width=\"1024\" height=\"576\" \/><\/p>\n<p><img loading=\"lazy\" decoding=\"async\" class=\"alignnone size-full\" src=\"https:\/\/farm5.staticflickr.com\/4279\/35200815141_94eea3086d_b.jpg\" width=\"1024\" height=\"576\" \/><\/p>\n<p style=\"text-align: justify;\">Para llegar al nuevo refugio despues de cruzar la presa, seguimos bordeando el lago y despu\u00e9s dejamos el camino de subida y nos desviamos a la izquierda.<\/p>\n<p><img loading=\"lazy\" decoding=\"async\" class=\"alignnone size-full\" src=\"https:\/\/farm5.staticflickr.com\/4215\/34520418463_2b1bc2bd2e_b.jpg\" width=\"1024\" height=\"576\" \/><\/p>\n<p><img loading=\"lazy\" decoding=\"async\" class=\"alignnone size-full\" src=\"https:\/\/farm5.staticflickr.com\/4260\/34520417393_14c7272ed2_b.jpg\" width=\"1024\" height=\"576\" \/><\/p>\n<p><img loading=\"lazy\" decoding=\"async\" class=\"alignnone size-full\" src=\"https:\/\/farm5.staticflickr.com\/4278\/34943094160_21b29edd2f_b.jpg\" width=\"1024\" height=\"576\" \/><\/p>\n<p>&nbsp;<\/p>\n<p style=\"text-align: justify;\">A partir de all\u00ed, el camino sube de forma m\u00e1s pronunciada y entre rocas, hasta llegar al siguiente lago, o mejor dicho, lagos en plural porque en realidad hemos perdido la cuenta de cuantos hemos visto.<\/p>\n<p>&nbsp;<\/p>\n<p><img loading=\"lazy\" decoding=\"async\" class=\"alignnone size-full\" src=\"https:\/\/farm5.staticflickr.com\/4270\/35163687542_17037f83fc_b.jpg\" width=\"1024\" height=\"576\" \/><\/p>\n<p><img loading=\"lazy\" decoding=\"async\" class=\"alignnone size-full\" src=\"https:\/\/farm5.staticflickr.com\/4222\/34487069284_83ac095dc3_b.jpg\" width=\"1024\" height=\"576\" \/><\/p>\n<p><img loading=\"lazy\" decoding=\"async\" class=\"alignnone size-full\" src=\"https:\/\/farm5.staticflickr.com\/4287\/35200794231_47a3f0626e_b.jpg\" width=\"1024\" height=\"576\" \/><\/p>\n<p><img loading=\"lazy\" decoding=\"async\" class=\"alignnone size-full\" src=\"https:\/\/farm5.staticflickr.com\/4253\/35200792041_825b3dc978_b.jpg\" width=\"1019\" height=\"764\" \/><\/p>\n<p style=\"text-align: justify;\">Poco despu\u00e9s encontramos el desvio a nuestra izquierda para volver al punto de partida siguiendo el recorrido corto, pero nosotros seguimos arriba, para ver hasta donde conseguimos llegar.<\/p>\n<p><img loading=\"lazy\" decoding=\"async\" class=\"alignnone size-full\" src=\"https:\/\/farm5.staticflickr.com\/4281\/34943087320_16a602288c_b.jpg\" width=\"1024\" height=\"576\" \/><\/p>\n<p><img loading=\"lazy\" decoding=\"async\" class=\"alignnone size-full\" src=\"https:\/\/farm5.staticflickr.com\/4278\/34943086530_2b179841ec_b.jpg\" width=\"1019\" height=\"764\" \/><\/p>\n<p>Seguimos despu\u00e9s por una zona de piedras y con m\u00e1s pendiente que nos llevar\u00e1 al lago de Cabidornats , en donde vemos que ya no podremos continuar.<\/p>\n<p style=\"text-align: justify;\">Por la izquierda del lago no podemos pasar, porque tenemos el \u00abcanal\u00bb de desague del mismo con una gran cascada de agua , y si lo bordeamos por la derecha, nos encontraremos varias lenguas de nieve que nos cortan el paso.<\/p>\n<p><img loading=\"lazy\" decoding=\"async\" class=\"alignnone size-full\" src=\"https:\/\/farm5.staticflickr.com\/4201\/35330670735_cea41227ff_b.jpg\" width=\"1024\" height=\"576\" \/><\/p>\n<p><img loading=\"lazy\" decoding=\"async\" class=\"alignnone size-full\" src=\"https:\/\/farm5.staticflickr.com\/4238\/34943082520_08a90d8d4b_b.jpg\" width=\"1019\" height=\"764\" \/><\/p>\n<p><img loading=\"lazy\" decoding=\"async\" class=\"alignnone size-full\" src=\"https:\/\/farm5.staticflickr.com\/4270\/35200766771_bdd3305f66_b.jpg\" width=\"1024\" height=\"576\" \/><\/p>\n<p><img loading=\"lazy\" decoding=\"async\" class=\"alignnone size-full\" src=\"https:\/\/farm5.staticflickr.com\/4212\/35290632806_95401d2117_b.jpg\" width=\"1024\" height=\"469\" \/><\/p>\n<p>En este bonito lago paramos un rato para comer algo, y admirar el paisaje, que vale la pena&#8230;<\/p>\n<p><img loading=\"lazy\" decoding=\"async\" class=\"alignnone size-full\" src=\"https:\/\/farm5.staticflickr.com\/4266\/35200765951_e421e1a1b0_b.jpg\" width=\"1019\" height=\"764\" \/><\/p>\n<p>Nos paramos a comer justo encima del canal de desag\u00fce del lago, por el que sale una enorme cantidad de agua.<\/p>\n<p><img loading=\"lazy\" decoding=\"async\" class=\"alignnone size-full\" src=\"https:\/\/farm5.staticflickr.com\/4219\/34487051644_e294d3ed73_b.jpg\" width=\"1019\" height=\"764\" \/><\/p>\n<p><img loading=\"lazy\" decoding=\"async\" class=\"alignnone size-full\" src=\"https:\/\/farm5.staticflickr.com\/4246\/34520387913_b4692492f9_b.jpg\" width=\"1019\" height=\"764\" \/><\/p>\n<p><img loading=\"lazy\" decoding=\"async\" class=\"alignnone size-full\" src=\"https:\/\/farm5.staticflickr.com\/4252\/34520390083_2812b93bda_b.jpg\" width=\"1019\" height=\"764\" \/><\/p>\n<p style=\"text-align: justify;\">Iniciamos despu\u00e9s el camino de vuelta por el mismo sitio por el que hemos venido, hasta llegar al desv\u00edo antes indicado, y all\u00ed giraremos a nuestra derecha, para hacer el descenso por el lado contrario de la subida.<\/p>\n<p style=\"text-align: justify;\">Al igual que antes, por el camino nos vamos encontrando numerosos lagos y magn\u00edficos paisajes, que no podemos poner todos en esta explicaci\u00f3n, pero que se pueden ver en el album de fotos de la excursi\u00f3n.<\/p>\n<p><img loading=\"lazy\" decoding=\"async\" class=\"alignnone size-full\" src=\"https:\/\/farm5.staticflickr.com\/4199\/35330649575_5cc5928a17_b.jpg\" width=\"1024\" height=\"576\" \/><\/p>\n<p><img loading=\"lazy\" decoding=\"async\" class=\"alignnone size-full\" src=\"https:\/\/farm5.staticflickr.com\/4197\/35290623616_b532462daf_b.jpg\" width=\"1024\" height=\"576\" \/><\/p>\n<p><img loading=\"lazy\" decoding=\"async\" class=\"alignnone size-full\" src=\"https:\/\/farm5.staticflickr.com\/4197\/34520381243_a457f09128_b.jpg\" width=\"1024\" height=\"576\" \/><\/p>\n<p><img loading=\"lazy\" decoding=\"async\" class=\"alignnone size-full\" src=\"https:\/\/farm5.staticflickr.com\/4272\/35200755691_c5ec471ae1_b.jpg\" width=\"1024\" height=\"576\" \/><\/p>\n<p><img loading=\"lazy\" decoding=\"async\" class=\"alignnone size-full\" src=\"https:\/\/farm5.staticflickr.com\/4248\/35200751891_f3c1f0b5a0_b.jpg\" width=\"1024\" height=\"576\" \/><\/p>\n<p style=\"text-align: justify;\">Despu\u00e9s de pasar el lago Llong, que como su nombre indica es muy largo, iniciamos el descenso por un camino con bastante pendiente en direcc\u00edon\u00a0 a la presa de Colomers, justo en el cruce que hemos visto antes a la subida.<\/p>\n<p><img loading=\"lazy\" decoding=\"async\" class=\"alignnone size-full\" src=\"https:\/\/farm5.staticflickr.com\/4278\/35330624895_2f3bd6315d_b.jpg\" width=\"1024\" height=\"576\" \/><\/p>\n<p><img loading=\"lazy\" decoding=\"async\" class=\"alignnone size-full\" src=\"https:\/\/farm5.staticflickr.com\/4251\/34487024444_8cd9f2172e_b.jpg\" width=\"1024\" height=\"576\" \/><\/p>\n<p>&nbsp;<\/p>\n<p>Y desde all\u00ed, bajamos hacia el coche por el mismo camino de la subida.<\/p>\n<p>&nbsp;<\/p>\n<hr \/>\n<h3><strong>Track de la ruta<\/strong><\/h3>\n<p>[sgpx gpx=\u00bb\/wp-content\/uploads\/gpx\/Circo Colomers.gpx\u00bb]<\/p>\n<p>&nbsp;<\/p>\n<hr \/>\n<h3><strong>Wikiloc<\/strong><\/h3>\n<p><a href=\"https:\/\/es.wikiloc.com\/wikiloc\/view.do?id=18188164\" target=\"_blank\" rel=\"noopener noreferrer\"><img loading=\"lazy\" decoding=\"async\" class=\"size-full wp-image-958 aligncenter\" src=\"http:\/\/www.carlosyconchita.net\/rutas\/wp-content\/uploads\/2020\/09\/wikiloc.jpg\" alt=\"\" width=\"117\" height=\"34\" \/><\/a><\/p>\n<hr \/>\n<p><strong><span style=\"color: #ff0000;\">Si te ha gustado, comp\u00e1rtelo en tu red favorita,\u00a0 haz +1, o env\u00edanos tu comentario.<\/span><\/strong><\/p>\n<p><strong><span style=\"color: #ff0000;\">Muchas gracias !<\/span><\/strong><\/p>\n<hr \/>\n<p><strong>Suscribete si quieres recibir un mail cuando publiquemos nuevas rutas : no enviamos publicidad y como m\u00e1ximo enviamos 2 mails al mes<\/strong><\/p>\n<p>[wysija_form id=\u00bb1&#8243;]<\/p>\n<hr \/>\n<p>&nbsp;<\/p>\n<h3>Puedes imprimir esta publicaci\u00f3n o guardarla en diferentes formatos :<\/h3>\n<p>P<span style=\"color: #ff0000;\">ara facilitar la impresi\u00f3n, se ha reducido considerablemente el tama\u00f1o de las fotos, pero si deseas imprimir sin fotos, aconsejamos guardarlo como \u201cdoc\u201d, y antes de imprimirlo, eliminar las fotos<\/span><\/p>\n<p>&nbsp;<\/p>\n<hr \/>\n<p>&nbsp;<\/p>\n","protected":false},"excerpt":{"rendered":"<p>Para empezar la bonita ruta del Circo de Colomers, debemos ir a Salard\u00fa, y desde all\u00ed coger la carretera que lleva a los Banhs de Tred\u00f2s. Una vez all\u00ed, vemos una gran zona de parking y debemos seguir por el camino\u00a0 que lleva al Circ de Colomers, pero dependiendo de la \u00e9poca del a\u00f1o, deberemos [&hellip;]<\/p>\n","protected":false},"author":50,"featured_media":10329,"comment_status":"open","ping_status":"open","sticky":false,"template":"","format":"standard","meta":{"footnotes":""},"categories":[10,22,78],"tags":[],"class_list":{"0":"post-10328","1":"post","2":"type-post","3":"status-publish","4":"format-standard","5":"has-post-thumbnail","6":"hentry","7":"category-facil","8":"category-de-05-a-10-km","9":"category-aiguestortes-sant-maurici","11":"post-with-thumbnail","12":"post-with-thumbnail-icon"},"yoast_head":"<!-- This site is optimized with the Yoast SEO plugin v27.4 - https:\/\/yoast.com\/product\/yoast-seo-wordpress\/ -->\n<title>11-06-2017 - Circ de Colomers -<\/title>\n<meta name=\"robots\" content=\"index, follow, max-snippet:-1, max-image-preview:large, max-video-preview:-1\" \/>\n<link rel=\"canonical\" href=\"https:\/\/www.carlosyconchita.net\/rutas\/11-06-2017-circ-colomers\/\" \/>\n<meta property=\"og:locale\" content=\"es_ES\" \/>\n<meta property=\"og:type\" content=\"article\" \/>\n<meta property=\"og:title\" content=\"11-06-2017 - Circ de Colomers -\" \/>\n<meta property=\"og:description\" content=\"Para empezar la bonita ruta del Circo de Colomers, debemos ir a Salard\u00fa, y desde all\u00ed coger la carretera que lleva a los Banhs de Tred\u00f2s. Una vez all\u00ed, vemos una gran zona de parking y debemos seguir por el camino\u00a0 que lleva al Circ de Colomers, pero dependiendo de la \u00e9poca del a\u00f1o, deberemos [&hellip;]\" \/>\n<meta property=\"og:url\" content=\"https:\/\/www.carlosyconchita.net\/rutas\/11-06-2017-circ-colomers\/\" \/>\n<meta property=\"og:site_name\" content=\"Las rutas de Carlos y Conchita\" \/>\n<meta property=\"article:published_time\" content=\"2017-06-11T19:07:48+00:00\" \/>\n<meta property=\"article:modified_time\" content=\"2020-04-14T19:43:36+00:00\" \/>\n<meta property=\"og:image\" content=\"https:\/\/www.carlosyconchita.net\/rutas\/wp-content\/uploads\/2017\/07\/DSC04397.jpg\" \/>\n\t<meta property=\"og:image:width\" content=\"1019\" \/>\n\t<meta property=\"og:image:height\" content=\"764\" \/>\n\t<meta property=\"og:image:type\" content=\"image\/jpeg\" \/>\n<meta name=\"author\" content=\"Carlos Conchita\" \/>\n<meta name=\"twitter:label1\" content=\"Escrito por\" \/>\n\t<meta name=\"twitter:data1\" content=\"Carlos Conchita\" \/>\n\t<meta name=\"twitter:label2\" content=\"Tiempo de lectura\" \/>\n\t<meta name=\"twitter:data2\" content=\"5 minutos\" \/>\n<script type=\"application\/ld+json\" class=\"yoast-schema-graph\">{\"@context\":\"https:\\\/\\\/schema.org\",\"@graph\":[{\"@type\":\"Article\",\"@id\":\"https:\\\/\\\/www.carlosyconchita.net\\\/rutas\\\/11-06-2017-circ-colomers\\\/#article\",\"isPartOf\":{\"@id\":\"https:\\\/\\\/www.carlosyconchita.net\\\/rutas\\\/11-06-2017-circ-colomers\\\/\"},\"author\":{\"name\":\"Carlos Conchita\",\"@id\":\"https:\\\/\\\/www.carlosyconchita.net\\\/rutas\\\/#\\\/schema\\\/person\\\/a9691f7258c28443fab2d3aa1479ea19\"},\"headline\":\"11-06-2017 &#8211; Circ de Colomers\",\"datePublished\":\"2017-06-11T19:07:48+00:00\",\"dateModified\":\"2020-04-14T19:43:36+00:00\",\"mainEntityOfPage\":{\"@id\":\"https:\\\/\\\/www.carlosyconchita.net\\\/rutas\\\/11-06-2017-circ-colomers\\\/\"},\"wordCount\":928,\"commentCount\":0,\"image\":{\"@id\":\"https:\\\/\\\/www.carlosyconchita.net\\\/rutas\\\/11-06-2017-circ-colomers\\\/#primaryimage\"},\"thumbnailUrl\":\"https:\\\/\\\/www.carlosyconchita.net\\\/rutas\\\/wp-content\\\/uploads\\\/2017\\\/07\\\/DSC04397.jpg\",\"articleSection\":[\"1-F\u00e1cil\",\"2 - De 5 a 10 km.\",\"Aiguestortes-Sant Maurici\"],\"inLanguage\":\"es\",\"potentialAction\":[{\"@type\":\"CommentAction\",\"name\":\"Comment\",\"target\":[\"https:\\\/\\\/www.carlosyconchita.net\\\/rutas\\\/11-06-2017-circ-colomers\\\/#respond\"]}]},{\"@type\":\"WebPage\",\"@id\":\"https:\\\/\\\/www.carlosyconchita.net\\\/rutas\\\/11-06-2017-circ-colomers\\\/\",\"url\":\"https:\\\/\\\/www.carlosyconchita.net\\\/rutas\\\/11-06-2017-circ-colomers\\\/\",\"name\":\"11-06-2017 - Circ de Colomers -\",\"isPartOf\":{\"@id\":\"https:\\\/\\\/www.carlosyconchita.net\\\/rutas\\\/#website\"},\"primaryImageOfPage\":{\"@id\":\"https:\\\/\\\/www.carlosyconchita.net\\\/rutas\\\/11-06-2017-circ-colomers\\\/#primaryimage\"},\"image\":{\"@id\":\"https:\\\/\\\/www.carlosyconchita.net\\\/rutas\\\/11-06-2017-circ-colomers\\\/#primaryimage\"},\"thumbnailUrl\":\"https:\\\/\\\/www.carlosyconchita.net\\\/rutas\\\/wp-content\\\/uploads\\\/2017\\\/07\\\/DSC04397.jpg\",\"datePublished\":\"2017-06-11T19:07:48+00:00\",\"dateModified\":\"2020-04-14T19:43:36+00:00\",\"author\":{\"@id\":\"https:\\\/\\\/www.carlosyconchita.net\\\/rutas\\\/#\\\/schema\\\/person\\\/a9691f7258c28443fab2d3aa1479ea19\"},\"breadcrumb\":{\"@id\":\"https:\\\/\\\/www.carlosyconchita.net\\\/rutas\\\/11-06-2017-circ-colomers\\\/#breadcrumb\"},\"inLanguage\":\"es\",\"potentialAction\":[{\"@type\":\"ReadAction\",\"target\":[\"https:\\\/\\\/www.carlosyconchita.net\\\/rutas\\\/11-06-2017-circ-colomers\\\/\"]}]},{\"@type\":\"ImageObject\",\"inLanguage\":\"es\",\"@id\":\"https:\\\/\\\/www.carlosyconchita.net\\\/rutas\\\/11-06-2017-circ-colomers\\\/#primaryimage\",\"url\":\"https:\\\/\\\/www.carlosyconchita.net\\\/rutas\\\/wp-content\\\/uploads\\\/2017\\\/07\\\/DSC04397.jpg\",\"contentUrl\":\"https:\\\/\\\/www.carlosyconchita.net\\\/rutas\\\/wp-content\\\/uploads\\\/2017\\\/07\\\/DSC04397.jpg\",\"width\":1019,\"height\":764},{\"@type\":\"BreadcrumbList\",\"@id\":\"https:\\\/\\\/www.carlosyconchita.net\\\/rutas\\\/11-06-2017-circ-colomers\\\/#breadcrumb\",\"itemListElement\":[{\"@type\":\"ListItem\",\"position\":1,\"name\":\"Portada\",\"item\":\"https:\\\/\\\/www.carlosyconchita.net\\\/rutas\\\/\"},{\"@type\":\"ListItem\",\"position\":2,\"name\":\"11-06-2017 &#8211; Circ de Colomers\"}]},{\"@type\":\"WebSite\",\"@id\":\"https:\\\/\\\/www.carlosyconchita.net\\\/rutas\\\/#website\",\"url\":\"https:\\\/\\\/www.carlosyconchita.net\\\/rutas\\\/\",\"name\":\"Las rutas de Carlos y Conchita\",\"description\":\"\",\"potentialAction\":[{\"@type\":\"SearchAction\",\"target\":{\"@type\":\"EntryPoint\",\"urlTemplate\":\"https:\\\/\\\/www.carlosyconchita.net\\\/rutas\\\/?s={search_term_string}\"},\"query-input\":{\"@type\":\"PropertyValueSpecification\",\"valueRequired\":true,\"valueName\":\"search_term_string\"}}],\"inLanguage\":\"es\"},{\"@type\":\"Person\",\"@id\":\"https:\\\/\\\/www.carlosyconchita.net\\\/rutas\\\/#\\\/schema\\\/person\\\/a9691f7258c28443fab2d3aa1479ea19\",\"name\":\"Carlos Conchita\",\"image\":{\"@type\":\"ImageObject\",\"inLanguage\":\"es\",\"@id\":\"https:\\\/\\\/secure.gravatar.com\\\/avatar\\\/3a4625b20c8da3de99da69bfe7a322774e291c3f90dce7e8778a30fe6748ed1a?s=96&d=mm&r=g\",\"url\":\"https:\\\/\\\/secure.gravatar.com\\\/avatar\\\/3a4625b20c8da3de99da69bfe7a322774e291c3f90dce7e8778a30fe6748ed1a?s=96&d=mm&r=g\",\"contentUrl\":\"https:\\\/\\\/secure.gravatar.com\\\/avatar\\\/3a4625b20c8da3de99da69bfe7a322774e291c3f90dce7e8778a30fe6748ed1a?s=96&d=mm&r=g\",\"caption\":\"Carlos Conchita\"}}]}<\/script>\n<!-- \/ Yoast SEO plugin. -->","yoast_head_json":{"title":"11-06-2017 - Circ de Colomers -","robots":{"index":"index","follow":"follow","max-snippet":"max-snippet:-1","max-image-preview":"max-image-preview:large","max-video-preview":"max-video-preview:-1"},"canonical":"https:\/\/www.carlosyconchita.net\/rutas\/11-06-2017-circ-colomers\/","og_locale":"es_ES","og_type":"article","og_title":"11-06-2017 - Circ de Colomers -","og_description":"Para empezar la bonita ruta del Circo de Colomers, debemos ir a Salard\u00fa, y desde all\u00ed coger la carretera que lleva a los Banhs de Tred\u00f2s. Una vez all\u00ed, vemos una gran zona de parking y debemos seguir por el camino\u00a0 que lleva al Circ de Colomers, pero dependiendo de la \u00e9poca del a\u00f1o, deberemos [&hellip;]","og_url":"https:\/\/www.carlosyconchita.net\/rutas\/11-06-2017-circ-colomers\/","og_site_name":"Las rutas de Carlos y Conchita","article_published_time":"2017-06-11T19:07:48+00:00","article_modified_time":"2020-04-14T19:43:36+00:00","og_image":[{"width":1019,"height":764,"url":"https:\/\/www.carlosyconchita.net\/rutas\/wp-content\/uploads\/2017\/07\/DSC04397.jpg","type":"image\/jpeg"}],"author":"Carlos Conchita","twitter_misc":{"Escrito por":"Carlos Conchita","Tiempo de lectura":"5 minutos"},"schema":{"@context":"https:\/\/schema.org","@graph":[{"@type":"Article","@id":"https:\/\/www.carlosyconchita.net\/rutas\/11-06-2017-circ-colomers\/#article","isPartOf":{"@id":"https:\/\/www.carlosyconchita.net\/rutas\/11-06-2017-circ-colomers\/"},"author":{"name":"Carlos Conchita","@id":"https:\/\/www.carlosyconchita.net\/rutas\/#\/schema\/person\/a9691f7258c28443fab2d3aa1479ea19"},"headline":"11-06-2017 &#8211; Circ de Colomers","datePublished":"2017-06-11T19:07:48+00:00","dateModified":"2020-04-14T19:43:36+00:00","mainEntityOfPage":{"@id":"https:\/\/www.carlosyconchita.net\/rutas\/11-06-2017-circ-colomers\/"},"wordCount":928,"commentCount":0,"image":{"@id":"https:\/\/www.carlosyconchita.net\/rutas\/11-06-2017-circ-colomers\/#primaryimage"},"thumbnailUrl":"https:\/\/www.carlosyconchita.net\/rutas\/wp-content\/uploads\/2017\/07\/DSC04397.jpg","articleSection":["1-F\u00e1cil","2 - De 5 a 10 km.","Aiguestortes-Sant Maurici"],"inLanguage":"es","potentialAction":[{"@type":"CommentAction","name":"Comment","target":["https:\/\/www.carlosyconchita.net\/rutas\/11-06-2017-circ-colomers\/#respond"]}]},{"@type":"WebPage","@id":"https:\/\/www.carlosyconchita.net\/rutas\/11-06-2017-circ-colomers\/","url":"https:\/\/www.carlosyconchita.net\/rutas\/11-06-2017-circ-colomers\/","name":"11-06-2017 - Circ de Colomers -","isPartOf":{"@id":"https:\/\/www.carlosyconchita.net\/rutas\/#website"},"primaryImageOfPage":{"@id":"https:\/\/www.carlosyconchita.net\/rutas\/11-06-2017-circ-colomers\/#primaryimage"},"image":{"@id":"https:\/\/www.carlosyconchita.net\/rutas\/11-06-2017-circ-colomers\/#primaryimage"},"thumbnailUrl":"https:\/\/www.carlosyconchita.net\/rutas\/wp-content\/uploads\/2017\/07\/DSC04397.jpg","datePublished":"2017-06-11T19:07:48+00:00","dateModified":"2020-04-14T19:43:36+00:00","author":{"@id":"https:\/\/www.carlosyconchita.net\/rutas\/#\/schema\/person\/a9691f7258c28443fab2d3aa1479ea19"},"breadcrumb":{"@id":"https:\/\/www.carlosyconchita.net\/rutas\/11-06-2017-circ-colomers\/#breadcrumb"},"inLanguage":"es","potentialAction":[{"@type":"ReadAction","target":["https:\/\/www.carlosyconchita.net\/rutas\/11-06-2017-circ-colomers\/"]}]},{"@type":"ImageObject","inLanguage":"es","@id":"https:\/\/www.carlosyconchita.net\/rutas\/11-06-2017-circ-colomers\/#primaryimage","url":"https:\/\/www.carlosyconchita.net\/rutas\/wp-content\/uploads\/2017\/07\/DSC04397.jpg","contentUrl":"https:\/\/www.carlosyconchita.net\/rutas\/wp-content\/uploads\/2017\/07\/DSC04397.jpg","width":1019,"height":764},{"@type":"BreadcrumbList","@id":"https:\/\/www.carlosyconchita.net\/rutas\/11-06-2017-circ-colomers\/#breadcrumb","itemListElement":[{"@type":"ListItem","position":1,"name":"Portada","item":"https:\/\/www.carlosyconchita.net\/rutas\/"},{"@type":"ListItem","position":2,"name":"11-06-2017 &#8211; Circ de Colomers"}]},{"@type":"WebSite","@id":"https:\/\/www.carlosyconchita.net\/rutas\/#website","url":"https:\/\/www.carlosyconchita.net\/rutas\/","name":"Las rutas de Carlos y Conchita","description":"","potentialAction":[{"@type":"SearchAction","target":{"@type":"EntryPoint","urlTemplate":"https:\/\/www.carlosyconchita.net\/rutas\/?s={search_term_string}"},"query-input":{"@type":"PropertyValueSpecification","valueRequired":true,"valueName":"search_term_string"}}],"inLanguage":"es"},{"@type":"Person","@id":"https:\/\/www.carlosyconchita.net\/rutas\/#\/schema\/person\/a9691f7258c28443fab2d3aa1479ea19","name":"Carlos Conchita","image":{"@type":"ImageObject","inLanguage":"es","@id":"https:\/\/secure.gravatar.com\/avatar\/3a4625b20c8da3de99da69bfe7a322774e291c3f90dce7e8778a30fe6748ed1a?s=96&d=mm&r=g","url":"https:\/\/secure.gravatar.com\/avatar\/3a4625b20c8da3de99da69bfe7a322774e291c3f90dce7e8778a30fe6748ed1a?s=96&d=mm&r=g","contentUrl":"https:\/\/secure.gravatar.com\/avatar\/3a4625b20c8da3de99da69bfe7a322774e291c3f90dce7e8778a30fe6748ed1a?s=96&d=mm&r=g","caption":"Carlos Conchita"}}]}},"_links":{"self":[{"href":"https:\/\/www.carlosyconchita.net\/rutas\/wp-json\/wp\/v2\/posts\/10328","targetHints":{"allow":["GET"]}}],"collection":[{"href":"https:\/\/www.carlosyconchita.net\/rutas\/wp-json\/wp\/v2\/posts"}],"about":[{"href":"https:\/\/www.carlosyconchita.net\/rutas\/wp-json\/wp\/v2\/types\/post"}],"author":[{"embeddable":true,"href":"https:\/\/www.carlosyconchita.net\/rutas\/wp-json\/wp\/v2\/users\/50"}],"replies":[{"embeddable":true,"href":"https:\/\/www.carlosyconchita.net\/rutas\/wp-json\/wp\/v2\/comments?post=10328"}],"version-history":[{"count":0,"href":"https:\/\/www.carlosyconchita.net\/rutas\/wp-json\/wp\/v2\/posts\/10328\/revisions"}],"wp:featuredmedia":[{"embeddable":true,"href":"https:\/\/www.carlosyconchita.net\/rutas\/wp-json\/wp\/v2\/media\/10329"}],"wp:attachment":[{"href":"https:\/\/www.carlosyconchita.net\/rutas\/wp-json\/wp\/v2\/media?parent=10328"}],"wp:term":[{"taxonomy":"category","embeddable":true,"href":"https:\/\/www.carlosyconchita.net\/rutas\/wp-json\/wp\/v2\/categories?post=10328"},{"taxonomy":"post_tag","embeddable":true,"href":"https:\/\/www.carlosyconchita.net\/rutas\/wp-json\/wp\/v2\/tags?post=10328"}],"curies":[{"name":"wp","href":"https:\/\/api.w.org\/{rel}","templated":true}]}}