{"id":10405,"date":"2017-07-08T20:31:01","date_gmt":"2017-07-08T19:31:01","guid":{"rendered":"http:\/\/www.carlosyconchita.net\/rutas\/?p=10405"},"modified":"2020-04-14T20:22:24","modified_gmt":"2020-04-14T19:22:24","slug":"08-07-2017-collada-tossas-dorria","status":"publish","type":"post","link":"https:\/\/www.carlosyconchita.net\/rutas\/08-07-2017-collada-tossas-dorria\/","title":{"rendered":"08-07-2017 &#8211; Collada de Tossas &#8211; Dorria"},"content":{"rendered":"<p style=\"text-align: justify;\">Como que ayer hicimos una larga y durilla excursi\u00f3n, hoy nuestro amigo Lluis nos propone \u00e9sta, desde la Collada de Tossas (concretamente en la zona llamada Las Colladetes), hasta el pueblo de Dorria.<br \/>\nDe esta forma, hacemos una subida no muy larga, y un descenso m\u00e1s largo, y asi no nos cansaremos tanto, aunque tambi\u00e9n hay que tener en cuenta que los descensos fastidian m\u00e1s las rodillas.<\/p>\n<hr \/>\n<p><strong>Album de fotos<\/strong><\/p>\n<p><a href=\"https:\/\/photos.app.goo.gl\/u1dmsVEM9xjVgGfKA\" target=\"_blank\" rel=\"noopener noreferrer\"><img loading=\"lazy\" decoding=\"async\" class=\"aligncenter wp-image-10406 size-column4-4\/5\" src=\"http:\/\/www.carlosyconchita.net\/rutas\/wp-content\/uploads\/2017\/07\/DSC04652-240x192.jpg\" alt=\"\" width=\"240\" height=\"192\" srcset=\"https:\/\/www.carlosyconchita.net\/rutas\/wp-content\/uploads\/2017\/07\/DSC04652-240x192.jpg 240w, https:\/\/www.carlosyconchita.net\/rutas\/wp-content\/uploads\/2017\/07\/DSC04652-250x200.jpg 250w, https:\/\/www.carlosyconchita.net\/rutas\/wp-content\/uploads\/2017\/07\/DSC04652-960x764.jpg 960w, https:\/\/www.carlosyconchita.net\/rutas\/wp-content\/uploads\/2017\/07\/DSC04652-480x384.jpg 480w, https:\/\/www.carlosyconchita.net\/rutas\/wp-content\/uploads\/2017\/07\/DSC04652-320x256.jpg 320w\" sizes=\"auto, (max-width: 240px) 100vw, 240px\" \/><\/a><\/p>\n<hr \/>\n<p><strong>Dificultad<\/strong> :\u00a0\u00a0\u00a0 F\u00e1cil<\/p>\n<p><strong>Distancia total<\/strong> :\u00a0\u00a0\u00a0\u00a0 9.971<span class=\"totlen\"><span class=\"summaryvalue\"> m.<\/span><\/span><\/p>\n<p><strong>Alturas m\u00ednima \/ m\u00e1xima<\/strong> :\u00a0\u00a0\u00a0\u00a0 1.531 m \u2013 2.026 m<\/p>\n<p><strong>Desnivel acumulado (s\/Wikiloc)<\/strong>\u00a0 :\u00a0 \u00a0 + 260 m. \/ &#8211; 515 m-<\/p>\n<p><strong>Tiempo total \/ en movimiento<\/strong> :\u00a0\u00a0\u00a0\u00a0\u00a0\u00a0\u00a0 3\u201927 h. \u2013\u00a0 2\u201943\u00a0 h.<\/p>\n<p><strong>Vel. media total \/ vel.media movimiento<\/strong> :\u00a0\u00a0 2\u201985 km\/h \u2013\u00a0 3\u201960\u00a0 km\/h<\/p>\n<hr \/>\n<p style=\"text-align: justify;\">Para llegar al punto de inicio desde La Molina nos dirigiremos a la Collada de Tossas (por la GI-400), y cuando lleguemos al cruce con la N-260, giraremos a la derecha , y pocos metros despu\u00e9s veremos una zona donde podemos dejar el coche a nuestra derecha. (antes tendremos que haber dejado otro coche en el pueblo de Dorria, unos kilometros m\u00e1s abajo en esa misma carretera N-260, en un desv\u00edo a la izquierda).<\/p>\n<p style=\"text-align: justify;\">El camino empieza subiendo con bastante desnivel, en un tramo dentro del bosque, hasta que desembocamos en una zona mas abierta.<\/p>\n<p style=\"text-align: justify;\"><img loading=\"lazy\" decoding=\"async\" class=\"alignnone size-full\" src=\"https:\/\/farm5.staticflickr.com\/4217\/35669697891_1d3bb867a4_b.jpg\" width=\"1024\" height=\"576\" \/><\/p>\n<p><img loading=\"lazy\" decoding=\"async\" class=\"alignnone size-full\" src=\"https:\/\/farm5.staticflickr.com\/4205\/35802118035_029f2a5e2b_b.jpg\" width=\"1024\" height=\"576\" \/><\/p>\n<p style=\"text-align: justify;\"><img loading=\"lazy\" decoding=\"async\" class=\"alignnone size-full\" src=\"https:\/\/farm5.staticflickr.com\/4258\/35669695791_e6304cea32_b.jpg\" width=\"1024\" height=\"576\" \/><\/p>\n<p>&nbsp;<\/p>\n<p>Llegaremos a un punto geod\u00e9sico. y all\u00ed mismo nos encontraremos un antiguo bunker de la guerra.<\/p>\n<p>&nbsp;<\/p>\n<p><img loading=\"lazy\" decoding=\"async\" class=\"alignnone size-full\" src=\"https:\/\/farm5.staticflickr.com\/4239\/35761283256_0723bfd6f3_b.jpg\" width=\"1024\" height=\"576\" \/><\/p>\n<p><img loading=\"lazy\" decoding=\"async\" class=\"alignnone size-full\" src=\"https:\/\/farm5.staticflickr.com\/4242\/35632493792_5d020654e3_b.jpg\" width=\"1024\" height=\"576\" \/><\/p>\n<p>&nbsp;<\/p>\n<p style=\"text-align: justify;\">Iremos siguiendo el camino conocido como el Cam\u00ed dels Carlins (se\u00f1alado con el n\u00famero 727)\u00a0 que se superpone un rato con el GR-22, para llegar a la Creu de Maians, donde veremos de nuevo la borna 502.<\/p>\n<p><img loading=\"lazy\" decoding=\"async\" class=\"alignnone size-full\" src=\"https:\/\/farm5.staticflickr.com\/4287\/35802112155_2a266b9cea_b.jpg\" width=\"1024\" height=\"576\" \/><\/p>\n<p><img loading=\"lazy\" decoding=\"async\" class=\"alignnone size-full\" src=\"https:\/\/farm5.staticflickr.com\/4230\/35802109255_018e6dc54c_b.jpg\" width=\"1019\" height=\"764\" \/><\/p>\n<p><img loading=\"lazy\" decoding=\"async\" class=\"alignnone size-full\" src=\"https:\/\/farm5.staticflickr.com\/4256\/34991912343_80dbab7221_b.jpg\" width=\"1024\" height=\"576\" \/><\/p>\n<p style=\"text-align: justify;\">Desde la Creu de Maians, seguiremos el camino ya de descenso, pero debido a que en alg\u00fan punto las se\u00f1ales del GR no coinciden con lo que vemos en el GPS, hay algun momento en que nos perdemos un poco, aunque finalmente llegamos al camino principal que nos llevar\u00e1 al bonito pueblo de Dorria.<\/p>\n<p><img loading=\"lazy\" decoding=\"async\" class=\"alignnone size-full\" src=\"https:\/\/farm5.staticflickr.com\/4215\/34991911933_0d653ac8b0_b.jpg\" width=\"1024\" height=\"576\" \/><\/p>\n<p><img loading=\"lazy\" decoding=\"async\" class=\"alignnone size-full\" src=\"https:\/\/farm5.staticflickr.com\/4262\/35802106065_b7bdfdef30_b.jpg\" width=\"1024\" height=\"576\" \/><\/p>\n<p><img loading=\"lazy\" decoding=\"async\" class=\"alignnone size-full\" src=\"https:\/\/farm5.staticflickr.com\/4266\/35802104885_cefe291761_b.jpg\" width=\"1024\" height=\"576\" \/><\/p>\n<p><img loading=\"lazy\" decoding=\"async\" class=\"alignnone size-full\" src=\"https:\/\/farm5.staticflickr.com\/4235\/35632484172_d39e42c19b_b.jpg\" width=\"1024\" height=\"576\" \/><\/p>\n<p>Mientras bajamos, tenemos unas bonitas vistas de la carretera de la Collada.<\/p>\n<p><img loading=\"lazy\" decoding=\"async\" class=\"alignnone size-full\" src=\"https:\/\/farm5.staticflickr.com\/4253\/34991907613_3fc76aaa27_b.jpg\" width=\"1024\" height=\"576\" \/><\/p>\n<p>Finalmente, llegamos a una amplia pista que nos llevar\u00e1 a Dorria, entrando en el pueblo precisamente por la calle del Cami dels Carlins.<\/p>\n<p><img loading=\"lazy\" decoding=\"async\" class=\"alignnone size-full\" src=\"https:\/\/farm5.staticflickr.com\/4234\/35761269406_60eed5f1f4_b.jpg\" width=\"1024\" height=\"576\" \/><\/p>\n<p><img loading=\"lazy\" decoding=\"async\" class=\"alignnone size-full\" src=\"https:\/\/farm5.staticflickr.com\/4216\/35632479642_b0ace74536_b.jpg\" width=\"1024\" height=\"576\" \/><\/p>\n<p><img loading=\"lazy\" decoding=\"async\" class=\"alignnone size-full\" src=\"https:\/\/farm5.staticflickr.com\/4238\/34961615414_90c3126489_b.jpg\" width=\"1024\" height=\"576\" \/><\/p>\n<p>Una vez en el pueblo, damos una peque\u00f1a vuelta por el mismo para hacer algunas fotos, y cogemos el coche que hab\u00edamos dejado all\u00ed, para recoger el otro que tenemos arriba en la Collada.<\/p>\n<p><img loading=\"lazy\" decoding=\"async\" class=\"alignnone size-full\" src=\"https:\/\/farm5.staticflickr.com\/4205\/34991905083_4a88a27b93_b.jpg\" width=\"1024\" height=\"576\" \/><\/p>\n<p><img loading=\"lazy\" decoding=\"async\" class=\"alignnone size-full\" src=\"https:\/\/farm5.staticflickr.com\/4259\/35669687491_e2989300ec_b.jpg\" width=\"1024\" height=\"576\" \/><\/p>\n<p><img loading=\"lazy\" decoding=\"async\" class=\"alignnone size-full\" src=\"https:\/\/farm5.staticflickr.com\/4283\/35669685061_2b90249200_b.jpg\" width=\"1024\" height=\"576\" \/><\/p>\n<p><img loading=\"lazy\" decoding=\"async\" class=\"alignnone size-full\" src=\"https:\/\/farm5.staticflickr.com\/4235\/34991900163_3d3390bbaf_b.jpg\" width=\"1024\" height=\"576\" \/><\/p>\n<hr \/>\n<h3><strong>Track de la ruta<\/strong><\/h3>\n<p>[sgpx gpx=\u00bb\/wp-content\/uploads\/gpx\/Colladetes-Dorria.gpx\u00bb]<\/p>\n<hr \/>\n<h3><strong>Wikiloc<\/strong><\/h3>\n<p><a href=\"https:\/\/es.wikiloc.com\/wikiloc\/view.do?id=18557757\" target=\"_blank\" rel=\"noopener noreferrer\"><img loading=\"lazy\" decoding=\"async\" class=\"size-full wp-image-958 aligncenter\" src=\"http:\/\/www.carlosyconchita.net\/rutas\/wp-content\/uploads\/2020\/09\/wikiloc.jpg\" alt=\"\" width=\"117\" height=\"34\" \/><\/a><\/p>\n<hr \/>\n<p style=\"text-align: justify;\"><strong><span style=\"color: #ff0000;\">Si te ha gustado, comp\u00e1rtelo en tu red favorita,\u00a0 haz +1, o env\u00edanos tu comentario.<\/span><\/strong><\/p>\n<p style=\"text-align: justify;\"><strong><span style=\"color: #ff0000;\">Muchas gracias !<\/span><\/strong><\/p>\n<hr \/>\n<p><strong><span style=\"color: #008000;\">Suscribete si quieres recibir un mail cuando publiquemos nuevas rutas : no enviamos publicidad y como m\u00e1ximo enviamos 2 mails al mes<\/span><\/strong><\/p>\n<p>[wysija_form id=\u00bb1&#8243;]<\/p>\n<hr \/>\n<p>&nbsp;<\/p>\n<h3>Puedes imprimir esta publicaci\u00f3n o guardarla en diferentes formatos :<\/h3>\n<p style=\"text-align: justify;\"><span style=\"color: #ff0000;\">Para facilitar la impresi\u00f3n, se ha reducido considerablemente el tama\u00f1o de las fotos, pero si deseas imprimir sin fotos, aconsejamos guardarlo como \u201cdoc\u201d, y antes de imprimirlo, eliminar las fotos<\/span><\/p>\n","protected":false},"excerpt":{"rendered":"<p>Como que ayer hicimos una larga y durilla excursi\u00f3n, hoy nuestro amigo Lluis nos propone \u00e9sta, desde la Collada de Tossas (concretamente en la zona llamada Las Colladetes), hasta el pueblo de Dorria. De esta forma, hacemos una subida no muy larga, y un descenso m\u00e1s largo, y asi no nos cansaremos tanto, aunque tambi\u00e9n [&hellip;]<\/p>\n","protected":false},"author":50,"featured_media":10406,"comment_status":"open","ping_status":"open","sticky":false,"template":"","format":"standard","meta":{"footnotes":""},"categories":[10,22,83],"tags":[],"class_list":{"0":"post-10405","1":"post","2":"type-post","3":"status-publish","4":"format-standard","5":"has-post-thumbnail","6":"hentry","7":"category-facil","8":"category-de-05-a-10-km","9":"category-la-molina","11":"post-with-thumbnail","12":"post-with-thumbnail-icon"},"yoast_head":"<!-- This site is optimized with the Yoast SEO plugin v27.4 - https:\/\/yoast.com\/product\/yoast-seo-wordpress\/ -->\n<title>08-07-2017 - Collada de Tossas - Dorria -<\/title>\n<meta name=\"robots\" content=\"index, follow, max-snippet:-1, max-image-preview:large, max-video-preview:-1\" \/>\n<link rel=\"canonical\" href=\"https:\/\/www.carlosyconchita.net\/rutas\/08-07-2017-collada-tossas-dorria\/\" \/>\n<meta property=\"og:locale\" content=\"es_ES\" \/>\n<meta property=\"og:type\" content=\"article\" \/>\n<meta property=\"og:title\" content=\"08-07-2017 - Collada de Tossas - Dorria -\" \/>\n<meta property=\"og:description\" content=\"Como que ayer hicimos una larga y durilla excursi\u00f3n, hoy nuestro amigo Lluis nos propone \u00e9sta, desde la Collada de Tossas (concretamente en la zona llamada Las Colladetes), hasta el pueblo de Dorria. De esta forma, hacemos una subida no muy larga, y un descenso m\u00e1s largo, y asi no nos cansaremos tanto, aunque tambi\u00e9n [&hellip;]\" \/>\n<meta property=\"og:url\" content=\"https:\/\/www.carlosyconchita.net\/rutas\/08-07-2017-collada-tossas-dorria\/\" \/>\n<meta property=\"og:site_name\" content=\"Las rutas de Carlos y Conchita\" \/>\n<meta property=\"article:published_time\" content=\"2017-07-08T19:31:01+00:00\" \/>\n<meta property=\"article:modified_time\" content=\"2020-04-14T19:22:24+00:00\" \/>\n<meta property=\"og:image\" content=\"https:\/\/www.carlosyconchita.net\/rutas\/wp-content\/uploads\/2017\/07\/DSC04652.jpg\" \/>\n\t<meta property=\"og:image:width\" content=\"1019\" \/>\n\t<meta property=\"og:image:height\" content=\"764\" \/>\n\t<meta property=\"og:image:type\" content=\"image\/jpeg\" \/>\n<meta name=\"author\" content=\"Carlos Conchita\" \/>\n<meta name=\"twitter:label1\" content=\"Escrito por\" \/>\n\t<meta name=\"twitter:data1\" content=\"Carlos Conchita\" \/>\n\t<meta name=\"twitter:label2\" content=\"Tiempo de lectura\" \/>\n\t<meta name=\"twitter:data2\" content=\"2 minutos\" \/>\n<script type=\"application\/ld+json\" class=\"yoast-schema-graph\">{\"@context\":\"https:\\\/\\\/schema.org\",\"@graph\":[{\"@type\":\"Article\",\"@id\":\"https:\\\/\\\/www.carlosyconchita.net\\\/rutas\\\/08-07-2017-collada-tossas-dorria\\\/#article\",\"isPartOf\":{\"@id\":\"https:\\\/\\\/www.carlosyconchita.net\\\/rutas\\\/08-07-2017-collada-tossas-dorria\\\/\"},\"author\":{\"name\":\"Carlos Conchita\",\"@id\":\"https:\\\/\\\/www.carlosyconchita.net\\\/rutas\\\/#\\\/schema\\\/person\\\/a9691f7258c28443fab2d3aa1479ea19\"},\"headline\":\"08-07-2017 &#8211; Collada de Tossas &#8211; Dorria\",\"datePublished\":\"2017-07-08T19:31:01+00:00\",\"dateModified\":\"2020-04-14T19:22:24+00:00\",\"mainEntityOfPage\":{\"@id\":\"https:\\\/\\\/www.carlosyconchita.net\\\/rutas\\\/08-07-2017-collada-tossas-dorria\\\/\"},\"wordCount\":496,\"commentCount\":0,\"image\":{\"@id\":\"https:\\\/\\\/www.carlosyconchita.net\\\/rutas\\\/08-07-2017-collada-tossas-dorria\\\/#primaryimage\"},\"thumbnailUrl\":\"https:\\\/\\\/www.carlosyconchita.net\\\/rutas\\\/wp-content\\\/uploads\\\/2017\\\/07\\\/DSC04652.jpg\",\"articleSection\":[\"1-F\u00e1cil\",\"2 - De 5 a 10 km.\",\"La Molina-Masella\"],\"inLanguage\":\"es\",\"potentialAction\":[{\"@type\":\"CommentAction\",\"name\":\"Comment\",\"target\":[\"https:\\\/\\\/www.carlosyconchita.net\\\/rutas\\\/08-07-2017-collada-tossas-dorria\\\/#respond\"]}]},{\"@type\":\"WebPage\",\"@id\":\"https:\\\/\\\/www.carlosyconchita.net\\\/rutas\\\/08-07-2017-collada-tossas-dorria\\\/\",\"url\":\"https:\\\/\\\/www.carlosyconchita.net\\\/rutas\\\/08-07-2017-collada-tossas-dorria\\\/\",\"name\":\"08-07-2017 - Collada de Tossas - Dorria -\",\"isPartOf\":{\"@id\":\"https:\\\/\\\/www.carlosyconchita.net\\\/rutas\\\/#website\"},\"primaryImageOfPage\":{\"@id\":\"https:\\\/\\\/www.carlosyconchita.net\\\/rutas\\\/08-07-2017-collada-tossas-dorria\\\/#primaryimage\"},\"image\":{\"@id\":\"https:\\\/\\\/www.carlosyconchita.net\\\/rutas\\\/08-07-2017-collada-tossas-dorria\\\/#primaryimage\"},\"thumbnailUrl\":\"https:\\\/\\\/www.carlosyconchita.net\\\/rutas\\\/wp-content\\\/uploads\\\/2017\\\/07\\\/DSC04652.jpg\",\"datePublished\":\"2017-07-08T19:31:01+00:00\",\"dateModified\":\"2020-04-14T19:22:24+00:00\",\"author\":{\"@id\":\"https:\\\/\\\/www.carlosyconchita.net\\\/rutas\\\/#\\\/schema\\\/person\\\/a9691f7258c28443fab2d3aa1479ea19\"},\"breadcrumb\":{\"@id\":\"https:\\\/\\\/www.carlosyconchita.net\\\/rutas\\\/08-07-2017-collada-tossas-dorria\\\/#breadcrumb\"},\"inLanguage\":\"es\",\"potentialAction\":[{\"@type\":\"ReadAction\",\"target\":[\"https:\\\/\\\/www.carlosyconchita.net\\\/rutas\\\/08-07-2017-collada-tossas-dorria\\\/\"]}]},{\"@type\":\"ImageObject\",\"inLanguage\":\"es\",\"@id\":\"https:\\\/\\\/www.carlosyconchita.net\\\/rutas\\\/08-07-2017-collada-tossas-dorria\\\/#primaryimage\",\"url\":\"https:\\\/\\\/www.carlosyconchita.net\\\/rutas\\\/wp-content\\\/uploads\\\/2017\\\/07\\\/DSC04652.jpg\",\"contentUrl\":\"https:\\\/\\\/www.carlosyconchita.net\\\/rutas\\\/wp-content\\\/uploads\\\/2017\\\/07\\\/DSC04652.jpg\",\"width\":1019,\"height\":764},{\"@type\":\"BreadcrumbList\",\"@id\":\"https:\\\/\\\/www.carlosyconchita.net\\\/rutas\\\/08-07-2017-collada-tossas-dorria\\\/#breadcrumb\",\"itemListElement\":[{\"@type\":\"ListItem\",\"position\":1,\"name\":\"Portada\",\"item\":\"https:\\\/\\\/www.carlosyconchita.net\\\/rutas\\\/\"},{\"@type\":\"ListItem\",\"position\":2,\"name\":\"08-07-2017 &#8211; Collada de Tossas &#8211; Dorria\"}]},{\"@type\":\"WebSite\",\"@id\":\"https:\\\/\\\/www.carlosyconchita.net\\\/rutas\\\/#website\",\"url\":\"https:\\\/\\\/www.carlosyconchita.net\\\/rutas\\\/\",\"name\":\"Las rutas de Carlos y Conchita\",\"description\":\"\",\"potentialAction\":[{\"@type\":\"SearchAction\",\"target\":{\"@type\":\"EntryPoint\",\"urlTemplate\":\"https:\\\/\\\/www.carlosyconchita.net\\\/rutas\\\/?s={search_term_string}\"},\"query-input\":{\"@type\":\"PropertyValueSpecification\",\"valueRequired\":true,\"valueName\":\"search_term_string\"}}],\"inLanguage\":\"es\"},{\"@type\":\"Person\",\"@id\":\"https:\\\/\\\/www.carlosyconchita.net\\\/rutas\\\/#\\\/schema\\\/person\\\/a9691f7258c28443fab2d3aa1479ea19\",\"name\":\"Carlos Conchita\",\"image\":{\"@type\":\"ImageObject\",\"inLanguage\":\"es\",\"@id\":\"https:\\\/\\\/secure.gravatar.com\\\/avatar\\\/3a4625b20c8da3de99da69bfe7a322774e291c3f90dce7e8778a30fe6748ed1a?s=96&d=mm&r=g\",\"url\":\"https:\\\/\\\/secure.gravatar.com\\\/avatar\\\/3a4625b20c8da3de99da69bfe7a322774e291c3f90dce7e8778a30fe6748ed1a?s=96&d=mm&r=g\",\"contentUrl\":\"https:\\\/\\\/secure.gravatar.com\\\/avatar\\\/3a4625b20c8da3de99da69bfe7a322774e291c3f90dce7e8778a30fe6748ed1a?s=96&d=mm&r=g\",\"caption\":\"Carlos Conchita\"}}]}<\/script>\n<!-- \/ Yoast SEO plugin. -->","yoast_head_json":{"title":"08-07-2017 - Collada de Tossas - Dorria -","robots":{"index":"index","follow":"follow","max-snippet":"max-snippet:-1","max-image-preview":"max-image-preview:large","max-video-preview":"max-video-preview:-1"},"canonical":"https:\/\/www.carlosyconchita.net\/rutas\/08-07-2017-collada-tossas-dorria\/","og_locale":"es_ES","og_type":"article","og_title":"08-07-2017 - Collada de Tossas - Dorria -","og_description":"Como que ayer hicimos una larga y durilla excursi\u00f3n, hoy nuestro amigo Lluis nos propone \u00e9sta, desde la Collada de Tossas (concretamente en la zona llamada Las Colladetes), hasta el pueblo de Dorria. De esta forma, hacemos una subida no muy larga, y un descenso m\u00e1s largo, y asi no nos cansaremos tanto, aunque tambi\u00e9n [&hellip;]","og_url":"https:\/\/www.carlosyconchita.net\/rutas\/08-07-2017-collada-tossas-dorria\/","og_site_name":"Las rutas de Carlos y Conchita","article_published_time":"2017-07-08T19:31:01+00:00","article_modified_time":"2020-04-14T19:22:24+00:00","og_image":[{"width":1019,"height":764,"url":"https:\/\/www.carlosyconchita.net\/rutas\/wp-content\/uploads\/2017\/07\/DSC04652.jpg","type":"image\/jpeg"}],"author":"Carlos Conchita","twitter_misc":{"Escrito por":"Carlos Conchita","Tiempo de lectura":"2 minutos"},"schema":{"@context":"https:\/\/schema.org","@graph":[{"@type":"Article","@id":"https:\/\/www.carlosyconchita.net\/rutas\/08-07-2017-collada-tossas-dorria\/#article","isPartOf":{"@id":"https:\/\/www.carlosyconchita.net\/rutas\/08-07-2017-collada-tossas-dorria\/"},"author":{"name":"Carlos Conchita","@id":"https:\/\/www.carlosyconchita.net\/rutas\/#\/schema\/person\/a9691f7258c28443fab2d3aa1479ea19"},"headline":"08-07-2017 &#8211; Collada de Tossas &#8211; Dorria","datePublished":"2017-07-08T19:31:01+00:00","dateModified":"2020-04-14T19:22:24+00:00","mainEntityOfPage":{"@id":"https:\/\/www.carlosyconchita.net\/rutas\/08-07-2017-collada-tossas-dorria\/"},"wordCount":496,"commentCount":0,"image":{"@id":"https:\/\/www.carlosyconchita.net\/rutas\/08-07-2017-collada-tossas-dorria\/#primaryimage"},"thumbnailUrl":"https:\/\/www.carlosyconchita.net\/rutas\/wp-content\/uploads\/2017\/07\/DSC04652.jpg","articleSection":["1-F\u00e1cil","2 - De 5 a 10 km.","La Molina-Masella"],"inLanguage":"es","potentialAction":[{"@type":"CommentAction","name":"Comment","target":["https:\/\/www.carlosyconchita.net\/rutas\/08-07-2017-collada-tossas-dorria\/#respond"]}]},{"@type":"WebPage","@id":"https:\/\/www.carlosyconchita.net\/rutas\/08-07-2017-collada-tossas-dorria\/","url":"https:\/\/www.carlosyconchita.net\/rutas\/08-07-2017-collada-tossas-dorria\/","name":"08-07-2017 - Collada de Tossas - Dorria -","isPartOf":{"@id":"https:\/\/www.carlosyconchita.net\/rutas\/#website"},"primaryImageOfPage":{"@id":"https:\/\/www.carlosyconchita.net\/rutas\/08-07-2017-collada-tossas-dorria\/#primaryimage"},"image":{"@id":"https:\/\/www.carlosyconchita.net\/rutas\/08-07-2017-collada-tossas-dorria\/#primaryimage"},"thumbnailUrl":"https:\/\/www.carlosyconchita.net\/rutas\/wp-content\/uploads\/2017\/07\/DSC04652.jpg","datePublished":"2017-07-08T19:31:01+00:00","dateModified":"2020-04-14T19:22:24+00:00","author":{"@id":"https:\/\/www.carlosyconchita.net\/rutas\/#\/schema\/person\/a9691f7258c28443fab2d3aa1479ea19"},"breadcrumb":{"@id":"https:\/\/www.carlosyconchita.net\/rutas\/08-07-2017-collada-tossas-dorria\/#breadcrumb"},"inLanguage":"es","potentialAction":[{"@type":"ReadAction","target":["https:\/\/www.carlosyconchita.net\/rutas\/08-07-2017-collada-tossas-dorria\/"]}]},{"@type":"ImageObject","inLanguage":"es","@id":"https:\/\/www.carlosyconchita.net\/rutas\/08-07-2017-collada-tossas-dorria\/#primaryimage","url":"https:\/\/www.carlosyconchita.net\/rutas\/wp-content\/uploads\/2017\/07\/DSC04652.jpg","contentUrl":"https:\/\/www.carlosyconchita.net\/rutas\/wp-content\/uploads\/2017\/07\/DSC04652.jpg","width":1019,"height":764},{"@type":"BreadcrumbList","@id":"https:\/\/www.carlosyconchita.net\/rutas\/08-07-2017-collada-tossas-dorria\/#breadcrumb","itemListElement":[{"@type":"ListItem","position":1,"name":"Portada","item":"https:\/\/www.carlosyconchita.net\/rutas\/"},{"@type":"ListItem","position":2,"name":"08-07-2017 &#8211; Collada de Tossas &#8211; Dorria"}]},{"@type":"WebSite","@id":"https:\/\/www.carlosyconchita.net\/rutas\/#website","url":"https:\/\/www.carlosyconchita.net\/rutas\/","name":"Las rutas de Carlos y Conchita","description":"","potentialAction":[{"@type":"SearchAction","target":{"@type":"EntryPoint","urlTemplate":"https:\/\/www.carlosyconchita.net\/rutas\/?s={search_term_string}"},"query-input":{"@type":"PropertyValueSpecification","valueRequired":true,"valueName":"search_term_string"}}],"inLanguage":"es"},{"@type":"Person","@id":"https:\/\/www.carlosyconchita.net\/rutas\/#\/schema\/person\/a9691f7258c28443fab2d3aa1479ea19","name":"Carlos Conchita","image":{"@type":"ImageObject","inLanguage":"es","@id":"https:\/\/secure.gravatar.com\/avatar\/3a4625b20c8da3de99da69bfe7a322774e291c3f90dce7e8778a30fe6748ed1a?s=96&d=mm&r=g","url":"https:\/\/secure.gravatar.com\/avatar\/3a4625b20c8da3de99da69bfe7a322774e291c3f90dce7e8778a30fe6748ed1a?s=96&d=mm&r=g","contentUrl":"https:\/\/secure.gravatar.com\/avatar\/3a4625b20c8da3de99da69bfe7a322774e291c3f90dce7e8778a30fe6748ed1a?s=96&d=mm&r=g","caption":"Carlos Conchita"}}]}},"_links":{"self":[{"href":"https:\/\/www.carlosyconchita.net\/rutas\/wp-json\/wp\/v2\/posts\/10405","targetHints":{"allow":["GET"]}}],"collection":[{"href":"https:\/\/www.carlosyconchita.net\/rutas\/wp-json\/wp\/v2\/posts"}],"about":[{"href":"https:\/\/www.carlosyconchita.net\/rutas\/wp-json\/wp\/v2\/types\/post"}],"author":[{"embeddable":true,"href":"https:\/\/www.carlosyconchita.net\/rutas\/wp-json\/wp\/v2\/users\/50"}],"replies":[{"embeddable":true,"href":"https:\/\/www.carlosyconchita.net\/rutas\/wp-json\/wp\/v2\/comments?post=10405"}],"version-history":[{"count":0,"href":"https:\/\/www.carlosyconchita.net\/rutas\/wp-json\/wp\/v2\/posts\/10405\/revisions"}],"wp:featuredmedia":[{"embeddable":true,"href":"https:\/\/www.carlosyconchita.net\/rutas\/wp-json\/wp\/v2\/media\/10406"}],"wp:attachment":[{"href":"https:\/\/www.carlosyconchita.net\/rutas\/wp-json\/wp\/v2\/media?parent=10405"}],"wp:term":[{"taxonomy":"category","embeddable":true,"href":"https:\/\/www.carlosyconchita.net\/rutas\/wp-json\/wp\/v2\/categories?post=10405"},{"taxonomy":"post_tag","embeddable":true,"href":"https:\/\/www.carlosyconchita.net\/rutas\/wp-json\/wp\/v2\/tags?post=10405"}],"curies":[{"name":"wp","href":"https:\/\/api.w.org\/{rel}","templated":true}]}}