{"id":10579,"date":"2017-07-31T09:51:47","date_gmt":"2017-07-31T08:51:47","guid":{"rendered":"http:\/\/www.carlosyconchita.net\/rutas\/?p=10579"},"modified":"2022-03-17T18:54:11","modified_gmt":"2022-03-17T17:54:11","slug":"31-07-2017-coll-pic-noucreus-coll-noufonts","status":"publish","type":"post","link":"https:\/\/www.carlosyconchita.net\/rutas\/31-07-2017-coll-pic-noucreus-coll-noufonts\/","title":{"rendered":"31-07-2017-Coll y Pic Noucreus y Coll Noufonts (bornas 509-510)"},"content":{"rendered":"<p style=\"text-align: justify;\">Desde Queralbs subimos a Nuria con el cremallera\u00a0 en el primer tren de la ma\u00f1ana, y desde all\u00ed empezamos a caminar en direcci\u00f3n al Coll de Noucreus, siguiendo el camino que mas o menos va siguiendo el recorrido del Torrent de Noufonts, hasta que llegamos a un letrero que nos indica Noufonts a la izquierda y Noucreus a la derecha.<br \/>\nNosotros subimos por la derecha en direcci\u00f3n al Coll de Noucreus, en donde veremos desde muy lejos la \u00abnueva\u00bb borna 510, y desde all\u00ed seguiremos a nuestra izquierda para llegar al Pic de Noucreus, que tiene solamente unos pocos metros m\u00e1s que el Coll del mismo nombre.<\/p>\n<p style=\"text-align: justify;\">Continuaremos el camino descendiendo por una empinada pendiente en direcci\u00f3n al Coll de Noufonts, en donde veremos la borna 509, y desde all\u00ed descenderemos en direcci\u00f3n a Nuria.<\/p>\n<p style=\"text-align: justify;\">La idea inicial era continuar el camino subiendo el Pic de Noufonts y despu\u00e9s el de Eyna, para llegar al Coll de Eyna o de Nuria, en donde est\u00e1 la borna 508, que es la \u00fanica que nos falta entre la 427 y la 510 (a fecha de hoy,\u00a0 31-07-2017) , pero debido al fuerte viento que hac\u00eda y que dificultaba bastante el caminar por el borde de la pendiente, hemos preferido volver y dejar el Pic de Noufonts para otro dia.<\/p>\n<hr \/>\n<h3><strong>Album de fotos<\/strong><\/h3>\n<p>&nbsp;<\/p>\n<p><a href=\"https:\/\/photos.app.goo.gl\/Awgk3HjmfFdC639KA\" target=\"_blank\" rel=\"noopener noreferrer\"><img loading=\"lazy\" decoding=\"async\" class=\"aligncenter wp-image-10580 size-column4-4\/5\" src=\"http:\/\/www.carlosyconchita.net\/rutas\/wp-content\/uploads\/2017\/08\/Noucreus-0054-240x192.jpg\" alt=\"\" width=\"240\" height=\"192\" srcset=\"https:\/\/www.carlosyconchita.net\/rutas\/wp-content\/uploads\/2017\/08\/Noucreus-0054-240x192.jpg 240w, https:\/\/www.carlosyconchita.net\/rutas\/wp-content\/uploads\/2017\/08\/Noucreus-0054-250x200.jpg 250w, https:\/\/www.carlosyconchita.net\/rutas\/wp-content\/uploads\/2017\/08\/Noucreus-0054-480x384.jpg 480w, https:\/\/www.carlosyconchita.net\/rutas\/wp-content\/uploads\/2017\/08\/Noucreus-0054-320x256.jpg 320w\" sizes=\"auto, (max-width: 240px) 100vw, 240px\" \/><\/a><\/p>\n<hr \/>\n<p><strong>Dificultad<\/strong> :\u00a0\u00a0 Moderado<\/p>\n<p><strong>Distancia total<\/strong> :\u00a0\u00a0\u00a0\u00a0 10.498\u00a0<span class=\"totlen\"><span class=\"summaryvalue\"> m.<\/span><\/span><\/p>\n<p><strong>Alturas m\u00ednima \/ m\u00e1xima<\/strong> :\u00a0\u00a0\u00a0\u00a0 1.962\u00a0 m \u2013 2.794 m<\/p>\n<p><strong>Desnivel acumulado (s\/Wikiloc)<\/strong>\u00a0 :\u00a0 \u00a0\u00a0 832\u00a0 m.<\/p>\n<p><strong>Tiempo total \/ en movimiento<\/strong> :\u00a0\u00a0\u00a0\u00a0\u00a0\u00a0\u00a0 5\u201938 h. \u2013\u00a0 3\u201915\u00a0 h.<\/p>\n<p><strong>Vel. media total \/ vel.media movimiento<\/strong> :\u00a0\u00a0 1\u201981 km\/h \u2013\u00a0 3\u201914\u00a0 km\/h<\/p>\n<p>&nbsp;<\/p>\n<p>&nbsp;<\/p>\n<p>&nbsp;<\/p>\n<hr \/>\n<p><img decoding=\"async\" src=\"https:\/\/farm5.staticflickr.com\/4413\/36610178062_4bbf3bdbdd_b.jpg\" \/><\/p>\n<p><img decoding=\"async\" src=\"https:\/\/farm5.staticflickr.com\/4344\/35971315983_aeb89990c1_b.jpg\" \/><\/p>\n<p><img decoding=\"async\" src=\"https:\/\/farm5.staticflickr.com\/4433\/36610175422_2b716cddcc_b.jpg\" \/><\/p>\n<p><img decoding=\"async\" src=\"https:\/\/farm5.staticflickr.com\/4353\/36610170282_821d59a48e_b.jpg\" \/><\/p>\n<p>&nbsp;<\/p>\n<p>Empieza el \u00faltimo tramo de subida al Coll de Noucreus, en terreno pedregoso.<\/p>\n<p><img decoding=\"async\" src=\"https:\/\/farm5.staticflickr.com\/4385\/35945597744_1168d63752_b.jpg\" \/><\/p>\n<p><img decoding=\"async\" src=\"https:\/\/farm5.staticflickr.com\/4349\/36610167192_26acdbe6e1_b.jpg\" \/><\/p>\n<p><img decoding=\"async\" src=\"https:\/\/farm5.staticflickr.com\/4412\/35945595744_70b20620b2_b.jpg\" \/><\/p>\n<p><img decoding=\"async\" src=\"https:\/\/farm5.staticflickr.com\/4369\/36383118480_5f92a86d3b_b.jpg\" \/><\/p>\n<p>&nbsp;<\/p>\n<p>Antes de llegar arriba, hay una zona rocosa con bonitas vistas, entre la que destacamos el Pic del Infern, a donde hab\u00edamos subido el dia\u00a0\u00a0 21-08-2016 \u00a0\u00a0\u00a0\u00a0 ( <a href=\"http:\/\/www.carlosyconchita.net\/rutas\/21-08-2016-pic-del-infern\/\" target=\"_blank\" rel=\"noopener noreferrer\"><strong><span style=\"color: #000080;\">ver enlace<\/span><\/strong><\/a> )<\/p>\n<p><img decoding=\"async\" src=\"https:\/\/farm5.staticflickr.com\/4403\/36383113730_bf6c6f79d9_b.jpg\" \/><\/p>\n<p><img decoding=\"async\" src=\"https:\/\/farm5.staticflickr.com\/4402\/35971301413_0992663cf3_b.jpg\" \/><\/p>\n<p>&nbsp;<\/p>\n<p>El Pic del Infern a la izquierda y el camino de subida a la derecha<\/p>\n<p><img decoding=\"async\" src=\"https:\/\/farm5.staticflickr.com\/4418\/35971299943_c9250f1070_b.jpg\" \/><\/p>\n<p>&nbsp;<\/p>\n<p>Poco despu\u00e9s llegamos al Coll de Noucreus.<\/p>\n<p><img decoding=\"async\" src=\"https:\/\/farm5.staticflickr.com\/4332\/36383105510_4972f71ee7_b.jpg\" \/><\/p>\n<p><img decoding=\"async\" src=\"https:\/\/farm5.staticflickr.com\/4381\/35971288283_9572a15ab8_b.jpg\" \/><\/p>\n<p><img decoding=\"async\" src=\"https:\/\/farm5.staticflickr.com\/4438\/36383105030_eb4a36fccf_b.jpg\" \/><\/p>\n<p>&nbsp;<\/p>\n<p style=\"text-align: justify;\">Desde all\u00ed continuamos el camino hacia nuestra izquierda, en direcci\u00f3n al Pic de Noucreus, con bonitas vistas en la vertiente francesa.<\/p>\n<p><img decoding=\"async\" src=\"https:\/\/farm5.staticflickr.com\/4435\/35971289263_c75007d771_b.jpg\" \/><\/p>\n<p><img decoding=\"async\" src=\"https:\/\/farm5.staticflickr.com\/4426\/36610148542_a3d1d422f4_b.jpg\" \/><\/p>\n<p><img decoding=\"async\" src=\"https:\/\/farm5.staticflickr.com\/4438\/36610147742_6879933d7a_b.jpg\" \/><\/p>\n<p>&nbsp;<\/p>\n<p>Bajamos despu\u00e9s al Coll de Noufonts, en donde despues de buscar entre las piedras, localizamos la borna 509<\/p>\n<p><img decoding=\"async\" src=\"https:\/\/farm5.staticflickr.com\/4422\/36780133895_459f7485b9_b.jpg\" \/><\/p>\n<p><img decoding=\"async\" src=\"https:\/\/farm5.staticflickr.com\/4402\/36780133315_0a881fbc87_b.jpg\" \/><\/p>\n<p><img decoding=\"async\" src=\"https:\/\/farm5.staticflickr.com\/4379\/35945565604_1e803ab6c7_b.jpg\" \/><\/p>\n<p>\nDesde all\u00ed, bajamos en direcci\u00f3n a Nuria, por el camino que se v\u00e9 perfectamente recorriendo todo el valle, pedregoso al principio y mucho m\u00e1s verde despu\u00e9s, conforme vamos bajando.<\/p>\n<p><img decoding=\"async\" src=\"https:\/\/farm5.staticflickr.com\/4391\/35971264143_6fdafb7d2d_b.jpg\" \/><\/p>\n<p><img decoding=\"async\" src=\"https:\/\/farm5.staticflickr.com\/4392\/36640974591_28b3007190_b.jpg\" \/><\/p>\n<p><img decoding=\"async\" src=\"https:\/\/farm5.staticflickr.com\/4342\/35971256803_831a5db81e_b.jpg\" \/><\/p>\n<p><img decoding=\"async\" src=\"https:\/\/farm5.staticflickr.com\/4440\/35945557454_c92020340e_b.jpg\" \/><\/p>\n<p><img decoding=\"async\" src=\"https:\/\/farm5.staticflickr.com\/4382\/35945555234_b04c99b490_b.jpg\" \/><\/p>\n<hr \/>\n<h3><strong>Track de la ruta<\/strong><\/h3>\n<p>[sgpx gpx=\u00bb\/wp-content\/uploads\/gpx\/CollNoucreus-CollNoufonts.gpx\u00bb]<\/p>\n<p>&nbsp;<\/p>\n<hr \/>\n<p>&nbsp;<\/p>\n<h3><strong>Wikiloc<\/strong><\/h3>\n<p>&nbsp;<\/p>\n<p><a href=\"https:\/\/es.wikiloc.com\/wikiloc\/view.do?id=19379514\" target=\"_blank\" rel=\"noopener noreferrer\"><img loading=\"lazy\" decoding=\"async\" class=\"size-full wp-image-958 aligncenter\" src=\"http:\/\/www.carlosyconchita.net\/rutas\/wp-content\/uploads\/2020\/09\/wikiloc.jpg\" alt=\"\" width=\"117\" height=\"34\" \/><\/a><\/p>\n<p>&nbsp;<\/p>\n<hr \/>\n<p><span style=\"color: #ff0000;\"><strong>Si te ha gustado, comp\u00e1rtelo en tu red favorita <\/strong><\/span><span style=\"color: #ff0000;\"><strong>o env\u00edanos tu comentario.<br \/>\n<\/strong><\/span><\/p>\n<p><span style=\"color: #ff0000;\"><strong>Muchas gracias !<\/strong><\/span><\/p>\n<hr \/>\n<p><span style=\"color: #008000;\"><strong>Suscribete si quieres recibir un mail cuando publiquemos nuevas rutas : no enviamos publicidad y como m\u00e1ximo enviamos 2 mails al mes<\/strong><\/span><\/p>\n<p>[wysija_form id=\u00bb1&#8243;]<\/p>\n<hr \/>\n<p>&nbsp;<\/p>\n<h3>Puedes imprimir esta publicaci\u00f3n o guardarla en diferentes formatos :<\/h3>\n<p style=\"text-align: justify;\"><span style=\"color: #ff0000;\">Para facilitar la impresi\u00f3n, se ha reducido considerablemente el tama\u00f1o de las fotos, pero si deseas imprimir sin fotos, aconsejamos guardarlo como \u201cdoc\u201d, y antes de imprimirlo, eliminar las fotos<\/span><\/p>\n<p>&nbsp;<\/p>\n<hr \/>\n<p>&nbsp;<\/p>\n","protected":false},"excerpt":{"rendered":"<p>Desde Nuria subimos al Coll y Pic Noucreus y Coll Noufonts para localizar las bornas 509-510<\/p>\n","protected":false},"author":50,"featured_media":10580,"comment_status":"open","ping_status":"open","sticky":false,"template":"","format":"standard","meta":{"footnotes":""},"categories":[106,11,23,74,79],"tags":[],"class_list":{"0":"post-10579","1":"post","2":"type-post","3":"status-publish","4":"format-standard","5":"has-post-thumbnail","6":"hentry","7":"category-nuestros-100-cims","8":"category-moderada","9":"category-de-10-a-15-km","10":"category-0-mojones-bornas-frontera","11":"category-nuria","13":"post-with-thumbnail","14":"post-with-thumbnail-icon"},"yoast_head":"<!-- This site is optimized with the Yoast SEO plugin v27.4 - https:\/\/yoast.com\/product\/yoast-seo-wordpress\/ -->\n<title>31-07-2017-Coll y Pic Noucreus y Coll Noufonts (bornas 509-510) -<\/title>\n<meta name=\"robots\" content=\"index, follow, max-snippet:-1, max-image-preview:large, max-video-preview:-1\" \/>\n<link rel=\"canonical\" href=\"https:\/\/www.carlosyconchita.net\/rutas\/31-07-2017-coll-pic-noucreus-coll-noufonts\/\" \/>\n<meta property=\"og:locale\" content=\"es_ES\" \/>\n<meta property=\"og:type\" content=\"article\" \/>\n<meta property=\"og:title\" content=\"31-07-2017-Coll y Pic Noucreus y Coll Noufonts (bornas 509-510) -\" \/>\n<meta property=\"og:description\" content=\"Desde Nuria subimos al Coll y Pic Noucreus y Coll Noufonts para localizar las bornas 509-510\" \/>\n<meta property=\"og:url\" content=\"https:\/\/www.carlosyconchita.net\/rutas\/31-07-2017-coll-pic-noucreus-coll-noufonts\/\" \/>\n<meta property=\"og:site_name\" content=\"Las rutas de Carlos y Conchita\" \/>\n<meta property=\"article:published_time\" content=\"2017-07-31T08:51:47+00:00\" \/>\n<meta property=\"article:modified_time\" content=\"2022-03-17T17:54:11+00:00\" \/>\n<meta property=\"og:image\" content=\"https:\/\/www.carlosyconchita.net\/rutas\/wp-content\/uploads\/2017\/08\/Noucreus-0054.jpg\" \/>\n\t<meta property=\"og:image:width\" content=\"1024\" \/>\n\t<meta property=\"og:image:height\" content=\"576\" \/>\n\t<meta property=\"og:image:type\" content=\"image\/jpeg\" \/>\n<meta name=\"author\" content=\"Carlos Conchita\" \/>\n<meta name=\"twitter:label1\" content=\"Escrito por\" \/>\n\t<meta name=\"twitter:data1\" content=\"Carlos Conchita\" \/>\n\t<meta name=\"twitter:label2\" content=\"Tiempo de lectura\" \/>\n\t<meta name=\"twitter:data2\" content=\"3 minutos\" \/>\n<script type=\"application\/ld+json\" class=\"yoast-schema-graph\">{\"@context\":\"https:\\\/\\\/schema.org\",\"@graph\":[{\"@type\":\"Article\",\"@id\":\"https:\\\/\\\/www.carlosyconchita.net\\\/rutas\\\/31-07-2017-coll-pic-noucreus-coll-noufonts\\\/#article\",\"isPartOf\":{\"@id\":\"https:\\\/\\\/www.carlosyconchita.net\\\/rutas\\\/31-07-2017-coll-pic-noucreus-coll-noufonts\\\/\"},\"author\":{\"name\":\"Carlos Conchita\",\"@id\":\"https:\\\/\\\/www.carlosyconchita.net\\\/rutas\\\/#\\\/schema\\\/person\\\/a9691f7258c28443fab2d3aa1479ea19\"},\"headline\":\"31-07-2017-Coll y Pic Noucreus y Coll Noufonts (bornas 509-510)\",\"datePublished\":\"2017-07-31T08:51:47+00:00\",\"dateModified\":\"2022-03-17T17:54:11+00:00\",\"mainEntityOfPage\":{\"@id\":\"https:\\\/\\\/www.carlosyconchita.net\\\/rutas\\\/31-07-2017-coll-pic-noucreus-coll-noufonts\\\/\"},\"wordCount\":517,\"commentCount\":0,\"image\":{\"@id\":\"https:\\\/\\\/www.carlosyconchita.net\\\/rutas\\\/31-07-2017-coll-pic-noucreus-coll-noufonts\\\/#primaryimage\"},\"thumbnailUrl\":\"https:\\\/\\\/www.carlosyconchita.net\\\/rutas\\\/wp-content\\\/uploads\\\/2017\\\/08\\\/Noucreus-0054.jpg\",\"articleSection\":[\"100 Cims Carlos y Conchita\",\"2-Moderada\",\"3 - De 10 a 15 km.\",\"Mojones \\\/ Bornas frontera ES-FR\",\"Nuria\"],\"inLanguage\":\"es\",\"potentialAction\":[{\"@type\":\"CommentAction\",\"name\":\"Comment\",\"target\":[\"https:\\\/\\\/www.carlosyconchita.net\\\/rutas\\\/31-07-2017-coll-pic-noucreus-coll-noufonts\\\/#respond\"]}]},{\"@type\":\"WebPage\",\"@id\":\"https:\\\/\\\/www.carlosyconchita.net\\\/rutas\\\/31-07-2017-coll-pic-noucreus-coll-noufonts\\\/\",\"url\":\"https:\\\/\\\/www.carlosyconchita.net\\\/rutas\\\/31-07-2017-coll-pic-noucreus-coll-noufonts\\\/\",\"name\":\"31-07-2017-Coll y Pic Noucreus y Coll Noufonts (bornas 509-510) -\",\"isPartOf\":{\"@id\":\"https:\\\/\\\/www.carlosyconchita.net\\\/rutas\\\/#website\"},\"primaryImageOfPage\":{\"@id\":\"https:\\\/\\\/www.carlosyconchita.net\\\/rutas\\\/31-07-2017-coll-pic-noucreus-coll-noufonts\\\/#primaryimage\"},\"image\":{\"@id\":\"https:\\\/\\\/www.carlosyconchita.net\\\/rutas\\\/31-07-2017-coll-pic-noucreus-coll-noufonts\\\/#primaryimage\"},\"thumbnailUrl\":\"https:\\\/\\\/www.carlosyconchita.net\\\/rutas\\\/wp-content\\\/uploads\\\/2017\\\/08\\\/Noucreus-0054.jpg\",\"datePublished\":\"2017-07-31T08:51:47+00:00\",\"dateModified\":\"2022-03-17T17:54:11+00:00\",\"author\":{\"@id\":\"https:\\\/\\\/www.carlosyconchita.net\\\/rutas\\\/#\\\/schema\\\/person\\\/a9691f7258c28443fab2d3aa1479ea19\"},\"breadcrumb\":{\"@id\":\"https:\\\/\\\/www.carlosyconchita.net\\\/rutas\\\/31-07-2017-coll-pic-noucreus-coll-noufonts\\\/#breadcrumb\"},\"inLanguage\":\"es\",\"potentialAction\":[{\"@type\":\"ReadAction\",\"target\":[\"https:\\\/\\\/www.carlosyconchita.net\\\/rutas\\\/31-07-2017-coll-pic-noucreus-coll-noufonts\\\/\"]}]},{\"@type\":\"ImageObject\",\"inLanguage\":\"es\",\"@id\":\"https:\\\/\\\/www.carlosyconchita.net\\\/rutas\\\/31-07-2017-coll-pic-noucreus-coll-noufonts\\\/#primaryimage\",\"url\":\"https:\\\/\\\/www.carlosyconchita.net\\\/rutas\\\/wp-content\\\/uploads\\\/2017\\\/08\\\/Noucreus-0054.jpg\",\"contentUrl\":\"https:\\\/\\\/www.carlosyconchita.net\\\/rutas\\\/wp-content\\\/uploads\\\/2017\\\/08\\\/Noucreus-0054.jpg\",\"width\":1024,\"height\":576},{\"@type\":\"BreadcrumbList\",\"@id\":\"https:\\\/\\\/www.carlosyconchita.net\\\/rutas\\\/31-07-2017-coll-pic-noucreus-coll-noufonts\\\/#breadcrumb\",\"itemListElement\":[{\"@type\":\"ListItem\",\"position\":1,\"name\":\"Portada\",\"item\":\"https:\\\/\\\/www.carlosyconchita.net\\\/rutas\\\/\"},{\"@type\":\"ListItem\",\"position\":2,\"name\":\"31-07-2017-Coll y Pic Noucreus y Coll Noufonts (bornas 509-510)\"}]},{\"@type\":\"WebSite\",\"@id\":\"https:\\\/\\\/www.carlosyconchita.net\\\/rutas\\\/#website\",\"url\":\"https:\\\/\\\/www.carlosyconchita.net\\\/rutas\\\/\",\"name\":\"Las rutas de Carlos y Conchita\",\"description\":\"\",\"potentialAction\":[{\"@type\":\"SearchAction\",\"target\":{\"@type\":\"EntryPoint\",\"urlTemplate\":\"https:\\\/\\\/www.carlosyconchita.net\\\/rutas\\\/?s={search_term_string}\"},\"query-input\":{\"@type\":\"PropertyValueSpecification\",\"valueRequired\":true,\"valueName\":\"search_term_string\"}}],\"inLanguage\":\"es\"},{\"@type\":\"Person\",\"@id\":\"https:\\\/\\\/www.carlosyconchita.net\\\/rutas\\\/#\\\/schema\\\/person\\\/a9691f7258c28443fab2d3aa1479ea19\",\"name\":\"Carlos Conchita\",\"image\":{\"@type\":\"ImageObject\",\"inLanguage\":\"es\",\"@id\":\"https:\\\/\\\/secure.gravatar.com\\\/avatar\\\/3a4625b20c8da3de99da69bfe7a322774e291c3f90dce7e8778a30fe6748ed1a?s=96&d=mm&r=g\",\"url\":\"https:\\\/\\\/secure.gravatar.com\\\/avatar\\\/3a4625b20c8da3de99da69bfe7a322774e291c3f90dce7e8778a30fe6748ed1a?s=96&d=mm&r=g\",\"contentUrl\":\"https:\\\/\\\/secure.gravatar.com\\\/avatar\\\/3a4625b20c8da3de99da69bfe7a322774e291c3f90dce7e8778a30fe6748ed1a?s=96&d=mm&r=g\",\"caption\":\"Carlos Conchita\"}}]}<\/script>\n<!-- \/ Yoast SEO plugin. -->","yoast_head_json":{"title":"31-07-2017-Coll y Pic Noucreus y Coll Noufonts (bornas 509-510) -","robots":{"index":"index","follow":"follow","max-snippet":"max-snippet:-1","max-image-preview":"max-image-preview:large","max-video-preview":"max-video-preview:-1"},"canonical":"https:\/\/www.carlosyconchita.net\/rutas\/31-07-2017-coll-pic-noucreus-coll-noufonts\/","og_locale":"es_ES","og_type":"article","og_title":"31-07-2017-Coll y Pic Noucreus y Coll Noufonts (bornas 509-510) -","og_description":"Desde Nuria subimos al Coll y Pic Noucreus y Coll Noufonts para localizar las bornas 509-510","og_url":"https:\/\/www.carlosyconchita.net\/rutas\/31-07-2017-coll-pic-noucreus-coll-noufonts\/","og_site_name":"Las rutas de Carlos y Conchita","article_published_time":"2017-07-31T08:51:47+00:00","article_modified_time":"2022-03-17T17:54:11+00:00","og_image":[{"width":1024,"height":576,"url":"https:\/\/www.carlosyconchita.net\/rutas\/wp-content\/uploads\/2017\/08\/Noucreus-0054.jpg","type":"image\/jpeg"}],"author":"Carlos Conchita","twitter_misc":{"Escrito por":"Carlos Conchita","Tiempo de lectura":"3 minutos"},"schema":{"@context":"https:\/\/schema.org","@graph":[{"@type":"Article","@id":"https:\/\/www.carlosyconchita.net\/rutas\/31-07-2017-coll-pic-noucreus-coll-noufonts\/#article","isPartOf":{"@id":"https:\/\/www.carlosyconchita.net\/rutas\/31-07-2017-coll-pic-noucreus-coll-noufonts\/"},"author":{"name":"Carlos Conchita","@id":"https:\/\/www.carlosyconchita.net\/rutas\/#\/schema\/person\/a9691f7258c28443fab2d3aa1479ea19"},"headline":"31-07-2017-Coll y Pic Noucreus y Coll Noufonts (bornas 509-510)","datePublished":"2017-07-31T08:51:47+00:00","dateModified":"2022-03-17T17:54:11+00:00","mainEntityOfPage":{"@id":"https:\/\/www.carlosyconchita.net\/rutas\/31-07-2017-coll-pic-noucreus-coll-noufonts\/"},"wordCount":517,"commentCount":0,"image":{"@id":"https:\/\/www.carlosyconchita.net\/rutas\/31-07-2017-coll-pic-noucreus-coll-noufonts\/#primaryimage"},"thumbnailUrl":"https:\/\/www.carlosyconchita.net\/rutas\/wp-content\/uploads\/2017\/08\/Noucreus-0054.jpg","articleSection":["100 Cims Carlos y Conchita","2-Moderada","3 - De 10 a 15 km.","Mojones \/ Bornas frontera ES-FR","Nuria"],"inLanguage":"es","potentialAction":[{"@type":"CommentAction","name":"Comment","target":["https:\/\/www.carlosyconchita.net\/rutas\/31-07-2017-coll-pic-noucreus-coll-noufonts\/#respond"]}]},{"@type":"WebPage","@id":"https:\/\/www.carlosyconchita.net\/rutas\/31-07-2017-coll-pic-noucreus-coll-noufonts\/","url":"https:\/\/www.carlosyconchita.net\/rutas\/31-07-2017-coll-pic-noucreus-coll-noufonts\/","name":"31-07-2017-Coll y Pic Noucreus y Coll Noufonts (bornas 509-510) -","isPartOf":{"@id":"https:\/\/www.carlosyconchita.net\/rutas\/#website"},"primaryImageOfPage":{"@id":"https:\/\/www.carlosyconchita.net\/rutas\/31-07-2017-coll-pic-noucreus-coll-noufonts\/#primaryimage"},"image":{"@id":"https:\/\/www.carlosyconchita.net\/rutas\/31-07-2017-coll-pic-noucreus-coll-noufonts\/#primaryimage"},"thumbnailUrl":"https:\/\/www.carlosyconchita.net\/rutas\/wp-content\/uploads\/2017\/08\/Noucreus-0054.jpg","datePublished":"2017-07-31T08:51:47+00:00","dateModified":"2022-03-17T17:54:11+00:00","author":{"@id":"https:\/\/www.carlosyconchita.net\/rutas\/#\/schema\/person\/a9691f7258c28443fab2d3aa1479ea19"},"breadcrumb":{"@id":"https:\/\/www.carlosyconchita.net\/rutas\/31-07-2017-coll-pic-noucreus-coll-noufonts\/#breadcrumb"},"inLanguage":"es","potentialAction":[{"@type":"ReadAction","target":["https:\/\/www.carlosyconchita.net\/rutas\/31-07-2017-coll-pic-noucreus-coll-noufonts\/"]}]},{"@type":"ImageObject","inLanguage":"es","@id":"https:\/\/www.carlosyconchita.net\/rutas\/31-07-2017-coll-pic-noucreus-coll-noufonts\/#primaryimage","url":"https:\/\/www.carlosyconchita.net\/rutas\/wp-content\/uploads\/2017\/08\/Noucreus-0054.jpg","contentUrl":"https:\/\/www.carlosyconchita.net\/rutas\/wp-content\/uploads\/2017\/08\/Noucreus-0054.jpg","width":1024,"height":576},{"@type":"BreadcrumbList","@id":"https:\/\/www.carlosyconchita.net\/rutas\/31-07-2017-coll-pic-noucreus-coll-noufonts\/#breadcrumb","itemListElement":[{"@type":"ListItem","position":1,"name":"Portada","item":"https:\/\/www.carlosyconchita.net\/rutas\/"},{"@type":"ListItem","position":2,"name":"31-07-2017-Coll y Pic Noucreus y Coll Noufonts (bornas 509-510)"}]},{"@type":"WebSite","@id":"https:\/\/www.carlosyconchita.net\/rutas\/#website","url":"https:\/\/www.carlosyconchita.net\/rutas\/","name":"Las rutas de Carlos y Conchita","description":"","potentialAction":[{"@type":"SearchAction","target":{"@type":"EntryPoint","urlTemplate":"https:\/\/www.carlosyconchita.net\/rutas\/?s={search_term_string}"},"query-input":{"@type":"PropertyValueSpecification","valueRequired":true,"valueName":"search_term_string"}}],"inLanguage":"es"},{"@type":"Person","@id":"https:\/\/www.carlosyconchita.net\/rutas\/#\/schema\/person\/a9691f7258c28443fab2d3aa1479ea19","name":"Carlos Conchita","image":{"@type":"ImageObject","inLanguage":"es","@id":"https:\/\/secure.gravatar.com\/avatar\/3a4625b20c8da3de99da69bfe7a322774e291c3f90dce7e8778a30fe6748ed1a?s=96&d=mm&r=g","url":"https:\/\/secure.gravatar.com\/avatar\/3a4625b20c8da3de99da69bfe7a322774e291c3f90dce7e8778a30fe6748ed1a?s=96&d=mm&r=g","contentUrl":"https:\/\/secure.gravatar.com\/avatar\/3a4625b20c8da3de99da69bfe7a322774e291c3f90dce7e8778a30fe6748ed1a?s=96&d=mm&r=g","caption":"Carlos Conchita"}}]}},"_links":{"self":[{"href":"https:\/\/www.carlosyconchita.net\/rutas\/wp-json\/wp\/v2\/posts\/10579","targetHints":{"allow":["GET"]}}],"collection":[{"href":"https:\/\/www.carlosyconchita.net\/rutas\/wp-json\/wp\/v2\/posts"}],"about":[{"href":"https:\/\/www.carlosyconchita.net\/rutas\/wp-json\/wp\/v2\/types\/post"}],"author":[{"embeddable":true,"href":"https:\/\/www.carlosyconchita.net\/rutas\/wp-json\/wp\/v2\/users\/50"}],"replies":[{"embeddable":true,"href":"https:\/\/www.carlosyconchita.net\/rutas\/wp-json\/wp\/v2\/comments?post=10579"}],"version-history":[{"count":0,"href":"https:\/\/www.carlosyconchita.net\/rutas\/wp-json\/wp\/v2\/posts\/10579\/revisions"}],"wp:featuredmedia":[{"embeddable":true,"href":"https:\/\/www.carlosyconchita.net\/rutas\/wp-json\/wp\/v2\/media\/10580"}],"wp:attachment":[{"href":"https:\/\/www.carlosyconchita.net\/rutas\/wp-json\/wp\/v2\/media?parent=10579"}],"wp:term":[{"taxonomy":"category","embeddable":true,"href":"https:\/\/www.carlosyconchita.net\/rutas\/wp-json\/wp\/v2\/categories?post=10579"},{"taxonomy":"post_tag","embeddable":true,"href":"https:\/\/www.carlosyconchita.net\/rutas\/wp-json\/wp\/v2\/tags?post=10579"}],"curies":[{"name":"wp","href":"https:\/\/api.w.org\/{rel}","templated":true}]}}