{"id":10613,"date":"2017-08-03T19:55:02","date_gmt":"2017-08-03T18:55:02","guid":{"rendered":"http:\/\/www.carlosyconchita.net\/rutas\/?p=10613"},"modified":"2021-02-27T19:45:36","modified_gmt":"2021-02-27T18:45:36","slug":"03-08-2017-pic-blanc-envalira","status":"publish","type":"post","link":"https:\/\/www.carlosyconchita.net\/rutas\/03-08-2017-pic-blanc-envalira\/","title":{"rendered":"03-08-2017 &#8211; Pic Blanc de Envalira"},"content":{"rendered":"<p style=\"text-align: justify;\">Anteriormente hab\u00edamos subido al Pic Blan de Envalira, pero fu\u00e9 en invierno, con raquetas y un d\u00eda por la tarde con algo de neblina, por lo que al llegar arriba, la luz y las vistas no fueron las mejores. ( <a href=\"http:\/\/www.carlosyconchita.net\/rutas\/04-12-2015-pic-blanc-de-envalira\/\" target=\"_blank\" rel=\"noopener noreferrer\"><strong><span style=\"color: #000080;\">ver enlace<\/span><\/strong><\/a> )<\/p>\n<p style=\"text-align: justify;\">As\u00ed que hoy repetimos la subida pero en condiciones totalmente distintas que nos permitir\u00e1n ver mucho mejor el paisaje desde arriba.<\/p>\n<p style=\"text-align: justify;\">La caminata empieza en el Port de Envalira, en donde dejamos el coche, empezando a caminar por el ancho camino (en invierno es una pista de ski) , que se dirige a la parte alta de la estaci\u00f3n de ski de Grau-Roig y Envalira, pasando por un edificio con antenas que se puede ver desde lejos y haciendo todo el recorrido por las pistas de ski.<\/p>\n<p style=\"text-align: justify;\">Por el camino y conforme vamos subiendo, podemos ver a nuestra derecha la zona y pistas de Grau-Roig y despu\u00e9s els Pessons, y a nuestra izquierda las pistas de Envalira,\u00a0 el Pas de la Casa y el Coll dels Isards, por donde hemos pasado varias veces.<\/p>\n<p style=\"text-align: justify;\"><a href=\"http:\/\/www.carlosyconchita.net\/rutas\/28-07-2017-portella-blanca-andorra-borna-427\/\" target=\"_blank\" rel=\"noopener noreferrer\"><strong><span style=\"color: #003366;\">28-07-2017-Portella Blanca Andorra \u2013 borna 427<\/span><\/strong><\/a><\/p>\n<p style=\"text-align: justify;\"><a href=\"http:\/\/www.carlosyconchita.net\/rutas\/21-07-2017-estany-negre-les-passaderes\/\" target=\"_blank\" rel=\"noopener noreferrer\"><strong><span style=\"color: #003366;\">21-07-2017-Estany Negre o de Les Passaderes<\/span><\/strong><\/a><\/p>\n<p style=\"text-align: justify;\"><a href=\"http:\/\/www.carlosyconchita.net\/rutas\/12-08-2015-pico-de-envalira\/\" target=\"_blank\" rel=\"noopener noreferrer\"><strong><span style=\"color: #003366;\">12-08-2015 \u2013 Pico de Envalira<\/span><\/strong><\/a><\/p>\n<p style=\"text-align: justify;\">Tambi\u00e9n podremos ver perfectamente el Pic Blanc, con el Pic de Envalira y Pic Negre de Envalira detr\u00e1s.<\/p>\n<hr \/>\n<h3><strong>Album de fotos<\/strong><\/h3>\n<p>&nbsp;<\/p>\n<p><a href=\"https:\/\/photos.app.goo.gl\/Knh8oLuEt8Zn5FGn8\" target=\"_blank\" rel=\"noopener noreferrer\"><img loading=\"lazy\" decoding=\"async\" class=\"aligncenter wp-image-10616 size-column4-4\/5\" src=\"http:\/\/www.carlosyconchita.net\/rutas\/wp-content\/uploads\/2017\/08\/DSC05243-240x192.jpg\" alt=\"\" width=\"240\" height=\"192\" srcset=\"https:\/\/www.carlosyconchita.net\/rutas\/wp-content\/uploads\/2017\/08\/DSC05243-240x192.jpg 240w, https:\/\/www.carlosyconchita.net\/rutas\/wp-content\/uploads\/2017\/08\/DSC05243-250x200.jpg 250w, https:\/\/www.carlosyconchita.net\/rutas\/wp-content\/uploads\/2017\/08\/DSC05243-480x384.jpg 480w, https:\/\/www.carlosyconchita.net\/rutas\/wp-content\/uploads\/2017\/08\/DSC05243-320x256.jpg 320w\" sizes=\"auto, (max-width: 240px) 100vw, 240px\" \/><\/a><\/p>\n<hr \/>\n<p><strong>Dificultad<\/strong> :\u00a0\u00a0 F\u00e1cil<\/p>\n<p><strong>Distancia total<\/strong> :\u00a0\u00a0\u00a0\u00a0 5.778\u00a0<span class=\"totlen\"><span class=\"summaryvalue\"> m.<\/span><\/span><\/p>\n<p><strong>Alturas m\u00ednima \/ m\u00e1xima<\/strong> :\u00a0\u00a0\u00a0\u00a0 2.402\u00a0 m \u2013 2.722 m<\/p>\n<p><strong>Desnivel acumulado (s\/Wikiloc)<\/strong>\u00a0 :\u00a0 \u00a0 305\u00a0 m.<\/p>\n<p><strong>Tiempo total \/ en movimiento<\/strong> :\u00a0\u00a0\u00a0\u00a0\u00a0\u00a0\u00a0 2\u201947 h. \u2013\u00a0 1\u201940\u00a0 h.<\/p>\n<p><strong>Vel. media total \/ vel.media movimiento<\/strong> :\u00a0\u00a0 2\u201904 km\/h \u2013\u00a0 3\u201941\u00a0 km\/h<\/p>\n<p>&nbsp;<\/p>\n<hr \/>\n<p><img decoding=\"async\" src=\"https:\/\/farm5.staticflickr.com\/4441\/36799558305_7c643c80bb_b.jpg\" \/><\/p>\n<p><img decoding=\"async\" src=\"https:\/\/farm5.staticflickr.com\/4431\/36628955022_305ee397d5_b.jpg\" \/><\/p>\n<p><img decoding=\"async\" src=\"https:\/\/farm5.staticflickr.com\/4385\/35990100743_15ac17c53a_b.jpg\" \/><\/p>\n<p><img decoding=\"async\" src=\"https:\/\/farm5.staticflickr.com\/4436\/36799553735_03f5f4db88_b.jpg\" \/><\/p>\n<p><img decoding=\"async\" src=\"https:\/\/farm5.staticflickr.com\/4333\/36799552465_471404cd27_b.jpg\" \/><\/p>\n<p style=\"text-align: justify;\">Con el zoom podemos ver el \u00abbonito\u00bb camino de subida en zig-zag al Pic dels Pessons, por donde pasamos\u00a0 el d\u00eda 09-07-2016 \u00a0 ( <a href=\"http:\/\/www.carlosyconchita.net\/rutas\/09-07-2016-picos-pessons-aliga-montmalus\/\" target=\"_blank\" rel=\"noopener noreferrer\"><strong><span style=\"color: #000080;\">ver <\/span><\/strong><\/a><span style=\"color: #000080;\"><strong>09-07-2016-Picos de Pessons, Aliga y Montmal\u00fas<\/strong> ) <br \/>\n<\/span><\/p>\n<p style=\"text-align: justify;\">)<\/p>\n<p><img decoding=\"async\" src=\"https:\/\/farm5.staticflickr.com\/4420\/36799550305_bc7a54581d_b.jpg\" \/><\/p>\n<p><img decoding=\"async\" src=\"https:\/\/farm5.staticflickr.com\/4345\/36799548435_c4ea941437_b.jpg\" \/><\/p>\n<p><img decoding=\"async\" src=\"https:\/\/farm5.staticflickr.com\/4422\/35990093973_76d49d833f_b.jpg\" \/><\/p>\n<p>Los 3\u00a0 Pics de Envalira : el Pic Blanc de Envalira delante y el Pic Negre y el Pic de Envalira detr\u00e1s.<\/p>\n<p><img decoding=\"async\" src=\"https:\/\/farm5.staticflickr.com\/4426\/35990091033_6bd79e273c_b.jpg\" \/><\/p>\n<p><img decoding=\"async\" src=\"https:\/\/farm5.staticflickr.com\/4351\/35990090073_bb03748e28_b.jpg\" \/><\/p>\n<p><img decoding=\"async\" src=\"https:\/\/farm5.staticflickr.com\/4364\/35990088813_c4247229ee_b.jpg\" \/><\/p>\n<p>&nbsp;<\/p>\n<p>Mirando a nuestra izquierda, con la subida al Coll dels Isards.<\/p>\n<p><img decoding=\"async\" src=\"https:\/\/farm5.staticflickr.com\/4362\/35990087023_713ae5e2df_b.jpg\" \/><\/p>\n<p><img decoding=\"async\" src=\"https:\/\/farm5.staticflickr.com\/4384\/35990085533_e29e40db1b_b.jpg\" \/><\/p>\n<p>&nbsp;<\/p>\n<p>Llegamos a la cima, con los otros 2 Pics de Envalira detras&#8230;<\/p>\n<p><img decoding=\"async\" src=\"https:\/\/farm5.staticflickr.com\/4383\/35990078853_b0338c2164_b.jpg\" \/><\/p>\n<p><img decoding=\"async\" src=\"https:\/\/farm5.staticflickr.com\/4397\/35990078013_f7ca2953e2_b.jpg\" \/><\/p>\n<hr \/>\n<p>&nbsp;<\/p>\n<h3><strong>Track de la ruta<\/strong><\/h3>\n<p>[sgpx gpx=\u00bb\/wp-content\/uploads\/gpx\/PicBlancEnvalira.gpx\u00bb]<\/p>\n<hr \/>\n<p>&nbsp;<\/p>\n<h3><strong>Wikiloc<\/strong><\/h3>\n<p><a href=\"https:\/\/es.wikiloc.com\/wikiloc\/view.do?id=19493149\" target=\"_blank\" rel=\"noopener noreferrer\"><img loading=\"lazy\" decoding=\"async\" class=\"size-full wp-image-958 aligncenter\" src=\"http:\/\/www.carlosyconchita.net\/rutas\/wp-content\/uploads\/2020\/09\/wikiloc.jpg\" alt=\"\" width=\"117\" height=\"34\" \/><\/a><\/p>\n<hr \/>\n<p style=\"text-align: justify;\"><strong><span style=\"color: #ff0000;\">Si te ha gustado, comp\u00e1rtelo en tu red favorita o env\u00edanos tu comentario.<\/span><\/strong><\/p>\n<p style=\"text-align: justify;\"><strong><span style=\"color: #ff0000;\">Muchas gracias !<\/span><\/strong><\/p>\n<hr \/>\n<p style=\"text-align: justify;\"><strong><span style=\"color: #003300;\">Suscribete si quieres recibir un mail cuando publiquemos nuevas rutas : no enviamos publicidad y como m\u00e1ximo enviamos 2 mails al mes<\/span><\/strong><\/p>\n<p>[wysija_form id=\u00bb1&#8243;]<\/p>\n<hr \/>\n<p>&nbsp;<\/p>\n<h3>Puedes imprimir esta publicaci\u00f3n o guardarla en diferentes formatos :<\/h3>\n<p style=\"text-align: justify;\"><span style=\"color: #ff0000;\">Para facilitar la impresi\u00f3n, se ha reducido considerablemente el tama\u00f1o de las fotos, pero si deseas imprimir sin fotos, aconsejamos guardarlo como \u201cdoc\u201d, y antes de imprimirlo, eliminar las fotos<\/span><\/p>\n","protected":false},"excerpt":{"rendered":"<p>Anteriormente hab\u00edamos subido al Pic Blan de Envalira, pero fu\u00e9 en invierno, con raquetas y un d\u00eda por la tarde con algo de neblina, por lo que al llegar arriba, la luz y las vistas no fueron las mejores. ( ver enlace ) As\u00ed que hoy repetimos la subida pero en condiciones totalmente distintas que [&hellip;]<\/p>\n","protected":false},"author":50,"featured_media":10616,"comment_status":"open","ping_status":"open","sticky":false,"template":"","format":"standard","meta":{"footnotes":""},"categories":[10,106,22,66],"tags":[],"class_list":{"0":"post-10613","1":"post","2":"type-post","3":"status-publish","4":"format-standard","5":"has-post-thumbnail","6":"hentry","7":"category-facil","8":"category-nuestros-100-cims","9":"category-de-05-a-10-km","10":"category-andorra","12":"post-with-thumbnail","13":"post-with-thumbnail-icon"},"yoast_head":"<!-- This site is optimized with the Yoast SEO plugin v27.4 - https:\/\/yoast.com\/product\/yoast-seo-wordpress\/ -->\n<title>03-08-2017 - Pic Blanc de Envalira -<\/title>\n<meta name=\"robots\" content=\"index, follow, max-snippet:-1, max-image-preview:large, max-video-preview:-1\" \/>\n<link rel=\"canonical\" href=\"https:\/\/www.carlosyconchita.net\/rutas\/03-08-2017-pic-blanc-envalira\/\" \/>\n<meta property=\"og:locale\" content=\"es_ES\" \/>\n<meta property=\"og:type\" content=\"article\" \/>\n<meta property=\"og:title\" content=\"03-08-2017 - Pic Blanc de Envalira -\" \/>\n<meta property=\"og:description\" content=\"Anteriormente hab\u00edamos subido al Pic Blan de Envalira, pero fu\u00e9 en invierno, con raquetas y un d\u00eda por la tarde con algo de neblina, por lo que al llegar arriba, la luz y las vistas no fueron las mejores. ( ver enlace ) As\u00ed que hoy repetimos la subida pero en condiciones totalmente distintas que [&hellip;]\" \/>\n<meta property=\"og:url\" content=\"https:\/\/www.carlosyconchita.net\/rutas\/03-08-2017-pic-blanc-envalira\/\" \/>\n<meta property=\"og:site_name\" content=\"Las rutas de Carlos y Conchita\" \/>\n<meta property=\"article:published_time\" content=\"2017-08-03T18:55:02+00:00\" \/>\n<meta property=\"article:modified_time\" content=\"2021-02-27T18:45:36+00:00\" \/>\n<meta property=\"og:image\" content=\"https:\/\/www.carlosyconchita.net\/rutas\/wp-content\/uploads\/2017\/08\/DSC05243.jpg\" \/>\n\t<meta property=\"og:image:width\" content=\"1024\" \/>\n\t<meta property=\"og:image:height\" content=\"576\" \/>\n\t<meta property=\"og:image:type\" content=\"image\/jpeg\" \/>\n<meta name=\"author\" content=\"Carlos Conchita\" \/>\n<meta name=\"twitter:label1\" content=\"Escrito por\" \/>\n\t<meta name=\"twitter:data1\" content=\"Carlos Conchita\" \/>\n\t<meta name=\"twitter:label2\" content=\"Tiempo de lectura\" \/>\n\t<meta name=\"twitter:data2\" content=\"2 minutos\" \/>\n<script type=\"application\/ld+json\" class=\"yoast-schema-graph\">{\"@context\":\"https:\\\/\\\/schema.org\",\"@graph\":[{\"@type\":\"Article\",\"@id\":\"https:\\\/\\\/www.carlosyconchita.net\\\/rutas\\\/03-08-2017-pic-blanc-envalira\\\/#article\",\"isPartOf\":{\"@id\":\"https:\\\/\\\/www.carlosyconchita.net\\\/rutas\\\/03-08-2017-pic-blanc-envalira\\\/\"},\"author\":{\"name\":\"Carlos Conchita\",\"@id\":\"https:\\\/\\\/www.carlosyconchita.net\\\/rutas\\\/#\\\/schema\\\/person\\\/a9691f7258c28443fab2d3aa1479ea19\"},\"headline\":\"03-08-2017 &#8211; Pic Blanc de Envalira\",\"datePublished\":\"2017-08-03T18:55:02+00:00\",\"dateModified\":\"2021-02-27T18:45:36+00:00\",\"mainEntityOfPage\":{\"@id\":\"https:\\\/\\\/www.carlosyconchita.net\\\/rutas\\\/03-08-2017-pic-blanc-envalira\\\/\"},\"wordCount\":440,\"commentCount\":2,\"image\":{\"@id\":\"https:\\\/\\\/www.carlosyconchita.net\\\/rutas\\\/03-08-2017-pic-blanc-envalira\\\/#primaryimage\"},\"thumbnailUrl\":\"https:\\\/\\\/www.carlosyconchita.net\\\/rutas\\\/wp-content\\\/uploads\\\/2017\\\/08\\\/DSC05243.jpg\",\"articleSection\":[\"1-F\u00e1cil\",\"100 Cims Carlos y Conchita\",\"2 - De 5 a 10 km.\",\"Andorra\"],\"inLanguage\":\"es\",\"potentialAction\":[{\"@type\":\"CommentAction\",\"name\":\"Comment\",\"target\":[\"https:\\\/\\\/www.carlosyconchita.net\\\/rutas\\\/03-08-2017-pic-blanc-envalira\\\/#respond\"]}]},{\"@type\":\"WebPage\",\"@id\":\"https:\\\/\\\/www.carlosyconchita.net\\\/rutas\\\/03-08-2017-pic-blanc-envalira\\\/\",\"url\":\"https:\\\/\\\/www.carlosyconchita.net\\\/rutas\\\/03-08-2017-pic-blanc-envalira\\\/\",\"name\":\"03-08-2017 - Pic Blanc de Envalira -\",\"isPartOf\":{\"@id\":\"https:\\\/\\\/www.carlosyconchita.net\\\/rutas\\\/#website\"},\"primaryImageOfPage\":{\"@id\":\"https:\\\/\\\/www.carlosyconchita.net\\\/rutas\\\/03-08-2017-pic-blanc-envalira\\\/#primaryimage\"},\"image\":{\"@id\":\"https:\\\/\\\/www.carlosyconchita.net\\\/rutas\\\/03-08-2017-pic-blanc-envalira\\\/#primaryimage\"},\"thumbnailUrl\":\"https:\\\/\\\/www.carlosyconchita.net\\\/rutas\\\/wp-content\\\/uploads\\\/2017\\\/08\\\/DSC05243.jpg\",\"datePublished\":\"2017-08-03T18:55:02+00:00\",\"dateModified\":\"2021-02-27T18:45:36+00:00\",\"author\":{\"@id\":\"https:\\\/\\\/www.carlosyconchita.net\\\/rutas\\\/#\\\/schema\\\/person\\\/a9691f7258c28443fab2d3aa1479ea19\"},\"breadcrumb\":{\"@id\":\"https:\\\/\\\/www.carlosyconchita.net\\\/rutas\\\/03-08-2017-pic-blanc-envalira\\\/#breadcrumb\"},\"inLanguage\":\"es\",\"potentialAction\":[{\"@type\":\"ReadAction\",\"target\":[\"https:\\\/\\\/www.carlosyconchita.net\\\/rutas\\\/03-08-2017-pic-blanc-envalira\\\/\"]}]},{\"@type\":\"ImageObject\",\"inLanguage\":\"es\",\"@id\":\"https:\\\/\\\/www.carlosyconchita.net\\\/rutas\\\/03-08-2017-pic-blanc-envalira\\\/#primaryimage\",\"url\":\"https:\\\/\\\/www.carlosyconchita.net\\\/rutas\\\/wp-content\\\/uploads\\\/2017\\\/08\\\/DSC05243.jpg\",\"contentUrl\":\"https:\\\/\\\/www.carlosyconchita.net\\\/rutas\\\/wp-content\\\/uploads\\\/2017\\\/08\\\/DSC05243.jpg\",\"width\":1024,\"height\":576},{\"@type\":\"BreadcrumbList\",\"@id\":\"https:\\\/\\\/www.carlosyconchita.net\\\/rutas\\\/03-08-2017-pic-blanc-envalira\\\/#breadcrumb\",\"itemListElement\":[{\"@type\":\"ListItem\",\"position\":1,\"name\":\"Portada\",\"item\":\"https:\\\/\\\/www.carlosyconchita.net\\\/rutas\\\/\"},{\"@type\":\"ListItem\",\"position\":2,\"name\":\"03-08-2017 &#8211; Pic Blanc de Envalira\"}]},{\"@type\":\"WebSite\",\"@id\":\"https:\\\/\\\/www.carlosyconchita.net\\\/rutas\\\/#website\",\"url\":\"https:\\\/\\\/www.carlosyconchita.net\\\/rutas\\\/\",\"name\":\"Las rutas de Carlos y Conchita\",\"description\":\"\",\"potentialAction\":[{\"@type\":\"SearchAction\",\"target\":{\"@type\":\"EntryPoint\",\"urlTemplate\":\"https:\\\/\\\/www.carlosyconchita.net\\\/rutas\\\/?s={search_term_string}\"},\"query-input\":{\"@type\":\"PropertyValueSpecification\",\"valueRequired\":true,\"valueName\":\"search_term_string\"}}],\"inLanguage\":\"es\"},{\"@type\":\"Person\",\"@id\":\"https:\\\/\\\/www.carlosyconchita.net\\\/rutas\\\/#\\\/schema\\\/person\\\/a9691f7258c28443fab2d3aa1479ea19\",\"name\":\"Carlos Conchita\",\"image\":{\"@type\":\"ImageObject\",\"inLanguage\":\"es\",\"@id\":\"https:\\\/\\\/secure.gravatar.com\\\/avatar\\\/3a4625b20c8da3de99da69bfe7a322774e291c3f90dce7e8778a30fe6748ed1a?s=96&d=mm&r=g\",\"url\":\"https:\\\/\\\/secure.gravatar.com\\\/avatar\\\/3a4625b20c8da3de99da69bfe7a322774e291c3f90dce7e8778a30fe6748ed1a?s=96&d=mm&r=g\",\"contentUrl\":\"https:\\\/\\\/secure.gravatar.com\\\/avatar\\\/3a4625b20c8da3de99da69bfe7a322774e291c3f90dce7e8778a30fe6748ed1a?s=96&d=mm&r=g\",\"caption\":\"Carlos Conchita\"}}]}<\/script>\n<!-- \/ Yoast SEO plugin. -->","yoast_head_json":{"title":"03-08-2017 - Pic Blanc de Envalira -","robots":{"index":"index","follow":"follow","max-snippet":"max-snippet:-1","max-image-preview":"max-image-preview:large","max-video-preview":"max-video-preview:-1"},"canonical":"https:\/\/www.carlosyconchita.net\/rutas\/03-08-2017-pic-blanc-envalira\/","og_locale":"es_ES","og_type":"article","og_title":"03-08-2017 - Pic Blanc de Envalira -","og_description":"Anteriormente hab\u00edamos subido al Pic Blan de Envalira, pero fu\u00e9 en invierno, con raquetas y un d\u00eda por la tarde con algo de neblina, por lo que al llegar arriba, la luz y las vistas no fueron las mejores. ( ver enlace ) As\u00ed que hoy repetimos la subida pero en condiciones totalmente distintas que [&hellip;]","og_url":"https:\/\/www.carlosyconchita.net\/rutas\/03-08-2017-pic-blanc-envalira\/","og_site_name":"Las rutas de Carlos y Conchita","article_published_time":"2017-08-03T18:55:02+00:00","article_modified_time":"2021-02-27T18:45:36+00:00","og_image":[{"width":1024,"height":576,"url":"https:\/\/www.carlosyconchita.net\/rutas\/wp-content\/uploads\/2017\/08\/DSC05243.jpg","type":"image\/jpeg"}],"author":"Carlos Conchita","twitter_misc":{"Escrito por":"Carlos Conchita","Tiempo de lectura":"2 minutos"},"schema":{"@context":"https:\/\/schema.org","@graph":[{"@type":"Article","@id":"https:\/\/www.carlosyconchita.net\/rutas\/03-08-2017-pic-blanc-envalira\/#article","isPartOf":{"@id":"https:\/\/www.carlosyconchita.net\/rutas\/03-08-2017-pic-blanc-envalira\/"},"author":{"name":"Carlos Conchita","@id":"https:\/\/www.carlosyconchita.net\/rutas\/#\/schema\/person\/a9691f7258c28443fab2d3aa1479ea19"},"headline":"03-08-2017 &#8211; Pic Blanc de Envalira","datePublished":"2017-08-03T18:55:02+00:00","dateModified":"2021-02-27T18:45:36+00:00","mainEntityOfPage":{"@id":"https:\/\/www.carlosyconchita.net\/rutas\/03-08-2017-pic-blanc-envalira\/"},"wordCount":440,"commentCount":2,"image":{"@id":"https:\/\/www.carlosyconchita.net\/rutas\/03-08-2017-pic-blanc-envalira\/#primaryimage"},"thumbnailUrl":"https:\/\/www.carlosyconchita.net\/rutas\/wp-content\/uploads\/2017\/08\/DSC05243.jpg","articleSection":["1-F\u00e1cil","100 Cims Carlos y Conchita","2 - De 5 a 10 km.","Andorra"],"inLanguage":"es","potentialAction":[{"@type":"CommentAction","name":"Comment","target":["https:\/\/www.carlosyconchita.net\/rutas\/03-08-2017-pic-blanc-envalira\/#respond"]}]},{"@type":"WebPage","@id":"https:\/\/www.carlosyconchita.net\/rutas\/03-08-2017-pic-blanc-envalira\/","url":"https:\/\/www.carlosyconchita.net\/rutas\/03-08-2017-pic-blanc-envalira\/","name":"03-08-2017 - Pic Blanc de Envalira -","isPartOf":{"@id":"https:\/\/www.carlosyconchita.net\/rutas\/#website"},"primaryImageOfPage":{"@id":"https:\/\/www.carlosyconchita.net\/rutas\/03-08-2017-pic-blanc-envalira\/#primaryimage"},"image":{"@id":"https:\/\/www.carlosyconchita.net\/rutas\/03-08-2017-pic-blanc-envalira\/#primaryimage"},"thumbnailUrl":"https:\/\/www.carlosyconchita.net\/rutas\/wp-content\/uploads\/2017\/08\/DSC05243.jpg","datePublished":"2017-08-03T18:55:02+00:00","dateModified":"2021-02-27T18:45:36+00:00","author":{"@id":"https:\/\/www.carlosyconchita.net\/rutas\/#\/schema\/person\/a9691f7258c28443fab2d3aa1479ea19"},"breadcrumb":{"@id":"https:\/\/www.carlosyconchita.net\/rutas\/03-08-2017-pic-blanc-envalira\/#breadcrumb"},"inLanguage":"es","potentialAction":[{"@type":"ReadAction","target":["https:\/\/www.carlosyconchita.net\/rutas\/03-08-2017-pic-blanc-envalira\/"]}]},{"@type":"ImageObject","inLanguage":"es","@id":"https:\/\/www.carlosyconchita.net\/rutas\/03-08-2017-pic-blanc-envalira\/#primaryimage","url":"https:\/\/www.carlosyconchita.net\/rutas\/wp-content\/uploads\/2017\/08\/DSC05243.jpg","contentUrl":"https:\/\/www.carlosyconchita.net\/rutas\/wp-content\/uploads\/2017\/08\/DSC05243.jpg","width":1024,"height":576},{"@type":"BreadcrumbList","@id":"https:\/\/www.carlosyconchita.net\/rutas\/03-08-2017-pic-blanc-envalira\/#breadcrumb","itemListElement":[{"@type":"ListItem","position":1,"name":"Portada","item":"https:\/\/www.carlosyconchita.net\/rutas\/"},{"@type":"ListItem","position":2,"name":"03-08-2017 &#8211; Pic Blanc de Envalira"}]},{"@type":"WebSite","@id":"https:\/\/www.carlosyconchita.net\/rutas\/#website","url":"https:\/\/www.carlosyconchita.net\/rutas\/","name":"Las rutas de Carlos y Conchita","description":"","potentialAction":[{"@type":"SearchAction","target":{"@type":"EntryPoint","urlTemplate":"https:\/\/www.carlosyconchita.net\/rutas\/?s={search_term_string}"},"query-input":{"@type":"PropertyValueSpecification","valueRequired":true,"valueName":"search_term_string"}}],"inLanguage":"es"},{"@type":"Person","@id":"https:\/\/www.carlosyconchita.net\/rutas\/#\/schema\/person\/a9691f7258c28443fab2d3aa1479ea19","name":"Carlos Conchita","image":{"@type":"ImageObject","inLanguage":"es","@id":"https:\/\/secure.gravatar.com\/avatar\/3a4625b20c8da3de99da69bfe7a322774e291c3f90dce7e8778a30fe6748ed1a?s=96&d=mm&r=g","url":"https:\/\/secure.gravatar.com\/avatar\/3a4625b20c8da3de99da69bfe7a322774e291c3f90dce7e8778a30fe6748ed1a?s=96&d=mm&r=g","contentUrl":"https:\/\/secure.gravatar.com\/avatar\/3a4625b20c8da3de99da69bfe7a322774e291c3f90dce7e8778a30fe6748ed1a?s=96&d=mm&r=g","caption":"Carlos Conchita"}}]}},"_links":{"self":[{"href":"https:\/\/www.carlosyconchita.net\/rutas\/wp-json\/wp\/v2\/posts\/10613","targetHints":{"allow":["GET"]}}],"collection":[{"href":"https:\/\/www.carlosyconchita.net\/rutas\/wp-json\/wp\/v2\/posts"}],"about":[{"href":"https:\/\/www.carlosyconchita.net\/rutas\/wp-json\/wp\/v2\/types\/post"}],"author":[{"embeddable":true,"href":"https:\/\/www.carlosyconchita.net\/rutas\/wp-json\/wp\/v2\/users\/50"}],"replies":[{"embeddable":true,"href":"https:\/\/www.carlosyconchita.net\/rutas\/wp-json\/wp\/v2\/comments?post=10613"}],"version-history":[{"count":0,"href":"https:\/\/www.carlosyconchita.net\/rutas\/wp-json\/wp\/v2\/posts\/10613\/revisions"}],"wp:featuredmedia":[{"embeddable":true,"href":"https:\/\/www.carlosyconchita.net\/rutas\/wp-json\/wp\/v2\/media\/10616"}],"wp:attachment":[{"href":"https:\/\/www.carlosyconchita.net\/rutas\/wp-json\/wp\/v2\/media?parent=10613"}],"wp:term":[{"taxonomy":"category","embeddable":true,"href":"https:\/\/www.carlosyconchita.net\/rutas\/wp-json\/wp\/v2\/categories?post=10613"},{"taxonomy":"post_tag","embeddable":true,"href":"https:\/\/www.carlosyconchita.net\/rutas\/wp-json\/wp\/v2\/tags?post=10613"}],"curies":[{"name":"wp","href":"https:\/\/api.w.org\/{rel}","templated":true}]}}