{"id":10641,"date":"2017-08-22T20:56:31","date_gmt":"2017-08-22T19:56:31","guid":{"rendered":"http:\/\/www.carlosyconchita.net\/rutas\/?p=10641"},"modified":"2022-03-17T19:00:12","modified_gmt":"2022-03-17T18:00:12","slug":"22-08-2017-costabona-roc-colom-bornas-512-513","status":"publish","type":"post","link":"https:\/\/www.carlosyconchita.net\/rutas\/22-08-2017-costabona-roc-colom-bornas-512-513\/","title":{"rendered":"22-08-2017-Costabona (100 Cims) y Roc Colom (bornas 512-513)"},"content":{"rendered":"<p style=\"text-align: justify;\">Hoy volvemos a la zona de Setcases\/Vallter para subir al Costabona y al Roc Colom, y localizar las bornas 512 y 513.<\/p>\n<p style=\"text-align: justify;\">Concretamente tenemos que llegar hasta la Collada Fonda, que es donde dejaremos el coche y empezaremos a caminar.<br \/>\nPara llegar all\u00ed, nos dirigiremos a Setcases y en la carretera hacia Vallter,\u00a0 unos 2 kms despu\u00e9s , veremos a la derecha un desv\u00edo que nos indica Espinavell por un camino de tierra en buen estado.<\/p>\n<p style=\"text-align: justify;\">A unos 7 kms llegaremos a la Collada Fonda, en donde veremos coches aparcados, y tambi\u00e9n el Costabona a nuestra izquierda.<\/p>\n<p style=\"text-align: justify;\">Empezaremos a caminar en direcci\u00f3n al Costabona , pero de momento no subiremos a \u00e9l, sino que nos desviaremos a la izquierda par llegar al Col del Pal, en donde est\u00e1 la borna 513.<\/p>\n<p style=\"text-align: justify;\">Desde alli, continuaremos hacia nuestra izquierda\u00a0 por una gran llanura que despu\u00e9s sube hasta el Roc Colom en donde localizaremos la borna 512.<\/p>\n<p style=\"text-align: justify;\">Despu\u00e9s bajaremos para llegar de nuevo al Coll del Pal y desde all\u00ed s\u00ed que subiremos al Costabona que tendremos delante nuestro, y desde la cima bajaremos casi en linea recta hasta encontrarnos con el camino que hemos hecho a la subida.<\/p>\n<hr \/>\n<h3><strong>Album de fotos<\/strong><\/h3>\n<p><a href=\"https:\/\/photos.app.goo.gl\/CeUgJDt4gZXL2BA79\" target=\"_blank\" rel=\"noopener noreferrer\"><img loading=\"lazy\" decoding=\"async\" class=\"aligncenter wp-image-10642 size-column4-4\/5\" src=\"http:\/\/www.carlosyconchita.net\/rutas\/wp-content\/uploads\/2017\/09\/DSC00977a-240x192.jpg\" alt=\"\" width=\"240\" height=\"192\" srcset=\"https:\/\/www.carlosyconchita.net\/rutas\/wp-content\/uploads\/2017\/09\/DSC00977a-240x192.jpg 240w, https:\/\/www.carlosyconchita.net\/rutas\/wp-content\/uploads\/2017\/09\/DSC00977a-250x200.jpg 250w, https:\/\/www.carlosyconchita.net\/rutas\/wp-content\/uploads\/2017\/09\/DSC00977a-960x764.jpg 960w, https:\/\/www.carlosyconchita.net\/rutas\/wp-content\/uploads\/2017\/09\/DSC00977a-480x384.jpg 480w, https:\/\/www.carlosyconchita.net\/rutas\/wp-content\/uploads\/2017\/09\/DSC00977a-320x256.jpg 320w\" sizes=\"auto, (max-width: 240px) 100vw, 240px\" \/><\/a><\/p>\n<hr \/>\n<p><strong>Dificultad<\/strong> :\u00a0\u00a0\u00a0 Moderado<\/p>\n<p><strong>Distancia total<\/strong> :\u00a0\u00a0\u00a0\u00a0 10.224\u00a0<span class=\"totlen\"><span class=\"summaryvalue\"> m.<\/span><\/span><\/p>\n<p><strong>Alturas m\u00ednima \/ m\u00e1xima<\/strong> :\u00a0\u00a0\u00a0\u00a0 1.902\u00a0 m \u2013 2.507 m<\/p>\n<p><strong>Desnivel acumulado (s\/Wikiloc)<\/strong>\u00a0 :\u00a0 \u00a0 730\u00a0 m.<\/p>\n<p><strong>Tiempo total \/ en movimiento<\/strong> :\u00a0\u00a0\u00a0\u00a0\u00a0\u00a0\u00a0 5\u201922 h. \u2013\u00a0 3\u201919\u00a0 h.<\/p>\n<p><strong>Vel. media total \/ vel.media movimiento<\/strong> :\u00a0\u00a0 1\u201986 km\/h \u2013\u00a0 3\u201901\u00a0 km\/h<\/p>\n<hr \/>\n<p>&nbsp;<\/p>\n<p><img decoding=\"async\" src=\"https:\/\/farm5.staticflickr.com\/4350\/36335901423_926b011a80_b.jpg\" \/><\/p>\n<p><img decoding=\"async\" src=\"https:\/\/farm5.staticflickr.com\/4363\/36960679536_3dbfbd808d_b.jpg\" \/><\/p>\n<p><img decoding=\"async\" src=\"https:\/\/farm5.staticflickr.com\/4359\/36752211700_d75f436e7d_b.jpg\" \/><\/p>\n<p><img decoding=\"async\" src=\"https:\/\/farm5.staticflickr.com\/4408\/36978465502_5833642f19_b.jpg\" \/><\/p>\n<p><img decoding=\"async\" src=\"https:\/\/farm5.staticflickr.com\/4404\/37149921215_56230541b5_b.jpg\" \/><\/p>\n<p><img decoding=\"async\" src=\"https:\/\/farm5.staticflickr.com\/4406\/36335884463_b918fa5310_b.jpg\" \/><\/p>\n<p><img decoding=\"async\" src=\"https:\/\/farm5.staticflickr.com\/4418\/36335878783_4abd8695c0_b.jpg\" \/><\/p>\n<p>Despues del Col del Pal, nos dirigimos al Roc Colom , con el Costabona detr\u00e1s nuestro, a donde subiremos despu\u00e9s.<\/p>\n<p><img decoding=\"async\" src=\"https:\/\/farm5.staticflickr.com\/4438\/36335876033_3929b1ab33_b.jpg\" \/><\/p>\n<p><img decoding=\"async\" src=\"https:\/\/farm5.staticflickr.com\/4336\/36978446342_4ca34eb597_b.jpg\" \/><\/p>\n<p><img decoding=\"async\" src=\"https:\/\/farm5.staticflickr.com\/4428\/36335874173_10119e5dac_b.jpg\" \/><\/p>\n<p>Nos acercamos al Roc Colom.<\/p>\n<p><img decoding=\"async\" src=\"https:\/\/farm5.staticflickr.com\/4340\/36313585914_4399987ac5_b.jpg\" \/><\/p>\n<p><img decoding=\"async\" src=\"https:\/\/farm5.staticflickr.com\/4436\/36335872783_fe24c80430_b.jpg\" \/><\/p>\n<p><img decoding=\"async\" src=\"https:\/\/farm5.staticflickr.com\/4364\/36978442532_f400e50a31_b.jpg\" \/><\/p>\n<p>Supongo que no os creeis que Conchita ha subido en bici, no ???<\/p>\n<p><img decoding=\"async\" src=\"https:\/\/farm5.staticflickr.com\/4357\/36978441502_6ca6af7cce_b.jpg\" \/><\/p>\n<p>&nbsp;<\/p>\n<p>Y un poco escondida y en una roca mirando hacia abajo, encontramos la borna 512<\/p>\n<p><img decoding=\"async\" src=\"https:\/\/farm5.staticflickr.com\/4356\/36313584244_ce8337e256_b.jpg\" \/><\/p>\n<p><img decoding=\"async\" src=\"https:\/\/farm5.staticflickr.com\/4397\/36313581504_53258540d1_b.jpg\" \/><\/p>\n<p>&nbsp;<\/p>\n<p>Este s\u00ed que es el due\u00f1o de la bici, que ha subido con ella hasta aqu\u00ed, aunque en muchos tramos con ella a cuestas&#8230;<\/p>\n<p><img decoding=\"async\" src=\"https:\/\/farm5.staticflickr.com\/4361\/36313579894_fc55a2de8d_b.jpg\" \/><\/p>\n<p>&nbsp;<\/p>\n<p style=\"text-align: justify;\">Si continuaramos caminando en la misma direcci\u00f3n . seguir\u00edamos el camino que vemos en la foto y llegar\u00edamos a la borna 511, situada en la Portella de Mantet , al pi\u00e9 del Pic de la Dona, en donde estuvimos hace unos dias.\u00a0 ( ver\u00a0\u00a0 <a href=\"http:\/\/www.carlosyconchita.net\/rutas\/04-08-2017-pic-la-dona-borna-511\/\" target=\"_blank\" rel=\"noopener noreferrer\"><strong><span style=\"color: #000080;\">04-08-2017-Pic de la Dona (borna 511)<\/span><\/strong><\/a>\u00a0 )<\/p>\n<p><img decoding=\"async\" src=\"https:\/\/farm5.staticflickr.com\/4336\/36313577164_fee5aa9ab5_b.jpg\" \/><\/p>\n<p style=\"text-align: justify;\">Pero nosotros volveremos atr\u00e1s en direcci\u00f3n al Col del Pal para subir al Costabona, que tenemos delante nuestro &#8230;<\/p>\n<p><img decoding=\"async\" src=\"https:\/\/farm5.staticflickr.com\/4417\/36313575334_f590357f8f_b.jpg\" \/><\/p>\n<p><img decoding=\"async\" src=\"https:\/\/farm5.staticflickr.com\/4351\/37007436631_b1d5231686_b.jpg\" \/><\/p>\n<p><img decoding=\"async\" src=\"https:\/\/farm5.staticflickr.com\/4353\/36313572044_5cfe551286_b.jpg\" \/><\/p>\n<p><img decoding=\"async\" src=\"https:\/\/farm5.staticflickr.com\/4405\/36313572564_1d011d05f4_b.jpg\" \/><\/p>\n<p>&nbsp;<\/p>\n<p><img decoding=\"async\" src=\"https:\/\/farm5.staticflickr.com\/4377\/36335852443_034c3c5971_b.jpg\" \/><\/p>\n<p>Desde alli, bajamos en direcci\u00f3n a un peque\u00f1o mont\u00edculo, y desde all\u00ed , casi en linea recta hasta el coche.<\/p>\n<p><img decoding=\"async\" src=\"https:\/\/farm5.staticflickr.com\/4418\/37007428301_6ab4e5b798_b.jpg\" \/><\/p>\n<p><img decoding=\"async\" src=\"https:\/\/farm5.staticflickr.com\/4352\/36960651306_df9627c9a7_b.jpg\" \/><\/p>\n<p><img decoding=\"async\" src=\"https:\/\/farm5.staticflickr.com\/4426\/37007426351_6c78d68a16_b.jpg\" \/><\/p>\n<hr \/>\n<p>Track de la ruta<\/p>\n<p>[sgpx gpx=\u00bb\/wp-content\/uploads\/gpx\/Costabona-512-513.gpx\u00bb]<\/p>\n<p>&nbsp;<\/p>\n<hr \/>\n<h3><strong>Wikiloc<\/strong><\/h3>\n<p><a href=\"https:\/\/es.wikiloc.com\/wikiloc\/view.do?id=19680189\" target=\"_blank\" rel=\"noopener noreferrer\"><img loading=\"lazy\" decoding=\"async\" class=\"size-full wp-image-958 aligncenter\" src=\"http:\/\/www.carlosyconchita.net\/rutas\/wp-content\/uploads\/2020\/09\/wikiloc.jpg\" alt=\"\" width=\"117\" height=\"34\" \/><\/a><\/p>\n<p>&nbsp;<\/p>\n<p>&nbsp;<\/p>\n<hr \/>\n<p>&nbsp;<\/p>\n<p><strong><span style=\"color: #ff0000;\">Si te ha gustado, comp\u00e1rtelo en tu red favorita o env\u00edanos tu comentario.<\/span><br \/>\n<\/strong><\/p>\n<p><strong>Muchas gracias !<\/strong><\/p>\n<hr \/>\n<p><strong><span style=\"color: #008000;\">Suscribete si quieres recibir un mail cuando publiquemos nuevas rutas : no enviamos publicidad y como m\u00e1ximo enviamos 2 mails al mes<\/span><\/strong><\/p>\n<p>[wysija_form id=\u00bb1&#8243;]<\/p>\n<hr \/>\n<p>&nbsp;<\/p>\n<h3>Puedes imprimir esta publicaci\u00f3n o guardarla en diferentes formatos :<\/h3>\n<p style=\"text-align: justify;\"><span style=\"color: #ff0000;\">Para facilitar la impresi\u00f3n, se ha reducido considerablemente el tama\u00f1o de las fotos, pero si deseas imprimir sin fotos, aconsejamos guardarlo como \u201cdoc\u201d, y antes de imprimirlo, eliminar las fotos<\/span><\/p>\n<p>&nbsp;<\/p>\n","protected":false},"excerpt":{"rendered":"<p>Subida al Costabona y localizaci\u00f3n de las bornas 512 y 513<\/p>\n","protected":false},"author":50,"featured_media":10642,"comment_status":"open","ping_status":"open","sticky":false,"template":"","format":"standard","meta":{"footnotes":""},"categories":[106,105,11,23,74,81],"tags":[],"class_list":{"0":"post-10641","1":"post","2":"type-post","3":"status-publish","4":"format-standard","5":"has-post-thumbnail","6":"hentry","7":"category-nuestros-100-cims","8":"category-100-cims-feec","9":"category-moderada","10":"category-de-10-a-15-km","11":"category-0-mojones-bornas-frontera","12":"category-vallter","14":"post-with-thumbnail","15":"post-with-thumbnail-icon"},"yoast_head":"<!-- This site is optimized with the Yoast SEO plugin v27.4 - https:\/\/yoast.com\/product\/yoast-seo-wordpress\/ -->\n<title>22-08-2017-Costabona (100 Cims) y Roc Colom (bornas 512-513) -<\/title>\n<meta name=\"robots\" content=\"index, follow, max-snippet:-1, max-image-preview:large, max-video-preview:-1\" \/>\n<link rel=\"canonical\" href=\"https:\/\/www.carlosyconchita.net\/rutas\/22-08-2017-costabona-roc-colom-bornas-512-513\/\" \/>\n<meta property=\"og:locale\" content=\"es_ES\" \/>\n<meta property=\"og:type\" content=\"article\" \/>\n<meta property=\"og:title\" content=\"22-08-2017-Costabona (100 Cims) y Roc Colom (bornas 512-513) -\" \/>\n<meta property=\"og:description\" content=\"Subida al Costabona y localizaci\u00f3n de las bornas 512 y 513\" \/>\n<meta property=\"og:url\" content=\"https:\/\/www.carlosyconchita.net\/rutas\/22-08-2017-costabona-roc-colom-bornas-512-513\/\" \/>\n<meta property=\"og:site_name\" content=\"Las rutas de Carlos y Conchita\" \/>\n<meta property=\"article:published_time\" content=\"2017-08-22T19:56:31+00:00\" \/>\n<meta property=\"article:modified_time\" content=\"2022-03-17T18:00:12+00:00\" \/>\n<meta property=\"og:image\" content=\"https:\/\/www.carlosyconchita.net\/rutas\/wp-content\/uploads\/2017\/09\/DSC00977a.jpg\" \/>\n\t<meta property=\"og:image:width\" content=\"1019\" \/>\n\t<meta property=\"og:image:height\" content=\"764\" \/>\n\t<meta property=\"og:image:type\" content=\"image\/jpeg\" \/>\n<meta name=\"author\" content=\"Carlos Conchita\" \/>\n<meta name=\"twitter:label1\" content=\"Escrito por\" \/>\n\t<meta name=\"twitter:data1\" content=\"Carlos Conchita\" \/>\n\t<meta name=\"twitter:label2\" content=\"Tiempo de lectura\" \/>\n\t<meta name=\"twitter:data2\" content=\"3 minutos\" \/>\n<script type=\"application\/ld+json\" class=\"yoast-schema-graph\">{\"@context\":\"https:\\\/\\\/schema.org\",\"@graph\":[{\"@type\":\"Article\",\"@id\":\"https:\\\/\\\/www.carlosyconchita.net\\\/rutas\\\/22-08-2017-costabona-roc-colom-bornas-512-513\\\/#article\",\"isPartOf\":{\"@id\":\"https:\\\/\\\/www.carlosyconchita.net\\\/rutas\\\/22-08-2017-costabona-roc-colom-bornas-512-513\\\/\"},\"author\":{\"name\":\"Carlos Conchita\",\"@id\":\"https:\\\/\\\/www.carlosyconchita.net\\\/rutas\\\/#\\\/schema\\\/person\\\/a9691f7258c28443fab2d3aa1479ea19\"},\"headline\":\"22-08-2017-Costabona (100 Cims) y Roc Colom (bornas 512-513)\",\"datePublished\":\"2017-08-22T19:56:31+00:00\",\"dateModified\":\"2022-03-17T18:00:12+00:00\",\"mainEntityOfPage\":{\"@id\":\"https:\\\/\\\/www.carlosyconchita.net\\\/rutas\\\/22-08-2017-costabona-roc-colom-bornas-512-513\\\/\"},\"wordCount\":516,\"commentCount\":0,\"image\":{\"@id\":\"https:\\\/\\\/www.carlosyconchita.net\\\/rutas\\\/22-08-2017-costabona-roc-colom-bornas-512-513\\\/#primaryimage\"},\"thumbnailUrl\":\"https:\\\/\\\/www.carlosyconchita.net\\\/rutas\\\/wp-content\\\/uploads\\\/2017\\\/09\\\/DSC00977a.jpg\",\"articleSection\":[\"100 Cims Carlos y Conchita\",\"100 Cims FEEC\",\"2-Moderada\",\"3 - De 10 a 15 km.\",\"Mojones \\\/ Bornas frontera ES-FR\",\"Vallter\"],\"inLanguage\":\"es\",\"potentialAction\":[{\"@type\":\"CommentAction\",\"name\":\"Comment\",\"target\":[\"https:\\\/\\\/www.carlosyconchita.net\\\/rutas\\\/22-08-2017-costabona-roc-colom-bornas-512-513\\\/#respond\"]}]},{\"@type\":\"WebPage\",\"@id\":\"https:\\\/\\\/www.carlosyconchita.net\\\/rutas\\\/22-08-2017-costabona-roc-colom-bornas-512-513\\\/\",\"url\":\"https:\\\/\\\/www.carlosyconchita.net\\\/rutas\\\/22-08-2017-costabona-roc-colom-bornas-512-513\\\/\",\"name\":\"22-08-2017-Costabona (100 Cims) y Roc Colom (bornas 512-513) -\",\"isPartOf\":{\"@id\":\"https:\\\/\\\/www.carlosyconchita.net\\\/rutas\\\/#website\"},\"primaryImageOfPage\":{\"@id\":\"https:\\\/\\\/www.carlosyconchita.net\\\/rutas\\\/22-08-2017-costabona-roc-colom-bornas-512-513\\\/#primaryimage\"},\"image\":{\"@id\":\"https:\\\/\\\/www.carlosyconchita.net\\\/rutas\\\/22-08-2017-costabona-roc-colom-bornas-512-513\\\/#primaryimage\"},\"thumbnailUrl\":\"https:\\\/\\\/www.carlosyconchita.net\\\/rutas\\\/wp-content\\\/uploads\\\/2017\\\/09\\\/DSC00977a.jpg\",\"datePublished\":\"2017-08-22T19:56:31+00:00\",\"dateModified\":\"2022-03-17T18:00:12+00:00\",\"author\":{\"@id\":\"https:\\\/\\\/www.carlosyconchita.net\\\/rutas\\\/#\\\/schema\\\/person\\\/a9691f7258c28443fab2d3aa1479ea19\"},\"breadcrumb\":{\"@id\":\"https:\\\/\\\/www.carlosyconchita.net\\\/rutas\\\/22-08-2017-costabona-roc-colom-bornas-512-513\\\/#breadcrumb\"},\"inLanguage\":\"es\",\"potentialAction\":[{\"@type\":\"ReadAction\",\"target\":[\"https:\\\/\\\/www.carlosyconchita.net\\\/rutas\\\/22-08-2017-costabona-roc-colom-bornas-512-513\\\/\"]}]},{\"@type\":\"ImageObject\",\"inLanguage\":\"es\",\"@id\":\"https:\\\/\\\/www.carlosyconchita.net\\\/rutas\\\/22-08-2017-costabona-roc-colom-bornas-512-513\\\/#primaryimage\",\"url\":\"https:\\\/\\\/www.carlosyconchita.net\\\/rutas\\\/wp-content\\\/uploads\\\/2017\\\/09\\\/DSC00977a.jpg\",\"contentUrl\":\"https:\\\/\\\/www.carlosyconchita.net\\\/rutas\\\/wp-content\\\/uploads\\\/2017\\\/09\\\/DSC00977a.jpg\",\"width\":1019,\"height\":764},{\"@type\":\"BreadcrumbList\",\"@id\":\"https:\\\/\\\/www.carlosyconchita.net\\\/rutas\\\/22-08-2017-costabona-roc-colom-bornas-512-513\\\/#breadcrumb\",\"itemListElement\":[{\"@type\":\"ListItem\",\"position\":1,\"name\":\"Portada\",\"item\":\"https:\\\/\\\/www.carlosyconchita.net\\\/rutas\\\/\"},{\"@type\":\"ListItem\",\"position\":2,\"name\":\"22-08-2017-Costabona (100 Cims) y Roc Colom (bornas 512-513)\"}]},{\"@type\":\"WebSite\",\"@id\":\"https:\\\/\\\/www.carlosyconchita.net\\\/rutas\\\/#website\",\"url\":\"https:\\\/\\\/www.carlosyconchita.net\\\/rutas\\\/\",\"name\":\"Las rutas de Carlos y Conchita\",\"description\":\"\",\"potentialAction\":[{\"@type\":\"SearchAction\",\"target\":{\"@type\":\"EntryPoint\",\"urlTemplate\":\"https:\\\/\\\/www.carlosyconchita.net\\\/rutas\\\/?s={search_term_string}\"},\"query-input\":{\"@type\":\"PropertyValueSpecification\",\"valueRequired\":true,\"valueName\":\"search_term_string\"}}],\"inLanguage\":\"es\"},{\"@type\":\"Person\",\"@id\":\"https:\\\/\\\/www.carlosyconchita.net\\\/rutas\\\/#\\\/schema\\\/person\\\/a9691f7258c28443fab2d3aa1479ea19\",\"name\":\"Carlos Conchita\",\"image\":{\"@type\":\"ImageObject\",\"inLanguage\":\"es\",\"@id\":\"https:\\\/\\\/secure.gravatar.com\\\/avatar\\\/3a4625b20c8da3de99da69bfe7a322774e291c3f90dce7e8778a30fe6748ed1a?s=96&d=mm&r=g\",\"url\":\"https:\\\/\\\/secure.gravatar.com\\\/avatar\\\/3a4625b20c8da3de99da69bfe7a322774e291c3f90dce7e8778a30fe6748ed1a?s=96&d=mm&r=g\",\"contentUrl\":\"https:\\\/\\\/secure.gravatar.com\\\/avatar\\\/3a4625b20c8da3de99da69bfe7a322774e291c3f90dce7e8778a30fe6748ed1a?s=96&d=mm&r=g\",\"caption\":\"Carlos Conchita\"}}]}<\/script>\n<!-- \/ Yoast SEO plugin. -->","yoast_head_json":{"title":"22-08-2017-Costabona (100 Cims) y Roc Colom (bornas 512-513) -","robots":{"index":"index","follow":"follow","max-snippet":"max-snippet:-1","max-image-preview":"max-image-preview:large","max-video-preview":"max-video-preview:-1"},"canonical":"https:\/\/www.carlosyconchita.net\/rutas\/22-08-2017-costabona-roc-colom-bornas-512-513\/","og_locale":"es_ES","og_type":"article","og_title":"22-08-2017-Costabona (100 Cims) y Roc Colom (bornas 512-513) -","og_description":"Subida al Costabona y localizaci\u00f3n de las bornas 512 y 513","og_url":"https:\/\/www.carlosyconchita.net\/rutas\/22-08-2017-costabona-roc-colom-bornas-512-513\/","og_site_name":"Las rutas de Carlos y Conchita","article_published_time":"2017-08-22T19:56:31+00:00","article_modified_time":"2022-03-17T18:00:12+00:00","og_image":[{"width":1019,"height":764,"url":"https:\/\/www.carlosyconchita.net\/rutas\/wp-content\/uploads\/2017\/09\/DSC00977a.jpg","type":"image\/jpeg"}],"author":"Carlos Conchita","twitter_misc":{"Escrito por":"Carlos Conchita","Tiempo de lectura":"3 minutos"},"schema":{"@context":"https:\/\/schema.org","@graph":[{"@type":"Article","@id":"https:\/\/www.carlosyconchita.net\/rutas\/22-08-2017-costabona-roc-colom-bornas-512-513\/#article","isPartOf":{"@id":"https:\/\/www.carlosyconchita.net\/rutas\/22-08-2017-costabona-roc-colom-bornas-512-513\/"},"author":{"name":"Carlos Conchita","@id":"https:\/\/www.carlosyconchita.net\/rutas\/#\/schema\/person\/a9691f7258c28443fab2d3aa1479ea19"},"headline":"22-08-2017-Costabona (100 Cims) y Roc Colom (bornas 512-513)","datePublished":"2017-08-22T19:56:31+00:00","dateModified":"2022-03-17T18:00:12+00:00","mainEntityOfPage":{"@id":"https:\/\/www.carlosyconchita.net\/rutas\/22-08-2017-costabona-roc-colom-bornas-512-513\/"},"wordCount":516,"commentCount":0,"image":{"@id":"https:\/\/www.carlosyconchita.net\/rutas\/22-08-2017-costabona-roc-colom-bornas-512-513\/#primaryimage"},"thumbnailUrl":"https:\/\/www.carlosyconchita.net\/rutas\/wp-content\/uploads\/2017\/09\/DSC00977a.jpg","articleSection":["100 Cims Carlos y Conchita","100 Cims FEEC","2-Moderada","3 - De 10 a 15 km.","Mojones \/ Bornas frontera ES-FR","Vallter"],"inLanguage":"es","potentialAction":[{"@type":"CommentAction","name":"Comment","target":["https:\/\/www.carlosyconchita.net\/rutas\/22-08-2017-costabona-roc-colom-bornas-512-513\/#respond"]}]},{"@type":"WebPage","@id":"https:\/\/www.carlosyconchita.net\/rutas\/22-08-2017-costabona-roc-colom-bornas-512-513\/","url":"https:\/\/www.carlosyconchita.net\/rutas\/22-08-2017-costabona-roc-colom-bornas-512-513\/","name":"22-08-2017-Costabona (100 Cims) y Roc Colom (bornas 512-513) -","isPartOf":{"@id":"https:\/\/www.carlosyconchita.net\/rutas\/#website"},"primaryImageOfPage":{"@id":"https:\/\/www.carlosyconchita.net\/rutas\/22-08-2017-costabona-roc-colom-bornas-512-513\/#primaryimage"},"image":{"@id":"https:\/\/www.carlosyconchita.net\/rutas\/22-08-2017-costabona-roc-colom-bornas-512-513\/#primaryimage"},"thumbnailUrl":"https:\/\/www.carlosyconchita.net\/rutas\/wp-content\/uploads\/2017\/09\/DSC00977a.jpg","datePublished":"2017-08-22T19:56:31+00:00","dateModified":"2022-03-17T18:00:12+00:00","author":{"@id":"https:\/\/www.carlosyconchita.net\/rutas\/#\/schema\/person\/a9691f7258c28443fab2d3aa1479ea19"},"breadcrumb":{"@id":"https:\/\/www.carlosyconchita.net\/rutas\/22-08-2017-costabona-roc-colom-bornas-512-513\/#breadcrumb"},"inLanguage":"es","potentialAction":[{"@type":"ReadAction","target":["https:\/\/www.carlosyconchita.net\/rutas\/22-08-2017-costabona-roc-colom-bornas-512-513\/"]}]},{"@type":"ImageObject","inLanguage":"es","@id":"https:\/\/www.carlosyconchita.net\/rutas\/22-08-2017-costabona-roc-colom-bornas-512-513\/#primaryimage","url":"https:\/\/www.carlosyconchita.net\/rutas\/wp-content\/uploads\/2017\/09\/DSC00977a.jpg","contentUrl":"https:\/\/www.carlosyconchita.net\/rutas\/wp-content\/uploads\/2017\/09\/DSC00977a.jpg","width":1019,"height":764},{"@type":"BreadcrumbList","@id":"https:\/\/www.carlosyconchita.net\/rutas\/22-08-2017-costabona-roc-colom-bornas-512-513\/#breadcrumb","itemListElement":[{"@type":"ListItem","position":1,"name":"Portada","item":"https:\/\/www.carlosyconchita.net\/rutas\/"},{"@type":"ListItem","position":2,"name":"22-08-2017-Costabona (100 Cims) y Roc Colom (bornas 512-513)"}]},{"@type":"WebSite","@id":"https:\/\/www.carlosyconchita.net\/rutas\/#website","url":"https:\/\/www.carlosyconchita.net\/rutas\/","name":"Las rutas de Carlos y Conchita","description":"","potentialAction":[{"@type":"SearchAction","target":{"@type":"EntryPoint","urlTemplate":"https:\/\/www.carlosyconchita.net\/rutas\/?s={search_term_string}"},"query-input":{"@type":"PropertyValueSpecification","valueRequired":true,"valueName":"search_term_string"}}],"inLanguage":"es"},{"@type":"Person","@id":"https:\/\/www.carlosyconchita.net\/rutas\/#\/schema\/person\/a9691f7258c28443fab2d3aa1479ea19","name":"Carlos Conchita","image":{"@type":"ImageObject","inLanguage":"es","@id":"https:\/\/secure.gravatar.com\/avatar\/3a4625b20c8da3de99da69bfe7a322774e291c3f90dce7e8778a30fe6748ed1a?s=96&d=mm&r=g","url":"https:\/\/secure.gravatar.com\/avatar\/3a4625b20c8da3de99da69bfe7a322774e291c3f90dce7e8778a30fe6748ed1a?s=96&d=mm&r=g","contentUrl":"https:\/\/secure.gravatar.com\/avatar\/3a4625b20c8da3de99da69bfe7a322774e291c3f90dce7e8778a30fe6748ed1a?s=96&d=mm&r=g","caption":"Carlos Conchita"}}]}},"_links":{"self":[{"href":"https:\/\/www.carlosyconchita.net\/rutas\/wp-json\/wp\/v2\/posts\/10641","targetHints":{"allow":["GET"]}}],"collection":[{"href":"https:\/\/www.carlosyconchita.net\/rutas\/wp-json\/wp\/v2\/posts"}],"about":[{"href":"https:\/\/www.carlosyconchita.net\/rutas\/wp-json\/wp\/v2\/types\/post"}],"author":[{"embeddable":true,"href":"https:\/\/www.carlosyconchita.net\/rutas\/wp-json\/wp\/v2\/users\/50"}],"replies":[{"embeddable":true,"href":"https:\/\/www.carlosyconchita.net\/rutas\/wp-json\/wp\/v2\/comments?post=10641"}],"version-history":[{"count":0,"href":"https:\/\/www.carlosyconchita.net\/rutas\/wp-json\/wp\/v2\/posts\/10641\/revisions"}],"wp:featuredmedia":[{"embeddable":true,"href":"https:\/\/www.carlosyconchita.net\/rutas\/wp-json\/wp\/v2\/media\/10642"}],"wp:attachment":[{"href":"https:\/\/www.carlosyconchita.net\/rutas\/wp-json\/wp\/v2\/media?parent=10641"}],"wp:term":[{"taxonomy":"category","embeddable":true,"href":"https:\/\/www.carlosyconchita.net\/rutas\/wp-json\/wp\/v2\/categories?post=10641"},{"taxonomy":"post_tag","embeddable":true,"href":"https:\/\/www.carlosyconchita.net\/rutas\/wp-json\/wp\/v2\/tags?post=10641"}],"curies":[{"name":"wp","href":"https:\/\/api.w.org\/{rel}","templated":true}]}}