{"id":10661,"date":"2017-09-02T20:27:31","date_gmt":"2017-09-02T19:27:31","guid":{"rendered":"http:\/\/www.carlosyconchita.net\/rutas\/?p=10661"},"modified":"2021-02-27T19:46:36","modified_gmt":"2021-02-27T18:46:36","slug":"02-09-2017-pic-costa-cabirolera","status":"publish","type":"post","link":"https:\/\/www.carlosyconchita.net\/rutas\/02-09-2017-pic-costa-cabirolera\/","title":{"rendered":"02-09-2017-Pic de Costa Cabirolera"},"content":{"rendered":"<p style=\"text-align: justify;\">Para llegar al Pic de Costa Cabirolera\u00a0(el m\u00e1s alto de la provincia de Barcelona),\u00a0 nos dirigimos a Saldes y desde all\u00ed seguimos la pista en direcci\u00f3n al Pedraforca, pasamos de largo la zona de parking usada para subir a esta cima, y continuamos unos kilometros m\u00e1s hasta llegar a la zona conocida como Les Bassotes, en donde dejaremos el coche al lado del camino y empezamos a caminar.<\/p>\n<p style=\"text-align: justify;\">Subiremos en direcci\u00f3n a la Serra Pedregosa, con una \u00abbonita\u00bb bajada entre las piedras por el otro lado que nos llevar\u00e1 a la Cabana dels Cortils, y un poco antes de llegar a ella (a la bajada nos acercaremos hasta all\u00ed) ,nos desviaremos a nuestra izquierda en direcci\u00f3n al Pas del Cabirol , con bastante pendiente y con mucha piedra suelta.<\/p>\n<p style=\"text-align: justify;\">Una vez arriba en el Pas, vamos a nuestra derecha hasta la cima, por una pendiente m\u00e1s suave.<\/p>\n<hr \/>\n<h3 style=\"text-align: justify;\"><strong>Album de fotos<\/strong><\/h3>\n<p><a href=\"https:\/\/photos.app.goo.gl\/zY5uBToUVvHEY39H7\" target=\"_blank\" rel=\"noopener noreferrer\"><img loading=\"lazy\" decoding=\"async\" class=\"aligncenter wp-image-10666 size-column4-4\/5\" src=\"http:\/\/www.carlosyconchita.net\/rutas\/wp-content\/uploads\/2017\/09\/DSC01141A-240x192.jpg\" alt=\"\" width=\"240\" height=\"192\" srcset=\"https:\/\/www.carlosyconchita.net\/rutas\/wp-content\/uploads\/2017\/09\/DSC01141A-240x192.jpg 240w, https:\/\/www.carlosyconchita.net\/rutas\/wp-content\/uploads\/2017\/09\/DSC01141A-250x200.jpg 250w, https:\/\/www.carlosyconchita.net\/rutas\/wp-content\/uploads\/2017\/09\/DSC01141A-480x384.jpg 480w, https:\/\/www.carlosyconchita.net\/rutas\/wp-content\/uploads\/2017\/09\/DSC01141A-320x256.jpg 320w\" sizes=\"auto, (max-width: 240px) 100vw, 240px\" \/><\/a><\/p>\n<hr \/>\n<p><strong>Dificultad<\/strong> :\u00a0\u00a0\u00a0 Moderado<\/p>\n<p><strong>Distancia total<\/strong> :\u00a0\u00a0\u00a0\u00a0 10.726\u00a0<span class=\"totlen\"><span class=\"summaryvalue\"> m.<\/span><\/span><\/p>\n<p><strong>Alturas m\u00ednima \/ m\u00e1xima<\/strong> :\u00a0\u00a0\u00a0\u00a0 1.864\u00a0 m \u2013 2.597 m<\/p>\n<p><strong>Desnivel acumulado (s\/Wikiloc)<\/strong>\u00a0 :\u00a0\u00a0 967 \u00a0 m.<\/p>\n<p><strong>Tiempo total \/ en movimiento<\/strong> :\u00a0\u00a0\u00a0\u00a0\u00a0\u00a0\u00a0 7\u201945 h. \u2013\u00a0 3\u201937\u00a0 h.<\/p>\n<p><strong>Vel. media total \/ vel.media movimiento<\/strong> :\u00a0\u00a0 1\u201933 km\/h \u2013\u00a0 2\u201986\u00a0 km\/h<\/p>\n<p>&nbsp;<\/p>\n<hr \/>\n<p>Preparandonos para empezar a caminar, con el Pedraforca al fondo.<\/p>\n<p><img decoding=\"async\" class=\"\" src=\"https:\/\/farm5.staticflickr.com\/4391\/36176968753_b2b22ae180_b.jpg\" \/><\/p>\n<p><img decoding=\"async\" src=\"https:\/\/farm5.staticflickr.com\/4404\/36588454190_6c6c4731b0_b.jpg\" \/><\/p>\n<p style=\"text-align: justify;\">El Costa Cabirolera&#8230;lo vemos all\u00ed mismo , pero nos queda un buen tramo para llegar , ya que hemos de subir a la Serra Pedregosa, un poco a nuestra derecha, y bajar despu\u00e9s hasta la Cabana dels Cortils para empezar a subir ya hacia el pico.<\/p>\n<p>&nbsp;<\/p>\n<p><img decoding=\"async\" src=\"https:\/\/farm5.staticflickr.com\/4392\/36588452060_cab802936d_b.jpg\" \/><\/p>\n<p>Bajando de la Serra Pedregosa, por un bonito camino entre piedras en direcci\u00f3n a la Cabana dels Cortils.<\/p>\n<p><img decoding=\"async\" src=\"https:\/\/farm5.staticflickr.com\/4403\/36588450190_c96f5c74d5_b.jpg\" \/><\/p>\n<p>&nbsp;<\/p>\n<p><img decoding=\"async\" src=\"https:\/\/farm5.staticflickr.com\/4408\/36149806024_2b1e8ca46f_b.jpg\" \/><\/p>\n<p><img decoding=\"async\" src=\"https:\/\/farm5.staticflickr.com\/4403\/36814333242_0ed9b75be0_b.jpg\" \/><\/p>\n<p>La Serra Pedregosa, de donde acabamos de bajar por el camino que vemos en la foto.<\/p>\n<p>&nbsp;<\/p>\n<p><img decoding=\"async\" src=\"https:\/\/farm5.staticflickr.com\/4379\/36814327942_61272c77ec_b.jpg\" \/><\/p>\n<p>El camino que tenemos que seguir para subir al coll que vemos arriba a la izquierda, y desde all\u00ed ya hacia la cima.<\/p>\n<p>&nbsp;<\/p>\n<p><img decoding=\"async\" src=\"https:\/\/farm5.staticflickr.com\/4386\/36149799124_bddc26bdb4_b.jpg\" \/><\/p>\n<p style=\"text-align: justify;\">Aqui vemos el camino para subir al Pas del Cabirol, para continuar despu\u00e9s hacia la derecha al Costa Cabirolera.<\/p>\n<p><img decoding=\"async\" src=\"https:\/\/farm5.staticflickr.com\/4338\/36149793434_7f026e5a4b_b.jpg\" \/><\/p>\n<p><img decoding=\"async\" src=\"https:\/\/farm5.staticflickr.com\/4349\/36149790544_27ff22310b_b.jpg\" \/><\/p>\n<p><img decoding=\"async\" src=\"https:\/\/farm5.staticflickr.com\/4432\/36176938373_8a4a288a9a_b.jpg\" \/><\/p>\n<p>&nbsp;<\/p>\n<p><img decoding=\"async\" src=\"https:\/\/farm5.staticflickr.com\/4399\/36887274401_6381549990_b.jpg\" \/><\/p>\n<p>Bonita vista del Pedraforca.<\/p>\n<p><img decoding=\"async\" src=\"https:\/\/farm5.staticflickr.com\/4360\/36588431770_8bf771fcaa_b.jpg\" \/><\/p>\n<p>Vistas de la zona de Port del Compte.<\/p>\n<p><img decoding=\"async\" src=\"https:\/\/farm5.staticflickr.com\/4407\/36588430800_4140bf4d6b_b.jpg\" \/><\/p>\n<p>Ultimo tramo de subida al Costa Cabirolera.<\/p>\n<p><img decoding=\"async\" src=\"https:\/\/farm5.staticflickr.com\/4434\/36176934873_54926ff1d8_b.jpg\" \/><\/p>\n<p><img decoding=\"async\" src=\"https:\/\/farm5.staticflickr.com\/4401\/36588427700_4c65db9eaa_b.jpg\" \/><\/p>\n<p><img decoding=\"async\" src=\"https:\/\/farm5.staticflickr.com\/4360\/36631213610_68c923d358_b.jpg\" \/><\/p>\n<p>Mirando hacia la Canal de Cristal<\/p>\n<p><img decoding=\"async\" src=\"https:\/\/farm5.staticflickr.com\/4433\/36588425370_4e031481dc_b.jpg\" \/><\/p>\n<p>A la bajada, nos acercamos a la Cabana dels Cortils.<\/p>\n<p><img decoding=\"async\" src=\"https:\/\/farm5.staticflickr.com\/4357\/36149776094_0fc152c53c_b.jpg\" \/><\/p>\n<p>Vista del Cabirolera mientras subimos de nuevo a la Serra Pedregosa.<\/p>\n<p><img decoding=\"async\" src=\"https:\/\/farm5.staticflickr.com\/4409\/36588413410_47f489aae1_b.jpg\" \/><\/p>\n<p><img decoding=\"async\" src=\"https:\/\/farm5.staticflickr.com\/4407\/36588412210_4467bd35c2_b.jpg\" \/><\/p>\n<p><img decoding=\"async\" src=\"https:\/\/farm5.staticflickr.com\/4391\/36149770464_732fc23b91_b.jpg\" \/><\/p>\n<p><img decoding=\"async\" src=\"https:\/\/farm5.staticflickr.com\/4396\/36149766454_15683063c3_b.jpg\" \/><\/p>\n<p>Al final de la caminata, ya con el coche, en vez de volver por el mismo camino, seguimos por la pista por la que hemos venido y llegamos a Bag\u00e1, donde paramos a beber algo fresquito.<\/p>\n<p><img decoding=\"async\" src=\"https:\/\/farm5.staticflickr.com\/4418\/36192882064_b0b0bc5deb_b.jpg\" \/><\/p>\n<hr \/>\n<h3><strong>Track de la ruta<\/strong><\/h3>\n<p>[sgpx gpx=\u00bb\/wp-content\/uploads\/gpx\/Pico Costa Cabirolera.gpx\u00bb]<\/p>\n<hr \/>\n<h3><strong>Wikiloc<\/strong><\/h3>\n<p><a href=\"https:\/\/es.wikiloc.com\/wikiloc\/view.do?id=19524514\" target=\"_blank\" rel=\"noopener noreferrer\"><img loading=\"lazy\" decoding=\"async\" class=\"size-full wp-image-958 aligncenter\" src=\"http:\/\/www.carlosyconchita.net\/rutas\/wp-content\/uploads\/2020\/09\/wikiloc.jpg\" alt=\"\" width=\"117\" height=\"34\" \/><\/a><\/p>\n<hr \/>\n<p><strong><span style=\"color: #008000;\">Si te ha gustado, comp\u00e1rtelo en tu red favorita o env\u00edanos tu comentario.<\/span><\/strong><\/p>\n<p><strong><span style=\"color: #008000;\">Muchas gracias !<\/span><\/strong><\/p>\n<hr \/>\n<p style=\"text-align: justify;\"><strong><span style=\"color: #ff0000;\">Suscribete si quieres recibir un mail cuando publiquemos nuevas rutas : no enviamos publicidad y como m\u00e1ximo enviamos 2 mails al mes<\/span><\/strong><\/p>\n<p>[wysija_form id=\u00bb1&#8243;]<\/p>\n<hr \/>\n<p>&nbsp;<\/p>\n<h3>Puedes imprimir esta publicaci\u00f3n o guardarla en diferentes formatos :<\/h3>\n<p style=\"text-align: justify;\"><span style=\"color: #008000;\">Para facilitar la impresi\u00f3n, se ha reducido considerablemente el tama\u00f1o de las fotos, pero si deseas imprimir sin fotos, aconsejamos guardarlo como \u201cdoc\u201d, y antes de imprimirlo, eliminar las fotos<\/span><\/p>\n","protected":false},"excerpt":{"rendered":"<p>Para llegar al Pic de Costa Cabirolera\u00a0(el m\u00e1s alto de la provincia de Barcelona),\u00a0 nos dirigimos a Saldes y desde all\u00ed seguimos la pista en direcci\u00f3n al Pedraforca, pasamos de largo la zona de parking usada para subir a esta cima, y continuamos unos kilometros m\u00e1s hasta llegar a la zona conocida como Les Bassotes, [&hellip;]<\/p>\n","protected":false},"author":50,"featured_media":10666,"comment_status":"open","ping_status":"open","sticky":false,"template":"","format":"standard","meta":{"footnotes":""},"categories":[106,11,23,41],"tags":[],"class_list":{"0":"post-10661","1":"post","2":"type-post","3":"status-publish","4":"format-standard","5":"has-post-thumbnail","6":"hentry","7":"category-nuestros-100-cims","8":"category-moderada","9":"category-de-10-a-15-km","10":"category-cerdanya-sur","12":"post-with-thumbnail","13":"post-with-thumbnail-icon"},"yoast_head":"<!-- This site is optimized with the Yoast SEO plugin v27.4 - https:\/\/yoast.com\/product\/yoast-seo-wordpress\/ -->\n<title>02-09-2017-Pic de Costa Cabirolera -<\/title>\n<meta name=\"robots\" content=\"index, follow, max-snippet:-1, max-image-preview:large, max-video-preview:-1\" \/>\n<link rel=\"canonical\" href=\"https:\/\/www.carlosyconchita.net\/rutas\/02-09-2017-pic-costa-cabirolera\/\" \/>\n<meta property=\"og:locale\" content=\"es_ES\" \/>\n<meta property=\"og:type\" content=\"article\" \/>\n<meta property=\"og:title\" content=\"02-09-2017-Pic de Costa Cabirolera -\" \/>\n<meta property=\"og:description\" content=\"Para llegar al Pic de Costa Cabirolera\u00a0(el m\u00e1s alto de la provincia de Barcelona),\u00a0 nos dirigimos a Saldes y desde all\u00ed seguimos la pista en direcci\u00f3n al Pedraforca, pasamos de largo la zona de parking usada para subir a esta cima, y continuamos unos kilometros m\u00e1s hasta llegar a la zona conocida como Les Bassotes, [&hellip;]\" \/>\n<meta property=\"og:url\" content=\"https:\/\/www.carlosyconchita.net\/rutas\/02-09-2017-pic-costa-cabirolera\/\" \/>\n<meta property=\"og:site_name\" content=\"Las rutas de Carlos y Conchita\" \/>\n<meta property=\"article:published_time\" content=\"2017-09-02T19:27:31+00:00\" \/>\n<meta property=\"article:modified_time\" content=\"2021-02-27T18:46:36+00:00\" \/>\n<meta property=\"og:image\" content=\"https:\/\/www.carlosyconchita.net\/rutas\/wp-content\/uploads\/2017\/09\/DSC01141A.jpg\" \/>\n\t<meta property=\"og:image:width\" content=\"902\" \/>\n\t<meta property=\"og:image:height\" content=\"676\" \/>\n\t<meta property=\"og:image:type\" content=\"image\/jpeg\" \/>\n<meta name=\"author\" content=\"Carlos Conchita\" \/>\n<meta name=\"twitter:label1\" content=\"Escrito por\" \/>\n\t<meta name=\"twitter:data1\" content=\"Carlos Conchita\" \/>\n\t<meta name=\"twitter:label2\" content=\"Tiempo de lectura\" \/>\n\t<meta name=\"twitter:data2\" content=\"3 minutos\" \/>\n<script type=\"application\/ld+json\" class=\"yoast-schema-graph\">{\"@context\":\"https:\\\/\\\/schema.org\",\"@graph\":[{\"@type\":\"Article\",\"@id\":\"https:\\\/\\\/www.carlosyconchita.net\\\/rutas\\\/02-09-2017-pic-costa-cabirolera\\\/#article\",\"isPartOf\":{\"@id\":\"https:\\\/\\\/www.carlosyconchita.net\\\/rutas\\\/02-09-2017-pic-costa-cabirolera\\\/\"},\"author\":{\"name\":\"Carlos Conchita\",\"@id\":\"https:\\\/\\\/www.carlosyconchita.net\\\/rutas\\\/#\\\/schema\\\/person\\\/a9691f7258c28443fab2d3aa1479ea19\"},\"headline\":\"02-09-2017-Pic de Costa Cabirolera\",\"datePublished\":\"2017-09-02T19:27:31+00:00\",\"dateModified\":\"2021-02-27T18:46:36+00:00\",\"mainEntityOfPage\":{\"@id\":\"https:\\\/\\\/www.carlosyconchita.net\\\/rutas\\\/02-09-2017-pic-costa-cabirolera\\\/\"},\"wordCount\":515,\"commentCount\":0,\"image\":{\"@id\":\"https:\\\/\\\/www.carlosyconchita.net\\\/rutas\\\/02-09-2017-pic-costa-cabirolera\\\/#primaryimage\"},\"thumbnailUrl\":\"https:\\\/\\\/www.carlosyconchita.net\\\/rutas\\\/wp-content\\\/uploads\\\/2017\\\/09\\\/DSC01141A.jpg\",\"articleSection\":[\"100 Cims Carlos y Conchita\",\"2-Moderada\",\"3 - De 10 a 15 km.\",\"Cerdanya Sur-Cad\u00ed-Moixer\u00f3\"],\"inLanguage\":\"es\",\"potentialAction\":[{\"@type\":\"CommentAction\",\"name\":\"Comment\",\"target\":[\"https:\\\/\\\/www.carlosyconchita.net\\\/rutas\\\/02-09-2017-pic-costa-cabirolera\\\/#respond\"]}]},{\"@type\":\"WebPage\",\"@id\":\"https:\\\/\\\/www.carlosyconchita.net\\\/rutas\\\/02-09-2017-pic-costa-cabirolera\\\/\",\"url\":\"https:\\\/\\\/www.carlosyconchita.net\\\/rutas\\\/02-09-2017-pic-costa-cabirolera\\\/\",\"name\":\"02-09-2017-Pic de Costa Cabirolera -\",\"isPartOf\":{\"@id\":\"https:\\\/\\\/www.carlosyconchita.net\\\/rutas\\\/#website\"},\"primaryImageOfPage\":{\"@id\":\"https:\\\/\\\/www.carlosyconchita.net\\\/rutas\\\/02-09-2017-pic-costa-cabirolera\\\/#primaryimage\"},\"image\":{\"@id\":\"https:\\\/\\\/www.carlosyconchita.net\\\/rutas\\\/02-09-2017-pic-costa-cabirolera\\\/#primaryimage\"},\"thumbnailUrl\":\"https:\\\/\\\/www.carlosyconchita.net\\\/rutas\\\/wp-content\\\/uploads\\\/2017\\\/09\\\/DSC01141A.jpg\",\"datePublished\":\"2017-09-02T19:27:31+00:00\",\"dateModified\":\"2021-02-27T18:46:36+00:00\",\"author\":{\"@id\":\"https:\\\/\\\/www.carlosyconchita.net\\\/rutas\\\/#\\\/schema\\\/person\\\/a9691f7258c28443fab2d3aa1479ea19\"},\"breadcrumb\":{\"@id\":\"https:\\\/\\\/www.carlosyconchita.net\\\/rutas\\\/02-09-2017-pic-costa-cabirolera\\\/#breadcrumb\"},\"inLanguage\":\"es\",\"potentialAction\":[{\"@type\":\"ReadAction\",\"target\":[\"https:\\\/\\\/www.carlosyconchita.net\\\/rutas\\\/02-09-2017-pic-costa-cabirolera\\\/\"]}]},{\"@type\":\"ImageObject\",\"inLanguage\":\"es\",\"@id\":\"https:\\\/\\\/www.carlosyconchita.net\\\/rutas\\\/02-09-2017-pic-costa-cabirolera\\\/#primaryimage\",\"url\":\"https:\\\/\\\/www.carlosyconchita.net\\\/rutas\\\/wp-content\\\/uploads\\\/2017\\\/09\\\/DSC01141A.jpg\",\"contentUrl\":\"https:\\\/\\\/www.carlosyconchita.net\\\/rutas\\\/wp-content\\\/uploads\\\/2017\\\/09\\\/DSC01141A.jpg\",\"width\":902,\"height\":676},{\"@type\":\"BreadcrumbList\",\"@id\":\"https:\\\/\\\/www.carlosyconchita.net\\\/rutas\\\/02-09-2017-pic-costa-cabirolera\\\/#breadcrumb\",\"itemListElement\":[{\"@type\":\"ListItem\",\"position\":1,\"name\":\"Portada\",\"item\":\"https:\\\/\\\/www.carlosyconchita.net\\\/rutas\\\/\"},{\"@type\":\"ListItem\",\"position\":2,\"name\":\"02-09-2017-Pic de Costa Cabirolera\"}]},{\"@type\":\"WebSite\",\"@id\":\"https:\\\/\\\/www.carlosyconchita.net\\\/rutas\\\/#website\",\"url\":\"https:\\\/\\\/www.carlosyconchita.net\\\/rutas\\\/\",\"name\":\"Las rutas de Carlos y Conchita\",\"description\":\"\",\"potentialAction\":[{\"@type\":\"SearchAction\",\"target\":{\"@type\":\"EntryPoint\",\"urlTemplate\":\"https:\\\/\\\/www.carlosyconchita.net\\\/rutas\\\/?s={search_term_string}\"},\"query-input\":{\"@type\":\"PropertyValueSpecification\",\"valueRequired\":true,\"valueName\":\"search_term_string\"}}],\"inLanguage\":\"es\"},{\"@type\":\"Person\",\"@id\":\"https:\\\/\\\/www.carlosyconchita.net\\\/rutas\\\/#\\\/schema\\\/person\\\/a9691f7258c28443fab2d3aa1479ea19\",\"name\":\"Carlos Conchita\",\"image\":{\"@type\":\"ImageObject\",\"inLanguage\":\"es\",\"@id\":\"https:\\\/\\\/secure.gravatar.com\\\/avatar\\\/3a4625b20c8da3de99da69bfe7a322774e291c3f90dce7e8778a30fe6748ed1a?s=96&d=mm&r=g\",\"url\":\"https:\\\/\\\/secure.gravatar.com\\\/avatar\\\/3a4625b20c8da3de99da69bfe7a322774e291c3f90dce7e8778a30fe6748ed1a?s=96&d=mm&r=g\",\"contentUrl\":\"https:\\\/\\\/secure.gravatar.com\\\/avatar\\\/3a4625b20c8da3de99da69bfe7a322774e291c3f90dce7e8778a30fe6748ed1a?s=96&d=mm&r=g\",\"caption\":\"Carlos Conchita\"}}]}<\/script>\n<!-- \/ Yoast SEO plugin. -->","yoast_head_json":{"title":"02-09-2017-Pic de Costa Cabirolera -","robots":{"index":"index","follow":"follow","max-snippet":"max-snippet:-1","max-image-preview":"max-image-preview:large","max-video-preview":"max-video-preview:-1"},"canonical":"https:\/\/www.carlosyconchita.net\/rutas\/02-09-2017-pic-costa-cabirolera\/","og_locale":"es_ES","og_type":"article","og_title":"02-09-2017-Pic de Costa Cabirolera -","og_description":"Para llegar al Pic de Costa Cabirolera\u00a0(el m\u00e1s alto de la provincia de Barcelona),\u00a0 nos dirigimos a Saldes y desde all\u00ed seguimos la pista en direcci\u00f3n al Pedraforca, pasamos de largo la zona de parking usada para subir a esta cima, y continuamos unos kilometros m\u00e1s hasta llegar a la zona conocida como Les Bassotes, [&hellip;]","og_url":"https:\/\/www.carlosyconchita.net\/rutas\/02-09-2017-pic-costa-cabirolera\/","og_site_name":"Las rutas de Carlos y Conchita","article_published_time":"2017-09-02T19:27:31+00:00","article_modified_time":"2021-02-27T18:46:36+00:00","og_image":[{"width":902,"height":676,"url":"https:\/\/www.carlosyconchita.net\/rutas\/wp-content\/uploads\/2017\/09\/DSC01141A.jpg","type":"image\/jpeg"}],"author":"Carlos Conchita","twitter_misc":{"Escrito por":"Carlos Conchita","Tiempo de lectura":"3 minutos"},"schema":{"@context":"https:\/\/schema.org","@graph":[{"@type":"Article","@id":"https:\/\/www.carlosyconchita.net\/rutas\/02-09-2017-pic-costa-cabirolera\/#article","isPartOf":{"@id":"https:\/\/www.carlosyconchita.net\/rutas\/02-09-2017-pic-costa-cabirolera\/"},"author":{"name":"Carlos Conchita","@id":"https:\/\/www.carlosyconchita.net\/rutas\/#\/schema\/person\/a9691f7258c28443fab2d3aa1479ea19"},"headline":"02-09-2017-Pic de Costa Cabirolera","datePublished":"2017-09-02T19:27:31+00:00","dateModified":"2021-02-27T18:46:36+00:00","mainEntityOfPage":{"@id":"https:\/\/www.carlosyconchita.net\/rutas\/02-09-2017-pic-costa-cabirolera\/"},"wordCount":515,"commentCount":0,"image":{"@id":"https:\/\/www.carlosyconchita.net\/rutas\/02-09-2017-pic-costa-cabirolera\/#primaryimage"},"thumbnailUrl":"https:\/\/www.carlosyconchita.net\/rutas\/wp-content\/uploads\/2017\/09\/DSC01141A.jpg","articleSection":["100 Cims Carlos y Conchita","2-Moderada","3 - De 10 a 15 km.","Cerdanya Sur-Cad\u00ed-Moixer\u00f3"],"inLanguage":"es","potentialAction":[{"@type":"CommentAction","name":"Comment","target":["https:\/\/www.carlosyconchita.net\/rutas\/02-09-2017-pic-costa-cabirolera\/#respond"]}]},{"@type":"WebPage","@id":"https:\/\/www.carlosyconchita.net\/rutas\/02-09-2017-pic-costa-cabirolera\/","url":"https:\/\/www.carlosyconchita.net\/rutas\/02-09-2017-pic-costa-cabirolera\/","name":"02-09-2017-Pic de Costa Cabirolera -","isPartOf":{"@id":"https:\/\/www.carlosyconchita.net\/rutas\/#website"},"primaryImageOfPage":{"@id":"https:\/\/www.carlosyconchita.net\/rutas\/02-09-2017-pic-costa-cabirolera\/#primaryimage"},"image":{"@id":"https:\/\/www.carlosyconchita.net\/rutas\/02-09-2017-pic-costa-cabirolera\/#primaryimage"},"thumbnailUrl":"https:\/\/www.carlosyconchita.net\/rutas\/wp-content\/uploads\/2017\/09\/DSC01141A.jpg","datePublished":"2017-09-02T19:27:31+00:00","dateModified":"2021-02-27T18:46:36+00:00","author":{"@id":"https:\/\/www.carlosyconchita.net\/rutas\/#\/schema\/person\/a9691f7258c28443fab2d3aa1479ea19"},"breadcrumb":{"@id":"https:\/\/www.carlosyconchita.net\/rutas\/02-09-2017-pic-costa-cabirolera\/#breadcrumb"},"inLanguage":"es","potentialAction":[{"@type":"ReadAction","target":["https:\/\/www.carlosyconchita.net\/rutas\/02-09-2017-pic-costa-cabirolera\/"]}]},{"@type":"ImageObject","inLanguage":"es","@id":"https:\/\/www.carlosyconchita.net\/rutas\/02-09-2017-pic-costa-cabirolera\/#primaryimage","url":"https:\/\/www.carlosyconchita.net\/rutas\/wp-content\/uploads\/2017\/09\/DSC01141A.jpg","contentUrl":"https:\/\/www.carlosyconchita.net\/rutas\/wp-content\/uploads\/2017\/09\/DSC01141A.jpg","width":902,"height":676},{"@type":"BreadcrumbList","@id":"https:\/\/www.carlosyconchita.net\/rutas\/02-09-2017-pic-costa-cabirolera\/#breadcrumb","itemListElement":[{"@type":"ListItem","position":1,"name":"Portada","item":"https:\/\/www.carlosyconchita.net\/rutas\/"},{"@type":"ListItem","position":2,"name":"02-09-2017-Pic de Costa Cabirolera"}]},{"@type":"WebSite","@id":"https:\/\/www.carlosyconchita.net\/rutas\/#website","url":"https:\/\/www.carlosyconchita.net\/rutas\/","name":"Las rutas de Carlos y Conchita","description":"","potentialAction":[{"@type":"SearchAction","target":{"@type":"EntryPoint","urlTemplate":"https:\/\/www.carlosyconchita.net\/rutas\/?s={search_term_string}"},"query-input":{"@type":"PropertyValueSpecification","valueRequired":true,"valueName":"search_term_string"}}],"inLanguage":"es"},{"@type":"Person","@id":"https:\/\/www.carlosyconchita.net\/rutas\/#\/schema\/person\/a9691f7258c28443fab2d3aa1479ea19","name":"Carlos Conchita","image":{"@type":"ImageObject","inLanguage":"es","@id":"https:\/\/secure.gravatar.com\/avatar\/3a4625b20c8da3de99da69bfe7a322774e291c3f90dce7e8778a30fe6748ed1a?s=96&d=mm&r=g","url":"https:\/\/secure.gravatar.com\/avatar\/3a4625b20c8da3de99da69bfe7a322774e291c3f90dce7e8778a30fe6748ed1a?s=96&d=mm&r=g","contentUrl":"https:\/\/secure.gravatar.com\/avatar\/3a4625b20c8da3de99da69bfe7a322774e291c3f90dce7e8778a30fe6748ed1a?s=96&d=mm&r=g","caption":"Carlos Conchita"}}]}},"_links":{"self":[{"href":"https:\/\/www.carlosyconchita.net\/rutas\/wp-json\/wp\/v2\/posts\/10661","targetHints":{"allow":["GET"]}}],"collection":[{"href":"https:\/\/www.carlosyconchita.net\/rutas\/wp-json\/wp\/v2\/posts"}],"about":[{"href":"https:\/\/www.carlosyconchita.net\/rutas\/wp-json\/wp\/v2\/types\/post"}],"author":[{"embeddable":true,"href":"https:\/\/www.carlosyconchita.net\/rutas\/wp-json\/wp\/v2\/users\/50"}],"replies":[{"embeddable":true,"href":"https:\/\/www.carlosyconchita.net\/rutas\/wp-json\/wp\/v2\/comments?post=10661"}],"version-history":[{"count":0,"href":"https:\/\/www.carlosyconchita.net\/rutas\/wp-json\/wp\/v2\/posts\/10661\/revisions"}],"wp:featuredmedia":[{"embeddable":true,"href":"https:\/\/www.carlosyconchita.net\/rutas\/wp-json\/wp\/v2\/media\/10666"}],"wp:attachment":[{"href":"https:\/\/www.carlosyconchita.net\/rutas\/wp-json\/wp\/v2\/media?parent=10661"}],"wp:term":[{"taxonomy":"category","embeddable":true,"href":"https:\/\/www.carlosyconchita.net\/rutas\/wp-json\/wp\/v2\/categories?post=10661"},{"taxonomy":"post_tag","embeddable":true,"href":"https:\/\/www.carlosyconchita.net\/rutas\/wp-json\/wp\/v2\/tags?post=10661"}],"curies":[{"name":"wp","href":"https:\/\/api.w.org\/{rel}","templated":true}]}}