{"id":10718,"date":"2017-09-16T19:44:00","date_gmt":"2017-09-16T18:44:00","guid":{"rendered":"http:\/\/www.carlosyconchita.net\/rutas\/?p=10718"},"modified":"2020-04-12T17:02:01","modified_gmt":"2020-04-12T16:02:01","slug":"16-09-2017-sant-pere-casserres","status":"publish","type":"post","link":"https:\/\/www.carlosyconchita.net\/rutas\/16-09-2017-sant-pere-casserres\/","title":{"rendered":"16-09-2017 &#8211; Sant Pere de Casserres"},"content":{"rendered":"<p style=\"text-align: justify;\">Hoy hemos hecho una peque\u00f1a excursi\u00f3n, peque\u00f1a en cuanto al recorrido, pero interesante desde el punto de vista \u00abcultural\u00bb e \u00abhist\u00f3rico \u00bb\u00a0 al monasterio de Sant Pere de Casserres, en donde hemos hecho una visita guiada y comentada, y tambi\u00e9n interesante por las vistas del rio Ter con unos bonitos meandros.<\/p>\n<p>En el album de fotos se pueden ver algunos datos hist\u00f3ricos del sitio.<\/p>\n<p style=\"text-align: justify;\">Esta vez hemos conseguido coincidir todo el \u00abgrupo\u00bb, y vamos con Rafel, Nuria, Pep, Marina, Lluis, Asun, Carme, Miquel, Eva y Silvia.<\/p>\n<p style=\"text-align: justify;\">Hemos llegado en coche al Parador de Vic o Sau, desde donde tenemos unas magn\u00edficas vistas del pantano de Sau, y desde ese punto hemos empezado a caminar hacia Sant Pere de Casserres.<\/p>\n<p>&nbsp;<\/p>\n<hr \/>\n<h3><strong>Album de fotos<\/strong><\/h3>\n<p><a href=\"https:\/\/photos.app.goo.gl\/NjrTz5dLRXuzcteo6\" target=\"_blank\" rel=\"noopener noreferrer\"><img loading=\"lazy\" decoding=\"async\" class=\"aligncenter wp-image-10720 size-column4-4\/5\" src=\"http:\/\/www.carlosyconchita.net\/rutas\/wp-content\/uploads\/2017\/10\/Casserres-0082-240x192.jpg\" alt=\"\" width=\"240\" height=\"192\" srcset=\"https:\/\/www.carlosyconchita.net\/rutas\/wp-content\/uploads\/2017\/10\/Casserres-0082-240x192.jpg 240w, https:\/\/www.carlosyconchita.net\/rutas\/wp-content\/uploads\/2017\/10\/Casserres-0082-250x200.jpg 250w, https:\/\/www.carlosyconchita.net\/rutas\/wp-content\/uploads\/2017\/10\/Casserres-0082-960x764.jpg 960w, https:\/\/www.carlosyconchita.net\/rutas\/wp-content\/uploads\/2017\/10\/Casserres-0082-480x384.jpg 480w, https:\/\/www.carlosyconchita.net\/rutas\/wp-content\/uploads\/2017\/10\/Casserres-0082-320x256.jpg 320w\" sizes=\"auto, (max-width: 240px) 100vw, 240px\" \/><\/a><\/p>\n<hr \/>\n<p>&nbsp;<\/p>\n<p>Antes de llegar al Parador, paramos en Tav\u00e9rnoles, para tomar un caf\u00e9, y aprovechamos para hacer unas fotos a la Iglesia de Sant Esteve de Tav\u00e9rnoles.<\/p>\n<p>&nbsp;<\/p>\n<p><img decoding=\"async\" src=\"https:\/\/farm5.staticflickr.com\/4384\/36934189350_e7ee944039_b.jpg\" \/><\/p>\n<p><img decoding=\"async\" src=\"https:\/\/farm5.staticflickr.com\/4333\/37159098482_90da2dd23e_b.jpg\" \/><\/p>\n<p>Despu\u00e9s paramos en otra iglesia, la de Sant Pere de Savassona.<\/p>\n<p><img decoding=\"async\" src=\"https:\/\/farm5.staticflickr.com\/4422\/36518913353_d85ff62a87_b.jpg\" \/><\/p>\n<p>Finalmente llegamos al Parador de Sau, donde dejamos los coches y empezamos a caminar.<\/p>\n<p><img decoding=\"async\" src=\"https:\/\/farm5.staticflickr.com\/4331\/36494030934_cc4614dd4f_b.jpg\" \/><\/p>\n<p>Desde all\u00ed podemos ver el pantano de Sau, con bastante agua, al menos comparado con la anterior ocasi\u00f3n en que estuvimos all\u00ed en el a\u00f1o 2008.<\/p>\n<p><img decoding=\"async\" src=\"https:\/\/farm5.staticflickr.com\/4353\/36494028074_e6330679f4_b.jpg\" \/><\/p>\n<p><img decoding=\"async\" src=\"https:\/\/farm5.staticflickr.com\/4435\/37141070146_bd59eba164_b.jpg\" \/><\/p>\n<p><img decoding=\"async\" src=\"https:\/\/farm5.staticflickr.com\/4342\/36494024764_64e02b3987_b.jpg\" \/><\/p>\n<p>&nbsp;<\/p>\n<p>Aqu\u00ed tenemos una foto realizada en el a\u00f1o 2008, en que por falta de agua, pudimos llegar caminando hasta la iglesia.<\/p>\n<p>&nbsp;<\/p>\n<p><img loading=\"lazy\" decoding=\"async\" class=\"size-full wp-image-10719 aligncenter\" src=\"http:\/\/www.carlosyconchita.net\/rutas\/wp-content\/uploads\/2017\/10\/TeoMari0056.jpg\" alt=\"\" width=\"2048\" height=\"1536\" srcset=\"https:\/\/www.carlosyconchita.net\/rutas\/wp-content\/uploads\/2017\/10\/TeoMari0056.jpg 2048w, https:\/\/www.carlosyconchita.net\/rutas\/wp-content\/uploads\/2017\/10\/TeoMari0056-300x225.jpg 300w, https:\/\/www.carlosyconchita.net\/rutas\/wp-content\/uploads\/2017\/10\/TeoMari0056-600x450.jpg 600w, https:\/\/www.carlosyconchita.net\/rutas\/wp-content\/uploads\/2017\/10\/TeoMari0056-768x576.jpg 768w, https:\/\/www.carlosyconchita.net\/rutas\/wp-content\/uploads\/2017\/10\/TeoMari0056-1536x1152.jpg 1536w, https:\/\/www.carlosyconchita.net\/rutas\/wp-content\/uploads\/2017\/10\/TeoMari0056-960x720.jpg 960w, https:\/\/www.carlosyconchita.net\/rutas\/wp-content\/uploads\/2017\/10\/TeoMari0056-480x360.jpg 480w, https:\/\/www.carlosyconchita.net\/rutas\/wp-content\/uploads\/2017\/10\/TeoMari0056-320x240.jpg 320w, https:\/\/www.carlosyconchita.net\/rutas\/wp-content\/uploads\/2017\/10\/TeoMari0056-240x180.jpg 240w\" sizes=\"auto, (max-width: 2048px) 100vw, 2048px\" \/><\/p>\n<p>&nbsp;<\/p>\n<p style=\"text-align: justify;\">Por la misma carretera por la que hemos llegado en coche , unos pocos metros antes del Parador, hay un desv\u00edo que nos indica Sant Pere de Casserres, por el que empezamos a caminar , y pocos metros m\u00e1s adelante, en la primera curva a la izquierda, nosotros entramos en el bosque para seguir el camino, que m\u00e1s o menos va siguiendo paralelo a la carretera, hasta llegar al cabo de algo menos de 4 km. a Sant Pere.<\/p>\n<p><img decoding=\"async\" src=\"https:\/\/farm5.staticflickr.com\/4425\/36494019714_9006b52865_b.jpg\" \/><\/p>\n<p><img decoding=\"async\" src=\"https:\/\/farm5.staticflickr.com\/4358\/37141065366_44c60222de_b.jpg\" \/><\/p>\n<p style=\"text-align: justify;\">En algunos tramos del camino cuesta avanzar por la maleza existente, se v\u00e9 que no es muy transitado, y la gente prefiere ir en coche.<\/p>\n<p><img decoding=\"async\" src=\"https:\/\/farm5.staticflickr.com\/4362\/37331890485_34199082c3_b.jpg\" \/><\/p>\n<p style=\"text-align: justify;\">Como se puede ver en el track de la ruta, nos vamos \u00abalejando\u00bb del pantano de\u00a0 Sau, y poco despu\u00e9s podemos ver algunos bonitos meandros del Ter.<\/p>\n<p><img decoding=\"async\" src=\"https:\/\/farm5.staticflickr.com\/4331\/37159077342_a979cd8478_b.jpg\" \/><\/p>\n<p><img decoding=\"async\" src=\"https:\/\/farm5.staticflickr.com\/4358\/36493977324_b73693d974_b.jpg\" \/><\/p>\n<p><img decoding=\"async\" src=\"https:\/\/farm5.staticflickr.com\/4405\/37141031856_77596a3716_b.jpg\" \/><\/p>\n<p>&nbsp;<\/p>\n<p>En algun punto ya podemos ver el monasterio.<\/p>\n<p><img decoding=\"async\" src=\"https:\/\/farm5.staticflickr.com\/4368\/36493957174_cd113f78b9_b.jpg\" \/><\/p>\n<p><img decoding=\"async\" src=\"https:\/\/farm5.staticflickr.com\/4393\/36934112630_11f6f1834b_b.jpg\" \/><\/p>\n<p><img decoding=\"async\" src=\"https:\/\/farm5.staticflickr.com\/4383\/37141012766_225c58b2ec_b.jpg\" \/><\/p>\n<p><img decoding=\"async\" src=\"https:\/\/farm5.staticflickr.com\/4395\/37141008596_3904136e6b_b.jpg\" \/><\/p>\n<p><img decoding=\"async\" src=\"https:\/\/farm5.staticflickr.com\/4394\/36518818083_a1a0a6f84c_b.jpg\" \/><\/p>\n<p><img decoding=\"async\" src=\"https:\/\/farm5.staticflickr.com\/4375\/37141000186_59ef23a468_b.jpg\" \/><\/p>\n<p><img decoding=\"async\" src=\"https:\/\/farm5.staticflickr.com\/4369\/37331830065_beace35ffb_b.jpg\" \/><\/p>\n<p><img decoding=\"async\" src=\"https:\/\/farm5.staticflickr.com\/4429\/36518804643_7ee3a8397a_b.jpg\" \/><\/p>\n<p><img decoding=\"async\" src=\"https:\/\/farm5.staticflickr.com\/4378\/37188787661_fc3f781820_b.jpg\" \/><\/p>\n<p><img decoding=\"async\" src=\"https:\/\/farm5.staticflickr.com\/4419\/37159020242_fb85038645_b.jpg\" \/><\/p>\n<p><img decoding=\"async\" src=\"https:\/\/farm5.staticflickr.com\/4368\/37331810625_a84ca7314d_b.jpg\" \/><\/p>\n<p><img decoding=\"async\" src=\"https:\/\/farm5.staticflickr.com\/4380\/37188764631_59f0a693dc_b.jpg\" \/><\/p>\n<hr \/>\n<p>&nbsp;<\/p>\n<h3><strong>Track de la ruta<\/strong><\/h3>\n<p>[sgpx gpx=\u00bb\/wp-content\/uploads\/gpx\/Sant Pere Casserres.gpx\u00bb]<\/p>\n<hr \/>\n<h3><strong>Wikiloc<\/strong><\/h3>\n<p><a href=\"https:\/\/es.wikiloc.com\/wikiloc\/view.do?id=20341009\" target=\"_blank\" rel=\"noopener noreferrer\"><img loading=\"lazy\" decoding=\"async\" class=\"size-full wp-image-958 aligncenter\" src=\"http:\/\/www.carlosyconchita.net\/rutas\/wp-content\/uploads\/2020\/09\/wikiloc.jpg\" alt=\"\" width=\"117\" height=\"34\" \/><\/a><\/p>\n<p>&nbsp;<\/p>\n<p>&nbsp;<\/p>\n<hr \/>\n<p><strong><span style=\"color: #ff0000;\">Si te ha gustado, comp\u00e1rtelo en tu red favorita o env\u00edanos tu comentario.<\/span><\/strong><\/p>\n<p><strong><span style=\"color: #ff0000;\">Muchas gracias !<\/span><\/strong><\/p>\n<hr \/>\n<p><strong><span style=\"color: #008000;\">Suscribete si quieres recibir un mail cuando publiquemos nuevas rutas : no enviamos publicidad y como m\u00e1ximo enviamos 2 mails al mes<\/span><\/strong><\/p>\n<p>[wysija_form id=\u00bb1&#8243;]<\/p>\n<hr \/>\n<p>&nbsp;<\/p>\n<h3>Puedes imprimir esta publicaci\u00f3n o guardarla en diferentes formatos :<\/h3>\n<p style=\"text-align: justify;\"><span style=\"color: #ff0000;\">Para facilitar la impresi\u00f3n, se ha reducido considerablemente el tama\u00f1o de las fotos, pero si deseas imprimir sin fotos, aconsejamos guardarlo como \u201cdoc\u201d, y antes de imprimirlo, eliminar las fotos<\/span><\/p>\n<p>&nbsp;<\/p>\n<hr \/>\n","protected":false},"excerpt":{"rendered":"<p>Hoy hemos hecho una peque\u00f1a excursi\u00f3n, peque\u00f1a en cuanto al recorrido, pero interesante desde el punto de vista \u00abcultural\u00bb e \u00abhist\u00f3rico \u00bb\u00a0 al monasterio de Sant Pere de Casserres, en donde hemos hecho una visita guiada y comentada, y tambi\u00e9n interesante por las vistas del rio Ter con unos bonitos meandros. En el album de [&hellip;]<\/p>\n","protected":false},"author":50,"featured_media":10720,"comment_status":"open","ping_status":"open","sticky":false,"template":"","format":"standard","meta":{"footnotes":""},"categories":[14,21,46],"tags":[],"class_list":{"0":"post-10718","1":"post","2":"type-post","3":"status-publish","4":"format-standard","5":"has-post-thumbnail","6":"hentry","7":"category-muy-facil","8":"category-hasta-5-km","9":"category-barcelona-sin-clasificar","11":"post-with-thumbnail","12":"post-with-thumbnail-icon"},"yoast_head":"<!-- This site is optimized with the Yoast SEO plugin v27.5 - https:\/\/yoast.com\/product\/yoast-seo-wordpress\/ -->\n<title>Sant Pere de Casserres<\/title>\n<meta name=\"robots\" content=\"index, follow, max-snippet:-1, max-image-preview:large, max-video-preview:-1\" \/>\n<link rel=\"canonical\" href=\"https:\/\/www.carlosyconchita.net\/rutas\/16-09-2017-sant-pere-casserres\/\" \/>\n<meta property=\"og:locale\" content=\"es_ES\" \/>\n<meta property=\"og:type\" content=\"article\" \/>\n<meta property=\"og:title\" content=\"Sant Pere de Casserres\" \/>\n<meta property=\"og:description\" content=\"Hoy hemos hecho una peque\u00f1a excursi\u00f3n, peque\u00f1a en cuanto al recorrido, pero interesante desde el punto de vista \u00abcultural\u00bb e \u00abhist\u00f3rico \u00bb\u00a0 al monasterio de Sant Pere de Casserres, en donde hemos hecho una visita guiada y comentada, y tambi\u00e9n interesante por las vistas del rio Ter con unos bonitos meandros. En el album de [&hellip;]\" \/>\n<meta property=\"og:url\" content=\"https:\/\/www.carlosyconchita.net\/rutas\/16-09-2017-sant-pere-casserres\/\" \/>\n<meta property=\"og:site_name\" content=\"Las rutas de Carlos y Conchita\" \/>\n<meta property=\"article:published_time\" content=\"2017-09-16T18:44:00+00:00\" \/>\n<meta property=\"article:modified_time\" content=\"2020-04-12T16:02:01+00:00\" \/>\n<meta property=\"og:image\" content=\"https:\/\/www.carlosyconchita.net\/rutas\/wp-content\/uploads\/2017\/10\/Casserres-0082.jpg\" \/>\n\t<meta property=\"og:image:width\" content=\"1019\" \/>\n\t<meta property=\"og:image:height\" content=\"764\" \/>\n\t<meta property=\"og:image:type\" content=\"image\/jpeg\" \/>\n<meta name=\"author\" content=\"Carlos Conchita\" \/>\n<meta name=\"twitter:label1\" content=\"Escrito por\" \/>\n\t<meta name=\"twitter:data1\" content=\"Carlos Conchita\" \/>\n\t<meta name=\"twitter:label2\" content=\"Tiempo de lectura\" \/>\n\t<meta name=\"twitter:data2\" content=\"2 minutos\" \/>\n<script type=\"application\/ld+json\" class=\"yoast-schema-graph\">{\"@context\":\"https:\\\/\\\/schema.org\",\"@graph\":[{\"@type\":\"Article\",\"@id\":\"https:\\\/\\\/www.carlosyconchita.net\\\/rutas\\\/16-09-2017-sant-pere-casserres\\\/#article\",\"isPartOf\":{\"@id\":\"https:\\\/\\\/www.carlosyconchita.net\\\/rutas\\\/16-09-2017-sant-pere-casserres\\\/\"},\"author\":{\"name\":\"Carlos Conchita\",\"@id\":\"https:\\\/\\\/www.carlosyconchita.net\\\/rutas\\\/#\\\/schema\\\/person\\\/a9691f7258c28443fab2d3aa1479ea19\"},\"headline\":\"16-09-2017 &#8211; Sant Pere de Casserres\",\"datePublished\":\"2017-09-16T18:44:00+00:00\",\"dateModified\":\"2020-04-12T16:02:01+00:00\",\"mainEntityOfPage\":{\"@id\":\"https:\\\/\\\/www.carlosyconchita.net\\\/rutas\\\/16-09-2017-sant-pere-casserres\\\/\"},\"wordCount\":486,\"commentCount\":0,\"image\":{\"@id\":\"https:\\\/\\\/www.carlosyconchita.net\\\/rutas\\\/16-09-2017-sant-pere-casserres\\\/#primaryimage\"},\"thumbnailUrl\":\"https:\\\/\\\/www.carlosyconchita.net\\\/rutas\\\/wp-content\\\/uploads\\\/2017\\\/10\\\/Casserres-0082.jpg\",\"articleSection\":[\"0-Muy f\u00e1cil\",\"1 - Hasta 5 km.\",\"Barcelona - sin clasificar\"],\"inLanguage\":\"es\",\"potentialAction\":[{\"@type\":\"CommentAction\",\"name\":\"Comment\",\"target\":[\"https:\\\/\\\/www.carlosyconchita.net\\\/rutas\\\/16-09-2017-sant-pere-casserres\\\/#respond\"]}]},{\"@type\":\"WebPage\",\"@id\":\"https:\\\/\\\/www.carlosyconchita.net\\\/rutas\\\/16-09-2017-sant-pere-casserres\\\/\",\"url\":\"https:\\\/\\\/www.carlosyconchita.net\\\/rutas\\\/16-09-2017-sant-pere-casserres\\\/\",\"name\":\"Sant Pere de Casserres\",\"isPartOf\":{\"@id\":\"https:\\\/\\\/www.carlosyconchita.net\\\/rutas\\\/#website\"},\"primaryImageOfPage\":{\"@id\":\"https:\\\/\\\/www.carlosyconchita.net\\\/rutas\\\/16-09-2017-sant-pere-casserres\\\/#primaryimage\"},\"image\":{\"@id\":\"https:\\\/\\\/www.carlosyconchita.net\\\/rutas\\\/16-09-2017-sant-pere-casserres\\\/#primaryimage\"},\"thumbnailUrl\":\"https:\\\/\\\/www.carlosyconchita.net\\\/rutas\\\/wp-content\\\/uploads\\\/2017\\\/10\\\/Casserres-0082.jpg\",\"datePublished\":\"2017-09-16T18:44:00+00:00\",\"dateModified\":\"2020-04-12T16:02:01+00:00\",\"author\":{\"@id\":\"https:\\\/\\\/www.carlosyconchita.net\\\/rutas\\\/#\\\/schema\\\/person\\\/a9691f7258c28443fab2d3aa1479ea19\"},\"breadcrumb\":{\"@id\":\"https:\\\/\\\/www.carlosyconchita.net\\\/rutas\\\/16-09-2017-sant-pere-casserres\\\/#breadcrumb\"},\"inLanguage\":\"es\",\"potentialAction\":[{\"@type\":\"ReadAction\",\"target\":[\"https:\\\/\\\/www.carlosyconchita.net\\\/rutas\\\/16-09-2017-sant-pere-casserres\\\/\"]}]},{\"@type\":\"ImageObject\",\"inLanguage\":\"es\",\"@id\":\"https:\\\/\\\/www.carlosyconchita.net\\\/rutas\\\/16-09-2017-sant-pere-casserres\\\/#primaryimage\",\"url\":\"https:\\\/\\\/www.carlosyconchita.net\\\/rutas\\\/wp-content\\\/uploads\\\/2017\\\/10\\\/Casserres-0082.jpg\",\"contentUrl\":\"https:\\\/\\\/www.carlosyconchita.net\\\/rutas\\\/wp-content\\\/uploads\\\/2017\\\/10\\\/Casserres-0082.jpg\",\"width\":1019,\"height\":764},{\"@type\":\"BreadcrumbList\",\"@id\":\"https:\\\/\\\/www.carlosyconchita.net\\\/rutas\\\/16-09-2017-sant-pere-casserres\\\/#breadcrumb\",\"itemListElement\":[{\"@type\":\"ListItem\",\"position\":1,\"name\":\"Portada\",\"item\":\"https:\\\/\\\/www.carlosyconchita.net\\\/rutas\\\/\"},{\"@type\":\"ListItem\",\"position\":2,\"name\":\"16-09-2017 &#8211; Sant Pere de Casserres\"}]},{\"@type\":\"WebSite\",\"@id\":\"https:\\\/\\\/www.carlosyconchita.net\\\/rutas\\\/#website\",\"url\":\"https:\\\/\\\/www.carlosyconchita.net\\\/rutas\\\/\",\"name\":\"Las rutas de Carlos y Conchita\",\"description\":\"\",\"potentialAction\":[{\"@type\":\"SearchAction\",\"target\":{\"@type\":\"EntryPoint\",\"urlTemplate\":\"https:\\\/\\\/www.carlosyconchita.net\\\/rutas\\\/?s={search_term_string}\"},\"query-input\":{\"@type\":\"PropertyValueSpecification\",\"valueRequired\":true,\"valueName\":\"search_term_string\"}}],\"inLanguage\":\"es\"},{\"@type\":\"Person\",\"@id\":\"https:\\\/\\\/www.carlosyconchita.net\\\/rutas\\\/#\\\/schema\\\/person\\\/a9691f7258c28443fab2d3aa1479ea19\",\"name\":\"Carlos Conchita\",\"image\":{\"@type\":\"ImageObject\",\"inLanguage\":\"es\",\"@id\":\"https:\\\/\\\/secure.gravatar.com\\\/avatar\\\/3a4625b20c8da3de99da69bfe7a322774e291c3f90dce7e8778a30fe6748ed1a?s=96&d=mm&r=g\",\"url\":\"https:\\\/\\\/secure.gravatar.com\\\/avatar\\\/3a4625b20c8da3de99da69bfe7a322774e291c3f90dce7e8778a30fe6748ed1a?s=96&d=mm&r=g\",\"contentUrl\":\"https:\\\/\\\/secure.gravatar.com\\\/avatar\\\/3a4625b20c8da3de99da69bfe7a322774e291c3f90dce7e8778a30fe6748ed1a?s=96&d=mm&r=g\",\"caption\":\"Carlos Conchita\"}}]}<\/script>\n<!-- \/ Yoast SEO plugin. -->","yoast_head_json":{"title":"Sant Pere de Casserres","robots":{"index":"index","follow":"follow","max-snippet":"max-snippet:-1","max-image-preview":"max-image-preview:large","max-video-preview":"max-video-preview:-1"},"canonical":"https:\/\/www.carlosyconchita.net\/rutas\/16-09-2017-sant-pere-casserres\/","og_locale":"es_ES","og_type":"article","og_title":"Sant Pere de Casserres","og_description":"Hoy hemos hecho una peque\u00f1a excursi\u00f3n, peque\u00f1a en cuanto al recorrido, pero interesante desde el punto de vista \u00abcultural\u00bb e \u00abhist\u00f3rico \u00bb\u00a0 al monasterio de Sant Pere de Casserres, en donde hemos hecho una visita guiada y comentada, y tambi\u00e9n interesante por las vistas del rio Ter con unos bonitos meandros. En el album de [&hellip;]","og_url":"https:\/\/www.carlosyconchita.net\/rutas\/16-09-2017-sant-pere-casserres\/","og_site_name":"Las rutas de Carlos y Conchita","article_published_time":"2017-09-16T18:44:00+00:00","article_modified_time":"2020-04-12T16:02:01+00:00","og_image":[{"width":1019,"height":764,"url":"https:\/\/www.carlosyconchita.net\/rutas\/wp-content\/uploads\/2017\/10\/Casserres-0082.jpg","type":"image\/jpeg"}],"author":"Carlos Conchita","twitter_misc":{"Escrito por":"Carlos Conchita","Tiempo de lectura":"2 minutos"},"schema":{"@context":"https:\/\/schema.org","@graph":[{"@type":"Article","@id":"https:\/\/www.carlosyconchita.net\/rutas\/16-09-2017-sant-pere-casserres\/#article","isPartOf":{"@id":"https:\/\/www.carlosyconchita.net\/rutas\/16-09-2017-sant-pere-casserres\/"},"author":{"name":"Carlos Conchita","@id":"https:\/\/www.carlosyconchita.net\/rutas\/#\/schema\/person\/a9691f7258c28443fab2d3aa1479ea19"},"headline":"16-09-2017 &#8211; Sant Pere de Casserres","datePublished":"2017-09-16T18:44:00+00:00","dateModified":"2020-04-12T16:02:01+00:00","mainEntityOfPage":{"@id":"https:\/\/www.carlosyconchita.net\/rutas\/16-09-2017-sant-pere-casserres\/"},"wordCount":486,"commentCount":0,"image":{"@id":"https:\/\/www.carlosyconchita.net\/rutas\/16-09-2017-sant-pere-casserres\/#primaryimage"},"thumbnailUrl":"https:\/\/www.carlosyconchita.net\/rutas\/wp-content\/uploads\/2017\/10\/Casserres-0082.jpg","articleSection":["0-Muy f\u00e1cil","1 - Hasta 5 km.","Barcelona - sin clasificar"],"inLanguage":"es","potentialAction":[{"@type":"CommentAction","name":"Comment","target":["https:\/\/www.carlosyconchita.net\/rutas\/16-09-2017-sant-pere-casserres\/#respond"]}]},{"@type":"WebPage","@id":"https:\/\/www.carlosyconchita.net\/rutas\/16-09-2017-sant-pere-casserres\/","url":"https:\/\/www.carlosyconchita.net\/rutas\/16-09-2017-sant-pere-casserres\/","name":"Sant Pere de Casserres","isPartOf":{"@id":"https:\/\/www.carlosyconchita.net\/rutas\/#website"},"primaryImageOfPage":{"@id":"https:\/\/www.carlosyconchita.net\/rutas\/16-09-2017-sant-pere-casserres\/#primaryimage"},"image":{"@id":"https:\/\/www.carlosyconchita.net\/rutas\/16-09-2017-sant-pere-casserres\/#primaryimage"},"thumbnailUrl":"https:\/\/www.carlosyconchita.net\/rutas\/wp-content\/uploads\/2017\/10\/Casserres-0082.jpg","datePublished":"2017-09-16T18:44:00+00:00","dateModified":"2020-04-12T16:02:01+00:00","author":{"@id":"https:\/\/www.carlosyconchita.net\/rutas\/#\/schema\/person\/a9691f7258c28443fab2d3aa1479ea19"},"breadcrumb":{"@id":"https:\/\/www.carlosyconchita.net\/rutas\/16-09-2017-sant-pere-casserres\/#breadcrumb"},"inLanguage":"es","potentialAction":[{"@type":"ReadAction","target":["https:\/\/www.carlosyconchita.net\/rutas\/16-09-2017-sant-pere-casserres\/"]}]},{"@type":"ImageObject","inLanguage":"es","@id":"https:\/\/www.carlosyconchita.net\/rutas\/16-09-2017-sant-pere-casserres\/#primaryimage","url":"https:\/\/www.carlosyconchita.net\/rutas\/wp-content\/uploads\/2017\/10\/Casserres-0082.jpg","contentUrl":"https:\/\/www.carlosyconchita.net\/rutas\/wp-content\/uploads\/2017\/10\/Casserres-0082.jpg","width":1019,"height":764},{"@type":"BreadcrumbList","@id":"https:\/\/www.carlosyconchita.net\/rutas\/16-09-2017-sant-pere-casserres\/#breadcrumb","itemListElement":[{"@type":"ListItem","position":1,"name":"Portada","item":"https:\/\/www.carlosyconchita.net\/rutas\/"},{"@type":"ListItem","position":2,"name":"16-09-2017 &#8211; Sant Pere de Casserres"}]},{"@type":"WebSite","@id":"https:\/\/www.carlosyconchita.net\/rutas\/#website","url":"https:\/\/www.carlosyconchita.net\/rutas\/","name":"Las rutas de Carlos y Conchita","description":"","potentialAction":[{"@type":"SearchAction","target":{"@type":"EntryPoint","urlTemplate":"https:\/\/www.carlosyconchita.net\/rutas\/?s={search_term_string}"},"query-input":{"@type":"PropertyValueSpecification","valueRequired":true,"valueName":"search_term_string"}}],"inLanguage":"es"},{"@type":"Person","@id":"https:\/\/www.carlosyconchita.net\/rutas\/#\/schema\/person\/a9691f7258c28443fab2d3aa1479ea19","name":"Carlos Conchita","image":{"@type":"ImageObject","inLanguage":"es","@id":"https:\/\/secure.gravatar.com\/avatar\/3a4625b20c8da3de99da69bfe7a322774e291c3f90dce7e8778a30fe6748ed1a?s=96&d=mm&r=g","url":"https:\/\/secure.gravatar.com\/avatar\/3a4625b20c8da3de99da69bfe7a322774e291c3f90dce7e8778a30fe6748ed1a?s=96&d=mm&r=g","contentUrl":"https:\/\/secure.gravatar.com\/avatar\/3a4625b20c8da3de99da69bfe7a322774e291c3f90dce7e8778a30fe6748ed1a?s=96&d=mm&r=g","caption":"Carlos Conchita"}}]}},"_links":{"self":[{"href":"https:\/\/www.carlosyconchita.net\/rutas\/wp-json\/wp\/v2\/posts\/10718","targetHints":{"allow":["GET"]}}],"collection":[{"href":"https:\/\/www.carlosyconchita.net\/rutas\/wp-json\/wp\/v2\/posts"}],"about":[{"href":"https:\/\/www.carlosyconchita.net\/rutas\/wp-json\/wp\/v2\/types\/post"}],"author":[{"embeddable":true,"href":"https:\/\/www.carlosyconchita.net\/rutas\/wp-json\/wp\/v2\/users\/50"}],"replies":[{"embeddable":true,"href":"https:\/\/www.carlosyconchita.net\/rutas\/wp-json\/wp\/v2\/comments?post=10718"}],"version-history":[{"count":0,"href":"https:\/\/www.carlosyconchita.net\/rutas\/wp-json\/wp\/v2\/posts\/10718\/revisions"}],"wp:featuredmedia":[{"embeddable":true,"href":"https:\/\/www.carlosyconchita.net\/rutas\/wp-json\/wp\/v2\/media\/10720"}],"wp:attachment":[{"href":"https:\/\/www.carlosyconchita.net\/rutas\/wp-json\/wp\/v2\/media?parent=10718"}],"wp:term":[{"taxonomy":"category","embeddable":true,"href":"https:\/\/www.carlosyconchita.net\/rutas\/wp-json\/wp\/v2\/categories?post=10718"},{"taxonomy":"post_tag","embeddable":true,"href":"https:\/\/www.carlosyconchita.net\/rutas\/wp-json\/wp\/v2\/tags?post=10718"}],"curies":[{"name":"wp","href":"https:\/\/api.w.org\/{rel}","templated":true}]}}