{"id":10728,"date":"2017-10-07T20:13:04","date_gmt":"2017-10-07T19:13:04","guid":{"rendered":"http:\/\/www.carlosyconchita.net\/rutas\/?p=10728"},"modified":"2022-03-17T19:01:52","modified_gmt":"2022-03-17T18:01:52","slug":"07-10-2017-colls-pregon-siern-bornas-514-515","status":"publish","type":"post","link":"https:\/\/www.carlosyconchita.net\/rutas\/07-10-2017-colls-pregon-siern-bornas-514-515\/","title":{"rendered":"07-10-2017 &#8211; Colls de Pregon y Siern (bornas 514-515)"},"content":{"rendered":"<p style=\"text-align: justify;\">Hoy hacemos una caminata por la zona de Espinavell, concretamente al Coll de Preg\u00f3n, en donde encontraremos la borna 515, y al Coll de Siern, en donde est\u00e1 la borna 514.<\/p>\n<p style=\"text-align: justify;\">Llegamos con el coche a Espinavell, y aparcamos en la \u00fanica zona disponible para hacerlo, y alli mismo veremos un letrero que nos indica Coll de Preg\u00f3n, y empezamos a caminar subiendo por una calle con una fuerte pendiente , que creemos que ha sido la m\u00e1s fuerte de toda la caminata.<\/p>\n<p style=\"text-align: justify;\">Pasaremos por varias calles con bonitas casas de pueblo, y despu\u00e9s saldremos ya al campo en direcci\u00f3n al Coll de Preg\u00f3n.<\/p>\n<p style=\"text-align: justify;\">All\u00ed veremos la borna 515, y despu\u00e9s seguiremos el camino que vemos a nuestra izquierda, en direcci\u00f3n al Coll de Sierns, en donde veremos la otra borna de hoy, la 514, que tiene unas medidas mucho m\u00e1s peque\u00f1as de las habituales.<\/p>\n<p style=\"text-align: justify;\">Como se puede ver en el track , antes de llegar al Coll de Siern, subiremos a un peque\u00f1o mont\u00edculo, el Tur\u00f3 de Portavella, y a la vuelta a Espinavell seguiremos el camino m\u00e1s o menos horizontal que pasa por el Coll de Pany hasta llegar de nuevo al Coll de Preg\u00f3n.<\/p>\n<hr \/>\n<h3><strong>Album de fotos<\/strong><\/h3>\n<p><a href=\"https:\/\/photos.app.goo.gl\/WGKWo44hBfoGyRwg8\" target=\"_blank\" rel=\"noopener noreferrer\"><img loading=\"lazy\" decoding=\"async\" class=\"aligncenter wp-image-10729 size-column4-4\/5\" src=\"http:\/\/www.carlosyconchita.net\/rutas\/wp-content\/uploads\/2017\/10\/DSC01323-6-240x192.jpg\" alt=\"\" width=\"240\" height=\"192\" srcset=\"https:\/\/www.carlosyconchita.net\/rutas\/wp-content\/uploads\/2017\/10\/DSC01323-6-240x192.jpg 240w, https:\/\/www.carlosyconchita.net\/rutas\/wp-content\/uploads\/2017\/10\/DSC01323-6-250x200.jpg 250w, https:\/\/www.carlosyconchita.net\/rutas\/wp-content\/uploads\/2017\/10\/DSC01323-6-960x764.jpg 960w, https:\/\/www.carlosyconchita.net\/rutas\/wp-content\/uploads\/2017\/10\/DSC01323-6-480x384.jpg 480w, https:\/\/www.carlosyconchita.net\/rutas\/wp-content\/uploads\/2017\/10\/DSC01323-6-320x256.jpg 320w\" sizes=\"auto, (max-width: 240px) 100vw, 240px\" \/><\/a><\/p>\n<hr \/>\n<p><strong>Dificultad<\/strong> :\u00a0\u00a0\u00a0 F\u00e1cil<\/p>\n<p><strong>Distancia total<\/strong> :\u00a0\u00a0\u00a0\u00a0 11.551\u00a0<span class=\"totlen\"><span class=\"summaryvalue\"> m.<\/span><\/span><\/p>\n<p><strong>Alturas m\u00ednima \/ m\u00e1xima<\/strong> :\u00a0\u00a0\u00a0\u00a0 1.230\u00a0 m \u2013 1.688 m<\/p>\n<p><strong>Desnivel acumulado (s\/Wikiloc)<\/strong>\u00a0 :\u00a0\u00a0 489 \u00a0 m.<\/p>\n<p><strong>Tiempo total \/ en movimiento<\/strong> :\u00a0\u00a0\u00a0\u00a0\u00a0\u00a0\u00a0 5\u201917 h. \u2013\u00a0 3\u201915\u00a0 h.<\/p>\n<p><strong>Vel. media total \/ vel.media movimiento<\/strong> :\u00a0\u00a0 2\u201916 km\/h \u2013\u00a0 3\u201950\u00a0 km\/h<\/p>\n<hr \/>\n<p><img decoding=\"async\" class=\"\" src=\"https:\/\/farm5.staticflickr.com\/4462\/37552426226_23f578db55_b.jpg\" \/><\/p>\n<p><img decoding=\"async\" src=\"https:\/\/farm5.staticflickr.com\/4497\/36931076043_eb2253c6c3_b.jpg\" \/><\/p>\n<p><img decoding=\"async\" src=\"https:\/\/farm5.staticflickr.com\/4475\/37601553951_d83169f950_b.jpg\" \/><\/p>\n<p>Vista del Costabona al fondo. ( Ver\u00a0 <strong><a href=\"http:\/\/www.carlosyconchita.net\/rutas\/22-08-2017-costabona-roc-colom-bornas-512-513\/\" target=\"_blank\" rel=\"noopener noreferrer\">22-08-2017-Costabona y Roc Colom (bornas 512-513)<\/a><\/strong> )<\/p>\n<p><img decoding=\"async\" src=\"https:\/\/farm5.staticflickr.com\/4445\/37569282362_dd3e458dc8_b.jpg\" \/><\/p>\n<p><img decoding=\"async\" src=\"https:\/\/farm5.staticflickr.com\/4512\/37569278242_6323bb0a02_b.jpg\" \/><\/p>\n<p><img decoding=\"async\" src=\"https:\/\/farm5.staticflickr.com\/4488\/37342680720_80e7fec5dc_b.jpg\" \/><\/p>\n<p><img decoding=\"async\" src=\"https:\/\/farm5.staticflickr.com\/4472\/37601528951_3284088f1f_b.jpg\" \/><\/p>\n<p><img decoding=\"async\" src=\"https:\/\/farm5.staticflickr.com\/4472\/36890897924_9f74a2eb12_b.jpg\" \/><\/p>\n<p><img decoding=\"async\" src=\"https:\/\/farm5.staticflickr.com\/4507\/36890892894_4cefde24f7_b.jpg\" \/><\/p>\n<p>Acerc\u00e1ndonos al Costabona&#8230;<\/p>\n<p><img decoding=\"async\" src=\"https:\/\/farm5.staticflickr.com\/4475\/23748548678_d479bffaf5_b.jpg\" \/><\/p>\n<p>Muy a lo lejos, y con zoom, podemos ver la zona donde aparcamos el coche y empezamos la excursi\u00f3n antes indicada al Costabona.<\/p>\n<p><img decoding=\"async\" src=\"https:\/\/farm5.staticflickr.com\/4489\/36931055303_3a1afd9c25_b.jpg\" \/><\/p>\n<p><img decoding=\"async\" src=\"https:\/\/farm5.staticflickr.com\/4486\/37552392506_6778409e9b_b.jpg\" \/><\/p>\n<p><img decoding=\"async\" src=\"https:\/\/farm5.staticflickr.com\/4487\/37601513451_9c6b478b7e_b.jpg\" \/><\/p>\n<p>Y siempre el Costabona enfrente nuestro&#8230;<\/p>\n<p><img decoding=\"async\" src=\"https:\/\/farm5.staticflickr.com\/4492\/23748542178_20d7df429d_b.jpg\" \/><\/p>\n<p><img decoding=\"async\" src=\"https:\/\/farm5.staticflickr.com\/4505\/37342656600_9d451a0d4a_b.jpg\" \/><\/p>\n<p><img decoding=\"async\" src=\"https:\/\/farm5.staticflickr.com\/4480\/36890867784_ce0495d12f_b.jpg\" \/><\/p>\n<p><img decoding=\"async\" src=\"https:\/\/farm5.staticflickr.com\/4461\/36890857504_72b436248e_b.jpg\" \/><\/p>\n<p><img decoding=\"async\" src=\"https:\/\/farm5.staticflickr.com\/4482\/36931025143_8216368134_b.jpg\" \/><\/p>\n<p>Y algunas vistas de Espinavell&#8230;<\/p>\n<p><img decoding=\"async\" src=\"https:\/\/farm5.staticflickr.com\/4479\/37552366186_4e28f424b1_b.jpg\" \/><\/p>\n<p><img decoding=\"async\" src=\"https:\/\/farm5.staticflickr.com\/4487\/36931014473_6d4c5f7d59_b.jpg\" \/><\/p>\n<hr \/>\n<h3><strong>Track de la ruta<\/strong><\/h3>\n<p>[sgpx gpx=\u00bb\/wp-content\/uploads\/gpx\/Espinalvell-bornas-514-515.gpx\u00bb]<\/p>\n<hr \/>\n<p>&nbsp;<\/p>\n<h3><strong>Wikiloc<\/strong><\/h3>\n<p><img loading=\"lazy\" decoding=\"async\" class=\"size-full wp-image-958 aligncenter\" src=\"http:\/\/www.carlosyconchita.net\/rutas\/wp-content\/uploads\/2020\/09\/wikiloc.jpg\" alt=\"\" width=\"117\" height=\"34\" \/><\/p>\n<hr \/>\n<p><strong><span style=\"color: #ff0000;\">Si te ha gustado, comp\u00e1rtelo en tu red favorita o env\u00edanos tu comentario.<\/span><\/strong><\/p>\n<p><strong><span style=\"color: #ff0000;\">Muchas gracias !<\/span><\/strong><\/p>\n<hr \/>\n<p><strong><span style=\"color: #008000;\">Suscribete si quieres recibir un mail cuando publiquemos nuevas rutas : no enviamos publicidad y como m\u00e1ximo enviamos 2 mails al mes<\/span><\/strong><\/p>\n<p>[wysija_form id=\u00bb1&#8243;]<\/p>\n<hr \/>\n<p>&nbsp;<\/p>\n<h3>Puedes imprimir esta publicaci\u00f3n o guardarla en diferentes formatos :<\/h3>\n<p style=\"text-align: justify;\"><span style=\"color: #ff0000;\">Para facilitar la impresi\u00f3n, se ha reducido considerablemente el tama\u00f1o de las fotos, pero si deseas imprimir sin fotos, aconsejamos guardarlo como \u201cdoc\u201d, y antes de imprimirlo, eliminar las fotos<\/span><\/p>\n<hr \/>\n<p>&nbsp;<\/p>\n","protected":false},"excerpt":{"rendered":"<p>Desde Espinavell nos dirigimos al Coll de Preg\u00f3n y despu\u00e9s al de Siern, para localizar las bornas 514 y 515<\/p>\n","protected":false},"author":50,"featured_media":10729,"comment_status":"open","ping_status":"open","sticky":false,"template":"","format":"standard","meta":{"footnotes":""},"categories":[10,23,62,74],"tags":[],"class_list":{"0":"post-10728","1":"post","2":"type-post","3":"status-publish","4":"format-standard","5":"has-post-thumbnail","6":"hentry","7":"category-facil","8":"category-de-10-a-15-km","9":"category-girona","10":"category-0-mojones-bornas-frontera","12":"post-with-thumbnail","13":"post-with-thumbnail-icon"},"yoast_head":"<!-- This site is optimized with the Yoast SEO plugin v27.4 - https:\/\/yoast.com\/product\/yoast-seo-wordpress\/ -->\n<title>07-10-2017 - Colls de Pregon y Siern (bornas 514-515) -<\/title>\n<meta name=\"robots\" content=\"index, follow, max-snippet:-1, max-image-preview:large, max-video-preview:-1\" \/>\n<link rel=\"canonical\" href=\"https:\/\/www.carlosyconchita.net\/rutas\/07-10-2017-colls-pregon-siern-bornas-514-515\/\" \/>\n<meta property=\"og:locale\" content=\"es_ES\" \/>\n<meta property=\"og:type\" content=\"article\" \/>\n<meta property=\"og:title\" content=\"07-10-2017 - Colls de Pregon y Siern (bornas 514-515) -\" \/>\n<meta property=\"og:description\" content=\"Desde Espinavell nos dirigimos al Coll de Preg\u00f3n y despu\u00e9s al de Siern, para localizar las bornas 514 y 515\" \/>\n<meta property=\"og:url\" content=\"https:\/\/www.carlosyconchita.net\/rutas\/07-10-2017-colls-pregon-siern-bornas-514-515\/\" \/>\n<meta property=\"og:site_name\" content=\"Las rutas de Carlos y Conchita\" \/>\n<meta property=\"article:published_time\" content=\"2017-10-07T19:13:04+00:00\" \/>\n<meta property=\"article:modified_time\" content=\"2022-03-17T18:01:52+00:00\" \/>\n<meta property=\"og:image\" content=\"https:\/\/www.carlosyconchita.net\/rutas\/wp-content\/uploads\/2017\/10\/DSC01323-6.jpg\" \/>\n\t<meta property=\"og:image:width\" content=\"1019\" \/>\n\t<meta property=\"og:image:height\" content=\"764\" \/>\n\t<meta property=\"og:image:type\" content=\"image\/jpeg\" \/>\n<meta name=\"author\" content=\"Carlos Conchita\" \/>\n<meta name=\"twitter:label1\" content=\"Escrito por\" \/>\n\t<meta name=\"twitter:data1\" content=\"Carlos Conchita\" \/>\n\t<meta name=\"twitter:label2\" content=\"Tiempo de lectura\" \/>\n\t<meta name=\"twitter:data2\" content=\"2 minutos\" \/>\n<script type=\"application\/ld+json\" class=\"yoast-schema-graph\">{\"@context\":\"https:\\\/\\\/schema.org\",\"@graph\":[{\"@type\":\"Article\",\"@id\":\"https:\\\/\\\/www.carlosyconchita.net\\\/rutas\\\/07-10-2017-colls-pregon-siern-bornas-514-515\\\/#article\",\"isPartOf\":{\"@id\":\"https:\\\/\\\/www.carlosyconchita.net\\\/rutas\\\/07-10-2017-colls-pregon-siern-bornas-514-515\\\/\"},\"author\":{\"name\":\"Carlos Conchita\",\"@id\":\"https:\\\/\\\/www.carlosyconchita.net\\\/rutas\\\/#\\\/schema\\\/person\\\/a9691f7258c28443fab2d3aa1479ea19\"},\"headline\":\"07-10-2017 &#8211; Colls de Pregon y Siern (bornas 514-515)\",\"datePublished\":\"2017-10-07T19:13:04+00:00\",\"dateModified\":\"2022-03-17T18:01:52+00:00\",\"mainEntityOfPage\":{\"@id\":\"https:\\\/\\\/www.carlosyconchita.net\\\/rutas\\\/07-10-2017-colls-pregon-siern-bornas-514-515\\\/\"},\"wordCount\":404,\"commentCount\":0,\"image\":{\"@id\":\"https:\\\/\\\/www.carlosyconchita.net\\\/rutas\\\/07-10-2017-colls-pregon-siern-bornas-514-515\\\/#primaryimage\"},\"thumbnailUrl\":\"https:\\\/\\\/www.carlosyconchita.net\\\/rutas\\\/wp-content\\\/uploads\\\/2017\\\/10\\\/DSC01323-6.jpg\",\"articleSection\":[\"1-F\u00e1cil\",\"3 - De 10 a 15 km.\",\"Girona\",\"Mojones \\\/ Bornas frontera ES-FR\"],\"inLanguage\":\"es\",\"potentialAction\":[{\"@type\":\"CommentAction\",\"name\":\"Comment\",\"target\":[\"https:\\\/\\\/www.carlosyconchita.net\\\/rutas\\\/07-10-2017-colls-pregon-siern-bornas-514-515\\\/#respond\"]}]},{\"@type\":\"WebPage\",\"@id\":\"https:\\\/\\\/www.carlosyconchita.net\\\/rutas\\\/07-10-2017-colls-pregon-siern-bornas-514-515\\\/\",\"url\":\"https:\\\/\\\/www.carlosyconchita.net\\\/rutas\\\/07-10-2017-colls-pregon-siern-bornas-514-515\\\/\",\"name\":\"07-10-2017 - Colls de Pregon y Siern (bornas 514-515) -\",\"isPartOf\":{\"@id\":\"https:\\\/\\\/www.carlosyconchita.net\\\/rutas\\\/#website\"},\"primaryImageOfPage\":{\"@id\":\"https:\\\/\\\/www.carlosyconchita.net\\\/rutas\\\/07-10-2017-colls-pregon-siern-bornas-514-515\\\/#primaryimage\"},\"image\":{\"@id\":\"https:\\\/\\\/www.carlosyconchita.net\\\/rutas\\\/07-10-2017-colls-pregon-siern-bornas-514-515\\\/#primaryimage\"},\"thumbnailUrl\":\"https:\\\/\\\/www.carlosyconchita.net\\\/rutas\\\/wp-content\\\/uploads\\\/2017\\\/10\\\/DSC01323-6.jpg\",\"datePublished\":\"2017-10-07T19:13:04+00:00\",\"dateModified\":\"2022-03-17T18:01:52+00:00\",\"author\":{\"@id\":\"https:\\\/\\\/www.carlosyconchita.net\\\/rutas\\\/#\\\/schema\\\/person\\\/a9691f7258c28443fab2d3aa1479ea19\"},\"breadcrumb\":{\"@id\":\"https:\\\/\\\/www.carlosyconchita.net\\\/rutas\\\/07-10-2017-colls-pregon-siern-bornas-514-515\\\/#breadcrumb\"},\"inLanguage\":\"es\",\"potentialAction\":[{\"@type\":\"ReadAction\",\"target\":[\"https:\\\/\\\/www.carlosyconchita.net\\\/rutas\\\/07-10-2017-colls-pregon-siern-bornas-514-515\\\/\"]}]},{\"@type\":\"ImageObject\",\"inLanguage\":\"es\",\"@id\":\"https:\\\/\\\/www.carlosyconchita.net\\\/rutas\\\/07-10-2017-colls-pregon-siern-bornas-514-515\\\/#primaryimage\",\"url\":\"https:\\\/\\\/www.carlosyconchita.net\\\/rutas\\\/wp-content\\\/uploads\\\/2017\\\/10\\\/DSC01323-6.jpg\",\"contentUrl\":\"https:\\\/\\\/www.carlosyconchita.net\\\/rutas\\\/wp-content\\\/uploads\\\/2017\\\/10\\\/DSC01323-6.jpg\",\"width\":1019,\"height\":764},{\"@type\":\"BreadcrumbList\",\"@id\":\"https:\\\/\\\/www.carlosyconchita.net\\\/rutas\\\/07-10-2017-colls-pregon-siern-bornas-514-515\\\/#breadcrumb\",\"itemListElement\":[{\"@type\":\"ListItem\",\"position\":1,\"name\":\"Portada\",\"item\":\"https:\\\/\\\/www.carlosyconchita.net\\\/rutas\\\/\"},{\"@type\":\"ListItem\",\"position\":2,\"name\":\"07-10-2017 &#8211; Colls de Pregon y Siern (bornas 514-515)\"}]},{\"@type\":\"WebSite\",\"@id\":\"https:\\\/\\\/www.carlosyconchita.net\\\/rutas\\\/#website\",\"url\":\"https:\\\/\\\/www.carlosyconchita.net\\\/rutas\\\/\",\"name\":\"Las rutas de Carlos y Conchita\",\"description\":\"\",\"potentialAction\":[{\"@type\":\"SearchAction\",\"target\":{\"@type\":\"EntryPoint\",\"urlTemplate\":\"https:\\\/\\\/www.carlosyconchita.net\\\/rutas\\\/?s={search_term_string}\"},\"query-input\":{\"@type\":\"PropertyValueSpecification\",\"valueRequired\":true,\"valueName\":\"search_term_string\"}}],\"inLanguage\":\"es\"},{\"@type\":\"Person\",\"@id\":\"https:\\\/\\\/www.carlosyconchita.net\\\/rutas\\\/#\\\/schema\\\/person\\\/a9691f7258c28443fab2d3aa1479ea19\",\"name\":\"Carlos Conchita\",\"image\":{\"@type\":\"ImageObject\",\"inLanguage\":\"es\",\"@id\":\"https:\\\/\\\/secure.gravatar.com\\\/avatar\\\/3a4625b20c8da3de99da69bfe7a322774e291c3f90dce7e8778a30fe6748ed1a?s=96&d=mm&r=g\",\"url\":\"https:\\\/\\\/secure.gravatar.com\\\/avatar\\\/3a4625b20c8da3de99da69bfe7a322774e291c3f90dce7e8778a30fe6748ed1a?s=96&d=mm&r=g\",\"contentUrl\":\"https:\\\/\\\/secure.gravatar.com\\\/avatar\\\/3a4625b20c8da3de99da69bfe7a322774e291c3f90dce7e8778a30fe6748ed1a?s=96&d=mm&r=g\",\"caption\":\"Carlos Conchita\"}}]}<\/script>\n<!-- \/ Yoast SEO plugin. -->","yoast_head_json":{"title":"07-10-2017 - Colls de Pregon y Siern (bornas 514-515) -","robots":{"index":"index","follow":"follow","max-snippet":"max-snippet:-1","max-image-preview":"max-image-preview:large","max-video-preview":"max-video-preview:-1"},"canonical":"https:\/\/www.carlosyconchita.net\/rutas\/07-10-2017-colls-pregon-siern-bornas-514-515\/","og_locale":"es_ES","og_type":"article","og_title":"07-10-2017 - Colls de Pregon y Siern (bornas 514-515) -","og_description":"Desde Espinavell nos dirigimos al Coll de Preg\u00f3n y despu\u00e9s al de Siern, para localizar las bornas 514 y 515","og_url":"https:\/\/www.carlosyconchita.net\/rutas\/07-10-2017-colls-pregon-siern-bornas-514-515\/","og_site_name":"Las rutas de Carlos y Conchita","article_published_time":"2017-10-07T19:13:04+00:00","article_modified_time":"2022-03-17T18:01:52+00:00","og_image":[{"width":1019,"height":764,"url":"https:\/\/www.carlosyconchita.net\/rutas\/wp-content\/uploads\/2017\/10\/DSC01323-6.jpg","type":"image\/jpeg"}],"author":"Carlos Conchita","twitter_misc":{"Escrito por":"Carlos Conchita","Tiempo de lectura":"2 minutos"},"schema":{"@context":"https:\/\/schema.org","@graph":[{"@type":"Article","@id":"https:\/\/www.carlosyconchita.net\/rutas\/07-10-2017-colls-pregon-siern-bornas-514-515\/#article","isPartOf":{"@id":"https:\/\/www.carlosyconchita.net\/rutas\/07-10-2017-colls-pregon-siern-bornas-514-515\/"},"author":{"name":"Carlos Conchita","@id":"https:\/\/www.carlosyconchita.net\/rutas\/#\/schema\/person\/a9691f7258c28443fab2d3aa1479ea19"},"headline":"07-10-2017 &#8211; Colls de Pregon y Siern (bornas 514-515)","datePublished":"2017-10-07T19:13:04+00:00","dateModified":"2022-03-17T18:01:52+00:00","mainEntityOfPage":{"@id":"https:\/\/www.carlosyconchita.net\/rutas\/07-10-2017-colls-pregon-siern-bornas-514-515\/"},"wordCount":404,"commentCount":0,"image":{"@id":"https:\/\/www.carlosyconchita.net\/rutas\/07-10-2017-colls-pregon-siern-bornas-514-515\/#primaryimage"},"thumbnailUrl":"https:\/\/www.carlosyconchita.net\/rutas\/wp-content\/uploads\/2017\/10\/DSC01323-6.jpg","articleSection":["1-F\u00e1cil","3 - De 10 a 15 km.","Girona","Mojones \/ Bornas frontera ES-FR"],"inLanguage":"es","potentialAction":[{"@type":"CommentAction","name":"Comment","target":["https:\/\/www.carlosyconchita.net\/rutas\/07-10-2017-colls-pregon-siern-bornas-514-515\/#respond"]}]},{"@type":"WebPage","@id":"https:\/\/www.carlosyconchita.net\/rutas\/07-10-2017-colls-pregon-siern-bornas-514-515\/","url":"https:\/\/www.carlosyconchita.net\/rutas\/07-10-2017-colls-pregon-siern-bornas-514-515\/","name":"07-10-2017 - Colls de Pregon y Siern (bornas 514-515) -","isPartOf":{"@id":"https:\/\/www.carlosyconchita.net\/rutas\/#website"},"primaryImageOfPage":{"@id":"https:\/\/www.carlosyconchita.net\/rutas\/07-10-2017-colls-pregon-siern-bornas-514-515\/#primaryimage"},"image":{"@id":"https:\/\/www.carlosyconchita.net\/rutas\/07-10-2017-colls-pregon-siern-bornas-514-515\/#primaryimage"},"thumbnailUrl":"https:\/\/www.carlosyconchita.net\/rutas\/wp-content\/uploads\/2017\/10\/DSC01323-6.jpg","datePublished":"2017-10-07T19:13:04+00:00","dateModified":"2022-03-17T18:01:52+00:00","author":{"@id":"https:\/\/www.carlosyconchita.net\/rutas\/#\/schema\/person\/a9691f7258c28443fab2d3aa1479ea19"},"breadcrumb":{"@id":"https:\/\/www.carlosyconchita.net\/rutas\/07-10-2017-colls-pregon-siern-bornas-514-515\/#breadcrumb"},"inLanguage":"es","potentialAction":[{"@type":"ReadAction","target":["https:\/\/www.carlosyconchita.net\/rutas\/07-10-2017-colls-pregon-siern-bornas-514-515\/"]}]},{"@type":"ImageObject","inLanguage":"es","@id":"https:\/\/www.carlosyconchita.net\/rutas\/07-10-2017-colls-pregon-siern-bornas-514-515\/#primaryimage","url":"https:\/\/www.carlosyconchita.net\/rutas\/wp-content\/uploads\/2017\/10\/DSC01323-6.jpg","contentUrl":"https:\/\/www.carlosyconchita.net\/rutas\/wp-content\/uploads\/2017\/10\/DSC01323-6.jpg","width":1019,"height":764},{"@type":"BreadcrumbList","@id":"https:\/\/www.carlosyconchita.net\/rutas\/07-10-2017-colls-pregon-siern-bornas-514-515\/#breadcrumb","itemListElement":[{"@type":"ListItem","position":1,"name":"Portada","item":"https:\/\/www.carlosyconchita.net\/rutas\/"},{"@type":"ListItem","position":2,"name":"07-10-2017 &#8211; Colls de Pregon y Siern (bornas 514-515)"}]},{"@type":"WebSite","@id":"https:\/\/www.carlosyconchita.net\/rutas\/#website","url":"https:\/\/www.carlosyconchita.net\/rutas\/","name":"Las rutas de Carlos y Conchita","description":"","potentialAction":[{"@type":"SearchAction","target":{"@type":"EntryPoint","urlTemplate":"https:\/\/www.carlosyconchita.net\/rutas\/?s={search_term_string}"},"query-input":{"@type":"PropertyValueSpecification","valueRequired":true,"valueName":"search_term_string"}}],"inLanguage":"es"},{"@type":"Person","@id":"https:\/\/www.carlosyconchita.net\/rutas\/#\/schema\/person\/a9691f7258c28443fab2d3aa1479ea19","name":"Carlos Conchita","image":{"@type":"ImageObject","inLanguage":"es","@id":"https:\/\/secure.gravatar.com\/avatar\/3a4625b20c8da3de99da69bfe7a322774e291c3f90dce7e8778a30fe6748ed1a?s=96&d=mm&r=g","url":"https:\/\/secure.gravatar.com\/avatar\/3a4625b20c8da3de99da69bfe7a322774e291c3f90dce7e8778a30fe6748ed1a?s=96&d=mm&r=g","contentUrl":"https:\/\/secure.gravatar.com\/avatar\/3a4625b20c8da3de99da69bfe7a322774e291c3f90dce7e8778a30fe6748ed1a?s=96&d=mm&r=g","caption":"Carlos Conchita"}}]}},"_links":{"self":[{"href":"https:\/\/www.carlosyconchita.net\/rutas\/wp-json\/wp\/v2\/posts\/10728","targetHints":{"allow":["GET"]}}],"collection":[{"href":"https:\/\/www.carlosyconchita.net\/rutas\/wp-json\/wp\/v2\/posts"}],"about":[{"href":"https:\/\/www.carlosyconchita.net\/rutas\/wp-json\/wp\/v2\/types\/post"}],"author":[{"embeddable":true,"href":"https:\/\/www.carlosyconchita.net\/rutas\/wp-json\/wp\/v2\/users\/50"}],"replies":[{"embeddable":true,"href":"https:\/\/www.carlosyconchita.net\/rutas\/wp-json\/wp\/v2\/comments?post=10728"}],"version-history":[{"count":0,"href":"https:\/\/www.carlosyconchita.net\/rutas\/wp-json\/wp\/v2\/posts\/10728\/revisions"}],"wp:featuredmedia":[{"embeddable":true,"href":"https:\/\/www.carlosyconchita.net\/rutas\/wp-json\/wp\/v2\/media\/10729"}],"wp:attachment":[{"href":"https:\/\/www.carlosyconchita.net\/rutas\/wp-json\/wp\/v2\/media?parent=10728"}],"wp:term":[{"taxonomy":"category","embeddable":true,"href":"https:\/\/www.carlosyconchita.net\/rutas\/wp-json\/wp\/v2\/categories?post=10728"},{"taxonomy":"post_tag","embeddable":true,"href":"https:\/\/www.carlosyconchita.net\/rutas\/wp-json\/wp\/v2\/tags?post=10728"}],"curies":[{"name":"wp","href":"https:\/\/api.w.org\/{rel}","templated":true}]}}