{"id":1073,"date":"2012-01-06T19:08:20","date_gmt":"2012-01-06T17:08:20","guid":{"rendered":"http:\/\/www.carlosyconchita.net\/rutas\/?p=1073"},"modified":"2012-12-15T11:46:58","modified_gmt":"2012-12-15T09:46:58","slug":"06-01-2012-enveitg-la-tour-de-carol-enveitg","status":"publish","type":"post","link":"https:\/\/www.carlosyconchita.net\/rutas\/06-01-2012-enveitg-la-tour-de-carol-enveitg\/","title":{"rendered":"06-01-2012 &#8211; Enveitg &#8211; La Tour de Carol &#8211; Enveitg"},"content":{"rendered":"<table border=\"2\" frame=\"border\">\n<tbody>\n<tr>\n<td><strong>Dificultad :\u00a0 Moderada<br \/>\n<\/strong><\/td>\n<td><strong>Recorrido\u00a0 :\u00a0 14&#8217;650 km.<br \/>\n<\/strong><\/td>\n<\/tr>\n<tr>\n<td><strong>\u00a0Desnivel : 651 m. <\/strong><\/td>\n<td><strong>\u00a0\u00a0\u00a0 Alturas :\u00a0 1.224 \/ 1706<br \/>\n<\/strong><\/td>\n<\/tr>\n<\/tbody>\n<\/table>\n<p style=\"text-align: justify;\"><a href=\"http:\/\/www.carlosyconchita.net\/rutas\/wp-content\/uploads\/2012\/01\/mapa.jpg\"><img loading=\"lazy\" decoding=\"async\" class=\"alignleft size-medium wp-image-1838\" title=\"mapa\" src=\"http:\/\/www.carlosyconchita.net\/rutas\/wp-content\/uploads\/2012\/01\/mapa-267x300.jpg\" alt=\"\" width=\"267\" height=\"300\" srcset=\"https:\/\/www.carlosyconchita.net\/rutas\/wp-content\/uploads\/2012\/01\/mapa-267x300.jpg 267w, https:\/\/www.carlosyconchita.net\/rutas\/wp-content\/uploads\/2012\/01\/mapa-401x450.jpg 401w, https:\/\/www.carlosyconchita.net\/rutas\/wp-content\/uploads\/2012\/01\/mapa-768x863.jpg 768w, https:\/\/www.carlosyconchita.net\/rutas\/wp-content\/uploads\/2012\/01\/mapa-911x1024.jpg 911w, https:\/\/www.carlosyconchita.net\/rutas\/wp-content\/uploads\/2012\/01\/mapa.jpg 1159w\" sizes=\"auto, (max-width: 267px) 100vw, 267px\" \/><\/a><\/p>\n<p style=\"text-align: justify;\">Para llegar a Enveitg, partiendo de Bourgmadame, cogeremos la carretera N20 en direccion a Ur, y despu\u00e9s en direcci\u00f3n a Enveitg.<\/p>\n<p style=\"text-align: justify;\">Justo a la entrada, a\u00a0 nuestra derecha,\u00a0 y detr\u00e1s de los campos de tenis, subiremos por la Av. Puigmal, y a partir de alli, podemos dejar el coche en donde nos vaya bien.<\/p>\n<p style=\"text-align: justify;\"><a href=\"http:\/\/www.carlosyconchita.net\/rutas\/wp-content\/uploads\/2012\/10\/DSC04153.jpg\"><img loading=\"lazy\" decoding=\"async\" class=\"alignleft size-medium wp-image-1078\" title=\"DSC04153\" src=\"http:\/\/www.carlosyconchita.net\/rutas\/wp-content\/uploads\/2012\/10\/DSC04153-300x168.jpg\" alt=\"\" width=\"300\" height=\"168\" srcset=\"https:\/\/www.carlosyconchita.net\/rutas\/wp-content\/uploads\/2012\/10\/DSC04153-300x168.jpg 300w, https:\/\/www.carlosyconchita.net\/rutas\/wp-content\/uploads\/2012\/10\/DSC04153-600x338.jpg 600w, https:\/\/www.carlosyconchita.net\/rutas\/wp-content\/uploads\/2012\/10\/DSC04153-1024x576.jpg 1024w, https:\/\/www.carlosyconchita.net\/rutas\/wp-content\/uploads\/2012\/10\/DSC04153.jpg 700w\" sizes=\"auto, (max-width: 300px) 100vw, 300px\" \/><\/a><\/p>\n<p style=\"text-align: justify;\">Siguiendo la avenida indicada, encontraremos a la derecha una pista de tierra que sube un poco durante unos 2 km.<\/p>\n<p style=\"text-align: justify;\">Veremos el pueblo de La Tour de Carol desde arriba.<\/p>\n<p style=\"text-align: justify;\"><a href=\"http:\/\/www.carlosyconchita.net\/rutas\/wp-content\/uploads\/2012\/10\/DSC04141.jpg\"><img loading=\"lazy\" decoding=\"async\" class=\"alignleft size-large wp-image-1079\" title=\"DSC04141\" src=\"http:\/\/www.carlosyconchita.net\/rutas\/wp-content\/uploads\/2012\/10\/DSC04141-1024x768.jpg\" alt=\"\" width=\"640\" height=\"480\" srcset=\"https:\/\/www.carlosyconchita.net\/rutas\/wp-content\/uploads\/2012\/10\/DSC04141-1024x768.jpg 1024w, https:\/\/www.carlosyconchita.net\/rutas\/wp-content\/uploads\/2012\/10\/DSC04141-300x225.jpg 300w, https:\/\/www.carlosyconchita.net\/rutas\/wp-content\/uploads\/2012\/10\/DSC04141.jpg 533w\" sizes=\"auto, (max-width: 640px) 100vw, 640px\" \/><\/a><\/p>\n<p style=\"text-align: justify;\">Encontraremos despues una casa de colonias (Camp Sud) , y seguiremos hasta cruzar la carretera, y seguiremos el camino hasta otra casa de colonias (Camp Nord).<\/p>\n<p style=\"text-align: justify;\">Delante de este edificio , deberemos\u00a0 coger la pista de tierra de la izquierda, y seguir las se\u00f1ales rojas y amarillas hasta el siguiente cruce.<br \/>\nVeremos a nuestra izquierda un deposito de agua, y seguiremos el camino frente a nosotros con unos grandes bloques de granito.<br \/>\nAl cabo de poco veremos a nuestra izquierda una construcci\u00f3n, con un letrero \u00abLatour de Carol\u00bb, y seguiremos recto durante unos 1.800 m. por un camino de tierra, que dejaremos despues, para seguir recto hasta la carretera N20.<\/p>\n<p style=\"text-align: justify;\"><a href=\"http:\/\/www.carlosyconchita.net\/rutas\/wp-content\/uploads\/2012\/10\/DSC04157.jpg\"><img loading=\"lazy\" decoding=\"async\" class=\"alignleft size-large wp-image-1080\" title=\"DSC04157\" src=\"http:\/\/www.carlosyconchita.net\/rutas\/wp-content\/uploads\/2012\/10\/DSC04157-1024x576.jpg\" alt=\"\" width=\"640\" height=\"360\" srcset=\"https:\/\/www.carlosyconchita.net\/rutas\/wp-content\/uploads\/2012\/10\/DSC04157-1024x576.jpg 1024w, https:\/\/www.carlosyconchita.net\/rutas\/wp-content\/uploads\/2012\/10\/DSC04157-300x168.jpg 300w, https:\/\/www.carlosyconchita.net\/rutas\/wp-content\/uploads\/2012\/10\/DSC04157-600x338.jpg 600w, https:\/\/www.carlosyconchita.net\/rutas\/wp-content\/uploads\/2012\/10\/DSC04157.jpg 700w\" sizes=\"auto, (max-width: 640px) 100vw, 640px\" \/><\/a><br \/>\nLa cruzaremos y giraremos a la izquierda, y al cabo de unos 100 m. la dejaremos para coger un peque\u00f1o camino a la derecha hasta un cruce, y all\u00ed, a la izquierda en direcci\u00f3n a<br \/>\nla Tour de Carol.<\/p>\n<p style=\"text-align: justify;\"><a href=\"http:\/\/www.carlosyconchita.net\/rutas\/wp-content\/uploads\/2012\/10\/DSC04163.jpg\"><img loading=\"lazy\" decoding=\"async\" class=\"alignleft size-medium wp-image-1081\" title=\"DSC04163\" src=\"http:\/\/www.carlosyconchita.net\/rutas\/wp-content\/uploads\/2012\/10\/DSC04163-300x168.jpg\" alt=\"\" width=\"300\" height=\"168\" srcset=\"https:\/\/www.carlosyconchita.net\/rutas\/wp-content\/uploads\/2012\/10\/DSC04163-300x168.jpg 300w, https:\/\/www.carlosyconchita.net\/rutas\/wp-content\/uploads\/2012\/10\/DSC04163-600x338.jpg 600w, https:\/\/www.carlosyconchita.net\/rutas\/wp-content\/uploads\/2012\/10\/DSC04163-1024x576.jpg 1024w, https:\/\/www.carlosyconchita.net\/rutas\/wp-content\/uploads\/2012\/10\/DSC04163.jpg 700w\" sizes=\"auto, (max-width: 300px) 100vw, 300px\" \/><\/a><\/p>\n<p style=\"text-align: justify;\">Veremos a lo lejos la ermita de Santa Maria de Belloc (en Dorres), que tenemos previsto visitar otro d\u00eda.<\/p>\n<p style=\"text-align: justify;\">Una vez all\u00ed, atravesaremos el pueblo de La Tour, y cuando lleguemos a la escuela, tomaremos el camino en direcci\u00f3n a Enveitg-estaci\u00f3n.<br \/>\nCuando lleguemos a la estaci\u00f3n, tomaremos la carretera principal para llegar al pueblo de Enveitg, y seguiremos hasta el punto de partida.<\/p>\n<table border=\"0\" frame=\"border\">\n<tbody>\n<tr align=\"left\" valign=\"middle\">\n<td align=\"center\" valign=\"middle\">\n<div>\n<dl id=\"\">\n<dt><a title=\"Enlace a Wikiloc\" href=\"http:\/\/es.wikiloc.com\/wikiloc\/view.do?id=3510960\" target=\"_blank\"><img loading=\"lazy\" decoding=\"async\" title=\"wikiloc\" src=\"http:\/\/www.carlosyconchita.net\/rutas\/wp-content\/uploads\/2020\/09\/wikiloc.jpg\" alt=\"\" width=\"117\" height=\"34\" \/><\/a><\/dt>\n<dd>Enlace a Wikiloc<\/dd>\n<\/dl>\n<\/div>\n<\/td>\n<td align=\"center\" valign=\"middle\">\n<div>\n<dl id=\"\">\n<dt><a title=\"Album de fotos completo\" href=\"https:\/\/plus.google.com\/u\/0\/photos\/107644747431220159618\/albums\/5801805706891448993\" target=\"_blank\"><img loading=\"lazy\" decoding=\"async\" title=\"foto\" src=\"http:\/\/www.carlosyconchita.net\/rutas\/wp-content\/uploads\/2020\/09\/foto.png\" alt=\"\" width=\"60\" height=\"44\" \/><\/a><\/dt>\n<dd>Album de fotos<\/dd>\n<\/dl>\n<\/div>\n<\/td>\n<\/tr>\n<\/tbody>\n<\/table>\n<p>[wpdm_file id=44]<\/p>\n<p>[wpdm_file id=45]<\/p>\n<p>&nbsp;<\/p>\n","protected":false},"excerpt":{"rendered":"<p>Dificultad :\u00a0 Moderada Recorrido\u00a0 :\u00a0 14&#8217;650 km. \u00a0Desnivel : 651 m. \u00a0\u00a0\u00a0 Alturas :\u00a0 1.224 \/ 1706 Para llegar a Enveitg, partiendo de Bourgmadame, cogeremos la carretera N20 en direccion a Ur, y despu\u00e9s en direcci\u00f3n a Enveitg. Justo a la entrada, a\u00a0 nuestra derecha,\u00a0 y detr\u00e1s de los campos de tenis, subiremos por la [&hellip;]<\/p>\n","protected":false},"author":50,"featured_media":1080,"comment_status":"open","ping_status":"open","sticky":false,"template":"","format":"gallery","meta":{"footnotes":""},"categories":[11,23,28],"tags":[],"class_list":{"0":"post-1073","1":"post","2":"type-post","3":"status-publish","4":"format-gallery","5":"has-post-thumbnail","6":"hentry","7":"category-moderada","8":"category-de-10-a-15-km","9":"category-la-tour-de-carol","10":"post_format-post-format-gallery","12":"post-with-thumbnail","13":"post-with-thumbnail-icon"},"yoast_head":"<!-- This site is optimized with the Yoast SEO plugin v27.4 - https:\/\/yoast.com\/product\/yoast-seo-wordpress\/ -->\n<title>06-01-2012 - Enveitg - La Tour de Carol - Enveitg -<\/title>\n<meta name=\"robots\" content=\"index, follow, max-snippet:-1, max-image-preview:large, max-video-preview:-1\" \/>\n<link rel=\"canonical\" href=\"https:\/\/www.carlosyconchita.net\/rutas\/06-01-2012-enveitg-la-tour-de-carol-enveitg\/\" \/>\n<meta property=\"og:locale\" content=\"es_ES\" \/>\n<meta property=\"og:type\" content=\"article\" \/>\n<meta property=\"og:title\" content=\"06-01-2012 - Enveitg - La Tour de Carol - Enveitg -\" \/>\n<meta property=\"og:description\" content=\"Dificultad :\u00a0 Moderada Recorrido\u00a0 :\u00a0 14&#8217;650 km. \u00a0Desnivel : 651 m. \u00a0\u00a0\u00a0 Alturas :\u00a0 1.224 \/ 1706 Para llegar a Enveitg, partiendo de Bourgmadame, cogeremos la carretera N20 en direccion a Ur, y despu\u00e9s en direcci\u00f3n a Enveitg. Justo a la entrada, a\u00a0 nuestra derecha,\u00a0 y detr\u00e1s de los campos de tenis, subiremos por la [&hellip;]\" \/>\n<meta property=\"og:url\" content=\"https:\/\/www.carlosyconchita.net\/rutas\/06-01-2012-enveitg-la-tour-de-carol-enveitg\/\" \/>\n<meta property=\"og:site_name\" content=\"Las rutas de Carlos y Conchita\" \/>\n<meta property=\"article:published_time\" content=\"2012-01-06T17:08:20+00:00\" \/>\n<meta property=\"article:modified_time\" content=\"2012-12-15T09:46:58+00:00\" \/>\n<meta property=\"og:image\" content=\"https:\/\/www.carlosyconchita.net\/rutas\/wp-content\/uploads\/2012\/10\/DSC04157.jpg\" \/>\n\t<meta property=\"og:image:width\" content=\"700\" \/>\n\t<meta property=\"og:image:height\" content=\"394\" \/>\n\t<meta property=\"og:image:type\" content=\"image\/jpeg\" \/>\n<meta name=\"author\" content=\"Carlos Conchita\" \/>\n<meta name=\"twitter:label1\" content=\"Escrito por\" \/>\n\t<meta name=\"twitter:data1\" content=\"Carlos Conchita\" \/>\n\t<meta name=\"twitter:label2\" content=\"Tiempo de lectura\" \/>\n\t<meta name=\"twitter:data2\" content=\"2 minutos\" \/>\n<script type=\"application\/ld+json\" class=\"yoast-schema-graph\">{\"@context\":\"https:\\\/\\\/schema.org\",\"@graph\":[{\"@type\":\"Article\",\"@id\":\"https:\\\/\\\/www.carlosyconchita.net\\\/rutas\\\/06-01-2012-enveitg-la-tour-de-carol-enveitg\\\/#article\",\"isPartOf\":{\"@id\":\"https:\\\/\\\/www.carlosyconchita.net\\\/rutas\\\/06-01-2012-enveitg-la-tour-de-carol-enveitg\\\/\"},\"author\":{\"name\":\"Carlos Conchita\",\"@id\":\"https:\\\/\\\/www.carlosyconchita.net\\\/rutas\\\/#\\\/schema\\\/person\\\/a9691f7258c28443fab2d3aa1479ea19\"},\"headline\":\"06-01-2012 &#8211; Enveitg &#8211; La Tour de Carol &#8211; Enveitg\",\"datePublished\":\"2012-01-06T17:08:20+00:00\",\"dateModified\":\"2012-12-15T09:46:58+00:00\",\"mainEntityOfPage\":{\"@id\":\"https:\\\/\\\/www.carlosyconchita.net\\\/rutas\\\/06-01-2012-enveitg-la-tour-de-carol-enveitg\\\/\"},\"wordCount\":333,\"commentCount\":0,\"image\":{\"@id\":\"https:\\\/\\\/www.carlosyconchita.net\\\/rutas\\\/06-01-2012-enveitg-la-tour-de-carol-enveitg\\\/#primaryimage\"},\"thumbnailUrl\":\"https:\\\/\\\/www.carlosyconchita.net\\\/rutas\\\/wp-content\\\/uploads\\\/2012\\\/10\\\/DSC04157.jpg\",\"articleSection\":[\"2-Moderada\",\"3 - De 10 a 15 km.\",\"La Tour de Carol\"],\"inLanguage\":\"es\",\"potentialAction\":[{\"@type\":\"CommentAction\",\"name\":\"Comment\",\"target\":[\"https:\\\/\\\/www.carlosyconchita.net\\\/rutas\\\/06-01-2012-enveitg-la-tour-de-carol-enveitg\\\/#respond\"]}]},{\"@type\":\"WebPage\",\"@id\":\"https:\\\/\\\/www.carlosyconchita.net\\\/rutas\\\/06-01-2012-enveitg-la-tour-de-carol-enveitg\\\/\",\"url\":\"https:\\\/\\\/www.carlosyconchita.net\\\/rutas\\\/06-01-2012-enveitg-la-tour-de-carol-enveitg\\\/\",\"name\":\"06-01-2012 - Enveitg - La Tour de Carol - Enveitg -\",\"isPartOf\":{\"@id\":\"https:\\\/\\\/www.carlosyconchita.net\\\/rutas\\\/#website\"},\"primaryImageOfPage\":{\"@id\":\"https:\\\/\\\/www.carlosyconchita.net\\\/rutas\\\/06-01-2012-enveitg-la-tour-de-carol-enveitg\\\/#primaryimage\"},\"image\":{\"@id\":\"https:\\\/\\\/www.carlosyconchita.net\\\/rutas\\\/06-01-2012-enveitg-la-tour-de-carol-enveitg\\\/#primaryimage\"},\"thumbnailUrl\":\"https:\\\/\\\/www.carlosyconchita.net\\\/rutas\\\/wp-content\\\/uploads\\\/2012\\\/10\\\/DSC04157.jpg\",\"datePublished\":\"2012-01-06T17:08:20+00:00\",\"dateModified\":\"2012-12-15T09:46:58+00:00\",\"author\":{\"@id\":\"https:\\\/\\\/www.carlosyconchita.net\\\/rutas\\\/#\\\/schema\\\/person\\\/a9691f7258c28443fab2d3aa1479ea19\"},\"breadcrumb\":{\"@id\":\"https:\\\/\\\/www.carlosyconchita.net\\\/rutas\\\/06-01-2012-enveitg-la-tour-de-carol-enveitg\\\/#breadcrumb\"},\"inLanguage\":\"es\",\"potentialAction\":[{\"@type\":\"ReadAction\",\"target\":[\"https:\\\/\\\/www.carlosyconchita.net\\\/rutas\\\/06-01-2012-enveitg-la-tour-de-carol-enveitg\\\/\"]}]},{\"@type\":\"ImageObject\",\"inLanguage\":\"es\",\"@id\":\"https:\\\/\\\/www.carlosyconchita.net\\\/rutas\\\/06-01-2012-enveitg-la-tour-de-carol-enveitg\\\/#primaryimage\",\"url\":\"https:\\\/\\\/www.carlosyconchita.net\\\/rutas\\\/wp-content\\\/uploads\\\/2012\\\/10\\\/DSC04157.jpg\",\"contentUrl\":\"https:\\\/\\\/www.carlosyconchita.net\\\/rutas\\\/wp-content\\\/uploads\\\/2012\\\/10\\\/DSC04157.jpg\",\"width\":700,\"height\":394},{\"@type\":\"BreadcrumbList\",\"@id\":\"https:\\\/\\\/www.carlosyconchita.net\\\/rutas\\\/06-01-2012-enveitg-la-tour-de-carol-enveitg\\\/#breadcrumb\",\"itemListElement\":[{\"@type\":\"ListItem\",\"position\":1,\"name\":\"Portada\",\"item\":\"https:\\\/\\\/www.carlosyconchita.net\\\/rutas\\\/\"},{\"@type\":\"ListItem\",\"position\":2,\"name\":\"06-01-2012 &#8211; Enveitg &#8211; La Tour de Carol &#8211; Enveitg\"}]},{\"@type\":\"WebSite\",\"@id\":\"https:\\\/\\\/www.carlosyconchita.net\\\/rutas\\\/#website\",\"url\":\"https:\\\/\\\/www.carlosyconchita.net\\\/rutas\\\/\",\"name\":\"Las rutas de Carlos y Conchita\",\"description\":\"\",\"potentialAction\":[{\"@type\":\"SearchAction\",\"target\":{\"@type\":\"EntryPoint\",\"urlTemplate\":\"https:\\\/\\\/www.carlosyconchita.net\\\/rutas\\\/?s={search_term_string}\"},\"query-input\":{\"@type\":\"PropertyValueSpecification\",\"valueRequired\":true,\"valueName\":\"search_term_string\"}}],\"inLanguage\":\"es\"},{\"@type\":\"Person\",\"@id\":\"https:\\\/\\\/www.carlosyconchita.net\\\/rutas\\\/#\\\/schema\\\/person\\\/a9691f7258c28443fab2d3aa1479ea19\",\"name\":\"Carlos Conchita\",\"image\":{\"@type\":\"ImageObject\",\"inLanguage\":\"es\",\"@id\":\"https:\\\/\\\/secure.gravatar.com\\\/avatar\\\/3a4625b20c8da3de99da69bfe7a322774e291c3f90dce7e8778a30fe6748ed1a?s=96&d=mm&r=g\",\"url\":\"https:\\\/\\\/secure.gravatar.com\\\/avatar\\\/3a4625b20c8da3de99da69bfe7a322774e291c3f90dce7e8778a30fe6748ed1a?s=96&d=mm&r=g\",\"contentUrl\":\"https:\\\/\\\/secure.gravatar.com\\\/avatar\\\/3a4625b20c8da3de99da69bfe7a322774e291c3f90dce7e8778a30fe6748ed1a?s=96&d=mm&r=g\",\"caption\":\"Carlos Conchita\"}}]}<\/script>\n<!-- \/ Yoast SEO plugin. -->","yoast_head_json":{"title":"06-01-2012 - Enveitg - La Tour de Carol - Enveitg -","robots":{"index":"index","follow":"follow","max-snippet":"max-snippet:-1","max-image-preview":"max-image-preview:large","max-video-preview":"max-video-preview:-1"},"canonical":"https:\/\/www.carlosyconchita.net\/rutas\/06-01-2012-enveitg-la-tour-de-carol-enveitg\/","og_locale":"es_ES","og_type":"article","og_title":"06-01-2012 - Enveitg - La Tour de Carol - Enveitg -","og_description":"Dificultad :\u00a0 Moderada Recorrido\u00a0 :\u00a0 14&#8217;650 km. \u00a0Desnivel : 651 m. \u00a0\u00a0\u00a0 Alturas :\u00a0 1.224 \/ 1706 Para llegar a Enveitg, partiendo de Bourgmadame, cogeremos la carretera N20 en direccion a Ur, y despu\u00e9s en direcci\u00f3n a Enveitg. Justo a la entrada, a\u00a0 nuestra derecha,\u00a0 y detr\u00e1s de los campos de tenis, subiremos por la [&hellip;]","og_url":"https:\/\/www.carlosyconchita.net\/rutas\/06-01-2012-enveitg-la-tour-de-carol-enveitg\/","og_site_name":"Las rutas de Carlos y Conchita","article_published_time":"2012-01-06T17:08:20+00:00","article_modified_time":"2012-12-15T09:46:58+00:00","og_image":[{"width":700,"height":394,"url":"https:\/\/www.carlosyconchita.net\/rutas\/wp-content\/uploads\/2012\/10\/DSC04157.jpg","type":"image\/jpeg"}],"author":"Carlos Conchita","twitter_misc":{"Escrito por":"Carlos Conchita","Tiempo de lectura":"2 minutos"},"schema":{"@context":"https:\/\/schema.org","@graph":[{"@type":"Article","@id":"https:\/\/www.carlosyconchita.net\/rutas\/06-01-2012-enveitg-la-tour-de-carol-enveitg\/#article","isPartOf":{"@id":"https:\/\/www.carlosyconchita.net\/rutas\/06-01-2012-enveitg-la-tour-de-carol-enveitg\/"},"author":{"name":"Carlos Conchita","@id":"https:\/\/www.carlosyconchita.net\/rutas\/#\/schema\/person\/a9691f7258c28443fab2d3aa1479ea19"},"headline":"06-01-2012 &#8211; Enveitg &#8211; La Tour de Carol &#8211; Enveitg","datePublished":"2012-01-06T17:08:20+00:00","dateModified":"2012-12-15T09:46:58+00:00","mainEntityOfPage":{"@id":"https:\/\/www.carlosyconchita.net\/rutas\/06-01-2012-enveitg-la-tour-de-carol-enveitg\/"},"wordCount":333,"commentCount":0,"image":{"@id":"https:\/\/www.carlosyconchita.net\/rutas\/06-01-2012-enveitg-la-tour-de-carol-enveitg\/#primaryimage"},"thumbnailUrl":"https:\/\/www.carlosyconchita.net\/rutas\/wp-content\/uploads\/2012\/10\/DSC04157.jpg","articleSection":["2-Moderada","3 - De 10 a 15 km.","La Tour de Carol"],"inLanguage":"es","potentialAction":[{"@type":"CommentAction","name":"Comment","target":["https:\/\/www.carlosyconchita.net\/rutas\/06-01-2012-enveitg-la-tour-de-carol-enveitg\/#respond"]}]},{"@type":"WebPage","@id":"https:\/\/www.carlosyconchita.net\/rutas\/06-01-2012-enveitg-la-tour-de-carol-enveitg\/","url":"https:\/\/www.carlosyconchita.net\/rutas\/06-01-2012-enveitg-la-tour-de-carol-enveitg\/","name":"06-01-2012 - Enveitg - La Tour de Carol - Enveitg -","isPartOf":{"@id":"https:\/\/www.carlosyconchita.net\/rutas\/#website"},"primaryImageOfPage":{"@id":"https:\/\/www.carlosyconchita.net\/rutas\/06-01-2012-enveitg-la-tour-de-carol-enveitg\/#primaryimage"},"image":{"@id":"https:\/\/www.carlosyconchita.net\/rutas\/06-01-2012-enveitg-la-tour-de-carol-enveitg\/#primaryimage"},"thumbnailUrl":"https:\/\/www.carlosyconchita.net\/rutas\/wp-content\/uploads\/2012\/10\/DSC04157.jpg","datePublished":"2012-01-06T17:08:20+00:00","dateModified":"2012-12-15T09:46:58+00:00","author":{"@id":"https:\/\/www.carlosyconchita.net\/rutas\/#\/schema\/person\/a9691f7258c28443fab2d3aa1479ea19"},"breadcrumb":{"@id":"https:\/\/www.carlosyconchita.net\/rutas\/06-01-2012-enveitg-la-tour-de-carol-enveitg\/#breadcrumb"},"inLanguage":"es","potentialAction":[{"@type":"ReadAction","target":["https:\/\/www.carlosyconchita.net\/rutas\/06-01-2012-enveitg-la-tour-de-carol-enveitg\/"]}]},{"@type":"ImageObject","inLanguage":"es","@id":"https:\/\/www.carlosyconchita.net\/rutas\/06-01-2012-enveitg-la-tour-de-carol-enveitg\/#primaryimage","url":"https:\/\/www.carlosyconchita.net\/rutas\/wp-content\/uploads\/2012\/10\/DSC04157.jpg","contentUrl":"https:\/\/www.carlosyconchita.net\/rutas\/wp-content\/uploads\/2012\/10\/DSC04157.jpg","width":700,"height":394},{"@type":"BreadcrumbList","@id":"https:\/\/www.carlosyconchita.net\/rutas\/06-01-2012-enveitg-la-tour-de-carol-enveitg\/#breadcrumb","itemListElement":[{"@type":"ListItem","position":1,"name":"Portada","item":"https:\/\/www.carlosyconchita.net\/rutas\/"},{"@type":"ListItem","position":2,"name":"06-01-2012 &#8211; Enveitg &#8211; La Tour de Carol &#8211; Enveitg"}]},{"@type":"WebSite","@id":"https:\/\/www.carlosyconchita.net\/rutas\/#website","url":"https:\/\/www.carlosyconchita.net\/rutas\/","name":"Las rutas de Carlos y Conchita","description":"","potentialAction":[{"@type":"SearchAction","target":{"@type":"EntryPoint","urlTemplate":"https:\/\/www.carlosyconchita.net\/rutas\/?s={search_term_string}"},"query-input":{"@type":"PropertyValueSpecification","valueRequired":true,"valueName":"search_term_string"}}],"inLanguage":"es"},{"@type":"Person","@id":"https:\/\/www.carlosyconchita.net\/rutas\/#\/schema\/person\/a9691f7258c28443fab2d3aa1479ea19","name":"Carlos Conchita","image":{"@type":"ImageObject","inLanguage":"es","@id":"https:\/\/secure.gravatar.com\/avatar\/3a4625b20c8da3de99da69bfe7a322774e291c3f90dce7e8778a30fe6748ed1a?s=96&d=mm&r=g","url":"https:\/\/secure.gravatar.com\/avatar\/3a4625b20c8da3de99da69bfe7a322774e291c3f90dce7e8778a30fe6748ed1a?s=96&d=mm&r=g","contentUrl":"https:\/\/secure.gravatar.com\/avatar\/3a4625b20c8da3de99da69bfe7a322774e291c3f90dce7e8778a30fe6748ed1a?s=96&d=mm&r=g","caption":"Carlos Conchita"}}]}},"_links":{"self":[{"href":"https:\/\/www.carlosyconchita.net\/rutas\/wp-json\/wp\/v2\/posts\/1073","targetHints":{"allow":["GET"]}}],"collection":[{"href":"https:\/\/www.carlosyconchita.net\/rutas\/wp-json\/wp\/v2\/posts"}],"about":[{"href":"https:\/\/www.carlosyconchita.net\/rutas\/wp-json\/wp\/v2\/types\/post"}],"author":[{"embeddable":true,"href":"https:\/\/www.carlosyconchita.net\/rutas\/wp-json\/wp\/v2\/users\/50"}],"replies":[{"embeddable":true,"href":"https:\/\/www.carlosyconchita.net\/rutas\/wp-json\/wp\/v2\/comments?post=1073"}],"version-history":[{"count":0,"href":"https:\/\/www.carlosyconchita.net\/rutas\/wp-json\/wp\/v2\/posts\/1073\/revisions"}],"wp:featuredmedia":[{"embeddable":true,"href":"https:\/\/www.carlosyconchita.net\/rutas\/wp-json\/wp\/v2\/media\/1080"}],"wp:attachment":[{"href":"https:\/\/www.carlosyconchita.net\/rutas\/wp-json\/wp\/v2\/media?parent=1073"}],"wp:term":[{"taxonomy":"category","embeddable":true,"href":"https:\/\/www.carlosyconchita.net\/rutas\/wp-json\/wp\/v2\/categories?post=1073"},{"taxonomy":"post_tag","embeddable":true,"href":"https:\/\/www.carlosyconchita.net\/rutas\/wp-json\/wp\/v2\/tags?post=1073"}],"curies":[{"name":"wp","href":"https:\/\/api.w.org\/{rel}","templated":true}]}}