{"id":10736,"date":"2017-10-08T19:52:40","date_gmt":"2017-10-08T18:52:40","guid":{"rendered":"http:\/\/www.carlosyconchita.net\/rutas\/?p=10736"},"modified":"2022-03-17T19:03:37","modified_gmt":"2022-03-17T18:03:37","slug":"08-10-2017-coll-ares-torre-mir-bornas-516-520","status":"publish","type":"post","link":"https:\/\/www.carlosyconchita.net\/rutas\/08-10-2017-coll-ares-torre-mir-bornas-516-520\/","title":{"rendered":"08-10-2017 &#8211; Coll de Ares &#8211; Torre de Mir (bornas 516-520)"},"content":{"rendered":"<p style=\"text-align: justify;\">Continuamos en la misma zona que ayer, el Valle de Camprod\u00f3n, para seguir las bornas 516 a la 520, y visitar adem\u00e1s la Torre de Mir.<br \/>\nEmpezamos a caminar en el Coll de Ares, en donde tenemos la borna 519 al lado mismo de la carretera, y seguiremos la linea de la frontera localizando f\u00e1cilmente las bornas 518, 517 y 516.<br \/>\nDesde \u00e9sta \u00faltima seguiremos un c\u00f3modo y casi plano camino hasta la Torre de Mir, volviendo despu\u00e9s al punto de partida, el Coll de Ares.<\/p>\n<p>Hay que hacer constar que poco antes de llegar a la Torre de Mir, hemos encontrado unos pocos \u00abrovellons\u00bb y hemos perdido un buen rato para ver si encontrabamos m\u00e1s, pero sin demasiado exito.<\/p>\n<p style=\"text-align: justify;\">Este recorrido es de aproximadamente\u00a0 13 kms.,\u00a0 que es el \u00abinteresante\u00bb desde el punto de vista de paisaje y ruta, pero nosotros hemos aprovechado para llegar hasta la borna 520, por lo que hemos hecho unos 2 km. m\u00e1s.<\/p>\n<p style=\"text-align: justify;\">Para ello, en el Coll de Ares, al otro lado de la carretera, seguimos un camino que despu\u00e9s desaparece , entrando en una zona espesa, con maleza y bastante pendiente, para llegar a la borna 520 despu\u00e9s de bastante esfuerzo, situada en el Coll de Vernadell<\/p>\n<hr \/>\n<h3><strong>Album de fotos<\/strong><\/h3>\n<p><a href=\"https:\/\/photos.app.goo.gl\/KHkzCss3Led8gyLb8\" target=\"_blank\" rel=\"noopener noreferrer\"><img loading=\"lazy\" decoding=\"async\" class=\"aligncenter wp-image-10737 size-column4-4\/5\" src=\"http:\/\/www.carlosyconchita.net\/rutas\/wp-content\/uploads\/2017\/10\/ColldeAres-0063-240x192.jpg\" alt=\"\" width=\"240\" height=\"192\" srcset=\"https:\/\/www.carlosyconchita.net\/rutas\/wp-content\/uploads\/2017\/10\/ColldeAres-0063-240x192.jpg 240w, https:\/\/www.carlosyconchita.net\/rutas\/wp-content\/uploads\/2017\/10\/ColldeAres-0063-250x200.jpg 250w, https:\/\/www.carlosyconchita.net\/rutas\/wp-content\/uploads\/2017\/10\/ColldeAres-0063-480x384.jpg 480w, https:\/\/www.carlosyconchita.net\/rutas\/wp-content\/uploads\/2017\/10\/ColldeAres-0063-320x256.jpg 320w\" sizes=\"auto, (max-width: 240px) 100vw, 240px\" \/><\/a><\/p>\n<hr \/>\n<p><strong>Dificultad<\/strong> :\u00a0\u00a0\u00a0 Moderada<\/p>\n<p><strong>Distancia total<\/strong> :\u00a0\u00a0\u00a0\u00a0 15.765\u00a0<span class=\"totlen\"><span class=\"summaryvalue\"> m.<\/span><\/span><\/p>\n<p><strong>Alturas m\u00ednima \/ m\u00e1xima<\/strong> :\u00a0\u00a0\u00a0\u00a0 1.366\u00a0 m \u2013 1.633 m<\/p>\n<p><strong>Desnivel acumulado (s\/Wikiloc)<\/strong>\u00a0 :\u00a0\u00a0 547 \u00a0 m.<\/p>\n<p><strong>Tiempo total \/ en movimiento<\/strong> :\u00a0\u00a0\u00a0\u00a0\u00a0\u00a0\u00a0 6&#8217;32\u00a0 h. \u2013\u00a0 4\u201910\u00a0 h.<\/p>\n<p><strong>Vel. media total \/ vel.media movimiento<\/strong> :\u00a0\u00a0 2\u201936 km\/h \u2013\u00a0 3\u201970\u00a0 km\/h<\/p>\n<hr \/>\n<p>&nbsp;<\/p>\n<p>El Coll de Ares, donde dejamos el coche.<\/p>\n<p><img decoding=\"async\" src=\"https:\/\/farm5.staticflickr.com\/4475\/37622606111_5ba48117c4_b.jpg\" \/><\/p>\n<p>Y la borna 519, justo al lado mismo de la carretera.<\/p>\n<p>&nbsp;<\/p>\n<p><img decoding=\"async\" src=\"https:\/\/farm5.staticflickr.com\/4471\/37622603631_71bed78821_b.jpg\" \/><\/p>\n<p><img decoding=\"async\" src=\"https:\/\/farm5.staticflickr.com\/4512\/23769599968_9b262d9e7b_b.jpg\" \/><\/p>\n<p><img decoding=\"async\" src=\"https:\/\/farm5.staticflickr.com\/4452\/37622595211_66c9afc5a9_b.jpg\" \/><\/p>\n<p>Mirando hacia Camprod\u00f3n.<\/p>\n<p><img decoding=\"async\" src=\"https:\/\/farm5.staticflickr.com\/4460\/37363840420_40bcf63964_b.jpg\" \/><\/p>\n<p><img decoding=\"async\" src=\"https:\/\/farm5.staticflickr.com\/4459\/23769586808_10a79e3ff0_b.jpg\" \/><\/p>\n<p>Y a lo lejos, con el zoom podemos ver la Torre de Mir a donde nos dirigimos.<\/p>\n<p><img decoding=\"async\" src=\"https:\/\/farm5.staticflickr.com\/4511\/23769584368_319f2be7d0_b.jpg\" \/><\/p>\n<p>Pero antes de llegar a la Torre, pasamos por las bornas 518, 517 y 516.<\/p>\n<p><img decoding=\"async\" src=\"https:\/\/farm5.staticflickr.com\/4475\/37622577101_3b5b924323_b.jpg\" \/><\/p>\n<p><img decoding=\"async\" src=\"https:\/\/farm5.staticflickr.com\/4472\/37622574721_248f89ec96_b.jpg\" \/><\/p>\n<p><img decoding=\"async\" src=\"https:\/\/farm5.staticflickr.com\/4469\/37622573151_79b7dcd280_b.jpg\" \/><\/p>\n<p>Una \u00abpuerta\u00bb que no lleva a ninguna parte&#8230;<\/p>\n<p><img decoding=\"async\" src=\"https:\/\/farm5.staticflickr.com\/4482\/37622569871_9946c6be73_b.jpg\" \/><\/p>\n<p>El pueblo franc\u00e9s de\u00a0 Prats de Moll\u00f3-La Preste.<\/p>\n<p><img decoding=\"async\" src=\"https:\/\/farm5.staticflickr.com\/4456\/37573882766_35eaa2bfb9_b.jpg\" \/><\/p>\n<p><img decoding=\"async\" src=\"https:\/\/farm5.staticflickr.com\/4509\/37573876336_5cf61ce107_b.jpg\" \/><\/p>\n<p><img decoding=\"async\" src=\"https:\/\/farm5.staticflickr.com\/4472\/36911940464_acb7c8eb02_b.jpg\" \/><\/p>\n<p><img decoding=\"async\" src=\"https:\/\/farm5.staticflickr.com\/4497\/37590091332_de907a50d7_b.jpg\" \/><\/p>\n<p>La borna 516 desde lejos.<\/p>\n<p><img decoding=\"async\" src=\"https:\/\/farm5.staticflickr.com\/4498\/37590089542_bbc573c4ba_b.jpg\" \/><\/p>\n<p><img decoding=\"async\" src=\"https:\/\/farm5.staticflickr.com\/4462\/36911932504_0cf114c191_b.jpg\" \/><\/p>\n<p><img decoding=\"async\" src=\"https:\/\/farm5.staticflickr.com\/4443\/36951712023_20fcd1ceca_b.jpg\" \/><\/p>\n<p><img decoding=\"async\" src=\"https:\/\/farm5.staticflickr.com\/4510\/36911923694_5e656630ce_b.jpg\" \/><\/p>\n<p><img decoding=\"async\" src=\"https:\/\/farm5.staticflickr.com\/4461\/36911920304_75e9e3d34d_b.jpg\" \/><\/p>\n<p><img decoding=\"async\" src=\"https:\/\/farm5.staticflickr.com\/4494\/23769495438_b311ea8ff4_b.jpg\" \/><\/p>\n<p><img decoding=\"async\" src=\"https:\/\/farm5.staticflickr.com\/4490\/37363803340_d593249188_b.jpg\" \/><\/p>\n<p><img decoding=\"async\" src=\"https:\/\/farm5.staticflickr.com\/4495\/23769483288_a8b2e2491a_b.jpg\" \/><\/p>\n<p><img decoding=\"async\" src=\"https:\/\/farm5.staticflickr.com\/4458\/37590053742_49bdc92bd1_b.jpg\" \/><\/p>\n<p><img decoding=\"async\" src=\"https:\/\/farm5.staticflickr.com\/4460\/23769478028_67090a5d99_b.jpg\" \/><\/p>\n<p><img decoding=\"async\" src=\"https:\/\/farm5.staticflickr.com\/4504\/37590046372_b89229004f_b.jpg\" \/><\/p>\n<p><img decoding=\"async\" src=\"https:\/\/farm5.staticflickr.com\/4463\/37573816946_d38d5ae06b_b.jpg\" \/><\/p>\n<p><img decoding=\"async\" src=\"https:\/\/farm5.staticflickr.com\/4448\/37573820576_78bf6d605e_b.jpg\" \/><\/p>\n<p>Desde la Torre de Mir, volvemos al Coll de Ares por otro camino distinto al de la ida.<\/p>\n<p><img decoding=\"async\" src=\"https:\/\/farm5.staticflickr.com\/4491\/37363746790_0317e4e767_b.jpg\" \/><\/p>\n<p><img decoding=\"async\" src=\"https:\/\/farm5.staticflickr.com\/4486\/36911854434_b73f3ef89d_b.jpg\" \/><\/p>\n<p><img decoding=\"async\" src=\"https:\/\/farm5.staticflickr.com\/4457\/37573790176_da5ae05201_b.jpg\" \/><\/p>\n<p>\nComo hemos dicho antes, al llegar al Coll de Ares, cruzamos la carretera y vamos a la busca de la borna 520.<\/p>\n<p>&nbsp;<\/p>\n<p><img decoding=\"async\" src=\"https:\/\/farm5.staticflickr.com\/4467\/37573775196_00f6d519cf_b.jpg\" \/><\/p>\n<p>En el Coll de Ares podemos ver unas fotos y un monumento en memoria del \u00abCam\u00ed de la Retirada\u00bb (1939)<\/p>\n<p><img decoding=\"async\" src=\"https:\/\/farm5.staticflickr.com\/4453\/36911835874_17380f8164_b.jpg\" \/><\/p>\n<p><img decoding=\"async\" src=\"https:\/\/farm5.staticflickr.com\/4470\/36911834054_7dda91801e_b.jpg\" \/><\/p>\n<p><img decoding=\"async\" src=\"https:\/\/farm5.staticflickr.com\/4463\/36911832454_22a3200462_b.jpg\" \/><\/p>\n<p>Y despu\u00e9s de un pesado tramo de aproximadamente 1 km. llegamos a la borna 520<\/p>\n<p><img decoding=\"async\" src=\"https:\/\/farm5.staticflickr.com\/4501\/36951616563_dc581d1311_b.jpg\" \/><\/p>\n<p><img decoding=\"async\" src=\"https:\/\/farm5.staticflickr.com\/4452\/36951614353_5d6627c0ea_b.jpg\" \/><\/p>\n<p><img decoding=\"async\" src=\"https:\/\/farm5.staticflickr.com\/4510\/37363717700_0722c622ae_b.jpg\" \/><\/p>\n<p><img decoding=\"async\" src=\"https:\/\/farm5.staticflickr.com\/4510\/37363713350_b79d9c2631_b.jpg\" \/><\/p>\n<p><img decoding=\"async\" src=\"https:\/\/farm5.staticflickr.com\/4493\/37363712080_e89d3d692b_b.jpg\" \/><\/p>\n<hr \/>\n<h3><strong>Track de la ruta<\/strong><\/h3>\n<p>[sgpx gpx=\u00bb\/wp-content\/uploads\/gpx\/Coll de Ares-TorreMir-bornas-516-520.gpx\u00bb]<\/p>\n<hr \/>\n<h3><strong>Wikiloc<\/strong><\/h3>\n<p><img loading=\"lazy\" decoding=\"async\" class=\"size-full wp-image-958 aligncenter\" src=\"http:\/\/www.carlosyconchita.net\/rutas\/wp-content\/uploads\/2020\/09\/wikiloc.jpg\" alt=\"\" width=\"117\" height=\"34\" \/><\/p>\n<p>&nbsp;<\/p>\n<p>&nbsp;<\/p>\n<hr \/>\n<p>&nbsp;<\/p>\n<p><strong><span style=\"color: #ff0000;\">Si te ha gustado, comp\u00e1rtelo en tu red favorita o env\u00edanos tu comentario.<\/span><\/strong><\/p>\n<p><strong><span style=\"color: #ff0000;\">Muchas gracias !<\/span><\/strong><\/p>\n<hr \/>\n<p style=\"text-align: justify;\"><strong><span style=\"color: #008000;\">Suscribete si quieres recibir un mail cuando publiquemos nuevas rutas : no enviamos publicidad y como m\u00e1ximo enviamos 2 mails al mes<\/span><\/strong><\/p>\n<p>[wysija_form id=\u00bb1&#8243;]<\/p>\n<hr \/>\n<p>&nbsp;<\/p>\n<h3>Puedes imprimir esta publicaci\u00f3n o guardarla en diferentes formatos :<\/h3>\n<p style=\"text-align: justify;\"><span style=\"color: #ff0000;\">Para facilitar la impresi\u00f3n, se ha reducido considerablemente el tama\u00f1o de las fotos, pero si deseas imprimir sin fotos, aconsejamos guardarlo como \u201cdoc\u201d, y antes de imprimirlo, eliminar las fotos<\/span><\/p>\n","protected":false},"excerpt":{"rendered":"<p>Iniciamos la caminata en el Coll de Ares , en direcci\u00f3n a la Torre de Mir, para encontrar las bornas 516 a 519, y despu\u00e9s , en el Coll de Ares, pero al otro lado de la carretera, llegamos al Coll de Vernadell, en donde est\u00e1 la borna 520<\/p>\n","protected":false},"author":50,"featured_media":10737,"comment_status":"open","ping_status":"open","sticky":false,"template":"","format":"standard","meta":{"footnotes":""},"categories":[11,27,62,74],"tags":[],"class_list":{"0":"post-10736","1":"post","2":"type-post","3":"status-publish","4":"format-standard","5":"has-post-thumbnail","6":"hentry","7":"category-moderada","8":"category-4-de-15-a-20-km","9":"category-girona","10":"category-0-mojones-bornas-frontera","12":"post-with-thumbnail","13":"post-with-thumbnail-icon"},"yoast_head":"<!-- This site is optimized with the Yoast SEO plugin v27.5 - https:\/\/yoast.com\/product\/yoast-seo-wordpress\/ -->\n<title>08-10-2017 - Coll de Ares - Torre de Mir (bornas 516-520) -<\/title>\n<meta name=\"robots\" content=\"index, follow, max-snippet:-1, max-image-preview:large, max-video-preview:-1\" \/>\n<link rel=\"canonical\" href=\"https:\/\/www.carlosyconchita.net\/rutas\/08-10-2017-coll-ares-torre-mir-bornas-516-520\/\" \/>\n<meta property=\"og:locale\" content=\"es_ES\" \/>\n<meta property=\"og:type\" content=\"article\" \/>\n<meta property=\"og:title\" content=\"08-10-2017 - Coll de Ares - Torre de Mir (bornas 516-520) -\" \/>\n<meta property=\"og:description\" content=\"Iniciamos la caminata en el Coll de Ares , en direcci\u00f3n a la Torre de Mir, para encontrar las bornas 516 a 519, y despu\u00e9s , en el Coll de Ares, pero al otro lado de la carretera, llegamos al Coll de Vernadell, en donde est\u00e1 la borna 520\" \/>\n<meta property=\"og:url\" content=\"https:\/\/www.carlosyconchita.net\/rutas\/08-10-2017-coll-ares-torre-mir-bornas-516-520\/\" \/>\n<meta property=\"og:site_name\" content=\"Las rutas de Carlos y Conchita\" \/>\n<meta property=\"article:published_time\" content=\"2017-10-08T18:52:40+00:00\" \/>\n<meta property=\"article:modified_time\" content=\"2022-03-17T18:03:37+00:00\" \/>\n<meta property=\"og:image\" content=\"https:\/\/www.carlosyconchita.net\/rutas\/wp-content\/uploads\/2017\/10\/ColldeAres-0063.jpg\" \/>\n\t<meta property=\"og:image:width\" content=\"1024\" \/>\n\t<meta property=\"og:image:height\" content=\"576\" \/>\n\t<meta property=\"og:image:type\" content=\"image\/jpeg\" \/>\n<meta name=\"author\" content=\"Carlos Conchita\" \/>\n<meta name=\"twitter:label1\" content=\"Escrito por\" \/>\n\t<meta name=\"twitter:data1\" content=\"Carlos Conchita\" \/>\n\t<meta name=\"twitter:label2\" content=\"Tiempo de lectura\" \/>\n\t<meta name=\"twitter:data2\" content=\"2 minutos\" \/>\n<script type=\"application\/ld+json\" class=\"yoast-schema-graph\">{\"@context\":\"https:\\\/\\\/schema.org\",\"@graph\":[{\"@type\":\"Article\",\"@id\":\"https:\\\/\\\/www.carlosyconchita.net\\\/rutas\\\/08-10-2017-coll-ares-torre-mir-bornas-516-520\\\/#article\",\"isPartOf\":{\"@id\":\"https:\\\/\\\/www.carlosyconchita.net\\\/rutas\\\/08-10-2017-coll-ares-torre-mir-bornas-516-520\\\/\"},\"author\":{\"name\":\"Carlos Conchita\",\"@id\":\"https:\\\/\\\/www.carlosyconchita.net\\\/rutas\\\/#\\\/schema\\\/person\\\/a9691f7258c28443fab2d3aa1479ea19\"},\"headline\":\"08-10-2017 &#8211; Coll de Ares &#8211; Torre de Mir (bornas 516-520)\",\"datePublished\":\"2017-10-08T18:52:40+00:00\",\"dateModified\":\"2022-03-17T18:03:37+00:00\",\"mainEntityOfPage\":{\"@id\":\"https:\\\/\\\/www.carlosyconchita.net\\\/rutas\\\/08-10-2017-coll-ares-torre-mir-bornas-516-520\\\/\"},\"wordCount\":501,\"commentCount\":0,\"image\":{\"@id\":\"https:\\\/\\\/www.carlosyconchita.net\\\/rutas\\\/08-10-2017-coll-ares-torre-mir-bornas-516-520\\\/#primaryimage\"},\"thumbnailUrl\":\"https:\\\/\\\/www.carlosyconchita.net\\\/rutas\\\/wp-content\\\/uploads\\\/2017\\\/10\\\/ColldeAres-0063.jpg\",\"articleSection\":[\"2-Moderada\",\"4 - De 15 a 20 km.\",\"Girona\",\"Mojones \\\/ Bornas frontera ES-FR\"],\"inLanguage\":\"es\",\"potentialAction\":[{\"@type\":\"CommentAction\",\"name\":\"Comment\",\"target\":[\"https:\\\/\\\/www.carlosyconchita.net\\\/rutas\\\/08-10-2017-coll-ares-torre-mir-bornas-516-520\\\/#respond\"]}]},{\"@type\":\"WebPage\",\"@id\":\"https:\\\/\\\/www.carlosyconchita.net\\\/rutas\\\/08-10-2017-coll-ares-torre-mir-bornas-516-520\\\/\",\"url\":\"https:\\\/\\\/www.carlosyconchita.net\\\/rutas\\\/08-10-2017-coll-ares-torre-mir-bornas-516-520\\\/\",\"name\":\"08-10-2017 - Coll de Ares - Torre de Mir (bornas 516-520) -\",\"isPartOf\":{\"@id\":\"https:\\\/\\\/www.carlosyconchita.net\\\/rutas\\\/#website\"},\"primaryImageOfPage\":{\"@id\":\"https:\\\/\\\/www.carlosyconchita.net\\\/rutas\\\/08-10-2017-coll-ares-torre-mir-bornas-516-520\\\/#primaryimage\"},\"image\":{\"@id\":\"https:\\\/\\\/www.carlosyconchita.net\\\/rutas\\\/08-10-2017-coll-ares-torre-mir-bornas-516-520\\\/#primaryimage\"},\"thumbnailUrl\":\"https:\\\/\\\/www.carlosyconchita.net\\\/rutas\\\/wp-content\\\/uploads\\\/2017\\\/10\\\/ColldeAres-0063.jpg\",\"datePublished\":\"2017-10-08T18:52:40+00:00\",\"dateModified\":\"2022-03-17T18:03:37+00:00\",\"author\":{\"@id\":\"https:\\\/\\\/www.carlosyconchita.net\\\/rutas\\\/#\\\/schema\\\/person\\\/a9691f7258c28443fab2d3aa1479ea19\"},\"breadcrumb\":{\"@id\":\"https:\\\/\\\/www.carlosyconchita.net\\\/rutas\\\/08-10-2017-coll-ares-torre-mir-bornas-516-520\\\/#breadcrumb\"},\"inLanguage\":\"es\",\"potentialAction\":[{\"@type\":\"ReadAction\",\"target\":[\"https:\\\/\\\/www.carlosyconchita.net\\\/rutas\\\/08-10-2017-coll-ares-torre-mir-bornas-516-520\\\/\"]}]},{\"@type\":\"ImageObject\",\"inLanguage\":\"es\",\"@id\":\"https:\\\/\\\/www.carlosyconchita.net\\\/rutas\\\/08-10-2017-coll-ares-torre-mir-bornas-516-520\\\/#primaryimage\",\"url\":\"https:\\\/\\\/www.carlosyconchita.net\\\/rutas\\\/wp-content\\\/uploads\\\/2017\\\/10\\\/ColldeAres-0063.jpg\",\"contentUrl\":\"https:\\\/\\\/www.carlosyconchita.net\\\/rutas\\\/wp-content\\\/uploads\\\/2017\\\/10\\\/ColldeAres-0063.jpg\",\"width\":1024,\"height\":576},{\"@type\":\"BreadcrumbList\",\"@id\":\"https:\\\/\\\/www.carlosyconchita.net\\\/rutas\\\/08-10-2017-coll-ares-torre-mir-bornas-516-520\\\/#breadcrumb\",\"itemListElement\":[{\"@type\":\"ListItem\",\"position\":1,\"name\":\"Portada\",\"item\":\"https:\\\/\\\/www.carlosyconchita.net\\\/rutas\\\/\"},{\"@type\":\"ListItem\",\"position\":2,\"name\":\"08-10-2017 &#8211; Coll de Ares &#8211; Torre de Mir (bornas 516-520)\"}]},{\"@type\":\"WebSite\",\"@id\":\"https:\\\/\\\/www.carlosyconchita.net\\\/rutas\\\/#website\",\"url\":\"https:\\\/\\\/www.carlosyconchita.net\\\/rutas\\\/\",\"name\":\"Las rutas de Carlos y Conchita\",\"description\":\"\",\"potentialAction\":[{\"@type\":\"SearchAction\",\"target\":{\"@type\":\"EntryPoint\",\"urlTemplate\":\"https:\\\/\\\/www.carlosyconchita.net\\\/rutas\\\/?s={search_term_string}\"},\"query-input\":{\"@type\":\"PropertyValueSpecification\",\"valueRequired\":true,\"valueName\":\"search_term_string\"}}],\"inLanguage\":\"es\"},{\"@type\":\"Person\",\"@id\":\"https:\\\/\\\/www.carlosyconchita.net\\\/rutas\\\/#\\\/schema\\\/person\\\/a9691f7258c28443fab2d3aa1479ea19\",\"name\":\"Carlos Conchita\",\"image\":{\"@type\":\"ImageObject\",\"inLanguage\":\"es\",\"@id\":\"https:\\\/\\\/secure.gravatar.com\\\/avatar\\\/3a4625b20c8da3de99da69bfe7a322774e291c3f90dce7e8778a30fe6748ed1a?s=96&d=mm&r=g\",\"url\":\"https:\\\/\\\/secure.gravatar.com\\\/avatar\\\/3a4625b20c8da3de99da69bfe7a322774e291c3f90dce7e8778a30fe6748ed1a?s=96&d=mm&r=g\",\"contentUrl\":\"https:\\\/\\\/secure.gravatar.com\\\/avatar\\\/3a4625b20c8da3de99da69bfe7a322774e291c3f90dce7e8778a30fe6748ed1a?s=96&d=mm&r=g\",\"caption\":\"Carlos Conchita\"}}]}<\/script>\n<!-- \/ Yoast SEO plugin. -->","yoast_head_json":{"title":"08-10-2017 - Coll de Ares - Torre de Mir (bornas 516-520) -","robots":{"index":"index","follow":"follow","max-snippet":"max-snippet:-1","max-image-preview":"max-image-preview:large","max-video-preview":"max-video-preview:-1"},"canonical":"https:\/\/www.carlosyconchita.net\/rutas\/08-10-2017-coll-ares-torre-mir-bornas-516-520\/","og_locale":"es_ES","og_type":"article","og_title":"08-10-2017 - Coll de Ares - Torre de Mir (bornas 516-520) -","og_description":"Iniciamos la caminata en el Coll de Ares , en direcci\u00f3n a la Torre de Mir, para encontrar las bornas 516 a 519, y despu\u00e9s , en el Coll de Ares, pero al otro lado de la carretera, llegamos al Coll de Vernadell, en donde est\u00e1 la borna 520","og_url":"https:\/\/www.carlosyconchita.net\/rutas\/08-10-2017-coll-ares-torre-mir-bornas-516-520\/","og_site_name":"Las rutas de Carlos y Conchita","article_published_time":"2017-10-08T18:52:40+00:00","article_modified_time":"2022-03-17T18:03:37+00:00","og_image":[{"width":1024,"height":576,"url":"https:\/\/www.carlosyconchita.net\/rutas\/wp-content\/uploads\/2017\/10\/ColldeAres-0063.jpg","type":"image\/jpeg"}],"author":"Carlos Conchita","twitter_misc":{"Escrito por":"Carlos Conchita","Tiempo de lectura":"2 minutos"},"schema":{"@context":"https:\/\/schema.org","@graph":[{"@type":"Article","@id":"https:\/\/www.carlosyconchita.net\/rutas\/08-10-2017-coll-ares-torre-mir-bornas-516-520\/#article","isPartOf":{"@id":"https:\/\/www.carlosyconchita.net\/rutas\/08-10-2017-coll-ares-torre-mir-bornas-516-520\/"},"author":{"name":"Carlos Conchita","@id":"https:\/\/www.carlosyconchita.net\/rutas\/#\/schema\/person\/a9691f7258c28443fab2d3aa1479ea19"},"headline":"08-10-2017 &#8211; Coll de Ares &#8211; Torre de Mir (bornas 516-520)","datePublished":"2017-10-08T18:52:40+00:00","dateModified":"2022-03-17T18:03:37+00:00","mainEntityOfPage":{"@id":"https:\/\/www.carlosyconchita.net\/rutas\/08-10-2017-coll-ares-torre-mir-bornas-516-520\/"},"wordCount":501,"commentCount":0,"image":{"@id":"https:\/\/www.carlosyconchita.net\/rutas\/08-10-2017-coll-ares-torre-mir-bornas-516-520\/#primaryimage"},"thumbnailUrl":"https:\/\/www.carlosyconchita.net\/rutas\/wp-content\/uploads\/2017\/10\/ColldeAres-0063.jpg","articleSection":["2-Moderada","4 - De 15 a 20 km.","Girona","Mojones \/ Bornas frontera ES-FR"],"inLanguage":"es","potentialAction":[{"@type":"CommentAction","name":"Comment","target":["https:\/\/www.carlosyconchita.net\/rutas\/08-10-2017-coll-ares-torre-mir-bornas-516-520\/#respond"]}]},{"@type":"WebPage","@id":"https:\/\/www.carlosyconchita.net\/rutas\/08-10-2017-coll-ares-torre-mir-bornas-516-520\/","url":"https:\/\/www.carlosyconchita.net\/rutas\/08-10-2017-coll-ares-torre-mir-bornas-516-520\/","name":"08-10-2017 - Coll de Ares - Torre de Mir (bornas 516-520) -","isPartOf":{"@id":"https:\/\/www.carlosyconchita.net\/rutas\/#website"},"primaryImageOfPage":{"@id":"https:\/\/www.carlosyconchita.net\/rutas\/08-10-2017-coll-ares-torre-mir-bornas-516-520\/#primaryimage"},"image":{"@id":"https:\/\/www.carlosyconchita.net\/rutas\/08-10-2017-coll-ares-torre-mir-bornas-516-520\/#primaryimage"},"thumbnailUrl":"https:\/\/www.carlosyconchita.net\/rutas\/wp-content\/uploads\/2017\/10\/ColldeAres-0063.jpg","datePublished":"2017-10-08T18:52:40+00:00","dateModified":"2022-03-17T18:03:37+00:00","author":{"@id":"https:\/\/www.carlosyconchita.net\/rutas\/#\/schema\/person\/a9691f7258c28443fab2d3aa1479ea19"},"breadcrumb":{"@id":"https:\/\/www.carlosyconchita.net\/rutas\/08-10-2017-coll-ares-torre-mir-bornas-516-520\/#breadcrumb"},"inLanguage":"es","potentialAction":[{"@type":"ReadAction","target":["https:\/\/www.carlosyconchita.net\/rutas\/08-10-2017-coll-ares-torre-mir-bornas-516-520\/"]}]},{"@type":"ImageObject","inLanguage":"es","@id":"https:\/\/www.carlosyconchita.net\/rutas\/08-10-2017-coll-ares-torre-mir-bornas-516-520\/#primaryimage","url":"https:\/\/www.carlosyconchita.net\/rutas\/wp-content\/uploads\/2017\/10\/ColldeAres-0063.jpg","contentUrl":"https:\/\/www.carlosyconchita.net\/rutas\/wp-content\/uploads\/2017\/10\/ColldeAres-0063.jpg","width":1024,"height":576},{"@type":"BreadcrumbList","@id":"https:\/\/www.carlosyconchita.net\/rutas\/08-10-2017-coll-ares-torre-mir-bornas-516-520\/#breadcrumb","itemListElement":[{"@type":"ListItem","position":1,"name":"Portada","item":"https:\/\/www.carlosyconchita.net\/rutas\/"},{"@type":"ListItem","position":2,"name":"08-10-2017 &#8211; Coll de Ares &#8211; Torre de Mir (bornas 516-520)"}]},{"@type":"WebSite","@id":"https:\/\/www.carlosyconchita.net\/rutas\/#website","url":"https:\/\/www.carlosyconchita.net\/rutas\/","name":"Las rutas de Carlos y Conchita","description":"","potentialAction":[{"@type":"SearchAction","target":{"@type":"EntryPoint","urlTemplate":"https:\/\/www.carlosyconchita.net\/rutas\/?s={search_term_string}"},"query-input":{"@type":"PropertyValueSpecification","valueRequired":true,"valueName":"search_term_string"}}],"inLanguage":"es"},{"@type":"Person","@id":"https:\/\/www.carlosyconchita.net\/rutas\/#\/schema\/person\/a9691f7258c28443fab2d3aa1479ea19","name":"Carlos Conchita","image":{"@type":"ImageObject","inLanguage":"es","@id":"https:\/\/secure.gravatar.com\/avatar\/3a4625b20c8da3de99da69bfe7a322774e291c3f90dce7e8778a30fe6748ed1a?s=96&d=mm&r=g","url":"https:\/\/secure.gravatar.com\/avatar\/3a4625b20c8da3de99da69bfe7a322774e291c3f90dce7e8778a30fe6748ed1a?s=96&d=mm&r=g","contentUrl":"https:\/\/secure.gravatar.com\/avatar\/3a4625b20c8da3de99da69bfe7a322774e291c3f90dce7e8778a30fe6748ed1a?s=96&d=mm&r=g","caption":"Carlos Conchita"}}]}},"_links":{"self":[{"href":"https:\/\/www.carlosyconchita.net\/rutas\/wp-json\/wp\/v2\/posts\/10736","targetHints":{"allow":["GET"]}}],"collection":[{"href":"https:\/\/www.carlosyconchita.net\/rutas\/wp-json\/wp\/v2\/posts"}],"about":[{"href":"https:\/\/www.carlosyconchita.net\/rutas\/wp-json\/wp\/v2\/types\/post"}],"author":[{"embeddable":true,"href":"https:\/\/www.carlosyconchita.net\/rutas\/wp-json\/wp\/v2\/users\/50"}],"replies":[{"embeddable":true,"href":"https:\/\/www.carlosyconchita.net\/rutas\/wp-json\/wp\/v2\/comments?post=10736"}],"version-history":[{"count":0,"href":"https:\/\/www.carlosyconchita.net\/rutas\/wp-json\/wp\/v2\/posts\/10736\/revisions"}],"wp:featuredmedia":[{"embeddable":true,"href":"https:\/\/www.carlosyconchita.net\/rutas\/wp-json\/wp\/v2\/media\/10737"}],"wp:attachment":[{"href":"https:\/\/www.carlosyconchita.net\/rutas\/wp-json\/wp\/v2\/media?parent=10736"}],"wp:term":[{"taxonomy":"category","embeddable":true,"href":"https:\/\/www.carlosyconchita.net\/rutas\/wp-json\/wp\/v2\/categories?post=10736"},{"taxonomy":"post_tag","embeddable":true,"href":"https:\/\/www.carlosyconchita.net\/rutas\/wp-json\/wp\/v2\/tags?post=10736"}],"curies":[{"name":"wp","href":"https:\/\/api.w.org\/{rel}","templated":true}]}}