{"id":10745,"date":"2017-10-12T18:39:52","date_gmt":"2017-10-12T17:39:52","guid":{"rendered":"http:\/\/www.carlosyconchita.net\/rutas\/?p=10745"},"modified":"2022-03-17T19:06:27","modified_gmt":"2022-03-17T18:06:27","slug":"12-10-2017-pics-noufonts-eyne-bornas-508-509","status":"publish","type":"post","link":"https:\/\/www.carlosyconchita.net\/rutas\/12-10-2017-pics-noufonts-eyne-bornas-508-509\/","title":{"rendered":"12-10-2017-Pic de Noufonts (100 Cims) y Pic de Eyne (bornas 508-509)"},"content":{"rendered":"<p style=\"text-align: justify;\">Finalmente hemos podido hacer esta ruta a los picos de Noufonts y Eyne, pasando adem\u00e1s por la borna 508 (en el Coll de Nuria o Eyne)\u00a0 y tambi\u00e9n por la 509, en el Coll de Noufonts, que ya hab\u00edamos visto anteriormente.<\/p>\n<p>Decimos finalmente, porque esta borna, la 508, es la \u00fanica que nos quedaba entre la 427 (Portella Blanca de Andorra )\u00a0 y la 520 que hicimos la semana pasada cerca del Coll de Ares.<\/p>\n<p style=\"text-align: justify;\">En realidad hab\u00edamos pasado por encima de la 508 cuando fuimos desde Nuria a Eyne ( <a href=\"http:\/\/www.carlosyconchita.net\/rutas\/25-06-2016-nuria-eyne\/\" target=\"_blank\" rel=\"noopener noreferrer\"><strong><span style=\"color: #000080;\">ver\u00a0 25-06-2016 \u2013 Nuria \u2013 Eyne<\/span><\/strong><\/a>\u00a0 ) , cuando todav\u00eda no hab\u00edamos empezado a \u00abcoleccionar\u00bb bornas, y pasamos pr\u00e1cticamente por encima porque la piedra sobre la que est\u00e1 grabada la cruz y el n\u00famero est\u00e1 rota y cuesta mucho de ver si no sabes que est\u00e1 all\u00ed.<\/p>\n<p style=\"text-align: justify;\">Subimos con el cremallera hasta Nuria con nuestros amigos Carme, Miquel, Asun y Lluis, y alli empezamos a caminar por el camino que tenemos m\u00e1s o menos delante nuestro al salir del tren, detr\u00e1s de un edifico de color marr\u00f3n y en el que un poco m\u00e1s arriba veremos un puente de piedras que no cruzaremos, y que dejaremos a nuestra derecha.<\/p>\n<p style=\"text-align: justify;\">Iremos subiendo por el valle y llegaremos a un letrero de madera que nos indica a la izquierda el GR-10 a Francia y al Coll de Eyne\u00a0 ( o de Nuria) y cuando lleguemos all\u00ed, tendremos delante nuestro unas buenas vistas de Francia.<\/p>\n<p style=\"text-align: justify;\">Mirando a Francia, nos dirigiremos a nuestra derecha empezando a subir una ligera pendiente, y a unos 50 m. veremos un mont\u00f3n de piedras, entre las que encontraremos una con la cruz de la borna, y solo el n\u00famero 8 grabado que alguien ha pintado.<\/p>\n<p style=\"text-align: justify;\">Seguiremos subiendo en direcci\u00f3n al Pic de Eyne, despu\u00e9s bajaremos un poco y volveremos a subir , esta vez al Pic de Noufonts.<br \/>\nDesde este pico bajaremos por una pronunciada pendiente hasta el Coll de Noufonts, en donde encontraremos la borna 509, que ya hab\u00edamos visto, y desde all\u00ed, bajaremos ya hacia Nuria.<\/p>\n<p>Durante todo el recorrido tendremos unas bonitas vistas tanto de Francia como de Espa\u00f1a, con magn\u00edficos picos y valles.<\/p>\n<hr \/>\n<h3><strong>Album de fotos<\/strong><\/h3>\n<p><a href=\"https:\/\/photos.app.goo.gl\/6PeqNaVnG8jaq7rt6\" target=\"_blank\" rel=\"noopener noreferrer\"><img loading=\"lazy\" decoding=\"async\" class=\"aligncenter wp-image-10747 size-column4-4\/5\" src=\"http:\/\/www.carlosyconchita.net\/rutas\/wp-content\/uploads\/2017\/10\/Noufonts-0811-240x192.jpg\" alt=\"\" width=\"240\" height=\"192\" srcset=\"https:\/\/www.carlosyconchita.net\/rutas\/wp-content\/uploads\/2017\/10\/Noufonts-0811-240x192.jpg 240w, https:\/\/www.carlosyconchita.net\/rutas\/wp-content\/uploads\/2017\/10\/Noufonts-0811-250x200.jpg 250w, https:\/\/www.carlosyconchita.net\/rutas\/wp-content\/uploads\/2017\/10\/Noufonts-0811-480x384.jpg 480w, https:\/\/www.carlosyconchita.net\/rutas\/wp-content\/uploads\/2017\/10\/Noufonts-0811-320x256.jpg 320w\" sizes=\"auto, (max-width: 240px) 100vw, 240px\" \/><\/a><\/p>\n<hr \/>\n<p><strong>Dificultad<\/strong> :\u00a0\u00a0\u00a0 Moderada<\/p>\n<p><strong>Distancia total<\/strong> :\u00a0\u00a0\u00a0\u00a0 11.845\u00a0<span class=\"totlen\"><span class=\"summaryvalue\"> m.<\/span><\/span><\/p>\n<p><strong>Alturas m\u00ednima \/ m\u00e1xima<\/strong> :\u00a0\u00a0\u00a0\u00a0 1.959\u00a0 m. \u2013 2.857 m.<\/p>\n<p><strong>Desnivel acumulado (s\/Wikiloc)<\/strong>\u00a0 :\u00a0\u00a0\u00a0 938 \u00a0 m.<\/p>\n<p><strong>Tiempo total \/ en movimiento<\/strong> :\u00a0\u00a0\u00a0\u00a0\u00a0\u00a0\u00a0 6\u201955\u00a0 h. \u2013\u00a0 4\u201900\u00a0 h.<\/p>\n<p><strong>Vel. media total \/ vel.media movimiento<\/strong> :\u00a0\u00a0 1\u201966 km\/h \u2013\u00a0 2\u201987\u00a0 km\/h<\/p>\n<p>&nbsp;<\/p>\n<p>&nbsp;<\/p>\n<hr \/>\n<p><img decoding=\"async\" src=\"https:\/\/farm5.staticflickr.com\/4471\/37681911042_f11eec32c1_b.jpg\" \/><\/p>\n<p><img decoding=\"async\" src=\"https:\/\/farm5.staticflickr.com\/4489\/37681909872_a9d4ab9dc2_b.jpg\" \/><\/p>\n<p><img decoding=\"async\" src=\"https:\/\/farm5.staticflickr.com\/4444\/37004327084_3c46ddfe95_b.jpg\" \/><\/p>\n<p><img decoding=\"async\" src=\"https:\/\/farm5.staticflickr.com\/4495\/37681906602_b39f3c1b79_b.jpg\" \/><\/p>\n<p><img decoding=\"async\" src=\"https:\/\/farm5.staticflickr.com\/4454\/37681903722_9bbd90815f_b.jpg\" \/><\/p>\n<p>Hoy hemos encontrado bastantes animales en nuestro camino : mufl\u00f3nes y rebecos (isards)<\/p>\n<p><img decoding=\"async\" src=\"https:\/\/farm5.staticflickr.com\/4457\/37004324174_d9c9227ebf_b.jpg\" \/><\/p>\n<p><img decoding=\"async\" src=\"https:\/\/farm5.staticflickr.com\/4469\/37004323464_fed79c5f88_b.jpg\" \/><\/p>\n<p><img decoding=\"async\" src=\"https:\/\/farm5.staticflickr.com\/4494\/37681896022_faa12aa722_b.jpg\" \/><\/p>\n<p>Acerc\u00e1ndonos al Coll de Eyne o Nuria.<\/p>\n<p><img decoding=\"async\" src=\"https:\/\/farm5.staticflickr.com\/4466\/23860741898_39580ed472_b.jpg\" \/><\/p>\n<p>La borna 508 est\u00e1 en el peque\u00f1o mont\u00edculo de piedras que vemos en el centro de la foto..<\/p>\n<p><img decoding=\"async\" src=\"https:\/\/farm5.staticflickr.com\/4468\/37681889682_a64d977c03_b.jpg\" \/><\/p>\n<p>El Coll de Eyne.<\/p>\n<p><img decoding=\"async\" src=\"https:\/\/farm5.staticflickr.com\/4500\/37456580420_4fdb813587_b.jpg\" \/><\/p>\n<p>Lo que queda de la borna 508.<\/p>\n<p><img decoding=\"async\" src=\"https:\/\/farm5.staticflickr.com\/4445\/23860735308_fa7497a69d_b.jpg\" \/><\/p>\n<p>Y nuestros \u00abexpertos\u00bb en mapas estudiando el terreno&#8230;<\/p>\n<p><img decoding=\"async\" src=\"https:\/\/farm5.staticflickr.com\/4467\/37665434276_f374f51a11_b.jpg\" \/><\/p>\n<p>Mirando atr\u00e1s vemos al fondo el Pic de Nuria (al que no hemos subido), y delante el Coll de Eyne que est\u00e1 m\u00e1s bajo y\u00a0 detr\u00e1s del peque\u00f1o mont\u00edculo en el que estamos.<\/p>\n<p><img decoding=\"async\" src=\"https:\/\/farm5.staticflickr.com\/4476\/37043473333_5ec3952f85_b.jpg\" \/><\/p>\n<p>Subida al Pic de Eyne.<\/p>\n<p><img decoding=\"async\" src=\"https:\/\/farm5.staticflickr.com\/4514\/37043470263_c207d21013_b.jpg\" \/><\/p>\n<p>Bonitas vistas en direcci\u00f3n a Francia, con el Pico de la Torre de Eyne a la izquierda de la foto.<\/p>\n<p><img decoding=\"async\" src=\"https:\/\/farm5.staticflickr.com\/4503\/37043469403_da43564090_b.jpg\" \/><\/p>\n<p>Y aqui el Valle de Eyne, que ya ha perdido el color verde&#8230;<\/p>\n<p><img decoding=\"async\" src=\"https:\/\/farm5.staticflickr.com\/4467\/37713876231_9a3fc4bfcd_b.jpg\" \/><\/p>\n<p>Y en direcci\u00f3n a Nuria&#8230;<\/p>\n<p><img decoding=\"async\" src=\"https:\/\/farm5.staticflickr.com\/4492\/37456569060_e95b5bc2fc_b.jpg\" \/><\/p>\n<p>Subida al Pic de Eyne.<\/p>\n<p><img decoding=\"async\" src=\"https:\/\/farm5.staticflickr.com\/4498\/37456568730_d4a34c8b6e_b.jpg\" \/><\/p>\n<p>Y\u00a0 Carme y Lluis , que \u00faltimamente siempre llegan los primeros arriba.<\/p>\n<p><img decoding=\"async\" src=\"https:\/\/farm5.staticflickr.com\/4489\/37456567870_178369c1cd_b.jpg\" \/><\/p>\n<p><img decoding=\"async\" src=\"https:\/\/farm5.staticflickr.com\/4470\/37665410576_5ab02620b1_b.jpg\" \/><\/p>\n<p>Seguimos ahora en direcci\u00f3n al Noufonts.<\/p>\n<p><img decoding=\"async\" src=\"https:\/\/farm5.staticflickr.com\/4481\/37665403336_71c5de6e90_b.jpg\" \/><\/p>\n<p><img decoding=\"async\" src=\"https:\/\/farm5.staticflickr.com\/4496\/37043447983_10e5a57f96_b.jpg\" \/><\/p>\n<p style=\"text-align: justify;\">Llegamos arriba, y encontramos 2 sitios se\u00f1alados, este primero algo m\u00e1s bajo, y la pila de piedras en el punto m\u00e1s alto.<\/p>\n<p><img decoding=\"async\" src=\"https:\/\/farm5.staticflickr.com\/4448\/37665399776_f21c9ed9d2_b.jpg\" \/><\/p>\n<p><img decoding=\"async\" src=\"https:\/\/farm5.staticflickr.com\/4451\/37713850991_436ae25425_b.jpg\" \/><\/p>\n<p>Bajando hacia el Coll de Noufonts.<\/p>\n<p>&nbsp;<\/p>\n<p><img decoding=\"async\" src=\"https:\/\/farm5.staticflickr.com\/4498\/37713845581_e374696494_b.jpg\" \/><\/p>\n<p><img decoding=\"async\" src=\"https:\/\/farm5.staticflickr.com\/4476\/23860702028_1a4cb272dd_b.jpg\" \/><\/p>\n<p><img decoding=\"async\" src=\"https:\/\/farm5.staticflickr.com\/4504\/23860700468_76d9f6c469_b.jpg\" \/><\/p>\n<p>En el Coll de Noufonts, vemos de nuevo la borna 509, que ya hab\u00edamos visto el dia\u00a0\u00a0 31 de julio .<\/p>\n<p>\u00a0\u00a0 ( ver <a href=\"http:\/\/www.carlosyconchita.net\/rutas\/31-07-2017-coll-pic-noucreus-coll-noufonts\/\" target=\"_blank\" rel=\"noopener noreferrer\"><strong><span style=\"color: #000080;\">31-07-2017-Coll y Pic Noucreus y Coll Noufonts (bornas 509-510)<\/span><\/strong><\/a><\/p>\n<p><img decoding=\"async\" src=\"https:\/\/farm5.staticflickr.com\/4505\/37665387366_6d0bfac862_b.jpg\" \/><\/p>\n<p><img decoding=\"async\" src=\"https:\/\/farm5.staticflickr.com\/4494\/37665383776_771bd796bb_b.jpg\" \/><\/p>\n<p>&nbsp;<\/p>\n<p>Desde el Coll de Noufonts,\u00a0 con el Pic de Noucreus al fondo de la foto&#8230;<\/p>\n<p><img decoding=\"async\" src=\"https:\/\/farm5.staticflickr.com\/4445\/37713830931_05b3bce16c_b.jpg\" \/><\/p>\n<p>&nbsp;<\/p>\n<p>Desde el mismo Coll de Noufonts,\u00a0 y\u00a0 mirando hacia el otro lado, con el Pic de Noufonts de donde venimos,\u00a0 al fondo de la foto.<img decoding=\"async\" src=\"https:\/\/farm5.staticflickr.com\/4484\/37665381056_d2ca4b6e10_b.jpg\" \/><\/p>\n<p>&nbsp;<\/p>\n<p>Desde aqu\u00ed ya volvemos hacia Nuria, por un camino con bastante pendiente en este tramo inicial.<\/p>\n<p><img decoding=\"async\" src=\"https:\/\/farm5.staticflickr.com\/4448\/37456538330_95acec85da_b.jpg\" \/><\/p>\n<p><img decoding=\"async\" src=\"https:\/\/farm5.staticflickr.com\/4513\/37665382396_e17d04912d_b.jpg\" \/><\/p>\n<p><img decoding=\"async\" src=\"https:\/\/farm5.staticflickr.com\/4501\/23860686858_82eed19d32_b.jpg\" \/><\/p>\n<hr \/>\n<h3><strong>Track de la ruta<\/strong><\/h3>\n<p>[sgpx gpx=\u00bb\/wp-content\/uploads\/gpx\/Noufonts.gpx\u00bb]<\/p>\n<hr \/>\n<p><strong>Wikiloc<\/strong><\/p>\n<p><a href=\"https:\/\/es.wikiloc.com\/wikiloc\/view.do?id=20407394\" target=\"_blank\" rel=\"noopener noreferrer\"><img loading=\"lazy\" decoding=\"async\" class=\"size-full wp-image-958 aligncenter\" src=\"http:\/\/www.carlosyconchita.net\/rutas\/wp-content\/uploads\/2020\/09\/wikiloc.jpg\" alt=\"\" width=\"117\" height=\"34\" \/><\/a><\/p>\n<p>&nbsp;<\/p>\n<hr \/>\n<p><span style=\"color: #ff0000;\">Si te ha gustado, comp\u00e1rtelo en tu red favorita o env\u00edanos tu comentario.<\/span><\/p>\n<p><span style=\"color: #ff0000;\">Muchas gracias !<\/span><\/p>\n<hr \/>\n<p style=\"text-align: justify;\"><strong><span style=\"color: #008000;\">Suscribete si quieres recibir un mail cuando publiquemos nuevas rutas : no enviamos publicidad y como m\u00e1ximo enviamos 2 mails al mes<\/span><\/strong><\/p>\n<p>[wysija_form id=\u00bb1&#8243;]<\/p>\n<hr \/>\n<p>&nbsp;<\/p>\n<h3>Puedes imprimir esta publicaci\u00f3n o guardarla en diferentes formatos :<\/h3>\n<p style=\"text-align: justify;\"><span style=\"color: #ff0000;\">Para facilitar la impresi\u00f3n, se ha reducido considerablemente el tama\u00f1o de las fotos, pero si deseas imprimir sin fotos, aconsejamos guardarlo como \u201cdoc\u201d, y antes de imprimirlo, eliminar las fotos<\/span><\/p>\n<hr \/>\n<p>&nbsp;<\/p>\n<p>&nbsp;<\/p>\n<p>&nbsp;<\/p>\n<p>&nbsp;<\/p>\n<p>&nbsp;<\/p>\n","protected":false},"excerpt":{"rendered":"<p>Desde Nuria subimos al pico de Noufonts y al Coll de Eyne para localizar la borna 508 y de nuevo la 509 (la hab\u00edamos visto el 31-07-2017)<\/p>\n","protected":false},"author":50,"featured_media":10747,"comment_status":"open","ping_status":"open","sticky":false,"template":"","format":"standard","meta":{"footnotes":""},"categories":[106,105,22,11,74,79],"tags":[],"class_list":{"0":"post-10745","1":"post","2":"type-post","3":"status-publish","4":"format-standard","5":"has-post-thumbnail","6":"hentry","7":"category-nuestros-100-cims","8":"category-100-cims-feec","9":"category-de-05-a-10-km","10":"category-moderada","11":"category-0-mojones-bornas-frontera","12":"category-nuria","14":"post-with-thumbnail","15":"post-with-thumbnail-icon"},"yoast_head":"<!-- This site is optimized with the Yoast SEO plugin v27.4 - https:\/\/yoast.com\/product\/yoast-seo-wordpress\/ -->\n<title>12-10-2017-Pic de Noufonts (100 Cims) y Pic de Eyne (bornas 508-509) -<\/title>\n<meta name=\"robots\" content=\"index, follow, max-snippet:-1, max-image-preview:large, max-video-preview:-1\" \/>\n<link rel=\"canonical\" href=\"https:\/\/www.carlosyconchita.net\/rutas\/12-10-2017-pics-noufonts-eyne-bornas-508-509\/\" \/>\n<meta property=\"og:locale\" content=\"es_ES\" \/>\n<meta property=\"og:type\" content=\"article\" \/>\n<meta property=\"og:title\" content=\"12-10-2017-Pic de Noufonts (100 Cims) y Pic de Eyne (bornas 508-509) -\" \/>\n<meta property=\"og:description\" content=\"Desde Nuria subimos al pico de Noufonts y al Coll de Eyne para localizar la borna 508 y de nuevo la 509 (la hab\u00edamos visto el 31-07-2017)\" \/>\n<meta property=\"og:url\" content=\"https:\/\/www.carlosyconchita.net\/rutas\/12-10-2017-pics-noufonts-eyne-bornas-508-509\/\" \/>\n<meta property=\"og:site_name\" content=\"Las rutas de Carlos y Conchita\" \/>\n<meta property=\"article:published_time\" content=\"2017-10-12T17:39:52+00:00\" \/>\n<meta property=\"article:modified_time\" content=\"2022-03-17T18:06:27+00:00\" \/>\n<meta property=\"og:image\" content=\"https:\/\/www.carlosyconchita.net\/rutas\/wp-content\/uploads\/2017\/10\/Noufonts-0811.jpg\" \/>\n\t<meta property=\"og:image:width\" content=\"1024\" \/>\n\t<meta property=\"og:image:height\" content=\"576\" \/>\n\t<meta property=\"og:image:type\" content=\"image\/jpeg\" \/>\n<meta name=\"author\" content=\"Carlos Conchita\" \/>\n<meta name=\"twitter:label1\" content=\"Escrito por\" \/>\n\t<meta name=\"twitter:data1\" content=\"Carlos Conchita\" \/>\n\t<meta name=\"twitter:label2\" content=\"Tiempo de lectura\" \/>\n\t<meta name=\"twitter:data2\" content=\"4 minutos\" \/>\n<script type=\"application\/ld+json\" class=\"yoast-schema-graph\">{\"@context\":\"https:\\\/\\\/schema.org\",\"@graph\":[{\"@type\":\"Article\",\"@id\":\"https:\\\/\\\/www.carlosyconchita.net\\\/rutas\\\/12-10-2017-pics-noufonts-eyne-bornas-508-509\\\/#article\",\"isPartOf\":{\"@id\":\"https:\\\/\\\/www.carlosyconchita.net\\\/rutas\\\/12-10-2017-pics-noufonts-eyne-bornas-508-509\\\/\"},\"author\":{\"name\":\"Carlos Conchita\",\"@id\":\"https:\\\/\\\/www.carlosyconchita.net\\\/rutas\\\/#\\\/schema\\\/person\\\/a9691f7258c28443fab2d3aa1479ea19\"},\"headline\":\"12-10-2017-Pic de Noufonts (100 Cims) y Pic de Eyne (bornas 508-509)\",\"datePublished\":\"2017-10-12T17:39:52+00:00\",\"dateModified\":\"2022-03-17T18:06:27+00:00\",\"mainEntityOfPage\":{\"@id\":\"https:\\\/\\\/www.carlosyconchita.net\\\/rutas\\\/12-10-2017-pics-noufonts-eyne-bornas-508-509\\\/\"},\"wordCount\":800,\"commentCount\":0,\"image\":{\"@id\":\"https:\\\/\\\/www.carlosyconchita.net\\\/rutas\\\/12-10-2017-pics-noufonts-eyne-bornas-508-509\\\/#primaryimage\"},\"thumbnailUrl\":\"https:\\\/\\\/www.carlosyconchita.net\\\/rutas\\\/wp-content\\\/uploads\\\/2017\\\/10\\\/Noufonts-0811.jpg\",\"articleSection\":[\"100 Cims Carlos y Conchita\",\"100 Cims FEEC\",\"2 - De 5 a 10 km.\",\"2-Moderada\",\"Mojones \\\/ Bornas frontera ES-FR\",\"Nuria\"],\"inLanguage\":\"es\",\"potentialAction\":[{\"@type\":\"CommentAction\",\"name\":\"Comment\",\"target\":[\"https:\\\/\\\/www.carlosyconchita.net\\\/rutas\\\/12-10-2017-pics-noufonts-eyne-bornas-508-509\\\/#respond\"]}]},{\"@type\":\"WebPage\",\"@id\":\"https:\\\/\\\/www.carlosyconchita.net\\\/rutas\\\/12-10-2017-pics-noufonts-eyne-bornas-508-509\\\/\",\"url\":\"https:\\\/\\\/www.carlosyconchita.net\\\/rutas\\\/12-10-2017-pics-noufonts-eyne-bornas-508-509\\\/\",\"name\":\"12-10-2017-Pic de Noufonts (100 Cims) y Pic de Eyne (bornas 508-509) -\",\"isPartOf\":{\"@id\":\"https:\\\/\\\/www.carlosyconchita.net\\\/rutas\\\/#website\"},\"primaryImageOfPage\":{\"@id\":\"https:\\\/\\\/www.carlosyconchita.net\\\/rutas\\\/12-10-2017-pics-noufonts-eyne-bornas-508-509\\\/#primaryimage\"},\"image\":{\"@id\":\"https:\\\/\\\/www.carlosyconchita.net\\\/rutas\\\/12-10-2017-pics-noufonts-eyne-bornas-508-509\\\/#primaryimage\"},\"thumbnailUrl\":\"https:\\\/\\\/www.carlosyconchita.net\\\/rutas\\\/wp-content\\\/uploads\\\/2017\\\/10\\\/Noufonts-0811.jpg\",\"datePublished\":\"2017-10-12T17:39:52+00:00\",\"dateModified\":\"2022-03-17T18:06:27+00:00\",\"author\":{\"@id\":\"https:\\\/\\\/www.carlosyconchita.net\\\/rutas\\\/#\\\/schema\\\/person\\\/a9691f7258c28443fab2d3aa1479ea19\"},\"breadcrumb\":{\"@id\":\"https:\\\/\\\/www.carlosyconchita.net\\\/rutas\\\/12-10-2017-pics-noufonts-eyne-bornas-508-509\\\/#breadcrumb\"},\"inLanguage\":\"es\",\"potentialAction\":[{\"@type\":\"ReadAction\",\"target\":[\"https:\\\/\\\/www.carlosyconchita.net\\\/rutas\\\/12-10-2017-pics-noufonts-eyne-bornas-508-509\\\/\"]}]},{\"@type\":\"ImageObject\",\"inLanguage\":\"es\",\"@id\":\"https:\\\/\\\/www.carlosyconchita.net\\\/rutas\\\/12-10-2017-pics-noufonts-eyne-bornas-508-509\\\/#primaryimage\",\"url\":\"https:\\\/\\\/www.carlosyconchita.net\\\/rutas\\\/wp-content\\\/uploads\\\/2017\\\/10\\\/Noufonts-0811.jpg\",\"contentUrl\":\"https:\\\/\\\/www.carlosyconchita.net\\\/rutas\\\/wp-content\\\/uploads\\\/2017\\\/10\\\/Noufonts-0811.jpg\",\"width\":1024,\"height\":576},{\"@type\":\"BreadcrumbList\",\"@id\":\"https:\\\/\\\/www.carlosyconchita.net\\\/rutas\\\/12-10-2017-pics-noufonts-eyne-bornas-508-509\\\/#breadcrumb\",\"itemListElement\":[{\"@type\":\"ListItem\",\"position\":1,\"name\":\"Portada\",\"item\":\"https:\\\/\\\/www.carlosyconchita.net\\\/rutas\\\/\"},{\"@type\":\"ListItem\",\"position\":2,\"name\":\"12-10-2017-Pic de Noufonts (100 Cims) y Pic de Eyne (bornas 508-509)\"}]},{\"@type\":\"WebSite\",\"@id\":\"https:\\\/\\\/www.carlosyconchita.net\\\/rutas\\\/#website\",\"url\":\"https:\\\/\\\/www.carlosyconchita.net\\\/rutas\\\/\",\"name\":\"Las rutas de Carlos y Conchita\",\"description\":\"\",\"potentialAction\":[{\"@type\":\"SearchAction\",\"target\":{\"@type\":\"EntryPoint\",\"urlTemplate\":\"https:\\\/\\\/www.carlosyconchita.net\\\/rutas\\\/?s={search_term_string}\"},\"query-input\":{\"@type\":\"PropertyValueSpecification\",\"valueRequired\":true,\"valueName\":\"search_term_string\"}}],\"inLanguage\":\"es\"},{\"@type\":\"Person\",\"@id\":\"https:\\\/\\\/www.carlosyconchita.net\\\/rutas\\\/#\\\/schema\\\/person\\\/a9691f7258c28443fab2d3aa1479ea19\",\"name\":\"Carlos Conchita\",\"image\":{\"@type\":\"ImageObject\",\"inLanguage\":\"es\",\"@id\":\"https:\\\/\\\/secure.gravatar.com\\\/avatar\\\/3a4625b20c8da3de99da69bfe7a322774e291c3f90dce7e8778a30fe6748ed1a?s=96&d=mm&r=g\",\"url\":\"https:\\\/\\\/secure.gravatar.com\\\/avatar\\\/3a4625b20c8da3de99da69bfe7a322774e291c3f90dce7e8778a30fe6748ed1a?s=96&d=mm&r=g\",\"contentUrl\":\"https:\\\/\\\/secure.gravatar.com\\\/avatar\\\/3a4625b20c8da3de99da69bfe7a322774e291c3f90dce7e8778a30fe6748ed1a?s=96&d=mm&r=g\",\"caption\":\"Carlos Conchita\"}}]}<\/script>\n<!-- \/ Yoast SEO plugin. -->","yoast_head_json":{"title":"12-10-2017-Pic de Noufonts (100 Cims) y Pic de Eyne (bornas 508-509) -","robots":{"index":"index","follow":"follow","max-snippet":"max-snippet:-1","max-image-preview":"max-image-preview:large","max-video-preview":"max-video-preview:-1"},"canonical":"https:\/\/www.carlosyconchita.net\/rutas\/12-10-2017-pics-noufonts-eyne-bornas-508-509\/","og_locale":"es_ES","og_type":"article","og_title":"12-10-2017-Pic de Noufonts (100 Cims) y Pic de Eyne (bornas 508-509) -","og_description":"Desde Nuria subimos al pico de Noufonts y al Coll de Eyne para localizar la borna 508 y de nuevo la 509 (la hab\u00edamos visto el 31-07-2017)","og_url":"https:\/\/www.carlosyconchita.net\/rutas\/12-10-2017-pics-noufonts-eyne-bornas-508-509\/","og_site_name":"Las rutas de Carlos y Conchita","article_published_time":"2017-10-12T17:39:52+00:00","article_modified_time":"2022-03-17T18:06:27+00:00","og_image":[{"width":1024,"height":576,"url":"https:\/\/www.carlosyconchita.net\/rutas\/wp-content\/uploads\/2017\/10\/Noufonts-0811.jpg","type":"image\/jpeg"}],"author":"Carlos Conchita","twitter_misc":{"Escrito por":"Carlos Conchita","Tiempo de lectura":"4 minutos"},"schema":{"@context":"https:\/\/schema.org","@graph":[{"@type":"Article","@id":"https:\/\/www.carlosyconchita.net\/rutas\/12-10-2017-pics-noufonts-eyne-bornas-508-509\/#article","isPartOf":{"@id":"https:\/\/www.carlosyconchita.net\/rutas\/12-10-2017-pics-noufonts-eyne-bornas-508-509\/"},"author":{"name":"Carlos Conchita","@id":"https:\/\/www.carlosyconchita.net\/rutas\/#\/schema\/person\/a9691f7258c28443fab2d3aa1479ea19"},"headline":"12-10-2017-Pic de Noufonts (100 Cims) y Pic de Eyne (bornas 508-509)","datePublished":"2017-10-12T17:39:52+00:00","dateModified":"2022-03-17T18:06:27+00:00","mainEntityOfPage":{"@id":"https:\/\/www.carlosyconchita.net\/rutas\/12-10-2017-pics-noufonts-eyne-bornas-508-509\/"},"wordCount":800,"commentCount":0,"image":{"@id":"https:\/\/www.carlosyconchita.net\/rutas\/12-10-2017-pics-noufonts-eyne-bornas-508-509\/#primaryimage"},"thumbnailUrl":"https:\/\/www.carlosyconchita.net\/rutas\/wp-content\/uploads\/2017\/10\/Noufonts-0811.jpg","articleSection":["100 Cims Carlos y Conchita","100 Cims FEEC","2 - De 5 a 10 km.","2-Moderada","Mojones \/ Bornas frontera ES-FR","Nuria"],"inLanguage":"es","potentialAction":[{"@type":"CommentAction","name":"Comment","target":["https:\/\/www.carlosyconchita.net\/rutas\/12-10-2017-pics-noufonts-eyne-bornas-508-509\/#respond"]}]},{"@type":"WebPage","@id":"https:\/\/www.carlosyconchita.net\/rutas\/12-10-2017-pics-noufonts-eyne-bornas-508-509\/","url":"https:\/\/www.carlosyconchita.net\/rutas\/12-10-2017-pics-noufonts-eyne-bornas-508-509\/","name":"12-10-2017-Pic de Noufonts (100 Cims) y Pic de Eyne (bornas 508-509) -","isPartOf":{"@id":"https:\/\/www.carlosyconchita.net\/rutas\/#website"},"primaryImageOfPage":{"@id":"https:\/\/www.carlosyconchita.net\/rutas\/12-10-2017-pics-noufonts-eyne-bornas-508-509\/#primaryimage"},"image":{"@id":"https:\/\/www.carlosyconchita.net\/rutas\/12-10-2017-pics-noufonts-eyne-bornas-508-509\/#primaryimage"},"thumbnailUrl":"https:\/\/www.carlosyconchita.net\/rutas\/wp-content\/uploads\/2017\/10\/Noufonts-0811.jpg","datePublished":"2017-10-12T17:39:52+00:00","dateModified":"2022-03-17T18:06:27+00:00","author":{"@id":"https:\/\/www.carlosyconchita.net\/rutas\/#\/schema\/person\/a9691f7258c28443fab2d3aa1479ea19"},"breadcrumb":{"@id":"https:\/\/www.carlosyconchita.net\/rutas\/12-10-2017-pics-noufonts-eyne-bornas-508-509\/#breadcrumb"},"inLanguage":"es","potentialAction":[{"@type":"ReadAction","target":["https:\/\/www.carlosyconchita.net\/rutas\/12-10-2017-pics-noufonts-eyne-bornas-508-509\/"]}]},{"@type":"ImageObject","inLanguage":"es","@id":"https:\/\/www.carlosyconchita.net\/rutas\/12-10-2017-pics-noufonts-eyne-bornas-508-509\/#primaryimage","url":"https:\/\/www.carlosyconchita.net\/rutas\/wp-content\/uploads\/2017\/10\/Noufonts-0811.jpg","contentUrl":"https:\/\/www.carlosyconchita.net\/rutas\/wp-content\/uploads\/2017\/10\/Noufonts-0811.jpg","width":1024,"height":576},{"@type":"BreadcrumbList","@id":"https:\/\/www.carlosyconchita.net\/rutas\/12-10-2017-pics-noufonts-eyne-bornas-508-509\/#breadcrumb","itemListElement":[{"@type":"ListItem","position":1,"name":"Portada","item":"https:\/\/www.carlosyconchita.net\/rutas\/"},{"@type":"ListItem","position":2,"name":"12-10-2017-Pic de Noufonts (100 Cims) y Pic de Eyne (bornas 508-509)"}]},{"@type":"WebSite","@id":"https:\/\/www.carlosyconchita.net\/rutas\/#website","url":"https:\/\/www.carlosyconchita.net\/rutas\/","name":"Las rutas de Carlos y Conchita","description":"","potentialAction":[{"@type":"SearchAction","target":{"@type":"EntryPoint","urlTemplate":"https:\/\/www.carlosyconchita.net\/rutas\/?s={search_term_string}"},"query-input":{"@type":"PropertyValueSpecification","valueRequired":true,"valueName":"search_term_string"}}],"inLanguage":"es"},{"@type":"Person","@id":"https:\/\/www.carlosyconchita.net\/rutas\/#\/schema\/person\/a9691f7258c28443fab2d3aa1479ea19","name":"Carlos Conchita","image":{"@type":"ImageObject","inLanguage":"es","@id":"https:\/\/secure.gravatar.com\/avatar\/3a4625b20c8da3de99da69bfe7a322774e291c3f90dce7e8778a30fe6748ed1a?s=96&d=mm&r=g","url":"https:\/\/secure.gravatar.com\/avatar\/3a4625b20c8da3de99da69bfe7a322774e291c3f90dce7e8778a30fe6748ed1a?s=96&d=mm&r=g","contentUrl":"https:\/\/secure.gravatar.com\/avatar\/3a4625b20c8da3de99da69bfe7a322774e291c3f90dce7e8778a30fe6748ed1a?s=96&d=mm&r=g","caption":"Carlos Conchita"}}]}},"_links":{"self":[{"href":"https:\/\/www.carlosyconchita.net\/rutas\/wp-json\/wp\/v2\/posts\/10745","targetHints":{"allow":["GET"]}}],"collection":[{"href":"https:\/\/www.carlosyconchita.net\/rutas\/wp-json\/wp\/v2\/posts"}],"about":[{"href":"https:\/\/www.carlosyconchita.net\/rutas\/wp-json\/wp\/v2\/types\/post"}],"author":[{"embeddable":true,"href":"https:\/\/www.carlosyconchita.net\/rutas\/wp-json\/wp\/v2\/users\/50"}],"replies":[{"embeddable":true,"href":"https:\/\/www.carlosyconchita.net\/rutas\/wp-json\/wp\/v2\/comments?post=10745"}],"version-history":[{"count":0,"href":"https:\/\/www.carlosyconchita.net\/rutas\/wp-json\/wp\/v2\/posts\/10745\/revisions"}],"wp:featuredmedia":[{"embeddable":true,"href":"https:\/\/www.carlosyconchita.net\/rutas\/wp-json\/wp\/v2\/media\/10747"}],"wp:attachment":[{"href":"https:\/\/www.carlosyconchita.net\/rutas\/wp-json\/wp\/v2\/media?parent=10745"}],"wp:term":[{"taxonomy":"category","embeddable":true,"href":"https:\/\/www.carlosyconchita.net\/rutas\/wp-json\/wp\/v2\/categories?post=10745"},{"taxonomy":"post_tag","embeddable":true,"href":"https:\/\/www.carlosyconchita.net\/rutas\/wp-json\/wp\/v2\/tags?post=10745"}],"curies":[{"name":"wp","href":"https:\/\/api.w.org\/{rel}","templated":true}]}}