{"id":10916,"date":"2017-11-19T18:03:09","date_gmt":"2017-11-19T17:03:09","guid":{"rendered":"https:\/\/www.carlosyconchita.net\/rutas\/?p=10916"},"modified":"2021-11-20T19:10:49","modified_gmt":"2021-11-20T18:10:49","slug":"19-11-2017-coll-pal-puigllancada","status":"publish","type":"post","link":"https:\/\/www.carlosyconchita.net\/rutas\/19-11-2017-coll-pal-puigllancada\/","title":{"rendered":"19-11-2017-Coll de Pal -Puigllan\u00e7ada (100 Cims)"},"content":{"rendered":"<p style=\"text-align: justify;\">Volvemos de nuevo a Bag\u00e1 para subir al Coll de Pal y esta vez s\u00ed, subimos al Puigllan\u00e7ada.<br \/>\nEs una excursi\u00f3n que no tiene nada de especial en su recorrido, pero con unas bonitas vistas una vez arriba, ya que podemos ver tanto las monta\u00f1as de Montserrat (muy a lo lejos&#8230;)\u00a0 , como el Pedraforca, la sierra del Cad\u00ed con el Moixer\u00f3 , las Penyas Altas, etc., y\u00a0 la Tossa de Alp donde fuimos precisamente hace 15 dias y desde esta misma zona, y tambi\u00e9n toda la zona francesa con bastante nieve en las monta\u00f1as.<\/p>\n<p>Desde Bag\u00e1 cogemos la carretera que lleva al Coll de Pal, y all\u00ed dejamos en coche y empezamos a caminar.<\/p>\n<p style=\"text-align: justify;\">Aunque el Puigllan\u00e7ada lo tenemos \u00aball\u00ed mismo\u00bb, casi encima nuestro , no lo vemos ya que hay un par de repechones que nos lo tapan, pero no subiremos en linea recta , sino que iremos a nuestra izquierda (mirando hacia el Puigllan\u00e7ada) para subir de forma m\u00e1s suave, y luego giraremos a nuestra derecha, para hacer una especie de \u00abV\u00bb .<\/p>\n<hr \/>\n<h3><strong>Album de fotos<\/strong><\/h3>\n<p><a href=\"https:\/\/photos.app.goo.gl\/WepQQLfo5Huo5aTeA\" target=\"_blank\" rel=\"noopener noreferrer\"><img loading=\"lazy\" decoding=\"async\" class=\"wp-image-10917 size-column4-4\/5 aligncenter\" src=\"https:\/\/www.carlosyconchita.net\/rutas\/wp-content\/uploads\/2017\/12\/DSC01938-240x192.jpg\" alt=\"\" width=\"240\" height=\"192\" srcset=\"https:\/\/www.carlosyconchita.net\/rutas\/wp-content\/uploads\/2017\/12\/DSC01938-240x192.jpg 240w, https:\/\/www.carlosyconchita.net\/rutas\/wp-content\/uploads\/2017\/12\/DSC01938-250x200.jpg 250w, https:\/\/www.carlosyconchita.net\/rutas\/wp-content\/uploads\/2017\/12\/DSC01938-480x384.jpg 480w, https:\/\/www.carlosyconchita.net\/rutas\/wp-content\/uploads\/2017\/12\/DSC01938-320x256.jpg 320w\" sizes=\"auto, (max-width: 240px) 100vw, 240px\" \/><\/a><\/p>\n<hr \/>\n<p><strong>Dificultad<\/strong> :\u00a0\u00a0\u00a0 Facil<\/p>\n<p><strong>Distancia total<\/strong> :\u00a0\u00a0\u00a0 5.175\u00a0<span class=\"totlen\"><span class=\"summaryvalue\"> m.<\/span><\/span><\/p>\n<p><strong>Alturas m\u00ednima \/ m\u00e1xima<\/strong> :\u00a0\u00a0\u00a0\u00a0 2.105 m. \u2013 2.408\u00a0 m.<\/p>\n<p><strong>Desnivel acumulado (s\/Wikiloc)<\/strong>\u00a0 :\u00a0\u00a0\u00a0 300\u00a0 m.<\/p>\n<p><strong>Tiempo total \/ en movimiento<\/strong> :\u00a0\u00a0\u00a0\u00a0\u00a0\u00a0\u00a0 2\u201950\u00a0 h. \u2013\u00a0 1\u201929\u00a0 h.<\/p>\n<p><strong>Vel. media total \/ vel.media movimiento<\/strong> :\u00a0\u00a0 1\u201980 km\/h \u2013\u00a0 3\u201941\u00a0 km\/h<\/p>\n<hr \/>\n<p>&nbsp;<\/p>\n<p>El aparcamiento, mirando hacia el Puigllan\u00e7ada<\/p>\n<p><img decoding=\"async\" src=\"https:\/\/farm5.staticflickr.com\/4542\/38527015611_cc2b8b8195_b.jpg\" \/><\/p>\n<p>Subiendo, mirando hacia la Tossa de Alp, y con el parking abajo.<\/p>\n<p><img decoding=\"async\" src=\"https:\/\/farm5.staticflickr.com\/4542\/38471365526_f863b17c4f_b.jpg\" \/><\/p>\n<p>Mirando hacia Francia.<\/p>\n<p><img decoding=\"async\" src=\"https:\/\/farm5.staticflickr.com\/4567\/38527014131_026ed1a760_b.jpg\" \/><\/p>\n<p>Y aqu\u00ed mirando hacia el Refugio del Aliga, en la Tossa de Alp , arriba del todo a lo lejos, y despu\u00e9s con zoom.<\/p>\n<p><img decoding=\"async\" src=\"https:\/\/farm5.staticflickr.com\/4586\/38471245736_e333e91e0b_b.jpg\" \/><\/p>\n<p><img decoding=\"async\" src=\"https:\/\/farm5.staticflickr.com\/4516\/38471247316_7e486e64bb_b.jpg\" \/><\/p>\n<p>En la zonas donde no tocaba el sol hac\u00eda mucho fr\u00edo, especialmente debido al viento.<\/p>\n<p><img decoding=\"async\" src=\"https:\/\/farm5.staticflickr.com\/4577\/38527013771_688164a3b2_b.jpg\" \/><\/p>\n<p>Aunque luego pasamos con el coche para ver exactamente qu\u00e9 eran, vemos 2 construcciones de la antigua estaci\u00f3n de ski.<\/p>\n<p><img decoding=\"async\" src=\"https:\/\/farm5.staticflickr.com\/4581\/38471244196_f97b35fb7b_b.jpg\" \/><\/p>\n<p>&nbsp;<\/p>\n<p><img decoding=\"async\" src=\"https:\/\/farm5.staticflickr.com\/4516\/38527012771_6a1c9d13f5_b.jpg\" \/><\/p>\n<p>Una bonita vista del Pedraforca.<\/p>\n<p><img decoding=\"async\" src=\"https:\/\/farm5.staticflickr.com\/4521\/24654720788_15e57f8534_b.jpg\" \/><\/p>\n<p>Aqu\u00ed vemos ya la cima&#8230;<\/p>\n<p><img decoding=\"async\" class=\"\" src=\"https:\/\/farm5.staticflickr.com\/4576\/24654720538_9f363b5d76_b.jpg\" \/><\/p>\n<p>Y aqui mirando hacia el Puigmal, con la zona donde estuvimos ayer , el Coll del Pas dels Lladres.<\/p>\n<p><img decoding=\"async\" src=\"https:\/\/farm5.staticflickr.com\/4538\/24654720338_35661c6058_b.jpg\" \/><\/p>\n<p>Mirando hacia Francia, con los pueblos de Enveitg, Latour de Carol, el horno solar de Themis&#8230;<\/p>\n<p><img decoding=\"async\" src=\"https:\/\/farm5.staticflickr.com\/4558\/38527011511_55dc3aa1ba_b.jpg\" \/><\/p>\n<p>&nbsp;<\/p>\n<p>Y por fin, llegamos arriba .<\/p>\n<p><img decoding=\"async\" src=\"https:\/\/farm5.staticflickr.com\/4540\/24654719588_7aebd3efa4_b.jpg\" \/><\/p>\n<p><img decoding=\"async\" src=\"https:\/\/farm5.staticflickr.com\/4557\/38527009621_afb482bb82_b.jpg\" \/><\/p>\n<p>Y bonitas vistas en todas direcciones :<\/p>\n<p>El Pedraforca y el Comabona<\/p>\n<p><img decoding=\"async\" src=\"https:\/\/farm5.staticflickr.com\/4574\/38471237776_85de402d2b_b.jpg\" \/><\/p>\n<p>El Moixer\u00f3 y las Penyas Altas.<\/p>\n<p><img decoding=\"async\" src=\"https:\/\/farm5.staticflickr.com\/4541\/38527010921_34e23ce103_b.jpg\" \/><\/p>\n<p>&nbsp;<\/p>\n<p>La Tossa de Alp y el Refugio del Aliga.<\/p>\n<p><img decoding=\"async\" src=\"https:\/\/farm5.staticflickr.com\/4580\/38471234526_a377a60c4b_b.jpg\" \/><\/p>\n<p>Y en direcci\u00f3n a Barcelona, con muchos bancos de niebla.<\/p>\n<p><img decoding=\"async\" src=\"https:\/\/farm5.staticflickr.com\/4552\/38471235226_3922984d12_b.jpg\" \/><\/p>\n<p>&nbsp;<\/p>\n<p>Aprovechando esa especie de construcci\u00f3n de piedras que nos protege un poco del frio aire que hace, nos tomamos algo calentito para reponer fuerzas, y despues empezamos el descenso.<\/p>\n<p><img decoding=\"async\" src=\"https:\/\/farm5.staticflickr.com\/4582\/38471231226_bbd51da64b_b.jpg\" \/><\/p>\n<p><img decoding=\"async\" src=\"https:\/\/farm5.staticflickr.com\/4558\/38527007581_37e390db2f_b.jpg\" \/><\/p>\n<p><img decoding=\"async\" src=\"https:\/\/farm5.staticflickr.com\/4551\/38527007211_85ddacd619_b.jpg\" \/><\/p>\n<hr \/>\n<h3><strong>Track de la ruta<\/strong><\/h3>\n<p>[sgpx gpx=\u00bb\/wp-content\/uploads\/gpx\/CollPam-Puigllan\u00e7ada.gpx\u00bb]<\/p>\n<hr \/>\n<h3><strong>Wikiloc<\/strong><\/h3>\n<p><a href=\"https:\/\/es.wikiloc.com\/wikiloc\/view.do?id=21395025\" target=\"_blank\" rel=\"noopener noreferrer\"><img loading=\"lazy\" decoding=\"async\" class=\"size-full wp-image-958 aligncenter\" src=\"https:\/\/www.carlosyconchita.net\/rutas\/wp-content\/uploads\/2020\/09\/wikiloc.jpg\" alt=\"\" width=\"117\" height=\"34\" \/><\/a><\/p>\n<p>&nbsp;<\/p>\n<p>&nbsp;<\/p>\n<hr \/>\n<p style=\"text-align: justify;\"><span style=\"color: #ff0000; background-color: #ffffff; font-size: 14pt;\"><strong>Si te ha gustado, comp\u00e1rtelo en tu red favorita o env\u00edanos tu comentario.<br \/>\n<\/strong><\/span><\/p>\n<p style=\"text-align: justify;\"><span style=\"font-size: 14pt;\"><strong><span style=\"color: #ff0000;\">Muchas gracias !<\/span><\/strong><\/span><\/p>\n<hr \/>\n<p style=\"text-align: justify;\"><strong><span style=\"color: #008000;\">Suscribete si quieres recibir un mail cuando publiquemos nuevas rutas : no enviamos publicidad y como m\u00e1ximo enviamos 2 mails al mes<\/span><\/strong><\/p>\n<p style=\"text-align: justify;\">[wysija_form id=\u00bb1&#8243;]<\/p>\n<hr \/>\n<p style=\"text-align: justify;\">\u00a0<\/p>\n<h3 style=\"text-align: justify;\">Puedes imprimir esta publicaci\u00f3n o guardarla en diferentes formatos :<\/h3>\n<p style=\"text-align: justify;\"><span style=\"color: #ff0000; font-size: 14pt;\">Para facilitar la impresi\u00f3n, se ha reducido considerablemente el tama\u00f1o de las fotos, pero si deseas imprimir sin fotos, aconsejamos guardarlo como \u201cdoc\u201d, y antes de imprimirlo, eliminar las fotos<\/span><\/p>\n<p>&nbsp;<\/p>\n<hr \/>\n","protected":false},"excerpt":{"rendered":"<p>Volvemos de nuevo a Bag\u00e1 para subir al Coll de Pal y esta vez s\u00ed, subimos al Puigllan\u00e7ada. Es una excursi\u00f3n que no tiene nada de especial en su recorrido, pero con unas bonitas vistas una vez arriba, ya que podemos ver tanto las monta\u00f1as de Montserrat (muy a lo lejos&#8230;)\u00a0 , como el Pedraforca, [&hellip;]<\/p>\n","protected":false},"author":50,"featured_media":10917,"comment_status":"open","ping_status":"open","sticky":false,"template":"","format":"standard","meta":{"footnotes":""},"categories":[10,106,105,22],"tags":[],"class_list":{"0":"post-10916","1":"post","2":"type-post","3":"status-publish","4":"format-standard","5":"has-post-thumbnail","6":"hentry","7":"category-facil","8":"category-nuestros-100-cims","9":"category-100-cims-feec","10":"category-de-05-a-10-km","12":"post-with-thumbnail","13":"post-with-thumbnail-icon"},"yoast_head":"<!-- This site is optimized with the Yoast SEO plugin v27.4 - https:\/\/yoast.com\/product\/yoast-seo-wordpress\/ -->\n<title>19-11-2017-Coll de Pal -Puigllan\u00e7ada (100 Cims) -<\/title>\n<meta name=\"robots\" content=\"index, follow, max-snippet:-1, max-image-preview:large, max-video-preview:-1\" \/>\n<link rel=\"canonical\" href=\"https:\/\/www.carlosyconchita.net\/rutas\/19-11-2017-coll-pal-puigllancada\/\" \/>\n<meta property=\"og:locale\" content=\"es_ES\" \/>\n<meta property=\"og:type\" content=\"article\" \/>\n<meta property=\"og:title\" content=\"19-11-2017-Coll de Pal -Puigllan\u00e7ada (100 Cims) -\" \/>\n<meta property=\"og:description\" content=\"Volvemos de nuevo a Bag\u00e1 para subir al Coll de Pal y esta vez s\u00ed, subimos al Puigllan\u00e7ada. Es una excursi\u00f3n que no tiene nada de especial en su recorrido, pero con unas bonitas vistas una vez arriba, ya que podemos ver tanto las monta\u00f1as de Montserrat (muy a lo lejos&#8230;)\u00a0 , como el Pedraforca, [&hellip;]\" \/>\n<meta property=\"og:url\" content=\"https:\/\/www.carlosyconchita.net\/rutas\/19-11-2017-coll-pal-puigllancada\/\" \/>\n<meta property=\"og:site_name\" content=\"Las rutas de Carlos y Conchita\" \/>\n<meta property=\"article:published_time\" content=\"2017-11-19T17:03:09+00:00\" \/>\n<meta property=\"article:modified_time\" content=\"2021-11-20T18:10:49+00:00\" \/>\n<meta property=\"og:image\" content=\"https:\/\/www.carlosyconchita.net\/rutas\/wp-content\/uploads\/2017\/12\/DSC01938.jpg\" \/>\n\t<meta property=\"og:image:width\" content=\"1024\" \/>\n\t<meta property=\"og:image:height\" content=\"576\" \/>\n\t<meta property=\"og:image:type\" content=\"image\/jpeg\" \/>\n<meta name=\"author\" content=\"Carlos Conchita\" \/>\n<meta name=\"twitter:label1\" content=\"Escrito por\" \/>\n\t<meta name=\"twitter:data1\" content=\"Carlos Conchita\" \/>\n\t<meta name=\"twitter:label2\" content=\"Tiempo de lectura\" \/>\n\t<meta name=\"twitter:data2\" content=\"3 minutos\" \/>\n<script type=\"application\/ld+json\" class=\"yoast-schema-graph\">{\"@context\":\"https:\\\/\\\/schema.org\",\"@graph\":[{\"@type\":\"Article\",\"@id\":\"https:\\\/\\\/www.carlosyconchita.net\\\/rutas\\\/19-11-2017-coll-pal-puigllancada\\\/#article\",\"isPartOf\":{\"@id\":\"https:\\\/\\\/www.carlosyconchita.net\\\/rutas\\\/19-11-2017-coll-pal-puigllancada\\\/\"},\"author\":{\"name\":\"Carlos Conchita\",\"@id\":\"https:\\\/\\\/www.carlosyconchita.net\\\/rutas\\\/#\\\/schema\\\/person\\\/a9691f7258c28443fab2d3aa1479ea19\"},\"headline\":\"19-11-2017-Coll de Pal -Puigllan\u00e7ada (100 Cims)\",\"datePublished\":\"2017-11-19T17:03:09+00:00\",\"dateModified\":\"2021-11-20T18:10:49+00:00\",\"mainEntityOfPage\":{\"@id\":\"https:\\\/\\\/www.carlosyconchita.net\\\/rutas\\\/19-11-2017-coll-pal-puigllancada\\\/\"},\"wordCount\":525,\"commentCount\":0,\"image\":{\"@id\":\"https:\\\/\\\/www.carlosyconchita.net\\\/rutas\\\/19-11-2017-coll-pal-puigllancada\\\/#primaryimage\"},\"thumbnailUrl\":\"https:\\\/\\\/www.carlosyconchita.net\\\/rutas\\\/wp-content\\\/uploads\\\/2017\\\/12\\\/DSC01938.jpg\",\"articleSection\":[\"1-F\u00e1cil\",\"100 Cims Carlos y Conchita\",\"100 Cims FEEC\",\"2 - De 5 a 10 km.\"],\"inLanguage\":\"es\",\"potentialAction\":[{\"@type\":\"CommentAction\",\"name\":\"Comment\",\"target\":[\"https:\\\/\\\/www.carlosyconchita.net\\\/rutas\\\/19-11-2017-coll-pal-puigllancada\\\/#respond\"]}]},{\"@type\":\"WebPage\",\"@id\":\"https:\\\/\\\/www.carlosyconchita.net\\\/rutas\\\/19-11-2017-coll-pal-puigllancada\\\/\",\"url\":\"https:\\\/\\\/www.carlosyconchita.net\\\/rutas\\\/19-11-2017-coll-pal-puigllancada\\\/\",\"name\":\"19-11-2017-Coll de Pal -Puigllan\u00e7ada (100 Cims) -\",\"isPartOf\":{\"@id\":\"https:\\\/\\\/www.carlosyconchita.net\\\/rutas\\\/#website\"},\"primaryImageOfPage\":{\"@id\":\"https:\\\/\\\/www.carlosyconchita.net\\\/rutas\\\/19-11-2017-coll-pal-puigllancada\\\/#primaryimage\"},\"image\":{\"@id\":\"https:\\\/\\\/www.carlosyconchita.net\\\/rutas\\\/19-11-2017-coll-pal-puigllancada\\\/#primaryimage\"},\"thumbnailUrl\":\"https:\\\/\\\/www.carlosyconchita.net\\\/rutas\\\/wp-content\\\/uploads\\\/2017\\\/12\\\/DSC01938.jpg\",\"datePublished\":\"2017-11-19T17:03:09+00:00\",\"dateModified\":\"2021-11-20T18:10:49+00:00\",\"author\":{\"@id\":\"https:\\\/\\\/www.carlosyconchita.net\\\/rutas\\\/#\\\/schema\\\/person\\\/a9691f7258c28443fab2d3aa1479ea19\"},\"breadcrumb\":{\"@id\":\"https:\\\/\\\/www.carlosyconchita.net\\\/rutas\\\/19-11-2017-coll-pal-puigllancada\\\/#breadcrumb\"},\"inLanguage\":\"es\",\"potentialAction\":[{\"@type\":\"ReadAction\",\"target\":[\"https:\\\/\\\/www.carlosyconchita.net\\\/rutas\\\/19-11-2017-coll-pal-puigllancada\\\/\"]}]},{\"@type\":\"ImageObject\",\"inLanguage\":\"es\",\"@id\":\"https:\\\/\\\/www.carlosyconchita.net\\\/rutas\\\/19-11-2017-coll-pal-puigllancada\\\/#primaryimage\",\"url\":\"https:\\\/\\\/www.carlosyconchita.net\\\/rutas\\\/wp-content\\\/uploads\\\/2017\\\/12\\\/DSC01938.jpg\",\"contentUrl\":\"https:\\\/\\\/www.carlosyconchita.net\\\/rutas\\\/wp-content\\\/uploads\\\/2017\\\/12\\\/DSC01938.jpg\",\"width\":1024,\"height\":576},{\"@type\":\"BreadcrumbList\",\"@id\":\"https:\\\/\\\/www.carlosyconchita.net\\\/rutas\\\/19-11-2017-coll-pal-puigllancada\\\/#breadcrumb\",\"itemListElement\":[{\"@type\":\"ListItem\",\"position\":1,\"name\":\"Portada\",\"item\":\"https:\\\/\\\/www.carlosyconchita.net\\\/rutas\\\/\"},{\"@type\":\"ListItem\",\"position\":2,\"name\":\"19-11-2017-Coll de Pal -Puigllan\u00e7ada (100 Cims)\"}]},{\"@type\":\"WebSite\",\"@id\":\"https:\\\/\\\/www.carlosyconchita.net\\\/rutas\\\/#website\",\"url\":\"https:\\\/\\\/www.carlosyconchita.net\\\/rutas\\\/\",\"name\":\"Las rutas de Carlos y Conchita\",\"description\":\"\",\"potentialAction\":[{\"@type\":\"SearchAction\",\"target\":{\"@type\":\"EntryPoint\",\"urlTemplate\":\"https:\\\/\\\/www.carlosyconchita.net\\\/rutas\\\/?s={search_term_string}\"},\"query-input\":{\"@type\":\"PropertyValueSpecification\",\"valueRequired\":true,\"valueName\":\"search_term_string\"}}],\"inLanguage\":\"es\"},{\"@type\":\"Person\",\"@id\":\"https:\\\/\\\/www.carlosyconchita.net\\\/rutas\\\/#\\\/schema\\\/person\\\/a9691f7258c28443fab2d3aa1479ea19\",\"name\":\"Carlos Conchita\",\"image\":{\"@type\":\"ImageObject\",\"inLanguage\":\"es\",\"@id\":\"https:\\\/\\\/secure.gravatar.com\\\/avatar\\\/3a4625b20c8da3de99da69bfe7a322774e291c3f90dce7e8778a30fe6748ed1a?s=96&d=mm&r=g\",\"url\":\"https:\\\/\\\/secure.gravatar.com\\\/avatar\\\/3a4625b20c8da3de99da69bfe7a322774e291c3f90dce7e8778a30fe6748ed1a?s=96&d=mm&r=g\",\"contentUrl\":\"https:\\\/\\\/secure.gravatar.com\\\/avatar\\\/3a4625b20c8da3de99da69bfe7a322774e291c3f90dce7e8778a30fe6748ed1a?s=96&d=mm&r=g\",\"caption\":\"Carlos Conchita\"}}]}<\/script>\n<!-- \/ Yoast SEO plugin. -->","yoast_head_json":{"title":"19-11-2017-Coll de Pal -Puigllan\u00e7ada (100 Cims) -","robots":{"index":"index","follow":"follow","max-snippet":"max-snippet:-1","max-image-preview":"max-image-preview:large","max-video-preview":"max-video-preview:-1"},"canonical":"https:\/\/www.carlosyconchita.net\/rutas\/19-11-2017-coll-pal-puigllancada\/","og_locale":"es_ES","og_type":"article","og_title":"19-11-2017-Coll de Pal -Puigllan\u00e7ada (100 Cims) -","og_description":"Volvemos de nuevo a Bag\u00e1 para subir al Coll de Pal y esta vez s\u00ed, subimos al Puigllan\u00e7ada. Es una excursi\u00f3n que no tiene nada de especial en su recorrido, pero con unas bonitas vistas una vez arriba, ya que podemos ver tanto las monta\u00f1as de Montserrat (muy a lo lejos&#8230;)\u00a0 , como el Pedraforca, [&hellip;]","og_url":"https:\/\/www.carlosyconchita.net\/rutas\/19-11-2017-coll-pal-puigllancada\/","og_site_name":"Las rutas de Carlos y Conchita","article_published_time":"2017-11-19T17:03:09+00:00","article_modified_time":"2021-11-20T18:10:49+00:00","og_image":[{"width":1024,"height":576,"url":"https:\/\/www.carlosyconchita.net\/rutas\/wp-content\/uploads\/2017\/12\/DSC01938.jpg","type":"image\/jpeg"}],"author":"Carlos Conchita","twitter_misc":{"Escrito por":"Carlos Conchita","Tiempo de lectura":"3 minutos"},"schema":{"@context":"https:\/\/schema.org","@graph":[{"@type":"Article","@id":"https:\/\/www.carlosyconchita.net\/rutas\/19-11-2017-coll-pal-puigllancada\/#article","isPartOf":{"@id":"https:\/\/www.carlosyconchita.net\/rutas\/19-11-2017-coll-pal-puigllancada\/"},"author":{"name":"Carlos Conchita","@id":"https:\/\/www.carlosyconchita.net\/rutas\/#\/schema\/person\/a9691f7258c28443fab2d3aa1479ea19"},"headline":"19-11-2017-Coll de Pal -Puigllan\u00e7ada (100 Cims)","datePublished":"2017-11-19T17:03:09+00:00","dateModified":"2021-11-20T18:10:49+00:00","mainEntityOfPage":{"@id":"https:\/\/www.carlosyconchita.net\/rutas\/19-11-2017-coll-pal-puigllancada\/"},"wordCount":525,"commentCount":0,"image":{"@id":"https:\/\/www.carlosyconchita.net\/rutas\/19-11-2017-coll-pal-puigllancada\/#primaryimage"},"thumbnailUrl":"https:\/\/www.carlosyconchita.net\/rutas\/wp-content\/uploads\/2017\/12\/DSC01938.jpg","articleSection":["1-F\u00e1cil","100 Cims Carlos y Conchita","100 Cims FEEC","2 - De 5 a 10 km."],"inLanguage":"es","potentialAction":[{"@type":"CommentAction","name":"Comment","target":["https:\/\/www.carlosyconchita.net\/rutas\/19-11-2017-coll-pal-puigllancada\/#respond"]}]},{"@type":"WebPage","@id":"https:\/\/www.carlosyconchita.net\/rutas\/19-11-2017-coll-pal-puigllancada\/","url":"https:\/\/www.carlosyconchita.net\/rutas\/19-11-2017-coll-pal-puigllancada\/","name":"19-11-2017-Coll de Pal -Puigllan\u00e7ada (100 Cims) -","isPartOf":{"@id":"https:\/\/www.carlosyconchita.net\/rutas\/#website"},"primaryImageOfPage":{"@id":"https:\/\/www.carlosyconchita.net\/rutas\/19-11-2017-coll-pal-puigllancada\/#primaryimage"},"image":{"@id":"https:\/\/www.carlosyconchita.net\/rutas\/19-11-2017-coll-pal-puigllancada\/#primaryimage"},"thumbnailUrl":"https:\/\/www.carlosyconchita.net\/rutas\/wp-content\/uploads\/2017\/12\/DSC01938.jpg","datePublished":"2017-11-19T17:03:09+00:00","dateModified":"2021-11-20T18:10:49+00:00","author":{"@id":"https:\/\/www.carlosyconchita.net\/rutas\/#\/schema\/person\/a9691f7258c28443fab2d3aa1479ea19"},"breadcrumb":{"@id":"https:\/\/www.carlosyconchita.net\/rutas\/19-11-2017-coll-pal-puigllancada\/#breadcrumb"},"inLanguage":"es","potentialAction":[{"@type":"ReadAction","target":["https:\/\/www.carlosyconchita.net\/rutas\/19-11-2017-coll-pal-puigllancada\/"]}]},{"@type":"ImageObject","inLanguage":"es","@id":"https:\/\/www.carlosyconchita.net\/rutas\/19-11-2017-coll-pal-puigllancada\/#primaryimage","url":"https:\/\/www.carlosyconchita.net\/rutas\/wp-content\/uploads\/2017\/12\/DSC01938.jpg","contentUrl":"https:\/\/www.carlosyconchita.net\/rutas\/wp-content\/uploads\/2017\/12\/DSC01938.jpg","width":1024,"height":576},{"@type":"BreadcrumbList","@id":"https:\/\/www.carlosyconchita.net\/rutas\/19-11-2017-coll-pal-puigllancada\/#breadcrumb","itemListElement":[{"@type":"ListItem","position":1,"name":"Portada","item":"https:\/\/www.carlosyconchita.net\/rutas\/"},{"@type":"ListItem","position":2,"name":"19-11-2017-Coll de Pal -Puigllan\u00e7ada (100 Cims)"}]},{"@type":"WebSite","@id":"https:\/\/www.carlosyconchita.net\/rutas\/#website","url":"https:\/\/www.carlosyconchita.net\/rutas\/","name":"Las rutas de Carlos y Conchita","description":"","potentialAction":[{"@type":"SearchAction","target":{"@type":"EntryPoint","urlTemplate":"https:\/\/www.carlosyconchita.net\/rutas\/?s={search_term_string}"},"query-input":{"@type":"PropertyValueSpecification","valueRequired":true,"valueName":"search_term_string"}}],"inLanguage":"es"},{"@type":"Person","@id":"https:\/\/www.carlosyconchita.net\/rutas\/#\/schema\/person\/a9691f7258c28443fab2d3aa1479ea19","name":"Carlos Conchita","image":{"@type":"ImageObject","inLanguage":"es","@id":"https:\/\/secure.gravatar.com\/avatar\/3a4625b20c8da3de99da69bfe7a322774e291c3f90dce7e8778a30fe6748ed1a?s=96&d=mm&r=g","url":"https:\/\/secure.gravatar.com\/avatar\/3a4625b20c8da3de99da69bfe7a322774e291c3f90dce7e8778a30fe6748ed1a?s=96&d=mm&r=g","contentUrl":"https:\/\/secure.gravatar.com\/avatar\/3a4625b20c8da3de99da69bfe7a322774e291c3f90dce7e8778a30fe6748ed1a?s=96&d=mm&r=g","caption":"Carlos Conchita"}}]}},"_links":{"self":[{"href":"https:\/\/www.carlosyconchita.net\/rutas\/wp-json\/wp\/v2\/posts\/10916","targetHints":{"allow":["GET"]}}],"collection":[{"href":"https:\/\/www.carlosyconchita.net\/rutas\/wp-json\/wp\/v2\/posts"}],"about":[{"href":"https:\/\/www.carlosyconchita.net\/rutas\/wp-json\/wp\/v2\/types\/post"}],"author":[{"embeddable":true,"href":"https:\/\/www.carlosyconchita.net\/rutas\/wp-json\/wp\/v2\/users\/50"}],"replies":[{"embeddable":true,"href":"https:\/\/www.carlosyconchita.net\/rutas\/wp-json\/wp\/v2\/comments?post=10916"}],"version-history":[{"count":0,"href":"https:\/\/www.carlosyconchita.net\/rutas\/wp-json\/wp\/v2\/posts\/10916\/revisions"}],"wp:featuredmedia":[{"embeddable":true,"href":"https:\/\/www.carlosyconchita.net\/rutas\/wp-json\/wp\/v2\/media\/10917"}],"wp:attachment":[{"href":"https:\/\/www.carlosyconchita.net\/rutas\/wp-json\/wp\/v2\/media?parent=10916"}],"wp:term":[{"taxonomy":"category","embeddable":true,"href":"https:\/\/www.carlosyconchita.net\/rutas\/wp-json\/wp\/v2\/categories?post=10916"},{"taxonomy":"post_tag","embeddable":true,"href":"https:\/\/www.carlosyconchita.net\/rutas\/wp-json\/wp\/v2\/tags?post=10916"}],"curies":[{"name":"wp","href":"https:\/\/api.w.org\/{rel}","templated":true}]}}