{"id":11376,"date":"2018-03-10T20:17:49","date_gmt":"2018-03-10T19:17:49","guid":{"rendered":"https:\/\/www.carlosyconchita.net\/rutas\/?p=11376"},"modified":"2019-02-25T17:40:41","modified_gmt":"2019-02-25T16:40:41","slug":"10-03-2018-lagos-balmete-y-balcere-raquetas","status":"publish","type":"post","link":"https:\/\/www.carlosyconchita.net\/rutas\/10-03-2018-lagos-balmete-y-balcere-raquetas\/","title":{"rendered":"10-03-2018-Lagos Balmete y Balc\u00e9re (raquetas)"},"content":{"rendered":"<p style=\"text-align: justify;\">Hoy de nuevo hacemos raquetas con nuestros amigos \u00abnovatos\u00bb en \u00e9sto, ya que por lo visto les ha gustado bastante &#8230;<\/p>\n<p style=\"text-align: justify;\">Hemos elegido el lago de la Balmete , porque es una ruta bonita, y hab\u00edamos ido hace varios a\u00f1os, tanto sin nieve como con raquetas, pero \u00e9se fu\u00e9 un d\u00eda muy nublado y malo, y tuvimos que volver muy r\u00e1pido , sin tiempo para detenernos en el mismo. ( ver\u00a0 ( <a title=\"Permalink to 04-01-2015 \u2013 Lago de Balmete (raquetas)\" href=\"https:\/\/www.carlosyconchita.net\/rutas\/04-01-2015-lago-de-balmete-raquetas\/\" target=\"_blank\" rel=\"noopener\"><span style=\"color: #000080;\"><strong>04-01-2015 \u2013 Lago de Balmete (raquetas)<\/strong>\u00a0<\/span> )<\/a><\/p>\n<p style=\"text-align: justify;\">La excursi\u00f3n empieza en el mismo punto que el pasado dia 25 de febrero, en la parte alta del pueblo de Les Angles, siguiendo los indicadores del lago de Balc\u00e9re.\u00a0 ( <span style=\"color: #000080;\"><a href=\"https:\/\/www.carlosyconchita.net\/rutas\/25-02-2018-lago-balcere-ganyades-raquetas\/\" target=\"_blank\" rel=\"noopener\"><strong>ver<\/strong><\/a><strong> 25-02-2018-Lago Balc\u00e8re-Ganyades (raquetas)<\/strong><\/span> )<\/p>\n<p>Empezamos a caminar en el punto indicado, como si fu\u00e9ramos al lago de Balc\u00e9re, pero a unos 100 m. vemos un desv\u00edo a la izquierda que es el que debemos seguir nosotros.<br \/>\nEl camino es f\u00e1cil y ancho, hasta que lleguemos a la Font Grossa, y a partir de all\u00ed es m\u00e1s estrecho y muy bonito, pasando por zonas de bosque y al lado del Rec de Balserra o Balc\u00e9re.<\/p>\n<p>Como que nuestros amigos era la primera vez que ven\u00edan por esta zona, a la vuelta, poco despu\u00e9s de pasar por la Font Grossa, cogemos un desv\u00edo a nuestra izquierda para llegar al lago de Balmete, y desde all\u00ed volvemos por el ancho camino hasta el parking donde hemos dejado el coche.<\/p>\n<hr \/>\n<h3><strong>Album de fotos<\/strong><\/h3>\n<p>&nbsp;<\/p>\n<p><a href=\"https:\/\/photos.app.goo.gl\/yZhacEb6VJpREEfG6\" target=\"_blank\" rel=\"noopener\"><img loading=\"lazy\" decoding=\"async\" class=\"aligncenter wp-image-11379 size-column4-4\/5\" src=\"https:\/\/www.carlosyconchita.net\/rutas\/wp-content\/uploads\/2018\/03\/Balmete-0281-240x192.jpg\" alt=\"\" width=\"240\" height=\"192\" srcset=\"https:\/\/www.carlosyconchita.net\/rutas\/wp-content\/uploads\/2018\/03\/Balmete-0281-240x192.jpg 240w, https:\/\/www.carlosyconchita.net\/rutas\/wp-content\/uploads\/2018\/03\/Balmete-0281-250x200.jpg 250w, https:\/\/www.carlosyconchita.net\/rutas\/wp-content\/uploads\/2018\/03\/Balmete-0281-480x384.jpg 480w, https:\/\/www.carlosyconchita.net\/rutas\/wp-content\/uploads\/2018\/03\/Balmete-0281-320x256.jpg 320w\" sizes=\"auto, (max-width: 240px) 100vw, 240px\" \/><\/a><\/p>\n<hr \/>\n<p><strong>Dificultad<\/strong> :\u00a0\u00a0\u00a0 Moderada<\/p>\n<p><strong>Distancia total<\/strong> :\u00a0\u00a0 <span class=\"totlen\"><span class=\"summaryvalue\">12.344 m.<\/span><\/span><\/p>\n<p><strong>Alturas m\u00ednima \/ m\u00e1xima<\/strong> :\u00a0\u00a0\u00a0\u00a0 1.712 m. \u2013 2.053\u00a0 m.<\/p>\n<p><strong>Desnivel acumulado (s\/Wikiloc)<\/strong>\u00a0 :\u00a0\u00a0\u00a0 336\u00a0 m.<\/p>\n<p><strong>Tiempo total \/ en movimiento<\/strong> :\u00a0\u00a0\u00a0\u00a0\u00a0 6\u201936 km\/h \u2013\u00a0 3\u201940\u00a0 km\/h<\/p>\n<p><strong>Vel. media total \/ vel.media movimiento<\/strong> :\u00a0\u00a0\u00a0\u00a0\u00a0\u00a0 1\u201983\u00a0 h. &#8211; 3&#8217;28\u00a0 h.<\/p>\n<hr \/>\n<p>Comi\u00e9ndonos un croissant, antes de empezar a caminar&#8230;<\/p>\n<p><img decoding=\"async\" src=\"https:\/\/farm5.staticflickr.com\/4775\/38965190120_fdb2666d73_b.jpg\" \/><\/p>\n<p><img decoding=\"async\" src=\"https:\/\/farm5.staticflickr.com\/4784\/40775342771_16c7fef846_b.jpg\" \/><\/p>\n<p>Vista del lago de Balmete, a donde iremos a la vuelta.<\/p>\n<p><img decoding=\"async\" src=\"https:\/\/farm5.staticflickr.com\/4794\/40775341351_8047a57332_b.jpg\" \/><\/p>\n<p>La Font Grossa<\/p>\n<p><img decoding=\"async\" src=\"https:\/\/farm5.staticflickr.com\/4777\/38965187160_8c2ae29afe_b.jpg\" \/><\/p>\n<p><img decoding=\"async\" src=\"https:\/\/farm5.staticflickr.com\/4777\/40733526172_415f4a8469_b.jpg\" \/><\/p>\n<p><img decoding=\"async\" src=\"https:\/\/farm5.staticflickr.com\/4773\/38965185010_ebcbbd8619_b.jpg\" \/><\/p>\n<p><img decoding=\"async\" src=\"https:\/\/farm5.staticflickr.com\/4793\/38965174800_05d0c72017_b.jpg\" \/><\/p>\n<p><img decoding=\"async\" src=\"https:\/\/farm5.staticflickr.com\/4797\/25904389847_d8883aac06_b.jpg\" \/><\/p>\n<p><img decoding=\"async\" src=\"https:\/\/farm5.staticflickr.com\/4801\/40775320511_8a2b3946cb_b.jpg\" \/><\/p>\n<p><img decoding=\"async\" src=\"https:\/\/farm5.staticflickr.com\/4784\/25904381857_f09387c735_b.jpg\" \/><\/p>\n<p><img decoding=\"async\" src=\"https:\/\/farm5.staticflickr.com\/4773\/25904381137_e94ea81255_b.jpg\" \/><\/p>\n<p><img decoding=\"async\" src=\"https:\/\/farm5.staticflickr.com\/4778\/25904378247_2801b59904_b.jpg\" \/><\/p>\n<p>En este \u00faltimo tramo de bastante subida y con la nieve algo blanda, es muy f\u00e1cil caerse, seas novato o no.<\/p>\n<p><img decoding=\"async\" class=\"aligncenter\" src=\"https:\/\/farm5.staticflickr.com\/4795\/40775300841_c71fa148a0_b.jpg\" \/><\/p>\n<p>&nbsp;<\/p>\n<p>Llegamos al lago de la Balmete por lo que ser\u00eda el canal de desag\u00fce del mismo, aunque ahora no se aprecia.<\/p>\n<p><img decoding=\"async\" src=\"https:\/\/farm5.staticflickr.com\/4797\/40775297931_aaf1ca0f1f_b.jpg\" \/><\/p>\n<p>El lago la Balmete, completamente congelado.<\/p>\n<p><img decoding=\"async\" src=\"https:\/\/farm5.staticflickr.com\/4789\/25904373897_1b57b890db_b.jpg\" \/><\/p>\n<p><img decoding=\"async\" src=\"https:\/\/farm5.staticflickr.com\/4778\/40775292341_2d6b1df723_b.jpg\" \/><\/p>\n<p>Bajamos por el mismo camino de la subida, pero como hemos dicho antes, despu\u00e9s de la Font Grossa nos desviamos a la izquierda para ir al lago de Balc\u00e9re.<\/p>\n<p><img decoding=\"async\" src=\"https:\/\/farm5.staticflickr.com\/4784\/26905331088_738e929b3f_b.jpg\" \/><\/p>\n<p>Y nos dirigimos al centro del mismo, a los agujeros donde hab\u00edamos visto que hac\u00edan submarinismo bajo el hielo el pasado dia 25 (ver v\u00eddeo en la ruta <strong><span style=\"color: #000080;\"><a style=\"color: #000080;\" href=\"https:\/\/www.carlosyconchita.net\/rutas\/25-02-2018-lago-balcere-ganyades-raquetas\/\" target=\"_blank\" rel=\"noopener\">ver<\/a> 25-02-2018-Lago Balc\u00e8re-Ganyades (raquetas)\u00a0<\/span><\/strong> )<\/p>\n<p><img decoding=\"async\" src=\"https:\/\/farm5.staticflickr.com\/4784\/25904352797_46d66996d5_b.jpg\" \/><\/p>\n<p><img decoding=\"async\" src=\"https:\/\/farm5.staticflickr.com\/4793\/38965141030_c8492d9431_b.jpg\" \/><\/p>\n<hr \/>\n<p><strong>Track de la ruta<\/strong><\/p>\n<p>[sgpx gpx=\u00bb\/wp-content\/uploads\/gpx\/LagosBalmete-Balcere.gpx\u00bb]<\/p>\n<hr \/>\n<h3><strong>Wikiloc<\/strong><\/h3>\n<p><a href=\"https:\/\/es.wikiloc.com\/rutas-raquetas\/lagos-balmete-y-balcere-24181335\" target=\"_blank\" rel=\"noopener\"><img loading=\"lazy\" decoding=\"async\" class=\"size-full wp-image-958 aligncenter\" src=\"https:\/\/www.carlosyconchita.net\/rutas\/wp-content\/uploads\/2020\/09\/wikiloc.jpg\" alt=\"\" width=\"117\" height=\"34\" \/><\/a><\/p>\n<hr \/>\n<p style=\"text-align: justify;\"><span style=\"color: #ff0000; background-color: #ffffff; font-size: 14pt;\"><strong>Si te ha gustado, comp\u00e1rtelo en tu red favorita o env\u00edanos tu comentario.<br \/>\n<\/strong><\/span><\/p>\n<p style=\"text-align: justify;\"><span style=\"font-size: 14pt;\"><strong><span style=\"color: #ff0000;\">Muchas gracias !<\/span><\/strong><\/span><\/p>\n<hr \/>\n<p style=\"text-align: justify;\"><strong><span style=\"color: #008000;\">Suscribete si quieres recibir un mail cuando publiquemos nuevas rutas : no enviamos publicidad y como m\u00e1ximo enviamos 2 mails al mes<\/span><\/strong><\/p>\n<p style=\"text-align: center;\"><a href=\"https:\/\/mailchi.mp\/6989c83a3e24\/wmv06rtqcz\/\" target=\"_blank\" rel=\"noopener\"><strong><span style=\"color: #0000ff;\">Alta de suscriptores<\/span><\/strong><\/a><\/p>\n<hr \/>\n<p style=\"text-align: justify;\">\u00a0<\/p>\n<h3 style=\"text-align: justify;\">Puedes imprimir esta publicaci\u00f3n o guardarla en diferentes formatos :<\/h3>\n<p style=\"text-align: justify;\"><span style=\"color: #ff0000; font-size: 14pt;\">Para facilitar la impresi\u00f3n, se ha reducido considerablemente el tama\u00f1o de las fotos, pero si deseas imprimir sin fotos, aconsejamos guardarlo como \u201cdoc\u201d, y antes de imprimirlo, eliminar las fotos<\/span><\/p>\n<p>&nbsp;<\/p>\n","protected":false},"excerpt":{"rendered":"<p>Hoy de nuevo hacemos raquetas con nuestros amigos \u00abnovatos\u00bb en \u00e9sto, ya que por lo visto les ha gustado bastante &#8230; Hemos elegido el lago de la Balmete , porque es una ruta bonita, y hab\u00edamos ido hace varios a\u00f1os, tanto sin nieve como con raquetas, pero \u00e9se fu\u00e9 un d\u00eda muy nublado y malo, [&hellip;]<\/p>\n","protected":false},"author":50,"featured_media":11379,"comment_status":"open","ping_status":"open","sticky":false,"template":"","format":"standard","meta":{"footnotes":""},"categories":[11,23,5],"tags":[],"class_list":{"0":"post-11376","1":"post","2":"type-post","3":"status-publish","4":"format-standard","5":"has-post-thumbnail","6":"hentry","7":"category-moderada","8":"category-de-10-a-15-km","9":"category-les-angles","11":"post-with-thumbnail","12":"post-with-thumbnail-icon"},"yoast_head":"<!-- This site is optimized with the Yoast SEO plugin v27.4 - https:\/\/yoast.com\/product\/yoast-seo-wordpress\/ -->\n<title>10-03-2018-Lagos Balmete y Balc\u00e9re (raquetas) -<\/title>\n<meta name=\"robots\" content=\"index, follow, max-snippet:-1, max-image-preview:large, max-video-preview:-1\" \/>\n<link rel=\"canonical\" href=\"https:\/\/www.carlosyconchita.net\/rutas\/10-03-2018-lagos-balmete-y-balcere-raquetas\/\" \/>\n<meta property=\"og:locale\" content=\"es_ES\" \/>\n<meta property=\"og:type\" content=\"article\" \/>\n<meta property=\"og:title\" content=\"10-03-2018-Lagos Balmete y Balc\u00e9re (raquetas) -\" \/>\n<meta property=\"og:description\" content=\"Hoy de nuevo hacemos raquetas con nuestros amigos \u00abnovatos\u00bb en \u00e9sto, ya que por lo visto les ha gustado bastante &#8230; Hemos elegido el lago de la Balmete , porque es una ruta bonita, y hab\u00edamos ido hace varios a\u00f1os, tanto sin nieve como con raquetas, pero \u00e9se fu\u00e9 un d\u00eda muy nublado y malo, [&hellip;]\" \/>\n<meta property=\"og:url\" content=\"https:\/\/www.carlosyconchita.net\/rutas\/10-03-2018-lagos-balmete-y-balcere-raquetas\/\" \/>\n<meta property=\"og:site_name\" content=\"Las rutas de Carlos y Conchita\" \/>\n<meta property=\"article:published_time\" content=\"2018-03-10T19:17:49+00:00\" \/>\n<meta property=\"article:modified_time\" content=\"2019-02-25T16:40:41+00:00\" \/>\n<meta property=\"og:image\" content=\"https:\/\/www.carlosyconchita.net\/rutas\/wp-content\/uploads\/2018\/03\/Balmete-0281.jpg\" \/>\n\t<meta property=\"og:image:width\" content=\"1024\" \/>\n\t<meta property=\"og:image:height\" content=\"576\" \/>\n\t<meta property=\"og:image:type\" content=\"image\/jpeg\" \/>\n<meta name=\"author\" content=\"Carlos Conchita\" \/>\n<meta name=\"twitter:label1\" content=\"Escrito por\" \/>\n\t<meta name=\"twitter:data1\" content=\"Carlos Conchita\" \/>\n\t<meta name=\"twitter:label2\" content=\"Tiempo de lectura\" \/>\n\t<meta name=\"twitter:data2\" content=\"3 minutos\" \/>\n<script type=\"application\/ld+json\" class=\"yoast-schema-graph\">{\"@context\":\"https:\\\/\\\/schema.org\",\"@graph\":[{\"@type\":\"Article\",\"@id\":\"https:\\\/\\\/www.carlosyconchita.net\\\/rutas\\\/10-03-2018-lagos-balmete-y-balcere-raquetas\\\/#article\",\"isPartOf\":{\"@id\":\"https:\\\/\\\/www.carlosyconchita.net\\\/rutas\\\/10-03-2018-lagos-balmete-y-balcere-raquetas\\\/\"},\"author\":{\"name\":\"Carlos Conchita\",\"@id\":\"https:\\\/\\\/www.carlosyconchita.net\\\/rutas\\\/#\\\/schema\\\/person\\\/a9691f7258c28443fab2d3aa1479ea19\"},\"headline\":\"10-03-2018-Lagos Balmete y Balc\u00e9re (raquetas)\",\"datePublished\":\"2018-03-10T19:17:49+00:00\",\"dateModified\":\"2019-02-25T16:40:41+00:00\",\"mainEntityOfPage\":{\"@id\":\"https:\\\/\\\/www.carlosyconchita.net\\\/rutas\\\/10-03-2018-lagos-balmete-y-balcere-raquetas\\\/\"},\"wordCount\":530,\"commentCount\":0,\"image\":{\"@id\":\"https:\\\/\\\/www.carlosyconchita.net\\\/rutas\\\/10-03-2018-lagos-balmete-y-balcere-raquetas\\\/#primaryimage\"},\"thumbnailUrl\":\"https:\\\/\\\/www.carlosyconchita.net\\\/rutas\\\/wp-content\\\/uploads\\\/2018\\\/03\\\/Balmete-0281.jpg\",\"articleSection\":[\"2-Moderada\",\"3 - De 10 a 15 km.\",\"Les Angles\"],\"inLanguage\":\"es\",\"potentialAction\":[{\"@type\":\"CommentAction\",\"name\":\"Comment\",\"target\":[\"https:\\\/\\\/www.carlosyconchita.net\\\/rutas\\\/10-03-2018-lagos-balmete-y-balcere-raquetas\\\/#respond\"]}]},{\"@type\":\"WebPage\",\"@id\":\"https:\\\/\\\/www.carlosyconchita.net\\\/rutas\\\/10-03-2018-lagos-balmete-y-balcere-raquetas\\\/\",\"url\":\"https:\\\/\\\/www.carlosyconchita.net\\\/rutas\\\/10-03-2018-lagos-balmete-y-balcere-raquetas\\\/\",\"name\":\"10-03-2018-Lagos Balmete y Balc\u00e9re (raquetas) -\",\"isPartOf\":{\"@id\":\"https:\\\/\\\/www.carlosyconchita.net\\\/rutas\\\/#website\"},\"primaryImageOfPage\":{\"@id\":\"https:\\\/\\\/www.carlosyconchita.net\\\/rutas\\\/10-03-2018-lagos-balmete-y-balcere-raquetas\\\/#primaryimage\"},\"image\":{\"@id\":\"https:\\\/\\\/www.carlosyconchita.net\\\/rutas\\\/10-03-2018-lagos-balmete-y-balcere-raquetas\\\/#primaryimage\"},\"thumbnailUrl\":\"https:\\\/\\\/www.carlosyconchita.net\\\/rutas\\\/wp-content\\\/uploads\\\/2018\\\/03\\\/Balmete-0281.jpg\",\"datePublished\":\"2018-03-10T19:17:49+00:00\",\"dateModified\":\"2019-02-25T16:40:41+00:00\",\"author\":{\"@id\":\"https:\\\/\\\/www.carlosyconchita.net\\\/rutas\\\/#\\\/schema\\\/person\\\/a9691f7258c28443fab2d3aa1479ea19\"},\"breadcrumb\":{\"@id\":\"https:\\\/\\\/www.carlosyconchita.net\\\/rutas\\\/10-03-2018-lagos-balmete-y-balcere-raquetas\\\/#breadcrumb\"},\"inLanguage\":\"es\",\"potentialAction\":[{\"@type\":\"ReadAction\",\"target\":[\"https:\\\/\\\/www.carlosyconchita.net\\\/rutas\\\/10-03-2018-lagos-balmete-y-balcere-raquetas\\\/\"]}]},{\"@type\":\"ImageObject\",\"inLanguage\":\"es\",\"@id\":\"https:\\\/\\\/www.carlosyconchita.net\\\/rutas\\\/10-03-2018-lagos-balmete-y-balcere-raquetas\\\/#primaryimage\",\"url\":\"https:\\\/\\\/www.carlosyconchita.net\\\/rutas\\\/wp-content\\\/uploads\\\/2018\\\/03\\\/Balmete-0281.jpg\",\"contentUrl\":\"https:\\\/\\\/www.carlosyconchita.net\\\/rutas\\\/wp-content\\\/uploads\\\/2018\\\/03\\\/Balmete-0281.jpg\",\"width\":1024,\"height\":576},{\"@type\":\"BreadcrumbList\",\"@id\":\"https:\\\/\\\/www.carlosyconchita.net\\\/rutas\\\/10-03-2018-lagos-balmete-y-balcere-raquetas\\\/#breadcrumb\",\"itemListElement\":[{\"@type\":\"ListItem\",\"position\":1,\"name\":\"Portada\",\"item\":\"https:\\\/\\\/www.carlosyconchita.net\\\/rutas\\\/\"},{\"@type\":\"ListItem\",\"position\":2,\"name\":\"10-03-2018-Lagos Balmete y Balc\u00e9re (raquetas)\"}]},{\"@type\":\"WebSite\",\"@id\":\"https:\\\/\\\/www.carlosyconchita.net\\\/rutas\\\/#website\",\"url\":\"https:\\\/\\\/www.carlosyconchita.net\\\/rutas\\\/\",\"name\":\"Las rutas de Carlos y Conchita\",\"description\":\"\",\"potentialAction\":[{\"@type\":\"SearchAction\",\"target\":{\"@type\":\"EntryPoint\",\"urlTemplate\":\"https:\\\/\\\/www.carlosyconchita.net\\\/rutas\\\/?s={search_term_string}\"},\"query-input\":{\"@type\":\"PropertyValueSpecification\",\"valueRequired\":true,\"valueName\":\"search_term_string\"}}],\"inLanguage\":\"es\"},{\"@type\":\"Person\",\"@id\":\"https:\\\/\\\/www.carlosyconchita.net\\\/rutas\\\/#\\\/schema\\\/person\\\/a9691f7258c28443fab2d3aa1479ea19\",\"name\":\"Carlos Conchita\",\"image\":{\"@type\":\"ImageObject\",\"inLanguage\":\"es\",\"@id\":\"https:\\\/\\\/secure.gravatar.com\\\/avatar\\\/3a4625b20c8da3de99da69bfe7a322774e291c3f90dce7e8778a30fe6748ed1a?s=96&d=mm&r=g\",\"url\":\"https:\\\/\\\/secure.gravatar.com\\\/avatar\\\/3a4625b20c8da3de99da69bfe7a322774e291c3f90dce7e8778a30fe6748ed1a?s=96&d=mm&r=g\",\"contentUrl\":\"https:\\\/\\\/secure.gravatar.com\\\/avatar\\\/3a4625b20c8da3de99da69bfe7a322774e291c3f90dce7e8778a30fe6748ed1a?s=96&d=mm&r=g\",\"caption\":\"Carlos Conchita\"}}]}<\/script>\n<!-- \/ Yoast SEO plugin. -->","yoast_head_json":{"title":"10-03-2018-Lagos Balmete y Balc\u00e9re (raquetas) -","robots":{"index":"index","follow":"follow","max-snippet":"max-snippet:-1","max-image-preview":"max-image-preview:large","max-video-preview":"max-video-preview:-1"},"canonical":"https:\/\/www.carlosyconchita.net\/rutas\/10-03-2018-lagos-balmete-y-balcere-raquetas\/","og_locale":"es_ES","og_type":"article","og_title":"10-03-2018-Lagos Balmete y Balc\u00e9re (raquetas) -","og_description":"Hoy de nuevo hacemos raquetas con nuestros amigos \u00abnovatos\u00bb en \u00e9sto, ya que por lo visto les ha gustado bastante &#8230; Hemos elegido el lago de la Balmete , porque es una ruta bonita, y hab\u00edamos ido hace varios a\u00f1os, tanto sin nieve como con raquetas, pero \u00e9se fu\u00e9 un d\u00eda muy nublado y malo, [&hellip;]","og_url":"https:\/\/www.carlosyconchita.net\/rutas\/10-03-2018-lagos-balmete-y-balcere-raquetas\/","og_site_name":"Las rutas de Carlos y Conchita","article_published_time":"2018-03-10T19:17:49+00:00","article_modified_time":"2019-02-25T16:40:41+00:00","og_image":[{"width":1024,"height":576,"url":"https:\/\/www.carlosyconchita.net\/rutas\/wp-content\/uploads\/2018\/03\/Balmete-0281.jpg","type":"image\/jpeg"}],"author":"Carlos Conchita","twitter_misc":{"Escrito por":"Carlos Conchita","Tiempo de lectura":"3 minutos"},"schema":{"@context":"https:\/\/schema.org","@graph":[{"@type":"Article","@id":"https:\/\/www.carlosyconchita.net\/rutas\/10-03-2018-lagos-balmete-y-balcere-raquetas\/#article","isPartOf":{"@id":"https:\/\/www.carlosyconchita.net\/rutas\/10-03-2018-lagos-balmete-y-balcere-raquetas\/"},"author":{"name":"Carlos Conchita","@id":"https:\/\/www.carlosyconchita.net\/rutas\/#\/schema\/person\/a9691f7258c28443fab2d3aa1479ea19"},"headline":"10-03-2018-Lagos Balmete y Balc\u00e9re (raquetas)","datePublished":"2018-03-10T19:17:49+00:00","dateModified":"2019-02-25T16:40:41+00:00","mainEntityOfPage":{"@id":"https:\/\/www.carlosyconchita.net\/rutas\/10-03-2018-lagos-balmete-y-balcere-raquetas\/"},"wordCount":530,"commentCount":0,"image":{"@id":"https:\/\/www.carlosyconchita.net\/rutas\/10-03-2018-lagos-balmete-y-balcere-raquetas\/#primaryimage"},"thumbnailUrl":"https:\/\/www.carlosyconchita.net\/rutas\/wp-content\/uploads\/2018\/03\/Balmete-0281.jpg","articleSection":["2-Moderada","3 - De 10 a 15 km.","Les Angles"],"inLanguage":"es","potentialAction":[{"@type":"CommentAction","name":"Comment","target":["https:\/\/www.carlosyconchita.net\/rutas\/10-03-2018-lagos-balmete-y-balcere-raquetas\/#respond"]}]},{"@type":"WebPage","@id":"https:\/\/www.carlosyconchita.net\/rutas\/10-03-2018-lagos-balmete-y-balcere-raquetas\/","url":"https:\/\/www.carlosyconchita.net\/rutas\/10-03-2018-lagos-balmete-y-balcere-raquetas\/","name":"10-03-2018-Lagos Balmete y Balc\u00e9re (raquetas) -","isPartOf":{"@id":"https:\/\/www.carlosyconchita.net\/rutas\/#website"},"primaryImageOfPage":{"@id":"https:\/\/www.carlosyconchita.net\/rutas\/10-03-2018-lagos-balmete-y-balcere-raquetas\/#primaryimage"},"image":{"@id":"https:\/\/www.carlosyconchita.net\/rutas\/10-03-2018-lagos-balmete-y-balcere-raquetas\/#primaryimage"},"thumbnailUrl":"https:\/\/www.carlosyconchita.net\/rutas\/wp-content\/uploads\/2018\/03\/Balmete-0281.jpg","datePublished":"2018-03-10T19:17:49+00:00","dateModified":"2019-02-25T16:40:41+00:00","author":{"@id":"https:\/\/www.carlosyconchita.net\/rutas\/#\/schema\/person\/a9691f7258c28443fab2d3aa1479ea19"},"breadcrumb":{"@id":"https:\/\/www.carlosyconchita.net\/rutas\/10-03-2018-lagos-balmete-y-balcere-raquetas\/#breadcrumb"},"inLanguage":"es","potentialAction":[{"@type":"ReadAction","target":["https:\/\/www.carlosyconchita.net\/rutas\/10-03-2018-lagos-balmete-y-balcere-raquetas\/"]}]},{"@type":"ImageObject","inLanguage":"es","@id":"https:\/\/www.carlosyconchita.net\/rutas\/10-03-2018-lagos-balmete-y-balcere-raquetas\/#primaryimage","url":"https:\/\/www.carlosyconchita.net\/rutas\/wp-content\/uploads\/2018\/03\/Balmete-0281.jpg","contentUrl":"https:\/\/www.carlosyconchita.net\/rutas\/wp-content\/uploads\/2018\/03\/Balmete-0281.jpg","width":1024,"height":576},{"@type":"BreadcrumbList","@id":"https:\/\/www.carlosyconchita.net\/rutas\/10-03-2018-lagos-balmete-y-balcere-raquetas\/#breadcrumb","itemListElement":[{"@type":"ListItem","position":1,"name":"Portada","item":"https:\/\/www.carlosyconchita.net\/rutas\/"},{"@type":"ListItem","position":2,"name":"10-03-2018-Lagos Balmete y Balc\u00e9re (raquetas)"}]},{"@type":"WebSite","@id":"https:\/\/www.carlosyconchita.net\/rutas\/#website","url":"https:\/\/www.carlosyconchita.net\/rutas\/","name":"Las rutas de Carlos y Conchita","description":"","potentialAction":[{"@type":"SearchAction","target":{"@type":"EntryPoint","urlTemplate":"https:\/\/www.carlosyconchita.net\/rutas\/?s={search_term_string}"},"query-input":{"@type":"PropertyValueSpecification","valueRequired":true,"valueName":"search_term_string"}}],"inLanguage":"es"},{"@type":"Person","@id":"https:\/\/www.carlosyconchita.net\/rutas\/#\/schema\/person\/a9691f7258c28443fab2d3aa1479ea19","name":"Carlos Conchita","image":{"@type":"ImageObject","inLanguage":"es","@id":"https:\/\/secure.gravatar.com\/avatar\/3a4625b20c8da3de99da69bfe7a322774e291c3f90dce7e8778a30fe6748ed1a?s=96&d=mm&r=g","url":"https:\/\/secure.gravatar.com\/avatar\/3a4625b20c8da3de99da69bfe7a322774e291c3f90dce7e8778a30fe6748ed1a?s=96&d=mm&r=g","contentUrl":"https:\/\/secure.gravatar.com\/avatar\/3a4625b20c8da3de99da69bfe7a322774e291c3f90dce7e8778a30fe6748ed1a?s=96&d=mm&r=g","caption":"Carlos Conchita"}}]}},"_links":{"self":[{"href":"https:\/\/www.carlosyconchita.net\/rutas\/wp-json\/wp\/v2\/posts\/11376","targetHints":{"allow":["GET"]}}],"collection":[{"href":"https:\/\/www.carlosyconchita.net\/rutas\/wp-json\/wp\/v2\/posts"}],"about":[{"href":"https:\/\/www.carlosyconchita.net\/rutas\/wp-json\/wp\/v2\/types\/post"}],"author":[{"embeddable":true,"href":"https:\/\/www.carlosyconchita.net\/rutas\/wp-json\/wp\/v2\/users\/50"}],"replies":[{"embeddable":true,"href":"https:\/\/www.carlosyconchita.net\/rutas\/wp-json\/wp\/v2\/comments?post=11376"}],"version-history":[{"count":0,"href":"https:\/\/www.carlosyconchita.net\/rutas\/wp-json\/wp\/v2\/posts\/11376\/revisions"}],"wp:featuredmedia":[{"embeddable":true,"href":"https:\/\/www.carlosyconchita.net\/rutas\/wp-json\/wp\/v2\/media\/11379"}],"wp:attachment":[{"href":"https:\/\/www.carlosyconchita.net\/rutas\/wp-json\/wp\/v2\/media?parent=11376"}],"wp:term":[{"taxonomy":"category","embeddable":true,"href":"https:\/\/www.carlosyconchita.net\/rutas\/wp-json\/wp\/v2\/categories?post=11376"},{"taxonomy":"post_tag","embeddable":true,"href":"https:\/\/www.carlosyconchita.net\/rutas\/wp-json\/wp\/v2\/tags?post=11376"}],"curies":[{"name":"wp","href":"https:\/\/api.w.org\/{rel}","templated":true}]}}