{"id":11421,"date":"2018-03-31T15:13:04","date_gmt":"2018-03-31T14:13:04","guid":{"rendered":"https:\/\/www.carlosyconchita.net\/rutas\/?p=11421"},"modified":"2018-12-30T17:23:05","modified_gmt":"2018-12-30T16:23:05","slug":"31-03-2018-la-molina-urtx","status":"publish","type":"post","link":"https:\/\/www.carlosyconchita.net\/rutas\/31-03-2018-la-molina-urtx\/","title":{"rendered":"31-03-2018-La Molina &#8211; Urtx"},"content":{"rendered":"<p style=\"text-align: justify;\">El punto de inicio lo tenemos en La Molina, concretamente delante mismo de la estaci\u00f3n del ferrocarril.<br \/>\nAl otro lado de la carretera, detr\u00e1s de unos edificios de apartamentos, empieza una peque\u00f1a carretera que seguiremos unos metros, hasta coger un camino que sube por nuestra izquierda, continuando en direcci\u00f3n al llamado Porxo d&#8217;Ovella.<\/p>\n<p style=\"text-align: justify;\">Cruzaremos despu\u00e9s la N-260 y conforme\u00a0 vamos subiendo empezamos a encontrar algo de nieve, hasta que llega un momento en que el camino est\u00e1 totalmente cubierto por una buena capa de nieve, y encima empieza a nevar copiosamente, pero hoy no llevamos raquetas.<\/p>\n<p style=\"text-align: justify;\">Es el \u00abpeligro\u00bb de estas fechas, en que empiezas a caminar en un punto no muy alto en el que no queda nada de nieve , y que no sabes como estar\u00e1 a m\u00e1s altura : o vas sin raquetas y despu\u00e9s puedes tener alg\u00fan problemilla si hay demasiada nieve, o coges las raquetas con la molestia de llevarlas en la mano durante unos kil\u00f3metros, sin saber si despu\u00e9s te har\u00e1n falta o no.<\/p>\n<p style=\"text-align: justify;\">De todas formas, tampoco ha sido muy grave la cosa, aparte de hundirse hasta la rodilla en bastantes ocasiones y mojarnos un poco, pero eso son gajes del \u00aboficio\u00bb, y conforme \u00edbamos bajando hacia Urtx, la nieve tambi\u00e9n iba desapareciendo.<\/p>\n<p>Hacemos la excursi\u00f3n con Lluis y Asun.<\/p>\n<hr \/>\n<h3><strong>Album de fotos<\/strong><\/h3>\n<p><a href=\"https:\/\/photos.app.goo.gl\/wU49aGXzeQDUX1WA6\" target=\"_blank\" rel=\"noopener\"><img loading=\"lazy\" decoding=\"async\" class=\"aligncenter wp-image-11423 size-column4-4\/5\" src=\"https:\/\/www.carlosyconchita.net\/rutas\/wp-content\/uploads\/2018\/04\/IMG_20180331_111943-240x192.jpg\" alt=\"\" width=\"240\" height=\"192\" srcset=\"https:\/\/www.carlosyconchita.net\/rutas\/wp-content\/uploads\/2018\/04\/IMG_20180331_111943-240x192.jpg 240w, https:\/\/www.carlosyconchita.net\/rutas\/wp-content\/uploads\/2018\/04\/IMG_20180331_111943-250x200.jpg 250w, https:\/\/www.carlosyconchita.net\/rutas\/wp-content\/uploads\/2018\/04\/IMG_20180331_111943-480x384.jpg 480w, https:\/\/www.carlosyconchita.net\/rutas\/wp-content\/uploads\/2018\/04\/IMG_20180331_111943-320x256.jpg 320w\" sizes=\"auto, (max-width: 240px) 100vw, 240px\" \/><\/a><\/p>\n<hr \/>\n<p><strong>Dificultad<\/strong> :\u00a0\u00a0\u00a0 Moderada<\/p>\n<p><strong>Distancia total<\/strong> :\u00a0 <span class=\"totlen\"><span class=\"summaryvalue\">9.562 m<\/span><\/span><\/p>\n<p><strong>Alturas m\u00ednima \/ m\u00e1xima<\/strong> :\u00a0\u00a0\u00a0\u00a0 1.178 m. \u2013 1.724\u00a0 m.<\/p>\n<p><strong>Desnivel acumulado (s\/Wikiloc)<\/strong>\u00a0 : \u00a0\u00a0 321\u00a0 m. subida \/\u00a0 543 m. bajada<\/p>\n<p><strong>Tiempo total \/ en movimiento<\/strong> :\u00a0\u00a0\u00a0\u00a0\u00a0 3\u201920 km\/h \u2013\u00a0 2\u201925\u00a0 km\/h<\/p>\n<p><strong>Vel. media total \/ vel.media movimiento<\/strong> :\u00a0\u00a0\u00a0\u00a0\u00a0\u00a0 2\u201981\u00a0 h. \u2013 3\u201990\u00a0 h.<\/p>\n<hr \/>\n<p>El punto de partida, la estaci\u00f3n del ferrocarril de La Molina.<\/p>\n<p><img decoding=\"async\" class=\"aligncenter\" src=\"https:\/\/farm1.staticflickr.com\/863\/26319802717_80dce8c34f_c.jpg\" \/><\/p>\n<p><img decoding=\"async\" class=\"aligncenter\" src=\"https:\/\/farm1.staticflickr.com\/880\/26319800787_4fa8783c98_c.jpg\" \/><\/p>\n<p>&nbsp;<\/p>\n<p>La zona del Porxo d&#8217;Ovella, seg\u00fan dicen, uno\u00a0 de los 3 centros habitados que en su tiempo dieron origen a La Molina.<\/p>\n<p><img decoding=\"async\" class=\"aligncenter\" src=\"https:\/\/farm1.staticflickr.com\/803\/40296845755_a5e3de41e5_c.jpg\" \/><\/p>\n<p><img decoding=\"async\" class=\"aligncenter\" src=\"https:\/\/farm1.staticflickr.com\/796\/40296844425_758152f31a_c.jpg\" \/><\/p>\n<p>Una vista de La Molina desde las alturas.<\/p>\n<p><img decoding=\"async\" class=\"aligncenter\" src=\"https:\/\/farm1.staticflickr.com\/821\/40296843105_ac553ec0f0_c.jpg\" \/><\/p>\n<p><img decoding=\"async\" class=\"aligncenter\" src=\"https:\/\/farm1.staticflickr.com\/888\/27318610468_e09f3e9d47_c.jpg\" \/><\/p>\n<p>Y empezamos a encontrar bastante nieve, y a partir de este cruce con esta curiosa se\u00f1al, seguimos el Cam\u00ed de la Pleta Vella.<\/p>\n<p><img decoding=\"async\" class=\"aligncenter\" src=\"https:\/\/farm1.staticflickr.com\/888\/39382317010_182fc8885e_c.jpg\" \/><\/p>\n<p><img decoding=\"async\" class=\"aligncenter\" src=\"https:\/\/farm1.staticflickr.com\/812\/27318605578_75594b6313_c.jpg\" \/><\/p>\n<p><img decoding=\"async\" class=\"aligncenter\" src=\"https:\/\/farm1.staticflickr.com\/814\/40479365054_dfb4041e64_c.jpg\" \/><\/p>\n<p><img decoding=\"async\" class=\"aligncenter\" src=\"https:\/\/farm1.staticflickr.com\/794\/40479363554_7bd6f6ce88_c.jpg\" \/><\/p>\n<p style=\"text-align: justify;\">Aqu\u00ed, en esta se\u00f1al, que nos indica Urtx a la derecha, decidimos seguir recto en vez de bajar por la derecha, ya que creemos que al ir sin raquetas es mejor no bajar por un tramo de tanta pendiente.<\/p>\n<p><img decoding=\"async\" class=\"aligncenter\" src=\"https:\/\/farm1.staticflickr.com\/815\/41192998031_6d74aeecef_c.jpg\" \/><\/p>\n<p style=\"text-align: justify;\">Esta gran explanada (seg\u00fan alg\u00fan mapa, la Coma de la Lleona)\u00a0 est\u00e1 un poco antes del Serrat de las Llan\u00e7anes, y aqu\u00ed dejamos el Cam\u00ed de la Pleta Vella que segu\u00edamos y giramos a nuestra derecha para ir bajando hacia Urtx.<\/p>\n<p><img decoding=\"async\" class=\"aligncenter\" src=\"https:\/\/farm1.staticflickr.com\/877\/39382311190_b6a39b18e0_c.jpg\" \/><\/p>\n<p style=\"text-align: justify;\">Este ha sido el tramo m\u00e1s complicado, por la cantidad de nieve que hab\u00eda,\u00a0 por la que ca\u00eda,\u00a0 y por algun tramo de bastante pendiente,\u00a0 por lo que no hemos hecho muchas fotos para que no se mojara demasiado la c\u00e1mara.<\/p>\n<p><img decoding=\"async\" class=\"aligncenter\" src=\"https:\/\/farm1.staticflickr.com\/786\/40296834735_d84c2e39b5_c.jpg\" \/><\/p>\n<p><img decoding=\"async\" class=\"aligncenter\" src=\"https:\/\/farm1.staticflickr.com\/897\/41147886142_8be9a5dc6e_c.jpg\" \/><\/p>\n<p><img decoding=\"async\" class=\"aligncenter\" src=\"https:\/\/farm1.staticflickr.com\/871\/41147884862_5f04691797_c.jpg\" \/><\/p>\n<p>Al acercarnos a Urtx, la nieve va desapareciendo, y llegamos al pueblo sin ning\u00fan problema.<\/p>\n<p><img decoding=\"async\" class=\"aligncenter\" src=\"https:\/\/farm1.staticflickr.com\/888\/40296831625_359c34605d_c.jpg\" \/><\/p>\n<p><img decoding=\"async\" class=\"aligncenter\" src=\"https:\/\/farm1.staticflickr.com\/816\/41147881782_d7ce401142_c.jpg\" \/><\/p>\n<hr \/>\n<p>&nbsp;<\/p>\n<h3><strong>Track de la ruta<\/strong><\/h3>\n<p>[sgpx gpx=\u00bb\/wp-content\/uploads\/gpx\/LaMolina-Urtx.gpx\u00bb]<\/p>\n<p>&nbsp;<\/p>\n<hr \/>\n<p>&nbsp;<\/p>\n<p style=\"text-align: justify;\"><span style=\"color: #ff0000; background-color: #ffffff; font-size: 14pt;\"><strong>Si te ha gustado, comp\u00e1rtelo en tu red favorita o env\u00edanos tu comentario.<br \/>\n<\/strong><\/span><\/p>\n<p style=\"text-align: justify;\"><span style=\"font-size: 14pt;\"><strong><span style=\"color: #ff0000;\">Muchas gracias !<\/span><\/strong><\/span><\/p>\n<hr \/>\n<p>&nbsp;<\/p>\n<p style=\"text-align: justify;\"><strong><span style=\"color: #008000;\">Suscribete si quieres recibir un mail cuando publiquemos nuevas rutas : no enviamos publicidad y como m\u00e1ximo enviamos 2 mails al mes<\/span><\/strong><\/p>\n<p style=\"text-align: center;\"><a href=\"https:\/\/mailchi.mp\/6989c83a3e24\/wmv06rtqcz\/\" target=\"_blank\" rel=\"noopener\"><strong><span style=\"color: #0000ff;\">Alta de suscriptores<\/span><\/strong><\/a><\/p>\n<p style=\"text-align: justify;\">\u00a0<\/p>\n<hr \/>\n<p style=\"text-align: justify;\">\u00a0<\/p>\n<h3 style=\"text-align: justify;\">Puedes imprimir esta publicaci\u00f3n o guardarla en diferentes formatos :<\/h3>\n<p style=\"text-align: justify;\"><span style=\"color: #ff0000; font-size: 14pt;\">Para facilitar la impresi\u00f3n, se ha reducido considerablemente el tama\u00f1o de las fotos, pero si deseas imprimir sin fotos, aconsejamos guardarlo como \u201cdoc\u201d, y antes de imprimirlo, eliminar las fotos<\/span><\/p>\n<hr \/>\n<p>&nbsp;<\/p>\n<h3><strong>Wikiloc<\/strong><\/h3>\n<p><a href=\"https:\/\/es.wikiloc.com\/rutas-senderismo\/lamolina-urtx-24419861\" target=\"_blank\" rel=\"noopener\"><img loading=\"lazy\" decoding=\"async\" class=\"size-full wp-image-958 aligncenter\" src=\"https:\/\/www.carlosyconchita.net\/rutas\/wp-content\/uploads\/2020\/09\/wikiloc.jpg\" alt=\"\" width=\"117\" height=\"34\" \/><\/a><\/p>\n<hr \/>\n","protected":false},"excerpt":{"rendered":"<p>El punto de inicio lo tenemos en La Molina, concretamente delante mismo de la estaci\u00f3n del ferrocarril. Al otro lado de la carretera, detr\u00e1s de unos edificios de apartamentos, empieza una peque\u00f1a carretera que seguiremos unos metros, hasta coger un camino que sube por nuestra izquierda, continuando en direcci\u00f3n al llamado Porxo d&#8217;Ovella. Cruzaremos despu\u00e9s [&hellip;]<\/p>\n","protected":false},"author":50,"featured_media":11423,"comment_status":"open","ping_status":"open","sticky":false,"template":"","format":"standard","meta":{"footnotes":""},"categories":[22,11,83],"tags":[],"class_list":{"0":"post-11421","1":"post","2":"type-post","3":"status-publish","4":"format-standard","5":"has-post-thumbnail","6":"hentry","7":"category-de-05-a-10-km","8":"category-moderada","9":"category-la-molina","11":"post-with-thumbnail","12":"post-with-thumbnail-icon"},"yoast_head":"<!-- This site is optimized with the Yoast SEO plugin v27.5 - https:\/\/yoast.com\/product\/yoast-seo-wordpress\/ -->\n<title>31-03-2018-La Molina - Urtx -<\/title>\n<meta name=\"robots\" content=\"index, follow, max-snippet:-1, max-image-preview:large, max-video-preview:-1\" \/>\n<link rel=\"canonical\" href=\"https:\/\/www.carlosyconchita.net\/rutas\/31-03-2018-la-molina-urtx\/\" \/>\n<meta property=\"og:locale\" content=\"es_ES\" \/>\n<meta property=\"og:type\" content=\"article\" \/>\n<meta property=\"og:title\" content=\"31-03-2018-La Molina - Urtx -\" \/>\n<meta property=\"og:description\" content=\"El punto de inicio lo tenemos en La Molina, concretamente delante mismo de la estaci\u00f3n del ferrocarril. Al otro lado de la carretera, detr\u00e1s de unos edificios de apartamentos, empieza una peque\u00f1a carretera que seguiremos unos metros, hasta coger un camino que sube por nuestra izquierda, continuando en direcci\u00f3n al llamado Porxo d&#8217;Ovella. Cruzaremos despu\u00e9s [&hellip;]\" \/>\n<meta property=\"og:url\" content=\"https:\/\/www.carlosyconchita.net\/rutas\/31-03-2018-la-molina-urtx\/\" \/>\n<meta property=\"og:site_name\" content=\"Las rutas de Carlos y Conchita\" \/>\n<meta property=\"article:published_time\" content=\"2018-03-31T14:13:04+00:00\" \/>\n<meta property=\"article:modified_time\" content=\"2018-12-30T16:23:05+00:00\" \/>\n<meta property=\"og:image\" content=\"https:\/\/www.carlosyconchita.net\/rutas\/wp-content\/uploads\/2018\/04\/IMG_20180331_111943.jpg\" \/>\n\t<meta property=\"og:image:width\" content=\"1024\" \/>\n\t<meta property=\"og:image:height\" content=\"576\" \/>\n\t<meta property=\"og:image:type\" content=\"image\/jpeg\" \/>\n<meta name=\"author\" content=\"Carlos Conchita\" \/>\n<meta name=\"twitter:label1\" content=\"Escrito por\" \/>\n\t<meta name=\"twitter:data1\" content=\"Carlos Conchita\" \/>\n\t<meta name=\"twitter:label2\" content=\"Tiempo de lectura\" \/>\n\t<meta name=\"twitter:data2\" content=\"3 minutos\" \/>\n<script type=\"application\/ld+json\" class=\"yoast-schema-graph\">{\"@context\":\"https:\\\/\\\/schema.org\",\"@graph\":[{\"@type\":\"Article\",\"@id\":\"https:\\\/\\\/www.carlosyconchita.net\\\/rutas\\\/31-03-2018-la-molina-urtx\\\/#article\",\"isPartOf\":{\"@id\":\"https:\\\/\\\/www.carlosyconchita.net\\\/rutas\\\/31-03-2018-la-molina-urtx\\\/\"},\"author\":{\"name\":\"Carlos Conchita\",\"@id\":\"https:\\\/\\\/www.carlosyconchita.net\\\/rutas\\\/#\\\/schema\\\/person\\\/a9691f7258c28443fab2d3aa1479ea19\"},\"headline\":\"31-03-2018-La Molina &#8211; Urtx\",\"datePublished\":\"2018-03-31T14:13:04+00:00\",\"dateModified\":\"2018-12-30T16:23:05+00:00\",\"mainEntityOfPage\":{\"@id\":\"https:\\\/\\\/www.carlosyconchita.net\\\/rutas\\\/31-03-2018-la-molina-urtx\\\/\"},\"wordCount\":588,\"commentCount\":0,\"image\":{\"@id\":\"https:\\\/\\\/www.carlosyconchita.net\\\/rutas\\\/31-03-2018-la-molina-urtx\\\/#primaryimage\"},\"thumbnailUrl\":\"https:\\\/\\\/www.carlosyconchita.net\\\/rutas\\\/wp-content\\\/uploads\\\/2018\\\/04\\\/IMG_20180331_111943.jpg\",\"articleSection\":[\"2 - De 5 a 10 km.\",\"2-Moderada\",\"La Molina-Masella\"],\"inLanguage\":\"es\",\"potentialAction\":[{\"@type\":\"CommentAction\",\"name\":\"Comment\",\"target\":[\"https:\\\/\\\/www.carlosyconchita.net\\\/rutas\\\/31-03-2018-la-molina-urtx\\\/#respond\"]}]},{\"@type\":\"WebPage\",\"@id\":\"https:\\\/\\\/www.carlosyconchita.net\\\/rutas\\\/31-03-2018-la-molina-urtx\\\/\",\"url\":\"https:\\\/\\\/www.carlosyconchita.net\\\/rutas\\\/31-03-2018-la-molina-urtx\\\/\",\"name\":\"31-03-2018-La Molina - Urtx -\",\"isPartOf\":{\"@id\":\"https:\\\/\\\/www.carlosyconchita.net\\\/rutas\\\/#website\"},\"primaryImageOfPage\":{\"@id\":\"https:\\\/\\\/www.carlosyconchita.net\\\/rutas\\\/31-03-2018-la-molina-urtx\\\/#primaryimage\"},\"image\":{\"@id\":\"https:\\\/\\\/www.carlosyconchita.net\\\/rutas\\\/31-03-2018-la-molina-urtx\\\/#primaryimage\"},\"thumbnailUrl\":\"https:\\\/\\\/www.carlosyconchita.net\\\/rutas\\\/wp-content\\\/uploads\\\/2018\\\/04\\\/IMG_20180331_111943.jpg\",\"datePublished\":\"2018-03-31T14:13:04+00:00\",\"dateModified\":\"2018-12-30T16:23:05+00:00\",\"author\":{\"@id\":\"https:\\\/\\\/www.carlosyconchita.net\\\/rutas\\\/#\\\/schema\\\/person\\\/a9691f7258c28443fab2d3aa1479ea19\"},\"breadcrumb\":{\"@id\":\"https:\\\/\\\/www.carlosyconchita.net\\\/rutas\\\/31-03-2018-la-molina-urtx\\\/#breadcrumb\"},\"inLanguage\":\"es\",\"potentialAction\":[{\"@type\":\"ReadAction\",\"target\":[\"https:\\\/\\\/www.carlosyconchita.net\\\/rutas\\\/31-03-2018-la-molina-urtx\\\/\"]}]},{\"@type\":\"ImageObject\",\"inLanguage\":\"es\",\"@id\":\"https:\\\/\\\/www.carlosyconchita.net\\\/rutas\\\/31-03-2018-la-molina-urtx\\\/#primaryimage\",\"url\":\"https:\\\/\\\/www.carlosyconchita.net\\\/rutas\\\/wp-content\\\/uploads\\\/2018\\\/04\\\/IMG_20180331_111943.jpg\",\"contentUrl\":\"https:\\\/\\\/www.carlosyconchita.net\\\/rutas\\\/wp-content\\\/uploads\\\/2018\\\/04\\\/IMG_20180331_111943.jpg\",\"width\":1024,\"height\":576},{\"@type\":\"BreadcrumbList\",\"@id\":\"https:\\\/\\\/www.carlosyconchita.net\\\/rutas\\\/31-03-2018-la-molina-urtx\\\/#breadcrumb\",\"itemListElement\":[{\"@type\":\"ListItem\",\"position\":1,\"name\":\"Portada\",\"item\":\"https:\\\/\\\/www.carlosyconchita.net\\\/rutas\\\/\"},{\"@type\":\"ListItem\",\"position\":2,\"name\":\"31-03-2018-La Molina &#8211; Urtx\"}]},{\"@type\":\"WebSite\",\"@id\":\"https:\\\/\\\/www.carlosyconchita.net\\\/rutas\\\/#website\",\"url\":\"https:\\\/\\\/www.carlosyconchita.net\\\/rutas\\\/\",\"name\":\"Las rutas de Carlos y Conchita\",\"description\":\"\",\"potentialAction\":[{\"@type\":\"SearchAction\",\"target\":{\"@type\":\"EntryPoint\",\"urlTemplate\":\"https:\\\/\\\/www.carlosyconchita.net\\\/rutas\\\/?s={search_term_string}\"},\"query-input\":{\"@type\":\"PropertyValueSpecification\",\"valueRequired\":true,\"valueName\":\"search_term_string\"}}],\"inLanguage\":\"es\"},{\"@type\":\"Person\",\"@id\":\"https:\\\/\\\/www.carlosyconchita.net\\\/rutas\\\/#\\\/schema\\\/person\\\/a9691f7258c28443fab2d3aa1479ea19\",\"name\":\"Carlos Conchita\",\"image\":{\"@type\":\"ImageObject\",\"inLanguage\":\"es\",\"@id\":\"https:\\\/\\\/secure.gravatar.com\\\/avatar\\\/3a4625b20c8da3de99da69bfe7a322774e291c3f90dce7e8778a30fe6748ed1a?s=96&d=mm&r=g\",\"url\":\"https:\\\/\\\/secure.gravatar.com\\\/avatar\\\/3a4625b20c8da3de99da69bfe7a322774e291c3f90dce7e8778a30fe6748ed1a?s=96&d=mm&r=g\",\"contentUrl\":\"https:\\\/\\\/secure.gravatar.com\\\/avatar\\\/3a4625b20c8da3de99da69bfe7a322774e291c3f90dce7e8778a30fe6748ed1a?s=96&d=mm&r=g\",\"caption\":\"Carlos Conchita\"}}]}<\/script>\n<!-- \/ Yoast SEO plugin. -->","yoast_head_json":{"title":"31-03-2018-La Molina - Urtx -","robots":{"index":"index","follow":"follow","max-snippet":"max-snippet:-1","max-image-preview":"max-image-preview:large","max-video-preview":"max-video-preview:-1"},"canonical":"https:\/\/www.carlosyconchita.net\/rutas\/31-03-2018-la-molina-urtx\/","og_locale":"es_ES","og_type":"article","og_title":"31-03-2018-La Molina - Urtx -","og_description":"El punto de inicio lo tenemos en La Molina, concretamente delante mismo de la estaci\u00f3n del ferrocarril. Al otro lado de la carretera, detr\u00e1s de unos edificios de apartamentos, empieza una peque\u00f1a carretera que seguiremos unos metros, hasta coger un camino que sube por nuestra izquierda, continuando en direcci\u00f3n al llamado Porxo d&#8217;Ovella. Cruzaremos despu\u00e9s [&hellip;]","og_url":"https:\/\/www.carlosyconchita.net\/rutas\/31-03-2018-la-molina-urtx\/","og_site_name":"Las rutas de Carlos y Conchita","article_published_time":"2018-03-31T14:13:04+00:00","article_modified_time":"2018-12-30T16:23:05+00:00","og_image":[{"width":1024,"height":576,"url":"https:\/\/www.carlosyconchita.net\/rutas\/wp-content\/uploads\/2018\/04\/IMG_20180331_111943.jpg","type":"image\/jpeg"}],"author":"Carlos Conchita","twitter_misc":{"Escrito por":"Carlos Conchita","Tiempo de lectura":"3 minutos"},"schema":{"@context":"https:\/\/schema.org","@graph":[{"@type":"Article","@id":"https:\/\/www.carlosyconchita.net\/rutas\/31-03-2018-la-molina-urtx\/#article","isPartOf":{"@id":"https:\/\/www.carlosyconchita.net\/rutas\/31-03-2018-la-molina-urtx\/"},"author":{"name":"Carlos Conchita","@id":"https:\/\/www.carlosyconchita.net\/rutas\/#\/schema\/person\/a9691f7258c28443fab2d3aa1479ea19"},"headline":"31-03-2018-La Molina &#8211; Urtx","datePublished":"2018-03-31T14:13:04+00:00","dateModified":"2018-12-30T16:23:05+00:00","mainEntityOfPage":{"@id":"https:\/\/www.carlosyconchita.net\/rutas\/31-03-2018-la-molina-urtx\/"},"wordCount":588,"commentCount":0,"image":{"@id":"https:\/\/www.carlosyconchita.net\/rutas\/31-03-2018-la-molina-urtx\/#primaryimage"},"thumbnailUrl":"https:\/\/www.carlosyconchita.net\/rutas\/wp-content\/uploads\/2018\/04\/IMG_20180331_111943.jpg","articleSection":["2 - De 5 a 10 km.","2-Moderada","La Molina-Masella"],"inLanguage":"es","potentialAction":[{"@type":"CommentAction","name":"Comment","target":["https:\/\/www.carlosyconchita.net\/rutas\/31-03-2018-la-molina-urtx\/#respond"]}]},{"@type":"WebPage","@id":"https:\/\/www.carlosyconchita.net\/rutas\/31-03-2018-la-molina-urtx\/","url":"https:\/\/www.carlosyconchita.net\/rutas\/31-03-2018-la-molina-urtx\/","name":"31-03-2018-La Molina - Urtx -","isPartOf":{"@id":"https:\/\/www.carlosyconchita.net\/rutas\/#website"},"primaryImageOfPage":{"@id":"https:\/\/www.carlosyconchita.net\/rutas\/31-03-2018-la-molina-urtx\/#primaryimage"},"image":{"@id":"https:\/\/www.carlosyconchita.net\/rutas\/31-03-2018-la-molina-urtx\/#primaryimage"},"thumbnailUrl":"https:\/\/www.carlosyconchita.net\/rutas\/wp-content\/uploads\/2018\/04\/IMG_20180331_111943.jpg","datePublished":"2018-03-31T14:13:04+00:00","dateModified":"2018-12-30T16:23:05+00:00","author":{"@id":"https:\/\/www.carlosyconchita.net\/rutas\/#\/schema\/person\/a9691f7258c28443fab2d3aa1479ea19"},"breadcrumb":{"@id":"https:\/\/www.carlosyconchita.net\/rutas\/31-03-2018-la-molina-urtx\/#breadcrumb"},"inLanguage":"es","potentialAction":[{"@type":"ReadAction","target":["https:\/\/www.carlosyconchita.net\/rutas\/31-03-2018-la-molina-urtx\/"]}]},{"@type":"ImageObject","inLanguage":"es","@id":"https:\/\/www.carlosyconchita.net\/rutas\/31-03-2018-la-molina-urtx\/#primaryimage","url":"https:\/\/www.carlosyconchita.net\/rutas\/wp-content\/uploads\/2018\/04\/IMG_20180331_111943.jpg","contentUrl":"https:\/\/www.carlosyconchita.net\/rutas\/wp-content\/uploads\/2018\/04\/IMG_20180331_111943.jpg","width":1024,"height":576},{"@type":"BreadcrumbList","@id":"https:\/\/www.carlosyconchita.net\/rutas\/31-03-2018-la-molina-urtx\/#breadcrumb","itemListElement":[{"@type":"ListItem","position":1,"name":"Portada","item":"https:\/\/www.carlosyconchita.net\/rutas\/"},{"@type":"ListItem","position":2,"name":"31-03-2018-La Molina &#8211; Urtx"}]},{"@type":"WebSite","@id":"https:\/\/www.carlosyconchita.net\/rutas\/#website","url":"https:\/\/www.carlosyconchita.net\/rutas\/","name":"Las rutas de Carlos y Conchita","description":"","potentialAction":[{"@type":"SearchAction","target":{"@type":"EntryPoint","urlTemplate":"https:\/\/www.carlosyconchita.net\/rutas\/?s={search_term_string}"},"query-input":{"@type":"PropertyValueSpecification","valueRequired":true,"valueName":"search_term_string"}}],"inLanguage":"es"},{"@type":"Person","@id":"https:\/\/www.carlosyconchita.net\/rutas\/#\/schema\/person\/a9691f7258c28443fab2d3aa1479ea19","name":"Carlos Conchita","image":{"@type":"ImageObject","inLanguage":"es","@id":"https:\/\/secure.gravatar.com\/avatar\/3a4625b20c8da3de99da69bfe7a322774e291c3f90dce7e8778a30fe6748ed1a?s=96&d=mm&r=g","url":"https:\/\/secure.gravatar.com\/avatar\/3a4625b20c8da3de99da69bfe7a322774e291c3f90dce7e8778a30fe6748ed1a?s=96&d=mm&r=g","contentUrl":"https:\/\/secure.gravatar.com\/avatar\/3a4625b20c8da3de99da69bfe7a322774e291c3f90dce7e8778a30fe6748ed1a?s=96&d=mm&r=g","caption":"Carlos Conchita"}}]}},"_links":{"self":[{"href":"https:\/\/www.carlosyconchita.net\/rutas\/wp-json\/wp\/v2\/posts\/11421","targetHints":{"allow":["GET"]}}],"collection":[{"href":"https:\/\/www.carlosyconchita.net\/rutas\/wp-json\/wp\/v2\/posts"}],"about":[{"href":"https:\/\/www.carlosyconchita.net\/rutas\/wp-json\/wp\/v2\/types\/post"}],"author":[{"embeddable":true,"href":"https:\/\/www.carlosyconchita.net\/rutas\/wp-json\/wp\/v2\/users\/50"}],"replies":[{"embeddable":true,"href":"https:\/\/www.carlosyconchita.net\/rutas\/wp-json\/wp\/v2\/comments?post=11421"}],"version-history":[{"count":0,"href":"https:\/\/www.carlosyconchita.net\/rutas\/wp-json\/wp\/v2\/posts\/11421\/revisions"}],"wp:featuredmedia":[{"embeddable":true,"href":"https:\/\/www.carlosyconchita.net\/rutas\/wp-json\/wp\/v2\/media\/11423"}],"wp:attachment":[{"href":"https:\/\/www.carlosyconchita.net\/rutas\/wp-json\/wp\/v2\/media?parent=11421"}],"wp:term":[{"taxonomy":"category","embeddable":true,"href":"https:\/\/www.carlosyconchita.net\/rutas\/wp-json\/wp\/v2\/categories?post=11421"},{"taxonomy":"post_tag","embeddable":true,"href":"https:\/\/www.carlosyconchita.net\/rutas\/wp-json\/wp\/v2\/tags?post=11421"}],"curies":[{"name":"wp","href":"https:\/\/api.w.org\/{rel}","templated":true}]}}