{"id":11618,"date":"2018-04-30T21:41:07","date_gmt":"2018-04-30T20:41:07","guid":{"rendered":"https:\/\/www.carlosyconchita.net\/rutas\/?p=11618"},"modified":"2021-02-27T19:59:20","modified_gmt":"2021-02-27T18:59:20","slug":"30-04-2018-coll-de-pam-roc-de-la-calme","status":"publish","type":"post","link":"https:\/\/www.carlosyconchita.net\/rutas\/30-04-2018-coll-de-pam-roc-de-la-calme\/","title":{"rendered":"30-04-2018-Coll de Pam &#8211; Roc de la Calme"},"content":{"rendered":"<p style=\"text-align: justify;\">Hoy haremos la que suponemos que va a ser la \u00faltima caminata de la temporada con raquetas, pero como el d\u00eda no esta muy fino, elegimos un sitio cercano y f\u00e1cil, como es la zona de La Calme.<br \/>\nConforme subimos al parking de la Calme, el d\u00eda parece que se complica m\u00e1s y cuando llegamos hay una espesa niebla y hace bastante aire, por lo que esperamos un rato en el coche para ver qu\u00e9 pasa.<\/p>\n<p style=\"text-align: justify;\">Como que el tiempo no se arregla, decidimos volver y anular la caminata, pero cuando bajamos del parking de la Calme, parece que el tiempo aqu\u00ed no est\u00e1 tan mal, y nos dirigimos entonces a la zona del Coll de Pam.<br \/>\nA pesar de la poca distancia entre los dos puntos, parece que aqu\u00ed el tiempo est\u00e1 algo mejor, por lo que nos decidimos a hacer la caminata&#8230; lo que no sabemos es si el tiempo mejor que tenemos aqu\u00ed se extender\u00e1 despu\u00e9s, o nos llegar\u00e1 la niebla del otro lado de la monta\u00f1a.<\/p>\n<hr \/>\n<h3><strong>Album de fotos<\/strong><\/h3>\n<p><a href=\"https:\/\/photos.app.goo.gl\/vvLJQJsV6sGZ62bN7\" target=\"_blank\" rel=\"noopener\"><img loading=\"lazy\" decoding=\"async\" class=\"aligncenter wp-image-11620 size-column4-4\/5\" src=\"https:\/\/www.carlosyconchita.net\/rutas\/wp-content\/uploads\/2018\/06\/CollPam-Calme-0485-240x192.jpg\" alt=\"\" width=\"240\" height=\"192\" srcset=\"https:\/\/www.carlosyconchita.net\/rutas\/wp-content\/uploads\/2018\/06\/CollPam-Calme-0485-240x192.jpg 240w, https:\/\/www.carlosyconchita.net\/rutas\/wp-content\/uploads\/2018\/06\/CollPam-Calme-0485-250x200.jpg 250w, https:\/\/www.carlosyconchita.net\/rutas\/wp-content\/uploads\/2018\/06\/CollPam-Calme-0485-480x384.jpg 480w, https:\/\/www.carlosyconchita.net\/rutas\/wp-content\/uploads\/2018\/06\/CollPam-Calme-0485-320x256.jpg 320w\" sizes=\"auto, (max-width: 240px) 100vw, 240px\" \/><\/a><\/p>\n<p>&nbsp;<\/p>\n<hr \/>\n<p><strong>Dificultad<\/strong> :\u00a0\u00a0\u00a0 F\u00e1cil<\/p>\n<p><strong>Distancia total<\/strong> :\u00a0 5.740<span class=\"totlen\"><span class=\"summaryvalue\"> m<\/span><\/span><\/p>\n<p><strong>Alturas m\u00ednima \/ m\u00e1xima<\/strong> :\u00a0\u00a0\u00a0\u00a0 1.992 m. \u2013\u00a0 2.215\u00a0 m.<\/p>\n<p><strong>Desnivel acumulado (s\/Wikiloc)<\/strong>\u00a0 : \u00a0\u00a0 209\u00a0 m.<\/p>\n<p><strong>Tiempo total \/ en movimiento<\/strong> :\u00a0\u00a0\u00a0\u00a0 3 h. 16 m \u2014\u00a0 1 h. 41 m<\/p>\n<p><strong>\u00a0Vel. media total \/ vel.media movimiento<\/strong> :\u00a0\u00a0\u00a0\u00a0\u00a0 1\u201973 km\/h\u00a0 \u2014\u00a0 3\u201935 km\/h<\/p>\n<p>&nbsp;<\/p>\n<hr \/>\n<p>Subiendo a la zona de la Calme.<\/p>\n<p><img decoding=\"async\" src=\"https:\/\/farm1.staticflickr.com\/971\/26937488017_5a971f668a_o.jpg\" \/><\/p>\n<p>El parking de la Calme.<\/p>\n<p><img decoding=\"async\" src=\"https:\/\/farm1.staticflickr.com\/903\/26937487497_c97ffea085_o.jpg\" \/><\/p>\n<p><img decoding=\"async\" src=\"https:\/\/farm1.staticflickr.com\/946\/26937487367_5552955467_o.jpg\" \/><\/p>\n<p>Llegamos a la zona de Belvedere, en el Coll de Pam.<\/p>\n<p><img decoding=\"async\" src=\"https:\/\/farm1.staticflickr.com\/957\/26937487127_8194908b1b_o.jpg\" \/><\/p>\n<p><img decoding=\"async\" src=\"https:\/\/farm1.staticflickr.com\/870\/26937486917_69cb505c5e_o.jpg\" \/><\/p>\n<p>Empezamos a caminar subiendo por la pista que\u00a0 empieza en el centro del parking.<\/p>\n<p><img decoding=\"async\" src=\"https:\/\/farm1.staticflickr.com\/825\/26937486657_1703812668_o.jpg\" \/><\/p>\n<p style=\"text-align: justify;\">Finalmente, como que el tiempo parece que se arregla, una vez llegamos arriba al final de la pista, continuamos caminando en direcci\u00f3n primero a la zona de Gallineras, una especie de \u00abplaza\u00bb a donde llegan varios telesillas, y continuando despu\u00e9s hacia el Roc de la Calme, que es la parte alta del parking del mismo nombre donde a primera hora estaba tan nublado y a donde no nos hemos atrevido antes a subir por el mal tiempo.<\/p>\n<p><img decoding=\"async\" src=\"https:\/\/farm1.staticflickr.com\/977\/26937485817_c979981e7a_o.jpg\" \/><\/p>\n<p><img decoding=\"async\" src=\"https:\/\/farm1.staticflickr.com\/944\/26937485587_93c2376dab_o.jpg\" \/><\/p>\n<p><img decoding=\"async\" src=\"https:\/\/farm1.staticflickr.com\/958\/26937485007_a15716bacd_o.jpg\" \/><\/p>\n<p><img decoding=\"async\" src=\"https:\/\/farm1.staticflickr.com\/869\/41088795384_df253cb222_o.jpg\" \/><\/p>\n<p><img decoding=\"async\" src=\"https:\/\/farm1.staticflickr.com\/974\/41088794844_37f257110c_o.jpg\" \/><\/p>\n<p><img decoding=\"async\" src=\"https:\/\/farm1.staticflickr.com\/947\/26937481377_28900e61ef_o.jpg\" \/><\/p>\n<p>Vista de la Cambre d&#8217;Aze (con zoom)<\/p>\n<p><img decoding=\"async\" src=\"https:\/\/farm1.staticflickr.com\/954\/39998573670_55befe9176_o.jpg\" \/><\/p>\n<p><img decoding=\"async\" src=\"https:\/\/farm1.staticflickr.com\/872\/41764025282_7a692f7b7b_o.jpg\" \/><\/p>\n<p>Esta estaci\u00f3n es la \u00fanica en la que hemos visto, que cuando termina la tamporada de ski, envuelven los telesillas con pl\u00e1stico.<\/p>\n<p><img decoding=\"async\" src=\"https:\/\/farm1.staticflickr.com\/872\/39998573220_873c616290_o.jpg\" \/><\/p>\n<p>Mirando hacia los valles de Llo, Eyne y el Puigmal<\/p>\n<p><img decoding=\"async\" src=\"https:\/\/farm1.staticflickr.com\/967\/26937477667_fcff080260_o.jpg\" \/><\/p>\n<p>El Pic dels Moros, donde hemos ido varias veces, tanto con raquetas como sin raquetas.<\/p>\n<p><img decoding=\"async\" src=\"https:\/\/farm1.staticflickr.com\/955\/26937476907_78701e1280_o.jpg\" \/><\/p>\n<p>&nbsp;<\/p>\n<p><img decoding=\"async\" src=\"https:\/\/farm1.staticflickr.com\/971\/39998568300_ebb00bf9a4_o.jpg\" \/><\/p>\n<p><img decoding=\"async\" src=\"https:\/\/farm1.staticflickr.com\/970\/41805716881_f200ab0950_o.jpg\" \/><\/p>\n<p>Vista de la sierra del Cad\u00ed (con bastante zoom)<\/p>\n<p><img decoding=\"async\" src=\"https:\/\/farm1.staticflickr.com\/872\/39998566710_298e9ef560_o.jpg\" \/><\/p>\n<p>Llegamos al Roc de la Calme, con unas muy bonitas vistas.<\/p>\n<p><img decoding=\"async\" src=\"https:\/\/farm1.staticflickr.com\/976\/41805715781_deac1d4c07_o.jpg\" \/><\/p>\n<p>Vista del parking de la Calme, a donde hemos ido a primera hora sin atrevernos a empezar a caminar desde esta zona.<\/p>\n<p><img decoding=\"async\" src=\"https:\/\/farm1.staticflickr.com\/944\/39998566210_7524d02f00_o.jpg\" \/><\/p>\n<p>Y ahora una vista del lago de las Boullosas, bastante lejos, en el centro de la foto.<\/p>\n<p><img decoding=\"async\" src=\"https:\/\/farm1.staticflickr.com\/829\/39998564950_cb8b8c8418_o.jpg\" \/><\/p>\n<p>Y ahora con zoom .<\/p>\n<p><img decoding=\"async\" src=\"https:\/\/farm1.staticflickr.com\/828\/41805714411_f7e3b9aeda_o.jpg\" \/><\/p>\n<p>Y mas al fondo , los picos de los Perichs, donde queremos subir este a\u00f1o.<\/p>\n<p><img decoding=\"async\" src=\"https:\/\/farm1.staticflickr.com\/948\/41805713721_354dec76a8_o.jpg\" \/><\/p>\n<p><img decoding=\"async\" src=\"https:\/\/farm1.staticflickr.com\/978\/39998561060_7052deb2b5_o.jpg\" \/><\/p>\n<p>Volvemos despu\u00e9s al punto de partida bajando por unas pistas distintas de las que hemos subido, aunque las vistas contin\u00faan siendo muy bonitas.<\/p>\n<p><img decoding=\"async\" src=\"https:\/\/farm1.staticflickr.com\/964\/39998558730_a64bdede6d_o.jpg\" \/><\/p>\n<p><img decoding=\"async\" src=\"https:\/\/farm1.staticflickr.com\/965\/39998560020_3eb6595345_o.jpg\" \/><\/p>\n<hr \/>\n<h3><strong>Track de la ruta<\/strong><\/h3>\n<p>[sgpx gpx=\u00bb\/wp-content\/uploads\/gpx\/ColldePam-RocCalme.gpx\u00bb]<\/p>\n<hr \/>\n<p>&nbsp;<\/p>\n<p style=\"text-align: justify;\"><span style=\"color: #ff0000; background-color: #ffffff; font-size: 14pt;\"><strong>Si te ha gustado, comp\u00e1rtelo en tu red favorita o env\u00edanos tu comentario.<br \/>\n<\/strong><\/span><\/p>\n<p style=\"text-align: justify;\"><span style=\"font-size: 14pt;\"><strong><span style=\"color: #ff0000;\">Muchas gracias !<\/span><\/strong><\/span><\/p>\n<hr \/>\n<p style=\"text-align: justify;\"><strong><span style=\"color: #008000;\">Suscribete si quieres recibir un mail cuando publiquemos nuevas rutas : no enviamos publicidad y como m\u00e1ximo enviamos 2 mails al mes<\/span><\/strong><\/p>\n<p style=\"text-align: center;\"><a href=\"https:\/\/mailchi.mp\/6989c83a3e24\/wmv06rtqcz\/\" target=\"_blank\" rel=\"noopener\"><strong><span style=\"color: #0000ff;\">Pulsa aqu\u00ed para suscribirte<\/span><\/strong><\/a><\/p>\n<hr \/>\n<p style=\"text-align: justify;\">\u00a0<\/p>\n<h3 style=\"text-align: justify;\">Puedes imprimir esta publicaci\u00f3n o guardarla en diferentes formatos :<\/h3>\n<p style=\"text-align: justify;\"><span style=\"color: #ff0000; font-size: 14pt;\">Para facilitar la impresi\u00f3n, se ha reducido considerablemente el tama\u00f1o de las fotos, pero si deseas imprimir sin fotos, aconsejamos guardarlo como \u201cdoc\u201d, y antes de imprimirlo, eliminar las fotos<\/span><\/p>\n<hr \/>\n<h3><strong>Enlace Wikiloc<\/strong><\/h3>\n<p><a href=\"https:\/\/es.wikiloc.com\/rutas-raquetas\/coll-de-pam-roc-de-la-calme-25896403\" target=\"_blank\" rel=\"noopener\"><img loading=\"lazy\" decoding=\"async\" class=\"size-full wp-image-958 aligncenter\" src=\"https:\/\/www.carlosyconchita.net\/rutas\/wp-content\/uploads\/2020\/09\/wikiloc.jpg\" alt=\"\" width=\"117\" height=\"34\" \/><\/a><\/p>\n<hr \/>\n<p>&nbsp;<\/p>\n","protected":false},"excerpt":{"rendered":"<p>Hoy haremos la que suponemos que va a ser la \u00faltima caminata de la temporada con raquetas, pero como el d\u00eda no esta muy fino, elegimos un sitio cercano y f\u00e1cil, como es la zona de La Calme. Conforme subimos al parking de la Calme, el d\u00eda parece que se complica m\u00e1s y cuando llegamos [&hellip;]<\/p>\n","protected":false},"author":50,"featured_media":11620,"comment_status":"open","ping_status":"open","sticky":false,"template":"","format":"standard","meta":{"footnotes":""},"categories":[10,106,22,18],"tags":[],"class_list":{"0":"post-11618","1":"post","2":"type-post","3":"status-publish","4":"format-standard","5":"has-post-thumbnail","6":"hentry","7":"category-facil","8":"category-nuestros-100-cims","9":"category-de-05-a-10-km","10":"category-font-romeu-bolquere","12":"post-with-thumbnail","13":"post-with-thumbnail-icon"},"yoast_head":"<!-- This site is optimized with the Yoast SEO plugin v27.4 - https:\/\/yoast.com\/product\/yoast-seo-wordpress\/ -->\n<title>30-04-2018-Coll de Pam - Roc de la Calme -<\/title>\n<meta name=\"robots\" content=\"index, follow, max-snippet:-1, max-image-preview:large, max-video-preview:-1\" \/>\n<link rel=\"canonical\" href=\"https:\/\/www.carlosyconchita.net\/rutas\/30-04-2018-coll-de-pam-roc-de-la-calme\/\" \/>\n<meta property=\"og:locale\" content=\"es_ES\" \/>\n<meta property=\"og:type\" content=\"article\" \/>\n<meta property=\"og:title\" content=\"30-04-2018-Coll de Pam - Roc de la Calme -\" \/>\n<meta property=\"og:description\" content=\"Hoy haremos la que suponemos que va a ser la \u00faltima caminata de la temporada con raquetas, pero como el d\u00eda no esta muy fino, elegimos un sitio cercano y f\u00e1cil, como es la zona de La Calme. Conforme subimos al parking de la Calme, el d\u00eda parece que se complica m\u00e1s y cuando llegamos [&hellip;]\" \/>\n<meta property=\"og:url\" content=\"https:\/\/www.carlosyconchita.net\/rutas\/30-04-2018-coll-de-pam-roc-de-la-calme\/\" \/>\n<meta property=\"og:site_name\" content=\"Las rutas de Carlos y Conchita\" \/>\n<meta property=\"article:published_time\" content=\"2018-04-30T20:41:07+00:00\" \/>\n<meta property=\"article:modified_time\" content=\"2021-02-27T18:59:20+00:00\" \/>\n<meta property=\"og:image\" content=\"https:\/\/www.carlosyconchita.net\/rutas\/wp-content\/uploads\/2018\/06\/CollPam-Calme-0485.jpg\" \/>\n\t<meta property=\"og:image:width\" content=\"1024\" \/>\n\t<meta property=\"og:image:height\" content=\"576\" \/>\n\t<meta property=\"og:image:type\" content=\"image\/jpeg\" \/>\n<meta name=\"author\" content=\"Carlos Conchita\" \/>\n<meta name=\"twitter:label1\" content=\"Escrito por\" \/>\n\t<meta name=\"twitter:data1\" content=\"Carlos Conchita\" \/>\n\t<meta name=\"twitter:label2\" content=\"Tiempo de lectura\" \/>\n\t<meta name=\"twitter:data2\" content=\"3 minutos\" \/>\n<script type=\"application\/ld+json\" class=\"yoast-schema-graph\">{\"@context\":\"https:\\\/\\\/schema.org\",\"@graph\":[{\"@type\":\"Article\",\"@id\":\"https:\\\/\\\/www.carlosyconchita.net\\\/rutas\\\/30-04-2018-coll-de-pam-roc-de-la-calme\\\/#article\",\"isPartOf\":{\"@id\":\"https:\\\/\\\/www.carlosyconchita.net\\\/rutas\\\/30-04-2018-coll-de-pam-roc-de-la-calme\\\/\"},\"author\":{\"name\":\"Carlos Conchita\",\"@id\":\"https:\\\/\\\/www.carlosyconchita.net\\\/rutas\\\/#\\\/schema\\\/person\\\/a9691f7258c28443fab2d3aa1479ea19\"},\"headline\":\"30-04-2018-Coll de Pam &#8211; Roc de la Calme\",\"datePublished\":\"2018-04-30T20:41:07+00:00\",\"dateModified\":\"2021-02-27T18:59:20+00:00\",\"mainEntityOfPage\":{\"@id\":\"https:\\\/\\\/www.carlosyconchita.net\\\/rutas\\\/30-04-2018-coll-de-pam-roc-de-la-calme\\\/\"},\"wordCount\":603,\"commentCount\":0,\"image\":{\"@id\":\"https:\\\/\\\/www.carlosyconchita.net\\\/rutas\\\/30-04-2018-coll-de-pam-roc-de-la-calme\\\/#primaryimage\"},\"thumbnailUrl\":\"https:\\\/\\\/www.carlosyconchita.net\\\/rutas\\\/wp-content\\\/uploads\\\/2018\\\/06\\\/CollPam-Calme-0485.jpg\",\"articleSection\":[\"1-F\u00e1cil\",\"100 Cims Carlos y Conchita\",\"2 - De 5 a 10 km.\",\"Font Romeu\"],\"inLanguage\":\"es\",\"potentialAction\":[{\"@type\":\"CommentAction\",\"name\":\"Comment\",\"target\":[\"https:\\\/\\\/www.carlosyconchita.net\\\/rutas\\\/30-04-2018-coll-de-pam-roc-de-la-calme\\\/#respond\"]}]},{\"@type\":\"WebPage\",\"@id\":\"https:\\\/\\\/www.carlosyconchita.net\\\/rutas\\\/30-04-2018-coll-de-pam-roc-de-la-calme\\\/\",\"url\":\"https:\\\/\\\/www.carlosyconchita.net\\\/rutas\\\/30-04-2018-coll-de-pam-roc-de-la-calme\\\/\",\"name\":\"30-04-2018-Coll de Pam - Roc de la Calme -\",\"isPartOf\":{\"@id\":\"https:\\\/\\\/www.carlosyconchita.net\\\/rutas\\\/#website\"},\"primaryImageOfPage\":{\"@id\":\"https:\\\/\\\/www.carlosyconchita.net\\\/rutas\\\/30-04-2018-coll-de-pam-roc-de-la-calme\\\/#primaryimage\"},\"image\":{\"@id\":\"https:\\\/\\\/www.carlosyconchita.net\\\/rutas\\\/30-04-2018-coll-de-pam-roc-de-la-calme\\\/#primaryimage\"},\"thumbnailUrl\":\"https:\\\/\\\/www.carlosyconchita.net\\\/rutas\\\/wp-content\\\/uploads\\\/2018\\\/06\\\/CollPam-Calme-0485.jpg\",\"datePublished\":\"2018-04-30T20:41:07+00:00\",\"dateModified\":\"2021-02-27T18:59:20+00:00\",\"author\":{\"@id\":\"https:\\\/\\\/www.carlosyconchita.net\\\/rutas\\\/#\\\/schema\\\/person\\\/a9691f7258c28443fab2d3aa1479ea19\"},\"breadcrumb\":{\"@id\":\"https:\\\/\\\/www.carlosyconchita.net\\\/rutas\\\/30-04-2018-coll-de-pam-roc-de-la-calme\\\/#breadcrumb\"},\"inLanguage\":\"es\",\"potentialAction\":[{\"@type\":\"ReadAction\",\"target\":[\"https:\\\/\\\/www.carlosyconchita.net\\\/rutas\\\/30-04-2018-coll-de-pam-roc-de-la-calme\\\/\"]}]},{\"@type\":\"ImageObject\",\"inLanguage\":\"es\",\"@id\":\"https:\\\/\\\/www.carlosyconchita.net\\\/rutas\\\/30-04-2018-coll-de-pam-roc-de-la-calme\\\/#primaryimage\",\"url\":\"https:\\\/\\\/www.carlosyconchita.net\\\/rutas\\\/wp-content\\\/uploads\\\/2018\\\/06\\\/CollPam-Calme-0485.jpg\",\"contentUrl\":\"https:\\\/\\\/www.carlosyconchita.net\\\/rutas\\\/wp-content\\\/uploads\\\/2018\\\/06\\\/CollPam-Calme-0485.jpg\",\"width\":1024,\"height\":576},{\"@type\":\"BreadcrumbList\",\"@id\":\"https:\\\/\\\/www.carlosyconchita.net\\\/rutas\\\/30-04-2018-coll-de-pam-roc-de-la-calme\\\/#breadcrumb\",\"itemListElement\":[{\"@type\":\"ListItem\",\"position\":1,\"name\":\"Portada\",\"item\":\"https:\\\/\\\/www.carlosyconchita.net\\\/rutas\\\/\"},{\"@type\":\"ListItem\",\"position\":2,\"name\":\"30-04-2018-Coll de Pam &#8211; Roc de la Calme\"}]},{\"@type\":\"WebSite\",\"@id\":\"https:\\\/\\\/www.carlosyconchita.net\\\/rutas\\\/#website\",\"url\":\"https:\\\/\\\/www.carlosyconchita.net\\\/rutas\\\/\",\"name\":\"Las rutas de Carlos y Conchita\",\"description\":\"\",\"potentialAction\":[{\"@type\":\"SearchAction\",\"target\":{\"@type\":\"EntryPoint\",\"urlTemplate\":\"https:\\\/\\\/www.carlosyconchita.net\\\/rutas\\\/?s={search_term_string}\"},\"query-input\":{\"@type\":\"PropertyValueSpecification\",\"valueRequired\":true,\"valueName\":\"search_term_string\"}}],\"inLanguage\":\"es\"},{\"@type\":\"Person\",\"@id\":\"https:\\\/\\\/www.carlosyconchita.net\\\/rutas\\\/#\\\/schema\\\/person\\\/a9691f7258c28443fab2d3aa1479ea19\",\"name\":\"Carlos Conchita\",\"image\":{\"@type\":\"ImageObject\",\"inLanguage\":\"es\",\"@id\":\"https:\\\/\\\/secure.gravatar.com\\\/avatar\\\/3a4625b20c8da3de99da69bfe7a322774e291c3f90dce7e8778a30fe6748ed1a?s=96&d=mm&r=g\",\"url\":\"https:\\\/\\\/secure.gravatar.com\\\/avatar\\\/3a4625b20c8da3de99da69bfe7a322774e291c3f90dce7e8778a30fe6748ed1a?s=96&d=mm&r=g\",\"contentUrl\":\"https:\\\/\\\/secure.gravatar.com\\\/avatar\\\/3a4625b20c8da3de99da69bfe7a322774e291c3f90dce7e8778a30fe6748ed1a?s=96&d=mm&r=g\",\"caption\":\"Carlos Conchita\"}}]}<\/script>\n<!-- \/ Yoast SEO plugin. -->","yoast_head_json":{"title":"30-04-2018-Coll de Pam - Roc de la Calme -","robots":{"index":"index","follow":"follow","max-snippet":"max-snippet:-1","max-image-preview":"max-image-preview:large","max-video-preview":"max-video-preview:-1"},"canonical":"https:\/\/www.carlosyconchita.net\/rutas\/30-04-2018-coll-de-pam-roc-de-la-calme\/","og_locale":"es_ES","og_type":"article","og_title":"30-04-2018-Coll de Pam - Roc de la Calme -","og_description":"Hoy haremos la que suponemos que va a ser la \u00faltima caminata de la temporada con raquetas, pero como el d\u00eda no esta muy fino, elegimos un sitio cercano y f\u00e1cil, como es la zona de La Calme. Conforme subimos al parking de la Calme, el d\u00eda parece que se complica m\u00e1s y cuando llegamos [&hellip;]","og_url":"https:\/\/www.carlosyconchita.net\/rutas\/30-04-2018-coll-de-pam-roc-de-la-calme\/","og_site_name":"Las rutas de Carlos y Conchita","article_published_time":"2018-04-30T20:41:07+00:00","article_modified_time":"2021-02-27T18:59:20+00:00","og_image":[{"width":1024,"height":576,"url":"https:\/\/www.carlosyconchita.net\/rutas\/wp-content\/uploads\/2018\/06\/CollPam-Calme-0485.jpg","type":"image\/jpeg"}],"author":"Carlos Conchita","twitter_misc":{"Escrito por":"Carlos Conchita","Tiempo de lectura":"3 minutos"},"schema":{"@context":"https:\/\/schema.org","@graph":[{"@type":"Article","@id":"https:\/\/www.carlosyconchita.net\/rutas\/30-04-2018-coll-de-pam-roc-de-la-calme\/#article","isPartOf":{"@id":"https:\/\/www.carlosyconchita.net\/rutas\/30-04-2018-coll-de-pam-roc-de-la-calme\/"},"author":{"name":"Carlos Conchita","@id":"https:\/\/www.carlosyconchita.net\/rutas\/#\/schema\/person\/a9691f7258c28443fab2d3aa1479ea19"},"headline":"30-04-2018-Coll de Pam &#8211; Roc de la Calme","datePublished":"2018-04-30T20:41:07+00:00","dateModified":"2021-02-27T18:59:20+00:00","mainEntityOfPage":{"@id":"https:\/\/www.carlosyconchita.net\/rutas\/30-04-2018-coll-de-pam-roc-de-la-calme\/"},"wordCount":603,"commentCount":0,"image":{"@id":"https:\/\/www.carlosyconchita.net\/rutas\/30-04-2018-coll-de-pam-roc-de-la-calme\/#primaryimage"},"thumbnailUrl":"https:\/\/www.carlosyconchita.net\/rutas\/wp-content\/uploads\/2018\/06\/CollPam-Calme-0485.jpg","articleSection":["1-F\u00e1cil","100 Cims Carlos y Conchita","2 - De 5 a 10 km.","Font Romeu"],"inLanguage":"es","potentialAction":[{"@type":"CommentAction","name":"Comment","target":["https:\/\/www.carlosyconchita.net\/rutas\/30-04-2018-coll-de-pam-roc-de-la-calme\/#respond"]}]},{"@type":"WebPage","@id":"https:\/\/www.carlosyconchita.net\/rutas\/30-04-2018-coll-de-pam-roc-de-la-calme\/","url":"https:\/\/www.carlosyconchita.net\/rutas\/30-04-2018-coll-de-pam-roc-de-la-calme\/","name":"30-04-2018-Coll de Pam - Roc de la Calme -","isPartOf":{"@id":"https:\/\/www.carlosyconchita.net\/rutas\/#website"},"primaryImageOfPage":{"@id":"https:\/\/www.carlosyconchita.net\/rutas\/30-04-2018-coll-de-pam-roc-de-la-calme\/#primaryimage"},"image":{"@id":"https:\/\/www.carlosyconchita.net\/rutas\/30-04-2018-coll-de-pam-roc-de-la-calme\/#primaryimage"},"thumbnailUrl":"https:\/\/www.carlosyconchita.net\/rutas\/wp-content\/uploads\/2018\/06\/CollPam-Calme-0485.jpg","datePublished":"2018-04-30T20:41:07+00:00","dateModified":"2021-02-27T18:59:20+00:00","author":{"@id":"https:\/\/www.carlosyconchita.net\/rutas\/#\/schema\/person\/a9691f7258c28443fab2d3aa1479ea19"},"breadcrumb":{"@id":"https:\/\/www.carlosyconchita.net\/rutas\/30-04-2018-coll-de-pam-roc-de-la-calme\/#breadcrumb"},"inLanguage":"es","potentialAction":[{"@type":"ReadAction","target":["https:\/\/www.carlosyconchita.net\/rutas\/30-04-2018-coll-de-pam-roc-de-la-calme\/"]}]},{"@type":"ImageObject","inLanguage":"es","@id":"https:\/\/www.carlosyconchita.net\/rutas\/30-04-2018-coll-de-pam-roc-de-la-calme\/#primaryimage","url":"https:\/\/www.carlosyconchita.net\/rutas\/wp-content\/uploads\/2018\/06\/CollPam-Calme-0485.jpg","contentUrl":"https:\/\/www.carlosyconchita.net\/rutas\/wp-content\/uploads\/2018\/06\/CollPam-Calme-0485.jpg","width":1024,"height":576},{"@type":"BreadcrumbList","@id":"https:\/\/www.carlosyconchita.net\/rutas\/30-04-2018-coll-de-pam-roc-de-la-calme\/#breadcrumb","itemListElement":[{"@type":"ListItem","position":1,"name":"Portada","item":"https:\/\/www.carlosyconchita.net\/rutas\/"},{"@type":"ListItem","position":2,"name":"30-04-2018-Coll de Pam &#8211; Roc de la Calme"}]},{"@type":"WebSite","@id":"https:\/\/www.carlosyconchita.net\/rutas\/#website","url":"https:\/\/www.carlosyconchita.net\/rutas\/","name":"Las rutas de Carlos y Conchita","description":"","potentialAction":[{"@type":"SearchAction","target":{"@type":"EntryPoint","urlTemplate":"https:\/\/www.carlosyconchita.net\/rutas\/?s={search_term_string}"},"query-input":{"@type":"PropertyValueSpecification","valueRequired":true,"valueName":"search_term_string"}}],"inLanguage":"es"},{"@type":"Person","@id":"https:\/\/www.carlosyconchita.net\/rutas\/#\/schema\/person\/a9691f7258c28443fab2d3aa1479ea19","name":"Carlos Conchita","image":{"@type":"ImageObject","inLanguage":"es","@id":"https:\/\/secure.gravatar.com\/avatar\/3a4625b20c8da3de99da69bfe7a322774e291c3f90dce7e8778a30fe6748ed1a?s=96&d=mm&r=g","url":"https:\/\/secure.gravatar.com\/avatar\/3a4625b20c8da3de99da69bfe7a322774e291c3f90dce7e8778a30fe6748ed1a?s=96&d=mm&r=g","contentUrl":"https:\/\/secure.gravatar.com\/avatar\/3a4625b20c8da3de99da69bfe7a322774e291c3f90dce7e8778a30fe6748ed1a?s=96&d=mm&r=g","caption":"Carlos Conchita"}}]}},"_links":{"self":[{"href":"https:\/\/www.carlosyconchita.net\/rutas\/wp-json\/wp\/v2\/posts\/11618","targetHints":{"allow":["GET"]}}],"collection":[{"href":"https:\/\/www.carlosyconchita.net\/rutas\/wp-json\/wp\/v2\/posts"}],"about":[{"href":"https:\/\/www.carlosyconchita.net\/rutas\/wp-json\/wp\/v2\/types\/post"}],"author":[{"embeddable":true,"href":"https:\/\/www.carlosyconchita.net\/rutas\/wp-json\/wp\/v2\/users\/50"}],"replies":[{"embeddable":true,"href":"https:\/\/www.carlosyconchita.net\/rutas\/wp-json\/wp\/v2\/comments?post=11618"}],"version-history":[{"count":0,"href":"https:\/\/www.carlosyconchita.net\/rutas\/wp-json\/wp\/v2\/posts\/11618\/revisions"}],"wp:featuredmedia":[{"embeddable":true,"href":"https:\/\/www.carlosyconchita.net\/rutas\/wp-json\/wp\/v2\/media\/11620"}],"wp:attachment":[{"href":"https:\/\/www.carlosyconchita.net\/rutas\/wp-json\/wp\/v2\/media?parent=11618"}],"wp:term":[{"taxonomy":"category","embeddable":true,"href":"https:\/\/www.carlosyconchita.net\/rutas\/wp-json\/wp\/v2\/categories?post=11618"},{"taxonomy":"post_tag","embeddable":true,"href":"https:\/\/www.carlosyconchita.net\/rutas\/wp-json\/wp\/v2\/tags?post=11618"}],"curies":[{"name":"wp","href":"https:\/\/api.w.org\/{rel}","templated":true}]}}