{"id":11796,"date":"2018-07-28T16:59:48","date_gmt":"2018-07-28T15:59:48","guid":{"rendered":"https:\/\/www.carlosyconchita.net\/rutas\/?p=11796"},"modified":"2021-11-20T19:10:19","modified_gmt":"2021-11-20T18:10:19","slug":"28-07-2018-puigmal-desde-fontalba","status":"publish","type":"post","link":"https:\/\/www.carlosyconchita.net\/rutas\/28-07-2018-puigmal-desde-fontalba\/","title":{"rendered":"28-07-2018-Puigmal desde Fontalba (100 Cims)"},"content":{"rendered":"<p>Por fin hemos subido al Puigmal, pico que ten\u00edamos pendiente y en nuestra lista desde hace tiempo, aunque de \u00abPuigmals\u00bb hay varios, y hoy solo hemos hecho uno de ellos, el de Err.<\/p>\n<p>Hemos elegido la subida desde Fontalba, ya que es la ruta que tiene menos desnivel acumulado y para llegar al punto de partida nos dirigimos a Queralbs, y all\u00ed cogeremos un camino de tierra que nos llevar\u00e1 despu\u00e9s de unos 12 km. al parking de Fontalba, donde acaba este camino.<\/p>\n<hr \/>\n<h3><strong>Album de fotos<\/strong><\/h3>\n<p><a href=\"https:\/\/photos.app.goo.gl\/whUAPkpKK8nch6os5\" target=\"_blank\" rel=\"noopener\"><img loading=\"lazy\" decoding=\"async\" class=\"aligncenter wp-image-11798 size-column4-4\/5\" src=\"https:\/\/www.carlosyconchita.net\/rutas\/wp-content\/uploads\/2018\/09\/Puigmal-00060-240x192.jpg\" alt=\"\" width=\"240\" height=\"192\" srcset=\"https:\/\/www.carlosyconchita.net\/rutas\/wp-content\/uploads\/2018\/09\/Puigmal-00060-240x192.jpg 240w, https:\/\/www.carlosyconchita.net\/rutas\/wp-content\/uploads\/2018\/09\/Puigmal-00060-250x200.jpg 250w, https:\/\/www.carlosyconchita.net\/rutas\/wp-content\/uploads\/2018\/09\/Puigmal-00060-960x764.jpg 960w, https:\/\/www.carlosyconchita.net\/rutas\/wp-content\/uploads\/2018\/09\/Puigmal-00060-480x384.jpg 480w, https:\/\/www.carlosyconchita.net\/rutas\/wp-content\/uploads\/2018\/09\/Puigmal-00060-320x256.jpg 320w\" sizes=\"auto, (max-width: 240px) 100vw, 240px\" \/><\/a><\/p>\n<hr \/>\n<p><strong>Dificultad<\/strong> :\u00a0\u00a0\u00a0 Moderada<\/p>\n<p><strong>Distancia total<\/strong> :\u00a0 \u00a0 9.729\u00a0\u00a0<span class=\"totlen\"><span class=\"summaryvalue\"> m. <br \/>\n<\/span><\/span><\/p>\n<p><strong>Alturas m\u00ednima \/ m\u00e1xima<\/strong> :\u00a0 \u00a0 2.048 m \u2014 2.908 m<\/p>\n<p><strong>Desnivel acumulado (s\/Wikiloc)<\/strong>\u00a0 :\u00a0 \u00a0 \u00a0 874 m.\u00a0<\/p>\n<p><strong>Tiempo total \/ en movimiento<\/strong> :\u00a0 \u00a0 \u00a0 6 h. 07 m. \u00a0 \u2014\u00a0 \u00a03 h . 15 m.<\/p>\n<p><strong>Vel. media total \/ vel.media movimiento<\/strong> :\u00a0\u00a0\u00a0\u00a0 1\u201955 km.\/h. \u2014\u00a0 2\u201991 km.\/h<\/p>\n<hr \/>\n<p>&nbsp;<\/p>\n<p>El final del camino en coche&#8230; aqu\u00ed empezamos a caminar.<\/p>\n<p><img decoding=\"async\" src=\"https:\/\/farm1.staticflickr.com\/850\/29898488758_545afc425d_o.jpg\" \/><\/p>\n<p>&nbsp;<\/p>\n<p>Mirando hacia el Puigmal&#8230;<\/p>\n<p><img decoding=\"async\" src=\"https:\/\/farm2.staticflickr.com\/1817\/42864898555_a9e4e4009c_o.jpg\" \/><\/p>\n<p><img decoding=\"async\" src=\"https:\/\/farm1.staticflickr.com\/858\/29898487288_9d4517f7d2_o.jpg\" \/><\/p>\n<p>Mirando atr\u00e1s vemos la zona de parking al fondo<\/p>\n<p><img decoding=\"async\" src=\"https:\/\/farm2.staticflickr.com\/1818\/42864894415_5ce6d27a91_o.jpg\" \/><\/p>\n<p>Con el zoom, vemos la zona de Tossa del Pas dels Lladres, a donde fuimos el\u00a0 <a href=\"https:\/\/www.carlosyconchita.net\/rutas\/18-11-2017-picos-duraneu-tossa-pas-dels-lladres\/\" target=\"_blank\" rel=\"noopener\"><strong><span style=\"color: #000080;\">18-11-2017-Picos Duraneu y Tossa Pas dels Lladres<\/span><\/strong><\/a><\/p>\n<p><img decoding=\"async\" src=\"https:\/\/farm2.staticflickr.com\/1792\/42864889575_a96cf590d4_o.jpg\" \/><\/p>\n<p>Una zona de fuerte subida, aunque por suerte no muy larga.<\/p>\n<p><img decoding=\"async\" src=\"https:\/\/farm2.staticflickr.com\/1813\/42864888975_5fd44245a5_o.jpg\" \/><\/p>\n<p><img decoding=\"async\" src=\"https:\/\/farm2.staticflickr.com\/1839\/41960511580_b2653370a6_o.jpg\" \/><\/p>\n<p><img decoding=\"async\" src=\"https:\/\/farm2.staticflickr.com\/1775\/29898478368_83824a57a2_o.jpg\" \/><\/p>\n<p><img decoding=\"async\" src=\"https:\/\/farm2.staticflickr.com\/1773\/41960506310_ee2afc6758_o.jpg\" \/><\/p>\n<p>Un \u00faltimo repech\u00f3n y llegamos al Puigmal .<\/p>\n<p><img decoding=\"async\" src=\"https:\/\/farm2.staticflickr.com\/1839\/29898473428_afe8078f30_o.jpg\" \/><\/p>\n<p>&nbsp;<\/p>\n<p>Y por fin, la cima&#8230;<\/p>\n<p>&nbsp;<\/p>\n<p><img decoding=\"async\" src=\"https:\/\/farm2.staticflickr.com\/1840\/29898471888_f153005d35_o.jpg\" \/><\/p>\n<p><img decoding=\"async\" src=\"https:\/\/farm2.staticflickr.com\/1834\/43720755462_ae70ec6319_b.jpg\" \/><\/p>\n<p style=\"text-align: justify;\">Damos una vuelta por la cima para ver como est\u00e1n los caminos hacia los otros Puigmals, podemos ver bonitas vistas en todas direcciones, con restos de nieve todav\u00eda&#8230; y estamos a finales de julio&#8230;.<\/p>\n<p><img decoding=\"async\" src=\"https:\/\/farm1.staticflickr.com\/935\/43720755162_aa2953ac7c_b.jpg\" \/><\/p>\n<p>Mirando hacia Francia, con un poco de zoom.<\/p>\n<p><img decoding=\"async\" src=\"https:\/\/farm2.staticflickr.com\/1793\/43720754732_4a40255080_b.jpg\" \/><\/p>\n<p>Aqui vemos la estaci\u00f3n de ski de Err-Puigmal, cerrada desde hace a\u00f1os, y en la que hemos hecho un mont\u00f3n de excursiones, tanto con raquetas como sin raquetas.<\/p>\n<p><img decoding=\"async\" src=\"https:\/\/farm2.staticflickr.com\/1778\/43720754112_298b5528be_b.jpg\" \/><\/p>\n<p><img decoding=\"async\" src=\"https:\/\/farm1.staticflickr.com\/937\/43720752442_cfa343b1b8_b.jpg\" \/><\/p>\n<p>El camino de bajada es el mismo, pero algo m\u00e1s descansado que la subida.<\/p>\n<p><img decoding=\"async\" src=\"https:\/\/farm1.staticflickr.com\/928\/43720750302_ba6f2ed968_b.jpg\" \/><\/p>\n<p><img decoding=\"async\" src=\"https:\/\/farm2.staticflickr.com\/1800\/43720748692_0283e2f441_b.jpg\" \/><\/p>\n<p><img decoding=\"async\" src=\"https:\/\/farm2.staticflickr.com\/1813\/43720747292_1d46da5ec9_b.jpg\" \/><\/p>\n<p>Una vista del camino de subida hasta el parking.<\/p>\n<p><img decoding=\"async\" src=\"https:\/\/farm1.staticflickr.com\/939\/43720745942_a054479ac9_b.jpg\" \/><\/p>\n<p><img decoding=\"async\" src=\"https:\/\/farm2.staticflickr.com\/1771\/43720745072_4f787d1d4b_b.jpg\" \/><\/p>\n<p>Com bastante zoom, podemos ver\u00a0 a lo lejos el Refugio del Aliga, en Nuria, por donde hemos pasado varias veces.<\/p>\n<p><img decoding=\"async\" src=\"https:\/\/farm1.staticflickr.com\/939\/43720742862_887bb3fcc2_b.jpg\" \/><\/p>\n<hr \/>\n<p>&nbsp;<\/p>\n<p><strong>Track de la ruta<\/strong><\/p>\n<p>[sgpx gpx=\u00bb\/wp-content\/uploads\/gpx\/Fontalba-Puigmal.gpx\u00bb]<\/p>\n<p>&nbsp;<\/p>\n<hr \/>\n<p>&nbsp;<\/p>\n<p style=\"text-align: justify;\"><span style=\"color: #ff0000; background-color: #ffffff; font-size: 14pt;\"><strong>Si te ha gustado, comp\u00e1rtelo en tu red favorita o env\u00edanos tu comentario.<br \/>\n<\/strong><\/span><\/p>\n<p style=\"text-align: justify;\"><span style=\"font-size: 14pt;\"><strong><span style=\"color: #ff0000;\">Muchas gracias !<\/span><\/strong><\/span><\/p>\n<hr \/>\n<p style=\"text-align: justify;\"><strong><span style=\"color: #008000;\">Suscribete si quieres recibir un mail cuando publiquemos nuevas rutas : no enviamos publicidad y como m\u00e1ximo enviamos 2 mails al mes<\/span><\/strong><\/p>\n<p style=\"text-align: center;\"><a href=\"https:\/\/mailchi.mp\/6989c83a3e24\/wmv06rtqcz\/\" target=\"_blank\" rel=\"noopener\"><strong><span style=\"color: #0000ff;\">Pulsa aqu\u00ed para suscribirte<\/span><\/strong><\/a><\/p>\n<hr \/>\n<p style=\"text-align: justify;\">\u00a0<\/p>\n<h3 style=\"text-align: justify;\">Puedes imprimir esta publicaci\u00f3n o guardarla en diferentes formatos :<\/h3>\n<p style=\"text-align: justify;\"><span style=\"color: #ff0000; font-size: 14pt;\">Para facilitar la impresi\u00f3n, se ha reducido considerablemente el tama\u00f1o de las fotos, pero si deseas imprimir sin fotos, aconsejamos guardarlo como \u201cdoc\u201d, y antes de imprimirlo, eliminar las fotos<\/span><\/p>\n<p><span style=\"color: #ff0000;\">\u00a0<\/span><\/p>\n<hr \/>\n<p><strong>Enlace Wikiloc<\/strong><\/p>\n<p><a href=\"https:\/\/es.wikiloc.com\/rutas-senderismo\/puigmal-d-err-desde-fontalba-28660345\" target=\"_blank\" rel=\"noopener\"><img loading=\"lazy\" decoding=\"async\" class=\"size-full wp-image-958 aligncenter\" src=\"https:\/\/www.carlosyconchita.net\/rutas\/wp-content\/uploads\/2020\/09\/wikiloc.jpg\" alt=\"\" width=\"117\" height=\"34\" \/><\/a><\/p>\n<hr \/>\n<p>&nbsp;<\/p>\n","protected":false},"excerpt":{"rendered":"<p>Por fin hemos subido al Puigmal, pico que ten\u00edamos pendiente y en nuestra lista desde hace tiempo, aunque de \u00abPuigmals\u00bb hay varios, y hoy solo hemos hecho uno de ellos, el de Err. Hemos elegido la subida desde Fontalba, ya que es la ruta que tiene menos desnivel acumulado y para llegar al punto de [&hellip;]<\/p>\n","protected":false},"author":50,"featured_media":11798,"comment_status":"open","ping_status":"open","sticky":false,"template":"","format":"standard","meta":{"footnotes":""},"categories":[106,105,22,11,79],"tags":[],"class_list":{"0":"post-11796","1":"post","2":"type-post","3":"status-publish","4":"format-standard","5":"has-post-thumbnail","6":"hentry","7":"category-nuestros-100-cims","8":"category-100-cims-feec","9":"category-de-05-a-10-km","10":"category-moderada","11":"category-nuria","13":"post-with-thumbnail","14":"post-with-thumbnail-icon"},"yoast_head":"<!-- This site is optimized with the Yoast SEO plugin v27.4 - https:\/\/yoast.com\/product\/yoast-seo-wordpress\/ -->\n<title>28-07-2018-Puigmal desde Fontalba (100 Cims) -<\/title>\n<meta name=\"robots\" content=\"index, follow, max-snippet:-1, max-image-preview:large, max-video-preview:-1\" \/>\n<link rel=\"canonical\" href=\"https:\/\/www.carlosyconchita.net\/rutas\/28-07-2018-puigmal-desde-fontalba\/\" \/>\n<meta property=\"og:locale\" content=\"es_ES\" \/>\n<meta property=\"og:type\" content=\"article\" \/>\n<meta property=\"og:title\" content=\"28-07-2018-Puigmal desde Fontalba (100 Cims) -\" \/>\n<meta property=\"og:description\" content=\"Por fin hemos subido al Puigmal, pico que ten\u00edamos pendiente y en nuestra lista desde hace tiempo, aunque de \u00abPuigmals\u00bb hay varios, y hoy solo hemos hecho uno de ellos, el de Err. Hemos elegido la subida desde Fontalba, ya que es la ruta que tiene menos desnivel acumulado y para llegar al punto de [&hellip;]\" \/>\n<meta property=\"og:url\" content=\"https:\/\/www.carlosyconchita.net\/rutas\/28-07-2018-puigmal-desde-fontalba\/\" \/>\n<meta property=\"og:site_name\" content=\"Las rutas de Carlos y Conchita\" \/>\n<meta property=\"article:published_time\" content=\"2018-07-28T15:59:48+00:00\" \/>\n<meta property=\"article:modified_time\" content=\"2021-11-20T18:10:19+00:00\" \/>\n<meta property=\"og:image\" content=\"https:\/\/www.carlosyconchita.net\/rutas\/wp-content\/uploads\/2018\/09\/Puigmal-00060.jpg\" \/>\n\t<meta property=\"og:image:width\" content=\"1019\" \/>\n\t<meta property=\"og:image:height\" content=\"764\" \/>\n\t<meta property=\"og:image:type\" content=\"image\/jpeg\" \/>\n<meta name=\"author\" content=\"Carlos Conchita\" \/>\n<meta name=\"twitter:label1\" content=\"Escrito por\" \/>\n\t<meta name=\"twitter:data1\" content=\"Carlos Conchita\" \/>\n\t<meta name=\"twitter:label2\" content=\"Tiempo de lectura\" \/>\n\t<meta name=\"twitter:data2\" content=\"2 minutos\" \/>\n<script type=\"application\/ld+json\" class=\"yoast-schema-graph\">{\"@context\":\"https:\\\/\\\/schema.org\",\"@graph\":[{\"@type\":\"Article\",\"@id\":\"https:\\\/\\\/www.carlosyconchita.net\\\/rutas\\\/28-07-2018-puigmal-desde-fontalba\\\/#article\",\"isPartOf\":{\"@id\":\"https:\\\/\\\/www.carlosyconchita.net\\\/rutas\\\/28-07-2018-puigmal-desde-fontalba\\\/\"},\"author\":{\"name\":\"Carlos Conchita\",\"@id\":\"https:\\\/\\\/www.carlosyconchita.net\\\/rutas\\\/#\\\/schema\\\/person\\\/a9691f7258c28443fab2d3aa1479ea19\"},\"headline\":\"28-07-2018-Puigmal desde Fontalba (100 Cims)\",\"datePublished\":\"2018-07-28T15:59:48+00:00\",\"dateModified\":\"2021-11-20T18:10:19+00:00\",\"mainEntityOfPage\":{\"@id\":\"https:\\\/\\\/www.carlosyconchita.net\\\/rutas\\\/28-07-2018-puigmal-desde-fontalba\\\/\"},\"wordCount\":425,\"commentCount\":2,\"image\":{\"@id\":\"https:\\\/\\\/www.carlosyconchita.net\\\/rutas\\\/28-07-2018-puigmal-desde-fontalba\\\/#primaryimage\"},\"thumbnailUrl\":\"https:\\\/\\\/www.carlosyconchita.net\\\/rutas\\\/wp-content\\\/uploads\\\/2018\\\/09\\\/Puigmal-00060.jpg\",\"articleSection\":[\"100 Cims Carlos y Conchita\",\"100 Cims FEEC\",\"2 - De 5 a 10 km.\",\"2-Moderada\",\"Nuria\"],\"inLanguage\":\"es\",\"potentialAction\":[{\"@type\":\"CommentAction\",\"name\":\"Comment\",\"target\":[\"https:\\\/\\\/www.carlosyconchita.net\\\/rutas\\\/28-07-2018-puigmal-desde-fontalba\\\/#respond\"]}]},{\"@type\":\"WebPage\",\"@id\":\"https:\\\/\\\/www.carlosyconchita.net\\\/rutas\\\/28-07-2018-puigmal-desde-fontalba\\\/\",\"url\":\"https:\\\/\\\/www.carlosyconchita.net\\\/rutas\\\/28-07-2018-puigmal-desde-fontalba\\\/\",\"name\":\"28-07-2018-Puigmal desde Fontalba (100 Cims) -\",\"isPartOf\":{\"@id\":\"https:\\\/\\\/www.carlosyconchita.net\\\/rutas\\\/#website\"},\"primaryImageOfPage\":{\"@id\":\"https:\\\/\\\/www.carlosyconchita.net\\\/rutas\\\/28-07-2018-puigmal-desde-fontalba\\\/#primaryimage\"},\"image\":{\"@id\":\"https:\\\/\\\/www.carlosyconchita.net\\\/rutas\\\/28-07-2018-puigmal-desde-fontalba\\\/#primaryimage\"},\"thumbnailUrl\":\"https:\\\/\\\/www.carlosyconchita.net\\\/rutas\\\/wp-content\\\/uploads\\\/2018\\\/09\\\/Puigmal-00060.jpg\",\"datePublished\":\"2018-07-28T15:59:48+00:00\",\"dateModified\":\"2021-11-20T18:10:19+00:00\",\"author\":{\"@id\":\"https:\\\/\\\/www.carlosyconchita.net\\\/rutas\\\/#\\\/schema\\\/person\\\/a9691f7258c28443fab2d3aa1479ea19\"},\"breadcrumb\":{\"@id\":\"https:\\\/\\\/www.carlosyconchita.net\\\/rutas\\\/28-07-2018-puigmal-desde-fontalba\\\/#breadcrumb\"},\"inLanguage\":\"es\",\"potentialAction\":[{\"@type\":\"ReadAction\",\"target\":[\"https:\\\/\\\/www.carlosyconchita.net\\\/rutas\\\/28-07-2018-puigmal-desde-fontalba\\\/\"]}]},{\"@type\":\"ImageObject\",\"inLanguage\":\"es\",\"@id\":\"https:\\\/\\\/www.carlosyconchita.net\\\/rutas\\\/28-07-2018-puigmal-desde-fontalba\\\/#primaryimage\",\"url\":\"https:\\\/\\\/www.carlosyconchita.net\\\/rutas\\\/wp-content\\\/uploads\\\/2018\\\/09\\\/Puigmal-00060.jpg\",\"contentUrl\":\"https:\\\/\\\/www.carlosyconchita.net\\\/rutas\\\/wp-content\\\/uploads\\\/2018\\\/09\\\/Puigmal-00060.jpg\",\"width\":1019,\"height\":764},{\"@type\":\"BreadcrumbList\",\"@id\":\"https:\\\/\\\/www.carlosyconchita.net\\\/rutas\\\/28-07-2018-puigmal-desde-fontalba\\\/#breadcrumb\",\"itemListElement\":[{\"@type\":\"ListItem\",\"position\":1,\"name\":\"Portada\",\"item\":\"https:\\\/\\\/www.carlosyconchita.net\\\/rutas\\\/\"},{\"@type\":\"ListItem\",\"position\":2,\"name\":\"28-07-2018-Puigmal desde Fontalba (100 Cims)\"}]},{\"@type\":\"WebSite\",\"@id\":\"https:\\\/\\\/www.carlosyconchita.net\\\/rutas\\\/#website\",\"url\":\"https:\\\/\\\/www.carlosyconchita.net\\\/rutas\\\/\",\"name\":\"Las rutas de Carlos y Conchita\",\"description\":\"\",\"potentialAction\":[{\"@type\":\"SearchAction\",\"target\":{\"@type\":\"EntryPoint\",\"urlTemplate\":\"https:\\\/\\\/www.carlosyconchita.net\\\/rutas\\\/?s={search_term_string}\"},\"query-input\":{\"@type\":\"PropertyValueSpecification\",\"valueRequired\":true,\"valueName\":\"search_term_string\"}}],\"inLanguage\":\"es\"},{\"@type\":\"Person\",\"@id\":\"https:\\\/\\\/www.carlosyconchita.net\\\/rutas\\\/#\\\/schema\\\/person\\\/a9691f7258c28443fab2d3aa1479ea19\",\"name\":\"Carlos Conchita\",\"image\":{\"@type\":\"ImageObject\",\"inLanguage\":\"es\",\"@id\":\"https:\\\/\\\/secure.gravatar.com\\\/avatar\\\/3a4625b20c8da3de99da69bfe7a322774e291c3f90dce7e8778a30fe6748ed1a?s=96&d=mm&r=g\",\"url\":\"https:\\\/\\\/secure.gravatar.com\\\/avatar\\\/3a4625b20c8da3de99da69bfe7a322774e291c3f90dce7e8778a30fe6748ed1a?s=96&d=mm&r=g\",\"contentUrl\":\"https:\\\/\\\/secure.gravatar.com\\\/avatar\\\/3a4625b20c8da3de99da69bfe7a322774e291c3f90dce7e8778a30fe6748ed1a?s=96&d=mm&r=g\",\"caption\":\"Carlos Conchita\"}}]}<\/script>\n<!-- \/ Yoast SEO plugin. -->","yoast_head_json":{"title":"28-07-2018-Puigmal desde Fontalba (100 Cims) -","robots":{"index":"index","follow":"follow","max-snippet":"max-snippet:-1","max-image-preview":"max-image-preview:large","max-video-preview":"max-video-preview:-1"},"canonical":"https:\/\/www.carlosyconchita.net\/rutas\/28-07-2018-puigmal-desde-fontalba\/","og_locale":"es_ES","og_type":"article","og_title":"28-07-2018-Puigmal desde Fontalba (100 Cims) -","og_description":"Por fin hemos subido al Puigmal, pico que ten\u00edamos pendiente y en nuestra lista desde hace tiempo, aunque de \u00abPuigmals\u00bb hay varios, y hoy solo hemos hecho uno de ellos, el de Err. Hemos elegido la subida desde Fontalba, ya que es la ruta que tiene menos desnivel acumulado y para llegar al punto de [&hellip;]","og_url":"https:\/\/www.carlosyconchita.net\/rutas\/28-07-2018-puigmal-desde-fontalba\/","og_site_name":"Las rutas de Carlos y Conchita","article_published_time":"2018-07-28T15:59:48+00:00","article_modified_time":"2021-11-20T18:10:19+00:00","og_image":[{"width":1019,"height":764,"url":"https:\/\/www.carlosyconchita.net\/rutas\/wp-content\/uploads\/2018\/09\/Puigmal-00060.jpg","type":"image\/jpeg"}],"author":"Carlos Conchita","twitter_misc":{"Escrito por":"Carlos Conchita","Tiempo de lectura":"2 minutos"},"schema":{"@context":"https:\/\/schema.org","@graph":[{"@type":"Article","@id":"https:\/\/www.carlosyconchita.net\/rutas\/28-07-2018-puigmal-desde-fontalba\/#article","isPartOf":{"@id":"https:\/\/www.carlosyconchita.net\/rutas\/28-07-2018-puigmal-desde-fontalba\/"},"author":{"name":"Carlos Conchita","@id":"https:\/\/www.carlosyconchita.net\/rutas\/#\/schema\/person\/a9691f7258c28443fab2d3aa1479ea19"},"headline":"28-07-2018-Puigmal desde Fontalba (100 Cims)","datePublished":"2018-07-28T15:59:48+00:00","dateModified":"2021-11-20T18:10:19+00:00","mainEntityOfPage":{"@id":"https:\/\/www.carlosyconchita.net\/rutas\/28-07-2018-puigmal-desde-fontalba\/"},"wordCount":425,"commentCount":2,"image":{"@id":"https:\/\/www.carlosyconchita.net\/rutas\/28-07-2018-puigmal-desde-fontalba\/#primaryimage"},"thumbnailUrl":"https:\/\/www.carlosyconchita.net\/rutas\/wp-content\/uploads\/2018\/09\/Puigmal-00060.jpg","articleSection":["100 Cims Carlos y Conchita","100 Cims FEEC","2 - De 5 a 10 km.","2-Moderada","Nuria"],"inLanguage":"es","potentialAction":[{"@type":"CommentAction","name":"Comment","target":["https:\/\/www.carlosyconchita.net\/rutas\/28-07-2018-puigmal-desde-fontalba\/#respond"]}]},{"@type":"WebPage","@id":"https:\/\/www.carlosyconchita.net\/rutas\/28-07-2018-puigmal-desde-fontalba\/","url":"https:\/\/www.carlosyconchita.net\/rutas\/28-07-2018-puigmal-desde-fontalba\/","name":"28-07-2018-Puigmal desde Fontalba (100 Cims) -","isPartOf":{"@id":"https:\/\/www.carlosyconchita.net\/rutas\/#website"},"primaryImageOfPage":{"@id":"https:\/\/www.carlosyconchita.net\/rutas\/28-07-2018-puigmal-desde-fontalba\/#primaryimage"},"image":{"@id":"https:\/\/www.carlosyconchita.net\/rutas\/28-07-2018-puigmal-desde-fontalba\/#primaryimage"},"thumbnailUrl":"https:\/\/www.carlosyconchita.net\/rutas\/wp-content\/uploads\/2018\/09\/Puigmal-00060.jpg","datePublished":"2018-07-28T15:59:48+00:00","dateModified":"2021-11-20T18:10:19+00:00","author":{"@id":"https:\/\/www.carlosyconchita.net\/rutas\/#\/schema\/person\/a9691f7258c28443fab2d3aa1479ea19"},"breadcrumb":{"@id":"https:\/\/www.carlosyconchita.net\/rutas\/28-07-2018-puigmal-desde-fontalba\/#breadcrumb"},"inLanguage":"es","potentialAction":[{"@type":"ReadAction","target":["https:\/\/www.carlosyconchita.net\/rutas\/28-07-2018-puigmal-desde-fontalba\/"]}]},{"@type":"ImageObject","inLanguage":"es","@id":"https:\/\/www.carlosyconchita.net\/rutas\/28-07-2018-puigmal-desde-fontalba\/#primaryimage","url":"https:\/\/www.carlosyconchita.net\/rutas\/wp-content\/uploads\/2018\/09\/Puigmal-00060.jpg","contentUrl":"https:\/\/www.carlosyconchita.net\/rutas\/wp-content\/uploads\/2018\/09\/Puigmal-00060.jpg","width":1019,"height":764},{"@type":"BreadcrumbList","@id":"https:\/\/www.carlosyconchita.net\/rutas\/28-07-2018-puigmal-desde-fontalba\/#breadcrumb","itemListElement":[{"@type":"ListItem","position":1,"name":"Portada","item":"https:\/\/www.carlosyconchita.net\/rutas\/"},{"@type":"ListItem","position":2,"name":"28-07-2018-Puigmal desde Fontalba (100 Cims)"}]},{"@type":"WebSite","@id":"https:\/\/www.carlosyconchita.net\/rutas\/#website","url":"https:\/\/www.carlosyconchita.net\/rutas\/","name":"Las rutas de Carlos y Conchita","description":"","potentialAction":[{"@type":"SearchAction","target":{"@type":"EntryPoint","urlTemplate":"https:\/\/www.carlosyconchita.net\/rutas\/?s={search_term_string}"},"query-input":{"@type":"PropertyValueSpecification","valueRequired":true,"valueName":"search_term_string"}}],"inLanguage":"es"},{"@type":"Person","@id":"https:\/\/www.carlosyconchita.net\/rutas\/#\/schema\/person\/a9691f7258c28443fab2d3aa1479ea19","name":"Carlos Conchita","image":{"@type":"ImageObject","inLanguage":"es","@id":"https:\/\/secure.gravatar.com\/avatar\/3a4625b20c8da3de99da69bfe7a322774e291c3f90dce7e8778a30fe6748ed1a?s=96&d=mm&r=g","url":"https:\/\/secure.gravatar.com\/avatar\/3a4625b20c8da3de99da69bfe7a322774e291c3f90dce7e8778a30fe6748ed1a?s=96&d=mm&r=g","contentUrl":"https:\/\/secure.gravatar.com\/avatar\/3a4625b20c8da3de99da69bfe7a322774e291c3f90dce7e8778a30fe6748ed1a?s=96&d=mm&r=g","caption":"Carlos Conchita"}}]}},"_links":{"self":[{"href":"https:\/\/www.carlosyconchita.net\/rutas\/wp-json\/wp\/v2\/posts\/11796","targetHints":{"allow":["GET"]}}],"collection":[{"href":"https:\/\/www.carlosyconchita.net\/rutas\/wp-json\/wp\/v2\/posts"}],"about":[{"href":"https:\/\/www.carlosyconchita.net\/rutas\/wp-json\/wp\/v2\/types\/post"}],"author":[{"embeddable":true,"href":"https:\/\/www.carlosyconchita.net\/rutas\/wp-json\/wp\/v2\/users\/50"}],"replies":[{"embeddable":true,"href":"https:\/\/www.carlosyconchita.net\/rutas\/wp-json\/wp\/v2\/comments?post=11796"}],"version-history":[{"count":0,"href":"https:\/\/www.carlosyconchita.net\/rutas\/wp-json\/wp\/v2\/posts\/11796\/revisions"}],"wp:featuredmedia":[{"embeddable":true,"href":"https:\/\/www.carlosyconchita.net\/rutas\/wp-json\/wp\/v2\/media\/11798"}],"wp:attachment":[{"href":"https:\/\/www.carlosyconchita.net\/rutas\/wp-json\/wp\/v2\/media?parent=11796"}],"wp:term":[{"taxonomy":"category","embeddable":true,"href":"https:\/\/www.carlosyconchita.net\/rutas\/wp-json\/wp\/v2\/categories?post=11796"},{"taxonomy":"post_tag","embeddable":true,"href":"https:\/\/www.carlosyconchita.net\/rutas\/wp-json\/wp\/v2\/tags?post=11796"}],"curies":[{"name":"wp","href":"https:\/\/api.w.org\/{rel}","templated":true}]}}