{"id":1181,"date":"2012-11-02T20:08:30","date_gmt":"2012-11-02T18:08:30","guid":{"rendered":"http:\/\/www.carlosyconchita.net\/rutas\/?p=1181"},"modified":"2014-05-31T17:40:47","modified_gmt":"2014-05-31T16:40:47","slug":"02-11-2012-estany-den-comte","status":"publish","type":"post","link":"https:\/\/www.carlosyconchita.net\/rutas\/02-11-2012-estany-den-comte\/","title":{"rendered":"02-11-2012 &#8211; Estany d&#8217;en Comte"},"content":{"rendered":"<table border=\"2\" frame=\"border\">\n<tbody>\n<tr>\n<td><strong>Dificultad :\u00a0 F\u00e1cil<\/strong><\/td>\n<td><strong>Recorrido :\u00a0 7&#8217;220 km.<br \/>\n<\/strong><\/td>\n<\/tr>\n<tr>\n<td><strong>\u00a0Desnivel : 452 m. <\/strong><\/td>\n<td><strong>\u00a0\u00a0\u00a0 Alturas :\u00a0 1.427 \/ 1.731<br \/>\n<\/strong><\/td>\n<\/tr>\n<\/tbody>\n<\/table>\n<p style=\"text-align: justify;\">Bonita excursi\u00f3n que siguiendo el curso del torrente de Mourguillou, nos llevar\u00e1 hasta un peque\u00f1o estanque, y despu\u00e9s el Estany d\u2019en Comte, por un camino entre monta\u00f1as, con\u00a0 unos magn\u00edficas vistas.<\/p>\n<p style=\"text-align: justify;\">Para llegar al punto de inicio de la ruta desde Bourgmadame, cogeremos la carretera en direccion Aix les Thermes \u2013 Port\u00e9 Puymorens.<\/p>\n<p style=\"text-align: justify;\">Pasaremos por Ur, Enveitg, La Tour de Carol, y Porta, y a la salida de esta ultima, cuando veamos las se\u00f1ales del t\u00fanel de peaje de Port\u00e9 (siguiendo recto), nosotros nos desviaremos a la derecha, en direccion al pueblo y al coll de Port\u00e9-Puymorens.<\/p>\n<p style=\"text-align: justify;\">Pasamos el pueblo y empezamos a subir al Coll de Puymorens (1.925 m.)\u00a0 y despu\u00e9s seguimos en direccion a Hospitales-pr\u00e9s-l\u2019Andorre.<\/p>\n<div id=\"attachment_1188\" style=\"width: 650px\" class=\"wp-caption alignleft\"><a href=\"http:\/\/www.carlosyconchita.net\/rutas\/wp-content\/uploads\/2012\/11\/DSC05794.jpg\"><img loading=\"lazy\" decoding=\"async\" aria-describedby=\"caption-attachment-1188\" class=\" wp-image-1188\" title=\"DSC05794\" src=\"http:\/\/www.carlosyconchita.net\/rutas\/wp-content\/uploads\/2012\/11\/DSC05794-1024x576.jpg\" alt=\"\" width=\"640\" height=\"360\" srcset=\"https:\/\/www.carlosyconchita.net\/rutas\/wp-content\/uploads\/2012\/11\/DSC05794-1024x576.jpg 1024w, https:\/\/www.carlosyconchita.net\/rutas\/wp-content\/uploads\/2012\/11\/DSC05794-300x168.jpg 300w, https:\/\/www.carlosyconchita.net\/rutas\/wp-content\/uploads\/2012\/11\/DSC05794-600x338.jpg 600w, https:\/\/www.carlosyconchita.net\/rutas\/wp-content\/uploads\/2012\/11\/DSC05794.jpg 700w\" sizes=\"auto, (max-width: 640px) 100vw, 640px\" \/><\/a><p id=\"caption-attachment-1188\" class=\"wp-caption-text\">Desde la carretera N20 , mirando hacia el Pas de la Casa<\/p><\/div>\n<p style=\"text-align: justify;\">Pasamos este pueblo, y seguimos por la N20 y 8 km. despu\u00e9s, justo al final de un tramo de 2 carriles, cuando veamos a la izquierda una central electrica, \u00a0nosotros saldremos por la derecha en el desvio que pone Camping, cruzamos la carretera y seguimos en direccion al camping por un lateral de la N20 en direccion contraria a la que ibamos.<\/p>\n<p style=\"text-align: justify;\"><a href=\"http:\/\/www.carlosyconchita.net\/rutas\/wp-content\/uploads\/2012\/11\/DSC05795.jpg\"><img loading=\"lazy\" decoding=\"async\" class=\"alignleft size-medium wp-image-1189\" title=\"DSC05795\" src=\"http:\/\/www.carlosyconchita.net\/rutas\/wp-content\/uploads\/2012\/11\/DSC05795-300x225.jpg\" alt=\"\" width=\"300\" height=\"225\" srcset=\"https:\/\/www.carlosyconchita.net\/rutas\/wp-content\/uploads\/2012\/11\/DSC05795-300x225.jpg 300w, https:\/\/www.carlosyconchita.net\/rutas\/wp-content\/uploads\/2012\/11\/DSC05795-1024x768.jpg 1024w, https:\/\/www.carlosyconchita.net\/rutas\/wp-content\/uploads\/2012\/11\/DSC05795.jpg 533w\" sizes=\"auto, (max-width: 300px) 100vw, 300px\" \/><\/a><\/p>\n<p style=\"text-align: justify;\">Cuando veamos un puente a nuestra derecha, lo cruzamos y empezamos a subir por la Pista Forestal de l\u2019Ubac, durante unos 3\u20197 Km. hasta llegar al final, en donde veremos una zona de picnic y espacio para dejar el coche.(aparcamiento des Escaliers)<\/p>\n<p style=\"text-align: justify;\">Alli veremos un indicador y un plano, y empezaremos a subir por una camino de piedras con bastante pendiente, muy sombrio, h\u00famedo y resbaladizo, especialmente en oto\u00f1o, por las hojas caidas, y el agua o hielo que podemos encontrar.<\/p>\n<p style=\"text-align: justify;\"><a href=\"http:\/\/www.carlosyconchita.net\/rutas\/wp-content\/uploads\/2012\/11\/DSC05798.jpg\"><img loading=\"lazy\" decoding=\"async\" class=\"alignleft size-large wp-image-1186\" title=\"DSC05798\" src=\"http:\/\/www.carlosyconchita.net\/rutas\/wp-content\/uploads\/2012\/11\/DSC05798-1024x576.jpg\" alt=\"\" width=\"640\" height=\"360\" srcset=\"https:\/\/www.carlosyconchita.net\/rutas\/wp-content\/uploads\/2012\/11\/DSC05798-1024x576.jpg 1024w, https:\/\/www.carlosyconchita.net\/rutas\/wp-content\/uploads\/2012\/11\/DSC05798-300x168.jpg 300w, https:\/\/www.carlosyconchita.net\/rutas\/wp-content\/uploads\/2012\/11\/DSC05798-600x338.jpg 600w, https:\/\/www.carlosyconchita.net\/rutas\/wp-content\/uploads\/2012\/11\/DSC05798.jpg 700w\" sizes=\"auto, (max-width: 640px) 100vw, 640px\" \/><\/a><\/p>\n<p style=\"text-align: justify;\"><a href=\"http:\/\/www.carlosyconchita.net\/rutas\/wp-content\/uploads\/2012\/11\/DSC05803.jpg\"><img loading=\"lazy\" decoding=\"async\" class=\"alignleft size-large wp-image-1190\" title=\"DSC05803\" src=\"http:\/\/www.carlosyconchita.net\/rutas\/wp-content\/uploads\/2012\/11\/DSC05803-1024x576.jpg\" alt=\"\" width=\"640\" height=\"360\" srcset=\"https:\/\/www.carlosyconchita.net\/rutas\/wp-content\/uploads\/2012\/11\/DSC05803-1024x576.jpg 1024w, https:\/\/www.carlosyconchita.net\/rutas\/wp-content\/uploads\/2012\/11\/DSC05803-300x168.jpg 300w, https:\/\/www.carlosyconchita.net\/rutas\/wp-content\/uploads\/2012\/11\/DSC05803-600x338.jpg 600w, https:\/\/www.carlosyconchita.net\/rutas\/wp-content\/uploads\/2012\/11\/DSC05803.jpg 700w\" sizes=\"auto, (max-width: 640px) 100vw, 640px\" \/><\/a><\/p>\n<p style=\"text-align: justify;\">Tendremos a nuestra derecha el torrente de Mourguillou durante todo el recorrido.<\/p>\n<p style=\"text-align: justify;\">Llegaremos a una zona mas plana, y alli veremos una se\u00f1al y un puente de piedra a nuestra derecha : alli podemos elegir si continuamos recto y subimos por la orilla derecha del rio, o cruzamos el puente y subimos por la orilla izquierda.<\/p>\n<p style=\"text-align: justify;\">En cualquier caso, el camino es el mismo, porque se trata de subir por un lado y bajar por el otro.<\/p>\n<p style=\"text-align: justify;\">Nosotros hemos seguido recto, subiendo por la orilla derecha y \u00a0pasando por una zona muy sombria y verde, mientras que al otro lado del rio, la monta\u00f1a est\u00e1 mucho m\u00e1s pelada.<\/p>\n<p style=\"text-align: justify;\"><a href=\"http:\/\/www.carlosyconchita.net\/rutas\/wp-content\/uploads\/2012\/11\/DSC05806.jpg\"><img loading=\"lazy\" decoding=\"async\" class=\"alignleft size-large wp-image-1191\" title=\"DSC05806\" src=\"http:\/\/www.carlosyconchita.net\/rutas\/wp-content\/uploads\/2012\/11\/DSC05806-1024x768.jpg\" alt=\"\" width=\"640\" height=\"480\" srcset=\"https:\/\/www.carlosyconchita.net\/rutas\/wp-content\/uploads\/2012\/11\/DSC05806-1024x768.jpg 1024w, https:\/\/www.carlosyconchita.net\/rutas\/wp-content\/uploads\/2012\/11\/DSC05806-300x225.jpg 300w, https:\/\/www.carlosyconchita.net\/rutas\/wp-content\/uploads\/2012\/11\/DSC05806.jpg 533w\" sizes=\"auto, (max-width: 640px) 100vw, 640px\" \/><\/a><\/p>\n<p style=\"text-align: justify;\"><a href=\"http:\/\/www.carlosyconchita.net\/rutas\/wp-content\/uploads\/2012\/11\/DSC05818.jpg\"><img loading=\"lazy\" decoding=\"async\" class=\"alignleft size-large wp-image-1192\" title=\"DSC05818\" src=\"http:\/\/www.carlosyconchita.net\/rutas\/wp-content\/uploads\/2012\/11\/DSC05818-1024x576.jpg\" alt=\"\" width=\"640\" height=\"360\" srcset=\"https:\/\/www.carlosyconchita.net\/rutas\/wp-content\/uploads\/2012\/11\/DSC05818-1024x576.jpg 1024w, https:\/\/www.carlosyconchita.net\/rutas\/wp-content\/uploads\/2012\/11\/DSC05818-300x168.jpg 300w, https:\/\/www.carlosyconchita.net\/rutas\/wp-content\/uploads\/2012\/11\/DSC05818-600x338.jpg 600w, https:\/\/www.carlosyconchita.net\/rutas\/wp-content\/uploads\/2012\/11\/DSC05818.jpg 700w\" sizes=\"auto, (max-width: 640px) 100vw, 640px\" \/><\/a><\/p>\n<p style=\"text-align: justify;\">Llegaremos despu\u00e9s a una amplia y despejada zona plana, muy bonita, y rodeada de grandes monta\u00f1as, con un peque\u00f1o\u00a0 estanque , que en realidad es solo un peque\u00f1o ensanchamiento del riachuelo.<\/p>\n<p style=\"text-align: justify;\"><a href=\"http:\/\/www.carlosyconchita.net\/rutas\/wp-content\/uploads\/2012\/11\/DSC05828.jpg\"><img loading=\"lazy\" decoding=\"async\" class=\"alignleft size-large wp-image-1193\" title=\"DSC05828\" src=\"http:\/\/www.carlosyconchita.net\/rutas\/wp-content\/uploads\/2012\/11\/DSC05828-1024x768.jpg\" alt=\"\" width=\"640\" height=\"480\" srcset=\"https:\/\/www.carlosyconchita.net\/rutas\/wp-content\/uploads\/2012\/11\/DSC05828-1024x768.jpg 1024w, https:\/\/www.carlosyconchita.net\/rutas\/wp-content\/uploads\/2012\/11\/DSC05828-300x225.jpg 300w, https:\/\/www.carlosyconchita.net\/rutas\/wp-content\/uploads\/2012\/11\/DSC05828.jpg 533w\" sizes=\"auto, (max-width: 640px) 100vw, 640px\" \/><\/a><\/p>\n<p style=\"text-align: justify;\">que nosotros deberemos cruzar para pasar al otro lado del rio, y poco despu\u00e9s veremos una se\u00f1al que nos indica Etang de Comte, que seguiremos.<\/p>\n<p style=\"text-align: justify;\"><a href=\"http:\/\/www.carlosyconchita.net\/rutas\/wp-content\/uploads\/2012\/11\/DSC05835.jpg\"><img loading=\"lazy\" decoding=\"async\" class=\"alignleft size-large wp-image-1194\" title=\"DSC05835\" src=\"http:\/\/www.carlosyconchita.net\/rutas\/wp-content\/uploads\/2012\/11\/DSC05835-1024x576.jpg\" alt=\"\" width=\"640\" height=\"360\" srcset=\"https:\/\/www.carlosyconchita.net\/rutas\/wp-content\/uploads\/2012\/11\/DSC05835-1024x576.jpg 1024w, https:\/\/www.carlosyconchita.net\/rutas\/wp-content\/uploads\/2012\/11\/DSC05835-300x168.jpg 300w, https:\/\/www.carlosyconchita.net\/rutas\/wp-content\/uploads\/2012\/11\/DSC05835-600x338.jpg 600w, https:\/\/www.carlosyconchita.net\/rutas\/wp-content\/uploads\/2012\/11\/DSC05835.jpg 700w\" sizes=\"auto, (max-width: 640px) 100vw, 640px\" \/><\/a><\/p>\n<p style=\"text-align: justify;\">Despu\u00e9s de un tramo de subida, llegaremos al lago de Comte, no muy grande, pero muy bonito y rodeado de grandes monta\u00f1as, donde en verano podremos ba\u00f1arnos, ya que hay una especie de playas de arena.<\/p>\n<p style=\"text-align: justify;\"><a href=\"http:\/\/www.carlosyconchita.net\/rutas\/wp-content\/uploads\/2012\/11\/DSC05845.jpg\"><img loading=\"lazy\" decoding=\"async\" class=\"alignleft size-large wp-image-1196\" title=\"DSC05845\" src=\"http:\/\/www.carlosyconchita.net\/rutas\/wp-content\/uploads\/2012\/11\/DSC05845-1024x768.jpg\" alt=\"\" width=\"640\" height=\"480\" srcset=\"https:\/\/www.carlosyconchita.net\/rutas\/wp-content\/uploads\/2012\/11\/DSC05845-1024x768.jpg 1024w, https:\/\/www.carlosyconchita.net\/rutas\/wp-content\/uploads\/2012\/11\/DSC05845-300x225.jpg 300w, https:\/\/www.carlosyconchita.net\/rutas\/wp-content\/uploads\/2012\/11\/DSC05845.jpg 533w\" sizes=\"auto, (max-width: 640px) 100vw, 640px\" \/><\/a><\/p>\n<p style=\"text-align: justify;\">Podemos dar la vuelta al lago, para verlo desde todos los angulos,<\/p>\n<p style=\"text-align: justify;\"><a href=\"http:\/\/www.carlosyconchita.net\/rutas\/wp-content\/uploads\/2012\/11\/DSC05849.jpg\"><img loading=\"lazy\" decoding=\"async\" class=\"alignleft size-large wp-image-1197\" title=\"DSC05849\" src=\"http:\/\/www.carlosyconchita.net\/rutas\/wp-content\/uploads\/2012\/11\/DSC05849-1024x576.jpg\" alt=\"\" width=\"640\" height=\"360\" srcset=\"https:\/\/www.carlosyconchita.net\/rutas\/wp-content\/uploads\/2012\/11\/DSC05849-1024x576.jpg 1024w, https:\/\/www.carlosyconchita.net\/rutas\/wp-content\/uploads\/2012\/11\/DSC05849-300x168.jpg 300w, https:\/\/www.carlosyconchita.net\/rutas\/wp-content\/uploads\/2012\/11\/DSC05849-600x338.jpg 600w, https:\/\/www.carlosyconchita.net\/rutas\/wp-content\/uploads\/2012\/11\/DSC05849.jpg 700w\" sizes=\"auto, (max-width: 640px) 100vw, 640px\" \/><\/a><\/p>\n<p style=\"text-align: justify;\"><a href=\"http:\/\/www.carlosyconchita.net\/rutas\/wp-content\/uploads\/2012\/11\/DSC05854.jpg\"><img loading=\"lazy\" decoding=\"async\" class=\"alignleft size-large wp-image-1198\" title=\"DSC05854\" src=\"http:\/\/www.carlosyconchita.net\/rutas\/wp-content\/uploads\/2012\/11\/DSC05854-1024x576.jpg\" alt=\"\" width=\"640\" height=\"360\" srcset=\"https:\/\/www.carlosyconchita.net\/rutas\/wp-content\/uploads\/2012\/11\/DSC05854-1024x576.jpg 1024w, https:\/\/www.carlosyconchita.net\/rutas\/wp-content\/uploads\/2012\/11\/DSC05854-300x168.jpg 300w, https:\/\/www.carlosyconchita.net\/rutas\/wp-content\/uploads\/2012\/11\/DSC05854-600x338.jpg 600w, https:\/\/www.carlosyconchita.net\/rutas\/wp-content\/uploads\/2012\/11\/DSC05854.jpg 700w\" sizes=\"auto, (max-width: 640px) 100vw, 640px\" \/><\/a><\/p>\n<p style=\"text-align: justify;\"><a href=\"http:\/\/www.carlosyconchita.net\/rutas\/wp-content\/uploads\/2012\/11\/DSC05866.jpg\"><img loading=\"lazy\" decoding=\"async\" class=\"alignleft size-large wp-image-1204\" title=\"DSC05866\" src=\"http:\/\/www.carlosyconchita.net\/rutas\/wp-content\/uploads\/2012\/11\/DSC05866-1024x768.jpg\" alt=\"\" width=\"640\" height=\"480\" srcset=\"https:\/\/www.carlosyconchita.net\/rutas\/wp-content\/uploads\/2012\/11\/DSC05866-1024x768.jpg 1024w, https:\/\/www.carlosyconchita.net\/rutas\/wp-content\/uploads\/2012\/11\/DSC05866-300x225.jpg 300w, https:\/\/www.carlosyconchita.net\/rutas\/wp-content\/uploads\/2012\/11\/DSC05866.jpg 533w\" sizes=\"auto, (max-width: 640px) 100vw, 640px\" \/><\/a><\/p>\n<div id=\"attachment_1202\" style=\"width: 650px\" class=\"wp-caption alignleft\"><a href=\"http:\/\/www.carlosyconchita.net\/rutas\/wp-content\/uploads\/2012\/11\/DSC05859.jpg\"><img loading=\"lazy\" decoding=\"async\" aria-describedby=\"caption-attachment-1202\" class=\" wp-image-1202 \" title=\"DSC05859\" src=\"http:\/\/www.carlosyconchita.net\/rutas\/wp-content\/uploads\/2012\/11\/DSC05859-1024x768.jpg\" alt=\"\" width=\"640\" height=\"480\" srcset=\"https:\/\/www.carlosyconchita.net\/rutas\/wp-content\/uploads\/2012\/11\/DSC05859-1024x768.jpg 1024w, https:\/\/www.carlosyconchita.net\/rutas\/wp-content\/uploads\/2012\/11\/DSC05859-300x225.jpg 300w, https:\/\/www.carlosyconchita.net\/rutas\/wp-content\/uploads\/2012\/11\/DSC05859.jpg 533w\" sizes=\"auto, (max-width: 640px) 100vw, 640px\" \/><\/a><p id=\"caption-attachment-1202\" class=\"wp-caption-text\">Truchas en el lago, justo en la desembocadura de un riachuelo.<\/p><\/div>\n<p style=\"text-align: justify;\">Para bajar, seguiremos el mismo camino de subida.<\/p>\n<p style=\"text-align: justify;\">Cuando lleguemos al letrero que hemos visto a la subida, de Etang de Comte, en vez de cruzar el rio como antes, seguiremos recto y bajaremos por la orilla izquierda, por un camino mucho mas despejado que el de subida, pudiendo ver entonces el paisaje que a la subida teniamos a nuestra espalda.<\/p>\n<p style=\"text-align: justify;\"><a href=\"http:\/\/www.carlosyconchita.net\/rutas\/wp-content\/uploads\/2012\/11\/DSC05841.jpg\"><img loading=\"lazy\" decoding=\"async\" class=\"alignleft size-large wp-image-1199\" title=\"DSC05841\" src=\"http:\/\/www.carlosyconchita.net\/rutas\/wp-content\/uploads\/2012\/11\/DSC05841-1024x576.jpg\" alt=\"\" width=\"640\" height=\"360\" srcset=\"https:\/\/www.carlosyconchita.net\/rutas\/wp-content\/uploads\/2012\/11\/DSC05841-1024x576.jpg 1024w, https:\/\/www.carlosyconchita.net\/rutas\/wp-content\/uploads\/2012\/11\/DSC05841-300x168.jpg 300w, https:\/\/www.carlosyconchita.net\/rutas\/wp-content\/uploads\/2012\/11\/DSC05841-600x338.jpg 600w, https:\/\/www.carlosyconchita.net\/rutas\/wp-content\/uploads\/2012\/11\/DSC05841.jpg 700w\" sizes=\"auto, (max-width: 640px) 100vw, 640px\" \/><\/a><\/p>\n<p style=\"text-align: justify;\"><a href=\"http:\/\/www.carlosyconchita.net\/rutas\/wp-content\/uploads\/2012\/11\/DSC05880.jpg\"><img loading=\"lazy\" decoding=\"async\" class=\"alignleft size-large wp-image-1203\" title=\"DSC05880\" src=\"http:\/\/www.carlosyconchita.net\/rutas\/wp-content\/uploads\/2012\/11\/DSC05880-1024x576.jpg\" alt=\"\" width=\"640\" height=\"360\" srcset=\"https:\/\/www.carlosyconchita.net\/rutas\/wp-content\/uploads\/2012\/11\/DSC05880-1024x576.jpg 1024w, https:\/\/www.carlosyconchita.net\/rutas\/wp-content\/uploads\/2012\/11\/DSC05880-300x168.jpg 300w, https:\/\/www.carlosyconchita.net\/rutas\/wp-content\/uploads\/2012\/11\/DSC05880-600x338.jpg 600w, https:\/\/www.carlosyconchita.net\/rutas\/wp-content\/uploads\/2012\/11\/DSC05880.jpg 700w\" sizes=\"auto, (max-width: 640px) 100vw, 640px\" \/><\/a><\/p>\n<p style=\"text-align: justify;\">Cuando lleguemos al puente de piedras que hemos visto al principio, lo cruzaremos y despu\u00e9s giraremos a la izquierda, para desandar\u00a0 el camino que hemos hecho a la subida, en direccion al coche<\/p>\n<p style=\"text-align: justify;\"><a href=\"http:\/\/www.carlosyconchita.net\/rutas\/wp-content\/uploads\/2012\/11\/DSC05886.jpg\"><img loading=\"lazy\" decoding=\"async\" class=\"alignleft size-large wp-image-1200\" title=\"DSC05886\" src=\"http:\/\/www.carlosyconchita.net\/rutas\/wp-content\/uploads\/2012\/11\/DSC05886-1024x576.jpg\" alt=\"\" width=\"640\" height=\"360\" srcset=\"https:\/\/www.carlosyconchita.net\/rutas\/wp-content\/uploads\/2012\/11\/DSC05886-1024x576.jpg 1024w, https:\/\/www.carlosyconchita.net\/rutas\/wp-content\/uploads\/2012\/11\/DSC05886-300x168.jpg 300w, https:\/\/www.carlosyconchita.net\/rutas\/wp-content\/uploads\/2012\/11\/DSC05886-600x338.jpg 600w, https:\/\/www.carlosyconchita.net\/rutas\/wp-content\/uploads\/2012\/11\/DSC05886.jpg 700w\" sizes=\"auto, (max-width: 640px) 100vw, 640px\" \/><\/a><\/p>\n<table border=\"0\" frame=\"border\">\n<tbody>\n<tr align=\"left\" valign=\"middle\">\n<td align=\"center\" valign=\"middle\">\n<div>\n<dl id=\"\">\n<dt><a title=\"Enlace a Wikiloc\" href=\"http:\/\/es.wikiloc.com\/wikiloc\/view.do?id=3568213\" target=\"_blank\"><img loading=\"lazy\" decoding=\"async\" title=\"wikiloc\" src=\"http:\/\/www.carlosyconchita.net\/rutas\/wp-content\/uploads\/2020\/09\/wikiloc.jpg\" alt=\"\" width=\"117\" height=\"34\" \/><\/a><\/dt>\n<dd>Enlace a Wikiloc<\/dd>\n<\/dl>\n<\/div>\n<\/td>\n<td align=\"center\" valign=\"middle\">\n<div>\n<dl id=\"\">\n<dt><a title=\"Album de fotos completo\" href=\"https:\/\/plus.google.com\/u\/0\/photos\/107644747431220159618\/albums\/5806937779003511201\" target=\"_blank\"><img loading=\"lazy\" decoding=\"async\" title=\"foto\" src=\"http:\/\/www.carlosyconchita.net\/rutas\/wp-content\/uploads\/2020\/09\/foto.png\" alt=\"\" width=\"60\" height=\"44\" \/><\/a><\/dt>\n<dd>Album de fotos<\/dd>\n<\/dl>\n<\/div>\n<\/td>\n<\/tr>\n<\/tbody>\n<\/table>\n<p>[wpdm_file id=48]<\/p>\n<p>[wpdm_file id=49]<\/p>\n<p>&nbsp;<\/p>\n","protected":false},"excerpt":{"rendered":"<p>Dificultad :\u00a0 F\u00e1cil Recorrido :\u00a0 7&#8217;220 km. \u00a0Desnivel : 452 m. \u00a0\u00a0\u00a0 Alturas :\u00a0 1.427 \/ 1.731 Bonita excursi\u00f3n que siguiendo el curso del torrente de Mourguillou, nos llevar\u00e1 hasta un peque\u00f1o estanque, y despu\u00e9s el Estany d\u2019en Comte, por un camino entre monta\u00f1as, con\u00a0 unos magn\u00edficas vistas. Para llegar al punto de inicio de [&hellip;]<\/p>\n","protected":false},"author":50,"featured_media":1198,"comment_status":"open","ping_status":"open","sticky":false,"template":"","format":"gallery","meta":{"footnotes":""},"categories":[10,22,25],"tags":[],"class_list":{"0":"post-1181","1":"post","2":"type-post","3":"status-publish","4":"format-gallery","5":"has-post-thumbnail","6":"hentry","7":"category-facil","8":"category-de-05-a-10-km","9":"category-porte-puymorens","10":"post_format-post-format-gallery","12":"post-with-thumbnail","13":"post-with-thumbnail-icon"},"yoast_head":"<!-- This site is optimized with the Yoast SEO plugin v27.4 - https:\/\/yoast.com\/product\/yoast-seo-wordpress\/ -->\n<title>Estany d&#039;en Comte<\/title>\n<meta name=\"description\" content=\"Bonita excursi\u00f3n que siguiendo el curso del torrente de Mourguillou, nos llevar\u00e1 hasta un peque\u00f1o estanque, y despu\u00e9s el Estany d\u2019en Comte, por un camino entre monta\u00f1as, con unos magn\u00edficas vistas.\" \/>\n<meta name=\"robots\" content=\"index, follow, max-snippet:-1, max-image-preview:large, max-video-preview:-1\" \/>\n<link rel=\"canonical\" href=\"https:\/\/www.carlosyconchita.net\/rutas\/02-11-2012-estany-den-comte\/\" \/>\n<meta property=\"og:locale\" content=\"es_ES\" \/>\n<meta property=\"og:type\" content=\"article\" \/>\n<meta property=\"og:title\" content=\"Estany d&#039;en Comte\" \/>\n<meta property=\"og:description\" content=\"Bonita excursi\u00f3n que siguiendo el curso del torrente de Mourguillou, nos llevar\u00e1 hasta un peque\u00f1o estanque, y despu\u00e9s el Estany d\u2019en Comte, por un camino entre monta\u00f1as, con unos magn\u00edficas vistas.\" \/>\n<meta property=\"og:url\" content=\"https:\/\/www.carlosyconchita.net\/rutas\/02-11-2012-estany-den-comte\/\" \/>\n<meta property=\"og:site_name\" content=\"Las rutas de Carlos y Conchita\" \/>\n<meta property=\"article:published_time\" content=\"2012-11-02T18:08:30+00:00\" \/>\n<meta property=\"article:modified_time\" content=\"2014-05-31T16:40:47+00:00\" \/>\n<meta property=\"og:image\" content=\"https:\/\/www.carlosyconchita.net\/rutas\/wp-content\/uploads\/2012\/11\/DSC05854.jpg\" \/>\n\t<meta property=\"og:image:width\" content=\"700\" \/>\n\t<meta property=\"og:image:height\" content=\"394\" \/>\n\t<meta property=\"og:image:type\" content=\"image\/jpeg\" \/>\n<meta name=\"author\" content=\"Carlos Conchita\" \/>\n<meta name=\"twitter:label1\" content=\"Escrito por\" \/>\n\t<meta name=\"twitter:data1\" content=\"Carlos Conchita\" \/>\n\t<meta name=\"twitter:label2\" content=\"Tiempo de lectura\" \/>\n\t<meta name=\"twitter:data2\" content=\"3 minutos\" \/>\n<script type=\"application\/ld+json\" class=\"yoast-schema-graph\">{\"@context\":\"https:\\\/\\\/schema.org\",\"@graph\":[{\"@type\":\"Article\",\"@id\":\"https:\\\/\\\/www.carlosyconchita.net\\\/rutas\\\/02-11-2012-estany-den-comte\\\/#article\",\"isPartOf\":{\"@id\":\"https:\\\/\\\/www.carlosyconchita.net\\\/rutas\\\/02-11-2012-estany-den-comte\\\/\"},\"author\":{\"name\":\"Carlos Conchita\",\"@id\":\"https:\\\/\\\/www.carlosyconchita.net\\\/rutas\\\/#\\\/schema\\\/person\\\/a9691f7258c28443fab2d3aa1479ea19\"},\"headline\":\"02-11-2012 &#8211; Estany d&#8217;en Comte\",\"datePublished\":\"2012-11-02T18:08:30+00:00\",\"dateModified\":\"2014-05-31T16:40:47+00:00\",\"mainEntityOfPage\":{\"@id\":\"https:\\\/\\\/www.carlosyconchita.net\\\/rutas\\\/02-11-2012-estany-den-comte\\\/\"},\"wordCount\":653,\"commentCount\":0,\"image\":{\"@id\":\"https:\\\/\\\/www.carlosyconchita.net\\\/rutas\\\/02-11-2012-estany-den-comte\\\/#primaryimage\"},\"thumbnailUrl\":\"https:\\\/\\\/www.carlosyconchita.net\\\/rutas\\\/wp-content\\\/uploads\\\/2012\\\/11\\\/DSC05854.jpg\",\"articleSection\":[\"1-F\u00e1cil\",\"2 - De 5 a 10 km.\",\"Port\u00e9-Puymorens\"],\"inLanguage\":\"es\",\"potentialAction\":[{\"@type\":\"CommentAction\",\"name\":\"Comment\",\"target\":[\"https:\\\/\\\/www.carlosyconchita.net\\\/rutas\\\/02-11-2012-estany-den-comte\\\/#respond\"]}]},{\"@type\":\"WebPage\",\"@id\":\"https:\\\/\\\/www.carlosyconchita.net\\\/rutas\\\/02-11-2012-estany-den-comte\\\/\",\"url\":\"https:\\\/\\\/www.carlosyconchita.net\\\/rutas\\\/02-11-2012-estany-den-comte\\\/\",\"name\":\"Estany d'en Comte\",\"isPartOf\":{\"@id\":\"https:\\\/\\\/www.carlosyconchita.net\\\/rutas\\\/#website\"},\"primaryImageOfPage\":{\"@id\":\"https:\\\/\\\/www.carlosyconchita.net\\\/rutas\\\/02-11-2012-estany-den-comte\\\/#primaryimage\"},\"image\":{\"@id\":\"https:\\\/\\\/www.carlosyconchita.net\\\/rutas\\\/02-11-2012-estany-den-comte\\\/#primaryimage\"},\"thumbnailUrl\":\"https:\\\/\\\/www.carlosyconchita.net\\\/rutas\\\/wp-content\\\/uploads\\\/2012\\\/11\\\/DSC05854.jpg\",\"datePublished\":\"2012-11-02T18:08:30+00:00\",\"dateModified\":\"2014-05-31T16:40:47+00:00\",\"author\":{\"@id\":\"https:\\\/\\\/www.carlosyconchita.net\\\/rutas\\\/#\\\/schema\\\/person\\\/a9691f7258c28443fab2d3aa1479ea19\"},\"description\":\"Bonita excursi\u00f3n que siguiendo el curso del torrente de Mourguillou, nos llevar\u00e1 hasta un peque\u00f1o estanque, y despu\u00e9s el Estany d\u2019en Comte, por un camino entre monta\u00f1as, con unos magn\u00edficas vistas.\",\"breadcrumb\":{\"@id\":\"https:\\\/\\\/www.carlosyconchita.net\\\/rutas\\\/02-11-2012-estany-den-comte\\\/#breadcrumb\"},\"inLanguage\":\"es\",\"potentialAction\":[{\"@type\":\"ReadAction\",\"target\":[\"https:\\\/\\\/www.carlosyconchita.net\\\/rutas\\\/02-11-2012-estany-den-comte\\\/\"]}]},{\"@type\":\"ImageObject\",\"inLanguage\":\"es\",\"@id\":\"https:\\\/\\\/www.carlosyconchita.net\\\/rutas\\\/02-11-2012-estany-den-comte\\\/#primaryimage\",\"url\":\"https:\\\/\\\/www.carlosyconchita.net\\\/rutas\\\/wp-content\\\/uploads\\\/2012\\\/11\\\/DSC05854.jpg\",\"contentUrl\":\"https:\\\/\\\/www.carlosyconchita.net\\\/rutas\\\/wp-content\\\/uploads\\\/2012\\\/11\\\/DSC05854.jpg\",\"width\":700,\"height\":394},{\"@type\":\"BreadcrumbList\",\"@id\":\"https:\\\/\\\/www.carlosyconchita.net\\\/rutas\\\/02-11-2012-estany-den-comte\\\/#breadcrumb\",\"itemListElement\":[{\"@type\":\"ListItem\",\"position\":1,\"name\":\"Portada\",\"item\":\"https:\\\/\\\/www.carlosyconchita.net\\\/rutas\\\/\"},{\"@type\":\"ListItem\",\"position\":2,\"name\":\"02-11-2012 &#8211; Estany d&#8217;en Comte\"}]},{\"@type\":\"WebSite\",\"@id\":\"https:\\\/\\\/www.carlosyconchita.net\\\/rutas\\\/#website\",\"url\":\"https:\\\/\\\/www.carlosyconchita.net\\\/rutas\\\/\",\"name\":\"Las rutas de Carlos y Conchita\",\"description\":\"\",\"potentialAction\":[{\"@type\":\"SearchAction\",\"target\":{\"@type\":\"EntryPoint\",\"urlTemplate\":\"https:\\\/\\\/www.carlosyconchita.net\\\/rutas\\\/?s={search_term_string}\"},\"query-input\":{\"@type\":\"PropertyValueSpecification\",\"valueRequired\":true,\"valueName\":\"search_term_string\"}}],\"inLanguage\":\"es\"},{\"@type\":\"Person\",\"@id\":\"https:\\\/\\\/www.carlosyconchita.net\\\/rutas\\\/#\\\/schema\\\/person\\\/a9691f7258c28443fab2d3aa1479ea19\",\"name\":\"Carlos Conchita\",\"image\":{\"@type\":\"ImageObject\",\"inLanguage\":\"es\",\"@id\":\"https:\\\/\\\/secure.gravatar.com\\\/avatar\\\/3a4625b20c8da3de99da69bfe7a322774e291c3f90dce7e8778a30fe6748ed1a?s=96&d=mm&r=g\",\"url\":\"https:\\\/\\\/secure.gravatar.com\\\/avatar\\\/3a4625b20c8da3de99da69bfe7a322774e291c3f90dce7e8778a30fe6748ed1a?s=96&d=mm&r=g\",\"contentUrl\":\"https:\\\/\\\/secure.gravatar.com\\\/avatar\\\/3a4625b20c8da3de99da69bfe7a322774e291c3f90dce7e8778a30fe6748ed1a?s=96&d=mm&r=g\",\"caption\":\"Carlos Conchita\"}}]}<\/script>\n<!-- \/ Yoast SEO plugin. -->","yoast_head_json":{"title":"Estany d'en Comte","description":"Bonita excursi\u00f3n que siguiendo el curso del torrente de Mourguillou, nos llevar\u00e1 hasta un peque\u00f1o estanque, y despu\u00e9s el Estany d\u2019en Comte, por un camino entre monta\u00f1as, con unos magn\u00edficas vistas.","robots":{"index":"index","follow":"follow","max-snippet":"max-snippet:-1","max-image-preview":"max-image-preview:large","max-video-preview":"max-video-preview:-1"},"canonical":"https:\/\/www.carlosyconchita.net\/rutas\/02-11-2012-estany-den-comte\/","og_locale":"es_ES","og_type":"article","og_title":"Estany d'en Comte","og_description":"Bonita excursi\u00f3n que siguiendo el curso del torrente de Mourguillou, nos llevar\u00e1 hasta un peque\u00f1o estanque, y despu\u00e9s el Estany d\u2019en Comte, por un camino entre monta\u00f1as, con unos magn\u00edficas vistas.","og_url":"https:\/\/www.carlosyconchita.net\/rutas\/02-11-2012-estany-den-comte\/","og_site_name":"Las rutas de Carlos y Conchita","article_published_time":"2012-11-02T18:08:30+00:00","article_modified_time":"2014-05-31T16:40:47+00:00","og_image":[{"width":700,"height":394,"url":"https:\/\/www.carlosyconchita.net\/rutas\/wp-content\/uploads\/2012\/11\/DSC05854.jpg","type":"image\/jpeg"}],"author":"Carlos Conchita","twitter_misc":{"Escrito por":"Carlos Conchita","Tiempo de lectura":"3 minutos"},"schema":{"@context":"https:\/\/schema.org","@graph":[{"@type":"Article","@id":"https:\/\/www.carlosyconchita.net\/rutas\/02-11-2012-estany-den-comte\/#article","isPartOf":{"@id":"https:\/\/www.carlosyconchita.net\/rutas\/02-11-2012-estany-den-comte\/"},"author":{"name":"Carlos Conchita","@id":"https:\/\/www.carlosyconchita.net\/rutas\/#\/schema\/person\/a9691f7258c28443fab2d3aa1479ea19"},"headline":"02-11-2012 &#8211; Estany d&#8217;en Comte","datePublished":"2012-11-02T18:08:30+00:00","dateModified":"2014-05-31T16:40:47+00:00","mainEntityOfPage":{"@id":"https:\/\/www.carlosyconchita.net\/rutas\/02-11-2012-estany-den-comte\/"},"wordCount":653,"commentCount":0,"image":{"@id":"https:\/\/www.carlosyconchita.net\/rutas\/02-11-2012-estany-den-comte\/#primaryimage"},"thumbnailUrl":"https:\/\/www.carlosyconchita.net\/rutas\/wp-content\/uploads\/2012\/11\/DSC05854.jpg","articleSection":["1-F\u00e1cil","2 - De 5 a 10 km.","Port\u00e9-Puymorens"],"inLanguage":"es","potentialAction":[{"@type":"CommentAction","name":"Comment","target":["https:\/\/www.carlosyconchita.net\/rutas\/02-11-2012-estany-den-comte\/#respond"]}]},{"@type":"WebPage","@id":"https:\/\/www.carlosyconchita.net\/rutas\/02-11-2012-estany-den-comte\/","url":"https:\/\/www.carlosyconchita.net\/rutas\/02-11-2012-estany-den-comte\/","name":"Estany d'en Comte","isPartOf":{"@id":"https:\/\/www.carlosyconchita.net\/rutas\/#website"},"primaryImageOfPage":{"@id":"https:\/\/www.carlosyconchita.net\/rutas\/02-11-2012-estany-den-comte\/#primaryimage"},"image":{"@id":"https:\/\/www.carlosyconchita.net\/rutas\/02-11-2012-estany-den-comte\/#primaryimage"},"thumbnailUrl":"https:\/\/www.carlosyconchita.net\/rutas\/wp-content\/uploads\/2012\/11\/DSC05854.jpg","datePublished":"2012-11-02T18:08:30+00:00","dateModified":"2014-05-31T16:40:47+00:00","author":{"@id":"https:\/\/www.carlosyconchita.net\/rutas\/#\/schema\/person\/a9691f7258c28443fab2d3aa1479ea19"},"description":"Bonita excursi\u00f3n que siguiendo el curso del torrente de Mourguillou, nos llevar\u00e1 hasta un peque\u00f1o estanque, y despu\u00e9s el Estany d\u2019en Comte, por un camino entre monta\u00f1as, con unos magn\u00edficas vistas.","breadcrumb":{"@id":"https:\/\/www.carlosyconchita.net\/rutas\/02-11-2012-estany-den-comte\/#breadcrumb"},"inLanguage":"es","potentialAction":[{"@type":"ReadAction","target":["https:\/\/www.carlosyconchita.net\/rutas\/02-11-2012-estany-den-comte\/"]}]},{"@type":"ImageObject","inLanguage":"es","@id":"https:\/\/www.carlosyconchita.net\/rutas\/02-11-2012-estany-den-comte\/#primaryimage","url":"https:\/\/www.carlosyconchita.net\/rutas\/wp-content\/uploads\/2012\/11\/DSC05854.jpg","contentUrl":"https:\/\/www.carlosyconchita.net\/rutas\/wp-content\/uploads\/2012\/11\/DSC05854.jpg","width":700,"height":394},{"@type":"BreadcrumbList","@id":"https:\/\/www.carlosyconchita.net\/rutas\/02-11-2012-estany-den-comte\/#breadcrumb","itemListElement":[{"@type":"ListItem","position":1,"name":"Portada","item":"https:\/\/www.carlosyconchita.net\/rutas\/"},{"@type":"ListItem","position":2,"name":"02-11-2012 &#8211; Estany d&#8217;en Comte"}]},{"@type":"WebSite","@id":"https:\/\/www.carlosyconchita.net\/rutas\/#website","url":"https:\/\/www.carlosyconchita.net\/rutas\/","name":"Las rutas de Carlos y Conchita","description":"","potentialAction":[{"@type":"SearchAction","target":{"@type":"EntryPoint","urlTemplate":"https:\/\/www.carlosyconchita.net\/rutas\/?s={search_term_string}"},"query-input":{"@type":"PropertyValueSpecification","valueRequired":true,"valueName":"search_term_string"}}],"inLanguage":"es"},{"@type":"Person","@id":"https:\/\/www.carlosyconchita.net\/rutas\/#\/schema\/person\/a9691f7258c28443fab2d3aa1479ea19","name":"Carlos Conchita","image":{"@type":"ImageObject","inLanguage":"es","@id":"https:\/\/secure.gravatar.com\/avatar\/3a4625b20c8da3de99da69bfe7a322774e291c3f90dce7e8778a30fe6748ed1a?s=96&d=mm&r=g","url":"https:\/\/secure.gravatar.com\/avatar\/3a4625b20c8da3de99da69bfe7a322774e291c3f90dce7e8778a30fe6748ed1a?s=96&d=mm&r=g","contentUrl":"https:\/\/secure.gravatar.com\/avatar\/3a4625b20c8da3de99da69bfe7a322774e291c3f90dce7e8778a30fe6748ed1a?s=96&d=mm&r=g","caption":"Carlos Conchita"}}]}},"_links":{"self":[{"href":"https:\/\/www.carlosyconchita.net\/rutas\/wp-json\/wp\/v2\/posts\/1181","targetHints":{"allow":["GET"]}}],"collection":[{"href":"https:\/\/www.carlosyconchita.net\/rutas\/wp-json\/wp\/v2\/posts"}],"about":[{"href":"https:\/\/www.carlosyconchita.net\/rutas\/wp-json\/wp\/v2\/types\/post"}],"author":[{"embeddable":true,"href":"https:\/\/www.carlosyconchita.net\/rutas\/wp-json\/wp\/v2\/users\/50"}],"replies":[{"embeddable":true,"href":"https:\/\/www.carlosyconchita.net\/rutas\/wp-json\/wp\/v2\/comments?post=1181"}],"version-history":[{"count":0,"href":"https:\/\/www.carlosyconchita.net\/rutas\/wp-json\/wp\/v2\/posts\/1181\/revisions"}],"wp:featuredmedia":[{"embeddable":true,"href":"https:\/\/www.carlosyconchita.net\/rutas\/wp-json\/wp\/v2\/media\/1198"}],"wp:attachment":[{"href":"https:\/\/www.carlosyconchita.net\/rutas\/wp-json\/wp\/v2\/media?parent=1181"}],"wp:term":[{"taxonomy":"category","embeddable":true,"href":"https:\/\/www.carlosyconchita.net\/rutas\/wp-json\/wp\/v2\/categories?post=1181"},{"taxonomy":"post_tag","embeddable":true,"href":"https:\/\/www.carlosyconchita.net\/rutas\/wp-json\/wp\/v2\/tags?post=1181"}],"curies":[{"name":"wp","href":"https:\/\/api.w.org\/{rel}","templated":true}]}}