{"id":11876,"date":"2018-09-08T20:04:11","date_gmt":"2018-09-08T19:04:11","guid":{"rendered":"https:\/\/www.carlosyconchita.net\/rutas\/?p=11876"},"modified":"2022-03-13T18:18:19","modified_gmt":"2022-03-13T17:18:19","slug":"08-09-2018-noucreus-fosa-del-gegant","status":"publish","type":"post","link":"https:\/\/www.carlosyconchita.net\/rutas\/08-09-2018-noucreus-fosa-del-gegant\/","title":{"rendered":"08-09-2018-Noucreus-Fosa del Gegant (borna 510)"},"content":{"rendered":"<p style=\"text-align: justify;\">Subimos de nuevo a Nuria y al Coll de Noucreus, para dirigirnos despu\u00e9s hacia el pico de la Fosa del Gegant, y seguir despu\u00e9s por la cresta de la serie de picos que tenemos a nuestra derecha al subir, que nos llevar\u00e1 al\u00a0Cim Alt de Les Arques,\u00a0Rocs Blancs,\u00a0Puig de Fontnegra y al pico y\u00a0 refugio del Aliga ,\u00a0 (ver <a href=\"https:\/\/www.carlosyconchita.net\/rutas\/17-09-2016-picos-torreneules-coma-del-clot-fontnegra\/\" target=\"_blank\" rel=\"noopener\"><strong><span class=\"item-title\" style=\"color: #000080;\">17-09-2016-Picos Torreneules, Coma del Clot y Fontnegra<\/span><\/strong><\/a> \u00a0\u00a0\u00a0 ), y desde all\u00ed bajar ya al Santuario de Nuria.<\/p>\n<p>Hoy vamos con Carme y Miquel.<\/p>\n<hr \/>\n<h3><strong>Album de fotos<\/strong><\/h3>\n<p><a href=\"https:\/\/photos.app.goo.gl\/VJCks1ikX91JXXH56\" target=\"_blank\" rel=\"noopener\"><img loading=\"lazy\" decoding=\"async\" class=\"aligncenter wp-image-11877 size-column4-4\/5\" src=\"https:\/\/www.carlosyconchita.net\/rutas\/wp-content\/uploads\/2018\/09\/44073170035_5288d8ebd8_o-240x192.jpg\" alt=\"\" width=\"240\" height=\"192\" srcset=\"https:\/\/www.carlosyconchita.net\/rutas\/wp-content\/uploads\/2018\/09\/44073170035_5288d8ebd8_o-240x192.jpg 240w, https:\/\/www.carlosyconchita.net\/rutas\/wp-content\/uploads\/2018\/09\/44073170035_5288d8ebd8_o-250x200.jpg 250w, https:\/\/www.carlosyconchita.net\/rutas\/wp-content\/uploads\/2018\/09\/44073170035_5288d8ebd8_o-480x384.jpg 480w, https:\/\/www.carlosyconchita.net\/rutas\/wp-content\/uploads\/2018\/09\/44073170035_5288d8ebd8_o-320x256.jpg 320w\" sizes=\"auto, (max-width: 240px) 100vw, 240px\" \/><\/a><\/p>\n<hr \/>\n<p><strong>Dificultad<\/strong>\u00a0:\u00a0 \u00a0 Moderado<\/p>\n<p><strong>Distancia total<\/strong>\u00a0:\u00a0 \u00a0 11.831\u00a0\u00a0<span class=\"totlen\"><span class=\"summaryvalue\">\u00a0m.\u00a0<br \/>\n<\/span><\/span><\/p>\n<p><strong>Alturas m\u00ednima \/ m\u00e1xima<\/strong>\u00a0:\u00a0 \u00a0 1.959 m \u2014 2.807 m<\/p>\n<p><strong>Desnivel acumulado (s\/Wikiloc)<\/strong>\u00a0 :\u00a0 \u00a0 \u00a0 908 m.<\/p>\n<p><strong>Tiempo total \/ en movimiento<\/strong>\u00a0:\u00a0 \u00a0 \u00a0 8 h. 08 m.\u00a0 \u00a0\u2013\u00a0 \u00a04 h. 13 m<\/p>\n<p><strong>Vel. media total \/ vel.media movimiento<\/strong>\u00a0:\u00a0 \u00a0 \u00a01\u201940 km.\/h. \u2014\u00a0 2\u201970 km.\/h<\/p>\n<p>&nbsp;<\/p>\n<hr \/>\n<p>&nbsp;<\/p>\n<p><img decoding=\"async\" src=\"https:\/\/farm2.staticflickr.com\/1940\/31111863188_2ac9000144_b.jpg\" \/><\/p>\n<p><img decoding=\"async\" src=\"https:\/\/farm2.staticflickr.com\/1914\/44984576921_aa4e9af409_b.jpg\" \/><\/p>\n<p>El cruce para dirigirnos a Noufonts (subiendo a la izquierda) , o Noucreus (subiendo a la derecha) , con el poste algo ca\u00eddo&#8230;<\/p>\n<p><img decoding=\"async\" src=\"https:\/\/farm2.staticflickr.com\/1968\/31111861998_f54438b08c_b.jpg\" \/><\/p>\n<p>Tenemos un magn\u00edfico dia, al menos de momento, porque a \u00faltima hora se complicar\u00e1 un poco.<\/p>\n<p><img decoding=\"async\" src=\"https:\/\/farm2.staticflickr.com\/1939\/31111861288_f410c600a8_b.jpg\" \/><\/p>\n<p>No nos queda mucho&#8230; \u00absolo\u00bb tenemos que llegar all\u00ed arriba&#8230;<\/p>\n<p><img decoding=\"async\" src=\"https:\/\/farm2.staticflickr.com\/1912\/44984573881_6c7fb9d4e2_b.jpg\" \/><\/p>\n<p>El \u00faltimo tramo de subida, pedregoso&#8230;<img decoding=\"async\" src=\"https:\/\/farm2.staticflickr.com\/1934\/44984571191_ddbabc4040_b.jpg\" \/><\/p>\n<p>Poco antes de llegar arriba, paramos un momento en unas rocas que nos permiten ver todas las monta\u00f1as en direcci\u00f3n a Vallter, en especial el Pic del Infern, al que fu\u00edmos el dia\u00a0 <strong><span style=\"color: #000080;\">\u00a0<a style=\"color: #000080;\" href=\"https:\/\/www.carlosyconchita.net\/rutas\/21-08-2016-pic-del-infern\/\" target=\"_blank\" rel=\"noopener\">21-08-2016 \u2013 PIC DEL INFERN<\/a><\/span><\/strong><\/p>\n<p><img decoding=\"async\" src=\"https:\/\/farm2.staticflickr.com\/1961\/44984568411_3de5edf305_b.jpg\" \/><\/p>\n<p>En la foto se puede ver el ultimo tramo del camino para subir al dificil Pic del Infern.<\/p>\n<p><img decoding=\"async\" src=\"https:\/\/farm2.staticflickr.com\/1968\/44073176155_a04729a976_b.jpg\" \/><\/p>\n<p>Y llegamos por fin al Coll de Noucreus&#8230;<\/p>\n<p><img decoding=\"async\" src=\"https:\/\/farm2.staticflickr.com\/1922\/44073175495_b9fdc21263_b.jpg\" \/><\/p>\n<p style=\"text-align: justify;\">Y fotografiamos de nuevo la borna 510.<\/p>\n<p><img decoding=\"async\" src=\"https:\/\/farm2.staticflickr.com\/1956\/44073174035_bbd44c140c_b.jpg\" \/><\/p>\n<p>Una bonita vista del\u00a0 Pic de Rac\u00f3 Gros\u00a0 \u00a0que tenemos \u00aball\u00ed mismo\u00bb, destr\u00e1s de Noucreus. El problema es que hay que bajar unos 200 y pico metros hasta el Pas del Porc, subir al pico, y luego volverlos a bajar y subir a donde estamos ahora&#8230;.o sea que mejor lo dejaremos para otro d\u00eda.<\/p>\n<p><img decoding=\"async\" src=\"https:\/\/farm2.staticflickr.com\/1909\/44984565031_a80b6fb6e4_b.jpg\" \/><\/p>\n<p>&nbsp;<\/p>\n<p style=\"text-align: justify;\">Seguimos hasta la Fosa del Gegant, que s\u00ed que tenemos de verdad all\u00ed mismo.<\/p>\n<p><img decoding=\"async\" src=\"https:\/\/farm2.staticflickr.com\/1958\/31111848418_9bcdc310f9_b.jpg\" \/><\/p>\n<p><img decoding=\"async\" src=\"https:\/\/farm2.staticflickr.com\/1949\/44073171955_eb49b94d28_b.jpg\" \/><\/p>\n<p><img decoding=\"async\" src=\"https:\/\/farm2.staticflickr.com\/1977\/31111846948_d3d1ac595d_b.jpg\" \/><\/p>\n<p><img decoding=\"async\" src=\"https:\/\/farm2.staticflickr.com\/1924\/31111846038_528384e0fe_b.jpg\" \/><\/p>\n<p style=\"text-align: justify;\">Volvemos despu\u00e9s hacia Noucreus y empezamos a bajar un poco por el mismo camino de subida, pero al poco nos desviamos a nuestra izquierda para ir siguiendo las crestas que tenemos all\u00ed.<\/p>\n<p style=\"text-align: justify;\">En la foto se puede ver perfectamente el camino que tenemos que seguir.<\/p>\n<p><img decoding=\"async\" src=\"https:\/\/farm2.staticflickr.com\/1918\/44265407734_a5dfe0c457_b.jpg\" \/><\/p>\n<p>Mirando atr\u00e1s, con el Coll de Noucreus al fondo.<\/p>\n<p><img decoding=\"async\" src=\"https:\/\/farm2.staticflickr.com\/1921\/44265403624_b2ecbda74b_b.jpg\" \/><\/p>\n<p><img decoding=\"async\" src=\"https:\/\/farm2.staticflickr.com\/1908\/44265401974_c043470ddf_b.jpg\" \/><\/p>\n<p style=\"text-align: justify;\">El camino no es especialmente dificil, pero tenemos que subir y bajar varios peque\u00f1os \u00abcolls\u00bb y peque\u00f1as cimas para poder pasar por el\u00a0Cim Alt de Les Arques,\u00a0Rocs Blancs, y Puig de Fontnegra.<\/p>\n<p><img decoding=\"async\" src=\"https:\/\/farm2.staticflickr.com\/1951\/44073161805_02efb665d7_b.jpg\" \/><\/p>\n<p><img decoding=\"async\" src=\"https:\/\/farm2.staticflickr.com\/1965\/44073160285_9a84ebfa38_b.jpg\" \/><\/p>\n<p><img decoding=\"async\" src=\"https:\/\/farm2.staticflickr.com\/1933\/44073159685_4db8e0cf5d_b.jpg\" \/><\/p>\n<p style=\"text-align: justify;\">Poco a poco el tiempo se va complicando un poco, con niebla e incluso cuatro gotas, pero conseguimos llegar al refugio del Aliga sin mojarnos y poder comer all\u00ed con una merecida y fresca cervecita.<\/p>\n<p><img decoding=\"async\" src=\"https:\/\/farm2.staticflickr.com\/1916\/44073158325_a7ebc0a43d_b.jpg\" \/><\/p>\n<p><img decoding=\"async\" src=\"https:\/\/farm2.staticflickr.com\/1903\/31111835528_558514e379_b.jpg\" \/><\/p>\n<p><img decoding=\"async\" src=\"https:\/\/farm2.staticflickr.com\/1908\/44265393264_51bfaf2e46_b.jpg\" \/><\/p>\n<hr \/>\n<p>&nbsp;<\/p>\n<h3><strong>Track de la ruta<\/strong><\/h3>\n<p>[sgpx gpx=\u00bb\/wp-content\/uploads\/gpx\/CollNouCreus-FossaGegant.gpx\u00bb]<\/p>\n<p>&nbsp;<\/p>\n<hr \/>\n<p>&nbsp;<\/p>\n<p style=\"text-align: justify;\"><span style=\"color: #ff0000; background-color: #ffffff; font-size: 14pt;\"><strong>Si te ha gustado, comp\u00e1rtelo en tu red favorita o env\u00edanos tu comentario.<br \/>\n<\/strong><\/span><\/p>\n<p style=\"text-align: justify;\"><span style=\"font-size: 14pt;\"><strong><span style=\"color: #ff0000;\">Muchas gracias !<\/span><\/strong><\/span><\/p>\n<hr \/>\n<p style=\"text-align: justify;\"><strong><span style=\"color: #008000;\">Suscribete si quieres recibir un mail cuando publiquemos nuevas rutas : no enviamos publicidad y como m\u00e1ximo enviamos 2 mails al mes<\/span><\/strong><\/p>\n<p style=\"text-align: center;\"><a href=\"https:\/\/mailchi.mp\/6989c83a3e24\/wmv06rtqcz\/\" target=\"_blank\" rel=\"noopener\"><strong><span style=\"color: #0000ff;\">Pulsa aqu\u00ed para suscribirte<\/span><\/strong><\/a><\/p>\n<hr \/>\n<p style=\"text-align: justify;\">\u00a0<\/p>\n<h3 style=\"text-align: justify;\">Puedes imprimir esta publicaci\u00f3n o guardarla en diferentes formatos :<\/h3>\n<p style=\"text-align: justify;\"><span style=\"color: #ff0000; font-size: 14pt;\">Para facilitar la impresi\u00f3n, se ha reducido considerablemente el tama\u00f1o de las fotos, pero si deseas imprimir sin fotos, aconsejamos guardarlo como \u201cdoc\u201d, y antes de imprimirlo, eliminar las fotos<\/span><\/p>\n<p><span style=\"color: #ff0000;\">\u00a0<\/span><\/p>\n<hr \/>\n<h3><strong>Enlace Wikiloc<\/strong><\/h3>\n<p><a href=\"https:\/\/es.wikiloc.com\/rutas-senderismo\/coll-noucreus-fosa-del-gegant-29174218\" target=\"_blank\" rel=\"noopener\"><img loading=\"lazy\" decoding=\"async\" class=\"size-full wp-image-958 aligncenter\" src=\"https:\/\/www.carlosyconchita.net\/rutas\/wp-content\/uploads\/2020\/09\/wikiloc.jpg\" alt=\"\" width=\"117\" height=\"34\" \/><\/a><\/p>\n","protected":false},"excerpt":{"rendered":"<p>Excursi\u00f3n por la zona de Nuria, en la que pasamos de nuevo por la borna 510<\/p>\n","protected":false},"author":50,"featured_media":11877,"comment_status":"open","ping_status":"open","sticky":false,"template":"","format":"standard","meta":{"footnotes":""},"categories":[106,11,23,74,79],"tags":[],"class_list":{"0":"post-11876","1":"post","2":"type-post","3":"status-publish","4":"format-standard","5":"has-post-thumbnail","6":"hentry","7":"category-nuestros-100-cims","8":"category-moderada","9":"category-de-10-a-15-km","10":"category-0-mojones-bornas-frontera","11":"category-nuria","13":"post-with-thumbnail","14":"post-with-thumbnail-icon"},"yoast_head":"<!-- This site is optimized with the Yoast SEO plugin v27.4 - https:\/\/yoast.com\/product\/yoast-seo-wordpress\/ -->\n<title>08-09-2018-Noucreus-Fosa del Gegant (borna 510) -<\/title>\n<meta name=\"robots\" content=\"index, follow, max-snippet:-1, max-image-preview:large, max-video-preview:-1\" \/>\n<link rel=\"canonical\" href=\"https:\/\/www.carlosyconchita.net\/rutas\/08-09-2018-noucreus-fosa-del-gegant\/\" \/>\n<meta property=\"og:locale\" content=\"es_ES\" \/>\n<meta property=\"og:type\" content=\"article\" \/>\n<meta property=\"og:title\" content=\"08-09-2018-Noucreus-Fosa del Gegant (borna 510) -\" \/>\n<meta property=\"og:description\" content=\"Excursi\u00f3n por la zona de Nuria, en la que pasamos de nuevo por la borna 510\" \/>\n<meta property=\"og:url\" content=\"https:\/\/www.carlosyconchita.net\/rutas\/08-09-2018-noucreus-fosa-del-gegant\/\" \/>\n<meta property=\"og:site_name\" content=\"Las rutas de Carlos y Conchita\" \/>\n<meta property=\"article:published_time\" content=\"2018-09-08T19:04:11+00:00\" \/>\n<meta property=\"article:modified_time\" content=\"2022-03-13T17:18:19+00:00\" \/>\n<meta property=\"og:image\" content=\"https:\/\/www.carlosyconchita.net\/rutas\/wp-content\/uploads\/2018\/09\/44073170035_5288d8ebd8_o.jpg\" \/>\n\t<meta property=\"og:image:width\" content=\"1024\" \/>\n\t<meta property=\"og:image:height\" content=\"576\" \/>\n\t<meta property=\"og:image:type\" content=\"image\/jpeg\" \/>\n<meta name=\"author\" content=\"Carlos Conchita\" \/>\n<meta name=\"twitter:label1\" content=\"Escrito por\" \/>\n\t<meta name=\"twitter:data1\" content=\"Carlos Conchita\" \/>\n\t<meta name=\"twitter:label2\" content=\"Tiempo de lectura\" \/>\n\t<meta name=\"twitter:data2\" content=\"3 minutos\" \/>\n<script type=\"application\/ld+json\" class=\"yoast-schema-graph\">{\"@context\":\"https:\\\/\\\/schema.org\",\"@graph\":[{\"@type\":\"Article\",\"@id\":\"https:\\\/\\\/www.carlosyconchita.net\\\/rutas\\\/08-09-2018-noucreus-fosa-del-gegant\\\/#article\",\"isPartOf\":{\"@id\":\"https:\\\/\\\/www.carlosyconchita.net\\\/rutas\\\/08-09-2018-noucreus-fosa-del-gegant\\\/\"},\"author\":{\"name\":\"Carlos Conchita\",\"@id\":\"https:\\\/\\\/www.carlosyconchita.net\\\/rutas\\\/#\\\/schema\\\/person\\\/a9691f7258c28443fab2d3aa1479ea19\"},\"headline\":\"08-09-2018-Noucreus-Fosa del Gegant (borna 510)\",\"datePublished\":\"2018-09-08T19:04:11+00:00\",\"dateModified\":\"2022-03-13T17:18:19+00:00\",\"mainEntityOfPage\":{\"@id\":\"https:\\\/\\\/www.carlosyconchita.net\\\/rutas\\\/08-09-2018-noucreus-fosa-del-gegant\\\/\"},\"wordCount\":559,\"commentCount\":0,\"image\":{\"@id\":\"https:\\\/\\\/www.carlosyconchita.net\\\/rutas\\\/08-09-2018-noucreus-fosa-del-gegant\\\/#primaryimage\"},\"thumbnailUrl\":\"https:\\\/\\\/www.carlosyconchita.net\\\/rutas\\\/wp-content\\\/uploads\\\/2018\\\/09\\\/44073170035_5288d8ebd8_o.jpg\",\"articleSection\":[\"100 Cims Carlos y Conchita\",\"2-Moderada\",\"3 - De 10 a 15 km.\",\"Mojones \\\/ Bornas frontera ES-FR\",\"Nuria\"],\"inLanguage\":\"es\",\"potentialAction\":[{\"@type\":\"CommentAction\",\"name\":\"Comment\",\"target\":[\"https:\\\/\\\/www.carlosyconchita.net\\\/rutas\\\/08-09-2018-noucreus-fosa-del-gegant\\\/#respond\"]}]},{\"@type\":\"WebPage\",\"@id\":\"https:\\\/\\\/www.carlosyconchita.net\\\/rutas\\\/08-09-2018-noucreus-fosa-del-gegant\\\/\",\"url\":\"https:\\\/\\\/www.carlosyconchita.net\\\/rutas\\\/08-09-2018-noucreus-fosa-del-gegant\\\/\",\"name\":\"08-09-2018-Noucreus-Fosa del Gegant (borna 510) -\",\"isPartOf\":{\"@id\":\"https:\\\/\\\/www.carlosyconchita.net\\\/rutas\\\/#website\"},\"primaryImageOfPage\":{\"@id\":\"https:\\\/\\\/www.carlosyconchita.net\\\/rutas\\\/08-09-2018-noucreus-fosa-del-gegant\\\/#primaryimage\"},\"image\":{\"@id\":\"https:\\\/\\\/www.carlosyconchita.net\\\/rutas\\\/08-09-2018-noucreus-fosa-del-gegant\\\/#primaryimage\"},\"thumbnailUrl\":\"https:\\\/\\\/www.carlosyconchita.net\\\/rutas\\\/wp-content\\\/uploads\\\/2018\\\/09\\\/44073170035_5288d8ebd8_o.jpg\",\"datePublished\":\"2018-09-08T19:04:11+00:00\",\"dateModified\":\"2022-03-13T17:18:19+00:00\",\"author\":{\"@id\":\"https:\\\/\\\/www.carlosyconchita.net\\\/rutas\\\/#\\\/schema\\\/person\\\/a9691f7258c28443fab2d3aa1479ea19\"},\"breadcrumb\":{\"@id\":\"https:\\\/\\\/www.carlosyconchita.net\\\/rutas\\\/08-09-2018-noucreus-fosa-del-gegant\\\/#breadcrumb\"},\"inLanguage\":\"es\",\"potentialAction\":[{\"@type\":\"ReadAction\",\"target\":[\"https:\\\/\\\/www.carlosyconchita.net\\\/rutas\\\/08-09-2018-noucreus-fosa-del-gegant\\\/\"]}]},{\"@type\":\"ImageObject\",\"inLanguage\":\"es\",\"@id\":\"https:\\\/\\\/www.carlosyconchita.net\\\/rutas\\\/08-09-2018-noucreus-fosa-del-gegant\\\/#primaryimage\",\"url\":\"https:\\\/\\\/www.carlosyconchita.net\\\/rutas\\\/wp-content\\\/uploads\\\/2018\\\/09\\\/44073170035_5288d8ebd8_o.jpg\",\"contentUrl\":\"https:\\\/\\\/www.carlosyconchita.net\\\/rutas\\\/wp-content\\\/uploads\\\/2018\\\/09\\\/44073170035_5288d8ebd8_o.jpg\",\"width\":1024,\"height\":576},{\"@type\":\"BreadcrumbList\",\"@id\":\"https:\\\/\\\/www.carlosyconchita.net\\\/rutas\\\/08-09-2018-noucreus-fosa-del-gegant\\\/#breadcrumb\",\"itemListElement\":[{\"@type\":\"ListItem\",\"position\":1,\"name\":\"Portada\",\"item\":\"https:\\\/\\\/www.carlosyconchita.net\\\/rutas\\\/\"},{\"@type\":\"ListItem\",\"position\":2,\"name\":\"08-09-2018-Noucreus-Fosa del Gegant (borna 510)\"}]},{\"@type\":\"WebSite\",\"@id\":\"https:\\\/\\\/www.carlosyconchita.net\\\/rutas\\\/#website\",\"url\":\"https:\\\/\\\/www.carlosyconchita.net\\\/rutas\\\/\",\"name\":\"Las rutas de Carlos y Conchita\",\"description\":\"\",\"potentialAction\":[{\"@type\":\"SearchAction\",\"target\":{\"@type\":\"EntryPoint\",\"urlTemplate\":\"https:\\\/\\\/www.carlosyconchita.net\\\/rutas\\\/?s={search_term_string}\"},\"query-input\":{\"@type\":\"PropertyValueSpecification\",\"valueRequired\":true,\"valueName\":\"search_term_string\"}}],\"inLanguage\":\"es\"},{\"@type\":\"Person\",\"@id\":\"https:\\\/\\\/www.carlosyconchita.net\\\/rutas\\\/#\\\/schema\\\/person\\\/a9691f7258c28443fab2d3aa1479ea19\",\"name\":\"Carlos Conchita\",\"image\":{\"@type\":\"ImageObject\",\"inLanguage\":\"es\",\"@id\":\"https:\\\/\\\/secure.gravatar.com\\\/avatar\\\/3a4625b20c8da3de99da69bfe7a322774e291c3f90dce7e8778a30fe6748ed1a?s=96&d=mm&r=g\",\"url\":\"https:\\\/\\\/secure.gravatar.com\\\/avatar\\\/3a4625b20c8da3de99da69bfe7a322774e291c3f90dce7e8778a30fe6748ed1a?s=96&d=mm&r=g\",\"contentUrl\":\"https:\\\/\\\/secure.gravatar.com\\\/avatar\\\/3a4625b20c8da3de99da69bfe7a322774e291c3f90dce7e8778a30fe6748ed1a?s=96&d=mm&r=g\",\"caption\":\"Carlos Conchita\"}}]}<\/script>\n<!-- \/ Yoast SEO plugin. -->","yoast_head_json":{"title":"08-09-2018-Noucreus-Fosa del Gegant (borna 510) -","robots":{"index":"index","follow":"follow","max-snippet":"max-snippet:-1","max-image-preview":"max-image-preview:large","max-video-preview":"max-video-preview:-1"},"canonical":"https:\/\/www.carlosyconchita.net\/rutas\/08-09-2018-noucreus-fosa-del-gegant\/","og_locale":"es_ES","og_type":"article","og_title":"08-09-2018-Noucreus-Fosa del Gegant (borna 510) -","og_description":"Excursi\u00f3n por la zona de Nuria, en la que pasamos de nuevo por la borna 510","og_url":"https:\/\/www.carlosyconchita.net\/rutas\/08-09-2018-noucreus-fosa-del-gegant\/","og_site_name":"Las rutas de Carlos y Conchita","article_published_time":"2018-09-08T19:04:11+00:00","article_modified_time":"2022-03-13T17:18:19+00:00","og_image":[{"width":1024,"height":576,"url":"https:\/\/www.carlosyconchita.net\/rutas\/wp-content\/uploads\/2018\/09\/44073170035_5288d8ebd8_o.jpg","type":"image\/jpeg"}],"author":"Carlos Conchita","twitter_misc":{"Escrito por":"Carlos Conchita","Tiempo de lectura":"3 minutos"},"schema":{"@context":"https:\/\/schema.org","@graph":[{"@type":"Article","@id":"https:\/\/www.carlosyconchita.net\/rutas\/08-09-2018-noucreus-fosa-del-gegant\/#article","isPartOf":{"@id":"https:\/\/www.carlosyconchita.net\/rutas\/08-09-2018-noucreus-fosa-del-gegant\/"},"author":{"name":"Carlos Conchita","@id":"https:\/\/www.carlosyconchita.net\/rutas\/#\/schema\/person\/a9691f7258c28443fab2d3aa1479ea19"},"headline":"08-09-2018-Noucreus-Fosa del Gegant (borna 510)","datePublished":"2018-09-08T19:04:11+00:00","dateModified":"2022-03-13T17:18:19+00:00","mainEntityOfPage":{"@id":"https:\/\/www.carlosyconchita.net\/rutas\/08-09-2018-noucreus-fosa-del-gegant\/"},"wordCount":559,"commentCount":0,"image":{"@id":"https:\/\/www.carlosyconchita.net\/rutas\/08-09-2018-noucreus-fosa-del-gegant\/#primaryimage"},"thumbnailUrl":"https:\/\/www.carlosyconchita.net\/rutas\/wp-content\/uploads\/2018\/09\/44073170035_5288d8ebd8_o.jpg","articleSection":["100 Cims Carlos y Conchita","2-Moderada","3 - De 10 a 15 km.","Mojones \/ Bornas frontera ES-FR","Nuria"],"inLanguage":"es","potentialAction":[{"@type":"CommentAction","name":"Comment","target":["https:\/\/www.carlosyconchita.net\/rutas\/08-09-2018-noucreus-fosa-del-gegant\/#respond"]}]},{"@type":"WebPage","@id":"https:\/\/www.carlosyconchita.net\/rutas\/08-09-2018-noucreus-fosa-del-gegant\/","url":"https:\/\/www.carlosyconchita.net\/rutas\/08-09-2018-noucreus-fosa-del-gegant\/","name":"08-09-2018-Noucreus-Fosa del Gegant (borna 510) -","isPartOf":{"@id":"https:\/\/www.carlosyconchita.net\/rutas\/#website"},"primaryImageOfPage":{"@id":"https:\/\/www.carlosyconchita.net\/rutas\/08-09-2018-noucreus-fosa-del-gegant\/#primaryimage"},"image":{"@id":"https:\/\/www.carlosyconchita.net\/rutas\/08-09-2018-noucreus-fosa-del-gegant\/#primaryimage"},"thumbnailUrl":"https:\/\/www.carlosyconchita.net\/rutas\/wp-content\/uploads\/2018\/09\/44073170035_5288d8ebd8_o.jpg","datePublished":"2018-09-08T19:04:11+00:00","dateModified":"2022-03-13T17:18:19+00:00","author":{"@id":"https:\/\/www.carlosyconchita.net\/rutas\/#\/schema\/person\/a9691f7258c28443fab2d3aa1479ea19"},"breadcrumb":{"@id":"https:\/\/www.carlosyconchita.net\/rutas\/08-09-2018-noucreus-fosa-del-gegant\/#breadcrumb"},"inLanguage":"es","potentialAction":[{"@type":"ReadAction","target":["https:\/\/www.carlosyconchita.net\/rutas\/08-09-2018-noucreus-fosa-del-gegant\/"]}]},{"@type":"ImageObject","inLanguage":"es","@id":"https:\/\/www.carlosyconchita.net\/rutas\/08-09-2018-noucreus-fosa-del-gegant\/#primaryimage","url":"https:\/\/www.carlosyconchita.net\/rutas\/wp-content\/uploads\/2018\/09\/44073170035_5288d8ebd8_o.jpg","contentUrl":"https:\/\/www.carlosyconchita.net\/rutas\/wp-content\/uploads\/2018\/09\/44073170035_5288d8ebd8_o.jpg","width":1024,"height":576},{"@type":"BreadcrumbList","@id":"https:\/\/www.carlosyconchita.net\/rutas\/08-09-2018-noucreus-fosa-del-gegant\/#breadcrumb","itemListElement":[{"@type":"ListItem","position":1,"name":"Portada","item":"https:\/\/www.carlosyconchita.net\/rutas\/"},{"@type":"ListItem","position":2,"name":"08-09-2018-Noucreus-Fosa del Gegant (borna 510)"}]},{"@type":"WebSite","@id":"https:\/\/www.carlosyconchita.net\/rutas\/#website","url":"https:\/\/www.carlosyconchita.net\/rutas\/","name":"Las rutas de Carlos y Conchita","description":"","potentialAction":[{"@type":"SearchAction","target":{"@type":"EntryPoint","urlTemplate":"https:\/\/www.carlosyconchita.net\/rutas\/?s={search_term_string}"},"query-input":{"@type":"PropertyValueSpecification","valueRequired":true,"valueName":"search_term_string"}}],"inLanguage":"es"},{"@type":"Person","@id":"https:\/\/www.carlosyconchita.net\/rutas\/#\/schema\/person\/a9691f7258c28443fab2d3aa1479ea19","name":"Carlos Conchita","image":{"@type":"ImageObject","inLanguage":"es","@id":"https:\/\/secure.gravatar.com\/avatar\/3a4625b20c8da3de99da69bfe7a322774e291c3f90dce7e8778a30fe6748ed1a?s=96&d=mm&r=g","url":"https:\/\/secure.gravatar.com\/avatar\/3a4625b20c8da3de99da69bfe7a322774e291c3f90dce7e8778a30fe6748ed1a?s=96&d=mm&r=g","contentUrl":"https:\/\/secure.gravatar.com\/avatar\/3a4625b20c8da3de99da69bfe7a322774e291c3f90dce7e8778a30fe6748ed1a?s=96&d=mm&r=g","caption":"Carlos Conchita"}}]}},"_links":{"self":[{"href":"https:\/\/www.carlosyconchita.net\/rutas\/wp-json\/wp\/v2\/posts\/11876","targetHints":{"allow":["GET"]}}],"collection":[{"href":"https:\/\/www.carlosyconchita.net\/rutas\/wp-json\/wp\/v2\/posts"}],"about":[{"href":"https:\/\/www.carlosyconchita.net\/rutas\/wp-json\/wp\/v2\/types\/post"}],"author":[{"embeddable":true,"href":"https:\/\/www.carlosyconchita.net\/rutas\/wp-json\/wp\/v2\/users\/50"}],"replies":[{"embeddable":true,"href":"https:\/\/www.carlosyconchita.net\/rutas\/wp-json\/wp\/v2\/comments?post=11876"}],"version-history":[{"count":0,"href":"https:\/\/www.carlosyconchita.net\/rutas\/wp-json\/wp\/v2\/posts\/11876\/revisions"}],"wp:featuredmedia":[{"embeddable":true,"href":"https:\/\/www.carlosyconchita.net\/rutas\/wp-json\/wp\/v2\/media\/11877"}],"wp:attachment":[{"href":"https:\/\/www.carlosyconchita.net\/rutas\/wp-json\/wp\/v2\/media?parent=11876"}],"wp:term":[{"taxonomy":"category","embeddable":true,"href":"https:\/\/www.carlosyconchita.net\/rutas\/wp-json\/wp\/v2\/categories?post=11876"},{"taxonomy":"post_tag","embeddable":true,"href":"https:\/\/www.carlosyconchita.net\/rutas\/wp-json\/wp\/v2\/tags?post=11876"}],"curies":[{"name":"wp","href":"https:\/\/api.w.org\/{rel}","templated":true}]}}