{"id":11898,"date":"2018-09-18T10:02:16","date_gmt":"2018-09-18T09:02:16","guid":{"rendered":"https:\/\/www.carlosyconchita.net\/rutas\/?p=11898"},"modified":"2018-11-13T17:24:40","modified_gmt":"2018-11-13T16:24:40","slug":"18-09-2018-ensagents-refugio-y-lagos","status":"publish","type":"post","link":"https:\/\/www.carlosyconchita.net\/rutas\/18-09-2018-ensagents-refugio-y-lagos\/","title":{"rendered":"18-09-2018-Ensagents  (refugio y lagos)"},"content":{"rendered":"<p style=\"text-align: justify;\">Para llegar al punto de inicio de la excursi\u00f3n de hoy al Refugio y lagos de Ensagents, tenemos que ir a la Carretera dels Cortals de Encamp (igual que en la excursi\u00f3n del dia <a href=\"https:\/\/www.carlosyconchita.net\/rutas\/04-08-2018-fonts-del-campea\/\" target=\"_blank\" rel=\"noopener\"><strong><span style=\"color: #000080;\">04-08-2018-Fonts del Campe\u00e1<\/span><\/strong><\/a> )<\/p>\n<p style=\"text-align: justify;\">En Encamp, en la rotonda en donde est\u00e1 el inicio del \u201cfunicamp\u201d , localizaremos el indicador de la Carretera dels Cortals de Encamp, y seguiremos esa estrecha carretera, que sube de forma bastante pronunciada, hasta un punto, casi al final de la misma, en la que veremos a la derecha una zona con varias mesas de piedra y unas barbacoas. (es donde acabamos la antes citada ruta de las Fonts del Campe\u00e1) y donde casi seguro veremos coches aparcados en la carretera. (ver fotos)<\/p>\n<p style=\"text-align: justify;\">Empezaremos a subir por el camino que empieza al lado mismo de las barbacoas, y poco despu\u00e9s veremos un letrero de madera que nos se\u00f1ala el refugio y los lagos de Ensagents a la izquierda. (ver Cruce 1\u00a0 en el track )<\/p>\n<p style=\"text-align: justify;\">Continuaremos subiendo por ese camino, pasando por una zona al lado del rio Ensagents muy h\u00fameda, al menos hoy, y llegaremos a un segundo letrero (met\u00e1lico ) que nos indica los lagos a la izquierda y el refugio a la derecha. (ver Cruce 2\u00a0 en el track )<br \/>\nNosotros hemos subido por la derecha (aunque indique s\u00f3lo el refugio, se llega igual a los lagos, que est\u00e1n un poco m\u00e1s arriba, ver foto con el letrero) y hemos bajado por el camino de la izquierda, aunque se puede hacer en sentido contrario.<\/p>\n<p>&nbsp;<\/p>\n<hr \/>\n<h3><strong>Album de fotos<\/strong><\/h3>\n<p><a href=\"https:\/\/photos.app.goo.gl\/LdZo5afpGi3Pj9AA7\" target=\"_blank\" rel=\"noopener\"><img loading=\"lazy\" decoding=\"async\" class=\"aligncenter wp-image-11897 size-column4-4\/5\" src=\"https:\/\/www.carlosyconchita.net\/rutas\/wp-content\/uploads\/2018\/10\/30052757227_f6d4b3e90c_o-240x192.jpg\" alt=\"\" width=\"240\" height=\"192\" srcset=\"https:\/\/www.carlosyconchita.net\/rutas\/wp-content\/uploads\/2018\/10\/30052757227_f6d4b3e90c_o-240x192.jpg 240w, https:\/\/www.carlosyconchita.net\/rutas\/wp-content\/uploads\/2018\/10\/30052757227_f6d4b3e90c_o-250x200.jpg 250w, https:\/\/www.carlosyconchita.net\/rutas\/wp-content\/uploads\/2018\/10\/30052757227_f6d4b3e90c_o-480x384.jpg 480w, https:\/\/www.carlosyconchita.net\/rutas\/wp-content\/uploads\/2018\/10\/30052757227_f6d4b3e90c_o-320x256.jpg 320w\" sizes=\"auto, (max-width: 240px) 100vw, 240px\" \/><\/a><\/p>\n<hr \/>\n<p><strong>Dificultad<\/strong>\u00a0:\u00a0 \u00a0 Moderado<\/p>\n<p><strong>Distancia total<\/strong>\u00a0:\u00a0 \u00a0 9.561 \u00a0<span class=\"totlen\"><span class=\"summaryvalue\"> m.\u00a0<br \/>\n<\/span><\/span><\/p>\n<p><strong>Alturas m\u00ednima \/ m\u00e1xima<\/strong>\u00a0:\u00a0 \u00a0 1.900 m \u2014 2.554 m<\/p>\n<p><strong>Desnivel acumulado (s\/Wikiloc)<\/strong>\u00a0 :\u00a0 \u00a0 \u00a0 655 m.<\/p>\n<p><strong>Tiempo total \/ en movimiento<\/strong>\u00a0:\u00a0 \u00a0 \u00a0 6 h. 36 m.\u00a0 \u00a0\u2013\u00a0 3 h. 34 m<\/p>\n<p><strong>Vel. media total \/ vel.media movimiento<\/strong>\u00a0:\u00a0 \u00a0 \u00a01\u201940 km.\/h. \u2014\u00a0 2\u201959 km.\/h<\/p>\n<hr \/>\n<p>Inicio de la excursi\u00f3n.<\/p>\n<p><img decoding=\"async\" src=\"https:\/\/farm2.staticflickr.com\/1978\/43176785160_4b2be8d18e_b.jpg\" \/><\/p>\n<p><img decoding=\"async\" src=\"https:\/\/farm2.staticflickr.com\/1936\/43176781510_6a2f5ae643_b.jpg\" \/><\/p>\n<p><img decoding=\"async\" src=\"https:\/\/farm2.staticflickr.com\/1980\/44269583974_2cd5b5b4f6_b.jpg\" \/><\/p>\n<p>Mirando atr\u00e1s&#8230;<\/p>\n<p><img decoding=\"async\" src=\"https:\/\/farm2.staticflickr.com\/1943\/43176776960_1ff75eff68_b.jpg\" \/><\/p>\n<p><img decoding=\"async\" src=\"https:\/\/farm2.staticflickr.com\/1954\/44077252425_66c74a5ebb_b.jpg\" \/><\/p>\n<p><img decoding=\"async\" src=\"https:\/\/farm2.staticflickr.com\/1926\/43176770860_8490be6fd7_b.jpg\" \/><\/p>\n<p><img decoding=\"async\" src=\"https:\/\/farm2.staticflickr.com\/1980\/43176770250_59fd11d14c_b.jpg\" \/><\/p>\n<p><img decoding=\"async\" src=\"https:\/\/farm2.staticflickr.com\/1923\/43176768140_8fff895c21_b.jpg\" \/><\/p>\n<p>Desde el refugio, solo tenemos que caminar un poquito m\u00e1s para llegar a los lagos.<\/p>\n<p><img decoding=\"async\" src=\"https:\/\/farm2.staticflickr.com\/1938\/43176760670_01fe677bce_b.jpg\" \/><\/p>\n<p><img decoding=\"async\" src=\"https:\/\/farm2.staticflickr.com\/1905\/43176758400_0cea509f7a_b.jpg\" \/><\/p>\n<p><img decoding=\"async\" src=\"https:\/\/farm2.staticflickr.com\/1955\/44077235735_7475c14b35_b.jpg\" \/><\/p>\n<p><img decoding=\"async\" src=\"https:\/\/farm2.staticflickr.com\/1915\/43176751340_fcb9c9aed6_b.jpg\" \/><\/p>\n<p><img decoding=\"async\" src=\"https:\/\/farm2.staticflickr.com\/1964\/44077230385_24afebef62_b.jpg\" \/><\/p>\n<p><img decoding=\"async\" src=\"https:\/\/farm2.staticflickr.com\/1970\/30052760887_b6d059d4d4_b.jpg\" \/><\/p>\n<p><img decoding=\"async\" class=\"\" src=\"https:\/\/farm2.staticflickr.com\/1961\/30052756647_885bd905a5_b.jpg\" \/><\/p>\n<p><img decoding=\"async\" src=\"https:\/\/farm2.staticflickr.com\/1979\/44939986912_0dde630cb4_b.jpg\" \/><\/p>\n<p><img decoding=\"async\" class=\"\" src=\"https:\/\/farm2.staticflickr.com\/1959\/44939984752_aa16347799_b.jpg\" \/><\/p>\n<p style=\"text-align: justify;\">Y desde los lagos, volvemos ya al punto de partida&#8230;y en el camino hemos encontrado bastantes setas, teniendo en cuenta que no las busc\u00e1bamos.<\/p>\n<p><img decoding=\"async\" src=\"https:\/\/farm2.staticflickr.com\/1961\/44939983702_b3bf16f4eb_b.jpg\" \/><\/p>\n<p><img decoding=\"async\" src=\"https:\/\/farm2.staticflickr.com\/1971\/44077217695_9ac048bdc9_b.jpg\" \/><\/p>\n<p><img decoding=\"async\" src=\"https:\/\/farm2.staticflickr.com\/1910\/43176732560_708f0a2444_b.jpg\" \/><\/p>\n<p><img decoding=\"async\" src=\"https:\/\/farm2.staticflickr.com\/1915\/43176731890_ee99fe5a03_b.jpg\" \/><\/p>\n<hr \/>\n<p>&nbsp;<\/p>\n<h3><strong>Track de la ruta<\/strong><\/h3>\n<p>[sgpx gpx=\u00bb\/wp-content\/uploads\/gpx\/Ensagents.gpx\u00bb]<\/p>\n<p>&nbsp;<\/p>\n<hr \/>\n<p>&nbsp;<\/p>\n<p style=\"text-align: justify;\"><span style=\"color: #ff0000; background-color: #ffffff; font-size: 14pt;\"><strong>Si te ha gustado, comp\u00e1rtelo en tu red favorita o env\u00edanos tu comentario.<br \/>\n<\/strong><\/span><\/p>\n<p style=\"text-align: justify;\"><span style=\"font-size: 14pt;\"><strong><span style=\"color: #ff0000;\">Muchas gracias !<\/span><\/strong><\/span><\/p>\n<hr \/>\n<p style=\"text-align: justify;\"><strong><span style=\"color: #008000;\">Suscribete si quieres recibir un mail cuando publiquemos nuevas rutas : no enviamos publicidad y como m\u00e1ximo enviamos 2 mails al mes<\/span><\/strong><\/p>\n<p style=\"text-align: center;\"><a href=\"https:\/\/mailchi.mp\/6989c83a3e24\/wmv06rtqcz\/\" target=\"_blank\" rel=\"noopener\"><strong><span style=\"color: #0000ff;\">Pulsa aqu\u00ed para suscribirte<\/span><\/strong><\/a><\/p>\n<hr \/>\n<p style=\"text-align: justify;\">\u00a0<\/p>\n<h3 style=\"text-align: justify;\">Puedes imprimir esta publicaci\u00f3n o guardarla en diferentes formatos :<\/h3>\n<p style=\"text-align: justify;\"><span style=\"color: #ff0000; font-size: 14pt;\">Para facilitar la impresi\u00f3n, se ha reducido considerablemente el tama\u00f1o de las fotos, pero si deseas imprimir sin fotos, aconsejamos guardarlo como \u201cdoc\u201d, y antes de imprimirlo, eliminar las fotos<\/span><\/p>\n<p>&nbsp;<\/p>\n<hr \/>\n<h3><strong>Enlace\u00a0 Wikiloc<\/strong><\/h3>\n<p><a href=\"https:\/\/es.wikiloc.com\/rutas-senderismo\/ensagents-refugio-y-lagos-29260791\" target=\"_blank\" rel=\"noopener\"><img loading=\"lazy\" decoding=\"async\" class=\"size-full wp-image-958 aligncenter\" src=\"https:\/\/www.carlosyconchita.net\/rutas\/wp-content\/uploads\/2020\/09\/wikiloc.jpg\" alt=\"\" width=\"117\" height=\"34\" \/><\/a><\/p>\n<p>&nbsp;<\/p>\n","protected":false},"excerpt":{"rendered":"<p>Para llegar al punto de inicio de la excursi\u00f3n de hoy al Refugio y lagos de Ensagents, tenemos que ir a la Carretera dels Cortals de Encamp (igual que en la excursi\u00f3n del dia 04-08-2018-Fonts del Campe\u00e1 ) En Encamp, en la rotonda en donde est\u00e1 el inicio del \u201cfunicamp\u201d , localizaremos el indicador de [&hellip;]<\/p>\n","protected":false},"author":50,"featured_media":11897,"comment_status":"open","ping_status":"open","sticky":false,"template":"","format":"standard","meta":{"footnotes":""},"categories":[22,11,66],"tags":[],"class_list":{"0":"post-11898","1":"post","2":"type-post","3":"status-publish","4":"format-standard","5":"has-post-thumbnail","6":"hentry","7":"category-de-05-a-10-km","8":"category-moderada","9":"category-andorra","11":"post-with-thumbnail","12":"post-with-thumbnail-icon"},"yoast_head":"<!-- This site is optimized with the Yoast SEO plugin v27.4 - https:\/\/yoast.com\/product\/yoast-seo-wordpress\/ -->\n<title>18-09-2018-Ensagents (refugio y lagos) -<\/title>\n<meta name=\"robots\" content=\"index, follow, max-snippet:-1, max-image-preview:large, max-video-preview:-1\" \/>\n<link rel=\"canonical\" href=\"https:\/\/www.carlosyconchita.net\/rutas\/18-09-2018-ensagents-refugio-y-lagos\/\" \/>\n<meta property=\"og:locale\" content=\"es_ES\" \/>\n<meta property=\"og:type\" content=\"article\" \/>\n<meta property=\"og:title\" content=\"18-09-2018-Ensagents (refugio y lagos) -\" \/>\n<meta property=\"og:description\" content=\"Para llegar al punto de inicio de la excursi\u00f3n de hoy al Refugio y lagos de Ensagents, tenemos que ir a la Carretera dels Cortals de Encamp (igual que en la excursi\u00f3n del dia 04-08-2018-Fonts del Campe\u00e1 ) En Encamp, en la rotonda en donde est\u00e1 el inicio del \u201cfunicamp\u201d , localizaremos el indicador de [&hellip;]\" \/>\n<meta property=\"og:url\" content=\"https:\/\/www.carlosyconchita.net\/rutas\/18-09-2018-ensagents-refugio-y-lagos\/\" \/>\n<meta property=\"og:site_name\" content=\"Las rutas de Carlos y Conchita\" \/>\n<meta property=\"article:published_time\" content=\"2018-09-18T09:02:16+00:00\" \/>\n<meta property=\"article:modified_time\" content=\"2018-11-13T16:24:40+00:00\" \/>\n<meta property=\"og:image\" content=\"https:\/\/www.carlosyconchita.net\/rutas\/wp-content\/uploads\/2018\/10\/30052757227_f6d4b3e90c_o.jpg\" \/>\n\t<meta property=\"og:image:width\" content=\"1024\" \/>\n\t<meta property=\"og:image:height\" content=\"576\" \/>\n\t<meta property=\"og:image:type\" content=\"image\/jpeg\" \/>\n<meta name=\"author\" content=\"Carlos Conchita\" \/>\n<meta name=\"twitter:label1\" content=\"Escrito por\" \/>\n\t<meta name=\"twitter:data1\" content=\"Carlos Conchita\" \/>\n\t<meta name=\"twitter:label2\" content=\"Tiempo de lectura\" \/>\n\t<meta name=\"twitter:data2\" content=\"2 minutos\" \/>\n<script type=\"application\/ld+json\" class=\"yoast-schema-graph\">{\"@context\":\"https:\\\/\\\/schema.org\",\"@graph\":[{\"@type\":\"Article\",\"@id\":\"https:\\\/\\\/www.carlosyconchita.net\\\/rutas\\\/18-09-2018-ensagents-refugio-y-lagos\\\/#article\",\"isPartOf\":{\"@id\":\"https:\\\/\\\/www.carlosyconchita.net\\\/rutas\\\/18-09-2018-ensagents-refugio-y-lagos\\\/\"},\"author\":{\"name\":\"Carlos Conchita\",\"@id\":\"https:\\\/\\\/www.carlosyconchita.net\\\/rutas\\\/#\\\/schema\\\/person\\\/a9691f7258c28443fab2d3aa1479ea19\"},\"headline\":\"18-09-2018-Ensagents (refugio y lagos)\",\"datePublished\":\"2018-09-18T09:02:16+00:00\",\"dateModified\":\"2018-11-13T16:24:40+00:00\",\"mainEntityOfPage\":{\"@id\":\"https:\\\/\\\/www.carlosyconchita.net\\\/rutas\\\/18-09-2018-ensagents-refugio-y-lagos\\\/\"},\"wordCount\":457,\"commentCount\":0,\"image\":{\"@id\":\"https:\\\/\\\/www.carlosyconchita.net\\\/rutas\\\/18-09-2018-ensagents-refugio-y-lagos\\\/#primaryimage\"},\"thumbnailUrl\":\"https:\\\/\\\/www.carlosyconchita.net\\\/rutas\\\/wp-content\\\/uploads\\\/2018\\\/10\\\/30052757227_f6d4b3e90c_o.jpg\",\"articleSection\":[\"2 - De 5 a 10 km.\",\"2-Moderada\",\"Andorra\"],\"inLanguage\":\"es\",\"potentialAction\":[{\"@type\":\"CommentAction\",\"name\":\"Comment\",\"target\":[\"https:\\\/\\\/www.carlosyconchita.net\\\/rutas\\\/18-09-2018-ensagents-refugio-y-lagos\\\/#respond\"]}]},{\"@type\":\"WebPage\",\"@id\":\"https:\\\/\\\/www.carlosyconchita.net\\\/rutas\\\/18-09-2018-ensagents-refugio-y-lagos\\\/\",\"url\":\"https:\\\/\\\/www.carlosyconchita.net\\\/rutas\\\/18-09-2018-ensagents-refugio-y-lagos\\\/\",\"name\":\"18-09-2018-Ensagents (refugio y lagos) -\",\"isPartOf\":{\"@id\":\"https:\\\/\\\/www.carlosyconchita.net\\\/rutas\\\/#website\"},\"primaryImageOfPage\":{\"@id\":\"https:\\\/\\\/www.carlosyconchita.net\\\/rutas\\\/18-09-2018-ensagents-refugio-y-lagos\\\/#primaryimage\"},\"image\":{\"@id\":\"https:\\\/\\\/www.carlosyconchita.net\\\/rutas\\\/18-09-2018-ensagents-refugio-y-lagos\\\/#primaryimage\"},\"thumbnailUrl\":\"https:\\\/\\\/www.carlosyconchita.net\\\/rutas\\\/wp-content\\\/uploads\\\/2018\\\/10\\\/30052757227_f6d4b3e90c_o.jpg\",\"datePublished\":\"2018-09-18T09:02:16+00:00\",\"dateModified\":\"2018-11-13T16:24:40+00:00\",\"author\":{\"@id\":\"https:\\\/\\\/www.carlosyconchita.net\\\/rutas\\\/#\\\/schema\\\/person\\\/a9691f7258c28443fab2d3aa1479ea19\"},\"breadcrumb\":{\"@id\":\"https:\\\/\\\/www.carlosyconchita.net\\\/rutas\\\/18-09-2018-ensagents-refugio-y-lagos\\\/#breadcrumb\"},\"inLanguage\":\"es\",\"potentialAction\":[{\"@type\":\"ReadAction\",\"target\":[\"https:\\\/\\\/www.carlosyconchita.net\\\/rutas\\\/18-09-2018-ensagents-refugio-y-lagos\\\/\"]}]},{\"@type\":\"ImageObject\",\"inLanguage\":\"es\",\"@id\":\"https:\\\/\\\/www.carlosyconchita.net\\\/rutas\\\/18-09-2018-ensagents-refugio-y-lagos\\\/#primaryimage\",\"url\":\"https:\\\/\\\/www.carlosyconchita.net\\\/rutas\\\/wp-content\\\/uploads\\\/2018\\\/10\\\/30052757227_f6d4b3e90c_o.jpg\",\"contentUrl\":\"https:\\\/\\\/www.carlosyconchita.net\\\/rutas\\\/wp-content\\\/uploads\\\/2018\\\/10\\\/30052757227_f6d4b3e90c_o.jpg\",\"width\":1024,\"height\":576},{\"@type\":\"BreadcrumbList\",\"@id\":\"https:\\\/\\\/www.carlosyconchita.net\\\/rutas\\\/18-09-2018-ensagents-refugio-y-lagos\\\/#breadcrumb\",\"itemListElement\":[{\"@type\":\"ListItem\",\"position\":1,\"name\":\"Portada\",\"item\":\"https:\\\/\\\/www.carlosyconchita.net\\\/rutas\\\/\"},{\"@type\":\"ListItem\",\"position\":2,\"name\":\"18-09-2018-Ensagents (refugio y lagos)\"}]},{\"@type\":\"WebSite\",\"@id\":\"https:\\\/\\\/www.carlosyconchita.net\\\/rutas\\\/#website\",\"url\":\"https:\\\/\\\/www.carlosyconchita.net\\\/rutas\\\/\",\"name\":\"Las rutas de Carlos y Conchita\",\"description\":\"\",\"potentialAction\":[{\"@type\":\"SearchAction\",\"target\":{\"@type\":\"EntryPoint\",\"urlTemplate\":\"https:\\\/\\\/www.carlosyconchita.net\\\/rutas\\\/?s={search_term_string}\"},\"query-input\":{\"@type\":\"PropertyValueSpecification\",\"valueRequired\":true,\"valueName\":\"search_term_string\"}}],\"inLanguage\":\"es\"},{\"@type\":\"Person\",\"@id\":\"https:\\\/\\\/www.carlosyconchita.net\\\/rutas\\\/#\\\/schema\\\/person\\\/a9691f7258c28443fab2d3aa1479ea19\",\"name\":\"Carlos Conchita\",\"image\":{\"@type\":\"ImageObject\",\"inLanguage\":\"es\",\"@id\":\"https:\\\/\\\/secure.gravatar.com\\\/avatar\\\/3a4625b20c8da3de99da69bfe7a322774e291c3f90dce7e8778a30fe6748ed1a?s=96&d=mm&r=g\",\"url\":\"https:\\\/\\\/secure.gravatar.com\\\/avatar\\\/3a4625b20c8da3de99da69bfe7a322774e291c3f90dce7e8778a30fe6748ed1a?s=96&d=mm&r=g\",\"contentUrl\":\"https:\\\/\\\/secure.gravatar.com\\\/avatar\\\/3a4625b20c8da3de99da69bfe7a322774e291c3f90dce7e8778a30fe6748ed1a?s=96&d=mm&r=g\",\"caption\":\"Carlos Conchita\"}}]}<\/script>\n<!-- \/ Yoast SEO plugin. -->","yoast_head_json":{"title":"18-09-2018-Ensagents (refugio y lagos) -","robots":{"index":"index","follow":"follow","max-snippet":"max-snippet:-1","max-image-preview":"max-image-preview:large","max-video-preview":"max-video-preview:-1"},"canonical":"https:\/\/www.carlosyconchita.net\/rutas\/18-09-2018-ensagents-refugio-y-lagos\/","og_locale":"es_ES","og_type":"article","og_title":"18-09-2018-Ensagents (refugio y lagos) -","og_description":"Para llegar al punto de inicio de la excursi\u00f3n de hoy al Refugio y lagos de Ensagents, tenemos que ir a la Carretera dels Cortals de Encamp (igual que en la excursi\u00f3n del dia 04-08-2018-Fonts del Campe\u00e1 ) En Encamp, en la rotonda en donde est\u00e1 el inicio del \u201cfunicamp\u201d , localizaremos el indicador de [&hellip;]","og_url":"https:\/\/www.carlosyconchita.net\/rutas\/18-09-2018-ensagents-refugio-y-lagos\/","og_site_name":"Las rutas de Carlos y Conchita","article_published_time":"2018-09-18T09:02:16+00:00","article_modified_time":"2018-11-13T16:24:40+00:00","og_image":[{"width":1024,"height":576,"url":"https:\/\/www.carlosyconchita.net\/rutas\/wp-content\/uploads\/2018\/10\/30052757227_f6d4b3e90c_o.jpg","type":"image\/jpeg"}],"author":"Carlos Conchita","twitter_misc":{"Escrito por":"Carlos Conchita","Tiempo de lectura":"2 minutos"},"schema":{"@context":"https:\/\/schema.org","@graph":[{"@type":"Article","@id":"https:\/\/www.carlosyconchita.net\/rutas\/18-09-2018-ensagents-refugio-y-lagos\/#article","isPartOf":{"@id":"https:\/\/www.carlosyconchita.net\/rutas\/18-09-2018-ensagents-refugio-y-lagos\/"},"author":{"name":"Carlos Conchita","@id":"https:\/\/www.carlosyconchita.net\/rutas\/#\/schema\/person\/a9691f7258c28443fab2d3aa1479ea19"},"headline":"18-09-2018-Ensagents (refugio y lagos)","datePublished":"2018-09-18T09:02:16+00:00","dateModified":"2018-11-13T16:24:40+00:00","mainEntityOfPage":{"@id":"https:\/\/www.carlosyconchita.net\/rutas\/18-09-2018-ensagents-refugio-y-lagos\/"},"wordCount":457,"commentCount":0,"image":{"@id":"https:\/\/www.carlosyconchita.net\/rutas\/18-09-2018-ensagents-refugio-y-lagos\/#primaryimage"},"thumbnailUrl":"https:\/\/www.carlosyconchita.net\/rutas\/wp-content\/uploads\/2018\/10\/30052757227_f6d4b3e90c_o.jpg","articleSection":["2 - De 5 a 10 km.","2-Moderada","Andorra"],"inLanguage":"es","potentialAction":[{"@type":"CommentAction","name":"Comment","target":["https:\/\/www.carlosyconchita.net\/rutas\/18-09-2018-ensagents-refugio-y-lagos\/#respond"]}]},{"@type":"WebPage","@id":"https:\/\/www.carlosyconchita.net\/rutas\/18-09-2018-ensagents-refugio-y-lagos\/","url":"https:\/\/www.carlosyconchita.net\/rutas\/18-09-2018-ensagents-refugio-y-lagos\/","name":"18-09-2018-Ensagents (refugio y lagos) -","isPartOf":{"@id":"https:\/\/www.carlosyconchita.net\/rutas\/#website"},"primaryImageOfPage":{"@id":"https:\/\/www.carlosyconchita.net\/rutas\/18-09-2018-ensagents-refugio-y-lagos\/#primaryimage"},"image":{"@id":"https:\/\/www.carlosyconchita.net\/rutas\/18-09-2018-ensagents-refugio-y-lagos\/#primaryimage"},"thumbnailUrl":"https:\/\/www.carlosyconchita.net\/rutas\/wp-content\/uploads\/2018\/10\/30052757227_f6d4b3e90c_o.jpg","datePublished":"2018-09-18T09:02:16+00:00","dateModified":"2018-11-13T16:24:40+00:00","author":{"@id":"https:\/\/www.carlosyconchita.net\/rutas\/#\/schema\/person\/a9691f7258c28443fab2d3aa1479ea19"},"breadcrumb":{"@id":"https:\/\/www.carlosyconchita.net\/rutas\/18-09-2018-ensagents-refugio-y-lagos\/#breadcrumb"},"inLanguage":"es","potentialAction":[{"@type":"ReadAction","target":["https:\/\/www.carlosyconchita.net\/rutas\/18-09-2018-ensagents-refugio-y-lagos\/"]}]},{"@type":"ImageObject","inLanguage":"es","@id":"https:\/\/www.carlosyconchita.net\/rutas\/18-09-2018-ensagents-refugio-y-lagos\/#primaryimage","url":"https:\/\/www.carlosyconchita.net\/rutas\/wp-content\/uploads\/2018\/10\/30052757227_f6d4b3e90c_o.jpg","contentUrl":"https:\/\/www.carlosyconchita.net\/rutas\/wp-content\/uploads\/2018\/10\/30052757227_f6d4b3e90c_o.jpg","width":1024,"height":576},{"@type":"BreadcrumbList","@id":"https:\/\/www.carlosyconchita.net\/rutas\/18-09-2018-ensagents-refugio-y-lagos\/#breadcrumb","itemListElement":[{"@type":"ListItem","position":1,"name":"Portada","item":"https:\/\/www.carlosyconchita.net\/rutas\/"},{"@type":"ListItem","position":2,"name":"18-09-2018-Ensagents (refugio y lagos)"}]},{"@type":"WebSite","@id":"https:\/\/www.carlosyconchita.net\/rutas\/#website","url":"https:\/\/www.carlosyconchita.net\/rutas\/","name":"Las rutas de Carlos y Conchita","description":"","potentialAction":[{"@type":"SearchAction","target":{"@type":"EntryPoint","urlTemplate":"https:\/\/www.carlosyconchita.net\/rutas\/?s={search_term_string}"},"query-input":{"@type":"PropertyValueSpecification","valueRequired":true,"valueName":"search_term_string"}}],"inLanguage":"es"},{"@type":"Person","@id":"https:\/\/www.carlosyconchita.net\/rutas\/#\/schema\/person\/a9691f7258c28443fab2d3aa1479ea19","name":"Carlos Conchita","image":{"@type":"ImageObject","inLanguage":"es","@id":"https:\/\/secure.gravatar.com\/avatar\/3a4625b20c8da3de99da69bfe7a322774e291c3f90dce7e8778a30fe6748ed1a?s=96&d=mm&r=g","url":"https:\/\/secure.gravatar.com\/avatar\/3a4625b20c8da3de99da69bfe7a322774e291c3f90dce7e8778a30fe6748ed1a?s=96&d=mm&r=g","contentUrl":"https:\/\/secure.gravatar.com\/avatar\/3a4625b20c8da3de99da69bfe7a322774e291c3f90dce7e8778a30fe6748ed1a?s=96&d=mm&r=g","caption":"Carlos Conchita"}}]}},"_links":{"self":[{"href":"https:\/\/www.carlosyconchita.net\/rutas\/wp-json\/wp\/v2\/posts\/11898","targetHints":{"allow":["GET"]}}],"collection":[{"href":"https:\/\/www.carlosyconchita.net\/rutas\/wp-json\/wp\/v2\/posts"}],"about":[{"href":"https:\/\/www.carlosyconchita.net\/rutas\/wp-json\/wp\/v2\/types\/post"}],"author":[{"embeddable":true,"href":"https:\/\/www.carlosyconchita.net\/rutas\/wp-json\/wp\/v2\/users\/50"}],"replies":[{"embeddable":true,"href":"https:\/\/www.carlosyconchita.net\/rutas\/wp-json\/wp\/v2\/comments?post=11898"}],"version-history":[{"count":0,"href":"https:\/\/www.carlosyconchita.net\/rutas\/wp-json\/wp\/v2\/posts\/11898\/revisions"}],"wp:featuredmedia":[{"embeddable":true,"href":"https:\/\/www.carlosyconchita.net\/rutas\/wp-json\/wp\/v2\/media\/11897"}],"wp:attachment":[{"href":"https:\/\/www.carlosyconchita.net\/rutas\/wp-json\/wp\/v2\/media?parent=11898"}],"wp:term":[{"taxonomy":"category","embeddable":true,"href":"https:\/\/www.carlosyconchita.net\/rutas\/wp-json\/wp\/v2\/categories?post=11898"},{"taxonomy":"post_tag","embeddable":true,"href":"https:\/\/www.carlosyconchita.net\/rutas\/wp-json\/wp\/v2\/tags?post=11898"}],"curies":[{"name":"wp","href":"https:\/\/api.w.org\/{rel}","templated":true}]}}