{"id":12414,"date":"2019-01-03T20:53:49","date_gmt":"2019-01-03T19:53:49","guid":{"rendered":"https:\/\/www.carlosyconchita.net\/rutas\/?p=12414"},"modified":"2019-01-23T22:11:27","modified_gmt":"2019-01-23T21:11:27","slug":"03-01-2019-alp-das-urus-collet-jovell","status":"publish","type":"post","link":"https:\/\/www.carlosyconchita.net\/rutas\/03-01-2019-alp-das-urus-collet-jovell\/","title":{"rendered":"03-01-2019-Alp-Das-Urus-Collet Jovell"},"content":{"rendered":"<p style=\"text-align: justify;\">Hoy hacemos una caminata de las que nosotros llamamos \u00abentre pueblos\u00bb, para conocer el m\u00e1ximo n\u00famero de ellos, y pasaremos entre otros por Das, que a pesar de las innumerables veces que hemos pasado con el coche por la carretera, nunca nos hab\u00edamos detenido para verlo a pi\u00e9.<\/p>\n<p style=\"text-align: justify;\">Empezaremos a caminar en Alp, concretamente en el parking del Caprabo, en donde hemos quedado con Lluis y Asun, con quien haremos la ruta de hoy<\/p>\n<p>Despu\u00e9s nos dirigiremos al vecino pueblo de Alp, caminando unos pocos metros por la carretera, despu\u00e9s\u00a0 a\u00a0 Ur\u00fas y all\u00ed subiremos al Collet de Jovell, volviendo despu\u00e9s a Ur\u00fas y ya por el mismo camino , al punto de partida.<\/p>\n<hr \/>\n<h3><strong>Album de fotos<\/strong><\/h3>\n<p><a href=\"https:\/\/photos.app.goo.gl\/CuK6XeEbVX4kD4kL9\" target=\"_blank\" rel=\"noopener\"><img loading=\"lazy\" decoding=\"async\" class=\"aligncenter wp-image-12415 size-column4-2\/3\" src=\"https:\/\/www.carlosyconchita.net\/rutas\/wp-content\/uploads\/2019\/01\/DSC01252-285x190.jpg\" alt=\"\" width=\"285\" height=\"190\" srcset=\"https:\/\/www.carlosyconchita.net\/rutas\/wp-content\/uploads\/2019\/01\/DSC01252-285x190.jpg 285w, https:\/\/www.carlosyconchita.net\/rutas\/wp-content\/uploads\/2019\/01\/DSC01252-272x182.jpg 272w, https:\/\/www.carlosyconchita.net\/rutas\/wp-content\/uploads\/2019\/01\/DSC01252-570x380.jpg 570w, https:\/\/www.carlosyconchita.net\/rutas\/wp-content\/uploads\/2019\/01\/DSC01252-380x254.jpg 380w\" sizes=\"auto, (max-width: 285px) 100vw, 285px\" \/><\/a><\/p>\n<hr \/>\n<p><strong>Dificultad<\/strong>\u00a0:\u00a0 \u00a0 F\u00e1cil<\/p>\n<p><strong>Distancia total<\/strong>\u00a0:\u00a0 \u00a013.406 m.<span class=\"totlen\"><span class=\"summaryvalue\"><br \/>\n<\/span><\/span><\/p>\n<p><strong>Alturas m\u00ednima \/ m\u00e1xima<\/strong>\u00a0:\u00a0 \u00a0 \u00a01.140 m . \u2013\u00a0 1.540 m.<\/p>\n<p><strong>Desnivel acumulado seg\u00fan Wikiloc\u00a0 :\u00a0\u00a0<\/strong>\u00a0460\u00a0 m.\u00a0 (seg\u00fan Wikiloc)<\/p>\n<p><strong>Tiempo total \/ en movimiento<\/strong>\u00a0:\u00a0 \u00a0 \u00a0 4 h.\u00a0 07 m.\u00a0 \u00a0\u2013\u00a0 3 h.\u00a0 11 m<\/p>\n<p><strong>Vel. media total \/ vel.media movimiento<\/strong>\u00a0:\u00a0 \u00a0 3\u201922\u00a0 km.\/h. \u2014\u00a0 \u00a04\u201920 km.\/h<\/p>\n<p>&nbsp;<\/p>\n<hr \/>\n<p>Saliendo de Alp<\/p>\n<p><img loading=\"lazy\" decoding=\"async\" class=\"alignnone size-full\" src=\"https:\/\/lh3.googleusercontent.com\/kNDdrpSA6ipCgEb13htLrOHfUfBWYf7I57wuQHLXp54QCKEl81PstLpDOA5WNOsj0z_fHd3k4iSAsLbk6kHpkvHCzDORTXZjsxEiO_WYZEowKgBXI0R9qJ3QLJvoFh55QTdpj3voJMSM_eCD7m3tn-4hwsZ39boNeFjl_q4EHG2FwO3GPjPtK7rDQaQnxOjxbllq_GCySyS0pifsfOIQVTezKD17fa-9rLkXg7jNUqcceAn_Bahqxfu07F23r6FRaZFKEkvxd2AL2kCeJmMsgaN7oLEOyOBH3tWquoZJ6iZXv55-AwC_wGdGsc19P1S8lJPwxDMDaD-e7jSReTyoRe5P4rgsvp1mcXJOa5QqJZuePLV4WzeUi8jNf9FvpIJuvTNtQhyVTMagSXhCEE8RqSLvjUaK1V7vDyP4WvBvCEaBBi8Cww6LT29Q2BS5iSCSFppe4a4QMm4YdLK69L43xDQQveN_QEaf-k4_AfiREati03oI937AbYUxabvR9oG75wQYUBy61oPqWsSyv8UMgG8833hzD8OajOzm8v4ton5tDQaxcjlkKgzzO-wxt2Llh-aSS5036n6kahRjiTdUXq16paBEQ1fIQQwJJnEByIq7d_N1nDuOcu2JqjmVL0S_7CA-WHl1_dDjw9TOrUZ-iqs5-91j97Fx80GfYs4kpYn8UYkCwAlE8GWU95YzGgvm9XAIQI9NWna8D0Jnezc=w1024-h576-no\" width=\"1024\" height=\"576\" \/><\/p>\n<p>Llegamos a Das, el Ayuntamiento<\/p>\n<p><img loading=\"lazy\" decoding=\"async\" class=\"alignnone size-full\" src=\"https:\/\/lh3.googleusercontent.com\/TmmG1anZzX7Kg4zZU3fEpI93XOjRls8PYcM7yfg0ZHbSeNyhv7piuCskCRcaSB2e3pjYSVFYMiNxY0cASLUCQ48jBy9LkWuGROPzUn-vbi1zFv5pwp_EuQPVoxJYCQ1FHF5OdgTVX6bKceX0Wnmsk-WnQjFYJAmPw6J5kzagQGlL2zqhCCRG7tKLj9qC9x8Yp09GvLJUzzRaWnWrfBXLdBe5rPbyUA-xJ8PCHAWfkm3coZt6pzT-VZ1qge_Z_00MQYnkFjuOsDmYa03rxtHO1VK-iJYPJmYL2vD-Fok3nTIick6Ga3H3Yru-EPrhZ2EkroEZFu6PgSGvDquMcY1j4QHrOthxQf0iK2hy8JhIRLZvS6WCwq4DETe2H38Zgi7iCv5_CO-BYImuZH3mJXEpBRf_adbqIWnGoYYOe-Ko_yiEkY9OmlvpriFlA6lmRUJp6alxJcwrxeL975D7weumdbtiWEGbyXVTCdR2NwHCzt8XXDZAC1VGARDjhg8L_jrQn4XgQLZglpUxvA75UQ4P6Hp9daCXa9X-d2NhPofAI07CWY4Q5MXzoNtF-5vC27iuIMe3CEM5QaE_lRdA05jyLe-iPQxnwjv4gFuPaE29Upvd4Y2G63fcILlSMl-rweIu-Hhiu00F06g_AJte50Wkv80lUD4k6qBi_zNxEgaiW-3dTgaYWvHhz10rMhfWybRv6AlJYa2h1ddlpoYXGww=w1024-h576-no\" width=\"1024\" height=\"576\" \/><\/p>\n<p>Mirando a Francia.<\/p>\n<p><img loading=\"lazy\" decoding=\"async\" class=\"alignnone size-full\" src=\"https:\/\/lh3.googleusercontent.com\/F1x8y0gN28iIV0HyOxA4Mbhn0KG4dSB6ieM3YUAHtVjIVkHChBb8fv2QMEJDUFJsXAZzU90Ozjv7y_379NcQQIEF7ZkJ_ZfSXOLfNKNgXtuJWGpiCEJOAo8dZUGm2r771DTr4JqgRnIZS_saoxaMvb2Jg-kZg5XufsoHsDtaYJzsXIcgqDrtlkIYz7-FblATLfqEf0FnJQpUtdmFirNHaz_cROgJYa33AC8edGgj_gT1GcTNC8GK9CxnXaP5zaYbTsRPeuRRu9KlGOGwXC06zqHg6wgmoZ5T1WI8jclSslEySEN9ei9aLD1dcXM1JqeRGbbZB1RPh2S2eTGv8TB8KbsrrCbCW4An4KG0Nd7aU_AaGBcn-Vq_rNpG6HVAVyt1NFw-VuRHgWv7l-ZxGmw8jO4iMpCtgQQMgViYW9n-GcjKOQuxFbislIrYB0Vfa7i79q397qNFM4koz_DiHi6gL1p_XJewayi4siSi1qkWj4tD4Z5o1DxvXq2ccqXOIUMrmwYd6gMP8Irm7GN6Ty_07s18QdhYzPnCJ-tpdDrahxgXgcis3BpOW0hWvB9kb3ElEdf4a5WrS6sPJQou22W_d3HTyTWffEirN0WK6fdhFIZTvc1s3EXixwUf8ufmNmxIdd2fgwBFKLwPQ-xddYfaiP7qHEAjn9W8G-_HmbuNX2-NLFSj683cQcF2TL0QFdQ4jbpkYh2UcOu53Sxqhsc=w1024-h576-no\" width=\"1024\" height=\"576\" \/><\/p>\n<p>El camino que seguimos cruza la carretera , para continuar hacia Ur\u00fas.<\/p>\n<p><img loading=\"lazy\" decoding=\"async\" class=\"alignnone size-full\" src=\"https:\/\/lh3.googleusercontent.com\/wu-2NQBIafNgUKb-9KXYvHXisYMrgkAFPKxfPNpfZykIjw4k7juZpequVfcXQW40yomC5WAVSk3QfL_rocl2c3cakBoaa0GxRRLxu0YEJbr-k6FuOUNkSZqlG_4dC2LttM038EVKyMUbgEDOKDjjyfeRbg0nGbALs7UJrdgkghAa2Kqgt-Fpesk4SA7FIsQr3xMWR3aC9YJ8NE_CxjGGYVcW7chh-skmWiZAUS2rCPRbPZmcLyrmxOIsTI7g85bfEvBthyiS4tAcKNB_bbYfK2Vr3yecSGKd8ydDalvChUYcunbWxP4oGJ6hxXWwRheObIl-C5UQR98NTo9d-BfaJ4vRVXPCDMqggtWeoYclURLgkL5wVyG_fZkNx3wb_mNwOLbUitkLv8KJlJovLhkArsr12ufMOeoxyyini56LnEMerGrjbpNEBRE95SRaNa_NCFDsC1nDPvNPw_Xilav3iyEZuMnA6IQ89cBfn-9sWqX32d-ol7ftr97-SfVMIBdMN0yCI1acWKiOd427tzdLqweihifJl9kOsnSMp-CmDX4o0Pf4LZVKOR7RKizKqEXQtkS6WkDkwb02izvGO2Y_Hl1rOrg0-TKvSkhey72p-xDMylN3fhRmimO1ohMeeckpJTVlqgQtAhZ7dNTK4Zs8XrzPB6jOCRO5bGTnw0bXxdWd56PnkOAHBnBvB7wgheWUcloMatKzmnAMX1XghIo=w1024-h576-no\" width=\"1024\" height=\"576\" \/><\/p>\n<p>Ur\u00fas, plaza de la Constituci\u00f3n&#8230; de 1.820&#8230;<\/p>\n<p><img loading=\"lazy\" decoding=\"async\" class=\"size-full aligncenter\" src=\"https:\/\/lh3.googleusercontent.com\/zvU0l3i9QiK4cTmIvTJ9cKutwKOZzTYxXJHKP_EbNWsnj68rMA2I0KQNhazDGdTc7fflBTXJbpufMxK93vlFIMfVvpc1B-xcKgqxz5BCPDIxuW7aTjPIZkR4xlR5XWm5WTt7wMPLlgyl_L9dLrGxidoguDMAJAl-tDpj4TM-Tn27ZBiQ4PouKR2YLxhyFJ3OAgFQ3TiMy_KP9OIxXiJfihD3ewYrTxIL7n9zhC46k84pJwYYhxtly3ApXFr6aY5v4nGhUcQVd4dTah8KhVacLsoM5mTLVBRRRly1aoEnNB4nhePEMfKARFMsy0pR8nT2XjqWXz8i4L74SIVkQ6f_q19wL83Y7wTScd-bDupg5xpLrNvErMmt575HqhOVSayfWnhtZ0kYK-EdPHXUyIQbIihfN6wBqEzXVA9p20cwtxdAAG1bHP22bIpFnsqRv_oik_JI-Dp3XXIbRGZwW_PlXNHfXRu-hPCWRuvhXQAEnRbV8ZQPkX8H_-1qicKSTxScG7KCivThmWFoxWZERfxneaWHG3rZmyGpH-fqAGPBvGNoCXt0uArQzTw2VSuDrYK9_rqt-VxeS5bD5_P77pS-J3kDwvMrXHNPZa1Tl3Uuxz6xfAWHLmMpTTt89MtYyJZcLMReFgosaBQeYDsZRUW9fQeSFxfKFlPBKMFZ8i2_31sAZisAXjTSk3fgAgxLo3Bu5uc1UXWaeoRKnwVsh58=w640-h480-no\" width=\"640\" height=\"480\" \/><\/p>\n<p><img loading=\"lazy\" decoding=\"async\" class=\"size-full aligncenter\" src=\"https:\/\/lh3.googleusercontent.com\/k6-gEvp8GbrGVa2Cu1FT0yiEVBxmPwdE1u0_COBobLnECwT7tZPOBAmAbmwMS4AqiyYkfIrwjOhjsHhvNOdH1svm_8dGJEv6q8yNwHL-GWii2cwe2kNRn-OZ7FosktqkKfhdPtWLyhAReW4RKPcGE03jZM3YyyGu74k5BA5ekP2_wArV_1ECPXuJBJb8c2NXXVpNrxtM4T2V5Wz4e5d69sYNAlc9R_dTcMEvGzh7FxjYb3LEAw7Wk_NA9hOodgjIRXqCcZXdruecpZKJxfXKj93UQxTHkLCtz4_x48oRrL8rgi2ubluQSk8v5VgSHZXLYafZ7lVwTJGHXiA6Enqn5SvWqrW7hCvyu5xk4V1jHPewwFetYMDD2chvkATjhnhpRchO517kRdOrYhQksspRiLFeGVr0SqNd6AHr05wyi-YrGFO9vi3ClRPMLTDVyccpjQn01CaRHyqMCwHRAPiliauT9GWpWOhquNENYxkeVCBizSKgefQ8A65vqAUwvuDWZhJjgrqNJ4gImWlthg_Gts0RTO2fXBGlNBYZ5brdR8VUMhxPruwncgDjDe7KcuFh52b8SsGvzrcCv5tnBrz-G6NOIWHYcDbDsIVU1X7gIkxKv-RYMaPnHoBuuD3tS8r0uI08o9tWYJVOxkmwelld_IGVghte_dZ_HTcbTvUehV8ZpTLIkZG8k1w_NtPT2EcifEkgF-POImRhScWwoVI=w640-h480-no\" width=\"640\" height=\"480\" \/><\/p>\n<p>Con el zoom , el Puigpedr\u00f3s con nieve.<\/p>\n<p><img loading=\"lazy\" decoding=\"async\" class=\"alignnone size-full\" src=\"https:\/\/lh3.googleusercontent.com\/t_kxcIAQ58CTLlM58wghQVGIDsl-AtE3oen9e8cNcQJziDNrinET2AkjrHrDgwhOMNwpNI38s2zYbG7nfK_strbpEi6th5owwlFKhfWLfIvkLC70bD-M2iuMLisqqp7AuZS9J4i7NojQi2uUaVxwjtgapD53WbMgLh4hoF3OCH0ALqe539zozBJALgwR4NE7jVk_eHbTOETGi1Wpwk9Pzr8iDiwp1x2VJBjard9YoYo4c6i7ekWTBlml0iBOGB_KeRq9xNO47g-xCqHSr0NldW9Uv8BlY0c3I40USOklt3ijDghXiWSV1bPp2oED7D1gxyoBZso8Z4PaMM65Mj2gB7fIYQXnkb6_L8v3UwTklEYkcWm0m9b01AyxXqhWRcRdfWcMkZHGEqCCiDDSsGHNM7PKAzx35jM8TbZSWsh_J0mxx2j5W26N0jhAxOHBjRjKVHGUtlQauN8uaDeHmi5P3zJ3NP-xTMpRlwCGWjsbjnGXo9XAx7DkNvHOOKpHZEeEp71ACNjOg3jpDKlmzFmEIL6uSUXPGBopgxtliur2AswSZXLoGLXldAWoiQNYsqO8-5lhuZk9i6ilWnZOEWnR4xkhrFQ8vu1kvvHUo3KCLAuBMyYEi5QFaYtBK37t49JTFo6itGOwTh4M5MHCEsLNCNxe5aF1m1VYc4CgpA8C_YtZhxI3gwW2ykKb71So5zV7myh4N69Aco4gGD5DjgA=w1024-h577-no\" width=\"1024\" height=\"577\" \/><\/p>\n<p>Subiendo hacia el Collet de Jovell<\/p>\n<p><img loading=\"lazy\" decoding=\"async\" class=\"alignnone size-full\" src=\"https:\/\/lh3.googleusercontent.com\/ZjtugShWUgXVaQafLSKmf9aQygyKAVZMkJKtyyB4g04WqzTgReQGm0FH7TSJF7FhT_SNE-GBlCNqpSHtXhikVlEA21J0B2x5AZnmlAeL3RbPW8ETR68Q6hWJrFMHz0GQzk_ugt5SRxPDzaLaJ710XsqKKsARy5i2D2xRirK_8vyocH8L8gcBLAMnSkB3-yOHPyOwcwgmYVOvpkf9V8SAxMm4ZnuBrAvyfaI3lJTASbihy1qB2VTHSjERZ117bYmbsDTtrjW-OPr0knsrdlIUXswVcPfronAApSa5A9BcYxxxjZvLODpmsoPzSgggch54jRtq5IdrnjCOjHMeX2S8_2KDfnhvS8oyI1DWkjbzkkFSiT6TGIUzgaUd30WgjyWWEFyO6J3MScz0ICG3hI8xQS4EF8XZ9kCxF_itRAttWIHaA8i4QFFS2VmWgcDBT3ouiDFnm8wxq6q5HB6GUv8vjiSgmecqsomeTtkndi5zIPBJd5Hvc-RG2tO9F3u9KRmmAmhz6mRCXdjeup71FfQhPig-lrsQQh6ktpl2UL0P0Ut52JORbrouvErsxzkF75mbaKSqwKOBfYnNUClhyxpX7FacpsEM-yR0PT87oPjQjJMa3pZBuTqSS_g1laYIxo0zQdAFVJHhUwAXYz3LH-rtLSzZ0sZwIQTMs9FCWLqDfthhCVuPrx7HItDo2CPDcp5I9gDn5kEQNolYCFppDY4=w1024-h576-no\" width=\"1024\" height=\"576\" \/><\/p>\n<p>Por el camino, vemos el peaje del t\u00fanel del Cad\u00ed.<\/p>\n<p><img loading=\"lazy\" decoding=\"async\" class=\"alignnone size-full\" src=\"https:\/\/lh3.googleusercontent.com\/k-RtH6_ErGQehyDIotwm42qDgwIuJ2Aeef7D-oJc6VsQoJYc4mZ2WEV1bTm2-pv_vVMFvIXQVfiRYHznYb6lczz-OJPpFJRDVERyscTiQQdpCCSktScN90cyhw2L3FlDKYtB4lUjK-orRl48MYk9DjI9z-bSsjjm0GMJ9MNFvFfnRBUbfMUtvPjvTsT4WLfpyL9DhZG8A-2eTLGHporU_RWWBxmyD_UUNBVyppyqqgWUnkTIwT6RZTGS_eZu7hy5RQtgnxOdtq5wpgPggMBPYvuUKD40vFvuYHcEcF3lzPi8pO2c2tQA3iavfwT251GTRYhRJQHhnW_abjRCYPuUmh-W_UHU-GqlHoYLKdBJvOKoscrzOthESo4lKcM7muX5Qx3W5yyC5_uEHoUmgFUaFQUaE-BztG6n4PeYPirLsomFrfFXWaf0nt9-QkWiziReclXJX5CdlmVyr5x_ZH1rH6DXtP1oEjHFw3ckJ-9tDYyyx0WKuEIHsC7trCjL-hg-HGK-ztAHqXXmNfFaQbA6AO1jVJZU_vqm_i3dcsTG2UKYy_4zwGtwO5wZIx1KJxwMSTF4rt7m8bfqJSyac4_vJnfXgEUmNMhBrH7_oeYKfjADTwhUWJksdVteBuIKwlJhCNHR622QEXlPIrRh9T_cfC0QTOqRp_XYl2fZ6FW6hIAsFRz7hwPTnWg7RLS3roH_Vr-3o_8-tkkpkXvOGAc=w1024-h576-no\" width=\"1024\" height=\"576\" \/><\/p>\n<p>Vistas desde el camino de subida al Collet<\/p>\n<p><img loading=\"lazy\" decoding=\"async\" class=\"alignnone size-full\" src=\"https:\/\/lh3.googleusercontent.com\/Lj4s0zTgRZh8GXhFYBygm48T7Wvyr8RR4ellofvo67olROa2WdoCSt-HLxc0hGtKXOjRmDHv4HW_paf8xrt7W9fYZPl_Q7CJIxWDAOjPYeo0H1FBUgDh-L6i2KUwm4TlF9N9CKbLLXGiQo0E7FoAAquQ3xcklBOByq-fbKfz3ldtPy77tY9Q8XPm0yRke5eW8087SFIB_a5D3PXOaBJTF9hEeH0IDzzqVxPXM0g9B9C4VnPO085ZFUipAeFSQ86OkGRjxhSvPAeKYLb9aoxnY3anMTAyg1xxrNRLSjk3fW_jLJ8XTcFJJSoHQ9F9VwbR6nt6PwEsPfbljC5YybxQrqaevzMFiPbhQjWnjGrJgQ-Hx6seHsKvi-LmKSdgwPFVx3KyTGCjE7KIlxmD8Gir95FbQLfDqZpFr3ll6lMG_mcOOXvR0R3BrLKrQSh4TuacN74-Ruqllzg1SFmyoR0CWoEOp4CsJW8f0JI72hVH1j2hD0y7D7beRZJbS6z3j5Jgq1UNvUobuNZk9ZjISQtJ9MfUD5gQNUJIzlqDjAels5zHFOBhT51iVw5akDTgHWDFqBEWiz-798aBJ69pA3Dg7LiqZWSOD122VkV3WK-MRZWGfC3nxJq83aFS1RvyiGbcMZfrxcalyvSRcpZ8jp7PDShC6XOGKYYGC8WndST-AdytiXbrLuZL01IoiYVn20ZQgys4u-uYrdAcGY4ed6c=w1024-h576-no\" width=\"1024\" height=\"576\" \/><\/p>\n<p>Curiosas formas de hielo formadas por las salpicaduras de agua .<\/p>\n<p><img loading=\"lazy\" decoding=\"async\" class=\"alignnone size-full\" src=\"https:\/\/lh3.googleusercontent.com\/ZNCvMPFMgdNyKVZ0zPqVh_ST1qBzcRFUvO7wQzG0t5YVTEX2a22e4hPHDKmuCFFpKTIYB47jIzEL3UGuYfKKzRBrpsLuWGeNGlKpz4o8UTbZqDT7mSW0Q-taW9W1ltAt8QwYN7KSGA6mKuN6KVekNT58KvAhApv0dEQWCcdh0H2YrXwoa7pVEA7Sk0z8CMs0naKGuHwU4GpWt9CJ6jLYFHRLpjCW184pICc_gKiUGpD6MauOQvBadOEV6TWGBmZPeA6skOWyWPX5TniucoEhIpcByyWt57tAlhkNuZtWfRG5hi-OHdhYTULE8eQ_5czIuo_Hf7IeD9JZ0UlmvucmarGZ91rHqaGYzpIHr9PjyFBdU-zYfjXB94dKSW1p9N_KVzyje71Nvtf-4DMh_dt1yr6Ctjdfn7nSN1DH1o66KrdPk7bVMJku0_OgbDdh6sjRaEpxfSFkWWE5elpwZAHpZHEp85pRvQTODNio-4YXkLxXw12nZDF7sfwohg4gud8GyGRMEZkObtdp4SM7_Xzjo1PBX4oXMpFXmGC9xsNGJOhi54m3beQgTMMcv5kGhsHGv4LErHdms1if6SDPqLqIyFu4Xjeq-PLr21_T5n0pg_n63-nNGMur0CLGbhjoN5nv4nJpw4LWHtiDqAZO7lwr5ISKGWbiIDCifCqiklbEmS1Ou_9IDOH4OYZbzc2jYHL4WS88ZpRXygdvlt5a5zg=w1024-h576-no\" width=\"1024\" height=\"576\" \/><\/p>\n<p>Vistas de las pistas de Masella (con zoom) y del los Pirineos , desde el punto que hemos marcado en el track, como Mirador.<\/p>\n<p><img loading=\"lazy\" decoding=\"async\" class=\"alignnone size-full\" src=\"https:\/\/lh3.googleusercontent.com\/D0hz-iibZw2TfAe2bKHpO6M0_lNWSxTYfWpkwvhQF5km1T_lEm_UXdroOyz-sC9sH8D9jvur5fAb1lR1DVYhNNUl8Ks2ThMQtmUMe1hLOUr6E9w_3XzpbHgPgo1u17rgrWHPLlGMM0kMTudJTVn6NsEvC-wNPjcDcAyfKQ6AlSr3c0zzpqv8i_NXDNraxhjrNaTa53ceRlydcu4_Jzu8ujJCxaGXyg3qUafLQ9K1eFRmPhTKfv8xpW9XNbCOBuzQ5i-c8Oyk1N9XcgUgzf7-H9qTrNCm_sfX4Vzqa_g7Yr9gOeEQMf2K3BLKWE6ZWfWySA_BShsoa7LjWNcCLTz-pKWN75J5d3sjgCSmm_U8hi0t5_HGnwiDXzuftYAClwDa1zQEzEASQDsM345tE3Pf33CNnJPdVnNhqHbuAvzQleIEne4WTvEiLTqr7L-T6Qdg2tirV4KiVFUYdss1vd8BOYM1G1cgqwIG1nEp1_qYRekvswqvbhsvrksdvulA2IFx022E9kj1680BelOVXXZCoJmTpZOXQWiNGpIVSwDWPOWqnmIlvWIyEfeXIr8NcgeckNT0Mc4FbhQKbei8684LK91ML11Jtof8nF6oYak_hGkFaQTvgOgwD9YhxM4EHV0WKPixMBuuNdwrUokERcoZ3uB46jUWqUwDdORavPg3RLH-_j5CjDLGLwNMke5N73tmEo1Dn19G_HEWVHo_AEM=w1024-h576-no\" width=\"1024\" height=\"576\" \/><\/p>\n<p><img loading=\"lazy\" decoding=\"async\" class=\"alignnone size-full\" src=\"https:\/\/lh3.googleusercontent.com\/_lpIFIdC8qaEFkMrpiCMEjwZDQT6GbIgkynvtCKU-3TiLo8n2fRY66wtK-OLpITipoIU-isGAgSShXnCxMBXV_3uJK3yTtgK17dS-lomcq_cup34VM378VS1bXLl33uN2UMg83q1XctIUYN2Zo8q3KztMgGKjroFNrBVDMhYThGRmxNIxJ41zWdUs5e-o5pZYwD1ZGFkfoIFCoIZkhTCy-HB48kwGmVpf4HrqYfK1Hp-Vaht62kKruqkgRrBDm8UDcXmpffgwyJYuYpQL1zK044H0olK8Cl1GlVFSNgSdwzNlhPX2vziSAP7hcJ3csZfblLTJQRK4b55ws8cVKQSYz0BEoNGj4lqUcbkeRgjf87OnvHJODA9zSB_cLowanx1syTHt2lDKzDtN6PLjvRGyMBgV530HRE99ueG5uo2rKRfeO0L0ILOL5FLU5VYkaQBVIMkJeVPj8WyVxe2sR9Gz4UOMrZaKE1HqbOD6iukRsXmQFBmx5BaeXUPZaWU5hLHCosX59tFJzgmdlbvEFcfaDjolFpQrCFwyoGPWqgRq9lcbQl5difM8GTEXQAsUFfZy2Z6NLF4G8HTJGuAsIqKTNMy6g5pz-ffDatcX2xPQNyUAF0KhOMMTymtqf0eEkf4__SAFC7354ct1K352RPlwNewWrf06JUPY6M2-e2DFTJagWupO9O-eebmJ0z4dxNcGhS3nQPtO7kt4qj5634=w1024-h576-no\" width=\"1024\" height=\"576\" \/><\/p>\n<p>Camino de bajada hacia Ur\u00fas.<\/p>\n<p><img loading=\"lazy\" decoding=\"async\" class=\"alignnone size-full\" src=\"https:\/\/lh3.googleusercontent.com\/QYsgICDydnlU0AY_lmH31XGsnwYKS6XbGGGf-B9i1C1fNkmOUp4cDE4-2m7EG34jP00-LvmVKVv8mpt92Er_kyNmUEHnOag8UFeJ93uLfLYmEWDn3ggHZAKoQ9RqbSNs77f_7BZ2lY1bPNTizayg1ByerFEtbxa4wstBfpBYIywA-rM31kGj2Iq0u5jRfc4TXisf_IL95-dws933lc93nf1zWij9hKcizjjE0RsdYZFSE7tDJBJJhPqmIHR8reaK2bHjTYTPjuL1nn_e2V_vjr_v-BXjeDg-CQ2_TnhW3UM2_Tk-PykKsL-SkC3ru3FK7R0QTbpMEQ1hm1VyXJWl2iwh4Z5J9VdMEOzhEb87GBdvUa43Pl887j02Xru6zdjsfBHWkndaSmdW1fAzL2i44j8iDR_yZghXWCM6lW6awp5vz56z_azcBBVR2OKAJXcb50wR9RelqVTHiHW1gzeJGtTRu06PipHkBD9DIGQeHDsaaaJ4dz-xIzm_GQhlmVcB95UP1ID0xaLQcD6JVbPHYYzBw7V0opnR6FeBKgtuL01zM0f9ut3ZZZnI9IIe66iWjvZ6VQS4-43rWFJvkAWIWVEOp4B0tuSDWsREe3-LovugYXIdrfYTuw55VJBRfR38CSBD-ODOSZTR6F9b9rW3lF-G_9uXEy7wyf0jBSFJvZnS5koKgiIo-2ow1Lt3gK6vksWR7dbSqUm_ltPVTtI=w1024-h576-no\" width=\"1024\" height=\"576\" \/><\/p>\n<p><img loading=\"lazy\" decoding=\"async\" class=\"alignnone size-full\" src=\"https:\/\/lh3.googleusercontent.com\/Rd3nShwYLIB5ChFkLcWzmhiQq_z_wCR4gvNpMJkWqyh42PpjP4gak7CtNwkXe7e5gjl_4mOpe5nUeUM5BycxUcVntfWFwH_umV4GE9G9nTdN3Zr2NBD10J2L0PYA7dEnWhilhAvCa--oDWm6sOFyaNIUxGP3jdgECLKBq5k9exLmWsW8yhH_10kby-Gt-ar6N3dp4sEDbLtnvl86e6SiRf7QaHXrOVzL_F7feneKJ6eZuAx7vA7daGcluQppRrpC6uuyrKDuMP3TYqpZUjVXiqQsUXTE56Gv5oYzhFSzeLrDjbavJtxK7-cwjXcE2i9JAx_NKqhOSL1rxuuOskQI-jU5-3a2KUPOQJCH8jVo4RGcO3Px_V0Qh3FphE_Rt7E7bwBEyjpbN8TrVA4xJiAKQ9hX_SCNq_QG_xS-D95ReP2xO-NhLqhmM1b9IHbhxaB0ZQNwy5N7MyGku8M4ELJWYocDq98sDrJt6K1-vOHo2BNEh3HKzArssbriZYXYtI65Wi8exdzCwXWnZC_3_GefyssXXtgaHZCheuhzWUayLzwc0ylYbWKKpodOwLip6QVm6PaIiLe_vHWZP9uUtu0w1uaXC167Z438eY8s9XCEsnW2usYax3rNT4fGDKMY3tjcUcyh5H0RqPJj1bRPbmSTh_LQ_lTphjr6Z5Idq0NSCV70PMDr91HN5VW5F84o1MiS6DpDaDTQnz-8BVdqeXw=w1024-h576-no\" width=\"1024\" height=\"576\" \/><\/p>\n<hr \/>\n<p>&nbsp;<\/p>\n<h3><strong>Track de la ruta<\/strong><\/h3>\n<p>[sgpx gpx=\u00bb\/wp-content\/uploads\/gpx\/Alp-Das-Urus-Collet.gpx\u00bb]<\/p>\n<p>&nbsp;<\/p>\n<hr \/>\n<p>&nbsp;<\/p>\n<p style=\"text-align: justify;\"><span style=\"color: #ff0000; background-color: #ffffff; font-size: 14pt;\"><strong>Si te ha gustado, comp\u00e1rtelo en tu red favorita o env\u00edanos tu comentario.<br \/>\n<\/strong><\/span><\/p>\n<p style=\"text-align: justify;\"><span style=\"font-size: 14pt;\"><strong><span style=\"color: #ff0000;\">Muchas gracias !<\/span><\/strong><\/span><\/p>\n<hr \/>\n<p style=\"text-align: justify;\"><strong><span style=\"color: #008000;\">Suscribete si quieres recibir un mail cuando publiquemos nuevas rutas : no enviamos publicidad y como m\u00e1ximo enviamos 2 mails al mes<\/span><\/strong><\/p>\n<p style=\"text-align: center;\"><a href=\"https:\/\/mailchi.mp\/6989c83a3e24\/wmv06rtqcz\/\" target=\"_blank\" rel=\"noopener\"><strong><span style=\"color: #0000ff;\">Pulsa aqu\u00ed para suscribirte<\/span><\/strong><\/a><\/p>\n<hr \/>\n<p style=\"text-align: justify;\">\u00a0<\/p>\n<h3 style=\"text-align: justify;\">Puedes imprimir esta publicaci\u00f3n o guardarla en diferentes formatos :<\/h3>\n<p style=\"text-align: justify;\"><span style=\"color: #ff0000; font-size: 14pt;\">Para facilitar la impresi\u00f3n, se ha reducido considerablemente el tama\u00f1o de las fotos, pero si deseas imprimir sin fotos, aconsejamos guardarlo como \u201cdoc\u201d, y antes de imprimirlo, eliminar las fotos<\/span><\/p>\n<p><span style=\"color: #ff0000;\">\u00a0<\/span><\/p>\n<hr \/>\n<h3><strong>Enlace Wikiloc<\/strong><\/h3>\n<p><a href=\"https:\/\/es.wikiloc.com\/rutas-senderismo\/alp-das-urus-collet-de-jovell-32452737\" target=\"_blank\" rel=\"noopener\"><img loading=\"lazy\" decoding=\"async\" class=\"size-full wp-image-958 aligncenter\" src=\"https:\/\/www.carlosyconchita.net\/rutas\/wp-content\/uploads\/2020\/09\/wikiloc.jpg\" alt=\"\" width=\"117\" height=\"34\" \/><\/a><\/p>\n<p>&nbsp;<\/p>\n<hr \/>\n","protected":false},"excerpt":{"rendered":"<p>Hoy hacemos una caminata de las que nosotros llamamos \u00abentre pueblos\u00bb, para conocer el m\u00e1ximo n\u00famero de ellos, y pasaremos entre otros por Das, que a pesar de las innumerables veces que hemos pasado con el coche por la carretera, nunca nos hab\u00edamos detenido para verlo a pi\u00e9. Empezaremos a caminar en Alp, concretamente en [&hellip;]<\/p>\n","protected":false},"author":50,"featured_media":12415,"comment_status":"open","ping_status":"open","sticky":false,"template":"","format":"standard","meta":{"footnotes":""},"categories":[10,23,41],"tags":[],"class_list":{"0":"post-12414","1":"post","2":"type-post","3":"status-publish","4":"format-standard","5":"has-post-thumbnail","6":"hentry","7":"category-facil","8":"category-de-10-a-15-km","9":"category-cerdanya-sur","11":"post-with-thumbnail","12":"post-with-thumbnail-icon"},"yoast_head":"<!-- This site is optimized with the Yoast SEO plugin v27.4 - https:\/\/yoast.com\/product\/yoast-seo-wordpress\/ -->\n<title>03-01-2019-Alp-Das-Urus-Collet Jovell -<\/title>\n<meta name=\"robots\" content=\"index, follow, max-snippet:-1, max-image-preview:large, max-video-preview:-1\" \/>\n<link rel=\"canonical\" href=\"https:\/\/www.carlosyconchita.net\/rutas\/03-01-2019-alp-das-urus-collet-jovell\/\" \/>\n<meta property=\"og:locale\" content=\"es_ES\" \/>\n<meta property=\"og:type\" content=\"article\" \/>\n<meta property=\"og:title\" content=\"03-01-2019-Alp-Das-Urus-Collet Jovell -\" \/>\n<meta property=\"og:description\" content=\"Hoy hacemos una caminata de las que nosotros llamamos \u00abentre pueblos\u00bb, para conocer el m\u00e1ximo n\u00famero de ellos, y pasaremos entre otros por Das, que a pesar de las innumerables veces que hemos pasado con el coche por la carretera, nunca nos hab\u00edamos detenido para verlo a pi\u00e9. Empezaremos a caminar en Alp, concretamente en [&hellip;]\" \/>\n<meta property=\"og:url\" content=\"https:\/\/www.carlosyconchita.net\/rutas\/03-01-2019-alp-das-urus-collet-jovell\/\" \/>\n<meta property=\"og:site_name\" content=\"Las rutas de Carlos y Conchita\" \/>\n<meta property=\"article:published_time\" content=\"2019-01-03T19:53:49+00:00\" \/>\n<meta property=\"article:modified_time\" content=\"2019-01-23T21:11:27+00:00\" \/>\n<meta property=\"og:image\" content=\"https:\/\/www.carlosyconchita.net\/rutas\/wp-content\/uploads\/2019\/01\/DSC01252.jpg\" \/>\n\t<meta property=\"og:image:width\" content=\"1024\" \/>\n\t<meta property=\"og:image:height\" content=\"576\" \/>\n\t<meta property=\"og:image:type\" content=\"image\/jpeg\" \/>\n<meta name=\"author\" content=\"Carlos Conchita\" \/>\n<meta name=\"twitter:label1\" content=\"Escrito por\" \/>\n\t<meta name=\"twitter:data1\" content=\"Carlos Conchita\" \/>\n\t<meta name=\"twitter:label2\" content=\"Tiempo de lectura\" \/>\n\t<meta name=\"twitter:data2\" content=\"2 minutos\" \/>\n<script type=\"application\/ld+json\" class=\"yoast-schema-graph\">{\"@context\":\"https:\\\/\\\/schema.org\",\"@graph\":[{\"@type\":\"Article\",\"@id\":\"https:\\\/\\\/www.carlosyconchita.net\\\/rutas\\\/03-01-2019-alp-das-urus-collet-jovell\\\/#article\",\"isPartOf\":{\"@id\":\"https:\\\/\\\/www.carlosyconchita.net\\\/rutas\\\/03-01-2019-alp-das-urus-collet-jovell\\\/\"},\"author\":{\"name\":\"Carlos Conchita\",\"@id\":\"https:\\\/\\\/www.carlosyconchita.net\\\/rutas\\\/#\\\/schema\\\/person\\\/a9691f7258c28443fab2d3aa1479ea19\"},\"headline\":\"03-01-2019-Alp-Das-Urus-Collet Jovell\",\"datePublished\":\"2019-01-03T19:53:49+00:00\",\"dateModified\":\"2019-01-23T21:11:27+00:00\",\"mainEntityOfPage\":{\"@id\":\"https:\\\/\\\/www.carlosyconchita.net\\\/rutas\\\/03-01-2019-alp-das-urus-collet-jovell\\\/\"},\"wordCount\":373,\"commentCount\":0,\"image\":{\"@id\":\"https:\\\/\\\/www.carlosyconchita.net\\\/rutas\\\/03-01-2019-alp-das-urus-collet-jovell\\\/#primaryimage\"},\"thumbnailUrl\":\"https:\\\/\\\/www.carlosyconchita.net\\\/rutas\\\/wp-content\\\/uploads\\\/2019\\\/01\\\/DSC01252.jpg\",\"articleSection\":[\"1-F\u00e1cil\",\"3 - De 10 a 15 km.\",\"Cerdanya Sur-Cad\u00ed-Moixer\u00f3\"],\"inLanguage\":\"es\",\"potentialAction\":[{\"@type\":\"CommentAction\",\"name\":\"Comment\",\"target\":[\"https:\\\/\\\/www.carlosyconchita.net\\\/rutas\\\/03-01-2019-alp-das-urus-collet-jovell\\\/#respond\"]}]},{\"@type\":\"WebPage\",\"@id\":\"https:\\\/\\\/www.carlosyconchita.net\\\/rutas\\\/03-01-2019-alp-das-urus-collet-jovell\\\/\",\"url\":\"https:\\\/\\\/www.carlosyconchita.net\\\/rutas\\\/03-01-2019-alp-das-urus-collet-jovell\\\/\",\"name\":\"03-01-2019-Alp-Das-Urus-Collet Jovell -\",\"isPartOf\":{\"@id\":\"https:\\\/\\\/www.carlosyconchita.net\\\/rutas\\\/#website\"},\"primaryImageOfPage\":{\"@id\":\"https:\\\/\\\/www.carlosyconchita.net\\\/rutas\\\/03-01-2019-alp-das-urus-collet-jovell\\\/#primaryimage\"},\"image\":{\"@id\":\"https:\\\/\\\/www.carlosyconchita.net\\\/rutas\\\/03-01-2019-alp-das-urus-collet-jovell\\\/#primaryimage\"},\"thumbnailUrl\":\"https:\\\/\\\/www.carlosyconchita.net\\\/rutas\\\/wp-content\\\/uploads\\\/2019\\\/01\\\/DSC01252.jpg\",\"datePublished\":\"2019-01-03T19:53:49+00:00\",\"dateModified\":\"2019-01-23T21:11:27+00:00\",\"author\":{\"@id\":\"https:\\\/\\\/www.carlosyconchita.net\\\/rutas\\\/#\\\/schema\\\/person\\\/a9691f7258c28443fab2d3aa1479ea19\"},\"breadcrumb\":{\"@id\":\"https:\\\/\\\/www.carlosyconchita.net\\\/rutas\\\/03-01-2019-alp-das-urus-collet-jovell\\\/#breadcrumb\"},\"inLanguage\":\"es\",\"potentialAction\":[{\"@type\":\"ReadAction\",\"target\":[\"https:\\\/\\\/www.carlosyconchita.net\\\/rutas\\\/03-01-2019-alp-das-urus-collet-jovell\\\/\"]}]},{\"@type\":\"ImageObject\",\"inLanguage\":\"es\",\"@id\":\"https:\\\/\\\/www.carlosyconchita.net\\\/rutas\\\/03-01-2019-alp-das-urus-collet-jovell\\\/#primaryimage\",\"url\":\"https:\\\/\\\/www.carlosyconchita.net\\\/rutas\\\/wp-content\\\/uploads\\\/2019\\\/01\\\/DSC01252.jpg\",\"contentUrl\":\"https:\\\/\\\/www.carlosyconchita.net\\\/rutas\\\/wp-content\\\/uploads\\\/2019\\\/01\\\/DSC01252.jpg\",\"width\":1024,\"height\":576},{\"@type\":\"BreadcrumbList\",\"@id\":\"https:\\\/\\\/www.carlosyconchita.net\\\/rutas\\\/03-01-2019-alp-das-urus-collet-jovell\\\/#breadcrumb\",\"itemListElement\":[{\"@type\":\"ListItem\",\"position\":1,\"name\":\"Portada\",\"item\":\"https:\\\/\\\/www.carlosyconchita.net\\\/rutas\\\/\"},{\"@type\":\"ListItem\",\"position\":2,\"name\":\"03-01-2019-Alp-Das-Urus-Collet Jovell\"}]},{\"@type\":\"WebSite\",\"@id\":\"https:\\\/\\\/www.carlosyconchita.net\\\/rutas\\\/#website\",\"url\":\"https:\\\/\\\/www.carlosyconchita.net\\\/rutas\\\/\",\"name\":\"Las rutas de Carlos y Conchita\",\"description\":\"\",\"potentialAction\":[{\"@type\":\"SearchAction\",\"target\":{\"@type\":\"EntryPoint\",\"urlTemplate\":\"https:\\\/\\\/www.carlosyconchita.net\\\/rutas\\\/?s={search_term_string}\"},\"query-input\":{\"@type\":\"PropertyValueSpecification\",\"valueRequired\":true,\"valueName\":\"search_term_string\"}}],\"inLanguage\":\"es\"},{\"@type\":\"Person\",\"@id\":\"https:\\\/\\\/www.carlosyconchita.net\\\/rutas\\\/#\\\/schema\\\/person\\\/a9691f7258c28443fab2d3aa1479ea19\",\"name\":\"Carlos Conchita\",\"image\":{\"@type\":\"ImageObject\",\"inLanguage\":\"es\",\"@id\":\"https:\\\/\\\/secure.gravatar.com\\\/avatar\\\/3a4625b20c8da3de99da69bfe7a322774e291c3f90dce7e8778a30fe6748ed1a?s=96&d=mm&r=g\",\"url\":\"https:\\\/\\\/secure.gravatar.com\\\/avatar\\\/3a4625b20c8da3de99da69bfe7a322774e291c3f90dce7e8778a30fe6748ed1a?s=96&d=mm&r=g\",\"contentUrl\":\"https:\\\/\\\/secure.gravatar.com\\\/avatar\\\/3a4625b20c8da3de99da69bfe7a322774e291c3f90dce7e8778a30fe6748ed1a?s=96&d=mm&r=g\",\"caption\":\"Carlos Conchita\"}}]}<\/script>\n<!-- \/ Yoast SEO plugin. -->","yoast_head_json":{"title":"03-01-2019-Alp-Das-Urus-Collet Jovell -","robots":{"index":"index","follow":"follow","max-snippet":"max-snippet:-1","max-image-preview":"max-image-preview:large","max-video-preview":"max-video-preview:-1"},"canonical":"https:\/\/www.carlosyconchita.net\/rutas\/03-01-2019-alp-das-urus-collet-jovell\/","og_locale":"es_ES","og_type":"article","og_title":"03-01-2019-Alp-Das-Urus-Collet Jovell -","og_description":"Hoy hacemos una caminata de las que nosotros llamamos \u00abentre pueblos\u00bb, para conocer el m\u00e1ximo n\u00famero de ellos, y pasaremos entre otros por Das, que a pesar de las innumerables veces que hemos pasado con el coche por la carretera, nunca nos hab\u00edamos detenido para verlo a pi\u00e9. Empezaremos a caminar en Alp, concretamente en [&hellip;]","og_url":"https:\/\/www.carlosyconchita.net\/rutas\/03-01-2019-alp-das-urus-collet-jovell\/","og_site_name":"Las rutas de Carlos y Conchita","article_published_time":"2019-01-03T19:53:49+00:00","article_modified_time":"2019-01-23T21:11:27+00:00","og_image":[{"width":1024,"height":576,"url":"https:\/\/www.carlosyconchita.net\/rutas\/wp-content\/uploads\/2019\/01\/DSC01252.jpg","type":"image\/jpeg"}],"author":"Carlos Conchita","twitter_misc":{"Escrito por":"Carlos Conchita","Tiempo de lectura":"2 minutos"},"schema":{"@context":"https:\/\/schema.org","@graph":[{"@type":"Article","@id":"https:\/\/www.carlosyconchita.net\/rutas\/03-01-2019-alp-das-urus-collet-jovell\/#article","isPartOf":{"@id":"https:\/\/www.carlosyconchita.net\/rutas\/03-01-2019-alp-das-urus-collet-jovell\/"},"author":{"name":"Carlos Conchita","@id":"https:\/\/www.carlosyconchita.net\/rutas\/#\/schema\/person\/a9691f7258c28443fab2d3aa1479ea19"},"headline":"03-01-2019-Alp-Das-Urus-Collet Jovell","datePublished":"2019-01-03T19:53:49+00:00","dateModified":"2019-01-23T21:11:27+00:00","mainEntityOfPage":{"@id":"https:\/\/www.carlosyconchita.net\/rutas\/03-01-2019-alp-das-urus-collet-jovell\/"},"wordCount":373,"commentCount":0,"image":{"@id":"https:\/\/www.carlosyconchita.net\/rutas\/03-01-2019-alp-das-urus-collet-jovell\/#primaryimage"},"thumbnailUrl":"https:\/\/www.carlosyconchita.net\/rutas\/wp-content\/uploads\/2019\/01\/DSC01252.jpg","articleSection":["1-F\u00e1cil","3 - De 10 a 15 km.","Cerdanya Sur-Cad\u00ed-Moixer\u00f3"],"inLanguage":"es","potentialAction":[{"@type":"CommentAction","name":"Comment","target":["https:\/\/www.carlosyconchita.net\/rutas\/03-01-2019-alp-das-urus-collet-jovell\/#respond"]}]},{"@type":"WebPage","@id":"https:\/\/www.carlosyconchita.net\/rutas\/03-01-2019-alp-das-urus-collet-jovell\/","url":"https:\/\/www.carlosyconchita.net\/rutas\/03-01-2019-alp-das-urus-collet-jovell\/","name":"03-01-2019-Alp-Das-Urus-Collet Jovell -","isPartOf":{"@id":"https:\/\/www.carlosyconchita.net\/rutas\/#website"},"primaryImageOfPage":{"@id":"https:\/\/www.carlosyconchita.net\/rutas\/03-01-2019-alp-das-urus-collet-jovell\/#primaryimage"},"image":{"@id":"https:\/\/www.carlosyconchita.net\/rutas\/03-01-2019-alp-das-urus-collet-jovell\/#primaryimage"},"thumbnailUrl":"https:\/\/www.carlosyconchita.net\/rutas\/wp-content\/uploads\/2019\/01\/DSC01252.jpg","datePublished":"2019-01-03T19:53:49+00:00","dateModified":"2019-01-23T21:11:27+00:00","author":{"@id":"https:\/\/www.carlosyconchita.net\/rutas\/#\/schema\/person\/a9691f7258c28443fab2d3aa1479ea19"},"breadcrumb":{"@id":"https:\/\/www.carlosyconchita.net\/rutas\/03-01-2019-alp-das-urus-collet-jovell\/#breadcrumb"},"inLanguage":"es","potentialAction":[{"@type":"ReadAction","target":["https:\/\/www.carlosyconchita.net\/rutas\/03-01-2019-alp-das-urus-collet-jovell\/"]}]},{"@type":"ImageObject","inLanguage":"es","@id":"https:\/\/www.carlosyconchita.net\/rutas\/03-01-2019-alp-das-urus-collet-jovell\/#primaryimage","url":"https:\/\/www.carlosyconchita.net\/rutas\/wp-content\/uploads\/2019\/01\/DSC01252.jpg","contentUrl":"https:\/\/www.carlosyconchita.net\/rutas\/wp-content\/uploads\/2019\/01\/DSC01252.jpg","width":1024,"height":576},{"@type":"BreadcrumbList","@id":"https:\/\/www.carlosyconchita.net\/rutas\/03-01-2019-alp-das-urus-collet-jovell\/#breadcrumb","itemListElement":[{"@type":"ListItem","position":1,"name":"Portada","item":"https:\/\/www.carlosyconchita.net\/rutas\/"},{"@type":"ListItem","position":2,"name":"03-01-2019-Alp-Das-Urus-Collet Jovell"}]},{"@type":"WebSite","@id":"https:\/\/www.carlosyconchita.net\/rutas\/#website","url":"https:\/\/www.carlosyconchita.net\/rutas\/","name":"Las rutas de Carlos y Conchita","description":"","potentialAction":[{"@type":"SearchAction","target":{"@type":"EntryPoint","urlTemplate":"https:\/\/www.carlosyconchita.net\/rutas\/?s={search_term_string}"},"query-input":{"@type":"PropertyValueSpecification","valueRequired":true,"valueName":"search_term_string"}}],"inLanguage":"es"},{"@type":"Person","@id":"https:\/\/www.carlosyconchita.net\/rutas\/#\/schema\/person\/a9691f7258c28443fab2d3aa1479ea19","name":"Carlos Conchita","image":{"@type":"ImageObject","inLanguage":"es","@id":"https:\/\/secure.gravatar.com\/avatar\/3a4625b20c8da3de99da69bfe7a322774e291c3f90dce7e8778a30fe6748ed1a?s=96&d=mm&r=g","url":"https:\/\/secure.gravatar.com\/avatar\/3a4625b20c8da3de99da69bfe7a322774e291c3f90dce7e8778a30fe6748ed1a?s=96&d=mm&r=g","contentUrl":"https:\/\/secure.gravatar.com\/avatar\/3a4625b20c8da3de99da69bfe7a322774e291c3f90dce7e8778a30fe6748ed1a?s=96&d=mm&r=g","caption":"Carlos Conchita"}}]}},"_links":{"self":[{"href":"https:\/\/www.carlosyconchita.net\/rutas\/wp-json\/wp\/v2\/posts\/12414","targetHints":{"allow":["GET"]}}],"collection":[{"href":"https:\/\/www.carlosyconchita.net\/rutas\/wp-json\/wp\/v2\/posts"}],"about":[{"href":"https:\/\/www.carlosyconchita.net\/rutas\/wp-json\/wp\/v2\/types\/post"}],"author":[{"embeddable":true,"href":"https:\/\/www.carlosyconchita.net\/rutas\/wp-json\/wp\/v2\/users\/50"}],"replies":[{"embeddable":true,"href":"https:\/\/www.carlosyconchita.net\/rutas\/wp-json\/wp\/v2\/comments?post=12414"}],"version-history":[{"count":0,"href":"https:\/\/www.carlosyconchita.net\/rutas\/wp-json\/wp\/v2\/posts\/12414\/revisions"}],"wp:featuredmedia":[{"embeddable":true,"href":"https:\/\/www.carlosyconchita.net\/rutas\/wp-json\/wp\/v2\/media\/12415"}],"wp:attachment":[{"href":"https:\/\/www.carlosyconchita.net\/rutas\/wp-json\/wp\/v2\/media?parent=12414"}],"wp:term":[{"taxonomy":"category","embeddable":true,"href":"https:\/\/www.carlosyconchita.net\/rutas\/wp-json\/wp\/v2\/categories?post=12414"},{"taxonomy":"post_tag","embeddable":true,"href":"https:\/\/www.carlosyconchita.net\/rutas\/wp-json\/wp\/v2\/tags?post=12414"}],"curies":[{"name":"wp","href":"https:\/\/api.w.org\/{rel}","templated":true}]}}