{"id":12424,"date":"2019-01-04T20:56:23","date_gmt":"2019-01-04T19:56:23","guid":{"rendered":"https:\/\/www.carlosyconchita.net\/rutas\/?p=12424"},"modified":"2019-01-25T21:09:47","modified_gmt":"2019-01-25T20:09:47","slug":"04-01-2019-caudies-talau-ayguatebia","status":"publish","type":"post","link":"https:\/\/www.carlosyconchita.net\/rutas\/04-01-2019-caudies-talau-ayguatebia\/","title":{"rendered":"04-01-2019-Caudies-Talau-Ayguatebia"},"content":{"rendered":"<p style=\"text-align: justify;\">Hemos hecho varias excursiones por los pueblos de esta zona, pero ahora hac\u00eda mucho tiempo que no hab\u00edamos ido, y aprovechando que est\u00e1bamos con Lluis y Asun volvemos a la zona y hacemos esta larga caminata pasando por estos peque\u00f1os pueblos.<\/p>\n<p style=\"text-align: justify;\">Dejamos el coche en la zona de parking reservada para los \u00absenderistas\u00bb, que hay al lado del Ayuntamiento de Caudies de Conflent, bajamos hacia la carretera, y al otro lado de la misma cogemos el\u00a0 camino que tenemos enfrente mismo y que va subiendo un poco.<\/p>\n<p style=\"text-align: justify;\">Como vemos en el track, pasaremos por el peque\u00f1\u00edsimo pueblo de Talau, despues por Ayguatebia, y volveremos al punto de partida, Caudies de Conflent, y durante el recorrido veremos tambi\u00e9n un par de antiguas \u00abmas\u00edas\u00bb o \u00abmas\u00bb (El Mas de Pau, en ruinas , y el Mas de Balmat, que se ha reconstruido y actualmente es una especie de\u00a0 \u00abhotel\u00bb rural.)<\/p>\n<hr \/>\n<h3><strong>Album de fotos<\/strong><\/h3>\n<p><a href=\"https:\/\/photos.app.goo.gl\/KZweWzoXUkSKteYV8\" target=\"_blank\" rel=\"noopener\"><img loading=\"lazy\" decoding=\"async\" class=\"aligncenter wp-image-12425 size-column4-2\/3\" src=\"https:\/\/www.carlosyconchita.net\/rutas\/wp-content\/uploads\/2019\/01\/Caudies-0140-285x190.jpg\" alt=\"\" width=\"285\" height=\"190\" srcset=\"https:\/\/www.carlosyconchita.net\/rutas\/wp-content\/uploads\/2019\/01\/Caudies-0140-285x190.jpg 285w, https:\/\/www.carlosyconchita.net\/rutas\/wp-content\/uploads\/2019\/01\/Caudies-0140-272x182.jpg 272w, https:\/\/www.carlosyconchita.net\/rutas\/wp-content\/uploads\/2019\/01\/Caudies-0140-570x380.jpg 570w, https:\/\/www.carlosyconchita.net\/rutas\/wp-content\/uploads\/2019\/01\/Caudies-0140-380x254.jpg 380w\" sizes=\"auto, (max-width: 285px) 100vw, 285px\" \/><\/a><\/p>\n<hr \/>\n<p><strong>Dificultad<\/strong>\u00a0:\u00a0 \u00a0 Moderada<\/p>\n<p><strong>Distancia total<\/strong>\u00a0:\u00a0 \u00a015.060 m.<span class=\"totlen\"><span class=\"summaryvalue\"><br \/>\n<\/span><\/span><\/p>\n<p><strong>Alturas m\u00ednima \/ m\u00e1xima<\/strong>\u00a0:\u00a0 \u00a0 \u00a01.258 m . \u2013\u00a0 1.679 m.<\/p>\n<p><strong>Desnivel acumulado seg\u00fan Wikiloc\u00a0 :\u00a0 <\/strong>650\u00a0 m.\u00a0 (seg\u00fan Wikiloc)<\/p>\n<p><strong>Tiempo total \/ en movimiento<\/strong>\u00a0:\u00a0 \u00a0 \u00a0 5 h.\u00a0 59 m.\u00a0 \u00a0\u2013\u00a0 3 h.\u00a0 55 m<\/p>\n<p><strong>Vel. media total \/ vel.media movimiento<\/strong>\u00a0:\u00a0 \u00a0 2\u201948\u00a0 km.\/h. \u2014\u00a0 \u00a03\u201980 km.\/h<\/p>\n<hr \/>\n<p>El Ayuntamiento de Caudies a la derecha, y a la izquierda las rampas que suben al parking.<\/p>\n<p><img loading=\"lazy\" decoding=\"async\" class=\"alignnone size-full\" src=\"https:\/\/lh3.googleusercontent.com\/n4E5w9xLuCTzSheRo4uL0D2olUOTCBfdWa-ThNXbO3b7GtrlV3N1Wzot2opJ6LI7gp4_Y-fGE6wr4FBNPHaPoIgmqp6lWe6qrMlWWHjJxj2jvR1hYbl8dQ4EAPDO-F6cUsnM1Ad261Kic6p1P_nUuCTZiJ6Gm-BwKFHhL8jyemVQ4CqZgHE6TiPsbD_eyd1lAqH4sk9tcjOI1ocUlAAIwaMBZvEiX3SFB97ppMtINxAnH1HF-UBnC70riVYCjvW_NM6qPRlOV7BXFP6rQVLCQx5vOm3FVWu6f34PKtDBpqnwtf9L680XaAKgCKZiitJvVxZV1nlTINYNF8wPA8GrA8dj_bCo4pf0PIyBrS936H97yVlZt3cVy1GN5blXC31aW_IwOD_dSrvgjKtCsdedM9lDrxaM8VSCgGGFnePMgrsIt7SepAEKjV4fJHx4ZWqQh5vxXpxko-IBLYcl-o4GzEZ8O02yFRBQmxwj4wjwvpcgZ3OlM3qU2cyEFIC6OXeLevMKOIFlHXdH7UD_uH0YGmo-xnD6aGOri7OJr1Ob2n37IkmZjLASw9Vt67-fQt5A1JUsM9i9uCbCJYqVgy4OzRnc5RBqx1Pao8qH7mSGlFqcQMlnhWti90dUAN0wFH-KddssSG7fPZpOv9I3aoTzjcNgDJqOEYqM34vwyQm9Tdny_em60OP_cCpOfCusKV7rAvjFz77trYCBIJ2SZ98=w1024-h576-no\" width=\"1024\" height=\"576\" \/><\/p>\n<p>La monta\u00f1a de La Pelada<\/p>\n<p><img loading=\"lazy\" decoding=\"async\" class=\"alignnone size-full\" src=\"https:\/\/lh3.googleusercontent.com\/_rFbzIG42Q0oI1Zfwr1QntMNpL4wFkIKGlvyreOrt5zTSr3Qn-ZtkxdXZ21FhKrgcD4YQqahJZLU9tbW_s5H3yBr30PQMVp1uk6MkpU7Z8Z3hAWZDgWc4C5b1VmMXwAP7aMDL9iEiW97xvqYdDWMVmF-7UCgGWwRhiFnWnvq8s4EBh-hI_9zdj2JbuINJenPAXP7TpmRKb5-DnM1r6vkQnyoGLQqYf6ZZUpv86PYrlyGJqTSaebZD75iChJq8SRTsiZW4ENFCYlTvmzUgLr8wz6f53WkCIbSk-JBWi9a7LET6MtWzUjtdC0y1YlgCSu4oSW7NXqgFPiwEGwya6bfymLd0jb4U4tMEimxnVRa0bO-pCSifgIp0X8NkMsMIv4JMLFGX6wxP9tdGHCS_8g2rBI9a8_hfiI7V51w-pBRHIiBECft3DRC1L7HTw30vUiPGgy_Ey3fcHs4VJFSPP8HK0xk_KAznHPlOpXyVqcdeovHFPQqpwU40Xzhx18IVcnTjHNbWrcfatEIb6Ob9vefQERHjly7hiHfDCw-wlxI0n6atAQc73PCWyHVp89XMyqLGfP6fQtQcoHV9UW7JNaHmqx6MiKlv6EJLxEhSPyTgw2yjXGpjNgD7IAzQiI2Szs02c577jMO3AaprU0Elg0ALZRUEpKql7w0c2vZcgLxofc0WxnDcAcCjnaad5R5QCVZUMVX3yGpbgIAXpt_zxw=w1024-h576-no\" width=\"1024\" height=\"576\" \/><\/p>\n<p>El Pico de Bastard (con zoom)\u00a0 a donde fuimos el d\u00eda\u00a0\u00a0<a href=\"https:\/\/www.carlosyconchita.net\/rutas\/11-10-2014-pica-de-bastard\/\" target=\"_blank\" rel=\"noopener\"><strong><span style=\"color: #0000ff;\">11-10-2014 \u2013 PICA DE BASTARD<\/span><\/strong><\/a><\/p>\n<p><img loading=\"lazy\" decoding=\"async\" class=\"alignnone size-full\" src=\"https:\/\/lh3.googleusercontent.com\/0KjJRFG3_IEbD3NvuBN9eXcZBl2kS5LAgU91IGvkhqkIFVb7TqKVikft_9_ycHYwnUvV1gTHfsjCHWMvBZmuAj5lC1Y1cWLZZbXVphjWHoXaYvAuwFhzBn5xsaoo949X20JAiqAmM6PrKCs796pjn-zqOxgHj9Yc4gbfNmPdwCXAz01E3KbqTgzmToNcI77a_XWdDUJewfRMsYuCsnzkqlwDEqTrInX7OeLI-hEZroX4sOoMzooxFWRD0UljY9utVMm4ipauNmkRwXtaQYCcNFYA7z0ntXLbwpGczXMBFxyOk-q9eIPUWgq8xTL2PqDBwUgdhUPxG9hyC-JtuCnHi-btlrGMjqMYnLQijUNxv6cTwxUbdriXks9DU541bXRGr8WvBMHZl--3ffYqnWwyU4QA2_vWKbyM95HIpkImrjpLQUJxGJqmqXA4wVqyoTKveWoHexWE8PNOR3v83RciG_yMSpZAjZgdyyWAAx8Qwm3g6Hd-PaoRfZTgEV_0mza8BQLNotmXLTRabWnMrOqv1BKcFjGb366yPZ2p_mIFs7LEIEkuFDH-QIqTcyoOPupD9ZUdppEP_o-UuMboPUMtM_UQDwIYvtBb3C601Dh33bdHld2LJCRjGeO5QAu28GBeUFcXlRUppZ9zBNjwbtrtwKisQAdnWPszusX1M3KiRMtoeMm9HFRnD6k8ahfPSCRqGGKvVrcelPmyKFvEFAw=w1024-h576-no\" width=\"1024\" height=\"576\" \/><\/p>\n<p>El Mas de Pau<\/p>\n<p><img loading=\"lazy\" decoding=\"async\" class=\"alignnone size-full\" src=\"https:\/\/lh3.googleusercontent.com\/02YGJDj71XiQCirFossZSpQa2eViLlFhWtpK3iEq7F_sJZHxKQrx17eVPAfmEcptRavGNevN_JT5K29hAl5Cip-4LBr7YP5GLNA9jL47ISrzYVCKuEucEI5btWx8pd4aijBv0bR0JHWCy3LuDrYxFBupFOug13PpDxqkKe5kSoVfeAMTr1N1CsyIo-a4MxLaLFK2xJjuXnnxP9k2kj1iSLUtd2XcMGawTAt0l7wpoCDpq8K-auKZzgCnnmPjyX0lGOLFiLyXOgFnILKPcNd-Lmxhxc8WC8F5mvI4YOA9HNzBp2nG_RmmOX-LXOjccIPqgods0L9dJNuzgRT9PmoGyvXhoKT8ZLc8xSoEdyFTGOJepjpHk_PUcFy_zSQv9RzwhuHHABB-qgropR74KKdFUz1xRrKlS2CWighwhXy5Ym0Q-j8yKlUOZqTbqrQfTgL9BkB-mdscBfD6hu7hr3KX0904OZTZoV8uKmadbhTe3PWiKV9mPcMMbKlH3B1hUXwKm4w5SK9YguYzhb0JlVVahaXmOe_3fRC3qCeg7iQ_xFrfeYjqAteMBlwGbt-wEdv7O5HHHyw4SGOJi6ecNuzKmVOM7X5nDNaHfmhnDzaaEMb9EhPQ5AGIHbhkL-op5f7OjcZsSXgbXE4Tby6ShHM-YmgBzHivY2j8-yVtjxPngyZhjlHHNfJOvCVDA8a8afs1Ki5YGAdrys7uWr9Zg14=w1024-h576-no\" width=\"1024\" height=\"576\" \/><\/p>\n<p>Despu\u00e9s de pasar por el Mas Balmat, caminaremos un rato por la carretera y despu\u00e9s cogeremos el camino que veremos a nuestra derecha. (ver en el tack el punto \u00abDejamos carretera\u00bb)<\/p>\n<p><img loading=\"lazy\" decoding=\"async\" class=\"alignnone size-full\" src=\"https:\/\/lh3.googleusercontent.com\/WZpyWeAUgqf7dGP0JDv-J2kceetkvmlPi1wgvJx2xqj6KaG8mVnAg-VHO6Z80K7oNPJLRhfcHDI5zcErecBLQom350iVbxwHW79ojvk60Bvrt1cjmJKhcfavUFgmxuBnUiTPJuiBy86jgNC2jEzrNtebDRT5B3Tl3hUmMjg9U7EvtH19fA8mGSLjA87lepHKv6b5Kh7I1Yt7PykPkxXtldKudahUZeiJbVRkbYvC4JQwdvBPjT1tMHnTvi83KEWorS5ECJpoTyz_19oPMP19j5GEbb05zQVBvc9vC3NHJxNlwjrja3lQw8MaI7YX1aIyqcZ7FAmiZ64wZ9QRnSAb9EvhZrQTSs7_jcW5h69dLb7nMy_dU57xplEIYXBzM4TReCCDxpHwOaI8qISQpKKsIi_d7mit6zmkOvP1t8R7wh7uzibSYMuhtW4WQqaugmf4Ej8_G9mpNxs2w-__5ZDx-fNWqDSMuR_Pz3EqGqxPJ5EpDhbwmz9Aynyo4btm5UH3B6pJ_Akl_Jrcxbuovv80p-f-TxzGBlQtGzIZBI5stQ0ND1BdP5qFJUyHwlmFMAWkMFxxxm2ZnIP90hOhiGHDZbW8yYwXzMBYV_OqC08lLZY-xQk2w55z2W1b7A_CKCkk9oBP2kGl-nLkVTzhjnfbTM2Fu6wjitzXcrXBZcjpCBzTIt4awSHjmwml4A3gkhIAGbHJVsv9ESF2UpcFoJk=w1024-h576-no\" width=\"1024\" height=\"576\" \/><\/p>\n<p>&nbsp;<\/p>\n<p>Vista del Canig\u00f3\u00a0con nieve, evidentemente<\/p>\n<p><img loading=\"lazy\" decoding=\"async\" class=\"alignnone size-full\" src=\"https:\/\/lh3.googleusercontent.com\/oNZIxJfRyIlWR3TUBhWEamcH2JaWKT-FsxfkSKjDRI5aEii8PXm6abJx9GjeQSbVdvXMM6yrwTFIDMKiKibCyCix8jp76c1CLyvjgmhuusFh99KhbXKtkdhOG4rRrbKIezWwh90zhZf0200UYI5gbhQyla3cnXf8pnBe8-Jcz6CF2ye0fbvl8aZLMOygev8kD_dUYUBkjzBukca8IyhoseXfyshNS5kq1kpvHVrIi59NfG1xHp8k6GyRMjOiyYF6Jlh32LXPdd0ds4XN8d7Z46Fyq69nHcrqJHxg8aFK_zE_H_Etf_EKdCylKa52ZrlxmEpnFWirj9DzNfeAShAvdqcKS0OVxMdjAfDLFEDH575z71wY6olwTXHARbj-Smk6l5zLs7jwm5nIODWkb1OG78EBoYgpayQvFHTCKD_HqaQ6YrRstWyKlkmg1RhCA1xzQPUq0UZic6_BInYqqXFY-vG9IejPF3AyR18EnoTAf0AjTqyjDc87ccQALw9PHP1ThR_UqI8oPYsEBlAJDYjleHKobJQ1gVAXsdVlFBmA1IOhFcDl3muS6A-Rr8rkX07jTQpCkKxw7sfs53yBa2jHVbZPfUxa9oMVK-5sGuYX-hWvlTtp3NJ6yOyZga7_qbRQX0_g6r5BrroizX_0NsO3e5YVGz1TmQqD-6a1FXj4T8pg91uH3eU2wHnm7hXDwpk8AxVnlPGVQIb03OMcV9w=w1024-h576-no\" width=\"1024\" height=\"576\" \/><\/p>\n<p><img loading=\"lazy\" decoding=\"async\" class=\"alignnone size-full\" src=\"https:\/\/lh3.googleusercontent.com\/R736Hu4UghJJ5Hc0OIdBM-4y9S3nYeAJ5SdIO6KpSMQ4F0AwQdNVRrqzoYsDyEGBQemrXoUGFzcoOkdl_U3Dbn_c8uekY_WdlHqKtL5b1v-7RjH9JKy9eBTZ2lLtqKNEcD91a5Vp3WMWlEow7kttl6p2ZIgblMUumXhFpS4FKN_fdDKTBwODe1uJnidEaxWeQ5HknkX7oZJx82OgytWDaQ_JKBe0-FWY68XQwH5mfU5-67GZeies73GDRRfzmIxqsxlWhHZCE6llJx7Tvsn_duSbtuaM1yOvSjT9KJwK2empSPGcSs8O45mXsRlEqzJYIC-usfrhrQTgTenDOJPwJrO-ZsSA2dzyZDbMhrZJDTRbjfbif9sDXRnvDskafIosPzJd4j44c3X2MbQPPxktVGjOgZFh_fehOriKpbH-WRFD9_-ur9Hjfd0zwQsWwfR-GW8wcN3CwwViHcTsjTaepaYnB6wwFl1CUmXVVD_WGTK6xBA6YiRGPAdakp_t8y9uAf9s7O73t-Fm2_IbJmRLsLSeKntZ2Cy_34vXZs6DREGj-GyKz3EOBoR_cr8Fnb9vAJjY7eIJZ-Tp2DiOA0HzlQ1WVcWmDgznxP898vrVKazzrWRbZYbcI9141HDLJI3iM4mjJVGN58XOl04Gh0AMzIuvaD1YMkmybiMhkst9esDlBYqiB_f20aQQPB0dMFclKt3s9eAD-0bewe5CJKU=w1024-h576-no\" width=\"1024\" height=\"576\" \/><\/p>\n<p>Llegamos al peque\u00f1isimo pueblo de Talau, en donde despu\u00e9s de hablar con la persona \u00abencargada\u00bb de las llaves, nos ense\u00f1an la iglesia.<\/p>\n<p><img loading=\"lazy\" decoding=\"async\" class=\"alignnone size-full\" src=\"https:\/\/lh3.googleusercontent.com\/2gKpeOkCNwqeXsYrVPxm4S9IBJDs6ow9rdV-rPP3XzjisW47CJpmsRANxGsiqTrFAd6g9WyGwTJv-eAY1mJjjIbqte0S5U39_F_fw2JQX66mSyre2sGA6Ko-iSM_hv-wacTiqkeOXMRi6hUI4ja54kKJMWF0XFRkovkYXrCptT6-ZRMYYu-Quu1swdU0h0LkBA5GesUN8yA3XC0ydUVV2u9VWuLNtalQb558mR7aJ4Gxsjb5GDJK-ekBDlPL8tQhdHJAibSeArJfVIV9E46wb3sB_E72wey7DO08kcadHqZp8begIDz-T67LbkUuugaleUpNku62N6Zu_DvkjbnsdGfOsi2Ivk21vR5Zm4zPt1nCxpDktopVTRihhy5nft9iCxR7lwFmhoQTZm7h8uHKNkEM42g7iP6BlAewhwwxsnU36fzbNWsl0OQe9cywoR7Hhz9KCymBFayN97RDr_BbeYzip4Lwj7IzemEjLfGK5BO6lEfDqf1rXCuAB5iDJPLIawbfs8mCVogytWc_XOmZ6lYE3MIypwqhntg9uOIXPP6KTBSE5uEmiiZIXy3bgFm5Y8P-abwQDDhD4VpkYvcLl1yGrVvzItidhe2WXP0jpCeq_sZYfkZQKpE4Ll6seXJ5rmpx6qdksFFz_7Q8Wc_V5XgAB1KCIcn6stmKLvweeLHWFks7arZMipVJE3mTNicFodzgJ1A9MP19SEVBiZU=w1024-h576-no\" width=\"1024\" height=\"576\" \/><\/p>\n<p><img loading=\"lazy\" decoding=\"async\" class=\"alignnone size-full\" src=\"https:\/\/lh3.googleusercontent.com\/3fH1zW5SSASXxe05G7IyX30wGzgaDKxx_yE2D-0M6pLZtjq0NuswSH2FQjtbuiHJwSk7jPgxEpABRT3LUHLbOa_axEcs0lL1RcXKnQPT5VtwE_zzT_xw6uRmHf-NVgys7qPqtms7SjVqpKPVCQF5OMnDJkjic2GOe8s3x2f-Ngw1yvFjGM6Nu4geSyAjEm1HN7UY5mhsSO_SqRDX5Qv5Jx-XN5mn__F8ea7juDtqr3a4DPQMynp-A_qOKWyAQqIJHLVOGZyDJ3QXAvFcX_RJ1eNNPTb6u0Y3B3mRWN5P6VwPMYxQtSzu5eYHCCM5G0q2unsqnbbZmgBAYpDRfX6gk-RBI_WTU1WBGqvCk9oF1FyX_gHoe9RLm_5cZs6pxNo5LnsvxkgbdnOJh78RQ8Om-NAVXWyGe0vnry4vV4YVJI2DrQR22Dr-Vp4JlN200d99479QcX5Rt4n_-giERzBBg8cid-zQMlgkOEwNiI-WW2hXbgu2NmHSgoLOEn5hTYX_ml8gcilH3keZSIjkE5zUIN-mPRwemwNPGnGWiCsqSFZNBTGLyms9oR4AS80ShMuzkRNuQSHY2Y5dp4jQdwIcE8PmAxXDPJDFU2FkvWRoh5pP6GLDir09RzrYUt9Feb3o5gzfTIEXyiOG0pQEp8GGjLZdlfLGmFUpqvYVaDqPfixCAEIoSqd4Cv7Ww_9kjPvEMBqCN8gWhlajPgS5gsw=w1024-h576-no\" width=\"1024\" height=\"576\" \/><\/p>\n<p><img loading=\"lazy\" decoding=\"async\" class=\"alignnone size-full\" src=\"https:\/\/lh3.googleusercontent.com\/wYxtdGdpqTou4BldqU5Muf5iQhNxJ7l7Pm8wX9mXaa5do20-I3OOBrKQ8WZYOSGvTZ3xX5qAGkWzDeyh_sNTLCzKgmngdoZM0knJWQIsGMRYYpWT48tq8clbZ9loOa0yv01kFrMA5Zb22vG6Vnifiwlr_55_nQhfFggoCse_CvxT6iT4E5qUKxiWQMxFaY5KydnyqkNCwvvxAnFutZnbzDbGVDno-N1v6NxB84ltwPWFaUG9XBv9pVHzt8bXug7HaYSkE_gvrYWVxUNpJ2-ecskcLQ2dTke7Wa4wX3lK9Aedr4e34qfAQCVxM8g_-srqR3fvt2Wjmazp4g21jU90o_5ruZDEgjLvSCeADFfEaVcANfR923Hpd4jkMaU4ncnoytAJMqpjwuiW72Bumv06wOaE3tZhBfvKcXE0g6IrZBFgizr8KNKirX09rEI6V0umRovrRTpGmhgrDZpnLPS1LtlxEo_aaeuvegP--GElZPIeWQcTvn2YlQY2Xqh_-iw5fWm9dcZ_8KsvAbEfjwR852ukO97v8PiIsPzyTVQx3S_rBRqwlu_U5xhW7Fv7AqrrBfWx3WtzIG9DVbxG920GpOjy4rcXfSbDIDNwRvhq-XuxvEMNz9cd6-nUShTM9wiTlZO5pbPoC9AMbAveXgUw9NaHSIWiKkvDNQDEE0qSzr9B8qvyyv9BuI_Gvy8bC3TaA_YmXR-P3yFH0kiK68U=w889-h666-no\" width=\"888\" height=\"666\" \/><\/p>\n<p>&nbsp;<\/p>\n<p>Nos acercamos a Ayguatebia, aunque deberemos bajar hasta el r\u00edo, y despu\u00e9s subir por la otra ladera hasta la parte m\u00e1s alta del pueblo para continuar nuestra ruta.<\/p>\n<p><img loading=\"lazy\" decoding=\"async\" class=\"alignnone size-full\" src=\"https:\/\/lh3.googleusercontent.com\/D0sXy3FiT2BwDst48zlfWetHqtM10QJVK8GQJbVN4mFiBouBu1iURDHsJ7LrRbEG3iAYZE0vUp0HUGk3eHGmV_S7RkTwLPvIovYnW_VaMcnCFuvuB-mhdWoM8kzl2w2OUnL_60akVkW-5HHk8mdTmi0uWwBeJIlwZ7-RrqYNC17kEYOKI2VI6MdQr0rkpXCd7SZke-74UK35JLCwWnDj7rXFTLpH_LFuypEUAfzarZ3a8exiVrDqAxb_fDl25_7AyxAIDbiVtGyHl50AdtO_EtlRUXhNGSv-yVWkS04rfgwipzU9X5GiOQbKkB8md4h1gFLy1HXqXub3jYi5vO9UyisPU-Gh1a86Aa6x0VfzPXHPoypl06saG3ZgD7S0rMlWAS3QliMmnksoS854DNxxaFTBcnh5D_iLwnzLthbFrtcJGovGWeAfRltJtARdawF0VwrOWuhHJSOX3uEO_P8JqEAxInK6Qt8LTIVVy_tnW8W9JiKWQ28VYVKpa0C4utrhQi8TOl_ECgjoMTDB2j0ZRw8ZZvZI_e09Cl66_wL0a6f55PUmWMpkn3Z4MOfgo8E3ZD2AlsVvE5ycE-T_jF1lJ8y6Kkju2IeoIB0nlTv3XqqETFIYL-mFNW_q_ymgf1N6BsS79VbCjjEwMzOIgqP3JFA8UZpEnSN1OvHXNkkHx_d731Y9Aif47PsT8y27m95hrVKy5pWT4IaMe6rLVyk=w1024-h576-no\" width=\"1024\" height=\"576\" \/><\/p>\n<p>Cruzamos la carretera para bajar hasta el puente sobre el r\u00edo que tenemos un poco m\u00e1s abajo.<\/p>\n<p><img loading=\"lazy\" decoding=\"async\" class=\"alignnone size-full\" src=\"https:\/\/lh3.googleusercontent.com\/5r04F70PoN7kKfs6Ht9bCy2dbxAAvEwf6bg_tECmeH8BNKuxLx4Yl-ZxA46-9eG2SGt_UDVrsQaPl5aT0aWxsGttaCeklPtxH2MjsY_1_SrJE7dBitNzZ70cDzZH82qk3hM_LbtZPsA0C9WfgV3eVKdI2q3Bps8USHHafCyWpwMd4CyfOaMAPtfdY8T3JwMnPKiGil-tiPCrJGSJJsX3b8IOQRiGIwQfU5p89R1X5k8PSFkB9PAcPRMchki6-JnFjkTQ6HtnIFvt8Y9yc73vyofY5gvaWojrSvwiWge_YjqRUOpgyeH7SUgiZ0QVY1hEWI1QPMm5tZsfZS3MCUhUtu1XIxWwPTArZN5YOaoOacAQiZyLTxcwZLVUWs8g8bIUVqEzNJs1gD7C6HBl8b3KVW4QetLYaein0_oPnNt4mzhU3wvD8B0eZvDuXHGBumsTw85lWu-uZWpozho2ZaN0s62lUjqswnhIauDIY3O9iBU150N13eY6lfWy78tf3PmpHEskINOnKeM7X-sYqCCxt0d-GEFznWiD4QiVI4Q7sXxhSqbl_fJXuEgvUNJaAp7rVMMuTZtpvjdZt0vxs3ShlwfH0y-51kZzP_tyMN8kz4Rm_3OP5FxaStequLytzOawLRpPaAiS8QWGpMZM6zhlok3kJgBlporcFiY57YScYy6L2BV8KydyD3TMq5Bhynhd43S1W406bk1UU8Mu-Po=w1024-h576-no\" width=\"1024\" height=\"576\" \/><\/p>\n<p><img loading=\"lazy\" decoding=\"async\" class=\"alignnone size-full\" src=\"https:\/\/lh3.googleusercontent.com\/YgKQJySBBT1dqVnuHA6zINt-j4t-pN2DAU96kjOPKS5iG4gHbskDxB9mauL80hQKsB4mWhiUn8cEHTXfiDSstBA3C6iDQ9tVkR40sZhDvrgINjGwK2rRZ48Uowo31vCwh_iKawz9agQMBZwYcYh2ttGpz0CopDPNq48l2h4VNl427Jqn2E_JOHc6R0uqsYOhm_X3tCA3O2XHhoHd_znuCsQCFc8Foz7pugyzEy8y871r_2Dmb-M-hL6abczaVfzY6pgyDkPYcPtKFtDqfOiHVAz256YpDn0L4bWF8Zsvfz2ywRqpz5L6O2_sZ0v4LBvG_snsxpNbLJ-AeQBMNs-qxL_g9_7nBxSCNeLcZ71L-fKxzpzeYFxjs8V053PG-dF1hos9zMBevmUvQyURsveyWFCjlu8UhAEiDd9BQWYcgzb23u1TSByGeguNcZd772E5dECv7ZFqh_r-jVoqiQGz0NF2yGiahLrsMjqO0aItNx-xNnZIoVTHAsY4I-u6LtfZidcwTSG40sM1n97QCMkdbCotarM9W16laIRE8DVfwsiT_BSOvm20YNOWnTYIuFuiG912MBrAn7MnwTVy1OQRHLU-ru9TyAjrXWoGE_JfEyQUlYgkoUntgYsvvss7PZO3x3TEFBA50Rj79UEB66KmcOpnWaLIuRFWeIvsK93EFpAIkfl_qU7vyOr-1Io9tbNfmgktWBNJWUL1hjs80RI=w1024-h576-no\" width=\"1024\" height=\"576\" \/><\/p>\n<p>En el rio vemos restos de hielo, y unas extra\u00f1as figuras &#8230;<\/p>\n<p><img loading=\"lazy\" decoding=\"async\" class=\"alignnone size-full\" src=\"https:\/\/lh3.googleusercontent.com\/96uSQ66gY4zDdCbIi-80YSjizh6Dy9fqdO3U9Tm4asZcd1iuTDwHx6imHkN4MFQJ8P1N_AQ6_K2fVxpulYu8pQ-SXt4wfOxhmr89afdorSj46LXuYd0P0PDC4aXr_XZwxggtR6dDDwRCv8YwdhU1qZgmPBS6XmKBT0Oa6nit0dxP5n3zRo4nBtpdVK5HaBaLIiKUFEohU4zKWavRDzHoiKh_OW2tRTIIC1iQ99xHAAOpEyk8G7dFxK8lTP4UPfPJ0D-OiPH0JGzMmyUX8iyBlKZir9QT-Cj9qovwPIx_mw2E3poa5Pgd6evsgvMBvVLlY_RrkRF9U5AHAxIvStwsLVlQtArmwm3NX8qK9tsMZfjGAa2BCicowLsQY1LHMRTXmcxN-LEIVj0WkDXCJcyeBFg3HbEUk9GIziMGz0AY2sKZXIVn9WyN3f5p6QOm0j4zzEh9tMnB3gNEaQkNqqeDaMHe48jsxcX9CqzLOii4DSHdACtIEiiR86BwswUeHSIO6owuriA9ITRLmiH1kTvjWh04cqbSHbD6qMCN3uKxmmp9UafeVrIdGVR66WUQQMqWht5eYIbCc802BkzrfLpGtpTcTRqUFgLbpraffSPggXV2CNpHctyJUo3jTBZQLOIHo9PBs_gVHt_nxlprH0prPALawbD1iTj63KINpsB9QKjQ081VPyZY8TGuY98PQCPdOa7rQIHZXsLRPMDLwCY=w1024-h576-no\" width=\"1024\" height=\"576\" \/><\/p>\n<p><img loading=\"lazy\" decoding=\"async\" class=\"alignnone size-full\" src=\"https:\/\/lh3.googleusercontent.com\/sphhaYVl5haWH1QqkcmH0OKdbCF-wobtbpnrxKq01hqqC6CrPs62VkRTjcekxwMPotf04TSKzPYQ12QlF5QUNkf3waS2sm9VE4r1pHG6sr9QZzkTB3D4pZPAnzxLx_4Ygmz78e4t3TfK5z64jyaEMkCMdFbi07-F7LqVklVlLMcnMg7SrjQ_gghDqNXhHDGmvHQJzkNQNa8IIPINal3NisrXVntjbTARF6uAGcuCydJ2hXBThCgnppjuOUvwL-fJ2b1keJtW2WQnCktE1bzJcq-tg_Ek4SML5IzkZ9N4x1gMq5YiLQmwadIdJFgPj2bzjHa-EOOBYvNecLfhtyTms9gQt5pAWDG8XHgjzLMDabLJLD314PoWAmsdlkbTMddZ9ERix2tKykYtxXaT-Q51fcr6xef3iKSr_CGkonUSKBHnrR2IY_cAcl8pFE-TFsQVjQz2AuI1EJJjcKCPhnRyyZ3WLX1agR4-etYYaxKDQ2xrtE8mTdL-6J0lO3yjEFcdlnRYW0Ydi7sAeqeRg3GqDJlwhl-9nI7442TvvMGiCzGLzzslQ93K73X8ZqvxJbRfg53u_6qi2RzDQMZv-9iZyLIyPGjoawlsfSHeJhrrBMGydocIz7GABnty4rtVZ4d38U5z2vEKs4NfVsXp_c5caanikYVVMpsAyO6a_Kq0lsF1j_6n7ei0dGVHorZCgZaDeuV2MHYAkMxi5UzNJ6w=w1024-h576-no\" width=\"1024\" height=\"576\" \/><\/p>\n<p>Despu\u00e9s de una subida bastante fuerte, llegamos a Ayguatebia, y todav\u00eda deberemos subir hasta la parte alta del pueblo.<\/p>\n<p><img loading=\"lazy\" decoding=\"async\" class=\"alignnone size-full\" src=\"https:\/\/lh3.googleusercontent.com\/V9JS5_9FVU6NuET7oMXaKXOibvMN-MuNXeuFIU6m44KXm-A1EPxw_2ZwM822Ll6tIqTvvwZWQ_qMsODW1qMiiCPjYTlvcuP4ruylqjEw04VEqdv1QKiHeBJOXDz6jVijEmRTNe82RXdR-Mh13PsAVxmCQwnsKcTKnA2OeKPMnl4Gp7hi1cUGe7l-SFWk7xNoJomDRaexl_ES7tOvodInYWmpZ8N66nvG0wx_WFxzjdxxHpANbXSvJTeouPhnvzPjKimRHCXk2qG78WA5myzNj_e6BuAWyyn4rKsu3d0H2AJH90KYkw_iGEEltA3trBdyClOJMDqkcNbG5xqxTY30mXg-hO8607q3ZTC5Fnu7oWpNOwjzWHrcW7Y1vMdYAQov9pn4Es4WlxJpMEQd9VyNl2r3VvD4ShiKv6cAxNx62XCmY-nJ1KG2fR17teu3P41SydKOK3gprdi9cTYVMYPP9YDEZ86R7gF8BN2hkMurS5Dvz7oLvai3coylS5T1lxbwEYw1G5KtINfYFrwJ222eJo8izxZNAfzW0u8XWCaMZMDyejjQKAnvO3gGKDLnhJ1fN4wF84k-RhV0Ei71uHgADdH4JOfupt6yFoOnrul7WoBHcnsMvmVpuLSakTax2XvYnFVLuzJoZZoIkQD_4KTo4p6NB7A0mJ50F8Kwa8qaPDLnC_6jF-C_q6MgbQq50O0UJwRV8eCBBeeAwxaBx9k=w1024-h576-no\" width=\"1024\" height=\"576\" \/><\/p>\n<p><img loading=\"lazy\" decoding=\"async\" class=\"alignnone size-full\" src=\"https:\/\/lh3.googleusercontent.com\/sLDwV3M8fBrhJrs6s3KgM-9lSI_90i2vGCtAsGir4a3PDdE8QpbKH-ARD35PB6MEBNJdtK-Aq4SxEnfOly8-oiohQ7WWYLTY9SUooT36zc9SOkGqlsJfKKI4Yxy29HNMdrQxZ9Us3MdP8nnzoyAJAafr_KpFfWPisNKfXujZVVuExAmjDs8_h5OECit0T6qXYD3ZsdGm4lyP1vtGz1c8MgPJRmF9NZzvwpBPGuc46qXcjcnT2lMZG9OyMtnRVcJq2EegBAdQuy5sgszXlFj6tDUzNnoqm4WU-tSux_qY2hOkmDXz_XK275d_ZC5WdTs7zGEZ5z_zfyi55Bz-DLPnlAiSsvCcNXlG_FWtp3lmSAuHkyNoZdVihEqPGcF28f9hpSvksPE9qc2Nyn5Cm5SvFDTU-IsdlAIO73Rb7I5qIN1LEqype8A6_VBcHSdJImKdGQWjBCet4A-rYU1FsXIrTBTKjnFWnPopH6214yt2dQsjUF87UhzZwFrYcRI483KUu7wlJ1EnRyhjHOjPxTLhKzVpY3quRczunq4uNXpEAVx_yDYuuFb0vmSv0s3Jh2-Ixyv2v4ivZq2GQW2DvXDOWgzHyBljCXXItwZrQiFbEguxPV4xRD1uypKtydpRV4kCFk4_zphVwTsd1_CCjSrYajSJQsKlHS2UiUhgDBJoW9R1aySm-CTEJk0v1FuRRo75FYmEl7r0CyhR9kPqle4=w1024-h576-no\" width=\"1024\" height=\"576\" \/><\/p>\n<p>Desde aqu\u00ed seguiremos un camino f\u00e1cil, aunque con una continua pendiente hasta llegar de nuevo cerca del Mas de Balmat y a partir de este punto seguiremos el mismo camino de la ida.<\/p>\n<p>&nbsp;<\/p>\n<hr \/>\n<p>&nbsp;<\/p>\n<h3><strong>Track de la ruta<\/strong><\/h3>\n<p>[sgpx gpx=\u00bb\/wp-content\/uploads\/gpx\/Caudies-Talau-Aiguatebia.gpx\u00bb]<\/p>\n<p>&nbsp;<\/p>\n<hr \/>\n<p>&nbsp;<\/p>\n<p style=\"text-align: justify;\"><span style=\"color: #ff0000; background-color: #ffffff; font-size: 14pt;\"><strong>Si te ha gustado, comp\u00e1rtelo en tu red favorita o env\u00edanos tu comentario.<br \/>\n<\/strong><\/span><\/p>\n<p style=\"text-align: justify;\"><span style=\"font-size: 14pt;\"><strong><span style=\"color: #ff0000;\">Muchas gracias !<\/span><\/strong><\/span><\/p>\n<hr \/>\n<p style=\"text-align: justify;\"><strong><span style=\"color: #008000;\">Suscribete si quieres recibir un mail cuando publiquemos nuevas rutas : no enviamos publicidad y como m\u00e1ximo enviamos 2 mails al mes<\/span><\/strong><\/p>\n<p style=\"text-align: center;\"><a href=\"https:\/\/mailchi.mp\/6989c83a3e24\/wmv06rtqcz\/\" target=\"_blank\" rel=\"noopener\"><strong><span style=\"color: #0000ff;\">Pulsa aqu\u00ed para suscribirte<\/span><\/strong><\/a><\/p>\n<hr \/>\n<p style=\"text-align: justify;\">\u00a0<\/p>\n<h3 style=\"text-align: justify;\">Puedes imprimir esta publicaci\u00f3n o guardarla en diferentes formatos :<\/h3>\n<p style=\"text-align: justify;\"><span style=\"color: #ff0000; font-size: 14pt;\">Para facilitar la impresi\u00f3n, se ha reducido considerablemente el tama\u00f1o de las fotos, pero si deseas imprimir sin fotos, aconsejamos guardarlo como \u201cdoc\u201d, y antes de imprimirlo, eliminar las fotos<\/span><\/p>\n<p><span style=\"color: #ff0000;\">\u00a0<\/span><\/p>\n<hr \/>\n<h3><strong>Enlace Wikiloc<\/strong><\/h3>\n<p><a href=\"https:\/\/es.wikiloc.com\/rutas-senderismo\/caudies-de-conflent-talau-aiguatebia-31927663\" target=\"_blank\" rel=\"noopener\"><img loading=\"lazy\" decoding=\"async\" class=\"size-full wp-image-958 aligncenter\" src=\"https:\/\/www.carlosyconchita.net\/rutas\/wp-content\/uploads\/2020\/09\/wikiloc.jpg\" alt=\"\" width=\"117\" height=\"34\" \/><\/a><\/p>\n","protected":false},"excerpt":{"rendered":"<p>Hemos hecho varias excursiones por los pueblos de esta zona, pero ahora hac\u00eda mucho tiempo que no hab\u00edamos ido, y aprovechando que est\u00e1bamos con Lluis y Asun volvemos a la zona y hacemos esta larga caminata pasando por estos peque\u00f1os pueblos. Dejamos el coche en la zona de parking reservada para los \u00absenderistas\u00bb, que hay [&hellip;]<\/p>\n","protected":false},"author":50,"featured_media":12425,"comment_status":"open","ping_status":"open","sticky":false,"template":"","format":"standard","meta":{"footnotes":""},"categories":[11,27,24],"tags":[],"class_list":{"0":"post-12424","1":"post","2":"type-post","3":"status-publish","4":"format-standard","5":"has-post-thumbnail","6":"hentry","7":"category-moderada","8":"category-4-de-15-a-20-km","9":"category-sansa","11":"post-with-thumbnail","12":"post-with-thumbnail-icon"},"yoast_head":"<!-- This site is optimized with the Yoast SEO plugin v27.4 - https:\/\/yoast.com\/product\/yoast-seo-wordpress\/ -->\n<title>04-01-2019-Caudies-Talau-Ayguatebia -<\/title>\n<meta name=\"robots\" content=\"index, follow, max-snippet:-1, max-image-preview:large, max-video-preview:-1\" \/>\n<link rel=\"canonical\" href=\"https:\/\/www.carlosyconchita.net\/rutas\/04-01-2019-caudies-talau-ayguatebia\/\" \/>\n<meta property=\"og:locale\" content=\"es_ES\" \/>\n<meta property=\"og:type\" content=\"article\" \/>\n<meta property=\"og:title\" content=\"04-01-2019-Caudies-Talau-Ayguatebia -\" \/>\n<meta property=\"og:description\" content=\"Hemos hecho varias excursiones por los pueblos de esta zona, pero ahora hac\u00eda mucho tiempo que no hab\u00edamos ido, y aprovechando que est\u00e1bamos con Lluis y Asun volvemos a la zona y hacemos esta larga caminata pasando por estos peque\u00f1os pueblos. Dejamos el coche en la zona de parking reservada para los \u00absenderistas\u00bb, que hay [&hellip;]\" \/>\n<meta property=\"og:url\" content=\"https:\/\/www.carlosyconchita.net\/rutas\/04-01-2019-caudies-talau-ayguatebia\/\" \/>\n<meta property=\"og:site_name\" content=\"Las rutas de Carlos y Conchita\" \/>\n<meta property=\"article:published_time\" content=\"2019-01-04T19:56:23+00:00\" \/>\n<meta property=\"article:modified_time\" content=\"2019-01-25T20:09:47+00:00\" \/>\n<meta property=\"og:image\" content=\"https:\/\/www.carlosyconchita.net\/rutas\/wp-content\/uploads\/2019\/01\/Caudies-0140.jpg\" \/>\n\t<meta property=\"og:image:width\" content=\"1024\" \/>\n\t<meta property=\"og:image:height\" content=\"576\" \/>\n\t<meta property=\"og:image:type\" content=\"image\/jpeg\" \/>\n<meta name=\"author\" content=\"Carlos Conchita\" \/>\n<meta name=\"twitter:label1\" content=\"Escrito por\" \/>\n\t<meta name=\"twitter:data1\" content=\"Carlos Conchita\" \/>\n\t<meta name=\"twitter:label2\" content=\"Tiempo de lectura\" \/>\n\t<meta name=\"twitter:data2\" content=\"3 minutos\" \/>\n<script type=\"application\/ld+json\" class=\"yoast-schema-graph\">{\"@context\":\"https:\\\/\\\/schema.org\",\"@graph\":[{\"@type\":\"Article\",\"@id\":\"https:\\\/\\\/www.carlosyconchita.net\\\/rutas\\\/04-01-2019-caudies-talau-ayguatebia\\\/#article\",\"isPartOf\":{\"@id\":\"https:\\\/\\\/www.carlosyconchita.net\\\/rutas\\\/04-01-2019-caudies-talau-ayguatebia\\\/\"},\"author\":{\"name\":\"Carlos Conchita\",\"@id\":\"https:\\\/\\\/www.carlosyconchita.net\\\/rutas\\\/#\\\/schema\\\/person\\\/a9691f7258c28443fab2d3aa1479ea19\"},\"headline\":\"04-01-2019-Caudies-Talau-Ayguatebia\",\"datePublished\":\"2019-01-04T19:56:23+00:00\",\"dateModified\":\"2019-01-25T20:09:47+00:00\",\"mainEntityOfPage\":{\"@id\":\"https:\\\/\\\/www.carlosyconchita.net\\\/rutas\\\/04-01-2019-caudies-talau-ayguatebia\\\/\"},\"wordCount\":527,\"commentCount\":0,\"image\":{\"@id\":\"https:\\\/\\\/www.carlosyconchita.net\\\/rutas\\\/04-01-2019-caudies-talau-ayguatebia\\\/#primaryimage\"},\"thumbnailUrl\":\"https:\\\/\\\/www.carlosyconchita.net\\\/rutas\\\/wp-content\\\/uploads\\\/2019\\\/01\\\/Caudies-0140.jpg\",\"articleSection\":[\"2-Moderada\",\"4 - De 15 a 20 km.\",\"Sansa - Ayguatebia\"],\"inLanguage\":\"es\",\"potentialAction\":[{\"@type\":\"CommentAction\",\"name\":\"Comment\",\"target\":[\"https:\\\/\\\/www.carlosyconchita.net\\\/rutas\\\/04-01-2019-caudies-talau-ayguatebia\\\/#respond\"]}]},{\"@type\":\"WebPage\",\"@id\":\"https:\\\/\\\/www.carlosyconchita.net\\\/rutas\\\/04-01-2019-caudies-talau-ayguatebia\\\/\",\"url\":\"https:\\\/\\\/www.carlosyconchita.net\\\/rutas\\\/04-01-2019-caudies-talau-ayguatebia\\\/\",\"name\":\"04-01-2019-Caudies-Talau-Ayguatebia -\",\"isPartOf\":{\"@id\":\"https:\\\/\\\/www.carlosyconchita.net\\\/rutas\\\/#website\"},\"primaryImageOfPage\":{\"@id\":\"https:\\\/\\\/www.carlosyconchita.net\\\/rutas\\\/04-01-2019-caudies-talau-ayguatebia\\\/#primaryimage\"},\"image\":{\"@id\":\"https:\\\/\\\/www.carlosyconchita.net\\\/rutas\\\/04-01-2019-caudies-talau-ayguatebia\\\/#primaryimage\"},\"thumbnailUrl\":\"https:\\\/\\\/www.carlosyconchita.net\\\/rutas\\\/wp-content\\\/uploads\\\/2019\\\/01\\\/Caudies-0140.jpg\",\"datePublished\":\"2019-01-04T19:56:23+00:00\",\"dateModified\":\"2019-01-25T20:09:47+00:00\",\"author\":{\"@id\":\"https:\\\/\\\/www.carlosyconchita.net\\\/rutas\\\/#\\\/schema\\\/person\\\/a9691f7258c28443fab2d3aa1479ea19\"},\"breadcrumb\":{\"@id\":\"https:\\\/\\\/www.carlosyconchita.net\\\/rutas\\\/04-01-2019-caudies-talau-ayguatebia\\\/#breadcrumb\"},\"inLanguage\":\"es\",\"potentialAction\":[{\"@type\":\"ReadAction\",\"target\":[\"https:\\\/\\\/www.carlosyconchita.net\\\/rutas\\\/04-01-2019-caudies-talau-ayguatebia\\\/\"]}]},{\"@type\":\"ImageObject\",\"inLanguage\":\"es\",\"@id\":\"https:\\\/\\\/www.carlosyconchita.net\\\/rutas\\\/04-01-2019-caudies-talau-ayguatebia\\\/#primaryimage\",\"url\":\"https:\\\/\\\/www.carlosyconchita.net\\\/rutas\\\/wp-content\\\/uploads\\\/2019\\\/01\\\/Caudies-0140.jpg\",\"contentUrl\":\"https:\\\/\\\/www.carlosyconchita.net\\\/rutas\\\/wp-content\\\/uploads\\\/2019\\\/01\\\/Caudies-0140.jpg\",\"width\":1024,\"height\":576},{\"@type\":\"BreadcrumbList\",\"@id\":\"https:\\\/\\\/www.carlosyconchita.net\\\/rutas\\\/04-01-2019-caudies-talau-ayguatebia\\\/#breadcrumb\",\"itemListElement\":[{\"@type\":\"ListItem\",\"position\":1,\"name\":\"Portada\",\"item\":\"https:\\\/\\\/www.carlosyconchita.net\\\/rutas\\\/\"},{\"@type\":\"ListItem\",\"position\":2,\"name\":\"04-01-2019-Caudies-Talau-Ayguatebia\"}]},{\"@type\":\"WebSite\",\"@id\":\"https:\\\/\\\/www.carlosyconchita.net\\\/rutas\\\/#website\",\"url\":\"https:\\\/\\\/www.carlosyconchita.net\\\/rutas\\\/\",\"name\":\"Las rutas de Carlos y Conchita\",\"description\":\"\",\"potentialAction\":[{\"@type\":\"SearchAction\",\"target\":{\"@type\":\"EntryPoint\",\"urlTemplate\":\"https:\\\/\\\/www.carlosyconchita.net\\\/rutas\\\/?s={search_term_string}\"},\"query-input\":{\"@type\":\"PropertyValueSpecification\",\"valueRequired\":true,\"valueName\":\"search_term_string\"}}],\"inLanguage\":\"es\"},{\"@type\":\"Person\",\"@id\":\"https:\\\/\\\/www.carlosyconchita.net\\\/rutas\\\/#\\\/schema\\\/person\\\/a9691f7258c28443fab2d3aa1479ea19\",\"name\":\"Carlos Conchita\",\"image\":{\"@type\":\"ImageObject\",\"inLanguage\":\"es\",\"@id\":\"https:\\\/\\\/secure.gravatar.com\\\/avatar\\\/3a4625b20c8da3de99da69bfe7a322774e291c3f90dce7e8778a30fe6748ed1a?s=96&d=mm&r=g\",\"url\":\"https:\\\/\\\/secure.gravatar.com\\\/avatar\\\/3a4625b20c8da3de99da69bfe7a322774e291c3f90dce7e8778a30fe6748ed1a?s=96&d=mm&r=g\",\"contentUrl\":\"https:\\\/\\\/secure.gravatar.com\\\/avatar\\\/3a4625b20c8da3de99da69bfe7a322774e291c3f90dce7e8778a30fe6748ed1a?s=96&d=mm&r=g\",\"caption\":\"Carlos Conchita\"}}]}<\/script>\n<!-- \/ Yoast SEO plugin. -->","yoast_head_json":{"title":"04-01-2019-Caudies-Talau-Ayguatebia -","robots":{"index":"index","follow":"follow","max-snippet":"max-snippet:-1","max-image-preview":"max-image-preview:large","max-video-preview":"max-video-preview:-1"},"canonical":"https:\/\/www.carlosyconchita.net\/rutas\/04-01-2019-caudies-talau-ayguatebia\/","og_locale":"es_ES","og_type":"article","og_title":"04-01-2019-Caudies-Talau-Ayguatebia -","og_description":"Hemos hecho varias excursiones por los pueblos de esta zona, pero ahora hac\u00eda mucho tiempo que no hab\u00edamos ido, y aprovechando que est\u00e1bamos con Lluis y Asun volvemos a la zona y hacemos esta larga caminata pasando por estos peque\u00f1os pueblos. Dejamos el coche en la zona de parking reservada para los \u00absenderistas\u00bb, que hay [&hellip;]","og_url":"https:\/\/www.carlosyconchita.net\/rutas\/04-01-2019-caudies-talau-ayguatebia\/","og_site_name":"Las rutas de Carlos y Conchita","article_published_time":"2019-01-04T19:56:23+00:00","article_modified_time":"2019-01-25T20:09:47+00:00","og_image":[{"width":1024,"height":576,"url":"https:\/\/www.carlosyconchita.net\/rutas\/wp-content\/uploads\/2019\/01\/Caudies-0140.jpg","type":"image\/jpeg"}],"author":"Carlos Conchita","twitter_misc":{"Escrito por":"Carlos Conchita","Tiempo de lectura":"3 minutos"},"schema":{"@context":"https:\/\/schema.org","@graph":[{"@type":"Article","@id":"https:\/\/www.carlosyconchita.net\/rutas\/04-01-2019-caudies-talau-ayguatebia\/#article","isPartOf":{"@id":"https:\/\/www.carlosyconchita.net\/rutas\/04-01-2019-caudies-talau-ayguatebia\/"},"author":{"name":"Carlos Conchita","@id":"https:\/\/www.carlosyconchita.net\/rutas\/#\/schema\/person\/a9691f7258c28443fab2d3aa1479ea19"},"headline":"04-01-2019-Caudies-Talau-Ayguatebia","datePublished":"2019-01-04T19:56:23+00:00","dateModified":"2019-01-25T20:09:47+00:00","mainEntityOfPage":{"@id":"https:\/\/www.carlosyconchita.net\/rutas\/04-01-2019-caudies-talau-ayguatebia\/"},"wordCount":527,"commentCount":0,"image":{"@id":"https:\/\/www.carlosyconchita.net\/rutas\/04-01-2019-caudies-talau-ayguatebia\/#primaryimage"},"thumbnailUrl":"https:\/\/www.carlosyconchita.net\/rutas\/wp-content\/uploads\/2019\/01\/Caudies-0140.jpg","articleSection":["2-Moderada","4 - De 15 a 20 km.","Sansa - Ayguatebia"],"inLanguage":"es","potentialAction":[{"@type":"CommentAction","name":"Comment","target":["https:\/\/www.carlosyconchita.net\/rutas\/04-01-2019-caudies-talau-ayguatebia\/#respond"]}]},{"@type":"WebPage","@id":"https:\/\/www.carlosyconchita.net\/rutas\/04-01-2019-caudies-talau-ayguatebia\/","url":"https:\/\/www.carlosyconchita.net\/rutas\/04-01-2019-caudies-talau-ayguatebia\/","name":"04-01-2019-Caudies-Talau-Ayguatebia -","isPartOf":{"@id":"https:\/\/www.carlosyconchita.net\/rutas\/#website"},"primaryImageOfPage":{"@id":"https:\/\/www.carlosyconchita.net\/rutas\/04-01-2019-caudies-talau-ayguatebia\/#primaryimage"},"image":{"@id":"https:\/\/www.carlosyconchita.net\/rutas\/04-01-2019-caudies-talau-ayguatebia\/#primaryimage"},"thumbnailUrl":"https:\/\/www.carlosyconchita.net\/rutas\/wp-content\/uploads\/2019\/01\/Caudies-0140.jpg","datePublished":"2019-01-04T19:56:23+00:00","dateModified":"2019-01-25T20:09:47+00:00","author":{"@id":"https:\/\/www.carlosyconchita.net\/rutas\/#\/schema\/person\/a9691f7258c28443fab2d3aa1479ea19"},"breadcrumb":{"@id":"https:\/\/www.carlosyconchita.net\/rutas\/04-01-2019-caudies-talau-ayguatebia\/#breadcrumb"},"inLanguage":"es","potentialAction":[{"@type":"ReadAction","target":["https:\/\/www.carlosyconchita.net\/rutas\/04-01-2019-caudies-talau-ayguatebia\/"]}]},{"@type":"ImageObject","inLanguage":"es","@id":"https:\/\/www.carlosyconchita.net\/rutas\/04-01-2019-caudies-talau-ayguatebia\/#primaryimage","url":"https:\/\/www.carlosyconchita.net\/rutas\/wp-content\/uploads\/2019\/01\/Caudies-0140.jpg","contentUrl":"https:\/\/www.carlosyconchita.net\/rutas\/wp-content\/uploads\/2019\/01\/Caudies-0140.jpg","width":1024,"height":576},{"@type":"BreadcrumbList","@id":"https:\/\/www.carlosyconchita.net\/rutas\/04-01-2019-caudies-talau-ayguatebia\/#breadcrumb","itemListElement":[{"@type":"ListItem","position":1,"name":"Portada","item":"https:\/\/www.carlosyconchita.net\/rutas\/"},{"@type":"ListItem","position":2,"name":"04-01-2019-Caudies-Talau-Ayguatebia"}]},{"@type":"WebSite","@id":"https:\/\/www.carlosyconchita.net\/rutas\/#website","url":"https:\/\/www.carlosyconchita.net\/rutas\/","name":"Las rutas de Carlos y Conchita","description":"","potentialAction":[{"@type":"SearchAction","target":{"@type":"EntryPoint","urlTemplate":"https:\/\/www.carlosyconchita.net\/rutas\/?s={search_term_string}"},"query-input":{"@type":"PropertyValueSpecification","valueRequired":true,"valueName":"search_term_string"}}],"inLanguage":"es"},{"@type":"Person","@id":"https:\/\/www.carlosyconchita.net\/rutas\/#\/schema\/person\/a9691f7258c28443fab2d3aa1479ea19","name":"Carlos Conchita","image":{"@type":"ImageObject","inLanguage":"es","@id":"https:\/\/secure.gravatar.com\/avatar\/3a4625b20c8da3de99da69bfe7a322774e291c3f90dce7e8778a30fe6748ed1a?s=96&d=mm&r=g","url":"https:\/\/secure.gravatar.com\/avatar\/3a4625b20c8da3de99da69bfe7a322774e291c3f90dce7e8778a30fe6748ed1a?s=96&d=mm&r=g","contentUrl":"https:\/\/secure.gravatar.com\/avatar\/3a4625b20c8da3de99da69bfe7a322774e291c3f90dce7e8778a30fe6748ed1a?s=96&d=mm&r=g","caption":"Carlos Conchita"}}]}},"_links":{"self":[{"href":"https:\/\/www.carlosyconchita.net\/rutas\/wp-json\/wp\/v2\/posts\/12424","targetHints":{"allow":["GET"]}}],"collection":[{"href":"https:\/\/www.carlosyconchita.net\/rutas\/wp-json\/wp\/v2\/posts"}],"about":[{"href":"https:\/\/www.carlosyconchita.net\/rutas\/wp-json\/wp\/v2\/types\/post"}],"author":[{"embeddable":true,"href":"https:\/\/www.carlosyconchita.net\/rutas\/wp-json\/wp\/v2\/users\/50"}],"replies":[{"embeddable":true,"href":"https:\/\/www.carlosyconchita.net\/rutas\/wp-json\/wp\/v2\/comments?post=12424"}],"version-history":[{"count":0,"href":"https:\/\/www.carlosyconchita.net\/rutas\/wp-json\/wp\/v2\/posts\/12424\/revisions"}],"wp:featuredmedia":[{"embeddable":true,"href":"https:\/\/www.carlosyconchita.net\/rutas\/wp-json\/wp\/v2\/media\/12425"}],"wp:attachment":[{"href":"https:\/\/www.carlosyconchita.net\/rutas\/wp-json\/wp\/v2\/media?parent=12424"}],"wp:term":[{"taxonomy":"category","embeddable":true,"href":"https:\/\/www.carlosyconchita.net\/rutas\/wp-json\/wp\/v2\/categories?post=12424"},{"taxonomy":"post_tag","embeddable":true,"href":"https:\/\/www.carlosyconchita.net\/rutas\/wp-json\/wp\/v2\/tags?post=12424"}],"curies":[{"name":"wp","href":"https:\/\/api.w.org\/{rel}","templated":true}]}}