{"id":12442,"date":"2019-01-05T17:17:03","date_gmt":"2019-01-05T16:17:03","guid":{"rendered":"https:\/\/www.carlosyconchita.net\/rutas\/?p=12442"},"modified":"2019-01-25T21:08:31","modified_gmt":"2019-01-25T20:08:31","slug":"05-01-2019-grau-del-os","status":"publish","type":"post","link":"https:\/\/www.carlosyconchita.net\/rutas\/05-01-2019-grau-del-os\/","title":{"rendered":"05-01-2019-Grau del Os"},"content":{"rendered":"<p style=\"text-align: justify;\">Hoy nos dirigimos al refugio del Serrat de las Esposes, cerca de Riu de Cerdanya , para seguir la ruta del Grau del Os, aunque no ten\u00edamos claro si podr\u00edamos pasar o no, porque el estrecho paso por la roca que tapa el recorrido del torrente es realmente muy estrecho, y tambien por la posibilidad de encontrar hielo por el torrente.<br \/>\nEn cuanto al hielo, no hemos tenido ningun problema, porque no hab\u00eda, ya que el torrente estaba completamente seco, pero al llegar al punto problem\u00e1tico de la roca, hemos visto que despu\u00e9s de subir por la escalera hab\u00eda que subir un peque\u00f1o tramo m\u00e1s, agarr\u00e1ndose \u00fanicamente en una cuerda, y algunos de los que \u00edbamos no ve\u00edan claro el poder subir \u00fanicamente con la fuerza de los brazos, por lo que hemos decidido dar la la vuelta y volver por el mismo camino de la ida.<\/p>\n<p>Tambi\u00e9n hemos de decir que como se v\u00e9 en el track, hemos empezado a caminar en direcci\u00f3n contraria a la deseada, y hemos vuelto atr\u00e1s para empezar en la direccion que quer\u00edamos, que era llegar al paso de la roca y de la escalera de subida,\u00a0 y no de bajada.<\/p>\n<p>La entrada en el torrente propiamente dicha est\u00e1 justo al lado de la boca sur del T\u00fanel del Cad\u00ed, como se puede ver en las fotos.<\/p>\n<hr \/>\n<h3><strong>Album de fotos<\/strong><\/h3>\n<p><a href=\"https:\/\/photos.app.goo.gl\/aKr22nVjKhLNj5Y1A\" target=\"_blank\" rel=\"noopener\"><img loading=\"lazy\" decoding=\"async\" class=\"wp-image-12443 size-column4-2\/3 aligncenter\" src=\"https:\/\/www.carlosyconchita.net\/rutas\/wp-content\/uploads\/2019\/01\/GrauOs-0074-285x190.jpg\" alt=\"\" width=\"285\" height=\"190\" srcset=\"https:\/\/www.carlosyconchita.net\/rutas\/wp-content\/uploads\/2019\/01\/GrauOs-0074-285x190.jpg 285w, https:\/\/www.carlosyconchita.net\/rutas\/wp-content\/uploads\/2019\/01\/GrauOs-0074-272x182.jpg 272w, https:\/\/www.carlosyconchita.net\/rutas\/wp-content\/uploads\/2019\/01\/GrauOs-0074-570x380.jpg 570w, https:\/\/www.carlosyconchita.net\/rutas\/wp-content\/uploads\/2019\/01\/GrauOs-0074-380x254.jpg 380w\" sizes=\"auto, (max-width: 285px) 100vw, 285px\" \/><\/a><\/p>\n<hr \/>\n<p><strong>Dificultad<\/strong>\u00a0:\u00a0 \u00a0 F\u00e0cil\u00a0<\/p>\n<p><strong>Distancia total<\/strong>\u00a0:\u00a0 \u00a06.936 m.<span class=\"totlen\"><span class=\"summaryvalue\"><br \/>\n<\/span><\/span><\/p>\n<p><strong>Alturas m\u00ednima \/ m\u00e1xima<\/strong>\u00a0:\u00a0 \u00a0 \u00a01.161 m . \u2013\u00a0 1.530 m.<\/p>\n<p><strong>Desnivel acumulado seg\u00fan Wikiloc\u00a0 :\u00a0 \u00a0<\/strong>407\u00a0m.\u00a0 (seg\u00fan Wikiloc)<\/p>\n<p><strong>Tiempo total \/ en movimiento<\/strong>\u00a0:\u00a0 \u00a0 \u00a0 3 h.\u00a0 51 m.\u00a0 \u00a0\u2013\u00a0 2 h.\u00a0 18 m<\/p>\n<p><strong>Vel. media total \/ vel.media movimiento<\/strong>\u00a0:\u00a0 \u00a0 1\u201974\u00a0 km.\/h. \u2014\u00a0 \u00a02\u201990 km.\/h<\/p>\n<hr \/>\n<p>El refugio del Serrat de las Esposes.<\/p>\n<p><img loading=\"lazy\" decoding=\"async\" class=\"size-full aligncenter\" src=\"https:\/\/lh3.googleusercontent.com\/sZzfoS5SURbdrjgFx46yWpJSQ0ahQt-r7tTTMqg25-LcHIWlEXqyp5BLYewNM3hH--kF9K7AeqlBa1ISKRfik3Y4Qoc0lRHnB2EmRdgpZJP7U8_va8o-L5mUY83aFrsOCr99CbtDYmmi72pCgkXg3-x0fK0Q2O4uV-UTewkq-s_3eCf1NS-kEkatMJgAGHgatZttBI2fiz13wJGp7sqecCZNelj_KHYZOxplJaFJFXc8uExhPRTaxkqmD8cobVKReVWp1DqQ5IYk1iIVP0XB_fOzfLohuGAQgVfc5DQvwB6D94wqEzXPN9ovii6Tx94hDU2_r1FKvaHoBjEEqitJeykhFoNGZPWGZS99_LF9k2jcCACB0KhWWaDyQ2Oa5v9zNEzzFWUKO-aRaSIuwk2mcOXSzpSqO32SgvTZsRgZ2ucfuFB2ES1DWbhGxDpSCB9U9xf-gxHsFvPV754BEvB9lFwt9kVBonXvglIybpWzyWDOgRb40Qi0vvWX35GqeLmkpfokNGIMpwB-WJcBRNiDSI9nxT6m2rmNL3zoxzLfEBIZ0r9i6Z8frTGt7W4R5m1mm1rS2Z_lxcamrS0FfTIuTw7o1Io80ShwM4eK_aLXzsQ_VByfHs1IL5HxGFidbGmwTeUVXexszfXAuhAo7RtlntLmLvqMOmi5cDTM-FwMEC3G2t5T8fuY5EVSWomWuzISlBLb-tdFtNhxEGfKtOI=w1024-h576-no\" width=\"1024\" height=\"576\" \/><\/p>\n<p><img loading=\"lazy\" decoding=\"async\" class=\"alignnone size-full\" src=\"https:\/\/lh3.googleusercontent.com\/tlZ6GCqylr0vXh_2ou-Zw5NSUUL51ta3DP0POkdkV1U48PEg6eRwukMImgMIH-ds7DjzD3ke9ZYzUmqmCwitrK13f-FhEy-WwnfpxITxv5friWi7vQwX6TzUACvVizYCK9iEGjC6SKqhRjrs6T8pzTucPuernQG3gZpQ-NHke52-L9MZEpjrBmQuSk1OIDspV3TyqScaMPuUekJ3BSn3dUzPVj4O_DOp7jmSN3bPd1vSlPIE6_uQwbzPcJtsMDMFLrxk9lbhY9COYk8ICt4OXZB74lOxzvc9FyntMSwOxRLhsQs9zQgk1UTXwLXBsXNkJQB-jN1aodjxfZHz0oa0SpJS7yb8iqxuWpjYkLdY2ykqBSmjTU361OqyDskqhihphBTsbX-emj7a-7a2YSlgiObethOOuJuCmtl_sbh0IQLVQyKxzfJ3jk3Cfk-5ilWxk8VrEmhPj9GicY2JTUsrwp_0f0qaMP7C-o2Kr80khCjsUeSYH1lkDBADtjMxAbwm0fx2xTayAyeqyGKdoz3AHuiiQkUwstoGYPbEfU-6-e9VbPAZfPnZaEpwdQfb1en4PKamQTXEEUA4AhFKqgux14Tjn2YA6XjqYqugSW0TNQViV-MgvQbSz9oGn1YSFWxdj4TUmPZjL8kpnuz5wUXRfaigX5uHKfmI9OBngjYEAQyoOFSXqsDAtAnK-tE8Zlo4g9ol-Pg_Qq-aleMJ3Mc=w1024-h576-no\" width=\"1024\" height=\"576\" \/><\/p>\n<p>En el tramo de inicio equivocado, hemos encontrado alguna zona con algo de hielo (este hubiera sido el camino de vuelta si hubi\u00e9ramos dado la vuelta completa)<\/p>\n<p><img loading=\"lazy\" decoding=\"async\" class=\"alignnone size-full\" src=\"https:\/\/lh3.googleusercontent.com\/t1uBVHOMyrRXfWVkrMChF3zLAVjsNlAFg2k2GqXZGqTCcdpWMtZOMrfySpTXxwoWKPQ6i8WM_pDzJ03C-GRz1E4EKA1pVTV1dN2DF7YbbTnalHEDoDnJmqKYQoNHY4rdOFHG6FEIbuHhGmVP3EEUrEpZcFmgVceenQF5ASaoLV9-GVpHCespGDjnSM7zTI2haBnjRoqXo-sx-MJuJDy6BCVDtxbjsKSBLHEgLwJX8W4YHahmny6uDAYiFXPhSqidBkfiNrir1OLOjdx4Y8f4RM1Jsrjf1ClKMzDPsLXDPRVg_OdWzJhmerZw42K2ECB1ApjiceDmyplyX5L6NsXnUvJjBwkuX6OHPnGDnngh5Q6ndItGB4uNkwFHWFBcBwI8twm2S80uu7xJlL7sHcPasw2f1qDEttVnK-midCBnsQTDTQLaaB8Bg9wVXKBJqYjjdfEytRqxdfB272lVMXPkMxHp7Zg6QJXS_pi-EWXshkL_lShCYNqTpbG1AK8J2SP7BFxNyVJywReSoQyjWMWOOnuOXBIphBjSilkMUD61lH7JQCdhjlgq4EjKWMQCMdA4lmvSE7Uuw7vGeGL18Cfj7dRpzi-2HhIBkOfYVhtsKtFFnzZUR-QJaQwG0tKFgh4FtkT0tAIL3WiBaRoELyxzeCWq4ZylCII7HZT9TDyU9qswkYA1fUnNBX2ep1-dQNbQREzFL77SVYwtKtYLve8=w1024-h576-no\" width=\"1024\" height=\"576\" \/><\/p>\n<p style=\"text-align: justify;\">El camino correcto, al menos para hacerlo como nosotros quer\u00edamos, era retrocediendo unos metros por el camino por el que hemos subido con el coche y despu\u00e9s de una curva bajar hacia nuestra derecha en direcci\u00f3n al pueblo abandonado de Canals (ver track)<\/p>\n<p><img loading=\"lazy\" decoding=\"async\" class=\"alignnone size-full\" src=\"https:\/\/lh3.googleusercontent.com\/7s1Mc2FDSJpy484cRAeR_hwiXQN86dvfIKBbJ7aTuQtXyw60xY5D5GGwcspJ0nbet3iGszzilQVPp0G3YWrhijY97tDKYeJxnpguVJSICUAgK1uNyIWLBsN8I2FkQA0uXo1_FhDDQNE7Yv6obu6DhxjBsYF7e8bHZMBpvULVNRkv4Pw-4nywyqZt5jCjm95D46DYEc4nJFJjXr0dgYD0kX6dzepI2t08Vah9RT6A8b_WZi-sX-a_dcHb50yBRFXhQL8Iue9zZP39zIONPeml34MtC59x81dTgMhjafVkiM4mi7J7q7ELgVMkbK2Bf5bIdg_2hJvTinIkXizbfb03FGdLvQ16w6bnaljmU0LjW7sbdaWZRg3OBZhuUGZGkN95tAWsYAJ_8QCj4SqvGohuXF6_qlFwYs5AVZpRTCeHlWidP5h6D7QnnSy07gXBCz0Wnwq6v7Gr9MeqGbrLJfux1bz5yWK4AJNNhpldlEvJqNaQA9MtsoPnlo5iplACHI8g8-xS7k7ELW3msGspzWG5f7FhVRfjUcu-hJUQgm7SSWgNLd6D-gIfcq-NTTknTZ12bNPq8W6Otl8-qHkBfZjz1WMf6oAkhMz9aogUWtp1UHrvluMf9-lIIqKacYAe0TR-59cqg71QBa9x4tSl9jNqHsODZ3anmLPZMX6kkBIczkxlR_mUQgXRaM3ZqmS5XTFpgibPf8iCVeA7GQHHJQs=w1024-h576-no\" width=\"1024\" height=\"576\" \/><\/p>\n<p><img loading=\"lazy\" decoding=\"async\" class=\"alignnone size-full\" src=\"https:\/\/lh3.googleusercontent.com\/eXAZt-0tjkKzPjlJ6AMNORTBCCZn7kwoapj3PKjw0ac7ElVHW_FBQ5JXLezH9MYLLaNl8UBpanVPFSV1unG59JHx928V77CPRkHmX7WACXNvOm_1hgI38vGX_tfvueLdazDwJ2ikYmW7fLdd5GsWxwq4120qjlVwx6_82OGrWFsz8Pm9OJdV0sE2Wj3XC6ASPg-REKU8yQunK7gGnHoU5ZvqxZfIB1SKKn0cFtAUTaOyfSs2dNRTj1NRZ9LAIBnsmqDGPsg3Tr5eyv5a4ldggC5_gglHfcsItefEQvQn912uKbSqaYITQwJmIgn7Jj5Sdtkhbe_Gg_mIgqvGTUjNxaGH6_YPbRrhcldTOCUqNQ_h6ddNqrOezxhbh1HctcH3V3QEKm_IVUbz0DB8TM6nJNJPl74eKDFMB7E9gtZrZQiywMnDBQJ9KgHNaca_hG7HTJg4JwrQB0Z2kD-eWOuOdh7XWkNJMSfSIw6b462WF85bsj53_fLxmMgK8As186q7GuBT7XTB0n5z2PSsjREq94kvMbn8aHs7wU0vo4Hzmm2Z6s8bnc3uehVwUSzHqK9DbO3cyaCz2Ka8cwnngMd-ay6udL0I1dcQ6RT14D8vI_8VhVE7KSZdonMENKfOG7nZyDRAtbqD4iYADbVOxDFSIoSpMgoFBRxvm5xTSuP8iAZZeNChXYOdu1rzBhYzvt_V5WHZqKf5Vbh7n0_qAkA=w1024-h576-no\" width=\"1024\" height=\"576\" \/><\/p>\n<p>Este camino va bajando hasta llegar al lado mismo de la entrada sur del T\u00fanel del Cad\u00ed.<\/p>\n<p><img loading=\"lazy\" decoding=\"async\" class=\"alignnone size-full\" src=\"https:\/\/lh3.googleusercontent.com\/V91OA8LOeKnd1RD5fa4K-YLPe1ImAWZRgzmbla0W4l_aIHZqno65-x4li1neSwDk82SFeoX4HhNaSmYLrsVO0OjK8BrBvKqjyky0z4tUQdA3N-SFoiM6Fuc9alqVLGTubA57Ctu8vEu60LY_ita59n7fF3C5ZWL68UBiwZLqt28KVfiCYfRxhTe9F6Nat5pBPtlfh92sYJO23CtYOpGpZDIqNt4IRuInsFRBGMoYsPnCpp45LRs823RD_QpisGNUZMKebohbIa0L7JW97yGvO8OM84ElQF9NO7KrZn4DFAe5vAt7Fc81HOtAXhsH4GF3zJk3Hk2oDZyyragsCQ3mCDu_XQ8UMxkmGdrCJx18bZLAAQDz1SUMejVDqJJzIQQ-wgW5BVAN8hb2jsLFeAaJU9L1Ri-B9Xebu4-ymG-v9zZNiA3g6WB_sQpwtLVXpXBIs9nxYaOdUb7hfruVpcwCtDnhXeqEdyY_zVRZbp-cxvQ0ux2e0pPjEC7Jplbg4F1nSDKRBPAycsPhBZLdhnPGu8twI6cWd_KPDM3KhBuGGTfI3pXZ-uV4M_rqkUn3X_SXfDY1rOyQPLkxqfoeOvaf6zqpBKa-CHXHdgILdR5gZ7YULVTEfXYWjFFMYnvtk5g64KW5lmZBCmnC9mSUJiyyXoEXrlN9lptX_7xWrAw7wvDo-Ae3sceiRYAYjlFoyrIQ8021QJiglbcAQ0aOvVA=w1024-h576-no\" width=\"1024\" height=\"576\" \/><\/p>\n<p><img loading=\"lazy\" decoding=\"async\" class=\"alignnone size-full\" src=\"https:\/\/lh3.googleusercontent.com\/zYlTNeaUvSXo5m1xZ7VIAz2cg56_Sxw8nPdPYaOYJ2-RUwEFelRiIAB-XtilSnMASWAu1zFJjsnIb4vIxHXkDKKGwKRhAYU7CQU9vCWlCkNoKvypYC39BhuLqamsQ7Iiz9tsE6nj6lSHm-mHc4OmLChTMZmJKbLImFPNvl4jqxA8nr3B7t4oieUCp1D9fAKCo2jY_3vizldA2w--zS-CQcCT5BawDsyYdr6PcRObVZ-Khu6nzvGFRyMtMpaxhwh_wnw2cSD16HAcU5Ic_dK1I0HeNkNBL_eH-f15mIR--n45qxVioWo20d6uaOyF1ZL9QG51wIcg6gY3EsWX1wnBAk85C5dVtl3xBFozgjLRHplC7wmglMYuTPpfpEk972af_CFH2WkW31s9aFNFqxZaS-4kv_q6i2HR8KjBW7_r-JGh5nBL2_64BaMP9QIaph7pH2qplyn-A4UNFG43ICcp8eyFD2deLZi1NarM4KBFynJZTVexVQ1g7tTW_s1oavfsAC5xZtyAiSkbwIvRRIxDm-sMdHfKRgcJyjKBjS8piyWgGH3E0qJWgvrLj9mYb86MtxfD4Rpxj9dmIf1kl-agDh-m5hBhZ2qEq-PVPt_IjG0I5eaB8EQEexXtOiQ-QzdrHNvoWQnCIT_dks0ZDkz6OGZ6R6LiUWc9oIf4JYT_Rbg3PaYZcSRRcb4fIsClpEbLM1qNPKuHLBt2H9rxVpw=w1024-h576-no\" width=\"1024\" height=\"576\" \/><\/p>\n<p><img loading=\"lazy\" decoding=\"async\" class=\"size-full aligncenter\" src=\"https:\/\/lh3.googleusercontent.com\/RnaFw34Hk4IF4LwWwHOEIfjfY_7gaR5-g9xuoJHLP39fooNh2aVy4Khayr1_IAcGAHSA9Fc6s6jy-MKh7qtq73Q-kd2mmL2Bzk7iMyBKvq4-5sOlDK0m6k1OfU3D93YdYufscF9K3dH9cXlyfrnIfvGgRjIN2drZj4PxDLjVjsJi06pA1BdW13xtGv3MfZI8mg3Y7wW5sr0mT9gEqRCoSO2qv4cMmhSyvOcX1dM7jj0X_6_P6lou4F0XbSNXw0iN80Nqm1r0t8spOcLN04qeYgzYRMbAgFZIMWsr-F0dqrWaVtAtVIyd42sJ8l502mHALpSZtg97WpIkyIVIGZsLb_vkOToJyP3wndghw8gbtbjwonuyAXIQpfXpFDzCMSfNCYhtLCyn_L5eW9_Nv64JNaIgWKR5G7ikB-IO7OWp0LSVc0lNjfwkWAfG2e1qVnvPkEd13bynykD-hXIB05kJBdiEab2Q6GdB-Q7ZkYJyRXVZ8_C_Slwme-i01r9lp0zRo_Ct8ReiRCPVZkFtnKfcO3RZFDuF8LM4ZssNLtrgYCWn9B_yn8bTRx1MZ_t7TBurxbx9AJGbye_4TIWZryv9l8JQbj7J6FTrnolyGRfy7C1S5HFJQjZIIxc-_yYB-dOWT_RE87grZhDg_0CJY8D0-wauVgBNM1_VSHsZRboOa1nOcn43yR5eXbGSmptU-EeoWk5wUbHHAdVW_RPQTdY=w1024-h576-no\" width=\"1024\" height=\"576\" \/><\/p>\n<p><img loading=\"lazy\" decoding=\"async\" class=\"size-full aligncenter\" src=\"https:\/\/lh3.googleusercontent.com\/w5ASpxv4RCfx33L6JbQkgQxMuK_Y8IrfU-XK_66XRAm4DRmFOUelnOBcY1-ipwFKThXE5Cmu8iAWiyhzt6OGCDF_7TdIcY5H2cF9qLgplm6NKsOzRz9YsdekBo9F9w8gs8TMvrV3hOZVWio2xA7Z59H2Qg-jFRXAMbUDvsrIjnn7FkLZHlAMyGcPPfSJXJEt_Vg1Cu_NlcBtfRl-aTsEg0kkBGXn7SQrqKSI_7fKyc3FJtJ26n_wZOXtcn6CL5Kbl1Gfnz6MK0PTPoKUK0CdKXQe9OMsTz-cWP1OZmXiP1-IjQTg1bVeZPeU2MZxuVGbpIHkSckSK3JwbHSxo40yP7o_dIToQAe5ld7H3k2-xWF3vZ-Q4zjjleHOo_yhHkt4uDh1OhjWQ3riD10p7eYezYDZnrjoBaWUxTByx36Iol05Qd8VmROGi9ai6nZs6xyONs2659rwhBkcITpTLVaU3xEAP2uztVClieckP4IzOtTMIF3Y0ATDTIxaH2Xj5mHPaFfQxeKOji58lbM16rZZbN5qYj8s2KBwRFoeKi1ppcHcooV1bspOOqsCBwXVd7CfoFt7GejSICzPT_cPVwiat_HpNAdc16UFRWY4P9WWTQUclI37P_bwYIF6uGk25lXAhEArHUX1s-e-mp5s-ID2dtCszPGuCwkGv3_rxiG6xySX5E9tnJasO8Iwi4Fmz0JN-UpgWl9C2bNpq5OXIoc=w1024-h576-no\" width=\"1024\" height=\"576\" \/><\/p>\n<p>Entramos en el cauce del torrente&#8230;y\u00a0 a la izquierda, el muro que nos separa de la carretera.<\/p>\n<p><img loading=\"lazy\" decoding=\"async\" class=\"size-full aligncenter\" src=\"https:\/\/lh3.googleusercontent.com\/vpLantHyGD2K-8ua_meI3_vKydjuwJkoW8NGLMPGG3OB9ginKuvA5IUgHOpLtWSi3vGEHRFKwAi7F6tXuI4Jxi3pVHc8nEQ8qifNPmr7ikehfY1nLMZu1ZMtHQI7OffaZAayMxeq7k3kLgkJVatSfMoQq30UbicS-CUHEaq5g2qyYt42pZp2OGwhNTvZ10kOuMzi3nDW5TanusWUA8sTdfo2-3JSJHtdbOKbUyzb6cHOzRx2NOC9443jvX0wObJKWGSHn5WMLm4xlYlz4ZLxWEBKVKIKP7pCzwcetoNCNesyqaqXEwEGu3E5iuEDxJnNPRqb3iwYhysGuLIpq2uirPLVu7Tq4kH5xtF3_6uaOU3-1GSmxZ-_o4YFULgWgOIq4Su9ca-MaflRg6dQ3825MfBph5yQbBBUth7EsczMI5wHMgzgXrjOPH2akYVd9ulaw1vPdd7yyWfrF47ufuPk2PnFzNUmqXrcoHrHRppiWvWB9uAGjo1z02WfVR8NG9n90Hv3QinRLt2vdGxYr5E-YHmAjvwTBpWnn0fAbnpPKvCExlUeqSMzJqhfVDxsphLJROaPwEe_-C6T-sidDZ3Q2fRRwjU2WAXWhg2ZIggHy8eoPBN4yed9hbHEYGAm-vRgmVb4OyrONIYoyFVeJbD7ZdNCotOvt3ifeD_JcarirVXgAK-i2GDWBYnfjJn-H3YTOjESzSlAkBHkzXzKKY4=w1024-h576-no\" width=\"1024\" height=\"576\" \/><\/p>\n<p><img loading=\"lazy\" decoding=\"async\" class=\"size-full aligncenter\" src=\"https:\/\/lh3.googleusercontent.com\/OkYRPHi03GmfXiW1bpPiqBBGM1OAOeDulAzYmhQxU0PwLrIUbA3FXednWxQdCitf1WP3KRbsLwozPOZ3Dop2hBXaTby6zyH_5RB3PAQgIoW4RKXPlo9c3c7r7jSMYiW6kMhulDRaELVUec_ZxgyjEzM27YGaqIR5_dPFSnomaPdy4jtn7QjzaXa0K_hoFPIsUMXIo2YNwz-j1RTkR3w7Hb_QOsGBQMuB2HLuA2fSOgj7iCLPjANHnCC2aMfL8bLPFhP6ksKAA3MKIPrvBINr8Uioy_2kjbiRyVQ6NRyjH1azDsnRX4toB2Bf0vK0eNi3M70560sz0QnzaV4K6QZwfMZD1mUQCfVjghIoK0nAf0WirBEwR1l_wWalBl-toFjyEuLhwpWVEmmyXuegzZPu-WVBLrAhmiCUF7WrkCYCkzJSapZXW4IIl7N7kWqOQIlKlPoCNXjpVKrSXVtiMYmTktskAs1IeouEfuIqKb9jxf_VCzx25L2XZwdZoPCaU0dg_wGK8Qgnswrqym133hN2qYoVkl-d5nQ04A5ZvqkxTDTEuWE1ru7jF2sGsberK3hIA9Kc5UFpdrXo5M8dMekjM_PkWjJsRucrvA6zY7kzKtAYo4ajbqLbiWxr4d7WpF6PVRDy9rJXPGvo4eawR8a1EmZImUErVraPWd6zUbmzRhQG-HfmQSNvwW8Pvnknn8JDx1NLvqqEz0jvDB9Kgiw=w889-h666-no\" width=\"888\" height=\"666\" \/><\/p>\n<p><img loading=\"lazy\" decoding=\"async\" class=\"size-full aligncenter\" src=\"https:\/\/lh3.googleusercontent.com\/gMDGQNhcjyZSuYzk0sAgf3Xr3WppkZdHkg9MeKzbkMxkmTnafO7Opt4o2reaJhdK3sDr7Tt-Z-TVkivzHNOHFaziyHscoeNUvcLTSDeXohjOMIK8VL1XFIQwqkls7P-QYCJGCo_G4oZQLOFIHPT27hd7t7_IYU5EOVDIeD-P0RR1NvrHIHSvgPDa-Qaq0tXSaZuzMi1NtO611tdAkWdXpVTH-24Sp0_Yz0V4pTO9nuQxH3ab7MsdhdOBI6VBvrvHNLFbd29kYNnkLEN6Cj0skHxJyz8GdN_6a72-jf-TAPPxz3KV0ile-ppjfqOv2NFg8MhR5DIBJDGHISNp1aT0uLmGv1Tfdcf2KNvn0FvDTo7PQkhCQgnVlc_md4-MiQ5_gtvY7X_wMD4ygzJ6FyYlSzXBjDzveEh9JVof_gUH6YRrWb43e5iU2YjiC5bful4XQG_2J6gmKzi3MM2RGTnDo848Uyn1x1gKlt5XBA_Ug8FtjQBtYQd_OaGfHIAbx1WxPlesNPQZlNcwoxmLe-mrAY3XxPXdhU0m3Gd7HDbJO2MyQ3uHtFtaql2tgm_qInuATD-xuQ3kZkiUfh0aNyP3ByOBw9WsiV_otkP7ZD8v7lWhQxJgcqu6-LsuSRo-84zEkWokgvyydICQBTPzaPTpFzQhhnHMt4XseQcd4i2mbUzHohDeqssZIPoV4eTdNF0Y8Roxga34JKsoThPVKHI=w1024-h576-no\" width=\"1024\" height=\"576\" \/><\/p>\n<p><img loading=\"lazy\" decoding=\"async\" class=\"size-full aligncenter\" src=\"https:\/\/lh3.googleusercontent.com\/8sYXzrEk5yvt9oATyCur7UWKKNmBEJAGANGhR0EGKOPAnAjrq1ykFiWaa-REwn6358GPYNSeWRnYX84HOzIEGRV80NgAToVhvTMpQ9jW7Jm6ikqulvz-ZiVaRFpaEk8Xf69vILOZfFlIO7OjhjPn1A0jatvJxEPU6J58ymTmD5FxcseiCkS9K3pq54iorf3MlNlg8knCc1irgVIOgmecwTKpZs59B90fKq4ptaCLr7mNaqbv0DwjziANoxiK2AzFDSbMqfmrdbZbwgPCnF47CME8MVJIMXIxT-we95D9YRYiVBGHnc_VEwa8PvBdQM76EyuI8ofWy_YDx2gh1rd864lmZdldin4M2VusgxX-57ViXO3qZtXqkkM50PV1aZVbTN0729uMQL9vlfo4BMqZn92aleUwv21XbLozJSQ4qGxMWs-UlxsXRaZPaKTVimf0q-6nExHdYWMFZ17TKGmW8kRYADx0-r5dKBJS438zGux_3F7rdNnRGsz1LZavSODLrSnV9d7IzXwz4FJ6naDze1YdvSIzzotWXC7_95XAnT0IOo9Rjppytuejb2ovDJeuwbpGjUlccBdrve0qz8xjPTErhNg1SgNEaZPk1jr9Dnl94ojitHBQA_fEODnG6cKvbr_Tf2HkKQY7EJIvJqXxeBWQKqN9Uoa4-19m3SKVFtjOMZkOz5KFB2fBlO_KXF2172bHAdDHYopiHixqP5w=w889-h666-no\" width=\"888\" height=\"666\" \/><\/p>\n<p><img loading=\"lazy\" decoding=\"async\" class=\"alignnone size-full\" src=\"https:\/\/lh3.googleusercontent.com\/naso053CgzwOkqrUHIixcJe_N4-nJyu3XQxq10DSZWCxIQad_JX7Ht6W55JH1hzkImS7PuHy9OJU_l0L6vqk7TwbqpSsiJJKrwjriP3aILlf1OV-2QE_lgUm2KJV_uv-DOAWbbJ7svMal2awEeDMdFtGG5WpRRwMMmrio_1NStAwa50bwWaRDWGUEzDFS3E5KPyvgcRwbjPpesvVCuQdjYpQup8Z_giarqlWNDmWwlUyTOG7E65tttXCWv7ZgN_iFh54m_9PDZgh5LZ_O9b083qdm-azRpzLKVpd6Dw4Rf_sadP_oppbSwaIwfrzPcpDym13PKrC01TAVkPca05gS0Z4hZhWJ0HOuAKRVan3J1L43CandCLe9SN-He6hmR8bnoz_VK9-iTWG9vk8cWKCyJqtEJfdBlsM0IAqvKDLZ0LVZpnBaiKFn8xJv2vWULY_LDsgAMW7EmRxwAI56yXhNVUv2sluzHEpSVsrDj06Iwrr64irWFFPgbkVj7ytnflaEZ_2O3eahASoW8R2aMe7hgpEdzNtcI48z3vj-Sz1NmNlwwIuRZboXDzCwQxI7O6CJC0GfAqqJ9rKVUJljIT8eDbkRavGYb1TSSAhNOmzJTXsRgKSNfcgzeCTcEKhlMHl7unu2ltu976R5kX6cIQhiTL-KuxoWtzdDNy01t31gIqQHkT3nTM9W0stgJowBcShoLVrynbdh8q4U9VM8TA=w889-h666-no\" width=\"888\" height=\"666\" \/><\/p>\n<p>Llegamos a la zona peliaguda&#8230;<\/p>\n<p><img loading=\"lazy\" decoding=\"async\" class=\"alignnone size-full\" src=\"https:\/\/lh3.googleusercontent.com\/Y7fACf0afdj4kRZGoAlL_Fx7beFC8mUKaDvfJySu4Kt9KJPCePVLj67HIIAbZVCHbL3x2feNML7RagKtswi-AQ-FQYZI6zcm5kxcjQDDmpjDlrYp7xIzW4sf-gJFz-Q-KbFX5dbk2WFfa7eE6x22pr07et-JgTBDc8mTafHUNt1wBlFUkvIZ8Hp3qn_hcxm3TpDGeCVp9ETBQ9qP-C_7xH0F2mQfWX9X75vWSUtr4YfdeUuRMLmQUSns6n-6BO-SvqUVEinGP9Q5QTYIRnwWZZ-7vKXApJdBeb3d2OBm2AD0uYidVgzkzkEN897a5GdJRvjSf1hj94PdGfpCTUdgtP1Mpt2bfTa_x1J7DlJtGa_IFyQ6PJRscyMdToHi92mxyciPlxzjiUoo7qLh26-IpTixBlbPMoES-Rb7XKvHWQitmPAMvvLccuVN0HPw5seDYPyXb1waQTLP0OGPRs6-2XgSuoPc89DwhWq8i3QmK-mK7-ONKXD4FnYulBTTG4iNJV5ytremxBcdT-CVU3QWxmM3Ylihkhmpzg8-irpX7Q-5OaWfLp4JVEmcHzUlvsaiTx8FD_UfjUjPf9upzrXA5U_y73BJ7jp11Xhjt_rXCeCPXS3GCPOEYjW3tf3iZQ5g_j7zw_xwj9gplN41sCiZeolf3Y-PT84IV1yCCj_q2pOyuMTg3Ed_9tjHiLC0RQBxRFsLdItcTzjUsK6PRg0=w1024-h576-no\" width=\"1024\" height=\"576\" \/><\/p>\n<p>Como se v\u00e9, el paso es muy estrecho,\u00a0 y nos tuvimos que quitar las mochilas para poder intentar subir.<\/p>\n<p><img loading=\"lazy\" decoding=\"async\" class=\"alignnone size-full\" src=\"https:\/\/lh3.googleusercontent.com\/uiJIppAOep6lewaBlASvU_i2Mu-Se5c-N6oubB2ezXx2Z4a6CtlNtcqEaNRa-N_gjawiFxTcLUmwbf9JAvp1zueiOlbQPHaGGO8HuSHWI7BddPnCK0iT7ifCGefCh1AqqVXOcvzqmPNY8InYkf7BWm7MK4SnUMiTtXPlB6qSMI3-VI23K56FKfKTgJoLkjeK10ym52GyOpr3TqzDkT70UJic4uMKQEeoUy9BBL-cGE2IYtYJ1RmFmftrMTO5hEK7LLkgw909Sd4oFpH225jl3CI6Byo36x9txQ40oUWqzgxqeb-BaPntUI20zORXn_7rr4cWshUNu1CVcVvLj0KaDSl4n9f-RiNA7uY5ILobBwzY2jgAhUah0S0tQSQX8WKtNlMDeGnAGi0O_ZBe3B_QqduDC9NLAq-1R3JSam1A_WwMA2oBtI1BdXUNjIbg0Yr424S5_-oGFdANLWt9FqltnKq8PSjjo_jfRZusvFUy-acyUQJAsCbgSEZwla_eq1ge_D1qtVG8B2n9njxKx3cD1smS4WfIPQKyrO588p4u25rjmu7cgg9h1CuGg_KEEt1oDp8gh_c3vuob_afF0DIbWLYAXTcF3q1bt6nS6_22D3qPqITPgHHv2TfsOWInDl3CqE6Iho7CXOklBiNWVKGDbGAvjparn2fzeKIGlkz_xZMYvuOmD6llUlPLiNPV0yFvVaG88RYA6dATiyNA-kg=w889-h666-no\" width=\"888\" height=\"666\" \/><\/p>\n<p>Como hemos dicho al principio, decidimos volver por el mismo camino de la ida, y aprovechamos para inspeccionar los alrededores&#8230;<\/p>\n<p>Aqu\u00ed vemos la zona donde fuimos el\u00a0<strong>\u00a0<span style=\"color: #0000ff;\"><a style=\"color: #0000ff;\" title=\"Permalink to 03-01-2019-Alp-Das-Urus-Collet Jovell\" href=\"https:\/\/www.carlosyconchita.net\/rutas\/03-01-2019-alp-das-urus-collet-jovell\/\" target=\"_blank\" rel=\"noopener\">03-01-2019-ALP-DAS-URUS-COLLET JOVELL<\/a><\/span><\/strong><\/p>\n<p><img loading=\"lazy\" decoding=\"async\" class=\"alignnone size-full\" src=\"https:\/\/lh3.googleusercontent.com\/isXV__fWNfCUphushDxuEM7HgeraNI1kqDr-iYewm1eR1yEMjOilmWwiNK8dE5z9lbyywhiH0olm-O6m_8LvYt41p8Nzhlmmqvpmjwwb1qOTTm8yI2j0H4zpmGiyhtgTvt387weuoyxdd6Q4ardnxWr66rMnh81IgveMnsZxX3rTV3xuebxHLC0wN5VPf4KNueWmw8UkCXUrTsd2L8zogU22rsIzPXXMHEMbyw8DPLGDDH-jaRv5d0KIjobpYx9d8jytJAwhkmNrOR_fELDRRaU5IKa3pSpI2BRrAEZZO81bMEDWSn2G6SFSL8KQammxD3S2GEwd5eNY6oJP-HeZHvyKXXLxkpGosVSq-dbEQfb7tGlKYCrM5h1DSy2KhtMkyaiI0qgLsjB_3hc5t4q5XudUUxAGTl93uqzy-rdO9wCK4m5es6gTNhyhssQr-bErLBe04A55KpHi2YSRI_oYTU6XcBFFuYZgD-jctNlyl4KhGWCWyM0BtBOtoVbikrsSPOQ_oh0E7YD9q_PUgnPjvcnYaYuIrENaeM1EYC99qbxQrMDIxivNgNou8uy5Cqxmkd5vnl0VufHHLB9WG1CQjFoO3RtTvicwYO78BErvFXLa5M9Xjt4r8JMpKk4fUQAc3mxsyqkLfQ-LhiUhzGB564Qkkg9c3ACDfynDKHF9SsNtAdxlKILUc2-yNBowxtLajhmk7ZoYVJ4XDbGMqGA=w1024-h576-no\" width=\"1024\" height=\"576\" \/><\/p>\n<p>Aqui vemos el refugio de\u00a0 \u00a0 \u00a0 \u00a0 y el camino del Mal Pas, a donde intentaremos ir pr\u00f3ximamente.<\/p>\n<p>&nbsp;<\/p>\n<p><img loading=\"lazy\" decoding=\"async\" class=\"size-full aligncenter\" src=\"https:\/\/lh3.googleusercontent.com\/HkwllUrEp_kNENcVYZEiNa6AYMcVrQQ62MxwIFy-Mrezkpoj2Drdzmd3wcoVNbF7K5YepdoRYpOy9wQM0nR4L-yMaBhFmfIi-WUIDooOv7xi9iRe50G7nUS6GgBmTYu1H2vdbX9oPoXVv_x39eIjna7tAVj-zAlyjUUkgUvsRWJ7YJ1-cCpUvCLDa1_3jn_5eRkzuzNzMMRGgq1BwqfZEUtK5UQQ_OMUoOaU9UZreWc-NZFQFneC-2K7wGrTyl1kUg1pzZT-Wg2lNZVcYPBO31MxgwEKEu4JLQX9eaV-TWnhrPp2nBOahlk3aTiqLm-qtIg0cupSqw6qVp5n_hEyyQflO9jGKqhx983kAu63VIUTfAQvD-pwQ_v3UIMw5T1aGifTw-IjZ60s5dWuxt6Bqo3SvhSJLqoA9GvKpBmZEIMCKR0IUE3oboWjPHomcD9OhVtm1krxSSiFxjK_3dgfA3MCTofTvTi8Xcf2BeCn7iDK1l_HbxGeRqseaKMukaAme5mqzuiTrpH3iJgsP6p5UMQ6pQEsF-BmCpUg1GRa251VVTvNJjQr1mPIuXFg3FG7jqy1ZMKau5zwECJYotQFJKCqQaJRjAgKoHyrbu_0b-lAiogUF6uDL6epl70o5P1tcHkkOWLSfgSk2sk0Vyd0myy9PJDc99-5szR8DGCltaB2MQUZiCRj-zE3evNHOZ7IWFc0PKl8g6DTAdH5KZo=w626-h352-no\" width=\"626\" height=\"352\" \/><\/p>\n<p>\nEl refugio, con bastante zoom.<\/p>\n<p><img loading=\"lazy\" decoding=\"async\" class=\"alignnone size-full\" src=\"https:\/\/lh3.googleusercontent.com\/sAl6KChQBteiqccRdT-CSHEICxkaIL36jQQS5zM_xSR8U2_FPfyHlBtFOCFoMKz2ZmTaTx6-UOe0OASAnT6tOSdQIVpyYDG_Ft3vhe0m6rqvUIcfoh79PXHZrMuD1fGkjrFtwS686fvz4onM1ornqqw99tfgjMtmHBMwtFQx0GsjM71q0_uUnvOsDiWbX_pLDtYLnaTLIl8ofMzoSUvtag5mD5_n8aLGUZhrKAGRoduMA_8BNqvVtWhyhqdZF5pdAd80tvp2tyO69u5gPb0rombAJcHQs66nPsoci-hlT_Hpb76ipl6eAONXi-CsbaEhkJ4IHMxG2D-7ESwNV0MLbRpx_TiMs-mKJp6zQZ13AUC21oG0kRSzqkPn4HbZoHSdKv6eG5TtSz1B5SPgwWA3Q848KwXZTWv8hU8l15PC6SOHRKfjjsNQhrdKNqpqqQVePyP4ZGmC0uOggHUwQQgOlEV_8PLeTkc5aP1FXxu1fjlqDyfFAvd_I6k5ZOSCcvELn4xClaWs0S6dp8N6AtBRplOPee0SN3Smapi1Q22URMSgBKPVdI_gCRBxJ6YK2U9I4Xz4CGd34DNUwk3aKeYhNY86xfu9EXbAbyT0qxfGca06KF8ofLyjJf5YVGeFKCDDY1ywXPZYyYHASWebuROi8WdUIl1y7O2ozIcIYzxRhmu1YSurYsP8dvL5e11xpERbuP4Cj_lS7DfdDRJiYOw=w1024-h577-no\" width=\"1024\" height=\"577\" \/><\/p>\n<hr \/>\n<p>&nbsp;<\/p>\n<h3><strong>Track de la ruta<\/strong><\/h3>\n<p>[sgpx gpx=\u00bb\/wp-content\/uploads\/gpx\/GrauDelOs.gpx\u00bb]<\/p>\n<p>&nbsp;<\/p>\n<hr \/>\n<p>&nbsp;<\/p>\n<p style=\"text-align: justify;\"><span style=\"color: #ff0000; background-color: #ffffff; font-size: 14pt;\"><strong>Si te ha gustado, comp\u00e1rtelo en tu red favorita o env\u00edanos tu comentario.<br \/>\n<\/strong><\/span><\/p>\n<p style=\"text-align: justify;\"><span style=\"font-size: 14pt;\"><strong><span style=\"color: #ff0000;\">Muchas gracias !<\/span><\/strong><\/span><\/p>\n<hr \/>\n<p style=\"text-align: justify;\"><strong><span style=\"color: #008000;\">Suscribete si quieres recibir un mail cuando publiquemos nuevas rutas : no enviamos publicidad y como m\u00e1ximo enviamos 2 mails al mes<\/span><\/strong><\/p>\n<p style=\"text-align: center;\"><a href=\"https:\/\/mailchi.mp\/6989c83a3e24\/wmv06rtqcz\/\" target=\"_blank\" rel=\"noopener\"><strong><span style=\"color: #0000ff;\">Pulsa aqu\u00ed para suscribirte<\/span><\/strong><\/a><\/p>\n<hr \/>\n<p style=\"text-align: justify;\">\u00a0<\/p>\n<h3 style=\"text-align: justify;\">Puedes imprimir esta publicaci\u00f3n o guardarla en diferentes formatos :<\/h3>\n<p style=\"text-align: justify;\"><span style=\"color: #ff0000; font-size: 14pt;\">Para facilitar la impresi\u00f3n, se ha reducido considerablemente el tama\u00f1o de las fotos, pero si deseas imprimir sin fotos, aconsejamos guardarlo como \u201cdoc\u201d, y antes de imprimirlo, eliminar las fotos<\/span><\/p>\n<p><span style=\"color: #ff0000;\">\u00a0<\/span><\/p>\n<hr \/>\n<p>&nbsp;<\/p>\n<h3><strong>Enlace a Wikiloc<\/strong><\/h3>\n<p><a href=\"https:\/\/es.wikiloc.com\/rutas-senderismo\/grau-del-os-32514548\" target=\"_blank\" rel=\"noopener\"><img loading=\"lazy\" decoding=\"async\" class=\"size-full wp-image-958 aligncenter\" src=\"https:\/\/www.carlosyconchita.net\/rutas\/wp-content\/uploads\/2020\/09\/wikiloc.jpg\" alt=\"\" width=\"117\" height=\"34\" \/><\/a><\/p>\n","protected":false},"excerpt":{"rendered":"<p>Hoy nos dirigimos al refugio del Serrat de las Esposes, cerca de Riu de Cerdanya , para seguir la ruta del Grau del Os, aunque no ten\u00edamos claro si podr\u00edamos pasar o no, porque el estrecho paso por la roca que tapa el recorrido del torrente es realmente muy estrecho, y tambien por la posibilidad [&hellip;]<\/p>\n","protected":false},"author":50,"featured_media":12443,"comment_status":"open","ping_status":"open","sticky":false,"template":"","format":"standard","meta":{"footnotes":""},"categories":[10,22,41],"tags":[],"class_list":{"0":"post-12442","1":"post","2":"type-post","3":"status-publish","4":"format-standard","5":"has-post-thumbnail","6":"hentry","7":"category-facil","8":"category-de-05-a-10-km","9":"category-cerdanya-sur","11":"post-with-thumbnail","12":"post-with-thumbnail-icon"},"yoast_head":"<!-- This site is optimized with the Yoast SEO plugin v27.4 - https:\/\/yoast.com\/product\/yoast-seo-wordpress\/ -->\n<title>05-01-2019-Grau del Os -<\/title>\n<meta name=\"robots\" content=\"index, follow, max-snippet:-1, max-image-preview:large, max-video-preview:-1\" \/>\n<link rel=\"canonical\" href=\"https:\/\/www.carlosyconchita.net\/rutas\/05-01-2019-grau-del-os\/\" \/>\n<meta property=\"og:locale\" content=\"es_ES\" \/>\n<meta property=\"og:type\" content=\"article\" \/>\n<meta property=\"og:title\" content=\"05-01-2019-Grau del Os -\" \/>\n<meta property=\"og:description\" content=\"Hoy nos dirigimos al refugio del Serrat de las Esposes, cerca de Riu de Cerdanya , para seguir la ruta del Grau del Os, aunque no ten\u00edamos claro si podr\u00edamos pasar o no, porque el estrecho paso por la roca que tapa el recorrido del torrente es realmente muy estrecho, y tambien por la posibilidad [&hellip;]\" \/>\n<meta property=\"og:url\" content=\"https:\/\/www.carlosyconchita.net\/rutas\/05-01-2019-grau-del-os\/\" \/>\n<meta property=\"og:site_name\" content=\"Las rutas de Carlos y Conchita\" \/>\n<meta property=\"article:published_time\" content=\"2019-01-05T16:17:03+00:00\" \/>\n<meta property=\"article:modified_time\" content=\"2019-01-25T20:08:31+00:00\" \/>\n<meta property=\"og:image\" content=\"https:\/\/www.carlosyconchita.net\/rutas\/wp-content\/uploads\/2019\/01\/GrauOs-0074.jpg\" \/>\n\t<meta property=\"og:image:width\" content=\"1019\" \/>\n\t<meta property=\"og:image:height\" content=\"764\" \/>\n\t<meta property=\"og:image:type\" content=\"image\/jpeg\" \/>\n<meta name=\"author\" content=\"Carlos Conchita\" \/>\n<meta name=\"twitter:label1\" content=\"Escrito por\" \/>\n\t<meta name=\"twitter:data1\" content=\"Carlos Conchita\" \/>\n\t<meta name=\"twitter:label2\" content=\"Tiempo de lectura\" \/>\n\t<meta name=\"twitter:data2\" content=\"3 minutos\" \/>\n<script type=\"application\/ld+json\" class=\"yoast-schema-graph\">{\"@context\":\"https:\\\/\\\/schema.org\",\"@graph\":[{\"@type\":\"Article\",\"@id\":\"https:\\\/\\\/www.carlosyconchita.net\\\/rutas\\\/05-01-2019-grau-del-os\\\/#article\",\"isPartOf\":{\"@id\":\"https:\\\/\\\/www.carlosyconchita.net\\\/rutas\\\/05-01-2019-grau-del-os\\\/\"},\"author\":{\"name\":\"Carlos Conchita\",\"@id\":\"https:\\\/\\\/www.carlosyconchita.net\\\/rutas\\\/#\\\/schema\\\/person\\\/a9691f7258c28443fab2d3aa1479ea19\"},\"headline\":\"05-01-2019-Grau del Os\",\"datePublished\":\"2019-01-05T16:17:03+00:00\",\"dateModified\":\"2019-01-25T20:08:31+00:00\",\"mainEntityOfPage\":{\"@id\":\"https:\\\/\\\/www.carlosyconchita.net\\\/rutas\\\/05-01-2019-grau-del-os\\\/\"},\"wordCount\":582,\"commentCount\":0,\"image\":{\"@id\":\"https:\\\/\\\/www.carlosyconchita.net\\\/rutas\\\/05-01-2019-grau-del-os\\\/#primaryimage\"},\"thumbnailUrl\":\"https:\\\/\\\/www.carlosyconchita.net\\\/rutas\\\/wp-content\\\/uploads\\\/2019\\\/01\\\/GrauOs-0074.jpg\",\"articleSection\":[\"1-F\u00e1cil\",\"2 - De 5 a 10 km.\",\"Cerdanya Sur-Cad\u00ed-Moixer\u00f3\"],\"inLanguage\":\"es\",\"potentialAction\":[{\"@type\":\"CommentAction\",\"name\":\"Comment\",\"target\":[\"https:\\\/\\\/www.carlosyconchita.net\\\/rutas\\\/05-01-2019-grau-del-os\\\/#respond\"]}]},{\"@type\":\"WebPage\",\"@id\":\"https:\\\/\\\/www.carlosyconchita.net\\\/rutas\\\/05-01-2019-grau-del-os\\\/\",\"url\":\"https:\\\/\\\/www.carlosyconchita.net\\\/rutas\\\/05-01-2019-grau-del-os\\\/\",\"name\":\"05-01-2019-Grau del Os -\",\"isPartOf\":{\"@id\":\"https:\\\/\\\/www.carlosyconchita.net\\\/rutas\\\/#website\"},\"primaryImageOfPage\":{\"@id\":\"https:\\\/\\\/www.carlosyconchita.net\\\/rutas\\\/05-01-2019-grau-del-os\\\/#primaryimage\"},\"image\":{\"@id\":\"https:\\\/\\\/www.carlosyconchita.net\\\/rutas\\\/05-01-2019-grau-del-os\\\/#primaryimage\"},\"thumbnailUrl\":\"https:\\\/\\\/www.carlosyconchita.net\\\/rutas\\\/wp-content\\\/uploads\\\/2019\\\/01\\\/GrauOs-0074.jpg\",\"datePublished\":\"2019-01-05T16:17:03+00:00\",\"dateModified\":\"2019-01-25T20:08:31+00:00\",\"author\":{\"@id\":\"https:\\\/\\\/www.carlosyconchita.net\\\/rutas\\\/#\\\/schema\\\/person\\\/a9691f7258c28443fab2d3aa1479ea19\"},\"breadcrumb\":{\"@id\":\"https:\\\/\\\/www.carlosyconchita.net\\\/rutas\\\/05-01-2019-grau-del-os\\\/#breadcrumb\"},\"inLanguage\":\"es\",\"potentialAction\":[{\"@type\":\"ReadAction\",\"target\":[\"https:\\\/\\\/www.carlosyconchita.net\\\/rutas\\\/05-01-2019-grau-del-os\\\/\"]}]},{\"@type\":\"ImageObject\",\"inLanguage\":\"es\",\"@id\":\"https:\\\/\\\/www.carlosyconchita.net\\\/rutas\\\/05-01-2019-grau-del-os\\\/#primaryimage\",\"url\":\"https:\\\/\\\/www.carlosyconchita.net\\\/rutas\\\/wp-content\\\/uploads\\\/2019\\\/01\\\/GrauOs-0074.jpg\",\"contentUrl\":\"https:\\\/\\\/www.carlosyconchita.net\\\/rutas\\\/wp-content\\\/uploads\\\/2019\\\/01\\\/GrauOs-0074.jpg\",\"width\":1019,\"height\":764},{\"@type\":\"BreadcrumbList\",\"@id\":\"https:\\\/\\\/www.carlosyconchita.net\\\/rutas\\\/05-01-2019-grau-del-os\\\/#breadcrumb\",\"itemListElement\":[{\"@type\":\"ListItem\",\"position\":1,\"name\":\"Portada\",\"item\":\"https:\\\/\\\/www.carlosyconchita.net\\\/rutas\\\/\"},{\"@type\":\"ListItem\",\"position\":2,\"name\":\"05-01-2019-Grau del Os\"}]},{\"@type\":\"WebSite\",\"@id\":\"https:\\\/\\\/www.carlosyconchita.net\\\/rutas\\\/#website\",\"url\":\"https:\\\/\\\/www.carlosyconchita.net\\\/rutas\\\/\",\"name\":\"Las rutas de Carlos y Conchita\",\"description\":\"\",\"potentialAction\":[{\"@type\":\"SearchAction\",\"target\":{\"@type\":\"EntryPoint\",\"urlTemplate\":\"https:\\\/\\\/www.carlosyconchita.net\\\/rutas\\\/?s={search_term_string}\"},\"query-input\":{\"@type\":\"PropertyValueSpecification\",\"valueRequired\":true,\"valueName\":\"search_term_string\"}}],\"inLanguage\":\"es\"},{\"@type\":\"Person\",\"@id\":\"https:\\\/\\\/www.carlosyconchita.net\\\/rutas\\\/#\\\/schema\\\/person\\\/a9691f7258c28443fab2d3aa1479ea19\",\"name\":\"Carlos Conchita\",\"image\":{\"@type\":\"ImageObject\",\"inLanguage\":\"es\",\"@id\":\"https:\\\/\\\/secure.gravatar.com\\\/avatar\\\/3a4625b20c8da3de99da69bfe7a322774e291c3f90dce7e8778a30fe6748ed1a?s=96&d=mm&r=g\",\"url\":\"https:\\\/\\\/secure.gravatar.com\\\/avatar\\\/3a4625b20c8da3de99da69bfe7a322774e291c3f90dce7e8778a30fe6748ed1a?s=96&d=mm&r=g\",\"contentUrl\":\"https:\\\/\\\/secure.gravatar.com\\\/avatar\\\/3a4625b20c8da3de99da69bfe7a322774e291c3f90dce7e8778a30fe6748ed1a?s=96&d=mm&r=g\",\"caption\":\"Carlos Conchita\"}}]}<\/script>\n<!-- \/ Yoast SEO plugin. -->","yoast_head_json":{"title":"05-01-2019-Grau del Os -","robots":{"index":"index","follow":"follow","max-snippet":"max-snippet:-1","max-image-preview":"max-image-preview:large","max-video-preview":"max-video-preview:-1"},"canonical":"https:\/\/www.carlosyconchita.net\/rutas\/05-01-2019-grau-del-os\/","og_locale":"es_ES","og_type":"article","og_title":"05-01-2019-Grau del Os -","og_description":"Hoy nos dirigimos al refugio del Serrat de las Esposes, cerca de Riu de Cerdanya , para seguir la ruta del Grau del Os, aunque no ten\u00edamos claro si podr\u00edamos pasar o no, porque el estrecho paso por la roca que tapa el recorrido del torrente es realmente muy estrecho, y tambien por la posibilidad [&hellip;]","og_url":"https:\/\/www.carlosyconchita.net\/rutas\/05-01-2019-grau-del-os\/","og_site_name":"Las rutas de Carlos y Conchita","article_published_time":"2019-01-05T16:17:03+00:00","article_modified_time":"2019-01-25T20:08:31+00:00","og_image":[{"width":1019,"height":764,"url":"https:\/\/www.carlosyconchita.net\/rutas\/wp-content\/uploads\/2019\/01\/GrauOs-0074.jpg","type":"image\/jpeg"}],"author":"Carlos Conchita","twitter_misc":{"Escrito por":"Carlos Conchita","Tiempo de lectura":"3 minutos"},"schema":{"@context":"https:\/\/schema.org","@graph":[{"@type":"Article","@id":"https:\/\/www.carlosyconchita.net\/rutas\/05-01-2019-grau-del-os\/#article","isPartOf":{"@id":"https:\/\/www.carlosyconchita.net\/rutas\/05-01-2019-grau-del-os\/"},"author":{"name":"Carlos Conchita","@id":"https:\/\/www.carlosyconchita.net\/rutas\/#\/schema\/person\/a9691f7258c28443fab2d3aa1479ea19"},"headline":"05-01-2019-Grau del Os","datePublished":"2019-01-05T16:17:03+00:00","dateModified":"2019-01-25T20:08:31+00:00","mainEntityOfPage":{"@id":"https:\/\/www.carlosyconchita.net\/rutas\/05-01-2019-grau-del-os\/"},"wordCount":582,"commentCount":0,"image":{"@id":"https:\/\/www.carlosyconchita.net\/rutas\/05-01-2019-grau-del-os\/#primaryimage"},"thumbnailUrl":"https:\/\/www.carlosyconchita.net\/rutas\/wp-content\/uploads\/2019\/01\/GrauOs-0074.jpg","articleSection":["1-F\u00e1cil","2 - De 5 a 10 km.","Cerdanya Sur-Cad\u00ed-Moixer\u00f3"],"inLanguage":"es","potentialAction":[{"@type":"CommentAction","name":"Comment","target":["https:\/\/www.carlosyconchita.net\/rutas\/05-01-2019-grau-del-os\/#respond"]}]},{"@type":"WebPage","@id":"https:\/\/www.carlosyconchita.net\/rutas\/05-01-2019-grau-del-os\/","url":"https:\/\/www.carlosyconchita.net\/rutas\/05-01-2019-grau-del-os\/","name":"05-01-2019-Grau del Os -","isPartOf":{"@id":"https:\/\/www.carlosyconchita.net\/rutas\/#website"},"primaryImageOfPage":{"@id":"https:\/\/www.carlosyconchita.net\/rutas\/05-01-2019-grau-del-os\/#primaryimage"},"image":{"@id":"https:\/\/www.carlosyconchita.net\/rutas\/05-01-2019-grau-del-os\/#primaryimage"},"thumbnailUrl":"https:\/\/www.carlosyconchita.net\/rutas\/wp-content\/uploads\/2019\/01\/GrauOs-0074.jpg","datePublished":"2019-01-05T16:17:03+00:00","dateModified":"2019-01-25T20:08:31+00:00","author":{"@id":"https:\/\/www.carlosyconchita.net\/rutas\/#\/schema\/person\/a9691f7258c28443fab2d3aa1479ea19"},"breadcrumb":{"@id":"https:\/\/www.carlosyconchita.net\/rutas\/05-01-2019-grau-del-os\/#breadcrumb"},"inLanguage":"es","potentialAction":[{"@type":"ReadAction","target":["https:\/\/www.carlosyconchita.net\/rutas\/05-01-2019-grau-del-os\/"]}]},{"@type":"ImageObject","inLanguage":"es","@id":"https:\/\/www.carlosyconchita.net\/rutas\/05-01-2019-grau-del-os\/#primaryimage","url":"https:\/\/www.carlosyconchita.net\/rutas\/wp-content\/uploads\/2019\/01\/GrauOs-0074.jpg","contentUrl":"https:\/\/www.carlosyconchita.net\/rutas\/wp-content\/uploads\/2019\/01\/GrauOs-0074.jpg","width":1019,"height":764},{"@type":"BreadcrumbList","@id":"https:\/\/www.carlosyconchita.net\/rutas\/05-01-2019-grau-del-os\/#breadcrumb","itemListElement":[{"@type":"ListItem","position":1,"name":"Portada","item":"https:\/\/www.carlosyconchita.net\/rutas\/"},{"@type":"ListItem","position":2,"name":"05-01-2019-Grau del Os"}]},{"@type":"WebSite","@id":"https:\/\/www.carlosyconchita.net\/rutas\/#website","url":"https:\/\/www.carlosyconchita.net\/rutas\/","name":"Las rutas de Carlos y Conchita","description":"","potentialAction":[{"@type":"SearchAction","target":{"@type":"EntryPoint","urlTemplate":"https:\/\/www.carlosyconchita.net\/rutas\/?s={search_term_string}"},"query-input":{"@type":"PropertyValueSpecification","valueRequired":true,"valueName":"search_term_string"}}],"inLanguage":"es"},{"@type":"Person","@id":"https:\/\/www.carlosyconchita.net\/rutas\/#\/schema\/person\/a9691f7258c28443fab2d3aa1479ea19","name":"Carlos Conchita","image":{"@type":"ImageObject","inLanguage":"es","@id":"https:\/\/secure.gravatar.com\/avatar\/3a4625b20c8da3de99da69bfe7a322774e291c3f90dce7e8778a30fe6748ed1a?s=96&d=mm&r=g","url":"https:\/\/secure.gravatar.com\/avatar\/3a4625b20c8da3de99da69bfe7a322774e291c3f90dce7e8778a30fe6748ed1a?s=96&d=mm&r=g","contentUrl":"https:\/\/secure.gravatar.com\/avatar\/3a4625b20c8da3de99da69bfe7a322774e291c3f90dce7e8778a30fe6748ed1a?s=96&d=mm&r=g","caption":"Carlos Conchita"}}]}},"_links":{"self":[{"href":"https:\/\/www.carlosyconchita.net\/rutas\/wp-json\/wp\/v2\/posts\/12442","targetHints":{"allow":["GET"]}}],"collection":[{"href":"https:\/\/www.carlosyconchita.net\/rutas\/wp-json\/wp\/v2\/posts"}],"about":[{"href":"https:\/\/www.carlosyconchita.net\/rutas\/wp-json\/wp\/v2\/types\/post"}],"author":[{"embeddable":true,"href":"https:\/\/www.carlosyconchita.net\/rutas\/wp-json\/wp\/v2\/users\/50"}],"replies":[{"embeddable":true,"href":"https:\/\/www.carlosyconchita.net\/rutas\/wp-json\/wp\/v2\/comments?post=12442"}],"version-history":[{"count":0,"href":"https:\/\/www.carlosyconchita.net\/rutas\/wp-json\/wp\/v2\/posts\/12442\/revisions"}],"wp:featuredmedia":[{"embeddable":true,"href":"https:\/\/www.carlosyconchita.net\/rutas\/wp-json\/wp\/v2\/media\/12443"}],"wp:attachment":[{"href":"https:\/\/www.carlosyconchita.net\/rutas\/wp-json\/wp\/v2\/media?parent=12442"}],"wp:term":[{"taxonomy":"category","embeddable":true,"href":"https:\/\/www.carlosyconchita.net\/rutas\/wp-json\/wp\/v2\/categories?post=12442"},{"taxonomy":"post_tag","embeddable":true,"href":"https:\/\/www.carlosyconchita.net\/rutas\/wp-json\/wp\/v2\/tags?post=12442"}],"curies":[{"name":"wp","href":"https:\/\/api.w.org\/{rel}","templated":true}]}}