{"id":12459,"date":"2019-01-26T20:43:26","date_gmt":"2019-01-26T19:43:26","guid":{"rendered":"https:\/\/www.carlosyconchita.net\/rutas\/?p=12459"},"modified":"2019-01-29T21:32:19","modified_gmt":"2019-01-29T20:32:19","slug":"26-01-2019-ermita-de-sant-medi","status":"publish","type":"post","link":"https:\/\/www.carlosyconchita.net\/rutas\/26-01-2019-ermita-de-sant-medi\/","title":{"rendered":"26-01-2019-Ermita de Sant Med\u00ed"},"content":{"rendered":"<p style=\"text-align: justify;\">Hoy hemos hecho una larga caminata para llegar a la ermita de Sant Med\u00ed o Sant Medir, situada en el t\u00e9rmino municipal de Sant Cugat del Vall\u00e9s, pero\u00a0 partiendo de Barcelona, en la zona de la Bonanova y con ella inauguramos por as\u00ed decir, una\u00a0 nueva categor\u00eda , a la que pondremos de nombre Collserola.<\/p>\n<p style=\"text-align: justify;\">Hemos ido con nuestros amigos Carme, Miquel, Lluis, Asun, Rafel, Nuria y Josep y hemos empezado a caminar en la esquina de la calle Bellesguard y Cuatro Caminos, para poder pasar por la Torre Bellesguard , construida por Gaud\u00ed, y en donde tambi\u00e9n hemos podido ver unas arcadas que \u00absostienen\u00bb la calle Bellesguard y que recuerdan a las del Parque G\u00fcell.<\/p>\n<p style=\"text-align: justify;\">El paisaje evidentemente no tiene nada que ver con nuestras habituales excursiones por la Cerdanya o los Pirineos, pero siempre es interesante conocer las zonas pr\u00f3ximas a Barcelona.<\/p>\n<p style=\"text-align: justify;\">Como se puede ver por la fotos y por el track, hemos pasado por debajo mismo de la antena de telecomunicaciones , del Observatorio Fabra, hemos rodeado el Tibidabo,\u00a0 etc.\u00a0 alternando caminos, algun peque\u00f1o tramo por carretera y senderos por el bosque y con bonitas vistas de la ciudad de Barcelona.<\/p>\n<hr \/>\n<h3><strong>Album de fotos<\/strong><\/h3>\n<p><a href=\"https:\/\/photos.app.goo.gl\/1xGVYZ7sRY884kSs5\" target=\"_blank\" rel=\"noopener\"><img loading=\"lazy\" decoding=\"async\" class=\"aligncenter wp-image-12460 size-column4-2\/3\" src=\"https:\/\/www.carlosyconchita.net\/rutas\/wp-content\/uploads\/2019\/01\/ErmitaMedi-0029-285x190.jpg\" alt=\"\" width=\"285\" height=\"190\" srcset=\"https:\/\/www.carlosyconchita.net\/rutas\/wp-content\/uploads\/2019\/01\/ErmitaMedi-0029-285x190.jpg 285w, https:\/\/www.carlosyconchita.net\/rutas\/wp-content\/uploads\/2019\/01\/ErmitaMedi-0029-272x182.jpg 272w, https:\/\/www.carlosyconchita.net\/rutas\/wp-content\/uploads\/2019\/01\/ErmitaMedi-0029-570x380.jpg 570w, https:\/\/www.carlosyconchita.net\/rutas\/wp-content\/uploads\/2019\/01\/ErmitaMedi-0029-380x254.jpg 380w\" sizes=\"auto, (max-width: 285px) 100vw, 285px\" \/><\/a><\/p>\n<hr \/>\n<p><strong>Dificultad<\/strong>\u00a0:\u00a0 \u00a0Moderada<\/p>\n<p><strong>Distancia total<\/strong>\u00a0:\u00a0 \u00a018.618 m.<span class=\"totlen\"><span class=\"summaryvalue\"><br \/>\n<\/span><\/span><\/p>\n<p><strong>Alturas m\u00ednima \/ m\u00e1xima<\/strong>\u00a0:\u00a0 \u00a0 \u00a0171 m . \u2013\u00a0 479 m.<\/p>\n<p><strong>Desnivel acumulado seg\u00fan Wikiloc\u00a0 :\u00a0<\/strong> \u00a0732\u00a0m.\u00a0 (seg\u00fan Wikiloc)<\/p>\n<p><strong>Tiempo total \/ en movimiento<\/strong>\u00a0:\u00a0 \u00a0 \u00a0 6 h.\u00a0 41 m.\u00a0 \u00a0\u2013\u00a0 4 h.\u00a0 37 m<\/p>\n<p><strong>Vel. media total \/ vel.media movimiento<\/strong>\u00a0:\u00a0 \u00a0 2\u201973\u00a0 km.\/h. \u2014\u00a0 \u00a03\u201990 km.\/h<\/p>\n<hr \/>\n<p>&nbsp;<\/p>\n<p>Pocos metros despu\u00e9s del inicio de la ruta .<\/p>\n<p><img loading=\"lazy\" decoding=\"async\" class=\"alignnone size-full\" src=\"https:\/\/lh3.googleusercontent.com\/HC-spq9yP1LKwWI7g31jovvzg6kxgNbv2c3PKmsDv-r9Y0w3-XdxewmH_bNMokp3jG5794eon-vCg4Z7Kx9K1Nlm43Hdc_-QVjjBPFMtjcq2R-TWYBdvW2aK2LnQKOExOjzfhXsOZ8DKL_EbPrgDzTG_CUMwHd5P5j2RnhCi-Fkt-xzL33-zSjEcTS_DrVNblXH9snv5nY7UIIgAnEU3SKl4lBimcDyBwZzQjBb5tYcTpRTNUSnG6NFcDaLZQ5UG0muBhSRhZ5txktgFQ0IJSf_gbnHfD50NHyC0BkKSzJ5nlNWnsYS87igfvfiFNfxWXc85NFM1ev4eIjwFPmuzAwhh2T5eb7shunB2Dgynx3a1CqTS1nB_mfk3cmnrOitib8g9SLGxNAchKWhq4j_5URRgp8wADXQGibOmiGbCFOu4eJKOfCMjfDWImShmyLY_8nHkiTHeA9MTXiCKjU6n9YHtXmnlFp_1hBT0DJlsBC_1JhlIG5WzhxBRydz_PbZIGbjSXwAq3QzFvVaM7TvOjlPlRNm1UP3IGZxXPmTxij_wx5lGR8mUflH3NOFwOLQvhmDTIB-gfOyj1wlj4qPKKDIMeb8w3bx6k2mchkgZdaFwiw9mPQ_Sh3J0etiupx7RBw0gdDw2aL5Q-5FdnPVtEZqmE8MTQYUgiunl4OB5oeTXRz-Px73c36cRVqCTUN4wyth5j7ADGU1kWWPpurQ=w1024-h577-no\" width=\"1024\" height=\"577\" \/><\/p>\n<p>Continuamos unos metros m\u00e1s para cruzar las rondas, y podemos ver perfectamente el Tibidabo y la conocida antena.<\/p>\n<p><img loading=\"lazy\" decoding=\"async\" class=\"alignnone size-full\" src=\"https:\/\/lh3.googleusercontent.com\/T_XomvwpVfXJJCNolFWtct0ag9SJon2hA9O_w2el1NKGBDDeVYKnA18ZTPdcPBcVVYnrnAiQZ41T-46flNjQQuXq0gQZi8xO6F_VdQdr1WcS9UWRJ4PN4-urrV1P00oUsrj7QmBWM1P4c-u8ntKtrVYie37e12vMzgKrNQGWNoP_6E4QmqyPs8W137it7NRHPkqPkAtD-aJ0XaEp-QNPDXCdoFzZMhpb08lMzZtgPxTCB0tu_vAp2QsceRTWJC_9okACxCtnodAFhtfDOJO951YptsfxKUv0n5pvsBbx3VvaiFWUGoFtFUgxNOatszJFVltV-vaU_5Sh1CIQOnFugjbcNMfGmWxMoJiX8wVdeIDzbtSmsJzO8uS1AhHO8CnyymhP-laJhdGk_SloS7TqCi3jA3q1OHOp5IuN0M5FfR1Kt78vLRYIKYn5_4LBehgpZ8AvfqAUj1aN1Nb3Xh6-vfNNfsXVq7-wU2dUKRFIDhfxnMKlw3QkkGwU4icDL2palNefpV9H5KHS7gKOBEPbo62kI-QCmG1odeC78WtBb1JNtYL-Va7zyY0RPHGqoSr4ZUlOwSTAfioCleIStlF5VrYuJN3hGbR6ST33DmhhlNFs5SPhKnZdpQNgJeMJyOEDfqCeIFpJhwyeLDsR7Zd9hcJtaIEAU_48cUE7fFBirH0vdBKkwWDDVnVauczI3y9KfEjemGjl7c_oiCLLyuI=w1024-h577-no\" width=\"1024\" height=\"577\" \/><\/p>\n<p><img loading=\"lazy\" decoding=\"async\" class=\"alignnone size-full\" src=\"https:\/\/lh3.googleusercontent.com\/gc7ycmldOolnShTyb2TXDdOOp7dNzyasYaaYQqV4Qzg21N5yNnOROGZMTDrXJ9YyVjuH8mqNq5WrO8UdLX4vU-OU_OXxpmYKGCVoefeuKp-8tOMQSuN3oS_5mFoNdoA9MOWDTH-pYMcKzGRfsiY4hcBThBiNHFyYWHR2hlyGmnGpjQTEwq3nmLI4A63vtAiQ-8NObGlPz2h5_Np8miv4-W9U0ugL__crL4NFooWz4Y9PJdS5ji3UNywq4XkqjvN6jcM2MyHrPj46LTWNgumYhsKFYYctIjf4I4zRytMn0KOlX4qY0VH7CBAH0iI_Vu8-BhU8wO6le5uJXbd1sdhA81sgMHjrubNxCd_ZK6taJvu9hOxhqUT76pGVgJXDsqz2J9T5e5Av-BG1YMqnHzlNdMGLBPxAjj2Whl0VP2or35wzmGZ7n5LkN7PHFTNoTKFg2bCtAMOnsRfkHeMjbfiX2VBa_wcJ_eRg0GXBilz9s4KDR_-z9_erus9hJNTAesIPfuSVihyarT587WAUaJvUBl7nLgtRUMqR5BGUFe-__IH9M3K0BVXcwmMFcmhqvT2PqprfYONE6Y6WzlGPxY6bPtKNswjWk80Wop_4NLLY8VtvOUriCFmcW73iRDiCevGaxvDm5NPptcYQVjZFJ3ecLBE3jrqqeZa-E_zlUfV0RiMoa67F0PPo6RHgePnJIk9bCo0YgLAswTLBIhkWudg=w1024-h577-no\" width=\"1024\" height=\"577\" \/><\/p>\n<p><img loading=\"lazy\" decoding=\"async\" class=\"alignnone size-full\" src=\"https:\/\/lh3.googleusercontent.com\/iLvyA9FIt3yZh1gCaWmkqoWaBvw9s7RIwEUV9jf2optko8wmVvhuV113I5Rwm5BbYvgmNb2K1Iitqn_9SPD3gHhsFjllckYeiHROUPJVoz4ccxT116-tDfdENz-YDF_Iqy2QB2WV4HyZyFGm8nvcIS7Xzw8jTzPLrCIllFA7gwsxNYylXH78vub0su-vuHBAM-PwBc0r0ylpWr0nvUb5KK3XfZw0LjOm58r59rA6B1rUxfyCrAyZEMhOVpYUJTp_Ur9VsVrtb-sm0FoZxBVxm-N6raMqsq1scJRJLpAxj8aLtbxuJz0jEdOKBXui-VjIakq4ORErKwta63aVkRdVLPudB0S51Eb9pYhe_T6dWxqyqiOKz7g33GRXTDcObuBSztF6DbAsokSX0DNH7xskVLIvWdILHvlg_HvmdCgKzxfetjIswp__H_DntG43eks-hUKcUcZUE_G8mvSY2zFXT0txZ2dTbH38GitH-SjKWotM8yfoSBGAdxzyiOlGYOHRBwd87NsIt4QHZO6A77dQ09Z1Uh0rRijaX05ruSy_qp7rn-dkd3i8q2Cnm29dYYKzhIi6Nk8jHLYaEX72w1sWoo6M1Si84RnrpQnrfuW8UP_yOJ3SwgTxLj-nJxbhjTZiBGa1BDWvWpAvyNbwlAg4oehSHhD5UX49w4B6jxNnuko4X1qdfYmlAJLXAN-rxzO-CoCqqD2-AbwcKey8Meo=w1024-h577-no\" width=\"1024\" height=\"577\" \/><\/p>\n<p><img loading=\"lazy\" decoding=\"async\" class=\"alignnone size-full\" src=\"https:\/\/lh3.googleusercontent.com\/Qsfn20Z8CJfTofboGRLIpXD0Jk2TArO9U3rEPaIm79HQYyc-OUlIhQYtMgwJuoaShsOrLFRnRyDudBAbOJczyUukRSQbwYSYq8GOitsBvP5YjiVopsbv5UMVaHGRqTfKlDtulcy_P6hyhPRZPdr-YYALr6Z36WA77umzG9MGccIFeHxLfEj-YH2ZL1GUVhst_-EYiT-UAAdzTlW3taKLBz5sKE6iJuAE4u8i5ktSXVQYo6tivmTYT0D1mF9ZS1A9AzCtIN8nc48B_iFHBtqZpCi6xbYlovNL3NQnSorEsLB_hW_OVtxDs-SZuQrLyWG3utXFKVEPZmdl7jNgLbNTTnABr3zxAQXEfbOOSzxtufEVVKwfa7srjs9IMeTftKUm2wYziVqCAlymXop9z4Yo0e2huTD_4WeJMR9lEylrSGHGI2foBvvg5pTYzq3fwgig2K2q4Asumgv3Xh3vTXCkDtDAwMCr59v83mTdY7_TtQcj5b4WVypzBkTwwpvWj-MlnjAktZkiQJi-0DpaOY8UDTtlpQtu1PMswiK33Q2igsSX8X1Mof-YP6VBxaMiyj91LvgX_e0gS78vkE29sCAhAFZfkvDaNTnJeHvw-y5HvVKsKAtzUgD9GVFM8rYbmJdCq737BMIIUuJQWpBKVFaefs5m5klf8JkGesTepBhF8Qr0Ma1zaOzaIuOS3KZtRGJCPTa61k1pgexk8pfBB3E=w1024-h577-no\" width=\"1024\" height=\"577\" \/><\/p>\n<p><img loading=\"lazy\" decoding=\"async\" class=\"alignnone size-full\" src=\"https:\/\/lh3.googleusercontent.com\/rd091OCWoufLu7fIWMBswpb3uCBNeyqFUrz_wLc_ZcReuGER1SRCHqxGR1yieLM40eJrrp5ud5lsMg6SrghFXJ--2eiQa8uz2-4mSO1RWjSQ3PDA6CgQjmQevordFYkgRzLJ2criChtLGmkmjBroYlwwctkqIXexOh_ITAIuPWclOUEvD_6rHcSyl2j6HrKMDE8q-qwQGoaE_VXBSGgc9uWQ1n2sjW_SCuiqYZ4NIyruEpKCCHtX_Po9lZHlyvTIl3SC08G-lCVxUPCk4S2uTCBIhni-PPllQhdZatPLJrZmCT7HZfJ60k5vSItvG-8pzoKzMFZgkYqBk_opLpCopE2ef9JkGTryjJaelBZrr_qgcLp01Lltb8aM2U9vdyC3bngWlDQtfg79jBJrHLvfLBD5wMF3pyhkwVpQK_7kg0sAMP0z2q7OcpSgwGP0ijSihuRO1ir8woJLBsRTq_wMSFSYMP55eXa5tsP6e_Aj2fePi13vy5Cuj7Y-0Vrs_x1nh23LsyAEjxR0tadqbM7ymmOq1TirXAd1ul2A8Vav1_Xg-AYLLIpgSW-S7c_BdX2p6gPf8nTGGnigTZPdQhT7mozd-WbnlQoxjnNXqyDhUqjwi1s_K8RAxPcaR_b3hmMloFWZ3_oEro2rCWFqVu8rr1qcbqG70YBJVFyn3n_ilWd9Xo0WZqnvbdmwIgdIo0oa-H4QtZS0BLOGNDn-mfs=w1024-h577-no\" width=\"1024\" height=\"577\" \/><\/p>\n<p><img loading=\"lazy\" decoding=\"async\" class=\"alignnone size-full\" src=\"https:\/\/lh3.googleusercontent.com\/ewQbBEs3aQ9_24Zf7yBOd78sObPtgLjEuSJxYIA8XTRRRZBZyfe2Xzphp3XXQ6MVbp5lJWd5hqbsCI5PaNpe2vTqLKPMxaa7QTqaUrKzTYKcMrzJEiL9tBK5BW3qJuNcUiuivi5mqJtAyNRq9W-QUseF9bNXC1pMVLRg2x6kYXpuqrPebEehH-EBn_SdbG-zOk6i2NCIVPMeynFxeHUoPYuQIPfLu_7R5JZzF0UhprrqhcijkUF2ScV73IgePTaA6k-BMAPZDL72SPcFasxsBvHBXlAi8EFoXC6NtaOYChkemrB3Ds8d3RnZEWQZaGpUqCvUZ0Zef4dBMe1dT_WLb8naOC2AznJReLeKnmIGS24_4-fYJKrBpfXLALWt1bFcech3mGTRv_H0tiDnoI7R5fNmyH3GkiVLPKDy9xn1CYgMXTzfwbekV9b_KBlwM-e3y_vXAkiGmQNtVYyLZDqrASg4F5-Lhr--6kiWcuToACGTd4J_ARHw-6pIS5hz72J-wTM-pRnPs5YgISRsjKhonbnoGJbRS6hKccROnM8BtiagbsIDZ6zzYG6fF9tMOZPL1p-5L_8gr-J68wE-kJKmlHbhe_OD7Nu9rlGIIUX-uqE9xkTN3LBj2rxQwLPatLV2S0RCb0UiG0kjxu2A03HOa2BGcsZun7BHDQcd4rsnk9Pxl-0exg5-kjmfJoq-Yh3MhbLYQuu06Ol9Pgr18D8=w1024-h577-no\" width=\"1024\" height=\"577\" \/><\/p>\n<p><img loading=\"lazy\" decoding=\"async\" class=\"alignnone size-full\" src=\"https:\/\/lh3.googleusercontent.com\/ez4NnsKoOjbBIW055JwiREEk2v1VVirNvBPRxRZRP__9C4y_PCjyDyiRTusL8KygLrCtSwp1IHKLmuTWzDrQV15QbJ9366wSwuqAX8BYAnFZYOFGxufuNXwh5UDxBuutNeVN2ctJrarV-5JlBdhAEUXuDoGZIMCb8fzc6Yg20YGZHlcQwb_2y2jM97ED9VSyz1bA_PdptzPscso0ynRxO4q4vJovHafXNbbhcSesqjc_Ddvrqt_WAUoo8yHsDsOtdCffF7AglXvjYxGc6yPlRmdKpq7gAlCNTUTbpnM_k4iVLqaS99TUhH1gVaQWOqs1ObMgAB2iQqoCX4vWBrE_MzOGgesATsuaOfZWnopuY-F3KoUWildmQDmax10c6MmGev1xB50VWwUZTARuXvb1AGkM2ZvD5Dh_Qv3XT_WfxkwFNGfHTcIZPxlflW3PQIfPkWM4WDNe32DiiMoqGLaE2SAKPQ9AsYgLoc6nwJOb3e1VSQVLD6cG82Dfz27rhGpL6FhwL03UF9RFseLzcfLIdKFDGPkRZ2A2xXC0ZMC7AscTTG11YOwYSKolBavZUH7vijWxIisyVFc2aUOta4cSB5BR1eszpkxv8IPVNwjvTywwvhBOYRsSEE7t544Afwt2XaWqGGsTLOGR2xvV3YrnkEYieAVe0KAdLYE2Ae0QZeUpLtmTV39LFWRM-n9O7FyAXw2sm3E8Q8VjrBuE-HI=w1024-h577-no\" width=\"1024\" height=\"577\" \/><\/p>\n<p>La ermita de Sant Med\u00ed.<\/p>\n<p><img loading=\"lazy\" decoding=\"async\" class=\"alignnone size-full\" src=\"https:\/\/lh3.googleusercontent.com\/rlaKUFKnKFuC7HQh7pwrMBHG2B9F4ZwjbvHVapqEGkiqzqI__ChEwVDEJ0jsaMSXK-OEaf0NY3YouDFwpjD7kJRM5OMM_oDLjpGyikyJU89vXGxgWIr9nVNGTQ2tuMldnfAIslqA47ycf24CCL2ZJiDdFZlnT97I0qEJjVMRSWMyD5xm76lU5P6QDzsiHZ1UBdXlHyEkhJhOP8yzuopk-3t2RT-n7ss7Iy_v1diJc0fhVkLvk9RKV-WV2FLHZbEpTFQu1JfmxLQt9-9QzfeLzbIQjGjH3b9Y1LVVEx5juM_ykiNaApH6EGxsEoJYScJ74D7ETc4vYj-Mp5MramdhE_hjECdja0k4KASsP3jarwaI62wX2nbUtMC7s2GqJJIx7iIybiI_ZlAKzUWG_oNyH-xSYVDqPIt_NkckHo4H_nAUbdEPb021hthUEuw8GapT_MYN-S1oxA8v2M7Z4UCFq160qWTgt1x4FFsjF-ujyRX85PDNJQHTnsHjLzwPgRfPHNAIMdPUPrWcmI7ybngqoBSf20EWeySPjYNSUNPJs3-JHEqUiO0svO80kbI3PbQmEW-GWRiOFW1P2G1SSLv5eoT7530VPNop1YK3jZ9QAsYbA1yXTxLUdLIQEVeLk_wC_E6Q44sHY-ekeMXHABFuzk8ctNR539NuCE2j_gY8fZhTikAisbY_plW78x9IgNo8kv6dyH4f_sYsn4K5P0o=w1024-h577-no\" width=\"1024\" height=\"577\" \/><\/p>\n<p><img loading=\"lazy\" decoding=\"async\" class=\"alignnone size-full\" src=\"https:\/\/lh3.googleusercontent.com\/65PgTR8VRPB7XLPzh9im3nFM10mU2k8XvfhEaYMVDPAe2LdpXk48QFR2vaaOspbJuhwVwZaxPm0Rzjg8385h5JyaCotTbSimwL7W2TN6oUdcLmtVxLON5lHN-S5bodiHXYVI3WRbhKJjv09h6wTAFoLN2VVrQWFxL4_J2N7afFRlZ5KWqsW6dDDzaFw1ahjiyPlBSdFJjPhnOw9myStSWzWn9qoXGZv-XZZ5PU-fMa7EKrE_krsgylFxHlzXR-2nTX4UdyT7svEpkvnk_HxGP9_uunRC7NGWin3nQ2nwe3SqfS8aJQ9bSc6LktfxyEIiAIwm-lqFIqyr-Y199QD1VAUGiSIBOp-ZjV1xovaaTcqMF6AXy-qJIzwchGQFEeRVmBvZ-skcFchQl-MbWSOY5PDfG5raS3ItJs8NYYRN5hPQ4TYscCQsXCnFwhQRMagGxKS-uq25VAe1gjSiBuH91Sfyxu131NeBfqVGT7G3vA0thCmLAl-io9_B3V7MCDMNPO_AshgmK1YwUFtB7-QJXko4Rwgdpzn8X9OV6bLHYLkhRZlU6mYhGAlvw-FcmW5wkbMANFS8IMajNDlti8XZFY5pyVRa-qzTm6Dz1Rn_YPMdT460wOwOMlxI13XpoJGLDO-SaEgwhG8GWsJyrZVaB3V3v3_FIB72kdYOQ6ShbMI5POCaAJBDh5tLYoKuyzDUe-ZeLABJJQvjAsSXDks=w1024-h577-no\" width=\"1024\" height=\"577\" \/><\/p>\n<p><img loading=\"lazy\" decoding=\"async\" class=\"alignnone size-full\" src=\"https:\/\/lh3.googleusercontent.com\/KNlRDuHrOQWNQN7XiHevJC_wZBkS5-YHOIqdKdC9-ldoxv88mk8lZZADtjR61hCE_UwKo8oWGQGVkV6htf87rRw-DxBddV_kPTexl3q5ev-gYeqo6Oytu4pKomBbEofuxl821sfYQ2o2SULhAFPbeqF40K_CxhRRNdW8tnn33okdRSn6hKphWt1UqireJYr7FmXT2a9i1lJ7WFvpYjJsiL97hzuoGO1YZttjEgMwU0PKwC1SkD43O1-Sip_sOZBGPo_1KUnxvy8s903NRqpE4MH_d1jjdN_qzPylVP3is345ktaTuNQayker53oEYkO77rSYQT09nNf6aPwPuUKWRK4P_cIxsoZrsFGWjzUs1YsLcE85NZa2leZyODy_cN4ndIaEP04j7AP-yazEVwlWAJe56v63AFWLoh_29cGk8VMghOrO-AtTVmps_nQ2yEZvXKPBXBugwJPROsXGQvZJlQeU7-xBiBylcg3bzU0Y_fOMuULWoAqcAJ3xvZ_ArE_yLoB4jHe1qtBAYK0TXqhailAbO8pVOVMEH7kyCDiXwtHNceMdCjQrZLv9ZaHlwQZ_rLGmFyX4gA569LmulkCD0RfDVFgyNiyYoBPA65BTBYiYDnjIHmypTEOisAQ0qw9Zw69WoqKoMIRAna8Ze4zlmci28ew-L99C8FQfhnkUHttPLeHaxH6kWiXpWTohP10rrZpti-P6nqsVv7bopcg=w889-h666-no\" width=\"888\" height=\"666\" \/><\/p>\n<p><img loading=\"lazy\" decoding=\"async\" class=\"alignnone size-full\" src=\"https:\/\/lh3.googleusercontent.com\/tdVzllRjeZDfphsQZdqSDbUlGMZhXA13fBBT8JID_DxKx5_nLn8Eh4Q6kFVApR-1eCV6tVTQCxOZnkeDE2b70OtMk2ps_ltpyhaVy4xHIli4QQuZE_QU86brfyv3in8epDvLG10gdnV10V4QEUUI0xDtgLMUmdjtSOpAYQL0-mqZjpeqy0y9xBLKYLcojt7v3nPivT8B2N3Afp_1yL6y1m4lBJp8yUTcaZMOqClpWrWsDCwbVc56_bRkYq_-XOfuGth_SeamNAPS3onsfpChavyqGFzcuHUO-7iezatzk8TkXVNNpK_LwO2g-wb18fZVW7FPAO46-nIBIuAevZckwu6_gWWXKg4uBKteSQYI9gfRHstzlf_UrpfyUzBYjGM5VGndjlWIXklmbNW8vCtB3mvy9lJt28WJ1kq_nnVxNvWoL27OdJer7lGd5G3obNO8DVqYQji00QJJjvZGrKfyBAUCCh3MPnuXY_17pHhblRidblHzX_4Ulb1-xcLgB9bSLCHJ8I3IH3nHCBrUcXpee2nxZs4eniAP-HX4aXT2YBdZzarAjRXv24vgogfcAji9owkJLd4gX2l9FxjT5yh2lqhrtVT8KkfCCkzln0y4XSfHEB1Jy_XQEtMqFt75B1XAIYHZ9Adf72mrAb3gTsK9QP9C6KWCrtjt70DxH7S5Jz0VaZ92Syt8R2cryAl0knZL8yG3nOdqZfBWC-kHJVc=w1024-h576-no\" width=\"1024\" height=\"576\" \/><\/p>\n<p>Y con mucho zoom, unos veleros que vemos a lo lejos.<\/p>\n<p><img loading=\"lazy\" decoding=\"async\" class=\"alignnone size-full\" src=\"https:\/\/lh3.googleusercontent.com\/jFcXMxcSgSE18FGk2BhaIU6yeG7AuFz084r5xE-llacFU3kf1UH2yBPqN__TVJRT1HxHpZb-jhmr2d9BCrrRPzn7Ncv4D_2RcgNKJK9YAZWKGjxATvyDxX7cb2OBBBSTep75H9Z9OFBcdMR7za-z3iobvuV3zadEYbuHhZITTL55XvGcnuv-fsCm59sA-AkeENxIaspC46W4u-mAoYeLgaH88KX6IKh88Yl9mJHfJAFrFwfBqYvvO8vXshnl0KYUxfE5IkbQAs33c68oqhC1231lfueqjB9JeOerRCtBretP57h7fRVmXw8W4Ea8S5catf7vCBDd2AjTryvlOWd1dtQG_JrlwORLEBojGyn0BbbXSpCe7UYNRBSc2ItA5m0a6Igv0dlQOBelOCOczZX48THa7Yc0vXx9rQQ63AC7uUNabF7hbj8iquZddCY8QqLkNqm2-A6GIqmxE1AonFsdgkJVChvfcJsuN9iInIikwx4heLhZkSYUKALLnx-9gNbEgVVlYY2J2cLkVE-4TDXUs1C9knZFMCxgfRRpmW5ZKjQuKFGRW6CqOfvXwDV6H39Hi0FtHwHvk7I_QeiLpilIb3mpbb2IpoHzLiwp5RwbU_OJ5uBe8y6ngeBOHWVNkuvE6NMiMRigaFBHGa5umV7nbD0Hvjvz4SsHG0t2U23yTGWwC3xOoWlnvuXWq-_yKX8vqxoV_34RtKxZAnPvQPA=w1024-h577-no\" width=\"1024\" height=\"577\" \/><\/p>\n<hr \/>\n<h3><strong>Track de la ruta<\/strong><\/h3>\n<p>[sgpx gpx=\u00bb\/wp-content\/uploads\/gpx\/ErmitaSant Medir.gpx\u00bb]<\/p>\n<p>&nbsp;<\/p>\n<hr \/>\n<p>&nbsp;<\/p>\n<p style=\"text-align: justify;\"><span style=\"color: #ff0000; background-color: #ffffff; font-size: 14pt;\"><strong>Si te ha gustado, comp\u00e1rtelo en tu red favorita o env\u00edanos tu comentario.<br \/>\n<\/strong><\/span><\/p>\n<p style=\"text-align: justify;\"><span style=\"font-size: 14pt;\"><strong><span style=\"color: #ff0000;\">Muchas gracias !<\/span><\/strong><\/span><\/p>\n<hr \/>\n<p style=\"text-align: justify;\"><strong><span style=\"color: #008000;\">Suscribete si quieres recibir un mail cuando publiquemos nuevas rutas : no enviamos publicidad y como m\u00e1ximo enviamos 2 mails al mes<\/span><\/strong><\/p>\n<p style=\"text-align: center;\"><a href=\"https:\/\/mailchi.mp\/6989c83a3e24\/wmv06rtqcz\/\" target=\"_blank\" rel=\"noopener\"><strong><span style=\"color: #0000ff;\">Pulsa aqu\u00ed para suscribirte<\/span><\/strong><\/a><\/p>\n<hr \/>\n<p style=\"text-align: justify;\">\u00a0<\/p>\n<h3 style=\"text-align: justify;\">Puedes imprimir esta publicaci\u00f3n o guardarla en diferentes formatos :<\/h3>\n<p style=\"text-align: justify;\"><span style=\"color: #ff0000; font-size: 14pt;\">Para facilitar la impresi\u00f3n, se ha reducido considerablemente el tama\u00f1o de las fotos, pero si deseas imprimir sin fotos, aconsejamos guardarlo como \u201cdoc\u201d, y antes de imprimirlo, eliminar las fotos<\/span><\/p>\n<p><span style=\"color: #ff0000;\">\u00a0<\/span><\/p>\n<hr \/>\n<h3><strong>Enlace Wikiloc<\/strong><\/h3>\n<p><a href=\"https:\/\/es.wikiloc.com\/rutas-senderismo\/ermita-de-sant-medir-32593701\" target=\"_blank\" rel=\"noopener\"><img loading=\"lazy\" decoding=\"async\" class=\"size-full wp-image-958 aligncenter\" src=\"https:\/\/www.carlosyconchita.net\/rutas\/wp-content\/uploads\/2020\/09\/wikiloc.jpg\" alt=\"\" width=\"117\" height=\"34\" \/><\/a><\/p>\n<p>&nbsp;<\/p>\n<hr \/>\n","protected":false},"excerpt":{"rendered":"<p>Hoy hemos hecho una larga caminata para llegar a la ermita de Sant Med\u00ed o Sant Medir, situada en el t\u00e9rmino municipal de Sant Cugat del Vall\u00e9s, pero\u00a0 partiendo de Barcelona, en la zona de la Bonanova y con ella inauguramos por as\u00ed decir, una\u00a0 nueva categor\u00eda , a la que pondremos de nombre Collserola. [&hellip;]<\/p>\n","protected":false},"author":50,"featured_media":12460,"comment_status":"open","ping_status":"open","sticky":false,"template":"","format":"standard","meta":{"footnotes":""},"categories":[11,27,92],"tags":[],"class_list":{"0":"post-12459","1":"post","2":"type-post","3":"status-publish","4":"format-standard","5":"has-post-thumbnail","6":"hentry","7":"category-moderada","8":"category-4-de-15-a-20-km","9":"category-collserola","11":"post-with-thumbnail","12":"post-with-thumbnail-icon"},"yoast_head":"<!-- This site is optimized with the Yoast SEO plugin v27.4 - https:\/\/yoast.com\/product\/yoast-seo-wordpress\/ -->\n<title>26-01-2019-Ermita de Sant Med\u00ed -<\/title>\n<meta name=\"robots\" content=\"index, follow, max-snippet:-1, max-image-preview:large, max-video-preview:-1\" \/>\n<link rel=\"canonical\" href=\"https:\/\/www.carlosyconchita.net\/rutas\/26-01-2019-ermita-de-sant-medi\/\" \/>\n<meta property=\"og:locale\" content=\"es_ES\" \/>\n<meta property=\"og:type\" content=\"article\" \/>\n<meta property=\"og:title\" content=\"26-01-2019-Ermita de Sant Med\u00ed -\" \/>\n<meta property=\"og:description\" content=\"Hoy hemos hecho una larga caminata para llegar a la ermita de Sant Med\u00ed o Sant Medir, situada en el t\u00e9rmino municipal de Sant Cugat del Vall\u00e9s, pero\u00a0 partiendo de Barcelona, en la zona de la Bonanova y con ella inauguramos por as\u00ed decir, una\u00a0 nueva categor\u00eda , a la que pondremos de nombre Collserola. [&hellip;]\" \/>\n<meta property=\"og:url\" content=\"https:\/\/www.carlosyconchita.net\/rutas\/26-01-2019-ermita-de-sant-medi\/\" \/>\n<meta property=\"og:site_name\" content=\"Las rutas de Carlos y Conchita\" \/>\n<meta property=\"article:published_time\" content=\"2019-01-26T19:43:26+00:00\" \/>\n<meta property=\"article:modified_time\" content=\"2019-01-29T20:32:19+00:00\" \/>\n<meta property=\"og:image\" content=\"https:\/\/www.carlosyconchita.net\/rutas\/wp-content\/uploads\/2019\/01\/ErmitaMedi-0029.jpg\" \/>\n\t<meta property=\"og:image:width\" content=\"1019\" \/>\n\t<meta property=\"og:image:height\" content=\"764\" \/>\n\t<meta property=\"og:image:type\" content=\"image\/jpeg\" \/>\n<meta name=\"author\" content=\"Carlos Conchita\" \/>\n<meta name=\"twitter:label1\" content=\"Escrito por\" \/>\n\t<meta name=\"twitter:data1\" content=\"Carlos Conchita\" \/>\n\t<meta name=\"twitter:label2\" content=\"Tiempo de lectura\" \/>\n\t<meta name=\"twitter:data2\" content=\"2 minutos\" \/>\n<script type=\"application\/ld+json\" class=\"yoast-schema-graph\">{\"@context\":\"https:\\\/\\\/schema.org\",\"@graph\":[{\"@type\":\"Article\",\"@id\":\"https:\\\/\\\/www.carlosyconchita.net\\\/rutas\\\/26-01-2019-ermita-de-sant-medi\\\/#article\",\"isPartOf\":{\"@id\":\"https:\\\/\\\/www.carlosyconchita.net\\\/rutas\\\/26-01-2019-ermita-de-sant-medi\\\/\"},\"author\":{\"name\":\"Carlos Conchita\",\"@id\":\"https:\\\/\\\/www.carlosyconchita.net\\\/rutas\\\/#\\\/schema\\\/person\\\/a9691f7258c28443fab2d3aa1479ea19\"},\"headline\":\"26-01-2019-Ermita de Sant Med\u00ed\",\"datePublished\":\"2019-01-26T19:43:26+00:00\",\"dateModified\":\"2019-01-29T20:32:19+00:00\",\"mainEntityOfPage\":{\"@id\":\"https:\\\/\\\/www.carlosyconchita.net\\\/rutas\\\/26-01-2019-ermita-de-sant-medi\\\/\"},\"wordCount\":393,\"commentCount\":0,\"image\":{\"@id\":\"https:\\\/\\\/www.carlosyconchita.net\\\/rutas\\\/26-01-2019-ermita-de-sant-medi\\\/#primaryimage\"},\"thumbnailUrl\":\"https:\\\/\\\/www.carlosyconchita.net\\\/rutas\\\/wp-content\\\/uploads\\\/2019\\\/01\\\/ErmitaMedi-0029.jpg\",\"articleSection\":[\"2-Moderada\",\"4 - De 15 a 20 km.\",\"Collserola\"],\"inLanguage\":\"es\",\"potentialAction\":[{\"@type\":\"CommentAction\",\"name\":\"Comment\",\"target\":[\"https:\\\/\\\/www.carlosyconchita.net\\\/rutas\\\/26-01-2019-ermita-de-sant-medi\\\/#respond\"]}]},{\"@type\":\"WebPage\",\"@id\":\"https:\\\/\\\/www.carlosyconchita.net\\\/rutas\\\/26-01-2019-ermita-de-sant-medi\\\/\",\"url\":\"https:\\\/\\\/www.carlosyconchita.net\\\/rutas\\\/26-01-2019-ermita-de-sant-medi\\\/\",\"name\":\"26-01-2019-Ermita de Sant Med\u00ed -\",\"isPartOf\":{\"@id\":\"https:\\\/\\\/www.carlosyconchita.net\\\/rutas\\\/#website\"},\"primaryImageOfPage\":{\"@id\":\"https:\\\/\\\/www.carlosyconchita.net\\\/rutas\\\/26-01-2019-ermita-de-sant-medi\\\/#primaryimage\"},\"image\":{\"@id\":\"https:\\\/\\\/www.carlosyconchita.net\\\/rutas\\\/26-01-2019-ermita-de-sant-medi\\\/#primaryimage\"},\"thumbnailUrl\":\"https:\\\/\\\/www.carlosyconchita.net\\\/rutas\\\/wp-content\\\/uploads\\\/2019\\\/01\\\/ErmitaMedi-0029.jpg\",\"datePublished\":\"2019-01-26T19:43:26+00:00\",\"dateModified\":\"2019-01-29T20:32:19+00:00\",\"author\":{\"@id\":\"https:\\\/\\\/www.carlosyconchita.net\\\/rutas\\\/#\\\/schema\\\/person\\\/a9691f7258c28443fab2d3aa1479ea19\"},\"breadcrumb\":{\"@id\":\"https:\\\/\\\/www.carlosyconchita.net\\\/rutas\\\/26-01-2019-ermita-de-sant-medi\\\/#breadcrumb\"},\"inLanguage\":\"es\",\"potentialAction\":[{\"@type\":\"ReadAction\",\"target\":[\"https:\\\/\\\/www.carlosyconchita.net\\\/rutas\\\/26-01-2019-ermita-de-sant-medi\\\/\"]}]},{\"@type\":\"ImageObject\",\"inLanguage\":\"es\",\"@id\":\"https:\\\/\\\/www.carlosyconchita.net\\\/rutas\\\/26-01-2019-ermita-de-sant-medi\\\/#primaryimage\",\"url\":\"https:\\\/\\\/www.carlosyconchita.net\\\/rutas\\\/wp-content\\\/uploads\\\/2019\\\/01\\\/ErmitaMedi-0029.jpg\",\"contentUrl\":\"https:\\\/\\\/www.carlosyconchita.net\\\/rutas\\\/wp-content\\\/uploads\\\/2019\\\/01\\\/ErmitaMedi-0029.jpg\",\"width\":1019,\"height\":764},{\"@type\":\"BreadcrumbList\",\"@id\":\"https:\\\/\\\/www.carlosyconchita.net\\\/rutas\\\/26-01-2019-ermita-de-sant-medi\\\/#breadcrumb\",\"itemListElement\":[{\"@type\":\"ListItem\",\"position\":1,\"name\":\"Portada\",\"item\":\"https:\\\/\\\/www.carlosyconchita.net\\\/rutas\\\/\"},{\"@type\":\"ListItem\",\"position\":2,\"name\":\"26-01-2019-Ermita de Sant Med\u00ed\"}]},{\"@type\":\"WebSite\",\"@id\":\"https:\\\/\\\/www.carlosyconchita.net\\\/rutas\\\/#website\",\"url\":\"https:\\\/\\\/www.carlosyconchita.net\\\/rutas\\\/\",\"name\":\"Las rutas de Carlos y Conchita\",\"description\":\"\",\"potentialAction\":[{\"@type\":\"SearchAction\",\"target\":{\"@type\":\"EntryPoint\",\"urlTemplate\":\"https:\\\/\\\/www.carlosyconchita.net\\\/rutas\\\/?s={search_term_string}\"},\"query-input\":{\"@type\":\"PropertyValueSpecification\",\"valueRequired\":true,\"valueName\":\"search_term_string\"}}],\"inLanguage\":\"es\"},{\"@type\":\"Person\",\"@id\":\"https:\\\/\\\/www.carlosyconchita.net\\\/rutas\\\/#\\\/schema\\\/person\\\/a9691f7258c28443fab2d3aa1479ea19\",\"name\":\"Carlos Conchita\",\"image\":{\"@type\":\"ImageObject\",\"inLanguage\":\"es\",\"@id\":\"https:\\\/\\\/secure.gravatar.com\\\/avatar\\\/3a4625b20c8da3de99da69bfe7a322774e291c3f90dce7e8778a30fe6748ed1a?s=96&d=mm&r=g\",\"url\":\"https:\\\/\\\/secure.gravatar.com\\\/avatar\\\/3a4625b20c8da3de99da69bfe7a322774e291c3f90dce7e8778a30fe6748ed1a?s=96&d=mm&r=g\",\"contentUrl\":\"https:\\\/\\\/secure.gravatar.com\\\/avatar\\\/3a4625b20c8da3de99da69bfe7a322774e291c3f90dce7e8778a30fe6748ed1a?s=96&d=mm&r=g\",\"caption\":\"Carlos Conchita\"}}]}<\/script>\n<!-- \/ Yoast SEO plugin. -->","yoast_head_json":{"title":"26-01-2019-Ermita de Sant Med\u00ed -","robots":{"index":"index","follow":"follow","max-snippet":"max-snippet:-1","max-image-preview":"max-image-preview:large","max-video-preview":"max-video-preview:-1"},"canonical":"https:\/\/www.carlosyconchita.net\/rutas\/26-01-2019-ermita-de-sant-medi\/","og_locale":"es_ES","og_type":"article","og_title":"26-01-2019-Ermita de Sant Med\u00ed -","og_description":"Hoy hemos hecho una larga caminata para llegar a la ermita de Sant Med\u00ed o Sant Medir, situada en el t\u00e9rmino municipal de Sant Cugat del Vall\u00e9s, pero\u00a0 partiendo de Barcelona, en la zona de la Bonanova y con ella inauguramos por as\u00ed decir, una\u00a0 nueva categor\u00eda , a la que pondremos de nombre Collserola. [&hellip;]","og_url":"https:\/\/www.carlosyconchita.net\/rutas\/26-01-2019-ermita-de-sant-medi\/","og_site_name":"Las rutas de Carlos y Conchita","article_published_time":"2019-01-26T19:43:26+00:00","article_modified_time":"2019-01-29T20:32:19+00:00","og_image":[{"width":1019,"height":764,"url":"https:\/\/www.carlosyconchita.net\/rutas\/wp-content\/uploads\/2019\/01\/ErmitaMedi-0029.jpg","type":"image\/jpeg"}],"author":"Carlos Conchita","twitter_misc":{"Escrito por":"Carlos Conchita","Tiempo de lectura":"2 minutos"},"schema":{"@context":"https:\/\/schema.org","@graph":[{"@type":"Article","@id":"https:\/\/www.carlosyconchita.net\/rutas\/26-01-2019-ermita-de-sant-medi\/#article","isPartOf":{"@id":"https:\/\/www.carlosyconchita.net\/rutas\/26-01-2019-ermita-de-sant-medi\/"},"author":{"name":"Carlos Conchita","@id":"https:\/\/www.carlosyconchita.net\/rutas\/#\/schema\/person\/a9691f7258c28443fab2d3aa1479ea19"},"headline":"26-01-2019-Ermita de Sant Med\u00ed","datePublished":"2019-01-26T19:43:26+00:00","dateModified":"2019-01-29T20:32:19+00:00","mainEntityOfPage":{"@id":"https:\/\/www.carlosyconchita.net\/rutas\/26-01-2019-ermita-de-sant-medi\/"},"wordCount":393,"commentCount":0,"image":{"@id":"https:\/\/www.carlosyconchita.net\/rutas\/26-01-2019-ermita-de-sant-medi\/#primaryimage"},"thumbnailUrl":"https:\/\/www.carlosyconchita.net\/rutas\/wp-content\/uploads\/2019\/01\/ErmitaMedi-0029.jpg","articleSection":["2-Moderada","4 - De 15 a 20 km.","Collserola"],"inLanguage":"es","potentialAction":[{"@type":"CommentAction","name":"Comment","target":["https:\/\/www.carlosyconchita.net\/rutas\/26-01-2019-ermita-de-sant-medi\/#respond"]}]},{"@type":"WebPage","@id":"https:\/\/www.carlosyconchita.net\/rutas\/26-01-2019-ermita-de-sant-medi\/","url":"https:\/\/www.carlosyconchita.net\/rutas\/26-01-2019-ermita-de-sant-medi\/","name":"26-01-2019-Ermita de Sant Med\u00ed -","isPartOf":{"@id":"https:\/\/www.carlosyconchita.net\/rutas\/#website"},"primaryImageOfPage":{"@id":"https:\/\/www.carlosyconchita.net\/rutas\/26-01-2019-ermita-de-sant-medi\/#primaryimage"},"image":{"@id":"https:\/\/www.carlosyconchita.net\/rutas\/26-01-2019-ermita-de-sant-medi\/#primaryimage"},"thumbnailUrl":"https:\/\/www.carlosyconchita.net\/rutas\/wp-content\/uploads\/2019\/01\/ErmitaMedi-0029.jpg","datePublished":"2019-01-26T19:43:26+00:00","dateModified":"2019-01-29T20:32:19+00:00","author":{"@id":"https:\/\/www.carlosyconchita.net\/rutas\/#\/schema\/person\/a9691f7258c28443fab2d3aa1479ea19"},"breadcrumb":{"@id":"https:\/\/www.carlosyconchita.net\/rutas\/26-01-2019-ermita-de-sant-medi\/#breadcrumb"},"inLanguage":"es","potentialAction":[{"@type":"ReadAction","target":["https:\/\/www.carlosyconchita.net\/rutas\/26-01-2019-ermita-de-sant-medi\/"]}]},{"@type":"ImageObject","inLanguage":"es","@id":"https:\/\/www.carlosyconchita.net\/rutas\/26-01-2019-ermita-de-sant-medi\/#primaryimage","url":"https:\/\/www.carlosyconchita.net\/rutas\/wp-content\/uploads\/2019\/01\/ErmitaMedi-0029.jpg","contentUrl":"https:\/\/www.carlosyconchita.net\/rutas\/wp-content\/uploads\/2019\/01\/ErmitaMedi-0029.jpg","width":1019,"height":764},{"@type":"BreadcrumbList","@id":"https:\/\/www.carlosyconchita.net\/rutas\/26-01-2019-ermita-de-sant-medi\/#breadcrumb","itemListElement":[{"@type":"ListItem","position":1,"name":"Portada","item":"https:\/\/www.carlosyconchita.net\/rutas\/"},{"@type":"ListItem","position":2,"name":"26-01-2019-Ermita de Sant Med\u00ed"}]},{"@type":"WebSite","@id":"https:\/\/www.carlosyconchita.net\/rutas\/#website","url":"https:\/\/www.carlosyconchita.net\/rutas\/","name":"Las rutas de Carlos y Conchita","description":"","potentialAction":[{"@type":"SearchAction","target":{"@type":"EntryPoint","urlTemplate":"https:\/\/www.carlosyconchita.net\/rutas\/?s={search_term_string}"},"query-input":{"@type":"PropertyValueSpecification","valueRequired":true,"valueName":"search_term_string"}}],"inLanguage":"es"},{"@type":"Person","@id":"https:\/\/www.carlosyconchita.net\/rutas\/#\/schema\/person\/a9691f7258c28443fab2d3aa1479ea19","name":"Carlos Conchita","image":{"@type":"ImageObject","inLanguage":"es","@id":"https:\/\/secure.gravatar.com\/avatar\/3a4625b20c8da3de99da69bfe7a322774e291c3f90dce7e8778a30fe6748ed1a?s=96&d=mm&r=g","url":"https:\/\/secure.gravatar.com\/avatar\/3a4625b20c8da3de99da69bfe7a322774e291c3f90dce7e8778a30fe6748ed1a?s=96&d=mm&r=g","contentUrl":"https:\/\/secure.gravatar.com\/avatar\/3a4625b20c8da3de99da69bfe7a322774e291c3f90dce7e8778a30fe6748ed1a?s=96&d=mm&r=g","caption":"Carlos Conchita"}}]}},"_links":{"self":[{"href":"https:\/\/www.carlosyconchita.net\/rutas\/wp-json\/wp\/v2\/posts\/12459","targetHints":{"allow":["GET"]}}],"collection":[{"href":"https:\/\/www.carlosyconchita.net\/rutas\/wp-json\/wp\/v2\/posts"}],"about":[{"href":"https:\/\/www.carlosyconchita.net\/rutas\/wp-json\/wp\/v2\/types\/post"}],"author":[{"embeddable":true,"href":"https:\/\/www.carlosyconchita.net\/rutas\/wp-json\/wp\/v2\/users\/50"}],"replies":[{"embeddable":true,"href":"https:\/\/www.carlosyconchita.net\/rutas\/wp-json\/wp\/v2\/comments?post=12459"}],"version-history":[{"count":0,"href":"https:\/\/www.carlosyconchita.net\/rutas\/wp-json\/wp\/v2\/posts\/12459\/revisions"}],"wp:featuredmedia":[{"embeddable":true,"href":"https:\/\/www.carlosyconchita.net\/rutas\/wp-json\/wp\/v2\/media\/12460"}],"wp:attachment":[{"href":"https:\/\/www.carlosyconchita.net\/rutas\/wp-json\/wp\/v2\/media?parent=12459"}],"wp:term":[{"taxonomy":"category","embeddable":true,"href":"https:\/\/www.carlosyconchita.net\/rutas\/wp-json\/wp\/v2\/categories?post=12459"},{"taxonomy":"post_tag","embeddable":true,"href":"https:\/\/www.carlosyconchita.net\/rutas\/wp-json\/wp\/v2\/tags?post=12459"}],"curies":[{"name":"wp","href":"https:\/\/api.w.org\/{rel}","templated":true}]}}