{"id":12606,"date":"2019-02-17T20:23:11","date_gmt":"2019-02-17T19:23:11","guid":{"rendered":"https:\/\/www.carlosyconchita.net\/rutas\/?p=12606"},"modified":"2019-02-25T22:02:52","modified_gmt":"2019-02-25T21:02:52","slug":"17-02-2019-refugios-de-urus-y-cortal-den-vidal-raquetas","status":"publish","type":"post","link":"https:\/\/www.carlosyconchita.net\/rutas\/17-02-2019-refugios-de-urus-y-cortal-den-vidal-raquetas\/","title":{"rendered":"17-02-2019-Refugios de Ur\u00fas y Cortal d&#8217;En Vidal (raquetas)"},"content":{"rendered":"<p>Hoy volvemos\u00a0 a la zona de Ur\u00fas con Lluis y Asun, para llegar hasta los refugios de Ur\u00fas (en alg\u00fan mapa est\u00e1 marcado como de la Pleta dels Ordiassos) y al refugio de Cortal d&#8217;en Vidal.<br \/>\nEsta zona la hab\u00edamos visto cuando hicimos la ruta al Grau del Os ( ver\u00a0 <a href=\"https:\/\/www.carlosyconchita.net\/rutas\/05-01-2019-grau-del-os\/\" target=\"_blank\" rel=\"noopener\"><strong><span style=\"color: #000080;\">05-01-2019-GRAU DEL OS\u00a0<\/span><\/strong><\/a> )\u00a0 , pero desde el \u00abotro lado\u00bb, por lo que hoy podemos ver el pueblo abandonado de Canals en la colina que tenemos delante mismo)<\/p>\n<p>Desde Ur\u00fas nos dirigimos a la carretera que lleva a la Font Freda, subiremos\u00a0 hacia el cementerio, y cuando lleguemos arriba, en la curva que hay un poco antes del cementerio, empiezan 2 caminos a la izquierda :\u00a0 el primero\u00a0 estrecho y con subida, que es por donde se puede llegar al Coll de Jovell (ver\u00a0\u00a0<strong><span style=\"color: #0000ff;\"><a style=\"color: #0000ff;\" href=\"https:\/\/www.carlosyconchita.net\/rutas\/03-01-2019-alp-das-urus-collet-jovell\/\" target=\"_blank\" rel=\"noopener\">03-01-2019-ALP-DAS-URUS-COLLET JOVELL<\/a>\u00a0)<\/span><span style=\"color: #0000ff;\"> , <\/span><\/strong><span style=\"color: #333333;\">y el segundo, m\u00e1s ancho y que baja ligeramente por el otro lado de la colina.<\/span><\/p>\n<p style=\"text-align: justify;\">Como no sab\u00edamos si habr\u00eda o no nieve, y si podr\u00edamos pasar, ten\u00edamos la intenci\u00f3n de seguir con el coche para investigar un poco, y ver los caminos que hab\u00eda, pero al poco encontramos el camino con mucho hielo, por lo que dejamos el coche y empezamos a caminar con las raquetas.<\/p>\n<p style=\"text-align: justify;\">Nos dirigiremos primero al refugio de Ur\u00fas, situado junto\u00a0 un cruce, que nos se\u00f1ala el refugio del Cortal d&#8217;en Vidal a la izquierda.<\/p>\n<p style=\"text-align: justify;\">Pero nosotros iremos a la derecha, llegaremos a este refugio por otro camino , y despu\u00e9s , dando un buen rodeo, llegaremos de nuevo a este cruce, y regresaremos al punto de inicio por el mismo camino de la ida.<\/p>\n<p style=\"text-align: justify;\">Como curiosidad, hay un punto en el que pasaremos justamente por encima del t\u00fanel del Cad\u00ed, aunque a unos 480 m. encima del mismo.<\/p>\n<p>Desde el bonito refugio de Cortal d&#8217;en Vidal, tenemos unas magn\u00edficas vistas del Pirineo, por lo que no nos hemos resistido a hacer unas fotos de los principales picos, a los que hemos subido.<\/p>\n<hr \/>\n<h3><strong>Album de fotos<\/strong><\/h3>\n<p><a href=\"https:\/\/photos.app.goo.gl\/Ls2KM5VEvMUA55hi7\" target=\"_blank\" rel=\"noopener\"><img loading=\"lazy\" decoding=\"async\" class=\"aligncenter wp-image-12608 size-column4-2\/3\" src=\"https:\/\/www.carlosyconchita.net\/rutas\/wp-content\/uploads\/2019\/02\/Refugis-0431-285x190.jpg\" alt=\"\" width=\"285\" height=\"190\" srcset=\"https:\/\/www.carlosyconchita.net\/rutas\/wp-content\/uploads\/2019\/02\/Refugis-0431-285x190.jpg 285w, https:\/\/www.carlosyconchita.net\/rutas\/wp-content\/uploads\/2019\/02\/Refugis-0431-272x182.jpg 272w, https:\/\/www.carlosyconchita.net\/rutas\/wp-content\/uploads\/2019\/02\/Refugis-0431-570x380.jpg 570w, https:\/\/www.carlosyconchita.net\/rutas\/wp-content\/uploads\/2019\/02\/Refugis-0431-380x254.jpg 380w\" sizes=\"auto, (max-width: 285px) 100vw, 285px\" \/><\/a><\/p>\n<hr \/>\n<p><strong>Dificultad<\/strong>\u00a0:\u00a0 \u00a0Moderada<\/p>\n<p><strong>Distancia total<\/strong>\u00a0:\u00a0 \u00a09.848\u00a0 \u00a0m.<span class=\"totlen\"><span class=\"summaryvalue\"><br \/>\n<\/span><\/span><\/p>\n<p><strong>Alturas m\u00ednima \/ m\u00e1xima<\/strong>\u00a0:\u00a0 \u00a0 1.312\u00a0 m . \u2013\u00a0 \u00a01.691\u00a0 m.<\/p>\n<p><strong>Desnivel acumulado seg\u00fan Wikiloc\u00a0 :\u00a0<\/strong>\u00a0 \u00a0408 m.<\/p>\n<p><strong>Tiempo total \/ en movimiento<\/strong>\u00a0:\u00a0 \u00a0 \u00a0 2 h.\u00a0 42 m.\u00a0 \u00a0\u2013\u00a0 5 h.\u00a0 03 m<\/p>\n<p><strong>Vel. media total \/ vel.media movimiento<\/strong>\u00a0:\u00a0 \u00a0 1\u201989\u00a0 km.\/h. \u2014\u00a0 \u00a03\u201952 km.\/h<\/p>\n<p>&nbsp;<\/p>\n<hr \/>\n<p style=\"text-align: justify;\">Empezamos a caminar por el camino congelado, aunque despu\u00e9s se ir\u00e1n alternando tramos con nieve y tramos sin nieve.<\/p>\n<p><img loading=\"lazy\" decoding=\"async\" class=\"alignnone size-full\" src=\"https:\/\/lh3.googleusercontent.com\/5YkAlMrQ1oXEiu9aUGiCHvTlMk7CuONA95Rm00l45EiKu-XHL-0784CHGajyvi0Rok6_NMeVuCXkjyYOUawvex8hVIkZQGaaOjKo-vetc1ksxVdJxgJQYavFcYGsGO3F9WH3Gl29NcqOY4xlY0ZL5iZUjS4BiCu7rsQ7-t-UW5QugLVKRd5TEmiTc2H2yqO9TFPEWYPyV7cybfcU5Wg-9LfRTgX3h-vZ_QtQthV4n5ybMpsrjgdcjzhKyWdqF08Wa5UVBfMtnz7J2SVRzUpYwN_OzGevNrETcxbRW1fVcMwCXXwMVxV939jBehJVvddJidYXiTLOIgWc_XLLTWlpZesUTYA-T88ZSGpr1X4VgwpF-DbCQ7ULo9Lj9iYyueByFW57Daur7_U8D_TFWaAN3F64Q-7lmWNmS5hENVaaAJCcHQFMOC_dMMCXXDuklsI9z5_rn5ScKLT7Znifu14rGTD4iKD-CSZEz_M9jm8lxD_bJrbZ2H3qAyqhcWPwsZBg9PnEVJutBLZkglK8LnQsMmPZ3BdoLBXL8opbG2m8oMCbOsVNk8s0caeHvwl7JP2Xr182n5i26yOcaHg3Kfnx-OkF7LijBhfLIAUIIQUnXAo6iKSgI2JnPptqfLqkJ7HO6CzgROed9RlEJtMdDnCu_WZnYLk48RQF2Ip2PAYlbmkhIwTRf94GPBOjzZXTQMuDE1E3jpJZUzxz0xIcWMAmdkss5Q=w1024-h576-no\" width=\"1024\" height=\"576\" \/><\/p>\n<p>Las ruinas del pueblo abandonado de Canals, en la colina que tenemos delante nuestro (con zoom)<\/p>\n<p><img loading=\"lazy\" decoding=\"async\" class=\"alignnone size-full\" src=\"https:\/\/lh3.googleusercontent.com\/KqJ2TKvvv5Yxbz61oS3PXXJmsvtfcS4kzDfeAmJCzv2Pi-AJluOUlATdNbdrPbjwtqheZd927TG5sY5MncVe4rVIySoWeNo7uKfDxl7t8IJBRemDYQu6G7cQOM3HAX13tlsAsHDk0OlavhmJQ2j_akDZ7UplKsUqx4Uax-e99hfohR-SKa4y6jcC_b5O-TUCZOpQYM4ZilHmEE6OxhKfX-TtSQzNllx0nL-BKDGq6aESRfpsAut3qHVABn0eK-PMlsWNHGs3eq3EQen52cWsOJmwmHHJHLX5OjYVInaqrVjPrhn6GrTFyRUjroprT2PP9H2U84RvMfpyqPegmL3vlbIpQel5kvtU4SY_OYhqt7saR_9OpnelOrk41Mp6cajS6hzuq4CldRkNffYjfgpMzR852n3n7iqDKL9MUhaLP0yx-vsFYgC41mvx6EysaYBU22swGU8kuyxFhm8kr3kdzhcVhOt6BUEyv0rjoEIEh4fpWWsLQ2ngOXKuM8WA8vX0VKeZa0Q7lDg_uqcQZ3Q6j8_yR07EPrjAoTJKXhJlIJ76L14ieCzr-HvRjV5xN85ThbUkuT1Nn9a-yl7XEiTlG9KrwwBgFE-z2uJ7j-vICvVJ4vCd3ov_-EBWbmOXWEkaeiUcyQA7s6xpfPK-6mIsDdD9ebBIGPjn5bVaPP8F30b9rdRvHxyh09VmmZ_yCEGeutgnpn9M47lArsgPms3ZkRRNMQ=w1024-h576-no\" width=\"1024\" height=\"576\" \/><\/p>\n<p>El refugio de Ur\u00fas.<\/p>\n<p><img loading=\"lazy\" decoding=\"async\" class=\"alignnone size-full\" src=\"https:\/\/lh3.googleusercontent.com\/CjS9HlsXRXrmcTLouh9vyqvfFaIIYeeClFzWHbJtdjh6I-anbGrKGLohti2NXI627CeSNRCSXh5gQsjZ6lDZFEGb4ZUrJ2vB0NyK38TWZugDRRvuqWGUr9RK0HLRaLDz1yxKYHF8jD_rwhZ2kuERC4rtVscJodtXedWh-qSBBUaHUcKsUYvmBGFq__P3zBtLWu68wO_VPIrbqF-1x9j8RJ_LVMxY5r_cjjY84GK3_WzrnNy6x7ntGrchR-iHMMVeNhK4_1amvUV11db1rTbsRCNasIqHFrJpdM40QOtftp8rcwMOL_TrYRwcTaY6sCvdVnKaH7ve1AckPv83gVJeuCxg4Sbmi5iWyD9MdrYH7n8GeM9qOPpYm4msKoJjhaeZVEzDHc-SlawNmtGPp_10lezo6VqafMx7_fuwsF77BJhnsJEMZiG4ogEUJls6HCRhCLEDBPSfvcWzLMm6T_1fFKEUX7TTl6cRBxeG2EheAWe4zGKmouMFhzBLV-p6sGG99NJIC2yi2udoRoSX8ZNaI6c9uXUDbg8LH1O7tZyELb1X9Cmonh6efExXSe5cPXSRvvJ4yCd5JmbtNdXymUswldCbG8TNP-99g2gd2f7llvt-sEHgCT9UrwVZq7_LAoymR2X8RyzA2BT4eTGYsSgph8GP3smnGFCj5H5i7tHzgmn_mxfMKf5ze6_rYarK86F0y1jQJ2BD2N6cyAGwMZxI3r3cDQ=w1024-h576-no\" width=\"1024\" height=\"576\" \/><\/p>\n<p><img loading=\"lazy\" decoding=\"async\" class=\"alignnone size-full\" src=\"https:\/\/lh3.googleusercontent.com\/7gCcEjabDVmhQkYgaZB2bE7T8AaJgW_d4iPRTe9iGtG20JI8wf5btnKDLA-MczbAOVqaoO5CL-FUBgVkD55OOKYO9TKP9Xk6jEsBy9ceV8Xf4JLDMWYWeK-RU2ouhx_Gze3-oWliObtIwXPtZZlDxVYy0si6GhVm0Ru0MEw1Rs8UqUPdeva1beqXZ8MBwje017LtuZpFUMZlz5qYTlGwjy0Wx-V3KwRsrQ0AJiTGGp8m5PtDlN72zn7Fg32tN27PAjBZa1kT5o4NfVZGo34r_5SmqPp5bnKdBE4QrEjfNRm9Q3jLoviVsPlQQ-RY7raNwX6KdQ6rsZvKHltV6qxo44Z4hwznDgZjj954E035J17WsHxgXKRjczGvxqN6OnibjDcgCiSRd43drQDs5MwhPwXk2y5p5X5C8tB-YV96MjdMD14JNRoxWQ64BTJTnRgie7vaMy13vb2arrVfpFiI8mt9h2_YrxE1pBdAFH2LK0QCI-7VQP9ox7wTRP1tNTiRqfUgev_p3M3rGKHDjybGmz0YFr_8nZhprV8FYaPiSlJy3WRiyuUxEiWW-bCyaB4MMt2V4seGJCqQqkISSFumYn1HLvK1JbnDFHTN64K3OTSJ9eYAUfkkUWzEexVm0z4a8gMjjmybwKdob9DpAm_NxFZD9M730eJLSwrJJi7GRHsTLlEiIkwLfDRl2TsCBPRrlhkLyt7NdKszfvBsGLdhP4bHSQ=w1024-h576-no\" width=\"1024\" height=\"576\" \/><\/p>\n<p>En este cruce, nosotros iremos hacia la derecha, para llegar al refugio de Cortal d&#8217;En Vidal por otro camino, y a la vuelta, apareceremos por la izquierda.<\/p>\n<p><img loading=\"lazy\" decoding=\"async\" class=\"alignnone size-full\" src=\"https:\/\/lh3.googleusercontent.com\/lEG3VnyR33NlELGffU5CY3YnZMrV_K7rWNQ6ZbfLYpn69pJxJlyXrA2K67DOoOWC9sarscSDaO4OL1vUeSKsbovMHWjitosSUA2unS9WMLSwHLcjE7cf2UJSSFy1OlmvaUfqvhnz8NjJKdJDAdSNdv3eo1RFzjJWTlCliH_JQ_SzlHSahYLKjilqxutNRrs9tWhI1qLlrDc4hnCEYf3GGN9oCXbPDImXKcFnKf4dFLS1-2xzBbBLcz0GRq06eLNy7eOaAMqHlPgZlett8Tdy7D31GMcvdoCv02Tj5oD7YWjCOJchqBhGF_t2CyluUH8rT1oa_tCyJbhy3i9WYWWS1sG6gQz9O88YDQ6xAvRYyVes27rXYtWV1_gFcx-_rpZiSQj9dNo80J54txH2bKZjB3YpY6Ciz4Uo1uLhVWLZkfk-39rJHvq_x9fDtMmi8zUyCOAt0irs390I9PtMAxaEgEULdzznmgCsvbtYD5nM5bTz2Wgs1o6uh8rl6jYrxJfmQMohDx9ssGuOXEt0XG1Cl-mr0nvlArCVKv_s3UKpnr89W0oikvTgRJWY5unUTQdawitO4kJxeY5tucJTHYZLPZ1aoVTFe9hTTZr0mfrDhzsgt_EqVzP02XLB3TB1tKWPZ61QqHa0mgEh7HXzzMUoUtu-qMss6ebfvIwVDaHgOrA4pYoJM637wTEmL7XDInpn5QmRVhpRVNNAtBWngVRGxnEPRw=w1024-h576-no\" width=\"1024\" height=\"576\" \/><\/p>\n<p>En este punto, dejamos el camino ancho y subimos por un estrecho sendero por el bosque.(ver track)<\/p>\n<p><img loading=\"lazy\" decoding=\"async\" class=\"aligncenter\" src=\"https:\/\/lh3.googleusercontent.com\/ZgyNgweYsHi_9UT8RNAypddOcNOHhqKEbj6it1WvsDvEE6S9KZ8kPUAVwY7C5_d4ak1IzK8zCPetKy0Eil2kYf_Pl8sRz0V1rF180beqYKd8WPtdccoXQ-L5m0DyI3XmN-_xvPkjaNZSrb4_hqXVK-dgWWA8E3HwDQfX7dm29q9HuAzLVOpbXIRXPDXE7HS1zjNxpnjUKtzpJ8PkYjKG9-p4O4CBF9lRpNxI8RE412CKioEJK87SksAy49byUCjtTmI-fyc-z3-tk4scLJFBUzm8ZlNdVfaUg-SGlHJ8Xob0JA9o-r1I5GOCNXBEvgRDcipca2E8rNoD7RoNO6sG36rF3UY5tmnnXfykT3f_tyr8lKTdc2-XVBYTfh8G_l-o3FKfWoNSEAIaB5zmB09xgd_S9EGduNtGGcg48Z0FIZX6u0MVVL65vC01iOriABE3fJiIFVNMFFhYozTdoOpo6aSKrryiHFVclcIoGYC2oAeVDzPUVj8zvxX6u6np_38iIfLd6ivKqyF8hWN1Snp7JMxC9_5tn6fFopTWELlOIERKIWZc0ta14ZrmRnl8DVxyHjHQZF0bfQGGbAKjnsrjGtvkrYyJS_ZxS2Lh9HyJ3qmU1K5Xe4xPrK8oubAXw6PFsZX_UehRg5Etelxgm17fj9jFV7S5b97VsZ5qaxamJvBjIXP0MBO1KyCvSKJcVTZ1vfKOLGvQcrVVp-jksHEGU6IvDw=w453-h255-no\" alt=\"\" width=\"743\" height=\"419\" \/><\/p>\n<p><img loading=\"lazy\" decoding=\"async\" class=\"alignnone size-full\" src=\"https:\/\/lh3.googleusercontent.com\/VertiKAqqshnU04QHdmvZhO_8Ur2Q0WcGRQbAFMWICgEk4kJmhtXF0eQQEGdGrDKEkW3kaCy5ySWlOYLOHAxPSg2nseV6G9Q7Z1hqlDxK454jyP4S9FYLBrYHQLMxhjdgwT-D70N6juPRfVmJICJOeox56sf_1CfyUbXGnNlXYt7bFEFA8oLuHa3GD2lmYCHsvsV_XC9xq5CYIrwe4b22TJC5sfgis1ahmn8NJZaQH8v6T3mx6jeM_gbOS4QZK4h99zv9zKWjyVLjoEKu64fN27YnrOszVYV9N8mTDkk2Jb88u5PKCmQEEtANbobwHHZsjNy39wH30HD9_4G2rQetTZKoqMko11SU1IT5UFt5q2chUJAnkjuCYnewND97qhjInx7MCQ2qu34G3s1nPWG7Uo6DU_IQw1deXK25lCYgc7Dk15sH4TaViv5iZbTmQkFjvXByGOhNjFTaf7bzQKqLLYneAzEAEhPv_bf-xUiqbufnw3iBVW4AmY3BA5fCWm0P4fGNjaYXiJnIPCPTOOfgN50KnA1wWNIOuXBmjcXQK_aX9EYhi2sbyNADpne1eF1R7Q56_KPVj4NU3nc5iBlof9BqAd12kZo0NJ9j3zGAdNrzgN-4MkJcc0Yqn5QNhOm9YmmjsPg-4cIAn-Z3t7ZpwcCms4qGDk-f4_Qrv6IgmToQ-OgCbFLdLuI0mCxvVl6UvVMAwLwLGdwbVxjtPliPqjsew=w1024-h576-no\" width=\"1024\" height=\"576\" \/><\/p>\n<p><img loading=\"lazy\" decoding=\"async\" class=\"alignnone size-full\" src=\"https:\/\/lh3.googleusercontent.com\/iyNs4UEG3Cf5OBIAuNDaF3uVH0595s8iEdeRM_gR38y-0ZDcZNb20K9h76d1f0lfFFahDLCHBY2rO4uztTilWubUkHD7b_25N91dLttkGXbMtM-3MHcEquA_Ginuk2MmonIpIErM9m2UffaO5VpQYm_cGBhTnheuoD93CqRK7gm6Li-apCI9zLvE8L5kNPEwCALn-mSKCPFSwpQc5IYyGdoMDtB_6uq5ioH9z2YeiDaxYX9_4sOc2TqsWqQsFX6z3r_33iucT_a0uXdxfUaPWfOpJaECYC9hofx1NJx0sMKZ0fbE5YY5_QDkKy9eNcPSZO8b9h3ehFsfEQb-EeiGn9bxd-ffg4CkuZGfcbk0QRYBQrsrZjScnctrt1ZHQOATRYIBa9VcNQVJ7OpSqsL0w-pw4TVqbETy2NhmnhxNzSCxUniRs3renY0vxXa-mAbwlXCIrI5U4PWMiUiCy259frUg_jM1p1Vvgxi_t5CEpHLKexMCDdc-8_wVZQ8X6BGnB8u4mKfvFQXreIrZ04tT3QqqlvFtFnRItxyWsVjY_dT4vAYX35ExbwCm-W11WsRh30LES3qxg_jtefnmtvO7pttLIPPXttZmcbhVlNrs6PFRKnGqwPUUq_0IQS_nCMsCTFjglqAtKoOJwJJO3vOZSYyZqRVD_pIn3k7kG12kktoTSrI849EE1SptGA2NhQD-n8wD0a8NnmwPJfWlnwbCmWMQVA=w1024-h576-no\" width=\"1024\" height=\"576\" \/><\/p>\n<p><img loading=\"lazy\" decoding=\"async\" class=\"alignnone size-full\" src=\"https:\/\/lh3.googleusercontent.com\/VA9LZFkwunfyKI0HET-e3yVYDu-waBTNw7pP5LM7i8H_aycTsiNKpuvDm9ge0kcjw4s-m--Qfw48IwEApzVI-HOYdDuupYFyu7j1DnH3G-bddKr8EPSrqT5PQUTPruTPqWgNU7YyicvVldx2-eVpumiQ7_olIuF5jfMjQB7_J9FIxbPR04JP0_bTn6NED6neT5pZm6cHcXOjf7pe6ZCVymBGj2UH1E92k7v2wJMWpSBqGryIY8vpJayYHeuWiR_9dOSRspgusvQnmixkWKuvkelpuK-QDXsW425f6dXtMDxCUKv_Za0mzS1WIH96cXEcY3VbgyFVJaU67svWVoPWftik7xdoJae2yqzazDBW_pcjdVOCJCKh4hVp4yoZqMEXmC0OKggckJMvmWbM6SfqjjxesCHFGCYH0y4W6f-SQfOovHTdsT2GgJ21tDnMkuxtPnyk8bO_HtHuc4t0G3FTq16aWYJS_a-9H-Tj2FLizdOANOJHJZY2h5GoaWieeoQpwqVgUIecTITfYKSCtX6I27eEe9fGgPK2Hdz0Vg53Wy5JQrRXaiuD0oNlZ-j2f5PXW5zJRld-qGKTumCNepF1DWaPB0aTcHSLHAGeiz2Wdftk1XYDt8KbcWU5qmdXknMNVfXnCQUqDogNpK3jmpElrdd4602ddZ6J3SKRUWENEpouMyH7tOhafbQzBnM6BqPrkN_OeHMiThCtgijYNFnBsvZTJA=w1024-h576-no\" width=\"1024\" height=\"576\" \/><\/p>\n<p>Con zoom , podemos ver perfectamente al boca norte del T\u00fanel del Cad\u00ed.<\/p>\n<p><img loading=\"lazy\" decoding=\"async\" class=\"alignnone size-full\" src=\"https:\/\/lh3.googleusercontent.com\/NdvnPEixXBtOimUEo_A5b6euDgW2R7J-x_Au-V981rUQQ3XgHl_E3AiwmA5_vyUYRye7jzXIIT1czkx4IvVDW53tngIE59zza_DGp8KvUmkJll8Cp8giCOt-Ollh69U2tJq01M7FQHRF5871buNgMAEHqEkHdgA5lXVekMY_sbFOfyu5-o0oyWIyVmgAgpPyyZwMNvTQnONgSEJ4FqdDTiGNBCYG32BetuMQ0zGf43W34wBtv5V9WVlThlZGyp37sUbCkSV2GxEwrko_SVJwmAXr-mxobkii7eTSeGzdJdEiSybpDg2j6_rBc6YRWF16xFBLI2bz0cS3Tgow5NitzBPOOY_E_ZsCf_WFI4R4t_2V309AzxS7yPd2XCaMtGXW-O0HlOHkkhgn9LbBX0mANY7Ge56-AEjpqMftFLTyJUK0TnvHIWzjzl_95d4dKLMqnmWXkd5bn-ST1Mgk8v527aEmmR-5eHuatsWGTeZglPtoJD-Eb2WLqvbVSuZQ7agVr08f3szRR879sLNNRbnc2cUZK3xjO0gISE-i8Q89nmfMl37jubMIHM9Ev2MbD0dq9skMw_BlEtfDut2IpfrrJ8UTpoeQNXtX0XlBNHqt9QxTOkkCLiwFZZivORn7i4rMn722o9J96nHwQkXiJgQ66prJeAFFDOT0Bq8a0NskyGsrdfX5Y73-ygOXjnrtKGBw057Qd7WCzIT3xZM6t8xd3svZtA=w1024-h576-no\" width=\"1024\" height=\"576\" \/><\/p>\n<p>Y aqu\u00ed estamos caminando por el T\u00fanel del Cad\u00ed&#8230;pero unos 480 m. por encima.<\/p>\n<p><img loading=\"lazy\" decoding=\"async\" class=\"alignnone size-full\" src=\"https:\/\/lh3.googleusercontent.com\/PdCvjZPPKUFFOQhvhXyW9yeIX21LT6Lz7y9qZb8hd198DmaPTHHG6letR_JpQfo571bsggBxPoQkk2vGr4q4-zvPmi41TYft-i3u7rkldhQBPqhFfmrmHrvn-QoooOpCaX2QNW6dios9WJeIlZSmOjNvcwYP8AL536l6rvG69-kAbue3e9DwvxmkRAQtQkAuAuW9CjnsT0UC8OBR_ciM4EXzvMqwT_vwNWbutcqEcIbNdNoVU-q8pkpaDHlMSwyIMibTM2OzqoCIFKbOibsE3uw5TPrcu_rMzPXNfbJpTY6-ZFoIxHRVPs4LOG45iGzEnZ4sSzJOeukQl-UMmbOHZNP6x1OJfakkgaG3NpkGyg36bY_k7Nf_4kGBSuhAmu_kmudshbWwGD5L0uRAYEzIByHsBxLAYt5EKrK6-aa-H1p5v1ZoDV32C9dkaQauEV2kjFn_MrBBElCES4agRU7CBtR-zfJZW3EEHGvpNHVma2cbEWUphSI8th-1uWqt8JV3jwwEhL7Sn_0XKqLLivheiWbFu7HCea97RcPw7Bdr2BxpO9g4E-xqjqmL0LJiv_fRTixAjDzY83kJ0mvm4VGubr2HpjjGpt94snNSGcYTT5MTrcXOzZbcD4r52UAOyhbySKICFFZET3rfXiqoHONDK0D-PzCmKfy425dHT7NRVLWFFEzgn_J7yzlCZpHAfkhICN6g3E7qnhuor0QJ0hpXEGQntA=w1024-h576-no\" width=\"1024\" height=\"576\" \/><\/p>\n<p>Llegamos al refugio de Cortal d&#8217;en Vidal.<\/p>\n<p><img loading=\"lazy\" decoding=\"async\" class=\"alignnone size-full\" src=\"https:\/\/lh3.googleusercontent.com\/Hu4kBO_KEXD3n9gSt0ieZkTsAF3LveOvg9ec7OsgJdY_dsLHToNx4j944t4SvJmjdkUsetbWNs7mJfklWYs50_cNqx05Yj9-Iiuv0FKEdROXXzjOssyzVZrkXnB15jaMWXy4Nv8uN_Edh3gLEO_Hl5elEgmBCviv0DQ1LGAjQZc0niOt_pOKdvAqEIiqfYc4LnDauXa41VKSsjm3IgtBuuF55ZVhAikKzxFlAIsSW7HUvT4GA4KTJvTEJP6k-FqC7OJtpnw8uGnotlaQRR4Hwh-1-4ZCnf6RyoNBToYBoely1S9mPnfXtY286dDVXkcgFwWpDbSe56Y8GSUmJXxqoqCowi7G_3XdOPATheFNVQOw3P3Sv7FYJmkMM8UeZkCdXGcuzztZ0t12CGbFSeLsv-Jl0JBOUnfCjaGjXlK1moA5LM22B1VUzIC5Pqa0lhxkDxNLuVuqCTWG763APEDvWfosrV7tcn_KJRwkNgBqpgkdaeS_4X1IzfimhytDDtsycIoLarWX5SFYhKLDfB5NtG6Dsosq0p-DecB1X_SKXSTkpgz0skan-IS4jrgMzwa8rBG6oMTO33Vl762StrCsISAaUW_wLlMmXW6mQ0UzN0g6AtDLMc9Wsd1a5Vrtvnw2qpG_qMXRyDXFjZxz2x3aplKV9Mc_Kh6Ct3Q9OKovUxOQNSq6i4hjzRjZTfyhJ7adQln9wLokEQQTREK_39QVCSOGbg=w1024-h576-no\" width=\"1024\" height=\"576\" \/><\/p>\n<p>Es un refugio muy grande y muy bonito, muy bien construido, pero desgraciadamente, con demasiadas huellas de gente impresentable que no sabe cuidar las cosas (pintadas, restos de comidas, basura, etc)<\/p>\n<p><img loading=\"lazy\" decoding=\"async\" class=\"alignnone size-full\" src=\"https:\/\/lh3.googleusercontent.com\/e-IzajrmdeMz9bSaj9Q9YBuncz_BkjyuTnBH3lC__DQrNLmRO4no3tsG_P7g9fHl1Q60viC4qqrNe8clKqqpdOwIbf2D_aumXQQDWQcAVtxtOWSCu4Lir8M7M_bQrWR-jn8BJ_dxk41v8M26VChi20JMQa7IjGP6f28oujrJohmNJyOBtJ0vrcJqMqPTvTVoWBt8m9RrDLvVT4IXfpo2EJGTB3ZjFO7YjepMFlsqfFImUYPf70273Ly4kJkClThxh9lBjbGu9nDtzWlx3DotxWcPLKyqsk86epA1yl4d970q72_03zKB7dVNnVOvqdwcJrIPXPog_cOTJre9e-5cuKorfmeATFVOt38cYiiJNgZmcomtHFeDP-zR1dYXQmwMwNMrERlQ4RAEns9cCMql7li9_phqDppf0L3nDTVLWOhZP-h5vfy1CYi3MlnwssOhw-H1vBUfsiPrp0ezBmtZG17Vdwj2fZjUGYIuQiG8Cide7yYNtogXv1MfcaYgq5BPH2-jxsp9QPp5Agyy8N29yWaHzx9pUNRjN1QVZGo1yEZg8By1v0Gqj-SGay8pQtpk1pVIfCd_OUaPQPuGpsVDDTPaNwIAdv8SQ01-L142h02QQn-5biaoS5qITiUXT-WXxR1mbt5y-RySWabTSxnwJUAmlebyz3voU2iDNN51Yq-fBhXkXcHIEwU4Dabi6PkkNayWtXxLzkedCjoWgbIe3C4jkQ=w1024-h576-no\" width=\"1024\" height=\"576\" \/><\/p>\n<p>Y nuestro amigo Lluis, en su m\u00e1s t\u00edpica posici\u00f3n&#8230; siempre consultando los mapas par orientarnos, y como que no hay mesas&#8230;pues&#8230;<\/p>\n<p><img loading=\"lazy\" decoding=\"async\" class=\"alignnone size-full\" src=\"https:\/\/lh3.googleusercontent.com\/J0P5I8FprR7cD5CRqqFKF9ySSFvQFcynWzev5mKsx7VDxfN4ljCYvXS4OjkANhuBxxS2rWXQxZVC08YCoau7KwGFJA1g5Rtp9gr2tO7DvXFRX8IepQDMHnHGkeiozpczIgu6fwX2Bf7tX99YUfTVcNj4QfYT2-Y165B2epPGk3tCp5QkT0Gs75gfp_BsE3v8FzOsPsRfVDtQuR8p43abu-prhRVOmh0aUWcr9uTZTs5He8bVqcxk0mhSX-aN2X_pCTckXQGaYl4aRLx76BtIoWhmh1U9PRvY_5OVd0XUmEiPosTee9PtmrVMjnbUJU0f0YTwdc_MvPq1Pj9339y8NWA4Ki7jFoitoF84zMor-6j5IvdbabmGWaQFwpt9Ae2P6W9j_BiV38rMJJmcxVi7_OuUPhYvVQnzwuYLUtao7qozCzI4Iih20O5s90MsnAhVk5eJQ-th6uj2tElClnmxPBX5eQc6rq6Vopxzwztc1rDQ-9ckM0KgY7uLrIYo_t8LGpb9G9-K0eQKNzkvun42rBSn5pNmdILDdNRkcWR1B8y5zhyX_pzCJlnbp9xIq9vfIdFGMZqiCelDr-R49AtYYSCchkO2E0FhpSomdpzctAMkRdqBvYNDPoDYwJqU1q8QDGycbITv-o-_Lvpl4ecZmqSo2dbjHHA4cP3ftAD-NiaR5yWmebwZ2TgWEwkM59wXWqpPClCNAWC4ugvTcOSJwS4MxQ=w1024-h576-no\" width=\"1024\" height=\"576\" \/><\/p>\n<p><img loading=\"lazy\" decoding=\"async\" class=\"alignnone size-full\" src=\"https:\/\/lh3.googleusercontent.com\/pQgYqtX4-DDIxh12YC-o3MdA9OGRQTsSeNgukg2Xsr3QJzbQcgAl1tTp8qJWsBEpilCwBqdFebLXm_aWT7ecGDatZh_TmCoPK5ZAV-89a3QnPOrGeT5vjX_czx2Fm9Mkq69A56XeDchFKVu3dttU87fA-B3KtlTMDe3MHsF4u3B-kCJdMm2pWX0b1oW68i1IYgKH2jW-XYoW--ca0ma_CfuBAxawnAGcOtIIaixD2jukz4QyvUpWD5Wg6AwoSC3vQDfGdCLueBOLZMFThdY8uAOFqsGTih_Q4H7pDzLCAzfWQODyn6FRccTmzEJNQp1bdFVBBkf1UfGoUGlsceDVg_elrjcrwCdoWLyZ5FoE76Clr8sTbBvvYQ1FaOAg_MIKvylaNRXM2AK1PF-SFVeSDcPmoCwtb3g0YPfORncFnHcdHh47yG5olHUPNq3vgScqFfFKZ0Y4BPE6PCCtVfUE8HfMPS3MseS2rVFqp-SDUbwWKVhS2RjezfBdHK5ONj0mAG5SjRrdBGQ3i8zwkJD_b5tQiwN7wwKXrMIjx25QplJwazL4KBvapE0bdJDO9QVhbO5bOiLNMeii2KhxOtdg_HdgGk7Oh4pdJyMz8wO6cso1d08aAzV3wKMDIMEIVPELTnzLF2bTIwOCT6cpJV76TvzrnszfChoukPqZzHaG7LgugdMonxWIKTM64GuC2GLPGDaACGr_NBoBQykGU29kYPSPvg=w887-h665-no\" width=\"887\" height=\"665\" \/><\/p>\n<p style=\"text-align: justify;\">Y aqu\u00ed fotos de algunos de los picos m\u00e1s conocidos que tenemos delante nuestro y a los que hemos subido.<\/p>\n<p><img loading=\"lazy\" decoding=\"async\" class=\"alignnone size-full\" src=\"https:\/\/lh3.googleusercontent.com\/JnXHGZ8Z8YlAPpQHDjUs9-DqTBnDozp0fxN2dGsF-wB2orHgt0mOW_eDdymCvfmRstRbZ1uhuQ4t17xaBJR9XK1m20GAMtNut4TOrXSyaPeJyHiYJcljxQuoF5GNGUhbdQ1kmFL_LFfDBSwbis7_Jwj0uQ1mp-omm1HfO_cFQwj58QtJaXeBFjyDWzYv69UyQX4Jl6rIYt6qGhTqlh1561XH593-Ryas_XcfKTJghBr0aeKWFHms0WTc1TbzCve39bmg7uVrPtPs_HPHI6Ssdf1rstL_OQw6--6hBMID6rNOUsgSNoUrOaO2qIe8XtGn-2fIll5h7eShClMDnt3yNXqVIfQEIqhFGRmAdlWv5RYqG6UQ43yZRZCelgFGqfqXxj6K6DgQWmWwNNbcCjy4DlL5r3u9LYyFbJFj5NuUwKX015gdsoyBQc_gD83n2wNhVdiOS5CqnAD0doZhrCNzLCsBM3v-A88Ols0dgtPx-_m7gxV_JSH1wXbMzv61ayysLzVL3Ge81PC92EvneeqHL4mcwYeSHLmp5ZRq9oCsRmoDuqRkTea9z0VrVyjh6NYAO-4WSzCOEVh_mi_hoGS514J6cAjopFhHnKN7K4abIXorDBie-F_FULRjdYkz5frQR-E2NzSyV2aakbeVRFZWIlQWbjz1UB9p29F79ZLywQPX7HYj2F3SHzH23wSjMD5MrAlAUqJLTNz_dGqLVtvaOcRSuA=w1024-h576-no\" width=\"1024\" height=\"576\" \/><\/p>\n<p><img loading=\"lazy\" decoding=\"async\" class=\"alignnone size-full\" src=\"https:\/\/lh3.googleusercontent.com\/Dcl5DKFxENy_Xqd7rB-peKM2L5qPPa2VK6YdkqCtynyQUjUa97eResuheUbz2ko--kY4X_sMzqbSWHnRqlegDb6bE5ntIgFlZfU6PtgvXoQ-RKg11vqlQ0AamFbvqHroOtV98UjEUjTtVwoAXTBJZ7NJec_GEXlksqx-p5gNdbb4F_Tx2YNEnKOwgdwYfk7pscULa7PhpSTJcFDUI0KYLHml56YEZ2AtTLHqbJJtA46GvxwXG00Ugvvt-B2w4WQxDpcq2iR6H78aS3STbb-cJUrauiBsS79Uy5Z5XY3Jfft-JJSlT86SudvE4A-qQGU3OJP7nfIRZkLa536MSAtdDkKPMA55e1im-7kqO4TeNEanyPXI-D3k30hvpVtzSaYMz1gQKOR7fAT1GYvGjtD7nqYkpzBZX1yiuEmKkPBtuzzHflyxYUMrqhGy7R9FEe4AVlvUUA9BYkr3x3HhlRFq0zF_xecmf5zIC6yUoMhdjAElvcM_JBG1yqeRzwrawV-y6diHDIj-Wcv8GbUEE7UDY67vz0w-6lNP6pJR0xX7ZnL3PQrP229eFNp81zezVuoOk7eAZ4fwcx87VuiyRBAfwO4jz8Jifus7_cE70vWKTvc5KTUJFNCOqMf70HZotsybvdo59pxjJ8W2gwZr2uoxPPn9_1Ub_m0E8T3Et8SZYqKDnDSV6esTHyufPzM6AxSmpaw06fHydSPqWS6nbsg1GedWZg=w1024-h576-no\" width=\"1024\" height=\"576\" \/><\/p>\n<p><img loading=\"lazy\" decoding=\"async\" class=\"alignnone size-full\" src=\"https:\/\/lh3.googleusercontent.com\/yyItorJFOklXL25a8uHFFqamUtoP4mClQFAa-v3Y5f4uqJd0Xi9LmXXWoychtLMOzoleFhonolVe5MWfxj7Su-KC2DLwa_I-XzaxbHXWb7KAGaVidq8VyS9YHKH8RWj7w-uCRP3YduKg3EoTsMEkxZFjGRWjQraQJNK0taAX0Bmx7j8baGwsTBkUkQHzPGGevEQRyp4mUlY7I44_LWPIJrxgU0ukge-eqe6lfnbj98WvnlsUBKgQ-tat7CfCGpnKBGe6WORiegRkwI-QxpeIS67wYb75HuMQKuJNbZxJ9YXMocPH99Mnk2H_G1ptMmHDYFdut990YrsKaMW6d1lRkKgdFrzOS6YpZO0w4RR6EYr5PSuJv6XbbTTqdZlYs8ExrEFF7HgcwtA4RuyxKOQTTZZpy0itWpViPjF9_KiYFf8sjR463cEWbcxuhQ4riAy86nJrwTH3zVFA6-WmJKeDsSFRVyiguWDpLW4OZNL6qCCkhWad9XhSqItOr2F4aAuQxuJtETcd1j8ZU1q6amy7sMN9ZMEkB59ysaCLXVMcPzvcInx9i5gR-noeV67Fwwe3SPilRxmXE4nXVlVq-BtY8L2caPzFkBYT3Lap9BzoewiJVboVJHFGtlREF9UnUBSAEd5snqfnmvGVwIpc7aLzo0qLV99owtadwugMhrVIoQ77KRDfpwwin55zeHPX-GrwTz1gzcjsu6bi_mOO07CItK-8jA=w1024-h576-no\" width=\"1024\" height=\"576\" \/><\/p>\n<p><img loading=\"lazy\" decoding=\"async\" class=\"alignnone size-full\" src=\"https:\/\/lh3.googleusercontent.com\/Cu6LPb6uVS5-cyzkHZ3e2nUKKLrNlBz0kMPjWpeExXJ6qvkH2_Yk7yHlxQBj63SOdfejPgB5EbUQfoYYV0RKIcBvQ0zEjO5lke9zZF2AJ4aqRGbPEDidOYvNs3_pFvR0RveTbEWdMy3jRpr5lEmzLIqH4EcYYqtfWJAY0-QlJa_aZp02gR7rzDHTAUKFwi8QHSaUcPAZsH1LNc5JxLZurJySYlby8Vx-K8oX_YD9HNr9dx68beShhDXU92ML6r__L_d3ThBZyKekIP-2lob08XfNQVktjVzu55GgEl-mEQfe_EtEYa1FqNRR3PCXaz8um4cdsUqOjah_-ievINy-uuZBTjhELKPzpFqZFNoWxLVmZTWvCsSMQkdacPoFCEoTjxpSEcWHuhwsZNBI5wpSzQ5iwvTxnqiuZbAEAv7tbGSPnb9BA8qBRioJURJpoYgKKKN7nuqlyzcLFHBq7svS8lsBMU1aWfN_uYXDjttqTq86Ndt1llDt3dZb01fGKFXgp-CQHxxRvIUiyPr_ocx5SaGZr2LI-tJoU_PC7hIMmbWGvRS668en5JbyZygURAXcSR6KGgbqEucYVg5jNVCBGyqhGCpWtRjNZ0AWYCrS3VsWAHdpKd_B0bQy01mrdxRtyN9eD8Z_4vrc7VEARuosrXgs4DgMMvhtiBw_H10_Zr7X31UYehTP5LtsPbxbBA2gyPv7yDYDb1jjDZ7jd3QiIsTNxg=w1024-h576-no\" width=\"1024\" height=\"576\" \/><\/p>\n<p><img loading=\"lazy\" decoding=\"async\" class=\"alignnone size-full\" src=\"https:\/\/lh3.googleusercontent.com\/3KZ9OFmv7qvamNnYsV5oglfTWs8TD2LGP8hifFhHivyxPqiJy92kK4lJ2cEcCejXzKh0hVzRdlKkce5qZBmGOAYg80Y09Ptqo-0ZSsI5Ce2D5OynWEauhtf1zhGzq6z3zkSu5e2z2kCtEFe1BsVwbPlRoLT91USr1YhqAT5uVe0Law4SGLg9_xrXTzCL4U5UNUHyR9HsnCWnzE2qlfmqbJBOTJd7KSr3x7Zh7tsGT04w7ZeXHeQ13XW1BzWgBfvr39kn0O6P5gWi7Z5AxdUGpDxQgLtKDoYWosRn4wvKZJWXztH5HhnvapJBlSsI_4GXkWsYxbdo_VFaGC75zgzhT2oh6l_e8ooB46lQF0bjNs5L88wOCCqKQmNvPJHnJTRgwLqsKQMRMiRlQcQrAco-mM13xs-P_ePn75kzVTgRenu9jjzBabzrX56882SGV0M37eBEzLr33fyD7swzuOpTX6-7haO90PvUyhHnlQP79mFJ4LXgAkZIdBnD5IQlTOSmTONPF6ig_xkColOtp7ooisRHgndQ_7lOoimkazuyUZHqyNIi7H3fuXBxkmkS-j6YTIU4JewWmolNq8V22C5VVD2Ydi1cYVQhgbUM8ypCcgwTxk04ihab8yKpQTUBoRq3pd_cDCqdZTMYkG9n7RBbZpP2LNNKA-IuBupfh2E6U67MddE6biB6LKEyY4XLEXbh4mjjc8kYXS40-NTXu-k-Pfl_GA=w1024-h576-no\" width=\"1024\" height=\"576\" \/><\/p>\n<p><img loading=\"lazy\" decoding=\"async\" class=\"alignnone size-full\" src=\"https:\/\/lh3.googleusercontent.com\/7BtNrpJilpdV1m12Ar4SB_pWDZWF2B-zlDSTnr5tVf7vAU96Hntv0oQHe4OhjdpacVAXVoUQ83nuxGVCac9nZf-vz19UqPeWHz7w5TyX-277R574d3dwyP5TrMUctxl0b8G300Fwzn7UWcSPz7OOVQWiKTWZZk170xYj7UQ1xCtJ7yv0ISkjY0D495ZqLypjDh-qhmPPKvJkREAbGntjb5XNNJt3EgJbFEwGHPn4l9XP6fj7FJ11MyQfxdEukzkZv9VWYwfC4xXHPD5CIEfs-41tCGfA96imqd6OBiB5pemrWYZmY-w20kF28--9NRB-baICkNAAmy6DwsyJuaQOw2olxtEiVOyDrykDPdHKDj88SUXQ1As1E-peib4IiK_w6S1dGVMpilMTlK7pNEhbaytW1OpqcAiHSdU0itlawG9EfRMbc2KjoH7PoxI2hdH4tbpbca1spDw4T8WjUWpQa7KAG6NTbKS1bDA8v7GYY1_v-yooWz7QpLmOJJNafng7BLYpJimced0WRblqMKzxI8W0GYlhDyN0vOq2GO6n1VYEieuPEBk33U0PYrTvQmSaU3Eg7I6_auSJG3hJYuVydkmWuHXLp2Uny3qhHVdWcEuUFJm-eGkdmx0mR2ibfH1guTZKh_eZp_xOmvJKdOTcE54a0GOblzKVbn1G0bgSMigTqpQElJD7Z4iow9eVneq9jqF1HHNDP8hb-vE3rFmXOcYmXg=w1024-h576-no\" width=\"1024\" height=\"576\" \/><\/p>\n<hr \/>\n<p>&nbsp;<\/p>\n<p><strong>Track de la ruta<\/strong><\/p>\n<p>[sgpx gpx=\u00bb\/wp-content\/uploads\/gpx\/Refugios-Ordiasus-Vidal.gpx\u00bb]<\/p>\n<p>&nbsp;<\/p>\n<hr \/>\n<p>&nbsp;<\/p>\n<p style=\"text-align: justify;\"><span style=\"color: #ff0000; background-color: #ffffff; font-size: 14pt;\"><strong>Si te ha gustado, comp\u00e1rtelo en tu red favorita o env\u00edanos tu comentario.<br \/>\n<\/strong><\/span><\/p>\n<p style=\"text-align: justify;\"><span style=\"font-size: 14pt;\"><strong><span style=\"color: #ff0000;\">Muchas gracias !<\/span><\/strong><\/span><\/p>\n<hr \/>\n<p style=\"text-align: justify;\"><strong><span style=\"color: #008000;\">Suscribete si quieres recibir un mail cuando publiquemos nuevas rutas : no enviamos publicidad y como m\u00e1ximo enviamos 2 mails al mes<\/span><\/strong><\/p>\n<p style=\"text-align: center;\"><a href=\"https:\/\/mailchi.mp\/6989c83a3e24\/wmv06rtqcz\/\" target=\"_blank\" rel=\"noopener\"><strong><span style=\"color: #0000ff;\">Pulsa aqu\u00ed para suscribirte<\/span><\/strong><\/a><\/p>\n<hr \/>\n<p style=\"text-align: justify;\">\u00a0<\/p>\n<h3 style=\"text-align: justify;\">Puedes imprimir esta publicaci\u00f3n o guardarla en diferentes formatos :<\/h3>\n<p style=\"text-align: justify;\"><span style=\"color: #ff0000; font-size: 14pt;\">Para facilitar la impresi\u00f3n, se ha reducido considerablemente el tama\u00f1o de las fotos, pero si deseas imprimir sin fotos, aconsejamos guardarlo como \u201cdoc\u201d, y antes de imprimirlo, eliminar las fotos<\/span><\/p>\n<p><span style=\"color: #ff0000;\">\u00a0<\/span><\/p>\n<hr \/>\n<h3><strong>Enlace Wikiloc<\/strong><\/h3>\n<p><a href=\"https:\/\/es.wikiloc.com\/rutas-raquetas\/refugios-urus-y-cortal-den-vidal-33533466\" target=\"_blank\" rel=\"noopener\"><img loading=\"lazy\" decoding=\"async\" class=\"size-full wp-image-958 aligncenter\" src=\"https:\/\/www.carlosyconchita.net\/rutas\/wp-content\/uploads\/2020\/09\/wikiloc.jpg\" alt=\"\" width=\"117\" height=\"34\" \/><\/a><\/p>\n","protected":false},"excerpt":{"rendered":"<p>Hoy volvemos\u00a0 a la zona de Ur\u00fas con Lluis y Asun, para llegar hasta los refugios de Ur\u00fas (en alg\u00fan mapa est\u00e1 marcado como de la Pleta dels Ordiassos) y al refugio de Cortal d&#8217;en Vidal. Esta zona la hab\u00edamos visto cuando hicimos la ruta al Grau del Os ( ver\u00a0 05-01-2019-GRAU DEL OS\u00a0 )\u00a0 [&hellip;]<\/p>\n","protected":false},"author":50,"featured_media":12608,"comment_status":"open","ping_status":"open","sticky":false,"template":"","format":"standard","meta":{"footnotes":""},"categories":[22,11,41],"tags":[],"class_list":{"0":"post-12606","1":"post","2":"type-post","3":"status-publish","4":"format-standard","5":"has-post-thumbnail","6":"hentry","7":"category-de-05-a-10-km","8":"category-moderada","9":"category-cerdanya-sur","11":"post-with-thumbnail","12":"post-with-thumbnail-icon"},"yoast_head":"<!-- This site is optimized with the Yoast SEO plugin v27.4 - https:\/\/yoast.com\/product\/yoast-seo-wordpress\/ -->\n<title>17-02-2019-Refugios de Ur\u00fas y Cortal d&#039;En Vidal (raquetas) -<\/title>\n<meta name=\"robots\" content=\"index, follow, max-snippet:-1, max-image-preview:large, max-video-preview:-1\" \/>\n<link rel=\"canonical\" href=\"https:\/\/www.carlosyconchita.net\/rutas\/17-02-2019-refugios-de-urus-y-cortal-den-vidal-raquetas\/\" \/>\n<meta property=\"og:locale\" content=\"es_ES\" \/>\n<meta property=\"og:type\" content=\"article\" \/>\n<meta property=\"og:title\" content=\"17-02-2019-Refugios de Ur\u00fas y Cortal d&#039;En Vidal (raquetas) -\" \/>\n<meta property=\"og:description\" content=\"Hoy volvemos\u00a0 a la zona de Ur\u00fas con Lluis y Asun, para llegar hasta los refugios de Ur\u00fas (en alg\u00fan mapa est\u00e1 marcado como de la Pleta dels Ordiassos) y al refugio de Cortal d&#8217;en Vidal. Esta zona la hab\u00edamos visto cuando hicimos la ruta al Grau del Os ( ver\u00a0 05-01-2019-GRAU DEL OS\u00a0 )\u00a0 [&hellip;]\" \/>\n<meta property=\"og:url\" content=\"https:\/\/www.carlosyconchita.net\/rutas\/17-02-2019-refugios-de-urus-y-cortal-den-vidal-raquetas\/\" \/>\n<meta property=\"og:site_name\" content=\"Las rutas de Carlos y Conchita\" \/>\n<meta property=\"article:published_time\" content=\"2019-02-17T19:23:11+00:00\" \/>\n<meta property=\"article:modified_time\" content=\"2019-02-25T21:02:52+00:00\" \/>\n<meta property=\"og:image\" content=\"https:\/\/www.carlosyconchita.net\/rutas\/wp-content\/uploads\/2019\/02\/Refugis-0431.jpg\" \/>\n\t<meta property=\"og:image:width\" content=\"1024\" \/>\n\t<meta property=\"og:image:height\" content=\"576\" \/>\n\t<meta property=\"og:image:type\" content=\"image\/jpeg\" \/>\n<meta name=\"author\" content=\"Carlos Conchita\" \/>\n<meta name=\"twitter:label1\" content=\"Escrito por\" \/>\n\t<meta name=\"twitter:data1\" content=\"Carlos Conchita\" \/>\n\t<meta name=\"twitter:label2\" content=\"Tiempo de lectura\" \/>\n\t<meta name=\"twitter:data2\" content=\"3 minutos\" \/>\n<script type=\"application\/ld+json\" class=\"yoast-schema-graph\">{\"@context\":\"https:\\\/\\\/schema.org\",\"@graph\":[{\"@type\":\"Article\",\"@id\":\"https:\\\/\\\/www.carlosyconchita.net\\\/rutas\\\/17-02-2019-refugios-de-urus-y-cortal-den-vidal-raquetas\\\/#article\",\"isPartOf\":{\"@id\":\"https:\\\/\\\/www.carlosyconchita.net\\\/rutas\\\/17-02-2019-refugios-de-urus-y-cortal-den-vidal-raquetas\\\/\"},\"author\":{\"name\":\"Carlos Conchita\",\"@id\":\"https:\\\/\\\/www.carlosyconchita.net\\\/rutas\\\/#\\\/schema\\\/person\\\/a9691f7258c28443fab2d3aa1479ea19\"},\"headline\":\"17-02-2019-Refugios de Ur\u00fas y Cortal d&#8217;En Vidal (raquetas)\",\"datePublished\":\"2019-02-17T19:23:11+00:00\",\"dateModified\":\"2019-02-25T21:02:52+00:00\",\"mainEntityOfPage\":{\"@id\":\"https:\\\/\\\/www.carlosyconchita.net\\\/rutas\\\/17-02-2019-refugios-de-urus-y-cortal-den-vidal-raquetas\\\/\"},\"wordCount\":695,\"commentCount\":0,\"image\":{\"@id\":\"https:\\\/\\\/www.carlosyconchita.net\\\/rutas\\\/17-02-2019-refugios-de-urus-y-cortal-den-vidal-raquetas\\\/#primaryimage\"},\"thumbnailUrl\":\"https:\\\/\\\/www.carlosyconchita.net\\\/rutas\\\/wp-content\\\/uploads\\\/2019\\\/02\\\/Refugis-0431.jpg\",\"articleSection\":[\"2 - De 5 a 10 km.\",\"2-Moderada\",\"Cerdanya Sur-Cad\u00ed-Moixer\u00f3\"],\"inLanguage\":\"es\",\"potentialAction\":[{\"@type\":\"CommentAction\",\"name\":\"Comment\",\"target\":[\"https:\\\/\\\/www.carlosyconchita.net\\\/rutas\\\/17-02-2019-refugios-de-urus-y-cortal-den-vidal-raquetas\\\/#respond\"]}]},{\"@type\":\"WebPage\",\"@id\":\"https:\\\/\\\/www.carlosyconchita.net\\\/rutas\\\/17-02-2019-refugios-de-urus-y-cortal-den-vidal-raquetas\\\/\",\"url\":\"https:\\\/\\\/www.carlosyconchita.net\\\/rutas\\\/17-02-2019-refugios-de-urus-y-cortal-den-vidal-raquetas\\\/\",\"name\":\"17-02-2019-Refugios de Ur\u00fas y Cortal d'En Vidal (raquetas) -\",\"isPartOf\":{\"@id\":\"https:\\\/\\\/www.carlosyconchita.net\\\/rutas\\\/#website\"},\"primaryImageOfPage\":{\"@id\":\"https:\\\/\\\/www.carlosyconchita.net\\\/rutas\\\/17-02-2019-refugios-de-urus-y-cortal-den-vidal-raquetas\\\/#primaryimage\"},\"image\":{\"@id\":\"https:\\\/\\\/www.carlosyconchita.net\\\/rutas\\\/17-02-2019-refugios-de-urus-y-cortal-den-vidal-raquetas\\\/#primaryimage\"},\"thumbnailUrl\":\"https:\\\/\\\/www.carlosyconchita.net\\\/rutas\\\/wp-content\\\/uploads\\\/2019\\\/02\\\/Refugis-0431.jpg\",\"datePublished\":\"2019-02-17T19:23:11+00:00\",\"dateModified\":\"2019-02-25T21:02:52+00:00\",\"author\":{\"@id\":\"https:\\\/\\\/www.carlosyconchita.net\\\/rutas\\\/#\\\/schema\\\/person\\\/a9691f7258c28443fab2d3aa1479ea19\"},\"breadcrumb\":{\"@id\":\"https:\\\/\\\/www.carlosyconchita.net\\\/rutas\\\/17-02-2019-refugios-de-urus-y-cortal-den-vidal-raquetas\\\/#breadcrumb\"},\"inLanguage\":\"es\",\"potentialAction\":[{\"@type\":\"ReadAction\",\"target\":[\"https:\\\/\\\/www.carlosyconchita.net\\\/rutas\\\/17-02-2019-refugios-de-urus-y-cortal-den-vidal-raquetas\\\/\"]}]},{\"@type\":\"ImageObject\",\"inLanguage\":\"es\",\"@id\":\"https:\\\/\\\/www.carlosyconchita.net\\\/rutas\\\/17-02-2019-refugios-de-urus-y-cortal-den-vidal-raquetas\\\/#primaryimage\",\"url\":\"https:\\\/\\\/www.carlosyconchita.net\\\/rutas\\\/wp-content\\\/uploads\\\/2019\\\/02\\\/Refugis-0431.jpg\",\"contentUrl\":\"https:\\\/\\\/www.carlosyconchita.net\\\/rutas\\\/wp-content\\\/uploads\\\/2019\\\/02\\\/Refugis-0431.jpg\",\"width\":1024,\"height\":576},{\"@type\":\"BreadcrumbList\",\"@id\":\"https:\\\/\\\/www.carlosyconchita.net\\\/rutas\\\/17-02-2019-refugios-de-urus-y-cortal-den-vidal-raquetas\\\/#breadcrumb\",\"itemListElement\":[{\"@type\":\"ListItem\",\"position\":1,\"name\":\"Portada\",\"item\":\"https:\\\/\\\/www.carlosyconchita.net\\\/rutas\\\/\"},{\"@type\":\"ListItem\",\"position\":2,\"name\":\"17-02-2019-Refugios de Ur\u00fas y Cortal d&#8217;En Vidal (raquetas)\"}]},{\"@type\":\"WebSite\",\"@id\":\"https:\\\/\\\/www.carlosyconchita.net\\\/rutas\\\/#website\",\"url\":\"https:\\\/\\\/www.carlosyconchita.net\\\/rutas\\\/\",\"name\":\"Las rutas de Carlos y Conchita\",\"description\":\"\",\"potentialAction\":[{\"@type\":\"SearchAction\",\"target\":{\"@type\":\"EntryPoint\",\"urlTemplate\":\"https:\\\/\\\/www.carlosyconchita.net\\\/rutas\\\/?s={search_term_string}\"},\"query-input\":{\"@type\":\"PropertyValueSpecification\",\"valueRequired\":true,\"valueName\":\"search_term_string\"}}],\"inLanguage\":\"es\"},{\"@type\":\"Person\",\"@id\":\"https:\\\/\\\/www.carlosyconchita.net\\\/rutas\\\/#\\\/schema\\\/person\\\/a9691f7258c28443fab2d3aa1479ea19\",\"name\":\"Carlos Conchita\",\"image\":{\"@type\":\"ImageObject\",\"inLanguage\":\"es\",\"@id\":\"https:\\\/\\\/secure.gravatar.com\\\/avatar\\\/3a4625b20c8da3de99da69bfe7a322774e291c3f90dce7e8778a30fe6748ed1a?s=96&d=mm&r=g\",\"url\":\"https:\\\/\\\/secure.gravatar.com\\\/avatar\\\/3a4625b20c8da3de99da69bfe7a322774e291c3f90dce7e8778a30fe6748ed1a?s=96&d=mm&r=g\",\"contentUrl\":\"https:\\\/\\\/secure.gravatar.com\\\/avatar\\\/3a4625b20c8da3de99da69bfe7a322774e291c3f90dce7e8778a30fe6748ed1a?s=96&d=mm&r=g\",\"caption\":\"Carlos Conchita\"}}]}<\/script>\n<!-- \/ Yoast SEO plugin. -->","yoast_head_json":{"title":"17-02-2019-Refugios de Ur\u00fas y Cortal d'En Vidal (raquetas) -","robots":{"index":"index","follow":"follow","max-snippet":"max-snippet:-1","max-image-preview":"max-image-preview:large","max-video-preview":"max-video-preview:-1"},"canonical":"https:\/\/www.carlosyconchita.net\/rutas\/17-02-2019-refugios-de-urus-y-cortal-den-vidal-raquetas\/","og_locale":"es_ES","og_type":"article","og_title":"17-02-2019-Refugios de Ur\u00fas y Cortal d'En Vidal (raquetas) -","og_description":"Hoy volvemos\u00a0 a la zona de Ur\u00fas con Lluis y Asun, para llegar hasta los refugios de Ur\u00fas (en alg\u00fan mapa est\u00e1 marcado como de la Pleta dels Ordiassos) y al refugio de Cortal d&#8217;en Vidal. Esta zona la hab\u00edamos visto cuando hicimos la ruta al Grau del Os ( ver\u00a0 05-01-2019-GRAU DEL OS\u00a0 )\u00a0 [&hellip;]","og_url":"https:\/\/www.carlosyconchita.net\/rutas\/17-02-2019-refugios-de-urus-y-cortal-den-vidal-raquetas\/","og_site_name":"Las rutas de Carlos y Conchita","article_published_time":"2019-02-17T19:23:11+00:00","article_modified_time":"2019-02-25T21:02:52+00:00","og_image":[{"width":1024,"height":576,"url":"https:\/\/www.carlosyconchita.net\/rutas\/wp-content\/uploads\/2019\/02\/Refugis-0431.jpg","type":"image\/jpeg"}],"author":"Carlos Conchita","twitter_misc":{"Escrito por":"Carlos Conchita","Tiempo de lectura":"3 minutos"},"schema":{"@context":"https:\/\/schema.org","@graph":[{"@type":"Article","@id":"https:\/\/www.carlosyconchita.net\/rutas\/17-02-2019-refugios-de-urus-y-cortal-den-vidal-raquetas\/#article","isPartOf":{"@id":"https:\/\/www.carlosyconchita.net\/rutas\/17-02-2019-refugios-de-urus-y-cortal-den-vidal-raquetas\/"},"author":{"name":"Carlos Conchita","@id":"https:\/\/www.carlosyconchita.net\/rutas\/#\/schema\/person\/a9691f7258c28443fab2d3aa1479ea19"},"headline":"17-02-2019-Refugios de Ur\u00fas y Cortal d&#8217;En Vidal (raquetas)","datePublished":"2019-02-17T19:23:11+00:00","dateModified":"2019-02-25T21:02:52+00:00","mainEntityOfPage":{"@id":"https:\/\/www.carlosyconchita.net\/rutas\/17-02-2019-refugios-de-urus-y-cortal-den-vidal-raquetas\/"},"wordCount":695,"commentCount":0,"image":{"@id":"https:\/\/www.carlosyconchita.net\/rutas\/17-02-2019-refugios-de-urus-y-cortal-den-vidal-raquetas\/#primaryimage"},"thumbnailUrl":"https:\/\/www.carlosyconchita.net\/rutas\/wp-content\/uploads\/2019\/02\/Refugis-0431.jpg","articleSection":["2 - De 5 a 10 km.","2-Moderada","Cerdanya Sur-Cad\u00ed-Moixer\u00f3"],"inLanguage":"es","potentialAction":[{"@type":"CommentAction","name":"Comment","target":["https:\/\/www.carlosyconchita.net\/rutas\/17-02-2019-refugios-de-urus-y-cortal-den-vidal-raquetas\/#respond"]}]},{"@type":"WebPage","@id":"https:\/\/www.carlosyconchita.net\/rutas\/17-02-2019-refugios-de-urus-y-cortal-den-vidal-raquetas\/","url":"https:\/\/www.carlosyconchita.net\/rutas\/17-02-2019-refugios-de-urus-y-cortal-den-vidal-raquetas\/","name":"17-02-2019-Refugios de Ur\u00fas y Cortal d'En Vidal (raquetas) -","isPartOf":{"@id":"https:\/\/www.carlosyconchita.net\/rutas\/#website"},"primaryImageOfPage":{"@id":"https:\/\/www.carlosyconchita.net\/rutas\/17-02-2019-refugios-de-urus-y-cortal-den-vidal-raquetas\/#primaryimage"},"image":{"@id":"https:\/\/www.carlosyconchita.net\/rutas\/17-02-2019-refugios-de-urus-y-cortal-den-vidal-raquetas\/#primaryimage"},"thumbnailUrl":"https:\/\/www.carlosyconchita.net\/rutas\/wp-content\/uploads\/2019\/02\/Refugis-0431.jpg","datePublished":"2019-02-17T19:23:11+00:00","dateModified":"2019-02-25T21:02:52+00:00","author":{"@id":"https:\/\/www.carlosyconchita.net\/rutas\/#\/schema\/person\/a9691f7258c28443fab2d3aa1479ea19"},"breadcrumb":{"@id":"https:\/\/www.carlosyconchita.net\/rutas\/17-02-2019-refugios-de-urus-y-cortal-den-vidal-raquetas\/#breadcrumb"},"inLanguage":"es","potentialAction":[{"@type":"ReadAction","target":["https:\/\/www.carlosyconchita.net\/rutas\/17-02-2019-refugios-de-urus-y-cortal-den-vidal-raquetas\/"]}]},{"@type":"ImageObject","inLanguage":"es","@id":"https:\/\/www.carlosyconchita.net\/rutas\/17-02-2019-refugios-de-urus-y-cortal-den-vidal-raquetas\/#primaryimage","url":"https:\/\/www.carlosyconchita.net\/rutas\/wp-content\/uploads\/2019\/02\/Refugis-0431.jpg","contentUrl":"https:\/\/www.carlosyconchita.net\/rutas\/wp-content\/uploads\/2019\/02\/Refugis-0431.jpg","width":1024,"height":576},{"@type":"BreadcrumbList","@id":"https:\/\/www.carlosyconchita.net\/rutas\/17-02-2019-refugios-de-urus-y-cortal-den-vidal-raquetas\/#breadcrumb","itemListElement":[{"@type":"ListItem","position":1,"name":"Portada","item":"https:\/\/www.carlosyconchita.net\/rutas\/"},{"@type":"ListItem","position":2,"name":"17-02-2019-Refugios de Ur\u00fas y Cortal d&#8217;En Vidal (raquetas)"}]},{"@type":"WebSite","@id":"https:\/\/www.carlosyconchita.net\/rutas\/#website","url":"https:\/\/www.carlosyconchita.net\/rutas\/","name":"Las rutas de Carlos y Conchita","description":"","potentialAction":[{"@type":"SearchAction","target":{"@type":"EntryPoint","urlTemplate":"https:\/\/www.carlosyconchita.net\/rutas\/?s={search_term_string}"},"query-input":{"@type":"PropertyValueSpecification","valueRequired":true,"valueName":"search_term_string"}}],"inLanguage":"es"},{"@type":"Person","@id":"https:\/\/www.carlosyconchita.net\/rutas\/#\/schema\/person\/a9691f7258c28443fab2d3aa1479ea19","name":"Carlos Conchita","image":{"@type":"ImageObject","inLanguage":"es","@id":"https:\/\/secure.gravatar.com\/avatar\/3a4625b20c8da3de99da69bfe7a322774e291c3f90dce7e8778a30fe6748ed1a?s=96&d=mm&r=g","url":"https:\/\/secure.gravatar.com\/avatar\/3a4625b20c8da3de99da69bfe7a322774e291c3f90dce7e8778a30fe6748ed1a?s=96&d=mm&r=g","contentUrl":"https:\/\/secure.gravatar.com\/avatar\/3a4625b20c8da3de99da69bfe7a322774e291c3f90dce7e8778a30fe6748ed1a?s=96&d=mm&r=g","caption":"Carlos Conchita"}}]}},"_links":{"self":[{"href":"https:\/\/www.carlosyconchita.net\/rutas\/wp-json\/wp\/v2\/posts\/12606","targetHints":{"allow":["GET"]}}],"collection":[{"href":"https:\/\/www.carlosyconchita.net\/rutas\/wp-json\/wp\/v2\/posts"}],"about":[{"href":"https:\/\/www.carlosyconchita.net\/rutas\/wp-json\/wp\/v2\/types\/post"}],"author":[{"embeddable":true,"href":"https:\/\/www.carlosyconchita.net\/rutas\/wp-json\/wp\/v2\/users\/50"}],"replies":[{"embeddable":true,"href":"https:\/\/www.carlosyconchita.net\/rutas\/wp-json\/wp\/v2\/comments?post=12606"}],"version-history":[{"count":0,"href":"https:\/\/www.carlosyconchita.net\/rutas\/wp-json\/wp\/v2\/posts\/12606\/revisions"}],"wp:featuredmedia":[{"embeddable":true,"href":"https:\/\/www.carlosyconchita.net\/rutas\/wp-json\/wp\/v2\/media\/12608"}],"wp:attachment":[{"href":"https:\/\/www.carlosyconchita.net\/rutas\/wp-json\/wp\/v2\/media?parent=12606"}],"wp:term":[{"taxonomy":"category","embeddable":true,"href":"https:\/\/www.carlosyconchita.net\/rutas\/wp-json\/wp\/v2\/categories?post=12606"},{"taxonomy":"post_tag","embeddable":true,"href":"https:\/\/www.carlosyconchita.net\/rutas\/wp-json\/wp\/v2\/tags?post=12606"}],"curies":[{"name":"wp","href":"https:\/\/api.w.org\/{rel}","templated":true}]}}