{"id":1290,"date":"2012-08-18T11:40:58","date_gmt":"2012-08-18T09:40:58","guid":{"rendered":"http:\/\/www.carlosyconchita.net\/rutas\/?p=1290"},"modified":"2012-11-18T19:18:55","modified_gmt":"2012-11-18T17:18:55","slug":"01-08-2012-las-levadas-de-madeira","status":"publish","type":"post","link":"https:\/\/www.carlosyconchita.net\/rutas\/01-08-2012-las-levadas-de-madeira\/","title":{"rendered":"17-08-2012 &#8211; Las Levadas : qu\u00e9 son ?"},"content":{"rendered":"<p style=\"text-align: justify;\">Una levada es una acequia o canal, que lleva el\u00a0 agua desde las zonas mas h\u00famedas de Madeira , normalmente la zona central con muchas monta\u00f1as y vegetaci\u00f3n, hasta las zonas mas secas de la costa .<\/p>\n<p style=\"text-align: justify;\">Para impedir que las abundantes lluvias de las monta\u00f1as se pierdan en el mar, la gran red de levadas , la distribuyen de forma controlada a propiedades, piscifactorias o a centrales hidroelectricas.<\/p>\n<p style=\"text-align: justify;\">Las primeras levadas fueron construidas por los primeros colonos de la isla, y las ultimas se hicieron en la decada de 1960.<\/p>\n<p style=\"text-align: justify;\">Muchas de ellas se hicieron excavando en la roca, y con los operarios colgados de cestos de mimbre, ya que no habia ni hay ningun camino, o excavando tuneles en la roca, por lo que en su construccion murieron bastantes personas.<\/p>\n<p style=\"text-align: justify;\">Es dif\u00edcil imaginar, como en una isla tan peque\u00f1a , que como mucho tiene 50 Km de largo por 20 de ancho, pueden haber mas de 2.000 km. de levadas , que se han convertido en algo fundamental para su economia, no solo para la agricultura, sino para el turismo, ya que el senderismo siguiendo esos canales, se ha convertido en uno de sus principales atractivos.<\/p>\n<p style=\"text-align: justify;\">Normalmente, el recorrido por esas levadas es muy plano y facil, ya que el recorrido del agua tiene muy poca pendiente, salvo algun tramo que puede haber algun salto de agua, pero a veces el problema es llegar hasta el punto de inicio, ya que como es logico, el agua se recoge a bastante altura.<\/p>\n<p style=\"text-align: justify;\"><a href=\"http:\/\/www.carlosyconchita.net\/rutas\/wp-content\/uploads\/2012\/11\/DSC04803.jpg\"><img loading=\"lazy\" decoding=\"async\" class=\"alignright size-large wp-image-1294\" title=\"DSC04803\" src=\"http:\/\/www.carlosyconchita.net\/rutas\/wp-content\/uploads\/2012\/11\/DSC04803-1024x576.jpg\" alt=\"\" width=\"640\" height=\"360\" srcset=\"https:\/\/www.carlosyconchita.net\/rutas\/wp-content\/uploads\/2012\/11\/DSC04803-1024x576.jpg 1024w, https:\/\/www.carlosyconchita.net\/rutas\/wp-content\/uploads\/2012\/11\/DSC04803-300x168.jpg 300w, https:\/\/www.carlosyconchita.net\/rutas\/wp-content\/uploads\/2012\/11\/DSC04803-600x338.jpg 600w, https:\/\/www.carlosyconchita.net\/rutas\/wp-content\/uploads\/2012\/11\/DSC04803.jpg 700w\" sizes=\"auto, (max-width: 640px) 100vw, 640px\" \/><\/a><\/p>\n<p style=\"text-align: justify;\">El recorrido puede ser un tranquilo camino al lado del canal de agua, pero muchas veces hay que caminar por el mismo borde del canal, y con grandes precipicios de varios cientos de metros a \u00a0nuestro lado, y a veces sin barandillas, ya que no hay espacio, por lo que puede ser peligroso para personas con vertigo, aunque sean \u201cexpertos\u201d caminantes.<\/p>\n<p style=\"text-align: justify;\"><a href=\"http:\/\/www.carlosyconchita.net\/rutas\/wp-content\/uploads\/2012\/11\/DSC04808.jpg\"><img loading=\"lazy\" decoding=\"async\" class=\"alignright size-large wp-image-1295\" title=\"DSC04808\" src=\"http:\/\/www.carlosyconchita.net\/rutas\/wp-content\/uploads\/2012\/11\/DSC04808-1024x768.jpg\" alt=\"\" width=\"640\" height=\"480\" srcset=\"https:\/\/www.carlosyconchita.net\/rutas\/wp-content\/uploads\/2012\/11\/DSC04808-1024x768.jpg 1024w, https:\/\/www.carlosyconchita.net\/rutas\/wp-content\/uploads\/2012\/11\/DSC04808-300x225.jpg 300w, https:\/\/www.carlosyconchita.net\/rutas\/wp-content\/uploads\/2012\/11\/DSC04808.jpg 533w\" sizes=\"auto, (max-width: 640px) 100vw, 640px\" \/><\/a><\/p>\n<p style=\"text-align: justify;\"><a href=\"http:\/\/www.carlosyconchita.net\/rutas\/wp-content\/uploads\/2012\/11\/DSC04645.jpg\"><img loading=\"lazy\" decoding=\"async\" class=\"alignleft size-medium wp-image-1296\" title=\"DSC04645\" src=\"http:\/\/www.carlosyconchita.net\/rutas\/wp-content\/uploads\/2012\/11\/DSC04645-168x300.jpg\" alt=\"\" width=\"168\" height=\"300\" srcset=\"https:\/\/www.carlosyconchita.net\/rutas\/wp-content\/uploads\/2012\/11\/DSC04645-168x300.jpg 168w, https:\/\/www.carlosyconchita.net\/rutas\/wp-content\/uploads\/2012\/11\/DSC04645-576x1024.jpg 576w, https:\/\/www.carlosyconchita.net\/rutas\/wp-content\/uploads\/2012\/11\/DSC04645.jpg 225w\" sizes=\"auto, (max-width: 168px) 100vw, 168px\" \/><\/a><\/p>\n<p style=\"text-align: justify;\">Si la levada es nueva o se ha reparado recientemente, el canal es de hormig\u00f3n y tiene una suficiente anchura, pero en otros casos, es un borde de piedras humedas y resbaladizas.<\/p>\n<p style=\"text-align: justify;\"><a style=\"text-align: justify;\" href=\"http:\/\/www.carlosyconchita.net\/rutas\/wp-content\/uploads\/2012\/11\/DSC04795.jpg\"><img loading=\"lazy\" decoding=\"async\" class=\"alignright size-medium wp-image-1298\" title=\"DSC04795\" src=\"http:\/\/www.carlosyconchita.net\/rutas\/wp-content\/uploads\/2012\/11\/DSC04795-300x168.jpg\" alt=\"\" width=\"300\" height=\"168\" srcset=\"https:\/\/www.carlosyconchita.net\/rutas\/wp-content\/uploads\/2012\/11\/DSC04795-300x168.jpg 300w, https:\/\/www.carlosyconchita.net\/rutas\/wp-content\/uploads\/2012\/11\/DSC04795-600x338.jpg 600w, https:\/\/www.carlosyconchita.net\/rutas\/wp-content\/uploads\/2012\/11\/DSC04795-1024x576.jpg 1024w, https:\/\/www.carlosyconchita.net\/rutas\/wp-content\/uploads\/2012\/11\/DSC04795.jpg 700w\" sizes=\"auto, (max-width: 300px) 100vw, 300px\" \/><\/a><\/p>\n<p style=\"text-align: justify;\">Dado que suele haber tuneles, es necesario llevar linternas para poder recorrerlas, y tener mucho cuidado con la cabeza, ya que los tuneles no son muy altos, y ademas no son uniformes en su altura.<\/p>\n<p style=\"text-align: justify;\">Normalmente , aparte de las grandes vistas de las monta\u00f1as que vamos viendo en el recorrido, el sitio mas bonito suele ser el final del recorrido, es decir donde empieza la levada, que es donde se recoge el agua, que en muchas ocasiones es una cascada o un grupo de ellas (levada de las 25 fontes), una fuente , o un peque\u00f1o lago, que estan en una zona humeda y de mucha vegetaci\u00f3n, muy escondidas dentro de una especie de crater de volcan abierto por un lado (Caldeiro Verde),\u00a0 o a veces como la Levada Nova es solo el amplio y normalmente casi seco recorrido de un rio , al que se le ha puesto una peque\u00f1a presa para recoger y canalizar el agua.<\/p>\n<p style=\"text-align: justify;\"><a href=\"http:\/\/www.carlosyconchita.net\/rutas\/wp-content\/uploads\/2012\/11\/DSC04787.jpg\"><img loading=\"lazy\" decoding=\"async\" class=\"alignright size-large wp-image-1299\" title=\"DSC04787\" src=\"http:\/\/www.carlosyconchita.net\/rutas\/wp-content\/uploads\/2012\/11\/DSC04787-1024x576.jpg\" alt=\"\" width=\"640\" height=\"360\" srcset=\"https:\/\/www.carlosyconchita.net\/rutas\/wp-content\/uploads\/2012\/11\/DSC04787-1024x576.jpg 1024w, https:\/\/www.carlosyconchita.net\/rutas\/wp-content\/uploads\/2012\/11\/DSC04787-300x168.jpg 300w, https:\/\/www.carlosyconchita.net\/rutas\/wp-content\/uploads\/2012\/11\/DSC04787-600x338.jpg 600w, https:\/\/www.carlosyconchita.net\/rutas\/wp-content\/uploads\/2012\/11\/DSC04787.jpg 700w\" sizes=\"auto, (max-width: 640px) 100vw, 640px\" \/><\/a><\/p>\n<p style=\"text-align: justify;\"><a href=\"http:\/\/www.carlosyconchita.net\/rutas\/wp-content\/uploads\/2012\/11\/DSC04709.jpg\"><img loading=\"lazy\" decoding=\"async\" class=\"alignright size-large wp-image-1300\" title=\"DSC04709\" src=\"http:\/\/www.carlosyconchita.net\/rutas\/wp-content\/uploads\/2012\/11\/DSC04709-1024x768.jpg\" alt=\"\" width=\"640\" height=\"480\" srcset=\"https:\/\/www.carlosyconchita.net\/rutas\/wp-content\/uploads\/2012\/11\/DSC04709-1024x768.jpg 1024w, https:\/\/www.carlosyconchita.net\/rutas\/wp-content\/uploads\/2012\/11\/DSC04709-300x225.jpg 300w, https:\/\/www.carlosyconchita.net\/rutas\/wp-content\/uploads\/2012\/11\/DSC04709.jpg 533w\" sizes=\"auto, (max-width: 640px) 100vw, 640px\" \/><\/a><\/p>\n<p style=\"text-align: justify;\">Cada levada tiene su encargado , el \u201clevadeiro\u201d, que es el que vigila que no se obstruya con hojas, o piedras, y es el responsable de ir abriendo o cerrando las compuertas que tiene a lo largo de su recorrido, para distribuir el agua.<\/p>\n<p style=\"text-align: justify;\">Normalmente vive en el pueblo cercano, y por lo que nos ha comentado uno de ellos con quien estuvimos hablando en la Levada Nova, sube a dar un vistazo 3 veces al dia.<\/p>\n","protected":false},"excerpt":{"rendered":"<p>Una levada es una acequia o canal, que lleva el\u00a0 agua desde las zonas mas h\u00famedas de Madeira , normalmente la zona central con muchas monta\u00f1as y vegetaci\u00f3n, hasta las zonas mas secas de la costa . Para impedir que las abundantes lluvias de las monta\u00f1as se pierdan en el mar, la gran red de [&hellip;]<\/p>\n","protected":false},"author":50,"featured_media":1294,"comment_status":"open","ping_status":"open","sticky":false,"template":"","format":"gallery","meta":{"footnotes":""},"categories":[14,21,8],"tags":[],"class_list":{"0":"post-1290","1":"post","2":"type-post","3":"status-publish","4":"format-gallery","5":"has-post-thumbnail","6":"hentry","7":"category-muy-facil","8":"category-hasta-5-km","9":"category-isla-de-madeira","10":"post_format-post-format-gallery","12":"post-with-thumbnail","13":"post-with-thumbnail-icon"},"yoast_head":"<!-- This site is optimized with the Yoast SEO plugin v27.5 - https:\/\/yoast.com\/product\/yoast-seo-wordpress\/ -->\n<title>17-08-2012 - Las Levadas : qu\u00e9 son ? -<\/title>\n<meta name=\"robots\" content=\"index, follow, max-snippet:-1, max-image-preview:large, max-video-preview:-1\" \/>\n<link rel=\"canonical\" href=\"https:\/\/www.carlosyconchita.net\/rutas\/01-08-2012-las-levadas-de-madeira\/\" \/>\n<meta property=\"og:locale\" content=\"es_ES\" \/>\n<meta property=\"og:type\" content=\"article\" \/>\n<meta property=\"og:title\" content=\"17-08-2012 - Las Levadas : qu\u00e9 son ? -\" \/>\n<meta property=\"og:description\" content=\"Una levada es una acequia o canal, que lleva el\u00a0 agua desde las zonas mas h\u00famedas de Madeira , normalmente la zona central con muchas monta\u00f1as y vegetaci\u00f3n, hasta las zonas mas secas de la costa . Para impedir que las abundantes lluvias de las monta\u00f1as se pierdan en el mar, la gran red de [&hellip;]\" \/>\n<meta property=\"og:url\" content=\"https:\/\/www.carlosyconchita.net\/rutas\/01-08-2012-las-levadas-de-madeira\/\" \/>\n<meta property=\"og:site_name\" content=\"Las rutas de Carlos y Conchita\" \/>\n<meta property=\"article:published_time\" content=\"2012-08-18T09:40:58+00:00\" \/>\n<meta property=\"article:modified_time\" content=\"2012-11-18T17:18:55+00:00\" \/>\n<meta property=\"og:image\" content=\"https:\/\/www.carlosyconchita.net\/rutas\/wp-content\/uploads\/2012\/11\/DSC04803.jpg\" \/>\n\t<meta property=\"og:image:width\" content=\"700\" \/>\n\t<meta property=\"og:image:height\" content=\"394\" \/>\n\t<meta property=\"og:image:type\" content=\"image\/jpeg\" \/>\n<meta name=\"author\" content=\"Carlos Conchita\" \/>\n<meta name=\"twitter:label1\" content=\"Escrito por\" \/>\n\t<meta name=\"twitter:data1\" content=\"Carlos Conchita\" \/>\n\t<meta name=\"twitter:label2\" content=\"Tiempo de lectura\" \/>\n\t<meta name=\"twitter:data2\" content=\"3 minutos\" \/>\n<script type=\"application\/ld+json\" class=\"yoast-schema-graph\">{\"@context\":\"https:\\\/\\\/schema.org\",\"@graph\":[{\"@type\":\"Article\",\"@id\":\"https:\\\/\\\/www.carlosyconchita.net\\\/rutas\\\/01-08-2012-las-levadas-de-madeira\\\/#article\",\"isPartOf\":{\"@id\":\"https:\\\/\\\/www.carlosyconchita.net\\\/rutas\\\/01-08-2012-las-levadas-de-madeira\\\/\"},\"author\":{\"name\":\"Carlos Conchita\",\"@id\":\"https:\\\/\\\/www.carlosyconchita.net\\\/rutas\\\/#\\\/schema\\\/person\\\/a9691f7258c28443fab2d3aa1479ea19\"},\"headline\":\"17-08-2012 &#8211; Las Levadas : qu\u00e9 son ?\",\"datePublished\":\"2012-08-18T09:40:58+00:00\",\"dateModified\":\"2012-11-18T17:18:55+00:00\",\"mainEntityOfPage\":{\"@id\":\"https:\\\/\\\/www.carlosyconchita.net\\\/rutas\\\/01-08-2012-las-levadas-de-madeira\\\/\"},\"wordCount\":585,\"commentCount\":0,\"image\":{\"@id\":\"https:\\\/\\\/www.carlosyconchita.net\\\/rutas\\\/01-08-2012-las-levadas-de-madeira\\\/#primaryimage\"},\"thumbnailUrl\":\"https:\\\/\\\/www.carlosyconchita.net\\\/rutas\\\/wp-content\\\/uploads\\\/2012\\\/11\\\/DSC04803.jpg\",\"articleSection\":[\"0-Muy f\u00e1cil\",\"1 - Hasta 5 km.\",\"Madeira\"],\"inLanguage\":\"es\",\"potentialAction\":[{\"@type\":\"CommentAction\",\"name\":\"Comment\",\"target\":[\"https:\\\/\\\/www.carlosyconchita.net\\\/rutas\\\/01-08-2012-las-levadas-de-madeira\\\/#respond\"]}]},{\"@type\":\"WebPage\",\"@id\":\"https:\\\/\\\/www.carlosyconchita.net\\\/rutas\\\/01-08-2012-las-levadas-de-madeira\\\/\",\"url\":\"https:\\\/\\\/www.carlosyconchita.net\\\/rutas\\\/01-08-2012-las-levadas-de-madeira\\\/\",\"name\":\"17-08-2012 - Las Levadas : qu\u00e9 son ? -\",\"isPartOf\":{\"@id\":\"https:\\\/\\\/www.carlosyconchita.net\\\/rutas\\\/#website\"},\"primaryImageOfPage\":{\"@id\":\"https:\\\/\\\/www.carlosyconchita.net\\\/rutas\\\/01-08-2012-las-levadas-de-madeira\\\/#primaryimage\"},\"image\":{\"@id\":\"https:\\\/\\\/www.carlosyconchita.net\\\/rutas\\\/01-08-2012-las-levadas-de-madeira\\\/#primaryimage\"},\"thumbnailUrl\":\"https:\\\/\\\/www.carlosyconchita.net\\\/rutas\\\/wp-content\\\/uploads\\\/2012\\\/11\\\/DSC04803.jpg\",\"datePublished\":\"2012-08-18T09:40:58+00:00\",\"dateModified\":\"2012-11-18T17:18:55+00:00\",\"author\":{\"@id\":\"https:\\\/\\\/www.carlosyconchita.net\\\/rutas\\\/#\\\/schema\\\/person\\\/a9691f7258c28443fab2d3aa1479ea19\"},\"breadcrumb\":{\"@id\":\"https:\\\/\\\/www.carlosyconchita.net\\\/rutas\\\/01-08-2012-las-levadas-de-madeira\\\/#breadcrumb\"},\"inLanguage\":\"es\",\"potentialAction\":[{\"@type\":\"ReadAction\",\"target\":[\"https:\\\/\\\/www.carlosyconchita.net\\\/rutas\\\/01-08-2012-las-levadas-de-madeira\\\/\"]}]},{\"@type\":\"ImageObject\",\"inLanguage\":\"es\",\"@id\":\"https:\\\/\\\/www.carlosyconchita.net\\\/rutas\\\/01-08-2012-las-levadas-de-madeira\\\/#primaryimage\",\"url\":\"https:\\\/\\\/www.carlosyconchita.net\\\/rutas\\\/wp-content\\\/uploads\\\/2012\\\/11\\\/DSC04803.jpg\",\"contentUrl\":\"https:\\\/\\\/www.carlosyconchita.net\\\/rutas\\\/wp-content\\\/uploads\\\/2012\\\/11\\\/DSC04803.jpg\",\"width\":700,\"height\":394},{\"@type\":\"BreadcrumbList\",\"@id\":\"https:\\\/\\\/www.carlosyconchita.net\\\/rutas\\\/01-08-2012-las-levadas-de-madeira\\\/#breadcrumb\",\"itemListElement\":[{\"@type\":\"ListItem\",\"position\":1,\"name\":\"Portada\",\"item\":\"https:\\\/\\\/www.carlosyconchita.net\\\/rutas\\\/\"},{\"@type\":\"ListItem\",\"position\":2,\"name\":\"17-08-2012 &#8211; Las Levadas : qu\u00e9 son ?\"}]},{\"@type\":\"WebSite\",\"@id\":\"https:\\\/\\\/www.carlosyconchita.net\\\/rutas\\\/#website\",\"url\":\"https:\\\/\\\/www.carlosyconchita.net\\\/rutas\\\/\",\"name\":\"Las rutas de Carlos y Conchita\",\"description\":\"\",\"potentialAction\":[{\"@type\":\"SearchAction\",\"target\":{\"@type\":\"EntryPoint\",\"urlTemplate\":\"https:\\\/\\\/www.carlosyconchita.net\\\/rutas\\\/?s={search_term_string}\"},\"query-input\":{\"@type\":\"PropertyValueSpecification\",\"valueRequired\":true,\"valueName\":\"search_term_string\"}}],\"inLanguage\":\"es\"},{\"@type\":\"Person\",\"@id\":\"https:\\\/\\\/www.carlosyconchita.net\\\/rutas\\\/#\\\/schema\\\/person\\\/a9691f7258c28443fab2d3aa1479ea19\",\"name\":\"Carlos Conchita\",\"image\":{\"@type\":\"ImageObject\",\"inLanguage\":\"es\",\"@id\":\"https:\\\/\\\/secure.gravatar.com\\\/avatar\\\/3a4625b20c8da3de99da69bfe7a322774e291c3f90dce7e8778a30fe6748ed1a?s=96&d=mm&r=g\",\"url\":\"https:\\\/\\\/secure.gravatar.com\\\/avatar\\\/3a4625b20c8da3de99da69bfe7a322774e291c3f90dce7e8778a30fe6748ed1a?s=96&d=mm&r=g\",\"contentUrl\":\"https:\\\/\\\/secure.gravatar.com\\\/avatar\\\/3a4625b20c8da3de99da69bfe7a322774e291c3f90dce7e8778a30fe6748ed1a?s=96&d=mm&r=g\",\"caption\":\"Carlos Conchita\"}}]}<\/script>\n<!-- \/ Yoast SEO plugin. -->","yoast_head_json":{"title":"17-08-2012 - Las Levadas : qu\u00e9 son ? -","robots":{"index":"index","follow":"follow","max-snippet":"max-snippet:-1","max-image-preview":"max-image-preview:large","max-video-preview":"max-video-preview:-1"},"canonical":"https:\/\/www.carlosyconchita.net\/rutas\/01-08-2012-las-levadas-de-madeira\/","og_locale":"es_ES","og_type":"article","og_title":"17-08-2012 - Las Levadas : qu\u00e9 son ? -","og_description":"Una levada es una acequia o canal, que lleva el\u00a0 agua desde las zonas mas h\u00famedas de Madeira , normalmente la zona central con muchas monta\u00f1as y vegetaci\u00f3n, hasta las zonas mas secas de la costa . Para impedir que las abundantes lluvias de las monta\u00f1as se pierdan en el mar, la gran red de [&hellip;]","og_url":"https:\/\/www.carlosyconchita.net\/rutas\/01-08-2012-las-levadas-de-madeira\/","og_site_name":"Las rutas de Carlos y Conchita","article_published_time":"2012-08-18T09:40:58+00:00","article_modified_time":"2012-11-18T17:18:55+00:00","og_image":[{"width":700,"height":394,"url":"https:\/\/www.carlosyconchita.net\/rutas\/wp-content\/uploads\/2012\/11\/DSC04803.jpg","type":"image\/jpeg"}],"author":"Carlos Conchita","twitter_misc":{"Escrito por":"Carlos Conchita","Tiempo de lectura":"3 minutos"},"schema":{"@context":"https:\/\/schema.org","@graph":[{"@type":"Article","@id":"https:\/\/www.carlosyconchita.net\/rutas\/01-08-2012-las-levadas-de-madeira\/#article","isPartOf":{"@id":"https:\/\/www.carlosyconchita.net\/rutas\/01-08-2012-las-levadas-de-madeira\/"},"author":{"name":"Carlos Conchita","@id":"https:\/\/www.carlosyconchita.net\/rutas\/#\/schema\/person\/a9691f7258c28443fab2d3aa1479ea19"},"headline":"17-08-2012 &#8211; Las Levadas : qu\u00e9 son ?","datePublished":"2012-08-18T09:40:58+00:00","dateModified":"2012-11-18T17:18:55+00:00","mainEntityOfPage":{"@id":"https:\/\/www.carlosyconchita.net\/rutas\/01-08-2012-las-levadas-de-madeira\/"},"wordCount":585,"commentCount":0,"image":{"@id":"https:\/\/www.carlosyconchita.net\/rutas\/01-08-2012-las-levadas-de-madeira\/#primaryimage"},"thumbnailUrl":"https:\/\/www.carlosyconchita.net\/rutas\/wp-content\/uploads\/2012\/11\/DSC04803.jpg","articleSection":["0-Muy f\u00e1cil","1 - Hasta 5 km.","Madeira"],"inLanguage":"es","potentialAction":[{"@type":"CommentAction","name":"Comment","target":["https:\/\/www.carlosyconchita.net\/rutas\/01-08-2012-las-levadas-de-madeira\/#respond"]}]},{"@type":"WebPage","@id":"https:\/\/www.carlosyconchita.net\/rutas\/01-08-2012-las-levadas-de-madeira\/","url":"https:\/\/www.carlosyconchita.net\/rutas\/01-08-2012-las-levadas-de-madeira\/","name":"17-08-2012 - Las Levadas : qu\u00e9 son ? -","isPartOf":{"@id":"https:\/\/www.carlosyconchita.net\/rutas\/#website"},"primaryImageOfPage":{"@id":"https:\/\/www.carlosyconchita.net\/rutas\/01-08-2012-las-levadas-de-madeira\/#primaryimage"},"image":{"@id":"https:\/\/www.carlosyconchita.net\/rutas\/01-08-2012-las-levadas-de-madeira\/#primaryimage"},"thumbnailUrl":"https:\/\/www.carlosyconchita.net\/rutas\/wp-content\/uploads\/2012\/11\/DSC04803.jpg","datePublished":"2012-08-18T09:40:58+00:00","dateModified":"2012-11-18T17:18:55+00:00","author":{"@id":"https:\/\/www.carlosyconchita.net\/rutas\/#\/schema\/person\/a9691f7258c28443fab2d3aa1479ea19"},"breadcrumb":{"@id":"https:\/\/www.carlosyconchita.net\/rutas\/01-08-2012-las-levadas-de-madeira\/#breadcrumb"},"inLanguage":"es","potentialAction":[{"@type":"ReadAction","target":["https:\/\/www.carlosyconchita.net\/rutas\/01-08-2012-las-levadas-de-madeira\/"]}]},{"@type":"ImageObject","inLanguage":"es","@id":"https:\/\/www.carlosyconchita.net\/rutas\/01-08-2012-las-levadas-de-madeira\/#primaryimage","url":"https:\/\/www.carlosyconchita.net\/rutas\/wp-content\/uploads\/2012\/11\/DSC04803.jpg","contentUrl":"https:\/\/www.carlosyconchita.net\/rutas\/wp-content\/uploads\/2012\/11\/DSC04803.jpg","width":700,"height":394},{"@type":"BreadcrumbList","@id":"https:\/\/www.carlosyconchita.net\/rutas\/01-08-2012-las-levadas-de-madeira\/#breadcrumb","itemListElement":[{"@type":"ListItem","position":1,"name":"Portada","item":"https:\/\/www.carlosyconchita.net\/rutas\/"},{"@type":"ListItem","position":2,"name":"17-08-2012 &#8211; Las Levadas : qu\u00e9 son ?"}]},{"@type":"WebSite","@id":"https:\/\/www.carlosyconchita.net\/rutas\/#website","url":"https:\/\/www.carlosyconchita.net\/rutas\/","name":"Las rutas de Carlos y Conchita","description":"","potentialAction":[{"@type":"SearchAction","target":{"@type":"EntryPoint","urlTemplate":"https:\/\/www.carlosyconchita.net\/rutas\/?s={search_term_string}"},"query-input":{"@type":"PropertyValueSpecification","valueRequired":true,"valueName":"search_term_string"}}],"inLanguage":"es"},{"@type":"Person","@id":"https:\/\/www.carlosyconchita.net\/rutas\/#\/schema\/person\/a9691f7258c28443fab2d3aa1479ea19","name":"Carlos Conchita","image":{"@type":"ImageObject","inLanguage":"es","@id":"https:\/\/secure.gravatar.com\/avatar\/3a4625b20c8da3de99da69bfe7a322774e291c3f90dce7e8778a30fe6748ed1a?s=96&d=mm&r=g","url":"https:\/\/secure.gravatar.com\/avatar\/3a4625b20c8da3de99da69bfe7a322774e291c3f90dce7e8778a30fe6748ed1a?s=96&d=mm&r=g","contentUrl":"https:\/\/secure.gravatar.com\/avatar\/3a4625b20c8da3de99da69bfe7a322774e291c3f90dce7e8778a30fe6748ed1a?s=96&d=mm&r=g","caption":"Carlos Conchita"}}]}},"_links":{"self":[{"href":"https:\/\/www.carlosyconchita.net\/rutas\/wp-json\/wp\/v2\/posts\/1290","targetHints":{"allow":["GET"]}}],"collection":[{"href":"https:\/\/www.carlosyconchita.net\/rutas\/wp-json\/wp\/v2\/posts"}],"about":[{"href":"https:\/\/www.carlosyconchita.net\/rutas\/wp-json\/wp\/v2\/types\/post"}],"author":[{"embeddable":true,"href":"https:\/\/www.carlosyconchita.net\/rutas\/wp-json\/wp\/v2\/users\/50"}],"replies":[{"embeddable":true,"href":"https:\/\/www.carlosyconchita.net\/rutas\/wp-json\/wp\/v2\/comments?post=1290"}],"version-history":[{"count":0,"href":"https:\/\/www.carlosyconchita.net\/rutas\/wp-json\/wp\/v2\/posts\/1290\/revisions"}],"wp:featuredmedia":[{"embeddable":true,"href":"https:\/\/www.carlosyconchita.net\/rutas\/wp-json\/wp\/v2\/media\/1294"}],"wp:attachment":[{"href":"https:\/\/www.carlosyconchita.net\/rutas\/wp-json\/wp\/v2\/media?parent=1290"}],"wp:term":[{"taxonomy":"category","embeddable":true,"href":"https:\/\/www.carlosyconchita.net\/rutas\/wp-json\/wp\/v2\/categories?post=1290"},{"taxonomy":"post_tag","embeddable":true,"href":"https:\/\/www.carlosyconchita.net\/rutas\/wp-json\/wp\/v2\/tags?post=1290"}],"curies":[{"name":"wp","href":"https:\/\/api.w.org\/{rel}","templated":true}]}}