{"id":12929,"date":"2019-05-25T20:46:57","date_gmt":"2019-05-25T19:46:57","guid":{"rendered":"https:\/\/www.carlosyconchita.net\/rutas\/?p=12929"},"modified":"2019-06-19T21:35:39","modified_gmt":"2019-06-19T20:35:39","slug":"25-05-2019-rieras-de-grau-y-de-clara","status":"publish","type":"post","link":"https:\/\/www.carlosyconchita.net\/rutas\/25-05-2019-rieras-de-grau-y-de-clara\/","title":{"rendered":"25-05-2019-Rieras de Grau y de Clar\u00e1"},"content":{"rendered":"<p style=\"text-align: justify;\">Empezamos la caminata de hoy en Avi\u00e1, justo a la salida del pueblo por la C-26 (si se viene desde Barcelona), en la entrada del pol\u00edgono industrial de La Rovira, en donde podemos dejar el coche, aunque hoy, debido a una competici\u00f3n de motocross, nos han avisado que no lo dej\u00e1ramos muy alejado de la carretera, por si acaso no pod\u00edamos salir despu\u00e9s.<\/p>\n<p style=\"text-align: justify;\">Al otro lado de la carretera, justo al lado de la zona de motocross, empieza un camino de tierra, que es donde empezamos a caminar, pasando despu\u00e9s por los saltos de Grau y de Clar\u00e1 ( que debido a las lluvias de estos d\u00edas ten\u00edan bastante agua), la balma del Forats, y la mas\u00eda de Cal Deu.\u00a0<br \/>\nAl final de la excursi\u00f3n, nos dirigimos con el coche a la ermita de Santa Mar\u00eda de Avi\u00e1, en donde podemos comer algo m\u00e1s tranquilos que rodeados de motos y de humo.<\/p>\n<p>Hacemos la excursi\u00f3n con Miquel, Carme, Lluis, Asun y Josep.<\/p>\n<hr \/>\n<h3><strong>Album de fotos<\/strong><\/h3>\n<p><a href=\"https:\/\/photos.app.goo.gl\/CW4CEqLLuUeFpiqLA\" target=\"_blank\" rel=\"noopener noreferrer\"><img loading=\"lazy\" decoding=\"async\" class=\"aligncenter wp-image-12930 size-column4-2\/3\" src=\"https:\/\/www.carlosyconchita.net\/rutas\/wp-content\/uploads\/2019\/06\/Rieras-0101-285x190.jpg\" alt=\"\" width=\"285\" height=\"190\" srcset=\"https:\/\/www.carlosyconchita.net\/rutas\/wp-content\/uploads\/2019\/06\/Rieras-0101-285x190.jpg 285w, https:\/\/www.carlosyconchita.net\/rutas\/wp-content\/uploads\/2019\/06\/Rieras-0101-272x182.jpg 272w, https:\/\/www.carlosyconchita.net\/rutas\/wp-content\/uploads\/2019\/06\/Rieras-0101-570x380.jpg 570w, https:\/\/www.carlosyconchita.net\/rutas\/wp-content\/uploads\/2019\/06\/Rieras-0101-380x254.jpg 380w\" sizes=\"auto, (max-width: 285px) 100vw, 285px\" \/><\/a><\/p>\n<hr \/>\n<p><strong>Dificultad<\/strong> :\u00a0 \u00a0 Moderado<\/p>\n<p><strong>Distancia total<\/strong> :\u00a0 \u00a0 11.354\u00a0 \u00a0m.<span class=\"totlen\"><span class=\"summaryvalue\"><br \/>\n<\/span><\/span><\/p>\n<p><strong>Alturas m\u00ednima \/ m\u00e1xima<\/strong> :\u00a0 \u00a0 \u00a0701\u00a0 m . \u2013 1.051 m.<\/p>\n<p><strong>Desnivel acumulado seg\u00fan Wikiloc\u00a0 :\u00a0\u00a0<\/strong> 439 m.<\/p>\n<p><strong>Tiempo total \/ en movimiento<\/strong> :\u00a0 \u00a0 \u00a0 3 h.\u00a0 19 m.\u00a0 \u00a0\u2013\u00a0 5 h.\u00a0 16 m<\/p>\n<p><strong>Vel. media total \/ vel.media movimiento<\/strong> :\u00a0 \u00a0 2&#8217;10\u00a0 km.\/h. \u2014\u00a0 \u00a03\u201932 km.\/h<\/p>\n<p>&nbsp;<\/p>\n<p>&nbsp;<\/p>\n<hr \/>\n<p><img loading=\"lazy\" decoding=\"async\" class=\"alignnone size-full\" src=\"https:\/\/lh3.googleusercontent.com\/rsOKK5VQsig5I74ocGm_Z0L32Paw8urxyThccGFNHcjTz7T9H0UWIHrBvk__tjLgJDIlZcqD7xanHrj4fLy-ph-A-ZIO5Cc6OrujC-CWFwkbGEf79tIx7_neL6wcJld9NEEHMu6pUu8GL6Nni557F0JbLK8cldm5yZIEWzYPomlMb450rrhz6T6suwwzQ2dRfEyPWmKc5OgAzNkXBNMVKB-94wUaHL-xi7XmHyejGTHISKEhwozd5KTxRQFdJrRB28ZnAoqe72wz4wwDQazeURGgnmvXIc4cZjdzFwtLCLUk5Hqki6WR4Nvsm2hvYu2nznSeITxrCUi_k1FTd5duXULbroqTvHD7cTKhZakinitdaHvBMyPS6abQOfx30aSZjgGPjm-k1RnRByFaUFGCqqornS4Sx_p-3-6mDxhUBCXufY6DhyPeR8oM35AHuwfS9hheiWwIPMm3fN32mHrUNwYXGWsAwkkWoasRJu0VUTIRPiidofhBh5row7hqVXFKn-OsfK0LsBOlANHLjJ4rQmc1-Rufw1vtu6akdEBT0XYTSsA2S9vA6ZLgYBXsHQ4oac92Hxo1NqGMtFIBq_NDm7-XEpLXGdVd_xKK5sWMncGRqBtuUjzAHeFrgPCjK95kDfUlNnf6snpAlZj4oZmHkzIHKtuHviOzFYapjAmMlt6Jau6RvDa9kJZt_LJr-kGCii74pY_cjC8eWb3biKSQeJ8fYQ=w1024-h576-no\" width=\"1024\" height=\"576\" \/><\/p>\n<p><img loading=\"lazy\" decoding=\"async\" class=\"alignnone size-full\" src=\"https:\/\/lh3.googleusercontent.com\/vx8vC03YJkQwhL_lss3B6EoiIveVrG48noIXbe3cdtYnuftxXQEaLl-tSwbUmhaCZ2S71ZNw_DnbJbQHSJxnXW3QSB4BuSeZ2xSTtc6LyAMv0bL4-6BgI61PdvMF9fycJTyV1dAfgfguJI66-D5w2fu1OejWNZpYUnijwg0SH7sG5Fn8suqCU_GrcUxRnpM9xIfszMJl5-HsfidkFucdMLl0vCFvH2JeOElQHtuhDXsTCsnpBMgc5n41p_j4A9xyDLmv2CWgzHHNJ8XMK0Tz-QCeaY6JGbQSQjxYDGSeL1qWnQgxvNKvHpsqt4SS_dLW_ePwvrAYyNdJLBDcl3Sv8MNbpm8cOtb2a-gqufNqFGoN1RyL7z0rReh11U_9YExPVNfg2gZsPn0O2TMrVeOv-PWKrFgv8lRPyZmXVHvBMlaotnYFLLq87OAG1fCV4PgoJn4U-L-SpTr-01v7TAP2uXGzUT35G7_-rpAO4F1JOS90c-tHj7edxhO-mJTjSu-1crUjknb4TIAY8-Ey_0CRoA0d8YtDHIYDO07fFO50dlhEhJR0u5TGVTM0r402q0SuNGSaUvjkwvya3s_y58vNnoQmPk6oC4EJd_VQM-mO776LbrFw0mLS3jDKwjKt-IMgxt5NKQwTJg9K39sTAXJ3dsqfdKADXU5LBpGrQncQUpAOZ3oiJP-UNgCiCsBHAIGyJiSVQZM0a67JaZ0V77ceFkRcwA=w1024-h576-no\" width=\"1024\" height=\"576\" \/><\/p>\n<p><img loading=\"lazy\" decoding=\"async\" class=\"alignnone size-full\" src=\"https:\/\/lh3.googleusercontent.com\/fFJzES_sCMBtdspFmEqm6jKCTeaK4972zbEyaK-pWikOdvjd8YQzhWU99uCqp3rT4ULu_GHIVZlTMlawj_w-zNxytpT9mMwh3wvLPW0i1HqJeuQePcfYqf4oPyPWjkuKYOOzqpJwCJUcZZIGSy7vvqzYNom2D1Add0Imyek1YNjE_D13xsMl7-M5Y0sE-gkmTkGsf7mJXFOQGJAAUHLwGe7XnYCpXuLYuFdIwvRJGVzJtDaWX1CV9AZ8ktRWQrBK53kGPG2E-YKmkSo29fpHqPL6o9l6oo_qiW4HhV9XT5Sj3sRI2X5pjlDHC9mktl7ZwN18rvvvjKE2-3fwIOm-o75_-y17fph1_198BqzFfksZLFQ_xFJAPIaMwAu9qdXb9S1ZCafc1kAqwInE5kmQxDahOPC7fILk83549H-s7iID6e4SqATLli6cn2vl3rlCpgJqDfyavQthE4rx9wpARz2pSMXHK31D2UqiYHuHeHB3q6Y4PWn8x51fXAIYc-JHIslVG3hTYNzCABpjYjvO5KhOstyKkfr0zzI3ksrOdmZcB5HWqFOUgP1_QhFA9C5jBKg4UgPfNhhyCXL8rouipZaLuMsjCcd4QFfjl-aELDRBA0dX64xequWAQlqm73eirZtmCSF-DmvkOUVcNSchaQkw8JWmF3_WdLOI7fFKpWkLVpff_bFYugx4YplXyfslgkA5d5cseSLCnnlnSJvDvra7HA=w986-h739-no\" width=\"986\" height=\"739\" \/><\/p>\n<p>Vistas de Berga.<\/p>\n<p><img loading=\"lazy\" decoding=\"async\" class=\"alignnone size-full\" src=\"https:\/\/lh3.googleusercontent.com\/gFKz17EvffoZT-9xtF_dqh1xxy3taSNlNy35uybYhkGEVoHGfyf6fBuw6NxHJExryMHwjyvaLTh7DUFLJBL82YPBXcDtyngFEcD5DYe8ayDxuTt_31IP8L2fwXq3J_YB9Dvh05Lzo_C_HNOScGp34x-yQAMk5ryF3CLQxnhjZqvE8N-LL0yDAQpgtehYZtESR8WnDpNiN-itJdoEW6tv5IRnFiwvxNJT1G51geQ_9F6yWzCLpFy8njfOqc3tXzjtNXorYAlpVw-0RQIogA80d5kiWdnGVlbjpIyEKcA5wQQZqw2AAqIFt1Bo_Y0Wh5PBT6JFCjUvelVDqjwkFGSOb2gNxeMx2jUxZkTUpKJvnGEogqEJ3ApTPZPYoWuNjgsUK7lHg5EGODonvN6lNGT3qiijVJjQnybEeSmuZ89sO7ry7a0efJiJlult61DqnoHKpRTf_NLDAYcFT0y90vXMuJT623kGZGndK2sKjjF0hgjeA0bgXYmKoZU6iceEt4KnGhzdhQjF2PcDmA3HZuAN9p1tib-CQ7i5mvG2ERD7BPv2zaLsvPmtDbjhPUl4S2EhF7XOSe_4XDLbrYyVh7oCMQZPBKm-0l7B6YrQHOhqRFieLsG1pySzJaIU909YqThzGYmFf7S8DnYzbUHnBeZzpTtpRnmTVucZ_wc1Ifau1fn5GneDeuuV0lsCATImgq4D3FUtwgp3U-e6Tkg9s-UnXQMIJw=w1024-h576-no\" width=\"1024\" height=\"576\" \/><\/p>\n<p>Y de Avi\u00e1.<\/p>\n<p><img loading=\"lazy\" decoding=\"async\" class=\"alignnone size-full\" src=\"https:\/\/lh3.googleusercontent.com\/0mf7qYjXB7l1XSGaJIBtsvlJCSU9PofrzwffAiRYas5xV8oIieikHSuzIsBkcMj-4kX2r0jTwL8yFijrqk4pyWPtZVqih6wfdSZltsFAjop1epiTgXzlAd1D3o9tNkIrGkn-DREvwWThtb6rCqd9mUT2XkST-j-FzMAcORczCyHbjXN5Q6qvXAzLCBUUQq7fmB6oXpyif1WGse28HYHJzfK5J6ElaZ_XAJ8VVKPzOrGxnKjPTZ2csPm3zri-nSlkaRjxabxUGDIhSBUPTqhjgBBw195ZFAK0jIzH2xidwFLDDiyr8Ao8SAHee2nX2P5Oqsv4saXRlyUp7ODard91diQw0ouGZ9qEzQFB_9tIj4voeESKi45YgV0wbfQjMHCjjTL3xssXyTYec68Buqw-SqAI0jLeee8C0NdLr5ZgmNymUYhH1PRKS9LWwMfVq8o88IOj4LCGbdtFvtUms9W8j2HMaQqcXL64ZZyRd2KPSBI1vUrNPjliEqgZGUJJ_rGNURrpocV4p-7-bLrN7u00T6U-mp4xOkFRtdVpK5SxOCALB2yH445bdmHyZIn4ZE78BOlb9uzAkeob-TMgIitU2oyrjqQfvFubaJ3QIxka1HdijGPzOkC3eoYAhHajBD2gEiUQvl4LP5md11I601QgZ1HICVihT95BrUtto3Ra8He2K4fRvWfcwevx0H_ogbzF1nCKd_GTk9NDWFfov3K4TpGDiA=w1024-h576-no\" width=\"1024\" height=\"576\" \/><\/p>\n<p><img loading=\"lazy\" decoding=\"async\" class=\"alignnone size-full\" src=\"https:\/\/lh3.googleusercontent.com\/9nomamJe1uXxPEvfk5y_gfy13ujegIAav2EkF2q184y506G50CLIRyw-aSRnm_tT3ONdTLT2PzGjHcLu84ZOmDjVNsSFnl8BlhrcZV-MPwCk19Yj-0qfHWnlGZKcPlYe9Vj4qJ0CVwSxMX1hXuW3Q1eJDTnIh1WORfWt9JCLm0p777uhUdge_kidP0IIrIGMFFCinR8Qb8xFgc0WUvWtPJsi-Cv7YtjiUJ4Gs8caNojwIJMrG25QFcSjcVqcI4ne1zViLMQbmzXiUA10YpqE5iHPB6sPs_FIYLjqztpmbsHAlUOSLeh_FQyLhpbFikvijlCL4UTOiX6paJL5w0BmP1P0r97Bm7KdFJREDFolAmjv5_lLxxjd5xCIydkw9itwhN6pY52JTBzhBXkB9EO2_TaJIU51y4emQYSOtZrEBIg3sYOUvm6KYTQ28IO3jEz5-jx-i5A7HWOhVxwMmr-SEWRgDAc-f0z7PZqZRwn6qJTnAxUc6fsNRESy-LBgwJlHameVQSIy5g7U368X0UvrAnY4Ok1bnk_4daxzdTo-HG5LwvrwIGr192WvEwJHm0CfHgkziUkXtahZalcPjM5UTe9ZJz44WhYjliRDoA8nwW2VHy2TLbBH06ek15MtyPXOrfK7R2qGXAiBi1USFgDET_4Xepq_n0uEe3kWMLtaotYaTv0g_uhsLtDghROVlOXvEujTZqJHMHw3yS_OJtmaymMrIw=w1024-h576-no\" width=\"1024\" height=\"576\" \/><\/p>\n<p><img loading=\"lazy\" decoding=\"async\" class=\"alignnone size-full\" src=\"https:\/\/lh3.googleusercontent.com\/yAIRvohQlu7COSevnhue110ad-OJ_4w6c3F_8cLsVnxs5a7yJBXmRdIlDkY3liN44bONYVORkik5CVBDJJQwPxTHGYrUr7QFvpfyGqgLgQEQ95WwtBDYZOjBFyJ4EuKxwshRCBDszFGMiyXQ1OI0c2rEll29By5yqrsHg_T0Pkhrg8GF2uPBOgNPflck09fR9GTlxH2nUxfWto70LQAMwISjs1_I3W8XhvNwFE5Ur8lk2JHkVm8WNWXBCIrx8iiaj9G2HC5uXCbrwqGstOw6FzWSJGdpwZ4-69yO_tPJXBs8Ldji_LpH4tU3DeyCfaSqYDpuQEB4ymRZ5_j_FSPzIiTGhtOTbjLWufq0uvdWP4jsrtnDXno_b3cQWHM_k6o56mX0xQY6_DQGdTjAqB4BxKCwgggW2Mp4kf6BSyi4MjbYQHy6MQxwJO7UTD0qtB_AyhVE8pNGtUaXSsO5O-ndD9IrIgliMnn6Bl3CP1hied0mPyoXhLhclqeXYng2qJH_y1y3qiAgJpVX_ciue3YjasQQYg6fGZJmIIXoCF0zSBoEXUHKd6tWk1c7vsaKwXhyRWgYLWC85qLsWepUgv6kFchxyd3Zqi-7z_9V7En7jNFM5wSfIieVBdsG4I-tPRUO9cWHjEHMu4-n0UDU3KqkNw0k1gNjIU5xvgPU-tuaL3d8ltOB7GFsjWhbee1zHu8zwIM6RMDDfoCZujlneEXKYUVK9g=w986-h739-no\" width=\"986\" height=\"739\" \/><\/p>\n<p><img loading=\"lazy\" decoding=\"async\" class=\"alignnone size-full\" src=\"https:\/\/lh3.googleusercontent.com\/G4RJDE3wIYA0BJ5LBGvCxl8gwHOiFK463qv18nKWtA_xwU9SNe0qpVDu_KvazZhYHMIdVZXZBdeAjFzXt0u5IikQG0ivLq6HukZ1UWDoL0UWQxSmwcDdmle6UPRpPfI5CuKKG-RMoeK0fkxRQXnPZufqsTc93JIvtHY43Z28PwzdHd0FbrsKs3N2wk40fA6CEzinEtRVF0SQRUa7VhWdwcog4aiIK6wWGqMNaFktq_SFrObSkm6COe_VtXmi9aKIB7Fa7y0ebARtsLd2bB0y8-0lpG8vlJge3ivl63PuBRZ_w_v-ghd89_gb3P1wpq3fN7Eo5fW4Jr5eOKW_5iZAnWjk2VTNx37hx09Nr8gLo4mlTndzOVbj_IW6w3zSx_NEI7aLg300mgzedoa5ljFlh9emqFLnwVjaTiYjkF6lVxYQo733LSqN3uyOykCbrgWLexD2_J7-CsqwElRTvOO-pj4zH33egGbtrB8SC5EyHTPYK2QE-vgSGarztqHjXyyns-4bJotSHDfzp5HTxMKOTkFJ_RKVnm7yYmsn9lPqe9ZR9pnQb35cf4qHxPynk5DSPNQmMrT95f_LKOb2LombK3A04CHWSUW3UtZSSdLuWbek7rt2YXVioBabU_2KXF6fp3hj-0_oJIGiOeWZL37MBJC1DPiJZ8KdYGBQ6-mEXuRulrJ8Epy9sNO2RDgZ3UKec3ecXr5DjanpFU9p7G8z3eaiEw=w1024-h576-no\" width=\"1024\" height=\"576\" \/><\/p>\n<p><img loading=\"lazy\" decoding=\"async\" class=\"alignnone size-full\" src=\"https:\/\/lh3.googleusercontent.com\/fR6g7633NeQqZKD-sNfTCOSDmK6NH2KIUwTENaphr1QXayWQurTmiREUWKdO6V-XvCQQHNddS9_8p-vbBBoJKweaZrabrDno-uqyo_6yB2FCUfqmd_H8grBAOvJxTXMtatSHf8ZMM4WcKXctUFOjcaX2q2yUzoIc_d87Vy5PcwpEgOqll7al1_u8SBfiX5eO6S5fwgwoiKw5xTHvsLwifu9qeX1urOV49s8bWRqTajCiqqF-aZzEIjRWnqJhVryMtHpKKKduqLmosC-Azn5G7eYL7UrtHAqOmIOXJe428rXZJM7QGm5dlxhhOhSlm4HnSbmu0jv4BZ8I1xW-wYVhiv3WSNnOiRajk2-j7TfeMXGa5knmy_n4nVJscZr8gkSHoH8OktWfSS1VRG-QTWQhoS_jQFxT-giANZaEy5Mwcm0rpPyINowMQZre-uhbWYQhyL26gAbA1x6pTOps3wGAGRqvgdzm8-mb-yxWBJ7evIfrHyxJ0oZwkWEH3pvFX4UvcSKxbhyRSQhxybYp8K_RtV6NOEkN6es9NjuaFwpRa1EHdp9ygGbQSp53NQkSKDHi0OufHAquuTjLlbUlk7IC3IB5lmmJ8_0ZWhW0GToQSYAN6Pqbd9qbDFQq_-cS10mCN9MavIpAibpu03QhPZGa9cYFpd_C_vdsI6rGWonwZIvZnJwsATyCZw0ohrpId-3KoWv67eB0e_9joICmLrWmhh3A1A=w1024-h576-no\" width=\"1024\" height=\"576\" \/><\/p>\n<p><img loading=\"lazy\" decoding=\"async\" class=\"alignnone size-full\" src=\"https:\/\/lh3.googleusercontent.com\/ab5GkIc5zYnHlbHBL3y66nA4iBGv0EgP_Ihws4aU6YzEGwbvLs_SF0sAxfWQfRzW62g_X_QbwAx3bWk8U_wBbnH7POC6NCwrbSgFAvVUVSWkANzD1X3kt7VAP5qBSupGGgtEHI-SMT9Cc_V0nDzrcK5Zg24c9hJSDpl_-jwES8eoFfvENHnX6teWe1ZdiCE-Cd5R5Qq9gf9nqYHckjJBXQR_N-iJEfRMkvXauKBvClBTfaUePr_KMWWGDWO-5050J5uGX8cHj32x46oWf-tjyzcUrW6MMdaeguuku5-_uTdbTKn4kingti4woGBEO5MPQFJMFXLiENUxSXN3WpZD6dnhk0CWblRhJeOSvHpSW1eZpP1HSXZTV9g7ptEcDCkFn4Gc9mUwkXGekjxlbG4zSTMSGX8sSbeSNM3BfJP6MFd9x8krYy0nxdGukMPwSQCwf0ZahkFaM2lOPPFQQGVApailvbOFg05KcDdWO0YMe6tnvtjqvUrS9Vgg47xY3kjf-KYYTwzNil0HsyZDenex-TT3Fe5DwJSCnSz5KOjDbuEuFCo5C4FjCK9QiNZe1qVYzahEUJnrjz0Ze3sxu4gyt590tHYNNj50NXJr08jllAHmRoR9V78OE9lPY_hUdVlvkhOVvXLBF1YCc057p8AaOU_vrAbDzXurbIeq43cUVRr_wGzjCtSm_w7tRWX3Tv0uJnqnnfVZiDQxrLP82JudSMtl1w=w986-h739-no\" width=\"986\" height=\"739\" \/><\/p>\n<p><img loading=\"lazy\" decoding=\"async\" class=\"alignnone size-full\" src=\"https:\/\/lh3.googleusercontent.com\/n9ovVmswR8sKu8GPijxcTu8sGlIk5TyjcZ45f1Is2THKLqhYdK9ABx-CX4_sA-PIvlNtzhXWJqL-QU-YUyjLTKt6Zo-VavBpN4lAvZuufFuYkm9_CjOeHrinIgViVSkhD3gg8jbRItpKIHFYmhWCXcW-7eg-amfuUmPJz-CHcO38TapRU0vpKkQVoUBRobSIAwLVq5fMMMFEwPmhTkmhhGZeqC7Kj9-MprIJz9trDBvyGGNvyZAt4DfBuyJe5M_eA7Xm2jKEVrv-48O7BG0oLdL76QK-EwmVs8ccTFk3GcW4EHomZL3mBrPRkhwxwK4RxSzUQdJr3QQfaswPl3s8XG1BnSaIS6iWsgE5TTlo2XbLmw6phhSonMo0w2AldYNKbTcn1fWA0BKZpkmjrmLO0JNObdHd8AKB-bGXE-uqO1c-7Q2cK4OPxaoLaNz1wuyk9wGoeiYlemJvTVFlWfIJOEJ65dYAm5436twfZsUE-_eip4x16ZCcVo1q1f95EcWBP9MAYNwD1Z-RC3RBlw-Cje4l70UTGQnoBFC97yCZ4KMaQWHJDMeW4_MshoKqJDHA3UMJ2Typgslf5pyJfiTBU_VQChFsl5cit7FKnDj8SsTLPp7gUr8BftBFiUT1Bb_WCLPCKCdgpaFD8aDl3K4_Ez5451eWSQARHrOjEmdDopPxP0_b-17M_y135pR1EsDA2MVMiPQqaW9aH4jrckG6NI8Puw=w986-h739-no\" width=\"986\" height=\"739\" \/><\/p>\n<hr \/>\n<p>&nbsp;<\/p>\n<h3><strong>Track de la ruta<\/strong><\/h3>\n<p>[sgpx gpx=\u00bb\/wp-content\/uploads\/gpx\/Rieras de Grau i de Clar\u00e0.gpx\u00bb]<\/p>\n<p>&nbsp;<\/p>\n<hr \/>\n<p>&nbsp;<\/p>\n<p style=\"text-align: justify;\"><span style=\"color: #ff0000; background-color: #ffffff; font-size: 14pt;\"><strong>Si te ha gustado, comp\u00e1rtelo en tu red favorita o env\u00edanos tu comentario.<br \/>\n<\/strong><\/span><\/p>\n<p style=\"text-align: justify;\"><span style=\"font-size: 14pt;\"><strong><span style=\"color: #ff0000;\">Muchas gracias !<\/span><\/strong><\/span><\/p>\n<hr \/>\n<p style=\"text-align: justify;\"><strong><span style=\"color: #008000;\">Suscribete si quieres recibir un mail cuando publiquemos nuevas rutas : no enviamos publicidad y como m\u00e1ximo enviamos 2 mails al mes<\/span><\/strong><\/p>\n<p style=\"text-align: center;\"><a href=\"https:\/\/mailchi.mp\/6989c83a3e24\/wmv06rtqcz\/\" target=\"_blank\" rel=\"noopener noreferrer\"><strong><span style=\"color: #0000ff;\">Pulsa aqu\u00ed para suscribirte<\/span><\/strong><\/a><\/p>\n<hr \/>\n<p style=\"text-align: justify;\">\u00a0<\/p>\n<h3 style=\"text-align: justify;\">Puedes imprimir esta publicaci\u00f3n o guardarla en diferentes formatos :<\/h3>\n<p style=\"text-align: justify;\"><span style=\"color: #ff0000; font-size: 14pt;\">Para facilitar la impresi\u00f3n, se ha reducido considerablemente el tama\u00f1o de las fotos, pero si deseas imprimir sin fotos, aconsejamos guardarlo como \u201cdoc\u201d, y antes de imprimirlo, eliminar las fotos<\/span><\/p>\n<p><span style=\"color: #ff0000;\">\u00a0<\/span><\/p>\n<hr \/>\n<p>&nbsp;<\/p>\n<h3><strong>Wikiloc<\/strong><\/h3>\n<p><a href=\"https:\/\/es.wikiloc.com\/rutas-senderismo\/rieras-de-grau-i-de-clara-37805310\" target=\"_blank\" rel=\"noopener noreferrer\"><img loading=\"lazy\" decoding=\"async\" class=\"size-full wp-image-958 aligncenter\" src=\"https:\/\/www.carlosyconchita.net\/rutas\/wp-content\/uploads\/2020\/09\/wikiloc.jpg\" alt=\"\" width=\"117\" height=\"34\" \/><\/a><\/p>\n","protected":false},"excerpt":{"rendered":"<p>Empezamos la caminata de hoy en Avi\u00e1, justo a la salida del pueblo por la C-26 (si se viene desde Barcelona), en la entrada del pol\u00edgono industrial de La Rovira, en donde podemos dejar el coche, aunque hoy, debido a una competici\u00f3n de motocross, nos han avisado que no lo dej\u00e1ramos muy alejado de la [&hellip;]<\/p>\n","protected":false},"author":50,"featured_media":12930,"comment_status":"open","ping_status":"open","sticky":false,"template":"","format":"standard","meta":{"footnotes":""},"categories":[11,23,85],"tags":[],"class_list":{"0":"post-12929","1":"post","2":"type-post","3":"status-publish","4":"format-standard","5":"has-post-thumbnail","6":"hentry","7":"category-moderada","8":"category-de-10-a-15-km","9":"category-bergada","11":"post-with-thumbnail","12":"post-with-thumbnail-icon"},"yoast_head":"<!-- This site is optimized with the Yoast SEO plugin v27.4 - https:\/\/yoast.com\/product\/yoast-seo-wordpress\/ -->\n<title>25-05-2019-Rieras de Grau y de Clar\u00e1 -<\/title>\n<meta name=\"robots\" content=\"index, follow, max-snippet:-1, max-image-preview:large, max-video-preview:-1\" \/>\n<link rel=\"canonical\" href=\"https:\/\/www.carlosyconchita.net\/rutas\/25-05-2019-rieras-de-grau-y-de-clara\/\" \/>\n<meta property=\"og:locale\" content=\"es_ES\" \/>\n<meta property=\"og:type\" content=\"article\" \/>\n<meta property=\"og:title\" content=\"25-05-2019-Rieras de Grau y de Clar\u00e1 -\" \/>\n<meta property=\"og:description\" content=\"Empezamos la caminata de hoy en Avi\u00e1, justo a la salida del pueblo por la C-26 (si se viene desde Barcelona), en la entrada del pol\u00edgono industrial de La Rovira, en donde podemos dejar el coche, aunque hoy, debido a una competici\u00f3n de motocross, nos han avisado que no lo dej\u00e1ramos muy alejado de la [&hellip;]\" \/>\n<meta property=\"og:url\" content=\"https:\/\/www.carlosyconchita.net\/rutas\/25-05-2019-rieras-de-grau-y-de-clara\/\" \/>\n<meta property=\"og:site_name\" content=\"Las rutas de Carlos y Conchita\" \/>\n<meta property=\"article:published_time\" content=\"2019-05-25T19:46:57+00:00\" \/>\n<meta property=\"article:modified_time\" content=\"2019-06-19T20:35:39+00:00\" \/>\n<meta property=\"og:image\" content=\"https:\/\/www.carlosyconchita.net\/rutas\/wp-content\/uploads\/2019\/06\/Rieras-0101.jpg\" \/>\n\t<meta property=\"og:image:width\" content=\"1024\" \/>\n\t<meta property=\"og:image:height\" content=\"576\" \/>\n\t<meta property=\"og:image:type\" content=\"image\/jpeg\" \/>\n<meta name=\"author\" content=\"Carlos Conchita\" \/>\n<meta name=\"twitter:label1\" content=\"Escrito por\" \/>\n\t<meta name=\"twitter:data1\" content=\"Carlos Conchita\" \/>\n\t<meta name=\"twitter:label2\" content=\"Tiempo de lectura\" \/>\n\t<meta name=\"twitter:data2\" content=\"2 minutos\" \/>\n<script type=\"application\/ld+json\" class=\"yoast-schema-graph\">{\"@context\":\"https:\\\/\\\/schema.org\",\"@graph\":[{\"@type\":\"Article\",\"@id\":\"https:\\\/\\\/www.carlosyconchita.net\\\/rutas\\\/25-05-2019-rieras-de-grau-y-de-clara\\\/#article\",\"isPartOf\":{\"@id\":\"https:\\\/\\\/www.carlosyconchita.net\\\/rutas\\\/25-05-2019-rieras-de-grau-y-de-clara\\\/\"},\"author\":{\"name\":\"Carlos Conchita\",\"@id\":\"https:\\\/\\\/www.carlosyconchita.net\\\/rutas\\\/#\\\/schema\\\/person\\\/a9691f7258c28443fab2d3aa1479ea19\"},\"headline\":\"25-05-2019-Rieras de Grau y de Clar\u00e1\",\"datePublished\":\"2019-05-25T19:46:57+00:00\",\"dateModified\":\"2019-06-19T20:35:39+00:00\",\"mainEntityOfPage\":{\"@id\":\"https:\\\/\\\/www.carlosyconchita.net\\\/rutas\\\/25-05-2019-rieras-de-grau-y-de-clara\\\/\"},\"wordCount\":334,\"commentCount\":0,\"image\":{\"@id\":\"https:\\\/\\\/www.carlosyconchita.net\\\/rutas\\\/25-05-2019-rieras-de-grau-y-de-clara\\\/#primaryimage\"},\"thumbnailUrl\":\"https:\\\/\\\/www.carlosyconchita.net\\\/rutas\\\/wp-content\\\/uploads\\\/2019\\\/06\\\/Rieras-0101.jpg\",\"articleSection\":[\"2-Moderada\",\"3 - De 10 a 15 km.\",\"Bergad\u00e1\"],\"inLanguage\":\"es\",\"potentialAction\":[{\"@type\":\"CommentAction\",\"name\":\"Comment\",\"target\":[\"https:\\\/\\\/www.carlosyconchita.net\\\/rutas\\\/25-05-2019-rieras-de-grau-y-de-clara\\\/#respond\"]}]},{\"@type\":\"WebPage\",\"@id\":\"https:\\\/\\\/www.carlosyconchita.net\\\/rutas\\\/25-05-2019-rieras-de-grau-y-de-clara\\\/\",\"url\":\"https:\\\/\\\/www.carlosyconchita.net\\\/rutas\\\/25-05-2019-rieras-de-grau-y-de-clara\\\/\",\"name\":\"25-05-2019-Rieras de Grau y de Clar\u00e1 -\",\"isPartOf\":{\"@id\":\"https:\\\/\\\/www.carlosyconchita.net\\\/rutas\\\/#website\"},\"primaryImageOfPage\":{\"@id\":\"https:\\\/\\\/www.carlosyconchita.net\\\/rutas\\\/25-05-2019-rieras-de-grau-y-de-clara\\\/#primaryimage\"},\"image\":{\"@id\":\"https:\\\/\\\/www.carlosyconchita.net\\\/rutas\\\/25-05-2019-rieras-de-grau-y-de-clara\\\/#primaryimage\"},\"thumbnailUrl\":\"https:\\\/\\\/www.carlosyconchita.net\\\/rutas\\\/wp-content\\\/uploads\\\/2019\\\/06\\\/Rieras-0101.jpg\",\"datePublished\":\"2019-05-25T19:46:57+00:00\",\"dateModified\":\"2019-06-19T20:35:39+00:00\",\"author\":{\"@id\":\"https:\\\/\\\/www.carlosyconchita.net\\\/rutas\\\/#\\\/schema\\\/person\\\/a9691f7258c28443fab2d3aa1479ea19\"},\"breadcrumb\":{\"@id\":\"https:\\\/\\\/www.carlosyconchita.net\\\/rutas\\\/25-05-2019-rieras-de-grau-y-de-clara\\\/#breadcrumb\"},\"inLanguage\":\"es\",\"potentialAction\":[{\"@type\":\"ReadAction\",\"target\":[\"https:\\\/\\\/www.carlosyconchita.net\\\/rutas\\\/25-05-2019-rieras-de-grau-y-de-clara\\\/\"]}]},{\"@type\":\"ImageObject\",\"inLanguage\":\"es\",\"@id\":\"https:\\\/\\\/www.carlosyconchita.net\\\/rutas\\\/25-05-2019-rieras-de-grau-y-de-clara\\\/#primaryimage\",\"url\":\"https:\\\/\\\/www.carlosyconchita.net\\\/rutas\\\/wp-content\\\/uploads\\\/2019\\\/06\\\/Rieras-0101.jpg\",\"contentUrl\":\"https:\\\/\\\/www.carlosyconchita.net\\\/rutas\\\/wp-content\\\/uploads\\\/2019\\\/06\\\/Rieras-0101.jpg\",\"width\":1024,\"height\":576},{\"@type\":\"BreadcrumbList\",\"@id\":\"https:\\\/\\\/www.carlosyconchita.net\\\/rutas\\\/25-05-2019-rieras-de-grau-y-de-clara\\\/#breadcrumb\",\"itemListElement\":[{\"@type\":\"ListItem\",\"position\":1,\"name\":\"Portada\",\"item\":\"https:\\\/\\\/www.carlosyconchita.net\\\/rutas\\\/\"},{\"@type\":\"ListItem\",\"position\":2,\"name\":\"25-05-2019-Rieras de Grau y de Clar\u00e1\"}]},{\"@type\":\"WebSite\",\"@id\":\"https:\\\/\\\/www.carlosyconchita.net\\\/rutas\\\/#website\",\"url\":\"https:\\\/\\\/www.carlosyconchita.net\\\/rutas\\\/\",\"name\":\"Las rutas de Carlos y Conchita\",\"description\":\"\",\"potentialAction\":[{\"@type\":\"SearchAction\",\"target\":{\"@type\":\"EntryPoint\",\"urlTemplate\":\"https:\\\/\\\/www.carlosyconchita.net\\\/rutas\\\/?s={search_term_string}\"},\"query-input\":{\"@type\":\"PropertyValueSpecification\",\"valueRequired\":true,\"valueName\":\"search_term_string\"}}],\"inLanguage\":\"es\"},{\"@type\":\"Person\",\"@id\":\"https:\\\/\\\/www.carlosyconchita.net\\\/rutas\\\/#\\\/schema\\\/person\\\/a9691f7258c28443fab2d3aa1479ea19\",\"name\":\"Carlos Conchita\",\"image\":{\"@type\":\"ImageObject\",\"inLanguage\":\"es\",\"@id\":\"https:\\\/\\\/secure.gravatar.com\\\/avatar\\\/3a4625b20c8da3de99da69bfe7a322774e291c3f90dce7e8778a30fe6748ed1a?s=96&d=mm&r=g\",\"url\":\"https:\\\/\\\/secure.gravatar.com\\\/avatar\\\/3a4625b20c8da3de99da69bfe7a322774e291c3f90dce7e8778a30fe6748ed1a?s=96&d=mm&r=g\",\"contentUrl\":\"https:\\\/\\\/secure.gravatar.com\\\/avatar\\\/3a4625b20c8da3de99da69bfe7a322774e291c3f90dce7e8778a30fe6748ed1a?s=96&d=mm&r=g\",\"caption\":\"Carlos Conchita\"}}]}<\/script>\n<!-- \/ Yoast SEO plugin. -->","yoast_head_json":{"title":"25-05-2019-Rieras de Grau y de Clar\u00e1 -","robots":{"index":"index","follow":"follow","max-snippet":"max-snippet:-1","max-image-preview":"max-image-preview:large","max-video-preview":"max-video-preview:-1"},"canonical":"https:\/\/www.carlosyconchita.net\/rutas\/25-05-2019-rieras-de-grau-y-de-clara\/","og_locale":"es_ES","og_type":"article","og_title":"25-05-2019-Rieras de Grau y de Clar\u00e1 -","og_description":"Empezamos la caminata de hoy en Avi\u00e1, justo a la salida del pueblo por la C-26 (si se viene desde Barcelona), en la entrada del pol\u00edgono industrial de La Rovira, en donde podemos dejar el coche, aunque hoy, debido a una competici\u00f3n de motocross, nos han avisado que no lo dej\u00e1ramos muy alejado de la [&hellip;]","og_url":"https:\/\/www.carlosyconchita.net\/rutas\/25-05-2019-rieras-de-grau-y-de-clara\/","og_site_name":"Las rutas de Carlos y Conchita","article_published_time":"2019-05-25T19:46:57+00:00","article_modified_time":"2019-06-19T20:35:39+00:00","og_image":[{"width":1024,"height":576,"url":"https:\/\/www.carlosyconchita.net\/rutas\/wp-content\/uploads\/2019\/06\/Rieras-0101.jpg","type":"image\/jpeg"}],"author":"Carlos Conchita","twitter_misc":{"Escrito por":"Carlos Conchita","Tiempo de lectura":"2 minutos"},"schema":{"@context":"https:\/\/schema.org","@graph":[{"@type":"Article","@id":"https:\/\/www.carlosyconchita.net\/rutas\/25-05-2019-rieras-de-grau-y-de-clara\/#article","isPartOf":{"@id":"https:\/\/www.carlosyconchita.net\/rutas\/25-05-2019-rieras-de-grau-y-de-clara\/"},"author":{"name":"Carlos Conchita","@id":"https:\/\/www.carlosyconchita.net\/rutas\/#\/schema\/person\/a9691f7258c28443fab2d3aa1479ea19"},"headline":"25-05-2019-Rieras de Grau y de Clar\u00e1","datePublished":"2019-05-25T19:46:57+00:00","dateModified":"2019-06-19T20:35:39+00:00","mainEntityOfPage":{"@id":"https:\/\/www.carlosyconchita.net\/rutas\/25-05-2019-rieras-de-grau-y-de-clara\/"},"wordCount":334,"commentCount":0,"image":{"@id":"https:\/\/www.carlosyconchita.net\/rutas\/25-05-2019-rieras-de-grau-y-de-clara\/#primaryimage"},"thumbnailUrl":"https:\/\/www.carlosyconchita.net\/rutas\/wp-content\/uploads\/2019\/06\/Rieras-0101.jpg","articleSection":["2-Moderada","3 - De 10 a 15 km.","Bergad\u00e1"],"inLanguage":"es","potentialAction":[{"@type":"CommentAction","name":"Comment","target":["https:\/\/www.carlosyconchita.net\/rutas\/25-05-2019-rieras-de-grau-y-de-clara\/#respond"]}]},{"@type":"WebPage","@id":"https:\/\/www.carlosyconchita.net\/rutas\/25-05-2019-rieras-de-grau-y-de-clara\/","url":"https:\/\/www.carlosyconchita.net\/rutas\/25-05-2019-rieras-de-grau-y-de-clara\/","name":"25-05-2019-Rieras de Grau y de Clar\u00e1 -","isPartOf":{"@id":"https:\/\/www.carlosyconchita.net\/rutas\/#website"},"primaryImageOfPage":{"@id":"https:\/\/www.carlosyconchita.net\/rutas\/25-05-2019-rieras-de-grau-y-de-clara\/#primaryimage"},"image":{"@id":"https:\/\/www.carlosyconchita.net\/rutas\/25-05-2019-rieras-de-grau-y-de-clara\/#primaryimage"},"thumbnailUrl":"https:\/\/www.carlosyconchita.net\/rutas\/wp-content\/uploads\/2019\/06\/Rieras-0101.jpg","datePublished":"2019-05-25T19:46:57+00:00","dateModified":"2019-06-19T20:35:39+00:00","author":{"@id":"https:\/\/www.carlosyconchita.net\/rutas\/#\/schema\/person\/a9691f7258c28443fab2d3aa1479ea19"},"breadcrumb":{"@id":"https:\/\/www.carlosyconchita.net\/rutas\/25-05-2019-rieras-de-grau-y-de-clara\/#breadcrumb"},"inLanguage":"es","potentialAction":[{"@type":"ReadAction","target":["https:\/\/www.carlosyconchita.net\/rutas\/25-05-2019-rieras-de-grau-y-de-clara\/"]}]},{"@type":"ImageObject","inLanguage":"es","@id":"https:\/\/www.carlosyconchita.net\/rutas\/25-05-2019-rieras-de-grau-y-de-clara\/#primaryimage","url":"https:\/\/www.carlosyconchita.net\/rutas\/wp-content\/uploads\/2019\/06\/Rieras-0101.jpg","contentUrl":"https:\/\/www.carlosyconchita.net\/rutas\/wp-content\/uploads\/2019\/06\/Rieras-0101.jpg","width":1024,"height":576},{"@type":"BreadcrumbList","@id":"https:\/\/www.carlosyconchita.net\/rutas\/25-05-2019-rieras-de-grau-y-de-clara\/#breadcrumb","itemListElement":[{"@type":"ListItem","position":1,"name":"Portada","item":"https:\/\/www.carlosyconchita.net\/rutas\/"},{"@type":"ListItem","position":2,"name":"25-05-2019-Rieras de Grau y de Clar\u00e1"}]},{"@type":"WebSite","@id":"https:\/\/www.carlosyconchita.net\/rutas\/#website","url":"https:\/\/www.carlosyconchita.net\/rutas\/","name":"Las rutas de Carlos y Conchita","description":"","potentialAction":[{"@type":"SearchAction","target":{"@type":"EntryPoint","urlTemplate":"https:\/\/www.carlosyconchita.net\/rutas\/?s={search_term_string}"},"query-input":{"@type":"PropertyValueSpecification","valueRequired":true,"valueName":"search_term_string"}}],"inLanguage":"es"},{"@type":"Person","@id":"https:\/\/www.carlosyconchita.net\/rutas\/#\/schema\/person\/a9691f7258c28443fab2d3aa1479ea19","name":"Carlos Conchita","image":{"@type":"ImageObject","inLanguage":"es","@id":"https:\/\/secure.gravatar.com\/avatar\/3a4625b20c8da3de99da69bfe7a322774e291c3f90dce7e8778a30fe6748ed1a?s=96&d=mm&r=g","url":"https:\/\/secure.gravatar.com\/avatar\/3a4625b20c8da3de99da69bfe7a322774e291c3f90dce7e8778a30fe6748ed1a?s=96&d=mm&r=g","contentUrl":"https:\/\/secure.gravatar.com\/avatar\/3a4625b20c8da3de99da69bfe7a322774e291c3f90dce7e8778a30fe6748ed1a?s=96&d=mm&r=g","caption":"Carlos Conchita"}}]}},"_links":{"self":[{"href":"https:\/\/www.carlosyconchita.net\/rutas\/wp-json\/wp\/v2\/posts\/12929","targetHints":{"allow":["GET"]}}],"collection":[{"href":"https:\/\/www.carlosyconchita.net\/rutas\/wp-json\/wp\/v2\/posts"}],"about":[{"href":"https:\/\/www.carlosyconchita.net\/rutas\/wp-json\/wp\/v2\/types\/post"}],"author":[{"embeddable":true,"href":"https:\/\/www.carlosyconchita.net\/rutas\/wp-json\/wp\/v2\/users\/50"}],"replies":[{"embeddable":true,"href":"https:\/\/www.carlosyconchita.net\/rutas\/wp-json\/wp\/v2\/comments?post=12929"}],"version-history":[{"count":0,"href":"https:\/\/www.carlosyconchita.net\/rutas\/wp-json\/wp\/v2\/posts\/12929\/revisions"}],"wp:featuredmedia":[{"embeddable":true,"href":"https:\/\/www.carlosyconchita.net\/rutas\/wp-json\/wp\/v2\/media\/12930"}],"wp:attachment":[{"href":"https:\/\/www.carlosyconchita.net\/rutas\/wp-json\/wp\/v2\/media?parent=12929"}],"wp:term":[{"taxonomy":"category","embeddable":true,"href":"https:\/\/www.carlosyconchita.net\/rutas\/wp-json\/wp\/v2\/categories?post=12929"},{"taxonomy":"post_tag","embeddable":true,"href":"https:\/\/www.carlosyconchita.net\/rutas\/wp-json\/wp\/v2\/tags?post=12929"}],"curies":[{"name":"wp","href":"https:\/\/api.w.org\/{rel}","templated":true}]}}