{"id":12937,"date":"2019-06-01T20:41:04","date_gmt":"2019-06-01T19:41:04","guid":{"rendered":"https:\/\/www.carlosyconchita.net\/rutas\/?p=12937"},"modified":"2019-06-20T21:56:11","modified_gmt":"2019-06-20T20:56:11","slug":"01-06-2019-bellver-cueva-anes-orden","status":"publish","type":"post","link":"https:\/\/www.carlosyconchita.net\/rutas\/01-06-2019-bellver-cueva-anes-orden\/","title":{"rendered":"01-06-2019-Bellver-Cueva An\u00e9s-Ord\u00e9n"},"content":{"rendered":"<p>Hoy hacemos una excursi\u00f3n empezando en Bellver, que nos llevar\u00e1\u00a0 a la Cueva de An\u00e9s, a la Mas\u00eda de An\u00e9s y ermita de Sant Mamet, al pueblo de Ord\u00e9n, y desde all\u00ed,\u00a0 Bellver.\u00a0<\/p>\n<p>A Ord\u00e9n hab\u00edamos ido ya anteriormente el d\u00eda :\u00a0\u00a0<a href=\"https:\/\/www.carlosyconchita.net\/rutas\/08-12-2013-cortas-orden-cortas\/\" target=\"_blank\" rel=\"noopener noreferrer\"><strong><span style=\"color: #0000ff;\">08-12-2013 \u2013 CORT\u00c1S, ORD\u00c9N<\/span><\/strong><\/a><\/p>\n<p>Llegando a Bellver desde Puigcerd\u00e1, casi al final del pueblo hay una rotonda , y alli mismo vemos el letrero que nos indica el inicio de la excursi\u00f3n. (Cova de An\u00e9s-Ord\u00e9n)<\/p>\n<hr \/>\n<h3><strong>Album de fotos<\/strong><\/h3>\n<p><a href=\"https:\/\/photos.app.goo.gl\/2YMNjopiucvbJMwq5\" target=\"_blank\" rel=\"noopener noreferrer\"><img loading=\"lazy\" decoding=\"async\" class=\"aligncenter wp-image-12939 size-column4-2\/3\" src=\"https:\/\/www.carlosyconchita.net\/rutas\/wp-content\/uploads\/2019\/06\/Bellver-Anes-0033-285x190.jpg\" alt=\"\" width=\"285\" height=\"190\" srcset=\"https:\/\/www.carlosyconchita.net\/rutas\/wp-content\/uploads\/2019\/06\/Bellver-Anes-0033-285x190.jpg 285w, https:\/\/www.carlosyconchita.net\/rutas\/wp-content\/uploads\/2019\/06\/Bellver-Anes-0033-272x182.jpg 272w, https:\/\/www.carlosyconchita.net\/rutas\/wp-content\/uploads\/2019\/06\/Bellver-Anes-0033-570x380.jpg 570w, https:\/\/www.carlosyconchita.net\/rutas\/wp-content\/uploads\/2019\/06\/Bellver-Anes-0033-380x254.jpg 380w\" sizes=\"auto, (max-width: 285px) 100vw, 285px\" \/><\/a><\/p>\n<hr \/>\n<p><strong>Dificultad<\/strong>\u00a0:\u00a0 \u00a0 Moderado<\/p>\n<p><strong>Distancia total<\/strong> :\u00a0 \u00a0 11.492\u00a0 \u00a0m.<span class=\"totlen\"><span class=\"summaryvalue\"><br \/>\n<\/span><\/span><\/p>\n<p><strong>Alturas m\u00ednima \/ m\u00e1xima<\/strong> :\u00a0 \u00a0 \u00a0983\u00a0 m . \u2013 1.503 m.<\/p>\n<p><strong>Desnivel acumulado seg\u00fan Wikiloc\u00a0 :\u00a0\u00a0<\/strong>\u00a0 577\u00a0 m.<\/p>\n<p><strong>Tiempo total \/ en movimiento<\/strong> :\u00a0 \u00a0 \u00a0 3 h.\u00a0 17 m.\u00a0 \u00a0\u2013\u00a0 5 h.\u00a0 31 m<\/p>\n<p><strong>Vel. media total \/ vel.media movimiento<\/strong> :\u00a0 \u00a0 2\u201903\u00a0 km.\/h. \u2014\u00a0 \u00a03\u201940 km.\/h<\/p>\n<p>&nbsp;<\/p>\n<hr \/>\n<p>Inicio de la caminata en Bellver<\/p>\n<p><img loading=\"lazy\" decoding=\"async\" class=\"alignnone size-full\" src=\"https:\/\/lh3.googleusercontent.com\/IBC1jK3fiWN9lG1jraRnL_ngasIUgPJRDN8l3JJvZhZWxyKOCXLawXQdEa7mR5wLz64SMmZER0tDLlAFxh4gwbcxc8ZpR9esK1QFD2HV1f6EBYLwhHX71Kp3jwaTXLExUIf2XDOUdJVdnWAqSo9Fgjk5qHv67PSk9wegIllnXgqDdtyFbUvLTR--K2ZPp74fGSRPcBrAazKaL8oxvnMpAkPhBiLeyHrD9w_nbgLtNqOoLvwEBI4EVU_hOP0ia1vxJ63HnMm7EW10cSK3tuHoVDioXROMAZBMysUV8wlvHkIyuZ1PuyksyIUu9Y0V1E6GX-anA6zaefokrc26kYRRiCG6MWx0tSZcGL0_lKogj6Ry5h1KwsGuSh2T_4FDpO2wdevsw3Qj7fDLSiBDDoqtyMTtvDcBZVziLV0BfyEcCHZ5NnbiGGJfyVFHp3Djks2WUqe8PNssAMdQqb0SVeOd9iTBeDKBXmg_dr-GUBgRL61icLHvFlXN3bYZDLNmavqA_O0--tVDnHF0ZDAvx-JyJEAQclJ5j1-EwHbS-XbaeDz6uKa-IzYnMfbFzT1waNI_8P8OEfDqGZLndTb8RO2qqwYGsuBCSszYIUCe_j3LAyd1d2vux1O2oCR1GLRX3_0G16klL1ByadEWFDs-0g3SD08Zd95NJX7V9JlbBStImDrb53eBlS9IDTKPYdJI2JZ5RVZaRZC1BwJGwF-N_Fikv1K-DQ=w1024-h576-no\" width=\"1024\" height=\"576\" \/><\/p>\n<p><img loading=\"lazy\" decoding=\"async\" class=\"alignnone size-full\" src=\"https:\/\/lh3.googleusercontent.com\/vsjxJ-puMP65I4bcC-0BEC1Lr7dY9yZnWA55c3mczeCs9Tffq0rTYHDuj5Xu_pOtif4fgY5CKbtVqAnlXOnoWBFwn7oxAYIHqSWS1vZYglyoS2ytMepQSRnxET4tNu_e-Uem9_fxdT6Lm1raDhpVA_KJiIuYIfr8migYSwBSOLcBJfKxnXqktakRM3w-epU_n9Rglk1rCbSeCfygmDqaElfPkuNLyeuVjbjKc-du6KdosLBM9PNjhNwTYIOhofzFgr87i7fMfF2B08M7SmRaOeev_9T6uHNP_bDxmIxyAGBNg2TYYKihj3YjssRLT-kSxvfAu0Yidzpy07KrhDDIXQPBCXWEVnmoeQE-07BozORL2sZh_pkVuYqGSZlvayAwFIo5iDqL6GvRpfJG39zrxy-oZ46vqkSuijEgzbqYviWXvAACqcBkCLxmc1aRG2qemrZhehz9fZpbXojciu8QqCpwDSn3dCdmAwVa8Bz1SWXR4oc7xEZe8FPT3jAz5b7pvQwEdgLobegPekIt2P8P_2hxb9XaQ3FyDsOd5w_aIRqDIipsGZeJe539r8gLlbGx0dZqE6UkkgWnLJkfnzaGtyW6UYk4wEf8dzJhLUQETcnZuA97qJwDOCOpDS5Z70qkOwGfradkx8AXB1A0KFX11dszAEQMO0ANEv_uSIuKxXXNEYW6Rc3zOaTSjMjaZcju0ZrVWqHNMNnChQBdLuSO1Ita1A=w1024-h576-no\" width=\"1024\" height=\"576\" \/><\/p>\n<p>Con el zoom, podemos ver muy lejos en Refugio de Cortl d&#8217;en Vidal\u00a0 \u00a0,\u00a0 donde fuimos el dia\u00a0 <a href=\"https:\/\/www.carlosyconchita.net\/rutas\/17-02-2019-refugios-de-urus-y-cortal-den-vidal-raquetas\/\" target=\"_blank\" rel=\"noopener noreferrer\"><strong><span style=\"color: #0000ff;\">17-02-2019-REFUGIOS DE UR\u00daS Y CORTAL D\u2019EN VIDAL (RAQUETAS)<\/span><\/strong><\/a><\/p>\n<p><img loading=\"lazy\" decoding=\"async\" class=\"alignnone size-full\" src=\"https:\/\/lh3.googleusercontent.com\/5CEmhkdb2JMTHJpH22Ip-WJNf7G5F-gDaF5ATuuwlp8kQAXpMqRN2YoedKgcU6yax-HF3ytLJ-9TpUNEBdPEGyRXmUtwXCEiQCh-XZSnKlAqinJOtb2tg1_IiIg-DPDUDqMGYkqeDl995ZXaaCnGtmGJfBXz8Sp7w8aF2pxGY6Si3MjUVxImY9u5aX2v6FaGX45PZnQ_QAxBpXuKVNeW7jc9VWFjda239eh-EuGfa0f5sRu0EOAoA199gKdW6KQdEXxMRD0xt5G7sJta7j6AmBJd8VwjPwzMgEhE1dbGnfccGdVl5qtEkEJdzopN8S1T5g9cTBzRZVCd1P1rqyaTrCxGil5Hp4SdCDsEmaA6FVgwy50R2dmRKTOBdeTSd4v6GP6CcXOVLc9GhWgwlU7R969gUPFIit4q1Fq59dJ-HSflUoNH2GpRwURhZ9n8caCT0_2nVwajm31jJTDciRNYt3C10ISZ38rBChWF5qp3dpK9xnkn7SytLZlIDZa_AOTjlX5P7vvcvOCvhwpDjAbXGJ-7nGwp8jUZ3jVabEPo84PiDTHoh6JRAZBJsr0aq76KIgSU_Xe8Keh9Tz5e4htEOGPspzwbGH9TtLhDfcWRkmujWXzYpVKdlQMHGV6q_DnrzJsjUNhPViNY4CeERlWhLYP7RB2OqwHbPzW2PmOw_13pW4Mq4_LDffkeIexcyaKdXbTRWoAHGsWDGQOt7ZBtM4NT_Q=w1024-h577-no\" width=\"1024\" height=\"577\" \/><\/p>\n<p><img loading=\"lazy\" decoding=\"async\" class=\"alignnone size-full\" src=\"https:\/\/lh3.googleusercontent.com\/IpPgZgTYMe8dqreqzV97CpIRjwf8wgz-5-quZ7PsfDRTW_J_wEESfn4zQzy5v26X3u8U8QQiV-y99_XZvQVbkV-US38AGd6Ppbi8Cc6JVSBBdEoLP1rALB7uQTB3akX5b_JlQ-Wycd_IIDNgYHiikR9cc-fbJo_iwKkDzezoKJFC2Xrfd_bOQnw69L8lm3xrECLjZsVjCVPfAq2sAm3QjdZDwUJeg_f9qBQPnxtq3pdqwfLT-owfcJXzMlCu_T5YdPfuvajLGHLQaMhDHgseJYTH0IgVKKrTuPPF01rYrRJcs-dx6xct6YtH8s3H17P7JIgugC2o4ryAiDC1v8-D5p7HJMFfkXFO0_qOkNgd5_aX8lvyMnoDdZUoFmybdc2o9dgpe4_s7_w68iP26qBsY1uDK5Z8hQCz1dsgVaiCKPpcE2OQ6mDnVilD9Ry_FpPpm9zgra9gaBIJ3gfka8y97iHJ2tZIvZGT2TR14hL9H-tpCVqx8y2ia-rAU0PEmT3HldA630NcAQMwcvPbxWmGkzbIn_2YA-jiSS494tEKuXq9EQgqlvMwGTH9aXfUBmWswKJsd8lBqiyROlNGRXws4V206DhLolEuKsTEs2cDs0EwY3CqoIY2hy4716VRbWcVIxEgH7YxYxekSkT5vnn0YHXdl_mBJW6XBZGum5ONaqCN86ZxatRurJTJZAeBqWTphBNltwbFih9lhHfoW5yTIYdVDw=w1024-h577-no\" width=\"1024\" height=\"577\" \/><\/p>\n<p style=\"text-align: justify;\">Llegamos a la zona de la cueva de An\u00e9s, que nos cost\u00f3 un poco encontrar, ya que la entrada est\u00e1 muy tapada.<\/p>\n<p><img loading=\"lazy\" decoding=\"async\" class=\"alignnone size-full\" src=\"https:\/\/lh3.googleusercontent.com\/hyhfObcxr5mp4CPd3Z5qtNwbQg-I57v42sQTEv5ienO2FuBzrmFjbQ8oRh3QEslosJB3gEnhMGJ0O1mlfVFgWbY80uDQu-4YfEQU4_kKbvKZxyqwxqphuD6ojiRRTg1qE3qfgH8Pee2E6u-RgAvLYrKk0lDmtIVA_f6o8Alyz-VhX-JrUd9lA4iYx1bWp79teINiVHS5x7b23556_Wzlwq3BJsgZTRS1iI-JmPZJtvws2O5t8x78qx9rzDa-QEksmAf2lQbPwUjnNcUmzhnAkuXYjlEe2VpdJZKxiMI_OvQQn0C0fCP1ek2p_hT81bO8ynUY2R_7EXIjQxsvXFVLMF05yFLaYBPv6loZx5ya1yCylBAn9mpb49-lDeWDMse429ZKfEmSmedO4F0XJpFix1BirTDwliIQ0W1EuUXwE3T9gtWioPteggp-D6yv2wWVP0vzEcq1k9IRW0b--_FldA5s1e7NX1QzkUkyvNuqZCLkoz1DDSFdPPu3DhhxSBgEoOIwR3KttVcTUgVGXJnywd04pKmUdlYUM54ZirLJFd03nsn6KHTz_d0_tebEbsLTm5K8gjaoFpWkhQKDrGERYMsMXcAcm0DxHphhMsZ2GtzGctNA8z803AdoYbAviamSAnaBuj6QK4DNEkWHsQGNfrPYdTBfbFtphDe5cnlURzVl8qAD3sX5LwG4U-4KvIK2lGxevyyqJsMbCM9-m5G8I3DA1Q=w986-h739-no\" width=\"986\" height=\"739\" \/><\/p>\n<p><img loading=\"lazy\" decoding=\"async\" class=\"alignnone size-full\" src=\"https:\/\/lh3.googleusercontent.com\/dlPI7mW6gSglwPX_RPAE45gLeyCVvzqeX4XDR765Bx5UjK9McWSWcVDsZyeUwH6CzzkKi69ZKh6dpyC3VpHs27no4vE1Yv_HmJUR99ByCbSVc-ILYfCMV3jdqBH61zMMV90Zm_IBnLY6fGYdHtwa7vdINREE3aD6PdtAX5A1xsJGPZmi0u-cVHl19CdPmKrIxBkLyOdgbKCu9fNXDzujKEVzqKU_TTOpr9pGG--8tV4eh4wN2jz_-wm5sSyhmiuqbf_ZlNzBSBqXwjZkLn1keSVcLMLwwugb9a5hhHOojfoJ8vuLxlp24F9ckOG3OmkoLtZcKmfrVLa1igfmGP4y76-n8iTmK49lVf25D0VYrahnIyBmGH8E-DfLXD2iv0F5zVlwb3sQnMiITQMBGQ_qNT2ccwr8koL1EInJN-PANlJCvFmHogySpc9Ya9uldCGn_LySeygUoYDd08JkcF-xry0Uz1RW82SBWNjI3t7AybytFsMiUJGdf2Kh6O6H0cQgy8zzgN-ecib2MosOoKqNF8eIrfBbzVaqTvVurjT5gPh7r5eVGndQBl1Hg9uYYibIWaLya8o-sF16Vfbf-es9SuSdmQaCAHlTheYJgSkAQXfXttY1r63ECMSkInd1QtouwapzcCqd6VpdhgWCGQivgpJnkNfTdumwN35ia81SzOCDAyy195UcmTWn_2ZXmivKgSHuFSxNOxmv9QgArGe-OTJAhA=w1024-h576-no\" width=\"1024\" height=\"576\" \/><\/p>\n<p><img loading=\"lazy\" decoding=\"async\" class=\"alignnone size-full\" src=\"https:\/\/lh3.googleusercontent.com\/nuabCgQ64fhyb27kb5qPhOWzUvTnYIPWo8-_Tv78h16Tc_CzXTXi1gl8NS4ygqL3Cv9-OeDUP04PAyfhBFJ35CDWt8h3W3X24wWGUY6cLcgF9EidmzzeAv-EpZcBhnp8hL_dY6zgNIVL5oSm2SjbnFHX6fHw2vUcXYsEsUX7t4NSCvub1luK35dC6hrWn6K7NisxY6XGWgQ9JsFFuZQzPpxzvU88k8eYuKliuWi9Hq_aJxusiadAgEdnH0Dq8xuQKhM_ii16Yghf1oqCIm0b5r4krPBeARwHrdHb0tUWPOcP_roV-CsY0zOZOynHQv-5jczSNa9sKDGuPuMkKSvU_bkDrZhyd7uMYvm1N-tS52v2qd0tMjrmWi6mkPF3hxIOdvtJZgAlTMUyfx6uNTkSInrtN8oOPoT168Fhkf5gERiEZhOw60RbkL9dZmdOwd9ilQVN1kID6LzMVpCGEiQfQux39WdcM8x1_f_LKU7EuNq8LH2cMuj5O7T1a8jSikJKYE8eaJGdpTh4FWi_bOt9CUZB9zh1gd37UHqm3hvKL24vQv7yoTNVe0ryQcDFPjWyA3mDzHNQ8C4YHAulEfxjjzc7WYNbLcgwPF03SdkS7toUM82DjrHxKk8BTlosVBettkfeuHTvNy3qRWxqoClqMM9yB7FeF8GPpdf77xSDMygfF6QXSx9QVz32MqtRHyD4XGRogBi3SZIuNLiWYsfcpE8NMw=w1024-h576-no\" width=\"1024\" height=\"576\" \/><\/p>\n<p><img loading=\"lazy\" decoding=\"async\" class=\"alignnone size-full\" src=\"https:\/\/lh3.googleusercontent.com\/hFcU9Bb9LhEiYZ-Ma5GzBtv3igdj0ti16K2YzdQXPLrUFWknYmRWflPt9Ic_eB_05fXZFlXFfjPYHiEDX6mRqoK5cw8ZYITXuIT7NRdfrPFQLgTV9ruWsZmNUygtHh1gh2tlFZCyeMOTLX5vDcmJpkX-n7Vo65kkuUExL2egFUYPaTd2cjVHu7YS8DHi9ObFWd5_6yWCTytTAi1VJoZjY3V-n3sXNS8Uc1fHGflBnAFIl6lbolcLYtNzvZqjtgU6bNGAmcgBtveK82My8Vd1kXE58qx6cs_pmKpjih1vVroWfZTGbsZlkQWnEpr5jSnIT25qwJ8oHaisBahYlSq22m3rKslQN9GIqxwsXlhziiG4DNPcE3xd2W7sE6UO3kpmooDkY_4cL-Qx5OWCcFF61GYXvrVgJRgE3prdW7OQ9ytKCPgOcVtnVVT2JTcB88iJrhZdGZRmBC12AsjsT1klvwwJUbWhYVJ7G5zebdcmgo2C3Gu_8oyn1YYdK4ke77cuUcgPVpu2zDJSh09t5ViItAoixLArUs5A9ydub5RshWeBoCwtsmVmA0dwEaU0XOZT-YoWradpr_N_9gkUxD0Ay6e8HaJOZFOiGFgI5yvbHKOJu_6vHmXSgpdtsKpGTYEv4QB95QNWloPCPhVjv7ZkgQFzh45dSvIFFHS1twEiGrE_zz3dA3QrxlK-nLbXli47zVaHjLgCjpLneP061dBs_xcm-w=w986-h739-no\" width=\"986\" height=\"739\" \/><\/p>\n<p><img loading=\"lazy\" decoding=\"async\" class=\"alignnone size-full\" src=\"https:\/\/lh3.googleusercontent.com\/eXmtGUHmfJ0_56prek8TfXa-VPMEFv0kNjuyZXQGkOkETvAYnKDAE5eFxrtj112pCO8RIsoxpPL6Hc0NM3HmH0XS-BuzAPxWZkfDh5123zB1DukWI58RpnOtLc374KafE7XqxoxHTMaqeMv-7khf_1nqNp35--VXkZ0aqZBbFbUnGVxHb6ZuHuvf_TuWlwzCjheKoSVRmCIVchBGbaABanliuN7U_uhqOPPnWFjrsWryCNkY1ZldpJD6ZZEF5Q9nFPDAGBbO9dgxWN0Bgo0KyxFw4K9d7pmjhmdGimmWREQAhJZtLarrY1GXElhU6SrF7AXEta6RUZVpYA4_Gl742PWpGrF9fSx-E6iFYYPtaptoW8cuJSf3e2OmOrrNTM4mvp1FvbsVe1pGOwSBStqZxibOTncxoB-oqAuXvscAv1LcL1VBFdUrBviGX1UCNeqAq-EJUz8ztHFPaGtGgNoVf0m8baOzxZJNAVnnzx17McgPVYqaQrmHftBrObbcK2zVI6XSWHQU5ga6B49R9m1IrcQtC0abnt4HrVn9wyyp6szoQygMrFzWat4I99TpnE933uQEkVkYH25S_J2XAgPiW8CyxSjNM8sIFtCP1rxqVg2mdyzkJ-aJ23K4VhEbGpIrKSOOBmbbGICNUHA1-FrTek_FHy2f3pBRH5mlUvswvMLaefzOyfOfACWJZOvZ0ywhGPJO8ukP_8gJYmQTTqjufpm3RA=w1024-h576-no\" width=\"1024\" height=\"576\" \/><\/p>\n<p>Una vez salimos de la cueva, vemos que encima de la entrada hay una gran roca, que al bajar no habiamos visto porque pasamos algo separados de ese punto.<br \/>\nTambien podemos ver una reja de ventilaci\u00f3n, que hemos visto desde dentro.<\/p>\n<p><img loading=\"lazy\" decoding=\"async\" class=\"alignnone size-full\" src=\"https:\/\/lh3.googleusercontent.com\/am0doYz9OusL7ykFep7Y4oaqbeb7gGjqVmfrXpq2HCL515Y4WGYGME6Rnx_70DGzcyICCz6HiZYMBVDXC16ox2cpU16pVVYFlR7v5PPAuKjXZ7YE155GV3JBIZLS2901WoQRNJ6R7o_A-a3WfHvq18NNNWs0Yxu-ytRyjRZe1BjGFDLqsu4WLrFAX4yQowb5gW75ygP_Xe0nRre_2xyJ-IZoQkCjPpCoBaH89I7dF5JUPfmCA0HBkHUwRYEALqJs1GpbRjZQBET9hKY9Shi_wtab-NmBwKyStCk2Iu9JRI2-uKubANUiAuB6L5oyHqYL6-cDFbzQEh8t2IT0y6eokvKoWfKrOhfYPH0OBGWpypJafElPMY-yyaj1TbiQazeF_zSSxws7ctqqo7Tntc6JvyDD-8rDFXHMunyELUdh1V8MTxkcn96PmFMtJSl6Zxn0z2i-fbL9NmkXOZmuj3v4ZSBpBpJMTtE5CsZDq3KckRUcYZgqL7j_cqNIX2iQRBJh1Czm7Jgo8c5oDLVzMQxfsSE6l7uAqnci3gj-UQIeItaO2Zrd_3mGODN8tOIGwceJ7OQxIfvn5WJgaeotE1K9Z9Hf43xcMCKHv9VfaXV7-1lLcm9xMEC4yonmsIh7sKlO6gQ-aSym6avLETYpiqlQyZGjfPvMG7fTMoGlODDTwZSQVww05wvWFHpYSpsyIBTXMpjrulocA40LO7UC43bykiBwYQ=w986-h739-no\" width=\"986\" height=\"739\" \/><\/p>\n<p><img loading=\"lazy\" decoding=\"async\" class=\"alignnone size-full\" src=\"https:\/\/lh3.googleusercontent.com\/o3SR_2AiTJx0H_Qv7C4WoAaHj0bemNxIBNiuSKQIcV5tT7mTNlcMz1-zKshzyk-XmlL0avl8y6JVVNnyfm2An62bi4SH_0wue1FXGGHaYXZmnFMC2zKt2Ies_N82iHAUwGa7tAlNJGdU5-PTyGnd-S2_gkVarOYqwBAZ-m4zckpPQmSiC7FLpQbrJIs6Uzk1Aaaj34HMYQt_whxiRXETVC9yzuaPrVe0pxBWvzaYCLyT--pmCpFh98p09VCVNRLMqZixPaE4ljCLu8WUFAlpxCPWIi9ssEo0bU9MdsH3CmyQSn6i3pf7MN70wb8oQ0j4bZencNkCn5X17Vfk-P4L403UevXQHB25Ytm0rzAmWgKiqsVCSOowJcgczh4raxF_1YSM4slwYDTJBadiEQZHRv7DMzrQRN6cjrDO7vkNCqm_-cYrD-KVOWoEUq1BPTyuf_fQyEKte_zwtKyQWEQXN0ssVR4XwTRiPHweDjcpqb2qm5JTw3XtkKUDvxKMjDof-7-nA0eyYDzaHnsvZwbc4rflFjDI1wb1wIW6HUuYyuttkLtx4w1JP_cHIcgcT5jIcRGMmtr_XF0bXVwpT1gPjvuv9EdDOcNNMpSYKQzjqNXTwMjfMdQwYNp2YmQnaljksItClWeNKpNwedIhgDA1oExJKZACSmZiB2wgCNWzO9-qXQy0hKVUY8K6q_vmq3ufawbhtlL1J4EVcig1rSEdTIpsNg=w986-h739-no\" width=\"986\" height=\"739\" \/><\/p>\n<p>La ermita de Sant Mamet<\/p>\n<p><img loading=\"lazy\" decoding=\"async\" class=\"size-full aligncenter\" src=\"https:\/\/lh3.googleusercontent.com\/bIBkKq_JZJ8nAPaDLMKiRcDixmJMslwKPZOESTVkYZVGTCk16r2o2Ny40VG9EhQt1xadg8WxiI-WZEp_M4pjBikLw_SNPIeykaCVP2Ngs6v40kBXbOtCqSdYWLYkHglwFWVfAx52IMjZVpONh36d54Kf927rr9iBnHQGf19SwqsJNrNQAYDn6E70Ud7gWV1w1zs37H83tc44sIXnHj8TwK-txEL0r9Uk8I9_3AbjcQ3YBz1riUoFTjHrxkVW_mY8LhAI6Ahn1_CfbR70Yhz_2eoYnUMahJmBHhhgWW2IQ5daxslP4qnhp58HBHcPB67hERfB-1T9OCe7lNs5xbzr2WpnSGifLIxCecTUouEwIbesv1oZDFhJYw362HNtXJv-EE-0wd1tjHspsEL6QVUb7-1XAypiM2DSSJvSBp8TYAZZUEk8AiYH_zFJetpfq8jZZcGkwxUGi6RhlDo4aboIUWNb5IR0AuhYwqyYYUJtIL52HkxHsX6w9E4AZ2SQh6fl4hBdVkpDDEO1w4UhM92E_CbxGoUIL0QYKDoEFMwp5L3pDBinUT2sSyhdwl2gMF2mcRFGomd89YG15atc6-3DOzq8wJUtkG3L4GJxe81VJt3fxmR3tLgJOL_BLNIH-RFKgrnHjlmmimODn6fIGiTArOizXns27BcUorbeJKGNHq9whPy5rJop38QmHQA1JfeJrjh806O2iqtCjhkibIqaCbiPTA=w698-h393-no\" width=\"698\" height=\"393\" \/><\/p>\n<p>Un tramo muy bonito del camino en direcci\u00f3n a Ord\u00e9n.<\/p>\n<p><img loading=\"lazy\" decoding=\"async\" class=\"alignnone size-full\" src=\"https:\/\/lh3.googleusercontent.com\/_DLifIOdhDokPe6QnizQz1ZuHwiMsQxEiHPrgh-wV7yNSxOzDx7PF7fFUg-kpQefjad7XhNp56rBrV0QOhgs4iKp50lVhJXVi-QoqLhwABoGf2yZgWJKHWF7NbtutUW8H9TuCsHNH-cmOed7jm6cqHR3My9XOYPThoRhP1w0M_f-CL_RD00qIbunPe7tm20cVyvBPp1PFshIBMSS_E6Bz8KvxJyOq4ahr-16rMDaGJu2Kq84YInSTgx9eCQLoBQbtmMozr1R9vDuaQuSQbsquGdv1vdN0eSydU4hV3FPAdl3ExweVPLoIwyeSsLcQmQX2xmInpdCiIuPolxMTSIzG_pKRvml_Jp1NmjU-0pz1YYiDWcKK5kFnKyvzIB_23sL0ARGK9bvat0q48zsZayJqQVY7u2Qt_H2J8rtcGbjKUDHUk5mF1YNoztfzwgn-9OMInXmCnGI6MRtXypCNSfeBOALBCsDimUFx_crS5QJHox0ncrQ3IAemvGsb3ZTYlVj1H20CPK_2IpEUVAuhwk5mRUI4uA554tvqIvT9yVVZzdYA2hHntbMxiv0vNBspVZVHBJCRK2p4up4gIUYYHJl9ZYHPI1evdSujNL1D9gM4YUcjW7w98TOwUYDwGZaJI1fR6_VTAzBlAA31g_KsfiVzLDRJT_XnEgU1O7O2mvC_M5PTYQqfWELv4_mAHAbcPLWf2sGBow3Hp-vaIZUM9i5icvZew=w1024-h576-no\" width=\"1024\" height=\"576\" \/><\/p>\n<p><img loading=\"lazy\" decoding=\"async\" class=\"alignnone size-full\" src=\"https:\/\/lh3.googleusercontent.com\/GpcZLOmhLKSv9vT3CWG9tRRvo9y0_224Ra21KU8Ulm6GlDSZ14BlU1FEGoeRwR_w9ASkQsp5nupVU29lT2AXdxCg8GqX4arVuttm8nzI9mRnVx0-q_CXEHGhfgecwkV3G8rNCXHqISuvX9I81w2Jl3CnB8OL-x_yfKc2FNaumM3cYSOZQvplo5oEZYsDCMGAQL9YQHPY69iY2pQoAWYYKyKGnbi8p6e2tzAzbgC4W4fdw7pZJwFEiUifp5JZs5z8Yt3gGgqIYmOVs_gb0j5uXAKU7hMGox1L-lzzGYDNcqRSPGq5FI87-M_MjS9YT4l5wJp0Lo_hORz_0fjjC2YaPuvRw9JIvS48QjlWhKVWa38B4mqiC839QxCP6fr4HoldrxkuBIbenxpwgnZHOJFkbfNhgC1n0ujGUsH_IZxm6RlcM3LbhhQC51cFAuzI7sqMI-hdqg6GBezk_Yh-coAPyI326UG7ga96ywwDnBAET8pVcjsh8ABehHGqyHkSOKqSx9ROHOGtv-KrPg0ZvV2nRbKUyMNlNooHQXwm-ZDtFdhJjNbFLMvexWoZAqTzbpeNBVq8Afk17icnYbuLnlpQhuxLeOGcGoeTfwoX4Ia5fEGnwtn5YwepRDKpkXHZ9nXY_fxwsG5KqMwh-2CqnyAEhb1kCPrEEdyrHK41VQD-pjEErTLdl_t3dSBqeugcdGEj5gER1JNRh7_F2Bfhqi75hcr97Q=w1024-h576-no\" width=\"1024\" height=\"576\" \/><\/p>\n<p><img loading=\"lazy\" decoding=\"async\" class=\"alignnone size-full\" src=\"https:\/\/lh3.googleusercontent.com\/ZUNokQwPPH6NoCLgrAzaX_TMr3YV5VezKJpnrxpRMK8zcFjoLiQyY32flVOaaTLpoQG7SsPnYVdW40cq2Vinam-cxr-uWhLOfk22rucV7Djs8b4yPFSNwonE0yYnuqdjs13JHIULeQFaLKI0m_49UzXp7OXDxnCM7hSF7N-U6eIW5luPip05QIkMnSuSq-r3kxSLQOtEh7Hr1i3LPjaZAApF-_rIyY7a_4Uqw5nh-qR4JQp7v9yFQNMWl1tUBvDClNCXbVicTrrt6CKKlC0kXv8TSs0Zjarl1cXE_roQjp5xIdLLh2C8BqtiYBI6wfwi9BAeDLw6vnxcIp0WWWsrJoYDOOxzOHo_Batm21UTr_IWRxOgt3bGJsoQw-IKlviuIKjVd7sMdMKSSy7wNW2MOQpJK8riY7GkAdXsvdHDRxuqP2LOiJOMRG0g78pr5QMgb5OvfYar6dV7i-p8D4RTHoz_6Ylz3-udqwjmJbsCqnAhDKnTb3KbAxWPrj-N7L2mcQcKXjyvtLuRp08YnUBd6sLlekK5zDUpntgP56xf2MqZXz6xAFyZoTIA1BAnhT0F7cbu4NRcu8OPbPwpt5uP7cB1CJI-ZNRjTNITa4sXu4gWWD-Tbvi-1oIb-T_ildlnAN_rJGE0-DzyIMH1ICGANdMiHRJtpM3FStPFRJPjHJybbz_3Prbs06gaGcibfxNFojbvFo5-NyJtkI27hTGOr5HEyg=w1024-h576-no\" width=\"1024\" height=\"576\" \/><\/p>\n<p>Afortunadamente, porque hace mucho calor, pasamos por un tramo mas sombr\u00edo, y cruzamos el Torrente de Prat de Codines.<\/p>\n<p><img loading=\"lazy\" decoding=\"async\" class=\"alignnone size-full\" src=\"https:\/\/lh3.googleusercontent.com\/Nq_b70lj9j5_D0YW9Y3pPmL7-YbulXgP01Pv2YojQMZy8YNi5i8bQRXWLXLUE-x9SLOVAwO7AlA2ochshOCyXy_TGp8H1CTvOKACXBXEjFAhwg9jw76VBX7b-PWMsPdKgdQ78EGCsmbTVkttIfCn1r9G9JmVEKIUJiNN8vF1yKfDFPgXVSvYZUiA9MDnyHZPfXAzkZ1ET4vTh-A0CCFJFo3MopXfgpi0kdNFXuFikAZ7g7757gZ9auPmDptmEFJOYbN0ff_7awAq2D_wg2ALzhvdif4BzjhAgFwNrFByELaStzdXf0ZCE-WdC4VmDS1s4J04OWIVe-G1wn-4JTCNEDJIcjb1XMujN1BzWdznJms-guIl9YkRvLbFmkTkc3Moqa8EvoFv34IvfX-46RegXDdtFnarjoAUJiHUhiaLNHpKkcmK9F7HPIhI9y8dqLRC-bubRswDRLYfc3UX2_pVSMmk4wKKc9j0Z7eOTRDrBY-L2mYvHdHaKqvBksavgTH9vQJvPh_nP9BZrqwIJsbAwk4Gq9sTBEymrXL0T8fA6iYIUCFiYOY3oBLltIY9yBOjs0vY4vLKui_--GrxKj2EGJN1asbJU6KZ328yfXa7238kW-26dGIo0URwdRx46C0bf5wkAlkWmRr6AfQj53Vog7mTM40-3Y-ierl2t7W4QRYu0RuJRpieuIXmgYRQBF05hDhzUTnPrWEAh1pot_8srC4EsA=w1024-h576-no\" width=\"1024\" height=\"576\" \/><\/p>\n<p><img loading=\"lazy\" decoding=\"async\" class=\"alignnone size-full\" src=\"https:\/\/lh3.googleusercontent.com\/pm8Y4ggKurMxbLXGZmBd963GAqLnVhgfracnKyjtgWhZ8oP0HfJDf9A4gv62mxY9r3pqsdBKwELqYBlVEhwUHKoEGbKKR43nJYlv0r9zQpshcBaOSuTpYvukTT2zIoeT8a5G3V3t_YaQvVm8uVWmrlA0oDWcLjdXanBJwzCTY1Q38A8n1c7FmXaIUH3ip3aRDp5kMTa5PFIo52_nju2U6Bz-Kli4ILTor9741oJ5ZzMtyca7b2I0CFaGct35A5gJZgs2VUX1SEyTBHyTzC3v2W70GZxE-luyyfNNLm8JQGPyN702V9li1FZIHFMaZ6lbFYAtnzShKQKtYFiIdbOqp0BbOoek01UpWAeUTfpq-WUwqBSUxpmJrhGVJPJnn6OExV-hz09hqdViVhzbcb0Qw6XUh7Po_O-_j4_E1N0xZ_UOkspGd9OgO3JtxwTMl1W06TM_RGPP8xvqC3hAXL-RlSQBM2prGFBmXouGH1aHXRIe40GG9b2TYUPJIEEZDeYi2yFi1fXvQxvOoyVoAn3DGMePiV4ptlw3rRZ0iFim4mS9-lXBCQmDr7c8uw1XWh6YwVh_4auaMUopPnbc_jtL5DukbKpGQo-6MRGMT_0tY23GRjaYCmPGwK4KPgel-6ABL85dEe0jdKqnOIhcwtVZt1h1PB9ksFsACnyQzilC9obrXmkWvteU8_6VnEkxv8o7RMMevWEEeP22ubyroGpcNkMmLw=w1024-h576-no\" width=\"1024\" height=\"576\" \/><\/p>\n<p><img loading=\"lazy\" decoding=\"async\" class=\"alignnone size-full\" src=\"https:\/\/lh3.googleusercontent.com\/aQVAGFNkWWoNry2NQfGRPQXzOiLQeZ687NSQS3vZdUtzD9fUF3PV_Ih2DxKQkJuL4Z5S7x8RFcEbcpfSQKMtHkKO8ie6rty2YwL79j5k0TkqIaEXWM14BbW9xVkeReCBYuJKdUvjWrwxMhCMNxnsW11do9qPSd_ELiRe0Sz-fG7K0v4bl_uC4HW31qErTpAiOGrQ6sl04zzq33Nen96egyAPcp8MBOfntaLi90WbgM_43AzTU_jhWyZDb83WanULOXjJXPzEThPUr8VwKbIZoi7vv963OfDJnO8w8d2F2JkAqxKyml62X7XMB-LDES-QQ2kgXIXsyaFtBUai7BJkc_dU5dZS193pcI2r3AjAJud2tfi3aFRsPEIHhanDbl2tsWNUwdvfdvl3jA7-3qFWUfbi6nxHqGzB3DmgTmEraLhPM_3NHtknhsm0-kOclOOjesAV4KBXMutJbjd-QFmBrD0NLK-6TqeSpAeY6Xy87WbEPGkl_xq59uPkb0QCF3GtDmuIJ3Pf4l7cc9mK2Tu2o7EOmoN-a5whSmkSDnWbEqbvcmF5IuJFbpejOnC8ibDLoT2xJ6V4M8YxBmtvKWUoHD-JClPdpQ2dU-5zLOGamzpokSaqhlhXtogjbqQY8XAqOn_VtSq4ymaBCr1iL0aQV61D4t2a1fo7I_6JJ5TiZM9Tler7h-ibczGZPqr6re4d_Cy9a5U2Tf75nUFiipIMwjEUcA=w1024-h576-no\" width=\"1024\" height=\"576\" \/><\/p>\n<p>Llegamos a Ord\u00e9n.<\/p>\n<p><img loading=\"lazy\" decoding=\"async\" class=\"alignnone size-full\" src=\"https:\/\/lh3.googleusercontent.com\/Jl_5VBxXlydtm0DGUImQ1CqwbGdebYZrwSM2tvl_Q30a7n4V4W3GIubN9-MZc9sFqIIS3_ezN03nxZ5x_EusBdvnOlm3tG3ehpZSB0eHLkTdIhpli7sYF65eYy-oJUza0ekI1o5IOo1vTBMY156g0PvyVR8HV3Yh2LiMTfTo9JDz6BzSOeHcBNgplnt57XpzV5PpP7GA73NtWATyk-lnkH4YkQDBykG3sUdtNtAtbw3Q2JpwhR-i8ZakyvCbWNKwenoP2OMEeJ8YEuyfyao2D6RHO_thO7XkudmFJyZxPraTVX_tgCclwbA8M8ZclofhrhgwThvLf-Jl1lA6O-D5ID7Aab8_voInCRZbtyz0rNPrWidB3dcRo6bhSDzRbgoay4bIq1QKgrSlmzXQTshaWjE5WKEF145pW7bGXxPr-_5iaEPaVEXKYtC3au0ClYBJsRGMJxi5qQ51wHg0eqShlT7el_OMYyZ-8EB1GoBkVq9ZsKZHSZ24H8UHkJQsvtLwIdbiHV5DLCCNzJRDYdkvCqVFJmswO3kD9l3lAO28NzBU-yKbn-61GvOXU6G7zQrRVLlH_2ZRRf1sSF_eoXL1hk1wXgNdyDMO_qlJWo1-GI4rATv1g7DZ0tMmXGNWjRVB_PDr8Q6z6qhoJvUkN1953oZKswV41BXmJ9RxdRzjtti2ZgK704UZHPwQZtRNKH9z_tlEXVtivX7RuSF-x2NKLlCsiA=w1024-h576-no\" width=\"1024\" height=\"576\" \/><\/p>\n<p><img loading=\"lazy\" decoding=\"async\" class=\"alignnone size-full\" src=\"https:\/\/lh3.googleusercontent.com\/AzJKU19rH5YL3u5mnr0StNVKotlZYoc7f28ujTJDiifKRTYNC9XoZ2FsDkjVyuB1rJzFLoue3yvmMoj0jLSdrv9497cJqN-lGF3nZLufoOZMHlyJhMTiAwVi3xBmbG8-2onxMf6akHFz4U1YKKaSpHWt03VhqEqCKKfVKi2sr9WzX4OveaPQBXxxX0TIGMfJI_SzdZQyVKoS-ZunkCJ5mnd19JrVLTWF05uRv8IbMeO0StG4AHUXRpGyMiZkbZFyhjmeELLXf06BzKuJhq5uf8RaU6DoFEjH10jN8gp7wO6h2AoSpMB0GyZOTdMJ3HpVxlRmW7ngoG-ToIGLlWTVXmrb7FFs8HxmH9pWY8zWhPiK6Bs3o6Ej6qnVpUXqLzqaEG13IA8XjL7CI64HgRUgFKp3s_I5K6wD7jAYs0GDBQ0TN43IOil37rfdiu_eKh_a2OZ-E1oK9rnZzBeP3eufLFKjXJf4bCZLMxyRCGH_8DyTZuI0lclltIkO1Aw0DIRuLtRAU3HLTXc22dxvkqE0pj7SuGjnwhklp61IK-Luq1hFVib54MLhDGqqSotFrO_y8O7cikyeIuZ3rfvtG0TxHx1J7GFqH7EqdC3i2OH-7hIzH7tmdp-wJcPGXeMSaGhV4qnP4_OTmbwOW1bmw53GONckB1lAhtp0FRNilyefwH1x5qFpST9Q5tJ-yVHrGnSFEztoFpbeQjFw_Sky5ysEMDaF4A=w1024-h576-no\" width=\"1024\" height=\"576\" \/><\/p>\n<p>Un poco m\u00e1s arriba en la monta\u00f1a, vemos el pueblo de Talltendre.<\/p>\n<p><img loading=\"lazy\" decoding=\"async\" class=\"alignnone size-full\" src=\"https:\/\/lh3.googleusercontent.com\/bhh_Kg8k3SxcNBe2gIslGBBtoQMGek9_MklaoatTSFHul6LbYqWmO3vX6PxsT1Kcc7wTC6yGvIBJd9oSdbVwhhLpU7OCnl_6AYU3lA7aNyobdSiTVd0w9xrn4l-WZP3vpVPSgy1mYFZ38dT-T9f4JQMBH3VYYF5LlTyLkndbUh3crMW2w8MdKGnoN88uUWh6989QNmc4vz0YzBRiFMbkm6MZwn3qktl0J2P3ySX0FKefC8CDf-_fQZdWPqky65C5H0Jul-9WpUODPyVrhqQWkPtKoQ8R47-l7__ygDy7iai4RAxgnWZSWdZdqjWvqIUhDVfKLtanhngAGDJC2ACgTgFOhlj7UO-Wk7GOYgC4Cv6RRBXM8wbS0glb5MLowbZQG7SsuvuXFzdTiE-Z9MC7ZoFg0UdI7jacceFVPtAhGAQEZL0ZuZ3xYLli01itquvkAVMZZUPSgJPm0PG-C8N9bcXX_3eOnOUNBeNW4wbXAWFQnZYNOo-7Q6nJPfa0oMAS8sphrL8cnSHV9XRKaoh37XXeP9oZjTGlC0-7oiwM7KTr3eRMDX_jUtNurSWKcMflS5KJBu_PNYme9gUYWZdcNss77Ks0fRrUnxf0nAVgqM99A_C-bVbW9e6szoFUNipH2iDHWiOxFUKBDTwQDMcOLm5iEkRUC1_Sp-ld50ELbB63nOH45g31Y1o2J8FhscTjdlt3LKCYnkKNc0Qo5YkN0khW8Q=w986-h739-no\" width=\"986\" height=\"739\" \/><\/p>\n<p>Y desde Ord\u00e9n, bajamos ya hacia Bellver, pasando un corto tramo por la carretera y despu\u00e9s por un camino que baja m\u00e1s o menos en linea recta, por lo que en alg\u00fan punto nos encontramos de nuevo con la carretera, que va haciendo bastante curvas.<\/p>\n<p>A lo lejos y con el zoom, podemos ver el Puigpedr\u00f3s\u00a0 (ver\u00a0 \u00a0<a href=\"https:\/\/www.carlosyconchita.net\/rutas\/14-07-2017-puigpedros-portella-meranges-borna-428\/\" target=\"_blank\" rel=\"noopener noreferrer\"><strong><span style=\"color: #0000ff;\">14-07-2017 \u2013 PUIGPEDR\u00d3S Y PORTELLA MERANGES (BORNA 428)<\/span><\/strong><\/a><\/p>\n<p><img loading=\"lazy\" decoding=\"async\" class=\"alignnone size-full\" src=\"https:\/\/lh3.googleusercontent.com\/TL5uGsw_pz1EfmDwmMJYTsi4OCnxL5drtZYHt0rMKKr1vV4v1BB4ojGW1dyddFKmqzom77gHLCjD_KN7hQ8Ux2yspecZX5PBARTuhCjPm2oCDzHZV2GgKSYeu8AGsKoVz90_i_z80N3F_UHPr5pRWDJ0k0x9RNNvg5SEYH_-VGPIdoYuMv9Scj99ce-Vi-1o6dD_g-zG_pbodxYrL7uFJ2vP8M9mEV7816ogyAzKC4epYQMeXB8femMNrCm0fjU8ihVSBHgB2XeXzH_35ofdgc--tkYgxMqtWzvIM867-qiXgtgmGZEg0VlS_0T7yz85qIXWD_dXbyCpom0ypKDzm098S1hcIYz9bBcJcug0SGpwdI1L4z0TVpuPrLZTnqJgHcpvC5bSEy2jBrUjzU83yJoqeM8kWyqICK9U0gcwFQBZSb751tltg-0re-zUAes3wf9MsTlHUR91MhCbLyHJvRsBA6r5JSGlgrV24q0TVCI63yqowo7wJGQLCNH-LtU0Z1N5bs523ZigTdP0bYsZzfQHUQAb4ejCmUbwxPyYa2vWaFNgwl7XDzm0Y2mtI3-2XI578_Q_hPHHW9TUp842GQnAUYMhSrdesxDfbsMo0bG8Bla1EOU4iBwD7D0otWy0Gvi1QYLAv4FJ0id__jYSn2rkUNFR4_N34Uoz3QxSmcYQ95xM1ee_d3G72G4KeJU6CriLHhhgWCnFlNOMJCxwzpgMlg=w1024-h577-no\" width=\"1024\" height=\"577\" \/><\/p>\n<p>Ultimo tramo del camino de vuelta a Bellver.<\/p>\n<p><img loading=\"lazy\" decoding=\"async\" class=\"alignnone size-full\" src=\"https:\/\/lh3.googleusercontent.com\/GV9bgbUlHktTkSxkgBTrTs9q9ZiQ2eCEOZzbkAjWIU_lDHdjSpeI98pLviwucIhQ73E1L9HyMsUFiJEPzOKmrnNHL0NIXZG2kqOE3m9lrvoP4vBcflN-MTLao_y0qY8h2ML2g_9EQkTHH0l3ixTGIucon7ZReylPmYCSDqJFCH5mtNN4uCmrb2_bH9xie9Pyx_dVhKt4uQjkpyZvX7AYEQBuF3gxs9vryvGSzVTrmxAwOiUNnYyIcfjps5JP80j5y6aLKA1n_Yw1VwH0tvbwSOSNVToAcx2suRLFoE_UGjj_nz0Mq2eQw9Oz7N8XDtN4wToxYIBiLwR_cq5brPublzX2LZXA61vnyW02Nl30_5oWDZxKjXImiFW9gNDmF1bUdshXQvzSy8nGSdgtZBZ6f8XEU3IBfENCeh6fubeVbglxCseo6gSJCehv8ha1265wkHrPwOdmS1hNd5fMV2Ny0YwXcChAHtiGbZQKMNYDqRYOd53mLbKgC5F8dWtkg5XAeqAea95_EmMDealTccq1fIpXxdyQEzhQbHunI55Uy8lVB_9Eb-iPpZQbazx1eyjIbXyJa5tTlRFAoSajQJR2qEQFjAsdiel6kqrjor9b1cWzoSmjjPyUZ-kqJkKWp6TUhFx0tsiO6lIpK421o7uYmyM2KpUMvMLYWNpj-kBWRGk8sEv4BfmGJZ2pdWq9ZU7n5UZk20NT7DiyLHP3wvKlGkoahw=w1024-h576-no\" width=\"1024\" height=\"576\" \/><\/p>\n<p><img loading=\"lazy\" decoding=\"async\" class=\"alignnone size-full\" src=\"https:\/\/lh3.googleusercontent.com\/7YeGE8qR5HjUtnu_p8m9DSttk-5Rb71rfqkMBSD0nkmmT-GkXQo9ZY7gms7zYd4l1spautrXypzWWA0AhT2_m7fk62faXDQ2aXJuVA4MMkl_dV4ZExMKRX65ZquGvPYFOSwujV3ZFCJDmtTOV4OnlfhJM6N5lOSLQdjYtXBB8H65mWGJlOfwZ2OYrA9FZYmNi3bvMlDmW6rCG-MYq71Igi0UqFe3CtgGpmoDeyvlYYudTPV1Gt3PBso2y18YtDQAN1-yb6qAvT1fhGjyWtZuxd6kMagjHpwsE_MWJlF2ZsrjJrDc_A9_LdTVkO5m7L18y9wRK3IQhVHMswViP5QuShnVRsuzrtNb45yt3mzWeu3EirVg2mEZ3p0SY-a9LzS2s84weHCv7wFtLgyL2SkMob7lzrYpz92vrvIR9o1uuVRkGlxFuVwpm_gQvtxj9xXhQF84aDWLZihip7gxBPpI4PcKXFzqlgUHgO99Vnb9njBcV8O--PmDJpl3daGQJX2jNSidNLDyKACFciuu0eBqVrDE6_rulNc1Nl_I7rANGpB2WKylWqsKRD9_kB_CNjteRE-cVSg_YeRATFcgGh13EatC7nINkGEev5togXPjsqr-FnvfeAu4xMz1enSLJ8atOONSl7NwJG2VgYIzkrWa5nEV2KX_C3otr78hyjoeLG730q80aZmvrpfs1HnsaLE0RBUzRytd9kV-PHTpriL-6s6RtA=w1024-h576-no\" width=\"1024\" height=\"576\" \/><\/p>\n<p>Y despu\u00e9s de la larga y calurosa caminata, unas merecidas cervecitas&#8230;<\/p>\n<p><img loading=\"lazy\" decoding=\"async\" class=\"alignnone size-full\" src=\"https:\/\/lh3.googleusercontent.com\/C6V1hizE1UaDtOmoJ2wtaAU78M6X2r94OvQSv6ZXc5_snj1R13scHEXk6VX1VwvXdb-kKDyvHWyDlhGCpYJJ8G1s11THDhsuv6gWKn1ILFL5FqrT9mgL5yehINnQv-dPdLni5vDDWRG6XBsJKERLrh1dOI4qqLsBaN8FbNdbh0chxJkuaPQ_aknZ9CrmxWJlshbOsBQkIC7jIB4XagIEDZgLZ7W8b44pL3JViB3-yer1ZMQ9jpd9PaVwxwakU4j6LGQ1Ue6x7Z8bfo1Pxu8_OplkjBwfG25T9KEY3-F5x9gEUHKWXVc4F_PNUeQv2xcNbCSBom7Hcw8JF8b8-5KEOgQ-xkQfWwXmfzmitM3iFyLcQ0pAi7LnDjMkS_y3NwSt-s-3y1hounLhOUNxVKkgPRbuwZScxJeW8_Vls2t4ox1dAOwATQdv79sNSe0NWjcxm7YfLtytHHU5UpARgUnrRGRnEy1XfTFguCQo8w7Xu7Dr3oFSHjXTvTaV7XsCtnZs_g7uITTuDrWotpn6JzsQeg3VUFQ3FvhgQE2Lwix0-BZBz1bQLzPtJn8h-NLUJwDIXUOkouN9yn9vC6FhHi8vIFn9WDNl91rhn7Ow5tw5uRkJWbyJ6ySTcvCQF2LZf8Aj2j69k9zHYBWcz6S99VPms2MKsmbzPi0oB6wl96TpVxHLDu1jU5qbWJOJ5N2fitd3hB078e8RbHbITql_PEFSMRNK4A=w986-h739-no\" width=\"986\" height=\"739\" \/><\/p>\n<hr \/>\n<p>&nbsp;<\/p>\n<h3><strong>Track de la ruta<\/strong><\/h3>\n<p>[sgpx gpx=\u00bb\/wp-content\/uploads\/gpx\/Bellver-Anes-Orden.gpx\u00bb]<\/p>\n<p>&nbsp;<\/p>\n<hr \/>\n<p>&nbsp;<\/p>\n<p style=\"text-align: justify;\"><span style=\"color: #ff0000; background-color: #ffffff; font-size: 14pt;\"><strong>Si te ha gustado, comp\u00e1rtelo en tu red favorita o env\u00edanos tu comentario.<br \/>\n<\/strong><\/span><\/p>\n<p style=\"text-align: justify;\"><span style=\"font-size: 14pt;\"><strong><span style=\"color: #ff0000;\">Muchas gracias !<\/span><\/strong><\/span><\/p>\n<hr \/>\n<p style=\"text-align: justify;\"><strong><span style=\"color: #008000;\">Suscribete si quieres recibir un mail cuando publiquemos nuevas rutas : no enviamos publicidad y como m\u00e1ximo enviamos 2 mails al mes<\/span><\/strong><\/p>\n<p style=\"text-align: center;\"><a href=\"https:\/\/mailchi.mp\/6989c83a3e24\/wmv06rtqcz\/\" target=\"_blank\" rel=\"noopener noreferrer\"><strong><span style=\"color: #0000ff;\">Pulsa aqu\u00ed para suscribirte<\/span><\/strong><\/a><\/p>\n<hr \/>\n<p style=\"text-align: justify;\">\u00a0<\/p>\n<h3 style=\"text-align: justify;\">Puedes imprimir esta publicaci\u00f3n o guardarla en diferentes formatos :<\/h3>\n<p style=\"text-align: justify;\"><span style=\"color: #ff0000; font-size: 14pt;\">Para facilitar la impresi\u00f3n, se ha reducido considerablemente el tama\u00f1o de las fotos, pero si deseas imprimir sin fotos, aconsejamos guardarlo como \u201cdoc\u201d, y antes de imprimirlo, eliminar las fotos<\/span><\/p>\n<p><span style=\"color: #ff0000;\">\u00a0<\/span><\/p>\n<hr \/>\n<p>&nbsp;<\/p>\n<h3><strong>Wikiloc<\/strong><\/h3>\n<p><a href=\"https:\/\/es.wikiloc.com\/rutas-senderismo\/bellver-cueva-de-anes-orden-37839199\" target=\"_blank\" rel=\"noopener noreferrer\"><img loading=\"lazy\" decoding=\"async\" class=\"size-full wp-image-958 aligncenter\" src=\"https:\/\/www.carlosyconchita.net\/rutas\/wp-content\/uploads\/2020\/09\/wikiloc.jpg\" alt=\"\" width=\"117\" height=\"34\" \/><\/a><\/p>\n<hr \/>\n<p>&nbsp;<\/p>\n","protected":false},"excerpt":{"rendered":"<p>Hoy hacemos una excursi\u00f3n empezando en Bellver, que nos llevar\u00e1\u00a0 a la Cueva de An\u00e9s, a la Mas\u00eda de An\u00e9s y ermita de Sant Mamet, al pueblo de Ord\u00e9n, y desde all\u00ed,\u00a0 Bellver.\u00a0 A Ord\u00e9n hab\u00edamos ido ya anteriormente el d\u00eda :\u00a0\u00a008-12-2013 \u2013 CORT\u00c1S, ORD\u00c9N Llegando a Bellver desde Puigcerd\u00e1, casi al final del pueblo [&hellip;]<\/p>\n","protected":false},"author":50,"featured_media":12939,"comment_status":"open","ping_status":"open","sticky":false,"template":"","format":"standard","meta":{"footnotes":""},"categories":[11,23,41,76],"tags":[],"class_list":{"0":"post-12937","1":"post","2":"type-post","3":"status-publish","4":"format-standard","5":"has-post-thumbnail","6":"hentry","7":"category-moderada","8":"category-de-10-a-15-km","9":"category-cerdanya-sur","10":"category-lleida","12":"post-with-thumbnail","13":"post-with-thumbnail-icon"},"yoast_head":"<!-- This site is optimized with the Yoast SEO plugin v27.4 - https:\/\/yoast.com\/product\/yoast-seo-wordpress\/ -->\n<title>01-06-2019-Bellver-Cueva An\u00e9s-Ord\u00e9n -<\/title>\n<meta name=\"robots\" content=\"index, follow, max-snippet:-1, max-image-preview:large, max-video-preview:-1\" \/>\n<link rel=\"canonical\" href=\"https:\/\/www.carlosyconchita.net\/rutas\/01-06-2019-bellver-cueva-anes-orden\/\" \/>\n<meta property=\"og:locale\" content=\"es_ES\" \/>\n<meta property=\"og:type\" content=\"article\" \/>\n<meta property=\"og:title\" content=\"01-06-2019-Bellver-Cueva An\u00e9s-Ord\u00e9n -\" \/>\n<meta property=\"og:description\" content=\"Hoy hacemos una excursi\u00f3n empezando en Bellver, que nos llevar\u00e1\u00a0 a la Cueva de An\u00e9s, a la Mas\u00eda de An\u00e9s y ermita de Sant Mamet, al pueblo de Ord\u00e9n, y desde all\u00ed,\u00a0 Bellver.\u00a0 A Ord\u00e9n hab\u00edamos ido ya anteriormente el d\u00eda :\u00a0\u00a008-12-2013 \u2013 CORT\u00c1S, ORD\u00c9N Llegando a Bellver desde Puigcerd\u00e1, casi al final del pueblo [&hellip;]\" \/>\n<meta property=\"og:url\" content=\"https:\/\/www.carlosyconchita.net\/rutas\/01-06-2019-bellver-cueva-anes-orden\/\" \/>\n<meta property=\"og:site_name\" content=\"Las rutas de Carlos y Conchita\" \/>\n<meta property=\"article:published_time\" content=\"2019-06-01T19:41:04+00:00\" \/>\n<meta property=\"article:modified_time\" content=\"2019-06-20T20:56:11+00:00\" \/>\n<meta property=\"og:image\" content=\"https:\/\/www.carlosyconchita.net\/rutas\/wp-content\/uploads\/2019\/06\/Bellver-Anes-0033.jpg\" \/>\n\t<meta property=\"og:image:width\" content=\"1019\" \/>\n\t<meta property=\"og:image:height\" content=\"764\" \/>\n\t<meta property=\"og:image:type\" content=\"image\/jpeg\" \/>\n<meta name=\"author\" content=\"Carlos Conchita\" \/>\n<meta name=\"twitter:label1\" content=\"Escrito por\" \/>\n\t<meta name=\"twitter:data1\" content=\"Carlos Conchita\" \/>\n\t<meta name=\"twitter:label2\" content=\"Tiempo de lectura\" \/>\n\t<meta name=\"twitter:data2\" content=\"2 minutos\" \/>\n<script type=\"application\/ld+json\" class=\"yoast-schema-graph\">{\"@context\":\"https:\\\/\\\/schema.org\",\"@graph\":[{\"@type\":\"Article\",\"@id\":\"https:\\\/\\\/www.carlosyconchita.net\\\/rutas\\\/01-06-2019-bellver-cueva-anes-orden\\\/#article\",\"isPartOf\":{\"@id\":\"https:\\\/\\\/www.carlosyconchita.net\\\/rutas\\\/01-06-2019-bellver-cueva-anes-orden\\\/\"},\"author\":{\"name\":\"Carlos Conchita\",\"@id\":\"https:\\\/\\\/www.carlosyconchita.net\\\/rutas\\\/#\\\/schema\\\/person\\\/a9691f7258c28443fab2d3aa1479ea19\"},\"headline\":\"01-06-2019-Bellver-Cueva An\u00e9s-Ord\u00e9n\",\"datePublished\":\"2019-06-01T19:41:04+00:00\",\"dateModified\":\"2019-06-20T20:56:11+00:00\",\"mainEntityOfPage\":{\"@id\":\"https:\\\/\\\/www.carlosyconchita.net\\\/rutas\\\/01-06-2019-bellver-cueva-anes-orden\\\/\"},\"wordCount\":481,\"commentCount\":0,\"image\":{\"@id\":\"https:\\\/\\\/www.carlosyconchita.net\\\/rutas\\\/01-06-2019-bellver-cueva-anes-orden\\\/#primaryimage\"},\"thumbnailUrl\":\"https:\\\/\\\/www.carlosyconchita.net\\\/rutas\\\/wp-content\\\/uploads\\\/2019\\\/06\\\/Bellver-Anes-0033.jpg\",\"articleSection\":[\"2-Moderada\",\"3 - De 10 a 15 km.\",\"Cerdanya Sur-Cad\u00ed-Moixer\u00f3\",\"Lleida\"],\"inLanguage\":\"es\",\"potentialAction\":[{\"@type\":\"CommentAction\",\"name\":\"Comment\",\"target\":[\"https:\\\/\\\/www.carlosyconchita.net\\\/rutas\\\/01-06-2019-bellver-cueva-anes-orden\\\/#respond\"]}]},{\"@type\":\"WebPage\",\"@id\":\"https:\\\/\\\/www.carlosyconchita.net\\\/rutas\\\/01-06-2019-bellver-cueva-anes-orden\\\/\",\"url\":\"https:\\\/\\\/www.carlosyconchita.net\\\/rutas\\\/01-06-2019-bellver-cueva-anes-orden\\\/\",\"name\":\"01-06-2019-Bellver-Cueva An\u00e9s-Ord\u00e9n -\",\"isPartOf\":{\"@id\":\"https:\\\/\\\/www.carlosyconchita.net\\\/rutas\\\/#website\"},\"primaryImageOfPage\":{\"@id\":\"https:\\\/\\\/www.carlosyconchita.net\\\/rutas\\\/01-06-2019-bellver-cueva-anes-orden\\\/#primaryimage\"},\"image\":{\"@id\":\"https:\\\/\\\/www.carlosyconchita.net\\\/rutas\\\/01-06-2019-bellver-cueva-anes-orden\\\/#primaryimage\"},\"thumbnailUrl\":\"https:\\\/\\\/www.carlosyconchita.net\\\/rutas\\\/wp-content\\\/uploads\\\/2019\\\/06\\\/Bellver-Anes-0033.jpg\",\"datePublished\":\"2019-06-01T19:41:04+00:00\",\"dateModified\":\"2019-06-20T20:56:11+00:00\",\"author\":{\"@id\":\"https:\\\/\\\/www.carlosyconchita.net\\\/rutas\\\/#\\\/schema\\\/person\\\/a9691f7258c28443fab2d3aa1479ea19\"},\"breadcrumb\":{\"@id\":\"https:\\\/\\\/www.carlosyconchita.net\\\/rutas\\\/01-06-2019-bellver-cueva-anes-orden\\\/#breadcrumb\"},\"inLanguage\":\"es\",\"potentialAction\":[{\"@type\":\"ReadAction\",\"target\":[\"https:\\\/\\\/www.carlosyconchita.net\\\/rutas\\\/01-06-2019-bellver-cueva-anes-orden\\\/\"]}]},{\"@type\":\"ImageObject\",\"inLanguage\":\"es\",\"@id\":\"https:\\\/\\\/www.carlosyconchita.net\\\/rutas\\\/01-06-2019-bellver-cueva-anes-orden\\\/#primaryimage\",\"url\":\"https:\\\/\\\/www.carlosyconchita.net\\\/rutas\\\/wp-content\\\/uploads\\\/2019\\\/06\\\/Bellver-Anes-0033.jpg\",\"contentUrl\":\"https:\\\/\\\/www.carlosyconchita.net\\\/rutas\\\/wp-content\\\/uploads\\\/2019\\\/06\\\/Bellver-Anes-0033.jpg\",\"width\":1019,\"height\":764},{\"@type\":\"BreadcrumbList\",\"@id\":\"https:\\\/\\\/www.carlosyconchita.net\\\/rutas\\\/01-06-2019-bellver-cueva-anes-orden\\\/#breadcrumb\",\"itemListElement\":[{\"@type\":\"ListItem\",\"position\":1,\"name\":\"Portada\",\"item\":\"https:\\\/\\\/www.carlosyconchita.net\\\/rutas\\\/\"},{\"@type\":\"ListItem\",\"position\":2,\"name\":\"01-06-2019-Bellver-Cueva An\u00e9s-Ord\u00e9n\"}]},{\"@type\":\"WebSite\",\"@id\":\"https:\\\/\\\/www.carlosyconchita.net\\\/rutas\\\/#website\",\"url\":\"https:\\\/\\\/www.carlosyconchita.net\\\/rutas\\\/\",\"name\":\"Las rutas de Carlos y Conchita\",\"description\":\"\",\"potentialAction\":[{\"@type\":\"SearchAction\",\"target\":{\"@type\":\"EntryPoint\",\"urlTemplate\":\"https:\\\/\\\/www.carlosyconchita.net\\\/rutas\\\/?s={search_term_string}\"},\"query-input\":{\"@type\":\"PropertyValueSpecification\",\"valueRequired\":true,\"valueName\":\"search_term_string\"}}],\"inLanguage\":\"es\"},{\"@type\":\"Person\",\"@id\":\"https:\\\/\\\/www.carlosyconchita.net\\\/rutas\\\/#\\\/schema\\\/person\\\/a9691f7258c28443fab2d3aa1479ea19\",\"name\":\"Carlos Conchita\",\"image\":{\"@type\":\"ImageObject\",\"inLanguage\":\"es\",\"@id\":\"https:\\\/\\\/secure.gravatar.com\\\/avatar\\\/3a4625b20c8da3de99da69bfe7a322774e291c3f90dce7e8778a30fe6748ed1a?s=96&d=mm&r=g\",\"url\":\"https:\\\/\\\/secure.gravatar.com\\\/avatar\\\/3a4625b20c8da3de99da69bfe7a322774e291c3f90dce7e8778a30fe6748ed1a?s=96&d=mm&r=g\",\"contentUrl\":\"https:\\\/\\\/secure.gravatar.com\\\/avatar\\\/3a4625b20c8da3de99da69bfe7a322774e291c3f90dce7e8778a30fe6748ed1a?s=96&d=mm&r=g\",\"caption\":\"Carlos Conchita\"}}]}<\/script>\n<!-- \/ Yoast SEO plugin. -->","yoast_head_json":{"title":"01-06-2019-Bellver-Cueva An\u00e9s-Ord\u00e9n -","robots":{"index":"index","follow":"follow","max-snippet":"max-snippet:-1","max-image-preview":"max-image-preview:large","max-video-preview":"max-video-preview:-1"},"canonical":"https:\/\/www.carlosyconchita.net\/rutas\/01-06-2019-bellver-cueva-anes-orden\/","og_locale":"es_ES","og_type":"article","og_title":"01-06-2019-Bellver-Cueva An\u00e9s-Ord\u00e9n -","og_description":"Hoy hacemos una excursi\u00f3n empezando en Bellver, que nos llevar\u00e1\u00a0 a la Cueva de An\u00e9s, a la Mas\u00eda de An\u00e9s y ermita de Sant Mamet, al pueblo de Ord\u00e9n, y desde all\u00ed,\u00a0 Bellver.\u00a0 A Ord\u00e9n hab\u00edamos ido ya anteriormente el d\u00eda :\u00a0\u00a008-12-2013 \u2013 CORT\u00c1S, ORD\u00c9N Llegando a Bellver desde Puigcerd\u00e1, casi al final del pueblo [&hellip;]","og_url":"https:\/\/www.carlosyconchita.net\/rutas\/01-06-2019-bellver-cueva-anes-orden\/","og_site_name":"Las rutas de Carlos y Conchita","article_published_time":"2019-06-01T19:41:04+00:00","article_modified_time":"2019-06-20T20:56:11+00:00","og_image":[{"width":1019,"height":764,"url":"https:\/\/www.carlosyconchita.net\/rutas\/wp-content\/uploads\/2019\/06\/Bellver-Anes-0033.jpg","type":"image\/jpeg"}],"author":"Carlos Conchita","twitter_misc":{"Escrito por":"Carlos Conchita","Tiempo de lectura":"2 minutos"},"schema":{"@context":"https:\/\/schema.org","@graph":[{"@type":"Article","@id":"https:\/\/www.carlosyconchita.net\/rutas\/01-06-2019-bellver-cueva-anes-orden\/#article","isPartOf":{"@id":"https:\/\/www.carlosyconchita.net\/rutas\/01-06-2019-bellver-cueva-anes-orden\/"},"author":{"name":"Carlos Conchita","@id":"https:\/\/www.carlosyconchita.net\/rutas\/#\/schema\/person\/a9691f7258c28443fab2d3aa1479ea19"},"headline":"01-06-2019-Bellver-Cueva An\u00e9s-Ord\u00e9n","datePublished":"2019-06-01T19:41:04+00:00","dateModified":"2019-06-20T20:56:11+00:00","mainEntityOfPage":{"@id":"https:\/\/www.carlosyconchita.net\/rutas\/01-06-2019-bellver-cueva-anes-orden\/"},"wordCount":481,"commentCount":0,"image":{"@id":"https:\/\/www.carlosyconchita.net\/rutas\/01-06-2019-bellver-cueva-anes-orden\/#primaryimage"},"thumbnailUrl":"https:\/\/www.carlosyconchita.net\/rutas\/wp-content\/uploads\/2019\/06\/Bellver-Anes-0033.jpg","articleSection":["2-Moderada","3 - De 10 a 15 km.","Cerdanya Sur-Cad\u00ed-Moixer\u00f3","Lleida"],"inLanguage":"es","potentialAction":[{"@type":"CommentAction","name":"Comment","target":["https:\/\/www.carlosyconchita.net\/rutas\/01-06-2019-bellver-cueva-anes-orden\/#respond"]}]},{"@type":"WebPage","@id":"https:\/\/www.carlosyconchita.net\/rutas\/01-06-2019-bellver-cueva-anes-orden\/","url":"https:\/\/www.carlosyconchita.net\/rutas\/01-06-2019-bellver-cueva-anes-orden\/","name":"01-06-2019-Bellver-Cueva An\u00e9s-Ord\u00e9n -","isPartOf":{"@id":"https:\/\/www.carlosyconchita.net\/rutas\/#website"},"primaryImageOfPage":{"@id":"https:\/\/www.carlosyconchita.net\/rutas\/01-06-2019-bellver-cueva-anes-orden\/#primaryimage"},"image":{"@id":"https:\/\/www.carlosyconchita.net\/rutas\/01-06-2019-bellver-cueva-anes-orden\/#primaryimage"},"thumbnailUrl":"https:\/\/www.carlosyconchita.net\/rutas\/wp-content\/uploads\/2019\/06\/Bellver-Anes-0033.jpg","datePublished":"2019-06-01T19:41:04+00:00","dateModified":"2019-06-20T20:56:11+00:00","author":{"@id":"https:\/\/www.carlosyconchita.net\/rutas\/#\/schema\/person\/a9691f7258c28443fab2d3aa1479ea19"},"breadcrumb":{"@id":"https:\/\/www.carlosyconchita.net\/rutas\/01-06-2019-bellver-cueva-anes-orden\/#breadcrumb"},"inLanguage":"es","potentialAction":[{"@type":"ReadAction","target":["https:\/\/www.carlosyconchita.net\/rutas\/01-06-2019-bellver-cueva-anes-orden\/"]}]},{"@type":"ImageObject","inLanguage":"es","@id":"https:\/\/www.carlosyconchita.net\/rutas\/01-06-2019-bellver-cueva-anes-orden\/#primaryimage","url":"https:\/\/www.carlosyconchita.net\/rutas\/wp-content\/uploads\/2019\/06\/Bellver-Anes-0033.jpg","contentUrl":"https:\/\/www.carlosyconchita.net\/rutas\/wp-content\/uploads\/2019\/06\/Bellver-Anes-0033.jpg","width":1019,"height":764},{"@type":"BreadcrumbList","@id":"https:\/\/www.carlosyconchita.net\/rutas\/01-06-2019-bellver-cueva-anes-orden\/#breadcrumb","itemListElement":[{"@type":"ListItem","position":1,"name":"Portada","item":"https:\/\/www.carlosyconchita.net\/rutas\/"},{"@type":"ListItem","position":2,"name":"01-06-2019-Bellver-Cueva An\u00e9s-Ord\u00e9n"}]},{"@type":"WebSite","@id":"https:\/\/www.carlosyconchita.net\/rutas\/#website","url":"https:\/\/www.carlosyconchita.net\/rutas\/","name":"Las rutas de Carlos y Conchita","description":"","potentialAction":[{"@type":"SearchAction","target":{"@type":"EntryPoint","urlTemplate":"https:\/\/www.carlosyconchita.net\/rutas\/?s={search_term_string}"},"query-input":{"@type":"PropertyValueSpecification","valueRequired":true,"valueName":"search_term_string"}}],"inLanguage":"es"},{"@type":"Person","@id":"https:\/\/www.carlosyconchita.net\/rutas\/#\/schema\/person\/a9691f7258c28443fab2d3aa1479ea19","name":"Carlos Conchita","image":{"@type":"ImageObject","inLanguage":"es","@id":"https:\/\/secure.gravatar.com\/avatar\/3a4625b20c8da3de99da69bfe7a322774e291c3f90dce7e8778a30fe6748ed1a?s=96&d=mm&r=g","url":"https:\/\/secure.gravatar.com\/avatar\/3a4625b20c8da3de99da69bfe7a322774e291c3f90dce7e8778a30fe6748ed1a?s=96&d=mm&r=g","contentUrl":"https:\/\/secure.gravatar.com\/avatar\/3a4625b20c8da3de99da69bfe7a322774e291c3f90dce7e8778a30fe6748ed1a?s=96&d=mm&r=g","caption":"Carlos Conchita"}}]}},"_links":{"self":[{"href":"https:\/\/www.carlosyconchita.net\/rutas\/wp-json\/wp\/v2\/posts\/12937","targetHints":{"allow":["GET"]}}],"collection":[{"href":"https:\/\/www.carlosyconchita.net\/rutas\/wp-json\/wp\/v2\/posts"}],"about":[{"href":"https:\/\/www.carlosyconchita.net\/rutas\/wp-json\/wp\/v2\/types\/post"}],"author":[{"embeddable":true,"href":"https:\/\/www.carlosyconchita.net\/rutas\/wp-json\/wp\/v2\/users\/50"}],"replies":[{"embeddable":true,"href":"https:\/\/www.carlosyconchita.net\/rutas\/wp-json\/wp\/v2\/comments?post=12937"}],"version-history":[{"count":0,"href":"https:\/\/www.carlosyconchita.net\/rutas\/wp-json\/wp\/v2\/posts\/12937\/revisions"}],"wp:featuredmedia":[{"embeddable":true,"href":"https:\/\/www.carlosyconchita.net\/rutas\/wp-json\/wp\/v2\/media\/12939"}],"wp:attachment":[{"href":"https:\/\/www.carlosyconchita.net\/rutas\/wp-json\/wp\/v2\/media?parent=12937"}],"wp:term":[{"taxonomy":"category","embeddable":true,"href":"https:\/\/www.carlosyconchita.net\/rutas\/wp-json\/wp\/v2\/categories?post=12937"},{"taxonomy":"post_tag","embeddable":true,"href":"https:\/\/www.carlosyconchita.net\/rutas\/wp-json\/wp\/v2\/tags?post=12937"}],"curies":[{"name":"wp","href":"https:\/\/api.w.org\/{rel}","templated":true}]}}