{"id":12997,"date":"2019-06-15T20:21:48","date_gmt":"2019-06-15T19:21:48","guid":{"rendered":"https:\/\/www.carlosyconchita.net\/rutas\/?p=12997"},"modified":"2019-07-23T21:41:07","modified_gmt":"2019-07-23T20:41:07","slug":"15-06-2019-estrechos-rio-ebron-y-cascada-calicanto","status":"publish","type":"post","link":"https:\/\/www.carlosyconchita.net\/rutas\/15-06-2019-estrechos-rio-ebron-y-cascada-calicanto\/","title":{"rendered":"15-06-2019-Estrechos rio Ebr\u00f3n y cascada Calicanto"},"content":{"rendered":"<p style=\"text-align: justify;\">Hoy hemos hecho una muy bonita excursi\u00f3n por la zona de la Sierra de Albarrac\u00edn, para recorrer los estrechos del rio Ebr\u00f3n, empezando en el pueblo de El Cuervo y terminando muy cerca de Torm\u00f3n, concretamente en la bonita cascada de Calicanto.<\/p>\n<p style=\"text-align: justify;\">En realidad no hemos empezado en el mismo pueblo de El Cuervo, sino unos 2-3 kms m\u00e1s arriba, ya que se puede pasar con coche por el camino, hasta una peque\u00f1a zona de \u00abdescanso\u00bb en donde hay unas mesas y sombra , y de esta forma nos hemos evitado unos kilometros un poco aburridos y calurosos , ya que ese tramo no tiene ning\u00fan inter\u00e9s especial.<\/p>\n<p style=\"text-align: justify;\">Lo \u00fanico que hay que tener en cuenta es que hay un par de sitios que el camino cruza el rio, y aunque nosotros no hemos tenido ning\u00fan problema porque el nivel del agua era muy bajo, en caso de lluvias no podemos asegurar que se pueda pasar.<\/p>\n<p>Como hemos dicho, el recorrido es muy bonito, con unos primeros kil\u00f3metros en los \u00abestrechos\u00bb al nivel del r\u00edo con puentes, pasarelas, escaleras\u00a0 y cuerdas, despu\u00e9s un tramo de subida por un camino en terreno mas seco y agreste y con varios miradores, pero tambi\u00e9n muy bonito, pasando por el Puente de la Fonseca, punto en que a la ida vamos por nuestra derecha y a la vuelta llegaremos por el camino de la izquierda.\u00a0<\/p>\n<p>En el track podremos ver un punto que hemos marcado como \u00abDesv\u00edo Mirador\u00bb, y poco despu\u00e9s del\u00a0 \u00abMirador\u00bb hemos vuelto atr\u00e1s.<br \/>\nPens\u00e1bamos que pod\u00edamos volver por ese camino para no repetir el de la ida, pero hemos visto que se iba separando de los estrechos, y aunque al final parec\u00eda que pod\u00edamos llegar a El Cuervo, nosotros teniamos el coche unos kil\u00f3metros m\u00e1s arriba, por lo que hemos vuelto atr\u00e1s hasta el \u00abDesv\u00edo Mirador\u00bb, y desde all\u00ed bajar al Puente de la Fonseca.<\/p>\n<p>Realmente pensamos que el desv\u00edo para llegar a ese \u00abMirador\u00bb no vale la pena, \u00a0ya que las vistas desde ese punto eran las mismas que podiamos tener en el camino de bajada hasta el Puente de la Fonseca.<\/p>\n<p>&nbsp;<\/p>\n<hr \/>\n<h3><strong>Album de fotos<\/strong><\/h3>\n<p><a href=\"https:\/\/photos.app.goo.gl\/JRcUdSSCKiyLkbM5A\" target=\"_blank\" rel=\"noopener noreferrer\"><img loading=\"lazy\" decoding=\"async\" class=\"aligncenter wp-image-12998 size-column4-2\/3\" src=\"https:\/\/www.carlosyconchita.net\/rutas\/wp-content\/uploads\/2019\/07\/Ebron-0149-1-285x190.jpg\" alt=\"\" width=\"285\" height=\"190\" srcset=\"https:\/\/www.carlosyconchita.net\/rutas\/wp-content\/uploads\/2019\/07\/Ebron-0149-1-285x190.jpg 285w, https:\/\/www.carlosyconchita.net\/rutas\/wp-content\/uploads\/2019\/07\/Ebron-0149-1-272x182.jpg 272w, https:\/\/www.carlosyconchita.net\/rutas\/wp-content\/uploads\/2019\/07\/Ebron-0149-1-570x380.jpg 570w, https:\/\/www.carlosyconchita.net\/rutas\/wp-content\/uploads\/2019\/07\/Ebron-0149-1-380x254.jpg 380w\" sizes=\"auto, (max-width: 285px) 100vw, 285px\" \/><\/a><\/p>\n<hr \/>\n<p><strong>Dificultad<\/strong> :\u00a0 \u00a0Moderada<\/p>\n<p><strong>Distancia total<\/strong> :\u00a0 \u00a0 12.342\u00a0 \u00a0m.<span class=\"totlen\"><span class=\"summaryvalue\"><br \/>\n<\/span><\/span><\/p>\n<p><strong>Alturas m\u00ednima \/ m\u00e1xima<\/strong> :\u00a0 \u00a0 \u00a0901\u00a0 m . \u2013\u00a0 1.107 m.<\/p>\n<p><strong>Desnivel acumulado seg\u00fan Wikiloc\u00a0 :\u00a0 \u00a0 \u00a0\u00a0<\/strong>\u00a0 611\u00a0 m.<\/p>\n<p><strong>Tiempo total \/ en movimiento<\/strong> :\u00a0 \u00a0 \u00a0 3 h.\u00a0 36 m.\u00a0 \u00a0\u2013\u00a0 5 h.\u00a0 51 m<\/p>\n<p><strong>Vel. media total \/ vel.media movimiento<\/strong> :\u00a0 \u00a0 2\u201904\u00a0 km.\/h. \u2014\u00a0 \u00a03\u201931 km.\/h<\/p>\n<hr \/>\n<p>&nbsp;<\/p>\n<p>Punto de inicio de la ruta\u00a0<\/p>\n<p><img loading=\"lazy\" decoding=\"async\" class=\"size-full aligncenter\" src=\"https:\/\/lh3.googleusercontent.com\/UERgqAyB1S_OP3jmTZCwDhudVwW4eYrT2QwFBCXpMyA1w-gfn91wdaPnAwv54Z-dnGtHUp3P-yXP-yyiKMbQWp-s4-bYRd02CJcygn8LlyFLMGmiYvfuuf_hFov3z0FsbOyZv7uy6MlrYSVaEZncq-oqf6KGryJh7PNylqiUvyMkPviQFAXvRwyqdj1jhTXc8yvu5d1M2wq9CykmZ8gvnpG2tQLc045FGTB4O7N7EeqPBhUFw9z2RBo0Mhriw9oGYLItd_wIEJzvyJensvmPJgp3fPh9kF0OupGuMNUAvXAQOQmzr8mvfM1aGMpHUoxj4oBlV_NwEC0yQFaTmJWn0fbuFmqKU5i3m_o7yRY96uEYvYPwL9r01nO8nd4sGqiNREytEzPQsWQIEK8OmoAQqftOuzCXWBs_OZRzdunVdb806KaA9nKrFGzExTQcA_VOBS-gIKmouRtQIOkBWU3q0xvc9xCGrd2xOBf5hPha-v3_UPsrwjIK3uRN6C2VF5Iqhm7m7UdgRXaNaqvFWTvjlIIYYDoG-Y0wGkaDo92vdhD5u251n8AGMILhdM0uR7T7K9BD13tyNuJKgwjOTOyRBvieuqbmLU8ReEYHoQoItKICktyxbvrJyiEktRVVyX4EOEaM7XAu04TxILMn463T-QQ0x47-72wALIe8E3p7WSA8V4ZpkBVW0ustujbl18ULgRROvBrJOBhEsVNlbEW9bZzceg=w1024-h576-no\" width=\"1024\" height=\"576\" \/><\/p>\n<p><img loading=\"lazy\" decoding=\"async\" class=\"size-full aligncenter\" src=\"https:\/\/lh3.googleusercontent.com\/t5QYym7uyyU-hbiNG8jvf2FIdDwNCln-t-DMNNUO3Q-_XsdDmAYeNYKdt7OAMelEWZXhkdBIxP_sOs2zjHI-E1lLr4ewu_yhO8zLlz9aQohb_ToC4qu70pC57AEPn-AgTSYm_25051EVevIQi5UlbU8hpWKW1cuEXXFLoHXdEfaVwBEQHjF0EIDwpw7gHIYcuIj-yr-yxFiZMqnRiOVgvlXgCgd9X8oPNiu_i_xD5-zqqvipcIvXRWHfiYdlN1xPxglhYlGYMLWveqi_z1abIMp_GucniIGRLd4BXT8ikdAHVag_TbVF8a_fPH5-SiaM6aoxmI2VR9LVWNZJ1bh7jF0o8X1e_N8JUQQjgpZ1ezzn2bJFHatt8OQV9iqQrfgttL9Zs3R-pSrKD2Tqhr5gdXi_4q2LfGOkoSRmGvy9ZmdlkeBe6TMyTGEpqGCnsO-CzVCZ59dcTxKjGSRusqmzNI4xpZEsE38ZeOu08hZhjtejCNIAHRZrwEab93s50hldXapnojPpHo09wwOUs_BrYBA1hQnFMxiwo3rqVGoBzKtaMD7zwTJXzFdqBkRNDvvQXEu8aJYgMnby76mZWkCOOQAtLvSJ_hHMVIFrZah5_ckknCJZCUL6ac82ok6PI_JmmUVcARrFa00oKczn9YcRSRGF0d28hAo5gE64r56z94b-XrshcobHK2CIs8-eH0MxecKOPAzefJv-16TQv-C0G51-mw=w1024-h576-no\" width=\"1024\" height=\"576\" \/><\/p>\n<p><img loading=\"lazy\" decoding=\"async\" class=\"size-full aligncenter\" src=\"https:\/\/lh3.googleusercontent.com\/QrUk81U7wOmE-9ya2MbxXTEjaqCMDN0hvsjirofiVVGFUI5TLJthbf9xZ9NBqKMT8EjcFIZi446yUg5me14UWaMy-llgC56xZT5EziddEuLRSlJCROATwTa2UmsauClK7a6w0T7eB7E9pTi-hPbP_-AF3LAu5Gtg-rwGtKmenegDv-gjkdNn-5fxkepwkanJb5Dxr7LyX4ZAU6UgxlQHKvxYwhaGesGibbCNKzd7WRoXbRpletpCwcp7Ty8DermCVyR-SyP2kDETliyWSveOkVWENxvA3BZnC7St_4uBtL__6t2On1DhMRdVolckJFLZOJFy491zIC_n1XXd3SEy0qwSCw5DL6F0yvPZgBC2t32-0KZnOfDdS0iNlPAZlYNRW_ReyVzy5VE9f04hXmUQDLezO3Nszr0kkzP_ukQnQLp6yKtFyPrMLP42Wz1lXqsBqMXIC2TtG_MYJhk6QVgdclANq3MKI8UeHlXqICgkSwABQVLqqgn-juLfARoEb3MnILsHSBpydq0uyLtfOx0nsCY8F46_rhoT6IRW80JjqHq4dTSlppPIf4DkOr_0dHfPjUK3zDtOb5OsMrTJ2Mn0hPzN8ZFa-O9CeqzpkS16vpfE0RgcXHC-bZztsdSE5SJvX5OV0wCBRVjOVP9Xfd7beG2eJg3WXFRT_ykQmctgRbJeUxqfU-qOIAxMAQVGTz_TuA9TdGkVAHV4LLNJaucpUJc5wg=w986-h739-no\" width=\"986\" height=\"739\" \/><\/p>\n<p><img loading=\"lazy\" decoding=\"async\" class=\" aligncenter\" src=\"https:\/\/lh3.googleusercontent.com\/psDeBeDOAQnPj3uZOIXEykcsKW5PsDgj8k-apOaHGEJrqzgmYY23KBx1CrI23ZXyl6m8Jq07NxXaK43jL8Bg-lVrf-yDO7ChA7ogh7_eaKKBgLOKIPuhQzKZDVpNIyQdIkLogtSWi3hXcK4RqnBj1sqWsS1LMt7QyQxvXSKx1_8YU9KHfnpR3mPlpBxiIyZDcBMoOlHZD5d8iyncjdqfDNnef2t7bxmq3xgV7oyXs4a4TNLhOJOEC_Opixk-w5ZmcwLJId1ELm8sA1b2GcDrcOaZ1BPne0ADYjA7zeo9B539IgrnMTbzD7RgX1kQM_u0V-LmBI4SULR6v4wpFT7bLGBj3H7B4cmh9jLe2BTYfXWO_xZi5kQFGUBIXymDHPvHnGvW1TwIcHcV0i7ZS2iTFyjRck_3l4aZ_5skYSKUT3LvBqquReS1nTved5B7jaw1loGVXMR207fvJaLDpUi4yWLoc1R-ZfY_w_DLn5DkVBSVyVlmlnfhd56DKd3WP2hpcutJIS3yse6wIBxIFzr-MbTPbM7mmkZr0WsA8XNCcEwDNe5HPs5j4DtePT2g9Tj4Za8rPNCGvP1gCzSwJD_ozDgYnbQVeRwryIGQZXotTcHjJI6YoKdmCzyVQ8X80ERkYS0pGafo58a1Sh6WcFSbhh7Ir0y6IJE-3tyKoWYow4zGi64LDSNR1DnqieYOzbh9jYGOlzsDwGNByKNNPVglWXFMbw=w986-h739-no\" width=\"986\" height=\"739\" \/><\/p>\n<p><img loading=\"lazy\" decoding=\"async\" class=\"size-full aligncenter\" src=\"https:\/\/lh3.googleusercontent.com\/wfE_w_jFVvZyLVsvIz65qnW-lng7d4cHe6YLFV_1k0VTmaQ3fbA-LljP6GEfaBs7gCCswT9N3dpxFPGO_NfoOvAHdpDNVyXCGD5OLX-g6w74HjTSbQ74mRRJs5BQdBqzhsiqnP1cM3Iczd0Nyv8P21Z0yrG60Blhvj6HUx5-zoreErUT-19SKy-zufBX6TrCnlcD81qO7aOR8e3GeTE626pc1i_YxAcWg6Yh8AOWFRwAtRH5TSFr0gj3eBEUf2220yksXcd6rtZIF8pFFiA4lMrX6oHsbX4XSb3wt1VlkjcIIfFGqC2rvZKz5PO1HlutFDYmieDBj7XhVDEGhwl_kBLdB3Q2SmnHkcPo4bi2yZmtamigrSQ8HLu_wC3xoSBrB7_2NFFBTNRdk24xavtucI_kP8OnfxHpM7QNfuX-_4bcEz841JWjI6KvnxgH5OyEJ1YK4YZkFlSKPBy1c18SJwPhl39pxacflEzloRsTKbDnnOHmNAoBceKSQGYCkRo4vjgd1gTZ0fxKDOBkADyLLPxoAfe8gOhRd_BYyc4VeG-uO2-waF8Xt0vjrCJ_Nxp0HmUKvXYlmK22u_vpDQ0eaCRIpzsYIWyN-FV_9lcPeq85Ictv9my-0EMwNbJQYv19XKZwcc8CNa6WeZ4CwWcuvt5hVPoeAXSEQyWp8Toxlf9XyKP0uLx4E2bxY7VmiK4zCw32qkV8IqN8t49Bunpj8lqh9g=w986-h739-no\" width=\"986\" height=\"739\" \/><\/p>\n<p><img loading=\"lazy\" decoding=\"async\" class=\"size-full aligncenter\" src=\"https:\/\/lh3.googleusercontent.com\/fwmKOWGLQ570ijW_el3CtuMV9qn71KSGhsyVxkCsAA7VTE5KabG696WzLHTUyo3mFUhJbDH5d2ZWaaLhKzyfF6R1745Q8i8rvFLI7Vo2CgYOml0H7NURNGkZGdVGSsnDbngJDTqs2FdJtm88cd4kWzLyF03C-gi9w4AlrU8MKSNfLkkigVl-elxENXb5X9RiRvIC-dUw9Ates3n3AhVkP_LNBRrYlt8T1ro3NgwXSFNxNB40ECti5kaJxwQl_7m_U_UyQ_OYy0MHhWjiZprOWKq66ArC6z72P35OIdTwEdyWiwp5kwtGAXbqDVB8zTfHh8s7f-vh3VIYwymn6Th_XD5yQ-bzXhUNqdan1ry0Z8oyvRO16zHlGqvh1bm4qai22uWFhjNwsfDQxYwZrvVUQXpkhq8_6fxaO-eq7S9ssA3ccqNVqozfHuTQIpTnA8A34w1zE0vzJ4V3ClmcegrxEYF_6luo0HT4vh_QAfaY6yqSwOK_V3u-uO0qQWWAf1yQtYNcbmYqz1A8HCSIWard30aiVpwyd6-Fu4iJ0oqJEUTtrtxyYAOINOIRLdqdGS1FaSN5Bnm0no2Yeb1_ZRkcQtdVse6w876v729SONOk3AGMG5wccvmrcbx6E7rVFsn4StNZEIQCl-DCobmSmPDrQlSesEqkSknRrTmXgjqvgmnFYOV7wi2NgQ8txNggpZ4SZvD6QmVhpPCdZC13thhKmf6qTA=w986-h739-no\" width=\"986\" height=\"739\" \/><\/p>\n<p><img loading=\"lazy\" decoding=\"async\" class=\"size-full aligncenter\" src=\"https:\/\/lh3.googleusercontent.com\/Nnt9Tk1QDm4DTQdsibxYpTvCzrMEWKJql8H34UQjsJerSXw1PmTgJSiJYlk88pFAq5T2ihgciO1S2Cpc1EejqlI8DwNyI0incCVvGz_2WxJ7gIA8WNQXjELztxq2SYpR9fqjILODIf2Wr-Nyh_bCOY2Pd1hJTm7TOsiTMJCJ1d6PUfXMIHGudMyNE_YiBmIS8_UuLTu-GajUtNce_i_Fw-M9FwhVE-HJyiB-UJnCUTBWNgZfcuuFrLostuVRsa3EfjkISjGmOk2iQki8DN6dt_9t48Dg_pcpSDS1CJAWOr-LxMnXFjMOn9tcWwwl6wobjyASbukCPHvZMG2VdiD7xeq8NLDvQQM2PNQYwfbHCqgeoK76MC6veIxbLJsY0BOUEpbAZ2RGFkHcUnUqBXmjoQnb7O9s-MfbbdFKOTtQ1gjsPQjmd3iYlgwefzm2ZHw725HsvxL7W-_xIpuGDF5r82sF9s-6dpKBJqS41mF-tfr538a4RQjIZYZT1BfXN68vK9jpi9nnHh2i9Bf02KOkPuSLueT7iXFlhMVeDUx8JTH08d6J3C85BuROBAhWPC9KXqu9KFD7S9_44vgmOubRJ6SMbWxRhpAyJAT3ZzCL7-PZ44EC4XC8ojzWeZPP18W2XUeKIKgjUVLchE0NE6QMrad4WMekULrXStDEO0EzB8BvO861iSrVcS91fJWKvfvOO_ZolV0kgmSFn5JpVTIRBl_7qw=w1024-h576-no\" width=\"1024\" height=\"576\" \/><\/p>\n<p>La zona del Puente de la Fonseca.<\/p>\n<p><img loading=\"lazy\" decoding=\"async\" class=\"size-full aligncenter\" src=\"https:\/\/lh3.googleusercontent.com\/FenqhKcEXReFJxJRJFK7g7aNziDGgPh3eRUFgzqGl-u6wgrrkgATMJwlalHsDgEoQvizN7eoHk20EUQ5bQWlVSzx6PW_KxigSQggF6niZa-RfrEOwIOWhHN9Qq7MFjhl_woy_eFaoQtHPNRb30n48l-qR-gNCqvj7aeYY-v-6mq61x5EawoEngTJpSLNMXNhbUMNVyqRRkGQ0wLB5FVQIDQLRGQsUFoMxoJflhoqqGkLcW2w1cybtkaxHLmpOfEUXPJhTYDGjoMqFc6l8gB9osn3O6WG4d0hoJbPcCzxbzYzRSLwV5ftP0pm5JdDVIKq_CAE4QTJK6VJaG6us-eyTCK_IQQ5jA_z-guU5LcEw9anpmgDNROqtqurNKTfuKWpWNZEk8j4CflYohgRYpI_AEYVvIEvlls9WdUgpoLtCGCr-NuAH_YwpSsvI1b4PMV16yZEkGAK3Of6XeBPVwmmhO3q_Aa4AU6RU_XDQ1wT_gjwapiXRBBAZHZjEANNHVj5OyOJV_hGC1R5_I6fJm-2KbyrN-mlYq63Y6EsyVJAiw1F57jF7-RQ-LUw4HZbTgFiEl3MOWmSQDFLTOd-krKseplp4GDm6CSQLKGsVGDdQVrd_7molG8D_7Dw2JaqnFGGR6UsnXx3H-RC8RcXVamURYeazNBv1egHlyNkyOQCHHfQsOTRmwRKFLIKrD69NTYOK6skmtBPx9tAkAS8x3q7gxTD2Q=w986-h739-no\" width=\"986\" height=\"739\" \/><\/p>\n<p>Y el puente natural de la Fonseca<\/p>\n<p><img loading=\"lazy\" decoding=\"async\" class=\"alignnone size-full\" src=\"https:\/\/lh3.googleusercontent.com\/UTIQ34hOu7Y7sEhNuhZ_VqdGjHlSHEFeWfldkhg0Mjyyzj88-5QNDUDsvUWKhAk4acF007n9F6m4vKU70V4hsDo98GWttyb1MGeywV8Cwy6PH5zCl15UOu-5hhzkIze3INFchjVBx7437Fmbn51muGkPwF-FkgfPcPUwWv5hcyOnwCM8PUK1rInWHDrJbz1jZQCMvq39q1yzqYVcbc54YYY4IfiWt443Udy8ER7Clj1x8kvWSWILg507aLplhz__YRKlu6Cgsc4ZaZFPFxpNodAcNfsi1lJRVlOTtVi_DKb6CxzXUJQVRbDD-Mdus5gftcRNR4bTeCCaIOkcrlmIthyiANnug8IeSpATib6fqdEeoeqw6x0HeJAuMoNUs5vKpB7i5eAAdjy6pAo37J5VHG0nERhq2AVABdy1c1G5_4ZDAh0OYBIPhaL52Z7oHhWRUU24Wf7DJPdt8JtRbnMkJMijvtvuQ_2nv_1JFec_oYmJ9jVgVsn9B0jE6JH6hYsljPW8eCYs1W92vE1-Y4Fsbn1Mbrnt_3wpS7ochkDmsJYCU6cyrXL9XzOh3W8gK-uIBOiIvCIiiUjuU_kCc1nVMTBVhA-lD_m7xbtZo0sT0cJI1IhHnP3b46cnMYYXz_UFYX0qvSfU3YJUzovbDMCISsKTIJevo43npvM5KYCB1ANpO-sto4jFewq3F7fr0miuWJghcG57YJI5TQCbl-EVivt7mg=w986-h739-no\" width=\"986\" height=\"739\" \/><\/p>\n<p><img loading=\"lazy\" decoding=\"async\" class=\"size-full aligncenter\" src=\"https:\/\/lh3.googleusercontent.com\/1txGOOWN-6d7BW9ZVujRXWrFLUsKK0YhXKSTtbfNRUNVE8oXrHsA6qPr39JTNyM9hiTbJTVb4o8JIAt4gDToP479eU_-rr1S5rvuO1qRyDNBA1hgbq1AkUAIoohpehQHEc5Z-bhdf5NdjSxe7s2UeudYIe5Y8h7kjXMDqKH8Q-41P_Hfeklx_AuT9QbOA5wPGlxUDW9QEPpRmPCdNOTAddhEuclUzfUBD2fi6q1eRfK-0smPFuLspLkqMOA7Ehy2YaibUjL7X_w0lB47q3C-R6CezDpYkb4riSLuQ7OXNGsVLzdWEcxFeDC9duBrc4K5wVyyYKFzW3jDbB_-c_DaKoZz3QrWC-iKbvxQYHd7qzWNdUEoIlsk4MPzZJvD_lBerCGiJ1oqs2-Yo4FTo6_pM6a5pIs8s5ChPaYUspRdZdtXgBtx3r5R7Px292aC_2Ejl0JN855QNFkCOLPqwQpJkx1Qtmnft4UuP3NFbRP7PK3GPiP5pATfp57xRovZUPQZZZJNoc48WcT4XsVzYriFVoBAW1-m7HEsdNJF1TcHjVkloZ3P429_lG6rLKwLg2vuwfAFEFej2LE3A_hyQF_XbTW3wrNUGXgQbSMr1ozczN-MU8NodH6RYZAEN9cAcdS5_wxNjRaXY8MyunQt6Cma-AfAoyTNvKGM2KvbnD62HQfYIhPVRs6tB7u7CGdWYgYEyY7xLpnQRdPkIi-H876fN0U0xw=w986-h739-no\" width=\"986\" height=\"739\" \/><\/p>\n<p><img loading=\"lazy\" decoding=\"async\" class=\"size-full aligncenter\" src=\"https:\/\/lh3.googleusercontent.com\/ue9Ivr7UuwpcdJa3mZkSiO4f07CdAWe46IFMWKzai9Sk9i2zAzRjlkiD8OMnw_MC2VXZIYXPHssY3MCgK2wiHZWv86baqbIxjSN7z5JbywfSNux-Pjir15nVU5PDh89wQwign1fss5bIqDfgsbGYfDAN2G-le3ZYme9GXgbBzp_jhAdZkvkZuUBnKZx5s88UGwYLgDgIuumGGmZEWi8Jgj8dGKxhwS-LytUqMkqShGN2WCajzBizKdQ2-1o28ZGjA7oN8yYeAx0Pz-3AatASvWe-bi_RXH4k3Gm6cyRIkyc6Ym7GqjfymJMeAy6pdHVd6ODLryePsoRv3qCPGOpT5DqJIlXU8B3kKVF5t10mc6HST4CN_B7p3XpBTryv2XQJtOxBGStSyt-PkxjLjvT_Y8SRdy_k4MYMhkgP2ETOmOz2Qn-oHyNTyO_KC9BsZ9lmgFgMcxVurUqSh6zLtOjySmf4qs-G9lf8Qn4ky8g5HWM1OVSTiEY3fOzKuL2avDUit-EaLnXOt5t6nwIHsVhjNxM2w1dTkGjZZ6bah1golnvEQ0eCY3aolb9XX3KBO6kJ-B9LqiQXSbCBQlgvis_uQMUSXz7ur5aIK40pjLYLqCV9jWDrZWDBWJVuPtRNxOjlzvm-qW5-sQQqNPfow_6VBw190n598iG-fjYkEEX0Zl9qZBH7vm8wAZ4_2EXAFChU7tDh4YBxrTyfCzzBQZA6HRvKfA=w986-h739-no\" width=\"986\" height=\"739\" \/><\/p>\n<p>&nbsp;<\/p>\n<p>La Cascada de Calicanto, muy cerca de un molino abandonado<\/p>\n<p><img loading=\"lazy\" decoding=\"async\" class=\"size-full aligncenter\" src=\"https:\/\/lh3.googleusercontent.com\/e7ND7QJxMV2px1FD7fw_pjkUw_9O35fKuPrKtCStPXt4kGP2V57xb9SgPNe0txZ00oCE-xPH7CJZakgiBrHXRkS82T-LFW7yWya-IZLRptsAU-cgn04j40cTDMhMpRq-UV1vkFePQXatwUgjuOfcgAzJWV1E9lCaenrGNJzQBPslOH0EsCCs6098hFOcR5B-c45nGOWUfBYpdFKyHcefJBrPXjaR0x0X57Y3N3n-B7XXujbMOF_jAL84Vp_z_dUBJsB7uck6Sw2nfMh25oezldXheHEWvvSF7AZEgYqqhEZyy5cG9_IwmZOdvtK3DSNGDbAa0tZCFW-zkNtymCBYQlYYTyUTuq6FEZIobGN78hAQy7TrfThJEKRIL0IyCMSl8pM7JnccAmEC-Y3LniDofPGyjj_GrcLf_5BQ3fNBLJIe6fvxdgrEFglCT6ZEiiw49xjghDNufE3H0LVpNUd9HVMOV4iUa4cjfwVTcSK-AmmiNXdveymTi0rFl1T54nS0ZnrpRoprqI7XUURu-h9wCq-B-6G630idLIt-S1wiZ_iVCet4ctR_U1hKfkRsYkNpy0EzV1OwRHEBTSCpYDLZDTZP2sp_PXCdyFHaNFq0yiyQqDynDrAISyHot25nW2K0qlujoie6E0zC9Izd9U5scEZmiJjZ5CIdbGUp1WeHAfTBmvl73P04GTg_NbwXCcZyIJ8bvjX-s6apnmAXEt5fZTKoog=w1024-h576-no\" width=\"1024\" height=\"576\" \/><\/p>\n<p><img loading=\"lazy\" decoding=\"async\" class=\"size-full aligncenter\" src=\"https:\/\/lh3.googleusercontent.com\/ynRfeJST9gv3w0mWzbIj0WASskeQ4zXJypXG_14ypfjdy5FaE50YBUNTvwPE9OVJXZfDY6Be8zhD7y4BpARMkg1XL5cY4R51_Ic3egJK08ykHrumAtqnQKM4THQeyZ6lo-ZWFkBmlBoKDR_BE0ecuBfpva_3f_Euj9fYOOmyW11X1jmIqf7Sxf7wGtgRK9knqkekqF27tdtejoNuRv0cjbc6lxn-laKSqE5Xvhu5Mi8B4p56YHYJRbz9myO0_rvC4mKeLiCNRrUCabKg-_sEfhQaqT2SpsOAcg11VUnKAIwn3VWsa4zdZOlgCZ5APo-IhGcaNcHoWG11F9ril1rDAg0oZsCSW4rVY1UxunDnnauSmrH8dKtHBeLfbBLwnxpHDjJSuEQjjhKhE3gMNrnceyLZyuf_PiOTlk2vRzUfHgJNLd_7w6zbkQHXfpe2GQp7Cd0sz74QRsehA0pmWg9njONAyI08RqcfbKN2bV0i2AqFsR_wIoY8DZACdRl0Fps1cVNSohpHM6rUrB7409lRFuwjC_f6-F_zvqMaFnzsXVTlCNgldYtSpK5dEvAFEWl-bUI3fBgB9GUKLfx2GB-iXkXkPWdc2_K_ZEQeA1n-qjSFATMoEIF2auOAxdigq0ST-_U7FcAjnDQ0UEXqg1nqiQoGyuEjL4Kgua94ADOLbwxJkBT4aLjJW_2IQZjvM3ghFXNzWTEo3Tinv0H73-L6xd6_sg=w1024-h576-no\" width=\"1024\" height=\"576\" \/><\/p>\n<p><img loading=\"lazy\" decoding=\"async\" class=\"size-full aligncenter\" src=\"https:\/\/lh3.googleusercontent.com\/7PN3G0JeZBsHZrnl_YtU4teYbyrNaPWGL3WWM7Or_R9Id19MLyk-kwRYHPbjI_A0-6LlIak4vY6wDjUMX_lVnhXhVhJ3l2MfGohIYHooFP050uzWltzxhbrhFO_auBji6GesLMKkp6gPUfOs-ZrrmdI5yU0fxGMjGgkhu_xYZzm0BByZge9bD9ZvHiywxj8-BbP9uiEK7UG5WWlCArde2KIEZxC8qoN1wHKXDi1BxvMddaOfLt3aGUiVBkKOJaZOPnH8hRZSkK6xxfVS6mUsM4dCVJnafqar-tytKJkkWqRQsvU3dCXLTbzqQJe3g0qalL6RkSHTN-Borhsb2jcTfjaArn6Kzl9TzoBZwAtSVXTs_2DeYNfyptbZzAPP46CNiJN-4SEvibQXSSWZj0n13Y1D9r0fcK-36XKazYRqZIGQAmQZ9vgn6DwVaXp5ZqbGFlAmENXDwUz-H2mDK0FZjbdh5MSvZUtF-5LDRb5hbg-D3pN1Wd8HXPvRbsj_PaKf1DYJH6uxVNFQcTXC1xU4J1_EgSc9-DlGUqNLr67bAI0E45S5oIeHmixWdVrbMxJ9i_ZiZOSr5Zv5oYT2_lLxkp7hScAdMc8aVs0IKDvUqaG0vHczKbqNt11t7pXJMOnOsw6Z1pkDoXnNep_fQg5Rf-shPyG1IJMoZRL0xy_Mf-Bj-aQ0pemIZKMMgtVHs4RjKGNKbpbXbqg5shkP5Bza1sVaZA=w1024-h576-no\" width=\"1024\" height=\"576\" \/><\/p>\n<p><img loading=\"lazy\" decoding=\"async\" class=\"size-full aligncenter\" src=\"https:\/\/lh3.googleusercontent.com\/ESf9fF3hCnsSUjsH4P6K0BIPri7JwLuyK5q621ZswtqTYxWImf7f4HMxiNTsc9BkrvKR2Gvd8Wf5CUAI11IZdyo2J_ubTQN8rbsjta1l97fuDNR-fi1xFxrrUxL8-pR3Qh26lIOh0BwAMT8NvZDtt8A7Q9ERkGlszXnlxFhc2TJWLeQqcgQ6gt-9-Jtx_UG7KqOGnbWzgSVsyVv-KdrtTI3hKSnBJNxEU_C_w_V8StIvkopTzAOc_bbstPp8eJWUMPzIOBJm46oVZvE1gNAoCHJhULhtcs_QY1ckK4oy1fEN0mu7Rj967Z9XzMSB8a1mnjpHAg_7oLMjENFkCT_M_LvxLZNzbdp7dwMNk9NYCd1MAvib8NZTFnslrxCSEu6XRdY_IA88y9DMclFirbS_JHNWi5TJeuXLb8A5_tKeDF2WzPuNmwBwx3fpw62oEDTuzn9RYh42eCGOANAkw-ud0uxuWtN5UzeX9tDFfPhEwJfHc-7h6HL4wIvmXCV6FlKb8xBgxu8WIPJtjmCNSt9-PFCcrY1KzNvPT1haDPqv7AniBx2piuEFQod3LLIL9aAyQCiTW8Q10rzLLJ94sk2snz0ZZFqQkTImddjB4q-90dM8LoQF2QJQHfF3KtcVLOGlI8-VKaaJcMe7fu6P5ND7xS1gk0DzgQCsO4fXMFuJ9zQSeWEnanAg57uUFMcuOYBx6fKMjI4sta9T4u3f9humxj3_Jg=w986-h739-no\" width=\"986\" height=\"739\" \/><\/p>\n<p>\u00a0La zona del \u00abMirador\u00bb antes comentada.<\/p>\n<p><img loading=\"lazy\" decoding=\"async\" class=\"size-full aligncenter\" src=\"https:\/\/lh3.googleusercontent.com\/x8LoVT5n6fze0iXSmvsKrKloYOKHLz2t1ish0bcoQ7tjnCelzrVjSouDF00IBMgdVnCUlngEeJGYXaXWREy_n4t8SDIR9yyy-dnWROyYb5uscT7-bJ-fyeJ_s_G5hh_Xcjc7TJY0HisS-bYNAKD8dXI-DUjyiJNOzzz_jeJiJsUtsl36Kx1eXZCJ-G5LNukjnNgh6AzGn9h_Q4krOqTrSocGV2FMcRrEEF8Ua4L1-BqZUU5b4796lciS-8km2Sju8DB7mUN9yuySmdcD2y2SRysUR6P7GrxC5s5Zl-TNKbCCY4OZE-MG70A93BAaXhFtydoRd9raNFZ-s_RH00k-id36kXQHAUH5jp2C2Hh4bI_QaM5qHjKqg8XljnLfrrelAt1SNUMlW6wxbqEMtwF0PGm6dcmiv7szK6Yphwy3xaoUJ-t4RqWb7aoUAILKu7ZA7ILfLPIvyJF2uDKQfsBfn5ueSFw_pCmtgvg9amb8-YjBBBHVtGC1OWaL2Vb6rG_mz4JEa1kWP9mMNULSnJMoXnorSFycObsdmAZp8qGozxKL2MBXsRSNlMvGJBuTdZmTyZVuF-2wtqfMrjYubh3De668MfhGoxw8Y6YxdU5D1ZlQnaqWzGTWJLvTaZFwI8E2dZo9Em-ofR16d82KQFS7izVQ7gSJXAAY0FN9HPONNdf_lTn-m6a2GR-bWgDum7udHyAH964cG39P4D8IZuGKUasj1Q=w1024-h576-no\" width=\"1024\" height=\"576\" \/><\/p>\n<p>Y el camino de vuelta, de nuevo por los estrechos del r\u00edo Ebr\u00f3n, despu\u00e9s\u00a0 de pasar otra vez por el puente de la Fonseca.<\/p>\n<p><img loading=\"lazy\" decoding=\"async\" class=\"size-full aligncenter\" src=\"https:\/\/lh3.googleusercontent.com\/PIXhwsuOtBRNAyBSqjd8FSthD1jSos-B6ZzPfn0s7L-H4R4l7ah2_48wm1pn9k2_stRKl0XavAKgh5JhzaUcYdEpUCpdGdfPjsyI0c82MBJDeJTeQROiieRx_FKHympas9j9aFs7hy0A-yhIgXw6LSw-FwC0Ptk2Z8hcLQZ6jWjOIQBIJNNbWWYP-_VSWD2iBpV4q0l9gkUxwtkKZzqn4f_y9VwCLBz9KaLppaedaJT21jf1VpVLYWHCkCoe-6ob8Ys7iQ_py3I2CDp_PRFQIfjM2UPe9_uKgMx3BQhwlimPKac_vtLaTy5q1E_41zlDYwEIih3S_GhM9BOM8u-2yJeDDkLdcw-zk0AADWkI2M8s58-cx1171IJdg7zCtRD-ApHeoEEargU4Cfldye6xUZAXNrhfrkRcm0ygYnRD77PXVROxQhrieQP-m7GfeRvoZF1eTb5OO0V4Ac6LQqLVKC05Hhz5G3nwuN4uOSZjZdRAmm4yASApuA44V-n-er9OdLG7hJAnyZ07fEeyb4zsm_cOqGYJwv8wVNP26vI2AaWdbFrFiO_5eh6rI7A4jJFqELjIe_j6Plw_A9-3UhQv4KQFlH3FllkcCiVUDPpV3LAYScGJLE7c7RghKHfXhEDMX2N-c67Kw7kj191Zppp_Voz1HdD0_0hY6wOSP64Bt-et8aYa_AP3CSA_2Hm7UY-3h7vbC3BxWsyDbZ7kRWsKHv0gnA=w986-h739-no\" width=\"986\" height=\"739\" \/><\/p>\n<p><img loading=\"lazy\" decoding=\"async\" class=\"alignnone size-full\" src=\"https:\/\/lh3.googleusercontent.com\/38hxNNF7GoLDos3HBJ64vU5p6TF6fYUVKaIziaVn1CW4AW-UGeElaOhKR4KYvk6L8TGoXHbtqsQv0PWIKPLErsi-0_6RaActUGOGBJAj00cBgmdOK5TRTJIyRV7GQTsnW-iLxlUQ0FhzYp1x9gNwCN74bUfDUkHEmPE0c2Mk4qW3qWBsC2cBp8cB9JeC-y41TS_Bwvy2TDIdbwFxmgywU8F0FP6hDvc3SkMgAqsMI9ig_IQLlOqn9I7fp6U9C3NkEXpa-cTo_Aak-7mIPLL2MyOO76fuwaXdRxn8KJBKM0N2GCp_fY4TnGjR2E9Bk8y0MC3axWSPkXH13oE0TJgPs1TjETSRgIh91KFiZnKdJEfPcfYpha99O9IU5vc-XOkRmRhWJ8lunUNuY2FfHhTjbT1Mtn71_jdNBZs-b9yk4DsK8AkO-a9ayEkHKh2xQirGO4mwWKnNpPVG2UAkCi1zIOhixQfjBM782Lh-0GDSLa4nxwA5t6RGhbSCZ7ZWfNR-cpv4sB2y_kCJU8v86mVodmvIlXFOW5_mcOGOvCbBUoQWAl0o5yGPqsDwlJVeYJBlu35sUz1QKdcJLw6REklCwP63_uWfcJIxcEu9cTtjTKk14WhqkufGjJi2hdQDIRjSpPJqOKSCEBRrs3MaHYV73tgiXiYTP59HtE74SOGpeOl8aCtmf9VIvUqDUof6ZylmORxYRVH9XB0poKzKjnv5JjPSzA=w986-h739-no\" width=\"986\" height=\"739\" \/><\/p>\n<p><img loading=\"lazy\" decoding=\"async\" class=\"alignnone size-full\" src=\"https:\/\/lh3.googleusercontent.com\/PE9ZEuLTa5CbTm3b4rMXRPlo82Y9mXXK7rfAGsSSoyWlrIO7A96GFvYjBBARocJ4AYdcVE5PKut6B5Sk_oiyTupfgsO-Wef_5BfAfRqrTJ-MDY7pPn8HorMsIL8fUrt9hJ_1gWucRcNF-zVjU4F8JMQng5XGx_I-kJV0kBAgtQaHMr0h35RZC4EZP4syZTujwgRpCBRaGRUJ-vCQJB9ZDrR2V3mU4cZy9PhNkZF4JdVbSdj0Dgl7iu0fP7fJCx_uQBfzTFrldmDOkoFG00PfhMXtMGOefDnefrT4F3U5FbxPhS703af6TtI_WwlDsxIOPlEZDdvxmnxpxin2ERNYcKphYe0Q8YAvh1Cnzfli_V997nXScouqd_Y0DI9NWwxXmVOcyCf19dlogczjuZDfoY09uN8Y-yshsIFg2HQtYSF_BbFXxkyolHAxbCBQoyYHk99-rP4XR-r-8IIxlvTKBO-As8Fj6hyuqmvEQG1U7_VH5kwtTgEAHAQ6t31WEddhjMVfVZRVeT5RWqEfloyaJxce-Zz-2WzNhiE6pEnXHf8ia5oyX21DIMbRei4abGRYrdLdYTjPG-ioYDPyyur5kVtzCuVKjusJODYDgyPN2S_EsWVC0HB_upYAkZRXByT1srLQkEldEWEpkFiES9ArgXcPXvjf22GIhHKz0LYEddJbOBHdP82QYVP6rcDRIaMv_nFmTERmuoNcEJLHbFK08aQE3g=w1024-h576-no\" width=\"1024\" height=\"576\" \/><\/p>\n<p>\u00a0Y ya con el coche, cruzando de nuevo el rio para llegar al pueblo de El Cuervo.<\/p>\n<p><img loading=\"lazy\" decoding=\"async\" class=\"size-full aligncenter\" src=\"https:\/\/lh3.googleusercontent.com\/Ltr1Y-JPwCGZRS19XqrwmWhBIVFlDx45vXKVsY3WGKj0AfHAnt7d1pXNnMNqRYXdfwPKlVArKmJsn_dQnqxaz1K-McQwOtcMXU_csvjMlkNQNKHuyDhe5T7ENIcMLoQb10x0cbsFSDRj5FR79SGhncpcBPA8zujNj4fKw6Mo2giCKBXlcKZoRjve1umYUbN0LPiFOw3QzFtDDJ4yFJ5Ypg7pcEKSc_zFqgO_taleHxS38hrqwic2vRki3o6jcyffJfcQ2Px_T0la8PbS2XhHnpi7Ng5OrgL7pc18w2Ok3dnqGLoBESe5CKrOTGF8R_mWVVchQBiW2v2qT0SWL_2wHaMLqmm3ELh8E-IRPKhruyw4XhD0oimKl_WSL8i3iY-sQlxpsVea93fvqPFCbXVN4MQZc3_yykt3hnGAuNRcgFEhW7v2JYJOqanr4-tLJ_Bm_RWnRZwo8EbBOA9eMJEBTYkCqhpC_A4RfCrOxyIjl6T6QHxk0e2zWKkRXYsPPLBDm9npsRinILj3uZlfUm9G6SyQq6N4_RWV1jJdB1npnX0un07KJuOvypqFQ4uU8x-BD360mxazdhhHScPsSEXmGBXAoj1kFY0LaP1JGLQk11ZXRytLxVFkgVo-31vblzBfA5qupGslBooEDaHVRrwepF_fPpt_lV1y4yn_32592omADf7cPypIGan3gfU-fCMEOMYYZprpBjPSMrdebjWG-RwUOg=w1024-h576-no\" width=\"1024\" height=\"576\" \/><\/p>\n<p><img loading=\"lazy\" decoding=\"async\" class=\"alignnone size-full\" src=\"https:\/\/lh3.googleusercontent.com\/It8I-52jhMyx7w6XH4MLhawtUUcmrFmcna3mDSat4WjKafddYV29yP-X072fyxhDr-n-6n1kkBPYNPh0zCoBk0xv9i95QbfloikiUpOgvBM9PQ2eQWzTioH-wnzNm8kq-5NH-mWuj7O3FIYOhOrTEZPvk27dV3VrgcHoV9vQyd-agTq2C8Feq-jJknnZmIOQ_HzwlJ6CJnn1Nh0IPT6WjznnCh-RpQ0mJ-kn1Hvmklb8RSnCEafc4QzCM5fhDpa9PSeW6yxjVJgvldqn3Guivz_QhVZpfaqChEJ452bui511o1zu2OzYRgxGUaSCn0npl5O4N4-yuTFDZW5kcXRFlXscTpsE2mPPw-jGq6ca7lkjRVKCgqDZIpSZljmyBcvApqshyLXSAwAejoVykHDs53H1N9eu2zyLqDrYs-slERRtbgAXgqL8xR5IgWoPuMu3ZlkfITcE5dNQzcP25itgZNuy8zvokLTYuRrkDxMTO1czaMKty-z3TxNmX2PsPSuj0tiwtJqofmKcdJU-jrxNqWPBfel21v4fEJlbNgK1NuuPf4F9vks8YRKPzzoUANbsVEKSCfaQMp-Am1udbFoRWjWNmf0V7hcZPUj5SmMeIDoI8VRTmbP04k6vs7Zt1q0aON_j9pDjldoLKct-i05GAVXfusLhuEgwTmFQvK5xjxzAnNgipAKo6yr0_PXIPjLUMdV75-COC1DaC8TjclWgnRofGg=w1024-h576-no\" width=\"1024\" height=\"576\" \/><\/p>\n<hr \/>\n<p>&nbsp;<\/p>\n<h3><strong>Track de la ruta<\/strong><\/h3>\n<p>[sgpx gpx=\u00bb\/wp-content\/uploads\/gpx\/RioEbron-CascadaCalicanto.gpx\u00bb]<\/p>\n<p>&nbsp;<\/p>\n<hr \/>\n<p>&nbsp;<\/p>\n<p style=\"text-align: justify;\"><span style=\"color: #ff0000; background-color: #ffffff; font-size: 14pt;\"><strong>Si te ha gustado, comp\u00e1rtelo en tu red favorita o env\u00edanos tu comentario.<br \/>\n<\/strong><\/span><\/p>\n<p style=\"text-align: justify;\"><span style=\"font-size: 14pt;\"><strong><span style=\"color: #ff0000;\">Muchas gracias !<\/span><\/strong><\/span><\/p>\n<hr \/>\n<p style=\"text-align: justify;\"><strong><span style=\"color: #008000;\">Suscribete si quieres recibir un mail cuando publiquemos nuevas rutas : no enviamos publicidad y como m\u00e1ximo enviamos 2 mails al mes<\/span><\/strong><\/p>\n<p style=\"text-align: center;\"><a href=\"https:\/\/mailchi.mp\/6989c83a3e24\/wmv06rtqcz\/\" target=\"_blank\" rel=\"noopener noreferrer\"><strong><span style=\"color: #0000ff;\">Pulsa aqu\u00ed para suscribirte<\/span><\/strong><\/a><\/p>\n<hr \/>\n<p style=\"text-align: justify;\">\u00a0<\/p>\n<h3 style=\"text-align: justify;\">Puedes imprimir esta publicaci\u00f3n o guardarla en diferentes formatos :<\/h3>\n<p style=\"text-align: justify;\"><span style=\"color: #ff0000; font-size: 14pt;\">Para facilitar la impresi\u00f3n, se ha reducido considerablemente el tama\u00f1o de las fotos, pero si deseas imprimir sin fotos, aconsejamos guardarlo como \u201cdoc\u201d, y antes de imprimirlo, eliminar las fotos<\/span><\/p>\n<p><span style=\"color: #ff0000;\">\u00a0<\/span><\/p>\n<hr \/>\n<p>&nbsp;<\/p>\n<h3><strong>Enlace Wikiloc<\/strong><\/h3>\n<p><a href=\"https:\/\/es.wikiloc.com\/rutas-senderismo\/estrechos-del-rio-ebron-y-cascada-de-calicanto-39031020\" target=\"_blank\" rel=\"noopener noreferrer\"><img loading=\"lazy\" decoding=\"async\" class=\"size-full wp-image-958 aligncenter\" src=\"https:\/\/www.carlosyconchita.net\/rutas\/wp-content\/uploads\/2020\/09\/wikiloc.jpg\" alt=\"\" width=\"117\" height=\"34\" \/><\/a><\/p>\n","protected":false},"excerpt":{"rendered":"<p>Hoy hemos hecho una muy bonita excursi\u00f3n por la zona de la Sierra de Albarrac\u00edn, para recorrer los estrechos del rio Ebr\u00f3n, empezando en el pueblo de El Cuervo y terminando muy cerca de Torm\u00f3n, concretamente en la bonita cascada de Calicanto. En realidad no hemos empezado en el mismo pueblo de El Cuervo, sino [&hellip;]<\/p>\n","protected":false},"author":50,"featured_media":12998,"comment_status":"open","ping_status":"open","sticky":false,"template":"","format":"standard","meta":{"footnotes":""},"categories":[22,11,64],"tags":[],"class_list":{"0":"post-12997","1":"post","2":"type-post","3":"status-publish","4":"format-standard","5":"has-post-thumbnail","6":"hentry","7":"category-de-05-a-10-km","8":"category-moderada","9":"category-teruel","11":"post-with-thumbnail","12":"post-with-thumbnail-icon"},"yoast_head":"<!-- This site is optimized with the Yoast SEO plugin v27.4 - https:\/\/yoast.com\/product\/yoast-seo-wordpress\/ -->\n<title>15-06-2019-Estrechos rio Ebr\u00f3n y cascada Calicanto -<\/title>\n<meta name=\"robots\" content=\"index, follow, max-snippet:-1, max-image-preview:large, max-video-preview:-1\" \/>\n<link rel=\"canonical\" href=\"https:\/\/www.carlosyconchita.net\/rutas\/15-06-2019-estrechos-rio-ebron-y-cascada-calicanto\/\" \/>\n<meta property=\"og:locale\" content=\"es_ES\" \/>\n<meta property=\"og:type\" content=\"article\" \/>\n<meta property=\"og:title\" content=\"15-06-2019-Estrechos rio Ebr\u00f3n y cascada Calicanto -\" \/>\n<meta property=\"og:description\" content=\"Hoy hemos hecho una muy bonita excursi\u00f3n por la zona de la Sierra de Albarrac\u00edn, para recorrer los estrechos del rio Ebr\u00f3n, empezando en el pueblo de El Cuervo y terminando muy cerca de Torm\u00f3n, concretamente en la bonita cascada de Calicanto. En realidad no hemos empezado en el mismo pueblo de El Cuervo, sino [&hellip;]\" \/>\n<meta property=\"og:url\" content=\"https:\/\/www.carlosyconchita.net\/rutas\/15-06-2019-estrechos-rio-ebron-y-cascada-calicanto\/\" \/>\n<meta property=\"og:site_name\" content=\"Las rutas de Carlos y Conchita\" \/>\n<meta property=\"article:published_time\" content=\"2019-06-15T19:21:48+00:00\" \/>\n<meta property=\"article:modified_time\" content=\"2019-07-23T20:41:07+00:00\" \/>\n<meta property=\"og:image\" content=\"https:\/\/www.carlosyconchita.net\/rutas\/wp-content\/uploads\/2019\/07\/Ebron-0149-1.jpg\" \/>\n\t<meta property=\"og:image:width\" content=\"1019\" \/>\n\t<meta property=\"og:image:height\" content=\"764\" \/>\n\t<meta property=\"og:image:type\" content=\"image\/jpeg\" \/>\n<meta name=\"author\" content=\"Carlos Conchita\" \/>\n<meta name=\"twitter:label1\" content=\"Escrito por\" \/>\n\t<meta name=\"twitter:data1\" content=\"Carlos Conchita\" \/>\n\t<meta name=\"twitter:label2\" content=\"Tiempo de lectura\" \/>\n\t<meta name=\"twitter:data2\" content=\"3 minutos\" \/>\n<script type=\"application\/ld+json\" class=\"yoast-schema-graph\">{\"@context\":\"https:\\\/\\\/schema.org\",\"@graph\":[{\"@type\":\"Article\",\"@id\":\"https:\\\/\\\/www.carlosyconchita.net\\\/rutas\\\/15-06-2019-estrechos-rio-ebron-y-cascada-calicanto\\\/#article\",\"isPartOf\":{\"@id\":\"https:\\\/\\\/www.carlosyconchita.net\\\/rutas\\\/15-06-2019-estrechos-rio-ebron-y-cascada-calicanto\\\/\"},\"author\":{\"name\":\"Carlos Conchita\",\"@id\":\"https:\\\/\\\/www.carlosyconchita.net\\\/rutas\\\/#\\\/schema\\\/person\\\/a9691f7258c28443fab2d3aa1479ea19\"},\"headline\":\"15-06-2019-Estrechos rio Ebr\u00f3n y cascada Calicanto\",\"datePublished\":\"2019-06-15T19:21:48+00:00\",\"dateModified\":\"2019-07-23T20:41:07+00:00\",\"mainEntityOfPage\":{\"@id\":\"https:\\\/\\\/www.carlosyconchita.net\\\/rutas\\\/15-06-2019-estrechos-rio-ebron-y-cascada-calicanto\\\/\"},\"wordCount\":607,\"commentCount\":0,\"image\":{\"@id\":\"https:\\\/\\\/www.carlosyconchita.net\\\/rutas\\\/15-06-2019-estrechos-rio-ebron-y-cascada-calicanto\\\/#primaryimage\"},\"thumbnailUrl\":\"https:\\\/\\\/www.carlosyconchita.net\\\/rutas\\\/wp-content\\\/uploads\\\/2019\\\/07\\\/Ebron-0149-1.jpg\",\"articleSection\":[\"2 - De 5 a 10 km.\",\"2-Moderada\",\"Teruel\"],\"inLanguage\":\"es\",\"potentialAction\":[{\"@type\":\"CommentAction\",\"name\":\"Comment\",\"target\":[\"https:\\\/\\\/www.carlosyconchita.net\\\/rutas\\\/15-06-2019-estrechos-rio-ebron-y-cascada-calicanto\\\/#respond\"]}]},{\"@type\":\"WebPage\",\"@id\":\"https:\\\/\\\/www.carlosyconchita.net\\\/rutas\\\/15-06-2019-estrechos-rio-ebron-y-cascada-calicanto\\\/\",\"url\":\"https:\\\/\\\/www.carlosyconchita.net\\\/rutas\\\/15-06-2019-estrechos-rio-ebron-y-cascada-calicanto\\\/\",\"name\":\"15-06-2019-Estrechos rio Ebr\u00f3n y cascada Calicanto -\",\"isPartOf\":{\"@id\":\"https:\\\/\\\/www.carlosyconchita.net\\\/rutas\\\/#website\"},\"primaryImageOfPage\":{\"@id\":\"https:\\\/\\\/www.carlosyconchita.net\\\/rutas\\\/15-06-2019-estrechos-rio-ebron-y-cascada-calicanto\\\/#primaryimage\"},\"image\":{\"@id\":\"https:\\\/\\\/www.carlosyconchita.net\\\/rutas\\\/15-06-2019-estrechos-rio-ebron-y-cascada-calicanto\\\/#primaryimage\"},\"thumbnailUrl\":\"https:\\\/\\\/www.carlosyconchita.net\\\/rutas\\\/wp-content\\\/uploads\\\/2019\\\/07\\\/Ebron-0149-1.jpg\",\"datePublished\":\"2019-06-15T19:21:48+00:00\",\"dateModified\":\"2019-07-23T20:41:07+00:00\",\"author\":{\"@id\":\"https:\\\/\\\/www.carlosyconchita.net\\\/rutas\\\/#\\\/schema\\\/person\\\/a9691f7258c28443fab2d3aa1479ea19\"},\"breadcrumb\":{\"@id\":\"https:\\\/\\\/www.carlosyconchita.net\\\/rutas\\\/15-06-2019-estrechos-rio-ebron-y-cascada-calicanto\\\/#breadcrumb\"},\"inLanguage\":\"es\",\"potentialAction\":[{\"@type\":\"ReadAction\",\"target\":[\"https:\\\/\\\/www.carlosyconchita.net\\\/rutas\\\/15-06-2019-estrechos-rio-ebron-y-cascada-calicanto\\\/\"]}]},{\"@type\":\"ImageObject\",\"inLanguage\":\"es\",\"@id\":\"https:\\\/\\\/www.carlosyconchita.net\\\/rutas\\\/15-06-2019-estrechos-rio-ebron-y-cascada-calicanto\\\/#primaryimage\",\"url\":\"https:\\\/\\\/www.carlosyconchita.net\\\/rutas\\\/wp-content\\\/uploads\\\/2019\\\/07\\\/Ebron-0149-1.jpg\",\"contentUrl\":\"https:\\\/\\\/www.carlosyconchita.net\\\/rutas\\\/wp-content\\\/uploads\\\/2019\\\/07\\\/Ebron-0149-1.jpg\",\"width\":1019,\"height\":764},{\"@type\":\"BreadcrumbList\",\"@id\":\"https:\\\/\\\/www.carlosyconchita.net\\\/rutas\\\/15-06-2019-estrechos-rio-ebron-y-cascada-calicanto\\\/#breadcrumb\",\"itemListElement\":[{\"@type\":\"ListItem\",\"position\":1,\"name\":\"Portada\",\"item\":\"https:\\\/\\\/www.carlosyconchita.net\\\/rutas\\\/\"},{\"@type\":\"ListItem\",\"position\":2,\"name\":\"15-06-2019-Estrechos rio Ebr\u00f3n y cascada Calicanto\"}]},{\"@type\":\"WebSite\",\"@id\":\"https:\\\/\\\/www.carlosyconchita.net\\\/rutas\\\/#website\",\"url\":\"https:\\\/\\\/www.carlosyconchita.net\\\/rutas\\\/\",\"name\":\"Las rutas de Carlos y Conchita\",\"description\":\"\",\"potentialAction\":[{\"@type\":\"SearchAction\",\"target\":{\"@type\":\"EntryPoint\",\"urlTemplate\":\"https:\\\/\\\/www.carlosyconchita.net\\\/rutas\\\/?s={search_term_string}\"},\"query-input\":{\"@type\":\"PropertyValueSpecification\",\"valueRequired\":true,\"valueName\":\"search_term_string\"}}],\"inLanguage\":\"es\"},{\"@type\":\"Person\",\"@id\":\"https:\\\/\\\/www.carlosyconchita.net\\\/rutas\\\/#\\\/schema\\\/person\\\/a9691f7258c28443fab2d3aa1479ea19\",\"name\":\"Carlos Conchita\",\"image\":{\"@type\":\"ImageObject\",\"inLanguage\":\"es\",\"@id\":\"https:\\\/\\\/secure.gravatar.com\\\/avatar\\\/3a4625b20c8da3de99da69bfe7a322774e291c3f90dce7e8778a30fe6748ed1a?s=96&d=mm&r=g\",\"url\":\"https:\\\/\\\/secure.gravatar.com\\\/avatar\\\/3a4625b20c8da3de99da69bfe7a322774e291c3f90dce7e8778a30fe6748ed1a?s=96&d=mm&r=g\",\"contentUrl\":\"https:\\\/\\\/secure.gravatar.com\\\/avatar\\\/3a4625b20c8da3de99da69bfe7a322774e291c3f90dce7e8778a30fe6748ed1a?s=96&d=mm&r=g\",\"caption\":\"Carlos Conchita\"}}]}<\/script>\n<!-- \/ Yoast SEO plugin. -->","yoast_head_json":{"title":"15-06-2019-Estrechos rio Ebr\u00f3n y cascada Calicanto -","robots":{"index":"index","follow":"follow","max-snippet":"max-snippet:-1","max-image-preview":"max-image-preview:large","max-video-preview":"max-video-preview:-1"},"canonical":"https:\/\/www.carlosyconchita.net\/rutas\/15-06-2019-estrechos-rio-ebron-y-cascada-calicanto\/","og_locale":"es_ES","og_type":"article","og_title":"15-06-2019-Estrechos rio Ebr\u00f3n y cascada Calicanto -","og_description":"Hoy hemos hecho una muy bonita excursi\u00f3n por la zona de la Sierra de Albarrac\u00edn, para recorrer los estrechos del rio Ebr\u00f3n, empezando en el pueblo de El Cuervo y terminando muy cerca de Torm\u00f3n, concretamente en la bonita cascada de Calicanto. En realidad no hemos empezado en el mismo pueblo de El Cuervo, sino [&hellip;]","og_url":"https:\/\/www.carlosyconchita.net\/rutas\/15-06-2019-estrechos-rio-ebron-y-cascada-calicanto\/","og_site_name":"Las rutas de Carlos y Conchita","article_published_time":"2019-06-15T19:21:48+00:00","article_modified_time":"2019-07-23T20:41:07+00:00","og_image":[{"width":1019,"height":764,"url":"https:\/\/www.carlosyconchita.net\/rutas\/wp-content\/uploads\/2019\/07\/Ebron-0149-1.jpg","type":"image\/jpeg"}],"author":"Carlos Conchita","twitter_misc":{"Escrito por":"Carlos Conchita","Tiempo de lectura":"3 minutos"},"schema":{"@context":"https:\/\/schema.org","@graph":[{"@type":"Article","@id":"https:\/\/www.carlosyconchita.net\/rutas\/15-06-2019-estrechos-rio-ebron-y-cascada-calicanto\/#article","isPartOf":{"@id":"https:\/\/www.carlosyconchita.net\/rutas\/15-06-2019-estrechos-rio-ebron-y-cascada-calicanto\/"},"author":{"name":"Carlos Conchita","@id":"https:\/\/www.carlosyconchita.net\/rutas\/#\/schema\/person\/a9691f7258c28443fab2d3aa1479ea19"},"headline":"15-06-2019-Estrechos rio Ebr\u00f3n y cascada Calicanto","datePublished":"2019-06-15T19:21:48+00:00","dateModified":"2019-07-23T20:41:07+00:00","mainEntityOfPage":{"@id":"https:\/\/www.carlosyconchita.net\/rutas\/15-06-2019-estrechos-rio-ebron-y-cascada-calicanto\/"},"wordCount":607,"commentCount":0,"image":{"@id":"https:\/\/www.carlosyconchita.net\/rutas\/15-06-2019-estrechos-rio-ebron-y-cascada-calicanto\/#primaryimage"},"thumbnailUrl":"https:\/\/www.carlosyconchita.net\/rutas\/wp-content\/uploads\/2019\/07\/Ebron-0149-1.jpg","articleSection":["2 - De 5 a 10 km.","2-Moderada","Teruel"],"inLanguage":"es","potentialAction":[{"@type":"CommentAction","name":"Comment","target":["https:\/\/www.carlosyconchita.net\/rutas\/15-06-2019-estrechos-rio-ebron-y-cascada-calicanto\/#respond"]}]},{"@type":"WebPage","@id":"https:\/\/www.carlosyconchita.net\/rutas\/15-06-2019-estrechos-rio-ebron-y-cascada-calicanto\/","url":"https:\/\/www.carlosyconchita.net\/rutas\/15-06-2019-estrechos-rio-ebron-y-cascada-calicanto\/","name":"15-06-2019-Estrechos rio Ebr\u00f3n y cascada Calicanto -","isPartOf":{"@id":"https:\/\/www.carlosyconchita.net\/rutas\/#website"},"primaryImageOfPage":{"@id":"https:\/\/www.carlosyconchita.net\/rutas\/15-06-2019-estrechos-rio-ebron-y-cascada-calicanto\/#primaryimage"},"image":{"@id":"https:\/\/www.carlosyconchita.net\/rutas\/15-06-2019-estrechos-rio-ebron-y-cascada-calicanto\/#primaryimage"},"thumbnailUrl":"https:\/\/www.carlosyconchita.net\/rutas\/wp-content\/uploads\/2019\/07\/Ebron-0149-1.jpg","datePublished":"2019-06-15T19:21:48+00:00","dateModified":"2019-07-23T20:41:07+00:00","author":{"@id":"https:\/\/www.carlosyconchita.net\/rutas\/#\/schema\/person\/a9691f7258c28443fab2d3aa1479ea19"},"breadcrumb":{"@id":"https:\/\/www.carlosyconchita.net\/rutas\/15-06-2019-estrechos-rio-ebron-y-cascada-calicanto\/#breadcrumb"},"inLanguage":"es","potentialAction":[{"@type":"ReadAction","target":["https:\/\/www.carlosyconchita.net\/rutas\/15-06-2019-estrechos-rio-ebron-y-cascada-calicanto\/"]}]},{"@type":"ImageObject","inLanguage":"es","@id":"https:\/\/www.carlosyconchita.net\/rutas\/15-06-2019-estrechos-rio-ebron-y-cascada-calicanto\/#primaryimage","url":"https:\/\/www.carlosyconchita.net\/rutas\/wp-content\/uploads\/2019\/07\/Ebron-0149-1.jpg","contentUrl":"https:\/\/www.carlosyconchita.net\/rutas\/wp-content\/uploads\/2019\/07\/Ebron-0149-1.jpg","width":1019,"height":764},{"@type":"BreadcrumbList","@id":"https:\/\/www.carlosyconchita.net\/rutas\/15-06-2019-estrechos-rio-ebron-y-cascada-calicanto\/#breadcrumb","itemListElement":[{"@type":"ListItem","position":1,"name":"Portada","item":"https:\/\/www.carlosyconchita.net\/rutas\/"},{"@type":"ListItem","position":2,"name":"15-06-2019-Estrechos rio Ebr\u00f3n y cascada Calicanto"}]},{"@type":"WebSite","@id":"https:\/\/www.carlosyconchita.net\/rutas\/#website","url":"https:\/\/www.carlosyconchita.net\/rutas\/","name":"Las rutas de Carlos y Conchita","description":"","potentialAction":[{"@type":"SearchAction","target":{"@type":"EntryPoint","urlTemplate":"https:\/\/www.carlosyconchita.net\/rutas\/?s={search_term_string}"},"query-input":{"@type":"PropertyValueSpecification","valueRequired":true,"valueName":"search_term_string"}}],"inLanguage":"es"},{"@type":"Person","@id":"https:\/\/www.carlosyconchita.net\/rutas\/#\/schema\/person\/a9691f7258c28443fab2d3aa1479ea19","name":"Carlos Conchita","image":{"@type":"ImageObject","inLanguage":"es","@id":"https:\/\/secure.gravatar.com\/avatar\/3a4625b20c8da3de99da69bfe7a322774e291c3f90dce7e8778a30fe6748ed1a?s=96&d=mm&r=g","url":"https:\/\/secure.gravatar.com\/avatar\/3a4625b20c8da3de99da69bfe7a322774e291c3f90dce7e8778a30fe6748ed1a?s=96&d=mm&r=g","contentUrl":"https:\/\/secure.gravatar.com\/avatar\/3a4625b20c8da3de99da69bfe7a322774e291c3f90dce7e8778a30fe6748ed1a?s=96&d=mm&r=g","caption":"Carlos Conchita"}}]}},"_links":{"self":[{"href":"https:\/\/www.carlosyconchita.net\/rutas\/wp-json\/wp\/v2\/posts\/12997","targetHints":{"allow":["GET"]}}],"collection":[{"href":"https:\/\/www.carlosyconchita.net\/rutas\/wp-json\/wp\/v2\/posts"}],"about":[{"href":"https:\/\/www.carlosyconchita.net\/rutas\/wp-json\/wp\/v2\/types\/post"}],"author":[{"embeddable":true,"href":"https:\/\/www.carlosyconchita.net\/rutas\/wp-json\/wp\/v2\/users\/50"}],"replies":[{"embeddable":true,"href":"https:\/\/www.carlosyconchita.net\/rutas\/wp-json\/wp\/v2\/comments?post=12997"}],"version-history":[{"count":0,"href":"https:\/\/www.carlosyconchita.net\/rutas\/wp-json\/wp\/v2\/posts\/12997\/revisions"}],"wp:featuredmedia":[{"embeddable":true,"href":"https:\/\/www.carlosyconchita.net\/rutas\/wp-json\/wp\/v2\/media\/12998"}],"wp:attachment":[{"href":"https:\/\/www.carlosyconchita.net\/rutas\/wp-json\/wp\/v2\/media?parent=12997"}],"wp:term":[{"taxonomy":"category","embeddable":true,"href":"https:\/\/www.carlosyconchita.net\/rutas\/wp-json\/wp\/v2\/categories?post=12997"},{"taxonomy":"post_tag","embeddable":true,"href":"https:\/\/www.carlosyconchita.net\/rutas\/wp-json\/wp\/v2\/tags?post=12997"}],"curies":[{"name":"wp","href":"https:\/\/api.w.org\/{rel}","templated":true}]}}