{"id":13009,"date":"2019-06-16T19:51:45","date_gmt":"2019-06-16T18:51:45","guid":{"rendered":"https:\/\/www.carlosyconchita.net\/rutas\/?p=13009"},"modified":"2019-07-24T20:46:50","modified_gmt":"2019-07-24T19:46:50","slug":"16-06-2019-ojos-del-rio-cabriel-y-cascada-san-pedro","status":"publish","type":"post","link":"https:\/\/www.carlosyconchita.net\/rutas\/16-06-2019-ojos-del-rio-cabriel-y-cascada-san-pedro\/","title":{"rendered":"16-06-2019-Ojos del Rio Cabriel y Cascada San Pedro"},"content":{"rendered":"<p style=\"text-align: justify;\">Dejamos el coche en el pueblo de El Vallecillo y siguiendo un letrero que nos lo indica, empezamos a caminar en direccion a los Ojos del R\u00edo Cabriel, por un camino de tierra que durante unos metros va paralelo a la carretera, y poco despu\u00e9s llegamos a una explanada con varios carteles informativos, y donde se puede aparcar el coche sin problemas, aunque nosotros no lo sab\u00edamos.<\/p>\n<p style=\"text-align: justify;\">Desde esta explanada bajamos en direcci\u00f3n a los Ojos del Rio Cabriel, que est\u00e1n muy cerca, y que en realidad est\u00e1n en dos zonas muy pr\u00f3ximas, y que consisten en una especie de peque\u00f1os estanques, por los que va saliendo el agua ( muy cristalina y limpia) por el fondo, y que forma el r\u00edo que empieza all\u00ed mismo.<\/p>\n<p>El camino va siguiendo esta especie de riachuelo, que despu\u00e9s se une al Cabriel, en una zona amplia que desemboca en una peque\u00f1a cascada.<\/p>\n<p>Continuamos por el camino que va m\u00e1s o menos paralelo al Cabriel, desembocando en la carretera justo al lado de un puente, y seguimos unos pocos metros por ella para ir a la Cascada de San Pedro.<\/p>\n<p>Desde all\u00ed volvemos al coche, pero debido a que por la tarde quer\u00edamos hacer otra excursi\u00f3n y para ganar tiempo, volvemos por la carretera en vez del camino por el que hemos venido, que aunque bastante m\u00e1s \u00abfeo y aburrido\u00bb\u00a0 es bastante m\u00e1s corto.<\/p>\n<hr \/>\n<h3><strong>Album de fotos<\/strong><\/h3>\n<p><a href=\"https:\/\/photos.app.goo.gl\/gQpJpBgUKSGJ77Pu9\" target=\"_blank\" rel=\"noopener noreferrer\"><img loading=\"lazy\" decoding=\"async\" class=\"aligncenter wp-image-13010 size-column4-2\/3\" src=\"https:\/\/www.carlosyconchita.net\/rutas\/wp-content\/uploads\/2019\/07\/Cabriel-0055-4-285x190.jpg\" alt=\"\" width=\"285\" height=\"190\" srcset=\"https:\/\/www.carlosyconchita.net\/rutas\/wp-content\/uploads\/2019\/07\/Cabriel-0055-4-285x190.jpg 285w, https:\/\/www.carlosyconchita.net\/rutas\/wp-content\/uploads\/2019\/07\/Cabriel-0055-4-272x182.jpg 272w, https:\/\/www.carlosyconchita.net\/rutas\/wp-content\/uploads\/2019\/07\/Cabriel-0055-4-570x380.jpg 570w, https:\/\/www.carlosyconchita.net\/rutas\/wp-content\/uploads\/2019\/07\/Cabriel-0055-4-380x254.jpg 380w\" sizes=\"auto, (max-width: 285px) 100vw, 285px\" \/><\/a><\/p>\n<hr \/>\n<p><strong>Dificultad<\/strong> :\u00a0 \u00a0F\u00e1cil<\/p>\n<p><strong>Distancia total<\/strong> :\u00a0 \u00a0 \u00a0 7.453\u00a0 \u00a0m.<span class=\"totlen\"><span class=\"summaryvalue\"><br \/>\n<\/span><\/span><\/p>\n<p><strong>Alturas m\u00ednima \/ m\u00e1xima<\/strong> :\u00a0 \u00a0 \u00a01.249 m . \u2013\u00a0 1.407 m.<\/p>\n<p><strong>Desnivel acumulado seg\u00fan Wikiloc\u00a0 :\u00a0 \u00a0 \u00a0\u00a0<\/strong>\u00a0 150\u00a0 \u00a0m.<\/p>\n<p><strong>Tiempo total \/ en movimiento<\/strong> :\u00a0 \u00a0 \u00a0 1 h.\u00a0 50 m.\u00a0 \u00a0\u2013\u00a0 2 h.\u00a0 24 m<\/p>\n<p><strong>Vel. media total \/ vel.media movimiento<\/strong> :\u00a0 \u00a0 3\u201904\u00a0 km.\/h. \u2014\u00a0 \u00a04\u201900 km.\/h<\/p>\n<hr \/>\n<p>&nbsp;<\/p>\n<p>Inicio de la caminata.<\/p>\n<p><img loading=\"lazy\" decoding=\"async\" class=\"size-full aligncenter\" src=\"https:\/\/lh3.googleusercontent.com\/9ahyfs6aCemuCEWbGyO0GIqgTqe0AXHQaLiv0JRJABDxIPS8EWLkwCbwvDyjdX5inytlEq4EXim7OCfgO5ZwhV4BwD0NuvhjA4gsLWHOuIhJw28Pdgdqlsk39GX845U0tyNIPDJpND08wKst_X4VTk_yPk6u3DnaCPT_SxfkDMBr2q3jjc5dBjWZq0fPdVHVtdYIMG6IdeblbOUINpUuDAIiySNRO2Z-hqIpqRF3dm5kusIFsCrC1atXiwiejJ_SctCA5pLGKEbYXRd1f1zYBFuV2d_NNqA8tpQR3mvDQJ3F_BiGO8DPz5rwmOa0-XYsfFjFhDPiO2ngEmlmu6ODJjbYVIik-KqsTUazF7WgYUf1KzMPWnPolSV1SkS1Vedm8At87VesdhNMI94Hfru2W8cOJfnhOTSOUWU-uNVW7AvDytO0iaomI5x4UB2Oc2l90ScUdYG6qN0z9MPnwg8AxgvQVL8SLIr8crh6eEOfYixliboInUe542wOg-BAN7gHM9F-eGdZ4CcGdP4p4qrC-fGv2pjAhJ9O1W1JSN3O__Vf3UQZgHQ90WmWR0xZM9faaFdJ7gREoy7fknjU88N4XgiNtJdCVv45qCMKLHyGFAePv1nTqF4oP6i_Bt5hv3unxPTf4fHKioadnnBV2uYHHAKvXsq6qGXYj09AM94y4qGwgseEpgoT-uFqPto8a_uQkTqN43QKliMnMLPcTSInCGUbMw=w1024-h576-no\" width=\"1024\" height=\"576\" \/><\/p>\n<p><img loading=\"lazy\" decoding=\"async\" class=\"size-full aligncenter\" src=\"https:\/\/lh3.googleusercontent.com\/FBm-BAoVPXgK0KYnxrhwrrdTJxNIe0l4nzfZPBzAyJbJLwzpTU7H1J-gj_Pxr5wz6IAccFUl6nn7ujf0x2PXr0-Ailpl07PZ87_rOjmsJ4hcyvwLcOYPesNd73h0q9eLaTRTyOjHjnTE-3XaG_GQHdgtn6Cbk6JwG9g32Ku8Ohrp7gCMXOFUBt8Gt0ac6jd8tipFhdjwbJBr_ujqX7LjeXi9Ds_c6WKDDOQ7aMdK7Y89fxQvYzQeP-_ap13iUTdkiaIW3dQ-_e428X4m5K2SSIps1nLFjZbNyboxgx8OpTCb778La2npnRjlq9hYTRyfgYhq7sq_Az7TJkkxLfz4IB_kf2D7OvJmwi95zKc-d9I4YQ5P_ZElANTvuAYT6HFSpRhyLLb6ddC_N6YK3CGGO6Hq2WDCgR9wKDHAOTmiSwh5MHYlDebucyTIn3Qy96z4d-FzOgvutYwGiSgtZyrxY440yIJ9Ci04xE11YE5UuC8tGjyi_UyzPxzRVH7UbTuN7eSpTnnBR6b9muW--9QiKw94sCOt0hIrhmixT4xn3Vhql2mIaO8REIFU0Y_vCcNPIZMGgFYm6Vi4yzDFELihw9Ufxmar7Gw6lnX73M_pCcDKSoxBLj0vNA1GOxUINkGY-e5eSyLQ3_IU__LwkIozjBFG3cIOM6yTdkS_5-akaWxWZI1KkqXwlltq0fxTyiKsKWP1cbIe2ug96gfqsnjiAUIRmw=w1024-h576-no\" width=\"1024\" height=\"576\" \/><\/p>\n<p>Los \u00abprimeros\u00bb ojos del Cabriel<\/p>\n<p><img loading=\"lazy\" decoding=\"async\" class=\"size-full aligncenter\" src=\"https:\/\/lh3.googleusercontent.com\/-i1FsmV3m4aPuoIE1p2KJ1re_YpUita55L0BXybuatHNwKzfuIJtVjh6yBIqMlOQGH9gRw_wLx3pdUYdeXxuNINqtji2VukB4wUsmcej82FssqgWi-kwRx_VZCxSv3lsRv_AEXNp2KzGa2EDA_fKalXXpqVGduVnZR7wAfXl4BtAnGQxmcaIND8wkk0xedUPYGIi6IvD6o1uueeFEizz73ULCK552hyZAq9FTi8bXqXH41EVfCbRzsrdyG1ZMM6Y61wlpVnTeiuIkARcqbdhWs3kyySCJwLFhc7seCjF8X8xrQOQqhP5aP0qVIgIyCHa-phLwvLntoasBC5fRlOiguP-Zu43GgIRp75nX2S41JWZfX4722BXsvuu5JH6qKQt_vtheigrrQO3vP1Jvdund6IddfcLHfefbKmWV2SJqbEXPaHyMv5h53Tfbpivewm0oYSWt5oMXP_6RYOzbhAte_DIckCU3Ibt1_Eyn29azZbiy7l9_TIV6zEGptEb3Ki_i-ec9q-QozLT5i6-MYI81_bsDd_Y0w-pPXPhAW0LpqHdWIIS8c_aOpOwd5ABxg5k6kyVA9m5IGUNBF2KQWkzA3XremWDFgH9YMIx-qoSjny6mFiFm0gqCYg2rznQWYIDcGs-N2g8-MbiXpGDb27YzpJosZEEnBEB8RtR1VKF0DS78Fq1Z-4nlg90MO3mvx674rnKkQ-0ih9ourgVppBKLLIrBg=w1024-h576-no\" width=\"1024\" height=\"576\" \/><\/p>\n<p><img loading=\"lazy\" decoding=\"async\" class=\"alignnone size-full\" src=\"https:\/\/lh3.googleusercontent.com\/EDPGaN-99KCiHxEVqc0kWJ4cMK6wt0pt4RUbz9MfgVh5YoB326Hudf7jEjoIqEiwOzgRFJ81y4zymK1mNaUcFpRGfAj61nwxDdJU40GlBvBHaG8inJbnE-4FPNNT8qYRWkhexM6BFQ9er9_QaoZ9fVTwLSRYhKM9sJENSuB9PPvu9ghCj7ihHjUdrpdms5LdVyIqpYjcqOF_UtnaDr1eK4xFBe2NO4sYhMy6EatPmZhudllIL3vpNOY1ILvr2oIuRVAErgNzqdLN1vmaFRkHQCdZMdniM6a2lzrDis3e9yOtityPAGt4OAzdpmbo5JeqYSDg1L9I2cAtJ9ORtu8kNS_E7SfX_mYakbi90GXLhWGhA5rdcvynRT1DltdIdgkr6cFqP6CDafjQK58KYv1D0B-KGkeOxFXwh2fSqksf8V57_8vJHIHOamDh-h0gffd51tu4wVcumXvaJc8IFTALuV8Mdx_mE9-I2j6mAln3ryQ9hh48AbLyk190YdZhkepgQtkXPNGiDPN_QpdwH6-GBvcAPy1QjDp85BgbSuc8qXjzx1QjnKb1ckBKPccSIL7d3kD6kJnoeBBf8AwG78brQKfwiJwYq2b5NTQjreywAJTgiWyrEOOXX0-x0bGtRDRgAHCf74swGT1DaM61EMzzmmXchuM_EoKvQZpo-2qXqrqKNHCsgD58oZ29IB8xqBrH77CEn11QLh6_B2jaLoBCx6m3jw=w1024-h576-no\" width=\"1024\" height=\"576\" \/><\/p>\n<p>Los \u00absegundos\u00bb\u00a0 ojos del Cabriel<\/p>\n<p><img loading=\"lazy\" decoding=\"async\" class=\"size-full aligncenter\" src=\"https:\/\/lh3.googleusercontent.com\/VH-26k0mA94O9LZ3aw0WC1NBsUCWMOuRwAa7fRrQClbHL7hpcwDMpgSKJkMqsQdIiqz7WhFTxKKyjf1BKj8CRg0z8l1SnF2ZGS-gQNV7wcBt7QGvvjPk1fAK9mK2TNefDz54wZdwvDFWJNxy3jrSmgmVvrjEq1ASRS_fL6skOGm0MxP_SPvhSfpG_Lu2t_BnRlymoddZGK7teDVYAepIIeFdRyiZP-qqHfNyleLY0h9jUazmSP6OjZWAyKt2f3xkJ8nuGVIYK2oOP5FTva42SILP8eziz2VkQlR9s_Z4qe6kVCsP6pLpPp3juzdx3MLj3lPs4wiedKgBz0QD8SSWvr2CkBgP19aR2V2Dv_GxBcYKBXQLCEyiopVwYLnkFuMIWOrDSSPWFaLGTYpenHc0FyxuwiZWU0wceKMqggxcKyUt5lLOcaLb8JUX9_EDzKz4hCenlMCXuU4YHoajXst8-u0AQRX56W3V8Z0F7mB-L51KNaL9PdtWpZuTlUyjZu0HPKcXwu-m33ttobGaTXNkUHh318AS2Uyq0dEhHVdLQaocPAJNZaFASf4YZsic6yw7Ny_z27qDbNbFJmLIfasgNABk5EPBB1UuQZb0gBjCSi3GYvB4XB8XKqbWo6KcS9KbEGh07C42X5LDoLDS9wg4cQApoU520vtSIdQrHpHNAgDzHTMJecVbvAm7OSMYk3Fwtx54Pxz3uGfKwR3IU3H_VWCe2A=w1024-h576-no\" width=\"1024\" height=\"576\" \/><\/p>\n<p>Zona donde el riachuelo se une al rio Cabriel<\/p>\n<p><img loading=\"lazy\" decoding=\"async\" class=\"size-full aligncenter\" src=\"https:\/\/lh3.googleusercontent.com\/OuMp6-8FO_uIwNbomZvramYEuKzOxf8ohJnMLfma1biS--XRamgT518yocinG3CUrws2Rz8G6XGWWst4zNKVYAOUXv-cQm8aYEaOUi4rhhalgyuZwBbXnSv5ECeq9bX5qlJL-YoXLoEbYZoYuIjWWonDvtu4l0Su6uoUUMu6VljA7Hbs_c1YIiDeoJTY-9MT82OHiJojC1hhHa3OJk59cj7kBNR8mFo03qQBwlskB66YY6296s0mIEx1R1GQIXboih8UxRTkjvOSPXEn4iKxnbnXFHkCwcHXHlWSmn7sSuLWhovWNWCqnlIR2lvaPoad0d5mC6ED5IXhatnKz3-_kPXQ2RY9c4vDLYIt-rb_K0LnqEcLJEg6hRQNqwB_09aUCWUUYIfCNutL6Se81TzB4TU40cnkzeApbKo-mSkipuHtfD98e3pccQ6bIKulID9awg6pjNEtdUt_RQxyDM0S6pafp19oFk8EkKUpDG_-KE9vdO_SGqVr6mo_KeePabhbbhKe7lhlRT7xB1pQDVxY7BbBROVFHpoole0KLyPK8bEuQlEMHgCt7ADK5sEZSKYC5u8NyslQZoxtg94fXy_V6iOBEqwkNhI96Sste_QpAmrExOFYhRJt-IqjjDH_x4OykZy7mbjkuu9D-ajSL3Xfr1ackndxQgP0_v2hisIpDnRuM8_XcdkSSBg-Y-wRgm_DaZQ98RTdO7j9ETm5fAlnIoi1EQ=w1024-h576-no\" width=\"1024\" height=\"576\" \/><\/p>\n<p><img loading=\"lazy\" decoding=\"async\" class=\"alignnone size-full\" src=\"https:\/\/lh3.googleusercontent.com\/I9c9JSPH3Opwb9ELv7EY7NSAKP0nO-F6McsF7PbjYncc2XMwGiH1K_ShkCZ8EQAhlXaycYKVy1caY05yND-MO_zhELqgH7f3fvG5plpjm_U08Y1hnA9GtamrF486rDQj6PEjF2r83GbVeYRR3hrxthEjQavlZNl-LrUA8oNI-UImwH9fa-97LwjTylpAwicZhn0HPkGPb6GeK3EW5f7V5_FHXtRzl23ddo6Qyd0mIT1BMG4LbdxgiTHzYL-CzV0QELTMNxel20SzfvGazH3HQ_vJC_U03JrU9lO519OoVZqg7pXykVTCUflkATFQgBGbilQOVjJcUqw98LWCPmAgH0_L3lxqQa3nH3yyTJV_ZGNBIsj82yMx2jwNHXT3ouM4eQQHUe7gEiPqKh9WSkOMphzpKMZ5AoqJ3H5B6ROzVgX1q6FzAks5zavlSqPMduHYXY-VrMm9CqEYUl1S8yUqCb8C6pICFXQzRqdMozrCuXL8yAjZUU0l3OY8DKYo_e5xfgSWVAeTVTCkqW6d60n9lI_9J4rKbiov0uMAtHDxAtzYesiIx_hzZwpNYCa5gKktf1u49jBiMbM5I5V4Um6BD1Fjjes1WDe7RH-VdS3iYZWVahJxZIqbSLBBoJHIHPFBy9uLPOJNUaCT86Pvgte3fG5T3UaSD1HmAJkYCq_R5f12zNqTtoxj795Jp8dBcvih7rzF0SHOpSXujS_HjqTsoFr96A=w1024-h576-no\" width=\"1024\" height=\"576\" \/><\/p>\n<p><img loading=\"lazy\" decoding=\"async\" class=\"size-full aligncenter\" src=\"https:\/\/lh3.googleusercontent.com\/GziWg0TrhwV3RHCtp3G6zUihgsNVyrnfVfQDr6t9liRJ405GFtlbxuZ98OyNKCWhS4Ma3aX2g7zQjeqPgX95N33uuaoafacpvOMlDOWv20oZ54AYvHhIKUWq9i18vgol7bC51A7_YJRCruDKUsXAAdlPVcgtTZJv5hr0c6QVOHQobRcXRD58ytj8iSu-k5KB64qIzQ-K_RutMhq0IPYgyCjxaNYd_2Nzm0k15JAWN8hZ86Om-4a5n-wGcHBUcJB9ZZJ2F4Gbe2mhVL69H2OGqMJJHvCu1YXCmVtI3zpOo_OaEpfc09__WWgOULRPK83Glj50X-HA5VBMZQ3x6l4ysRW1Ww0oioCNg1va4ryH3G_caidkHKAafjVuX7Sas04rV_yOTXrU7Qs-HGAHYO79Xjl3ioku4N_2LLK4QII-qjLiWtA4TUW9fJkiz1wirmw2PvVB2jTDR9qB46RDMOfC8tH0JZ-8vdCslyvLCppW-uhvN5MNKoRQjhLORiIw90JS-L7ciC6u2BaQLd3uWfN_Vcy3lFrJ88VXuj14yktCsyA1p-Gim_zepeSyuZQ0ug7ynE03E9L_1_9A_79LCSWPFKllcPhczY9sDW12S-_PgiUKWUnEjIJNwiRkMSWpXfbRYpj-zbmF5FpBFectSqPn_wG0ka8ZYl3_BPWeBqqR-K6tg28M_Dy9tqHeb-pyJUS-PyDfTdEEigLUuaWeMM0N0FVi-g=w1024-h576-no\" width=\"1024\" height=\"576\" \/><\/p>\n<p><img loading=\"lazy\" decoding=\"async\" class=\"size-full aligncenter\" src=\"https:\/\/lh3.googleusercontent.com\/m40oQFbQaejEETvgK8thjgGENLHRXaxUcMkx-rTPL20BzGaIBMfZFcviqRWsRgqNOfDzaMcloH4yn5OzVRmNr4astYovG1X0DBOyLgYiuOcrSmih7vvLQEnoH1tWnfZ0QgKrz5h4L6rwUU0WCI5V49F7POmjUzjecsyithOmMES4gmtirp8mMX5wVHE-YPe20rgIXNJBkEFtmPTSU1Q0DI2DpcBNdgUj0aVDT7ojFramZ2cDHVpQ4W6czcMnNS0WDXltau78xRSy4fzvavkPjxua_OfhFfW2ly8FlNypFNfOlSqDBY0UyGX3SwG4SFqeFdNpQ4CodWaVGixQoyaAnff_R7k4ChBcf1ltwWy5b8jYDKQnfsrnIiuBDZhsMoeI_vNV9QgO7yWoKeiwd6JUwY8xGioTpl0VL9ZA_8bBLJiaNtvt_LgIiSXVaM3c0JKc5mHxBuIbcAvra_dDpAbHucstGtDXCKG4lfPYqe2oMKYpnjVoqIxw_gCVuCmiY02mej5O9MWBkIDIfuPh96MV5NbHr0v6PtvrSNoaEQB6OR4EtVXOb_RVMyCKGHmp43BbNMtyL0ygjQGbUBCEDwRzN5OBNNH6ft8Z9SiRDRROvacz2-EYU51lGNYwdEcMOhAymQZHuT2NPgZCL4ZCXYwQ_B4S2SAVUPN_E3P-qJVDOlPrLtXEOQtc-cEqNogWfgzKYCdOvZnekA9dhArdg6anU7XnQw=w1024-h576-no\" width=\"1024\" height=\"576\" \/><\/p>\n<p>Seguimos el camino entre el bosque y llegamos a la carretera, desde donde nos dirigiremos a la Cascada de San Pedro<\/p>\n<p><img loading=\"lazy\" decoding=\"async\" class=\"size-full aligncenter\" src=\"https:\/\/lh3.googleusercontent.com\/FrhuKeZyPHMUbq3Maef4nuwhus9F9o0k6pk7C7biin-lVT_UakQ3ffcrqcFrXrlO0-b0C_Z90VKlpdTfHNfOwDbbJRaSCvExRGRNE5v19RiOGIRYIoVvRaluurQfHXMbxZiTGlzlAeKJeETjj-61yA7NLBhzjlBcilww_FjHsgUDnFmyVHWxPUba79G4z0JoLIKrwhaYsUYJm_Ue6XK9kVrORvrMGEqqJZrHKNj3h51IpLN7JcfzszEbnH_mwKAfzW1RTgT9SMJCsGPH21l38JjDDsFOk_XdYfQJy7-MucQ8uNxMOh5nCZpjNXOV_oV3xl_hN8UUJ-_nH0lL2O04tA2jUli23V6OYfYmlPHj45orWqI5j4G2i2dPPDDp-HI08H2quS47YdqpDr6wRGrACUNSIcq101AdRqInbFGjU0NSITeyVMHciYqlept5CWpXpF0e-Fk4fvOnFfxS7p7aJu9v5IpoCyF83YMJJcWp2mNkr1QuEf_ob8KC2ysnE3GG2oDhK-09MpWTScagp1UjFs6MtMO0yFlGdwl7ZSaOw5QGOJDDAI8-NaFMHaIq3PTsN1OqMDLPGHTF3ofyRvPQZric0ikakre0xCkDLCmBS0A3LxjWSi7ixehEaQcKicuVZDU5xTPz2_tOsIS8z8scpR3Lh_T2Ie42mndG_C-4m2xHuBVtekER7CxWBQDd0iAxzFaKvi9K70U6I-PzNq9ltxIslg=w1024-h576-no\" width=\"1024\" height=\"576\" \/><\/p>\n<p><img loading=\"lazy\" decoding=\"async\" class=\"size-full aligncenter\" src=\"https:\/\/lh3.googleusercontent.com\/e-DrDk9eDYv44-iW1h5jfqZ2YKqzNmTFVHI4IfQgK3tpKdUgCA9Fj5dwKCsjvvsQ7q9t1v4JX1XS-zWGTJVlz5QJPYgdUAWjOiMo8m1GMHrKo2h1kB2dkPV7jw5hULrACgbUUabz1ntZbj_ayDd0aExtigg9Og4kz6TP7WomT2hxwRGWCMVkDoOF7knbfFONrCQfqc44omgJzWJiLOmb3D42qqXZdOMEN-Ikz-dsPpoxOclsNdAAscA40fHJ-VmZKza2mDO7E8e-Fnbu-EjOMsYdwc6mGNXJGIJtbjn6qhiWkp2M-sUQLtzaNnEk4EL44Lj1Rb6rMoGJXnfv7sLaF8bZP2QYagMBlFHepQ5mfpxXbFJ5qNqVTnQcZqz_xKqmfjRkOTjpuSqtvOyRp_kqqEz1MChVwaBbIwqWH65o6e4Aokx_E9XvkXR0N4dnEG4aXG1UgnDY2U-65TtZNoIuK7_EvMtnXA2N7YnHM_euMWH31CDevwp6AP6_TSnCB-_t_l6FsWCDl6tIUvn5n87cGO8sopQMf54cMXGph2Cuy2PYxO_E72I24DQhlj98TDW9jWfSnEyiwO7zMF_1uN8FHXw-ReFy-yWG8BpJYrvQrh4L4A3T9TcWOD289DHJLc_GHzKllaTfAHbnZlSgEJ8oHqeoYQZ8nv7mlvCx4vh28982zENrNdxqK_ZcLyxjngnk0q8o6WBEIemzK6GHUU3U97vI4A=w1024-h576-no\" width=\"1024\" height=\"576\" \/><\/p>\n<p><img loading=\"lazy\" decoding=\"async\" class=\"size-full aligncenter\" src=\"https:\/\/lh3.googleusercontent.com\/t_Vkb68ai69YNiy7ol9utMTZGwSJ-ikBzfC7Hcm1nr4bRvCUMA5S5f5RSPWlRAlaprpyKbBmTMreCS6djyzcdpRpBgAU441Ehm6fKfYuUa1aR8RtFdQ7YoWPMdajSxL3X4bahv_CeRq4HmhX-1nkNK_8l0Krm8T1ZxwPrVQqh2FQXZb6Dl-ZW0B_-cf8RTxwDwSWx01HfzOJTxHcqBKCNtEYnYxpwXBufimPYE9babfWAP16OSfssa_Pwg0lHV79J7b_bYh-TWHjra3wqbPB9Rq0kq5EiM3-RK1tu97PoEAfe6tiK-92bKx9pvDQ8CmnPQgflwTWc7DgOB1XsudCb99KSl-tw2YLCLcHYMOyky7V88BYn6yunDFsaOP6uUBkeCLaZ8S8niMXiVQrtr8RoYCK_GklFKs_pOUUglT4m5YKG0miS2jUsO-_O1nGe6hqBkoxuAPfhbcz-w7c2NuGtAbalNFvokuQhMn9lrYQM91ID5geBEk9PMaJMlCQv_wkc8aOORy5iktcLtHYi3U2C25cK9x4EmTsBhov8A0Ozs48g3LFIzaryufIL6DqwpYK8gxBLPYlcmGoAIixPKb70-Ch_KYU2k5hRv1ePs1r_ojpTMm7blWcEeYBHi5vrEuqhFmTz_f77c6sXqhWEnNwKC7oJMV-QLTQH3jOr2ooVPf700xE6nBXQiWH4Fg0Eb4ZgtQQ1jRRGYH4AWfm56ujP7uLTA=w1024-h576-no\" width=\"1024\" height=\"576\" \/><\/p>\n<p><img loading=\"lazy\" decoding=\"async\" class=\"size-full aligncenter\" src=\"https:\/\/lh3.googleusercontent.com\/qEx_hk67aJ_twn48WQAAan6ttswybKx5nI7fdbM0tJqKHj6KxW6YUpELi38NAX66zC8Jc3daoRn-axJabIdyZ5byVgf_Jr6PrOqcq1-ZSeXXr8xXeGBPPCwjgH0vWXJ7pyp03FYOqwevdKfzIhxD8M7eTtV4HXvwV464JvgG8PbymXTbg3HfB2BYHXtAnGbrYSk647YWmvytwn-3KoJhTf1BCvKVf_MxrTi0dNwFskwOTOlXRsUxFEmuW1QNtnOgU1IxXU7mVS44Q2geWG2a8eu_WrrXKcu1AGzqmM_KGdfUHoy3BRsmAws5CCphfX3xr9z9QYn0101SO12fkanFnNNOKyVJCrpNx89TWG8MhVFM4gK3h9aaBmR3ij-PIR2i1e-sH6mbJXAa4ereyaIJ9z7Gnm8cLJ2NHZNj3FmDE9h_4fwyzyDZLykvxzmMYJMLS1F4KahdMtA1FLl0-axtFmRvaYxV14rMONJFjt88gQ3yw3F7QbPClBXmCwllbsjfQUPY4pZqbi8BP0GgORj6Q0cdGXRK2I3alua17bf03RXmR-DSydt5CTeX0HiTXh53OmOSkdBGy-xAyDFvsZValvQ4ILaofcCXzSfWuT8RE6sWDyF4sc0Tfy5WSHPo_mpi-fxEBHOp0Igg5iJ7CuA1u8isxXTRhKN7u0SUJvo816HkNnTmMbqZGRddJbCHnFQ9Of_5Hm8xXyedEWy9DPgAefWgQg=w698-h393-no\" width=\"698\" height=\"393\" \/><\/p>\n<p><img loading=\"lazy\" decoding=\"async\" class=\"size-full aligncenter\" src=\"https:\/\/lh3.googleusercontent.com\/KI_kMUcuHy6RGnIu6GxASIw98wd2Ekn6-SH2UsdTy69SaDBqCfpP6NlcVzoHi34ApDjH9Lhsn5GS_GB5mN15ciTbzv6hcpAjajLANWG7fUzagIvcCHEcHDFu21puqa2tDsJ-3oxgcLn_6bQWK_3MTMnW-YPodQpc3QZ0Gs8WVRlo3R7WuNNCMb7fNjMM6dz5_xDWsf_UYhq_u4RMXra7tVBiVlS5H0r-HJG6pmnUygW8UWzBRy32YGF-x3JcxyJyddcScnmc3CLi_BRKt8WnU2kXv-Cjx4rERN7gz0cblmepuESOZNwDHwKkrNMaGYpQZ76B53cqPetqrchP4zhRe88g5GeM5hBng071LLd00tYIqI4wcJltFDYI81Ai6J7PEkEDTl9bxgyHqCWDb59TJ-g4LeyzARD4rv8eExa8aJd-2ZQkU17jcT5lT9uZq64tyULLdJ5KDv2uScwYIXnBS3HiMvjWugk0pcSNbBx2dwMRvl0MI9lJ_Q4ISZgx4782AIGoqgVhQDWoKgfpFLwen5RYMdpZywpctSgLT36nlD0pjcMCRCum7tTnzEFPNFnhahReTCcw-OzFv93TQSg5JXA8qzDA2RPwBMe9Bpg_cN9d-e1E9Y_wEHqi9jBG5vltCqMhauZPA4LIaqH4gH4j9VW7BnMQlqmQo1WT0pVH3FMY1Uip1GWvKR16E-Y2r5aDu-8Wh2cnjlcLNJBQhw9g9lpCTQ=w986-h739-no\" width=\"986\" height=\"739\" \/><\/p>\n<p><img loading=\"lazy\" decoding=\"async\" class=\"size-full aligncenter\" src=\"https:\/\/lh3.googleusercontent.com\/c77BAbYFtVdsQXtGA5zCaveN5vypBzYjReGPhrVHwP1zwsj0oQ9Xi38zxAPrkBBL13UsagAi5KvSV5NguIL_N-afJKqcx80nA05JzxmnK3i5LawlkVluA4QpmASsHrQtXWelswKYXK8dUj59D9Q-iAcCPU18R5kWDyxjayK0eaTHCboBney9F2Z5I-U7WsdQkpKcS4MPiv9Xj812Na3mbhHOThzvsxcWMbZUSvxQ7WNsoi-F4gvtT6glqkBxXCvfWwVpDbV717wAsrH7rAi1vQtFFzS3HTnXyitBh-fiY8WEz_8HOuXpK6q0MXO13vKnVOHBafsbykhkpEz9cm-vdmSON9l-55ZJ-zIRJExTTDC2ukUfQZCzHysRzS-o4tDX5Gx1Yo65SEDkfuLCPr6QpJQTMtOa7O407qEYX6_gIZZFAL9G0h9vf4en1Zwdx1464treT9DWpueaS8NCVW5FZbUOIkecNTGqaa6lUrY2ulQeUeOL71k1RNHWcQbC6a2rtErU63KJh8Rz9C9szydyHIfqWpLOFJZ67seTLpuiYxWXzwhNCXcz2xhdndEPvdcEj3amZqXJyiOXkFZRsJeCnOADBY-xK-h6H1PQQAsk9Zn11xBnU6jBI5DyQXQdlvud2FKS2wK1McSeFbWF-y83xU1wfuLWzzLgiDZEf-V_NIERb2trHyYtwjl3yrMi7kxOYlrB01ozEp2_Ds0561VAgEFbuw=w1024-h576-no\" width=\"1024\" height=\"576\" \/><\/p>\n<p><img loading=\"lazy\" decoding=\"async\" class=\"size-full aligncenter\" src=\"https:\/\/lh3.googleusercontent.com\/5ecCcnLQKJ0vDhsLsFM-8_WZgAMf7BLqpqgRpQf_T7aYiVWq3fIc5r0J0HAdZpACPXnwIe0PUyqnMGEP3vTgTkRpG1xo0Q8iPEzj9WrVhDErUoDKTikLZQ9m61jaAeztEcfUBJnmr85iPh2W5zF6Fa00T-q3T27uGrMxxFWwbZj73xoBdPg8-XuDWnIOcJZvvFHWviaFrrI-npzwhz6-GnTHyWMa-t-0FymDsh-CW0yn5jR9os6a5XfzqbAEN3QcSSHYjd6caYfm__WTSSIvqRjBVffgGAFyEUSHJXK729GipftkWTfm-KkSEvcHb7HuM88Qy32QGmGJqd0HYDKN8yQsBhkauj-zeNA4JU7W1hwRJ-W_Lv6oFyWvOtsl4xo9zekgma6VBVrHid2ZM1BODMpjkWT5Qmo779o8HVT6hhBpe6P6UCHZkDDLTmMqRCM4nFhNY3xtNtdSs8nReUHx1j4JCFw74H6PQbFmN-gtPam2UTTcUWiATPHw4JSaTeB-SAiI7gSez5COO77AQUzzEu5EaWXTAfdfYLNlF92qJm5xyB1mcMiTHhqIkcs0ODaI70hfVtN0CgfFqfXbfeerFpZKNodeUqPDB0L9wSJ9xpsXfAXaI5z2DeKKzzIfClN04UgJHC8gxh2Ps2nmA2jPrTZ32aPt5aASLDaGT6ySUfPe2amyWXCvxD6zXb-odmRl9smGWnEjqXHWp0kUD_vlovlfPQ=w1024-h576-no\" width=\"1024\" height=\"576\" \/><\/p>\n<hr \/>\n<p>&nbsp;<\/p>\n<h3><strong>Track de la ruta<\/strong><\/h3>\n<p>[sgpx gpx=\u00bb\/wp-content\/uploads\/gpx\/OjosCabriel-Cascada.gpx\u00bb]<\/p>\n<p>&nbsp;<\/p>\n<hr \/>\n<p>&nbsp;<\/p>\n<p style=\"text-align: justify;\"><span style=\"color: #ff0000; background-color: #ffffff; font-size: 14pt;\"><strong>Si te ha gustado, comp\u00e1rtelo en tu red favorita o env\u00edanos tu comentario.<br \/>\n<\/strong><\/span><\/p>\n<p style=\"text-align: justify;\"><span style=\"font-size: 14pt;\"><strong><span style=\"color: #ff0000;\">Muchas gracias !<\/span><\/strong><\/span><\/p>\n<hr \/>\n<p style=\"text-align: justify;\"><strong><span style=\"color: #008000;\">Suscribete si quieres recibir un mail cuando publiquemos nuevas rutas : no enviamos publicidad y como m\u00e1ximo enviamos 2 mails al mes<\/span><\/strong><\/p>\n<p style=\"text-align: center;\"><a href=\"https:\/\/mailchi.mp\/6989c83a3e24\/wmv06rtqcz\/\" target=\"_blank\" rel=\"noopener noreferrer\"><strong><span style=\"color: #0000ff;\">Pulsa aqu\u00ed para suscribirte<\/span><\/strong><\/a><\/p>\n<hr \/>\n<p style=\"text-align: justify;\">\u00a0<\/p>\n<h3 style=\"text-align: justify;\">Puedes imprimir esta publicaci\u00f3n o guardarla en diferentes formatos :<\/h3>\n<p style=\"text-align: justify;\"><span style=\"color: #ff0000; font-size: 14pt;\">Para facilitar la impresi\u00f3n, se ha reducido considerablemente el tama\u00f1o de las fotos, pero si deseas imprimir sin fotos, aconsejamos guardarlo como \u201cdoc\u201d, y antes de imprimirlo, eliminar las fotos<\/span><\/p>\n<p><span style=\"color: #ff0000;\">\u00a0<\/span><\/p>\n<hr \/>\n<h3><strong>Enlace Wikiloc<\/strong><\/h3>\n<p><a href=\"https:\/\/es.wikiloc.com\/rutas-senderismo\/ojos-el-rio-cabriel-y-cascada-de-san-pedro-39063316\" target=\"_blank\" rel=\"noopener noreferrer\"><img loading=\"lazy\" decoding=\"async\" class=\"size-full wp-image-958 aligncenter\" src=\"https:\/\/www.carlosyconchita.net\/rutas\/wp-content\/uploads\/2020\/09\/wikiloc.jpg\" alt=\"\" width=\"117\" height=\"34\" \/><\/a><\/p>\n<hr \/>\n<p>&nbsp;<\/p>\n","protected":false},"excerpt":{"rendered":"<p>Dejamos el coche en el pueblo de El Vallecillo y siguiendo un letrero que nos lo indica, empezamos a caminar en direccion a los Ojos del R\u00edo Cabriel, por un camino de tierra que durante unos metros va paralelo a la carretera, y poco despu\u00e9s llegamos a una explanada con varios carteles informativos, y donde [&hellip;]<\/p>\n","protected":false},"author":50,"featured_media":13010,"comment_status":"open","ping_status":"open","sticky":false,"template":"","format":"standard","meta":{"footnotes":""},"categories":[10,22,64],"tags":[],"class_list":{"0":"post-13009","1":"post","2":"type-post","3":"status-publish","4":"format-standard","5":"has-post-thumbnail","6":"hentry","7":"category-facil","8":"category-de-05-a-10-km","9":"category-teruel","11":"post-with-thumbnail","12":"post-with-thumbnail-icon"},"yoast_head":"<!-- This site is optimized with the Yoast SEO plugin v27.4 - https:\/\/yoast.com\/product\/yoast-seo-wordpress\/ -->\n<title>16-06-2019-Ojos del Rio Cabriel y Cascada San Pedro -<\/title>\n<meta name=\"robots\" content=\"index, follow, max-snippet:-1, max-image-preview:large, max-video-preview:-1\" \/>\n<link rel=\"canonical\" href=\"https:\/\/www.carlosyconchita.net\/rutas\/16-06-2019-ojos-del-rio-cabriel-y-cascada-san-pedro\/\" \/>\n<meta property=\"og:locale\" content=\"es_ES\" \/>\n<meta property=\"og:type\" content=\"article\" \/>\n<meta property=\"og:title\" content=\"16-06-2019-Ojos del Rio Cabriel y Cascada San Pedro -\" \/>\n<meta property=\"og:description\" content=\"Dejamos el coche en el pueblo de El Vallecillo y siguiendo un letrero que nos lo indica, empezamos a caminar en direccion a los Ojos del R\u00edo Cabriel, por un camino de tierra que durante unos metros va paralelo a la carretera, y poco despu\u00e9s llegamos a una explanada con varios carteles informativos, y donde [&hellip;]\" \/>\n<meta property=\"og:url\" content=\"https:\/\/www.carlosyconchita.net\/rutas\/16-06-2019-ojos-del-rio-cabriel-y-cascada-san-pedro\/\" \/>\n<meta property=\"og:site_name\" content=\"Las rutas de Carlos y Conchita\" \/>\n<meta property=\"article:published_time\" content=\"2019-06-16T18:51:45+00:00\" \/>\n<meta property=\"article:modified_time\" content=\"2019-07-24T19:46:50+00:00\" \/>\n<meta property=\"og:image\" content=\"https:\/\/www.carlosyconchita.net\/rutas\/wp-content\/uploads\/2019\/07\/Cabriel-0055-4.jpg\" \/>\n\t<meta property=\"og:image:width\" content=\"1019\" \/>\n\t<meta property=\"og:image:height\" content=\"764\" \/>\n\t<meta property=\"og:image:type\" content=\"image\/jpeg\" \/>\n<meta name=\"author\" content=\"Carlos Conchita\" \/>\n<meta name=\"twitter:label1\" content=\"Escrito por\" \/>\n\t<meta name=\"twitter:data1\" content=\"Carlos Conchita\" \/>\n\t<meta name=\"twitter:label2\" content=\"Tiempo de lectura\" \/>\n\t<meta name=\"twitter:data2\" content=\"2 minutos\" \/>\n<script type=\"application\/ld+json\" class=\"yoast-schema-graph\">{\"@context\":\"https:\\\/\\\/schema.org\",\"@graph\":[{\"@type\":\"Article\",\"@id\":\"https:\\\/\\\/www.carlosyconchita.net\\\/rutas\\\/16-06-2019-ojos-del-rio-cabriel-y-cascada-san-pedro\\\/#article\",\"isPartOf\":{\"@id\":\"https:\\\/\\\/www.carlosyconchita.net\\\/rutas\\\/16-06-2019-ojos-del-rio-cabriel-y-cascada-san-pedro\\\/\"},\"author\":{\"name\":\"Carlos Conchita\",\"@id\":\"https:\\\/\\\/www.carlosyconchita.net\\\/rutas\\\/#\\\/schema\\\/person\\\/a9691f7258c28443fab2d3aa1479ea19\"},\"headline\":\"16-06-2019-Ojos del Rio Cabriel y Cascada San Pedro\",\"datePublished\":\"2019-06-16T18:51:45+00:00\",\"dateModified\":\"2019-07-24T19:46:50+00:00\",\"mainEntityOfPage\":{\"@id\":\"https:\\\/\\\/www.carlosyconchita.net\\\/rutas\\\/16-06-2019-ojos-del-rio-cabriel-y-cascada-san-pedro\\\/\"},\"wordCount\":442,\"commentCount\":0,\"image\":{\"@id\":\"https:\\\/\\\/www.carlosyconchita.net\\\/rutas\\\/16-06-2019-ojos-del-rio-cabriel-y-cascada-san-pedro\\\/#primaryimage\"},\"thumbnailUrl\":\"https:\\\/\\\/www.carlosyconchita.net\\\/rutas\\\/wp-content\\\/uploads\\\/2019\\\/07\\\/Cabriel-0055-4.jpg\",\"articleSection\":[\"1-F\u00e1cil\",\"2 - De 5 a 10 km.\",\"Teruel\"],\"inLanguage\":\"es\",\"potentialAction\":[{\"@type\":\"CommentAction\",\"name\":\"Comment\",\"target\":[\"https:\\\/\\\/www.carlosyconchita.net\\\/rutas\\\/16-06-2019-ojos-del-rio-cabriel-y-cascada-san-pedro\\\/#respond\"]}]},{\"@type\":\"WebPage\",\"@id\":\"https:\\\/\\\/www.carlosyconchita.net\\\/rutas\\\/16-06-2019-ojos-del-rio-cabriel-y-cascada-san-pedro\\\/\",\"url\":\"https:\\\/\\\/www.carlosyconchita.net\\\/rutas\\\/16-06-2019-ojos-del-rio-cabriel-y-cascada-san-pedro\\\/\",\"name\":\"16-06-2019-Ojos del Rio Cabriel y Cascada San Pedro -\",\"isPartOf\":{\"@id\":\"https:\\\/\\\/www.carlosyconchita.net\\\/rutas\\\/#website\"},\"primaryImageOfPage\":{\"@id\":\"https:\\\/\\\/www.carlosyconchita.net\\\/rutas\\\/16-06-2019-ojos-del-rio-cabriel-y-cascada-san-pedro\\\/#primaryimage\"},\"image\":{\"@id\":\"https:\\\/\\\/www.carlosyconchita.net\\\/rutas\\\/16-06-2019-ojos-del-rio-cabriel-y-cascada-san-pedro\\\/#primaryimage\"},\"thumbnailUrl\":\"https:\\\/\\\/www.carlosyconchita.net\\\/rutas\\\/wp-content\\\/uploads\\\/2019\\\/07\\\/Cabriel-0055-4.jpg\",\"datePublished\":\"2019-06-16T18:51:45+00:00\",\"dateModified\":\"2019-07-24T19:46:50+00:00\",\"author\":{\"@id\":\"https:\\\/\\\/www.carlosyconchita.net\\\/rutas\\\/#\\\/schema\\\/person\\\/a9691f7258c28443fab2d3aa1479ea19\"},\"breadcrumb\":{\"@id\":\"https:\\\/\\\/www.carlosyconchita.net\\\/rutas\\\/16-06-2019-ojos-del-rio-cabriel-y-cascada-san-pedro\\\/#breadcrumb\"},\"inLanguage\":\"es\",\"potentialAction\":[{\"@type\":\"ReadAction\",\"target\":[\"https:\\\/\\\/www.carlosyconchita.net\\\/rutas\\\/16-06-2019-ojos-del-rio-cabriel-y-cascada-san-pedro\\\/\"]}]},{\"@type\":\"ImageObject\",\"inLanguage\":\"es\",\"@id\":\"https:\\\/\\\/www.carlosyconchita.net\\\/rutas\\\/16-06-2019-ojos-del-rio-cabriel-y-cascada-san-pedro\\\/#primaryimage\",\"url\":\"https:\\\/\\\/www.carlosyconchita.net\\\/rutas\\\/wp-content\\\/uploads\\\/2019\\\/07\\\/Cabriel-0055-4.jpg\",\"contentUrl\":\"https:\\\/\\\/www.carlosyconchita.net\\\/rutas\\\/wp-content\\\/uploads\\\/2019\\\/07\\\/Cabriel-0055-4.jpg\",\"width\":1019,\"height\":764},{\"@type\":\"BreadcrumbList\",\"@id\":\"https:\\\/\\\/www.carlosyconchita.net\\\/rutas\\\/16-06-2019-ojos-del-rio-cabriel-y-cascada-san-pedro\\\/#breadcrumb\",\"itemListElement\":[{\"@type\":\"ListItem\",\"position\":1,\"name\":\"Portada\",\"item\":\"https:\\\/\\\/www.carlosyconchita.net\\\/rutas\\\/\"},{\"@type\":\"ListItem\",\"position\":2,\"name\":\"16-06-2019-Ojos del Rio Cabriel y Cascada San Pedro\"}]},{\"@type\":\"WebSite\",\"@id\":\"https:\\\/\\\/www.carlosyconchita.net\\\/rutas\\\/#website\",\"url\":\"https:\\\/\\\/www.carlosyconchita.net\\\/rutas\\\/\",\"name\":\"Las rutas de Carlos y Conchita\",\"description\":\"\",\"potentialAction\":[{\"@type\":\"SearchAction\",\"target\":{\"@type\":\"EntryPoint\",\"urlTemplate\":\"https:\\\/\\\/www.carlosyconchita.net\\\/rutas\\\/?s={search_term_string}\"},\"query-input\":{\"@type\":\"PropertyValueSpecification\",\"valueRequired\":true,\"valueName\":\"search_term_string\"}}],\"inLanguage\":\"es\"},{\"@type\":\"Person\",\"@id\":\"https:\\\/\\\/www.carlosyconchita.net\\\/rutas\\\/#\\\/schema\\\/person\\\/a9691f7258c28443fab2d3aa1479ea19\",\"name\":\"Carlos Conchita\",\"image\":{\"@type\":\"ImageObject\",\"inLanguage\":\"es\",\"@id\":\"https:\\\/\\\/secure.gravatar.com\\\/avatar\\\/3a4625b20c8da3de99da69bfe7a322774e291c3f90dce7e8778a30fe6748ed1a?s=96&d=mm&r=g\",\"url\":\"https:\\\/\\\/secure.gravatar.com\\\/avatar\\\/3a4625b20c8da3de99da69bfe7a322774e291c3f90dce7e8778a30fe6748ed1a?s=96&d=mm&r=g\",\"contentUrl\":\"https:\\\/\\\/secure.gravatar.com\\\/avatar\\\/3a4625b20c8da3de99da69bfe7a322774e291c3f90dce7e8778a30fe6748ed1a?s=96&d=mm&r=g\",\"caption\":\"Carlos Conchita\"}}]}<\/script>\n<!-- \/ Yoast SEO plugin. -->","yoast_head_json":{"title":"16-06-2019-Ojos del Rio Cabriel y Cascada San Pedro -","robots":{"index":"index","follow":"follow","max-snippet":"max-snippet:-1","max-image-preview":"max-image-preview:large","max-video-preview":"max-video-preview:-1"},"canonical":"https:\/\/www.carlosyconchita.net\/rutas\/16-06-2019-ojos-del-rio-cabriel-y-cascada-san-pedro\/","og_locale":"es_ES","og_type":"article","og_title":"16-06-2019-Ojos del Rio Cabriel y Cascada San Pedro -","og_description":"Dejamos el coche en el pueblo de El Vallecillo y siguiendo un letrero que nos lo indica, empezamos a caminar en direccion a los Ojos del R\u00edo Cabriel, por un camino de tierra que durante unos metros va paralelo a la carretera, y poco despu\u00e9s llegamos a una explanada con varios carteles informativos, y donde [&hellip;]","og_url":"https:\/\/www.carlosyconchita.net\/rutas\/16-06-2019-ojos-del-rio-cabriel-y-cascada-san-pedro\/","og_site_name":"Las rutas de Carlos y Conchita","article_published_time":"2019-06-16T18:51:45+00:00","article_modified_time":"2019-07-24T19:46:50+00:00","og_image":[{"width":1019,"height":764,"url":"https:\/\/www.carlosyconchita.net\/rutas\/wp-content\/uploads\/2019\/07\/Cabriel-0055-4.jpg","type":"image\/jpeg"}],"author":"Carlos Conchita","twitter_misc":{"Escrito por":"Carlos Conchita","Tiempo de lectura":"2 minutos"},"schema":{"@context":"https:\/\/schema.org","@graph":[{"@type":"Article","@id":"https:\/\/www.carlosyconchita.net\/rutas\/16-06-2019-ojos-del-rio-cabriel-y-cascada-san-pedro\/#article","isPartOf":{"@id":"https:\/\/www.carlosyconchita.net\/rutas\/16-06-2019-ojos-del-rio-cabriel-y-cascada-san-pedro\/"},"author":{"name":"Carlos Conchita","@id":"https:\/\/www.carlosyconchita.net\/rutas\/#\/schema\/person\/a9691f7258c28443fab2d3aa1479ea19"},"headline":"16-06-2019-Ojos del Rio Cabriel y Cascada San Pedro","datePublished":"2019-06-16T18:51:45+00:00","dateModified":"2019-07-24T19:46:50+00:00","mainEntityOfPage":{"@id":"https:\/\/www.carlosyconchita.net\/rutas\/16-06-2019-ojos-del-rio-cabriel-y-cascada-san-pedro\/"},"wordCount":442,"commentCount":0,"image":{"@id":"https:\/\/www.carlosyconchita.net\/rutas\/16-06-2019-ojos-del-rio-cabriel-y-cascada-san-pedro\/#primaryimage"},"thumbnailUrl":"https:\/\/www.carlosyconchita.net\/rutas\/wp-content\/uploads\/2019\/07\/Cabriel-0055-4.jpg","articleSection":["1-F\u00e1cil","2 - De 5 a 10 km.","Teruel"],"inLanguage":"es","potentialAction":[{"@type":"CommentAction","name":"Comment","target":["https:\/\/www.carlosyconchita.net\/rutas\/16-06-2019-ojos-del-rio-cabriel-y-cascada-san-pedro\/#respond"]}]},{"@type":"WebPage","@id":"https:\/\/www.carlosyconchita.net\/rutas\/16-06-2019-ojos-del-rio-cabriel-y-cascada-san-pedro\/","url":"https:\/\/www.carlosyconchita.net\/rutas\/16-06-2019-ojos-del-rio-cabriel-y-cascada-san-pedro\/","name":"16-06-2019-Ojos del Rio Cabriel y Cascada San Pedro -","isPartOf":{"@id":"https:\/\/www.carlosyconchita.net\/rutas\/#website"},"primaryImageOfPage":{"@id":"https:\/\/www.carlosyconchita.net\/rutas\/16-06-2019-ojos-del-rio-cabriel-y-cascada-san-pedro\/#primaryimage"},"image":{"@id":"https:\/\/www.carlosyconchita.net\/rutas\/16-06-2019-ojos-del-rio-cabriel-y-cascada-san-pedro\/#primaryimage"},"thumbnailUrl":"https:\/\/www.carlosyconchita.net\/rutas\/wp-content\/uploads\/2019\/07\/Cabriel-0055-4.jpg","datePublished":"2019-06-16T18:51:45+00:00","dateModified":"2019-07-24T19:46:50+00:00","author":{"@id":"https:\/\/www.carlosyconchita.net\/rutas\/#\/schema\/person\/a9691f7258c28443fab2d3aa1479ea19"},"breadcrumb":{"@id":"https:\/\/www.carlosyconchita.net\/rutas\/16-06-2019-ojos-del-rio-cabriel-y-cascada-san-pedro\/#breadcrumb"},"inLanguage":"es","potentialAction":[{"@type":"ReadAction","target":["https:\/\/www.carlosyconchita.net\/rutas\/16-06-2019-ojos-del-rio-cabriel-y-cascada-san-pedro\/"]}]},{"@type":"ImageObject","inLanguage":"es","@id":"https:\/\/www.carlosyconchita.net\/rutas\/16-06-2019-ojos-del-rio-cabriel-y-cascada-san-pedro\/#primaryimage","url":"https:\/\/www.carlosyconchita.net\/rutas\/wp-content\/uploads\/2019\/07\/Cabriel-0055-4.jpg","contentUrl":"https:\/\/www.carlosyconchita.net\/rutas\/wp-content\/uploads\/2019\/07\/Cabriel-0055-4.jpg","width":1019,"height":764},{"@type":"BreadcrumbList","@id":"https:\/\/www.carlosyconchita.net\/rutas\/16-06-2019-ojos-del-rio-cabriel-y-cascada-san-pedro\/#breadcrumb","itemListElement":[{"@type":"ListItem","position":1,"name":"Portada","item":"https:\/\/www.carlosyconchita.net\/rutas\/"},{"@type":"ListItem","position":2,"name":"16-06-2019-Ojos del Rio Cabriel y Cascada San Pedro"}]},{"@type":"WebSite","@id":"https:\/\/www.carlosyconchita.net\/rutas\/#website","url":"https:\/\/www.carlosyconchita.net\/rutas\/","name":"Las rutas de Carlos y Conchita","description":"","potentialAction":[{"@type":"SearchAction","target":{"@type":"EntryPoint","urlTemplate":"https:\/\/www.carlosyconchita.net\/rutas\/?s={search_term_string}"},"query-input":{"@type":"PropertyValueSpecification","valueRequired":true,"valueName":"search_term_string"}}],"inLanguage":"es"},{"@type":"Person","@id":"https:\/\/www.carlosyconchita.net\/rutas\/#\/schema\/person\/a9691f7258c28443fab2d3aa1479ea19","name":"Carlos Conchita","image":{"@type":"ImageObject","inLanguage":"es","@id":"https:\/\/secure.gravatar.com\/avatar\/3a4625b20c8da3de99da69bfe7a322774e291c3f90dce7e8778a30fe6748ed1a?s=96&d=mm&r=g","url":"https:\/\/secure.gravatar.com\/avatar\/3a4625b20c8da3de99da69bfe7a322774e291c3f90dce7e8778a30fe6748ed1a?s=96&d=mm&r=g","contentUrl":"https:\/\/secure.gravatar.com\/avatar\/3a4625b20c8da3de99da69bfe7a322774e291c3f90dce7e8778a30fe6748ed1a?s=96&d=mm&r=g","caption":"Carlos Conchita"}}]}},"_links":{"self":[{"href":"https:\/\/www.carlosyconchita.net\/rutas\/wp-json\/wp\/v2\/posts\/13009","targetHints":{"allow":["GET"]}}],"collection":[{"href":"https:\/\/www.carlosyconchita.net\/rutas\/wp-json\/wp\/v2\/posts"}],"about":[{"href":"https:\/\/www.carlosyconchita.net\/rutas\/wp-json\/wp\/v2\/types\/post"}],"author":[{"embeddable":true,"href":"https:\/\/www.carlosyconchita.net\/rutas\/wp-json\/wp\/v2\/users\/50"}],"replies":[{"embeddable":true,"href":"https:\/\/www.carlosyconchita.net\/rutas\/wp-json\/wp\/v2\/comments?post=13009"}],"version-history":[{"count":0,"href":"https:\/\/www.carlosyconchita.net\/rutas\/wp-json\/wp\/v2\/posts\/13009\/revisions"}],"wp:featuredmedia":[{"embeddable":true,"href":"https:\/\/www.carlosyconchita.net\/rutas\/wp-json\/wp\/v2\/media\/13010"}],"wp:attachment":[{"href":"https:\/\/www.carlosyconchita.net\/rutas\/wp-json\/wp\/v2\/media?parent=13009"}],"wp:term":[{"taxonomy":"category","embeddable":true,"href":"https:\/\/www.carlosyconchita.net\/rutas\/wp-json\/wp\/v2\/categories?post=13009"},{"taxonomy":"post_tag","embeddable":true,"href":"https:\/\/www.carlosyconchita.net\/rutas\/wp-json\/wp\/v2\/tags?post=13009"}],"curies":[{"name":"wp","href":"https:\/\/api.w.org\/{rel}","templated":true}]}}