{"id":13029,"date":"2019-06-22T16:40:29","date_gmt":"2019-06-22T15:40:29","guid":{"rendered":"https:\/\/www.carlosyconchita.net\/rutas\/?p=13029"},"modified":"2019-07-30T17:10:02","modified_gmt":"2019-07-30T16:10:02","slug":"22-06-2019-st-quirze-de-pedret-cal-rosal","status":"publish","type":"post","link":"https:\/\/www.carlosyconchita.net\/rutas\/22-06-2019-st-quirze-de-pedret-cal-rosal\/","title":{"rendered":"22-06-2019-St. Quirze de Pedret-Cal Rosal"},"content":{"rendered":"<p style=\"text-align: justify;\">Hoy nos dirigimos a Berga, para hacer una f\u00e1cil excursi\u00f3n por los alrededores, desde la Ermita de St. Quirze de Pedret hasta Cal Rosal, por la llamada V\u00eda Verda del Carrilet, antigua v\u00eda del tren, por lo que pasaremos por varios t\u00faneles, siguiendo el r\u00edo Llobregat, con un magn\u00edfico aspecto, para los que estamos acostumbrados a verlo solo cerca de Barcelona.<\/p>\n<p>Desde Berga nos dirigimos a St.Quirze de Pedret, y llegaremos con el coche hasta un puente, en donde dejaremos el coche, y subiremos unos pocos metros para llegar a la ermita.<br \/>\nDespu\u00e9s\u00a0 bajaremos de nuevo hasta donde hemos dejado el coche , ya que all\u00ed mismo empieza el camino para llegar a Cal Rosal, que est\u00e1 perfectamente indicado.<\/p>\n<p style=\"text-align: justify;\">Despu\u00e9s, y ya con el coche, hemos visitado otra ermita, la de Sant Vicen\u00e7 d&#8217;Obiols, para ir a comer despu\u00e9s a un restaurante situado al lado del Llac de Graug\u00e9s.<\/p>\n<hr \/>\n<h3><strong>Album de fotos<\/strong><\/h3>\n<p><a href=\"https:\/\/photos.app.goo.gl\/9Jxa5GycKDecbH1b8\" target=\"_blank\" rel=\"noopener noreferrer\"><img loading=\"lazy\" decoding=\"async\" class=\"aligncenter wp-image-13030 size-column4-2\/3\" src=\"https:\/\/www.carlosyconchita.net\/rutas\/wp-content\/uploads\/2019\/07\/CalRosal-00051-285x190.jpg\" alt=\"\" width=\"285\" height=\"190\" srcset=\"https:\/\/www.carlosyconchita.net\/rutas\/wp-content\/uploads\/2019\/07\/CalRosal-00051-285x190.jpg 285w, https:\/\/www.carlosyconchita.net\/rutas\/wp-content\/uploads\/2019\/07\/CalRosal-00051-272x182.jpg 272w, https:\/\/www.carlosyconchita.net\/rutas\/wp-content\/uploads\/2019\/07\/CalRosal-00051-570x380.jpg 570w, https:\/\/www.carlosyconchita.net\/rutas\/wp-content\/uploads\/2019\/07\/CalRosal-00051-380x254.jpg 380w\" sizes=\"auto, (max-width: 285px) 100vw, 285px\" \/><\/a><\/p>\n<hr \/>\n<p><strong>Dificultad<\/strong>\u00a0:\u00a0 \u00a0F\u00e1cil<\/p>\n<p><strong>Distancia total<\/strong> :\u00a0 \u00a0 \u00a0 6.724\u00a0\u00a0 m.<span class=\"totlen\"><span class=\"summaryvalue\"><br \/>\n<\/span><\/span><\/p>\n<p><strong>Alturas m\u00ednima \/ m\u00e1xima<\/strong> :\u00a0 \u00a0\u00a0 470 m . \u2013\u00a0 591 m.<\/p>\n<p><strong>Desnivel acumulado seg\u00fan Wikiloc\u00a0 :\u00a0 \u00a0 \u00a0\u00a0<\/strong>\u00a0 &#8212;\u00a0\u00a0 m.<\/p>\n<p><strong>Tiempo total \/ en movimiento<\/strong> :\u00a0 \u00a0 \u00a0 0 h.\u00a0 0 m.\u00a0 \u00a0\u2013\u00a0 0 h.\u00a0 0 m<\/p>\n<p><strong>Vel. media total \/ vel.media movimiento<\/strong> :\u00a0 \u00a0 0\u00a0 km.\/h. \u2014\u00a0\u00a0 0\u00a0 km.\/h<\/p>\n<hr \/>\n<p>Inicio de la caminata.<\/p>\n<p><img loading=\"lazy\" decoding=\"async\" class=\"size-full aligncenter\" src=\"https:\/\/lh3.googleusercontent.com\/sHV1_RPlIq50XJxeIKEvDkxStuiXoQ5UHSCgbgxPcnhB0V9LO_qOx9ylehKYJIpK4VKwocu3-V1tQNMKIhf5gr7GDaRE0Xl7UHx-FCqU1s3maPQhNFkLsAyqChq7jOfIFkkjNDXcjX_4LVi_fsyfG5oYTWHoNeYH5uN5Xp5zmeKJgy1oI4iP9Kdi9PBT4vNqTr-83JMOanOauEi8JQuIQ9TYpGgKknOL413FLTNBR0vtSEyB9wch_EkiLgo14ptjo17gxb66MFL5n9Pr1jgq7gbroteRgzQWlVlTaZdtGm3TapTRoYzHkhXc7WGlvvw6Rz5ufWPoKbSU27rD0IQp02UBPhwezK1RlosfHKr1Z6dPlHbS6YoU4PZi-qc-aV4OtRd4PlO541YQ8yQjDKUQPRNkN-fiBRhm704CGLGggRpQzm0dzd_sZWzbRzEs5P-lD9R-BGqrB1zBudxpCRPBS03g4sNgwV0ZDP6LATqn759uAuqWNrTUPjHW15Vt9PNmlMfK9lnckhnqEfbTuvnCGLDR9u1tQyh5Q7JkoD_u5GBgvtc1z3u9jNUAPH5pMQQV355vfIjqfgxR574qiK2UXEgF4Bfz5GY_bazls24Fac0d3Q1nxetG4UCFKBMhxyVw8FRgVQzo9jVZGSVOJfsQVbHsdgZELT91CNiJP3jL2-Cv2eqTmC-jR8HfLDmo9dURWOjdG8eVX5FGNItzT0GflR5Q4Q=w1024-h576-no\" width=\"1024\" height=\"576\" \/><\/p>\n<p><img loading=\"lazy\" decoding=\"async\" class=\"alignnone size-full\" src=\"https:\/\/lh3.googleusercontent.com\/S_I0okWUJai9LkZ9KOHSBGiPOqsLb-HWNCJgGMCPk8T88SZZnhi3gWoFgIXXnGMBrYndDIUG1J6wmfYAHgaL-Q5C2ZnVdvJuc4c3o44237C1BLrAIc6RPgssNp4YFvYCY1hQL0G_V2w-tnP5A2Q7v_rFu4Raar-x-Sya5spyE1xlFy8NFY1s5EHYYgPPCwLaKKnZiGxyaNwaydfjn9Cxccr4jg3I_siErBLzLSnQZwawe9U5bEg6DUdaxB9BaSpa6a_fbg_g-brW7Cyc9hVwkjOKuICze9vqh1nj7po-Wj2v7pndOAocVI2n519KXQZkygsyohvMO6PYEy8nAzbKqtyP8SuaFIMaR9AnKQcEOHRNvMEy67oen3COL9lGspLE4fPljRY9s9YliBHLzTVLdtAzZrC31XFEUovXevF64gmhIPSh41qZioX2N6XlvtQSa5netGMjbDGK3PjteDy7Kfn7JUhzqCwPPoYz-SXjKQkUtEs8-b2zSYgUFwlVSwCCFIWw-k9poUuaPRs9knPVML2weNnAIH47wGNfkfCzG-j-FvAXlr0iPk4HokG39-Sbu8UI3PRnizZER_z2bniOYlt0Sh_SmZ80WHV5u3rpEv5f2Gvsb-21hoybBg51m0V8RWOv2wqKgRYk2Ytt7V3Y7ExLS11pOJpDU7KpxAo7_Rltv_r0bg6yXiXFpS-po7PzBUUEYfQs_uiVyOjL6XaFeC7u1Q=w1024-h576-no\" width=\"1024\" height=\"576\" \/><\/p>\n<p><img loading=\"lazy\" decoding=\"async\" class=\"alignnone size-full\" src=\"https:\/\/lh3.googleusercontent.com\/jeiTEFbDHXRfP-bqnkscWwk2s1lRuXJ3_6zKJuuAdIODel40AiTDXtDQsDDA-FcClh3iHWohp2Ef91qg1ieN98-5cM_ysIU6en7D_43vQiHQPimAjjHYCVk3eeyBlfyPdaydq_Y5vjpjN9QBTewZhJFNe5QaIGzvsUv-SPrek6vD6wUcz4FucgPjT_X5BJhAwfgyLy_bJqbXfWgEiN4AwalkBrIDrCShYe8wllwqQjFp6_cxEmVOi6aZFyqLY46S_1Dl96yfQKn3PSqAjIHQcYddf3tP1xPMIGDR5CUAdp1uuSCoyAXNIUU9NxzS1YhjrFsbaxbY4hGC95hCfzIEPCsM72kYzXL-X-BEd0NC3zl1nTlRF5jAz7iRYkwjb7fzfGVrfmiqU-qLlHW8Tuyi7lx4nMq-8WsRNuNdDjcyS38YC5Y1qgYmtlgNwrV6cqG11ajGZpkn-zaA7kmc9i56AOx5RWHPzlwTQWomlfe9FLc0i6Ift8obUKIlzxAYSvIjg4iwRRaw9VLYMxIDuyZVXqWAzk42TKbNyYFQqDzVt6OpipoCTcIPMfia3PTL08Tgeh5GaHBSXQTVlp9X_pUmqdJbICrCfKCYtvBGCnUuaR_bP7OZqlHkA_TLhRgRAMU9RRec27P8NrhNw3G4YPfYi-KloB-POpq4-rjzDSHa7y41-C8UPukPOoUVSrOfgOhxiVucWcUuB0AzrC4mVr25FiEeBQ=w1024-h576-no\" width=\"1024\" height=\"576\" \/><\/p>\n<p>&nbsp;<\/p>\n<p>La ermita de St. Quirze de Pedret<\/p>\n<p>&nbsp;<\/p>\n<p><img loading=\"lazy\" decoding=\"async\" class=\"alignnone size-full\" src=\"https:\/\/lh3.googleusercontent.com\/kAOX_wpnh0IK3osrBW01rHyDf2F0k15uBE6GUqH4CzzStL1x-PDbC5sD0A72c02rpiMRY9tiQipHnjw56O4J9iIK8DsZOBOY4OJOZzrvxwY1HGCwCw3GOU0LsZNT-nwCfbmVyDvPEFoCdtP3W6l5XxGX4R2B9Rzg66862hSR215VKaME8Wu3ReNRELkq5umIo5SL7mZEhJM4FLWOBVAPkOIKO6EvuODnfzTO6MYoiyytSF52JRBGg2KGj0j02OFz8lGnq7J9_0HoD7NYAJI4egh3i2vkkZKAST4tAIwEtFIpnJJmB9BEI4Z7IvprPhlEzI7RjcR1L4IycRH3bmqZOpNb_hozFVsbc8OXzmIQ_RaXHdUhut2t4VNNsA_ZVUv4i33UyGqaobHw_tFwuROIV7g_oslD_gqnyZNBcJLjeCrZ1Wv4mlN731pFX94nXXJxLAdID0uScmMpSoxqTPs7UdbLoNqaPS0UyT15jPqgcTJocYfeIwqB37r5AUsYZLWgaqd_rz8_fAfBLpvQkUFIspmHPErB6kljo1iUaMja1RVD_nuoeBPJNXSRFQbdxBkB-aLZKT7Lvtraq-PXetJGxVy68M4Cg-LKs69RwtF8HVxMsU7PI2y1-gMgGlxMj7HN47kW9YzKCfAAOQKR7x3MFJgkequqoEci7qzt_vfFFgUA3yfd2HKYSvDgBAHvUSvYJEVOYsj_CVT3zUe7Xc_TxcvZbQ=w997-h747-no\" width=\"996\" height=\"747\" \/><\/p>\n<p><img loading=\"lazy\" decoding=\"async\" class=\"alignnone size-full\" src=\"https:\/\/lh3.googleusercontent.com\/16zVsc4ERb3aNXmwP3uaHWYSr0qTOJ5rAAZk8TUXcRgJfe7KeMNyfzDOlxsFx-pFXTvCI3zE8ifwvAOUZLFknntLsjxcvSmJ9g-Zlnl5xGI2N86PFvva0SeZcvrNW6p_A8JDCVjRlCO9I4WtWuglXuAiwgCi4fS8iVvklWegjK9xzIO34-tCmMZuCgL-TM4AsBJrxwgW6Dw2NfR5POoqQqOdeJU1dazTRi_KJXCJ3RL3x1O1G5XzKS4WNJixQt61NwLU03ZtpU16y4b_lsh2h3ITuIJFcIfPxnRk-TxJKHPUngj9tONZjNanM-PJBCpE8mky2PMU5DhJKgGfQIXuVi9oeuMp8Cz1S-D4-idtAW3uN9WZceLy6PmVJ-A2EZEsXzDb9Oghf_iMBkQKez_th74YEIm2XBbrEJhLE2oZm4Z8Oit7UW5ajX80YZPcaFSXEEv9hFXRoRrEvGELtGOlRcqaYX9mV_idtrhaI08O5-Z2tDhYJ5I5gs_hpETGL1MMe7mIZQHKYGJpqBGadb-0vdQib0nGYGVIJfF1dJBSuldw4wAM0f5ZpUJ0BIFkobUXrz0LwuZa8iQButYSE8NepCbZQN41n_jZYYJ56Ypj_lYDdIZRlh6KE6XBkU5UMUMDl9IU9p2vjgdiYLRPnNfSsvC3n4tJBWz7vWQ9jKJyByJz9_UC-45EiZryIj0zP2vv8epZE1zCeXc1MiP2REH-t8YNKQ=w997-h747-no\" width=\"996\" height=\"747\" \/><\/p>\n<p>Por la \u00abvia verda\u00bb<\/p>\n<p><img loading=\"lazy\" decoding=\"async\" class=\"alignnone size-full\" src=\"https:\/\/lh3.googleusercontent.com\/YNHzfFlXt_22TGjK9lkw7nddtVrgNjib6iuIV9YvRHG-G_cigmkrhHk5JLrUzWhCKByWQZV7KTEzZ0HE4aiOd6-hKpbsNxJBv0XcpF4zFW1RdY2ByfAZGfcbF9gzGLFaIPe90D_9oWVVV5BSjCcKTkUmint94PoaH79zq8Lji_ytUIgBA4ZjgXgLoisUpkmsideH3wL4db2Zefuwnx7HhWpZZKUSQIJ5nMhH7GEGhBBX_hvXD0r80-zbAsAjlkXgXmXUxcXBV3f1aV6lbbQtxPrGO_EzRvmRpgOXKQvh8TNw6Fs00zL8VKzBWBEFKF2plDZjuDbzhxjEvQw4L4yMjIGwPSlUk_iKbrJw-kPlvnHeFbYLXwAhXXeukEXeoyAYp2d3NAXx_HPfRTsL55brK4WR6pKejPV6hVuG16oiT3c3atyOsTjAXVVXozFaAj40vCtGCQ_4hgQwPMCtsjg9xvz_GN7tX-_fH6KOUOw1_SYnEDu8V1EcwPBVQw11_sWuWJvQBQD1ywP_wMMrvnaUweq_I5MNmqIMGXxCJOA9QjEC9mC85xtx1C3eBMY4OEv31K6OPWYMEzvKb7N-dOeH3345cOeEb93t2gsdVPJfraUk7MX6rNMHVVMFHdhBoErEJvYoW3n0PEZgcCwaRzAeXQt2w3JtQZ9YtSFoXhwssrI9kLmHbT352P1cQ_iN885RrLh6jBZosHJg52fVOk7CPGlkdA=w1024-h576-no\" width=\"1024\" height=\"576\" \/><\/p>\n<p><img loading=\"lazy\" decoding=\"async\" class=\"alignnone size-full\" src=\"https:\/\/lh3.googleusercontent.com\/PvCWxpR7892Ui16zH701S2ZU_--0gR43bTsPi2KTHjHlzDf_KrrxZpaBPnEUCXU_OTxzip76IRCabOCP01pOQNyAHHSdO2slMucLeRK6Jp4jl4QtNW_a89rdsjJABOXMrolJjBSuwxy_bKV9ZSoWg4mtkiwzwWmV38HTi5xAzkDJdN-OyOvKxXXabJHqttBaR34ni50TcjIbhHrqllUkxCxdDpGRZ7wL9qxAE558XkGnflix4kAIzob61-3TuOJxRoQS0Znmeo13XzVfKNO3w2MGrbRzaWzvtCk8JfGWvlUBbqaGvhXKvTBvouJK4shm4S6OYKhIzbaqlIgjmirtpJoetCoO-aCiCNyyidBctQoyUYEySISGgx3eSefy8Fg00fweqsvVudK9EHzaiAAS6c7kMBQ_8Z1AU1Sx_UDEahbMivBo0EaUs8c0AWsTwC6LYwO3OPYmwGvMCVEknmrbU3GXvyP68v9lxtn2TAx_LM895LU3LWhBhekrXRyigxtT-4XO30K_g3joVFPdsFAtlONHB6yIzHR4bcCXQFB6Nh9Io25nuL_sOuMpc7RnU54E0NXhaZ3uELU3CBq6n6GF-90_XYGS1X2IXoAPwm745cML9eqJOy1IS0gJ9urdK0Eq6b5F394CTNy9QrGOb9qZN_FujKBUBvKWOvAsRxdvUEdxlRY0aeXfp_w8j3yJwvancodCu0wDhztjemk-fxpMSywX7w=w997-h747-no\" width=\"996\" height=\"747\" \/><\/p>\n<p>Un bonito tramo del Llobregat, con el agua muy limpia.<\/p>\n<p><img loading=\"lazy\" decoding=\"async\" class=\"alignnone size-full\" src=\"https:\/\/lh3.googleusercontent.com\/XTSqMGwsuVoFOL6N-fZuCPo7ytzaJN2_Ush7Kcn-jn1hBEiMB6yizPJkLvyyXVFB8dA1wRnaC7QdqVNnD500aZzIQj28HY-BK5nEIl9L6eHYe6rfDsvlMPvNqodm_1wUSWXM4lWxu8EWp1_wVoqSgyGeRJYy5VOCBTxiK2GQXkPL8wZDMxXeS9MAS8EtxrdVYLyNO1rBY2WyG3yXj7tmZ5hmsTgxcTxeaJN_tcT9GkGlLlxFgl_JDo64j1swNlvpYTKltZOEO3K7gplOPESbrlpE2wXZBWXlNGdcYKBKvkIU7Kn_4Y3COvfOgzeZXo_cw2vCE1oXLUoqroysdAhxkdH6kY50wA2oYGCyMjTzE52Zu1IPfDddb8yeE4obSAYtV8FVndHP2EAXh0wHJuEtSUvQtXe7NX_KGVEiEaPAZiLSbLc72sMTLC73LOquGxwJVb37CJxcp8tzCk7W5Q-827IiYA3-K5AOg3ObGW5Krco2A1MXHRHcsdUfr1sXSP5-DKvloRbo5_q_I-oEsJTx0Iot1V9A1gjMz-VEHWLQyWNO9Otj8j0PZZtM1gWVD4Q-6oVjmVN_wGG9vs1I-uPbnK693n1uNXivbq6z5I5VCEOeWMhzy8g8e7V91ejDS-ZfAmWZzEqSVunIWXEG8eGiSWeOtxv-AgTnt_J3NyXSlTbqRyAcVvPbC0-quoqpN3CRGxHtxAiYFkOE2OqG5XQADb2ioA=w1024-h576-no\" width=\"1024\" height=\"576\" \/><\/p>\n<p><img loading=\"lazy\" decoding=\"async\" class=\"alignnone size-full\" src=\"https:\/\/lh3.googleusercontent.com\/bb2T6VWESy_fq-MlqWvEZFjPnDAvPwhE3m20xojTfo9SrcRTlr7b5Isd3AfnC7IW8Q69iMXOCBEJS8LXR-_O0JEE5RGFw5WxRhmKD-Y1PDhKHGnYfgbRloCz6IRA9ORNSw9sxuA-9QlDdjBdov_y_GUIohw3JjCG-OBHLBAuCYSVhIrdruAE7ovMEjYgBtIHXJvbIjjxyn-NAwd_bRY-qvE79jISlridaRwc0w0SosDX6AfEGyKAdw-LnfUaj_Q8RRGgKaSsVZwOYvlJhaEgy63zGAyteJiUcR7--Q73XglOFWzyBqWj2ttnlVBxtnn3WMFi33yE0L0NxTtBfdf8LOLomu-Ve0qrfCBHxlpKfVyN0fhC0GTYgNq3XAtzaEkb4uYmDEbstLHXPOX43zAPrGeRZ4CIaOWVZ7Dcpca1wql5UViPZlFaO24IkmRN9k3Uw7C2IR55B_vchWcwg5-_kAF5ty5a_AWsgIzfSOWmx0mkjvVWvvWUXTwT8_ainJDdz_Mqu_SLYbEWFXxY-aRbRjTxQ433dPf9LmZmr6jxQckdbOkOozJfm5L1ttpqsQL57dBma7SkWthD7xb2rsLvnU23ewQTVS4y9-XVRiN4K0Rvxf-3V-o1u1viNd1KE4ADKQM4FRmFk7vASEd9utCoU5GRdPAQO7zzDG_1D7qrBDY--LuAkDodS1sdgT7cNimRosUKqVH8reOr_Zdi5hzTDpZaVg=w1024-h576-no\" width=\"1024\" height=\"576\" \/><\/p>\n<p><img loading=\"lazy\" decoding=\"async\" class=\"alignnone size-full\" src=\"https:\/\/lh3.googleusercontent.com\/BoLgQzKrW4qswDRahYy1v2sXyfztW890hVMpG51h6DbFnomdIkyxrml5Al9uOHsxcLIr-bGTfzy6e_mgtDppYWlN8z-YGCkNVVsjECSN_jgKe581199ihy-yqjRyYUqfMVgiadq42zKlE_krBO-QApumQ5KKMz-q0vryz9X0DyDCuc7Cv9reh61N5s7upx_iYCJ8IHIKdzFN27332MPWeZY-oWuqSJWag-3dM9qXqQ-p67xu-R4LB2SfIdlJvEzgpNpXNsosgUNELKPqIzG_1Xhpgy1k6vzTPBgx1dl3z1ThrZb-BD4ZdkSfpZsfAlgJtb2AX-87e047dwsJMRC5hS7xVR_MQ5MlNOy4A7QKTjwdUXVxDbUK7Za9yFtz0RVbI5mCMvqK4AAQAO0lzMZsXgBQKloSax1PL_TpKO1veyxq_r4T7MCH_GZ2_kqKBgGu3amPKuRKMGKrch3TURD-j_ioNDbSUFtcdEy-JHB_josapTkmjyC3d7BREdDKwXiUsH0Ym8BeCy2v2TECq2EJ0xrzibGsGOonM9td1Ry_LFwSWX_2e8iU1GFK_wgI8EBVOq8DYWFVRXI0ucZJqcW4QfhF0WNKTJg-dyEMP4B_PNrc6CObDamMGSXfaxD1AbGalLBpKggG5zxbtfDxgJ1MIce_1E2nMDU9570aUqWxEGQ6M_ISx7NkMv9IAW2z8phSu6NXAqobaOLLcDh91cU5iD901Q=w1024-h576-no\" width=\"1024\" height=\"576\" \/><\/p>\n<p>Llegamos a Cal Rosal<\/p>\n<p><img loading=\"lazy\" decoding=\"async\" class=\"alignnone size-full\" src=\"https:\/\/lh3.googleusercontent.com\/OobQHny0Rbp7KkBj1Gol5svr8vLzoDfA5YG_VrZIJVVhbsE6e6JruYCFP4PpVtS0lZFEm-YA1TymzZUCcx27jTaQMdovy0a9yCjsluZ9fC3PcvAF4A_IUTFe0xc4c7mSlnUq0lvlp_oTWDhA_7mAq-CsUHEW6s4znRB4OrYWh9R8Zteysdh5aUceR8XxjqHw-QTthPiwQhcXL2emUp7m5kAZzg_3DTowLiq3P_8PsfyvNdguq81DGkXwvIO9YS2u6TPjhtN6HAYgAvc_tXLadwOjUGf-Y28o38fdBhBYWINjR5tNz4Du9UeyIBMds2gxtO5g9a0pnFD8iPGvTPVBdE9ZPvLLe_ruuHhQQbtC5M8FhhsyDYwSFO2M5E0guCmKirbuJHomGsNBZfwFc8MdV-isOrts1-lljJdIS0C057a5zWblOjE7oEumq93yY80ZeVtQ9eTk7W19FQhyi6DXN0sbTLmwagqbaQiHOXfyducXAkCwqHvsPT4G5hC2YsRLRAzALyOKTl4tXUx5eWy2oVL4eeMBjyUPDRIFfD2xjufAh-9Uw55OwV43_VqEV6AEwiSiUyaleBcR8RMfbjs668VIxAOV94XohnZIEXgphTD_yGBZhPZJ_n_iq0shalsjVcGLdTkc_f0mNfQlUK4DFA1HhQyjkClg1E9zu1mGnfIutGwuzeGozhIOq5XPncST6WfS9RBcw-TIBxYaSxJkdDlT5g=w1024-h576-no\" width=\"1024\" height=\"576\" \/><\/p>\n<p><img loading=\"lazy\" decoding=\"async\" class=\"alignnone size-full\" src=\"https:\/\/lh3.googleusercontent.com\/MXKyibYKqKcA590cqowsa9xJefwqhTm6hCoQSiKqh5uswgTJsJM2g-SyBLvFS6cF-KEo_CfjNAFfHJZ7Biv7eykcIhFLorc70SQChC8fA0edmjdgX_Olt-yOzYFU_xOPhFG2Y49TDFKUybECV5DXZb8XSQTJ3TAje_VJLR-nMHjfhrg_Rek8ohopo2XST3tcXohIoasadU8TJynSgT40gig0J9r6YaFBXTGP9HR_qHUdo3Z9U7vk8He_xOi8kqNqOSMh-WkrVR4NMC6vqUBp7J1rtJcLXhXbZCg1Jx1yjWF483AVO9LFqmMKSNvIoPiaI8YbKiEVv8Nl4DpnxbqA1_MWAbFykfcZtgUrx9vbRz8HCcudMKy_q2aOfaWVopJ71VO0zFzmZjvzvzcxNNLKhO8FRQLwE_U_12XyHJW7e5-U5duZDEbU3dOedFnH6pWVmVUiXhxjEJ4gbLVG9FZ3XgJ_iDP_Qxqr-Qenyieo-QJSy72WaAitDqTp0hV4WMaaIgvi6xRVGZ4JsCyNzA0PdD-usdNm-dxx76JPJieJyYg9OcZMGIV04FJsPQttomaPHE04Hei0YThyIpjTjWE3mvIvyYFX1iw_fox_tguz1IfxPlzuHwJGQt_DSRCZSjr7H5g25J9NsbBcZUaaXKdOv5gwwcJ8K39r1rNdcJym8RpB2xaJvUYHKcKqDBrXv6YQPHoaD4ZxoILZvQsuqyzKDnDSFw=w1024-h576-no\" width=\"1024\" height=\"576\" \/><\/p>\n<p><img loading=\"lazy\" decoding=\"async\" class=\"size-full aligncenter\" src=\"https:\/\/lh3.googleusercontent.com\/BMlBrz5x8l_OCfFXF9-SA32avs5SBqVASELd0-_SMSD5PdVdDtu96xq3aQTxis1WbxPsFwgFZ0ckzj2Azir6njYnDCZWwQvDVzfgaoN_QF_lH5PyYf9BWj4RquXttrO1LlHpLm7JAEm8GgMgOL8BNPDv54PYr5fcEpwrnvN1FkfqqjcJZ-kVwQhm0MMlHwpX9FajCk07iUUCRrDfB1gZogmOfu-9dqu8Y9d2Rzyde0hlLSmJjE_avD-TN05q0iFm1VsqJZ_AkVwUq-UYNC8ecTvHiueXoEjm7x4qgRAy_ElEJK76oliMjH3oCTlzK5Ublh35kDxa9BIq6ZKsBfM17Di4b1Va6MVWXPDY89Gr0uz64lQ6exnCM7_Csyy1tXpbrXDyEOcV_ZSt1Cm5RVNATz0ABEGzp0jQsg742KeG3bAz58ejs3VmWd8-mvOjPF9nAUARi17Tf5YXjGTa24PdlKeE4IEXO_sP9tvNNfxZWhczpzWldStzciZMIhjzIrCYMgOynWSEPHA13FkHkC963GwUbgQ5wBptJ1PMU9yi-ZybU5ppOCyhTDZKgV6H6_uZSK02zy6GXL6IwtjfT_uIpRU2GNmoFNxzaMBNvOgSnEJclTKVeVqy75C6m394PfD8f3uWvVeh8sizLPdHJMe9Pm6bksZhkLXONI4yjGR_vRzvjdadcOIOsmAvoE0tfYcTDiSAJuaB2LMjm9Y9dqBWQJlFgA=w1024-h576-no\" width=\"1024\" height=\"576\" \/><\/p>\n<p><img loading=\"lazy\" decoding=\"async\" class=\"alignnone size-full\" src=\"https:\/\/lh3.googleusercontent.com\/xpFZdvHHWxcDlkja6jVHlPNOwkeFMRjnFFN7OGGVt5liUq4LzaoqqavIDJ5UbltKc28UxnF_jQsnrW2N5_pMiq0x-Ef05vpIWV0y7TEXhHdPunO9u_bX3H_sEnFGGFsWsY-Gmsn7gdfzcvKZ19VmT75sTkpMKUS2RxQBHPI6nOjZps-a5i4alFBe29TtnA6K42iJJuHhb47nqlpGbw3gRA9VrbxSi1Siy8uW_lM1oZf6ILgZxoeZ5tQULcRN9tA4qOTe9zyPuwDDWKXDyX2e488SPb0ATgdLKBERPHoLxMQftqvhnldyNQeIJVHWcxGSJ9LRmynQ4A5L0txSVo_ed4EJ8MK8-4zAUdZKLU_DwJNLoBqq6w7Td2mxDVz9iinBLKe30Y0f4cmSMTeyJCg1mzJv87FTF4lRqqStyCBd0S7I-fD65HzsnuPhKEu-kOpz83SGwoVgsMoUt_GLbtAndjA4uUbogYOGwaOTS_18bn5Gor2vOOqZvtQQWBV7MRcTX7iKYV3J4hkWF_X39jD8YJSvkqw6gRTcuZTZtc4HKqE8ys4XUYYontayfhoxRvlcxdqhuDvDolhkQJfMKA02LC5ebZ1wjsVwVDttWHw75_EBycsnrKGQJcT3y2hCp9UE_fxJt8RbftnF7Cfcj9L1uNnt43nfJ0yNVefwxSvClmTy2Jr1AMetZ4D8FLFhFTp6IjH9SiD9EnHuNddnJwI0eiuRgg=w1024-h576-no\" width=\"1024\" height=\"576\" \/><\/p>\n<p>Tumbas antropom\u00f3rficas.<\/p>\n<p><img loading=\"lazy\" decoding=\"async\" class=\"alignnone size-full\" src=\"https:\/\/lh3.googleusercontent.com\/OT8gsju0vErWd5JGpYKh6CFIkTVIOOlA_LlY7EB_9FVtwq9D0z67Z_mIU3ps-PPip77cWUq2BGYiIT4l3KQnisNpp2OKYunJE-jPWWhwfV5aF4h_s646k7JxoqtQd0Q5A5LnQyL7CQqmrO_CUIAnoZA8LA058ZBayXHQwab-P5sIm8XngaNutvSVy-UuMg9EMUy6PClwo0nCmmwYMz8OJOwftZdED1zFsWZdjnAkcVuZOEZvid1HKYnPyP-mN17cOSVziaVAQu6OhyZuvq86XmBk7xtith03VL1z_vagbIsr1JbAm0Aac5s4wv1dQBbWSxRFoRU9uzVaCeekXM-qWRw_jqT06uQlcep_LgP6A06W_x-RJeNzNea1DXilB6KwvD_R-NKzXoALcWsw7HfzsWKbFNQSq8gqcgyverefWwT66yBaEjRXInxJOwDB8Y-Mff6zBKNYn6vStO8CwLTgArA7WRMO2XbHOpo3KS5X5boD6x2FrmsW57f6WFDOq8rXCRys8IBmyB2fQEWiKppS9j7Vu4aeJ4VeVYKBDeHgwIoEtpU5X9GaHT_y7KHrqRFAWKmeOP_yTTLJZ-mHTxFackNzgnR4nt8gdaDv-fKaJ2qAF5AoDnCpp_dujifNsx44gi9GhKsDJBMEoAPSC1eaL92XjAT4b3vGpQmDu9tI4_5SsNY9Tb57v2wfE9OSl00ttn1qfN26dNPe0aWah18MyAgIKQ=w1024-h576-no\" width=\"1024\" height=\"576\" \/><\/p>\n<hr \/>\n<p>&nbsp;<\/p>\n<h3><strong>Track de la ruta<\/strong><\/h3>\n<p>[sgpx gpx=\u00bb\/wp-content\/uploads\/gpx\/SantQuirzePedret-CalRosal.gpx\u00bb]<\/p>\n<p>&nbsp;<\/p>\n<hr \/>\n<p>&nbsp;<\/p>\n<p style=\"text-align: justify;\"><span style=\"color: #ff0000; background-color: #ffffff; font-size: 14pt;\"><strong>Si te ha gustado, comp\u00e1rtelo en tu red favorita o env\u00edanos tu comentario.<br \/>\n<\/strong><\/span><\/p>\n<p style=\"text-align: justify;\"><span style=\"font-size: 14pt;\"><strong><span style=\"color: #ff0000;\">Muchas gracias !<\/span><\/strong><\/span><\/p>\n<hr \/>\n<p style=\"text-align: justify;\"><strong><span style=\"color: #008000;\">Suscribete si quieres recibir un mail cuando publiquemos nuevas rutas : no enviamos publicidad y como m\u00e1ximo enviamos 2 mails al mes<\/span><\/strong><\/p>\n<p style=\"text-align: center;\"><a href=\"https:\/\/mailchi.mp\/6989c83a3e24\/wmv06rtqcz\/\" target=\"_blank\" rel=\"noopener noreferrer\"><strong><span style=\"color: #0000ff;\">Pulsa aqu\u00ed para suscribirte<\/span><\/strong><\/a><\/p>\n<hr \/>\n<p style=\"text-align: justify;\">\u00a0<\/p>\n<h3 style=\"text-align: justify;\">Puedes imprimir esta publicaci\u00f3n o guardarla en diferentes formatos :<\/h3>\n<p style=\"text-align: justify;\"><span style=\"color: #ff0000; font-size: 14pt;\">Para facilitar la impresi\u00f3n, se ha reducido considerablemente el tama\u00f1o de las fotos, pero si deseas imprimir sin fotos, aconsejamos guardarlo como \u201cdoc\u201d, y antes de imprimirlo, eliminar las fotos<\/span><\/p>\n<p>&nbsp;<\/p>\n<hr \/>\n<p>&nbsp;<\/p>\n<h3><strong>Wikiloc<\/strong><\/h3>\n<p><img loading=\"lazy\" decoding=\"async\" class=\"size-full wp-image-958 aligncenter\" src=\"https:\/\/www.carlosyconchita.net\/rutas\/wp-content\/uploads\/2020\/09\/wikiloc.jpg\" alt=\"\" width=\"117\" height=\"34\" \/><\/p>\n<hr \/>\n<p>&nbsp;<\/p>\n","protected":false},"excerpt":{"rendered":"<p>Hoy nos dirigimos a Berga, para hacer una f\u00e1cil excursi\u00f3n por los alrededores, desde la Ermita de St. Quirze de Pedret hasta Cal Rosal, por la llamada V\u00eda Verda del Carrilet, antigua v\u00eda del tren, por lo que pasaremos por varios t\u00faneles, siguiendo el r\u00edo Llobregat, con un magn\u00edfico aspecto, para los que estamos acostumbrados [&hellip;]<\/p>\n","protected":false},"author":50,"featured_media":13030,"comment_status":"open","ping_status":"open","sticky":false,"template":"","format":"standard","meta":{"footnotes":""},"categories":[14,22,59,85],"tags":[],"class_list":{"0":"post-13029","1":"post","2":"type-post","3":"status-publish","4":"format-standard","5":"has-post-thumbnail","6":"hentry","7":"category-muy-facil","8":"category-de-05-a-10-km","9":"category-barcelona","10":"category-bergada","12":"post-with-thumbnail","13":"post-with-thumbnail-icon"},"yoast_head":"<!-- This site is optimized with the Yoast SEO plugin v27.4 - https:\/\/yoast.com\/product\/yoast-seo-wordpress\/ -->\n<title>22-06-2019-St. Quirze de Pedret-Cal Rosal -<\/title>\n<meta name=\"robots\" content=\"index, follow, max-snippet:-1, max-image-preview:large, max-video-preview:-1\" \/>\n<link rel=\"canonical\" href=\"https:\/\/www.carlosyconchita.net\/rutas\/22-06-2019-st-quirze-de-pedret-cal-rosal\/\" \/>\n<meta property=\"og:locale\" content=\"es_ES\" \/>\n<meta property=\"og:type\" content=\"article\" \/>\n<meta property=\"og:title\" content=\"22-06-2019-St. Quirze de Pedret-Cal Rosal -\" \/>\n<meta property=\"og:description\" content=\"Hoy nos dirigimos a Berga, para hacer una f\u00e1cil excursi\u00f3n por los alrededores, desde la Ermita de St. Quirze de Pedret hasta Cal Rosal, por la llamada V\u00eda Verda del Carrilet, antigua v\u00eda del tren, por lo que pasaremos por varios t\u00faneles, siguiendo el r\u00edo Llobregat, con un magn\u00edfico aspecto, para los que estamos acostumbrados [&hellip;]\" \/>\n<meta property=\"og:url\" content=\"https:\/\/www.carlosyconchita.net\/rutas\/22-06-2019-st-quirze-de-pedret-cal-rosal\/\" \/>\n<meta property=\"og:site_name\" content=\"Las rutas de Carlos y Conchita\" \/>\n<meta property=\"article:published_time\" content=\"2019-06-22T15:40:29+00:00\" \/>\n<meta property=\"article:modified_time\" content=\"2019-07-30T16:10:02+00:00\" \/>\n<meta property=\"og:image\" content=\"https:\/\/www.carlosyconchita.net\/rutas\/wp-content\/uploads\/2019\/07\/CalRosal-00051.jpg\" \/>\n\t<meta property=\"og:image:width\" content=\"1024\" \/>\n\t<meta property=\"og:image:height\" content=\"576\" \/>\n\t<meta property=\"og:image:type\" content=\"image\/jpeg\" \/>\n<meta name=\"author\" content=\"Carlos Conchita\" \/>\n<meta name=\"twitter:label1\" content=\"Escrito por\" \/>\n\t<meta name=\"twitter:data1\" content=\"Carlos Conchita\" \/>\n\t<meta name=\"twitter:label2\" content=\"Tiempo de lectura\" \/>\n\t<meta name=\"twitter:data2\" content=\"2 minutos\" \/>\n<script type=\"application\/ld+json\" class=\"yoast-schema-graph\">{\"@context\":\"https:\\\/\\\/schema.org\",\"@graph\":[{\"@type\":\"Article\",\"@id\":\"https:\\\/\\\/www.carlosyconchita.net\\\/rutas\\\/22-06-2019-st-quirze-de-pedret-cal-rosal\\\/#article\",\"isPartOf\":{\"@id\":\"https:\\\/\\\/www.carlosyconchita.net\\\/rutas\\\/22-06-2019-st-quirze-de-pedret-cal-rosal\\\/\"},\"author\":{\"name\":\"Carlos Conchita\",\"@id\":\"https:\\\/\\\/www.carlosyconchita.net\\\/rutas\\\/#\\\/schema\\\/person\\\/a9691f7258c28443fab2d3aa1479ea19\"},\"headline\":\"22-06-2019-St. Quirze de Pedret-Cal Rosal\",\"datePublished\":\"2019-06-22T15:40:29+00:00\",\"dateModified\":\"2019-07-30T16:10:02+00:00\",\"mainEntityOfPage\":{\"@id\":\"https:\\\/\\\/www.carlosyconchita.net\\\/rutas\\\/22-06-2019-st-quirze-de-pedret-cal-rosal\\\/\"},\"wordCount\":345,\"commentCount\":0,\"image\":{\"@id\":\"https:\\\/\\\/www.carlosyconchita.net\\\/rutas\\\/22-06-2019-st-quirze-de-pedret-cal-rosal\\\/#primaryimage\"},\"thumbnailUrl\":\"https:\\\/\\\/www.carlosyconchita.net\\\/rutas\\\/wp-content\\\/uploads\\\/2019\\\/07\\\/CalRosal-00051.jpg\",\"articleSection\":[\"0-Muy f\u00e1cil\",\"2 - De 5 a 10 km.\",\"Barcelona\",\"Bergad\u00e1\"],\"inLanguage\":\"es\",\"potentialAction\":[{\"@type\":\"CommentAction\",\"name\":\"Comment\",\"target\":[\"https:\\\/\\\/www.carlosyconchita.net\\\/rutas\\\/22-06-2019-st-quirze-de-pedret-cal-rosal\\\/#respond\"]}]},{\"@type\":\"WebPage\",\"@id\":\"https:\\\/\\\/www.carlosyconchita.net\\\/rutas\\\/22-06-2019-st-quirze-de-pedret-cal-rosal\\\/\",\"url\":\"https:\\\/\\\/www.carlosyconchita.net\\\/rutas\\\/22-06-2019-st-quirze-de-pedret-cal-rosal\\\/\",\"name\":\"22-06-2019-St. Quirze de Pedret-Cal Rosal -\",\"isPartOf\":{\"@id\":\"https:\\\/\\\/www.carlosyconchita.net\\\/rutas\\\/#website\"},\"primaryImageOfPage\":{\"@id\":\"https:\\\/\\\/www.carlosyconchita.net\\\/rutas\\\/22-06-2019-st-quirze-de-pedret-cal-rosal\\\/#primaryimage\"},\"image\":{\"@id\":\"https:\\\/\\\/www.carlosyconchita.net\\\/rutas\\\/22-06-2019-st-quirze-de-pedret-cal-rosal\\\/#primaryimage\"},\"thumbnailUrl\":\"https:\\\/\\\/www.carlosyconchita.net\\\/rutas\\\/wp-content\\\/uploads\\\/2019\\\/07\\\/CalRosal-00051.jpg\",\"datePublished\":\"2019-06-22T15:40:29+00:00\",\"dateModified\":\"2019-07-30T16:10:02+00:00\",\"author\":{\"@id\":\"https:\\\/\\\/www.carlosyconchita.net\\\/rutas\\\/#\\\/schema\\\/person\\\/a9691f7258c28443fab2d3aa1479ea19\"},\"breadcrumb\":{\"@id\":\"https:\\\/\\\/www.carlosyconchita.net\\\/rutas\\\/22-06-2019-st-quirze-de-pedret-cal-rosal\\\/#breadcrumb\"},\"inLanguage\":\"es\",\"potentialAction\":[{\"@type\":\"ReadAction\",\"target\":[\"https:\\\/\\\/www.carlosyconchita.net\\\/rutas\\\/22-06-2019-st-quirze-de-pedret-cal-rosal\\\/\"]}]},{\"@type\":\"ImageObject\",\"inLanguage\":\"es\",\"@id\":\"https:\\\/\\\/www.carlosyconchita.net\\\/rutas\\\/22-06-2019-st-quirze-de-pedret-cal-rosal\\\/#primaryimage\",\"url\":\"https:\\\/\\\/www.carlosyconchita.net\\\/rutas\\\/wp-content\\\/uploads\\\/2019\\\/07\\\/CalRosal-00051.jpg\",\"contentUrl\":\"https:\\\/\\\/www.carlosyconchita.net\\\/rutas\\\/wp-content\\\/uploads\\\/2019\\\/07\\\/CalRosal-00051.jpg\",\"width\":1024,\"height\":576},{\"@type\":\"BreadcrumbList\",\"@id\":\"https:\\\/\\\/www.carlosyconchita.net\\\/rutas\\\/22-06-2019-st-quirze-de-pedret-cal-rosal\\\/#breadcrumb\",\"itemListElement\":[{\"@type\":\"ListItem\",\"position\":1,\"name\":\"Portada\",\"item\":\"https:\\\/\\\/www.carlosyconchita.net\\\/rutas\\\/\"},{\"@type\":\"ListItem\",\"position\":2,\"name\":\"22-06-2019-St. Quirze de Pedret-Cal Rosal\"}]},{\"@type\":\"WebSite\",\"@id\":\"https:\\\/\\\/www.carlosyconchita.net\\\/rutas\\\/#website\",\"url\":\"https:\\\/\\\/www.carlosyconchita.net\\\/rutas\\\/\",\"name\":\"Las rutas de Carlos y Conchita\",\"description\":\"\",\"potentialAction\":[{\"@type\":\"SearchAction\",\"target\":{\"@type\":\"EntryPoint\",\"urlTemplate\":\"https:\\\/\\\/www.carlosyconchita.net\\\/rutas\\\/?s={search_term_string}\"},\"query-input\":{\"@type\":\"PropertyValueSpecification\",\"valueRequired\":true,\"valueName\":\"search_term_string\"}}],\"inLanguage\":\"es\"},{\"@type\":\"Person\",\"@id\":\"https:\\\/\\\/www.carlosyconchita.net\\\/rutas\\\/#\\\/schema\\\/person\\\/a9691f7258c28443fab2d3aa1479ea19\",\"name\":\"Carlos Conchita\",\"image\":{\"@type\":\"ImageObject\",\"inLanguage\":\"es\",\"@id\":\"https:\\\/\\\/secure.gravatar.com\\\/avatar\\\/3a4625b20c8da3de99da69bfe7a322774e291c3f90dce7e8778a30fe6748ed1a?s=96&d=mm&r=g\",\"url\":\"https:\\\/\\\/secure.gravatar.com\\\/avatar\\\/3a4625b20c8da3de99da69bfe7a322774e291c3f90dce7e8778a30fe6748ed1a?s=96&d=mm&r=g\",\"contentUrl\":\"https:\\\/\\\/secure.gravatar.com\\\/avatar\\\/3a4625b20c8da3de99da69bfe7a322774e291c3f90dce7e8778a30fe6748ed1a?s=96&d=mm&r=g\",\"caption\":\"Carlos Conchita\"}}]}<\/script>\n<!-- \/ Yoast SEO plugin. -->","yoast_head_json":{"title":"22-06-2019-St. Quirze de Pedret-Cal Rosal -","robots":{"index":"index","follow":"follow","max-snippet":"max-snippet:-1","max-image-preview":"max-image-preview:large","max-video-preview":"max-video-preview:-1"},"canonical":"https:\/\/www.carlosyconchita.net\/rutas\/22-06-2019-st-quirze-de-pedret-cal-rosal\/","og_locale":"es_ES","og_type":"article","og_title":"22-06-2019-St. Quirze de Pedret-Cal Rosal -","og_description":"Hoy nos dirigimos a Berga, para hacer una f\u00e1cil excursi\u00f3n por los alrededores, desde la Ermita de St. Quirze de Pedret hasta Cal Rosal, por la llamada V\u00eda Verda del Carrilet, antigua v\u00eda del tren, por lo que pasaremos por varios t\u00faneles, siguiendo el r\u00edo Llobregat, con un magn\u00edfico aspecto, para los que estamos acostumbrados [&hellip;]","og_url":"https:\/\/www.carlosyconchita.net\/rutas\/22-06-2019-st-quirze-de-pedret-cal-rosal\/","og_site_name":"Las rutas de Carlos y Conchita","article_published_time":"2019-06-22T15:40:29+00:00","article_modified_time":"2019-07-30T16:10:02+00:00","og_image":[{"width":1024,"height":576,"url":"https:\/\/www.carlosyconchita.net\/rutas\/wp-content\/uploads\/2019\/07\/CalRosal-00051.jpg","type":"image\/jpeg"}],"author":"Carlos Conchita","twitter_misc":{"Escrito por":"Carlos Conchita","Tiempo de lectura":"2 minutos"},"schema":{"@context":"https:\/\/schema.org","@graph":[{"@type":"Article","@id":"https:\/\/www.carlosyconchita.net\/rutas\/22-06-2019-st-quirze-de-pedret-cal-rosal\/#article","isPartOf":{"@id":"https:\/\/www.carlosyconchita.net\/rutas\/22-06-2019-st-quirze-de-pedret-cal-rosal\/"},"author":{"name":"Carlos Conchita","@id":"https:\/\/www.carlosyconchita.net\/rutas\/#\/schema\/person\/a9691f7258c28443fab2d3aa1479ea19"},"headline":"22-06-2019-St. Quirze de Pedret-Cal Rosal","datePublished":"2019-06-22T15:40:29+00:00","dateModified":"2019-07-30T16:10:02+00:00","mainEntityOfPage":{"@id":"https:\/\/www.carlosyconchita.net\/rutas\/22-06-2019-st-quirze-de-pedret-cal-rosal\/"},"wordCount":345,"commentCount":0,"image":{"@id":"https:\/\/www.carlosyconchita.net\/rutas\/22-06-2019-st-quirze-de-pedret-cal-rosal\/#primaryimage"},"thumbnailUrl":"https:\/\/www.carlosyconchita.net\/rutas\/wp-content\/uploads\/2019\/07\/CalRosal-00051.jpg","articleSection":["0-Muy f\u00e1cil","2 - De 5 a 10 km.","Barcelona","Bergad\u00e1"],"inLanguage":"es","potentialAction":[{"@type":"CommentAction","name":"Comment","target":["https:\/\/www.carlosyconchita.net\/rutas\/22-06-2019-st-quirze-de-pedret-cal-rosal\/#respond"]}]},{"@type":"WebPage","@id":"https:\/\/www.carlosyconchita.net\/rutas\/22-06-2019-st-quirze-de-pedret-cal-rosal\/","url":"https:\/\/www.carlosyconchita.net\/rutas\/22-06-2019-st-quirze-de-pedret-cal-rosal\/","name":"22-06-2019-St. Quirze de Pedret-Cal Rosal -","isPartOf":{"@id":"https:\/\/www.carlosyconchita.net\/rutas\/#website"},"primaryImageOfPage":{"@id":"https:\/\/www.carlosyconchita.net\/rutas\/22-06-2019-st-quirze-de-pedret-cal-rosal\/#primaryimage"},"image":{"@id":"https:\/\/www.carlosyconchita.net\/rutas\/22-06-2019-st-quirze-de-pedret-cal-rosal\/#primaryimage"},"thumbnailUrl":"https:\/\/www.carlosyconchita.net\/rutas\/wp-content\/uploads\/2019\/07\/CalRosal-00051.jpg","datePublished":"2019-06-22T15:40:29+00:00","dateModified":"2019-07-30T16:10:02+00:00","author":{"@id":"https:\/\/www.carlosyconchita.net\/rutas\/#\/schema\/person\/a9691f7258c28443fab2d3aa1479ea19"},"breadcrumb":{"@id":"https:\/\/www.carlosyconchita.net\/rutas\/22-06-2019-st-quirze-de-pedret-cal-rosal\/#breadcrumb"},"inLanguage":"es","potentialAction":[{"@type":"ReadAction","target":["https:\/\/www.carlosyconchita.net\/rutas\/22-06-2019-st-quirze-de-pedret-cal-rosal\/"]}]},{"@type":"ImageObject","inLanguage":"es","@id":"https:\/\/www.carlosyconchita.net\/rutas\/22-06-2019-st-quirze-de-pedret-cal-rosal\/#primaryimage","url":"https:\/\/www.carlosyconchita.net\/rutas\/wp-content\/uploads\/2019\/07\/CalRosal-00051.jpg","contentUrl":"https:\/\/www.carlosyconchita.net\/rutas\/wp-content\/uploads\/2019\/07\/CalRosal-00051.jpg","width":1024,"height":576},{"@type":"BreadcrumbList","@id":"https:\/\/www.carlosyconchita.net\/rutas\/22-06-2019-st-quirze-de-pedret-cal-rosal\/#breadcrumb","itemListElement":[{"@type":"ListItem","position":1,"name":"Portada","item":"https:\/\/www.carlosyconchita.net\/rutas\/"},{"@type":"ListItem","position":2,"name":"22-06-2019-St. Quirze de Pedret-Cal Rosal"}]},{"@type":"WebSite","@id":"https:\/\/www.carlosyconchita.net\/rutas\/#website","url":"https:\/\/www.carlosyconchita.net\/rutas\/","name":"Las rutas de Carlos y Conchita","description":"","potentialAction":[{"@type":"SearchAction","target":{"@type":"EntryPoint","urlTemplate":"https:\/\/www.carlosyconchita.net\/rutas\/?s={search_term_string}"},"query-input":{"@type":"PropertyValueSpecification","valueRequired":true,"valueName":"search_term_string"}}],"inLanguage":"es"},{"@type":"Person","@id":"https:\/\/www.carlosyconchita.net\/rutas\/#\/schema\/person\/a9691f7258c28443fab2d3aa1479ea19","name":"Carlos Conchita","image":{"@type":"ImageObject","inLanguage":"es","@id":"https:\/\/secure.gravatar.com\/avatar\/3a4625b20c8da3de99da69bfe7a322774e291c3f90dce7e8778a30fe6748ed1a?s=96&d=mm&r=g","url":"https:\/\/secure.gravatar.com\/avatar\/3a4625b20c8da3de99da69bfe7a322774e291c3f90dce7e8778a30fe6748ed1a?s=96&d=mm&r=g","contentUrl":"https:\/\/secure.gravatar.com\/avatar\/3a4625b20c8da3de99da69bfe7a322774e291c3f90dce7e8778a30fe6748ed1a?s=96&d=mm&r=g","caption":"Carlos Conchita"}}]}},"_links":{"self":[{"href":"https:\/\/www.carlosyconchita.net\/rutas\/wp-json\/wp\/v2\/posts\/13029","targetHints":{"allow":["GET"]}}],"collection":[{"href":"https:\/\/www.carlosyconchita.net\/rutas\/wp-json\/wp\/v2\/posts"}],"about":[{"href":"https:\/\/www.carlosyconchita.net\/rutas\/wp-json\/wp\/v2\/types\/post"}],"author":[{"embeddable":true,"href":"https:\/\/www.carlosyconchita.net\/rutas\/wp-json\/wp\/v2\/users\/50"}],"replies":[{"embeddable":true,"href":"https:\/\/www.carlosyconchita.net\/rutas\/wp-json\/wp\/v2\/comments?post=13029"}],"version-history":[{"count":0,"href":"https:\/\/www.carlosyconchita.net\/rutas\/wp-json\/wp\/v2\/posts\/13029\/revisions"}],"wp:featuredmedia":[{"embeddable":true,"href":"https:\/\/www.carlosyconchita.net\/rutas\/wp-json\/wp\/v2\/media\/13030"}],"wp:attachment":[{"href":"https:\/\/www.carlosyconchita.net\/rutas\/wp-json\/wp\/v2\/media?parent=13029"}],"wp:term":[{"taxonomy":"category","embeddable":true,"href":"https:\/\/www.carlosyconchita.net\/rutas\/wp-json\/wp\/v2\/categories?post=13029"},{"taxonomy":"post_tag","embeddable":true,"href":"https:\/\/www.carlosyconchita.net\/rutas\/wp-json\/wp\/v2\/tags?post=13029"}],"curies":[{"name":"wp","href":"https:\/\/api.w.org\/{rel}","templated":true}]}}