{"id":1304,"date":"2012-08-11T12:01:02","date_gmt":"2012-08-11T10:01:02","guid":{"rendered":"http:\/\/www.carlosyconchita.net\/rutas\/?p=1304"},"modified":"2012-11-10T21:18:05","modified_gmt":"2012-11-10T19:18:05","slug":"11-08-2012-levada-nova","status":"publish","type":"post","link":"https:\/\/www.carlosyconchita.net\/rutas\/11-08-2012-levada-nova\/","title":{"rendered":"11-08-2012 &#8211; Levada Nova"},"content":{"rendered":"<table border=\"2\" frame=\"border\">\n<tbody>\n<tr>\n<td><strong>Dificultad :\u00a0\u00a0 F\u00e1cil<\/strong><\/td>\n<td><strong>Recorrido :\u00a0 9&#8217;06 km.<br \/>\n<\/strong><\/td>\n<\/tr>\n<tr>\n<td><strong>\u00a0Desnivel : 496\u00a0 m. <\/strong><\/td>\n<td><strong>\u00a0\u00a0\u00a0 Alturas :\u00a0\u00a0 392 \/ 689<br \/>\n<\/strong><\/td>\n<\/tr>\n<\/tbody>\n<\/table>\n<p style=\"text-align: justify;\">Esta levada la seguiremos desde el mar hasta el interior. Es una Levada con tramos muy altos y despejados, que presenta unas vistas hacia el valle en el que est\u00e1 situado<strong> <\/strong>Ponta do Sol. El sendero pasa por una cascada muy espectacular.<\/p>\n<p style=\"text-align: justify;\"><a href=\"http:\/\/www.carlosyconchita.net\/rutas\/wp-content\/uploads\/2012\/11\/DSC04641.jpg\"><img loading=\"lazy\" decoding=\"async\" class=\"aligncenter size-large wp-image-1310\" title=\"DSC04641\" src=\"http:\/\/www.carlosyconchita.net\/rutas\/wp-content\/uploads\/2012\/11\/DSC04641-1024x576.jpg\" alt=\"\" width=\"640\" height=\"360\" srcset=\"https:\/\/www.carlosyconchita.net\/rutas\/wp-content\/uploads\/2012\/11\/DSC04641-1024x576.jpg 1024w, https:\/\/www.carlosyconchita.net\/rutas\/wp-content\/uploads\/2012\/11\/DSC04641-300x168.jpg 300w, https:\/\/www.carlosyconchita.net\/rutas\/wp-content\/uploads\/2012\/11\/DSC04641-600x338.jpg 600w, https:\/\/www.carlosyconchita.net\/rutas\/wp-content\/uploads\/2012\/11\/DSC04641.jpg 700w\" sizes=\"auto, (max-width: 640px) 100vw, 640px\" \/><\/a><\/p>\n<p style=\"text-align: justify;\">Para llegar al punto de inicio nos dirigimos desde Funchal hacia Ponta do Sol. En la rotonda de la entrada a Ponta do Sol tomamos el desv\u00edo hacia Paul da Serra y a partir de ah\u00ed seguir las indicaciones hacia la Levada Nova.<br \/>\nPodemos dejar el coche en la carretera y buscamos el letrero de la levada, que empieza entre las casas de la zona.<\/p>\n<p style=\"text-align: justify;\"><a href=\"http:\/\/www.carlosyconchita.net\/rutas\/wp-content\/uploads\/2012\/11\/DSC04639.jpg\"><img loading=\"lazy\" decoding=\"async\" class=\"alignleft  wp-image-1306\" title=\"DSC04639\" src=\"http:\/\/www.carlosyconchita.net\/rutas\/wp-content\/uploads\/2012\/11\/DSC04639-1024x576.jpg\" alt=\"\" width=\"269\" height=\"151\" srcset=\"https:\/\/www.carlosyconchita.net\/rutas\/wp-content\/uploads\/2012\/11\/DSC04639-1024x576.jpg 1024w, https:\/\/www.carlosyconchita.net\/rutas\/wp-content\/uploads\/2012\/11\/DSC04639-300x168.jpg 300w, https:\/\/www.carlosyconchita.net\/rutas\/wp-content\/uploads\/2012\/11\/DSC04639-600x338.jpg 600w, https:\/\/www.carlosyconchita.net\/rutas\/wp-content\/uploads\/2012\/11\/DSC04639.jpg 700w\" sizes=\"auto, (max-width: 269px) 100vw, 269px\" \/><\/a><\/p>\n<p style=\"text-align: justify;\"><a href=\"http:\/\/www.carlosyconchita.net\/rutas\/wp-content\/uploads\/2012\/11\/DSC04640.jpg\"><img loading=\"lazy\" decoding=\"async\" class=\"alignright size-medium wp-image-1308\" title=\"DSC04640\" src=\"http:\/\/www.carlosyconchita.net\/rutas\/wp-content\/uploads\/2012\/11\/DSC04640-300x225.jpg\" alt=\"\" width=\"300\" height=\"225\" srcset=\"https:\/\/www.carlosyconchita.net\/rutas\/wp-content\/uploads\/2012\/11\/DSC04640-300x225.jpg 300w, https:\/\/www.carlosyconchita.net\/rutas\/wp-content\/uploads\/2012\/11\/DSC04640-1024x768.jpg 1024w, https:\/\/www.carlosyconchita.net\/rutas\/wp-content\/uploads\/2012\/11\/DSC04640.jpg 533w\" sizes=\"auto, (max-width: 300px) 100vw, 300px\" \/><\/a><\/p>\n<p style=\"text-align: justify;\">Todo el recorrido lo haremos recorriendo esta levada por su muro de hormig\u00f3n que es lo suficientemente ancho como para andar sobre \u00e9l.<\/p>\n<p style=\"text-align: justify;\"><a href=\"http:\/\/www.carlosyconchita.net\/rutas\/wp-content\/uploads\/2012\/11\/DSC04646.jpg\"><img loading=\"lazy\" decoding=\"async\" class=\"aligncenter size-large wp-image-1309\" title=\"DSC04646\" src=\"http:\/\/www.carlosyconchita.net\/rutas\/wp-content\/uploads\/2012\/11\/DSC04646-1024x576.jpg\" alt=\"\" width=\"640\" height=\"360\" srcset=\"https:\/\/www.carlosyconchita.net\/rutas\/wp-content\/uploads\/2012\/11\/DSC04646-1024x576.jpg 1024w, https:\/\/www.carlosyconchita.net\/rutas\/wp-content\/uploads\/2012\/11\/DSC04646-300x168.jpg 300w, https:\/\/www.carlosyconchita.net\/rutas\/wp-content\/uploads\/2012\/11\/DSC04646-600x338.jpg 600w, https:\/\/www.carlosyconchita.net\/rutas\/wp-content\/uploads\/2012\/11\/DSC04646.jpg 700w\" sizes=\"auto, (max-width: 640px) 100vw, 640px\" \/><\/a><\/p>\n<p style=\"text-align: justify;\">El camino puede causar vertigo a algunas personas puesto que en algunos tramos se pasan por zonas con ca\u00eddas de m\u00e1s de 200 metros y no en todos los tramos hay vallas, por lo que es necesario caminar con precaucion.<\/p>\n<p style=\"text-align: justify;\">Tras 3 kil\u00f3metros aprox. de caminata \u00a0llegamos a un t\u00fanel de unos 200 metros de longitud. Justo despu\u00e9s de pasar el t\u00fanel veremos una bonita cascada que ha abierto un surco en la roca. La levada sigue su camino pasando por detr\u00e1s de la cascada.<\/p>\n<p style=\"text-align: justify;\"><a href=\"http:\/\/www.carlosyconchita.net\/rutas\/wp-content\/uploads\/2012\/11\/DSC04653.jpg\"><img loading=\"lazy\" decoding=\"async\" class=\"aligncenter size-large wp-image-1311\" title=\"DSC04653\" src=\"http:\/\/www.carlosyconchita.net\/rutas\/wp-content\/uploads\/2012\/11\/DSC04653-1024x576.jpg\" alt=\"\" width=\"640\" height=\"360\" srcset=\"https:\/\/www.carlosyconchita.net\/rutas\/wp-content\/uploads\/2012\/11\/DSC04653-1024x576.jpg 1024w, https:\/\/www.carlosyconchita.net\/rutas\/wp-content\/uploads\/2012\/11\/DSC04653-300x168.jpg 300w, https:\/\/www.carlosyconchita.net\/rutas\/wp-content\/uploads\/2012\/11\/DSC04653-600x338.jpg 600w, https:\/\/www.carlosyconchita.net\/rutas\/wp-content\/uploads\/2012\/11\/DSC04653.jpg 700w\" sizes=\"auto, (max-width: 640px) 100vw, 640px\" \/><\/a><\/p>\n<p style=\"text-align: justify;\"><a href=\"http:\/\/www.carlosyconchita.net\/rutas\/wp-content\/uploads\/2012\/11\/DSC04652.jpg\"><img loading=\"lazy\" decoding=\"async\" class=\"aligncenter size-large wp-image-1312\" title=\"DSC04652\" src=\"http:\/\/www.carlosyconchita.net\/rutas\/wp-content\/uploads\/2012\/11\/DSC04652-576x1024.jpg\" alt=\"\" width=\"576\" height=\"1024\" srcset=\"https:\/\/www.carlosyconchita.net\/rutas\/wp-content\/uploads\/2012\/11\/DSC04652-576x1024.jpg 576w, https:\/\/www.carlosyconchita.net\/rutas\/wp-content\/uploads\/2012\/11\/DSC04652-169x300.jpg 169w, https:\/\/www.carlosyconchita.net\/rutas\/wp-content\/uploads\/2012\/11\/DSC04652-168x300.jpg 168w, https:\/\/www.carlosyconchita.net\/rutas\/wp-content\/uploads\/2012\/11\/DSC04652.jpg 225w\" sizes=\"auto, (max-width: 576px) 100vw, 576px\" \/><\/a><\/p>\n<p style=\"text-align: justify;\">A los 5 kil\u00f3metros aproximadamente llegamos al nacimiento de la<strong> <\/strong><strong>Levada Nova<\/strong><strong>,<\/strong> que no es otro que una peque\u00f1a presa que recoge el agua que baja por el torrente y la lleva hasta el canal de la levada.<\/p>\n<p style=\"text-align: justify;\"><a href=\"http:\/\/www.carlosyconchita.net\/rutas\/wp-content\/uploads\/2012\/11\/DSC04660.jpg\"><img loading=\"lazy\" decoding=\"async\" class=\"alignleft size-large wp-image-1313\" title=\"DSC04660\" src=\"http:\/\/www.carlosyconchita.net\/rutas\/wp-content\/uploads\/2012\/11\/DSC04660-1024x768.jpg\" alt=\"\" width=\"640\" height=\"480\" srcset=\"https:\/\/www.carlosyconchita.net\/rutas\/wp-content\/uploads\/2012\/11\/DSC04660-1024x768.jpg 1024w, https:\/\/www.carlosyconchita.net\/rutas\/wp-content\/uploads\/2012\/11\/DSC04660-300x225.jpg 300w, https:\/\/www.carlosyconchita.net\/rutas\/wp-content\/uploads\/2012\/11\/DSC04660.jpg 533w\" sizes=\"auto, (max-width: 640px) 100vw, 640px\" \/><\/a><\/p>\n<p style=\"text-align: justify;\">La vuelta se realiza por el mismo camino, aunque se puede volver por la Levada do Moinho que transcurre paralela a la Levada Nova pero m\u00e1s cerca del r\u00edo, pero despu\u00e9s de hablar con el responsable del cuidado de la levada (el \u201clevadeiro\u201d) , a quien encontramos alli en una de las 3 \u00f3 4 visitas que hace diariamente para revisarla, nos aconsej\u00f3 volver por el mismo sitio, debido a que este habia sido un a\u00f1o de pocas lluvias y no era muy interesante la otra levada.<\/p>\n<table border=\"0\" frame=\"border\">\n<tbody>\n<tr align=\"left\" valign=\"middle\">\n<td align=\"center\" valign=\"middle\">\n<div>\n<dl id=\"\">\n<dt><a href=\"http:\/\/es.wikiloc.com\/wikiloc\/view.do?id=3590185\" target=\"_blank\"><img loading=\"lazy\" decoding=\"async\" title=\"wikiloc\" src=\"http:\/\/www.carlosyconchita.net\/rutas\/wp-content\/uploads\/2020\/09\/wikiloc.jpg\" alt=\"\" width=\"117\" height=\"34\" \/><\/a><\/dt>\n<dd>Enlace a Wikiloc<\/dd>\n<\/dl>\n<\/div>\n<\/td>\n<td align=\"center\" valign=\"middle\">\n<div>\n<dl id=\"\">\n<dt><a title=\"Album de fotos completo\" href=\"https:\/\/plus.google.com\/u\/0\/photos\/107644747431220159618\/albums\/5809129584641640657\" target=\"_blank\"><img loading=\"lazy\" decoding=\"async\" title=\"foto\" src=\"http:\/\/www.carlosyconchita.net\/rutas\/wp-content\/uploads\/2020\/09\/foto.png\" alt=\"\" width=\"60\" height=\"44\" \/><\/a><\/dt>\n<dd>Album de fotos<\/dd>\n<\/dl>\n<\/div>\n<\/td>\n<\/tr>\n<\/tbody>\n<\/table>\n<p>&nbsp;<\/p>\n","protected":false},"excerpt":{"rendered":"<p>Dificultad :\u00a0\u00a0 F\u00e1cil Recorrido :\u00a0 9&#8217;06 km. \u00a0Desnivel : 496\u00a0 m. \u00a0\u00a0\u00a0 Alturas :\u00a0\u00a0 392 \/ 689 Esta levada la seguiremos desde el mar hasta el interior. Es una Levada con tramos muy altos y despejados, que presenta unas vistas hacia el valle en el que est\u00e1 situado Ponta do Sol. El sendero pasa por [&hellip;]<\/p>\n","protected":false},"author":50,"featured_media":1311,"comment_status":"open","ping_status":"open","sticky":false,"template":"","format":"gallery","meta":{"footnotes":""},"categories":[10,22,8],"tags":[],"class_list":{"0":"post-1304","1":"post","2":"type-post","3":"status-publish","4":"format-gallery","5":"has-post-thumbnail","6":"hentry","7":"category-facil","8":"category-de-05-a-10-km","9":"category-isla-de-madeira","10":"post_format-post-format-gallery","12":"post-with-thumbnail","13":"post-with-thumbnail-icon"},"yoast_head":"<!-- This site is optimized with the Yoast SEO plugin v27.4 - https:\/\/yoast.com\/product\/yoast-seo-wordpress\/ -->\n<title>11-08-2012 - Levada Nova -<\/title>\n<meta name=\"robots\" content=\"index, follow, max-snippet:-1, max-image-preview:large, max-video-preview:-1\" \/>\n<link rel=\"canonical\" href=\"https:\/\/www.carlosyconchita.net\/rutas\/11-08-2012-levada-nova\/\" \/>\n<meta property=\"og:locale\" content=\"es_ES\" \/>\n<meta property=\"og:type\" content=\"article\" \/>\n<meta property=\"og:title\" content=\"11-08-2012 - Levada Nova -\" \/>\n<meta property=\"og:description\" content=\"Dificultad :\u00a0\u00a0 F\u00e1cil Recorrido :\u00a0 9&#8217;06 km. \u00a0Desnivel : 496\u00a0 m. \u00a0\u00a0\u00a0 Alturas :\u00a0\u00a0 392 \/ 689 Esta levada la seguiremos desde el mar hasta el interior. Es una Levada con tramos muy altos y despejados, que presenta unas vistas hacia el valle en el que est\u00e1 situado Ponta do Sol. El sendero pasa por [&hellip;]\" \/>\n<meta property=\"og:url\" content=\"https:\/\/www.carlosyconchita.net\/rutas\/11-08-2012-levada-nova\/\" \/>\n<meta property=\"og:site_name\" content=\"Las rutas de Carlos y Conchita\" \/>\n<meta property=\"article:published_time\" content=\"2012-08-11T10:01:02+00:00\" \/>\n<meta property=\"article:modified_time\" content=\"2012-11-10T19:18:05+00:00\" \/>\n<meta property=\"og:image\" content=\"https:\/\/www.carlosyconchita.net\/rutas\/wp-content\/uploads\/2012\/11\/DSC04653.jpg\" \/>\n\t<meta property=\"og:image:width\" content=\"700\" \/>\n\t<meta property=\"og:image:height\" content=\"394\" \/>\n\t<meta property=\"og:image:type\" content=\"image\/jpeg\" \/>\n<meta name=\"author\" content=\"Carlos Conchita\" \/>\n<meta name=\"twitter:label1\" content=\"Escrito por\" \/>\n\t<meta name=\"twitter:data1\" content=\"Carlos Conchita\" \/>\n\t<meta name=\"twitter:label2\" content=\"Tiempo de lectura\" \/>\n\t<meta name=\"twitter:data2\" content=\"2 minutos\" \/>\n<script type=\"application\/ld+json\" class=\"yoast-schema-graph\">{\"@context\":\"https:\\\/\\\/schema.org\",\"@graph\":[{\"@type\":\"Article\",\"@id\":\"https:\\\/\\\/www.carlosyconchita.net\\\/rutas\\\/11-08-2012-levada-nova\\\/#article\",\"isPartOf\":{\"@id\":\"https:\\\/\\\/www.carlosyconchita.net\\\/rutas\\\/11-08-2012-levada-nova\\\/\"},\"author\":{\"name\":\"Carlos Conchita\",\"@id\":\"https:\\\/\\\/www.carlosyconchita.net\\\/rutas\\\/#\\\/schema\\\/person\\\/a9691f7258c28443fab2d3aa1479ea19\"},\"headline\":\"11-08-2012 &#8211; Levada Nova\",\"datePublished\":\"2012-08-11T10:01:02+00:00\",\"dateModified\":\"2012-11-10T19:18:05+00:00\",\"mainEntityOfPage\":{\"@id\":\"https:\\\/\\\/www.carlosyconchita.net\\\/rutas\\\/11-08-2012-levada-nova\\\/\"},\"wordCount\":367,\"commentCount\":0,\"image\":{\"@id\":\"https:\\\/\\\/www.carlosyconchita.net\\\/rutas\\\/11-08-2012-levada-nova\\\/#primaryimage\"},\"thumbnailUrl\":\"https:\\\/\\\/www.carlosyconchita.net\\\/rutas\\\/wp-content\\\/uploads\\\/2012\\\/11\\\/DSC04653.jpg\",\"articleSection\":[\"1-F\u00e1cil\",\"2 - De 5 a 10 km.\",\"Madeira\"],\"inLanguage\":\"es\",\"potentialAction\":[{\"@type\":\"CommentAction\",\"name\":\"Comment\",\"target\":[\"https:\\\/\\\/www.carlosyconchita.net\\\/rutas\\\/11-08-2012-levada-nova\\\/#respond\"]}]},{\"@type\":\"WebPage\",\"@id\":\"https:\\\/\\\/www.carlosyconchita.net\\\/rutas\\\/11-08-2012-levada-nova\\\/\",\"url\":\"https:\\\/\\\/www.carlosyconchita.net\\\/rutas\\\/11-08-2012-levada-nova\\\/\",\"name\":\"11-08-2012 - Levada Nova -\",\"isPartOf\":{\"@id\":\"https:\\\/\\\/www.carlosyconchita.net\\\/rutas\\\/#website\"},\"primaryImageOfPage\":{\"@id\":\"https:\\\/\\\/www.carlosyconchita.net\\\/rutas\\\/11-08-2012-levada-nova\\\/#primaryimage\"},\"image\":{\"@id\":\"https:\\\/\\\/www.carlosyconchita.net\\\/rutas\\\/11-08-2012-levada-nova\\\/#primaryimage\"},\"thumbnailUrl\":\"https:\\\/\\\/www.carlosyconchita.net\\\/rutas\\\/wp-content\\\/uploads\\\/2012\\\/11\\\/DSC04653.jpg\",\"datePublished\":\"2012-08-11T10:01:02+00:00\",\"dateModified\":\"2012-11-10T19:18:05+00:00\",\"author\":{\"@id\":\"https:\\\/\\\/www.carlosyconchita.net\\\/rutas\\\/#\\\/schema\\\/person\\\/a9691f7258c28443fab2d3aa1479ea19\"},\"breadcrumb\":{\"@id\":\"https:\\\/\\\/www.carlosyconchita.net\\\/rutas\\\/11-08-2012-levada-nova\\\/#breadcrumb\"},\"inLanguage\":\"es\",\"potentialAction\":[{\"@type\":\"ReadAction\",\"target\":[\"https:\\\/\\\/www.carlosyconchita.net\\\/rutas\\\/11-08-2012-levada-nova\\\/\"]}]},{\"@type\":\"ImageObject\",\"inLanguage\":\"es\",\"@id\":\"https:\\\/\\\/www.carlosyconchita.net\\\/rutas\\\/11-08-2012-levada-nova\\\/#primaryimage\",\"url\":\"https:\\\/\\\/www.carlosyconchita.net\\\/rutas\\\/wp-content\\\/uploads\\\/2012\\\/11\\\/DSC04653.jpg\",\"contentUrl\":\"https:\\\/\\\/www.carlosyconchita.net\\\/rutas\\\/wp-content\\\/uploads\\\/2012\\\/11\\\/DSC04653.jpg\",\"width\":700,\"height\":394},{\"@type\":\"BreadcrumbList\",\"@id\":\"https:\\\/\\\/www.carlosyconchita.net\\\/rutas\\\/11-08-2012-levada-nova\\\/#breadcrumb\",\"itemListElement\":[{\"@type\":\"ListItem\",\"position\":1,\"name\":\"Portada\",\"item\":\"https:\\\/\\\/www.carlosyconchita.net\\\/rutas\\\/\"},{\"@type\":\"ListItem\",\"position\":2,\"name\":\"11-08-2012 &#8211; Levada Nova\"}]},{\"@type\":\"WebSite\",\"@id\":\"https:\\\/\\\/www.carlosyconchita.net\\\/rutas\\\/#website\",\"url\":\"https:\\\/\\\/www.carlosyconchita.net\\\/rutas\\\/\",\"name\":\"Las rutas de Carlos y Conchita\",\"description\":\"\",\"potentialAction\":[{\"@type\":\"SearchAction\",\"target\":{\"@type\":\"EntryPoint\",\"urlTemplate\":\"https:\\\/\\\/www.carlosyconchita.net\\\/rutas\\\/?s={search_term_string}\"},\"query-input\":{\"@type\":\"PropertyValueSpecification\",\"valueRequired\":true,\"valueName\":\"search_term_string\"}}],\"inLanguage\":\"es\"},{\"@type\":\"Person\",\"@id\":\"https:\\\/\\\/www.carlosyconchita.net\\\/rutas\\\/#\\\/schema\\\/person\\\/a9691f7258c28443fab2d3aa1479ea19\",\"name\":\"Carlos Conchita\",\"image\":{\"@type\":\"ImageObject\",\"inLanguage\":\"es\",\"@id\":\"https:\\\/\\\/secure.gravatar.com\\\/avatar\\\/3a4625b20c8da3de99da69bfe7a322774e291c3f90dce7e8778a30fe6748ed1a?s=96&d=mm&r=g\",\"url\":\"https:\\\/\\\/secure.gravatar.com\\\/avatar\\\/3a4625b20c8da3de99da69bfe7a322774e291c3f90dce7e8778a30fe6748ed1a?s=96&d=mm&r=g\",\"contentUrl\":\"https:\\\/\\\/secure.gravatar.com\\\/avatar\\\/3a4625b20c8da3de99da69bfe7a322774e291c3f90dce7e8778a30fe6748ed1a?s=96&d=mm&r=g\",\"caption\":\"Carlos Conchita\"}}]}<\/script>\n<!-- \/ Yoast SEO plugin. -->","yoast_head_json":{"title":"11-08-2012 - Levada Nova -","robots":{"index":"index","follow":"follow","max-snippet":"max-snippet:-1","max-image-preview":"max-image-preview:large","max-video-preview":"max-video-preview:-1"},"canonical":"https:\/\/www.carlosyconchita.net\/rutas\/11-08-2012-levada-nova\/","og_locale":"es_ES","og_type":"article","og_title":"11-08-2012 - Levada Nova -","og_description":"Dificultad :\u00a0\u00a0 F\u00e1cil Recorrido :\u00a0 9&#8217;06 km. \u00a0Desnivel : 496\u00a0 m. \u00a0\u00a0\u00a0 Alturas :\u00a0\u00a0 392 \/ 689 Esta levada la seguiremos desde el mar hasta el interior. Es una Levada con tramos muy altos y despejados, que presenta unas vistas hacia el valle en el que est\u00e1 situado Ponta do Sol. El sendero pasa por [&hellip;]","og_url":"https:\/\/www.carlosyconchita.net\/rutas\/11-08-2012-levada-nova\/","og_site_name":"Las rutas de Carlos y Conchita","article_published_time":"2012-08-11T10:01:02+00:00","article_modified_time":"2012-11-10T19:18:05+00:00","og_image":[{"width":700,"height":394,"url":"https:\/\/www.carlosyconchita.net\/rutas\/wp-content\/uploads\/2012\/11\/DSC04653.jpg","type":"image\/jpeg"}],"author":"Carlos Conchita","twitter_misc":{"Escrito por":"Carlos Conchita","Tiempo de lectura":"2 minutos"},"schema":{"@context":"https:\/\/schema.org","@graph":[{"@type":"Article","@id":"https:\/\/www.carlosyconchita.net\/rutas\/11-08-2012-levada-nova\/#article","isPartOf":{"@id":"https:\/\/www.carlosyconchita.net\/rutas\/11-08-2012-levada-nova\/"},"author":{"name":"Carlos Conchita","@id":"https:\/\/www.carlosyconchita.net\/rutas\/#\/schema\/person\/a9691f7258c28443fab2d3aa1479ea19"},"headline":"11-08-2012 &#8211; Levada Nova","datePublished":"2012-08-11T10:01:02+00:00","dateModified":"2012-11-10T19:18:05+00:00","mainEntityOfPage":{"@id":"https:\/\/www.carlosyconchita.net\/rutas\/11-08-2012-levada-nova\/"},"wordCount":367,"commentCount":0,"image":{"@id":"https:\/\/www.carlosyconchita.net\/rutas\/11-08-2012-levada-nova\/#primaryimage"},"thumbnailUrl":"https:\/\/www.carlosyconchita.net\/rutas\/wp-content\/uploads\/2012\/11\/DSC04653.jpg","articleSection":["1-F\u00e1cil","2 - De 5 a 10 km.","Madeira"],"inLanguage":"es","potentialAction":[{"@type":"CommentAction","name":"Comment","target":["https:\/\/www.carlosyconchita.net\/rutas\/11-08-2012-levada-nova\/#respond"]}]},{"@type":"WebPage","@id":"https:\/\/www.carlosyconchita.net\/rutas\/11-08-2012-levada-nova\/","url":"https:\/\/www.carlosyconchita.net\/rutas\/11-08-2012-levada-nova\/","name":"11-08-2012 - Levada Nova -","isPartOf":{"@id":"https:\/\/www.carlosyconchita.net\/rutas\/#website"},"primaryImageOfPage":{"@id":"https:\/\/www.carlosyconchita.net\/rutas\/11-08-2012-levada-nova\/#primaryimage"},"image":{"@id":"https:\/\/www.carlosyconchita.net\/rutas\/11-08-2012-levada-nova\/#primaryimage"},"thumbnailUrl":"https:\/\/www.carlosyconchita.net\/rutas\/wp-content\/uploads\/2012\/11\/DSC04653.jpg","datePublished":"2012-08-11T10:01:02+00:00","dateModified":"2012-11-10T19:18:05+00:00","author":{"@id":"https:\/\/www.carlosyconchita.net\/rutas\/#\/schema\/person\/a9691f7258c28443fab2d3aa1479ea19"},"breadcrumb":{"@id":"https:\/\/www.carlosyconchita.net\/rutas\/11-08-2012-levada-nova\/#breadcrumb"},"inLanguage":"es","potentialAction":[{"@type":"ReadAction","target":["https:\/\/www.carlosyconchita.net\/rutas\/11-08-2012-levada-nova\/"]}]},{"@type":"ImageObject","inLanguage":"es","@id":"https:\/\/www.carlosyconchita.net\/rutas\/11-08-2012-levada-nova\/#primaryimage","url":"https:\/\/www.carlosyconchita.net\/rutas\/wp-content\/uploads\/2012\/11\/DSC04653.jpg","contentUrl":"https:\/\/www.carlosyconchita.net\/rutas\/wp-content\/uploads\/2012\/11\/DSC04653.jpg","width":700,"height":394},{"@type":"BreadcrumbList","@id":"https:\/\/www.carlosyconchita.net\/rutas\/11-08-2012-levada-nova\/#breadcrumb","itemListElement":[{"@type":"ListItem","position":1,"name":"Portada","item":"https:\/\/www.carlosyconchita.net\/rutas\/"},{"@type":"ListItem","position":2,"name":"11-08-2012 &#8211; Levada Nova"}]},{"@type":"WebSite","@id":"https:\/\/www.carlosyconchita.net\/rutas\/#website","url":"https:\/\/www.carlosyconchita.net\/rutas\/","name":"Las rutas de Carlos y Conchita","description":"","potentialAction":[{"@type":"SearchAction","target":{"@type":"EntryPoint","urlTemplate":"https:\/\/www.carlosyconchita.net\/rutas\/?s={search_term_string}"},"query-input":{"@type":"PropertyValueSpecification","valueRequired":true,"valueName":"search_term_string"}}],"inLanguage":"es"},{"@type":"Person","@id":"https:\/\/www.carlosyconchita.net\/rutas\/#\/schema\/person\/a9691f7258c28443fab2d3aa1479ea19","name":"Carlos Conchita","image":{"@type":"ImageObject","inLanguage":"es","@id":"https:\/\/secure.gravatar.com\/avatar\/3a4625b20c8da3de99da69bfe7a322774e291c3f90dce7e8778a30fe6748ed1a?s=96&d=mm&r=g","url":"https:\/\/secure.gravatar.com\/avatar\/3a4625b20c8da3de99da69bfe7a322774e291c3f90dce7e8778a30fe6748ed1a?s=96&d=mm&r=g","contentUrl":"https:\/\/secure.gravatar.com\/avatar\/3a4625b20c8da3de99da69bfe7a322774e291c3f90dce7e8778a30fe6748ed1a?s=96&d=mm&r=g","caption":"Carlos Conchita"}}]}},"_links":{"self":[{"href":"https:\/\/www.carlosyconchita.net\/rutas\/wp-json\/wp\/v2\/posts\/1304","targetHints":{"allow":["GET"]}}],"collection":[{"href":"https:\/\/www.carlosyconchita.net\/rutas\/wp-json\/wp\/v2\/posts"}],"about":[{"href":"https:\/\/www.carlosyconchita.net\/rutas\/wp-json\/wp\/v2\/types\/post"}],"author":[{"embeddable":true,"href":"https:\/\/www.carlosyconchita.net\/rutas\/wp-json\/wp\/v2\/users\/50"}],"replies":[{"embeddable":true,"href":"https:\/\/www.carlosyconchita.net\/rutas\/wp-json\/wp\/v2\/comments?post=1304"}],"version-history":[{"count":0,"href":"https:\/\/www.carlosyconchita.net\/rutas\/wp-json\/wp\/v2\/posts\/1304\/revisions"}],"wp:featuredmedia":[{"embeddable":true,"href":"https:\/\/www.carlosyconchita.net\/rutas\/wp-json\/wp\/v2\/media\/1311"}],"wp:attachment":[{"href":"https:\/\/www.carlosyconchita.net\/rutas\/wp-json\/wp\/v2\/media?parent=1304"}],"wp:term":[{"taxonomy":"category","embeddable":true,"href":"https:\/\/www.carlosyconchita.net\/rutas\/wp-json\/wp\/v2\/categories?post=1304"},{"taxonomy":"post_tag","embeddable":true,"href":"https:\/\/www.carlosyconchita.net\/rutas\/wp-json\/wp\/v2\/tags?post=1304"}],"curies":[{"name":"wp","href":"https:\/\/api.w.org\/{rel}","templated":true}]}}