{"id":13051,"date":"2019-07-13T17:28:32","date_gmt":"2019-07-13T16:28:32","guid":{"rendered":"https:\/\/www.carlosyconchita.net\/rutas\/?p=13051"},"modified":"2022-03-13T17:53:24","modified_gmt":"2022-03-13T16:53:24","slug":"13-07-2019-bornas-559-561-coll-de-manrella","status":"publish","type":"post","link":"https:\/\/www.carlosyconchita.net\/rutas\/13-07-2019-bornas-559-561-coll-de-manrella\/","title":{"rendered":"13-07-2019-Bornas 559-561, con intento 558 (Coll de Manrella)"},"content":{"rendered":"<p>Hoy nos dirigimos al Coll de Manrella, para localizar las bornas 559 a 561, (est\u00e1n a la derecha del parking y monumento\u00a0 Lluis Companys que hay all\u00ed), aunque nuestra intenci\u00f3n inicial era intentar tambi\u00e9n localizar las que van desde la 558 hasta la 554. (que est\u00e1n a la izquierda)<\/p>\n<p>Pero no hemos podido acceder a la 558 a pesar de lo cerca que est\u00e1 del citado Coll de Manrella, debido a la espesa \u00abpared\u00bb de vegetaci\u00f3n, zarzas y otros pinchos varios que separan la carretera del camino que antes exist\u00eda alli y que no hemos podido cruzar.<\/p>\n<p>Por ello, nos hemos ido directamente a las 559-560 y 561 que hemos localizado sin problemas, y que como se puede ver en las fotos, est\u00e1n pintadas de hace muy poco tiempo.<\/p>\n<p>Por la tarde, ya con el coche, nos dirigimos a Le Perthus, concretamente a la zona del Fuerte de Bellegarde, y con el coche recorrimos un camino de tierra, localizando las bornas 562 a 566, que nos faltaban para unir a la 567 y siguientes que ya ten\u00edamos hechas.<\/p>\n<p>En el Coll de Manrella, empieza un camino de tierra que lleva a la poblaci\u00f3n francesa de Les Illas.<\/p>\n<hr \/>\n<h3><strong>Album de fotos<\/strong><\/h3>\n<p><a href=\"https:\/\/photos.app.goo.gl\/5GudbfTHw1f8eKiX8\" target=\"_blank\" rel=\"noopener noreferrer\"><img loading=\"lazy\" decoding=\"async\" class=\"aligncenter wp-image-13052 size-column4-2\/3\" src=\"https:\/\/www.carlosyconchita.net\/rutas\/wp-content\/uploads\/2019\/08\/Manrella-0037-285x190.jpg\" alt=\"\" width=\"285\" height=\"190\" srcset=\"https:\/\/www.carlosyconchita.net\/rutas\/wp-content\/uploads\/2019\/08\/Manrella-0037-285x190.jpg 285w, https:\/\/www.carlosyconchita.net\/rutas\/wp-content\/uploads\/2019\/08\/Manrella-0037-272x182.jpg 272w, https:\/\/www.carlosyconchita.net\/rutas\/wp-content\/uploads\/2019\/08\/Manrella-0037-570x380.jpg 570w, https:\/\/www.carlosyconchita.net\/rutas\/wp-content\/uploads\/2019\/08\/Manrella-0037-380x254.jpg 380w\" sizes=\"auto, (max-width: 285px) 100vw, 285px\" \/><\/a><\/p>\n<hr \/>\n<p><strong>Dificultad<\/strong> :\u00a0 \u00a0Facil<\/p>\n<p><strong>Distancia total<\/strong> :\u00a0 \u00a0 \u00a0 4.495\u00a0 \u00a0m.<span class=\"totlen\"><span class=\"summaryvalue\"><br \/>\n<\/span><\/span><\/p>\n<p><strong>Alturas m\u00ednima \/ m\u00e1xima<\/strong> :\u00a0 \u00a0 \u00a0698 m . \u2013\u00a0 831 m.<\/p>\n<p><strong>Desnivel acumulado seg\u00fan Wikiloc\u00a0 :\u00a0 \u00a0 \u00a0\u00a0<\/strong>\u00a0 257\u00a0 m.<\/p>\n<p><strong>Tiempo total \/ en movimiento<\/strong> :\u00a0 \u00a0 \u00a0 1 h.\u00a0 47 m.\u00a0 \u00a0\u2013\u00a0 2 h.\u00a0 54 m<\/p>\n<p><strong>Vel. media total \/ vel.media movimiento<\/strong> :\u00a0 \u00a0 1\u201966 km.\/h. \u2014\u00a0 \u00a02\u201969\u00a0 km.\/h<\/p>\n<hr \/>\n<p style=\"text-align: justify;\">Comparaci\u00f3n de la zona en donde empezaba el camino que llevaba a la borna 558, hace 8-10 a\u00f1os (y que Google Maps todavia no ha actualizado)\u00a0 y la actualidad.<br \/>\nAparte de la espesa pared de zarzas que impiden el paso, la zona ahora est\u00e1 llena de vallas y el camino que se v\u00e9 en la foto ha desaparecido.<\/p>\n<p><img loading=\"lazy\" decoding=\"async\" class=\"size-full aligncenter\" src=\"https:\/\/lh3.googleusercontent.com\/WwdzPRQOgCXdzZXA45nkXTOnDYRkjLMAOpgOefLZJPLNBoPvjOuMs2Bd_K_dFNf7xY9OY0RN6JAFe6mqIQHkw8aOnuRyuUAY98-h7FjSCQEGCx0L0vLaASP7FoDPFStWwYEutd5muXleYW2O1hCjfw5EJTlwe1SBOqjyzY9X6dgJoCgLcTfTnMIVmLRzSQi4cA36FSnkTwHVThSARsv-J7iNRlgOPwiuYdKuxyunZ7lHY8D9oXkljAuKDN4Uts1HFK_keNNdmPEJHPb_YQ8xxkbBndFT77HfzCpd0d1aSh80VUHnlP0dgKxjhs_04Is2m1tJrklWi-c2W7TMoNsMZfooVJdUF5Jq_FAknos7nbK8WyZg4-hMJBKRHZGXphBKjVSJOo4uCWC3uCCVX742lDONGNa7rqhG5bQOvQgg7JW3umz8WWw7kWAS1uN50IUyb_oxaUO0lM4ZyQW_YGfOtww7SLaGpL-aOKtDmdidc1v407FgnevquC9mMKGlGY-O7K_F3MvzzKskkqiYhM2hy1XSqwIoRGg4TrJRpRykGVMVR-kSKeXvl2RNrfoyeWo0FEyDC_B4M1rZsrlNw4JrBX8biPApZa-V68HBwgKmc-3BZysiW7Qys3blXrfp3L_rQhnVMj0bIMHTjgvZx2LHxrhJtKMoRVHJ_bRP9K9mWuyAC8iRkFDl4YsafC86LqlNz4spb8_ZoXOJG1tiIUV8r0FtSA=w1000-h614-no\" width=\"1000\" height=\"614\" \/><\/p>\n<p><img loading=\"lazy\" decoding=\"async\" class=\"size-full aligncenter\" src=\"https:\/\/lh3.googleusercontent.com\/YG_X5S8pxGAflycTUlJXIbfi9Wg9UpuiIxHt1oAIfjELuWhE4T05VwqANJynoLGAB345pZAr7__wpRGX0HbN90eQ1_Jlsax6Io03vpPCF8ZqUXeAm8MtNbyP1oH5sCPtCm21xwFyuEq79YL3pqIhqPzwi5bCUxD7Xp8iYrfv34rrkX43DCK-e-0OXf3YlCCAvdXeuBe6EkiHyQZ_8NXaAczH_GKdPeyNqAa49_Ng7wEb1hJwq4Dh5DNDPoAwzol2rAg3gAFU-p77WAXFdoLMpNTzHGNMIoCZbIo4j0zHE28ul4wpkGIqBO05h7BU16KmXQV28trexx3UWrJMaE3TMxPj8mGXtXiBg8_RJQOVfehcreys1XQ-QgbzDAQkYinpYV3e7djWCAtTbtUNdWiRFdY0s8ZaybiMQIBVdbGAysK5-gpexpDlTjJa0xZ3jElX8FFPlG2geksagQW57qk-OqQDFXEU466BXwycm0Qw5cz6Dtw8fcutezxwGAycp_fKV9HmfAKqKJ_4Y02AC2T-oqPokuo1JeBKBkdUbDmhjdSPflsQpVc7OYTRrR9p-P2gKOTlDvQoNfh4K3TmA_a9Gt1j6nolq-JIIw2DCJlCOtHCR01uK3TY6ojbIvutDIcsHgFgvSOM7httq50RkhQvLUJWpWCta0kKmM48RkbORX9f7TOceujzd7CY4APkVDHFfjlNqpPAEwiX9Z9aRb4S7mT9IA=w1024-h576-no\" width=\"1024\" height=\"576\" \/><\/p>\n<p>&nbsp;<\/p>\n<p>&nbsp;<\/p>\n<p>&nbsp;<\/p>\n<p>Monumento a Companys.<\/p>\n<p><img loading=\"lazy\" decoding=\"async\" class=\"size-full aligncenter\" src=\"https:\/\/lh3.googleusercontent.com\/XHOFVD-aLBH1E6Iuj8POdygErn3qSqBguHDoZDFWSTVFwS3ZaypDy8u6ZA1zSb2bp_E1umbhKRC7sN3FqIwqQTyUPl_e3-ESsWN6tu5M0CIIomGJcXkzevHi4AbFPM4Z_Krp4VAngW45_SVhyLS9ZyKCKAi5S7g2F5h9jg8AQiVIBF4QypOENPYFMizZkH6HY3abDH3Yk89IDeG-1oT2GPPzk7dUHk6fMd9SuxydjFPrMLfnO2dDJXQ6QJFd6KZ3cYMDa-Hbgf2AgwOO2irHrYrIFq3HWAkgTluGIO-EbEhr5GeRoAlOrL283tfKTe0j9H9sR2D9uuS4kE1omA7E-JrhigHZij09w-9uBTtPrjo1mEk5DE6qHfOV7TXjQz8-bFIIPd8Wsppv8g81abxQcFaEuyZvbE4LYInX0xcpfkFLnDlxfMFxxx65eEzWLG4yBE6EAw6EO6eMc7bFHx72XgzYYqn-ZRC_k3hXZ9pT37WP2yNngO6hqNj6cMa6-M-G2LO8Lu7PyM7u8zXCeTxUAzYC_o44yV0uxcsD6LE8P0cQgL26mew2Cl1jJGv1aoy5TCdoJkdZD8KJfqq9bw2tqRWvqrZyDYalzN-o_24QYkhdDKmLSj68-ST70MwinbLN-YoLAqYpSix2q9N2RBN34iBOMTSADZk9Ycq9LNPb1aV0YyiuPe8qYfNavRI7RnvnIFAXRsy_q7RCln2DCzBxk5dU3w=w986-h739-no\" width=\"986\" height=\"739\" \/><\/p>\n<p><img loading=\"lazy\" decoding=\"async\" class=\"size-full aligncenter\" src=\"https:\/\/lh3.googleusercontent.com\/wzZOE_MxhjUeA8e7d4W8Cr9Cd_MEvLLra8S4tMud-pLO6ZVLIdTLWi3ct9osf8HB0Te4hGk--Gsll7vA1X-KrGr3DM0ilSP5kFglOeTAkVGBp_zax-it2q1dB3p-5prFyv_QSdVlrBHiAKzYLY-n_qLfRbCRpNEvcCZW7xahZlTwxRP6TtaKdk8eDT5gVN6-VdApjMg6uF3rpgWpbNirLIBEiz-XCe7yS8TZ-zr1Bow3kUC6PHE94s7rl1GHYN130xyK2oa4QC_4oYsZtJcamtoS6o0txfV0tSOUJBmdNCcWbVwW0fRCstBWj7Wx4hdqE7fIp1-E0Ow4Rlp-bSqLMg072jATJJyS1O2SpIOakb1djMGwT4U3AQ70uRlOuJjrsaGuu3rL-A_YnvKPeRtOElmKfjKo85NeCGpVqeub1X5VLy8rzySqReMsRD-XoHvFavY7oNWnsNLFcr0uhuPmeHYHbIGKipyYVsZnF18HgLNvL-7pHw-yZGRmqNTbMeLtDsaQx9aMHZ-i6OHOx0GymYneBuOat1i6MfzeMeTieClUNQUs6FsUFKbaWh7i2e01NomQnHkO3XWfMXagcaMf57ScKVrDSEiX7xrmZ-GjS5_9EXVOdJcViBhlBJzBd5eneGHMjNznSU9G3PuO0_zkXnt7c5L-72SsGhwGaJTUXvCCTRDTEYUHQZmPUTDnDABo7Bl7Ab-B4W-lQFaHspjz7zC7Kg=w1024-h576-no\" width=\"1024\" height=\"576\" \/><\/p>\n<p>Vista de la zona del Coll de Manrella desde el camino de subida a la borna 560 y 561<\/p>\n<p><img loading=\"lazy\" decoding=\"async\" class=\" aligncenter\" src=\"https:\/\/lh3.googleusercontent.com\/NlP91kYjZf7VUJTIOd1KdlCcn9yRW-BMZoWSOx4TQO9eoE9hBHQ9Bpd3bVM0LcS7ZfgGxtOy8WiOriQ-mO901PTyA89NjDgsWSVH1CYA_f6gr7gOrIHuR9Xm1WESdD2_BjN0wbXF9KRA6eFN6WZxOfpuj9fRIFtHivfihd9MCmuHQLtqykcOevAZgrVz7ONLQ0T7f-gLHvx4TyCcN5IehpdVvwL67Vs4lhyym6K0vsTJUunnamxWbu0zxg38FFApsf8ZtL9LWRoeDtQZwLt6khJWvOIEZ1SYI3Q2BlAOKmJjcHYvJC_sMt2EVCCh-vjrURrxgJ0IKkSYQy4Q94DPTXaQw92F5LwiFoF5Wd5M8g2S_obmF9mAqD31X-_2MZyYFDy2DQvWwtj1D8yJQxBcQhz9Fdnh_vlMTvhRl_vuKBhUHo0TeyKPMfRjdo8ES5BRvMDdgYlj-e4SI5eSfwL2llauR6DohmNWtaxVbcmgrXLt0gYtWEA-iq6U3p-X8eBRnPIrFoW2a9V-odTTR8raxW68Jd7_LPUXClAMy9Wm4ly5Z4neC2l4ZkHdKvPG7xybHP3P2vb1WNHGUSFMkyJt2902sUwg1txrGwdFWDm9quLy-1xQ0vD6T0fbvXZjMx9PLGdUKV2uqZ__uLXVzwDNzS7ZDE_gl4b6OSMU4zodkGp7K0RHuSVk4saUZOj5QfBLWYfFsAVuL8JFeWjvDb3yetHBUQ=w1024-h576-no\" width=\"1024\" height=\"576\" \/><\/p>\n<p>El pantano de Darnius-Boadella a\u00a0 lo lejos<\/p>\n<p><img loading=\"lazy\" decoding=\"async\" class=\"alignnone size-full\" src=\"https:\/\/lh3.googleusercontent.com\/oLseC8v4Un1EW6PFkDS47sm7cTZmR5EI2P080lvLqfoeGZg-3I6Gsu9sWWtN1A3Wgzci-1D147El-1wB7SD3zv_fBR7-QkPR3ETXCL_xyJH_bRPn5dzt48xhCA5k9lB9WlJXU4HDp_CtvsUwC7vlG2nb-Vl04xivtrDrqrdnmZFzN9FIEBmVTRRc_6vcv7eMdKsgPjBgf2SUIP8O9wMiJJSzWZ9IoCpxCs8mnaiYZNkll4h1fapqwxZ_YpAvEd-aYMNOB4KyZowySTzYDsgdH_TzTa4-Xkqb9EnPwfbuyvqoblVOCC9ySAyfOIWD417Mo1vmbgMg_oP9PzKw7ee0GHIHR9sAUoNP0fu36W5bNGKGYP8kIr8AyxDG-kGLQZZAKdxsIaWjy65MSqbdtl0VnfAf-IqrqRn9tuph0gFrHn6K3KMgWtKRx8XLdBIyXFWaC6Hu9HtdqHjictj2EG-VOY4-EjSvWjSwUnm3yAmHscKPgnio4tjMPtvLneuPD54EjHIW8AQQvuYohSA0qlbM99Xo7KLsn_0jWdh-YSM0sajuREUsmKqf5Nsaq2inAClxWmb67wgdNo8AxPkPyngrGNO1a2f0tC3qEYeMZ_POPced63y6fRZuSeGIq_sO0rlel2UNJGyV864fjEKiIFAYhbh6sJBGhXq7nqcbYm5ZlBbAWd_rnm93tTRypNGKLIr-9IEzQi0FF94N1NJpy3LGVmQsrA=w1024-h576-no\" width=\"1024\" height=\"576\" \/><\/p>\n<p><img loading=\"lazy\" decoding=\"async\" class=\"size-full aligncenter\" src=\"https:\/\/lh3.googleusercontent.com\/X0-TQ-C4zoSGfGsAZwcqjGJVIAUDj4lqfhd0S0MSRD3Qd9xcz5ybLcsKyReyMewqbKxr-L7VVlhQ7EoFbmJ7Q-sCXJ_tfXeyZfcorUcYzIJPVLNgdpQ-ar3wB40mx9H5G38AvGObgOKucr6yQqg1rrQk9MJh3ev9rWYD1TeMGF-nfoXt4xKA6NFpTFnqaqUPfpcUoVWTQqdy0rqgTO1sR5W4BKlaZo5gSFMzf0UZDk7oGWcPWPdnSyWTlb_p0RspaOn9LI4Qm8kEzSdGmwmbcDodA0nI2bv3yAdXtxeK1XikfEhtkkmp-S6eXS7eV8hrOp0JVNwnxifLXNNkWb95bhVFvhLG4pVjuGumDlLQQrYyqp3ylG6wWLUOd-JZHwJ_TSu-pZdJNjjmiu2saumJDGbHCU2CzF_QWgDYlS5Cn6U9m-YEiEXvAMHlMJ8dcioW3lW_xgX6cUYpOcD6n3swUvulv_S1sQtZVghRFet1IbDfBnrNmdXWScgo8zP8i-7CfCR8QUgCzT5Q2dQ0gWhYRCu1Qbvhcixym7FgldJVjbIjHQ_TFX0VzhDYs3pItJ9yfOEhZ0W09yAOJdPJZJCciQsyCFfCuiceajl9ds-KqTKv1OcObW68PKgce2qIfm1ZwRBbPkqXswaA1E6_loGa-nMWdHBNCI89CBIO482QiJ-z8TDUgQxKp_YcGBWzGl-LBvMuqAXkonpLViL-1yJ56YOvOQ=w1024-h576-no\" width=\"1024\" height=\"576\" \/><\/p>\n<p>Vista de la zona de La Jonquera-Le Perthus<\/p>\n<p><img loading=\"lazy\" decoding=\"async\" class=\"size-full aligncenter\" src=\"https:\/\/lh3.googleusercontent.com\/GK_cANlllL4zMNeY_cLlD0AG8VXwYV8PhoYvRDO07boXNks7uKE3LoMZvwE8xwH68YxZ67e7H9TpnO7yVI-DM66-cbNeSMIQXq5mhB8OHkAX-fjehsf1r8hsrgYI_-Evae-0r1NMnqgqkWpcVggb8qP_JQiNhC-u0LIxP81i_jREyNWma-h9e8QGAc5loXuxgkMwextl13W8vbZZydAMTqGNEC9gODv_MvVzoJxn5DyQ5ho2FsPAvhxmS59v_qvyJsiFZL2kOqGsfUOhRnYR6yfno76w6eMl0R5sFbdD6RJ_GhB3xpha4r4Y6yB8f02ynF3fieWw7xqphdWaZphBr8CnNC3A-mTtx-f5WFBceh0mXJVb6-8DyUelbQ31a3p0XwQml_Wk9v7Ib4bff0MYoL9JSti4K0vU1GxjNvGrGXW4d1LJY6JGIYpgd5SCjR5muvBm93y8QnONJHiYMncpB6V7AhvLmJ7CWUtWFuwyQWk6tn7TwjuX72UBWNivnQJT0HR1mHJSgDU0BEeYpgPhlzyseFGFeELm_q8NTu2qsFKwa5N1_FV7d5zHa1nLCys72ozpFBf9i8n79wKdAzfB6qPhVy1hryUOtsvAiuC5xUu1uw06jd7ph3FKIVYLgvlywpQztU2Tl4GWQnO1w7H2Ff4aLR_CAg9Cmzi2Wo5HxpjzTmayVQI6Dldb_rWu7cojNbHcTrqNDvCyTRO03fLWTBQAtg=w1024-h576-no\" width=\"1024\" height=\"576\" \/><\/p>\n<p>&nbsp;<\/p>\n<p><img loading=\"lazy\" decoding=\"async\" class=\"alignnone size-full\" src=\"https:\/\/lh3.googleusercontent.com\/-0PX3b33dWHvZZ2xmFT5IvkEYPZB5vdrlad4oq8z7TRmZASzPPqPzd2otb-VPrDkT06SmxuWljfwZpkKxRj__-ggsg-q_KOBWBWQ92LuOibs9ebPlGKp1PKD7UGMB5LBtDSvozVN9x9JCMIwYNeQg8IjERoKMdZR5lCmCNHXr0eVBdL4YuwgM97PapPkNUp-6oa6T5cGpc2i1Syi7cMbavtBniolWF6xJApRTddOAEqf3hKc9oluxWOj07-4n5uTh-XagHmjzCKf-Y8UqpLZrvlIsJybZ-hHfErc16rMSXcHTrL4fuTQWt6UukXf-59tBbfRY6QnzSSZpJRzmVxvdokm_xjqj4ZuLff36VABZkeDddrHII092USNQsll3hbnQ3xV9nS1WZFRR4D3n1_d0XWNEKVruWxtaA3YE7vXyyfnVLDYfPFap-ZY20gaDE8G4FyCx-OjlM_dc4uBETIpR1aaJ6gut-m7uHm5TMf4kXq2ID0NqJlyoQJDpfNShtrDIXcDrMaSMVYH-4DiAqRt-y3X5mxmEBWsrB7GcAnw30S4i5-HTQI3lCdtskFVZFunPdNk2r5bHC45cChOwQcebL1UJxApHet9rC0F69UfQFhFYxs-pLROKPeiks6dqzHe1Cfe_6HAQop9QUASkUxaRboIg2KM_VqiaeFDhxsi6N4nAcKviGLAyM1CLtDz00FSm6nZPP2gZTiScHKti0F_pw3U2w=w986-h739-no\" width=\"986\" height=\"739\" \/><\/p>\n<p><img loading=\"lazy\" decoding=\"async\" class=\"size-full aligncenter\" src=\"https:\/\/lh3.googleusercontent.com\/imIZaqLQ6XwamG8fAJBCo89BdKzm1UNkIVW_IRlGzDWSwPVU8QUaSqTpBFk2w9rNyTb5RCuN52JC73wF_eOmtCOPCJSt2MDpRZPsEdKp-GRIaUJq-EKt2uDwyXECdZ7gKaG8jWDczC1dTqnVS-0k1glZ58xa8nMZDSA5TiLO5Ni1HfIB32dMoetVHhs7JrmZ-SwdJX1rZcaimRS-duPhFC6BhkTZPS9E5uz-i3Q4fqDpnqKuKNS7ApAXHsSAyz1qZSu_IMzupS62RPLD6pJBNynG7SZ6erOUKipI8zMW5mpJGCUV1EDm6TdfPC86KV8Sh3xh0tuSOjkPKFBiDaKSTuD5q-9ImC0trdhq1F5bjy4SeB8sw_F70CucgXUvEgQ9MBoDUquLPzvu86sLtEaweByZyU1w1gbFewsctESqcbSeYdFDH0Hyq9dEZraFhKPiT1Xp7IqUvMFV1o2ymDddaABWoDkOfb638GnDd3xfcpiMp_ycgfXRL1I04-QYZM3taOHKB9Kp0ucTb7KS16MFE6eUVNMGpvEOydkJBMjpCwDZYVvmc-LabV1_E4_y-oAtHHjnFHfb_4ISBElb7UAdlIyEWgV4yx0z8ZqCFdARRgNOWn7Zph3iXMhZxChrcl2FkEuvDhey-KbzDMotzqUQtUa2jqvwAtGS9oUoOODjyG7h1FcQBGe9mlZud7-GR3-DL01SC2FbKKSqsy6EabOmnluUOg=w1024-h576-no\" width=\"1024\" height=\"576\" \/><\/p>\n<hr \/>\n<p>&nbsp;<\/p>\n<h3><strong>Track de la ruta<\/strong><\/h3>\n<p>[sgpx gpx=\u00bb\/wp-content\/uploads\/gpx\/Bornas-559-561.gpx\u00bb]<\/p>\n<p>&nbsp;<\/p>\n<hr \/>\n<p>&nbsp;<\/p>\n<p style=\"text-align: justify;\"><span style=\"color: #ff0000; background-color: #ffffff; font-size: 14pt;\"><strong>Si te ha gustado, comp\u00e1rtelo en tu red favorita o env\u00edanos tu comentario.<br \/>\n<\/strong><\/span><\/p>\n<p style=\"text-align: justify;\"><span style=\"font-size: 14pt;\"><strong><span style=\"color: #ff0000;\">Muchas gracias !<\/span><\/strong><\/span><\/p>\n<hr \/>\n<p style=\"text-align: justify;\"><strong><span style=\"color: #008000;\">Suscribete si quieres recibir un mail cuando publiquemos nuevas rutas : no enviamos publicidad y como m\u00e1ximo enviamos 2 mails al mes<\/span><\/strong><\/p>\n<p style=\"text-align: center;\"><a href=\"https:\/\/mailchi.mp\/6989c83a3e24\/wmv06rtqcz\/\" target=\"_blank\" rel=\"noopener noreferrer\"><strong><span style=\"color: #0000ff;\">Pulsa aqu\u00ed para suscribirte<\/span><\/strong><\/a><\/p>\n<hr \/>\n<p style=\"text-align: justify;\">\u00a0<\/p>\n<h3 style=\"text-align: justify;\">Puedes imprimir esta publicaci\u00f3n o guardarla en diferentes formatos :<\/h3>\n<p style=\"text-align: justify;\"><span style=\"color: #ff0000; font-size: 14pt;\">Para facilitar la impresi\u00f3n, se ha reducido considerablemente el tama\u00f1o de las fotos, pero si deseas imprimir sin fotos, aconsejamos guardarlo como \u201cdoc\u201d, y antes de imprimirlo, eliminar las fotos<\/span><\/p>\n<p><span style=\"color: #ff0000;\">\u00a0<\/span><\/p>\n<hr \/>\n<h3><strong>Wikiloc<\/strong><\/h3>\n<p><a href=\"https:\/\/es.wikiloc.com\/rutas-senderismo\/bornas-o-mojones-fronterizos-559-a-561-40374903\" target=\"_blank\" rel=\"noopener noreferrer\"><img loading=\"lazy\" decoding=\"async\" class=\"size-full wp-image-958 aligncenter\" src=\"https:\/\/www.carlosyconchita.net\/rutas\/wp-content\/uploads\/2020\/09\/wikiloc.jpg\" alt=\"\" width=\"117\" height=\"34\" \/><\/a><\/p>\n<hr \/>\n<p>&nbsp;<\/p>\n","protected":false},"excerpt":{"rendered":"<p>Desde el Coll de Manrella localizamos las bornas 559,560 y 561, e intentamos llegar a la 558, pero debido a la espesa vegetaci\u00f3n y zarzas no podemos pasar por donde ten\u00edamos previsto.<\/p>\n","protected":false},"author":50,"featured_media":13052,"comment_status":"open","ping_status":"open","sticky":false,"template":"","format":"standard","meta":{"footnotes":""},"categories":[21,10,74],"tags":[],"class_list":{"0":"post-13051","1":"post","2":"type-post","3":"status-publish","4":"format-standard","5":"has-post-thumbnail","6":"hentry","7":"category-hasta-5-km","8":"category-facil","9":"category-0-mojones-bornas-frontera","11":"post-with-thumbnail","12":"post-with-thumbnail-icon"},"yoast_head":"<!-- This site is optimized with the Yoast SEO plugin v27.4 - https:\/\/yoast.com\/product\/yoast-seo-wordpress\/ -->\n<title>13-07-2019-Bornas 559-561, con intento 558 (Coll de Manrella) -<\/title>\n<meta name=\"robots\" content=\"index, follow, max-snippet:-1, max-image-preview:large, max-video-preview:-1\" \/>\n<link rel=\"canonical\" href=\"https:\/\/www.carlosyconchita.net\/rutas\/13-07-2019-bornas-559-561-coll-de-manrella\/\" \/>\n<meta property=\"og:locale\" content=\"es_ES\" \/>\n<meta property=\"og:type\" content=\"article\" \/>\n<meta property=\"og:title\" content=\"13-07-2019-Bornas 559-561, con intento 558 (Coll de Manrella) -\" \/>\n<meta property=\"og:description\" content=\"Desde el Coll de Manrella localizamos las bornas 559,560 y 561, e intentamos llegar a la 558, pero debido a la espesa vegetaci\u00f3n y zarzas no podemos pasar por donde ten\u00edamos previsto.\" \/>\n<meta property=\"og:url\" content=\"https:\/\/www.carlosyconchita.net\/rutas\/13-07-2019-bornas-559-561-coll-de-manrella\/\" \/>\n<meta property=\"og:site_name\" content=\"Las rutas de Carlos y Conchita\" \/>\n<meta property=\"article:published_time\" content=\"2019-07-13T16:28:32+00:00\" \/>\n<meta property=\"article:modified_time\" content=\"2022-03-13T16:53:24+00:00\" \/>\n<meta property=\"og:image\" content=\"https:\/\/www.carlosyconchita.net\/rutas\/wp-content\/uploads\/2019\/08\/Manrella-0037.jpg\" \/>\n\t<meta property=\"og:image:width\" content=\"1019\" \/>\n\t<meta property=\"og:image:height\" content=\"764\" \/>\n\t<meta property=\"og:image:type\" content=\"image\/jpeg\" \/>\n<meta name=\"author\" content=\"Carlos Conchita\" \/>\n<meta name=\"twitter:label1\" content=\"Escrito por\" \/>\n\t<meta name=\"twitter:data1\" content=\"Carlos Conchita\" \/>\n\t<meta name=\"twitter:label2\" content=\"Tiempo de lectura\" \/>\n\t<meta name=\"twitter:data2\" content=\"2 minutos\" \/>\n<script type=\"application\/ld+json\" class=\"yoast-schema-graph\">{\"@context\":\"https:\\\/\\\/schema.org\",\"@graph\":[{\"@type\":\"Article\",\"@id\":\"https:\\\/\\\/www.carlosyconchita.net\\\/rutas\\\/13-07-2019-bornas-559-561-coll-de-manrella\\\/#article\",\"isPartOf\":{\"@id\":\"https:\\\/\\\/www.carlosyconchita.net\\\/rutas\\\/13-07-2019-bornas-559-561-coll-de-manrella\\\/\"},\"author\":{\"name\":\"Carlos Conchita\",\"@id\":\"https:\\\/\\\/www.carlosyconchita.net\\\/rutas\\\/#\\\/schema\\\/person\\\/a9691f7258c28443fab2d3aa1479ea19\"},\"headline\":\"13-07-2019-Bornas 559-561, con intento 558 (Coll de Manrella)\",\"datePublished\":\"2019-07-13T16:28:32+00:00\",\"dateModified\":\"2022-03-13T16:53:24+00:00\",\"mainEntityOfPage\":{\"@id\":\"https:\\\/\\\/www.carlosyconchita.net\\\/rutas\\\/13-07-2019-bornas-559-561-coll-de-manrella\\\/\"},\"wordCount\":444,\"commentCount\":0,\"image\":{\"@id\":\"https:\\\/\\\/www.carlosyconchita.net\\\/rutas\\\/13-07-2019-bornas-559-561-coll-de-manrella\\\/#primaryimage\"},\"thumbnailUrl\":\"https:\\\/\\\/www.carlosyconchita.net\\\/rutas\\\/wp-content\\\/uploads\\\/2019\\\/08\\\/Manrella-0037.jpg\",\"articleSection\":[\"1 - Hasta 5 km.\",\"1-F\u00e1cil\",\"Mojones \\\/ Bornas frontera ES-FR\"],\"inLanguage\":\"es\",\"potentialAction\":[{\"@type\":\"CommentAction\",\"name\":\"Comment\",\"target\":[\"https:\\\/\\\/www.carlosyconchita.net\\\/rutas\\\/13-07-2019-bornas-559-561-coll-de-manrella\\\/#respond\"]}]},{\"@type\":\"WebPage\",\"@id\":\"https:\\\/\\\/www.carlosyconchita.net\\\/rutas\\\/13-07-2019-bornas-559-561-coll-de-manrella\\\/\",\"url\":\"https:\\\/\\\/www.carlosyconchita.net\\\/rutas\\\/13-07-2019-bornas-559-561-coll-de-manrella\\\/\",\"name\":\"13-07-2019-Bornas 559-561, con intento 558 (Coll de Manrella) -\",\"isPartOf\":{\"@id\":\"https:\\\/\\\/www.carlosyconchita.net\\\/rutas\\\/#website\"},\"primaryImageOfPage\":{\"@id\":\"https:\\\/\\\/www.carlosyconchita.net\\\/rutas\\\/13-07-2019-bornas-559-561-coll-de-manrella\\\/#primaryimage\"},\"image\":{\"@id\":\"https:\\\/\\\/www.carlosyconchita.net\\\/rutas\\\/13-07-2019-bornas-559-561-coll-de-manrella\\\/#primaryimage\"},\"thumbnailUrl\":\"https:\\\/\\\/www.carlosyconchita.net\\\/rutas\\\/wp-content\\\/uploads\\\/2019\\\/08\\\/Manrella-0037.jpg\",\"datePublished\":\"2019-07-13T16:28:32+00:00\",\"dateModified\":\"2022-03-13T16:53:24+00:00\",\"author\":{\"@id\":\"https:\\\/\\\/www.carlosyconchita.net\\\/rutas\\\/#\\\/schema\\\/person\\\/a9691f7258c28443fab2d3aa1479ea19\"},\"breadcrumb\":{\"@id\":\"https:\\\/\\\/www.carlosyconchita.net\\\/rutas\\\/13-07-2019-bornas-559-561-coll-de-manrella\\\/#breadcrumb\"},\"inLanguage\":\"es\",\"potentialAction\":[{\"@type\":\"ReadAction\",\"target\":[\"https:\\\/\\\/www.carlosyconchita.net\\\/rutas\\\/13-07-2019-bornas-559-561-coll-de-manrella\\\/\"]}]},{\"@type\":\"ImageObject\",\"inLanguage\":\"es\",\"@id\":\"https:\\\/\\\/www.carlosyconchita.net\\\/rutas\\\/13-07-2019-bornas-559-561-coll-de-manrella\\\/#primaryimage\",\"url\":\"https:\\\/\\\/www.carlosyconchita.net\\\/rutas\\\/wp-content\\\/uploads\\\/2019\\\/08\\\/Manrella-0037.jpg\",\"contentUrl\":\"https:\\\/\\\/www.carlosyconchita.net\\\/rutas\\\/wp-content\\\/uploads\\\/2019\\\/08\\\/Manrella-0037.jpg\",\"width\":1019,\"height\":764},{\"@type\":\"BreadcrumbList\",\"@id\":\"https:\\\/\\\/www.carlosyconchita.net\\\/rutas\\\/13-07-2019-bornas-559-561-coll-de-manrella\\\/#breadcrumb\",\"itemListElement\":[{\"@type\":\"ListItem\",\"position\":1,\"name\":\"Portada\",\"item\":\"https:\\\/\\\/www.carlosyconchita.net\\\/rutas\\\/\"},{\"@type\":\"ListItem\",\"position\":2,\"name\":\"13-07-2019-Bornas 559-561, con intento 558 (Coll de Manrella)\"}]},{\"@type\":\"WebSite\",\"@id\":\"https:\\\/\\\/www.carlosyconchita.net\\\/rutas\\\/#website\",\"url\":\"https:\\\/\\\/www.carlosyconchita.net\\\/rutas\\\/\",\"name\":\"Las rutas de Carlos y Conchita\",\"description\":\"\",\"potentialAction\":[{\"@type\":\"SearchAction\",\"target\":{\"@type\":\"EntryPoint\",\"urlTemplate\":\"https:\\\/\\\/www.carlosyconchita.net\\\/rutas\\\/?s={search_term_string}\"},\"query-input\":{\"@type\":\"PropertyValueSpecification\",\"valueRequired\":true,\"valueName\":\"search_term_string\"}}],\"inLanguage\":\"es\"},{\"@type\":\"Person\",\"@id\":\"https:\\\/\\\/www.carlosyconchita.net\\\/rutas\\\/#\\\/schema\\\/person\\\/a9691f7258c28443fab2d3aa1479ea19\",\"name\":\"Carlos Conchita\",\"image\":{\"@type\":\"ImageObject\",\"inLanguage\":\"es\",\"@id\":\"https:\\\/\\\/secure.gravatar.com\\\/avatar\\\/3a4625b20c8da3de99da69bfe7a322774e291c3f90dce7e8778a30fe6748ed1a?s=96&d=mm&r=g\",\"url\":\"https:\\\/\\\/secure.gravatar.com\\\/avatar\\\/3a4625b20c8da3de99da69bfe7a322774e291c3f90dce7e8778a30fe6748ed1a?s=96&d=mm&r=g\",\"contentUrl\":\"https:\\\/\\\/secure.gravatar.com\\\/avatar\\\/3a4625b20c8da3de99da69bfe7a322774e291c3f90dce7e8778a30fe6748ed1a?s=96&d=mm&r=g\",\"caption\":\"Carlos Conchita\"}}]}<\/script>\n<!-- \/ Yoast SEO plugin. -->","yoast_head_json":{"title":"13-07-2019-Bornas 559-561, con intento 558 (Coll de Manrella) -","robots":{"index":"index","follow":"follow","max-snippet":"max-snippet:-1","max-image-preview":"max-image-preview:large","max-video-preview":"max-video-preview:-1"},"canonical":"https:\/\/www.carlosyconchita.net\/rutas\/13-07-2019-bornas-559-561-coll-de-manrella\/","og_locale":"es_ES","og_type":"article","og_title":"13-07-2019-Bornas 559-561, con intento 558 (Coll de Manrella) -","og_description":"Desde el Coll de Manrella localizamos las bornas 559,560 y 561, e intentamos llegar a la 558, pero debido a la espesa vegetaci\u00f3n y zarzas no podemos pasar por donde ten\u00edamos previsto.","og_url":"https:\/\/www.carlosyconchita.net\/rutas\/13-07-2019-bornas-559-561-coll-de-manrella\/","og_site_name":"Las rutas de Carlos y Conchita","article_published_time":"2019-07-13T16:28:32+00:00","article_modified_time":"2022-03-13T16:53:24+00:00","og_image":[{"width":1019,"height":764,"url":"https:\/\/www.carlosyconchita.net\/rutas\/wp-content\/uploads\/2019\/08\/Manrella-0037.jpg","type":"image\/jpeg"}],"author":"Carlos Conchita","twitter_misc":{"Escrito por":"Carlos Conchita","Tiempo de lectura":"2 minutos"},"schema":{"@context":"https:\/\/schema.org","@graph":[{"@type":"Article","@id":"https:\/\/www.carlosyconchita.net\/rutas\/13-07-2019-bornas-559-561-coll-de-manrella\/#article","isPartOf":{"@id":"https:\/\/www.carlosyconchita.net\/rutas\/13-07-2019-bornas-559-561-coll-de-manrella\/"},"author":{"name":"Carlos Conchita","@id":"https:\/\/www.carlosyconchita.net\/rutas\/#\/schema\/person\/a9691f7258c28443fab2d3aa1479ea19"},"headline":"13-07-2019-Bornas 559-561, con intento 558 (Coll de Manrella)","datePublished":"2019-07-13T16:28:32+00:00","dateModified":"2022-03-13T16:53:24+00:00","mainEntityOfPage":{"@id":"https:\/\/www.carlosyconchita.net\/rutas\/13-07-2019-bornas-559-561-coll-de-manrella\/"},"wordCount":444,"commentCount":0,"image":{"@id":"https:\/\/www.carlosyconchita.net\/rutas\/13-07-2019-bornas-559-561-coll-de-manrella\/#primaryimage"},"thumbnailUrl":"https:\/\/www.carlosyconchita.net\/rutas\/wp-content\/uploads\/2019\/08\/Manrella-0037.jpg","articleSection":["1 - Hasta 5 km.","1-F\u00e1cil","Mojones \/ Bornas frontera ES-FR"],"inLanguage":"es","potentialAction":[{"@type":"CommentAction","name":"Comment","target":["https:\/\/www.carlosyconchita.net\/rutas\/13-07-2019-bornas-559-561-coll-de-manrella\/#respond"]}]},{"@type":"WebPage","@id":"https:\/\/www.carlosyconchita.net\/rutas\/13-07-2019-bornas-559-561-coll-de-manrella\/","url":"https:\/\/www.carlosyconchita.net\/rutas\/13-07-2019-bornas-559-561-coll-de-manrella\/","name":"13-07-2019-Bornas 559-561, con intento 558 (Coll de Manrella) -","isPartOf":{"@id":"https:\/\/www.carlosyconchita.net\/rutas\/#website"},"primaryImageOfPage":{"@id":"https:\/\/www.carlosyconchita.net\/rutas\/13-07-2019-bornas-559-561-coll-de-manrella\/#primaryimage"},"image":{"@id":"https:\/\/www.carlosyconchita.net\/rutas\/13-07-2019-bornas-559-561-coll-de-manrella\/#primaryimage"},"thumbnailUrl":"https:\/\/www.carlosyconchita.net\/rutas\/wp-content\/uploads\/2019\/08\/Manrella-0037.jpg","datePublished":"2019-07-13T16:28:32+00:00","dateModified":"2022-03-13T16:53:24+00:00","author":{"@id":"https:\/\/www.carlosyconchita.net\/rutas\/#\/schema\/person\/a9691f7258c28443fab2d3aa1479ea19"},"breadcrumb":{"@id":"https:\/\/www.carlosyconchita.net\/rutas\/13-07-2019-bornas-559-561-coll-de-manrella\/#breadcrumb"},"inLanguage":"es","potentialAction":[{"@type":"ReadAction","target":["https:\/\/www.carlosyconchita.net\/rutas\/13-07-2019-bornas-559-561-coll-de-manrella\/"]}]},{"@type":"ImageObject","inLanguage":"es","@id":"https:\/\/www.carlosyconchita.net\/rutas\/13-07-2019-bornas-559-561-coll-de-manrella\/#primaryimage","url":"https:\/\/www.carlosyconchita.net\/rutas\/wp-content\/uploads\/2019\/08\/Manrella-0037.jpg","contentUrl":"https:\/\/www.carlosyconchita.net\/rutas\/wp-content\/uploads\/2019\/08\/Manrella-0037.jpg","width":1019,"height":764},{"@type":"BreadcrumbList","@id":"https:\/\/www.carlosyconchita.net\/rutas\/13-07-2019-bornas-559-561-coll-de-manrella\/#breadcrumb","itemListElement":[{"@type":"ListItem","position":1,"name":"Portada","item":"https:\/\/www.carlosyconchita.net\/rutas\/"},{"@type":"ListItem","position":2,"name":"13-07-2019-Bornas 559-561, con intento 558 (Coll de Manrella)"}]},{"@type":"WebSite","@id":"https:\/\/www.carlosyconchita.net\/rutas\/#website","url":"https:\/\/www.carlosyconchita.net\/rutas\/","name":"Las rutas de Carlos y Conchita","description":"","potentialAction":[{"@type":"SearchAction","target":{"@type":"EntryPoint","urlTemplate":"https:\/\/www.carlosyconchita.net\/rutas\/?s={search_term_string}"},"query-input":{"@type":"PropertyValueSpecification","valueRequired":true,"valueName":"search_term_string"}}],"inLanguage":"es"},{"@type":"Person","@id":"https:\/\/www.carlosyconchita.net\/rutas\/#\/schema\/person\/a9691f7258c28443fab2d3aa1479ea19","name":"Carlos Conchita","image":{"@type":"ImageObject","inLanguage":"es","@id":"https:\/\/secure.gravatar.com\/avatar\/3a4625b20c8da3de99da69bfe7a322774e291c3f90dce7e8778a30fe6748ed1a?s=96&d=mm&r=g","url":"https:\/\/secure.gravatar.com\/avatar\/3a4625b20c8da3de99da69bfe7a322774e291c3f90dce7e8778a30fe6748ed1a?s=96&d=mm&r=g","contentUrl":"https:\/\/secure.gravatar.com\/avatar\/3a4625b20c8da3de99da69bfe7a322774e291c3f90dce7e8778a30fe6748ed1a?s=96&d=mm&r=g","caption":"Carlos Conchita"}}]}},"_links":{"self":[{"href":"https:\/\/www.carlosyconchita.net\/rutas\/wp-json\/wp\/v2\/posts\/13051","targetHints":{"allow":["GET"]}}],"collection":[{"href":"https:\/\/www.carlosyconchita.net\/rutas\/wp-json\/wp\/v2\/posts"}],"about":[{"href":"https:\/\/www.carlosyconchita.net\/rutas\/wp-json\/wp\/v2\/types\/post"}],"author":[{"embeddable":true,"href":"https:\/\/www.carlosyconchita.net\/rutas\/wp-json\/wp\/v2\/users\/50"}],"replies":[{"embeddable":true,"href":"https:\/\/www.carlosyconchita.net\/rutas\/wp-json\/wp\/v2\/comments?post=13051"}],"version-history":[{"count":0,"href":"https:\/\/www.carlosyconchita.net\/rutas\/wp-json\/wp\/v2\/posts\/13051\/revisions"}],"wp:featuredmedia":[{"embeddable":true,"href":"https:\/\/www.carlosyconchita.net\/rutas\/wp-json\/wp\/v2\/media\/13052"}],"wp:attachment":[{"href":"https:\/\/www.carlosyconchita.net\/rutas\/wp-json\/wp\/v2\/media?parent=13051"}],"wp:term":[{"taxonomy":"category","embeddable":true,"href":"https:\/\/www.carlosyconchita.net\/rutas\/wp-json\/wp\/v2\/categories?post=13051"},{"taxonomy":"post_tag","embeddable":true,"href":"https:\/\/www.carlosyconchita.net\/rutas\/wp-json\/wp\/v2\/tags?post=13051"}],"curies":[{"name":"wp","href":"https:\/\/api.w.org\/{rel}","templated":true}]}}