{"id":13127,"date":"2019-08-02T15:34:56","date_gmt":"2019-08-02T14:34:56","guid":{"rendered":"https:\/\/www.carlosyconchita.net\/rutas\/?p=13127"},"modified":"2022-03-13T17:54:21","modified_gmt":"2022-03-13T16:54:21","slug":"02-08-2019-borna-558-coll-de-manrella","status":"publish","type":"post","link":"https:\/\/www.carlosyconchita.net\/rutas\/02-08-2019-borna-558-coll-de-manrella\/","title":{"rendered":"02-08-2019-Borna 558 (Coll de Manrella)"},"content":{"rendered":"<p style=\"text-align: justify;\">Hoy volvemos al Coll de Manrella, dispuestos a localizar como sea la borna 558, despu\u00e9s de los dos intentos anteriores.<\/p>\n<hr \/>\n<p>Album de fotos<\/p>\n<p><a href=\"https:\/\/photos.app.goo.gl\/gqaicxKePrLtLhhz6\" target=\"_blank\" rel=\"noopener noreferrer\"><img loading=\"lazy\" decoding=\"async\" class=\"aligncenter wp-image-13128 size-column4-2\/3\" src=\"https:\/\/www.carlosyconchita.net\/rutas\/wp-content\/uploads\/2019\/09\/5587-285x190.jpg\" alt=\"\" width=\"285\" height=\"190\" srcset=\"https:\/\/www.carlosyconchita.net\/rutas\/wp-content\/uploads\/2019\/09\/5587-285x190.jpg 285w, https:\/\/www.carlosyconchita.net\/rutas\/wp-content\/uploads\/2019\/09\/5587-272x182.jpg 272w, https:\/\/www.carlosyconchita.net\/rutas\/wp-content\/uploads\/2019\/09\/5587-570x380.jpg 570w, https:\/\/www.carlosyconchita.net\/rutas\/wp-content\/uploads\/2019\/09\/5587-380x254.jpg 380w\" sizes=\"auto, (max-width: 285px) 100vw, 285px\" \/><\/a><\/p>\n<p>&nbsp;<\/p>\n<hr \/>\n<p style=\"text-align: justify;\">Tal como escribimos el dia\u00a0 <a href=\"https:\/\/www.carlosyconchita.net\/rutas\/26-07-2019-bornas-554-557-coll-de-manrella\/\" target=\"_blank\" rel=\"noopener noreferrer\"><strong><span style=\"color: #0000ff;\">26-07-2019-BORNAS 554-557, CON INTENTO 558 (COLL DE MANRELLA)<\/span><\/strong><\/a>\u00a0 , hab\u00edamos localizado un punto que se\u00f1alamos en el track como \u00abIntento llegar a 558\u00bb, por lo que inicialmente nuestra idea era empezar all\u00ed, pero dado que entonces ten\u00edamos que saltar una valla, y no nos parec\u00eda muy correcto, decidimos hacer un \u00faltimo intento desde el mismo Coll de Manrella, en la zona donde hacer unos a\u00f1os hab\u00eda un camino que nos hubiera llevado all\u00ed.<\/p>\n<p style=\"text-align: justify;\">Seg\u00fan aparece todav\u00eda en Google Maps y tal como estaba cuando nuestro amigo Eef Berns estuvo por all\u00ed, hace 8-10 a\u00f1os, la zona estaba as\u00ed :<\/p>\n<p><img loading=\"lazy\" decoding=\"async\" class=\"alignnone size-full\" src=\"https:\/\/lh3.googleusercontent.com\/6BzJvu3uMSYSgu5PdxYRv35HWFuTpBsVZoMXECvpvmpnPBG5fy1xdsoEMlrfAT7JhufUSjfZFT9tPX3IIAlAWGu2ILquzpfFpdddIxFFED_GexiHT_y_2xUuG_Ejn2-tzxzQqVBCuMSL0ZKRA0lhdU5t_8UhWHlu6_lqmIMwvLASlhVbqJMch3dZvKcbI5n2QEzcy3EulyelxIAkGVFqImr_grJAxq0PAALIfeavhvEaPhEGvj28ZM17rr0ImGWBKgruyc2bEbBPMNYkVZHARplna1JtOZ37_sYKl7kpaP1kIUzhLiXYyjCW9_0Hfzf3faR523QxJAs4a7iOMLn0RomsNBLRfi3TZeh5i3z7a1pi1IwDy1G_4ePGJmEp-Hs9jc8o7ZoMnh9L7S9MZSEj8qpc7yQ9WnCsBon3229uLQHIfzVvtUwWGI985Im4gjyrqC5qQcCzHcuCtkYCAkPn8b830I9zfkWoUtrQWDeW12wQx4PWsWfLgjKvW7C5yEfNi566kdN_5zaojAmRh-N5kwL1GwSocMDpX3YxzZQ8_b8TSah4oR7c3wxBhRn3grofvLwXYhQCe-BhXLTT8uy-s0SVkA_Pe8omez8QLxMPTpqawOJ8mAZE445FgLJb1iecsB2yTqKznjJgAaaP7yBLruD8Kws-1JFTUJBZNKMbuUC0vBJW5cF0HA9UgmHXjbgmKCdZyBuPLfzM2_Y_06bbLKtkWl5E3OdBy4oaZwNQ2QJH-0uZBQ=w920-h565-no\" width=\"920\" height=\"565\" \/><\/p>\n<p>&nbsp;<\/p>\n<p>Pero actualmente est\u00e1 as\u00ed&#8230;<\/p>\n<p>&nbsp;<\/p>\n<p><img loading=\"lazy\" decoding=\"async\" class=\"alignnone size-full\" src=\"https:\/\/lh3.googleusercontent.com\/L1yYQ__vILlFC4t_tzaYkBZQoJeX6aPD70T8tLBMCZ6zLOZ3IcIF5HV9WhKbyhtEWA5xh5nmHH-Pdqj67zqU4agmRiJhXYY9DgzXoMdnNuyUHnsz6XNmshcd0eVXAVkz9RQt_3Bx-lRgPqaTKhDiVjDApohx8VczTxgSob87XHeUix7lRaMJDDr_wFbfVYV4_oTbDyG97NQDke9aFI0826KdiJIFu8t6ZjnE60-r5_xtTfFuK74aQPtpCvwOnT4WKCx23i5DyMOt-mSgiV4nnSHgzG2O4a9ZUTrJQKvtAZOSbjK55a9gBNukkBj7Ui0ZndwDUXWF0V7gkgMhRZEQtvlZTSgnG3bgm_XBCVtGpz4FpKJIDfNGfxdShGW6w_PWWuqd0TCiTGwluGjlOazYOZsTcMAZMH3wAEOPSAFOvU51XeGJwKpMu1x4pPyBJ05SgHVZYIwUAL0lGu5YjUyIPVZcmIfGpJuhBYykJP6Q68xxyeMTZo6ioJ7eHZrz-CYjhlsOatM5LdDDNpDkPau0Msz-kqsX84Z96SV28Xgd6NO8MMXNt3yRupUYrOgPHrjIC0Ebs6mlAh1jfqINtfAOXIwK_a6ak80moFV0evzpJ0su1xJM54W8y3HhsKzSMpDtLz1LXfWvPghHlYnaS2Xs4Hi0zkCCLk_3P0iBkqE8UQ39GKPYZ29N6bxKMKS7EWex8jwDO8DaHwmgWiv1PA8O3TiwZiS5CPBh1CaYi9duib3aGtRpYg=w1024-h576-no\" width=\"1024\" height=\"576\" \/><\/p>\n<p style=\"text-align: justify;\">El problema es que esa especie de \u00abpared\u00bb de plantas que se v\u00e9 a la izquierda es una combinaci\u00f3n de arbustos, zarzas y toda clase de pinchos, adem\u00e1s muy alta y espesa, que no te permite el paso.<\/p>\n<p style=\"text-align: justify;\">Dejamos pues el coche, y con las \u00abmanos en el bolsillo\u00bb, por as\u00ed decir, ya que no cogimos ni las mochilas, ni agua ni nada, (por suerte llevaba el GPS en el bolsillo), empezamos a intentar traspasar esta espesa pared de zarzas por diversos sitios, hasta que en un momento dado, localizamos una zona en donde no hab\u00eda zarzas, y aunque la vegetaci\u00f3n era igual de espesa y alta, al menos no pinchaba.<\/p>\n<p style=\"text-align: justify;\">Una vez salvada la primera dificultad, intentamos avanzar entre la vegetaci\u00f3n y fuimos avanzando lentamente, llegando despues a una zona algo m\u00e1s despejada,\u00a0 tropezando m\u00e1s adelante con una de nuestras \u00abqueridas\u00bb vallas de esta zona, que no era la fronteriza.<br \/>\nFuimos siguiendo paralelos a esta valla, hasta que encontramos un sitio que estaba rota y pudimos pasar al otro lado, en direcci\u00f3n ahora s\u00ed, de la valla fronteriza, que es donde deber\u00eda estar la borna 558.<\/p>\n<p style=\"text-align: justify;\">Y una vez localizada esta valla fronteriza, como que no pod\u00edamos saltarla fuimos caminando paralelos a ella por un bosque bastante complicado , pero con restos de alg\u00fan antiguo sendero en alg\u00fan tramo, hasta que llegamos al punto en donde estaba la borna 558, que est\u00e1 muy cerca de la valla, y por eso, para poder hacer una foto desde el lado franc\u00e9s, mirando a Espa\u00f1a, tuvimos que hacer una especie de selfie, ya que no hab\u00eda espacio para ponernos.<\/p>\n<p style=\"text-align: justify;\">La vuelta la hicimos mas o menos por el mismo camino, ya que con un GPS tampoco puedes afinar tanto como para pisar exactamente por el mismo sitio, pero el problema fu\u00e9 cuando llegamos al coche, ya que no conseguimos encontrar el punto exacto por donde habiamos cruzado las zarzas&#8230;<br \/>\nTen\u00edamos el coche en la carretera a 25-30 m. y lo est\u00e1bamos viendo, y al final tuvimos que cruzar a la brava por las zarzas, con lo que salimos con bastantes heridas como se puede ver en las fotos.<\/p>\n<p>Por lo visto, al empezar habriamos cruzado la espesa pared de vegetaci\u00f3n por el \u00fanico sitio donde no hab\u00eda zarzas y despu\u00e9s no consguimos encontrar ese punto&#8230;<\/p>\n<p>Debido a lo espeso del bosque y a lo complicado del camino, casi no hemos hecho ninguna foto&#8230;<\/p>\n<hr \/>\n<p>La zona donde pudimos saltar la primera valla.<\/p>\n<p><img loading=\"lazy\" decoding=\"async\" class=\"size-full aligncenter\" src=\"https:\/\/lh3.googleusercontent.com\/CGtY6TS21a49TBwURtATyQDcKjjbXYaVvmI4f3gwAv56oRmb2aTPttD3nm0RWdhArQnHdLsGjyhQYc2AzJcpFS6-0jepZ0odbo5kLiiE9BG29G49BZM3ibjLntFB3rVaTGi4899udDsuRgpGSau4_HXSCfJSUFUurz_VnWIZTiyI9mMtjgP57QKLRF_2bGNAPSF9euea2aZebwubOn14vZN7uT46ksX_WAXE-6YKz2-pr0NkKhU1koy1LRtfSBm1JdbYfCBsYIkoCbA0gkpYekCmch8JTBNtSfs1TCWXZ-Mql7fty3ngRziYheznvl93jMmYEoWUcjutf3mhBxDoeIXU9aZ8TeLfjOlwC7__GgLqaPmmot9tnsPhKZsOSCNw6u8g3cP50O4nHzQ113Rzm3pSp38397mEjoXzjO4m1YntRtS2gJGMCBn0NikATGurGHzQPWP6XSqslC8-HZnyz2P5cCSb9z4pMfdkWgAfNaDRztqV8lXVnd-4EmgWPW1FQSvRN2n-9zANzlhM_VcI2vd95PAMw-kjaPltyeW9NMloaCGGVwH3gbKkUwJDbn6FvNGAuA0fLIR8agdjn2bRo1Lh65cT89C_jI7A-rhaVSB0b_GHP5OauknrsZTwosnAXQEgiRBmuRHljqkot7Kbd4HA1YaVUgDPLi6f7mchEW13BXHCsSDqyMolUf2H5kJSGHSECup-RVRlOzi7don822a3YMExVDFlsTsXzFossWS5PgevWA=w1024-h576-no\" width=\"1024\" height=\"576\" \/><\/p>\n<p>Caminando paralelos (m\u00e1s o menos&#8230;) a la valla fronteriza en direcci\u00f3n a la borna, con un camino limpio y ancho en la parte francesa&#8230;aunque nosotros vamos por el lado espa\u00f1ol, muy complicado y \u00absucio\u00bb&#8230;<\/p>\n<p><img loading=\"lazy\" decoding=\"async\" class=\"alignnone size-full\" src=\"https:\/\/lh3.googleusercontent.com\/WJrbZzNTgrhmLCWAmulmV6XLYvyupoEyXrDhIaTcj9mz3J4esW9mwiImBM1iCcDQE8pNUKeSHkd26PiSxuM4IGz2HZIWAaF9c2W-07RtmcknzrMP0hcdpE8J9vxxtjOZzLjA4FbVwx-63CIjBXCLxq9yBgsEb8kT387Rlck0CUhw9utfEo24Y7_jGi8ZxqIR08f1L0tTeDgKV_88m3w06OS87BNxemyIK2nSm7RkdCLYro5nPRqhdUJ7-v5mlzD0UEuFu5WElpX8CPatgwU4dBvo-CHfWz6FOI-52UeWcAa396i3-CrUrYDTzGZNuZV9bdFnq69D0n70cqh2MugZiftYEN4LttTTBFF45Zdg603M4GTAMRUBjDihgOHgvODd60KNlHMkriOFxZ3h9KYsWh62LlOb-Tce3smNao4DmRgOfq1I8QLNkirMsa3GykZKjYj-7qB21N5Et-sYzl4ilXab2Ij0lHmgqIZe2nx6el2rT8oOZq4eennGdy0PSci-h6h2x8BF1h_XXzKRL7gLpOjzztkcZfYS1_EN8tVrDpUs3xV1hARo8ZIs1wYejY3Hp-Jahqw-BVO3pvBxNdN2GMn7gUZCgP0drev3BLkexr6rdZ6dpHBcU6HS-e1WgmdAQr86mwdhqo14xNpuuDbu4HV-zwZw9ORN3BdrajVKUPpdjZjHwRJJg8j8ZkQRSEYFeYz704UelQuBRk1l_eaer7kJ61BBG6uNNRJ94tDpe0xx3HBPZQ=w1024-h576-no\" width=\"1024\" height=\"576\" \/><\/p>\n<p><img loading=\"lazy\" decoding=\"async\" class=\"alignnone size-full\" src=\"https:\/\/lh3.googleusercontent.com\/IxJso39YAyqZqLD4AywYv9NfJfJZsUTSM3EXVjPwl0vWDxIWVsLePrTt6EdmAvJl_JeuLx7QCLg2W5ytJt_QilB8bAfSg1SKDSmFaiTI4Iu5Fs9Kkgc1vpyVYwDuwR7Xqz12Y2gByHOCVnDclvQNZFa0SeMJeEtq_067HjQa3szP3mkdKAvMwq1_KypV4i7aVhwLGKdWMp7NXEfHU5XFf6y_fSmhZPD2r4QVIR51lZuKMxJKT24G9ZHUiN_Ndi-27zZXZsdb1E39Nl94SCQgQ68yqLktksnZz3Pd44Yz8nRAC9zqQnd1upCYNTh7C910Bly3_aPIgAM_HXnVSdMu6fSF3GeZ9qejAB7NBL0v2UzvCbI6sclZtn8qWQv9vCVxLSssdItJRMPvfx2zqvL7_-iixcW-tPqpK9_T7_XMMQ6IK3AQGMib8H-zaKh_NWz0jzy64S3x2Cl-fErySFuDIWPBTWu-KS5q9cd-w14awcukos84vUqlFQ--4PRj2wxOoCQgib-wCAIBviD0H8pq_ClaSNGiEDMcA0P3Jg-2qOt2Dw5S3b0s2umxMMOiLeKMzv15HuCa85C8WpyMt-C3AU6x5J6AgqYguEQmUxZwq85cr5tEgL0awYJjvCXuTr8ZSwCDiaysxJbzUjLiGUJL3yU9_bZmTnodLu1F6edjNBV657_DFZtgjeAjsnJ89vBz4yIvi66rM5Lo7eTL-3OMOvHModUa1tsWH0e1KkMR5OQHSjafwg=w1024-h576-no\" width=\"1024\" height=\"576\" \/><\/p>\n<p>&nbsp;<\/p>\n<p><img loading=\"lazy\" decoding=\"async\" class=\"size-full aligncenter\" src=\"https:\/\/lh3.googleusercontent.com\/dpU_NTJUblJO9IVPkQXE2IFVvbKuvb_0QxaXMp7Ye3oGbhmI8JM3Sf2Y2ADeff7nQK0exkQpEAg74YOH6xRSdeax5gI7jIlqLPUAapfhiKVsmvEtLBgt57OG_Wx8DlGme8IoGim8CM_DpFwqfZdzozG_MsChMSZ-GuC5wNiEpuBENIqwFckFWzQcStnAJEzwODXsODZtZFUTIcsVzGLCNLqQ3GLux7k7huU7Kw9qp9kEEVFc3iBfzz3mpUZDaeSHSH0c_zW8UzcBccWQo5GRInPOvr-Faa8-nOFZ5-SX6VoCnhNcFDQoelR8uOxbf4RUKgmcH9c2HpDyc7uSF6XA95mgaFFHJWQhlXM8Cb4rhsEUjezH159aq75J3WQns5TL6xVi8lPUWrs7i1J6X_15NI-cYOBbFHjiqMrwPiJ8oAVGYvqEege9Fe8Q9Wp5BuvlBy_VUEHEOg0HCxAWVW6aEb2iORXJ4Jjj-wfz1GBFE-vGQk-sWZDeuCd5IFUIl-lhJTr7njqI2Kgs10u6q9utK2sXJo9a8qkxurRNro00D5_1mKPpf4JV2Aug-Ja7rDC8DIOfGBWtFjYruDAE1MRot99ZZUrTQ9K2IarMOTtwsZIzwvqnjrK3G4twZ-Umf823LZvN-PSIB91WmCxucg-zlMb52vlmlLr5JS7nGM9G61KIFJpcWEDvl57v9D5gwnSA_q1MaMILuho3wuizQ7AVl21g-CDo3h4WAfyj-o22m5EsgnJJGg=w1019-h764-no\" width=\"1019\" height=\"764\" \/><\/p>\n<p><img loading=\"lazy\" decoding=\"async\" class=\"alignnone size-full\" src=\"https:\/\/lh3.googleusercontent.com\/EpgiATlBugcFDo75JMB3I5wyLI4F_ahF1jeRQsxxOEIdmK283a2I3zQ-hp52JydLKvYVFgz3aDoSNkNe9JDKk97WrfUloKa2RzHRgg9r0K76FdpstS7DENvLc9OE4f6WAOidqTx25SJGCLHq1R_qthAwFYn3y0MHVhxkrfShEkjYsSwvAy0dXBgkyf-gLxatqYt3daxpu8BIN6Ekvv9hNiQByBSu8UGCZIKRnBPvHsU-h0PYxo_5HteHX3LRG-4AQmi3-x252MbVfwdPUhICVgjEY5HXD-UoCKusM5d5ffRvDXmPKFyKGjKm4luBAP9FdHL6W-sOSpksfhFdkLLOGwD5lTqH2fxp9iypgklCi6qSbSJdJQU_fOzAv2mSo9cxC33kJSoXZL_R2hu9kbyV6R6Q-3Kw6Laj5NZ_UMHNYrdwrr6Pu5uCC-9WWYVP12Ft951_uGKdqMwhLtt9cvWWRI10lWrkfBL8ke0kYPi_rW122dp7pmwmo2XYQvtTxFxrWXFcanu-ipsVlVAUVxu3HpqfUkKR-bE_-l9AE2hmUX0u6bZeocUnrwK7D88Qkb9NWVOLODQiQHpGZJrrif--FoaV75CjCQsqbM6bfXUtL8w9Pg8T30NnusCFHH4oLQMFHU2u_DUGWs_dr2xHRRGHsGay9XxaWqYH75ECUPKilh-jh9A9ziG-aBpX8gqGKLIHASbtc2Z2VKMCKpPR5Az2pOYjhOLXdv0Evdhghg21F3L804ARQQ=w1019-h764-no\" width=\"1019\" height=\"764\" \/><\/p>\n<hr \/>\n<p>&nbsp;<\/p>\n<p>Track de la ruta<\/p>\n<p>[sgpx gpx=\u00bb\/wp-content\/uploads\/gpx\/Borna-558.gpx\u00bb]<\/p>\n<p>&nbsp;<\/p>\n<hr \/>\n<p>&nbsp;<\/p>\n<p style=\"text-align: justify;\"><span style=\"color: #ff0000; background-color: #ffffff; font-size: 14pt;\"><strong>Si te ha gustado, comp\u00e1rtelo en tu red favorita o env\u00edanos tu comentario.<br \/>\n<\/strong><\/span><\/p>\n<p style=\"text-align: justify;\"><span style=\"font-size: 14pt;\"><strong><span style=\"color: #ff0000;\">Muchas gracias !<\/span><\/strong><\/span><\/p>\n<hr \/>\n<p style=\"text-align: justify;\"><strong><span style=\"color: #008000;\">Suscribete si quieres recibir un mail cuando publiquemos nuevas rutas : no enviamos publicidad y como m\u00e1ximo enviamos 2 mails al mes<\/span><\/strong><\/p>\n<p style=\"text-align: center;\"><a href=\"https:\/\/mailchi.mp\/6989c83a3e24\/wmv06rtqcz\/\" target=\"_blank\" rel=\"noopener noreferrer\"><strong><span style=\"color: #0000ff;\">Pulsa aqu\u00ed para suscribirte<\/span><\/strong><\/a><\/p>\n<hr \/>\n<p style=\"text-align: justify;\">\u00a0<\/p>\n<h3 style=\"text-align: justify;\">Puedes imprimir esta publicaci\u00f3n o guardarla en diferentes formatos :<\/h3>\n<p style=\"text-align: justify;\"><span style=\"color: #ff0000; font-size: 14pt;\">Para facilitar la impresi\u00f3n, se ha reducido considerablemente el tama\u00f1o de las fotos, pero si deseas imprimir sin fotos, aconsejamos guardarlo como \u201cdoc\u201d, y antes de imprimirlo, eliminar las fotos<\/span><\/p>\n<p>&nbsp;<\/p>\n<hr \/>\n<h3><strong>Wikiloc<\/strong><\/h3>\n<p><a href=\"https:\/\/es.wikiloc.com\/rutas-senderismo\/borna-o-mojon-fronterizo-558-coll-de-manrella-40810651\" target=\"_blank\" rel=\"noopener noreferrer\"><img loading=\"lazy\" decoding=\"async\" class=\"size-full wp-image-958 aligncenter\" src=\"https:\/\/www.carlosyconchita.net\/rutas\/wp-content\/uploads\/2020\/09\/wikiloc.jpg\" alt=\"\" width=\"117\" height=\"34\" \/><\/a><\/p>\n<hr \/>\n<p>&nbsp;<\/p>\n","protected":false},"excerpt":{"rendered":"<p>Finalmente, al cuarto intento conseguimos llegar a la borna 558 !<\/p>\n","protected":false},"author":50,"featured_media":13128,"comment_status":"open","ping_status":"open","sticky":false,"template":"","format":"standard","meta":{"footnotes":""},"categories":[21,11,74],"tags":[],"class_list":{"0":"post-13127","1":"post","2":"type-post","3":"status-publish","4":"format-standard","5":"has-post-thumbnail","6":"hentry","7":"category-hasta-5-km","8":"category-moderada","9":"category-0-mojones-bornas-frontera","11":"post-with-thumbnail","12":"post-with-thumbnail-icon"},"yoast_head":"<!-- This site is optimized with the Yoast SEO plugin v27.4 - https:\/\/yoast.com\/product\/yoast-seo-wordpress\/ -->\n<title>02-08-2019-Borna 558 (Coll de Manrella) -<\/title>\n<meta name=\"robots\" content=\"index, follow, max-snippet:-1, max-image-preview:large, max-video-preview:-1\" \/>\n<link rel=\"canonical\" href=\"https:\/\/www.carlosyconchita.net\/rutas\/02-08-2019-borna-558-coll-de-manrella\/\" \/>\n<meta property=\"og:locale\" content=\"es_ES\" \/>\n<meta property=\"og:type\" content=\"article\" \/>\n<meta property=\"og:title\" content=\"02-08-2019-Borna 558 (Coll de Manrella) -\" \/>\n<meta property=\"og:description\" content=\"Finalmente, al cuarto intento conseguimos llegar a la borna 558 !\" \/>\n<meta property=\"og:url\" content=\"https:\/\/www.carlosyconchita.net\/rutas\/02-08-2019-borna-558-coll-de-manrella\/\" \/>\n<meta property=\"og:site_name\" content=\"Las rutas de Carlos y Conchita\" \/>\n<meta property=\"article:published_time\" content=\"2019-08-02T14:34:56+00:00\" \/>\n<meta property=\"article:modified_time\" content=\"2022-03-13T16:54:21+00:00\" \/>\n<meta property=\"og:image\" content=\"https:\/\/www.carlosyconchita.net\/rutas\/wp-content\/uploads\/2019\/09\/5587.jpg\" \/>\n\t<meta property=\"og:image:width\" content=\"1019\" \/>\n\t<meta property=\"og:image:height\" content=\"764\" \/>\n\t<meta property=\"og:image:type\" content=\"image\/jpeg\" \/>\n<meta name=\"author\" content=\"Carlos Conchita\" \/>\n<meta name=\"twitter:label1\" content=\"Escrito por\" \/>\n\t<meta name=\"twitter:data1\" content=\"Carlos Conchita\" \/>\n\t<meta name=\"twitter:label2\" content=\"Tiempo de lectura\" \/>\n\t<meta name=\"twitter:data2\" content=\"4 minutos\" \/>\n<script type=\"application\/ld+json\" class=\"yoast-schema-graph\">{\"@context\":\"https:\\\/\\\/schema.org\",\"@graph\":[{\"@type\":\"Article\",\"@id\":\"https:\\\/\\\/www.carlosyconchita.net\\\/rutas\\\/02-08-2019-borna-558-coll-de-manrella\\\/#article\",\"isPartOf\":{\"@id\":\"https:\\\/\\\/www.carlosyconchita.net\\\/rutas\\\/02-08-2019-borna-558-coll-de-manrella\\\/\"},\"author\":{\"name\":\"Carlos Conchita\",\"@id\":\"https:\\\/\\\/www.carlosyconchita.net\\\/rutas\\\/#\\\/schema\\\/person\\\/a9691f7258c28443fab2d3aa1479ea19\"},\"headline\":\"02-08-2019-Borna 558 (Coll de Manrella)\",\"datePublished\":\"2019-08-02T14:34:56+00:00\",\"dateModified\":\"2022-03-13T16:54:21+00:00\",\"mainEntityOfPage\":{\"@id\":\"https:\\\/\\\/www.carlosyconchita.net\\\/rutas\\\/02-08-2019-borna-558-coll-de-manrella\\\/\"},\"wordCount\":713,\"commentCount\":0,\"image\":{\"@id\":\"https:\\\/\\\/www.carlosyconchita.net\\\/rutas\\\/02-08-2019-borna-558-coll-de-manrella\\\/#primaryimage\"},\"thumbnailUrl\":\"https:\\\/\\\/www.carlosyconchita.net\\\/rutas\\\/wp-content\\\/uploads\\\/2019\\\/09\\\/5587.jpg\",\"articleSection\":[\"1 - Hasta 5 km.\",\"2-Moderada\",\"Mojones \\\/ Bornas frontera ES-FR\"],\"inLanguage\":\"es\",\"potentialAction\":[{\"@type\":\"CommentAction\",\"name\":\"Comment\",\"target\":[\"https:\\\/\\\/www.carlosyconchita.net\\\/rutas\\\/02-08-2019-borna-558-coll-de-manrella\\\/#respond\"]}]},{\"@type\":\"WebPage\",\"@id\":\"https:\\\/\\\/www.carlosyconchita.net\\\/rutas\\\/02-08-2019-borna-558-coll-de-manrella\\\/\",\"url\":\"https:\\\/\\\/www.carlosyconchita.net\\\/rutas\\\/02-08-2019-borna-558-coll-de-manrella\\\/\",\"name\":\"02-08-2019-Borna 558 (Coll de Manrella) -\",\"isPartOf\":{\"@id\":\"https:\\\/\\\/www.carlosyconchita.net\\\/rutas\\\/#website\"},\"primaryImageOfPage\":{\"@id\":\"https:\\\/\\\/www.carlosyconchita.net\\\/rutas\\\/02-08-2019-borna-558-coll-de-manrella\\\/#primaryimage\"},\"image\":{\"@id\":\"https:\\\/\\\/www.carlosyconchita.net\\\/rutas\\\/02-08-2019-borna-558-coll-de-manrella\\\/#primaryimage\"},\"thumbnailUrl\":\"https:\\\/\\\/www.carlosyconchita.net\\\/rutas\\\/wp-content\\\/uploads\\\/2019\\\/09\\\/5587.jpg\",\"datePublished\":\"2019-08-02T14:34:56+00:00\",\"dateModified\":\"2022-03-13T16:54:21+00:00\",\"author\":{\"@id\":\"https:\\\/\\\/www.carlosyconchita.net\\\/rutas\\\/#\\\/schema\\\/person\\\/a9691f7258c28443fab2d3aa1479ea19\"},\"breadcrumb\":{\"@id\":\"https:\\\/\\\/www.carlosyconchita.net\\\/rutas\\\/02-08-2019-borna-558-coll-de-manrella\\\/#breadcrumb\"},\"inLanguage\":\"es\",\"potentialAction\":[{\"@type\":\"ReadAction\",\"target\":[\"https:\\\/\\\/www.carlosyconchita.net\\\/rutas\\\/02-08-2019-borna-558-coll-de-manrella\\\/\"]}]},{\"@type\":\"ImageObject\",\"inLanguage\":\"es\",\"@id\":\"https:\\\/\\\/www.carlosyconchita.net\\\/rutas\\\/02-08-2019-borna-558-coll-de-manrella\\\/#primaryimage\",\"url\":\"https:\\\/\\\/www.carlosyconchita.net\\\/rutas\\\/wp-content\\\/uploads\\\/2019\\\/09\\\/5587.jpg\",\"contentUrl\":\"https:\\\/\\\/www.carlosyconchita.net\\\/rutas\\\/wp-content\\\/uploads\\\/2019\\\/09\\\/5587.jpg\",\"width\":1019,\"height\":764},{\"@type\":\"BreadcrumbList\",\"@id\":\"https:\\\/\\\/www.carlosyconchita.net\\\/rutas\\\/02-08-2019-borna-558-coll-de-manrella\\\/#breadcrumb\",\"itemListElement\":[{\"@type\":\"ListItem\",\"position\":1,\"name\":\"Portada\",\"item\":\"https:\\\/\\\/www.carlosyconchita.net\\\/rutas\\\/\"},{\"@type\":\"ListItem\",\"position\":2,\"name\":\"02-08-2019-Borna 558 (Coll de Manrella)\"}]},{\"@type\":\"WebSite\",\"@id\":\"https:\\\/\\\/www.carlosyconchita.net\\\/rutas\\\/#website\",\"url\":\"https:\\\/\\\/www.carlosyconchita.net\\\/rutas\\\/\",\"name\":\"Las rutas de Carlos y Conchita\",\"description\":\"\",\"potentialAction\":[{\"@type\":\"SearchAction\",\"target\":{\"@type\":\"EntryPoint\",\"urlTemplate\":\"https:\\\/\\\/www.carlosyconchita.net\\\/rutas\\\/?s={search_term_string}\"},\"query-input\":{\"@type\":\"PropertyValueSpecification\",\"valueRequired\":true,\"valueName\":\"search_term_string\"}}],\"inLanguage\":\"es\"},{\"@type\":\"Person\",\"@id\":\"https:\\\/\\\/www.carlosyconchita.net\\\/rutas\\\/#\\\/schema\\\/person\\\/a9691f7258c28443fab2d3aa1479ea19\",\"name\":\"Carlos Conchita\",\"image\":{\"@type\":\"ImageObject\",\"inLanguage\":\"es\",\"@id\":\"https:\\\/\\\/secure.gravatar.com\\\/avatar\\\/3a4625b20c8da3de99da69bfe7a322774e291c3f90dce7e8778a30fe6748ed1a?s=96&d=mm&r=g\",\"url\":\"https:\\\/\\\/secure.gravatar.com\\\/avatar\\\/3a4625b20c8da3de99da69bfe7a322774e291c3f90dce7e8778a30fe6748ed1a?s=96&d=mm&r=g\",\"contentUrl\":\"https:\\\/\\\/secure.gravatar.com\\\/avatar\\\/3a4625b20c8da3de99da69bfe7a322774e291c3f90dce7e8778a30fe6748ed1a?s=96&d=mm&r=g\",\"caption\":\"Carlos Conchita\"}}]}<\/script>\n<!-- \/ Yoast SEO plugin. -->","yoast_head_json":{"title":"02-08-2019-Borna 558 (Coll de Manrella) -","robots":{"index":"index","follow":"follow","max-snippet":"max-snippet:-1","max-image-preview":"max-image-preview:large","max-video-preview":"max-video-preview:-1"},"canonical":"https:\/\/www.carlosyconchita.net\/rutas\/02-08-2019-borna-558-coll-de-manrella\/","og_locale":"es_ES","og_type":"article","og_title":"02-08-2019-Borna 558 (Coll de Manrella) -","og_description":"Finalmente, al cuarto intento conseguimos llegar a la borna 558 !","og_url":"https:\/\/www.carlosyconchita.net\/rutas\/02-08-2019-borna-558-coll-de-manrella\/","og_site_name":"Las rutas de Carlos y Conchita","article_published_time":"2019-08-02T14:34:56+00:00","article_modified_time":"2022-03-13T16:54:21+00:00","og_image":[{"width":1019,"height":764,"url":"https:\/\/www.carlosyconchita.net\/rutas\/wp-content\/uploads\/2019\/09\/5587.jpg","type":"image\/jpeg"}],"author":"Carlos Conchita","twitter_misc":{"Escrito por":"Carlos Conchita","Tiempo de lectura":"4 minutos"},"schema":{"@context":"https:\/\/schema.org","@graph":[{"@type":"Article","@id":"https:\/\/www.carlosyconchita.net\/rutas\/02-08-2019-borna-558-coll-de-manrella\/#article","isPartOf":{"@id":"https:\/\/www.carlosyconchita.net\/rutas\/02-08-2019-borna-558-coll-de-manrella\/"},"author":{"name":"Carlos Conchita","@id":"https:\/\/www.carlosyconchita.net\/rutas\/#\/schema\/person\/a9691f7258c28443fab2d3aa1479ea19"},"headline":"02-08-2019-Borna 558 (Coll de Manrella)","datePublished":"2019-08-02T14:34:56+00:00","dateModified":"2022-03-13T16:54:21+00:00","mainEntityOfPage":{"@id":"https:\/\/www.carlosyconchita.net\/rutas\/02-08-2019-borna-558-coll-de-manrella\/"},"wordCount":713,"commentCount":0,"image":{"@id":"https:\/\/www.carlosyconchita.net\/rutas\/02-08-2019-borna-558-coll-de-manrella\/#primaryimage"},"thumbnailUrl":"https:\/\/www.carlosyconchita.net\/rutas\/wp-content\/uploads\/2019\/09\/5587.jpg","articleSection":["1 - Hasta 5 km.","2-Moderada","Mojones \/ Bornas frontera ES-FR"],"inLanguage":"es","potentialAction":[{"@type":"CommentAction","name":"Comment","target":["https:\/\/www.carlosyconchita.net\/rutas\/02-08-2019-borna-558-coll-de-manrella\/#respond"]}]},{"@type":"WebPage","@id":"https:\/\/www.carlosyconchita.net\/rutas\/02-08-2019-borna-558-coll-de-manrella\/","url":"https:\/\/www.carlosyconchita.net\/rutas\/02-08-2019-borna-558-coll-de-manrella\/","name":"02-08-2019-Borna 558 (Coll de Manrella) -","isPartOf":{"@id":"https:\/\/www.carlosyconchita.net\/rutas\/#website"},"primaryImageOfPage":{"@id":"https:\/\/www.carlosyconchita.net\/rutas\/02-08-2019-borna-558-coll-de-manrella\/#primaryimage"},"image":{"@id":"https:\/\/www.carlosyconchita.net\/rutas\/02-08-2019-borna-558-coll-de-manrella\/#primaryimage"},"thumbnailUrl":"https:\/\/www.carlosyconchita.net\/rutas\/wp-content\/uploads\/2019\/09\/5587.jpg","datePublished":"2019-08-02T14:34:56+00:00","dateModified":"2022-03-13T16:54:21+00:00","author":{"@id":"https:\/\/www.carlosyconchita.net\/rutas\/#\/schema\/person\/a9691f7258c28443fab2d3aa1479ea19"},"breadcrumb":{"@id":"https:\/\/www.carlosyconchita.net\/rutas\/02-08-2019-borna-558-coll-de-manrella\/#breadcrumb"},"inLanguage":"es","potentialAction":[{"@type":"ReadAction","target":["https:\/\/www.carlosyconchita.net\/rutas\/02-08-2019-borna-558-coll-de-manrella\/"]}]},{"@type":"ImageObject","inLanguage":"es","@id":"https:\/\/www.carlosyconchita.net\/rutas\/02-08-2019-borna-558-coll-de-manrella\/#primaryimage","url":"https:\/\/www.carlosyconchita.net\/rutas\/wp-content\/uploads\/2019\/09\/5587.jpg","contentUrl":"https:\/\/www.carlosyconchita.net\/rutas\/wp-content\/uploads\/2019\/09\/5587.jpg","width":1019,"height":764},{"@type":"BreadcrumbList","@id":"https:\/\/www.carlosyconchita.net\/rutas\/02-08-2019-borna-558-coll-de-manrella\/#breadcrumb","itemListElement":[{"@type":"ListItem","position":1,"name":"Portada","item":"https:\/\/www.carlosyconchita.net\/rutas\/"},{"@type":"ListItem","position":2,"name":"02-08-2019-Borna 558 (Coll de Manrella)"}]},{"@type":"WebSite","@id":"https:\/\/www.carlosyconchita.net\/rutas\/#website","url":"https:\/\/www.carlosyconchita.net\/rutas\/","name":"Las rutas de Carlos y Conchita","description":"","potentialAction":[{"@type":"SearchAction","target":{"@type":"EntryPoint","urlTemplate":"https:\/\/www.carlosyconchita.net\/rutas\/?s={search_term_string}"},"query-input":{"@type":"PropertyValueSpecification","valueRequired":true,"valueName":"search_term_string"}}],"inLanguage":"es"},{"@type":"Person","@id":"https:\/\/www.carlosyconchita.net\/rutas\/#\/schema\/person\/a9691f7258c28443fab2d3aa1479ea19","name":"Carlos Conchita","image":{"@type":"ImageObject","inLanguage":"es","@id":"https:\/\/secure.gravatar.com\/avatar\/3a4625b20c8da3de99da69bfe7a322774e291c3f90dce7e8778a30fe6748ed1a?s=96&d=mm&r=g","url":"https:\/\/secure.gravatar.com\/avatar\/3a4625b20c8da3de99da69bfe7a322774e291c3f90dce7e8778a30fe6748ed1a?s=96&d=mm&r=g","contentUrl":"https:\/\/secure.gravatar.com\/avatar\/3a4625b20c8da3de99da69bfe7a322774e291c3f90dce7e8778a30fe6748ed1a?s=96&d=mm&r=g","caption":"Carlos Conchita"}}]}},"_links":{"self":[{"href":"https:\/\/www.carlosyconchita.net\/rutas\/wp-json\/wp\/v2\/posts\/13127","targetHints":{"allow":["GET"]}}],"collection":[{"href":"https:\/\/www.carlosyconchita.net\/rutas\/wp-json\/wp\/v2\/posts"}],"about":[{"href":"https:\/\/www.carlosyconchita.net\/rutas\/wp-json\/wp\/v2\/types\/post"}],"author":[{"embeddable":true,"href":"https:\/\/www.carlosyconchita.net\/rutas\/wp-json\/wp\/v2\/users\/50"}],"replies":[{"embeddable":true,"href":"https:\/\/www.carlosyconchita.net\/rutas\/wp-json\/wp\/v2\/comments?post=13127"}],"version-history":[{"count":0,"href":"https:\/\/www.carlosyconchita.net\/rutas\/wp-json\/wp\/v2\/posts\/13127\/revisions"}],"wp:featuredmedia":[{"embeddable":true,"href":"https:\/\/www.carlosyconchita.net\/rutas\/wp-json\/wp\/v2\/media\/13128"}],"wp:attachment":[{"href":"https:\/\/www.carlosyconchita.net\/rutas\/wp-json\/wp\/v2\/media?parent=13127"}],"wp:term":[{"taxonomy":"category","embeddable":true,"href":"https:\/\/www.carlosyconchita.net\/rutas\/wp-json\/wp\/v2\/categories?post=13127"},{"taxonomy":"post_tag","embeddable":true,"href":"https:\/\/www.carlosyconchita.net\/rutas\/wp-json\/wp\/v2\/tags?post=13127"}],"curies":[{"name":"wp","href":"https:\/\/api.w.org\/{rel}","templated":true}]}}