{"id":13191,"date":"2019-08-23T20:04:50","date_gmt":"2019-08-23T19:04:50","guid":{"rendered":"https:\/\/www.carlosyconchita.net\/rutas\/?p=13191"},"modified":"2019-09-15T21:22:15","modified_gmt":"2019-09-15T20:22:15","slug":"23-08-2019-parking-estanyols-rio-tet","status":"publish","type":"post","link":"https:\/\/www.carlosyconchita.net\/rutas\/23-08-2019-parking-estanyols-rio-tet\/","title":{"rendered":"23-08-2019-Parking Estanyols-Rio T\u00eat"},"content":{"rendered":"<p style=\"text-align: justify;\">Hoy no ten\u00edamos muchas ganas de caminar por lo que hemos hecho una f\u00e1cil caminata partiendo de nuestro conocido Parking dels Estagnols, en la zona de Bolqu\u00e9re-Pyren\u00e9es 2000, pero siguiendo un tramo del rio T\u00eat por el que no hab\u00edamos pasado nunca, a pesar de la cantidad de veces que hemos caminado por esta zona, pasando por varios puntos en que hab\u00eda gente ba\u00f1andose y otros con puntos de pesca.<\/p>\n<p style=\"text-align: justify;\">Como se puede ver en el track, hemos llegado hasta la carretera que lleva a las Boullosas (cerrada los fines de semana en los meses de verano), y despu\u00e9s nos hemos dirigido en sentido contrario, siguiendo el recorrido del rio T\u00eat.<\/p>\n<p style=\"text-align: justify;\">Hay que hacer constar que en esta zona hay muchos caminos, y que seguramente se puede llegar a los mismos puntos de distintas formas.<\/p>\n<p style=\"text-align: justify;\">Aqu\u00ed tenemos las indicaciones para llegar al citado parking, punto de inicio de la caminata (\u00a0 ver\u00a0 <a href=\"https:\/\/www.carlosyconchita.net\/rutas\/parking-dels-estagnols-acceso-coche\/\" target=\"_blank\" rel=\"noopener noreferrer\"><strong><span style=\"color: #0000ff;\">Acceso Parking dels Estagnols<\/span><\/strong><\/a> )\u00a0<\/p>\n<hr \/>\n<h3><strong>Album de fotos<\/strong><\/h3>\n<p><a href=\"https:\/\/photos.app.goo.gl\/vy3kVWB9ZU7td7az5\" target=\"_blank\" rel=\"noopener noreferrer\"><img loading=\"lazy\" decoding=\"async\" class=\"aligncenter wp-image-13192 size-column4-2\/3\" src=\"https:\/\/www.carlosyconchita.net\/rutas\/wp-content\/uploads\/2019\/09\/IMG_20190823_115805-285x190.jpg\" alt=\"\" width=\"285\" height=\"190\" srcset=\"https:\/\/www.carlosyconchita.net\/rutas\/wp-content\/uploads\/2019\/09\/IMG_20190823_115805-285x190.jpg 285w, https:\/\/www.carlosyconchita.net\/rutas\/wp-content\/uploads\/2019\/09\/IMG_20190823_115805-272x182.jpg 272w, https:\/\/www.carlosyconchita.net\/rutas\/wp-content\/uploads\/2019\/09\/IMG_20190823_115805-570x380.jpg 570w, https:\/\/www.carlosyconchita.net\/rutas\/wp-content\/uploads\/2019\/09\/IMG_20190823_115805-380x254.jpg 380w\" sizes=\"auto, (max-width: 285px) 100vw, 285px\" \/><\/a><\/p>\n<hr \/>\n<p><strong>Dificultad<\/strong> :\u00a0\u00a0 Muy f\u00e1cil<\/p>\n<p><strong>Distancia total<\/strong> :\u00a0 \u00a0 \u00a0\u00a0 9.267\u00a0 m.<span class=\"totlen\"><span class=\"summaryvalue\"><br \/>\n<\/span><\/span><\/p>\n<p><strong>Alturas m\u00ednima \/ m\u00e1xima<\/strong> :\u00a0 \u00a0 1.615\u00a0 m. \u2013\u00a0 1.734 m.<\/p>\n<p><strong>Desnivel acumulado seg\u00fan Wikiloc\u00a0 :<\/strong>\u00a0 \u00a0\u00a0 69\u00a0 m.<\/p>\n<p><strong>Tiempo total \/ en movimiento<\/strong> :\u00a0 \u00a0\u00a0 2 h. 37 m.\u00a0 \u00a0\u2013\u00a0 2 h. 17\u00a0 m<\/p>\n<p><strong>Vel. media total \/ vel.media movimiento<\/strong> :\u00a0\u00a0 4\u201900\u00a0 km.\/h. \u2014\u00a0 3\u201948\u00a0\u00a0 km.\/h<\/p>\n<hr \/>\n<p>Inicio de la caminata<\/p>\n<p><img loading=\"lazy\" decoding=\"async\" class=\"size-full aligncenter\" src=\"https:\/\/lh3.googleusercontent.com\/VrOSv3-PUl5iTXeqIw_0W8gw7_TrNfYdRhwhlajsCBPH4LrKGxtVDnQ8Szi_cuaJVmPrGziY0RtrdzCB-adyW8LOYcxLc9wW1jKeODwjnRynpsjWxlBMHF7TpfPQHa1uLw6DlRJKWX5zGW3c2M2qaqAgjWwwDDcYlnQcKP8ejuwdppQIsoeFXc_71amBOroQ6BI9cR8f0bXYk3ZxPS0vXXNzls55ZwL82RzuLEs6AHHvRTG97h52fyc6ir3JqBys1fPbHKgVA8PMoS1Tf-x8hYZ6IlE4Lau0U_bJDKyA4UFrsiTtJGrQqGtsXYe6i1vw4lCpb1VCwHY6RMBaKQxX9pRrVUeRD7DHupObCFvv-KqaB1uXXlnHwf6dc9cBwdvCBj9DsmQSEVlz2ieDSS2gcWWVeyBo0PJ3_Upd3wmyOgqCBQfjcsTiCukwvjJompAkmEmdlU9trNIEi1S9jktw44d_HOgBWxYVdFTsrUOMPLxFydGO5yCLABghk_6cbFXDDVpOdT8oWqCQBTUUz5jfnwX444j58TlfDPFBd1_keAnCHbnSXngQF5PU2l5gpFwSUjkkItQHelEKVF7rvd65LuiVNob5plL2rdlEAdkBXZrUL10qqukPZJ6sgZxuM6etX_nOEEkInWxrq5HKjomZrJwzJuKsSgXdu08FN9gJDxJqZAesgN2OUEUH6I-9rk54BY0T66J2ReI8DA7WIqicquVPXZBUi39dTsYyZc3N6sVE5IFU=w1024-h576-no\" width=\"1024\" height=\"576\" \/><\/p>\n<h3><img loading=\"lazy\" decoding=\"async\" class=\"size-full aligncenter\" src=\"https:\/\/lh3.googleusercontent.com\/uC_7lwfGJTaz15WRlw65ZuB4jp0T3HxSEEXWgd3yCfEV4XhSq9Ors84AM5w_V50Gtk78jfkngQpYkDau3J52AV0hNc51s6tiRRpzM05l1Q6Dffpd8hVTTxhtbc-nh5009QQI0NKlSpvTAsLtes9bVOFlpd4erlxCKLYPeDNl0MdDu6Cj7kC-ABa0oimw63Kg3-7UKkrfs4J5vlIzBrI-ufD3h_b96lfXp-ZvNA2JeJ1eIzDPjX8NXwfrN2Qohuiy55kaVttwmd7NOKbOGm9WLXatboIrpQIb-PKJzuWNiQ4lwCR6SHvVIpP8Rhz_6gzqvwEVHs2tKPu4Ed9kSCLZpG6RJgRamU3D8mdP50m17QSvxoE8SQ0tbMeLY-92PS0xyFq3x1yPEp5MiifKPxwmmU23c4HbQqijAzz71ooydJP-RfJRcsmwBSi6SoCAhD5l4KtvKNoOUTZDJGZgq9i41erwRlTITSf1xVAgo3MP31_ey-rdWKy2RZuSflPOnyBsc59SXerTVjXSwKbXRk6VRROT7v2Q_zAR6MAH3AGyOyYd1gqDptbZ5PE1tQ0KBFHl2Oo1VobKHjGiX23T90YOPzpwurQ7e26Q9Wbrrz2kJAlRSyudr6F0fmj9kEpVZa0v0doMgVRXW6JD9W9S7SvJcHk7KaYuNSRN3wViHvUvcLobZPEl40GnR6-VP2plqSnWfafcYv1xpjyTw_ayH8DHdQHC-QYwdsmPj3LaK9Az9IwD_YJQ=w1024-h576-no\" width=\"1024\" height=\"576\" \/><\/h3>\n<h3><img loading=\"lazy\" decoding=\"async\" class=\"size-full aligncenter\" src=\"https:\/\/lh3.googleusercontent.com\/NxeFsm6LSquOVpKxYSk4WunTI92GnhPdar6uOhGwKbr07N9N2DKmBhHCEsVYdUNuW6OvQP1I6m_Ao5mzm1sjMxPjD3S1gtsa8Z_5xe0r4X2UALQPP91-1uWefFmCM7ToWWPEcBaJ3qCBvIlm3sGZEMALf6P2FH40DsiQBcv0t7CvEj7MTJX1_nhIb6KyOVaT4Vg4QtVgdloVoReHZR-5-jw9_Vsq4Y94HikiVcvOB7Ij89S8mBmw0FBo4PGfC8SvE3KOH1EJQWRJFgualrhbwYARqQE2GwIkGwCm7TLKV-s5AcX-Hac6wX-u6zDF58LP-rgd5h2ye5qz08Xw_vulufM1lvqpwlm5W_C_wK8s_iuD3lpvFZkGidO0ygz-gEv0QDcU9BXzQYzru8kx9C4NXE78ZYN5WWsf9tELZ6ZJlTD6-46VVDAIMRKF_BFBVlM6y7jI5YG9n0dxHd6LYEMqehgS8fbICa1TkGPiih_mzUA9smJGllpbCG1u3BHQUb7RLyCT2I9JMLvbvKWSmcgVFR6dYNTTtt-KzJVS8kowl3afSi-X4VohMu2GTlEl_GyoV6T_AyiPRyrvv7U7aRXn6U5dsqIKPzI_sfcrVOm9zbRmAVp0jJJizDunnM4Z89qyegYYcaL6geT82MdPqHYvjjJLqd8TgZIvuOADP2sYISmO3CIIgzpr1aBd-oEt7-4o2IfXHHnLjcDv4W7VEifN5P4xmp_Dp4IbbyNAC0EBX4cEKnXL=w1024-h576-no\" width=\"1024\" height=\"576\" \/><\/h3>\n<h3><img loading=\"lazy\" decoding=\"async\" class=\"size-full aligncenter\" src=\"https:\/\/lh3.googleusercontent.com\/mlBvSmV8i7t4aHjRqxz-5fpLA1XWx1SKEP58Kv6osF_rwHxSHMBZqe5j9NQAx_hoRkQ1NE5kKgEmOoc89e2PbTqteIrcdv2N31sMFamLG1avmN-bxXTOksktjLaca0657SPI7U7DeC41_oCm2cIplmWLss2BXMnQ4wZa4HSsCgYls69nQ3VTrZMl-WWoyJhEqH1b1mf03ZraaWHTATzi14ThE2EKyTSBd4i5-_E71wZB0Mix5BgtndNKDTpBvlusS8UKf8MAmIKTal0J785biww3vVOCiw0HDArkhjC6qmLdyhZr-lIjWCGTshoRAa7SYjKDArehblegjIpvLkzQOTK4MN0XJaRhAqTcQZX5-uvVZUOEA8rjUqEpDqcIkd5c2aopo1aqCEeTf1KgWVPGKSLcbaaNlhr14fy-G7erwODFUkbZSHhd2H-ccRlsLt8aUSbtnftElzZ1sxOZmVjHGh8KJ0NrOK5FnikfkYkgizAdtLq-qlpAbofnAy8ACxwHwBmSyLZtQnd7SytDIis3WN6gYUWG142eM3M2Dl4FZAIuvQplYuuiE49rTIRCIWxc-cx7kvo99i0nF2kRXv6BAcFluivc6ynhd-KzOsMYc2pqitJAiVmPNOFVgJpSgQ_Va4vkDoKLJHVYkK7zz6XZqTF-Jo07Kgnre2fedBNV5wTm28qJa_fmmKl-_G3JlLjsUoelpuyaYMIhEgp77eo7Q0ifRgift37oFhW29WdtOPkwK4Lw=w1024-h576-no\" width=\"1024\" height=\"576\" \/><\/h3>\n<h3>\u00a0<\/h3>\n<hr \/>\n<h3><strong>Track de la ruta<\/strong><\/h3>\n<p>[sgpx gpx=\u00bb\/wp-content\/uploads\/gpx\/ElsEstanyols-RioTet.gpx\u00bb]<\/p>\n<p>&nbsp;<\/p>\n<hr \/>\n<p>&nbsp;<\/p>\n<p style=\"text-align: justify;\"><span style=\"color: #ff0000; background-color: #ffffff; font-size: 14pt;\"><strong>Si te ha gustado, comp\u00e1rtelo en tu red favorita o env\u00edanos tu comentario.<br \/>\n<\/strong><\/span><\/p>\n<p style=\"text-align: justify;\"><span style=\"font-size: 14pt;\"><strong><span style=\"color: #ff0000;\">Muchas gracias !<\/span><\/strong><\/span><\/p>\n<hr \/>\n<p style=\"text-align: justify;\"><strong><span style=\"color: #008000;\">Suscribete si quieres recibir un mail cuando publiquemos nuevas rutas : no enviamos publicidad y como m\u00e1ximo enviamos 2 mails al mes<\/span><\/strong><\/p>\n<p style=\"text-align: center;\"><a href=\"https:\/\/mailchi.mp\/6989c83a3e24\/wmv06rtqcz\/\" target=\"_blank\" rel=\"noopener noreferrer\"><strong><span style=\"color: #0000ff;\">Pulsa aqu\u00ed para suscribirte<\/span><\/strong><\/a><\/p>\n<hr \/>\n<p style=\"text-align: justify;\">\u00a0<\/p>\n<h3 style=\"text-align: justify;\">Puedes imprimir esta publicaci\u00f3n o guardarla en diferentes formatos :<\/h3>\n<p style=\"text-align: justify;\"><span style=\"color: #ff0000; font-size: 14pt;\">Para facilitar la impresi\u00f3n, se ha reducido considerablemente el tama\u00f1o de las fotos, pero si deseas imprimir sin fotos, aconsejamos guardarlo como \u201cdoc\u201d, y antes de imprimirlo, eliminar las fotos<\/span><\/p>\n<p>&nbsp;<\/p>\n<hr \/>\n<h3><strong>Wikiloc<\/strong><\/h3>\n<p><img loading=\"lazy\" decoding=\"async\" class=\"size-full wp-image-958 aligncenter\" src=\"https:\/\/www.carlosyconchita.net\/rutas\/wp-content\/uploads\/2020\/09\/wikiloc.jpg\" alt=\"\" width=\"117\" height=\"34\" \/><\/p>\n<hr \/>\n<p>&nbsp;<\/p>\n","protected":false},"excerpt":{"rendered":"<p>Hoy no ten\u00edamos muchas ganas de caminar por lo que hemos hecho una f\u00e1cil caminata partiendo de nuestro conocido Parking dels Estagnols, en la zona de Bolqu\u00e9re-Pyren\u00e9es 2000, pero siguiendo un tramo del rio T\u00eat por el que no hab\u00edamos pasado nunca, a pesar de la cantidad de veces que hemos caminado por esta zona, [&hellip;]<\/p>\n","protected":false},"author":50,"featured_media":13192,"comment_status":"open","ping_status":"open","sticky":false,"template":"","format":"standard","meta":{"footnotes":""},"categories":[14,22,18],"tags":[],"class_list":{"0":"post-13191","1":"post","2":"type-post","3":"status-publish","4":"format-standard","5":"has-post-thumbnail","6":"hentry","7":"category-muy-facil","8":"category-de-05-a-10-km","9":"category-font-romeu-bolquere","11":"post-with-thumbnail","12":"post-with-thumbnail-icon"},"yoast_head":"<!-- This site is optimized with the Yoast SEO plugin v27.4 - https:\/\/yoast.com\/product\/yoast-seo-wordpress\/ -->\n<title>23-08-2019-Parking Estanyols-Rio T\u00eat -<\/title>\n<meta name=\"robots\" content=\"index, follow, max-snippet:-1, max-image-preview:large, max-video-preview:-1\" \/>\n<link rel=\"canonical\" href=\"https:\/\/www.carlosyconchita.net\/rutas\/23-08-2019-parking-estanyols-rio-tet\/\" \/>\n<meta property=\"og:locale\" content=\"es_ES\" \/>\n<meta property=\"og:type\" content=\"article\" \/>\n<meta property=\"og:title\" content=\"23-08-2019-Parking Estanyols-Rio T\u00eat -\" \/>\n<meta property=\"og:description\" content=\"Hoy no ten\u00edamos muchas ganas de caminar por lo que hemos hecho una f\u00e1cil caminata partiendo de nuestro conocido Parking dels Estagnols, en la zona de Bolqu\u00e9re-Pyren\u00e9es 2000, pero siguiendo un tramo del rio T\u00eat por el que no hab\u00edamos pasado nunca, a pesar de la cantidad de veces que hemos caminado por esta zona, [&hellip;]\" \/>\n<meta property=\"og:url\" content=\"https:\/\/www.carlosyconchita.net\/rutas\/23-08-2019-parking-estanyols-rio-tet\/\" \/>\n<meta property=\"og:site_name\" content=\"Las rutas de Carlos y Conchita\" \/>\n<meta property=\"article:published_time\" content=\"2019-08-23T19:04:50+00:00\" \/>\n<meta property=\"article:modified_time\" content=\"2019-09-15T20:22:15+00:00\" \/>\n<meta property=\"og:image\" content=\"https:\/\/www.carlosyconchita.net\/rutas\/wp-content\/uploads\/2019\/09\/IMG_20190823_115805.jpg\" \/>\n\t<meta property=\"og:image:width\" content=\"1019\" \/>\n\t<meta property=\"og:image:height\" content=\"764\" \/>\n\t<meta property=\"og:image:type\" content=\"image\/jpeg\" \/>\n<meta name=\"author\" content=\"Carlos Conchita\" \/>\n<meta name=\"twitter:label1\" content=\"Escrito por\" \/>\n\t<meta name=\"twitter:data1\" content=\"Carlos Conchita\" \/>\n\t<meta name=\"twitter:label2\" content=\"Tiempo de lectura\" \/>\n\t<meta name=\"twitter:data2\" content=\"2 minutos\" \/>\n<script type=\"application\/ld+json\" class=\"yoast-schema-graph\">{\"@context\":\"https:\\\/\\\/schema.org\",\"@graph\":[{\"@type\":\"Article\",\"@id\":\"https:\\\/\\\/www.carlosyconchita.net\\\/rutas\\\/23-08-2019-parking-estanyols-rio-tet\\\/#article\",\"isPartOf\":{\"@id\":\"https:\\\/\\\/www.carlosyconchita.net\\\/rutas\\\/23-08-2019-parking-estanyols-rio-tet\\\/\"},\"author\":{\"name\":\"Carlos Conchita\",\"@id\":\"https:\\\/\\\/www.carlosyconchita.net\\\/rutas\\\/#\\\/schema\\\/person\\\/a9691f7258c28443fab2d3aa1479ea19\"},\"headline\":\"23-08-2019-Parking Estanyols-Rio T\u00eat\",\"datePublished\":\"2019-08-23T19:04:50+00:00\",\"dateModified\":\"2019-09-15T20:22:15+00:00\",\"mainEntityOfPage\":{\"@id\":\"https:\\\/\\\/www.carlosyconchita.net\\\/rutas\\\/23-08-2019-parking-estanyols-rio-tet\\\/\"},\"wordCount\":315,\"commentCount\":0,\"image\":{\"@id\":\"https:\\\/\\\/www.carlosyconchita.net\\\/rutas\\\/23-08-2019-parking-estanyols-rio-tet\\\/#primaryimage\"},\"thumbnailUrl\":\"https:\\\/\\\/www.carlosyconchita.net\\\/rutas\\\/wp-content\\\/uploads\\\/2019\\\/09\\\/IMG_20190823_115805.jpg\",\"articleSection\":[\"0-Muy f\u00e1cil\",\"2 - De 5 a 10 km.\",\"Font Romeu\"],\"inLanguage\":\"es\",\"potentialAction\":[{\"@type\":\"CommentAction\",\"name\":\"Comment\",\"target\":[\"https:\\\/\\\/www.carlosyconchita.net\\\/rutas\\\/23-08-2019-parking-estanyols-rio-tet\\\/#respond\"]}]},{\"@type\":\"WebPage\",\"@id\":\"https:\\\/\\\/www.carlosyconchita.net\\\/rutas\\\/23-08-2019-parking-estanyols-rio-tet\\\/\",\"url\":\"https:\\\/\\\/www.carlosyconchita.net\\\/rutas\\\/23-08-2019-parking-estanyols-rio-tet\\\/\",\"name\":\"23-08-2019-Parking Estanyols-Rio T\u00eat -\",\"isPartOf\":{\"@id\":\"https:\\\/\\\/www.carlosyconchita.net\\\/rutas\\\/#website\"},\"primaryImageOfPage\":{\"@id\":\"https:\\\/\\\/www.carlosyconchita.net\\\/rutas\\\/23-08-2019-parking-estanyols-rio-tet\\\/#primaryimage\"},\"image\":{\"@id\":\"https:\\\/\\\/www.carlosyconchita.net\\\/rutas\\\/23-08-2019-parking-estanyols-rio-tet\\\/#primaryimage\"},\"thumbnailUrl\":\"https:\\\/\\\/www.carlosyconchita.net\\\/rutas\\\/wp-content\\\/uploads\\\/2019\\\/09\\\/IMG_20190823_115805.jpg\",\"datePublished\":\"2019-08-23T19:04:50+00:00\",\"dateModified\":\"2019-09-15T20:22:15+00:00\",\"author\":{\"@id\":\"https:\\\/\\\/www.carlosyconchita.net\\\/rutas\\\/#\\\/schema\\\/person\\\/a9691f7258c28443fab2d3aa1479ea19\"},\"breadcrumb\":{\"@id\":\"https:\\\/\\\/www.carlosyconchita.net\\\/rutas\\\/23-08-2019-parking-estanyols-rio-tet\\\/#breadcrumb\"},\"inLanguage\":\"es\",\"potentialAction\":[{\"@type\":\"ReadAction\",\"target\":[\"https:\\\/\\\/www.carlosyconchita.net\\\/rutas\\\/23-08-2019-parking-estanyols-rio-tet\\\/\"]}]},{\"@type\":\"ImageObject\",\"inLanguage\":\"es\",\"@id\":\"https:\\\/\\\/www.carlosyconchita.net\\\/rutas\\\/23-08-2019-parking-estanyols-rio-tet\\\/#primaryimage\",\"url\":\"https:\\\/\\\/www.carlosyconchita.net\\\/rutas\\\/wp-content\\\/uploads\\\/2019\\\/09\\\/IMG_20190823_115805.jpg\",\"contentUrl\":\"https:\\\/\\\/www.carlosyconchita.net\\\/rutas\\\/wp-content\\\/uploads\\\/2019\\\/09\\\/IMG_20190823_115805.jpg\",\"width\":1019,\"height\":764},{\"@type\":\"BreadcrumbList\",\"@id\":\"https:\\\/\\\/www.carlosyconchita.net\\\/rutas\\\/23-08-2019-parking-estanyols-rio-tet\\\/#breadcrumb\",\"itemListElement\":[{\"@type\":\"ListItem\",\"position\":1,\"name\":\"Portada\",\"item\":\"https:\\\/\\\/www.carlosyconchita.net\\\/rutas\\\/\"},{\"@type\":\"ListItem\",\"position\":2,\"name\":\"23-08-2019-Parking Estanyols-Rio T\u00eat\"}]},{\"@type\":\"WebSite\",\"@id\":\"https:\\\/\\\/www.carlosyconchita.net\\\/rutas\\\/#website\",\"url\":\"https:\\\/\\\/www.carlosyconchita.net\\\/rutas\\\/\",\"name\":\"Las rutas de Carlos y Conchita\",\"description\":\"\",\"potentialAction\":[{\"@type\":\"SearchAction\",\"target\":{\"@type\":\"EntryPoint\",\"urlTemplate\":\"https:\\\/\\\/www.carlosyconchita.net\\\/rutas\\\/?s={search_term_string}\"},\"query-input\":{\"@type\":\"PropertyValueSpecification\",\"valueRequired\":true,\"valueName\":\"search_term_string\"}}],\"inLanguage\":\"es\"},{\"@type\":\"Person\",\"@id\":\"https:\\\/\\\/www.carlosyconchita.net\\\/rutas\\\/#\\\/schema\\\/person\\\/a9691f7258c28443fab2d3aa1479ea19\",\"name\":\"Carlos Conchita\",\"image\":{\"@type\":\"ImageObject\",\"inLanguage\":\"es\",\"@id\":\"https:\\\/\\\/secure.gravatar.com\\\/avatar\\\/3a4625b20c8da3de99da69bfe7a322774e291c3f90dce7e8778a30fe6748ed1a?s=96&d=mm&r=g\",\"url\":\"https:\\\/\\\/secure.gravatar.com\\\/avatar\\\/3a4625b20c8da3de99da69bfe7a322774e291c3f90dce7e8778a30fe6748ed1a?s=96&d=mm&r=g\",\"contentUrl\":\"https:\\\/\\\/secure.gravatar.com\\\/avatar\\\/3a4625b20c8da3de99da69bfe7a322774e291c3f90dce7e8778a30fe6748ed1a?s=96&d=mm&r=g\",\"caption\":\"Carlos Conchita\"}}]}<\/script>\n<!-- \/ Yoast SEO plugin. -->","yoast_head_json":{"title":"23-08-2019-Parking Estanyols-Rio T\u00eat -","robots":{"index":"index","follow":"follow","max-snippet":"max-snippet:-1","max-image-preview":"max-image-preview:large","max-video-preview":"max-video-preview:-1"},"canonical":"https:\/\/www.carlosyconchita.net\/rutas\/23-08-2019-parking-estanyols-rio-tet\/","og_locale":"es_ES","og_type":"article","og_title":"23-08-2019-Parking Estanyols-Rio T\u00eat -","og_description":"Hoy no ten\u00edamos muchas ganas de caminar por lo que hemos hecho una f\u00e1cil caminata partiendo de nuestro conocido Parking dels Estagnols, en la zona de Bolqu\u00e9re-Pyren\u00e9es 2000, pero siguiendo un tramo del rio T\u00eat por el que no hab\u00edamos pasado nunca, a pesar de la cantidad de veces que hemos caminado por esta zona, [&hellip;]","og_url":"https:\/\/www.carlosyconchita.net\/rutas\/23-08-2019-parking-estanyols-rio-tet\/","og_site_name":"Las rutas de Carlos y Conchita","article_published_time":"2019-08-23T19:04:50+00:00","article_modified_time":"2019-09-15T20:22:15+00:00","og_image":[{"width":1019,"height":764,"url":"https:\/\/www.carlosyconchita.net\/rutas\/wp-content\/uploads\/2019\/09\/IMG_20190823_115805.jpg","type":"image\/jpeg"}],"author":"Carlos Conchita","twitter_misc":{"Escrito por":"Carlos Conchita","Tiempo de lectura":"2 minutos"},"schema":{"@context":"https:\/\/schema.org","@graph":[{"@type":"Article","@id":"https:\/\/www.carlosyconchita.net\/rutas\/23-08-2019-parking-estanyols-rio-tet\/#article","isPartOf":{"@id":"https:\/\/www.carlosyconchita.net\/rutas\/23-08-2019-parking-estanyols-rio-tet\/"},"author":{"name":"Carlos Conchita","@id":"https:\/\/www.carlosyconchita.net\/rutas\/#\/schema\/person\/a9691f7258c28443fab2d3aa1479ea19"},"headline":"23-08-2019-Parking Estanyols-Rio T\u00eat","datePublished":"2019-08-23T19:04:50+00:00","dateModified":"2019-09-15T20:22:15+00:00","mainEntityOfPage":{"@id":"https:\/\/www.carlosyconchita.net\/rutas\/23-08-2019-parking-estanyols-rio-tet\/"},"wordCount":315,"commentCount":0,"image":{"@id":"https:\/\/www.carlosyconchita.net\/rutas\/23-08-2019-parking-estanyols-rio-tet\/#primaryimage"},"thumbnailUrl":"https:\/\/www.carlosyconchita.net\/rutas\/wp-content\/uploads\/2019\/09\/IMG_20190823_115805.jpg","articleSection":["0-Muy f\u00e1cil","2 - De 5 a 10 km.","Font Romeu"],"inLanguage":"es","potentialAction":[{"@type":"CommentAction","name":"Comment","target":["https:\/\/www.carlosyconchita.net\/rutas\/23-08-2019-parking-estanyols-rio-tet\/#respond"]}]},{"@type":"WebPage","@id":"https:\/\/www.carlosyconchita.net\/rutas\/23-08-2019-parking-estanyols-rio-tet\/","url":"https:\/\/www.carlosyconchita.net\/rutas\/23-08-2019-parking-estanyols-rio-tet\/","name":"23-08-2019-Parking Estanyols-Rio T\u00eat -","isPartOf":{"@id":"https:\/\/www.carlosyconchita.net\/rutas\/#website"},"primaryImageOfPage":{"@id":"https:\/\/www.carlosyconchita.net\/rutas\/23-08-2019-parking-estanyols-rio-tet\/#primaryimage"},"image":{"@id":"https:\/\/www.carlosyconchita.net\/rutas\/23-08-2019-parking-estanyols-rio-tet\/#primaryimage"},"thumbnailUrl":"https:\/\/www.carlosyconchita.net\/rutas\/wp-content\/uploads\/2019\/09\/IMG_20190823_115805.jpg","datePublished":"2019-08-23T19:04:50+00:00","dateModified":"2019-09-15T20:22:15+00:00","author":{"@id":"https:\/\/www.carlosyconchita.net\/rutas\/#\/schema\/person\/a9691f7258c28443fab2d3aa1479ea19"},"breadcrumb":{"@id":"https:\/\/www.carlosyconchita.net\/rutas\/23-08-2019-parking-estanyols-rio-tet\/#breadcrumb"},"inLanguage":"es","potentialAction":[{"@type":"ReadAction","target":["https:\/\/www.carlosyconchita.net\/rutas\/23-08-2019-parking-estanyols-rio-tet\/"]}]},{"@type":"ImageObject","inLanguage":"es","@id":"https:\/\/www.carlosyconchita.net\/rutas\/23-08-2019-parking-estanyols-rio-tet\/#primaryimage","url":"https:\/\/www.carlosyconchita.net\/rutas\/wp-content\/uploads\/2019\/09\/IMG_20190823_115805.jpg","contentUrl":"https:\/\/www.carlosyconchita.net\/rutas\/wp-content\/uploads\/2019\/09\/IMG_20190823_115805.jpg","width":1019,"height":764},{"@type":"BreadcrumbList","@id":"https:\/\/www.carlosyconchita.net\/rutas\/23-08-2019-parking-estanyols-rio-tet\/#breadcrumb","itemListElement":[{"@type":"ListItem","position":1,"name":"Portada","item":"https:\/\/www.carlosyconchita.net\/rutas\/"},{"@type":"ListItem","position":2,"name":"23-08-2019-Parking Estanyols-Rio T\u00eat"}]},{"@type":"WebSite","@id":"https:\/\/www.carlosyconchita.net\/rutas\/#website","url":"https:\/\/www.carlosyconchita.net\/rutas\/","name":"Las rutas de Carlos y Conchita","description":"","potentialAction":[{"@type":"SearchAction","target":{"@type":"EntryPoint","urlTemplate":"https:\/\/www.carlosyconchita.net\/rutas\/?s={search_term_string}"},"query-input":{"@type":"PropertyValueSpecification","valueRequired":true,"valueName":"search_term_string"}}],"inLanguage":"es"},{"@type":"Person","@id":"https:\/\/www.carlosyconchita.net\/rutas\/#\/schema\/person\/a9691f7258c28443fab2d3aa1479ea19","name":"Carlos Conchita","image":{"@type":"ImageObject","inLanguage":"es","@id":"https:\/\/secure.gravatar.com\/avatar\/3a4625b20c8da3de99da69bfe7a322774e291c3f90dce7e8778a30fe6748ed1a?s=96&d=mm&r=g","url":"https:\/\/secure.gravatar.com\/avatar\/3a4625b20c8da3de99da69bfe7a322774e291c3f90dce7e8778a30fe6748ed1a?s=96&d=mm&r=g","contentUrl":"https:\/\/secure.gravatar.com\/avatar\/3a4625b20c8da3de99da69bfe7a322774e291c3f90dce7e8778a30fe6748ed1a?s=96&d=mm&r=g","caption":"Carlos Conchita"}}]}},"_links":{"self":[{"href":"https:\/\/www.carlosyconchita.net\/rutas\/wp-json\/wp\/v2\/posts\/13191","targetHints":{"allow":["GET"]}}],"collection":[{"href":"https:\/\/www.carlosyconchita.net\/rutas\/wp-json\/wp\/v2\/posts"}],"about":[{"href":"https:\/\/www.carlosyconchita.net\/rutas\/wp-json\/wp\/v2\/types\/post"}],"author":[{"embeddable":true,"href":"https:\/\/www.carlosyconchita.net\/rutas\/wp-json\/wp\/v2\/users\/50"}],"replies":[{"embeddable":true,"href":"https:\/\/www.carlosyconchita.net\/rutas\/wp-json\/wp\/v2\/comments?post=13191"}],"version-history":[{"count":0,"href":"https:\/\/www.carlosyconchita.net\/rutas\/wp-json\/wp\/v2\/posts\/13191\/revisions"}],"wp:featuredmedia":[{"embeddable":true,"href":"https:\/\/www.carlosyconchita.net\/rutas\/wp-json\/wp\/v2\/media\/13192"}],"wp:attachment":[{"href":"https:\/\/www.carlosyconchita.net\/rutas\/wp-json\/wp\/v2\/media?parent=13191"}],"wp:term":[{"taxonomy":"category","embeddable":true,"href":"https:\/\/www.carlosyconchita.net\/rutas\/wp-json\/wp\/v2\/categories?post=13191"},{"taxonomy":"post_tag","embeddable":true,"href":"https:\/\/www.carlosyconchita.net\/rutas\/wp-json\/wp\/v2\/tags?post=13191"}],"curies":[{"name":"wp","href":"https:\/\/api.w.org\/{rel}","templated":true}]}}