{"id":13234,"date":"2019-08-25T20:17:25","date_gmt":"2019-08-25T19:17:25","guid":{"rendered":"https:\/\/www.carlosyconchita.net\/rutas\/?p=13234"},"modified":"2021-02-27T20:01:08","modified_gmt":"2021-02-27T19:01:08","slug":"25-08-2019-pics-de-ginevre-y-pla-bernat","status":"publish","type":"post","link":"https:\/\/www.carlosyconchita.net\/rutas\/25-08-2019-pics-de-ginevre-y-pla-bernat\/","title":{"rendered":"25-08-2019-Pics de Ginevre y Pla Bernat"},"content":{"rendered":"<p style=\"text-align: justify;\">Para empezar la caminata de hoy, nos dirigimos a la estaci\u00f3n de esqu\u00ed de Puyvalador, que est\u00e1 cerrada hace varios a\u00f1os.<br \/>\nAnteriormente, el dia\u00a0 <a href=\"https:\/\/www.carlosyconchita.net\/rutas\/02-03-2019-puyvalador-raquetas\/\" target=\"_blank\" rel=\"noopener noreferrer\"><strong><span style=\"color: #0000ff;\">02-03-2019-Puyvalador (raquetas)<\/span><\/strong><\/a><span style=\"color: #0000ff;\"><span style=\"color: #333333;\">\u00a0 hab\u00edamos estado all\u00ed, aunque desde luego no llegamos al Pic de Ginevre<\/span> <\/span>, y esta vez, sin raquetas no hemos tenido ningun problema en hacerlo, llegando adem\u00e1s a otro pico , el Puig del Pla Bernat, desde donde hemos disfrutado de unas bonitas vistas.<\/p>\n<p style=\"text-align: justify;\">Esta vez, al no haber nieve\u00a0 y para no hacer la subida un tanto aburrida ahora en verano por una pista de esqu\u00ed (como hicimos con raquetas ) , o por el camino que usamos para la bajada con raquetas, hemos subido con el coche hasta un dep\u00f3sito de agua (al final de esta explicaci\u00f3n hemos puesto el track ), cosa que ya hab\u00edamos hecho alguna vez\u00a0 hace muchos a\u00f1os.<\/p>\n<p>Desde el dep\u00f3sito de agua, empezaremos a subir por un ancho camino, hasta llegar a la cabina y plataforma del final de un antiguo telesilla, que ya no existe (ver fotos).<br \/>\nPocos metros despu\u00e9s encontraremos una barrera y una se\u00f1al de paso prohibido para los coches , o sea que hasta all\u00ed se puede ir en coche&#8230;<\/p>\n<p>Poco despues dejaremos el camino y seguiremos subiendo por la derecha, un poco campo a trav\u00e9s, y con bastante pendiente, aunque se v\u00e9 el camino un poco marcado por el paso de la gente, hasta llegar al Pic de Ginevre.<\/p>\n<p style=\"text-align: justify;\">Bajando unos pocos metros de la cima, veremos un camino a nuestra derecha que nos llevar\u00e1 bajando\u00a0 por una bonita zona con pinos de poca altura al Pla Bernat, subiendo\u00a0 despu\u00e9s al Puig del mismo nombre.<\/p>\n<p>Como se puede ver en las fotos, durante todo el recorrido tenemos unas magn\u00edficas vistas.<\/p>\n<hr \/>\n<p>&nbsp;<\/p>\n<p><strong>Album de fotos<\/strong><\/p>\n<p>&nbsp;<\/p>\n<p><a href=\"https:\/\/photos.app.goo.gl\/vwa1qfp4A2uksV9b9\" target=\"_blank\" rel=\"noopener noreferrer\"><img loading=\"lazy\" decoding=\"async\" class=\"aligncenter wp-image-13235 size-column4-2\/3\" src=\"https:\/\/www.carlosyconchita.net\/rutas\/wp-content\/uploads\/2019\/09\/Ginevre-00053a-285x190.jpg\" alt=\"\" width=\"285\" height=\"190\" srcset=\"https:\/\/www.carlosyconchita.net\/rutas\/wp-content\/uploads\/2019\/09\/Ginevre-00053a-285x190.jpg 285w, https:\/\/www.carlosyconchita.net\/rutas\/wp-content\/uploads\/2019\/09\/Ginevre-00053a-272x182.jpg 272w, https:\/\/www.carlosyconchita.net\/rutas\/wp-content\/uploads\/2019\/09\/Ginevre-00053a-570x380.jpg 570w, https:\/\/www.carlosyconchita.net\/rutas\/wp-content\/uploads\/2019\/09\/Ginevre-00053a-380x254.jpg 380w\" sizes=\"auto, (max-width: 285px) 100vw, 285px\" \/><\/a><\/p>\n<hr \/>\n<p><strong>Dificultad<\/strong> :\u00a0\u00a0 Moderada<\/p>\n<p><strong>Distancia total<\/strong> :\u00a0 \u00a0 \u00a0\u00a0 13.186\u00a0 m.<span class=\"totlen\"><span class=\"summaryvalue\"><br \/>\n<\/span><\/span><\/p>\n<p><strong>Alturas m\u00ednima \/ m\u00e1xima<\/strong> :\u00a0 \u00a0 1.882\u00a0 m. \u2013\u00a0 2.431 m.<\/p>\n<p><strong>Desnivel acumulado seg\u00fan Wikiloc\u00a0 :<\/strong>\u00a0 \u00a0 680\u00a0 m.<\/p>\n<p><strong>Tiempo total \/ en movimiento<\/strong> :\u00a0 \u00a0\u00a0 6 h. 21 m.\u00a0 \u00a0\u2013\u00a0 3 h. 53\u00a0 m<\/p>\n<p><strong>Vel. media total \/ vel.media movimiento<\/strong> :\u00a0\u00a0 3\u201932\u00a0 km.\/h. \u2014\u00a0 2\u201903\u00a0\u00a0 km.\/h<\/p>\n<hr \/>\n<p>&nbsp;<\/p>\n<p>Punto de inicio.<\/p>\n<p><img loading=\"lazy\" decoding=\"async\" class=\"alignnone size-full\" src=\"https:\/\/lh3.googleusercontent.com\/M8_Zg-LtUz8G-T_D_UgIiiwTpW7Nxd990P3mMKvrVUhUtWeppXl0JTjhq7nR0ntG9IxVQnyUeD2BZuo2UxZfRPGw8u4FDhOWlgmn7yKXcnYCp5C87vyN6Hxz8It9o9GcTxV_8-4OPp7u2iJAJeLVrBN90mebhe1TX9benOlh2NCiYeoXNXBabF_SOoGmLf-67iVuCtlZ6el9pRf8JkuF5TCliIwoZu9BN-L4lDiVzmul2PsoX7NuG6spdqJmbV9_7rrEWLL29THBWpIPhsmzJvgQ2bZNkdsAFAxPjsUQLlaL1C1iNxHgaSClG1zsrnBrsvoH0__sE_vqelIqc56V9Uh408wb8sLYFYJWrJrTJWOKeCSx6ht2edUQAbj5ZqfoWFpBZP_x-NF4trLndksVTOCKsPgAjLDDPGxOUytCmfC-f4MjP6RA1a_2kXw5dMtPeG3V8ZNnvtBIzPtw8QFh0l2nD20x4D3nN3qIB3t_Dl8NUUlzIGxZj4I0DFtsmc2TL23SKAdXXHiBLDCAaOU8lRRJ2KqRqvbIpSD2mlpuSd5B1Qt8FhtWYRDAaIS9OKDCjTso0_7fsNUyaCoVsRpvk9p6qu_6LDHUuwFnFH622cXv_syqNvWhoqL0S7oJBvNuAP5SqkuqksyPyA-tk99-DflmGHcnVIjQpRzx7wJDFGVdh1smCnOzm7Kij484UgD8B3TpeWXBV8IJkIiIKN2i6XtzuoLw7Rx22v9Qdad154n1EpRw=w1024-h576-no\" width=\"1024\" height=\"576\" \/><\/p>\n<p>Vista del abandonado restaurante situado en una pista de esqu\u00ed, en donde paramos a comer algo en la citada excursi\u00f3n con raquetas.<\/p>\n<p><img loading=\"lazy\" decoding=\"async\" class=\"size-full aligncenter\" src=\"https:\/\/lh3.googleusercontent.com\/3s7SqfQyXdp8Dx8BL27ZGONRyeBd7F6hXclL6PgBVfX9Vv-jgzPQcslsxTgLet43ujHsSszZQEd02A7n73q5BgtICqkWNRjwnKVDKsaDCAgRpi2xu5KbUGcVpMUo-D5svgfzBTjysphgkIhwDZISl1Tp1OechMYBNqGRjIMAN5alAuu6y-0gz4Pyz4qZkwgqOb9J2wznyHwfGUl36w3OyJBDkGxdWFZCdSzw6PSqoME6i4GbwMHmueQOhAsp-LfSSm44MdyzPuXGQHm7M-8aXqhcqPsyyyxgaoZdLisdTe0Z_vyYfvfskA-d4vWgehxsPw1qySx2vHYLAtcdWm6iclUm0AuF-QhMEBPgov4KHsJPLq2OmoMYpW70Ib1lOUMj1xsFgQx0mn2QPmQLRhTvgtf88b3Gud_RIfCt-MPPa8d7gdt2maHNCOe7yhoDw13HlnIRzD1ecql8XcigIG4HubptLiiyl6tE9tF6NA66-fYg5zRXdBYPkn7P6oFV0Nr_C_n_88L1GUW3sdyTJgTSOkELsGKAfgwcCPCsgQBgEyAZAWY9A_n6Wdz8tqz7A0rNVuBqsfFnR89ltGoS1_y4jXgqVmnoAbGEpcXEMivTpVgHe-ycE_drsZAFQF3FxqoiQTfy0QYwrWVMaxr3IwiWX5LXyKfdLxP09xODXrLAotgro9ZbORxNjIUV081UL6604DkYYsNYTQ_r_cl6SMNWjwFWq_jxnRKbv0zL9viDv_PKwr6p=w1024-h576-no\" width=\"1024\" height=\"576\" \/><\/p>\n<p>Final de un telesilla, completamente desmontado.<\/p>\n<p><img loading=\"lazy\" decoding=\"async\" class=\"size-full aligncenter\" src=\"https:\/\/lh3.googleusercontent.com\/heFDTPqt55wZsOg2wOFchH-_hdi9EDY3v3GxRJ_uqn_iQiJgPillgh1sGsQGKpGTvhDibhn_abfbtFwksoD7ApDnANse-FayRnPhb0Xm9dbZn1KxSJB6aLvknAEsntqQSajh9ZXtTP-4gU5e0nLH4upQwtyCLXWhn0R2oTf74KJAZwq0bpgzgRLvLeOXTyoyX1eDl-O9SVRrf_oI1YOQnes3VPkG07Ndp6qq4a3ZH-r0Ibc1JO_xd3pxchpE5iAgGyBF_7VJj0H448K1iB2guruUT7H0Rn-uOxnIHY-j76NeEO9C18wRAtgszgeCfBOOTF3KT50nZQ4mfFGBHeRdkIXmdvXzQFY3ZC6qdXUt9wqhGcxPgWl9gUVQ9Xt5pf1HDEjBcuMJY_5GM_nhPpEsWOiKPCW95_bDLeWu0HQemSnPJgHqAN-c8JqojAoNrM4_MnGUeFTWnnOm8_FPVySgVHy1nX_N2rFyz07Li8sZKtjvfoRFQkODYkUhlN3Auxf6woviIu7lbFwilpvwCAA2uPtZUSOL31DUO_VlhhfUTLM3tmVaMkOaia2hBcLyTsUQe6sV_fFtYe4tyhP8tHovxN-EDoq_Vv8AsUqgQUObkqgrNNmm2blqmhNzsiRcxDagCl8sRMk9O8bofB3sSAtYjUDTo0r3D8hQvadW9xwln481jOVJK_EPmHb8Vo3SFKfDc0y5stvqcdV6iYJIsyIjqHaFOSrbupZHqAc9Nxf_Ms4zz2ye=w1024-h576-no\" width=\"1024\" height=\"576\" \/><\/p>\n<p><img loading=\"lazy\" decoding=\"async\" class=\"size-full aligncenter\" src=\"https:\/\/lh3.googleusercontent.com\/_7x9vNIe1CeNWQhYYrWtLz7hvf3MHsvIXkS3TGv1VwjWImQytDDrmBXMoUF2ioelDE0g2JL0xIC3KDRDup8EKXw893xIYk3Tan0FhzSsJ7APNM4oPkbLr16IZXtpKHA80-Uv8orVFG6zVCVVVDhDTeIXVF__xeJYlYKPxdM5qF6_q-0WEuAM6JBeEDSxeVNXh-vXXg-JWlT6RQLfVdc9DG9yXROrWBfAhwLLxEhnIYYEvuzoZaBdJGt6xCN7XYtNBoaBZoEY0bkmCvqDm1Q39N4SQPMYCj68zkONAaXVhSFJtLNScRZnyLTFYy7WQvJYJSZd-fUegUwBolMRm5HoqQ6cjx2Vk5y5lHJ7ahGc9CAPPWzD1reVZ_yqW21xYbyft1WGZW_eviM0q6Qu-CQLQKzoeXljFOxufyXK0HKC4G5K8As9-wd6iM8ILDLbkLIcuk3M009YVykuIPPEp7x8ceSmzDeZMTq-WTjrgt77NnWotDiqhK7dmByWk-h5U3Gv3l90Gg9QKVKmuQFkSwXml5Qm7rYAExzytlfATPLa1XHJfcV2VvYeo-5wKo0QmztqDrj118QUYcjU5s06sMTzf9ZRRvquooVDrD_r8bOPg8KBPcvEB8kuBcU1jfJop7n9dy6mACaTUqbDzRAYVgoUGCEPLqKBdOqsD75fq7R4cG1Vt63GpCwK-HCYxrY_bVq2qUTAIJRBj7OIy0Gs9XwFcMhHtFqU_dg8LTsbw1inU5bw_MB2=w1024-h576-no\" width=\"1024\" height=\"576\" \/><\/p>\n<p>Vistas de la zona de Puyvalador, Formigueres etc,\u00a0 y m\u00e1s cerca, el estanque o balsa artificial donde hemos dejado el coche.<\/p>\n<p><img loading=\"lazy\" decoding=\"async\" class=\"alignnone size-full\" src=\"https:\/\/lh3.googleusercontent.com\/VzVbSSVSqyOOKG65gk8Hqo4CT6GdHymYK0YAYfiJOpuFp6wEiWLIoDkBg1IsL-My4EJk9puGXilb6qjv6AZFc1X1WHJW2wyE0tm816MeSjrj5qHRvCwzl2butVEHiS6g_kuMldTwefHIgOvpeRraMhiI1-uMwwyqTutmx1mF_6z8_nH_oyYZfi7pHRh20vlEnBr9EH9joTT121lkpO16Pi48UgcoXHkZ0pUzFlVKTpag4zXkTuYzVvv8WmSFMV0MpkrQLHGtzO2C4LGx9CIZjMxbmaGMR3qiK7larbevlIp2VKIU713gqxZrusGblm4xu7bvJ77azCO2N6MpNWwb3zbae34p2cd0dwqX5N1WrnQnfhTlekOVMqvppYAKJw4hmya-OawCvTAzlqRENtv7PLH1fYSx1nb6kRBSCP0XhiqODwNKRrOLJktEXLrQR7gl5803F4PK4DU1hB_MAxU-_bKVr3mzzli7rBYfoyAzSetDRyWD3b4vGIFIXAitr95jvg--kA3y4sLYOKgYvRczHrfar5x1bO5r13TcxBG8FmX8NZ-ZDkFhwLOslLCIfLqAWVcWVZIGpl84AyvmbpHJBKBq-Ro9BYdbfbTefCFJVBZTb8ATNPml_ynkOs8DiiSgNMImJgjhzC30sbVjj4dr6w5ay_5u_gxW1J3LPkVtH2J--NDdlZIKbL1ioUTBOMc3XnIujWImgR03BwBZ4_3PwzCOIfd3Qjcp6p3nHshlQZo1dJoW=w1024-h576-no\" width=\"1024\" height=\"576\" \/><\/p>\n<p>Poco despu\u00e9s de este letrero, dejaremos el camino y continuaremos subiendo por nuestra derecha.<\/p>\n<p style=\"text-align: justify;\">A la izquierda de la foto (ver la otra foto con zoom), podemos ver el telesilla hasta donde llegamos con raquetas, y la pista por donde bajamos.<\/p>\n<p>\n<img loading=\"lazy\" decoding=\"async\" class=\"alignnone size-full\" src=\"https:\/\/lh3.googleusercontent.com\/4iN3rED-obuVP-dNjA7y_vBS10P-_BraN3g6_-MjgXDw-7CIVtWmNqMmvx0cmT_Bb2o7RZ_j6lUJTPSDhkuvw69t5EbPXjCA7VW99A_WlSj-ovwyFbDjkQsHAZleHOrVctN425gvL5eg3KwUc5_-uuCLMexbpBrueEjpMN7U6cA-ia_BxLOkFRKmO1vaoGmdn5uTPpS8ncIBdoDCM7S4kLND5afkb_HbS5rWFL0ojmJFMsFMqzk-1g-wusS5dGg2aSXWAPySiE-i0X0sjBG2CiKS3srmLxd70L5rnl2hwt2ELbfHDEtZ0dsAveHxWxCM347ZdrcfSw4y9RbP3W_gn2Mme39-_MKS_6eyVGbnxIcewe572Vlv3WEaVQM9Vz7EVmJMTOQtvQSt_cxGwueULpytCYZ3SnoQNzv-9zioacfMt5_vrL2qqy6iAncOaxRoFpfIL4UfHoyYJyueNgJOesNwk--B_ljRRkRhXioJmYAYCUuKO4NCr0PJ60MNQCCBCFtG1hYPysG7igenS5zdxiUNAQsBrTvd4uyOMAEtPrx_w2x3Qx1XSpRhQzCmDD9T5_bKX4Kuc1U53GbtFI7V9HcPH3CYwi-jPspcbm4oakiA4NtCnID1pilS2YcKbUvgUC7ZbYVg7gB9IZd47LFIMhGbniUjEUWZIdwYgxfTfHNMdqu8CaIQ_zoTOfhdK7G1ttLFwOUay4vctJS9kygwPTzbnnPzmvu8bF_u1jiqkPOM3WSn=w1024-h576-no\" width=\"1024\" height=\"576\" \/><\/p>\n<p><img loading=\"lazy\" decoding=\"async\" class=\"size-full aligncenter\" src=\"https:\/\/lh3.googleusercontent.com\/-RfnY7miu5ZDdhIHI_nEiX0Vo5IZlMgt6EiaH-RJfi2ZR7GlRqxvazVZ7drHh8amRdPX5Paynchz6Qh_zp3blVH8gN1VVJhwIKRnOyAj_R6vccsoItT6FLrXEGmK_JUnqFRp2sIvr7E70XyBXk7omuq37raUgzaD9_k9A2iXLXYrf1xmirs5pmUYdQjK91gzw5_XNwTX6IvlKjrE8HujzIvL0ouoR79gPHN9xFBXJMz8RuyF2LhZwykFwjipEsPR3ZLfU4jJ3Mwa-TkZom5QWAV_gGGwYJbNm3ERYTKlvozkeLLraJRPMnY1jXLkS2oc_0ugccKZqojOh30Yy85WEg310gjhpdNsie5kWJcP4GWnU1VhkRN9Zm4MlhTY3N9YEmhgSSi88JDhVRkE4PBCT5wFZD7SZ6rmgjYU-eFNr_6fOS1SnYZ6P4uMZ_h7UNp0ek5_aQXwJewfsFvD6d5v1EWa5sAUGscTW02aGC-PhKL64hS5Ic4Z2QYAUxfJ6UthkbWlNAyBpXQAY1lfLs3rZDz8zgOr8TxnntthyxDkc8X2Y8nv0UGvqpTxWEsGvOVHLAP1SFV42TO6o3px1IqAZHPtUCceo4gLWKuRi4hXr-NB3cqd-yzKH4Iv65kXpsrkSf00s_XxiELNNDQaf0qbHilp1vmTZkI5JuB86Uxh1jvZ0uZCm5U5DQhlk8RVeoK4vy5qCbyLfJjOP9nf5PUM517mRY9-p5QyDJC2QYNTsdqJf0vT=w1024-h576-no\" width=\"1024\" height=\"576\" \/><\/p>\n<p>Subiendo al Ginevre y mirando atr\u00e1s, vista del lago de Puyvalador.(con zoom)<\/p>\n<p><img loading=\"lazy\" decoding=\"async\" class=\"size-full aligncenter\" src=\"https:\/\/lh3.googleusercontent.com\/tH0Y_7Zcqo9zZfMRyRAcIKGhM5f9F74fTem3cdBA8i_JfXkmf9MVY1iJ5Z-nKfLmPw-JyZeH6_OSdMA2MmAwZz-jLL2Y6XAnW07t1QcCjVyt9lHDVNCSx8sP_TSgya6Iaoro57ANxGw0sIQKap0x5B7SIJjUtLsWDTHFvKhaajjKxXGcSdql4nVD8aeMV5wOlhIq3uj-_WYU9QLzi5tWYYQiMk6p8fY9LKt05nD6BeAIGrE1PzGEMHCSOoIPQQ7Dadn9L55xemjEko7wQ_pxaTsWoH0cXHSbwr5Wt--LVXSy6Fxbvo1_XwpC0vrhLC93ESirQPRqlkVRgj7uzln4RDfPChPhsxiONc3vhX56pkM028dox2JOGe6ljhG9ejELzq3MRrjFgBg5Vk6stVkue5lIQWIpd8WDi1uSdr_Hi6DfqUAQT8Qr0Yy7netHt4S_rqSyKl2w9USBj3LNzuSRhbOUt96-7i2uKcLKZcP5ZvKi_wUUzOtpJK0CeUJJNBGTh5YxpF5q7la7UKqQQww0Sbml-FJz2aOJlC8pssSEqUFTLJ9E5l2HkVCu0b4mGnsWERY2X5rFGHNHG2eVRL5NmnalfV-K_hgBde47FTUCyeReOzg41bh5b7Vj8qZOK4TRhFNEcUf8pU45aZ4BUBlmMFmmjHggoXlf60pLn7PECWszQq0J-nsjTg9vDMnnWH2dHiSocJmyPgFgdbWXUrDNJsgzvYeyscdGQkch2-487jVa0hC-=w1024-h576-no\" width=\"1024\" height=\"576\" \/><\/p>\n<p><img loading=\"lazy\" decoding=\"async\" class=\"size-full aligncenter\" src=\"https:\/\/lh3.googleusercontent.com\/pbt4N1Qs6BFViWpSC1OzITJy2f-gYqpxRTQ2SS8TlzHxsgT5VGl1zdJPpZ7ldIdj8wWbtVv7kwv5NNz6hzqwMEXfVz4Ujx5U7kqUz0T-ppFfLSGxhVT2fPOIWdiPqmDAVQtAdGxzPLvAf3K3_9cs-Qt94QpNsP_eD7Q8nzBmRMNLPfIm_fZP5Bi0EHrqJZUMPmE9X2Yo1kKcU2JqQcKVYx5iy20zEbmwONwN_i9EHqftYoxt2Qbgl_oXzpV7b-sEECNeex3xrWVIQH3jBRe0Qwv2kusK0xUeM5nrAROolpI9PG5YndnHydmvNT6ygUPF7hspQ4YEmWSrZyRjaWkjhMwPT2YoVRlKzHbYnUM2FI6Ek-aF8hH0JPO5mw8ISPSZ5s_uxF2xNmEPAnHDrxU7V68Sg88dRFnK7tpoPRK6qGjj7mtdsxEAcymj3q_U3n_W1z3aJFDborSv504HhQjwjWihqof6B-U2KmHxjAgBjoiPOKLMnip5kucagDlU9SZSe9dV1ME-Q58LHedrS9TyeA6HqjdMlkCWSoDksR0kCGa0JXDFpgUIxkFdP5L_Np6c7aaVIHBMYBdWTZPn9GsKKcLtTRnWJSEwtgsWrII4MlqJFFQzhlTfzPPoDeJovWxJzc1Jkr126a3_wFUvMp36s8S7A3OJR8l_p9Wo4GpFyitx0N8ro7KeGevVF5VoNYRpjp02heLPvZHbNLahfB29I5JlJ7MyTwaX9FdI3GeOSrD03RUT=w1024-h576-no\" width=\"1024\" height=\"576\" \/><\/p>\n<p>Aunque el d\u00eda est\u00e1 un poco \u00abneblinoso\u00bb, tenemos unas grandes vistas en todas direcciones, \u00e9sta del lago de Matemale.<\/p>\n<p><img loading=\"lazy\" decoding=\"async\" class=\"size-full aligncenter\" src=\"https:\/\/lh3.googleusercontent.com\/08kQ5deJQ31BLW9yXoyc24kONNrFhiu6YkhMeTO5tUSkYf1DMON0TkhmxQfHC5h0xsPcPyxY1x3ennxpWQLeatRS7ewCZcROr9GYU7kbJIvf9U8ATMB_BgxUwx4jmMtkT167v-4_cobs47gIl9zG1UguU3qjGQKew-E59TcdBullwYZ9PidKtvh3WGKKpsGoqwndSUSH0WMsCsHEcwA2QlL70GAZNuzXeJnm_asPAVvse8FUGgOap4AqsSSQ65TtpxsvdjPqpJZB52Od81fdPs8uRNjyVyOzIGU0B0ojinHtC4CHQtdvrozjXxLG9JUF5yJbsVRCdrB0hYYjPMvwZ3YgifdB-yTxS8xqTbp5OeAIOTBS-7l0Yy2ADwbCj3Kv2nOs1LEgZszsYP3ERgA1jC5HWHn-67-fCg42owQgS5ux4U5bBdgHdy4bymjb7P14OwWbSvN97Dnvhzlkn8Rw9zAnpX4avW8b2SIntHljymRvVtLTp3Qn_Kmh8a4y7qmdimnEKyryPgppc0T-tnABo7s3C7CjQYDoC4tzjgMOz7LZEG9Tl05B-N_u3Lqx-t0kb9OcEZ_k-CDENCNCRiMmGnZ_D8g1EM77vFAoeLcxgy0LcJ0CyQ-ZwWhZbP3tp1IMFc_KsJ0ysxEsAZIm4KEAo7A4NOR69ehD9w0ar-EEPZ1Oz2wy8_pQT2_uHmPtZ6RS_3-V2cSH48BpUPa70ci-_hJrW3gjuuUo9mvvkdgOrLxU0yvD=w1024-h576-no\" width=\"1024\" height=\"576\" \/><\/p>\n<p>Llegamos a la cima del Ginevre.<\/p>\n<p><img loading=\"lazy\" decoding=\"async\" class=\"size-full aligncenter\" src=\"https:\/\/lh3.googleusercontent.com\/i76MZFpyX0a7nVLRS-Qlhblhto0KJIlyVRFJsEbkflHdmPBdZPcNk5_5PaUu115TkQFoVjE-WnlrdL-4zg2-7DE3AxyqibOD31hFlz8IgA4qqdERdrs_S4TLiucIwbRISBMVO0ZjEFbPMc-ITX-z6AYIaJr4Q-Bj3WjNTOpSfdpzwqBoobT0Y1G55Q8m0ydyFIWCK4vx1YDZPpfmN4oR1Fuc307MYAqF2NGKkRAAXEpqpWiX41FzkvAWmT7e1btGaSzskDK2TJDDqK9bVRnCflAQRcvay2tI8nKoVmO68Ruf5tiKmKv4KVoUHxvzp14OcO_dAvh6RvEoLTmEtuQ1BNnByB-edWdD_l2aJ62WnIXz5wXPxc8FVDFc5Y-l0lP7gyC3338HwouZd0AENTG0fhwfRUBOqOQlTrsNodCSUrRoI2fRWg8zOiC6hyX55XjTIMcWEw9be62BbifiB4biEiC6we44JUqp9LNbVLInF1FOlulMEX_478HeC_pdCsvAFyPZkjA_TUs0iKXwIPzbBdGIxek-tOeORSYFMC64KD2vZR0btbaZBoN-oQ4Xp0k40pdJqWgcSARvPrwgKDTSFJ8RwfO0g_3zoTo378s18in8GXkSsRpIDk1fhVcd2I1g6LcASeyKzaNrLEn4fMu_4p4MDjd-jpkeTJyM4KbFv99F6H4E93Zyczthnxk-avaCUMpWj8vXQyQvl-ROrcLwE_OyAeUMCTFMa-TnAMBlOdjkVeoF=w1024-h577-no\" width=\"1024\" height=\"577\" \/><\/p>\n<p><img loading=\"lazy\" decoding=\"async\" class=\"size-full aligncenter\" src=\"https:\/\/lh3.googleusercontent.com\/QGcxMTWvcwI3pmtTfah2YDNnHZfxH7qrfQefLO3r7eprJu_x-m9hF0H3pn34TIKAokEO1Px71jwGQNUcj_mx2lVBVuxWT04N4giAek27SORsiJK-i-iIbNtMY40A3wLhWjOeDqhSUT-vIYa2OJySDeHEN1IhDXmgGpkYHbFpgCGaytzIloo5LND_3SH2UPy6-HxVqpPI1M_ir_8a6N07XLYLU-l-Fgv_g0XWAlSz20G_MEp0pr6YktrK6E-Bjz4EBlI5AdFlQHkTbwZUC1Ua2q41cZt5yqRf5J-t88BOLHLKqkmlrQSUUa5849slMeU0lWHBnCXTuhvea_uZg9jkWZPXtUP8eJ27k44ovsrZjJW9KceqjcQBINxDij69sUBog4IwNKLeBHMse1MFbWQIbV_WVK6rGXRd5vpcVUc5VOXVYobfJS53ixtOu8iK7q8eFLMysz2nj9bhRW075I32teNza67RNcjDusRGZ0GcC_TBRe3qA-Thv3e-qN8U83iXKPA-P_gnU1fTkzBu5fQ9n--6pp2bZH4OSDtifadqYmWyC4NmBjxtD9kHMzy0A7n6Xime0UWpg-JjFxQ-aWqyg9M9ewLlpMM1B6D_3iRQsikxEO4KG8hweSi7bDhOCAP90liaK3ENyzIMAZ_54ZjNvEcVA92txapCdjjwo0vHTh-DwFnF12_9X7Z3Elz7O8Bd6S-HFj5X1s7DcX7FCu_Pb7vN1HmbSBKx2YWUf_vaXHKQBAJL=w887-h665-no\" width=\"887\" height=\"665\" \/><\/p>\n<p>Aqui vemos el Puig del Pla Bernat, a donde iremos despu\u00e9s.<\/p>\n<p><img loading=\"lazy\" decoding=\"async\" class=\"size-full aligncenter\" src=\"https:\/\/lh3.googleusercontent.com\/bpcCJyAzqaFupfebwXnNkKf_BH8E0brK-xs5DP3cKZNcoafLrN2EXSd8mH5tHezTbCweCtallzMYLxQyIWI66XMGC6qcLC5tuN2kDaaT1-st05fkTxYvh6Msesu4Pt5j1Pclakcrc0_mlnCt1FhPjHijTUMiosfyl-fC1rjncRMCMbPt2tNoKT91yfstVIzV9_GgWcZgmzX11GArVjQ06rid-rVSx36Afdhbkcm9URbBOzVT7RSFe1JZxAzVbxh14eblTj9ondCMV5JFxz-CzF3c82AHhM5zK6MiF1AuTutFex276xU8jzAJ6Q2OLtIULvEV6VUXJUGR83pDla9G_mPHmxvLpGxtp5x85vpzwlNvEOGzsIMdorlW_nfkHDKGnXHYFeSD-A9nq-XvYIaL-VefqqzFhmCA8HDMzjoloEXyYG0wYSkh8jCRUzVJBoowYagsCg79N3Bku1Ta0Jy1dLJdhMCr1_VV-PSI5krHzqEFrGy99KN7vh6AKQ-Bz0WbnNCM2s07B_BUTWb86Rtd_5zXSOEfT1rVNK6anqpG4zTsCPV0uDOcaCn5VmYAGiYdPFhnvXQ2iTHpGUSSKcS3fcqUve2e4SNZCsdN8BTa2A5Lu9E7Cy-c10AbAxzBH1spyC0CkX9_Hnjvlro2ramQrXvgAySqNwRH1eBEIvGgFKda2SyPP2ckLFBHS5fED-VXkqkliETncAhhiVvAZaYTmUv2aDAdoORsh_Wdl0UED1Yjzq_9=w1024-h577-no\" width=\"1024\" height=\"577\" \/><\/p>\n<p>Vistas desde el Ginevre.<\/p>\n<p><img loading=\"lazy\" decoding=\"async\" class=\"size-full aligncenter\" src=\"https:\/\/lh3.googleusercontent.com\/te9F4-JIukN4zPLEoXpYvWJozHf26ZzUuhglezBw5cd2DRnQjjZEIPJbwCm7YgRn8QadA4RO2jVX9L4V9wCUB5KMjCQ9PHMyBsMzp0My41pIikB_K7c7gbvd0Nc4i8Zv1l_t9ZjvWQXIRvtNAybVPhhAqX85bdhHs5AvQTjZfw33aCz6mPfiUdmBx8N0udM_NpEmLxS9WqZQhDYdtvQZoR4gL7tRwjUDfPzAo2EaFiDAb-q3f3O5HvEMUtBKw1_LyDWyyibUkXjaeKYqdFu1X16XnmMLXhF9AKRyG7K_891e4GhOpmIluuCIx8vJVWyvIQurxIDsCprsQFLECNQImi0ruC4N6Pva_P46CijdT9FLSMpRYU3B-va7sm2yr-7AFuszLNYMWnArCT_zvV_VxS3mDlVFOfKukwN31aEA7UaximHqhV_tjvh_8IuEw448hULhjpS7xOkooW-OzKRs5uq5QXjDUT9ezxwYXjcdzkffNlpXbFfddUtkvr1NYp-iIRybnHjwgXDEb16KZplurqv2jflB-ICHO53Vgz-I9_4vT1Wlku2vQA9esuRo7lBhdub75jA-i_cMlQgeeGMDkxlBmdxgAGVWtAx7ZiltyYOVtg0Veobt2dVT9WJ4AaCiWMuMHU3dKR-IARtT5Dck1U_Omj4dh3ow7nAbb00x8j5D8gFpshaM2Rub4dIc-AVudo16lZAeQoFdfZTfEIImqtHVG7gPKFHPcAx_HbUIFYSjUosr=w1024-h577-no\" width=\"1024\" height=\"577\" \/><\/p>\n<p>El Perics ( ver\u00a0 <a href=\"https:\/\/www.carlosyconchita.net\/rutas\/22-09-2018-els-perichs\/\" target=\"_blank\" rel=\"noopener noreferrer\"><strong><span style=\"color: #0000ff;\">22-09-2018-Els Perics<\/span><\/strong><\/a> )<\/p>\n<p><img loading=\"lazy\" decoding=\"async\" class=\"size-full aligncenter\" src=\"https:\/\/lh3.googleusercontent.com\/MdZsbRTRrwXP0git-FV0GhgZqe3wHiaBHXfeUvYInAXcK3uoGPJPSjuTDGji3uhJ6kCR2tEx149Gf6OFUsjbB0rp2B_3YnDi7PooUtMWxcgl92BRvGgbZhkgMRf74SMfunH0Qc4dBvRuPcegkpkf01KyU7lgECt7H0ZpxR-nFEvCDXeXnXsYGbu9h5_gqoawZHOIMhlz2Ou7JWSZOpDpwhVRfLa27p47w8DJZA9L-F7xcpABRXcUEes4A4wPuPz2kPUdcG0tN4VGpKdx2sHjQ3b06lDHlGyI88mNimJ5AbyM4XHzaJxKRk6sEqnrVLBNVwWU0XAkRgagn6uXq1wGp5UdBxNrTV3Zc4elTQ3wrEPIxsil0gaN6Av5lWrOfLVNl2VHXIrImxXJ9izQm48gkPAGhvwVnPUULRvV8MjfIpLyF_AE52Vve0k1T-GlW4PeYEoVEcfJFkS0XriG1LhX1DgTDkpSsiwfF6OYNwRqSbvyFYIGiLfb4mSmM2H7DQaaVf7wYmgBq0zPgXLpHUqy2bX__SFpPyfr_xDXKFsMh0wAh45r2uiMxO1uvX8NiVZqvDNThjw4lp38dC6O1N3cfFpTP3IYppt76JoYlHEv6Sb1cqEExOn28_PdGDIgzNH4wLSooXHukkml5tbuBm77zsK0hVPSmODvXpUlmqNbgwJ72JkhIDTqZNYuT0Xg-zCk27xecCKXe1xvVPpXPp-OGV_xXisEQnEHlUL4r9fgKint1lo1=w1024-h577-no\" width=\"1024\" height=\"577\" \/><\/p>\n<p>Con el zoom podemos ver a lo lejos la estaci\u00f3n de esqui de\u00a0 <span data-scayt_word=\"Ascou-Paiheres\" data-scaytid=\"15\">Ascou-Paiheres, cerca del Pico Tarbesou, zona donde hemos ido varias veces.<\/span><\/p>\n<p><img loading=\"lazy\" decoding=\"async\" class=\"size-full aligncenter\" src=\"https:\/\/lh3.googleusercontent.com\/qRvSNGfwtjGOA_z3TCNvVtL0YT8pWzV7bg4FnW5o6VKcYLc-yXdqM6ABzsI1liKqTXZ1tNVXb9w0xsu8tNsPSfL3LolvCSso57jrI5WPxKKRVgTDoxSIPxPpDb07M1Nj5KshtyWNehAh6uCfgDvJl-pT7e0EKFMVtVlBiDHS9H-0U6XPQspiQp2LUrCctRPvkuWOqJY3OKhdJAR4uwUTZ43thFdarIVuDt12KWABuzVoZ9wdNpPRc5C7Pc0BSOsUsSUq5EQVR4cXWb64emNn6UmyObwWUbjSvS8je28pgHpMayifKQPtULMVMJyxS5ZcjnvcFGTCPsOxH9Z3BjnB3CdIyIXmvzV1gTBeuFzprTlez3oekliDWlWN5ChyBdUJuwqi4OEM6nlAtm4WGBxaiSPeP3jrjP8KeQP_ZSGdlaQl0ze9B8-OUnGLDDfKjB-ivsQUD8XK5mXyou2dlH1nhPYHIomh2soh8-d-r-pQSv7K1DxPR5EGjRiqRyOexvR_iaxL8oaHHEFp6GSnb7YwUiScwKSqkNl741gRNf1wHAm56z-17ghbIme55dfFcbUcU0Yz7mmRJiCGSH0SevVUTujolIhbRysXwNP5w4EhSVZba0AF_m_y-CsJnHl35gdL9-dmc-Ypa5NuADdENzhWybFVj6Zfl1QAJGxYzlQaOfW4Lp6H9g4eH88sydQLau7f_FGmCKCinlmeK6J6073845qQr3TEN17LIw4gJGC03PWhCGPt=w1024-h577-no\" width=\"1024\" height=\"577\" \/><\/p>\n<p>&nbsp;<\/p>\n<p>Bajamos al Pla Bernat.<\/p>\n<p><img loading=\"lazy\" decoding=\"async\" class=\"size-full aligncenter\" src=\"https:\/\/lh3.googleusercontent.com\/5lyNmXlaHW-ime2NHZeaH5UzicZPKQEgXiSjRIstAb2Hswk33uBcNiE-wyGuruVayGqNdo8zLYiL57jTju-klFJQpt4r1MUaMATZm8ZSX9xESg2Q2jxK3aRpDkckR23FJzYxkRS_ep2Lq9WNAhA4DVGZkBKJgC0e5JNHpCv_MNWhskJo06ZooLRrPl9OfOrOolsWcmIMs0co4TBfFE7HOwrAIdronqCkJqzNm1jNUtND_UmPfp3-2_A6kmCgi1gjEpyWsXdFRZyqRy079HdoCtvPfGYcFeOhBdK4FD-2NMEJ8ZCYOa5GkM224abdB646QrxMO4iK5JIf_UuG95gUDX65Xb5suWGO3wPQ49U4nYW5bjokf-cpPhX4srPcqPGCxU-6KlurI2qIX1tyORs6eE7ZzqZe5vjcfjSOs2nmqpUtU44zLZdv-0qRy8LIfl3ZBVGPu4vPQPO_eDLlO2Z9wzb6VaOYnH2sE9zna2JFKqBKcNkses-_Z4bZ6J1ycFSG4IcDtbNNSD5asVRVAJFkAKW51dCjbA9owWfTNAwp9AJKGvQxiQZeRgqMyGsDDGQzLcpIZJ2NuDUNwlvG_jIWNERkSucJsXugws3iyitrg5r9Zp8zaU8Ig3omNL7l7HEcRDSLu4thltsn2CvHEvcXzypC6Wic8DFbC2boK-VAZ8RPRzT6L1Kpkcrn7DXWSTY0w-0GwqV5HtZs6Wr2kY_IpEWqUxcHaj6Io5aLRTiM6iL2mAPu=w626-h352-no\" width=\"626\" height=\"352\" \/><\/p>\n<p><img loading=\"lazy\" decoding=\"async\" class=\"size-full aligncenter\" src=\"https:\/\/lh3.googleusercontent.com\/g8BXmWqvwA-OnSxz4n2m5ZsflwhdOHYlO9ky4ZngX4g9mmbGSlckcbP2uETYxMgrlamZb0hAGigCk12BW03RvaN8uvXXa-iwPqHm-xc3FmKas1De5mbtWCQc1fC8RRa4IutLjp_tQ7azRauakEpUwK1jqmvt_hRATKFRJhHoI4dOLWoB7rgMwk4-Nbvk5_-87LxNOKGuxo7haihyrPOoQ2pQr8SEDp7KkjAX3GrUIcozozkA5gJEfAI1cgiEcvH3WNUQLrTkn7qglq5kPOapp-ikS7NCb_qlfEI-4-n3NVSe9QUyUA566wqbE7UqEK0zb-xoHSX10faDe01-_TKn01UtoS6CWFu_VvXyTElInhWEKlKbycWy4GmQcdQFKMFliTZJR6TuUr0M0XRaE5iMMx9YtN2JT5F7lyqx06m-3wQeIas79tk-_btEsBkK9m5_Dhs5BQHx-KZJRJSnBzkkBQWPQ51DAED_x3Q_KPVhctoet4UD01dA0JNkhCcmh4NSPOLUlFe4enj-cyNQWAEZlW1XDJJ0wosw8kRpFtce-C78uSksw9-Kz_4cIgFC7_ClHeAjjS1YMSnD8nz3HLqtpIhNuIk7VmlR7Eglb5s9kwadIbGh-3XG9oNhLQw8VfPU3pwxshoflTXMa_Y9fPsclJe8N_O-rPPbz9izfSbVCAR6ONb5GMVglqOYbLWiJ1Wc2wcg6dlO0fjtqs3FBmEqGC7C_smUe5Ot4XGFX7PX31YS9m_I=w1024-h576-no\" width=\"1024\" height=\"576\" \/><\/p>\n<p>&nbsp;<\/p>\n<p>El Pla Bernat<\/p>\n<p><img loading=\"lazy\" decoding=\"async\" class=\"size-full aligncenter\" src=\"https:\/\/lh3.googleusercontent.com\/_tqaJmKE2k7UYWSpGEMSOhifDU2uxNMBaLkj7Jnmhj2xfi8LMc0TtlXSh0UjcS0mQJN2lJWTP2Kqm12BWpRljc3lLOln8q9zh8HReu_rZep9wNEPMZT7Ez-lnOPCGApG0CkC84Z8Dn9d8-ofaBmX9BGrnkNZv8bZAPyrW1wB353-bF2EIE7ubL4OV2Ub5aPqsUglpVhV_5M-gfMlPJMd5zIAlBp3ftYvZNwWspTpLUWbkzmHXC_MEQbfC567bVsKoX-GLvi5raW1KgcCDgSO4RVpeeYE7kQojoyhbC_JqCPRjlacG6nbPL_uR9Xs58pw_nmQ9198skgu0Z8URQkH4Bek_4YekYORh6fSbZIFiqTp6MjtVze50XoNFt007Mqu4y_bTH07IpBkcBoMhy5LpU2AzyNNiebhjzMUAZ5VvW2lT8BRmGSKbE8r1HWdrivBsB4ktGQj3rSyMBORdNvZMrIugG9N1bm49iHZp0AX4ictv1RnQ1WieQG7fcBpAp7_QLeezPP_5EMwJizm90GvNcyuVcIMGsVScCq3MZO_2Yv67yfBJZDBvwsIlP7uyUjKhEQJKgs6AyTuVYNgzk5-sLxzSIYzPAP-EZgHBNObAN4TL3AscoDn3vXNuTaRa7g7npYlHAd9sb1P0Hna1XGhvVhNZx6g07KXPubWH0AtWUuXQYp4FxXfQhka3oJUOwA92ijSyImO4zn5eZo1NUAI8pJ5TygC0627d32-YREE7N8YZZiK=w1024-h576-no\" width=\"1024\" height=\"576\" \/><\/p>\n<p>Subiendo al Puig del Pla Bernat<\/p>\n<p><img loading=\"lazy\" decoding=\"async\" class=\"size-full aligncenter\" src=\"https:\/\/lh3.googleusercontent.com\/tQ0DIXQp-hNEeUI1jcrHyqGi5SvjU7b17rPQfvv3JZei0UhltvprS4ohiSqN-us27rVXHJBvi9roo-LKTywc5CwB5d6X_w_9DJ9qe5pWRUgU6bznJ7FlS228eUEWB8hocyYsnYtZYc1p9cR2WxtfuXVg28-NfRxZKwF-ZqAfKr80GqSALmdrZKJ9XS1_9COz8ykew6fLmIUsrY5p7oHE9enY2MBzxpsIQ_K4HoA0rdSev0pMOjajgOD9OocIIYaoQzyyEa0v6FvSHEgLDXBYbRn-8H0dzVUlIhg4TZI5fEanNbW-R-hto6eVKuZu_HoHzj2O2XDMZGm1OYelZ_7kn7kAOBHTmdeVAjgbLsJVqoWBWCtbC0kSGCtNP9eTP3L1ssjzY_YguylyJuXZqFRbQ9HQ1neNzn7YvtQTWji0jnw2X-fKF04ItzQi4jv10eQ90I1brrQBqfQNA9b4Piwyo-UAXmkWDDoPUMpMNp0rViKhYWsVaUisApjbxl_jl9qNm8ex2UdSDfAAsFtOsFfc6bXCjYiXh6WHLhvstdPVgUtkhU10nuTmIsJspVEanSMbhpN5aJ4EivljCUAqmyBd3LFvoS2KXirrY6E4DHDSecDEGH2C3cGV-kuuKKuUrxuliytXbvbX59-R8Ta5QWQsBgC84gV62GJqppZ4gyTEIAAKbfVeBc_WJeNZmcKvfZdn25ki2_SgAle5kuwO3BzI-GoL8a2DGdT1b8i8mo3j9g1hwO3t=w1024-h576-no\" width=\"1024\" height=\"576\" \/><\/p>\n<p><img loading=\"lazy\" decoding=\"async\" class=\"size-full aligncenter\" src=\"https:\/\/lh3.googleusercontent.com\/upkJPhNyI6hcwFtfh3I_OXpg3mK-mCg47Gw09XU0oSvePbu6kiEum7oA9dYZavzd2xaE_WQgRAZQWh4fCmPMYfXHOVLgQAZgAc55tymfpoeS_FOj1NEMTLPrLsuc3maWt5VYX7e24bWGnCfaJyKHBChugYOTWB6lsrIt7F0Ca0HVV2a9tIjMHe46xX9a3LFvkznLLjzq1s2GI6vioxFtEnb70CSCKlB34hX5hrdcGRPgzO7aTAitAy5hFD7cYqiceKCrEHwSJfXc9CKy4SIT0jN15kqKs_gVYLEIpWWnBSI7kb8sK8rJgXQ7wvUSCPV6vBlmvRKWaaNJ6eMH1rVvnp1X0RBUzsMU_DHnV-XlC8W_1E8Wcx0s60V9LNzMYp1jLLpskdmDQ8MMpnrNQR1uZ8Lqd78vjKiFvZrL0BaV48AXXPbszOc111bk2RIUK3nD-IBvmb0rlBp1ainE9VCG03ep_69EgaDB6V6HjmtDdhud6CG6TSEZKQ0Ex89rLl2wh9JdPtvcossx5RxPXqhO_RezD5McXj4w9fY_AKYIQiRbWUFgKHiQJUMRqtMebtkcA5skWWXlDudjCm8S_06vXUZR_TYNj6ccaOJKmrhc3RM5GU4xXr-rWO-FGWs4XsrUMkqr3C_N1BEtg5BC6l5V6HhezIe2ro6gZfaoavtvCKMsbhCZT3r1wC66DegjbN_Hmn6lj1tr4pt5F237pAstnQCQRR-y2ysWI2oDvbNMGZm71GhD=w1024-h576-no\" width=\"1024\" height=\"576\" \/><\/p>\n<p>Y llegamos a la cima<\/p>\n<p><img loading=\"lazy\" decoding=\"async\" class=\" aligncenter\" src=\"https:\/\/lh3.googleusercontent.com\/lmy2nslB_Pc1ud1xFPME3_wgsMgsyLW7DRDypM4mva_zMBac9d44o5TcRIQE46PUQRiE8S63Q2UY3hmvCzLn2xhR1m_GJCSnJmn-xfrkQPqZTnynHwZndJWlIB8Gop5K6DgHzfnsI4NncCd1HVcr4VWpHAJEFQ-PPLnxZIcYlAlzEZMpGgRBtp_QdKMkyxzQib8J2EE2ZWjOkReMsc36DJISaMctjG9oZ4nlb9DK-tFGqLHeZOeJTH37w7muxi58ltljTHVX1uM6qqIikJxcEGXaLESwT07riXs2UASHwN90UtpFNeUz76PPjqVx5IOIxQLpHTgzU3cBguCCg6QYHTCP2ljXJI3Msf2rBLEzD95p7Pf5u6CXiL_1mZyn-CNe7DWhxEno3ghhR0ZDxnoYyf9pJte3lBUANiml_GQVcEHxbNpUAc2zDEbXlEpDYbHe1Tlb06UquEGwtIxicTLp7LMDxHC-JSMEHX6iQj-06cdeVkvJ9zXr4Q2HqCjGf6YYO8tuCXOVb7cJGq-HVNP8lX1r-LQ3k6gXsKMPuROHHt2NF68Rp3bJzo_khX9At-9QimbUr99NIxHRBqzkjLWknTD3Lop3dHWlWjjHbBrZF_czOX6FxM--c9tgAfjbmMdnPXZ15sV05DykqkImsAbMQBC7eaNU6GJrVfS0iZ_ns_36h1saWVMcrmaDGCX_sbtqKrBsu6RJojkxqwTIGT5UDSpLJIoifFJit94rnZu7mZ0hVVCS=w1024-h576-no\" width=\"1024\" height=\"576\" \/><\/p>\n<p><img loading=\"lazy\" decoding=\"async\" class=\"size-full aligncenter\" src=\"https:\/\/lh3.googleusercontent.com\/APCnFrY_WkWen7M6YNNf7wSUoLes95vJxk_Cryl_jlIjckfgcqD-B31sZUPBYSJ1ze6t-6SDdLMMTHtefsfrKqibKEklcu-UxOuIMRSHTYN_veFo0BHa6bjHMrG-wjqIi3bEJbNZjBgPRvtFhPO7WiGPpX_oZigNua7vjdRTqp_vsS-1F15e1DV2s4nDjeRrpBcFWz_V1vMEHgiqDLAvdhyqC1Z8U-RpD3eA5eoYAq2x2QvjXoNAEqVv7YclhDe_-zkDJkv15A80Soikdz49wvUcYWj9GDXjYN3aArkfJZJcw43LnqKPC4DzkFz2M6O0-wgtgTG2eThdgSQIRbZZgMJgEK9ULfs2M58gOxJtENkFqS8vAZ1uTjXID3cE1F1u3YjZR4M8ytvGJcu5ufFyPcbavSEqdYMV20R_r4VifZHRgBUvUhoIEL8kAgzd47T3lJxT7sPNcwQ06DcsBYbRv_nPv3qdTWG5V1iZrnNUUQbQrvP6LjOWXSJOFiDXHCWlOUAruXPF7kXfDaA8TvOYXd8tSVPW6MhSkaC1vEwYcu8b2_g1DMmsFCXvYv3_FGqwkh7eIaLYFaPu8YmTFtXVsP2WjlGI6Lc_UgH80TRwMrsJ3ZG_Vy8dWnFxkeio0YeHVe5R9j035HdBPNLb8MKZw9VVZXntdVbtNvAkyesMNSJR6YnQG1wMykStCS9u4rGEwtQNX3r_JroEH4j64pq2MjYTwiHCk_sWNIIvfQ5JV5__1yjd=w887-h665-no\" width=\"887\" height=\"665\" \/><\/p>\n<p>Algunas vistas desde la cima<\/p>\n<p><img loading=\"lazy\" decoding=\"async\" class=\"size-full aligncenter\" src=\"https:\/\/lh3.googleusercontent.com\/mWtH-7wHStmAb5Ysd89VJ9Cv5ctUwhUgslEQBoRkywYFT2v-NT1JcgpCHzTPhdLykvMGs44qn7I7XNv3rGxRvZNbgSutY-gLWr7HsmVLVn-9dallCC4ttSU9lISy37_adkghrx95UHfpQLtfNc5wcEN5TxNyxAtefTuuC6eeLP1WCYVuXhy_zW3MZY5sEoe7ChcyRLr8fo1I5kn7M78FADPLHL4M1pX4t12dd54b8-ta0W_qLMlnQU-Ac_Dh-nn0CJx-HPLxlGOzo-0US56pJDEF07TW3KZVafTJ5qak6LXXsui9W-YD_a4odBN7xBCohFhaFCdRtmaeWTHignmpKPni4JagzlcSfk6orgJpr4E_MMSwfgOQxiOVkZorkvHqPRGWOxfofeOcOiPMW1a53A3jZfZPu_1a-4qFxZbIy12mLRcXm8NsjymK4VLq8SFgTm-9mHJNChAX3El_40h-NYSBEMk7jpjQds_Jeqm7ehxPBzxv2LgyGAoyXo8khMk_dtQpPqUrZ-1vmcXrnrG-3E5yoxRoFrYC_TZw67na9zfu7LfOmKvoSu6fHTBzBGLd1Hzp4_mH22625nxxRtZ23ehOA_SBQ4M7V6_pffCZIAPf5iwex4qVr3mdkYk6O9vBY_ged3HJIJ1YgSHO7ljvneK0JtGQMnA2cvydfi3UgBbWNiUGNYRxLwykQIHhiFiEqU36E1arL2ILwdIBr2to-gvOEbTsnvd3wipNXQeCAXApD6Rh=w1024-h576-no\" width=\"1024\" height=\"576\" \/><\/p>\n<p><img loading=\"lazy\" decoding=\"async\" class=\"size-full aligncenter\" src=\"https:\/\/lh3.googleusercontent.com\/JiG544eMPWbKkBmcsBA1fOLNegOaOVSGqdh9BJm4v8mmARfLYW_R5mCKpO7ip96ChYNtxyIcBiUbg9X90Et-FRdWy9mqmY0pdDabZAr8Vq2MpguN009XME6EDamWdFWlZjeR_gs-5Kn2PynPiM08QDbwU2kb5PQ5J6-K6NoLxySnL7Rcn9NCIzNrQMg9wP3ZKXQy14GSK1QEWUfkKcKX2z2H5PxUsUqb4wi_44ExlRMGn0vr2AdMT25eyiMjChy0hIonkK9ynAOfQDkyh7P72z4BYrjUNZjGOiNmj2a8nos_2qbKHHVIwMFc46JkLYgcAb0VdY4DwN8ctBrxmVkHlOaIVVz3u6opPuO2AecZYNVRNidh1PuLEYdpoSzypbBB9UcqM6pfJE2sqYF-2CksYpzIzVJhWuJ8UhjbYpIekHlPYIDrLrTm0MferUmZR4N2rWJUkkXWBCi-BNl67VqYimnE2MBaQQP2KyvJV4t5kcZKXkjPf7bqpFVi8mWnvP6Jm1LVIdgJk-URfiCoixvF857pcQbwJR2g7EWkA4eqq0fzTu4JRcNzE9d22iC4SHXjXJ0KLQTC9FXmM7sXajmIe-Y6d_wwH85YfRNUTwQ44TMGFdPsvBjCyCW8LB5qA0O-h0rHa4KbpX91WCqyqoXUaz4Kh5cr9NZ1EpjUpLEu5MkXZTJdzp4yuVbrkwJnXLkDf0MOfJkNy25muVRyEJ7Y2xRUBjh2GRQSNGb2uKy71ubwJAl7=w1024-h576-no\" width=\"1024\" height=\"576\" \/><\/p>\n<p><img loading=\"lazy\" decoding=\"async\" class=\"size-full aligncenter\" src=\"https:\/\/lh3.googleusercontent.com\/tq3urg11IZ6e65Wl68AQrMaPjxmeAc4CPqs62olf17ChcT_0jJMnPiBfFYAsPzi19J946pNVBRj93lhS0vmfkJwCtMd-DdwphkOqRqp4c2kHSUwYet4zRre8Mi6SzoKnnKeiKNTqHHOkX0yvAvSYJ248QTcB7MOL3BaC2KeE1-D0kVilmWZr3onETCK5oQJYMbrqMHIvjmmqG8znBgaEYMV0rO01qcYG4NS7n_nq22rprniWbyEuTjwVX-SWJakPw5rmbd7vH4UNMqlM1UQFtKNriAqIVQejGar5GtjoR9NHOEf3tFcxeqDbablgO1Wqx_-heV-dVPbWw3r1W7Y2ibk91qCQcrHWr_mQHn8l6U_SRbQnW--24k4sYLFeJLADYzVDSQ-sDEpt2s0cgovE_Sy_WixkoItx9PMjehbW2cilbWZNfdbo68BbNXsM3wj-CYxm2s1GUgZDQjL-ZIrvRgPzuNpyBg8xL2KW8hf-B9Fq2YN5ADeIOlNwSWyK4ttRpPnt-agnkhHB0ORp0TxPjMlZyMGh3Vv1TGzg0ItjPdQUg-nME0fgT1JleWSbFKkYV34S8BSRiquBLKnHpftUyrNNKsR43vboNQxvQJ1b6A7mySbB7XcRaBrZocOXUdHJ_HTMBnfcQLGIJKXoBkvV2hE8TA6gv6F_VGZv48py-rBwx5Z1SyhdOd85TMU2r7R9-izgyoDwxJlP6wyByFWitMRFN65tWPp2EZD_BCDzHzhbKhFj=w1024-h576-no\" width=\"1024\" height=\"576\" \/><\/p>\n<p>Aparte de la cruz que hemos visto antes, en la cima hay la casi habitual pila de piedras.<\/p>\n<p><img loading=\"lazy\" decoding=\"async\" class=\"size-full aligncenter\" src=\"https:\/\/lh3.googleusercontent.com\/CsuZiZjx7eltOesKZqRuQenzL0WG6PCUAJWhZtQNZg7Q_S-C7jyXfSFxVND3TRcdbFi7uqS2dqOyNFOQ7_A6CQIfS9wPsHYax5_AL3JL8SLG_D90v4Eu5SSUh3H3QeXN-G17ujBZTl4WWf_deCU51d5NfTL9MVuBH5i2f_tUqk3mjGy1r8ooeSyuRY5i3klfmXZx0wM3K-MYu4i8PyGzq0xE6Q7TpYfg1D3CSwBcY3THR-WH_gihnJasfQEGYNL63uExl9sgxr0S_Fyiq6a8Ko2uQJqyvOkKcDZ0A_kEZ3bbO3Axk_54PP5UWfvCupKX_xaNUVahZAkeHwNSqiurv_-J2jwtuFI5xdQ7-_VpOhN05l0ZXogLc54qOdZ6dA71BCWAQLEwoMvxndcH48S9Tc3vmO4gSAXFMS-U7iqg8JZ1hGlv2T20L4QjpslMx8eVjaVrIfQDiJ59ZP2BU4Amcg3IqTte5ct1Em53P7JR0ShI94ES6rPUeo5NgrJQDRUv_xa6n89juN-GCEMi-8Ffxy2anQhasT5B1Y3iE_QV_B2Lj_0sHkBcFo8WeaFinfuw0P0VNfU98b2FyFo-3H2xTx8KkJgRsA9R8QoTJZAv2Xlx_XVZr5CBgH83VSAdhdqQZTxiMdC3v99o77WvmQ3JlK_UI4opQ25pMXJwM9VAgBwyer-BKe-TTmnAo8GdGUh2FmWAS43ZSCCOVrsR_4cbbj-ixdjCoKSNe3QV4H91GOXty3_K=w1024-h576-no\" width=\"1024\" height=\"576\" \/><\/p>\n<p style=\"text-align: justify;\">Despu\u00e9s de comer algo, empezamos a bajar para volver al punto de partida.<br \/>\nA lo lejos, vemos la cima del Ginevre, donde hemos estado antes, y a donde nos dirigimos de nuevo ahora, aunque para volver, no subiremos arriba del todo.<\/p>\n<p><img loading=\"lazy\" decoding=\"async\" class=\"size-full aligncenter\" src=\"https:\/\/lh3.googleusercontent.com\/lk-Odlcx9nAdBc2bEMShjpbpLp5JdmgCzOBY8fQhqcK2ACPmnX1RelrO8fFwfczXu_E-lSE_6SseBRHQB7-cFkCZL3ZU0331AABv8io-P084FWbufSb_zlDFvdWQsQiyJpfj10NSKqrUqO9IVu_yoDDwhxM45Pguvd55wWon9_kb8MHDvMIY6BPYZuwyeooqnafNrCWhGYCGzDr4ZWRnalSzxLcbpxa3W_fDTW-DQIw-9TW491_i2l10uAzCzLyetxr_QCJkBgvW4zSzsIGQjfMUpyII0YZGvHPSqjIgUJ1Bvrn5FAF-iTC_MDJjRtcNsPDn5zj3KRhlYyJXbfLJLEjg9JcIYzSjTaY5il5Kft14VAhpadvcjh47ZUmBcViUig3_Cwh6v4AbukX45WnZaMTtQUszIJqOOjeWuEKuwH3l0mOkeR45yHJlxfPYIcpf65uQ9VnJpoHBaEsanVJlAYRCrpDZ5t5LcQ3tKZF7zuIeYGkX2q2P1NBGGs-1dD3oEpsr7jUgI8VRtioktMrjqtjfiinqxc8PersPGIPcYKaofeXU1lNu9TLDSzC0o9LPaDrhPZ5o9GDEZyIWtwpIQk7YKoy393iotNPkvooAKZnS4ML1aVnQxlmGACJw9vcSlyMgfd0NvqH_v10MI3KV4D1GclcJXzoZY2peHPqQ8zuhaKms7CQAjcUFO0wceIi3t_JBrkUB0Nu9OoxserA_YBflkXOBVZiQBpGzftqKpSDiwGLm=w1024-h576-no\" width=\"1024\" height=\"576\" \/><\/p>\n<p>&nbsp;<\/p>\n<p>Bajando del Ginevre en direcci\u00f3n al coche.<\/p>\n<p><img loading=\"lazy\" decoding=\"async\" class=\"size-full aligncenter\" src=\"https:\/\/lh3.googleusercontent.com\/bIlddcQm8GNi3vVcVcny-LhLijHInmWIYvVAVFgCx4T9DoEE3eaBHQloDdg2BINzp1V6a5xuMr9ALYhwDyyl0b4cJ0riAGcI3VRx8vTPNGzuAH-tyx0gAumnqd8E9Ts2a_4sQ99E4A4t9v9MTGMpZDKSNBy6c_x_gyUmauy-c14xN_Czl9Kv4mAYboiM2PElUU70UPn0SdmQVBIdQTw6f8IJzfx3r8fzAEGkwQGeVaJjqYXNaSS7KyC4b7XJnsYBGqCpNJrM4szp21PuOW7577uylDPBySrKTo_rstHXLDfNAtOnGMC-coDYxSjeUQ83axLB21jU9H-xHqqtE_wrOiC9NeTpXHMS98i8u9eN46Q1HwTBHp--ZsnlHoXXvDRuMCLz3b0JzmsqwNlGHq6_z6kLWPq8TvPHdsj88kSKa_VXO6XBQFAh5NlLco9PPN6ZP5_vZz5kx2f2Dv_4-5thrxFIGVcDRRWq0SyrZHywi1oy3u9Tpx_SAmLS-mF3hg-Qm17UlnwT4SAwZ7POl4L8XYZVJOvH363lp27yxYZoNzZ-TpWBALDUY8VOEgkaFooXzdR8cjpvCA1Uxmx-C26b9e8kLWJPV7L6HBW28xEhatLR8YpQQ2cmbWuvlIitMYbqrHN0GoSXg3x6W6GfFyMIFqKF1rHpWFCaIFniT8U3LH6jya0HiSmJoWfjYQtpGizQ4A_Q6OQFvOCA5VMVZvfDo75edepUqtaXCghL_xZaMKr3UtbD=w1024-h576-no\" width=\"1024\" height=\"576\" \/><\/p>\n<hr \/>\n<p>&nbsp;<\/p>\n<h3><strong>Track de la ruta<\/strong><\/h3>\n<p>[sgpx gpx=\u00bb\/wp-content\/uploads\/gpx\/PicGinevre-PlaBernat.gpx\u00bb]<\/p>\n<p>&nbsp;<\/p>\n<hr \/>\n<h3><strong>Track del acceso en coche<\/strong><\/h3>\n<p>[sgpx gpx=\u00bb\/wp-content\/uploads\/gpx\/PicGinevre-AccesoCoche.gpx\u00bb]<\/p>\n<hr \/>\n<p>&nbsp;<\/p>\n<p style=\"text-align: justify;\"><span style=\"color: #ff0000; background-color: #ffffff; font-size: 14pt;\"><strong>Si te ha gustado, comp\u00e1rtelo en tu red favorita o env\u00edanos tu comentario.<br \/>\n<\/strong><\/span><\/p>\n<p style=\"text-align: justify;\"><span style=\"font-size: 14pt;\"><strong><span style=\"color: #ff0000;\">Muchas gracias !<\/span><\/strong><\/span><\/p>\n<hr \/>\n<p style=\"text-align: justify;\"><strong><span style=\"color: #008000;\">Suscribete si quieres recibir un mail cuando publiquemos nuevas rutas : no enviamos publicidad y como m\u00e1ximo enviamos 2 mails al mes<\/span><\/strong><\/p>\n<p style=\"text-align: center;\"><a href=\"https:\/\/mailchi.mp\/6989c83a3e24\/wmv06rtqcz\/\" target=\"_blank\" rel=\"noopener noreferrer\"><strong><span style=\"color: #0000ff;\">Pulsa aqu\u00ed para suscribirte<\/span><\/strong><\/a><\/p>\n<hr \/>\n<p style=\"text-align: justify;\">\u00a0<\/p>\n<h3 style=\"text-align: justify;\">Puedes imprimir esta publicaci\u00f3n o guardarla en diferentes formatos :<\/h3>\n<p style=\"text-align: justify;\"><span style=\"color: #ff0000; font-size: 14pt;\">Para facilitar la impresi\u00f3n, se ha reducido considerablemente el tama\u00f1o de las fotos, pero si deseas imprimir sin fotos, aconsejamos guardarlo como \u201cdoc\u201d, y antes de imprimirlo, eliminar las fotos<\/span><\/p>\n<p>&nbsp;<\/p>\n<hr \/>\n<p>&nbsp;<\/p>\n<h3><strong>Wikiloc<\/strong><\/h3>\n<p><a href=\"https:\/\/es.wikiloc.com\/rutas-senderismo\/pics-de-ginevre-y-pla-bernat-40502016#morePhotos\" target=\"_blank\" rel=\"noopener noreferrer\"><img loading=\"lazy\" decoding=\"async\" class=\"size-full wp-image-958 aligncenter\" src=\"https:\/\/www.carlosyconchita.net\/rutas\/wp-content\/uploads\/2020\/09\/wikiloc.jpg\" alt=\"\" width=\"117\" height=\"34\" \/><\/a><\/p>\n<hr \/>\n<p>&nbsp;<\/p>\n","protected":false},"excerpt":{"rendered":"<p>Para empezar la caminata de hoy, nos dirigimos a la estaci\u00f3n de esqu\u00ed de Puyvalador, que est\u00e1 cerrada hace varios a\u00f1os. Anteriormente, el dia\u00a0 02-03-2019-Puyvalador (raquetas)\u00a0 hab\u00edamos estado all\u00ed, aunque desde luego no llegamos al Pic de Ginevre , y esta vez, sin raquetas no hemos tenido ningun problema en hacerlo, llegando adem\u00e1s a otro [&hellip;]<\/p>\n","protected":false},"author":50,"featured_media":13235,"comment_status":"open","ping_status":"open","sticky":false,"template":"","format":"standard","meta":{"footnotes":""},"categories":[106,11,23,7],"tags":[],"class_list":{"0":"post-13234","1":"post","2":"type-post","3":"status-publish","4":"format-standard","5":"has-post-thumbnail","6":"hentry","7":"category-nuestros-100-cims","8":"category-moderada","9":"category-de-10-a-15-km","10":"category-formigueres","12":"post-with-thumbnail","13":"post-with-thumbnail-icon"},"yoast_head":"<!-- This site is optimized with the Yoast SEO plugin v27.4 - https:\/\/yoast.com\/product\/yoast-seo-wordpress\/ -->\n<title>25-08-2019-Pics de Ginevre y Pla Bernat -<\/title>\n<meta name=\"robots\" content=\"index, follow, max-snippet:-1, max-image-preview:large, max-video-preview:-1\" \/>\n<link rel=\"canonical\" href=\"https:\/\/www.carlosyconchita.net\/rutas\/25-08-2019-pics-de-ginevre-y-pla-bernat\/\" \/>\n<meta property=\"og:locale\" content=\"es_ES\" \/>\n<meta property=\"og:type\" content=\"article\" \/>\n<meta property=\"og:title\" content=\"25-08-2019-Pics de Ginevre y Pla Bernat -\" \/>\n<meta property=\"og:description\" content=\"Para empezar la caminata de hoy, nos dirigimos a la estaci\u00f3n de esqu\u00ed de Puyvalador, que est\u00e1 cerrada hace varios a\u00f1os. Anteriormente, el dia\u00a0 02-03-2019-Puyvalador (raquetas)\u00a0 hab\u00edamos estado all\u00ed, aunque desde luego no llegamos al Pic de Ginevre , y esta vez, sin raquetas no hemos tenido ningun problema en hacerlo, llegando adem\u00e1s a otro [&hellip;]\" \/>\n<meta property=\"og:url\" content=\"https:\/\/www.carlosyconchita.net\/rutas\/25-08-2019-pics-de-ginevre-y-pla-bernat\/\" \/>\n<meta property=\"og:site_name\" content=\"Las rutas de Carlos y Conchita\" \/>\n<meta property=\"article:published_time\" content=\"2019-08-25T19:17:25+00:00\" \/>\n<meta property=\"article:modified_time\" content=\"2021-02-27T19:01:08+00:00\" \/>\n<meta property=\"og:image\" content=\"https:\/\/www.carlosyconchita.net\/rutas\/wp-content\/uploads\/2019\/09\/Ginevre-00053a.jpg\" \/>\n\t<meta property=\"og:image:width\" content=\"1019\" \/>\n\t<meta property=\"og:image:height\" content=\"764\" \/>\n\t<meta property=\"og:image:type\" content=\"image\/jpeg\" \/>\n<meta name=\"author\" content=\"Carlos Conchita\" \/>\n<meta name=\"twitter:label1\" content=\"Escrito por\" \/>\n\t<meta name=\"twitter:data1\" content=\"Carlos Conchita\" \/>\n\t<meta name=\"twitter:label2\" content=\"Tiempo de lectura\" \/>\n\t<meta name=\"twitter:data2\" content=\"4 minutos\" \/>\n<script type=\"application\/ld+json\" class=\"yoast-schema-graph\">{\"@context\":\"https:\\\/\\\/schema.org\",\"@graph\":[{\"@type\":\"Article\",\"@id\":\"https:\\\/\\\/www.carlosyconchita.net\\\/rutas\\\/25-08-2019-pics-de-ginevre-y-pla-bernat\\\/#article\",\"isPartOf\":{\"@id\":\"https:\\\/\\\/www.carlosyconchita.net\\\/rutas\\\/25-08-2019-pics-de-ginevre-y-pla-bernat\\\/\"},\"author\":{\"name\":\"Carlos Conchita\",\"@id\":\"https:\\\/\\\/www.carlosyconchita.net\\\/rutas\\\/#\\\/schema\\\/person\\\/a9691f7258c28443fab2d3aa1479ea19\"},\"headline\":\"25-08-2019-Pics de Ginevre y Pla Bernat\",\"datePublished\":\"2019-08-25T19:17:25+00:00\",\"dateModified\":\"2021-02-27T19:01:08+00:00\",\"mainEntityOfPage\":{\"@id\":\"https:\\\/\\\/www.carlosyconchita.net\\\/rutas\\\/25-08-2019-pics-de-ginevre-y-pla-bernat\\\/\"},\"wordCount\":740,\"commentCount\":0,\"image\":{\"@id\":\"https:\\\/\\\/www.carlosyconchita.net\\\/rutas\\\/25-08-2019-pics-de-ginevre-y-pla-bernat\\\/#primaryimage\"},\"thumbnailUrl\":\"https:\\\/\\\/www.carlosyconchita.net\\\/rutas\\\/wp-content\\\/uploads\\\/2019\\\/09\\\/Ginevre-00053a.jpg\",\"articleSection\":[\"100 Cims Carlos y Conchita\",\"2-Moderada\",\"3 - De 10 a 15 km.\",\"Formigueres \\\/ Puyvalador\"],\"inLanguage\":\"es\",\"potentialAction\":[{\"@type\":\"CommentAction\",\"name\":\"Comment\",\"target\":[\"https:\\\/\\\/www.carlosyconchita.net\\\/rutas\\\/25-08-2019-pics-de-ginevre-y-pla-bernat\\\/#respond\"]}]},{\"@type\":\"WebPage\",\"@id\":\"https:\\\/\\\/www.carlosyconchita.net\\\/rutas\\\/25-08-2019-pics-de-ginevre-y-pla-bernat\\\/\",\"url\":\"https:\\\/\\\/www.carlosyconchita.net\\\/rutas\\\/25-08-2019-pics-de-ginevre-y-pla-bernat\\\/\",\"name\":\"25-08-2019-Pics de Ginevre y Pla Bernat -\",\"isPartOf\":{\"@id\":\"https:\\\/\\\/www.carlosyconchita.net\\\/rutas\\\/#website\"},\"primaryImageOfPage\":{\"@id\":\"https:\\\/\\\/www.carlosyconchita.net\\\/rutas\\\/25-08-2019-pics-de-ginevre-y-pla-bernat\\\/#primaryimage\"},\"image\":{\"@id\":\"https:\\\/\\\/www.carlosyconchita.net\\\/rutas\\\/25-08-2019-pics-de-ginevre-y-pla-bernat\\\/#primaryimage\"},\"thumbnailUrl\":\"https:\\\/\\\/www.carlosyconchita.net\\\/rutas\\\/wp-content\\\/uploads\\\/2019\\\/09\\\/Ginevre-00053a.jpg\",\"datePublished\":\"2019-08-25T19:17:25+00:00\",\"dateModified\":\"2021-02-27T19:01:08+00:00\",\"author\":{\"@id\":\"https:\\\/\\\/www.carlosyconchita.net\\\/rutas\\\/#\\\/schema\\\/person\\\/a9691f7258c28443fab2d3aa1479ea19\"},\"breadcrumb\":{\"@id\":\"https:\\\/\\\/www.carlosyconchita.net\\\/rutas\\\/25-08-2019-pics-de-ginevre-y-pla-bernat\\\/#breadcrumb\"},\"inLanguage\":\"es\",\"potentialAction\":[{\"@type\":\"ReadAction\",\"target\":[\"https:\\\/\\\/www.carlosyconchita.net\\\/rutas\\\/25-08-2019-pics-de-ginevre-y-pla-bernat\\\/\"]}]},{\"@type\":\"ImageObject\",\"inLanguage\":\"es\",\"@id\":\"https:\\\/\\\/www.carlosyconchita.net\\\/rutas\\\/25-08-2019-pics-de-ginevre-y-pla-bernat\\\/#primaryimage\",\"url\":\"https:\\\/\\\/www.carlosyconchita.net\\\/rutas\\\/wp-content\\\/uploads\\\/2019\\\/09\\\/Ginevre-00053a.jpg\",\"contentUrl\":\"https:\\\/\\\/www.carlosyconchita.net\\\/rutas\\\/wp-content\\\/uploads\\\/2019\\\/09\\\/Ginevre-00053a.jpg\",\"width\":1019,\"height\":764},{\"@type\":\"BreadcrumbList\",\"@id\":\"https:\\\/\\\/www.carlosyconchita.net\\\/rutas\\\/25-08-2019-pics-de-ginevre-y-pla-bernat\\\/#breadcrumb\",\"itemListElement\":[{\"@type\":\"ListItem\",\"position\":1,\"name\":\"Portada\",\"item\":\"https:\\\/\\\/www.carlosyconchita.net\\\/rutas\\\/\"},{\"@type\":\"ListItem\",\"position\":2,\"name\":\"25-08-2019-Pics de Ginevre y Pla Bernat\"}]},{\"@type\":\"WebSite\",\"@id\":\"https:\\\/\\\/www.carlosyconchita.net\\\/rutas\\\/#website\",\"url\":\"https:\\\/\\\/www.carlosyconchita.net\\\/rutas\\\/\",\"name\":\"Las rutas de Carlos y Conchita\",\"description\":\"\",\"potentialAction\":[{\"@type\":\"SearchAction\",\"target\":{\"@type\":\"EntryPoint\",\"urlTemplate\":\"https:\\\/\\\/www.carlosyconchita.net\\\/rutas\\\/?s={search_term_string}\"},\"query-input\":{\"@type\":\"PropertyValueSpecification\",\"valueRequired\":true,\"valueName\":\"search_term_string\"}}],\"inLanguage\":\"es\"},{\"@type\":\"Person\",\"@id\":\"https:\\\/\\\/www.carlosyconchita.net\\\/rutas\\\/#\\\/schema\\\/person\\\/a9691f7258c28443fab2d3aa1479ea19\",\"name\":\"Carlos Conchita\",\"image\":{\"@type\":\"ImageObject\",\"inLanguage\":\"es\",\"@id\":\"https:\\\/\\\/secure.gravatar.com\\\/avatar\\\/3a4625b20c8da3de99da69bfe7a322774e291c3f90dce7e8778a30fe6748ed1a?s=96&d=mm&r=g\",\"url\":\"https:\\\/\\\/secure.gravatar.com\\\/avatar\\\/3a4625b20c8da3de99da69bfe7a322774e291c3f90dce7e8778a30fe6748ed1a?s=96&d=mm&r=g\",\"contentUrl\":\"https:\\\/\\\/secure.gravatar.com\\\/avatar\\\/3a4625b20c8da3de99da69bfe7a322774e291c3f90dce7e8778a30fe6748ed1a?s=96&d=mm&r=g\",\"caption\":\"Carlos Conchita\"}}]}<\/script>\n<!-- \/ Yoast SEO plugin. -->","yoast_head_json":{"title":"25-08-2019-Pics de Ginevre y Pla Bernat -","robots":{"index":"index","follow":"follow","max-snippet":"max-snippet:-1","max-image-preview":"max-image-preview:large","max-video-preview":"max-video-preview:-1"},"canonical":"https:\/\/www.carlosyconchita.net\/rutas\/25-08-2019-pics-de-ginevre-y-pla-bernat\/","og_locale":"es_ES","og_type":"article","og_title":"25-08-2019-Pics de Ginevre y Pla Bernat -","og_description":"Para empezar la caminata de hoy, nos dirigimos a la estaci\u00f3n de esqu\u00ed de Puyvalador, que est\u00e1 cerrada hace varios a\u00f1os. Anteriormente, el dia\u00a0 02-03-2019-Puyvalador (raquetas)\u00a0 hab\u00edamos estado all\u00ed, aunque desde luego no llegamos al Pic de Ginevre , y esta vez, sin raquetas no hemos tenido ningun problema en hacerlo, llegando adem\u00e1s a otro [&hellip;]","og_url":"https:\/\/www.carlosyconchita.net\/rutas\/25-08-2019-pics-de-ginevre-y-pla-bernat\/","og_site_name":"Las rutas de Carlos y Conchita","article_published_time":"2019-08-25T19:17:25+00:00","article_modified_time":"2021-02-27T19:01:08+00:00","og_image":[{"width":1019,"height":764,"url":"https:\/\/www.carlosyconchita.net\/rutas\/wp-content\/uploads\/2019\/09\/Ginevre-00053a.jpg","type":"image\/jpeg"}],"author":"Carlos Conchita","twitter_misc":{"Escrito por":"Carlos Conchita","Tiempo de lectura":"4 minutos"},"schema":{"@context":"https:\/\/schema.org","@graph":[{"@type":"Article","@id":"https:\/\/www.carlosyconchita.net\/rutas\/25-08-2019-pics-de-ginevre-y-pla-bernat\/#article","isPartOf":{"@id":"https:\/\/www.carlosyconchita.net\/rutas\/25-08-2019-pics-de-ginevre-y-pla-bernat\/"},"author":{"name":"Carlos Conchita","@id":"https:\/\/www.carlosyconchita.net\/rutas\/#\/schema\/person\/a9691f7258c28443fab2d3aa1479ea19"},"headline":"25-08-2019-Pics de Ginevre y Pla Bernat","datePublished":"2019-08-25T19:17:25+00:00","dateModified":"2021-02-27T19:01:08+00:00","mainEntityOfPage":{"@id":"https:\/\/www.carlosyconchita.net\/rutas\/25-08-2019-pics-de-ginevre-y-pla-bernat\/"},"wordCount":740,"commentCount":0,"image":{"@id":"https:\/\/www.carlosyconchita.net\/rutas\/25-08-2019-pics-de-ginevre-y-pla-bernat\/#primaryimage"},"thumbnailUrl":"https:\/\/www.carlosyconchita.net\/rutas\/wp-content\/uploads\/2019\/09\/Ginevre-00053a.jpg","articleSection":["100 Cims Carlos y Conchita","2-Moderada","3 - De 10 a 15 km.","Formigueres \/ Puyvalador"],"inLanguage":"es","potentialAction":[{"@type":"CommentAction","name":"Comment","target":["https:\/\/www.carlosyconchita.net\/rutas\/25-08-2019-pics-de-ginevre-y-pla-bernat\/#respond"]}]},{"@type":"WebPage","@id":"https:\/\/www.carlosyconchita.net\/rutas\/25-08-2019-pics-de-ginevre-y-pla-bernat\/","url":"https:\/\/www.carlosyconchita.net\/rutas\/25-08-2019-pics-de-ginevre-y-pla-bernat\/","name":"25-08-2019-Pics de Ginevre y Pla Bernat -","isPartOf":{"@id":"https:\/\/www.carlosyconchita.net\/rutas\/#website"},"primaryImageOfPage":{"@id":"https:\/\/www.carlosyconchita.net\/rutas\/25-08-2019-pics-de-ginevre-y-pla-bernat\/#primaryimage"},"image":{"@id":"https:\/\/www.carlosyconchita.net\/rutas\/25-08-2019-pics-de-ginevre-y-pla-bernat\/#primaryimage"},"thumbnailUrl":"https:\/\/www.carlosyconchita.net\/rutas\/wp-content\/uploads\/2019\/09\/Ginevre-00053a.jpg","datePublished":"2019-08-25T19:17:25+00:00","dateModified":"2021-02-27T19:01:08+00:00","author":{"@id":"https:\/\/www.carlosyconchita.net\/rutas\/#\/schema\/person\/a9691f7258c28443fab2d3aa1479ea19"},"breadcrumb":{"@id":"https:\/\/www.carlosyconchita.net\/rutas\/25-08-2019-pics-de-ginevre-y-pla-bernat\/#breadcrumb"},"inLanguage":"es","potentialAction":[{"@type":"ReadAction","target":["https:\/\/www.carlosyconchita.net\/rutas\/25-08-2019-pics-de-ginevre-y-pla-bernat\/"]}]},{"@type":"ImageObject","inLanguage":"es","@id":"https:\/\/www.carlosyconchita.net\/rutas\/25-08-2019-pics-de-ginevre-y-pla-bernat\/#primaryimage","url":"https:\/\/www.carlosyconchita.net\/rutas\/wp-content\/uploads\/2019\/09\/Ginevre-00053a.jpg","contentUrl":"https:\/\/www.carlosyconchita.net\/rutas\/wp-content\/uploads\/2019\/09\/Ginevre-00053a.jpg","width":1019,"height":764},{"@type":"BreadcrumbList","@id":"https:\/\/www.carlosyconchita.net\/rutas\/25-08-2019-pics-de-ginevre-y-pla-bernat\/#breadcrumb","itemListElement":[{"@type":"ListItem","position":1,"name":"Portada","item":"https:\/\/www.carlosyconchita.net\/rutas\/"},{"@type":"ListItem","position":2,"name":"25-08-2019-Pics de Ginevre y Pla Bernat"}]},{"@type":"WebSite","@id":"https:\/\/www.carlosyconchita.net\/rutas\/#website","url":"https:\/\/www.carlosyconchita.net\/rutas\/","name":"Las rutas de Carlos y Conchita","description":"","potentialAction":[{"@type":"SearchAction","target":{"@type":"EntryPoint","urlTemplate":"https:\/\/www.carlosyconchita.net\/rutas\/?s={search_term_string}"},"query-input":{"@type":"PropertyValueSpecification","valueRequired":true,"valueName":"search_term_string"}}],"inLanguage":"es"},{"@type":"Person","@id":"https:\/\/www.carlosyconchita.net\/rutas\/#\/schema\/person\/a9691f7258c28443fab2d3aa1479ea19","name":"Carlos Conchita","image":{"@type":"ImageObject","inLanguage":"es","@id":"https:\/\/secure.gravatar.com\/avatar\/3a4625b20c8da3de99da69bfe7a322774e291c3f90dce7e8778a30fe6748ed1a?s=96&d=mm&r=g","url":"https:\/\/secure.gravatar.com\/avatar\/3a4625b20c8da3de99da69bfe7a322774e291c3f90dce7e8778a30fe6748ed1a?s=96&d=mm&r=g","contentUrl":"https:\/\/secure.gravatar.com\/avatar\/3a4625b20c8da3de99da69bfe7a322774e291c3f90dce7e8778a30fe6748ed1a?s=96&d=mm&r=g","caption":"Carlos Conchita"}}]}},"_links":{"self":[{"href":"https:\/\/www.carlosyconchita.net\/rutas\/wp-json\/wp\/v2\/posts\/13234","targetHints":{"allow":["GET"]}}],"collection":[{"href":"https:\/\/www.carlosyconchita.net\/rutas\/wp-json\/wp\/v2\/posts"}],"about":[{"href":"https:\/\/www.carlosyconchita.net\/rutas\/wp-json\/wp\/v2\/types\/post"}],"author":[{"embeddable":true,"href":"https:\/\/www.carlosyconchita.net\/rutas\/wp-json\/wp\/v2\/users\/50"}],"replies":[{"embeddable":true,"href":"https:\/\/www.carlosyconchita.net\/rutas\/wp-json\/wp\/v2\/comments?post=13234"}],"version-history":[{"count":0,"href":"https:\/\/www.carlosyconchita.net\/rutas\/wp-json\/wp\/v2\/posts\/13234\/revisions"}],"wp:featuredmedia":[{"embeddable":true,"href":"https:\/\/www.carlosyconchita.net\/rutas\/wp-json\/wp\/v2\/media\/13235"}],"wp:attachment":[{"href":"https:\/\/www.carlosyconchita.net\/rutas\/wp-json\/wp\/v2\/media?parent=13234"}],"wp:term":[{"taxonomy":"category","embeddable":true,"href":"https:\/\/www.carlosyconchita.net\/rutas\/wp-json\/wp\/v2\/categories?post=13234"},{"taxonomy":"post_tag","embeddable":true,"href":"https:\/\/www.carlosyconchita.net\/rutas\/wp-json\/wp\/v2\/tags?post=13234"}],"curies":[{"name":"wp","href":"https:\/\/api.w.org\/{rel}","templated":true}]}}