{"id":13263,"date":"2019-09-22T20:41:19","date_gmt":"2019-09-22T19:41:19","guid":{"rendered":"https:\/\/www.carlosyconchita.net\/rutas\/?p=13263"},"modified":"2022-03-13T17:42:47","modified_gmt":"2022-03-13T16:42:47","slug":"22-09-2019-borna-436-guils","status":"publish","type":"post","link":"https:\/\/www.carlosyconchita.net\/rutas\/22-09-2019-borna-436-guils\/","title":{"rendered":"22-09-2019-Borna 436 (Guils)"},"content":{"rendered":"<p>Hoy volvemos a la borna o moj\u00f3n fronterizo 436, en donde ya hab\u00edamos estado anteriormente, para intentar ver la cruz y el n\u00famero grabados, que debido a la erosi\u00f3n estaban practicamente desaparecidos.<\/p>\n<p>(Ver\u00a0\u00a0 <a href=\"https:\/\/www.carlosyconchita.net\/rutas\/11-11-2016-guils-bornas-frontera-443-434\/\" target=\"_blank\" rel=\"noopener noreferrer\"><strong><span style=\"color: #0000ff;\">11-11-2016 \u2013 Guils : bornas frontera 443-434<\/span><\/strong><\/a> )<\/p>\n<p>Hoy vamos directamente a esta borna, sin hacer todo el recorrido anterior, por lo que la distancia es menor, y el punto de partida es el parking de la estaci\u00f3n de esqu\u00ed de Guils-Fontanera.<\/p>\n<p style=\"text-align: justify;\">Y debido a que hoy hemos llegado con sol a este punto, y por la hora que era, lo ten\u00edamos de cara,\u00a0 hemos podido apreciar el grabado , muy deteriorado, con la cruz y el 4 ,\u00a0 grabado al rev\u00e9s, aunque en las fotos no se puede apreciar tanto.<\/p>\n<p style=\"text-align: justify;\">Tambi\u00e9n hemos de decir que sab\u00edamos exactamente donde deb\u00eda estar, ya que hab\u00edamos comparado nuestra foto realizada el 11-11-2016 con una de Eef Berns de a\u00f1os atr\u00e1s, en la que todav\u00eda se ve\u00eda el n\u00famero y la cruz , y tomando algun punto de referencia como alguna \u00abraya\u00bb o \u00abrendija\u00bb, ten\u00edamos claro donde deb\u00edamos buscar.<\/p>\n<p><strong>Foto del 11-11-2016<\/strong><\/p>\n<p>&nbsp;<\/p>\n<p><img loading=\"lazy\" decoding=\"async\" class=\"size-full aligncenter\" src=\"https:\/\/c6.staticflickr.com\/6\/5322\/30876742061_baf13a4c32_b.jpg\" width=\"1019\" height=\"764\" \/><\/p>\n<p>Observar el \u00ab4\u00bb\u00a0 grabado al rev\u00e9s.<\/p>\n<p><img loading=\"lazy\" decoding=\"async\" class=\"size-full aligncenter\" src=\"https:\/\/c2.staticflickr.com\/6\/5512\/31007075185_51700d2070_z.jpg\" width=\"512\" height=\"384\" \/><\/p>\n<p>Y estas son las fotos que hemos hecho hoy.<\/p>\n<p><img loading=\"lazy\" decoding=\"async\" class=\"size-full aligncenter\" src=\"https:\/\/lh3.googleusercontent.com\/QEg2YwOHlhx5DId2OhDSQLhbzwsCqW_kcGpxDn8RY3MOVtp1ZGfLy5NFmLZH5mkUDle-iAXFqD0gO0HjPBAmAB2aJl-7sg2W0Tv15LWs4_NqJTW8DN1h8hYogskYYzDjYI57yjlCw1SuPxg48OmGef9Rj6e6tpXfSavCVtr18tx6J8hLV64VIW1CA0fvxSGOzQrEvIBdHXh9lKXd7zfdh3TYtyFXRDYU6LGk-jp-bNLlz5UhiIo3a6hsa5PF-B2VZ8msHZdBrVOjT9809Q61HL9e_GhEaBMUYHSzp_gDqKLIcD2ACq_oVd4w1zLpuaUMo8qz7sUe8CA_hMKPfphSplYaGOLyVfcT-382ay4X-lOp8TcukesHnbCTzlGiJuFwDouZI1s3fAQj3pIef-pVWkIguT8AIC50P3t-Obfzbvg3dSX3Csw269fU3gte5g8c2lkAlxRRm5oCOqMjWWFXEqU4L0RsArtnnLDP2QXYTHyFjqo9XYn4OenysTJeQSmponiDfjL99g6cFNc3xgGNsaCCHAvAy8nGH2JqUihY2wFRkDgFWNsYYZQXMF0jt8lL_-AxpfAmzWsDZDzaa-kY62QSF--fDki1SruzPo6sPi9GuL9JmzXiv-zWPhjCAyCn8p8ZG4YgbvkPAG9YN3b5UmlDo69UgzHbNnfqkRlPB7eIA1h8O3GbrfYepqDdr-otDGtKNHSSBuNA-KiFyKI2L1BZzyrY4lL3cwT6J7LBw0-bXQm3=w1024-h576-no\" width=\"1024\" height=\"576\" \/><\/p>\n<p><img loading=\"lazy\" decoding=\"async\" class=\"size-full aligncenter\" src=\"https:\/\/lh3.googleusercontent.com\/N9yNuESPA_ZyeU86hEarneh7JCN5QNulVjPJoI9epZs1DKQ6n7GTVtzxcN_43Sa5a5_6m6DVgOVsiy8V3gQpEW_JjzGII-eSC6_-8reM4-UROENDUSmzYLRzMYED-dv9an2S6d7OV6ZNBzQjIHBnTB7cwaSnmVPQkjLbn4k1wCKB9zjOKEIDRR52NaIY_mqKoC8Kw1dTX8_lRs1ypigkmDGSEROFEEvjk9XBU0DittZumi9_OUxi6EXdrQKZSssPEICFBDSiPw8v1B-Uw-dLl1sXgHUuoJjA-8UF6CUN7Xj-gGv630DRQMMX_gHiNKw-RVuUaiOGCIxSYIOFfTxx4Fmw2js7uw0goWpxvPo9-s-xRrb8TBY3mFjQifjNSzpbj07I4x86F8zOzxECdr2VCcJrtK2qQxhk06-_wolGsMjuCfrjly23oBRQc_oBepNYQx2xZZeORtgZ1bNOZdfHoOOoUXlVuoO8wrhTtPG89snEuGKDd8Z2mDeE8AUPjcgGEK_RBvAT-cd_zQ8eNYF0S3kCiKwSinlQg_7b63Fr0HL0yh33vn7W4cMG2stR_tI29hqShuoIYOfMoQZ0FukML0WP2hjZwmU3FrOzc_AlSMbIwDUKWmD1td-1lRmDHHVs9wzJUtpG2h190-UcnA1Gfb1wI2uub9N-ItZn_douWTdbHMtKY35LNRMUZ10N6fScjy93Gv39Yc-gaYf5oNtAH4vvA2QWfwkFU_n8A4rKXxRWZIkj=w887-h665-no\" width=\"887\" height=\"665\" \/><\/p>\n<p><img loading=\"lazy\" decoding=\"async\" class=\"size-full aligncenter\" src=\"https:\/\/lh3.googleusercontent.com\/_UQ4RXPr4uWBD1ZURg0RTb7XIyrlke2_ZL32lA4RYTJEgJ01o3yT9PKXrzt9AAjTW1K07bk8nJcc-XaMugvup-gaJ1YvDVQzzlf8B5yqe9RzD87OIRTHEk0s6iMLlzK-IquxgvB0-TnOrWpt7cAk1CmuUxGD6c9Obif6Zx9kCy9suzLboDm3DTWeHeNTUU9w1_y2z450r_fVVsK54OaZCv2ENB1hOWSiHqeriJIqTuu8E-qxgMAulMEBhFdZSAXJD5NFjfS0szqEaUcxqc0pNfjaSE3kbdOCd1PxZgBpjQYSCuYrPpiGLGS53GZE36ye0yZ2iM1HD7yGRVlm_pUc-PvDFQN3wnrjO69dHXedx5oZtkn9J9c9MPJrwcQ14Fn5zzE95wBMqW6j2qL0-LKItPWRmN11pDUWvJuFCggnqGLVHWL9MsKX_j2a5QZFNxHZkMOryuXimWEPrG-K8qAoYl04MnO5Ytwpz4FSaPCQeZwPEf4mWMQDlVjd1geHb114I7J-s_F-EvyS8hXuK2yiIYJSQKFog_4FGFujrTA59J5IDSJz9c-EsJ6HuS1208A3gk5o-VqeNUS3NoT5Cj-FZbgFVkANrM0aopCSkSdN2Yya4u8TybhfF8PnRZCGONsPATvo483bjv7MAcq5paEBV8lApBJxaVc_3dsFwtW_IO_w03SlMgHnGh0z-DBu8Sxo54DpAmvElXJzsjW4pXJ5cF_MVmhxW2YfSl5sDPACBm23kRzQ=w887-h665-no\" width=\"887\" height=\"665\" \/><\/p>\n<p>&nbsp;<\/p>\n<p style=\"text-align: justify;\">Aunque \u00e9sta borna ya la hab\u00edamos \u00abvisitado\u00bb anteriormente, y sab\u00edamos exactamente donde estaba el n\u00famero y la cruz, hoy podemos decir que la hemos \u00abvisto\u00bb&#8230;aunque poco.<\/p>\n<hr \/>\n<p>&nbsp;<\/p>\n<h3><strong>Album de fotos<\/strong><\/h3>\n<p><a href=\"https:\/\/photos.app.goo.gl\/HwTRzKQJiqtzB8487\" target=\"_blank\" rel=\"noopener noreferrer\"><img loading=\"lazy\" decoding=\"async\" class=\"aligncenter wp-image-13264 size-column4-2\/3\" src=\"https:\/\/www.carlosyconchita.net\/rutas\/wp-content\/uploads\/2019\/10\/Borna-436-00036-285x190.jpg\" alt=\"\" width=\"285\" height=\"190\" srcset=\"https:\/\/www.carlosyconchita.net\/rutas\/wp-content\/uploads\/2019\/10\/Borna-436-00036-285x190.jpg 285w, https:\/\/www.carlosyconchita.net\/rutas\/wp-content\/uploads\/2019\/10\/Borna-436-00036-272x182.jpg 272w, https:\/\/www.carlosyconchita.net\/rutas\/wp-content\/uploads\/2019\/10\/Borna-436-00036-570x380.jpg 570w, https:\/\/www.carlosyconchita.net\/rutas\/wp-content\/uploads\/2019\/10\/Borna-436-00036-380x254.jpg 380w\" sizes=\"auto, (max-width: 285px) 100vw, 285px\" \/><\/a><\/p>\n<hr \/>\n<p><strong>Dificultad<\/strong> :\u00a0\u00a0 F\u00e1cil<\/p>\n<p><strong>Distancia total<\/strong> :\u00a0 \u00a0 \u00a0\u00a0 8.315\u00a0 m.<span class=\"totlen\"><span class=\"summaryvalue\"><br \/>\n<\/span><\/span><\/p>\n<p><strong>Alturas m\u00ednima \/ m\u00e1xima<\/strong> :\u00a0 \u00a0 1.889 m. \u2013\u00a0 2.232 m.<\/p>\n<p><strong>Desnivel acumulado seg\u00fan Wikiloc\u00a0 :<\/strong>\u00a0 \u00a0\u00a0 320\u00a0 m.<\/p>\n<p><strong>Tiempo total \/ en movimiento<\/strong> :\u00a0 \u00a0\u00a0 3 h. 24 m.\u00a0 \u00a0\u2013\u00a0 2 h. 18\u00a0 m<\/p>\n<p><strong>Vel. media total \/ vel.media movimiento<\/strong> :\u00a0\u00a0 3\u201953\u00a0 km.\/h. \u2014\u00a0 2\u201939\u00a0\u00a0 km.\/h<\/p>\n<hr \/>\n<p>&nbsp;<\/p>\n<h3><strong>Track de la ruta<\/strong><\/h3>\n<p>[sgpx gpx=\u00bb\/wp-content\/uploads\/gpx\/Borna-436.gpx\u00bb]<\/p>\n<p>&nbsp;<\/p>\n<hr \/>\n<p>&nbsp;<\/p>\n<p style=\"text-align: justify;\"><span style=\"color: #ff0000; background-color: #ffffff; font-size: 14pt;\"><strong>Si te ha gustado, comp\u00e1rtelo en tu red favorita o env\u00edanos tu comentario.<br \/>\n<\/strong><\/span><\/p>\n<p style=\"text-align: justify;\"><span style=\"font-size: 14pt;\"><strong><span style=\"color: #ff0000;\">Muchas gracias !<\/span><\/strong><\/span><\/p>\n<hr \/>\n<p style=\"text-align: justify;\"><strong><span style=\"color: #008000;\">Suscribete si quieres recibir un mail cuando publiquemos nuevas rutas : no enviamos publicidad y como m\u00e1ximo enviamos 2 mails al mes<\/span><\/strong><\/p>\n<p style=\"text-align: center;\"><a href=\"https:\/\/mailchi.mp\/6989c83a3e24\/wmv06rtqcz\/\" target=\"_blank\" rel=\"noopener noreferrer\"><strong><span style=\"color: #0000ff;\">Pulsa aqu\u00ed para suscribirte<\/span><\/strong><\/a><\/p>\n<hr \/>\n<p style=\"text-align: justify;\">\u00a0<\/p>\n<h3 style=\"text-align: justify;\">Puedes imprimir esta publicaci\u00f3n o guardarla en diferentes formatos :<\/h3>\n<p style=\"text-align: justify;\"><span style=\"color: #ff0000; font-size: 14pt;\">Para facilitar la impresi\u00f3n, se ha reducido considerablemente el tama\u00f1o de las fotos, pero si deseas imprimir sin fotos, aconsejamos guardarlo como \u201cdoc\u201d, y antes de imprimirlo, eliminar las fotos<\/span><\/p>\n<p>&nbsp;<\/p>\n<hr \/>\n<p>&nbsp;<\/p>\n<h3><strong>Wikiloc<\/strong><\/h3>\n<p><a href=\"https:\/\/es.wikiloc.com\/rutas-senderismo\/frontera-borna-o-mojon-fronterizo-436-42471881\" target=\"_blank\" rel=\"noopener noreferrer\"><img loading=\"lazy\" decoding=\"async\" class=\"size-full wp-image-958 aligncenter\" src=\"https:\/\/www.carlosyconchita.net\/rutas\/wp-content\/uploads\/2020\/09\/wikiloc.jpg\" alt=\"\" width=\"117\" height=\"34\" \/><\/a><\/p>\n<hr \/>\n<p>&nbsp;<\/p>\n","protected":false},"excerpt":{"rendered":"<p>Volvemos a la borna 436, para intentar ver el grabado con la cruz y el n\u00famero, que el pasado 11-11-2016 no pudimos ver, debido a que estaban pr\u00e1cticamente borrados por la erosi\u00f3n.<\/p>\n","protected":false},"author":50,"featured_media":13264,"comment_status":"open","ping_status":"open","sticky":false,"template":"","format":"standard","meta":{"footnotes":""},"categories":[10,22,77,74],"tags":[],"class_list":{"0":"post-13263","1":"post","2":"type-post","3":"status-publish","4":"format-standard","5":"has-post-thumbnail","6":"hentry","7":"category-facil","8":"category-de-05-a-10-km","9":"category-guils","10":"category-0-mojones-bornas-frontera","12":"post-with-thumbnail","13":"post-with-thumbnail-icon"},"yoast_head":"<!-- This site is optimized with the Yoast SEO plugin v27.5 - https:\/\/yoast.com\/product\/yoast-seo-wordpress\/ -->\n<title>22-09-2019-Borna 436 (Guils) -<\/title>\n<meta name=\"robots\" content=\"index, follow, max-snippet:-1, max-image-preview:large, max-video-preview:-1\" \/>\n<link rel=\"canonical\" href=\"https:\/\/www.carlosyconchita.net\/rutas\/22-09-2019-borna-436-guils\/\" \/>\n<meta property=\"og:locale\" content=\"es_ES\" \/>\n<meta property=\"og:type\" content=\"article\" \/>\n<meta property=\"og:title\" content=\"22-09-2019-Borna 436 (Guils) -\" \/>\n<meta property=\"og:description\" content=\"Volvemos a la borna 436, para intentar ver el grabado con la cruz y el n\u00famero, que el pasado 11-11-2016 no pudimos ver, debido a que estaban pr\u00e1cticamente borrados por la erosi\u00f3n.\" \/>\n<meta property=\"og:url\" content=\"https:\/\/www.carlosyconchita.net\/rutas\/22-09-2019-borna-436-guils\/\" \/>\n<meta property=\"og:site_name\" content=\"Las rutas de Carlos y Conchita\" \/>\n<meta property=\"article:published_time\" content=\"2019-09-22T19:41:19+00:00\" \/>\n<meta property=\"article:modified_time\" content=\"2022-03-13T16:42:47+00:00\" \/>\n<meta property=\"og:image\" content=\"https:\/\/www.carlosyconchita.net\/rutas\/wp-content\/uploads\/2019\/10\/Borna-436-00036.jpg\" \/>\n\t<meta property=\"og:image:width\" content=\"1024\" \/>\n\t<meta property=\"og:image:height\" content=\"576\" \/>\n\t<meta property=\"og:image:type\" content=\"image\/jpeg\" \/>\n<meta name=\"author\" content=\"Carlos Conchita\" \/>\n<meta name=\"twitter:label1\" content=\"Escrito por\" \/>\n\t<meta name=\"twitter:data1\" content=\"Carlos Conchita\" \/>\n\t<meta name=\"twitter:label2\" content=\"Tiempo de lectura\" \/>\n\t<meta name=\"twitter:data2\" content=\"2 minutos\" \/>\n<script type=\"application\/ld+json\" class=\"yoast-schema-graph\">{\"@context\":\"https:\\\/\\\/schema.org\",\"@graph\":[{\"@type\":\"Article\",\"@id\":\"https:\\\/\\\/www.carlosyconchita.net\\\/rutas\\\/22-09-2019-borna-436-guils\\\/#article\",\"isPartOf\":{\"@id\":\"https:\\\/\\\/www.carlosyconchita.net\\\/rutas\\\/22-09-2019-borna-436-guils\\\/\"},\"author\":{\"name\":\"Carlos Conchita\",\"@id\":\"https:\\\/\\\/www.carlosyconchita.net\\\/rutas\\\/#\\\/schema\\\/person\\\/a9691f7258c28443fab2d3aa1479ea19\"},\"headline\":\"22-09-2019-Borna 436 (Guils)\",\"datePublished\":\"2019-09-22T19:41:19+00:00\",\"dateModified\":\"2022-03-13T16:42:47+00:00\",\"mainEntityOfPage\":{\"@id\":\"https:\\\/\\\/www.carlosyconchita.net\\\/rutas\\\/22-09-2019-borna-436-guils\\\/\"},\"wordCount\":389,\"commentCount\":0,\"image\":{\"@id\":\"https:\\\/\\\/www.carlosyconchita.net\\\/rutas\\\/22-09-2019-borna-436-guils\\\/#primaryimage\"},\"thumbnailUrl\":\"https:\\\/\\\/www.carlosyconchita.net\\\/rutas\\\/wp-content\\\/uploads\\\/2019\\\/10\\\/Borna-436-00036.jpg\",\"articleSection\":[\"1-F\u00e1cil\",\"2 - De 5 a 10 km.\",\"Guils\",\"Mojones \\\/ Bornas frontera ES-FR\"],\"inLanguage\":\"es\",\"potentialAction\":[{\"@type\":\"CommentAction\",\"name\":\"Comment\",\"target\":[\"https:\\\/\\\/www.carlosyconchita.net\\\/rutas\\\/22-09-2019-borna-436-guils\\\/#respond\"]}]},{\"@type\":\"WebPage\",\"@id\":\"https:\\\/\\\/www.carlosyconchita.net\\\/rutas\\\/22-09-2019-borna-436-guils\\\/\",\"url\":\"https:\\\/\\\/www.carlosyconchita.net\\\/rutas\\\/22-09-2019-borna-436-guils\\\/\",\"name\":\"22-09-2019-Borna 436 (Guils) -\",\"isPartOf\":{\"@id\":\"https:\\\/\\\/www.carlosyconchita.net\\\/rutas\\\/#website\"},\"primaryImageOfPage\":{\"@id\":\"https:\\\/\\\/www.carlosyconchita.net\\\/rutas\\\/22-09-2019-borna-436-guils\\\/#primaryimage\"},\"image\":{\"@id\":\"https:\\\/\\\/www.carlosyconchita.net\\\/rutas\\\/22-09-2019-borna-436-guils\\\/#primaryimage\"},\"thumbnailUrl\":\"https:\\\/\\\/www.carlosyconchita.net\\\/rutas\\\/wp-content\\\/uploads\\\/2019\\\/10\\\/Borna-436-00036.jpg\",\"datePublished\":\"2019-09-22T19:41:19+00:00\",\"dateModified\":\"2022-03-13T16:42:47+00:00\",\"author\":{\"@id\":\"https:\\\/\\\/www.carlosyconchita.net\\\/rutas\\\/#\\\/schema\\\/person\\\/a9691f7258c28443fab2d3aa1479ea19\"},\"breadcrumb\":{\"@id\":\"https:\\\/\\\/www.carlosyconchita.net\\\/rutas\\\/22-09-2019-borna-436-guils\\\/#breadcrumb\"},\"inLanguage\":\"es\",\"potentialAction\":[{\"@type\":\"ReadAction\",\"target\":[\"https:\\\/\\\/www.carlosyconchita.net\\\/rutas\\\/22-09-2019-borna-436-guils\\\/\"]}]},{\"@type\":\"ImageObject\",\"inLanguage\":\"es\",\"@id\":\"https:\\\/\\\/www.carlosyconchita.net\\\/rutas\\\/22-09-2019-borna-436-guils\\\/#primaryimage\",\"url\":\"https:\\\/\\\/www.carlosyconchita.net\\\/rutas\\\/wp-content\\\/uploads\\\/2019\\\/10\\\/Borna-436-00036.jpg\",\"contentUrl\":\"https:\\\/\\\/www.carlosyconchita.net\\\/rutas\\\/wp-content\\\/uploads\\\/2019\\\/10\\\/Borna-436-00036.jpg\",\"width\":1024,\"height\":576},{\"@type\":\"BreadcrumbList\",\"@id\":\"https:\\\/\\\/www.carlosyconchita.net\\\/rutas\\\/22-09-2019-borna-436-guils\\\/#breadcrumb\",\"itemListElement\":[{\"@type\":\"ListItem\",\"position\":1,\"name\":\"Portada\",\"item\":\"https:\\\/\\\/www.carlosyconchita.net\\\/rutas\\\/\"},{\"@type\":\"ListItem\",\"position\":2,\"name\":\"22-09-2019-Borna 436 (Guils)\"}]},{\"@type\":\"WebSite\",\"@id\":\"https:\\\/\\\/www.carlosyconchita.net\\\/rutas\\\/#website\",\"url\":\"https:\\\/\\\/www.carlosyconchita.net\\\/rutas\\\/\",\"name\":\"Las rutas de Carlos y Conchita\",\"description\":\"\",\"potentialAction\":[{\"@type\":\"SearchAction\",\"target\":{\"@type\":\"EntryPoint\",\"urlTemplate\":\"https:\\\/\\\/www.carlosyconchita.net\\\/rutas\\\/?s={search_term_string}\"},\"query-input\":{\"@type\":\"PropertyValueSpecification\",\"valueRequired\":true,\"valueName\":\"search_term_string\"}}],\"inLanguage\":\"es\"},{\"@type\":\"Person\",\"@id\":\"https:\\\/\\\/www.carlosyconchita.net\\\/rutas\\\/#\\\/schema\\\/person\\\/a9691f7258c28443fab2d3aa1479ea19\",\"name\":\"Carlos Conchita\",\"image\":{\"@type\":\"ImageObject\",\"inLanguage\":\"es\",\"@id\":\"https:\\\/\\\/secure.gravatar.com\\\/avatar\\\/3a4625b20c8da3de99da69bfe7a322774e291c3f90dce7e8778a30fe6748ed1a?s=96&d=mm&r=g\",\"url\":\"https:\\\/\\\/secure.gravatar.com\\\/avatar\\\/3a4625b20c8da3de99da69bfe7a322774e291c3f90dce7e8778a30fe6748ed1a?s=96&d=mm&r=g\",\"contentUrl\":\"https:\\\/\\\/secure.gravatar.com\\\/avatar\\\/3a4625b20c8da3de99da69bfe7a322774e291c3f90dce7e8778a30fe6748ed1a?s=96&d=mm&r=g\",\"caption\":\"Carlos Conchita\"}}]}<\/script>\n<!-- \/ Yoast SEO plugin. -->","yoast_head_json":{"title":"22-09-2019-Borna 436 (Guils) -","robots":{"index":"index","follow":"follow","max-snippet":"max-snippet:-1","max-image-preview":"max-image-preview:large","max-video-preview":"max-video-preview:-1"},"canonical":"https:\/\/www.carlosyconchita.net\/rutas\/22-09-2019-borna-436-guils\/","og_locale":"es_ES","og_type":"article","og_title":"22-09-2019-Borna 436 (Guils) -","og_description":"Volvemos a la borna 436, para intentar ver el grabado con la cruz y el n\u00famero, que el pasado 11-11-2016 no pudimos ver, debido a que estaban pr\u00e1cticamente borrados por la erosi\u00f3n.","og_url":"https:\/\/www.carlosyconchita.net\/rutas\/22-09-2019-borna-436-guils\/","og_site_name":"Las rutas de Carlos y Conchita","article_published_time":"2019-09-22T19:41:19+00:00","article_modified_time":"2022-03-13T16:42:47+00:00","og_image":[{"width":1024,"height":576,"url":"https:\/\/www.carlosyconchita.net\/rutas\/wp-content\/uploads\/2019\/10\/Borna-436-00036.jpg","type":"image\/jpeg"}],"author":"Carlos Conchita","twitter_misc":{"Escrito por":"Carlos Conchita","Tiempo de lectura":"2 minutos"},"schema":{"@context":"https:\/\/schema.org","@graph":[{"@type":"Article","@id":"https:\/\/www.carlosyconchita.net\/rutas\/22-09-2019-borna-436-guils\/#article","isPartOf":{"@id":"https:\/\/www.carlosyconchita.net\/rutas\/22-09-2019-borna-436-guils\/"},"author":{"name":"Carlos Conchita","@id":"https:\/\/www.carlosyconchita.net\/rutas\/#\/schema\/person\/a9691f7258c28443fab2d3aa1479ea19"},"headline":"22-09-2019-Borna 436 (Guils)","datePublished":"2019-09-22T19:41:19+00:00","dateModified":"2022-03-13T16:42:47+00:00","mainEntityOfPage":{"@id":"https:\/\/www.carlosyconchita.net\/rutas\/22-09-2019-borna-436-guils\/"},"wordCount":389,"commentCount":0,"image":{"@id":"https:\/\/www.carlosyconchita.net\/rutas\/22-09-2019-borna-436-guils\/#primaryimage"},"thumbnailUrl":"https:\/\/www.carlosyconchita.net\/rutas\/wp-content\/uploads\/2019\/10\/Borna-436-00036.jpg","articleSection":["1-F\u00e1cil","2 - De 5 a 10 km.","Guils","Mojones \/ Bornas frontera ES-FR"],"inLanguage":"es","potentialAction":[{"@type":"CommentAction","name":"Comment","target":["https:\/\/www.carlosyconchita.net\/rutas\/22-09-2019-borna-436-guils\/#respond"]}]},{"@type":"WebPage","@id":"https:\/\/www.carlosyconchita.net\/rutas\/22-09-2019-borna-436-guils\/","url":"https:\/\/www.carlosyconchita.net\/rutas\/22-09-2019-borna-436-guils\/","name":"22-09-2019-Borna 436 (Guils) -","isPartOf":{"@id":"https:\/\/www.carlosyconchita.net\/rutas\/#website"},"primaryImageOfPage":{"@id":"https:\/\/www.carlosyconchita.net\/rutas\/22-09-2019-borna-436-guils\/#primaryimage"},"image":{"@id":"https:\/\/www.carlosyconchita.net\/rutas\/22-09-2019-borna-436-guils\/#primaryimage"},"thumbnailUrl":"https:\/\/www.carlosyconchita.net\/rutas\/wp-content\/uploads\/2019\/10\/Borna-436-00036.jpg","datePublished":"2019-09-22T19:41:19+00:00","dateModified":"2022-03-13T16:42:47+00:00","author":{"@id":"https:\/\/www.carlosyconchita.net\/rutas\/#\/schema\/person\/a9691f7258c28443fab2d3aa1479ea19"},"breadcrumb":{"@id":"https:\/\/www.carlosyconchita.net\/rutas\/22-09-2019-borna-436-guils\/#breadcrumb"},"inLanguage":"es","potentialAction":[{"@type":"ReadAction","target":["https:\/\/www.carlosyconchita.net\/rutas\/22-09-2019-borna-436-guils\/"]}]},{"@type":"ImageObject","inLanguage":"es","@id":"https:\/\/www.carlosyconchita.net\/rutas\/22-09-2019-borna-436-guils\/#primaryimage","url":"https:\/\/www.carlosyconchita.net\/rutas\/wp-content\/uploads\/2019\/10\/Borna-436-00036.jpg","contentUrl":"https:\/\/www.carlosyconchita.net\/rutas\/wp-content\/uploads\/2019\/10\/Borna-436-00036.jpg","width":1024,"height":576},{"@type":"BreadcrumbList","@id":"https:\/\/www.carlosyconchita.net\/rutas\/22-09-2019-borna-436-guils\/#breadcrumb","itemListElement":[{"@type":"ListItem","position":1,"name":"Portada","item":"https:\/\/www.carlosyconchita.net\/rutas\/"},{"@type":"ListItem","position":2,"name":"22-09-2019-Borna 436 (Guils)"}]},{"@type":"WebSite","@id":"https:\/\/www.carlosyconchita.net\/rutas\/#website","url":"https:\/\/www.carlosyconchita.net\/rutas\/","name":"Las rutas de Carlos y Conchita","description":"","potentialAction":[{"@type":"SearchAction","target":{"@type":"EntryPoint","urlTemplate":"https:\/\/www.carlosyconchita.net\/rutas\/?s={search_term_string}"},"query-input":{"@type":"PropertyValueSpecification","valueRequired":true,"valueName":"search_term_string"}}],"inLanguage":"es"},{"@type":"Person","@id":"https:\/\/www.carlosyconchita.net\/rutas\/#\/schema\/person\/a9691f7258c28443fab2d3aa1479ea19","name":"Carlos Conchita","image":{"@type":"ImageObject","inLanguage":"es","@id":"https:\/\/secure.gravatar.com\/avatar\/3a4625b20c8da3de99da69bfe7a322774e291c3f90dce7e8778a30fe6748ed1a?s=96&d=mm&r=g","url":"https:\/\/secure.gravatar.com\/avatar\/3a4625b20c8da3de99da69bfe7a322774e291c3f90dce7e8778a30fe6748ed1a?s=96&d=mm&r=g","contentUrl":"https:\/\/secure.gravatar.com\/avatar\/3a4625b20c8da3de99da69bfe7a322774e291c3f90dce7e8778a30fe6748ed1a?s=96&d=mm&r=g","caption":"Carlos Conchita"}}]}},"_links":{"self":[{"href":"https:\/\/www.carlosyconchita.net\/rutas\/wp-json\/wp\/v2\/posts\/13263","targetHints":{"allow":["GET"]}}],"collection":[{"href":"https:\/\/www.carlosyconchita.net\/rutas\/wp-json\/wp\/v2\/posts"}],"about":[{"href":"https:\/\/www.carlosyconchita.net\/rutas\/wp-json\/wp\/v2\/types\/post"}],"author":[{"embeddable":true,"href":"https:\/\/www.carlosyconchita.net\/rutas\/wp-json\/wp\/v2\/users\/50"}],"replies":[{"embeddable":true,"href":"https:\/\/www.carlosyconchita.net\/rutas\/wp-json\/wp\/v2\/comments?post=13263"}],"version-history":[{"count":0,"href":"https:\/\/www.carlosyconchita.net\/rutas\/wp-json\/wp\/v2\/posts\/13263\/revisions"}],"wp:featuredmedia":[{"embeddable":true,"href":"https:\/\/www.carlosyconchita.net\/rutas\/wp-json\/wp\/v2\/media\/13264"}],"wp:attachment":[{"href":"https:\/\/www.carlosyconchita.net\/rutas\/wp-json\/wp\/v2\/media?parent=13263"}],"wp:term":[{"taxonomy":"category","embeddable":true,"href":"https:\/\/www.carlosyconchita.net\/rutas\/wp-json\/wp\/v2\/categories?post=13263"},{"taxonomy":"post_tag","embeddable":true,"href":"https:\/\/www.carlosyconchita.net\/rutas\/wp-json\/wp\/v2\/tags?post=13263"}],"curies":[{"name":"wp","href":"https:\/\/api.w.org\/{rel}","templated":true}]}}