{"id":13290,"date":"2019-09-28T21:46:24","date_gmt":"2019-09-28T20:46:24","guid":{"rendered":"https:\/\/www.carlosyconchita.net\/rutas\/?p=13290"},"modified":"2022-03-13T17:41:23","modified_gmt":"2022-03-13T16:41:23","slug":"13290-2","status":"publish","type":"post","link":"https:\/\/www.carlosyconchita.net\/rutas\/13290-2\/","title":{"rendered":"28-09-2019-Puig Neul\u00f3s (100 Cims) y bornas 582-583"},"content":{"rendered":"<p style=\"text-align: justify;\">Aprovechando que cerca del Puig Neul\u00f3s hay algunas bornas o mojones fronterizos, hoy mataremos dos p\u00e1jaros de un tiro y haremos las dos cosas.<br \/>\nPero como el tiempo parec\u00eda que no estaba muy fino, nos acercaremos con el coche hasta un punto en donde tenemos la cima del Puig Neul\u00f3s a menos de 1 km. para intentar asegurarnos la cima y una de las bornas, la 583, que est\u00e1 al otro lado del Neul\u00f3s de donde hemos dejado el coche.<br \/>\nDado que la excursi\u00f3n es circular, y que llegamos a la cima del Neul\u00f3s , y despu\u00e9s \u00abbajaremos\u00bb por asi decir hasta la borna 582, y tendremos que subir hasta donde est\u00e1 el coche, el recorrido total y el desnivel siempre ser\u00e1 el mismo, empecemos donde empecemos el recorrido.<\/p>\n<p style=\"text-align: justify;\">Para llegar al punto de partida, nos dirigiremos a Le Perthus, y a la salida del pueblo, a nuestra derecha, cogeremos la carretera D71 en direcci\u00f3n al Coll de Ullat, pero no nos paramos ah\u00ed, sino que continuaremos unos 2-3 km. hasta que en una curva a la derecha, veremos una se\u00f1al de prohibido el paso para los coches.<br \/>\nEn esa misma curva , pero a la izquierda, empieza un camino de tierra, por el que seguiremos unos 2 kms. hasta llegar a una se\u00f1al que nos indica el Puig Neul\u00f3s a nuestra derecha, y all\u00ed dejaremos el coche.<\/p>\n<p>Desde all\u00ed tenemos unas bonitas vistas de la costa francesa, Argel\u00e9s Sur Mer, Colliure, etc. , as\u00ed como de numerosos pueblos m\u00e1s al interior.<\/p>\n<p>Empezamos a caminar subiendo una corta pero fuerte pendiente que nos llevar\u00e1 a la cima del Puig Neul\u00f3s, despu\u00e9s bajaremos por el lado contrario pasando por la Font de Tanyareda hasta la borna 583 situada en el Pla de Tanyareda.<\/p>\n<p style=\"text-align: justify;\">All\u00ed muy cerca hay un camino de tierra en el que vemos varios coches, por lo que tomamos nota para llegar hasta este punto con el coche, cuando vayamos a hacer las siguientes bornas (584 y siguientes), y por lo que vemos despues en el mapa, es el mismo camino en el que nosotros hemos aparcado.<\/p>\n<p style=\"text-align: justify;\">Despu\u00e9s volveremos a subir al Neul\u00f3s, y seguiremos el GR10 hasta unos metros antes del Roc del Tres Termes (ver waypoint en el track), siguiendo a partir de ese punto un camino que va \u00abpisando\u00bb la linea de la frontera , pasando por el Coll del Pal, Puig de las Colladetas, Coll de Forcadell, y llegando finalmente a la borna 583, en el Coll Fourcat.<\/p>\n<p style=\"text-align: justify;\">El camino de vuelta es el mismo de la ida hasta el punto antes indicado (poco despu\u00e9s del Roc dels Tres Termes) , y all\u00ed seguiremos por la carretera asfaltada hasta llegar a la se\u00f1al de prohibido el paso que hemos visto al llegar con el coche, siguiendo despu\u00e9s por el camino de tierra hasta donde hemos dejado el coche.<\/p>\n<hr \/>\n<h3 style=\"text-align: justify;\"><strong>Album de fotos<\/strong><\/h3>\n<p><a href=\"https:\/\/photos.app.goo.gl\/McBH5LcGWXkKq53Z7\" target=\"_blank\" rel=\"noopener noreferrer\"><img loading=\"lazy\" decoding=\"async\" class=\"aligncenter wp-image-13289 size-column4-2\/3\" src=\"https:\/\/www.carlosyconchita.net\/rutas\/wp-content\/uploads\/2019\/10\/Neulos-582-583-00144-285x190.jpg\" alt=\"\" width=\"285\" height=\"190\" srcset=\"https:\/\/www.carlosyconchita.net\/rutas\/wp-content\/uploads\/2019\/10\/Neulos-582-583-00144-285x190.jpg 285w, https:\/\/www.carlosyconchita.net\/rutas\/wp-content\/uploads\/2019\/10\/Neulos-582-583-00144-272x182.jpg 272w, https:\/\/www.carlosyconchita.net\/rutas\/wp-content\/uploads\/2019\/10\/Neulos-582-583-00144-570x380.jpg 570w, https:\/\/www.carlosyconchita.net\/rutas\/wp-content\/uploads\/2019\/10\/Neulos-582-583-00144-380x254.jpg 380w\" sizes=\"auto, (max-width: 285px) 100vw, 285px\" \/><\/a><\/p>\n<p>&nbsp;<\/p>\n<hr \/>\n<p><strong>Dificultad<\/strong> :\u00a0\u00a0 F\u00e1cil-Moderada<\/p>\n<p><strong>Distancia total<\/strong> :\u00a0 \u00a0 \u00a0\u00a0 11.3591\u00a0 m.<span class=\"totlen\"><span class=\"summaryvalue\"><br \/>\n<\/span><\/span><\/p>\n<p><strong>Alturas m\u00ednima \/ m\u00e1xima<\/strong> :\u00a0 \u00a0 821 m. \u2013 1.253 m.<\/p>\n<p><strong>Desnivel acumulado seg\u00fan Wikiloc\u00a0 :<\/strong>\u00a0 \u00a0\u00a0 689 m.<\/p>\n<p><strong>Tiempo total \/ en movimiento<\/strong> :\u00a0 \u00a0\u00a0 5 h. 11 m.\u00a0 \u00a0\u2013\u00a0 3 h. 25\u00a0 m<\/p>\n<p><strong>Vel. media total \/ vel.media movimiento<\/strong> :\u00a0\u00a0 3\u201924\u00a0 km.\/h. \u2014\u00a0 2\u201913\u00a0\u00a0 km.\/h<\/p>\n<hr \/>\n<p>&nbsp;<\/p>\n<p>Punto de inicio de la excursi\u00f3n, indicador del Puig Neul\u00f3s y vistas de la costa francesa.<\/p>\n<p><img loading=\"lazy\" decoding=\"async\" class=\"size-full aligncenter\" src=\"https:\/\/lh3.googleusercontent.com\/zNOxaI2ZLqFNCGj1_dCLvh_hXokwQkcoIksaP6QMug1REgfltAWFZ41DiQxU3jCO_Leb1XO8wxwD1gw8aglFHcBIeeKasDl9f5mHcmCRk-dBp5-GNupkDlKE8UICjQaGYTqccEtgiAVjC03YnZctp740YcH0a5xaaJH3GS7gkfpGgbZBL2kdnLwqXPwa1CXDCdikwCdikPCLl1-f98AJFGmzcm0WxTxQckc57LQY-qTQq6mqVRjB1gBxfGc-513uKaQX01RSyelngg0hFVPcbLB0uxPA67gXH8NyO9HVa2VmG751HS4U6eOgLOwl9CarmWwn_oIp7AAXZRLfvmC6alHhe766F0f44Cg9vEqF-i04mmp_CVYwwtoFKt3DdliCMitcneIXY8zg9iJNhZlo777hIZINV4qWKOj3wSymJx4vqHjOqcwY5JijJxTQg2_rrF3qG1N7L-aYkSKW6VRMxqUCPtNKfQWqfsKN3gVPlskxjIra8YJWZBBti-EsgkSSCNiB0S0oCaQGL0O-i66ecK2VzSzUjD8j4cyboAXF_F5h1drGwmhm0BSryPdPTxKe0XXQOZAIDuXXBSNMThqK8BammaSV8f4uwhdNORMDTVYyvGnXZ_jCciYWAMDpLI-5EVbkKxE2zNkznPs9KZ1OM1ro0oknrI9-OnIQMeNXbftq3EEGELCZR8-XQoAhpi-gHZeA5ZE2NqSLkXsXuiKP-lcYoLUBX3dIc9GapVksPD5BQvyV=w1024-h576-no\" width=\"1024\" height=\"576\" \/><\/p>\n<p><img loading=\"lazy\" decoding=\"async\" class=\"size-full aligncenter\" src=\"https:\/\/lh3.googleusercontent.com\/o_3WPJ8AyMCuKJ-ODrNCtsAy5F5hqS7H_8dSPejIG0URKv8ihR2KxsfRyuwKhlgQ7aLwB7XWch327CW7aKUFiEiEIihgtcJVaNXWOATikJkN9znKG0jOV3mmIDbcyYWNFfCy-cAPzy409q5IzYg1F2KgOY2rLo0IU9i4d1DoPQZOTASpdimBkPvzw_O8YQQCt6A5w_lbIyZlivD26iokF9DCq3mOfVq8hqohzT0xSuQCWbjTyO5a7-_S1_NoGGzuFv-_Jk8Oo5xSP-fPpurmySueJaU8Nyb1gMtbPHxOobAg08yB473K7aEpdY9khaBTS8cPPfkcTn-n82AY63ej_woaP4HJaXz7GNvWbddlItQGcOiaM-2RX7S-xo6rxS6hkIrf7WIFPuQvnioklIrgX6igS4sMmbEFFasppaDowaSFC3PALyUnIU9Emng_Y9d99vo8XtmZ-qQsyHlGBgU6-cx0vN4rM7z6uIwGo6WZbCjsb1JttyjKdSMxUX4etZWbk9qgWqMuAosnNB17q1NVJnoVPfLK1i-gkX0OGa5jAy6x2Rwl3-atWmUscGnyz6ND8zrSGeS8AWiB40-uYefAfYCbAI1lIgydYY8XHGUpN1yDFQkqBCIShmalj7hO9rtQwldtNbXutqZ7rVJq6IxZiLeNL4da9bWNlk8asxfo5fqLHfYY2PLk-cSmFOOSKTWoBsprOEXhVxMmIV-L6PJwhuMO_AJE4ObH6qrJ4e5jeXiTdlnL=w1024-h576-no\" width=\"1024\" height=\"576\" \/><\/p>\n<p>Camino de subida al Neul\u00f3s.<\/p>\n<p><img loading=\"lazy\" decoding=\"async\" class=\"size-full aligncenter\" src=\"https:\/\/lh3.googleusercontent.com\/p9Q_WPAcrY1Nfa3JaOq_QHnKP5kSkXZaTAKtEUcncYDUUmmEMv7kL9VwntajnXwIRaYOcA-sr6VyAxgQy1LqdMMdLctyyGp8-NTtfG2t9LlMVpNQWsCVU0SsBLZZpBqX1ym4i66ClGzRz-ZfSYnW9NqOhl_n3ldV7OrOcIFLkUDW_yi803whuNyJXpcKDOeFVykYd6LSqZnFTUSmUGlJpLOoWm7ARqgz7zS_HAq2lMzZHJDEec6A9m16JMUl2gILLdQaWb-1Pc7PfZWAawf_kdQuvY_TIujx6PW9R_lZYQsFhjrZnut5EaTPD3CpbtjcsF2zmDYQHiS5nWaySD6Qgf1gIHnGWj_3ue6cdyNf7NtBDsSqkAIL8KrlwZPoo-nV61BNuyzOORn5v2-dOCDxaHFsbrCCam7t5ZEEcrIhPs3Wl-JZfeGJq53xabN4OmgVOGkV2x_9Cl-FIMeLvoSsL5NARtxnELdfiuTwMwTRaEhwrJvmzXD1oDKaRa75T4F701fQUs49V-4mm42wvQhpoQ0f8WelWr0QFaqdquXIKpXwN4oVWaSqrpg5D-1jJVPtdyKWS8UAcg1Fbwf5eVCOVExXi5vUXqKkcw7vgNmFfzgXKJvr_gbMV2i2HQxiu8lJUKbHT59zYG-Yr772QLJnk_wIbnUMmZbMWtoovt_TA5KkcjfQnt4tsjuOCbi9BS7bwXStkrylCNgePKo8ghiowye-640sgqJvHTQo74ykqeZ_KcHd=w1024-h577-no\" width=\"1024\" height=\"577\" \/><\/p>\n<p>El Puig Neul\u00f3s.<\/p>\n<p><img loading=\"lazy\" decoding=\"async\" class=\"size-full aligncenter\" src=\"https:\/\/lh3.googleusercontent.com\/NsA_TTYxuR5vlJQfTr_MV1YQgwcmmqonAtlDeQhm2lMAKarTuJKh0WPo-9fkHkNIyJSEkf5BuGjGQUKnj0FfJLs-YKiy-2WiRMpUIXHayxnLnX4Hfq42ffWd0xQEFwY5FbdPXFuqjz-272zqh7m_VjNdXiCqlvvMO1kyllkpHa3CPUbCTtxlzi4yjcQDDtEIfVGs17ERcGvdizMa5FaRAMyRXV_7GODipEJw5aaQHVsAjTX42aunafelkTtABBPFIRU1d3XhrC7dXTifR-m8SGKr-dYhuliYhwc3KR0abHgSHC_YhexTz6RR-nKFKH3XrY4COoY98zLhhVaWTpwKXQ8v34Y5SC2GAMmyPj-8sTEKCvkg17p9PEC6IDcu-BieaEqaVDBa-igjxNqR4gOsNm3g1cPqlh2kgZ0sFOqUw4lA-taB5G9fCgL8D3jVJ5OIYfDJdTq2TvHt2Idp3iaiWUb3x6YcqtD8d8jJlK78B8cHiakaagtLpHTy3D72eQmGDiff6CMsqesp6A0cxwMoRqAEXeAMgWKmPrPZYdcxPA6XP7DMczehQ9RRdC698c8J6I4s-mzP8JGGnD9XkxC-BQw5hy3RBEY4Y3zQ3Ra4bZ8_FoNMpE-Ey37j21ao475sQLRdXDXX4838_HLDwATbXRvRXfEYI7XkGfCHCw3V2EMwQ_Q_bV_ODNUbVrLm8VrRaiSCTNW93toe909M1jXJPuxpa_uFFM_S1_hfD--T54hbycFd=w1024-h576-no\" width=\"1024\" height=\"576\" \/><\/p>\n<p><img loading=\"lazy\" decoding=\"async\" class=\"size-full aligncenter\" src=\"https:\/\/lh3.googleusercontent.com\/F681eetOZY6mDPLWtqP7KxStgl90awDvp2s2zpumZTOvB-yiIFI11mAyuzXIbmwPubmhyqfrK23qAHIiMb2_yyab1Kx_P1b_r84DQk8g5cExqS7xyJ4cR2zezMTD7_GtbWGrhgnLi8nzQp1cwGE-f57NZxKj4r3o_IhYSOeTJKbETuTHceUKJk5tWlEdD1tGCkKMIRqBtq4uPcKVfhFQltay26neVHgvMDLPaQJ5RojLOWg6n5a6pJkX2ZJOTqd6vmny2Cu3PndCob2wiZh0rdPZQVr9i8WMT_yx0dxr1_vpw4RH8q-eR7j-ylVeLWuOECrS5YBKia0nQkKEYAnvn1MjD-ufhrhhU2jH5lMXLni7DrzWtRKWySeBEMG8B_zJxBl6QWcA1DRMSBSOtjr53FbYtgAzHUVQ0gr4FQEi5rpDV2QMsgCTqHMsjdeKeBGI7dk10MfYSSSn2YInS38RoUxrRNN1TClXqN_ea7nhBdqpViLE-k9eCEu1Sno8907EIGrH57X3x2pl61Flc6rr2gL23O5wjjxRs_xv9sXlHz107nyfpVvmgNiFX0R5mDre_0pBpXu1ZrwgxcvIo-40Ng1Wk-o1iFGzBhj7cA5h1yD_UJtn9YtJFsZ8hNAJFBTrAUeDuGWdoL61a3QhwGHsuebvwPKPTA1N04jEpHWBeXMFFDU03lKadT395EG1Q4l_0nbLUAEYT91Vn0GTdpCp-IAxYkrkbOOdHf3XacwIFqzYvzob=w887-h665-no\" width=\"887\" height=\"665\" \/><\/p>\n<p><img loading=\"lazy\" decoding=\"async\" class=\"size-full aligncenter\" src=\"https:\/\/lh3.googleusercontent.com\/ptpBIGKoyFkGO9yYkbzf1tFbdYqsSfkUnDPijVcVxKkILbaBeopv0XhegNxaPK-6ivYydiD14wtCrkCosl1jzYZ_rNbK9QUEtYV5lz9klHfPp-u2YDvLVTQypKQap2ap8oQJyoJbyeSlSWLm9MHzRZjI8RR2Dz1gwNfZtQeZPG6QjqFqzXz3M5tGPKsk4H2hghCL2oq_lyyP-Z3SwjCoqTOZkTMzt-eoy7GeeaRHIl9euZr2JiQgKgkmtHkHAHbdLPrfzwZcLYVkXPTPgRyv0AbTtGnh5QllJgKNHm1IM90fg7OiJk7jKQqg4tW00tSmGVI9SOGuzkWlWLGYLI-Mkb9ErbwFZ_jU44syQ_M3I7H2V6-zO4O6vcKQM4NL6UuCjTEtkXFK8EicKqiniX0ZyX1mKIPCpoSO-S7YCGCJWKn-lBXV_3DHmzjeBglW8zYeDpLXY-HNRI0QJWq3kNxKTvFlLB2wOWrl4JeRvysqUXnAWVk7LOV2hUdeL0In4Mt6R-UaP4t4AKJaoVVI72VJlaVKiLClIR4mKZxGVbmetNcadeRmFhguE5cAdc46d-qZEO59Ry-M_2b94oVvToYhKmwhsva_Vch9fP4mqGHKzDbc5dCqH6UtQbNEVubCaYUREosD17gnldKFxrwCRbqhdo77v0XNxd27rTZxjqS6NkQ463GAwAPUirD-EOiMcix_Z9aGRxEh2mqZskRC6YwTC3NlPDO9lV7_odnUjrrpkrFizYNp=w887-h665-no\" width=\"887\" height=\"665\" \/><\/p>\n<p>Bajamos por el lado contrario por donde hemos subido, para llegar a la borna 583, que est\u00e1 abajo en el claro que se v\u00e9 en la foto.<\/p>\n<p><img loading=\"lazy\" decoding=\"async\" class=\"size-full aligncenter\" src=\"https:\/\/lh3.googleusercontent.com\/UC5ZjTr8XVfXHOLEO8KfUuTQBmXv0KVO9BPKTlBjswTrrGjvYuAx10R4Oz_CGcfDaUuPk3Sk_K6M-61aRVvQjcbSBKxQ46cOmZEzkXjHUP475CV7oKt17ciF4_TD_6TLoOFxrtQcpmXalu0aPdI6Zk6bNiZ8o-AQz6FzGwwLd8bCh36_Jph9TxSWaDTNqjgzSGAwo4_uEDC9u-DHUqUoMA0YL3xeqRgT8MPyLEbGMUrXexkDw16EhW7CvHDh3yRbuU4-AbenddC8jWpeD1jwZCv_PzTLfjMO_iibPvroj_BSo4sLxFx562maF5AMe2AdBZrlrZT4tuIGPWX0a9kzCevePoQVHRrrG-mWbJTnYJZHMvmYPVCifBKFhiyKUHM19J1O7a95-ieHHvj0odX6rPq91RvmUnrWYO8gN9TP_ioWJLOJ838IktSD3QLwcyylqzSumfWB18kSG-wu3zkHt5lIdoQFUw5DgT3bBfcL2CTJXA9_0dXoXTnqkunW7jFqav7nmBXhKPsWSmEHafZ2G3mGK9QQl3JU_zds0dMU-ajgJlFZkjKDR88_7GmU0zcPEI8DXd-7EasQ2km7HZBuuAXRO_idz1xHTByAdwLS7m_uLXGExtWpOJBJBmDs3FINzlhNW8JlWQfRgBl1oKHxuUf1pycxvHih-DvBJ17097tyW-qtNeFtVlNSuh39U8pr0gc23QBmzqa9O3qxofmCmAzYRkE7aexEc-P2jtm_ZT_3FToe=w1024-h576-no\" width=\"1024\" height=\"576\" \/><\/p>\n<p>A pesar de que el d\u00eda est\u00e1 un poco nublado, podemos ver con el zoom el Castillo de Requesens.<\/p>\n<p><img loading=\"lazy\" decoding=\"async\" class=\"size-full aligncenter\" src=\"https:\/\/lh3.googleusercontent.com\/Wlwb9uWg1-PUQjQLyJTnuDA4Ad3LAU0UmvoN5fuxbKpA7QeMxyR0xCHnYcjW9gZ3SeHgENGNgH5YXOLlmMp5Gj2SgiQ9dPKBh4QA_wuqbqVeqQ1bcncBffCUQhbvzb_K2wj7zAsaDEAMl_MwWBQdhD0fktEC8GNTWWBgdKieVc2GN-7vuBv5DwHjwhGzuf-kWglSD3PtNbQWWi594gDry2prrrvjZBfKp5okGZdh3j6N7714XZ7FeZIazg2q8AUrd2dAojPn5ZME2lHNPJtlQ9YzEVuixqinpQTPepj-Yy9xDOV70sjSlKBEyHf_2aEpXW5TP4NwGdcCAIfX5KvFdaWfmmyx_6FJdCsTUuVNc0KrBJdfwe3F8ZbXUzDyG0qyGvTF32_fTrQZ-VnuS358H-SSG0LkUbabtEK_zBB9Y6sE_ADv5G1Q7GO3yYNmV-mg-49R_fdWXL5J96aqvkPoCt5GPj5FjFWnfSbV3JPau2gaRocjdvunC2-BYexOSbuPFqa7RZ-7gxL0jio3xAVC3mx4nJ6VZKqnZR43NwG2vTjBKu6_HUzr2ciZoHSyWP_L-kk0oslPjyjkAVkBsIYMekt1J2ml4RyZTJt1SBsnOcTygEBdQOro1GtCWJh7LsC0rbtoPzxLfibbU24F5WlToE3f8PbcyfA-DfAX-PRnp_dphAULD6e8N5z1fDNF_1eWB2-99_qMY4aPb4HMmp9IGlhS-4qFFMIJaPszbbPiDUz84NUA=w1024-h577-no\" width=\"1024\" height=\"577\" \/><\/p>\n<p>Y llegamos a la borna 583<\/p>\n<p><img loading=\"lazy\" decoding=\"async\" class=\"aligncenter size-full\" src=\"https:\/\/lh3.googleusercontent.com\/I0ZHnIWlUuwuI4MYoF0AsayL4r7fP9iuxrKz7SH2thRtwhCxfEzIybjnSTTZkn8jz3rXNGHfk4mjye7HZ1wUofAT4Hg_60z2-1jKT6ruednmhe5TiM7CytwatOzrJmPNOPsYKQ40TDEc4cDz-zmB73xItg6E0VXnRUlb-ERMidax7wrsxqxxtWqEht0v4rV0agyLot1ocoZXQUoU88x5VPKhWVpE21cl00vRE5w8BZIMmTU252JQBfWlOY8Kblt3Z-12sEecHfuOLjP3ZbwAKgn0RD1FTFOGdcEb0xxiZ6F5BsiA9pkgdivacZt9XtOB0BOjfrYqNLwQP61qqeSBsZ-V9-gUMKfzTDtRZXn-jfMlxBDxN1LRMr9MS-nkW7qXpS9ldvxM817sHWQpaI69Fr2YYqO9Mqb8uHXpP0kAlZb-go2E3AlMBSSwMzHulmqL-sfbTjFIzUvZ5YtkyAUjsbYJkqd-C9unTNuHr0y8T8PShLKyYfdYxRt1Afg_H4HylbtR7k8W4j_o57mi_P43wi-eOilKSzjbvzgzIwOQx4LNsO_IWEZi1F2szNYWKit2YxOrU4EWh-W0kXVHZ5q4u8Y_Iv43EGzpMDVqI8kof6rFKfRmjTepQq03W-GsbFz9kwQAkXd1BR8AP-kJh7sMNCbG2OfeuLCDji9HjmF2KchleV3Vcp7OKlR5oJo0OkcQ9ldEDYOT8ZZ7faE5IrzZSn6GIDNENoLhAj5MxfhHw1FvZBTP=w887-h665-no\" width=\"887\" height=\"665\" \/><\/p>\n<p><img loading=\"lazy\" decoding=\"async\" class=\"size-full aligncenter\" src=\"https:\/\/lh3.googleusercontent.com\/2BNDpqKoBxX2BM6UCR2qWIsf3lHp-bGGJ8VP43lveY8wwnfQRdGRxNApFdVHtom8abH4wyskq0kU6OTkpBw66Ua6HJsvJWpL-AykGKkl9tWUqMjlefOxHdnvdCGP9MoW4ihcfCMPNggv8D7ZlO6FrFNT0pOB_Smyz-mZrZk5C_apr94j6Fp3OV7XTv-2tLj4sDGbLOq2hAOfIJLe0cI2DtN2KizqQtj7E9cC0ij0CBsOIs32fKlwCDf1ajOcQ7wqjbOOncl1pcH0Lln36kx0My4lLVASavyBrScY3sjU2jXMt5fpvRsFybew8Kx74hwXW6x4V8rn6wI2ZEdPYsFi4wVSf4naSxVTe1fuhnCTTbtGbN_LItxYDxReKR3vc3Etae4O7pkBsqOPM13mcewGfQQsJ70FG_YKZ0mTzlCoziRf6aBkXsLbdJ1j7RGJrBMsjgrNKnecGyyW_oxVgGL997CnOIh5XWbCGLrlsvI6gpO2yLfV9jNlFALPhIYCqy7SWd6t6T2-ZVyTegRoXqI9zmI-PIOR_mxBsDUvkXtyC5NFR4n2tpTfx5yH0kLdTKfFWupsFJ7W_-wrLWXLCxVSPLzZn-VcDmSjyxjTCvTczjbt61FcSNc4MrMfBZbQSQmX5f2WkuAelKQyry6UprDci7vLrfbGb87YSYhoCbT2DX3DxOiBF1mfxTfH1dM1K_MiFKV_bdphxPFm2YS_6Hu9UrJHqffIKZ9t3YQZ9H8dfPuyNYYO=w887-h665-no\" width=\"887\" height=\"665\" \/><\/p>\n<p>Vista de la borna , con el Puig Neul\u00f3s , de donde venimos, al fondo.<\/p>\n<p><img loading=\"lazy\" decoding=\"async\" class=\"alignnone size-full\" src=\"https:\/\/lh3.googleusercontent.com\/oVl4ET9SlLA4sakWOASShaZxB5aRdj29T0Dst_p6MIgDqPbfn6wlGjNhPiI0VtyGkfetUSmK7P-sAQ8O335N-emoAhlm9_6fFEuRvNbNM6Qasn9Qr_DY8mV1xXrA5tALVLdEn7ueCrnXh4NenU4quQlAZGXun1i30xFj-g_bBq1wHPVyB4wlcvtVxChNT625foe_Wzb0xUVkBNkR7ki5IxYrNcIpAzVBJhua32W0YZGFEUsuZSnA6KCkI1vWoWCp7VrKG1JwED8CcH28KJBOEFSwjQZXXvUc_D0ZXlfEFKsN1I4U63W68FfN4pDYtb6la-1_5kzE4EfXbh-cAkxO3Iyjd8IBA62traYksN4VpooEgp4QUNTO0_xSe9oO1rBuwQv1-cVFpEQlO8lEUO1nCihdbPW3AjdjeJekGbTxTQ8JnyEhc5eKEd6zAMiG_IKrwqW4fEPCKVGxosdmbV2SL3GWgex0oNlLxOMJOEIIMDgUWmSLkK5np1FRpuzr4OX_gRj_Cy7NDlysDZXmXGkDCpQbcklFagnFu04kkXiDdJum8Sw1AUNtynoChAnk-2qJyvv41HUjxuwqI_ILtcsgfaSvImkatylFAjnRe5IJEP5uOu3TQzhwBQhUXt8-NA_J4lBUyXWWVF9aYEdIOlr3MT0hfviOqBStCC47XPPClp6KkgMCZ9YKzg-yXBztdX6aXZsRxfd-bWPySEWXDt546KHUOHaqQnP3rdzHjx9wrKNVgoP6=w1024-h374-no\" width=\"1024\" height=\"374\" \/><\/p>\n<p>Despu\u00e9s de subir de nuevo al Neul\u00f3s, lo dejamos atr\u00e1s para ir en direcci\u00f3n a la borna 582<\/p>\n<p><img loading=\"lazy\" decoding=\"async\" class=\"size-full aligncenter\" src=\"https:\/\/lh3.googleusercontent.com\/wMiG5g5kq3uq2NihpMZPxjqJmplepzwbCMu-V_IQk6i9LTru_LvwTUThlQogueq04dxH3sBxvju-QMgegb910qSHc-qJzjGv-o23zNHdFKC-E9nNgSC7hMZkmb9DBUKlyiY7VB7LOvEpQ_zblJzg-CooXT9KICBcInsKaE0Mvo7A2KsbJXAzLz7_bCQt0UQkOEtFk3mJB9K5bRAG4eBVHplh_BAMCvL76xPH35vCLtEBUy5bSZrRhSpnCRrAo9MN1WYKZzdYG_cpMEbnIG1suUsHr5P_yjsvBfqTGhuqiSfMuRn5rcEHENt8poGrnhqa9ZsgHJA4B6u4xbhbnCt05oGxxO1uiA2qmyrOaleSmgvVPrarOD5ZOSgyEeJQJZHJ4V22r-pJZlk2jIuGLNRbFsIqhr5kd-Nmctf10elQBjIVhvFRZ1dKBHg6ol2vA0vjhjHSazj9hrkZMWn_MJC1kxuvv0vJEE7KDxOS5hvTaxs9yVMEgEy1x6URuZGWjefXDyRKd3EYUcEGQLX5rKprTWZvqPtC_T4FON_bSGmy4nX1hBrWafhdOzCYc48GxkHgUfj6Z5HDzeZY26y0XjB0_RiVR6Z9Q7t7JsbVM1JwMspLBhUfyWbKIqPexs6zWK7tzq3nMwS3VxcYXiMMP2uiDsG-jqVxiXL6ZLmSSLMM1jqpIHvMSMekLnZB-p7noFqpD3yzmbnK5vz-hjpX9xztYOgmy8XxAgCiLmzN4NcdRJBwxzd5=w1024-h576-no\" width=\"1024\" height=\"576\" \/><\/p>\n<p><img loading=\"lazy\" decoding=\"async\" class=\"size-full aligncenter\" src=\"https:\/\/lh3.googleusercontent.com\/ttdk6C4v0AGUTD3g55j1tUYc7I-rrqtzh7MeluJTM-PIHOVM4r4ZfKPV-UXEQMX1vLo5016byzA74IEV-sIoEnoDx2DhZWeKuRqfHJ2IOZF2F1a0X-25CktLPZI4AxerFwhcI7Iq_vAGHtCKnXI7_UEQ_IA7Xuyzouj1dR_tkqADsTcdADdyjW1Az0v1DLBlFOlhDkFZXypeWap1OdpWZ3CUUs7D4pPt207fx0WQvYavYeva5yFM0JpPM9eKuekoBBEM7Yogq-M0P7MDgA897_8O6f4bebt1ypetY1k_JAOSIobH4J9QPVlOwREvuVlvsJGJelMV6_S0JKBTQ4GFNQm-TBX7dRanu-oxdPyUfHt1IlBrUs0EpulPiL9mGcXBHpaI0yUky6innTWDbK_J0-xOC99bVmeQbyggX6VpF-sOfJQBEFrWllu_O04C8gBbbBzzGTF4KBZE9wbJTj7GQx5LFr-JFXiOzTTvqMgTnGX9Vkhoqby_7U6BF-9ChDqshOn1ltuQIGLxm54R6LgQ427P5jzFrlMpbBI9sdiESaa4oDFrJZo_1KgbyfJedNKp3PULgpBrxowN0JQBULWeVXRnFfocqQ8JRvWnYKbl8k5MFOkx7KdO9W0wgyfEv1hnDoXlRgGsnvN80HFLmLg8i6kPSpN0ayh76N0cwH9_5ex-NlDF3FZkdDyMR3XC1wmIsxbvj2r1hdXfaiPfTInasMh-MFt-WD6gAIgRORrt-OEPYM_M=w1024-h576-no\" width=\"1024\" height=\"576\" \/><\/p>\n<p>Aqu\u00ed dejamos el GR10 y continuamos por un camino que sigue la l\u00ednea de la frontera.<br \/>\nEn este punto, a la vuelta, seguiremos la carretera para llegar al coche.<\/p>\n<p><img loading=\"lazy\" decoding=\"async\" class=\"size-full aligncenter\" src=\"https:\/\/lh3.googleusercontent.com\/DSdu-gC4rzY2fHs8ul7idDuglQUo8oxfn8AX5hyf5PF7KPinULfTM5pOX5NzR-EKqms_-PLTNt-php6PrmN21Hwu3-EKuE0K4x-sZZI2r78cmt5Mdeck0td0IYF5818YCGoGLM1Ptny-nYquwZR1zmoofAk_6y-Ol7SosweqXZ0JRPihXl1yBh7bSdFyRcayJGSM6fcpsPqX2X1Gz_MYNA731lb5W4f8K6hUGWDf0TX49bXa59jQ-gCjut1kwNiK6M9KrAlBMxz4teXzC-et_Ku0N0TsaUFkYUMn4NugGH0B6Q_HvlnnKbFVnZMbFt9g-bL0ffm4UWFZXYlTmtnty8KrtrHG-veH4aKLUc_7CgZ_qUCBLIap-se7yP6sz-u0V_Cch5GFb9KE4FP_bldrNZ-Nm3G8us6kB476UffffSP1FVVVNGuNh6kbHc6buxS6WjzD4MKzYMS2IyVBQuTNINjxvDMz6Fv1YyrjjEZT_juHMHp77vC-ZaXWJAZfMngvJbLD10YiIRABmWuUtqnh0iuSCY0RhOtWIp9GMjVVe7u1msZwg49U46E5Rz7CBjgJFWoML_W8WQEfgn4o4f6YuZasX2WGOmdu0r3g0wwqF8f1ftIwid4Jp8P9uEbsoJzisUwGt9Csh9RD77EcAfstuAL3d3-uQGoJPgOcTdgUUsEiW72YIFg44oSLCIZd8Bx931M6-jdJ3ISdI2jukj5aDOqGSWOxNQux08WleUCZ8Sc2w-BS=w1024-h577-no\" width=\"1024\" height=\"577\" \/><\/p>\n<p><img loading=\"lazy\" decoding=\"async\" class=\"size-full aligncenter\" src=\"https:\/\/lh3.googleusercontent.com\/Y9K5biuT9Og0qeXGgK8HdwtympA45ndOPGuJSFoyoP_CkluMmuYqedyBKZn_VFSg0Ns4__zko2aP50DjMX_CdNzQM2NmEJCdPy_Kq4nNjO8_z4TC12ExsOB7yVAZZ-BTr4KNjm_GNm7rDGXpZMVeiXyiUV2_eIZD9gZ2DPN-e0dfEhiQiAMHzOO6xX6lxRjHXSrhrE5NHWuPpDH4Wm3VGT6WnidM_a3-GFY9S4q2aXMBlhuRunqdyrXlyI6rIacr6L6tcTb7CAXhq83kgqszuy-wbfwfB9vEqm-zoJNYMeW3R2Y2y67dy3aEVUI1z-DW2ah2bcNzRnJ5IQRw9haPpGKDfKxityVm6LZssVdxFopIw6OZaYpMqltsDJN3GhQiIU_4KzuqVXVqK3WSREfotiwgiKtN_BOz3MHWlIPFas3rM_VBS8_b9UVM2hr1MwEbl39gCmshtIe_ds6GEOHM0wGx7A_ablJYJmB01QrWOJYkEf_lEO1VkiYnc3gwvpp9D4K7fH0Bfli4cjW-5wsz7gZZ3XHB4Uuef7i6GOpSE-uWt2mGUn8MwLoX1IXZk4i9elMDBNaqdXJgBw2NKdWfOPi3zRNc_SYwXPbG0XFBU_MyHnPuLHOi-Jtad2Pf1mB37oQ_Tx3jI-qc4-0RU8uuplIZggre8os9n_c7wOaFj8KN5f0DcTKJ5dAgM_YE9noWjIm9YLMsQfC3FvSKPLaqvgWNIFfGFVoopMXxBSa_Q9tjHbhI=w1024-h577-no\" width=\"1024\" height=\"577\" \/><\/p>\n<p>El Roc del Tres Termes.<\/p>\n<p><img loading=\"lazy\" decoding=\"async\" class=\" aligncenter\" src=\"https:\/\/lh3.googleusercontent.com\/usubsD_ru7bvNpiCDn2kLRFEshSbtcHCIM0CTwlLwMkUT8HDZpvqvOqICWgXxnPxAVYOAjOKMtbJ5gULUHD6Rm0I6nkR3k4Phnviep71-KMDCIlOQg-cA8bjBmtAoOU3aH3fbPb2XZp2LFmqxd_qxwNnHP4EjV622gMtDzQN9ZVOltBetG4o1H1_9xlvARaU9auRuM3raylJj96i569csjwl8hr9uF5yQAN_LAhU2QAQEPULh2sXBP4_r5rrN_UPY6j0JKArXbnQn-B19PWrd3A8rg3UmWOk0Ivx1_o5CtVt-VJnONTQKf0W_-y3EwyW7QaLYigLZ3KXZHfLwhif2e65TzWDh-cughJNdhnuDOlSShwYrtGd3zJaretqCoetSk59YF4-0u1E0CCOgQYV1RwCfk1jeG159fM_iL9DmqFcmjf7RWY7aesCnxKUlRkSI7KiXPdzBXBcrfDaQwsuYrLFyGBJ9_w_shR3w79hLiNGQloc8SpIaSFpyv8WclY3RiLakfGc3ZuVjanVwM0AOHklgvRwBQS6GgdMQi-UTW2CrLdjdFMGdZe5n-nwahsIaZa2C1xN3los4P8ZUxRDBUcRdGZTn6UUz0ymwITuR-Egzk08lYRXKL5rDbukM0qx_NBXv_ZzAlqyNyKPSIww43OYy8UwE51yoNJi20eidOS6cKlXp3iyA3KASivcyhJti6Uw8MqRKPabOHXV_qzRDRiy21sa9iUjAzLmJW2DYrA3GwGM=w1024-h576-no\" width=\"1024\" height=\"576\" \/><\/p>\n<p><img loading=\"lazy\" decoding=\"async\" class=\"size-full aligncenter\" src=\"https:\/\/lh3.googleusercontent.com\/N27LnTk96UfSslX_yqiF-nrulBGuQYC68irwml3ZGus-UA_wCVyIA142Q139wv-A6t1zRaog1USJN8MqMI-3P36K96b94uMoscL8-fruxt2IauI6wAbtmZihD5HftwsCYN4s5iMkHwfATJ3MsA9gsX4IpXsUWpOIqlbL1YZhgzf7a3vM65akrVu23UWuPUbfTKtZus_Q_x3g7V60WGETFbx4Lpr5sF0piCOdRILE4wZVOsITvdauKnyaD-z2fhXirFd5oYNumoGsgsrNloeuA9F2PJGNH2AyFnTPlPdj2kWf6s1yyVAIb4MAx52yQNDfSojCaoXk6geQUhmosZsJQZ2pd9zK-F3sLuHpLgT4mslNa2nolfkBm0ZajIWDsI600AWaep6Jb3K0o-eooq2kdhg6QjqDTOpDTkUROhBSsC--XeTSfrYL4jKBCelSbdygErkOisgOpDCcngQ6e-XkSw--9Wwnv2R0s5QjzzQhEunSwLfmxOQHZkKK1b9NDWbChShCtwf4Z45N443W8aoAqilIA0oOctxJSh2cXbRvJyiiMdyINUEF-0ciN4haCIAIzMXp9ZWkpj-DKyTSuJEEJzRh2fBVQBWHLU8Ruztgmlm5dx03nWu2eD6FCUT8lOe355JbfQzAEiNU_8lf8C_60VGRiATpGOjlTYe-wbvQW3bnhd5FQZaStAoUiT_c1Dz2WBrP-9KvWOGurCJZJhXeqk_Bctrd2k6pEdzvCXfIsxU0A9I3=w1024-h576-no\" width=\"1024\" height=\"576\" \/><\/p>\n<p>A lo lejos, y con niebla, la bah\u00eda de Roses.<\/p>\n<p><img loading=\"lazy\" decoding=\"async\" class=\"size-full aligncenter\" src=\"https:\/\/lh3.googleusercontent.com\/tZ3vtfUUcUq8QNt5VSn6kjzEGR2m70TeWXDHlsVQV95UJ6OqIIAZz4Fu93iLVbuIXR1Ona-k-Z4huLvwvsv8ylC1jXhSoUrLExzkSL8i_fJ6rlKHHKPbgWZI4TjJ9WiBnJTzm-VeVZCT6OE4YefHDfrQE-_eJTdLXyc72PhDyykqsBimg2n1ckVAwhe3tEyFJgWoA3Zefk6Vrw-2LbbnmfpIzQjuBHwqcgU-2f_xfBebCIf2TiDxEZwdrURVMaUf4agQ-rXHHNgj34a17QsyZtEyVBHuUM_RZJSREIF0dutXYC_YfwE1jMJozPXFDnEMLQkRcZ06ZhtOaDy0IbDiSNxurYt06z1PzHfuiXXhiWRjp0dbuWnrwNlyVNks8vqpJFI8G_E1JjbA9U6vLwgajfNaCzZQYI7PDfSxG65lc6F2S8iQcLbhLsKGc0U8j6SrI694LbtC1dhMJNJHLGszzK5DJZSuozlq_TpEXstsBML-baSPD1p9o5ibXxh0R8QxkK8AG0DCdt4cg9CwWFkLQ5xPv-mDRTtL6Zerpl6a1wd_MseBA1WmokMW61WXRUdFRw09TEPBXMQT22GAt1KysAtYozw9QDnOHHrD7KKnq9bbvOY0m9oZSO4CtnsJKc-7fMZUi2l614whsVlDozCScUkQToA9zsMWDFzaSznXrURotX5UuPeixm5fUG7WCrLo9v-tmuN5UN0Rk1p5dy_ZTf33r5lErYA1CXlxhS7Ex7QzuNXX=w1024-h576-no\" width=\"1024\" height=\"576\" \/><\/p>\n<p><img loading=\"lazy\" decoding=\"async\" class=\"size-full aligncenter\" src=\"https:\/\/lh3.googleusercontent.com\/h_15mDL8WuyA7GzbMBpPaD5fw5o70NWW1U_-3xlptWqXzhvCuxJ_LPaClvACC95uxNXmhq30FDA9HcHdY9iKKDInk51Jh2Qlry1xbKqc_3G3tcOeDL3Xhs-kI6X-Nn0gfKtB07U-YQKqBDgJR7-p3krErGLHYvzXIK97IMMK-w9q3Hxa9uMl1f9lySGwyqPT4Qe0ohzbGHJrNF8wRVOZYO7VPzdicbCVCp-7kO2FfSyGXIn214N0AkJ0ILc0-248HEzOaBql3m-sv05PhwXzAFpf2ZhaPa5AKiG8Rpg9ti0Oy9esjLfa6sjlYIBz-EPoUkwMduLOxmjp4erc1Ea3f0uvD23dxf4zEdMmZSw7K7vlFQ2CtqKHh9uM3II-dwN9V8wsFUwVU1pg3vK-4rfm3oCxfQzpeYhgy2WshBnrEyBzw49tAcb3KxLZg9WC-R88qxrfdH913oaL7_9jPQqa5-tHU60TBgFaQgLViRwz3FtPeKenlkx8QCx0mOeWNbzY74HpNWTWnCbXRW4bVpe8BPWRqtd2QGKiUR-7U-6USZKhU_fIffsg3AOsuTzD3FT1lfqkeeH58tcaIR4jjM7OvFV8-H10Cn26XUmZoDy086PQYrTjEXa5Ipo5-j7vfbYl5YLQOzcjdNQ0_sJUSm7Qlc5pIjWjCRjFjnKh_71wHk9i0OGTOxKaVwnu9mTrDf2tLD2ee2keSYqDiOS0Wv-sHVBkfBNWmt_JMy4jHRildIc5EGf5=w887-h665-no\" width=\"887\" height=\"665\" \/><\/p>\n<p><img loading=\"lazy\" decoding=\"async\" class=\"size-full aligncenter\" src=\"https:\/\/lh3.googleusercontent.com\/mtnn8S4P1uRmGKqwaH3cYAxMu7YFQXsMfH0CyBuu_6Aj-S2sCqM0ijcEUPy2sBzOSBJNxZzewU9sxdzuEw5hyft5BZ74Nqjsf6yFOfvAcmBZs3JNdILHtHlW33ceMl4B-RCd5XRkuVdWR7dSWjDnZq_gud4A4yunfGkXRmzFDzH0cmczmAxtRRPU6NSK5sKc9pU2hlsXBWjhy8BT5Sc7SsRnuthL0WEkPp0orsx0w8NnnqM4hM4RosiOcppVCDEz6RUSns2Nb4fWsT2kZTxvWxgtLLIZ2SJL3e1FyInWlzb4A8LhscOtF7a-KJqqYW56rrS5yTLLLuR2v6rPMtiUXwzhCWbyeTGwW54seIakeAwEu8E5Uc103xHDgNSPWeA_CG6WrMa7QxVXAMiClc7ksHB0v78hqdwKPFReyRwHoy1565SMbW3Cyglq1bEgRkEQaehTFXMo7_mdooOIBApehLiPDHKsNB_ezkDOz487nyWfRIbAS2rDI2KJM1_H1X40amVusJgES1twMWu8g16JWjH8hGM4QzPAULTYDpvToi9bEdDaE5XB-hjXrpSTl_9eHjGvk7iYF9vpS5ZAY2Vy8JWDI3NyncuHWhwijROqu64yxppEN__6i6sGh2LzY_Vo3lvGYCxSPKWtrcgENMKTUgU6q3QqdinJ8VNQACAhKrTV2vaD7Mn7H-dUz7qF4mS6FuWyk_zBuo3_wX0vXGCPbGHjWIxoTQpyFBVfjNj4w3BTHi4N=w1024-h576-no\" width=\"1024\" height=\"576\" \/><\/p>\n<p>Y llegamos al Coll Fourcat, en donde encontramos la borna o moj\u00f3n 582, perfectamente pintado&#8230; y suerte que alguien hab\u00eda limpiado de zarzas la zona y los \u00faltimos metros del camino para llegar .<\/p>\n<p><img loading=\"lazy\" decoding=\"async\" class=\"size-full aligncenter\" src=\"https:\/\/lh3.googleusercontent.com\/-gSeQRGmMjuiU2kBr9smUyOdtqQaqueSM5Jefffl8eQ2dvPaKCiw1yBubSoK8tQUqMDG1lvhA21QusZehbRdwWIVgfcLpIobYKvVgnSSDbPyyXaV_TDcfnz5yovZdAGGFnQU_VZbg3VE5lRbJjzN7yWdHweGui2UzbAd1JMtj-Hw2wUw6AP-gLmz7aVWwvvP_LskK-haXsHmJPoL4PRHxyOW-VgaCvQiL2UJki2Q-KRexoiv7gxnSvqGk3JB1t0iFeXHUFPnDKjCo6-N83szeP7e4WnXFogTiPEhjWVc59TCpm3Pk2bhij6nRN73NSfdS-ctIUEKQ0r_fNIlmjaYo8iXsdXnduo-cRvZM5MDrWShgNpHk1N4zwwqtrOD6bmbF4MTXV6Z4rwg8FXD0NEfcHPqV0IgUgXSQo7fFNk4EiMGAPh8Tax9Lg1h8kShM4w5AAJtiEZtmnHToiPSZ0xt4UDi1EvHoCY3sTmJMVT8_EX_aXl4u5wn3vXhrMrsjfu1SJ9np0S6DCZyNGs11mYU8kEJ9-WELXWNWt433Fp5ggPh8u-B_IuV19mmO17ttkNx418saFpJbFtXczRiRNFBzFiWhuXWZtf7NqIxk3LcL_rINn6Lgq-M6qabVvc8K-xgdIDKVvPdNRpvAzG1FJXuiZH5oMGS2Sogu0IWrUsGZ86WkQLyFfrxHjZxF4oT9Tx-GqN3RCxVOHBZ6yMwzgz4CtxbgRO935VsfHgiFt3ilwdTwr4d=w887-h665-no\" width=\"887\" height=\"665\" \/><\/p>\n<p><img loading=\"lazy\" decoding=\"async\" class=\"aligncenter size-full\" src=\"https:\/\/lh3.googleusercontent.com\/M8ow9g84UGH9ThdXO0_PEgcb_W2uTM2vxisSqKIxFzjMWp5Ce0Y0WN4zn-lYkBMXqwRAL5R9DsnGiOlZ5wjNtPOluS8ZhltPoHmFGEUzky_-hC1ABpY5dMuf7F2toYdAKTDz7CsSgYubI3JTgkADRzsk3vHfpJpN2dcx1JP6UdtVxA7UUOaHPwfAU5GB9Iz7l4JsYzimQP5IqLax8kT_SRQiER11oWft_WOLo-r2XIYOHz6dIHbLYDanEaRXNEVHk-b7G5zr5eGIRTvZtoU6ACixRl-11t5MkRoTwUyT9zP3VbGEPZwdU5I72JzK6AUoL3iP0vXXh-dlQK_OBbq3aaSUwHmrQ3ZFfpjMCUFUkuOczKcEe_3Hj0QNtEIhScAKCjN467dQUc9gcxCqK6x2CirJDkkfqwsl8x1_sH5bWuF7sa6q6yCDgi9_DDk8gvDnjptiiPeC_O5Ag00bWmLLmfDEEeH5ydSToFBDDcRn-vMtwAPNll2kG8Es_yWF8wkQSU2cNMe9FyG0A9PiyRoE6QXrTTq7gORnbIVGcaFrwa3eMs1h7Nfa0HX3b5ASip9fRjRRKXCPLJrs57-0GehaXzBlAPaQgdKgO8xwqICKTiVrCYlEA5v_MBpnSpoHjLQ4gk1YX5t3QmnNLZX2rgtaA3BvgLoixn07N8sSSokl2Lz5LnCt_ZD7R42CgXwsj7xMp62UQ5JVD1fRVUXupQhq71841xpnLfS5GuOASQLf1nDOcs4m=w1024-h576-no\" width=\"1024\" height=\"576\" \/><\/p>\n<p><img loading=\"lazy\" decoding=\"async\" class=\" aligncenter\" src=\"https:\/\/lh3.googleusercontent.com\/kudgVWAyalJwTm1gp8GxLCazvVryptqyQ8VQchGF_IyI3BGJ6tyEKvI91OYJwB0B1_fKbAfYRaggOjie_pE_uOe0T066DnjsKX6FI1PKzM0_OeIXwmSi-XvoIugD-oFS0D_qemIRi81yukynnLJp7Yktwm2gI96oJ99hgZEN3MxQG7ZT9lj95NWI35wtoNECp2bTuBYhoIqtQs5-d08K3Cw62TeM1ZkTK-JYEI4LM6U0l7-7A6aYpXR9NqJ0Mtb6wIruTDF8X5trMp_pSBWyVOXnA7hX1V83kda3VerWOE0Ch_4rP2mC_FTdf3Cw3Jw_DS1R8yVhAkmMo9ulflZ9yzgRHYTCu7Rlqr8VV_Btyp7uHvpQNhOtKqWknm3hNhOCmaG8RScwcl4LeZe8Ehe25qvUGzC5j1tQQiCPfcONIjoRxfqbYS1PA5lOjkjqtXL2IaAt3KKo9kzwzH11EaEwtI3s5EB2oAbw38Tn_9k03NAno_KTNn_c3tHourDdvC6vY4qy-x7xyGOpGkk-xc41-9SGFiTLMHLBRFOKAkQBHkrUIAHGvKTRCFXi3uzw05d7yhw5KBimx4VC_DhNDQPHPolDzjWHNitgHGSZVxgnt7PYaY3kdLI9iFDJWrKmA1-kY-nThUvFM9csfX5CsyOspk_gEZ2OATjDwiQbugSW8FNIxTFqxwdsW3_4ueo1fkzqaImVN6vZY_pXe-TspI9SeXwCdxIEw61A0iQONU_PRwFoMJjx=w887-h665-no\" width=\"887\" height=\"665\" \/><\/p>\n<hr \/>\n<p>&nbsp;<\/p>\n<h3><strong>Track de la ruta<\/strong><\/h3>\n<p>[sgpx gpx=\u00bb\/wp-content\/uploads\/gpx\/Neulos-582-583.gpx\u00bb]<\/p>\n<p>&nbsp;<\/p>\n<hr \/>\n<p>&nbsp;<\/p>\n<p style=\"text-align: justify;\"><span style=\"color: #ff0000; background-color: #ffffff; font-size: 14pt;\"><strong>Si te ha gustado, comp\u00e1rtelo en tu red favorita o env\u00edanos tu comentario.<br \/>\n<\/strong><\/span><\/p>\n<p style=\"text-align: justify;\"><span style=\"font-size: 14pt;\"><strong><span style=\"color: #ff0000;\">Muchas gracias !<\/span><\/strong><\/span><\/p>\n<hr \/>\n<p style=\"text-align: justify;\"><strong><span style=\"color: #008000;\">Suscribete si quieres recibir un mail cuando publiquemos nuevas rutas : no enviamos publicidad y como m\u00e1ximo enviamos 2 mails al mes<\/span><\/strong><\/p>\n<p style=\"text-align: center;\"><a href=\"https:\/\/mailchi.mp\/6989c83a3e24\/wmv06rtqcz\/\" target=\"_blank\" rel=\"noopener noreferrer\"><strong><span style=\"color: #0000ff;\">Pulsa aqu\u00ed para suscribirte<\/span><\/strong><\/a><\/p>\n<hr \/>\n<p style=\"text-align: justify;\">\u00a0<\/p>\n<h3 style=\"text-align: justify;\">Puedes imprimir esta publicaci\u00f3n o guardarla en diferentes formatos :<\/h3>\n<p style=\"text-align: justify;\"><span style=\"color: #ff0000; font-size: 14pt;\">Para facilitar la impresi\u00f3n, se ha reducido considerablemente el tama\u00f1o de las fotos, pero si deseas imprimir sin fotos, aconsejamos guardarlo como \u201cdoc\u201d, y antes de imprimirlo, eliminar las fotos<\/span><\/p>\n<p>&nbsp;<\/p>\n<hr \/>\n<p>&nbsp;<\/p>\n<h3><strong>Wikiloc<\/strong><\/h3>\n<p><a href=\"https:\/\/es.wikiloc.com\/rutas-senderismo\/puig-neulos-y-mojones-fronterizos-582-y-583-43014688\" target=\"_blank\" rel=\"noopener noreferrer\"><img loading=\"lazy\" decoding=\"async\" class=\"size-full wp-image-958 aligncenter\" src=\"https:\/\/www.carlosyconchita.net\/rutas\/wp-content\/uploads\/2020\/09\/wikiloc.jpg\" alt=\"\" width=\"117\" height=\"34\" \/><\/a><\/p>\n<hr \/>\n<p>&nbsp;<\/p>\n","protected":false},"excerpt":{"rendered":"<p>Subida al Puig Neul\u00f3s (100 Cims)  y localizaci\u00f3n de las bornas 582 y 583.<\/p>\n","protected":false},"author":50,"featured_media":13289,"comment_status":"open","ping_status":"open","sticky":false,"template":"","format":"standard","meta":{"footnotes":""},"categories":[106,105,11,23,62,74],"tags":[],"class_list":{"0":"post-13290","1":"post","2":"type-post","3":"status-publish","4":"format-standard","5":"has-post-thumbnail","6":"hentry","7":"category-nuestros-100-cims","8":"category-100-cims-feec","9":"category-moderada","10":"category-de-10-a-15-km","11":"category-girona","12":"category-0-mojones-bornas-frontera","14":"post-with-thumbnail","15":"post-with-thumbnail-icon"},"yoast_head":"<!-- This site is optimized with the Yoast SEO plugin v27.4 - https:\/\/yoast.com\/product\/yoast-seo-wordpress\/ -->\n<title>28-09-2019-Puig Neul\u00f3s (100 Cims) y bornas 582-583 -<\/title>\n<meta name=\"robots\" content=\"index, follow, max-snippet:-1, max-image-preview:large, max-video-preview:-1\" \/>\n<link rel=\"canonical\" href=\"https:\/\/www.carlosyconchita.net\/rutas\/13290-2\/\" \/>\n<meta property=\"og:locale\" content=\"es_ES\" \/>\n<meta property=\"og:type\" content=\"article\" \/>\n<meta property=\"og:title\" content=\"28-09-2019-Puig Neul\u00f3s (100 Cims) y bornas 582-583 -\" \/>\n<meta property=\"og:description\" content=\"Subida al Puig Neul\u00f3s (100 Cims) y localizaci\u00f3n de las bornas 582 y 583.\" \/>\n<meta property=\"og:url\" content=\"https:\/\/www.carlosyconchita.net\/rutas\/13290-2\/\" \/>\n<meta property=\"og:site_name\" content=\"Las rutas de Carlos y Conchita\" \/>\n<meta property=\"article:published_time\" content=\"2019-09-28T20:46:24+00:00\" \/>\n<meta property=\"article:modified_time\" content=\"2022-03-13T16:41:23+00:00\" \/>\n<meta property=\"og:image\" content=\"https:\/\/www.carlosyconchita.net\/rutas\/wp-content\/uploads\/2019\/10\/Neulos-582-583-00144.jpg\" \/>\n\t<meta property=\"og:image:width\" content=\"1019\" \/>\n\t<meta property=\"og:image:height\" content=\"764\" \/>\n\t<meta property=\"og:image:type\" content=\"image\/jpeg\" \/>\n<meta name=\"author\" content=\"Carlos Conchita\" \/>\n<meta name=\"twitter:label1\" content=\"Escrito por\" \/>\n\t<meta name=\"twitter:data1\" content=\"Carlos Conchita\" \/>\n\t<meta name=\"twitter:label2\" content=\"Tiempo de lectura\" \/>\n\t<meta name=\"twitter:data2\" content=\"4 minutos\" \/>\n<script type=\"application\/ld+json\" class=\"yoast-schema-graph\">{\"@context\":\"https:\\\/\\\/schema.org\",\"@graph\":[{\"@type\":\"Article\",\"@id\":\"https:\\\/\\\/www.carlosyconchita.net\\\/rutas\\\/13290-2\\\/#article\",\"isPartOf\":{\"@id\":\"https:\\\/\\\/www.carlosyconchita.net\\\/rutas\\\/13290-2\\\/\"},\"author\":{\"name\":\"Carlos Conchita\",\"@id\":\"https:\\\/\\\/www.carlosyconchita.net\\\/rutas\\\/#\\\/schema\\\/person\\\/a9691f7258c28443fab2d3aa1479ea19\"},\"headline\":\"28-09-2019-Puig Neul\u00f3s (100 Cims) y bornas 582-583\",\"datePublished\":\"2019-09-28T20:46:24+00:00\",\"dateModified\":\"2022-03-13T16:41:23+00:00\",\"mainEntityOfPage\":{\"@id\":\"https:\\\/\\\/www.carlosyconchita.net\\\/rutas\\\/13290-2\\\/\"},\"wordCount\":830,\"commentCount\":0,\"image\":{\"@id\":\"https:\\\/\\\/www.carlosyconchita.net\\\/rutas\\\/13290-2\\\/#primaryimage\"},\"thumbnailUrl\":\"https:\\\/\\\/www.carlosyconchita.net\\\/rutas\\\/wp-content\\\/uploads\\\/2019\\\/10\\\/Neulos-582-583-00144.jpg\",\"articleSection\":[\"100 Cims Carlos y Conchita\",\"100 Cims FEEC\",\"2-Moderada\",\"3 - De 10 a 15 km.\",\"Girona\",\"Mojones \\\/ Bornas frontera ES-FR\"],\"inLanguage\":\"es\",\"potentialAction\":[{\"@type\":\"CommentAction\",\"name\":\"Comment\",\"target\":[\"https:\\\/\\\/www.carlosyconchita.net\\\/rutas\\\/13290-2\\\/#respond\"]}]},{\"@type\":\"WebPage\",\"@id\":\"https:\\\/\\\/www.carlosyconchita.net\\\/rutas\\\/13290-2\\\/\",\"url\":\"https:\\\/\\\/www.carlosyconchita.net\\\/rutas\\\/13290-2\\\/\",\"name\":\"28-09-2019-Puig Neul\u00f3s (100 Cims) y bornas 582-583 -\",\"isPartOf\":{\"@id\":\"https:\\\/\\\/www.carlosyconchita.net\\\/rutas\\\/#website\"},\"primaryImageOfPage\":{\"@id\":\"https:\\\/\\\/www.carlosyconchita.net\\\/rutas\\\/13290-2\\\/#primaryimage\"},\"image\":{\"@id\":\"https:\\\/\\\/www.carlosyconchita.net\\\/rutas\\\/13290-2\\\/#primaryimage\"},\"thumbnailUrl\":\"https:\\\/\\\/www.carlosyconchita.net\\\/rutas\\\/wp-content\\\/uploads\\\/2019\\\/10\\\/Neulos-582-583-00144.jpg\",\"datePublished\":\"2019-09-28T20:46:24+00:00\",\"dateModified\":\"2022-03-13T16:41:23+00:00\",\"author\":{\"@id\":\"https:\\\/\\\/www.carlosyconchita.net\\\/rutas\\\/#\\\/schema\\\/person\\\/a9691f7258c28443fab2d3aa1479ea19\"},\"breadcrumb\":{\"@id\":\"https:\\\/\\\/www.carlosyconchita.net\\\/rutas\\\/13290-2\\\/#breadcrumb\"},\"inLanguage\":\"es\",\"potentialAction\":[{\"@type\":\"ReadAction\",\"target\":[\"https:\\\/\\\/www.carlosyconchita.net\\\/rutas\\\/13290-2\\\/\"]}]},{\"@type\":\"ImageObject\",\"inLanguage\":\"es\",\"@id\":\"https:\\\/\\\/www.carlosyconchita.net\\\/rutas\\\/13290-2\\\/#primaryimage\",\"url\":\"https:\\\/\\\/www.carlosyconchita.net\\\/rutas\\\/wp-content\\\/uploads\\\/2019\\\/10\\\/Neulos-582-583-00144.jpg\",\"contentUrl\":\"https:\\\/\\\/www.carlosyconchita.net\\\/rutas\\\/wp-content\\\/uploads\\\/2019\\\/10\\\/Neulos-582-583-00144.jpg\",\"width\":1019,\"height\":764},{\"@type\":\"BreadcrumbList\",\"@id\":\"https:\\\/\\\/www.carlosyconchita.net\\\/rutas\\\/13290-2\\\/#breadcrumb\",\"itemListElement\":[{\"@type\":\"ListItem\",\"position\":1,\"name\":\"Portada\",\"item\":\"https:\\\/\\\/www.carlosyconchita.net\\\/rutas\\\/\"},{\"@type\":\"ListItem\",\"position\":2,\"name\":\"28-09-2019-Puig Neul\u00f3s (100 Cims) y bornas 582-583\"}]},{\"@type\":\"WebSite\",\"@id\":\"https:\\\/\\\/www.carlosyconchita.net\\\/rutas\\\/#website\",\"url\":\"https:\\\/\\\/www.carlosyconchita.net\\\/rutas\\\/\",\"name\":\"Las rutas de Carlos y Conchita\",\"description\":\"\",\"potentialAction\":[{\"@type\":\"SearchAction\",\"target\":{\"@type\":\"EntryPoint\",\"urlTemplate\":\"https:\\\/\\\/www.carlosyconchita.net\\\/rutas\\\/?s={search_term_string}\"},\"query-input\":{\"@type\":\"PropertyValueSpecification\",\"valueRequired\":true,\"valueName\":\"search_term_string\"}}],\"inLanguage\":\"es\"},{\"@type\":\"Person\",\"@id\":\"https:\\\/\\\/www.carlosyconchita.net\\\/rutas\\\/#\\\/schema\\\/person\\\/a9691f7258c28443fab2d3aa1479ea19\",\"name\":\"Carlos Conchita\",\"image\":{\"@type\":\"ImageObject\",\"inLanguage\":\"es\",\"@id\":\"https:\\\/\\\/secure.gravatar.com\\\/avatar\\\/3a4625b20c8da3de99da69bfe7a322774e291c3f90dce7e8778a30fe6748ed1a?s=96&d=mm&r=g\",\"url\":\"https:\\\/\\\/secure.gravatar.com\\\/avatar\\\/3a4625b20c8da3de99da69bfe7a322774e291c3f90dce7e8778a30fe6748ed1a?s=96&d=mm&r=g\",\"contentUrl\":\"https:\\\/\\\/secure.gravatar.com\\\/avatar\\\/3a4625b20c8da3de99da69bfe7a322774e291c3f90dce7e8778a30fe6748ed1a?s=96&d=mm&r=g\",\"caption\":\"Carlos Conchita\"}}]}<\/script>\n<!-- \/ Yoast SEO plugin. -->","yoast_head_json":{"title":"28-09-2019-Puig Neul\u00f3s (100 Cims) y bornas 582-583 -","robots":{"index":"index","follow":"follow","max-snippet":"max-snippet:-1","max-image-preview":"max-image-preview:large","max-video-preview":"max-video-preview:-1"},"canonical":"https:\/\/www.carlosyconchita.net\/rutas\/13290-2\/","og_locale":"es_ES","og_type":"article","og_title":"28-09-2019-Puig Neul\u00f3s (100 Cims) y bornas 582-583 -","og_description":"Subida al Puig Neul\u00f3s (100 Cims) y localizaci\u00f3n de las bornas 582 y 583.","og_url":"https:\/\/www.carlosyconchita.net\/rutas\/13290-2\/","og_site_name":"Las rutas de Carlos y Conchita","article_published_time":"2019-09-28T20:46:24+00:00","article_modified_time":"2022-03-13T16:41:23+00:00","og_image":[{"width":1019,"height":764,"url":"https:\/\/www.carlosyconchita.net\/rutas\/wp-content\/uploads\/2019\/10\/Neulos-582-583-00144.jpg","type":"image\/jpeg"}],"author":"Carlos Conchita","twitter_misc":{"Escrito por":"Carlos Conchita","Tiempo de lectura":"4 minutos"},"schema":{"@context":"https:\/\/schema.org","@graph":[{"@type":"Article","@id":"https:\/\/www.carlosyconchita.net\/rutas\/13290-2\/#article","isPartOf":{"@id":"https:\/\/www.carlosyconchita.net\/rutas\/13290-2\/"},"author":{"name":"Carlos Conchita","@id":"https:\/\/www.carlosyconchita.net\/rutas\/#\/schema\/person\/a9691f7258c28443fab2d3aa1479ea19"},"headline":"28-09-2019-Puig Neul\u00f3s (100 Cims) y bornas 582-583","datePublished":"2019-09-28T20:46:24+00:00","dateModified":"2022-03-13T16:41:23+00:00","mainEntityOfPage":{"@id":"https:\/\/www.carlosyconchita.net\/rutas\/13290-2\/"},"wordCount":830,"commentCount":0,"image":{"@id":"https:\/\/www.carlosyconchita.net\/rutas\/13290-2\/#primaryimage"},"thumbnailUrl":"https:\/\/www.carlosyconchita.net\/rutas\/wp-content\/uploads\/2019\/10\/Neulos-582-583-00144.jpg","articleSection":["100 Cims Carlos y Conchita","100 Cims FEEC","2-Moderada","3 - De 10 a 15 km.","Girona","Mojones \/ Bornas frontera ES-FR"],"inLanguage":"es","potentialAction":[{"@type":"CommentAction","name":"Comment","target":["https:\/\/www.carlosyconchita.net\/rutas\/13290-2\/#respond"]}]},{"@type":"WebPage","@id":"https:\/\/www.carlosyconchita.net\/rutas\/13290-2\/","url":"https:\/\/www.carlosyconchita.net\/rutas\/13290-2\/","name":"28-09-2019-Puig Neul\u00f3s (100 Cims) y bornas 582-583 -","isPartOf":{"@id":"https:\/\/www.carlosyconchita.net\/rutas\/#website"},"primaryImageOfPage":{"@id":"https:\/\/www.carlosyconchita.net\/rutas\/13290-2\/#primaryimage"},"image":{"@id":"https:\/\/www.carlosyconchita.net\/rutas\/13290-2\/#primaryimage"},"thumbnailUrl":"https:\/\/www.carlosyconchita.net\/rutas\/wp-content\/uploads\/2019\/10\/Neulos-582-583-00144.jpg","datePublished":"2019-09-28T20:46:24+00:00","dateModified":"2022-03-13T16:41:23+00:00","author":{"@id":"https:\/\/www.carlosyconchita.net\/rutas\/#\/schema\/person\/a9691f7258c28443fab2d3aa1479ea19"},"breadcrumb":{"@id":"https:\/\/www.carlosyconchita.net\/rutas\/13290-2\/#breadcrumb"},"inLanguage":"es","potentialAction":[{"@type":"ReadAction","target":["https:\/\/www.carlosyconchita.net\/rutas\/13290-2\/"]}]},{"@type":"ImageObject","inLanguage":"es","@id":"https:\/\/www.carlosyconchita.net\/rutas\/13290-2\/#primaryimage","url":"https:\/\/www.carlosyconchita.net\/rutas\/wp-content\/uploads\/2019\/10\/Neulos-582-583-00144.jpg","contentUrl":"https:\/\/www.carlosyconchita.net\/rutas\/wp-content\/uploads\/2019\/10\/Neulos-582-583-00144.jpg","width":1019,"height":764},{"@type":"BreadcrumbList","@id":"https:\/\/www.carlosyconchita.net\/rutas\/13290-2\/#breadcrumb","itemListElement":[{"@type":"ListItem","position":1,"name":"Portada","item":"https:\/\/www.carlosyconchita.net\/rutas\/"},{"@type":"ListItem","position":2,"name":"28-09-2019-Puig Neul\u00f3s (100 Cims) y bornas 582-583"}]},{"@type":"WebSite","@id":"https:\/\/www.carlosyconchita.net\/rutas\/#website","url":"https:\/\/www.carlosyconchita.net\/rutas\/","name":"Las rutas de Carlos y Conchita","description":"","potentialAction":[{"@type":"SearchAction","target":{"@type":"EntryPoint","urlTemplate":"https:\/\/www.carlosyconchita.net\/rutas\/?s={search_term_string}"},"query-input":{"@type":"PropertyValueSpecification","valueRequired":true,"valueName":"search_term_string"}}],"inLanguage":"es"},{"@type":"Person","@id":"https:\/\/www.carlosyconchita.net\/rutas\/#\/schema\/person\/a9691f7258c28443fab2d3aa1479ea19","name":"Carlos Conchita","image":{"@type":"ImageObject","inLanguage":"es","@id":"https:\/\/secure.gravatar.com\/avatar\/3a4625b20c8da3de99da69bfe7a322774e291c3f90dce7e8778a30fe6748ed1a?s=96&d=mm&r=g","url":"https:\/\/secure.gravatar.com\/avatar\/3a4625b20c8da3de99da69bfe7a322774e291c3f90dce7e8778a30fe6748ed1a?s=96&d=mm&r=g","contentUrl":"https:\/\/secure.gravatar.com\/avatar\/3a4625b20c8da3de99da69bfe7a322774e291c3f90dce7e8778a30fe6748ed1a?s=96&d=mm&r=g","caption":"Carlos Conchita"}}]}},"_links":{"self":[{"href":"https:\/\/www.carlosyconchita.net\/rutas\/wp-json\/wp\/v2\/posts\/13290","targetHints":{"allow":["GET"]}}],"collection":[{"href":"https:\/\/www.carlosyconchita.net\/rutas\/wp-json\/wp\/v2\/posts"}],"about":[{"href":"https:\/\/www.carlosyconchita.net\/rutas\/wp-json\/wp\/v2\/types\/post"}],"author":[{"embeddable":true,"href":"https:\/\/www.carlosyconchita.net\/rutas\/wp-json\/wp\/v2\/users\/50"}],"replies":[{"embeddable":true,"href":"https:\/\/www.carlosyconchita.net\/rutas\/wp-json\/wp\/v2\/comments?post=13290"}],"version-history":[{"count":0,"href":"https:\/\/www.carlosyconchita.net\/rutas\/wp-json\/wp\/v2\/posts\/13290\/revisions"}],"wp:featuredmedia":[{"embeddable":true,"href":"https:\/\/www.carlosyconchita.net\/rutas\/wp-json\/wp\/v2\/media\/13289"}],"wp:attachment":[{"href":"https:\/\/www.carlosyconchita.net\/rutas\/wp-json\/wp\/v2\/media?parent=13290"}],"wp:term":[{"taxonomy":"category","embeddable":true,"href":"https:\/\/www.carlosyconchita.net\/rutas\/wp-json\/wp\/v2\/categories?post=13290"},{"taxonomy":"post_tag","embeddable":true,"href":"https:\/\/www.carlosyconchita.net\/rutas\/wp-json\/wp\/v2\/tags?post=13290"}],"curies":[{"name":"wp","href":"https:\/\/api.w.org\/{rel}","templated":true}]}}