{"id":13428,"date":"2019-10-26T21:31:42","date_gmt":"2019-10-26T20:31:42","guid":{"rendered":"https:\/\/www.carlosyconchita.net\/rutas\/?p=13428"},"modified":"2022-03-13T17:37:15","modified_gmt":"2022-03-13T16:37:15","slug":"26-10-2019-bornas-590-593-puig-de-la-calma","status":"publish","type":"post","link":"https:\/\/www.carlosyconchita.net\/rutas\/26-10-2019-bornas-590-593-puig-de-la-calma\/","title":{"rendered":"26-10-2019-Bornas 590-593 (Puig de la Calma)"},"content":{"rendered":"<p>Continuando con las bornas o mojones que nos quedan para llegar al Mediterr\u00e1neo, hoy localizaremos las bornas 590 a 593.<\/p>\n<p>Empezaremos a caminar en el Coll de Banyuls, cerca de Espolla, a donde llegaremos con el coche.<\/p>\n<p>En primer lugar empezaremos a subir en direcci\u00f3n al Pic Estela (en direcci\u00f3n contraria al mar), pasaremos despues por el Pla de les Eras, y poco despu\u00e9s llegaremos a la borna 590.<br \/>\nEste tramo no es muy largo, pero sube bastante, como se puede ver en el track.<\/p>\n<p>En el camino de subida, veremos muy a lo lejos el conjunto rocoso donde est\u00e1 la borna 589, que vimos el d\u00eda\u00a0 <a href=\"https:\/\/www.carlosyconchita.net\/rutas\/06-10-19-bornas-584-589\/\" target=\"_blank\" rel=\"noopener noreferrer\"><strong><span style=\"color: #0000ff;\">06-10-19-Bornas 584-589<\/span><\/strong><\/a><span style=\"color: #333333;\">\u00a0 (ver la foto m\u00e1s abajo)<\/span><\/p>\n<p style=\"text-align: justify;\">Volveremos despu\u00e9s al Coll de Banyuls, en donde est\u00e1 la borna 591, y seguiremos el camino que va en direcci\u00f3n al mar, y muy poco despu\u00e9s veremos la borna 592 que est\u00e1 en el mismo camino.<\/p>\n<p style=\"text-align: justify;\">Aunque el camino va subiendo, de momento es f\u00e1cil, hasta que empecemos\u00a0 a subir al Puig de la Calme, con bastante pendiente y a trav\u00e9s de una zona rocosa algo dif\u00edcil, aunque bien se\u00f1alizada.<\/p>\n<p style=\"text-align: justify;\">Bajaremos por el otro lado hasta llegar al Coll del Torn, en donde est\u00e1 la \u00faltima borna de hoy, la 583.<\/p>\n<p style=\"text-align: justify;\">Intentamos hacer el camino de vuelta por un camino que bordea el Puig de la Calme, para evitar tener que volver a subir y bajarlo, pero solo conseguimos encontrar lo que pod\u00eda ser ese camino , pero con muchas zarzas y vegetaci\u00f3n, por lo que desistimos y volvemos a subir y bajar al Puig.<br \/>\nEn el camino de ida, hemos visto un letrero que nos indicaba el Coll del Torn pasando por el Puig de la Calme a la derecha (lo que hemos hecho nosotros) , y el Coll del Torn sin ninguna aclaraci\u00f3n , por la izquierda, por un camino que parec\u00eda m\u00e1s plano, pero que despu\u00e9s en el Coll del Torn no hemos encontrado, suponemos que por estar muy poco usado y estar cubierto de vegetaci\u00f3n.<\/p>\n<p>Hemos tenido unas bonitas vistas de la costa cercana a la linea de la frontera, especialmente en la parte final del recorrido.<\/p>\n<p style=\"text-align: justify;\">Debido a estas 2 subidas al Puig, y a la primera que hemos hecho para llegar a la 590, nos ha salido un considerable desnivel, y la clasificamos como moderada.<\/p>\n<hr \/>\n<p style=\"text-align: justify;\">\u00a0<\/p>\n<h3><strong>Album de fotos<\/strong><\/h3>\n<p>&nbsp;<\/p>\n<p><a href=\"https:\/\/photos.app.goo.gl\/jnCfVFEgH9TbB7R17\" target=\"_blank\" rel=\"noopener noreferrer\"><img loading=\"lazy\" decoding=\"async\" class=\"aligncenter wp-image-13429 size-column4-2\/3\" src=\"https:\/\/www.carlosyconchita.net\/rutas\/wp-content\/uploads\/2019\/11\/Bornas-590-593-00044-285x190.jpg\" alt=\"\" width=\"285\" height=\"190\" srcset=\"https:\/\/www.carlosyconchita.net\/rutas\/wp-content\/uploads\/2019\/11\/Bornas-590-593-00044-285x190.jpg 285w, https:\/\/www.carlosyconchita.net\/rutas\/wp-content\/uploads\/2019\/11\/Bornas-590-593-00044-272x182.jpg 272w, https:\/\/www.carlosyconchita.net\/rutas\/wp-content\/uploads\/2019\/11\/Bornas-590-593-00044-570x380.jpg 570w, https:\/\/www.carlosyconchita.net\/rutas\/wp-content\/uploads\/2019\/11\/Bornas-590-593-00044-380x254.jpg 380w\" sizes=\"auto, (max-width: 285px) 100vw, 285px\" \/><\/a><\/p>\n<hr \/>\n<p><strong>Dificultad<\/strong> :\u00a0\u00a0 Moderada<\/p>\n<p><strong>Distancia total<\/strong> :\u00a0 \u00a0 \u00a0\u00a0 10.964\u00a0 m.<span class=\"totlen\"><span class=\"summaryvalue\"><br \/>\n<\/span><\/span><\/p>\n<p><strong>Alturas m\u00ednima \/ m\u00e1xima<\/strong> :\u00a0 \u00a0 352 m. \u2013\u00a0 717 m.<\/p>\n<p><strong>Desnivel acumulado seg\u00fan Wikiloc\u00a0 :<\/strong>\u00a0 \u00a0\u00a0 803 m.<\/p>\n<p><strong>Tiempo total \/ en movimiento<\/strong> :\u00a0 \u00a0 6 h. 55 m.\u00a0 \u00a0\u2013\u00a0 3 h. 51\u00a0 m<\/p>\n<p><strong>Vel. media total \/ vel.media movimiento<\/strong> :\u00a0\u00a0 1\u201953\u00a0 km.\/h. \u2014\u00a0 2\u201975\u00a0\u00a0 km.\/h<\/p>\n<hr \/>\n<p>&nbsp;<\/p>\n<p>El Coll de Banyuls, punto de inicio de la excursi\u00f3n de hoy.<\/p>\n<p><img loading=\"lazy\" decoding=\"async\" class=\"size-full aligncenter\" src=\"https:\/\/lh3.googleusercontent.com\/Tu1NPQp6HNi0UqKjM0c0VgbmUINbAa92QV4qJ9t-uPd5jFLfqU7j-Zpng1lvcc1ywq1X0Xe2zhpBvLgkevcps9O_XopjHm8WdN2RNvobKPTBds2QPpFhsnvw7_g5J7McCjSGErqI9E16GFPNWegUXJB2hYedFEsV016adMtfbRJWdmmrN1zWwlSKMzzYvFi5URDSNscRVLefFMwlia06-XqyRYmG7LDBh8EfQSgqslZr7powpXkDsRXrpXEj3uVVSub9a9mEyGNjdYBHB8eNFmNcKelaRdHTz7mWN1mOjAVnxBsnAZ0hf2Bah9vIby2uYbYnm9rZqYnpgmFem_wxKj65sS7I_vqUinsU4tUn3qmZA7FFdPLnUo5p6-6F0v8NUJ-5gNuWutADUgyHfQyg8QTTrosvYfvhCBRrNeg8jDx1FrK7vbeYI8c-4wIy7GDt7TIZXTmuFUI8tsxILDzvD04_7A6BGs3XvpzUiFCx4ouqlspN3cG7YGWR1ukO8DPlm9QestBQtZiaQHrz_ad4o-S996Vbo5pTPWaftg9yc9BaxbGPW4gg1J4jHktqG-lSr8XgtvuVMALY87gbfuiWSftd1nFfG3ILGBAnddM4k9hT9fN02xAbyXd8y3405sL2iUEziqqbABwUe_BauEL9SP1Q13rlXPzReiMkbicfeB1TXhcxebuCk1aJo4DtIb8kwsn6RUHFizT9HERpi0P-x22spXcfYL3SavdApOo5l-RP4Spi=w1024-h576-no\" width=\"1024\" height=\"576\" \/><\/p>\n<p>La borna 591<\/p>\n<p><img loading=\"lazy\" decoding=\"async\" class=\"alignnone size-full\" src=\"https:\/\/lh3.googleusercontent.com\/8HMjkuJMMmeczwNO8U3E9OM3aiQRjoge0h7iyn32BO_RlJLDWgqJo8l9p3QgPLL1z87zMQn5zOknK8VftjybwBk_zMfd-Y-fEMIzr91Jf8BAxykkRZJJ6SMWhof0a_D-47DfNrS3XU0iLZ__1dLKX6hC5qm68wF6WdL9s6nahxchNKO93sT0fUaQ9tu9WSTaE8HDcj8UnIFlTYr5bOCg27UyIouiVxjgWK5u86CnzcfIi4fCV06_5WxMzVWzdbSYpvgonSW2WRoSJODpvzoyGpiRRmK_wyO2sFwbL3bXT0cLDTtCZXOaH67sCjHKh8aXW7u9YMyOpUG1BBfiO6EOBY1A-aZvu4E9EiqTjRRb7zBZK2UaIrzjrgUGpXwlEji9RLsSDLlvYLK7obwkl--D2CTQ8gRe9Qng0Z-MO0P3MdD7jkS2e5cg4vzoUFulc65CDvM7LhC465rNU0GjKqLmoC7PqDkL4OX3JH3mVHw318j64poFVqPqwEv2T-aBvH7LZnsETuMFJQazNRuPA8Nl1D9fmBBcnTvgx5ugcXOBySFNzsm3ZteCJ1KwLKJbpRXH45UpOOE1aa-HPhFmGmjQbNmba0YpvZA5kpXwkN-WvBh9fMYoxdX2aP6jstA2Ubw8VdKVnMct2rZFVPq55D2Rj84c6Xh25wap0ioGUg40zQnsCT_gG0m4RAYnEPipkavE3f7syMqscjXrrR4QSKrWb8R7svF3Ri0_dJlsvikwpOdh_6e1=w1024-h576-no\" width=\"1024\" height=\"576\" \/><\/p>\n<p><img loading=\"lazy\" decoding=\"async\" class=\"size-full aligncenter\" src=\"https:\/\/lh3.googleusercontent.com\/OsKjQ68kB8QkKMxz-z8-MIW_PDXqmxefprCM4SRG8Lgn1d9Hv_fARM3eUbjp2P6gI9OvGDYwUsNa76vf_VMwq2806kt_noqdMvQZ6txxxI5xsbbNFwBhc2KDA8qLbiI1JalpD_gyX0JqOXMljlV22cxD-Q567-n5QDZjTjoUOwLJiyOTYNoZlgFrpCN05zKl1iw22mQNEspIu5prHbGfwrXGoCCuTMGxKWDvWdqVdPk0yWs1WoCZE6YRZmd9sCS4nLyRzpk9CN_D8wD8zJj2i6tuHvVuRQuZx8DOozSYkKhX6AR8Q1L7_2Ulvx5Y95ZF0kJ0BZuvAW5Oc9VT_Gd3yh6yB6-xvNt2ubjTOrKNvUG754D6kiJbZLXptsBk85cGEI7KHuws9l5QPAS72hGq-ewmyY9ki9edFs-50xgVBVOlNb_EsM2hwClbL8gN1ta01hfNoojZ-kidEOklWxX2gb_d9OgWgzGChIymA_D7aAEyasjCBL4xAiXXZvDjslsk5pP4bH_LFdx8khQ35GjVZwyxEd7D8m5ruc7esuXLYLmLrgTFkinV1ZGMTF_8M1Y4LFdX_mPnNFAz4esVFDmZkbjbGb0VCycuHjWpcMIuFGZxSzz6y4bw5QCX4EgEt_VfvTbEmeE_5HvX-8PRqDOBmyNOKwGz1YXOFojK3vg_51ET6T2d7kAv2znLnu7Ix9oJp3G8yCmf0gk0kouuyKGXpMydBu5H18ORLIlZKipgULSFzSMH=w896-h665-no\" width=\"896\" height=\"665\" \/><\/p>\n<p>Un monumento en recuerdo a los franceses que intervinieron en la II Guerra Mundial.<\/p>\n<p><img loading=\"lazy\" decoding=\"async\" class=\"size-full aligncenter\" src=\"https:\/\/lh3.googleusercontent.com\/Gn2NLy5h1W_OClwydmrgGsaLHcBC1yDQUy_YKl-KFpL9_TnLY_yFoc3KjfhAJaTRnEnBAP_eNo5PdsJgdYotgZr7PTQrLqUK5pCroRaFDjKzqiGjOZjUqXhwNuz6UApyYrfmXzBhgqzzKVSec2223iyG75DPhRb06rR3aAhBQnaULeEJF_oyXgbu95uo66qVMlt6jXxlM5QN2V6wFGZ1tZqtPorY3GNSWge0t8D-msg-MjZKcyrPoRzrtfvQ-XtWXSsXVK9hJbpF1jnC3Ojb9nm5UTWGjoxbMB77TBqXZC1EE2WPfRYLFdJbH_z_0cwbZcjuaH0gvAWGqjTEzza_1VL6DubpbF9W9sy9G95Ww1xdBVAqmcmvLL96ThNCz9eacvkKgtxrp2JUkG_1R56cAQOnjssYz-xLD4yZRsiQ0ymdVD2Gfw9NiLJiBbQRfYAj7pjdwtYxQSs8yh8yt368wzWtOzW-hoQhTojQdXqUbWTOvjTMe2YCwM608F_uR3tLtI1gZHuiX1Rdc_v6-cGAZGXwscl0N0i6TFXBiKVq2dGHHW0flRKXwJ6TIpAeetSjaoN3_leCkfmAJ1OaMPccVjt4x-YHLxm-N_wFN1WxEo298dG3OIwvqL_2J_sCekgIREDnL28OZpoQcVZNydLvuRwhrRM6cK4oLbEsHsAfvhfqNHuN0jOn3whjExCyHopJG_cbjDxl7Bs9W7UW5ROx3UBLWNMQfNexal-kPfhpgyvRXOp8=w1024-h576-no\" width=\"1024\" height=\"576\" \/><\/p>\n<p>y aqu\u00ed, una placa en recuerdo a los espa\u00f1oles que pasaron la frontera en la Guerra Civil Espa\u00f1ola.<\/p>\n<p><img loading=\"lazy\" decoding=\"async\" class=\"alignnone size-full\" src=\"https:\/\/lh3.googleusercontent.com\/VO3-2iMeTKa29Iq5f4seLdAyGN2vgWKliBG_m0GYeA5HHNkje_Y0FuMXdY6nVwDkZB3ISyfDXzJ4WUkeQyCwrG3TtuxGGqtPqcJEFGMO_EwZCHagDQ27cHWOwbEPSpDDsP63WSVP5FA4useZQ5rXABpoCrtblHFUID5G42WXEBSS3TquqZyRSt8Gk6oL69Tehru0G7a2Hf0MsKYaM-zs6UYxZsjlzZHLzW7lueFlW8c7muQvbvsev6OvQjt59cljMVLYBWuHqwLMViDorcOOKfjmamsmXrJIF9pQXjKdJ1jtMwwhwkYR_Cw7oLcldxkLkOUeMF8it3q7avtCArukAAaNET3iSY0EwVVUvqBdNt1mde8ofFMbNoOKZ29bGEhnhLfOKNHtRtiDYOpHSrpDFTRjTl6qA-vWGko8KRIswdgSH9fxNqTg4_GIAvPiaIkT7rd5dEgWTb3jGroAht2-Nwntxet7NNvMssQf5WbfrfISmiS50nt3YyDMlR4oGx4SqNUA_1K2elnbeR0s8nfy4Oeu6gqssARdn_yAwvcm3bZyQT1dQkqem9L3MAFbM1WstFHNpXoWyqx0vdr9fV9XdtS_SiyHIpzkZ5qgMwDF8OiDt0E5MnDhjLyMOA05TMYi5hshymlEA_MH_dfCqCWQn7kO8hjfMmDWOI-Oou99HJ9Fu312I8BOtjgRSlfFXIGCIq0Um-kp65kp4UUCQZlaI52-MhQcZ-rTFw8fm6akDjUSqFW7=w1024-h576-no\" width=\"1024\" height=\"576\" \/><\/p>\n<p>Subiendo en direcci\u00f3n a la borna 590<\/p>\n<p><img loading=\"lazy\" decoding=\"async\" class=\"size-full aligncenter\" src=\"https:\/\/lh3.googleusercontent.com\/xWQ2iyY2A0KAtchMhaos4_P9w4OS7w37Fqwl9LLypzyb-o7BDDrHaoa2AqC6qIx8vpgNa7Deroe0iP9uOE8lOVNmY9J9HZPvx5npSm4euCWInikqcOVArd9C4T357CLds9_c3-o74R-qsO9zme-ncRJf7alFaE4LWOO_tNlYYnTcus_wCErwX1QiFxfUwakN-xk23w--1_i9m8iOzr4un8Eets3PLiwgYi7fYj_pP22h50R6GjNLyUykLGAHA6Np_B4QAGywSnSMvoGdFCQUsEWsjKNOu-9Nz908wkYDZ135EHQ3mfUpu2FhHi2nktZ9qqKsSWsG3Q5tmLPAIh2zgPYb89UdSZ6K01R0xmNrbL-C1fB8kMa_D_nQLLAuDxPylUl_7UNHBAgAhDAwrt3qOzmvK7k8JkqipS-D8ZEx2T64hmZ1XWoTPRAsfdqD86LezYWpHe4eVYe6m2ntqtRUwlIy9MLgmHsEpDG0MJyWGvZACkyTnaXogchtdGQ-WYpbJ0MuLKTUbCnfm_vU1EfTOEaedtfv8Zn4pBzdRwmqAU0R1iXiosbtZR5J8QNwIm8jPkeFE8guPQY_EfkhdQrEHkEUngE-tPbJsWUScTFWXygHYywlqdJmt8a-DBCl6EcC7ClQUdF3-QYCbYvOpEGeXotu-FcfoHIKWryXhTX71j4b2pX8-tgnK8XUhAFdOqXU261vP6k85B3hbILkDrCQWDUVmop_0gzFh9jWjUC15zLl5o4V=w1024-h576-no\" width=\"1024\" height=\"576\" \/><\/p>\n<p>Aqu\u00ed podemos ver el conjunto rocoso donde est\u00e1 la borna 589<\/p>\n<p><img loading=\"lazy\" decoding=\"async\" class=\"size-full aligncenter\" src=\"https:\/\/lh3.googleusercontent.com\/3tHSR3H2jnERLA43Dw3hEw1-q5F9hptBBN3XOGUy9gZDxtdNWORlCdxQ4x-OPRGnxOsN_1-WYJYXNJtZAkdYBOZVE54o1KCMS73tRbLe07q8ltBlEiD4HeJPIrfrlNqQ6oVJ9mlERP4LKBMfdMp5AFPOMiQdHyvp5kIE5aDs0LlWP3wCNq2zLyGNMpXyYycosC7FqVAZUIrHmOTAAZBz8zjNWKE6QkkqdCH0u7HhdRnU-508s-4va180HDkqRpVvHuBgAPfTec_YzKbe8BnHXgmbXeleJcjFLcoBAzZzLCO_NzkFAgfwOg-Cb4Zrxnj5lR1J7uADQ2TjPGczj8Uvvze-I89IBm5Hxfp2tikDwGRBCGLepiNVXF8ESwZsK45MTPTu5blzLgBGe4K2YAAzGGDagb0u9Rbja6pxlTNyTSMoNHKZQK3JLr_6NH-Y881DwvZq7ALQEK-OSaMWRNlnmWmLFDEXf84P5DN3kBL0A_YLJCvO661Xvby-NEXQaDtg7XIJCmlQWtV93HlAWokbkixsprUHtUZs2SCjTsn8X4Lx-YGZJQOKtZrvFlGafDqFnB7v35Yzs5pDN2uej0VPS3p5nSZj5Bn8vuGTm8N8RdoOMSyDvpoBs0Et-FKKYTXjjT8pOT96nAUZ3tU-WECj7LNn02d1DAFf27zVwbEp-6HcFwLF2RlaaiZPcoX-AOxJPHH6RibvVkqysYGCdMXh4nOLtgTR8m4ER9Sy5wAPfKtfNMV9=w1024-h577-no\" width=\"1024\" height=\"577\" \/><\/p>\n<p><img loading=\"lazy\" decoding=\"async\" class=\" aligncenter\" src=\"https:\/\/lh3.googleusercontent.com\/3nCBM4cBMM6lRiraznI5nOnRbATmn2evq9Vte2qKFYlBesbrImPUvo7QzE5iXq717PyamPC4PcEo6evaeGXRCdcOPlARoe2jkXY0DiUSvAv3Kg_PdeOTQO3pZcq_s0Mf-ZDqMeDB9xQFYjdHjyVMAZW0Ar4Gn3_Dd48zQmzRgcyefwXxxv16VMEH4gRmgRsfwzDbZ8HZtM-05e3ep2lGlO2B4tt4EaOfGzsl8sbw3Soz3wp2P4Slo_9vhjki_SwrEfnnstWEAwKtVz7FeDAwGAZXys29ui87ToLtZRa8uj178v-UHggwYnBvyoLPoqZvcC9onKDcGXpnWkwnk-RH_7tLrsINQKJRv2oxeSYKadn6hHO5n8N_GG0kYmixXyfopL6dz7uoBgO3pc8LJzycGPdk9nCMra8AkN9DBvQ6H-XlNlW-ki9Os3qhjWh-vRxI8rB4WnVBcVVF-MqbhUSr2mqUQaFoQj6UzN2hU6BN5kQcyzoH38W35rEmQ_QYqXl_xh0f92_iL_jVex1klsgtB1RXd3Rs3AM2ZKPcnApDVwegID9i-I-eEDosMi1kVYJQmYKr_bjeP-ZEFhoscv3_wbFAYWEKkOCiKOmCx0gDxg9zlvIdIJN2Dj3CP_hORURTYgWOz7MF8LhAJJ8SGm-MBxx8AQVopN9IOvUwkLD6L5k5eNmK8eGb55twaMDQ-BiaoxefNTaNkShc2ufgsRKqsD5n9g_8trNyOBFG_DPXJiCKbzAi=w1024-h577-no\" width=\"1024\" height=\"577\" \/><\/p>\n<p>La borna 590<\/p>\n<p><img loading=\"lazy\" decoding=\"async\" class=\"size-full aligncenter\" src=\"https:\/\/lh3.googleusercontent.com\/nBVeKLma0p03uzYU2IOLHHHnpILTCDamBp9ufhvewHG0OTYVqW4t8veuMxuReIg9Q1pvQrY7Yaczqf4NkpPz6qyOh5-a3Zd8QMU0v2A_Ler34KRyz9N3ZZCqHqThZmhqaCajGjSAXk9v-GH13gBP7wjGOYG6O_e7VHhN3rJU6ORXBAdI5B_tiK_BFhG4l6og_H4ko6CUcghQz2i6zp-6foB7By-pAvZM-68QzhQXNr4TCz7BEepws8Zd35YEFseH1IhQUTqHujRDkpuEV-yUlP_IJCoDhR7jHOGF4P8ep0gZ_XqSnlHpnIpbusoBl53OKeEkxXx14WBNfx8W43ioSL-94x-90zb2V6a-CRgJJ6slPPiX4_MoLvqvuGYTJW4z3UxxT7Cn9lBlVlRsGmFH7OSumrNuU7neZ_QTmsj9wyRWALGMHkT69kskdlwjRDlZF7sqqAmiz6cryywKTqj96Ntdm3u22iwPygqod1ZVAIuRZ6Uana2xava2ut_uzxiRPeJJfg8ny0M93ab_-HY1LRuqANQRwepUC_QaXgQ36Rmr36cNmgglK17d2RprCiuXtZqwJeYkfeq7DcmXIeSJhPt9R0C7O_qraQbMFlkbYpbzVao32iwtGgMg0j_8LbxLDIlGl9NkXQW3yzuzpUOXM0ytHBjVFKEko09jsJGMAS0AlH0WmjCIgb4ITmCkaMyAiQBW5hk3vCF3XNSA6_6OMx3HGT1N33iFBYP2KW2-QXk35S9K=w896-h665-no\" width=\"896\" height=\"665\" \/><\/p>\n<p>Vista del Coll de Banyuls, a donde bajamos de nuevo, para seguir el camino que vemos al otro lado de la carretera.<\/p>\n<p>A la izquierda, la carretera en direcci\u00f3n a Banyuls-sur-Mer , y a la derecha la carretera hacia Espolla.<\/p>\n<p><img loading=\"lazy\" decoding=\"async\" class=\"size-full aligncenter\" src=\"https:\/\/lh3.googleusercontent.com\/F8BDhQww5v9aNXvGWuZfQpIhGkntjYT53o5Ghv-6lMBfbWjuTjkw7SMP_4bjyk4eYrr7v7ATokxuUjs-0xwlSGi45NDNA40r5kydLjiipmjVqGhMMbVEJ2T_vIBNHO5KcZ0upgH6QvERSIXt6HyPN9uwZBw3vq9xfJvfwfeTVooo02b3sFVOOLrgP9eIWTwF-7IveQPZY3m8bZ3nUm_yk2o-VGjKTZrUSWlIx5GIECEw_YRbrKgxv0vsxxRO1X7SYqtHs5yqz_TSGntBV09PSKog6bxzw-dQSXLYO7Jt-erwmIpUkzU4_hRSZH5uzi-X8sYVxgssJu1wJCUupqBlM6qcVilowzsEkYejA6LNFJfuSSMuuj3ztdzD4jbky-RlvA946sYuY6uwz9wcLmKqydfnavvJ5PZnm00uG09BRvaefQP9WhYiGE_BiuICO1jWL2DhQ_QVbR8hkjup6PJOxqzxXI6ZQ110qXLuGXwkc3GlkWXK4tfwFD7NxSJv6g205tG1ePcLvJxZf50gBCnMQOFV4uVQ3Xe0cwEiil8X7J56dwWtrNkDHxkgXJHhUOh-nQ7DcGSNz1t1ggHiTULWxSLg1dWJBmbks1J8CvoUvPszQ4RI-Ygn9oIWN64AJ9W0HqwPzw0T105SgqSVpPYerrzndW8o6MIjK66llYCErEXFloWQOPQlkBRlNRG4-5K5teUwVMMYLdmhexTq-U0JCVr0wcJuq-kjvyujHO25BZaA22Js=w1024-h576-no\" width=\"1024\" height=\"576\" \/><\/p>\n<p>Primer tramo del camino, muy f\u00e1cil, en donde encontramos la borna 592<\/p>\n<p><img loading=\"lazy\" decoding=\"async\" class=\"size-full aligncenter\" src=\"https:\/\/lh3.googleusercontent.com\/R1jFdTnLsqXDJ2y2hm3lKtKj-7tDB3yZTRjDotnER1hMMFf6cQroOvhTx0qHjomHzocdlC1pSBBnw-Nw4B3IrN9vShLk-6TmJG34V6PCp4quGNuyL4fREZw1_-qjLLdAYNVNuN69DfEL41woYyHHRWNQx272zEA8gBizGZAWWOat6jbmk62SVyL7Up-9THAFBzH5zeS00R5yuc9CuVlUkE635ebq1o_YNALpGVyDwXiA4MYFlD57TF_KHToxGZe7rcxfVMBwUX4PdPS1W588vZOR9OoV9hM37yB3gE7wWu5p_SY2okce0hL9-3iznHjBbX7TWc4fKjahijGFKORsPnk1vOPK7tybbhv2J_fZPoT8y1cYmpSZn5GyGE6iES9XJ8SccKIisIcr9aOVPp0p5m8P6sfHmxfo2pm6Ys6pz7AzztmyNkYN-nXsts95jHDh-qsCPEH9_Tzwx4ra3urTVXjIdbRJA-w-a_GDRpkCTLND1-0uSO--lvU-vczvjBYtGQ1_rE4ooI33X9MUYQi1ps9Ougq6lzp5zZKC7sVKkUu8AA1c3-lF6pL0UOtY5AwVXNqJVdlQBCJVF9svXGlpSxYtj5VTqaTiQ9yV6-Uqo-hh0D1PU912pvNPOE-a7XMorfcvGQ8MgQQjlX_3leXj-cteV9MYEny2oFLUUsc2aG2t11HT3kapAPmL9J6usvC9jbx-Zq_v1WQF98mF2okKR7JekNsytSFAnDRFvI8E7PP5hQ4v=w1024-h577-no\" width=\"1024\" height=\"577\" \/><\/p>\n<p><img loading=\"lazy\" decoding=\"async\" class=\"size-full aligncenter\" src=\"https:\/\/lh3.googleusercontent.com\/1wZKBEI4XEydz-RZxHyE_YiWBxhQ08cETu3-vPBRk0ee2rxWGuVzVMd-LYBj7WlMKYApQp2cxbEjGlbYmo-HGQMHDygd0Cry2WhsUfQ8IMvxF-ADqYuwCdo5wiffVYuXPmFXweePA5aURc5gDmzaZDVkpND6QapVj2TtSz1M_ST-418KTJW52UfDQRLlyvl1Re9uX58EZzdLxthLUgNy-bGVxYPnm0X0WLOh66MElWOZsWqJx9qjW5Pek-MPDMl2paN-0z51EdBE6cslaTF7USweUZjcI5Rf5AwGFzAu-9kF_SnDMI3Wk-i2WBG1vPLJNpOcgen9NqO4Vct0lEmQAE9ZCoFwwVTtRHW9BnZWP0UChcsSqduo8uxHscVMmnaB9vJytby1besrF-eW6_ptGHL5Bs4yxO5cXdygTAc4F-HKeflc3TIQ5puwZ9KTRioFEPURVpb4I8W36xk78_MG1bxuqXROKzofRsBB0PabHXIc1TSpO_iYTR3pqIoLAH25vkTpfNbREab4zeYmtv-A3QvtF6IK26VEMy6voj_BmFio8FgUDm18cYpJYgudDIHQGPY6wRgCfwv1iIpjhNxIy8LGC1JXwKRS5XpyffvySV5z3jzaw9JN0l2KI1ls-2lD7jNVbw9MAtzs0Z0M4GZQ8W2ZitZ1RplBjE4TJTiBUB7exulh3GoANrFQ1sD2RL9zUSnMko8Eie749KtYrI4gnQhPO_RTDxk4RRnvKC-l8HaNDaul=w1024-h576-no\" width=\"1024\" height=\"576\" \/><\/p>\n<p>Pero poco despu\u00e9s, empezamos a subir hasta el Puig de la Calme<\/p>\n<p><img loading=\"lazy\" decoding=\"async\" class=\"size-full aligncenter\" src=\"https:\/\/lh3.googleusercontent.com\/guBg6QjPqiZjnCInfopfWko1DU3ygvWtZBMSPYoxK52Oh-2xam5jCGk7LhVb7H9LgSTbkrFhNDEacrdiCCeFko_QU7QST6Z-W9Q46SajSR-VMf02FWNw_KOkIWP42ZvB67bVeJWRl59pJy8s86dobK5wIvhPsdBUVXVr6B_Ip3WBpfBysEMf08Edpt_DsPaUNubn4p5L3YjLGM2vB91wRGYsuSmHiSVo4N7ldpGsrvd6JOrirrSZo3Jekfp-20WMZEMEKej7g8B-JLHdWE_tt3uFEtXG4uPz-zq0CaSPSwkHQjuVYwwQsppvhZn7wSpVHMVAAczUnkPQK9A6CTHqHFmEkCR6Fi3VC6xbba-UE1G3DD63l6ySpztHkLXjrvo2ZCy0GN5_GyR6CeDw_Inwjc5vsahUbWY7AK2sNbWWeStoqVuaUfyJYCuhGxLuYiTH9B7ACo1xvGxWYCPTcbH9nvLxW7CcWDFToNaHb1QNLjPyqHgww16ipzrwaxFXI7K13p9aN5ePfWzkwAltElklUNeMfjEoUQvMP7YpvxIgyr0qhCD234cFOQYcTSIIb1TvCwQ7Ay4wfQf5f1rm9U-52pCQJu_Ea2Xp3-wqDioCOsOEsC3TiuuxgOOqtdlCQwfM2gJconVO6OISbwgYvdRM6xQSgYrwEJgLCvwKublXD064B_slRI6d_03xxdRBLlDgpwoqVor1xeZ0xyVg84LegDkgqX__oeHaELGmMLIxKz2unNFX=w1024-h576-no\" width=\"1024\" height=\"576\" \/><\/p>\n<p>Vista de la costa francesa.<\/p>\n<p><img loading=\"lazy\" decoding=\"async\" class=\"size-full aligncenter\" src=\"https:\/\/lh3.googleusercontent.com\/pZNysOgnYVbJEjWHxwtavtscKj3XSXoGMWXI89SkZ3qg7keZpgO93d7mdpnpD38PLNSqL-OdpjHsOrfY-SzVT55vZLqlW_0x6zHbLOV6ZsQ0kQ9xDg_LhLLUkaoFKlQz_e0NIWS_HvK24Ky0W3fAf9Hnm3O-5uPb3q7X-1eQlsfMVgM8zYv7xIEVx_kH9KDLGEgP39LA87P3fOJ477lBHT_-f9P8EyykOCxCZ8JBBiGBMl_z5Us552ovUElJLEQdUk83JPr5MQHiqZ4nKQhl3_nkVXhe6RdXnXZww9iEA8AKGar2TqWmAnpVgtfxleGuRbzQu36GVEep6sEZfQwsigvMeB9wsinBBHEywFC5hnNAmmdpBjvKFEdAPshVYg0iBfdGOH_ZpYrmEV52Ds1mHz2I3JDbSeeMBFIzCUprIE-TzfSF9HaMCeebjmOU4CSiM5rtU5XN2F-lLecr1DaNBtbrc1-QMznSMVVhcOwvG6MsdQ3BLsXyIQJWr3XCQY_Q-NQ8zlEjw0XkG0pgP4tDQydtEoGAKfj29aU79dWTKkz7l2_sKbXTusL-1S12Q2MUoR4qZ6NztxGDL8w2koWlyxf0CcVBSBuKabiw5tfOTrLjDJaKC0Lr3JF8HPBMPeGtSyVlCvhI0mji1dqx_biI5CpSyLFh9X-KSVS54AYCCC1NjcX4W1AKOMbMuqsUspyTI8_ve2wq5Y626w_Pu0yNPPTYVRA1eKUM47s7zGybDbOK8O3h=w1024-h576-no\" width=\"1024\" height=\"576\" \/><\/p>\n<p><img loading=\"lazy\" decoding=\"async\" class=\"size-full aligncenter\" src=\"https:\/\/lh3.googleusercontent.com\/vesmqJzLxXsVR0y-ZkBCBe3ws7ZhszfsdLEj-igXUoL_it5UtJqET7o5e8BHYk1pf_3K_kPHG8PcR-KULCLum-7sDiU6pJ5wxDD5lgJrRH9Bgbhlo3bpLNLcO6INAsktdePg-EPU0SyJTOKcch6EioSQcXs0fDZbrLbVoQ5ltOXobxzxhoLD5BQcL74pcYOOf5rI-jCM5ksu6kWoQhaqEr1Pk3EOC-QTBXZIFGJi7HKol4fS-3_cVP3_AB8zq7BlmBZXnX8WoGCALlv0VkQ2rE_yonpvZqRMBH00mfi9JVRf2sJUnLHilNeKfUbiT-Rw2BADtCcmCQqaaTv4HsICr_NW3zISF915OvO--asTV2Qv_KE0Np9o34zfY2N3xiYJIqjEfSj5TUrvqwrAGkjlGJrBNkyUD5RXuhHonVPKrew5GzcK1owK0nBnhWD34WdpWnSg3k7kIuhT66InZV9Ey9n-rV6gmbJd7xv2gftvI7oZYiU27wirUcXhMeog4vkw7n3hWWhucW0ghhJngg_89OTIHk_B5atMJVL6s_CA3XcRIl-cvuZBW_ODTPZ69A4tjzvsBMSwbtRoUyMAJ8TutkksRo3wcVqRQGQa8xwHUMhDZ4a3ITswwtiJvCsucjnkNzdc7KsD1qCEveR4ncjBaQ51lHb_bNeYhkn_St0CIDJ9npb3XGMD4AQWBPoVb0OwOBsKxt-zDPLy5kh7X3cEQOMqnaE0pZPGp88VE87mzcsrJfck=w1024-h577-no\" width=\"1024\" height=\"577\" \/><\/p>\n<p>El Puig de la Calme<\/p>\n<p><img loading=\"lazy\" decoding=\"async\" class=\"size-full aligncenter\" src=\"https:\/\/lh3.googleusercontent.com\/Ch2hfbRVcLd1uCFvmBTQDg8qCrBdIoBxBJf2QRAqvmCaAhmQLuPmOz32o8KTdG2a_Uxv8HBXhl3A7lHgU-PeF53G4avkJBMGdDURlKJkqRHN1wlD6SzCzOhzOjVPApAxlt_Ll8_h4LWODuS_QQWrdY7Z69SazLsBoKt_bOKshRW_cSUs-LJO30s_e4zl1ECLsWoKR4fvXc0wtrPJMwnPrGqv91rfLri2dYt9QIp_k0xHyrezihMdI9TggCmLi3iC9sSZbnjEfXLGGUnT5hzh4BlP_HArlhIa4xxnHxls3NtGar-UMSmMVmrFUDujzEuiVZs42dXopQ6AVGYFPgM1u2bM28RQOw9lsN5XWKynE36qbQOFmhO5CGRNWZ4-Wj_sSom2yXR08A40BytirN721PqxiyBsZzZ4kFJm87qAJIwlz3n76mN0ahwO5Il0VPYlKu2dwo-V8Kc-IbTfZ2gvzdkonC-IOjKBGk6t0eLgqsfGAONk7CkJc9-iiDtjyYXJBeErBDOcCE_udD3onty5MMp1pjs-zM2FzZEEEpzt253k093om45rMvDq__Wxhi4l3Ahsk6FtLYiwbZOBn1-Mqd7Abs-i8ROr1HPE4_9jMF1x_NDVNTln8K5yemxm7tgnu0EyhK8Oa9TjI4-LRewPLb6mDTv6Hh4Z0xYzcK689loY1iqj_FyDFDm-F7jDbNsUiivWEcomqaSRg1ssyfwD3ifCrkhWiIbFoG1hXIY0c86FNl3q=w896-h665-no\" width=\"896\" height=\"665\" \/><\/p>\n<p>Y bajando por el otro lado del Puig, llegamos al Coll del Torn, donde est\u00e1 la borna 593<\/p>\n<p>Aqu\u00ed la tenemos, con el Puig de la Calme al fondo, adonde deberemos subir de nuevo para volver.<\/p>\n<p><img loading=\"lazy\" decoding=\"async\" class=\"size-full aligncenter\" src=\"https:\/\/lh3.googleusercontent.com\/vyczj1O6PJUbFZgTYY3JBUXvUvnON2a1-KC2sRAXfnIzXfEyTnph5oSwPRRpAfpfUNRwxb_58iFWseCrwNvGv8sXOpipxgG-zvPkJotoYGB15otiDxuh3Knvs6KL-YBlo47YuFKbz29JtHL0NtbcRBZLcB6Nh51xfVfhLVO4LnNhF68KvCYJIKI7JveTHxqDmxppXHNY3SymNf77rNBCCoKq843usKU3-KSEgKek10UghHz6K-hTEam7N06iQQFuQbjU8NeeUSc_2Aw74T3XH9V-2-9OTsm6YHM38wVhcSVfE3EZjnrOtM3CFwM-uFye77K00Sdfn8vY9Ikjt-i-E9PdjgVZp-ZSSHu0-3sZV-CAuUe3JArO3TTmq38xTsThJKqDBD6mh5ZzVxQWVZQK7FGryfOb4i-EDZ8vIpWCnLTGyp536Vzr5toHNmeGKUC6jDESL07gSCz_YrBMxgL_fcANaxqiYUv-XUDgd9ULAB70Qp_317VAT6mCeOmgCdV7sJO2YU2NoLUtDyO073k8pHJt-coMLRbIDCruEgp8eYjs0j6x72P-KFqDQ1kg_KkcC3zheqlUp8yczVIfxlvdslISFDtfc8Mu9-ckPWaigJw7CtOVJs5m4ibYvNBANkBCBG3iRrylE6rCUWoR5-mlfwj5nvkfeiB8vzWYogDJ1Sa3Beh6ek8DWsiz77fFMHwZ2JMyw3_9JRGCWp5ZJM1kxAXftRZnsCGvzlqpSkdQTD1mSwFF=w1024-h576-no\" width=\"1024\" height=\"576\" \/><\/p>\n<p>Y\u00a0 ya de vuelta, miramos atr\u00e1s y podemos ver perfectamente el Coll del Torn, con la borna 593<\/p>\n<p><img loading=\"lazy\" decoding=\"async\" class=\"size-full aligncenter\" src=\"https:\/\/lh3.googleusercontent.com\/4T0bn-eRTnE7fY7yhaFKnNdz_3IM_mmqdoBno4Lh5o-mVUsjmownzGsc9GiZAndpRfXHHagL89SPd1S9B0_XaWk9YUrpfpXiqZZTMIBVXvf4CNN6JkvgUucypDmsWez1kDGJOWGQtZQWQYC4mUgm5R96fmIsTqYz5PKEQ5XomeRWlFh5CBBT4l_hghhyDBCBiBEU4TiIU70mCUJMxv_KNzfso5AhkwsvSvbS8dFSB005d-1QOhppJebw59FUd5DS0jtSBpbVD7QpMSdEFqSw2K_MAtSqQ85Esxg6M2i9oVHsR-cWjHJujUa_NOXOhMMm7b2z8uu9oYNyHiTD0zvkO0YkV1jy68OxktO8SB9PfTREmQCWv-DsvB2YfepHqAikQFIQyZZUd-mi7DA0ZQuRPWi1bMmdMwjxc_g9Jj1cAoNEwgdSJZ06TOOm-nwJe3Mj3R3xHRtldfHFs2TW2ZoiQmmRe7tCEw38UddahtpqxiFs7U7vroFCq6FrI7e3yTGzQ3fZUgfwZhExmGJrrIRShRjEfJHAY2EKahSGMlYYilRB488Rk8CJeLMhxhA-xb40_hKHw54pGdp3tnjUW8BaOsKQybf7nVp2aMGxTQixdIaEtezQlZQ9Z3_DZe4HgA3oD0-QuZgt7GoVNEJIwaYUo4x_m-chXLabLp6gFlRC0iGkbhJJXemG704lWn8Yw7t-Aqw_F_UIrPvrSELT4ViFQnXRrpzFT_NDlA-8F34yq92JTxh7=w1024-h576-no\" width=\"1024\" height=\"576\" \/><\/p>\n<hr \/>\n<h3><strong>Track de la ruta<\/strong><\/h3>\n<p>[sgpx gpx=\u00bb\/wp-content\/uploads\/gpx\/Bornas-590-593.gpx\u00bb]<\/p>\n<p>&nbsp;<\/p>\n<hr \/>\n<p>&nbsp;<\/p>\n<p style=\"text-align: justify;\"><span style=\"color: #ff0000; background-color: #ffffff; font-size: 14pt;\"><strong>Si te ha gustado, comp\u00e1rtelo en tu red favorita o env\u00edanos tu comentario.<br \/>\n<\/strong><\/span><\/p>\n<p style=\"text-align: justify;\"><span style=\"font-size: 14pt;\"><strong><span style=\"color: #ff0000;\">Muchas gracias !<\/span><\/strong><\/span><\/p>\n<hr \/>\n<p style=\"text-align: justify;\"><strong><span style=\"color: #008000;\">Suscribete si quieres recibir un mail cuando publiquemos nuevas rutas : no enviamos publicidad y como m\u00e1ximo enviamos 2 mails al mes<\/span><\/strong><\/p>\n<p style=\"text-align: center;\"><a href=\"https:\/\/mailchi.mp\/6989c83a3e24\/wmv06rtqcz\/\" target=\"_blank\" rel=\"noopener noreferrer\"><strong><span style=\"color: #0000ff;\">Pulsa aqu\u00ed para suscribirte<\/span><\/strong><\/a><\/p>\n<hr \/>\n<p style=\"text-align: justify;\">\u00a0<\/p>\n<h3 style=\"text-align: justify;\">Puedes imprimir esta publicaci\u00f3n o guardarla en diferentes formatos :<\/h3>\n<p style=\"text-align: justify;\"><span style=\"color: #ff0000; font-size: 14pt;\">Para facilitar la impresi\u00f3n, se ha reducido considerablemente el tama\u00f1o de las fotos, pero si deseas imprimir sin fotos, aconsejamos guardarlo como \u201cdoc\u201d, y antes de imprimirlo, eliminar las fotos<\/span><\/p>\n<p>&nbsp;<\/p>\n<hr \/>\n<p>&nbsp;<\/p>\n<h3><strong>Wikiloc<\/strong><\/h3>\n<p><a href=\"https:\/\/es.wikiloc.com\/rutas-outdoor\/bornas-590-593-43769536\" target=\"_blank\" rel=\"noopener noreferrer\"><img loading=\"lazy\" decoding=\"async\" class=\"size-full wp-image-958 aligncenter\" src=\"https:\/\/www.carlosyconchita.net\/rutas\/wp-content\/uploads\/2020\/09\/wikiloc.jpg\" alt=\"\" width=\"117\" height=\"34\" \/><\/a><\/p>\n<hr \/>\n<p>&nbsp;<\/p>\n","protected":false},"excerpt":{"rendered":"<p>Desde el Coll de Banyuls , donde est\u00e1 la borna 591 y se puede llegar en coche, localizamos a un lado de la carretera la 590, y despues de bajar de nuevo al Coll de Banyuls, hacia el lado contrario encontramos las 592 y 593.<\/p>\n","protected":false},"author":50,"featured_media":13429,"comment_status":"open","ping_status":"open","sticky":false,"template":"","format":"standard","meta":{"footnotes":""},"categories":[106,11,23,74],"tags":[],"class_list":{"0":"post-13428","1":"post","2":"type-post","3":"status-publish","4":"format-standard","5":"has-post-thumbnail","6":"hentry","7":"category-nuestros-100-cims","8":"category-moderada","9":"category-de-10-a-15-km","10":"category-0-mojones-bornas-frontera","12":"post-with-thumbnail","13":"post-with-thumbnail-icon"},"yoast_head":"<!-- This site is optimized with the Yoast SEO plugin v27.5 - https:\/\/yoast.com\/product\/yoast-seo-wordpress\/ -->\n<title>26-10-2019-Bornas 590-593 (Puig de la Calma) -<\/title>\n<meta name=\"robots\" content=\"index, follow, max-snippet:-1, max-image-preview:large, max-video-preview:-1\" \/>\n<link rel=\"canonical\" href=\"https:\/\/www.carlosyconchita.net\/rutas\/26-10-2019-bornas-590-593-puig-de-la-calma\/\" \/>\n<meta property=\"og:locale\" content=\"es_ES\" \/>\n<meta property=\"og:type\" content=\"article\" \/>\n<meta property=\"og:title\" content=\"26-10-2019-Bornas 590-593 (Puig de la Calma) -\" \/>\n<meta property=\"og:description\" content=\"Desde el Coll de Banyuls , donde est\u00e1 la borna 591 y se puede llegar en coche, localizamos a un lado de la carretera la 590, y despues de bajar de nuevo al Coll de Banyuls, hacia el lado contrario encontramos las 592 y 593.\" \/>\n<meta property=\"og:url\" content=\"https:\/\/www.carlosyconchita.net\/rutas\/26-10-2019-bornas-590-593-puig-de-la-calma\/\" \/>\n<meta property=\"og:site_name\" content=\"Las rutas de Carlos y Conchita\" \/>\n<meta property=\"article:published_time\" content=\"2019-10-26T20:31:42+00:00\" \/>\n<meta property=\"article:modified_time\" content=\"2022-03-13T16:37:15+00:00\" \/>\n<meta property=\"og:image\" content=\"https:\/\/www.carlosyconchita.net\/rutas\/wp-content\/uploads\/2019\/11\/Bornas-590-593-00044.jpg\" \/>\n\t<meta property=\"og:image:width\" content=\"1024\" \/>\n\t<meta property=\"og:image:height\" content=\"760\" \/>\n\t<meta property=\"og:image:type\" content=\"image\/jpeg\" \/>\n<meta name=\"author\" content=\"Carlos Conchita\" \/>\n<meta name=\"twitter:label1\" content=\"Escrito por\" \/>\n\t<meta name=\"twitter:data1\" content=\"Carlos Conchita\" \/>\n\t<meta name=\"twitter:label2\" content=\"Tiempo de lectura\" \/>\n\t<meta name=\"twitter:data2\" content=\"4 minutos\" \/>\n<script type=\"application\/ld+json\" class=\"yoast-schema-graph\">{\"@context\":\"https:\\\/\\\/schema.org\",\"@graph\":[{\"@type\":\"Article\",\"@id\":\"https:\\\/\\\/www.carlosyconchita.net\\\/rutas\\\/26-10-2019-bornas-590-593-puig-de-la-calma\\\/#article\",\"isPartOf\":{\"@id\":\"https:\\\/\\\/www.carlosyconchita.net\\\/rutas\\\/26-10-2019-bornas-590-593-puig-de-la-calma\\\/\"},\"author\":{\"name\":\"Carlos Conchita\",\"@id\":\"https:\\\/\\\/www.carlosyconchita.net\\\/rutas\\\/#\\\/schema\\\/person\\\/a9691f7258c28443fab2d3aa1479ea19\"},\"headline\":\"26-10-2019-Bornas 590-593 (Puig de la Calma)\",\"datePublished\":\"2019-10-26T20:31:42+00:00\",\"dateModified\":\"2022-03-13T16:37:15+00:00\",\"mainEntityOfPage\":{\"@id\":\"https:\\\/\\\/www.carlosyconchita.net\\\/rutas\\\/26-10-2019-bornas-590-593-puig-de-la-calma\\\/\"},\"wordCount\":742,\"commentCount\":0,\"image\":{\"@id\":\"https:\\\/\\\/www.carlosyconchita.net\\\/rutas\\\/26-10-2019-bornas-590-593-puig-de-la-calma\\\/#primaryimage\"},\"thumbnailUrl\":\"https:\\\/\\\/www.carlosyconchita.net\\\/rutas\\\/wp-content\\\/uploads\\\/2019\\\/11\\\/Bornas-590-593-00044.jpg\",\"articleSection\":[\"100 Cims Carlos y Conchita\",\"2-Moderada\",\"3 - De 10 a 15 km.\",\"Mojones \\\/ Bornas frontera ES-FR\"],\"inLanguage\":\"es\",\"potentialAction\":[{\"@type\":\"CommentAction\",\"name\":\"Comment\",\"target\":[\"https:\\\/\\\/www.carlosyconchita.net\\\/rutas\\\/26-10-2019-bornas-590-593-puig-de-la-calma\\\/#respond\"]}]},{\"@type\":\"WebPage\",\"@id\":\"https:\\\/\\\/www.carlosyconchita.net\\\/rutas\\\/26-10-2019-bornas-590-593-puig-de-la-calma\\\/\",\"url\":\"https:\\\/\\\/www.carlosyconchita.net\\\/rutas\\\/26-10-2019-bornas-590-593-puig-de-la-calma\\\/\",\"name\":\"26-10-2019-Bornas 590-593 (Puig de la Calma) -\",\"isPartOf\":{\"@id\":\"https:\\\/\\\/www.carlosyconchita.net\\\/rutas\\\/#website\"},\"primaryImageOfPage\":{\"@id\":\"https:\\\/\\\/www.carlosyconchita.net\\\/rutas\\\/26-10-2019-bornas-590-593-puig-de-la-calma\\\/#primaryimage\"},\"image\":{\"@id\":\"https:\\\/\\\/www.carlosyconchita.net\\\/rutas\\\/26-10-2019-bornas-590-593-puig-de-la-calma\\\/#primaryimage\"},\"thumbnailUrl\":\"https:\\\/\\\/www.carlosyconchita.net\\\/rutas\\\/wp-content\\\/uploads\\\/2019\\\/11\\\/Bornas-590-593-00044.jpg\",\"datePublished\":\"2019-10-26T20:31:42+00:00\",\"dateModified\":\"2022-03-13T16:37:15+00:00\",\"author\":{\"@id\":\"https:\\\/\\\/www.carlosyconchita.net\\\/rutas\\\/#\\\/schema\\\/person\\\/a9691f7258c28443fab2d3aa1479ea19\"},\"breadcrumb\":{\"@id\":\"https:\\\/\\\/www.carlosyconchita.net\\\/rutas\\\/26-10-2019-bornas-590-593-puig-de-la-calma\\\/#breadcrumb\"},\"inLanguage\":\"es\",\"potentialAction\":[{\"@type\":\"ReadAction\",\"target\":[\"https:\\\/\\\/www.carlosyconchita.net\\\/rutas\\\/26-10-2019-bornas-590-593-puig-de-la-calma\\\/\"]}]},{\"@type\":\"ImageObject\",\"inLanguage\":\"es\",\"@id\":\"https:\\\/\\\/www.carlosyconchita.net\\\/rutas\\\/26-10-2019-bornas-590-593-puig-de-la-calma\\\/#primaryimage\",\"url\":\"https:\\\/\\\/www.carlosyconchita.net\\\/rutas\\\/wp-content\\\/uploads\\\/2019\\\/11\\\/Bornas-590-593-00044.jpg\",\"contentUrl\":\"https:\\\/\\\/www.carlosyconchita.net\\\/rutas\\\/wp-content\\\/uploads\\\/2019\\\/11\\\/Bornas-590-593-00044.jpg\",\"width\":1024,\"height\":760},{\"@type\":\"BreadcrumbList\",\"@id\":\"https:\\\/\\\/www.carlosyconchita.net\\\/rutas\\\/26-10-2019-bornas-590-593-puig-de-la-calma\\\/#breadcrumb\",\"itemListElement\":[{\"@type\":\"ListItem\",\"position\":1,\"name\":\"Portada\",\"item\":\"https:\\\/\\\/www.carlosyconchita.net\\\/rutas\\\/\"},{\"@type\":\"ListItem\",\"position\":2,\"name\":\"26-10-2019-Bornas 590-593 (Puig de la Calma)\"}]},{\"@type\":\"WebSite\",\"@id\":\"https:\\\/\\\/www.carlosyconchita.net\\\/rutas\\\/#website\",\"url\":\"https:\\\/\\\/www.carlosyconchita.net\\\/rutas\\\/\",\"name\":\"Las rutas de Carlos y Conchita\",\"description\":\"\",\"potentialAction\":[{\"@type\":\"SearchAction\",\"target\":{\"@type\":\"EntryPoint\",\"urlTemplate\":\"https:\\\/\\\/www.carlosyconchita.net\\\/rutas\\\/?s={search_term_string}\"},\"query-input\":{\"@type\":\"PropertyValueSpecification\",\"valueRequired\":true,\"valueName\":\"search_term_string\"}}],\"inLanguage\":\"es\"},{\"@type\":\"Person\",\"@id\":\"https:\\\/\\\/www.carlosyconchita.net\\\/rutas\\\/#\\\/schema\\\/person\\\/a9691f7258c28443fab2d3aa1479ea19\",\"name\":\"Carlos Conchita\",\"image\":{\"@type\":\"ImageObject\",\"inLanguage\":\"es\",\"@id\":\"https:\\\/\\\/secure.gravatar.com\\\/avatar\\\/3a4625b20c8da3de99da69bfe7a322774e291c3f90dce7e8778a30fe6748ed1a?s=96&d=mm&r=g\",\"url\":\"https:\\\/\\\/secure.gravatar.com\\\/avatar\\\/3a4625b20c8da3de99da69bfe7a322774e291c3f90dce7e8778a30fe6748ed1a?s=96&d=mm&r=g\",\"contentUrl\":\"https:\\\/\\\/secure.gravatar.com\\\/avatar\\\/3a4625b20c8da3de99da69bfe7a322774e291c3f90dce7e8778a30fe6748ed1a?s=96&d=mm&r=g\",\"caption\":\"Carlos Conchita\"}}]}<\/script>\n<!-- \/ Yoast SEO plugin. -->","yoast_head_json":{"title":"26-10-2019-Bornas 590-593 (Puig de la Calma) -","robots":{"index":"index","follow":"follow","max-snippet":"max-snippet:-1","max-image-preview":"max-image-preview:large","max-video-preview":"max-video-preview:-1"},"canonical":"https:\/\/www.carlosyconchita.net\/rutas\/26-10-2019-bornas-590-593-puig-de-la-calma\/","og_locale":"es_ES","og_type":"article","og_title":"26-10-2019-Bornas 590-593 (Puig de la Calma) -","og_description":"Desde el Coll de Banyuls , donde est\u00e1 la borna 591 y se puede llegar en coche, localizamos a un lado de la carretera la 590, y despues de bajar de nuevo al Coll de Banyuls, hacia el lado contrario encontramos las 592 y 593.","og_url":"https:\/\/www.carlosyconchita.net\/rutas\/26-10-2019-bornas-590-593-puig-de-la-calma\/","og_site_name":"Las rutas de Carlos y Conchita","article_published_time":"2019-10-26T20:31:42+00:00","article_modified_time":"2022-03-13T16:37:15+00:00","og_image":[{"width":1024,"height":760,"url":"https:\/\/www.carlosyconchita.net\/rutas\/wp-content\/uploads\/2019\/11\/Bornas-590-593-00044.jpg","type":"image\/jpeg"}],"author":"Carlos Conchita","twitter_misc":{"Escrito por":"Carlos Conchita","Tiempo de lectura":"4 minutos"},"schema":{"@context":"https:\/\/schema.org","@graph":[{"@type":"Article","@id":"https:\/\/www.carlosyconchita.net\/rutas\/26-10-2019-bornas-590-593-puig-de-la-calma\/#article","isPartOf":{"@id":"https:\/\/www.carlosyconchita.net\/rutas\/26-10-2019-bornas-590-593-puig-de-la-calma\/"},"author":{"name":"Carlos Conchita","@id":"https:\/\/www.carlosyconchita.net\/rutas\/#\/schema\/person\/a9691f7258c28443fab2d3aa1479ea19"},"headline":"26-10-2019-Bornas 590-593 (Puig de la Calma)","datePublished":"2019-10-26T20:31:42+00:00","dateModified":"2022-03-13T16:37:15+00:00","mainEntityOfPage":{"@id":"https:\/\/www.carlosyconchita.net\/rutas\/26-10-2019-bornas-590-593-puig-de-la-calma\/"},"wordCount":742,"commentCount":0,"image":{"@id":"https:\/\/www.carlosyconchita.net\/rutas\/26-10-2019-bornas-590-593-puig-de-la-calma\/#primaryimage"},"thumbnailUrl":"https:\/\/www.carlosyconchita.net\/rutas\/wp-content\/uploads\/2019\/11\/Bornas-590-593-00044.jpg","articleSection":["100 Cims Carlos y Conchita","2-Moderada","3 - De 10 a 15 km.","Mojones \/ Bornas frontera ES-FR"],"inLanguage":"es","potentialAction":[{"@type":"CommentAction","name":"Comment","target":["https:\/\/www.carlosyconchita.net\/rutas\/26-10-2019-bornas-590-593-puig-de-la-calma\/#respond"]}]},{"@type":"WebPage","@id":"https:\/\/www.carlosyconchita.net\/rutas\/26-10-2019-bornas-590-593-puig-de-la-calma\/","url":"https:\/\/www.carlosyconchita.net\/rutas\/26-10-2019-bornas-590-593-puig-de-la-calma\/","name":"26-10-2019-Bornas 590-593 (Puig de la Calma) -","isPartOf":{"@id":"https:\/\/www.carlosyconchita.net\/rutas\/#website"},"primaryImageOfPage":{"@id":"https:\/\/www.carlosyconchita.net\/rutas\/26-10-2019-bornas-590-593-puig-de-la-calma\/#primaryimage"},"image":{"@id":"https:\/\/www.carlosyconchita.net\/rutas\/26-10-2019-bornas-590-593-puig-de-la-calma\/#primaryimage"},"thumbnailUrl":"https:\/\/www.carlosyconchita.net\/rutas\/wp-content\/uploads\/2019\/11\/Bornas-590-593-00044.jpg","datePublished":"2019-10-26T20:31:42+00:00","dateModified":"2022-03-13T16:37:15+00:00","author":{"@id":"https:\/\/www.carlosyconchita.net\/rutas\/#\/schema\/person\/a9691f7258c28443fab2d3aa1479ea19"},"breadcrumb":{"@id":"https:\/\/www.carlosyconchita.net\/rutas\/26-10-2019-bornas-590-593-puig-de-la-calma\/#breadcrumb"},"inLanguage":"es","potentialAction":[{"@type":"ReadAction","target":["https:\/\/www.carlosyconchita.net\/rutas\/26-10-2019-bornas-590-593-puig-de-la-calma\/"]}]},{"@type":"ImageObject","inLanguage":"es","@id":"https:\/\/www.carlosyconchita.net\/rutas\/26-10-2019-bornas-590-593-puig-de-la-calma\/#primaryimage","url":"https:\/\/www.carlosyconchita.net\/rutas\/wp-content\/uploads\/2019\/11\/Bornas-590-593-00044.jpg","contentUrl":"https:\/\/www.carlosyconchita.net\/rutas\/wp-content\/uploads\/2019\/11\/Bornas-590-593-00044.jpg","width":1024,"height":760},{"@type":"BreadcrumbList","@id":"https:\/\/www.carlosyconchita.net\/rutas\/26-10-2019-bornas-590-593-puig-de-la-calma\/#breadcrumb","itemListElement":[{"@type":"ListItem","position":1,"name":"Portada","item":"https:\/\/www.carlosyconchita.net\/rutas\/"},{"@type":"ListItem","position":2,"name":"26-10-2019-Bornas 590-593 (Puig de la Calma)"}]},{"@type":"WebSite","@id":"https:\/\/www.carlosyconchita.net\/rutas\/#website","url":"https:\/\/www.carlosyconchita.net\/rutas\/","name":"Las rutas de Carlos y Conchita","description":"","potentialAction":[{"@type":"SearchAction","target":{"@type":"EntryPoint","urlTemplate":"https:\/\/www.carlosyconchita.net\/rutas\/?s={search_term_string}"},"query-input":{"@type":"PropertyValueSpecification","valueRequired":true,"valueName":"search_term_string"}}],"inLanguage":"es"},{"@type":"Person","@id":"https:\/\/www.carlosyconchita.net\/rutas\/#\/schema\/person\/a9691f7258c28443fab2d3aa1479ea19","name":"Carlos Conchita","image":{"@type":"ImageObject","inLanguage":"es","@id":"https:\/\/secure.gravatar.com\/avatar\/3a4625b20c8da3de99da69bfe7a322774e291c3f90dce7e8778a30fe6748ed1a?s=96&d=mm&r=g","url":"https:\/\/secure.gravatar.com\/avatar\/3a4625b20c8da3de99da69bfe7a322774e291c3f90dce7e8778a30fe6748ed1a?s=96&d=mm&r=g","contentUrl":"https:\/\/secure.gravatar.com\/avatar\/3a4625b20c8da3de99da69bfe7a322774e291c3f90dce7e8778a30fe6748ed1a?s=96&d=mm&r=g","caption":"Carlos Conchita"}}]}},"_links":{"self":[{"href":"https:\/\/www.carlosyconchita.net\/rutas\/wp-json\/wp\/v2\/posts\/13428","targetHints":{"allow":["GET"]}}],"collection":[{"href":"https:\/\/www.carlosyconchita.net\/rutas\/wp-json\/wp\/v2\/posts"}],"about":[{"href":"https:\/\/www.carlosyconchita.net\/rutas\/wp-json\/wp\/v2\/types\/post"}],"author":[{"embeddable":true,"href":"https:\/\/www.carlosyconchita.net\/rutas\/wp-json\/wp\/v2\/users\/50"}],"replies":[{"embeddable":true,"href":"https:\/\/www.carlosyconchita.net\/rutas\/wp-json\/wp\/v2\/comments?post=13428"}],"version-history":[{"count":0,"href":"https:\/\/www.carlosyconchita.net\/rutas\/wp-json\/wp\/v2\/posts\/13428\/revisions"}],"wp:featuredmedia":[{"embeddable":true,"href":"https:\/\/www.carlosyconchita.net\/rutas\/wp-json\/wp\/v2\/media\/13429"}],"wp:attachment":[{"href":"https:\/\/www.carlosyconchita.net\/rutas\/wp-json\/wp\/v2\/media?parent=13428"}],"wp:term":[{"taxonomy":"category","embeddable":true,"href":"https:\/\/www.carlosyconchita.net\/rutas\/wp-json\/wp\/v2\/categories?post=13428"},{"taxonomy":"post_tag","embeddable":true,"href":"https:\/\/www.carlosyconchita.net\/rutas\/wp-json\/wp\/v2\/tags?post=13428"}],"curies":[{"name":"wp","href":"https:\/\/api.w.org\/{rel}","templated":true}]}}