{"id":13491,"date":"2019-12-07T22:21:04","date_gmt":"2019-12-07T21:21:04","guid":{"rendered":"https:\/\/www.carlosyconchita.net\/rutas\/?p=13491"},"modified":"2022-03-13T17:25:23","modified_gmt":"2022-03-13T16:25:23","slug":"07-12-2019-bornas-022-028-larrun","status":"publish","type":"post","link":"https:\/\/www.carlosyconchita.net\/rutas\/07-12-2019-bornas-022-028-larrun\/","title":{"rendered":"07-12-2019-Bornas 022-028 (Larr\u00fan)"},"content":{"rendered":"<p style=\"text-align: justify;\">Hoy subiremos al Larr\u00fan para localizar las bornas n\u00fameros 022 al 028, y de paso hacer tambi\u00e9n la subida al Larr\u00fan Txiki o Peque\u00f1o Larr\u00fan.<\/p>\n<p style=\"text-align: justify;\">Para llegar al punto de partida de la excursi\u00f3n nos dirigiremos\u00a0 a Bera (Navarra) y a la salida de la poblaci\u00f3n veremos un desv\u00edo que nos indica Larr\u00fan.<br \/>\nEs una estrecha carretera que pasa entre caser\u00edos y que va subiendo, hasta el collado de Landaga\u00f1eta, a unos 2.5 kms. de la cima en donde hay una se\u00f1al que prohibe el paso a veh\u00edculos no autorizados<\/p>\n<p style=\"text-align: justify;\">Aparcamos all\u00ed y empezamos a subir por el camino, en muy buen estado pero con bastante pendiente, especialmente el \u00faltimo y largo tramo en l\u00ednea recta, como se puede ver en las fotos.<\/p>\n<p style=\"text-align: justify;\">Antes de este \u00faltimo tramo, en una zona plana, encontraremos la borna 023, junto al camino, y una vez arriba veremos la 025 y 026.<br \/>\nLuego nos dirigiremos en direcci\u00f3n contraria a los edificios de la cima del Larr\u00fan, por un camino que baja para localizar la 027 y 028, \u00e9sta \u00faltima bastante m\u00e1s abajo.<\/p>\n<p style=\"text-align: justify;\">Despu\u00e9s volveremos a subir por el mismo camino , pasando de nuevo por la 025, y nos dirigiremos a la cima del Larr\u00fan, en donde hay un par de Bentas y las instalaciones del funicular que sube desde Francia, que ahora en invierno no funciona.<\/p>\n<p style=\"text-align: justify;\">Desde la cima podemos ver la costa y la zona de Ibardin donde estuvimos ayer, y all\u00ed hemos perdido bastante tiempo dando muchas vueltas para intentar localizar un camino para bajar directamente hasta la borna 024, pero finalmente decidimos llegar a ella desde el camino principal de la subida.<\/p>\n<p style=\"text-align: justify;\">Iniciamos el descenso por el mismo camino , pero antes de llegar\u00a0 a la 023, dejamos el camino y seguimos caminando entre los arbustos para llegar a la borna 024 de forma m\u00e1s o horizontal , sin tener que bajar a la 023 y despu\u00e9s subir.<\/p>\n<p style=\"text-align: justify;\">Despu\u00e9s de la 024 seguimos hacia la 022, y para completar el d\u00eda subimos tambi\u00e9n al Peque\u00f1o Larr\u00fan o Txiki Larr\u00fan, y desde all\u00ed, campo a trav\u00e9s bajamos hasta llegar al camino principal\u00a0 que nos llevar\u00e1 de vuelta al coche.<\/p>\n<p style=\"text-align: justify;\">Entre las bornas 025 y 027 hay varias piedras \u00abintermedias\u00bb sin n\u00famero, que delimitan la frontera, pero dado que no son \u00aboficiales\u00bb\u00a0 y no ten\u00edamos claro el tiempo que tardar\u00edamos en hacer toda la excursi\u00f3n no hemos buscado expresamente, aunque hemos fotografiado las que hemos encontrado sobre la marcha.<\/p>\n<hr \/>\n<h3 style=\"text-align: justify;\">Album de fotos<\/h3>\n<p><a href=\"https:\/\/photos.app.goo.gl\/V2fqM51nEpgeUBsbA\" target=\"_blank\" rel=\"noopener noreferrer\"><img loading=\"lazy\" decoding=\"async\" class=\"aligncenter wp-image-13492 size-column4-2\/3\" src=\"https:\/\/www.carlosyconchita.net\/rutas\/wp-content\/uploads\/2019\/12\/Bornas-022-028-00068-285x190.jpg\" alt=\"\" width=\"285\" height=\"190\" srcset=\"https:\/\/www.carlosyconchita.net\/rutas\/wp-content\/uploads\/2019\/12\/Bornas-022-028-00068-285x190.jpg 285w, https:\/\/www.carlosyconchita.net\/rutas\/wp-content\/uploads\/2019\/12\/Bornas-022-028-00068-272x182.jpg 272w, https:\/\/www.carlosyconchita.net\/rutas\/wp-content\/uploads\/2019\/12\/Bornas-022-028-00068-570x380.jpg 570w, https:\/\/www.carlosyconchita.net\/rutas\/wp-content\/uploads\/2019\/12\/Bornas-022-028-00068-380x254.jpg 380w\" sizes=\"auto, (max-width: 285px) 100vw, 285px\" \/><\/a><\/p>\n<hr \/>\n<p><strong>Dificultad<\/strong> :\u00a0\u00a0 Moderada<\/p>\n<p><strong>Distancia total<\/strong> :\u00a0 \u00a0 \u00a0\u00a0 10.671\u00a0 m.<span class=\"totlen\"><span class=\"summaryvalue\"><br \/>\n<\/span><\/span><\/p>\n<p><strong>Alturas m\u00ednima \/ m\u00e1xima<\/strong> :\u00a0 \u00a0 354 m. \u2013\u00a0 894 m.<\/p>\n<p><strong>Desnivel acumulado seg\u00fan Wikiloc\u00a0 :<\/strong>\u00a0 \u00a0\u00a0 723 m.<\/p>\n<p><strong>Tiempo total \/ en movimiento<\/strong> :\u00a0 \u00a0 6 h. 06 m.\u00a0 \u00a0\u2013\u00a0 3 h. 19\u00a0 m<\/p>\n<p><strong>Vel. media total \/ vel.media movimiento<\/strong> :\u00a0\u00a0 1\u201970 km.\/h. \u2014\u00a0 3\u201912\u00a0\u00a0 km.\/h<\/p>\n<hr \/>\n<h3><strong>Track de la ruta<\/strong><\/h3>\n<p>[sgpx gpx=\u00bb\/wp-content\/uploads\/gpx\/Bornas-022-028.gpx\u00bb]<\/p>\n<p>&nbsp;<\/p>\n<hr \/>\n<p>&nbsp;<\/p>\n<p style=\"text-align: justify;\"><span style=\"color: #ff0000; background-color: #ffffff; font-size: 14pt;\"><strong>Si te ha gustado, comp\u00e1rtelo en tu red favorita o env\u00edanos tu comentario.<br \/>\n<\/strong><\/span><\/p>\n<p style=\"text-align: justify;\"><span style=\"font-size: 14pt;\"><strong><span style=\"color: #ff0000;\">Muchas gracias !<\/span><\/strong><\/span><\/p>\n<hr \/>\n<p style=\"text-align: justify;\"><strong><span style=\"color: #008000;\">Suscribete si quieres recibir un mail cuando publiquemos nuevas rutas : no enviamos publicidad y como m\u00e1ximo enviamos 2 mails al mes<\/span><\/strong><\/p>\n<p style=\"text-align: center;\"><a href=\"https:\/\/mailchi.mp\/6989c83a3e24\/wmv06rtqcz\/\" target=\"_blank\" rel=\"noopener noreferrer\"><strong><span style=\"color: #0000ff;\">Pulsa aqu\u00ed para suscribirte<\/span><\/strong><\/a><\/p>\n<hr \/>\n<p style=\"text-align: justify;\">\u00a0<\/p>\n<h3 style=\"text-align: justify;\">Puedes imprimir esta publicaci\u00f3n o guardarla en diferentes formatos :<\/h3>\n<p style=\"text-align: justify;\"><span style=\"color: #ff0000; font-size: 14pt;\">Para facilitar la impresi\u00f3n, se ha reducido considerablemente el tama\u00f1o de las fotos, pero si deseas imprimir sin fotos, aconsejamos guardarlo como \u201cdoc\u201d, y antes de imprimirlo, eliminar las fotos<\/span><\/p>\n<p>&nbsp;<\/p>\n<hr \/>\n<h3><strong>Wikiloc<\/strong><\/h3>\n<p><a href=\"https:\/\/es.wikiloc.com\/rutas-senderismo\/frontera-mojones-o-bornas-fronterizas-022-a-028-larrun-44327984\" target=\"_blank\" rel=\"noopener noreferrer\"><img loading=\"lazy\" decoding=\"async\" class=\"size-full wp-image-958 aligncenter\" src=\"https:\/\/www.carlosyconchita.net\/rutas\/wp-content\/uploads\/2020\/09\/wikiloc.jpg\" alt=\"\" width=\"117\" height=\"34\" \/><\/a><\/p>\n<hr \/>\n<p>&nbsp;<\/p>\n","protected":false},"excerpt":{"rendered":"<p>Subimos al Larr\u00fan y al Txiki Larr\u00fan o Peque\u00f1o Larr\u00fan, y localizamos las bornas 022 a 028.<\/p>\n","protected":false},"author":50,"featured_media":13492,"comment_status":"open","ping_status":"open","sticky":false,"template":"","format":"standard","meta":{"footnotes":""},"categories":[106,11,23,74,91],"tags":[],"class_list":{"0":"post-13491","1":"post","2":"type-post","3":"status-publish","4":"format-standard","5":"has-post-thumbnail","6":"hentry","7":"category-nuestros-100-cims","8":"category-moderada","9":"category-de-10-a-15-km","10":"category-0-mojones-bornas-frontera","11":"category-navarra","13":"post-with-thumbnail","14":"post-with-thumbnail-icon"},"yoast_head":"<!-- This site is optimized with the Yoast SEO plugin v27.4 - https:\/\/yoast.com\/product\/yoast-seo-wordpress\/ -->\n<title>07-12-2019-Bornas 022-028 (Larr\u00fan) -<\/title>\n<meta name=\"robots\" content=\"index, follow, max-snippet:-1, max-image-preview:large, max-video-preview:-1\" \/>\n<link rel=\"canonical\" href=\"https:\/\/www.carlosyconchita.net\/rutas\/07-12-2019-bornas-022-028-larrun\/\" \/>\n<meta property=\"og:locale\" content=\"es_ES\" \/>\n<meta property=\"og:type\" content=\"article\" \/>\n<meta property=\"og:title\" content=\"07-12-2019-Bornas 022-028 (Larr\u00fan) -\" \/>\n<meta property=\"og:description\" content=\"Subimos al Larr\u00fan y al Txiki Larr\u00fan o Peque\u00f1o Larr\u00fan, y localizamos las bornas 022 a 028.\" \/>\n<meta property=\"og:url\" content=\"https:\/\/www.carlosyconchita.net\/rutas\/07-12-2019-bornas-022-028-larrun\/\" \/>\n<meta property=\"og:site_name\" content=\"Las rutas de Carlos y Conchita\" \/>\n<meta property=\"article:published_time\" content=\"2019-12-07T21:21:04+00:00\" \/>\n<meta property=\"article:modified_time\" content=\"2022-03-13T16:25:23+00:00\" \/>\n<meta property=\"og:image\" content=\"https:\/\/www.carlosyconchita.net\/rutas\/wp-content\/uploads\/2019\/12\/Bornas-022-028-00068.jpg\" \/>\n\t<meta property=\"og:image:width\" content=\"764\" \/>\n\t<meta property=\"og:image:height\" content=\"764\" \/>\n\t<meta property=\"og:image:type\" content=\"image\/jpeg\" \/>\n<meta name=\"author\" content=\"Carlos Conchita\" \/>\n<meta name=\"twitter:label1\" content=\"Escrito por\" \/>\n\t<meta name=\"twitter:data1\" content=\"Carlos Conchita\" \/>\n\t<meta name=\"twitter:label2\" content=\"Tiempo de lectura\" \/>\n\t<meta name=\"twitter:data2\" content=\"3 minutos\" \/>\n<script type=\"application\/ld+json\" class=\"yoast-schema-graph\">{\"@context\":\"https:\\\/\\\/schema.org\",\"@graph\":[{\"@type\":\"Article\",\"@id\":\"https:\\\/\\\/www.carlosyconchita.net\\\/rutas\\\/07-12-2019-bornas-022-028-larrun\\\/#article\",\"isPartOf\":{\"@id\":\"https:\\\/\\\/www.carlosyconchita.net\\\/rutas\\\/07-12-2019-bornas-022-028-larrun\\\/\"},\"author\":{\"name\":\"Carlos Conchita\",\"@id\":\"https:\\\/\\\/www.carlosyconchita.net\\\/rutas\\\/#\\\/schema\\\/person\\\/a9691f7258c28443fab2d3aa1479ea19\"},\"headline\":\"07-12-2019-Bornas 022-028 (Larr\u00fan)\",\"datePublished\":\"2019-12-07T21:21:04+00:00\",\"dateModified\":\"2022-03-13T16:25:23+00:00\",\"mainEntityOfPage\":{\"@id\":\"https:\\\/\\\/www.carlosyconchita.net\\\/rutas\\\/07-12-2019-bornas-022-028-larrun\\\/\"},\"wordCount\":566,\"commentCount\":0,\"image\":{\"@id\":\"https:\\\/\\\/www.carlosyconchita.net\\\/rutas\\\/07-12-2019-bornas-022-028-larrun\\\/#primaryimage\"},\"thumbnailUrl\":\"https:\\\/\\\/www.carlosyconchita.net\\\/rutas\\\/wp-content\\\/uploads\\\/2019\\\/12\\\/Bornas-022-028-00068.jpg\",\"articleSection\":[\"100 Cims Carlos y Conchita\",\"2-Moderada\",\"3 - De 10 a 15 km.\",\"Mojones \\\/ Bornas frontera ES-FR\",\"Navarra\"],\"inLanguage\":\"es\",\"potentialAction\":[{\"@type\":\"CommentAction\",\"name\":\"Comment\",\"target\":[\"https:\\\/\\\/www.carlosyconchita.net\\\/rutas\\\/07-12-2019-bornas-022-028-larrun\\\/#respond\"]}]},{\"@type\":\"WebPage\",\"@id\":\"https:\\\/\\\/www.carlosyconchita.net\\\/rutas\\\/07-12-2019-bornas-022-028-larrun\\\/\",\"url\":\"https:\\\/\\\/www.carlosyconchita.net\\\/rutas\\\/07-12-2019-bornas-022-028-larrun\\\/\",\"name\":\"07-12-2019-Bornas 022-028 (Larr\u00fan) -\",\"isPartOf\":{\"@id\":\"https:\\\/\\\/www.carlosyconchita.net\\\/rutas\\\/#website\"},\"primaryImageOfPage\":{\"@id\":\"https:\\\/\\\/www.carlosyconchita.net\\\/rutas\\\/07-12-2019-bornas-022-028-larrun\\\/#primaryimage\"},\"image\":{\"@id\":\"https:\\\/\\\/www.carlosyconchita.net\\\/rutas\\\/07-12-2019-bornas-022-028-larrun\\\/#primaryimage\"},\"thumbnailUrl\":\"https:\\\/\\\/www.carlosyconchita.net\\\/rutas\\\/wp-content\\\/uploads\\\/2019\\\/12\\\/Bornas-022-028-00068.jpg\",\"datePublished\":\"2019-12-07T21:21:04+00:00\",\"dateModified\":\"2022-03-13T16:25:23+00:00\",\"author\":{\"@id\":\"https:\\\/\\\/www.carlosyconchita.net\\\/rutas\\\/#\\\/schema\\\/person\\\/a9691f7258c28443fab2d3aa1479ea19\"},\"breadcrumb\":{\"@id\":\"https:\\\/\\\/www.carlosyconchita.net\\\/rutas\\\/07-12-2019-bornas-022-028-larrun\\\/#breadcrumb\"},\"inLanguage\":\"es\",\"potentialAction\":[{\"@type\":\"ReadAction\",\"target\":[\"https:\\\/\\\/www.carlosyconchita.net\\\/rutas\\\/07-12-2019-bornas-022-028-larrun\\\/\"]}]},{\"@type\":\"ImageObject\",\"inLanguage\":\"es\",\"@id\":\"https:\\\/\\\/www.carlosyconchita.net\\\/rutas\\\/07-12-2019-bornas-022-028-larrun\\\/#primaryimage\",\"url\":\"https:\\\/\\\/www.carlosyconchita.net\\\/rutas\\\/wp-content\\\/uploads\\\/2019\\\/12\\\/Bornas-022-028-00068.jpg\",\"contentUrl\":\"https:\\\/\\\/www.carlosyconchita.net\\\/rutas\\\/wp-content\\\/uploads\\\/2019\\\/12\\\/Bornas-022-028-00068.jpg\",\"width\":764,\"height\":764},{\"@type\":\"BreadcrumbList\",\"@id\":\"https:\\\/\\\/www.carlosyconchita.net\\\/rutas\\\/07-12-2019-bornas-022-028-larrun\\\/#breadcrumb\",\"itemListElement\":[{\"@type\":\"ListItem\",\"position\":1,\"name\":\"Portada\",\"item\":\"https:\\\/\\\/www.carlosyconchita.net\\\/rutas\\\/\"},{\"@type\":\"ListItem\",\"position\":2,\"name\":\"07-12-2019-Bornas 022-028 (Larr\u00fan)\"}]},{\"@type\":\"WebSite\",\"@id\":\"https:\\\/\\\/www.carlosyconchita.net\\\/rutas\\\/#website\",\"url\":\"https:\\\/\\\/www.carlosyconchita.net\\\/rutas\\\/\",\"name\":\"Las rutas de Carlos y Conchita\",\"description\":\"\",\"potentialAction\":[{\"@type\":\"SearchAction\",\"target\":{\"@type\":\"EntryPoint\",\"urlTemplate\":\"https:\\\/\\\/www.carlosyconchita.net\\\/rutas\\\/?s={search_term_string}\"},\"query-input\":{\"@type\":\"PropertyValueSpecification\",\"valueRequired\":true,\"valueName\":\"search_term_string\"}}],\"inLanguage\":\"es\"},{\"@type\":\"Person\",\"@id\":\"https:\\\/\\\/www.carlosyconchita.net\\\/rutas\\\/#\\\/schema\\\/person\\\/a9691f7258c28443fab2d3aa1479ea19\",\"name\":\"Carlos Conchita\",\"image\":{\"@type\":\"ImageObject\",\"inLanguage\":\"es\",\"@id\":\"https:\\\/\\\/secure.gravatar.com\\\/avatar\\\/3a4625b20c8da3de99da69bfe7a322774e291c3f90dce7e8778a30fe6748ed1a?s=96&d=mm&r=g\",\"url\":\"https:\\\/\\\/secure.gravatar.com\\\/avatar\\\/3a4625b20c8da3de99da69bfe7a322774e291c3f90dce7e8778a30fe6748ed1a?s=96&d=mm&r=g\",\"contentUrl\":\"https:\\\/\\\/secure.gravatar.com\\\/avatar\\\/3a4625b20c8da3de99da69bfe7a322774e291c3f90dce7e8778a30fe6748ed1a?s=96&d=mm&r=g\",\"caption\":\"Carlos Conchita\"}}]}<\/script>\n<!-- \/ Yoast SEO plugin. -->","yoast_head_json":{"title":"07-12-2019-Bornas 022-028 (Larr\u00fan) -","robots":{"index":"index","follow":"follow","max-snippet":"max-snippet:-1","max-image-preview":"max-image-preview:large","max-video-preview":"max-video-preview:-1"},"canonical":"https:\/\/www.carlosyconchita.net\/rutas\/07-12-2019-bornas-022-028-larrun\/","og_locale":"es_ES","og_type":"article","og_title":"07-12-2019-Bornas 022-028 (Larr\u00fan) -","og_description":"Subimos al Larr\u00fan y al Txiki Larr\u00fan o Peque\u00f1o Larr\u00fan, y localizamos las bornas 022 a 028.","og_url":"https:\/\/www.carlosyconchita.net\/rutas\/07-12-2019-bornas-022-028-larrun\/","og_site_name":"Las rutas de Carlos y Conchita","article_published_time":"2019-12-07T21:21:04+00:00","article_modified_time":"2022-03-13T16:25:23+00:00","og_image":[{"width":764,"height":764,"url":"https:\/\/www.carlosyconchita.net\/rutas\/wp-content\/uploads\/2019\/12\/Bornas-022-028-00068.jpg","type":"image\/jpeg"}],"author":"Carlos Conchita","twitter_misc":{"Escrito por":"Carlos Conchita","Tiempo de lectura":"3 minutos"},"schema":{"@context":"https:\/\/schema.org","@graph":[{"@type":"Article","@id":"https:\/\/www.carlosyconchita.net\/rutas\/07-12-2019-bornas-022-028-larrun\/#article","isPartOf":{"@id":"https:\/\/www.carlosyconchita.net\/rutas\/07-12-2019-bornas-022-028-larrun\/"},"author":{"name":"Carlos Conchita","@id":"https:\/\/www.carlosyconchita.net\/rutas\/#\/schema\/person\/a9691f7258c28443fab2d3aa1479ea19"},"headline":"07-12-2019-Bornas 022-028 (Larr\u00fan)","datePublished":"2019-12-07T21:21:04+00:00","dateModified":"2022-03-13T16:25:23+00:00","mainEntityOfPage":{"@id":"https:\/\/www.carlosyconchita.net\/rutas\/07-12-2019-bornas-022-028-larrun\/"},"wordCount":566,"commentCount":0,"image":{"@id":"https:\/\/www.carlosyconchita.net\/rutas\/07-12-2019-bornas-022-028-larrun\/#primaryimage"},"thumbnailUrl":"https:\/\/www.carlosyconchita.net\/rutas\/wp-content\/uploads\/2019\/12\/Bornas-022-028-00068.jpg","articleSection":["100 Cims Carlos y Conchita","2-Moderada","3 - De 10 a 15 km.","Mojones \/ Bornas frontera ES-FR","Navarra"],"inLanguage":"es","potentialAction":[{"@type":"CommentAction","name":"Comment","target":["https:\/\/www.carlosyconchita.net\/rutas\/07-12-2019-bornas-022-028-larrun\/#respond"]}]},{"@type":"WebPage","@id":"https:\/\/www.carlosyconchita.net\/rutas\/07-12-2019-bornas-022-028-larrun\/","url":"https:\/\/www.carlosyconchita.net\/rutas\/07-12-2019-bornas-022-028-larrun\/","name":"07-12-2019-Bornas 022-028 (Larr\u00fan) -","isPartOf":{"@id":"https:\/\/www.carlosyconchita.net\/rutas\/#website"},"primaryImageOfPage":{"@id":"https:\/\/www.carlosyconchita.net\/rutas\/07-12-2019-bornas-022-028-larrun\/#primaryimage"},"image":{"@id":"https:\/\/www.carlosyconchita.net\/rutas\/07-12-2019-bornas-022-028-larrun\/#primaryimage"},"thumbnailUrl":"https:\/\/www.carlosyconchita.net\/rutas\/wp-content\/uploads\/2019\/12\/Bornas-022-028-00068.jpg","datePublished":"2019-12-07T21:21:04+00:00","dateModified":"2022-03-13T16:25:23+00:00","author":{"@id":"https:\/\/www.carlosyconchita.net\/rutas\/#\/schema\/person\/a9691f7258c28443fab2d3aa1479ea19"},"breadcrumb":{"@id":"https:\/\/www.carlosyconchita.net\/rutas\/07-12-2019-bornas-022-028-larrun\/#breadcrumb"},"inLanguage":"es","potentialAction":[{"@type":"ReadAction","target":["https:\/\/www.carlosyconchita.net\/rutas\/07-12-2019-bornas-022-028-larrun\/"]}]},{"@type":"ImageObject","inLanguage":"es","@id":"https:\/\/www.carlosyconchita.net\/rutas\/07-12-2019-bornas-022-028-larrun\/#primaryimage","url":"https:\/\/www.carlosyconchita.net\/rutas\/wp-content\/uploads\/2019\/12\/Bornas-022-028-00068.jpg","contentUrl":"https:\/\/www.carlosyconchita.net\/rutas\/wp-content\/uploads\/2019\/12\/Bornas-022-028-00068.jpg","width":764,"height":764},{"@type":"BreadcrumbList","@id":"https:\/\/www.carlosyconchita.net\/rutas\/07-12-2019-bornas-022-028-larrun\/#breadcrumb","itemListElement":[{"@type":"ListItem","position":1,"name":"Portada","item":"https:\/\/www.carlosyconchita.net\/rutas\/"},{"@type":"ListItem","position":2,"name":"07-12-2019-Bornas 022-028 (Larr\u00fan)"}]},{"@type":"WebSite","@id":"https:\/\/www.carlosyconchita.net\/rutas\/#website","url":"https:\/\/www.carlosyconchita.net\/rutas\/","name":"Las rutas de Carlos y Conchita","description":"","potentialAction":[{"@type":"SearchAction","target":{"@type":"EntryPoint","urlTemplate":"https:\/\/www.carlosyconchita.net\/rutas\/?s={search_term_string}"},"query-input":{"@type":"PropertyValueSpecification","valueRequired":true,"valueName":"search_term_string"}}],"inLanguage":"es"},{"@type":"Person","@id":"https:\/\/www.carlosyconchita.net\/rutas\/#\/schema\/person\/a9691f7258c28443fab2d3aa1479ea19","name":"Carlos Conchita","image":{"@type":"ImageObject","inLanguage":"es","@id":"https:\/\/secure.gravatar.com\/avatar\/3a4625b20c8da3de99da69bfe7a322774e291c3f90dce7e8778a30fe6748ed1a?s=96&d=mm&r=g","url":"https:\/\/secure.gravatar.com\/avatar\/3a4625b20c8da3de99da69bfe7a322774e291c3f90dce7e8778a30fe6748ed1a?s=96&d=mm&r=g","contentUrl":"https:\/\/secure.gravatar.com\/avatar\/3a4625b20c8da3de99da69bfe7a322774e291c3f90dce7e8778a30fe6748ed1a?s=96&d=mm&r=g","caption":"Carlos Conchita"}}]}},"_links":{"self":[{"href":"https:\/\/www.carlosyconchita.net\/rutas\/wp-json\/wp\/v2\/posts\/13491","targetHints":{"allow":["GET"]}}],"collection":[{"href":"https:\/\/www.carlosyconchita.net\/rutas\/wp-json\/wp\/v2\/posts"}],"about":[{"href":"https:\/\/www.carlosyconchita.net\/rutas\/wp-json\/wp\/v2\/types\/post"}],"author":[{"embeddable":true,"href":"https:\/\/www.carlosyconchita.net\/rutas\/wp-json\/wp\/v2\/users\/50"}],"replies":[{"embeddable":true,"href":"https:\/\/www.carlosyconchita.net\/rutas\/wp-json\/wp\/v2\/comments?post=13491"}],"version-history":[{"count":0,"href":"https:\/\/www.carlosyconchita.net\/rutas\/wp-json\/wp\/v2\/posts\/13491\/revisions"}],"wp:featuredmedia":[{"embeddable":true,"href":"https:\/\/www.carlosyconchita.net\/rutas\/wp-json\/wp\/v2\/media\/13492"}],"wp:attachment":[{"href":"https:\/\/www.carlosyconchita.net\/rutas\/wp-json\/wp\/v2\/media?parent=13491"}],"wp:term":[{"taxonomy":"category","embeddable":true,"href":"https:\/\/www.carlosyconchita.net\/rutas\/wp-json\/wp\/v2\/categories?post=13491"},{"taxonomy":"post_tag","embeddable":true,"href":"https:\/\/www.carlosyconchita.net\/rutas\/wp-json\/wp\/v2\/tags?post=13491"}],"curies":[{"name":"wp","href":"https:\/\/api.w.org\/{rel}","templated":true}]}}