{"id":13502,"date":"2019-12-08T20:55:25","date_gmt":"2019-12-08T19:55:25","guid":{"rendered":"https:\/\/www.carlosyconchita.net\/rutas\/?p=13502"},"modified":"2022-03-13T17:23:34","modified_gmt":"2022-03-13T16:23:34","slug":"08-12-2019-isla-de-los-faisanes","status":"publish","type":"post","link":"https:\/\/www.carlosyconchita.net\/rutas\/08-12-2019-isla-de-los-faisanes\/","title":{"rendered":"08-12-2019-Isla de los Faisanes (Borna 0)"},"content":{"rendered":"<p style=\"text-align: justify;\">Ya que estamos intentando seguir todas las bornas o mojones fronterizos entre Espa\u00f1a y Francia, no pod\u00edamos dejar de visitar y fotografiar tambi\u00e9n la Isla de los Faisanes, que casi podr\u00edamos definir como la borna o moj\u00f3n n\u00famero cero, situda en el r\u00edo Bidasoa, administrada por el Ayuntamiento de Ir\u00fan y el municipio franc\u00e9s de Hendaya.<\/p>\n<p style=\"text-align: justify;\">En esta isla se firm\u00f3 el Tratado de los Pirineos el dia 7 de noviembre de 1659, aunque en realidad , la colocaci\u00f3n y situaci\u00f3n de los mojones se decidi\u00f3 en los Tratados de Bayona de 1856-1868 , es decir 200 a\u00f1os despu\u00e9s.<\/p>\n<p style=\"text-align: justify;\">No vamos a resumir aqu\u00ed toda la historia de este lugar, porque podemos encontrar f\u00e1cilmente todos los datos, pero indicaremos como curiosidad que esta isla pertenece 6 meses a la juridisci\u00f3n espa\u00f1ola y otros 6 a la francesa.<\/p>\n<p>Aqu\u00ed ponemos un enlace a un art\u00edculo sobre esta isla <strong><span style=\"color: #0000ff;\"><a style=\"color: #0000ff;\" href=\"http:\/\/elzo-meridianos.blogspot.com.es\/2009\/05\/la-isla-de-los-faisanes-seis-meses.html\" target=\"_blank\" rel=\"noopener noreferrer\">(ver informaci\u00f3n sobre la Isla de los Faisanes)<\/a><\/span><\/strong><\/p>\n<p>&nbsp;<\/p>\n<hr \/>\n<p><img loading=\"lazy\" decoding=\"async\" class=\"size-full aligncenter\" src=\"https:\/\/lh3.googleusercontent.com\/WkVtmkarT7s-GZJbiCT4vy866TcWo3W_5GWbyGhcD3RFNUzw7j_5W3GKo81ILARNmdfAnL5hvP2w0_4dABCwBzjibKvKaW_DEJ90Xfdzxw6OELOyTh4QW37qUsNTbb2fZm9hPxFr-usG2CSflVREvjpr8cNXQJ7tMA2k2uNZZa0iGOmpiTxn9K-slGlza3HUHojFQMNdM1U8lgwGqq6ege5xHyoz332jar0MUBrb1AZfIoflGIvW_KnKQIda4eZDhJV2kt5OvDMuWLPVkXm_-nW1ir2Be1-hfGSgcekrHomlXw7sEkOsPnnw2e2XVccfLITIa3MCnyIPH_5ZVdkA60Fla8tuAE8tnzHiQyW9XjrqG8TGPOmYXcIGu1Qhh3nMeEDSYWXcLn1pFhH6TORl1syZVN8aJtzz0USVezvEBu0yMB14WHJI9P3lQRGcVWEDjVajK8zwbto8XLtxAzqE0Fdnxpxm-NIM4NTryzIWQNqdortErnK1xpi0LQQDk8d2ce1aVR7iQtrqtKHQhfe0smm7A3zM41xeJnfO28pKPt67vkeWsSFcewlLd1Ad2m1AwNVnK_Y7rGRTUU-p2Z09uiGCZ4QMiNF1MXZ3FJHnay3R_hyFrvpNbRgkmGiwjLdTvT_dggSfpJGH7InrGgCEMKDjQoWEn61ptKiU2v7fafuWdcA9ZRvbQV0=w1024-h576-no\" width=\"1024\" height=\"576\" \/><\/p>\n<p>&nbsp;<\/p>\n<hr \/>\n<h3><strong>Album de fotos<\/strong><\/h3>\n<p><a href=\"https:\/\/photos.app.goo.gl\/VK5gZ8224cayzxv77\" target=\"_blank\" rel=\"noopener noreferrer\"><img loading=\"lazy\" decoding=\"async\" class=\"aligncenter wp-image-13503 size-column4-2\/3\" src=\"https:\/\/www.carlosyconchita.net\/rutas\/wp-content\/uploads\/2019\/12\/2019-12-08-IslaFaisanes-00001-285x190.jpg\" alt=\"\" width=\"285\" height=\"190\" srcset=\"https:\/\/www.carlosyconchita.net\/rutas\/wp-content\/uploads\/2019\/12\/2019-12-08-IslaFaisanes-00001-285x190.jpg 285w, https:\/\/www.carlosyconchita.net\/rutas\/wp-content\/uploads\/2019\/12\/2019-12-08-IslaFaisanes-00001-272x182.jpg 272w, https:\/\/www.carlosyconchita.net\/rutas\/wp-content\/uploads\/2019\/12\/2019-12-08-IslaFaisanes-00001-570x380.jpg 570w, https:\/\/www.carlosyconchita.net\/rutas\/wp-content\/uploads\/2019\/12\/2019-12-08-IslaFaisanes-00001-380x254.jpg 380w\" sizes=\"auto, (max-width: 285px) 100vw, 285px\" \/><\/a><\/p>\n<hr \/>\n<p>&nbsp;<\/p>\n","protected":false},"excerpt":{"rendered":"<p>Ya que estamos intentando seguir todas las bornas o mojones fronterizos entre Espa\u00f1a y Francia, no pod\u00edamos dejar de visitar y fotografiar tambi\u00e9n la Isla de los Faisanes, que casi podr\u00edamos definir como la borna o moj\u00f3n n\u00famero cero, situda en el r\u00edo Bidasoa, administrada por el Ayuntamiento de Ir\u00fan y el municipio franc\u00e9s de Hendaya, y en donde se  firm\u00f3 el Tratado de los Pirineos, origen por as\u00ed decir, del establecimiento de la frontera actual entre Espa\u00f1a y Francia.<\/p>\n","protected":false},"author":50,"featured_media":13503,"comment_status":"open","ping_status":"open","sticky":false,"template":"","format":"standard","meta":{"footnotes":""},"categories":[14,21,97,74],"tags":[],"class_list":{"0":"post-13502","1":"post","2":"type-post","3":"status-publish","4":"format-standard","5":"has-post-thumbnail","6":"hentry","7":"category-muy-facil","8":"category-hasta-5-km","9":"category-gipuzkoa","10":"category-0-mojones-bornas-frontera","12":"post-with-thumbnail","13":"post-with-thumbnail-icon"},"yoast_head":"<!-- This site is optimized with the Yoast SEO plugin v27.4 - https:\/\/yoast.com\/product\/yoast-seo-wordpress\/ -->\n<title>08-12-2019-Isla de los Faisanes (Borna 0) -<\/title>\n<meta name=\"robots\" content=\"index, follow, max-snippet:-1, max-image-preview:large, max-video-preview:-1\" \/>\n<link rel=\"canonical\" href=\"https:\/\/www.carlosyconchita.net\/rutas\/08-12-2019-isla-de-los-faisanes\/\" \/>\n<meta property=\"og:locale\" content=\"es_ES\" \/>\n<meta property=\"og:type\" content=\"article\" \/>\n<meta property=\"og:title\" content=\"08-12-2019-Isla de los Faisanes (Borna 0) -\" \/>\n<meta property=\"og:description\" content=\"Ya que estamos intentando seguir todas las bornas o mojones fronterizos entre Espa\u00f1a y Francia, no pod\u00edamos dejar de visitar y fotografiar tambi\u00e9n la Isla de los Faisanes, que casi podr\u00edamos definir como la borna o moj\u00f3n n\u00famero cero, situda en el r\u00edo Bidasoa, administrada por el Ayuntamiento de Ir\u00fan y el municipio franc\u00e9s de Hendaya, y en donde se firm\u00f3 el Tratado de los Pirineos, origen por as\u00ed decir, del establecimiento de la frontera actual entre Espa\u00f1a y Francia.\" \/>\n<meta property=\"og:url\" content=\"https:\/\/www.carlosyconchita.net\/rutas\/08-12-2019-isla-de-los-faisanes\/\" \/>\n<meta property=\"og:site_name\" content=\"Las rutas de Carlos y Conchita\" \/>\n<meta property=\"article:published_time\" content=\"2019-12-08T19:55:25+00:00\" \/>\n<meta property=\"article:modified_time\" content=\"2022-03-13T16:23:34+00:00\" \/>\n<meta property=\"og:image\" content=\"https:\/\/www.carlosyconchita.net\/rutas\/wp-content\/uploads\/2019\/12\/2019-12-08-IslaFaisanes-00001.jpg\" \/>\n\t<meta property=\"og:image:width\" content=\"1024\" \/>\n\t<meta property=\"og:image:height\" content=\"576\" \/>\n\t<meta property=\"og:image:type\" content=\"image\/jpeg\" \/>\n<meta name=\"author\" content=\"Carlos Conchita\" \/>\n<meta name=\"twitter:label1\" content=\"Escrito por\" \/>\n\t<meta name=\"twitter:data1\" content=\"Carlos Conchita\" \/>\n\t<meta name=\"twitter:label2\" content=\"Tiempo de lectura\" \/>\n\t<meta name=\"twitter:data2\" content=\"1 minuto\" \/>\n<script type=\"application\/ld+json\" class=\"yoast-schema-graph\">{\"@context\":\"https:\\\/\\\/schema.org\",\"@graph\":[{\"@type\":\"Article\",\"@id\":\"https:\\\/\\\/www.carlosyconchita.net\\\/rutas\\\/08-12-2019-isla-de-los-faisanes\\\/#article\",\"isPartOf\":{\"@id\":\"https:\\\/\\\/www.carlosyconchita.net\\\/rutas\\\/08-12-2019-isla-de-los-faisanes\\\/\"},\"author\":{\"name\":\"Carlos Conchita\",\"@id\":\"https:\\\/\\\/www.carlosyconchita.net\\\/rutas\\\/#\\\/schema\\\/person\\\/a9691f7258c28443fab2d3aa1479ea19\"},\"headline\":\"08-12-2019-Isla de los Faisanes (Borna 0)\",\"datePublished\":\"2019-12-08T19:55:25+00:00\",\"dateModified\":\"2022-03-13T16:23:34+00:00\",\"mainEntityOfPage\":{\"@id\":\"https:\\\/\\\/www.carlosyconchita.net\\\/rutas\\\/08-12-2019-isla-de-los-faisanes\\\/\"},\"wordCount\":179,\"commentCount\":0,\"image\":{\"@id\":\"https:\\\/\\\/www.carlosyconchita.net\\\/rutas\\\/08-12-2019-isla-de-los-faisanes\\\/#primaryimage\"},\"thumbnailUrl\":\"https:\\\/\\\/www.carlosyconchita.net\\\/rutas\\\/wp-content\\\/uploads\\\/2019\\\/12\\\/2019-12-08-IslaFaisanes-00001.jpg\",\"articleSection\":[\"0-Muy f\u00e1cil\",\"1 - Hasta 5 km.\",\"Gipuzkoa\",\"Mojones \\\/ Bornas frontera ES-FR\"],\"inLanguage\":\"es\",\"potentialAction\":[{\"@type\":\"CommentAction\",\"name\":\"Comment\",\"target\":[\"https:\\\/\\\/www.carlosyconchita.net\\\/rutas\\\/08-12-2019-isla-de-los-faisanes\\\/#respond\"]}]},{\"@type\":\"WebPage\",\"@id\":\"https:\\\/\\\/www.carlosyconchita.net\\\/rutas\\\/08-12-2019-isla-de-los-faisanes\\\/\",\"url\":\"https:\\\/\\\/www.carlosyconchita.net\\\/rutas\\\/08-12-2019-isla-de-los-faisanes\\\/\",\"name\":\"08-12-2019-Isla de los Faisanes (Borna 0) -\",\"isPartOf\":{\"@id\":\"https:\\\/\\\/www.carlosyconchita.net\\\/rutas\\\/#website\"},\"primaryImageOfPage\":{\"@id\":\"https:\\\/\\\/www.carlosyconchita.net\\\/rutas\\\/08-12-2019-isla-de-los-faisanes\\\/#primaryimage\"},\"image\":{\"@id\":\"https:\\\/\\\/www.carlosyconchita.net\\\/rutas\\\/08-12-2019-isla-de-los-faisanes\\\/#primaryimage\"},\"thumbnailUrl\":\"https:\\\/\\\/www.carlosyconchita.net\\\/rutas\\\/wp-content\\\/uploads\\\/2019\\\/12\\\/2019-12-08-IslaFaisanes-00001.jpg\",\"datePublished\":\"2019-12-08T19:55:25+00:00\",\"dateModified\":\"2022-03-13T16:23:34+00:00\",\"author\":{\"@id\":\"https:\\\/\\\/www.carlosyconchita.net\\\/rutas\\\/#\\\/schema\\\/person\\\/a9691f7258c28443fab2d3aa1479ea19\"},\"breadcrumb\":{\"@id\":\"https:\\\/\\\/www.carlosyconchita.net\\\/rutas\\\/08-12-2019-isla-de-los-faisanes\\\/#breadcrumb\"},\"inLanguage\":\"es\",\"potentialAction\":[{\"@type\":\"ReadAction\",\"target\":[\"https:\\\/\\\/www.carlosyconchita.net\\\/rutas\\\/08-12-2019-isla-de-los-faisanes\\\/\"]}]},{\"@type\":\"ImageObject\",\"inLanguage\":\"es\",\"@id\":\"https:\\\/\\\/www.carlosyconchita.net\\\/rutas\\\/08-12-2019-isla-de-los-faisanes\\\/#primaryimage\",\"url\":\"https:\\\/\\\/www.carlosyconchita.net\\\/rutas\\\/wp-content\\\/uploads\\\/2019\\\/12\\\/2019-12-08-IslaFaisanes-00001.jpg\",\"contentUrl\":\"https:\\\/\\\/www.carlosyconchita.net\\\/rutas\\\/wp-content\\\/uploads\\\/2019\\\/12\\\/2019-12-08-IslaFaisanes-00001.jpg\",\"width\":1024,\"height\":576},{\"@type\":\"BreadcrumbList\",\"@id\":\"https:\\\/\\\/www.carlosyconchita.net\\\/rutas\\\/08-12-2019-isla-de-los-faisanes\\\/#breadcrumb\",\"itemListElement\":[{\"@type\":\"ListItem\",\"position\":1,\"name\":\"Portada\",\"item\":\"https:\\\/\\\/www.carlosyconchita.net\\\/rutas\\\/\"},{\"@type\":\"ListItem\",\"position\":2,\"name\":\"08-12-2019-Isla de los Faisanes (Borna 0)\"}]},{\"@type\":\"WebSite\",\"@id\":\"https:\\\/\\\/www.carlosyconchita.net\\\/rutas\\\/#website\",\"url\":\"https:\\\/\\\/www.carlosyconchita.net\\\/rutas\\\/\",\"name\":\"Las rutas de Carlos y Conchita\",\"description\":\"\",\"potentialAction\":[{\"@type\":\"SearchAction\",\"target\":{\"@type\":\"EntryPoint\",\"urlTemplate\":\"https:\\\/\\\/www.carlosyconchita.net\\\/rutas\\\/?s={search_term_string}\"},\"query-input\":{\"@type\":\"PropertyValueSpecification\",\"valueRequired\":true,\"valueName\":\"search_term_string\"}}],\"inLanguage\":\"es\"},{\"@type\":\"Person\",\"@id\":\"https:\\\/\\\/www.carlosyconchita.net\\\/rutas\\\/#\\\/schema\\\/person\\\/a9691f7258c28443fab2d3aa1479ea19\",\"name\":\"Carlos Conchita\",\"image\":{\"@type\":\"ImageObject\",\"inLanguage\":\"es\",\"@id\":\"https:\\\/\\\/secure.gravatar.com\\\/avatar\\\/3a4625b20c8da3de99da69bfe7a322774e291c3f90dce7e8778a30fe6748ed1a?s=96&d=mm&r=g\",\"url\":\"https:\\\/\\\/secure.gravatar.com\\\/avatar\\\/3a4625b20c8da3de99da69bfe7a322774e291c3f90dce7e8778a30fe6748ed1a?s=96&d=mm&r=g\",\"contentUrl\":\"https:\\\/\\\/secure.gravatar.com\\\/avatar\\\/3a4625b20c8da3de99da69bfe7a322774e291c3f90dce7e8778a30fe6748ed1a?s=96&d=mm&r=g\",\"caption\":\"Carlos Conchita\"}}]}<\/script>\n<!-- \/ Yoast SEO plugin. -->","yoast_head_json":{"title":"08-12-2019-Isla de los Faisanes (Borna 0) -","robots":{"index":"index","follow":"follow","max-snippet":"max-snippet:-1","max-image-preview":"max-image-preview:large","max-video-preview":"max-video-preview:-1"},"canonical":"https:\/\/www.carlosyconchita.net\/rutas\/08-12-2019-isla-de-los-faisanes\/","og_locale":"es_ES","og_type":"article","og_title":"08-12-2019-Isla de los Faisanes (Borna 0) -","og_description":"Ya que estamos intentando seguir todas las bornas o mojones fronterizos entre Espa\u00f1a y Francia, no pod\u00edamos dejar de visitar y fotografiar tambi\u00e9n la Isla de los Faisanes, que casi podr\u00edamos definir como la borna o moj\u00f3n n\u00famero cero, situda en el r\u00edo Bidasoa, administrada por el Ayuntamiento de Ir\u00fan y el municipio franc\u00e9s de Hendaya, y en donde se firm\u00f3 el Tratado de los Pirineos, origen por as\u00ed decir, del establecimiento de la frontera actual entre Espa\u00f1a y Francia.","og_url":"https:\/\/www.carlosyconchita.net\/rutas\/08-12-2019-isla-de-los-faisanes\/","og_site_name":"Las rutas de Carlos y Conchita","article_published_time":"2019-12-08T19:55:25+00:00","article_modified_time":"2022-03-13T16:23:34+00:00","og_image":[{"width":1024,"height":576,"url":"https:\/\/www.carlosyconchita.net\/rutas\/wp-content\/uploads\/2019\/12\/2019-12-08-IslaFaisanes-00001.jpg","type":"image\/jpeg"}],"author":"Carlos Conchita","twitter_misc":{"Escrito por":"Carlos Conchita","Tiempo de lectura":"1 minuto"},"schema":{"@context":"https:\/\/schema.org","@graph":[{"@type":"Article","@id":"https:\/\/www.carlosyconchita.net\/rutas\/08-12-2019-isla-de-los-faisanes\/#article","isPartOf":{"@id":"https:\/\/www.carlosyconchita.net\/rutas\/08-12-2019-isla-de-los-faisanes\/"},"author":{"name":"Carlos Conchita","@id":"https:\/\/www.carlosyconchita.net\/rutas\/#\/schema\/person\/a9691f7258c28443fab2d3aa1479ea19"},"headline":"08-12-2019-Isla de los Faisanes (Borna 0)","datePublished":"2019-12-08T19:55:25+00:00","dateModified":"2022-03-13T16:23:34+00:00","mainEntityOfPage":{"@id":"https:\/\/www.carlosyconchita.net\/rutas\/08-12-2019-isla-de-los-faisanes\/"},"wordCount":179,"commentCount":0,"image":{"@id":"https:\/\/www.carlosyconchita.net\/rutas\/08-12-2019-isla-de-los-faisanes\/#primaryimage"},"thumbnailUrl":"https:\/\/www.carlosyconchita.net\/rutas\/wp-content\/uploads\/2019\/12\/2019-12-08-IslaFaisanes-00001.jpg","articleSection":["0-Muy f\u00e1cil","1 - Hasta 5 km.","Gipuzkoa","Mojones \/ Bornas frontera ES-FR"],"inLanguage":"es","potentialAction":[{"@type":"CommentAction","name":"Comment","target":["https:\/\/www.carlosyconchita.net\/rutas\/08-12-2019-isla-de-los-faisanes\/#respond"]}]},{"@type":"WebPage","@id":"https:\/\/www.carlosyconchita.net\/rutas\/08-12-2019-isla-de-los-faisanes\/","url":"https:\/\/www.carlosyconchita.net\/rutas\/08-12-2019-isla-de-los-faisanes\/","name":"08-12-2019-Isla de los Faisanes (Borna 0) -","isPartOf":{"@id":"https:\/\/www.carlosyconchita.net\/rutas\/#website"},"primaryImageOfPage":{"@id":"https:\/\/www.carlosyconchita.net\/rutas\/08-12-2019-isla-de-los-faisanes\/#primaryimage"},"image":{"@id":"https:\/\/www.carlosyconchita.net\/rutas\/08-12-2019-isla-de-los-faisanes\/#primaryimage"},"thumbnailUrl":"https:\/\/www.carlosyconchita.net\/rutas\/wp-content\/uploads\/2019\/12\/2019-12-08-IslaFaisanes-00001.jpg","datePublished":"2019-12-08T19:55:25+00:00","dateModified":"2022-03-13T16:23:34+00:00","author":{"@id":"https:\/\/www.carlosyconchita.net\/rutas\/#\/schema\/person\/a9691f7258c28443fab2d3aa1479ea19"},"breadcrumb":{"@id":"https:\/\/www.carlosyconchita.net\/rutas\/08-12-2019-isla-de-los-faisanes\/#breadcrumb"},"inLanguage":"es","potentialAction":[{"@type":"ReadAction","target":["https:\/\/www.carlosyconchita.net\/rutas\/08-12-2019-isla-de-los-faisanes\/"]}]},{"@type":"ImageObject","inLanguage":"es","@id":"https:\/\/www.carlosyconchita.net\/rutas\/08-12-2019-isla-de-los-faisanes\/#primaryimage","url":"https:\/\/www.carlosyconchita.net\/rutas\/wp-content\/uploads\/2019\/12\/2019-12-08-IslaFaisanes-00001.jpg","contentUrl":"https:\/\/www.carlosyconchita.net\/rutas\/wp-content\/uploads\/2019\/12\/2019-12-08-IslaFaisanes-00001.jpg","width":1024,"height":576},{"@type":"BreadcrumbList","@id":"https:\/\/www.carlosyconchita.net\/rutas\/08-12-2019-isla-de-los-faisanes\/#breadcrumb","itemListElement":[{"@type":"ListItem","position":1,"name":"Portada","item":"https:\/\/www.carlosyconchita.net\/rutas\/"},{"@type":"ListItem","position":2,"name":"08-12-2019-Isla de los Faisanes (Borna 0)"}]},{"@type":"WebSite","@id":"https:\/\/www.carlosyconchita.net\/rutas\/#website","url":"https:\/\/www.carlosyconchita.net\/rutas\/","name":"Las rutas de Carlos y Conchita","description":"","potentialAction":[{"@type":"SearchAction","target":{"@type":"EntryPoint","urlTemplate":"https:\/\/www.carlosyconchita.net\/rutas\/?s={search_term_string}"},"query-input":{"@type":"PropertyValueSpecification","valueRequired":true,"valueName":"search_term_string"}}],"inLanguage":"es"},{"@type":"Person","@id":"https:\/\/www.carlosyconchita.net\/rutas\/#\/schema\/person\/a9691f7258c28443fab2d3aa1479ea19","name":"Carlos Conchita","image":{"@type":"ImageObject","inLanguage":"es","@id":"https:\/\/secure.gravatar.com\/avatar\/3a4625b20c8da3de99da69bfe7a322774e291c3f90dce7e8778a30fe6748ed1a?s=96&d=mm&r=g","url":"https:\/\/secure.gravatar.com\/avatar\/3a4625b20c8da3de99da69bfe7a322774e291c3f90dce7e8778a30fe6748ed1a?s=96&d=mm&r=g","contentUrl":"https:\/\/secure.gravatar.com\/avatar\/3a4625b20c8da3de99da69bfe7a322774e291c3f90dce7e8778a30fe6748ed1a?s=96&d=mm&r=g","caption":"Carlos Conchita"}}]}},"_links":{"self":[{"href":"https:\/\/www.carlosyconchita.net\/rutas\/wp-json\/wp\/v2\/posts\/13502","targetHints":{"allow":["GET"]}}],"collection":[{"href":"https:\/\/www.carlosyconchita.net\/rutas\/wp-json\/wp\/v2\/posts"}],"about":[{"href":"https:\/\/www.carlosyconchita.net\/rutas\/wp-json\/wp\/v2\/types\/post"}],"author":[{"embeddable":true,"href":"https:\/\/www.carlosyconchita.net\/rutas\/wp-json\/wp\/v2\/users\/50"}],"replies":[{"embeddable":true,"href":"https:\/\/www.carlosyconchita.net\/rutas\/wp-json\/wp\/v2\/comments?post=13502"}],"version-history":[{"count":0,"href":"https:\/\/www.carlosyconchita.net\/rutas\/wp-json\/wp\/v2\/posts\/13502\/revisions"}],"wp:featuredmedia":[{"embeddable":true,"href":"https:\/\/www.carlosyconchita.net\/rutas\/wp-json\/wp\/v2\/media\/13503"}],"wp:attachment":[{"href":"https:\/\/www.carlosyconchita.net\/rutas\/wp-json\/wp\/v2\/media?parent=13502"}],"wp:term":[{"taxonomy":"category","embeddable":true,"href":"https:\/\/www.carlosyconchita.net\/rutas\/wp-json\/wp\/v2\/categories?post=13502"},{"taxonomy":"post_tag","embeddable":true,"href":"https:\/\/www.carlosyconchita.net\/rutas\/wp-json\/wp\/v2\/tags?post=13502"}],"curies":[{"name":"wp","href":"https:\/\/api.w.org\/{rel}","templated":true}]}}