{"id":13514,"date":"2019-12-08T21:35:15","date_gmt":"2019-12-08T20:35:15","guid":{"rendered":"https:\/\/www.carlosyconchita.net\/rutas\/?p=13514"},"modified":"2020-03-15T19:34:26","modified_gmt":"2020-03-15T18:34:26","slug":"08-12-2019-san-sebastian","status":"publish","type":"post","link":"https:\/\/www.carlosyconchita.net\/rutas\/08-12-2019-san-sebastian\/","title":{"rendered":"08-12-2019 &#8211; San Sebasti\u00e1n (Fotos)"},"content":{"rendered":"<p style=\"text-align: justify;\">Caminata por San Sebasti\u00e1n, en un d\u00eda lluvioso tal como dec\u00edan las previsiones, y que nosotros en base a ellas hab\u00edamos reservado por asi decir, para que la lluvia nos cogiera caminando por la ciudad y no por las monta\u00f1as, en donde por cierto, hemos tenido 3 d\u00edas fant\u00e1sticos, con sol y buena temperatura.<\/p>\n<p style=\"text-align: justify;\">Dejamos el coche al pi\u00e9 del funicular al Monte Igueldo, subimos con el funicular, y despu\u00e9s fuimos caminando hasta la zona antigua, al otro lado de la bah\u00eda, en donde por supuesto comimos en base a los \u00abpintxos\u00bb.<\/p>\n<p style=\"text-align: justify;\">Despu\u00e9s de caminar bastante \u00abcallejeando\u00bb por all\u00ed , volvimos a recorrer toda la bah\u00eda para recoger el coche&#8230; en total unos 7 kms.\u00a0 bajo la lluvia, aunque por suerte no era muy fuerte.<\/p>\n<p>De todas formas , podr\u00edamos decir que ir a San Sebast\u00e1n y no tener lluvia, casi no tiene gracia&#8230;<\/p>\n<hr \/>\n<h3><strong>Album de fotos<\/strong><\/h3>\n<p><a href=\"https:\/\/photos.app.goo.gl\/mvDr1QNnXM9UH5Ch9\" target=\"_blank\" rel=\"noopener noreferrer\"><img loading=\"lazy\" decoding=\"async\" class=\"aligncenter wp-image-13515 size-column4-2\/3\" src=\"https:\/\/www.carlosyconchita.net\/rutas\/wp-content\/uploads\/2019\/12\/2019-12-08-SanSebastian-00011-285x190.jpg\" alt=\"\" width=\"285\" height=\"190\" srcset=\"https:\/\/www.carlosyconchita.net\/rutas\/wp-content\/uploads\/2019\/12\/2019-12-08-SanSebastian-00011-285x190.jpg 285w, https:\/\/www.carlosyconchita.net\/rutas\/wp-content\/uploads\/2019\/12\/2019-12-08-SanSebastian-00011-272x182.jpg 272w, https:\/\/www.carlosyconchita.net\/rutas\/wp-content\/uploads\/2019\/12\/2019-12-08-SanSebastian-00011-570x380.jpg 570w, https:\/\/www.carlosyconchita.net\/rutas\/wp-content\/uploads\/2019\/12\/2019-12-08-SanSebastian-00011-380x254.jpg 380w\" sizes=\"auto, (max-width: 285px) 100vw, 285px\" \/><\/a><\/p>\n<hr \/>\n<p>&nbsp;<\/p>\n","protected":false},"excerpt":{"rendered":"<p>Caminata por San Sebasti\u00e1n, en un d\u00eda lluvioso tal como dec\u00edan las previsiones, y que nosotros en base a ellas hab\u00edamos reservado por asi decir, para que la lluvia nos cogiera caminando por la ciudad y no por las monta\u00f1as, en donde por cierto, hemos tenido 3 d\u00edas fant\u00e1sticos, con sol y buena temperatura. Dejamos [&hellip;]<\/p>\n","protected":false},"author":50,"featured_media":13515,"comment_status":"open","ping_status":"open","sticky":false,"template":"","format":"standard","meta":{"footnotes":""},"categories":[38,14,22,97],"tags":[],"class_list":{"0":"post-13514","1":"post","2":"type-post","3":"status-publish","4":"format-standard","5":"has-post-thumbnail","6":"hentry","7":"category-fotos","8":"category-muy-facil","9":"category-de-05-a-10-km","10":"category-gipuzkoa","12":"post-with-thumbnail","13":"post-with-thumbnail-icon"},"yoast_head":"<!-- This site is optimized with the Yoast SEO plugin v27.5 - https:\/\/yoast.com\/product\/yoast-seo-wordpress\/ -->\n<title>08-12-2019 - San Sebasti\u00e1n (Fotos) -<\/title>\n<meta name=\"robots\" content=\"index, follow, max-snippet:-1, max-image-preview:large, max-video-preview:-1\" \/>\n<link rel=\"canonical\" href=\"https:\/\/www.carlosyconchita.net\/rutas\/08-12-2019-san-sebastian\/\" \/>\n<meta property=\"og:locale\" content=\"es_ES\" \/>\n<meta property=\"og:type\" content=\"article\" \/>\n<meta property=\"og:title\" content=\"08-12-2019 - San Sebasti\u00e1n (Fotos) -\" \/>\n<meta property=\"og:description\" content=\"Caminata por San Sebasti\u00e1n, en un d\u00eda lluvioso tal como dec\u00edan las previsiones, y que nosotros en base a ellas hab\u00edamos reservado por asi decir, para que la lluvia nos cogiera caminando por la ciudad y no por las monta\u00f1as, en donde por cierto, hemos tenido 3 d\u00edas fant\u00e1sticos, con sol y buena temperatura. Dejamos [&hellip;]\" \/>\n<meta property=\"og:url\" content=\"https:\/\/www.carlosyconchita.net\/rutas\/08-12-2019-san-sebastian\/\" \/>\n<meta property=\"og:site_name\" content=\"Las rutas de Carlos y Conchita\" \/>\n<meta property=\"article:published_time\" content=\"2019-12-08T20:35:15+00:00\" \/>\n<meta property=\"article:modified_time\" content=\"2020-03-15T18:34:26+00:00\" \/>\n<meta property=\"og:image\" content=\"https:\/\/www.carlosyconchita.net\/rutas\/wp-content\/uploads\/2019\/12\/2019-12-08-SanSebastian-00011.jpg\" \/>\n\t<meta property=\"og:image:width\" content=\"1024\" \/>\n\t<meta property=\"og:image:height\" content=\"576\" \/>\n\t<meta property=\"og:image:type\" content=\"image\/jpeg\" \/>\n<meta name=\"author\" content=\"Carlos Conchita\" \/>\n<meta name=\"twitter:label1\" content=\"Escrito por\" \/>\n\t<meta name=\"twitter:data1\" content=\"Carlos Conchita\" \/>\n\t<meta name=\"twitter:label2\" content=\"Tiempo de lectura\" \/>\n\t<meta name=\"twitter:data2\" content=\"1 minuto\" \/>\n<script type=\"application\/ld+json\" class=\"yoast-schema-graph\">{\"@context\":\"https:\\\/\\\/schema.org\",\"@graph\":[{\"@type\":\"Article\",\"@id\":\"https:\\\/\\\/www.carlosyconchita.net\\\/rutas\\\/08-12-2019-san-sebastian\\\/#article\",\"isPartOf\":{\"@id\":\"https:\\\/\\\/www.carlosyconchita.net\\\/rutas\\\/08-12-2019-san-sebastian\\\/\"},\"author\":{\"name\":\"Carlos Conchita\",\"@id\":\"https:\\\/\\\/www.carlosyconchita.net\\\/rutas\\\/#\\\/schema\\\/person\\\/a9691f7258c28443fab2d3aa1479ea19\"},\"headline\":\"08-12-2019 &#8211; San Sebasti\u00e1n (Fotos)\",\"datePublished\":\"2019-12-08T20:35:15+00:00\",\"dateModified\":\"2020-03-15T18:34:26+00:00\",\"mainEntityOfPage\":{\"@id\":\"https:\\\/\\\/www.carlosyconchita.net\\\/rutas\\\/08-12-2019-san-sebastian\\\/\"},\"wordCount\":164,\"commentCount\":0,\"image\":{\"@id\":\"https:\\\/\\\/www.carlosyconchita.net\\\/rutas\\\/08-12-2019-san-sebastian\\\/#primaryimage\"},\"thumbnailUrl\":\"https:\\\/\\\/www.carlosyconchita.net\\\/rutas\\\/wp-content\\\/uploads\\\/2019\\\/12\\\/2019-12-08-SanSebastian-00011.jpg\",\"articleSection\":[\"0-Fotos\",\"0-Muy f\u00e1cil\",\"2 - De 5 a 10 km.\",\"Gipuzkoa\"],\"inLanguage\":\"es\",\"potentialAction\":[{\"@type\":\"CommentAction\",\"name\":\"Comment\",\"target\":[\"https:\\\/\\\/www.carlosyconchita.net\\\/rutas\\\/08-12-2019-san-sebastian\\\/#respond\"]}]},{\"@type\":\"WebPage\",\"@id\":\"https:\\\/\\\/www.carlosyconchita.net\\\/rutas\\\/08-12-2019-san-sebastian\\\/\",\"url\":\"https:\\\/\\\/www.carlosyconchita.net\\\/rutas\\\/08-12-2019-san-sebastian\\\/\",\"name\":\"08-12-2019 - San Sebasti\u00e1n (Fotos) -\",\"isPartOf\":{\"@id\":\"https:\\\/\\\/www.carlosyconchita.net\\\/rutas\\\/#website\"},\"primaryImageOfPage\":{\"@id\":\"https:\\\/\\\/www.carlosyconchita.net\\\/rutas\\\/08-12-2019-san-sebastian\\\/#primaryimage\"},\"image\":{\"@id\":\"https:\\\/\\\/www.carlosyconchita.net\\\/rutas\\\/08-12-2019-san-sebastian\\\/#primaryimage\"},\"thumbnailUrl\":\"https:\\\/\\\/www.carlosyconchita.net\\\/rutas\\\/wp-content\\\/uploads\\\/2019\\\/12\\\/2019-12-08-SanSebastian-00011.jpg\",\"datePublished\":\"2019-12-08T20:35:15+00:00\",\"dateModified\":\"2020-03-15T18:34:26+00:00\",\"author\":{\"@id\":\"https:\\\/\\\/www.carlosyconchita.net\\\/rutas\\\/#\\\/schema\\\/person\\\/a9691f7258c28443fab2d3aa1479ea19\"},\"breadcrumb\":{\"@id\":\"https:\\\/\\\/www.carlosyconchita.net\\\/rutas\\\/08-12-2019-san-sebastian\\\/#breadcrumb\"},\"inLanguage\":\"es\",\"potentialAction\":[{\"@type\":\"ReadAction\",\"target\":[\"https:\\\/\\\/www.carlosyconchita.net\\\/rutas\\\/08-12-2019-san-sebastian\\\/\"]}]},{\"@type\":\"ImageObject\",\"inLanguage\":\"es\",\"@id\":\"https:\\\/\\\/www.carlosyconchita.net\\\/rutas\\\/08-12-2019-san-sebastian\\\/#primaryimage\",\"url\":\"https:\\\/\\\/www.carlosyconchita.net\\\/rutas\\\/wp-content\\\/uploads\\\/2019\\\/12\\\/2019-12-08-SanSebastian-00011.jpg\",\"contentUrl\":\"https:\\\/\\\/www.carlosyconchita.net\\\/rutas\\\/wp-content\\\/uploads\\\/2019\\\/12\\\/2019-12-08-SanSebastian-00011.jpg\",\"width\":1024,\"height\":576},{\"@type\":\"BreadcrumbList\",\"@id\":\"https:\\\/\\\/www.carlosyconchita.net\\\/rutas\\\/08-12-2019-san-sebastian\\\/#breadcrumb\",\"itemListElement\":[{\"@type\":\"ListItem\",\"position\":1,\"name\":\"Portada\",\"item\":\"https:\\\/\\\/www.carlosyconchita.net\\\/rutas\\\/\"},{\"@type\":\"ListItem\",\"position\":2,\"name\":\"08-12-2019 &#8211; San Sebasti\u00e1n (Fotos)\"}]},{\"@type\":\"WebSite\",\"@id\":\"https:\\\/\\\/www.carlosyconchita.net\\\/rutas\\\/#website\",\"url\":\"https:\\\/\\\/www.carlosyconchita.net\\\/rutas\\\/\",\"name\":\"Las rutas de Carlos y Conchita\",\"description\":\"\",\"potentialAction\":[{\"@type\":\"SearchAction\",\"target\":{\"@type\":\"EntryPoint\",\"urlTemplate\":\"https:\\\/\\\/www.carlosyconchita.net\\\/rutas\\\/?s={search_term_string}\"},\"query-input\":{\"@type\":\"PropertyValueSpecification\",\"valueRequired\":true,\"valueName\":\"search_term_string\"}}],\"inLanguage\":\"es\"},{\"@type\":\"Person\",\"@id\":\"https:\\\/\\\/www.carlosyconchita.net\\\/rutas\\\/#\\\/schema\\\/person\\\/a9691f7258c28443fab2d3aa1479ea19\",\"name\":\"Carlos Conchita\",\"image\":{\"@type\":\"ImageObject\",\"inLanguage\":\"es\",\"@id\":\"https:\\\/\\\/secure.gravatar.com\\\/avatar\\\/3a4625b20c8da3de99da69bfe7a322774e291c3f90dce7e8778a30fe6748ed1a?s=96&d=mm&r=g\",\"url\":\"https:\\\/\\\/secure.gravatar.com\\\/avatar\\\/3a4625b20c8da3de99da69bfe7a322774e291c3f90dce7e8778a30fe6748ed1a?s=96&d=mm&r=g\",\"contentUrl\":\"https:\\\/\\\/secure.gravatar.com\\\/avatar\\\/3a4625b20c8da3de99da69bfe7a322774e291c3f90dce7e8778a30fe6748ed1a?s=96&d=mm&r=g\",\"caption\":\"Carlos Conchita\"}}]}<\/script>\n<!-- \/ Yoast SEO plugin. -->","yoast_head_json":{"title":"08-12-2019 - San Sebasti\u00e1n (Fotos) -","robots":{"index":"index","follow":"follow","max-snippet":"max-snippet:-1","max-image-preview":"max-image-preview:large","max-video-preview":"max-video-preview:-1"},"canonical":"https:\/\/www.carlosyconchita.net\/rutas\/08-12-2019-san-sebastian\/","og_locale":"es_ES","og_type":"article","og_title":"08-12-2019 - San Sebasti\u00e1n (Fotos) -","og_description":"Caminata por San Sebasti\u00e1n, en un d\u00eda lluvioso tal como dec\u00edan las previsiones, y que nosotros en base a ellas hab\u00edamos reservado por asi decir, para que la lluvia nos cogiera caminando por la ciudad y no por las monta\u00f1as, en donde por cierto, hemos tenido 3 d\u00edas fant\u00e1sticos, con sol y buena temperatura. Dejamos [&hellip;]","og_url":"https:\/\/www.carlosyconchita.net\/rutas\/08-12-2019-san-sebastian\/","og_site_name":"Las rutas de Carlos y Conchita","article_published_time":"2019-12-08T20:35:15+00:00","article_modified_time":"2020-03-15T18:34:26+00:00","og_image":[{"width":1024,"height":576,"url":"https:\/\/www.carlosyconchita.net\/rutas\/wp-content\/uploads\/2019\/12\/2019-12-08-SanSebastian-00011.jpg","type":"image\/jpeg"}],"author":"Carlos Conchita","twitter_misc":{"Escrito por":"Carlos Conchita","Tiempo de lectura":"1 minuto"},"schema":{"@context":"https:\/\/schema.org","@graph":[{"@type":"Article","@id":"https:\/\/www.carlosyconchita.net\/rutas\/08-12-2019-san-sebastian\/#article","isPartOf":{"@id":"https:\/\/www.carlosyconchita.net\/rutas\/08-12-2019-san-sebastian\/"},"author":{"name":"Carlos Conchita","@id":"https:\/\/www.carlosyconchita.net\/rutas\/#\/schema\/person\/a9691f7258c28443fab2d3aa1479ea19"},"headline":"08-12-2019 &#8211; San Sebasti\u00e1n (Fotos)","datePublished":"2019-12-08T20:35:15+00:00","dateModified":"2020-03-15T18:34:26+00:00","mainEntityOfPage":{"@id":"https:\/\/www.carlosyconchita.net\/rutas\/08-12-2019-san-sebastian\/"},"wordCount":164,"commentCount":0,"image":{"@id":"https:\/\/www.carlosyconchita.net\/rutas\/08-12-2019-san-sebastian\/#primaryimage"},"thumbnailUrl":"https:\/\/www.carlosyconchita.net\/rutas\/wp-content\/uploads\/2019\/12\/2019-12-08-SanSebastian-00011.jpg","articleSection":["0-Fotos","0-Muy f\u00e1cil","2 - De 5 a 10 km.","Gipuzkoa"],"inLanguage":"es","potentialAction":[{"@type":"CommentAction","name":"Comment","target":["https:\/\/www.carlosyconchita.net\/rutas\/08-12-2019-san-sebastian\/#respond"]}]},{"@type":"WebPage","@id":"https:\/\/www.carlosyconchita.net\/rutas\/08-12-2019-san-sebastian\/","url":"https:\/\/www.carlosyconchita.net\/rutas\/08-12-2019-san-sebastian\/","name":"08-12-2019 - San Sebasti\u00e1n (Fotos) -","isPartOf":{"@id":"https:\/\/www.carlosyconchita.net\/rutas\/#website"},"primaryImageOfPage":{"@id":"https:\/\/www.carlosyconchita.net\/rutas\/08-12-2019-san-sebastian\/#primaryimage"},"image":{"@id":"https:\/\/www.carlosyconchita.net\/rutas\/08-12-2019-san-sebastian\/#primaryimage"},"thumbnailUrl":"https:\/\/www.carlosyconchita.net\/rutas\/wp-content\/uploads\/2019\/12\/2019-12-08-SanSebastian-00011.jpg","datePublished":"2019-12-08T20:35:15+00:00","dateModified":"2020-03-15T18:34:26+00:00","author":{"@id":"https:\/\/www.carlosyconchita.net\/rutas\/#\/schema\/person\/a9691f7258c28443fab2d3aa1479ea19"},"breadcrumb":{"@id":"https:\/\/www.carlosyconchita.net\/rutas\/08-12-2019-san-sebastian\/#breadcrumb"},"inLanguage":"es","potentialAction":[{"@type":"ReadAction","target":["https:\/\/www.carlosyconchita.net\/rutas\/08-12-2019-san-sebastian\/"]}]},{"@type":"ImageObject","inLanguage":"es","@id":"https:\/\/www.carlosyconchita.net\/rutas\/08-12-2019-san-sebastian\/#primaryimage","url":"https:\/\/www.carlosyconchita.net\/rutas\/wp-content\/uploads\/2019\/12\/2019-12-08-SanSebastian-00011.jpg","contentUrl":"https:\/\/www.carlosyconchita.net\/rutas\/wp-content\/uploads\/2019\/12\/2019-12-08-SanSebastian-00011.jpg","width":1024,"height":576},{"@type":"BreadcrumbList","@id":"https:\/\/www.carlosyconchita.net\/rutas\/08-12-2019-san-sebastian\/#breadcrumb","itemListElement":[{"@type":"ListItem","position":1,"name":"Portada","item":"https:\/\/www.carlosyconchita.net\/rutas\/"},{"@type":"ListItem","position":2,"name":"08-12-2019 &#8211; San Sebasti\u00e1n (Fotos)"}]},{"@type":"WebSite","@id":"https:\/\/www.carlosyconchita.net\/rutas\/#website","url":"https:\/\/www.carlosyconchita.net\/rutas\/","name":"Las rutas de Carlos y Conchita","description":"","potentialAction":[{"@type":"SearchAction","target":{"@type":"EntryPoint","urlTemplate":"https:\/\/www.carlosyconchita.net\/rutas\/?s={search_term_string}"},"query-input":{"@type":"PropertyValueSpecification","valueRequired":true,"valueName":"search_term_string"}}],"inLanguage":"es"},{"@type":"Person","@id":"https:\/\/www.carlosyconchita.net\/rutas\/#\/schema\/person\/a9691f7258c28443fab2d3aa1479ea19","name":"Carlos Conchita","image":{"@type":"ImageObject","inLanguage":"es","@id":"https:\/\/secure.gravatar.com\/avatar\/3a4625b20c8da3de99da69bfe7a322774e291c3f90dce7e8778a30fe6748ed1a?s=96&d=mm&r=g","url":"https:\/\/secure.gravatar.com\/avatar\/3a4625b20c8da3de99da69bfe7a322774e291c3f90dce7e8778a30fe6748ed1a?s=96&d=mm&r=g","contentUrl":"https:\/\/secure.gravatar.com\/avatar\/3a4625b20c8da3de99da69bfe7a322774e291c3f90dce7e8778a30fe6748ed1a?s=96&d=mm&r=g","caption":"Carlos Conchita"}}]}},"_links":{"self":[{"href":"https:\/\/www.carlosyconchita.net\/rutas\/wp-json\/wp\/v2\/posts\/13514","targetHints":{"allow":["GET"]}}],"collection":[{"href":"https:\/\/www.carlosyconchita.net\/rutas\/wp-json\/wp\/v2\/posts"}],"about":[{"href":"https:\/\/www.carlosyconchita.net\/rutas\/wp-json\/wp\/v2\/types\/post"}],"author":[{"embeddable":true,"href":"https:\/\/www.carlosyconchita.net\/rutas\/wp-json\/wp\/v2\/users\/50"}],"replies":[{"embeddable":true,"href":"https:\/\/www.carlosyconchita.net\/rutas\/wp-json\/wp\/v2\/comments?post=13514"}],"version-history":[{"count":0,"href":"https:\/\/www.carlosyconchita.net\/rutas\/wp-json\/wp\/v2\/posts\/13514\/revisions"}],"wp:featuredmedia":[{"embeddable":true,"href":"https:\/\/www.carlosyconchita.net\/rutas\/wp-json\/wp\/v2\/media\/13515"}],"wp:attachment":[{"href":"https:\/\/www.carlosyconchita.net\/rutas\/wp-json\/wp\/v2\/media?parent=13514"}],"wp:term":[{"taxonomy":"category","embeddable":true,"href":"https:\/\/www.carlosyconchita.net\/rutas\/wp-json\/wp\/v2\/categories?post=13514"},{"taxonomy":"post_tag","embeddable":true,"href":"https:\/\/www.carlosyconchita.net\/rutas\/wp-json\/wp\/v2\/tags?post=13514"}],"curies":[{"name":"wp","href":"https:\/\/api.w.org\/{rel}","templated":true}]}}