{"id":1392,"date":"2012-08-16T14:03:21","date_gmt":"2012-08-16T12:03:21","guid":{"rendered":"http:\/\/www.carlosyconchita.net\/rutas\/?p=1392"},"modified":"2012-11-10T18:25:30","modified_gmt":"2012-11-10T16:25:30","slug":"16-08-2012-balcon-de-ribeiro-frio","status":"publish","type":"post","link":"https:\/\/www.carlosyconchita.net\/rutas\/16-08-2012-balcon-de-ribeiro-frio\/","title":{"rendered":"16-08-2012 &#8211; Balc\u00f3n de Ribeiro Frio"},"content":{"rendered":"<table border=\"2\" frame=\"border\">\n<tbody>\n<tr>\n<td><strong>Dificultad :\u00a0 Muy f\u00e1cil<\/strong><\/td>\n<td><strong>Recorrido :\u00a0 2&#8217;920 km.<br \/>\n<\/strong><\/td>\n<\/tr>\n<tr>\n<td><strong>\u00a0Desnivel :\u00a0 163 m. <\/strong><\/td>\n<td><strong>\u00a0\u00a0\u00a0 Alturas :\u00a0\u00a0 835 \/ 926<br \/>\n<\/strong><\/td>\n<\/tr>\n<\/tbody>\n<\/table>\n<p style=\"text-align: justify;\">Excursi\u00f3n, muy corta, pero que merece la pena ya que nos lleva a uno de los miradores m\u00e1s conocidos de la isla de Madeira y es que desde este mirador podemos contemplar unas buenas vistas sobre los tres picos m\u00e1s altos del macizo central, y si el dia est\u00e1 despejado veremos la costa y el mar.<\/p>\n<p style=\"text-align: justify;\"><a href=\"http:\/\/www.carlosyconchita.net\/rutas\/wp-content\/uploads\/2012\/11\/DSC05084.jpg\"><img loading=\"lazy\" decoding=\"async\" class=\"alignleft size-large wp-image-1394\" title=\"DSC05084\" src=\"http:\/\/www.carlosyconchita.net\/rutas\/wp-content\/uploads\/2012\/11\/DSC05084-1024x576.jpg\" alt=\"\" width=\"640\" height=\"360\" srcset=\"https:\/\/www.carlosyconchita.net\/rutas\/wp-content\/uploads\/2012\/11\/DSC05084-1024x576.jpg 1024w, https:\/\/www.carlosyconchita.net\/rutas\/wp-content\/uploads\/2012\/11\/DSC05084-300x168.jpg 300w, https:\/\/www.carlosyconchita.net\/rutas\/wp-content\/uploads\/2012\/11\/DSC05084-600x338.jpg 600w, https:\/\/www.carlosyconchita.net\/rutas\/wp-content\/uploads\/2012\/11\/DSC05084.jpg 700w\" sizes=\"auto, (max-width: 640px) 100vw, 640px\" \/><\/a><\/p>\n<p style=\"text-align: justify;\">El camino comienza en Ribeiro Frio \u00a0en la carretera que une Funchal y Santana.<\/p>\n<p style=\"text-align: justify;\">En Ribeiro Frio por debajo del criadero de truchas y unos 30 metros despu\u00e9s del restaurante Ribeiro Frio sale un camino hacia la izquierda indicado con una se\u00f1al de Balcoes, que es donde nosotros hemos terminado, porque hemos empezado la ruta al rev\u00e9s un poco mas abajo en la misma carretera , en una curva en donde hay un par de restaurantes.<\/p>\n<p style=\"text-align: justify;\"><a href=\"http:\/\/www.carlosyconchita.net\/rutas\/wp-content\/uploads\/2012\/11\/DSC05076.jpg\"><img loading=\"lazy\" decoding=\"async\" class=\"alignleft size-large wp-image-1395\" title=\"DSC05076\" src=\"http:\/\/www.carlosyconchita.net\/rutas\/wp-content\/uploads\/2012\/11\/DSC05076-1024x576.jpg\" alt=\"\" width=\"640\" height=\"360\" srcset=\"https:\/\/www.carlosyconchita.net\/rutas\/wp-content\/uploads\/2012\/11\/DSC05076-1024x576.jpg 1024w, https:\/\/www.carlosyconchita.net\/rutas\/wp-content\/uploads\/2012\/11\/DSC05076-300x168.jpg 300w, https:\/\/www.carlosyconchita.net\/rutas\/wp-content\/uploads\/2012\/11\/DSC05076-600x338.jpg 600w, https:\/\/www.carlosyconchita.net\/rutas\/wp-content\/uploads\/2012\/11\/DSC05076.jpg 700w\" sizes=\"auto, (max-width: 640px) 100vw, 640px\" \/><\/a><\/p>\n<p style=\"text-align: justify;\">Al lado del ultimo de estos restaurantes, veremos una escalera con el indicador de \u201cBalcoes\u201d, que nos subir\u00e1 hasta el nivel del canal de agua, en donde seguiremos hacia la derecha, llegando al cabo de poco al mirador.<\/p>\n<p style=\"text-align: justify;\"><a href=\"http:\/\/www.carlosyconchita.net\/rutas\/wp-content\/uploads\/2012\/11\/DSC05081.jpg\"><img loading=\"lazy\" decoding=\"async\" class=\"alignleft size-large wp-image-1398\" title=\"DSC05081\" src=\"http:\/\/www.carlosyconchita.net\/rutas\/wp-content\/uploads\/2012\/11\/DSC05081-1024x768.jpg\" alt=\"\" width=\"640\" height=\"480\" srcset=\"https:\/\/www.carlosyconchita.net\/rutas\/wp-content\/uploads\/2012\/11\/DSC05081-1024x768.jpg 1024w, https:\/\/www.carlosyconchita.net\/rutas\/wp-content\/uploads\/2012\/11\/DSC05081-300x225.jpg 300w, https:\/\/www.carlosyconchita.net\/rutas\/wp-content\/uploads\/2012\/11\/DSC05081.jpg 533w\" sizes=\"auto, (max-width: 640px) 100vw, 640px\" \/><\/a><\/p>\n<p style=\"text-align: justify;\"><a href=\"http:\/\/www.carlosyconchita.net\/rutas\/wp-content\/uploads\/2012\/11\/DSC05078.jpg\"><img loading=\"lazy\" decoding=\"async\" class=\"alignleft size-large wp-image-1397\" title=\"DSC05078\" src=\"http:\/\/www.carlosyconchita.net\/rutas\/wp-content\/uploads\/2012\/11\/DSC05078-1024x576.jpg\" alt=\"\" width=\"640\" height=\"360\" srcset=\"https:\/\/www.carlosyconchita.net\/rutas\/wp-content\/uploads\/2012\/11\/DSC05078-1024x576.jpg 1024w, https:\/\/www.carlosyconchita.net\/rutas\/wp-content\/uploads\/2012\/11\/DSC05078-300x168.jpg 300w, https:\/\/www.carlosyconchita.net\/rutas\/wp-content\/uploads\/2012\/11\/DSC05078-600x338.jpg 600w, https:\/\/www.carlosyconchita.net\/rutas\/wp-content\/uploads\/2012\/11\/DSC05078.jpg 700w\" sizes=\"auto, (max-width: 640px) 100vw, 640px\" \/><\/a><\/p>\n<p style=\"text-align: justify;\"><a href=\"http:\/\/www.carlosyconchita.net\/rutas\/wp-content\/uploads\/2012\/11\/DSC05079.jpg\"><img loading=\"lazy\" decoding=\"async\" class=\"alignleft  wp-image-1399\" title=\"DSC05079\" src=\"http:\/\/www.carlosyconchita.net\/rutas\/wp-content\/uploads\/2012\/11\/DSC05079-1024x576.jpg\" alt=\"\" width=\"640\" height=\"360\" srcset=\"https:\/\/www.carlosyconchita.net\/rutas\/wp-content\/uploads\/2012\/11\/DSC05079-1024x576.jpg 1024w, https:\/\/www.carlosyconchita.net\/rutas\/wp-content\/uploads\/2012\/11\/DSC05079-300x168.jpg 300w, https:\/\/www.carlosyconchita.net\/rutas\/wp-content\/uploads\/2012\/11\/DSC05079-600x338.jpg 600w, https:\/\/www.carlosyconchita.net\/rutas\/wp-content\/uploads\/2012\/11\/DSC05079.jpg 700w\" sizes=\"auto, (max-width: 640px) 100vw, 640px\" \/><\/a><\/p>\n<p style=\"text-align: justify;\">Para la vuelta haremos el camino al reves, pero en vez de bajar de nuevo hacia las escaleras donde hemos empezado, seguiremos recto siguiendo el canal de agua hasta llegar a un bar.<\/p>\n<p style=\"text-align: justify;\"><a href=\"http:\/\/www.carlosyconchita.net\/rutas\/wp-content\/uploads\/2012\/11\/DSC05086.jpg\"><img loading=\"lazy\" decoding=\"async\" class=\"alignleft size-large wp-image-1400\" title=\"DSC05086\" src=\"http:\/\/www.carlosyconchita.net\/rutas\/wp-content\/uploads\/2012\/11\/DSC05086-1024x576.jpg\" alt=\"\" width=\"640\" height=\"360\" srcset=\"https:\/\/www.carlosyconchita.net\/rutas\/wp-content\/uploads\/2012\/11\/DSC05086-1024x576.jpg 1024w, https:\/\/www.carlosyconchita.net\/rutas\/wp-content\/uploads\/2012\/11\/DSC05086-300x168.jpg 300w, https:\/\/www.carlosyconchita.net\/rutas\/wp-content\/uploads\/2012\/11\/DSC05086-600x338.jpg 600w, https:\/\/www.carlosyconchita.net\/rutas\/wp-content\/uploads\/2012\/11\/DSC05086.jpg 700w\" sizes=\"auto, (max-width: 640px) 100vw, 640px\" \/><\/a><\/p>\n<p style=\"text-align: justify;\">\u00a0Continuando el camino saldremos a la carretera, por debajo del criadero de truchas y del restaurante Ribeiro Frio.<\/p>\n<p style=\"text-align: justify;\"><a href=\"http:\/\/www.carlosyconchita.net\/rutas\/wp-content\/uploads\/2012\/11\/DSC05089.jpg\"><img loading=\"lazy\" decoding=\"async\" class=\"alignleft size-large wp-image-1401\" title=\"DSC05089\" src=\"http:\/\/www.carlosyconchita.net\/rutas\/wp-content\/uploads\/2012\/11\/DSC05089-1024x576.jpg\" alt=\"\" width=\"640\" height=\"360\" srcset=\"https:\/\/www.carlosyconchita.net\/rutas\/wp-content\/uploads\/2012\/11\/DSC05089-1024x576.jpg 1024w, https:\/\/www.carlosyconchita.net\/rutas\/wp-content\/uploads\/2012\/11\/DSC05089-300x168.jpg 300w, https:\/\/www.carlosyconchita.net\/rutas\/wp-content\/uploads\/2012\/11\/DSC05089-600x338.jpg 600w, https:\/\/www.carlosyconchita.net\/rutas\/wp-content\/uploads\/2012\/11\/DSC05089.jpg 700w\" sizes=\"auto, (max-width: 640px) 100vw, 640px\" \/><\/a><\/p>\n<p style=\"text-align: justify;\">Una vez alli, podemos visitar el criadero de truchas si subimos un poco por la misma carretera. (o bajar por la carretera hasta llegar al coche que tenemos m\u00e1s abajo)<\/p>\n<p style=\"text-align: justify;\"><a href=\"http:\/\/www.carlosyconchita.net\/rutas\/wp-content\/uploads\/2012\/11\/DSC05092.jpg\"><img loading=\"lazy\" decoding=\"async\" class=\"alignleft size-large wp-image-1402\" title=\"DSC05092\" src=\"http:\/\/www.carlosyconchita.net\/rutas\/wp-content\/uploads\/2012\/11\/DSC05092-1024x576.jpg\" alt=\"\" width=\"640\" height=\"360\" srcset=\"https:\/\/www.carlosyconchita.net\/rutas\/wp-content\/uploads\/2012\/11\/DSC05092-1024x576.jpg 1024w, https:\/\/www.carlosyconchita.net\/rutas\/wp-content\/uploads\/2012\/11\/DSC05092-300x168.jpg 300w, https:\/\/www.carlosyconchita.net\/rutas\/wp-content\/uploads\/2012\/11\/DSC05092-600x338.jpg 600w, https:\/\/www.carlosyconchita.net\/rutas\/wp-content\/uploads\/2012\/11\/DSC05092.jpg 700w\" sizes=\"auto, (max-width: 640px) 100vw, 640px\" \/><\/a><\/p>\n<p style=\"text-align: justify;\"><a href=\"http:\/\/www.carlosyconchita.net\/rutas\/wp-content\/uploads\/2012\/11\/DSC05099.jpg\"><img loading=\"lazy\" decoding=\"async\" class=\"alignleft size-large wp-image-1403\" title=\"DSC05099\" src=\"http:\/\/www.carlosyconchita.net\/rutas\/wp-content\/uploads\/2012\/11\/DSC05099-1024x576.jpg\" alt=\"\" width=\"640\" height=\"360\" srcset=\"https:\/\/www.carlosyconchita.net\/rutas\/wp-content\/uploads\/2012\/11\/DSC05099-1024x576.jpg 1024w, https:\/\/www.carlosyconchita.net\/rutas\/wp-content\/uploads\/2012\/11\/DSC05099-300x168.jpg 300w, https:\/\/www.carlosyconchita.net\/rutas\/wp-content\/uploads\/2012\/11\/DSC05099-600x338.jpg 600w, https:\/\/www.carlosyconchita.net\/rutas\/wp-content\/uploads\/2012\/11\/DSC05099.jpg 700w\" sizes=\"auto, (max-width: 640px) 100vw, 640px\" \/><\/a><\/p>\n<table border=\"0\" frame=\"border\">\n<tbody>\n<tr align=\"left\" valign=\"middle\">\n<td align=\"center\" valign=\"middle\">\n<div>\n<dl id=\"\">\n<dt><a title=\"Enlace a Wikiloc\" href=\"http:\/\/es.wikiloc.com\/wikiloc\/view.do?id=3588768\" target=\"_blank\"><img loading=\"lazy\" decoding=\"async\" title=\"wikiloc\" src=\"http:\/\/www.carlosyconchita.net\/rutas\/wp-content\/uploads\/2020\/09\/wikiloc.jpg\" alt=\"\" width=\"117\" height=\"34\" \/><\/a><\/dt>\n<dd>Enlace a Wikiloc<\/dd>\n<\/dl>\n<\/div>\n<\/td>\n<td align=\"center\" valign=\"middle\">\n<div>\n<dl id=\"\">\n<dt><a title=\"Album de fotos completo\" href=\"https:\/\/plus.google.com\/u\/0\/photos\/107644747431220159618\/albums\/5809153786566574785\" target=\"_blank\"><img loading=\"lazy\" decoding=\"async\" title=\"foto\" src=\"http:\/\/www.carlosyconchita.net\/rutas\/wp-content\/uploads\/2020\/09\/foto.png\" alt=\"\" width=\"60\" height=\"44\" \/><\/a><\/dt>\n<dd>Album de fotos<\/dd>\n<\/dl>\n<\/div>\n<\/td>\n<\/tr>\n<\/tbody>\n<\/table>\n<p>&nbsp;<\/p>\n","protected":false},"excerpt":{"rendered":"<p>Dificultad :\u00a0 Muy f\u00e1cil Recorrido :\u00a0 2&#8217;920 km. \u00a0Desnivel :\u00a0 163 m. \u00a0\u00a0\u00a0 Alturas :\u00a0\u00a0 835 \/ 926 Excursi\u00f3n, muy corta, pero que merece la pena ya que nos lleva a uno de los miradores m\u00e1s conocidos de la isla de Madeira y es que desde este mirador podemos contemplar unas buenas vistas sobre los [&hellip;]<\/p>\n","protected":false},"author":50,"featured_media":1394,"comment_status":"open","ping_status":"open","sticky":false,"template":"","format":"gallery","meta":{"footnotes":""},"categories":[14,21,8],"tags":[],"class_list":{"0":"post-1392","1":"post","2":"type-post","3":"status-publish","4":"format-gallery","5":"has-post-thumbnail","6":"hentry","7":"category-muy-facil","8":"category-hasta-5-km","9":"category-isla-de-madeira","10":"post_format-post-format-gallery","12":"post-with-thumbnail","13":"post-with-thumbnail-icon"},"yoast_head":"<!-- This site is optimized with the Yoast SEO plugin v27.5 - https:\/\/yoast.com\/product\/yoast-seo-wordpress\/ -->\n<title>16-08-2012 - Balc\u00f3n de Ribeiro Frio -<\/title>\n<meta name=\"robots\" content=\"index, follow, max-snippet:-1, max-image-preview:large, max-video-preview:-1\" \/>\n<link rel=\"canonical\" href=\"https:\/\/www.carlosyconchita.net\/rutas\/16-08-2012-balcon-de-ribeiro-frio\/\" \/>\n<meta property=\"og:locale\" content=\"es_ES\" \/>\n<meta property=\"og:type\" content=\"article\" \/>\n<meta property=\"og:title\" content=\"16-08-2012 - Balc\u00f3n de Ribeiro Frio -\" \/>\n<meta property=\"og:description\" content=\"Dificultad :\u00a0 Muy f\u00e1cil Recorrido :\u00a0 2&#8217;920 km. \u00a0Desnivel :\u00a0 163 m. \u00a0\u00a0\u00a0 Alturas :\u00a0\u00a0 835 \/ 926 Excursi\u00f3n, muy corta, pero que merece la pena ya que nos lleva a uno de los miradores m\u00e1s conocidos de la isla de Madeira y es que desde este mirador podemos contemplar unas buenas vistas sobre los [&hellip;]\" \/>\n<meta property=\"og:url\" content=\"https:\/\/www.carlosyconchita.net\/rutas\/16-08-2012-balcon-de-ribeiro-frio\/\" \/>\n<meta property=\"og:site_name\" content=\"Las rutas de Carlos y Conchita\" \/>\n<meta property=\"article:published_time\" content=\"2012-08-16T12:03:21+00:00\" \/>\n<meta property=\"article:modified_time\" content=\"2012-11-10T16:25:30+00:00\" \/>\n<meta property=\"og:image\" content=\"https:\/\/www.carlosyconchita.net\/rutas\/wp-content\/uploads\/2012\/11\/DSC05084.jpg\" \/>\n\t<meta property=\"og:image:width\" content=\"700\" \/>\n\t<meta property=\"og:image:height\" content=\"394\" \/>\n\t<meta property=\"og:image:type\" content=\"image\/jpeg\" \/>\n<meta name=\"author\" content=\"Carlos Conchita\" \/>\n<meta name=\"twitter:label1\" content=\"Escrito por\" \/>\n\t<meta name=\"twitter:data1\" content=\"Carlos Conchita\" \/>\n\t<meta name=\"twitter:label2\" content=\"Tiempo de lectura\" \/>\n\t<meta name=\"twitter:data2\" content=\"1 minuto\" \/>\n<script type=\"application\/ld+json\" class=\"yoast-schema-graph\">{\"@context\":\"https:\\\/\\\/schema.org\",\"@graph\":[{\"@type\":\"Article\",\"@id\":\"https:\\\/\\\/www.carlosyconchita.net\\\/rutas\\\/16-08-2012-balcon-de-ribeiro-frio\\\/#article\",\"isPartOf\":{\"@id\":\"https:\\\/\\\/www.carlosyconchita.net\\\/rutas\\\/16-08-2012-balcon-de-ribeiro-frio\\\/\"},\"author\":{\"name\":\"Carlos Conchita\",\"@id\":\"https:\\\/\\\/www.carlosyconchita.net\\\/rutas\\\/#\\\/schema\\\/person\\\/a9691f7258c28443fab2d3aa1479ea19\"},\"headline\":\"16-08-2012 &#8211; Balc\u00f3n de Ribeiro Frio\",\"datePublished\":\"2012-08-16T12:03:21+00:00\",\"dateModified\":\"2012-11-10T16:25:30+00:00\",\"mainEntityOfPage\":{\"@id\":\"https:\\\/\\\/www.carlosyconchita.net\\\/rutas\\\/16-08-2012-balcon-de-ribeiro-frio\\\/\"},\"wordCount\":280,\"commentCount\":0,\"image\":{\"@id\":\"https:\\\/\\\/www.carlosyconchita.net\\\/rutas\\\/16-08-2012-balcon-de-ribeiro-frio\\\/#primaryimage\"},\"thumbnailUrl\":\"https:\\\/\\\/www.carlosyconchita.net\\\/rutas\\\/wp-content\\\/uploads\\\/2012\\\/11\\\/DSC05084.jpg\",\"articleSection\":[\"0-Muy f\u00e1cil\",\"1 - Hasta 5 km.\",\"Madeira\"],\"inLanguage\":\"es\",\"potentialAction\":[{\"@type\":\"CommentAction\",\"name\":\"Comment\",\"target\":[\"https:\\\/\\\/www.carlosyconchita.net\\\/rutas\\\/16-08-2012-balcon-de-ribeiro-frio\\\/#respond\"]}]},{\"@type\":\"WebPage\",\"@id\":\"https:\\\/\\\/www.carlosyconchita.net\\\/rutas\\\/16-08-2012-balcon-de-ribeiro-frio\\\/\",\"url\":\"https:\\\/\\\/www.carlosyconchita.net\\\/rutas\\\/16-08-2012-balcon-de-ribeiro-frio\\\/\",\"name\":\"16-08-2012 - Balc\u00f3n de Ribeiro Frio -\",\"isPartOf\":{\"@id\":\"https:\\\/\\\/www.carlosyconchita.net\\\/rutas\\\/#website\"},\"primaryImageOfPage\":{\"@id\":\"https:\\\/\\\/www.carlosyconchita.net\\\/rutas\\\/16-08-2012-balcon-de-ribeiro-frio\\\/#primaryimage\"},\"image\":{\"@id\":\"https:\\\/\\\/www.carlosyconchita.net\\\/rutas\\\/16-08-2012-balcon-de-ribeiro-frio\\\/#primaryimage\"},\"thumbnailUrl\":\"https:\\\/\\\/www.carlosyconchita.net\\\/rutas\\\/wp-content\\\/uploads\\\/2012\\\/11\\\/DSC05084.jpg\",\"datePublished\":\"2012-08-16T12:03:21+00:00\",\"dateModified\":\"2012-11-10T16:25:30+00:00\",\"author\":{\"@id\":\"https:\\\/\\\/www.carlosyconchita.net\\\/rutas\\\/#\\\/schema\\\/person\\\/a9691f7258c28443fab2d3aa1479ea19\"},\"breadcrumb\":{\"@id\":\"https:\\\/\\\/www.carlosyconchita.net\\\/rutas\\\/16-08-2012-balcon-de-ribeiro-frio\\\/#breadcrumb\"},\"inLanguage\":\"es\",\"potentialAction\":[{\"@type\":\"ReadAction\",\"target\":[\"https:\\\/\\\/www.carlosyconchita.net\\\/rutas\\\/16-08-2012-balcon-de-ribeiro-frio\\\/\"]}]},{\"@type\":\"ImageObject\",\"inLanguage\":\"es\",\"@id\":\"https:\\\/\\\/www.carlosyconchita.net\\\/rutas\\\/16-08-2012-balcon-de-ribeiro-frio\\\/#primaryimage\",\"url\":\"https:\\\/\\\/www.carlosyconchita.net\\\/rutas\\\/wp-content\\\/uploads\\\/2012\\\/11\\\/DSC05084.jpg\",\"contentUrl\":\"https:\\\/\\\/www.carlosyconchita.net\\\/rutas\\\/wp-content\\\/uploads\\\/2012\\\/11\\\/DSC05084.jpg\",\"width\":700,\"height\":394},{\"@type\":\"BreadcrumbList\",\"@id\":\"https:\\\/\\\/www.carlosyconchita.net\\\/rutas\\\/16-08-2012-balcon-de-ribeiro-frio\\\/#breadcrumb\",\"itemListElement\":[{\"@type\":\"ListItem\",\"position\":1,\"name\":\"Portada\",\"item\":\"https:\\\/\\\/www.carlosyconchita.net\\\/rutas\\\/\"},{\"@type\":\"ListItem\",\"position\":2,\"name\":\"16-08-2012 &#8211; Balc\u00f3n de Ribeiro Frio\"}]},{\"@type\":\"WebSite\",\"@id\":\"https:\\\/\\\/www.carlosyconchita.net\\\/rutas\\\/#website\",\"url\":\"https:\\\/\\\/www.carlosyconchita.net\\\/rutas\\\/\",\"name\":\"Las rutas de Carlos y Conchita\",\"description\":\"\",\"potentialAction\":[{\"@type\":\"SearchAction\",\"target\":{\"@type\":\"EntryPoint\",\"urlTemplate\":\"https:\\\/\\\/www.carlosyconchita.net\\\/rutas\\\/?s={search_term_string}\"},\"query-input\":{\"@type\":\"PropertyValueSpecification\",\"valueRequired\":true,\"valueName\":\"search_term_string\"}}],\"inLanguage\":\"es\"},{\"@type\":\"Person\",\"@id\":\"https:\\\/\\\/www.carlosyconchita.net\\\/rutas\\\/#\\\/schema\\\/person\\\/a9691f7258c28443fab2d3aa1479ea19\",\"name\":\"Carlos Conchita\",\"image\":{\"@type\":\"ImageObject\",\"inLanguage\":\"es\",\"@id\":\"https:\\\/\\\/secure.gravatar.com\\\/avatar\\\/3a4625b20c8da3de99da69bfe7a322774e291c3f90dce7e8778a30fe6748ed1a?s=96&d=mm&r=g\",\"url\":\"https:\\\/\\\/secure.gravatar.com\\\/avatar\\\/3a4625b20c8da3de99da69bfe7a322774e291c3f90dce7e8778a30fe6748ed1a?s=96&d=mm&r=g\",\"contentUrl\":\"https:\\\/\\\/secure.gravatar.com\\\/avatar\\\/3a4625b20c8da3de99da69bfe7a322774e291c3f90dce7e8778a30fe6748ed1a?s=96&d=mm&r=g\",\"caption\":\"Carlos Conchita\"}}]}<\/script>\n<!-- \/ Yoast SEO plugin. -->","yoast_head_json":{"title":"16-08-2012 - Balc\u00f3n de Ribeiro Frio -","robots":{"index":"index","follow":"follow","max-snippet":"max-snippet:-1","max-image-preview":"max-image-preview:large","max-video-preview":"max-video-preview:-1"},"canonical":"https:\/\/www.carlosyconchita.net\/rutas\/16-08-2012-balcon-de-ribeiro-frio\/","og_locale":"es_ES","og_type":"article","og_title":"16-08-2012 - Balc\u00f3n de Ribeiro Frio -","og_description":"Dificultad :\u00a0 Muy f\u00e1cil Recorrido :\u00a0 2&#8217;920 km. \u00a0Desnivel :\u00a0 163 m. \u00a0\u00a0\u00a0 Alturas :\u00a0\u00a0 835 \/ 926 Excursi\u00f3n, muy corta, pero que merece la pena ya que nos lleva a uno de los miradores m\u00e1s conocidos de la isla de Madeira y es que desde este mirador podemos contemplar unas buenas vistas sobre los [&hellip;]","og_url":"https:\/\/www.carlosyconchita.net\/rutas\/16-08-2012-balcon-de-ribeiro-frio\/","og_site_name":"Las rutas de Carlos y Conchita","article_published_time":"2012-08-16T12:03:21+00:00","article_modified_time":"2012-11-10T16:25:30+00:00","og_image":[{"width":700,"height":394,"url":"https:\/\/www.carlosyconchita.net\/rutas\/wp-content\/uploads\/2012\/11\/DSC05084.jpg","type":"image\/jpeg"}],"author":"Carlos Conchita","twitter_misc":{"Escrito por":"Carlos Conchita","Tiempo de lectura":"1 minuto"},"schema":{"@context":"https:\/\/schema.org","@graph":[{"@type":"Article","@id":"https:\/\/www.carlosyconchita.net\/rutas\/16-08-2012-balcon-de-ribeiro-frio\/#article","isPartOf":{"@id":"https:\/\/www.carlosyconchita.net\/rutas\/16-08-2012-balcon-de-ribeiro-frio\/"},"author":{"name":"Carlos Conchita","@id":"https:\/\/www.carlosyconchita.net\/rutas\/#\/schema\/person\/a9691f7258c28443fab2d3aa1479ea19"},"headline":"16-08-2012 &#8211; Balc\u00f3n de Ribeiro Frio","datePublished":"2012-08-16T12:03:21+00:00","dateModified":"2012-11-10T16:25:30+00:00","mainEntityOfPage":{"@id":"https:\/\/www.carlosyconchita.net\/rutas\/16-08-2012-balcon-de-ribeiro-frio\/"},"wordCount":280,"commentCount":0,"image":{"@id":"https:\/\/www.carlosyconchita.net\/rutas\/16-08-2012-balcon-de-ribeiro-frio\/#primaryimage"},"thumbnailUrl":"https:\/\/www.carlosyconchita.net\/rutas\/wp-content\/uploads\/2012\/11\/DSC05084.jpg","articleSection":["0-Muy f\u00e1cil","1 - Hasta 5 km.","Madeira"],"inLanguage":"es","potentialAction":[{"@type":"CommentAction","name":"Comment","target":["https:\/\/www.carlosyconchita.net\/rutas\/16-08-2012-balcon-de-ribeiro-frio\/#respond"]}]},{"@type":"WebPage","@id":"https:\/\/www.carlosyconchita.net\/rutas\/16-08-2012-balcon-de-ribeiro-frio\/","url":"https:\/\/www.carlosyconchita.net\/rutas\/16-08-2012-balcon-de-ribeiro-frio\/","name":"16-08-2012 - Balc\u00f3n de Ribeiro Frio -","isPartOf":{"@id":"https:\/\/www.carlosyconchita.net\/rutas\/#website"},"primaryImageOfPage":{"@id":"https:\/\/www.carlosyconchita.net\/rutas\/16-08-2012-balcon-de-ribeiro-frio\/#primaryimage"},"image":{"@id":"https:\/\/www.carlosyconchita.net\/rutas\/16-08-2012-balcon-de-ribeiro-frio\/#primaryimage"},"thumbnailUrl":"https:\/\/www.carlosyconchita.net\/rutas\/wp-content\/uploads\/2012\/11\/DSC05084.jpg","datePublished":"2012-08-16T12:03:21+00:00","dateModified":"2012-11-10T16:25:30+00:00","author":{"@id":"https:\/\/www.carlosyconchita.net\/rutas\/#\/schema\/person\/a9691f7258c28443fab2d3aa1479ea19"},"breadcrumb":{"@id":"https:\/\/www.carlosyconchita.net\/rutas\/16-08-2012-balcon-de-ribeiro-frio\/#breadcrumb"},"inLanguage":"es","potentialAction":[{"@type":"ReadAction","target":["https:\/\/www.carlosyconchita.net\/rutas\/16-08-2012-balcon-de-ribeiro-frio\/"]}]},{"@type":"ImageObject","inLanguage":"es","@id":"https:\/\/www.carlosyconchita.net\/rutas\/16-08-2012-balcon-de-ribeiro-frio\/#primaryimage","url":"https:\/\/www.carlosyconchita.net\/rutas\/wp-content\/uploads\/2012\/11\/DSC05084.jpg","contentUrl":"https:\/\/www.carlosyconchita.net\/rutas\/wp-content\/uploads\/2012\/11\/DSC05084.jpg","width":700,"height":394},{"@type":"BreadcrumbList","@id":"https:\/\/www.carlosyconchita.net\/rutas\/16-08-2012-balcon-de-ribeiro-frio\/#breadcrumb","itemListElement":[{"@type":"ListItem","position":1,"name":"Portada","item":"https:\/\/www.carlosyconchita.net\/rutas\/"},{"@type":"ListItem","position":2,"name":"16-08-2012 &#8211; Balc\u00f3n de Ribeiro Frio"}]},{"@type":"WebSite","@id":"https:\/\/www.carlosyconchita.net\/rutas\/#website","url":"https:\/\/www.carlosyconchita.net\/rutas\/","name":"Las rutas de Carlos y Conchita","description":"","potentialAction":[{"@type":"SearchAction","target":{"@type":"EntryPoint","urlTemplate":"https:\/\/www.carlosyconchita.net\/rutas\/?s={search_term_string}"},"query-input":{"@type":"PropertyValueSpecification","valueRequired":true,"valueName":"search_term_string"}}],"inLanguage":"es"},{"@type":"Person","@id":"https:\/\/www.carlosyconchita.net\/rutas\/#\/schema\/person\/a9691f7258c28443fab2d3aa1479ea19","name":"Carlos Conchita","image":{"@type":"ImageObject","inLanguage":"es","@id":"https:\/\/secure.gravatar.com\/avatar\/3a4625b20c8da3de99da69bfe7a322774e291c3f90dce7e8778a30fe6748ed1a?s=96&d=mm&r=g","url":"https:\/\/secure.gravatar.com\/avatar\/3a4625b20c8da3de99da69bfe7a322774e291c3f90dce7e8778a30fe6748ed1a?s=96&d=mm&r=g","contentUrl":"https:\/\/secure.gravatar.com\/avatar\/3a4625b20c8da3de99da69bfe7a322774e291c3f90dce7e8778a30fe6748ed1a?s=96&d=mm&r=g","caption":"Carlos Conchita"}}]}},"_links":{"self":[{"href":"https:\/\/www.carlosyconchita.net\/rutas\/wp-json\/wp\/v2\/posts\/1392","targetHints":{"allow":["GET"]}}],"collection":[{"href":"https:\/\/www.carlosyconchita.net\/rutas\/wp-json\/wp\/v2\/posts"}],"about":[{"href":"https:\/\/www.carlosyconchita.net\/rutas\/wp-json\/wp\/v2\/types\/post"}],"author":[{"embeddable":true,"href":"https:\/\/www.carlosyconchita.net\/rutas\/wp-json\/wp\/v2\/users\/50"}],"replies":[{"embeddable":true,"href":"https:\/\/www.carlosyconchita.net\/rutas\/wp-json\/wp\/v2\/comments?post=1392"}],"version-history":[{"count":0,"href":"https:\/\/www.carlosyconchita.net\/rutas\/wp-json\/wp\/v2\/posts\/1392\/revisions"}],"wp:featuredmedia":[{"embeddable":true,"href":"https:\/\/www.carlosyconchita.net\/rutas\/wp-json\/wp\/v2\/media\/1394"}],"wp:attachment":[{"href":"https:\/\/www.carlosyconchita.net\/rutas\/wp-json\/wp\/v2\/media?parent=1392"}],"wp:term":[{"taxonomy":"category","embeddable":true,"href":"https:\/\/www.carlosyconchita.net\/rutas\/wp-json\/wp\/v2\/categories?post=1392"},{"taxonomy":"post_tag","embeddable":true,"href":"https:\/\/www.carlosyconchita.net\/rutas\/wp-json\/wp\/v2\/tags?post=1392"}],"curies":[{"name":"wp","href":"https:\/\/api.w.org\/{rel}","templated":true}]}}