{"id":14356,"date":"2020-06-06T16:23:28","date_gmt":"2020-06-06T15:23:28","guid":{"rendered":"https:\/\/www.carlosyconchita.net\/rutas\/?p=14356"},"modified":"2020-06-21T18:41:16","modified_gmt":"2020-06-21T17:41:16","slug":"06-06-2020-cervello-tumbas-sta-maria-puig-vicenc","status":"publish","type":"post","link":"https:\/\/www.carlosyconchita.net\/rutas\/06-06-2020-cervello-tumbas-sta-maria-puig-vicenc\/","title":{"rendered":"06-06-2020-Cervell\u00f3-Tumbas Sta.Mar\u00eda-Puig Vicen\u00e7"},"content":{"rendered":"<p style=\"text-align: justify;\">Hoy nos hemos ido al Puig Vicen\u00e7, donde ya hab\u00edamos estado en el a\u00f1o 2013, ( <a href=\"https:\/\/www.carlosyconchita.net\/rutas\/20-01-2013-cervello-puig-vicenc-penya-del-moro\/\" target=\"_blank\" rel=\"noopener noreferrer\"><span style=\"color: #0000ff;\">ver 20-01-2013 \u2013 Cervell\u00f3-Puig Vicen\u00e7-Penya del Moro<\/span><\/a>\u00a0 ), pero subiendo antes a la ermita de Santa Mar\u00eda de Cervell\u00f3, para ver si encontr\u00e1bamos las tumbas antropom\u00f3rfas que hay all\u00ed.<\/p>\n<p style=\"text-align: justify;\">Desde el punto de inicio en la N-340 nos dirigimos hacia la riera de Cervell\u00f3, pero en vez de cruzarla por la carretera asfaltada, como que ya no lleva nada de agua, la cruzamos a pi\u00e9 un poco antes del puente existente, y entramos en el bosque para subir en direcci\u00f3n al campo de f\u00fatbol, a donde llegamos por la parte trasera del mismo.<\/p>\n<p style=\"text-align: justify;\">Siguiendo siempre dentro del bosque vamos en direcci\u00f3n a la ermita, a donde hoy subiremos por las escaleras que hay en la misma carretera BV-2007,\u00a0 justo enfrente de las ruinas de la mas\u00eda de Can Pitarra.<\/p>\n<p>Cuando llegamos a la ermita, despu\u00e9s de alguna foto para esta ruta, bajamos por el bosque en direcci\u00f3n a\u00a0 la mas\u00eda de Can Sala de Baix, y al cabo de muy poco, a nuestra izquierda, veremos las tumbas antropom\u00f3rficas excavadas en la roca.<\/p>\n<p style=\"text-align: justify;\">Desde Can Sala, nos dirigimos al Collet de Can Riera, por un camino ancho y c\u00f3modo, y una vez all\u00ed, subimos al Puig de Can Vicen\u00e7,\u00a0 por un tramo de bastante pendiente, especialmente la \u00faltima parte.<\/p>\n<p style=\"text-align: justify;\">All\u00ed paramos un rato para comer y descansar un poco, y una vez en el Collet de Can Riera, en vez de volver por el mismo sitio se nos ocurre seguir un camino que tenemos m\u00e1s o menos en frente de nuestra bajada, que aparentemente va en direcci\u00f3n a Cervell\u00f3, que vemos all\u00ed \u00abdelante\u00bb al fondo.<\/p>\n<p style=\"text-align: justify;\">Y decimos que se nos ocurre, porque a pesar de que en el mapa se ven caminos, despu\u00e9s de unos primeros kilometros c\u00f3modos y de bajada, el camino pr\u00e1cticamente desaparece, tropezamos con varias rieras, arboles ca\u00eddos y maleza, pero ante la perspectiva de tener que subir de nuevo al Collet, continuamos avanzando como podemos, y finalmente conseguimos llegar , no a alguna urbanizaci\u00f3n de Cervell\u00f3 como quer\u00edamos , sino al camino de ida.<\/p>\n<p>Cuando llegamos a la Cruz de Santa Mar\u00eda (debajo de la ermita), decidimos volver por el mismo camino, ya que es el m\u00e1s sombr\u00edo que podemos elegir, ya que calor que hace a estas horas es muy fuerte.<\/p>\n<p>El camino de vuelta que hemos hecho de vuelta <span style=\"text-decoration: underline;\">no es nada recomendable<\/span>, y con el peligro de que si hubiera bajado m\u00e1s agua por las rieras, hubi\u00e9ramos tenido que volver atr\u00e1s y arriba varios kil\u00f3metros, pero al final hemos conseguido pasar&#8230;<\/p>\n<p style=\"text-align: justify;\">A pesar de los contratiempos, hemos hecho una media de casi 3 km\/hora total, paradas incluidas (fotos, bocadillo, l\u00edos en el camino de vuelta, etc), que est\u00e1 muy bien.<\/p>\n<p>La hemos clasificado como moderada por el camino de vuelta, pero si se hace por un camino \u00abnormal\u00bb, la clasificaci\u00f3n ser\u00eda \u00abf\u00e1cil\u00bb.<\/p>\n<hr \/>\n<p style=\"text-align: justify;\"><strong>Album de fotos<\/strong><\/p>\n<p><a href=\"https:\/\/photos.app.goo.gl\/CgQiGn7GBsRhc54C6\" target=\"_blank\" rel=\"noopener noreferrer\"><img loading=\"lazy\" decoding=\"async\" class=\"aligncenter wp-image-14357 size-column4-2\/3\" src=\"https:\/\/www.carlosyconchita.net\/rutas\/wp-content\/uploads\/2020\/06\/Cervello-Vicenc-00038-285x190.jpg\" alt=\"\" width=\"285\" height=\"190\" srcset=\"https:\/\/www.carlosyconchita.net\/rutas\/wp-content\/uploads\/2020\/06\/Cervello-Vicenc-00038-285x190.jpg 285w, https:\/\/www.carlosyconchita.net\/rutas\/wp-content\/uploads\/2020\/06\/Cervello-Vicenc-00038-272x182.jpg 272w, https:\/\/www.carlosyconchita.net\/rutas\/wp-content\/uploads\/2020\/06\/Cervello-Vicenc-00038-570x380.jpg 570w, https:\/\/www.carlosyconchita.net\/rutas\/wp-content\/uploads\/2020\/06\/Cervello-Vicenc-00038-380x254.jpg 380w\" sizes=\"auto, (max-width: 285px) 100vw, 285px\" \/><\/a><\/p>\n<hr \/>\n<p><strong>Dificultad<\/strong> :\u00a0\u00a0\u00a0 Moderada<\/p>\n<p><strong>Distancia total<\/strong> :\u00a0\u00a0\u00a0 14.714 <span class=\"totlen\"><span class=\"summaryvalue\">m<\/span><\/span><\/p>\n<p><strong>Alturas m\u00ednima \/ m\u00e1xima<\/strong> :\u00a0\u00a0\u00a0\u00a0\u00a0 61 m. \/\u00a0\u00a0 467 <span class=\"maxele\"><span class=\"summaryvalue\">m<\/span><\/span>.<\/p>\n<p><strong>Desnivel acumulado (s\/Wikiloc)<\/strong>\u00a0 :\u00a0\u00a0 559 m .<\/p>\n<p><strong>Tiempo total \/ en movimiento<\/strong> :\u00a0\u00a0\u00a0\u00a0\u00a0 4 h. 53 m.\u00a0 \/\u00a0 3 h. 37 m.<\/p>\n<p><strong>Velocidad media total \/ velocidad media movimiento<\/strong> :\u00a0\u00a0\u00a0 2\u201993 km\/h\u00a0 \u2013\u00a0 4\u201900 km.\/h<\/p>\n<hr \/>\n<p>&nbsp;<\/p>\n<p><strong>Track de la ruta<\/strong><\/p>\n<p>[sgpx gpx=\u00bb\/wp-content\/uploads\/gpx\/Cervello-9-PuigVicen\u00e7.gpx\u00bb]<\/p>\n<p>&nbsp;<\/p>\n<hr \/>\n<p>&nbsp;<\/p>\n<p><strong>Wikiloc<\/strong><\/p>\n<p><a href=\"https:\/\/es.wikiloc.com\/rutas-senderismo\/cervello-tumbas-antromorfas-puigvicenc-50635687\" target=\"_blank\" rel=\"noopener noreferrer\"><img loading=\"lazy\" decoding=\"async\" class=\"size-full wp-image-958 aligncenter\" src=\"https:\/\/www.carlosyconchita.net\/rutas\/wp-content\/uploads\/2020\/09\/wikiloc.jpg\" alt=\"\" width=\"117\" height=\"34\" \/><\/a><\/p>\n<p>&nbsp;<\/p>\n<hr \/>\n<p style=\"text-align: justify;\"><span style=\"color: #ff0000; background-color: #ffffff; font-size: 14pt;\"><strong>Si te ha gustado, comp\u00e1rtelo en tu red favorita o env\u00edanos tu comentario.<br \/>\n<\/strong><\/span><\/p>\n<p style=\"text-align: justify;\"><span style=\"font-size: 14pt;\"><strong><span style=\"color: #ff0000;\">Muchas gracias !<\/span><\/strong><\/span><\/p>\n<hr \/>\n<p style=\"text-align: justify;\"><strong><span style=\"color: #008000;\">Suscribete si quieres recibir un mail cuando publiquemos nuevas rutas : no enviamos publicidad y como m\u00e1ximo enviamos 2 mails al mes<\/span><\/strong><\/p>\n<p style=\"text-align: center;\"><a href=\"https:\/\/mailchi.mp\/6989c83a3e24\/wmv06rtqcz\/\" target=\"_blank\" rel=\"noopener noreferrer\"><strong><span style=\"color: #0000ff;\">Pulsa aqu\u00ed para suscribirte<\/span><\/strong><\/a><\/p>\n<hr \/>\n<p style=\"text-align: justify;\">\u00a0<\/p>\n<h3 style=\"text-align: justify;\">Puedes imprimir esta publicaci\u00f3n o guardarla en diferentes formatos :<\/h3>\n<p style=\"text-align: justify;\"><span style=\"color: #ff0000; font-size: 14pt;\">Para facilitar la impresi\u00f3n, se ha reducido considerablemente el tama\u00f1o de las fotos, pero si deseas imprimir sin fotos, aconsejamos guardarlo como \u201cdoc\u201d, y antes de imprimirlo, eliminar las fotos<\/span><\/p>\n<p>&nbsp;<\/p>\n<hr \/>\n<p>&nbsp;<\/p>\n","protected":false},"excerpt":{"rendered":"<p>Hoy nos hemos ido al Puig Vicen\u00e7, donde ya hab\u00edamos estado en el a\u00f1o 2013, ( ver 20-01-2013 \u2013 Cervell\u00f3-Puig Vicen\u00e7-Penya del Moro\u00a0 ), pero subiendo antes a la ermita de Santa Mar\u00eda de Cervell\u00f3, para ver si encontr\u00e1bamos las tumbas antropom\u00f3rfas que hay all\u00ed. Desde el punto de inicio en la N-340 nos dirigimos [&hellip;]<\/p>\n","protected":false},"author":50,"featured_media":14357,"comment_status":"closed","ping_status":"open","sticky":false,"template":"","format":"standard","meta":{"footnotes":""},"categories":[11,23,29],"tags":[],"class_list":{"0":"post-14356","1":"post","2":"type-post","3":"status-publish","4":"format-standard","5":"has-post-thumbnail","6":"hentry","7":"category-moderada","8":"category-de-10-a-15-km","9":"category-baixllobregat","11":"post-with-thumbnail","12":"post-with-thumbnail-icon"},"yoast_head":"<!-- This site is optimized with the Yoast SEO plugin v27.5 - https:\/\/yoast.com\/product\/yoast-seo-wordpress\/ -->\n<title>06-06-2020-Cervell\u00f3-Tumbas Sta.Mar\u00eda-Puig Vicen\u00e7 -<\/title>\n<meta name=\"robots\" content=\"index, follow, max-snippet:-1, max-image-preview:large, max-video-preview:-1\" \/>\n<link rel=\"canonical\" href=\"https:\/\/www.carlosyconchita.net\/rutas\/06-06-2020-cervello-tumbas-sta-maria-puig-vicenc\/\" \/>\n<meta property=\"og:locale\" content=\"es_ES\" \/>\n<meta property=\"og:type\" content=\"article\" \/>\n<meta property=\"og:title\" content=\"06-06-2020-Cervell\u00f3-Tumbas Sta.Mar\u00eda-Puig Vicen\u00e7 -\" \/>\n<meta property=\"og:description\" content=\"Hoy nos hemos ido al Puig Vicen\u00e7, donde ya hab\u00edamos estado en el a\u00f1o 2013, ( ver 20-01-2013 \u2013 Cervell\u00f3-Puig Vicen\u00e7-Penya del Moro\u00a0 ), pero subiendo antes a la ermita de Santa Mar\u00eda de Cervell\u00f3, para ver si encontr\u00e1bamos las tumbas antropom\u00f3rfas que hay all\u00ed. Desde el punto de inicio en la N-340 nos dirigimos [&hellip;]\" \/>\n<meta property=\"og:url\" content=\"https:\/\/www.carlosyconchita.net\/rutas\/06-06-2020-cervello-tumbas-sta-maria-puig-vicenc\/\" \/>\n<meta property=\"og:site_name\" content=\"Las rutas de Carlos y Conchita\" \/>\n<meta property=\"article:published_time\" content=\"2020-06-06T15:23:28+00:00\" \/>\n<meta property=\"article:modified_time\" content=\"2020-06-21T17:41:16+00:00\" \/>\n<meta property=\"og:image\" content=\"https:\/\/www.carlosyconchita.net\/rutas\/wp-content\/uploads\/2020\/06\/Cervello-Vicenc-00038.jpg\" \/>\n\t<meta property=\"og:image:width\" content=\"1024\" \/>\n\t<meta property=\"og:image:height\" content=\"760\" \/>\n\t<meta property=\"og:image:type\" content=\"image\/jpeg\" \/>\n<meta name=\"author\" content=\"Carlos Conchita\" \/>\n<meta name=\"twitter:label1\" content=\"Escrito por\" \/>\n\t<meta name=\"twitter:data1\" content=\"Carlos Conchita\" \/>\n\t<meta name=\"twitter:label2\" content=\"Tiempo de lectura\" \/>\n\t<meta name=\"twitter:data2\" content=\"3 minutos\" \/>\n<script type=\"application\/ld+json\" class=\"yoast-schema-graph\">{\"@context\":\"https:\\\/\\\/schema.org\",\"@graph\":[{\"@type\":\"Article\",\"@id\":\"https:\\\/\\\/www.carlosyconchita.net\\\/rutas\\\/06-06-2020-cervello-tumbas-sta-maria-puig-vicenc\\\/#article\",\"isPartOf\":{\"@id\":\"https:\\\/\\\/www.carlosyconchita.net\\\/rutas\\\/06-06-2020-cervello-tumbas-sta-maria-puig-vicenc\\\/\"},\"author\":{\"name\":\"Carlos Conchita\",\"@id\":\"https:\\\/\\\/www.carlosyconchita.net\\\/rutas\\\/#\\\/schema\\\/person\\\/a9691f7258c28443fab2d3aa1479ea19\"},\"headline\":\"06-06-2020-Cervell\u00f3-Tumbas Sta.Mar\u00eda-Puig Vicen\u00e7\",\"datePublished\":\"2020-06-06T15:23:28+00:00\",\"dateModified\":\"2020-06-21T17:41:16+00:00\",\"mainEntityOfPage\":{\"@id\":\"https:\\\/\\\/www.carlosyconchita.net\\\/rutas\\\/06-06-2020-cervello-tumbas-sta-maria-puig-vicenc\\\/\"},\"wordCount\":663,\"image\":{\"@id\":\"https:\\\/\\\/www.carlosyconchita.net\\\/rutas\\\/06-06-2020-cervello-tumbas-sta-maria-puig-vicenc\\\/#primaryimage\"},\"thumbnailUrl\":\"https:\\\/\\\/www.carlosyconchita.net\\\/rutas\\\/wp-content\\\/uploads\\\/2020\\\/06\\\/Cervello-Vicenc-00038.jpg\",\"articleSection\":[\"2-Moderada\",\"3 - De 10 a 15 km.\",\"Baix Llobregat\"],\"inLanguage\":\"es\"},{\"@type\":\"WebPage\",\"@id\":\"https:\\\/\\\/www.carlosyconchita.net\\\/rutas\\\/06-06-2020-cervello-tumbas-sta-maria-puig-vicenc\\\/\",\"url\":\"https:\\\/\\\/www.carlosyconchita.net\\\/rutas\\\/06-06-2020-cervello-tumbas-sta-maria-puig-vicenc\\\/\",\"name\":\"06-06-2020-Cervell\u00f3-Tumbas Sta.Mar\u00eda-Puig Vicen\u00e7 -\",\"isPartOf\":{\"@id\":\"https:\\\/\\\/www.carlosyconchita.net\\\/rutas\\\/#website\"},\"primaryImageOfPage\":{\"@id\":\"https:\\\/\\\/www.carlosyconchita.net\\\/rutas\\\/06-06-2020-cervello-tumbas-sta-maria-puig-vicenc\\\/#primaryimage\"},\"image\":{\"@id\":\"https:\\\/\\\/www.carlosyconchita.net\\\/rutas\\\/06-06-2020-cervello-tumbas-sta-maria-puig-vicenc\\\/#primaryimage\"},\"thumbnailUrl\":\"https:\\\/\\\/www.carlosyconchita.net\\\/rutas\\\/wp-content\\\/uploads\\\/2020\\\/06\\\/Cervello-Vicenc-00038.jpg\",\"datePublished\":\"2020-06-06T15:23:28+00:00\",\"dateModified\":\"2020-06-21T17:41:16+00:00\",\"author\":{\"@id\":\"https:\\\/\\\/www.carlosyconchita.net\\\/rutas\\\/#\\\/schema\\\/person\\\/a9691f7258c28443fab2d3aa1479ea19\"},\"breadcrumb\":{\"@id\":\"https:\\\/\\\/www.carlosyconchita.net\\\/rutas\\\/06-06-2020-cervello-tumbas-sta-maria-puig-vicenc\\\/#breadcrumb\"},\"inLanguage\":\"es\",\"potentialAction\":[{\"@type\":\"ReadAction\",\"target\":[\"https:\\\/\\\/www.carlosyconchita.net\\\/rutas\\\/06-06-2020-cervello-tumbas-sta-maria-puig-vicenc\\\/\"]}]},{\"@type\":\"ImageObject\",\"inLanguage\":\"es\",\"@id\":\"https:\\\/\\\/www.carlosyconchita.net\\\/rutas\\\/06-06-2020-cervello-tumbas-sta-maria-puig-vicenc\\\/#primaryimage\",\"url\":\"https:\\\/\\\/www.carlosyconchita.net\\\/rutas\\\/wp-content\\\/uploads\\\/2020\\\/06\\\/Cervello-Vicenc-00038.jpg\",\"contentUrl\":\"https:\\\/\\\/www.carlosyconchita.net\\\/rutas\\\/wp-content\\\/uploads\\\/2020\\\/06\\\/Cervello-Vicenc-00038.jpg\",\"width\":1024,\"height\":760},{\"@type\":\"BreadcrumbList\",\"@id\":\"https:\\\/\\\/www.carlosyconchita.net\\\/rutas\\\/06-06-2020-cervello-tumbas-sta-maria-puig-vicenc\\\/#breadcrumb\",\"itemListElement\":[{\"@type\":\"ListItem\",\"position\":1,\"name\":\"Portada\",\"item\":\"https:\\\/\\\/www.carlosyconchita.net\\\/rutas\\\/\"},{\"@type\":\"ListItem\",\"position\":2,\"name\":\"06-06-2020-Cervell\u00f3-Tumbas Sta.Mar\u00eda-Puig Vicen\u00e7\"}]},{\"@type\":\"WebSite\",\"@id\":\"https:\\\/\\\/www.carlosyconchita.net\\\/rutas\\\/#website\",\"url\":\"https:\\\/\\\/www.carlosyconchita.net\\\/rutas\\\/\",\"name\":\"Las rutas de Carlos y Conchita\",\"description\":\"\",\"potentialAction\":[{\"@type\":\"SearchAction\",\"target\":{\"@type\":\"EntryPoint\",\"urlTemplate\":\"https:\\\/\\\/www.carlosyconchita.net\\\/rutas\\\/?s={search_term_string}\"},\"query-input\":{\"@type\":\"PropertyValueSpecification\",\"valueRequired\":true,\"valueName\":\"search_term_string\"}}],\"inLanguage\":\"es\"},{\"@type\":\"Person\",\"@id\":\"https:\\\/\\\/www.carlosyconchita.net\\\/rutas\\\/#\\\/schema\\\/person\\\/a9691f7258c28443fab2d3aa1479ea19\",\"name\":\"Carlos Conchita\",\"image\":{\"@type\":\"ImageObject\",\"inLanguage\":\"es\",\"@id\":\"https:\\\/\\\/secure.gravatar.com\\\/avatar\\\/3a4625b20c8da3de99da69bfe7a322774e291c3f90dce7e8778a30fe6748ed1a?s=96&d=mm&r=g\",\"url\":\"https:\\\/\\\/secure.gravatar.com\\\/avatar\\\/3a4625b20c8da3de99da69bfe7a322774e291c3f90dce7e8778a30fe6748ed1a?s=96&d=mm&r=g\",\"contentUrl\":\"https:\\\/\\\/secure.gravatar.com\\\/avatar\\\/3a4625b20c8da3de99da69bfe7a322774e291c3f90dce7e8778a30fe6748ed1a?s=96&d=mm&r=g\",\"caption\":\"Carlos Conchita\"}}]}<\/script>\n<!-- \/ Yoast SEO plugin. -->","yoast_head_json":{"title":"06-06-2020-Cervell\u00f3-Tumbas Sta.Mar\u00eda-Puig Vicen\u00e7 -","robots":{"index":"index","follow":"follow","max-snippet":"max-snippet:-1","max-image-preview":"max-image-preview:large","max-video-preview":"max-video-preview:-1"},"canonical":"https:\/\/www.carlosyconchita.net\/rutas\/06-06-2020-cervello-tumbas-sta-maria-puig-vicenc\/","og_locale":"es_ES","og_type":"article","og_title":"06-06-2020-Cervell\u00f3-Tumbas Sta.Mar\u00eda-Puig Vicen\u00e7 -","og_description":"Hoy nos hemos ido al Puig Vicen\u00e7, donde ya hab\u00edamos estado en el a\u00f1o 2013, ( ver 20-01-2013 \u2013 Cervell\u00f3-Puig Vicen\u00e7-Penya del Moro\u00a0 ), pero subiendo antes a la ermita de Santa Mar\u00eda de Cervell\u00f3, para ver si encontr\u00e1bamos las tumbas antropom\u00f3rfas que hay all\u00ed. Desde el punto de inicio en la N-340 nos dirigimos [&hellip;]","og_url":"https:\/\/www.carlosyconchita.net\/rutas\/06-06-2020-cervello-tumbas-sta-maria-puig-vicenc\/","og_site_name":"Las rutas de Carlos y Conchita","article_published_time":"2020-06-06T15:23:28+00:00","article_modified_time":"2020-06-21T17:41:16+00:00","og_image":[{"width":1024,"height":760,"url":"https:\/\/www.carlosyconchita.net\/rutas\/wp-content\/uploads\/2020\/06\/Cervello-Vicenc-00038.jpg","type":"image\/jpeg"}],"author":"Carlos Conchita","twitter_misc":{"Escrito por":"Carlos Conchita","Tiempo de lectura":"3 minutos"},"schema":{"@context":"https:\/\/schema.org","@graph":[{"@type":"Article","@id":"https:\/\/www.carlosyconchita.net\/rutas\/06-06-2020-cervello-tumbas-sta-maria-puig-vicenc\/#article","isPartOf":{"@id":"https:\/\/www.carlosyconchita.net\/rutas\/06-06-2020-cervello-tumbas-sta-maria-puig-vicenc\/"},"author":{"name":"Carlos Conchita","@id":"https:\/\/www.carlosyconchita.net\/rutas\/#\/schema\/person\/a9691f7258c28443fab2d3aa1479ea19"},"headline":"06-06-2020-Cervell\u00f3-Tumbas Sta.Mar\u00eda-Puig Vicen\u00e7","datePublished":"2020-06-06T15:23:28+00:00","dateModified":"2020-06-21T17:41:16+00:00","mainEntityOfPage":{"@id":"https:\/\/www.carlosyconchita.net\/rutas\/06-06-2020-cervello-tumbas-sta-maria-puig-vicenc\/"},"wordCount":663,"image":{"@id":"https:\/\/www.carlosyconchita.net\/rutas\/06-06-2020-cervello-tumbas-sta-maria-puig-vicenc\/#primaryimage"},"thumbnailUrl":"https:\/\/www.carlosyconchita.net\/rutas\/wp-content\/uploads\/2020\/06\/Cervello-Vicenc-00038.jpg","articleSection":["2-Moderada","3 - De 10 a 15 km.","Baix Llobregat"],"inLanguage":"es"},{"@type":"WebPage","@id":"https:\/\/www.carlosyconchita.net\/rutas\/06-06-2020-cervello-tumbas-sta-maria-puig-vicenc\/","url":"https:\/\/www.carlosyconchita.net\/rutas\/06-06-2020-cervello-tumbas-sta-maria-puig-vicenc\/","name":"06-06-2020-Cervell\u00f3-Tumbas Sta.Mar\u00eda-Puig Vicen\u00e7 -","isPartOf":{"@id":"https:\/\/www.carlosyconchita.net\/rutas\/#website"},"primaryImageOfPage":{"@id":"https:\/\/www.carlosyconchita.net\/rutas\/06-06-2020-cervello-tumbas-sta-maria-puig-vicenc\/#primaryimage"},"image":{"@id":"https:\/\/www.carlosyconchita.net\/rutas\/06-06-2020-cervello-tumbas-sta-maria-puig-vicenc\/#primaryimage"},"thumbnailUrl":"https:\/\/www.carlosyconchita.net\/rutas\/wp-content\/uploads\/2020\/06\/Cervello-Vicenc-00038.jpg","datePublished":"2020-06-06T15:23:28+00:00","dateModified":"2020-06-21T17:41:16+00:00","author":{"@id":"https:\/\/www.carlosyconchita.net\/rutas\/#\/schema\/person\/a9691f7258c28443fab2d3aa1479ea19"},"breadcrumb":{"@id":"https:\/\/www.carlosyconchita.net\/rutas\/06-06-2020-cervello-tumbas-sta-maria-puig-vicenc\/#breadcrumb"},"inLanguage":"es","potentialAction":[{"@type":"ReadAction","target":["https:\/\/www.carlosyconchita.net\/rutas\/06-06-2020-cervello-tumbas-sta-maria-puig-vicenc\/"]}]},{"@type":"ImageObject","inLanguage":"es","@id":"https:\/\/www.carlosyconchita.net\/rutas\/06-06-2020-cervello-tumbas-sta-maria-puig-vicenc\/#primaryimage","url":"https:\/\/www.carlosyconchita.net\/rutas\/wp-content\/uploads\/2020\/06\/Cervello-Vicenc-00038.jpg","contentUrl":"https:\/\/www.carlosyconchita.net\/rutas\/wp-content\/uploads\/2020\/06\/Cervello-Vicenc-00038.jpg","width":1024,"height":760},{"@type":"BreadcrumbList","@id":"https:\/\/www.carlosyconchita.net\/rutas\/06-06-2020-cervello-tumbas-sta-maria-puig-vicenc\/#breadcrumb","itemListElement":[{"@type":"ListItem","position":1,"name":"Portada","item":"https:\/\/www.carlosyconchita.net\/rutas\/"},{"@type":"ListItem","position":2,"name":"06-06-2020-Cervell\u00f3-Tumbas Sta.Mar\u00eda-Puig Vicen\u00e7"}]},{"@type":"WebSite","@id":"https:\/\/www.carlosyconchita.net\/rutas\/#website","url":"https:\/\/www.carlosyconchita.net\/rutas\/","name":"Las rutas de Carlos y Conchita","description":"","potentialAction":[{"@type":"SearchAction","target":{"@type":"EntryPoint","urlTemplate":"https:\/\/www.carlosyconchita.net\/rutas\/?s={search_term_string}"},"query-input":{"@type":"PropertyValueSpecification","valueRequired":true,"valueName":"search_term_string"}}],"inLanguage":"es"},{"@type":"Person","@id":"https:\/\/www.carlosyconchita.net\/rutas\/#\/schema\/person\/a9691f7258c28443fab2d3aa1479ea19","name":"Carlos Conchita","image":{"@type":"ImageObject","inLanguage":"es","@id":"https:\/\/secure.gravatar.com\/avatar\/3a4625b20c8da3de99da69bfe7a322774e291c3f90dce7e8778a30fe6748ed1a?s=96&d=mm&r=g","url":"https:\/\/secure.gravatar.com\/avatar\/3a4625b20c8da3de99da69bfe7a322774e291c3f90dce7e8778a30fe6748ed1a?s=96&d=mm&r=g","contentUrl":"https:\/\/secure.gravatar.com\/avatar\/3a4625b20c8da3de99da69bfe7a322774e291c3f90dce7e8778a30fe6748ed1a?s=96&d=mm&r=g","caption":"Carlos Conchita"}}]}},"_links":{"self":[{"href":"https:\/\/www.carlosyconchita.net\/rutas\/wp-json\/wp\/v2\/posts\/14356","targetHints":{"allow":["GET"]}}],"collection":[{"href":"https:\/\/www.carlosyconchita.net\/rutas\/wp-json\/wp\/v2\/posts"}],"about":[{"href":"https:\/\/www.carlosyconchita.net\/rutas\/wp-json\/wp\/v2\/types\/post"}],"author":[{"embeddable":true,"href":"https:\/\/www.carlosyconchita.net\/rutas\/wp-json\/wp\/v2\/users\/50"}],"replies":[{"embeddable":true,"href":"https:\/\/www.carlosyconchita.net\/rutas\/wp-json\/wp\/v2\/comments?post=14356"}],"version-history":[{"count":0,"href":"https:\/\/www.carlosyconchita.net\/rutas\/wp-json\/wp\/v2\/posts\/14356\/revisions"}],"wp:featuredmedia":[{"embeddable":true,"href":"https:\/\/www.carlosyconchita.net\/rutas\/wp-json\/wp\/v2\/media\/14357"}],"wp:attachment":[{"href":"https:\/\/www.carlosyconchita.net\/rutas\/wp-json\/wp\/v2\/media?parent=14356"}],"wp:term":[{"taxonomy":"category","embeddable":true,"href":"https:\/\/www.carlosyconchita.net\/rutas\/wp-json\/wp\/v2\/categories?post=14356"},{"taxonomy":"post_tag","embeddable":true,"href":"https:\/\/www.carlosyconchita.net\/rutas\/wp-json\/wp\/v2\/tags?post=14356"}],"curies":[{"name":"wp","href":"https:\/\/api.w.org\/{rel}","templated":true}]}}