{"id":14421,"date":"2020-06-24T16:29:04","date_gmt":"2020-06-24T15:29:04","guid":{"rendered":"https:\/\/www.carlosyconchita.net\/rutas\/?p=14421"},"modified":"2022-03-13T17:10:07","modified_gmt":"2022-03-13T16:10:07","slug":"24-06-2020-bornas-029-035-col-de-lizuniaga","status":"publish","type":"post","link":"https:\/\/www.carlosyconchita.net\/rutas\/24-06-2020-bornas-029-035-col-de-lizuniaga\/","title":{"rendered":"24-06-2020-Bornas 029-035 (Col de Lizuniaga)"},"content":{"rendered":"<p style=\"text-align: justify;\"><em><span style=\"color: #008000;\">Esta ser\u00e1 la primera de las 3 caminatas que queremos hacer hoy,\u00a0 con lo cual conseguir\u00edamos hoy tener todas las bornas desde la 001 a la 035 , aunque nuestra idea estos d\u00edas es intentar completarlas todas hasta el n\u00famero 74, pero esto depende mucho de la dificultad de localizar algunas, aunque\u00a0 contamos con la ayuda de nuestro amigo holand\u00e9s Eef Berns, que nos acompa\u00f1ar\u00e1 en las m\u00e1s dif\u00edciles de encontrar.<\/span><\/em><\/p>\n<p style=\"text-align: justify;\"><em><span style=\"color: #008000;\">Tambi\u00e9n hay que contar con el tiempo, aunque la previsi\u00f3n para los pr\u00f3ximos d\u00edas es buena, excepto el viernes 26, que destinaremos a alguna visita tur\u00edstica por la zona, y a fotografiar varias bornas que est\u00e1n al pi\u00e9 de caminos y a las que se puede llegar en coche.<\/span><\/em><\/p>\n<p style=\"text-align: justify;\"><em><span style=\"color: #008000;\">Para ello, nos alojamos en un bonito y bien equipado apartamento rural , concretamente en\u00a0 <span style=\"color: #0000ff;\"><strong>Anikuenea\u00a0 Apart. Rurales<\/strong> <a style=\"color: #0000ff;\" href=\"http:\/\/www.anikuenea.com\/\" target=\"_blank\" rel=\"noopener noreferrer\">www.anikuenea.com<\/a>,<\/span> en donde hemos estado perfectamente y muy bien atendidos por Maddalen , la responsable de los mismos.<\/span><\/em><\/p>\n<p style=\"text-align: justify;\"><em><span style=\"color: #008000;\">De esta forma, con el tema del Covid-19, estamos alojados estos d\u00edas en \u00abnuestro\u00bb apartamento, sin ninguna aglomeraci\u00f3n de gente, y sin personas que tengan que entrar en \u00e9l, y contando con una cocina completa , con nevera \u00abnormal\u00bb\u00a0 y no como la de los hoteles, hemos podido preparar perfectamente el caf\u00e9 de la ma\u00f1ana y los bocatas que nos llevamos cada d\u00eda para caminar, as\u00ed como guardar la fruta y bebidas frescas, que con el calor que hemos tenido estos d\u00edas, nos ha ido perfectamente.<br \/>\n<\/span><\/em><\/p>\n<p>&nbsp;<\/p>\n<p style=\"text-align: justify;\"><span style=\"color: #333333;\">La primera caminata de hoy la iniciamos en el Col de Lizuniaga, donde hay un restaurante, que hoy estaba cerrado.<\/span><br \/>\nAll\u00ed empieza un camino de tierra, en direcci\u00f3n al Larr\u00fan que vemos muy a lo lejos, y como que al principio es ancho , subimos con el coche unos pocos metros, pero despu\u00e9s se estrecha mucho, por lo que\u00a0 dejamos el coche y empezamos a caminar, aunque al principio nos liamos un poco para llegar a la 035, cuando realmente estaba al pi\u00e9 del camino.<br \/>\nLas bornas son f\u00e1ciles de localizar, y vamos subiendo , encontrando primero la 035, despues la 034 y la 033.<\/p>\n<p style=\"text-align: justify;\">Despu\u00e9s bajaremos un tramo corto pero con bastante pendiente, por un bonito y amplio camino cubierto de hierba, y llegaremos a la 032 que est\u00e1 en una especie de coll, muy hundido, con un refugio grande pero abandonado.<\/p>\n<p style=\"text-align: justify;\">A partir de aqu\u00ed, hay que subir por un estrecho sendero, con mucha pendiente y bastantes piedras, hasta llegar a la 030 y la 029 que est\u00e1n en una especie de meseta o llanura , verde y muy bonita, con el Larr\u00fan al fondo, donde estuvimos el d\u00eda\u00a0 <a href=\"https:\/\/www.carlosyconchita.net\/rutas\/07-12-2019-bornas-022-028-larrun\/\" target=\"_blank\" rel=\"noopener noreferrer\"><strong><span style=\"color: #0000ff;\">07-12-2019-Bornas 022-028 (Larr\u00fan).<\/span><\/strong><\/a><br \/>\nMirando atentamente, pudimos ver el lugar por donde bajamos aquel d\u00eda para llegar a la 028, que realmente no tenemos muy lejos de donde estamos ahora. (ver fotos con la flecha del punto que estamos comentando)<\/p>\n<p style=\"text-align: justify;\">Como curiosidades de la ruta de hoy, se\u00f1alamos que en la 032 podemos ver todav\u00eda los restos de la antigua borna que se hab\u00eda roto, y que se puede ver la parte inferior del 3 y del 2 en uno de ellos.<\/p>\n<p style=\"text-align: justify;\">A la subida desde la 032, nos pasamos de largo un peque\u00f1o desv\u00edo a nuestra derecha (subiendo), para ver la 031, que vimos a la bajada, despu\u00e9s de pincharnos con un mont\u00f3n de zarzas y similares que la tapaban.<\/p>\n<p style=\"text-align: justify;\">La 030 \u00abnueva\u00bb, est\u00e1 rota tambi\u00e9n en dos partes perfectamente cortadas (???)\u00a0 , y a las que le faltan la parte inferior, ya que lo que se v\u00e9 es una pieza muy corta, teniendo en cuenta que tiene que ir un poco enterrada en el suelo. <br \/>\nY en los restos de la antigua 030, se pueden apreciar la \u00abR\u00bb\u00a0 y el \u00ab30\u00bb, aunque al estar el trozo tumbado de lado cuesta un poco verlo.<\/p>\n<p style=\"text-align: justify;\">La 029 ten\u00eda los n\u00fameros borrados y no se ve\u00edan en la foto, por lo que tuvimos que hacer un \u00abecol\u00f3gico\u00bb repintado con barro, como se puede ver en las fotos, en las que estoy preparando la \u00abpintura\u00bb sentado en el suelo.<\/p>\n<p style=\"text-align: justify;\">Y en la 033 resaltamos el bonito grabado con lo n\u00fameros y recuadro, que no hab\u00edamos visto antes en ninguna otra.<\/p>\n<p style=\"text-align: justify;\">La ruta ha sido muy bonita, con unos paisajes muy verdes como se puede ver en las fotos, y con un d\u00eda magnifico con mucho sol.<\/p>\n<hr \/>\n<h3 style=\"text-align: justify;\"><strong>Album de fotos<\/strong><\/h3>\n<p><a href=\"https:\/\/photos.app.goo.gl\/uMHKFcbugfW2RTWFA\" target=\"_blank\" rel=\"noopener noreferrer\"><img loading=\"lazy\" decoding=\"async\" class=\"aligncenter wp-image-14422 size-column4-2\/3\" src=\"https:\/\/www.carlosyconchita.net\/rutas\/wp-content\/uploads\/2020\/07\/Navarra-24-00024-285x190.jpg\" alt=\"\" width=\"285\" height=\"190\" srcset=\"https:\/\/www.carlosyconchita.net\/rutas\/wp-content\/uploads\/2020\/07\/Navarra-24-00024-285x190.jpg 285w, https:\/\/www.carlosyconchita.net\/rutas\/wp-content\/uploads\/2020\/07\/Navarra-24-00024-272x182.jpg 272w, https:\/\/www.carlosyconchita.net\/rutas\/wp-content\/uploads\/2020\/07\/Navarra-24-00024-570x380.jpg 570w, https:\/\/www.carlosyconchita.net\/rutas\/wp-content\/uploads\/2020\/07\/Navarra-24-00024-380x254.jpg 380w\" sizes=\"auto, (max-width: 285px) 100vw, 285px\" \/><\/a><\/p>\n<hr \/>\n<p><strong>Dificultad<\/strong> :\u00a0\u00a0\u00a0 F\u00e1cil<\/p>\n<p><strong>Distancia total<\/strong> :\u00a0\u00a0\u00a0 5.588 <span class=\"totlen\"><span class=\"summaryvalue\">m<\/span><\/span><\/p>\n<p><strong>Alturas m\u00ednima \/ m\u00e1xima<\/strong> :\u00a0\u00a0\u00a0\u00a0\u00a0 219\u00a0 m. \/\u00a0\u00a0 607 <span class=\"maxele\"><span class=\"summaryvalue\">m<\/span><\/span>.<\/p>\n<p><strong>Desnivel acumulado (s\/Wikiloc)<\/strong>\u00a0 :\u00a0\u00a0 437 m.<\/p>\n<p><strong>Tiempo total \/ en movimiento<\/strong> :\u00a0\u00a0\u00a0\u00a0\u00a0 &#8212;<\/p>\n<p><strong>Velocidad media total \/ velocidad media movimiento<\/strong> :\u00a0\u00a0\u00a0 &#8212;<\/p>\n<hr \/>\n<h3><strong>Track de la ruta<\/strong><\/h3>\n<p>[sgpx gpx=\u00bb\/wp-content\/uploads\/gpx\/Bornas-029-035.gpx\u00bb]<\/p>\n<hr \/>\n<h3>\u00a0<\/h3>\n<h3><strong>Enlace album de fotos de las bornas por n\u00famero<\/strong><\/h3>\n<p>&nbsp;<\/p>\n<p><a href=\"https:\/\/photos.app.goo.gl\/9VCQnm7W7yvTgkc5A\" target=\"_blank\" rel=\"noopener noreferrer\"><img loading=\"lazy\" decoding=\"async\" class=\"aligncenter wp-image-13526 size-column4-2\/3\" src=\"https:\/\/www.carlosyconchita.net\/rutas\/wp-content\/uploads\/2017\/11\/027-2-285x190.jpg\" alt=\"\" width=\"285\" height=\"190\" srcset=\"https:\/\/www.carlosyconchita.net\/rutas\/wp-content\/uploads\/2017\/11\/027-2-285x190.jpg 285w, https:\/\/www.carlosyconchita.net\/rutas\/wp-content\/uploads\/2017\/11\/027-2-272x182.jpg 272w, https:\/\/www.carlosyconchita.net\/rutas\/wp-content\/uploads\/2017\/11\/027-2-570x380.jpg 570w, https:\/\/www.carlosyconchita.net\/rutas\/wp-content\/uploads\/2017\/11\/027-2-380x254.jpg 380w\" sizes=\"auto, (max-width: 285px) 100vw, 285px\" \/><\/a><\/p>\n<p>&nbsp;<\/p>\n<hr \/>\n<h3><strong>Wikiloc<\/strong><\/h3>\n<p>&nbsp;<\/p>\n<p><a href=\"https:\/\/es.wikiloc.com\/rutas-senderismo\/bornas-029-035-52245943\" target=\"_blank\" rel=\"noopener noreferrer\"><img loading=\"lazy\" decoding=\"async\" class=\"size-full wp-image-958 aligncenter\" src=\"https:\/\/www.carlosyconchita.net\/rutas\/wp-content\/uploads\/2020\/09\/wikiloc.jpg\" alt=\"\" width=\"117\" height=\"34\" \/><\/a><\/p>\n<p>&nbsp;<\/p>\n<hr \/>\n<p>&nbsp;<\/p>\n<p style=\"text-align: justify;\"><span style=\"color: #ff0000; background-color: #ffffff; font-size: 14pt;\"><strong>Si te ha gustado, comp\u00e1rtelo en tu red favorita o env\u00edanos tu comentario.<br \/>\n<\/strong><\/span><\/p>\n<p style=\"text-align: justify;\"><span style=\"font-size: 14pt;\"><strong><span style=\"color: #ff0000;\">Muchas gracias !<\/span><\/strong><\/span><\/p>\n<hr \/>\n<p style=\"text-align: justify;\"><strong><span style=\"color: #008000;\">Suscribete si quieres recibir un mail cuando publiquemos nuevas rutas : no enviamos publicidad y como m\u00e1ximo enviamos 2 mails al mes<\/span><\/strong><\/p>\n<p style=\"text-align: center;\"><a href=\"https:\/\/mailchi.mp\/6989c83a3e24\/wmv06rtqcz\/\" target=\"_blank\" rel=\"noopener noreferrer\"><strong><span style=\"color: #0000ff;\">Pulsa aqu\u00ed para suscribirte<\/span><\/strong><\/a><\/p>\n<hr \/>\n<p style=\"text-align: justify;\">\u00a0<\/p>\n<h3 style=\"text-align: justify;\">Puedes imprimir esta publicaci\u00f3n o guardarla en diferentes formatos :<\/h3>\n<p style=\"text-align: justify;\"><span style=\"color: #ff0000; font-size: 14pt;\">Para facilitar la impresi\u00f3n, se ha reducido considerablemente el tama\u00f1o de las fotos, pero si deseas imprimir sin fotos, aconsejamos guardarlo como \u201cdoc\u201d, y antes de imprimirlo, eliminar las fotos<\/span><\/p>\n<p>&nbsp;<\/p>\n<hr \/>\n<p>&nbsp;<\/p>\n","protected":false},"excerpt":{"rendered":"<p>Desde el Col de Lizuniaga, localizamos las bornas 035 hasta la 029.<\/p>\n","protected":false},"author":50,"featured_media":14422,"comment_status":"closed","ping_status":"open","sticky":false,"template":"","format":"standard","meta":{"footnotes":""},"categories":[10,22,74],"tags":[],"class_list":{"0":"post-14421","1":"post","2":"type-post","3":"status-publish","4":"format-standard","5":"has-post-thumbnail","6":"hentry","7":"category-facil","8":"category-de-05-a-10-km","9":"category-0-mojones-bornas-frontera","11":"post-with-thumbnail","12":"post-with-thumbnail-icon"},"yoast_head":"<!-- This site is optimized with the Yoast SEO plugin v27.5 - https:\/\/yoast.com\/product\/yoast-seo-wordpress\/ -->\n<title>24-06-2020-Bornas 029-035 (Col de Lizuniaga) -<\/title>\n<meta name=\"robots\" content=\"index, follow, max-snippet:-1, max-image-preview:large, max-video-preview:-1\" \/>\n<link rel=\"canonical\" href=\"https:\/\/www.carlosyconchita.net\/rutas\/24-06-2020-bornas-029-035-col-de-lizuniaga\/\" \/>\n<meta property=\"og:locale\" content=\"es_ES\" \/>\n<meta property=\"og:type\" content=\"article\" \/>\n<meta property=\"og:title\" content=\"24-06-2020-Bornas 029-035 (Col de Lizuniaga) -\" \/>\n<meta property=\"og:description\" content=\"Desde el Col de Lizuniaga, localizamos las bornas 035 hasta la 029.\" \/>\n<meta property=\"og:url\" content=\"https:\/\/www.carlosyconchita.net\/rutas\/24-06-2020-bornas-029-035-col-de-lizuniaga\/\" \/>\n<meta property=\"og:site_name\" content=\"Las rutas de Carlos y Conchita\" \/>\n<meta property=\"article:published_time\" content=\"2020-06-24T15:29:04+00:00\" \/>\n<meta property=\"article:modified_time\" content=\"2022-03-13T16:10:07+00:00\" \/>\n<meta property=\"og:image\" content=\"https:\/\/www.carlosyconchita.net\/rutas\/wp-content\/uploads\/2020\/07\/Navarra-24-00024.jpg\" \/>\n\t<meta property=\"og:image:width\" content=\"1024\" \/>\n\t<meta property=\"og:image:height\" content=\"750\" \/>\n\t<meta property=\"og:image:type\" content=\"image\/jpeg\" \/>\n<meta name=\"author\" content=\"Carlos Conchita\" \/>\n<meta name=\"twitter:label1\" content=\"Escrito por\" \/>\n\t<meta name=\"twitter:data1\" content=\"Carlos Conchita\" \/>\n\t<meta name=\"twitter:label2\" content=\"Tiempo de lectura\" \/>\n\t<meta name=\"twitter:data2\" content=\"4 minutos\" \/>\n<script type=\"application\/ld+json\" class=\"yoast-schema-graph\">{\"@context\":\"https:\\\/\\\/schema.org\",\"@graph\":[{\"@type\":\"Article\",\"@id\":\"https:\\\/\\\/www.carlosyconchita.net\\\/rutas\\\/24-06-2020-bornas-029-035-col-de-lizuniaga\\\/#article\",\"isPartOf\":{\"@id\":\"https:\\\/\\\/www.carlosyconchita.net\\\/rutas\\\/24-06-2020-bornas-029-035-col-de-lizuniaga\\\/\"},\"author\":{\"name\":\"Carlos Conchita\",\"@id\":\"https:\\\/\\\/www.carlosyconchita.net\\\/rutas\\\/#\\\/schema\\\/person\\\/a9691f7258c28443fab2d3aa1479ea19\"},\"headline\":\"24-06-2020-Bornas 029-035 (Col de Lizuniaga)\",\"datePublished\":\"2020-06-24T15:29:04+00:00\",\"dateModified\":\"2022-03-13T16:10:07+00:00\",\"mainEntityOfPage\":{\"@id\":\"https:\\\/\\\/www.carlosyconchita.net\\\/rutas\\\/24-06-2020-bornas-029-035-col-de-lizuniaga\\\/\"},\"wordCount\":886,\"image\":{\"@id\":\"https:\\\/\\\/www.carlosyconchita.net\\\/rutas\\\/24-06-2020-bornas-029-035-col-de-lizuniaga\\\/#primaryimage\"},\"thumbnailUrl\":\"https:\\\/\\\/www.carlosyconchita.net\\\/rutas\\\/wp-content\\\/uploads\\\/2020\\\/07\\\/Navarra-24-00024.jpg\",\"articleSection\":[\"1-F\u00e1cil\",\"2 - De 5 a 10 km.\",\"Mojones \\\/ Bornas frontera ES-FR\"],\"inLanguage\":\"es\"},{\"@type\":\"WebPage\",\"@id\":\"https:\\\/\\\/www.carlosyconchita.net\\\/rutas\\\/24-06-2020-bornas-029-035-col-de-lizuniaga\\\/\",\"url\":\"https:\\\/\\\/www.carlosyconchita.net\\\/rutas\\\/24-06-2020-bornas-029-035-col-de-lizuniaga\\\/\",\"name\":\"24-06-2020-Bornas 029-035 (Col de Lizuniaga) -\",\"isPartOf\":{\"@id\":\"https:\\\/\\\/www.carlosyconchita.net\\\/rutas\\\/#website\"},\"primaryImageOfPage\":{\"@id\":\"https:\\\/\\\/www.carlosyconchita.net\\\/rutas\\\/24-06-2020-bornas-029-035-col-de-lizuniaga\\\/#primaryimage\"},\"image\":{\"@id\":\"https:\\\/\\\/www.carlosyconchita.net\\\/rutas\\\/24-06-2020-bornas-029-035-col-de-lizuniaga\\\/#primaryimage\"},\"thumbnailUrl\":\"https:\\\/\\\/www.carlosyconchita.net\\\/rutas\\\/wp-content\\\/uploads\\\/2020\\\/07\\\/Navarra-24-00024.jpg\",\"datePublished\":\"2020-06-24T15:29:04+00:00\",\"dateModified\":\"2022-03-13T16:10:07+00:00\",\"author\":{\"@id\":\"https:\\\/\\\/www.carlosyconchita.net\\\/rutas\\\/#\\\/schema\\\/person\\\/a9691f7258c28443fab2d3aa1479ea19\"},\"breadcrumb\":{\"@id\":\"https:\\\/\\\/www.carlosyconchita.net\\\/rutas\\\/24-06-2020-bornas-029-035-col-de-lizuniaga\\\/#breadcrumb\"},\"inLanguage\":\"es\",\"potentialAction\":[{\"@type\":\"ReadAction\",\"target\":[\"https:\\\/\\\/www.carlosyconchita.net\\\/rutas\\\/24-06-2020-bornas-029-035-col-de-lizuniaga\\\/\"]}]},{\"@type\":\"ImageObject\",\"inLanguage\":\"es\",\"@id\":\"https:\\\/\\\/www.carlosyconchita.net\\\/rutas\\\/24-06-2020-bornas-029-035-col-de-lizuniaga\\\/#primaryimage\",\"url\":\"https:\\\/\\\/www.carlosyconchita.net\\\/rutas\\\/wp-content\\\/uploads\\\/2020\\\/07\\\/Navarra-24-00024.jpg\",\"contentUrl\":\"https:\\\/\\\/www.carlosyconchita.net\\\/rutas\\\/wp-content\\\/uploads\\\/2020\\\/07\\\/Navarra-24-00024.jpg\",\"width\":1024,\"height\":750},{\"@type\":\"BreadcrumbList\",\"@id\":\"https:\\\/\\\/www.carlosyconchita.net\\\/rutas\\\/24-06-2020-bornas-029-035-col-de-lizuniaga\\\/#breadcrumb\",\"itemListElement\":[{\"@type\":\"ListItem\",\"position\":1,\"name\":\"Portada\",\"item\":\"https:\\\/\\\/www.carlosyconchita.net\\\/rutas\\\/\"},{\"@type\":\"ListItem\",\"position\":2,\"name\":\"24-06-2020-Bornas 029-035 (Col de Lizuniaga)\"}]},{\"@type\":\"WebSite\",\"@id\":\"https:\\\/\\\/www.carlosyconchita.net\\\/rutas\\\/#website\",\"url\":\"https:\\\/\\\/www.carlosyconchita.net\\\/rutas\\\/\",\"name\":\"Las rutas de Carlos y Conchita\",\"description\":\"\",\"potentialAction\":[{\"@type\":\"SearchAction\",\"target\":{\"@type\":\"EntryPoint\",\"urlTemplate\":\"https:\\\/\\\/www.carlosyconchita.net\\\/rutas\\\/?s={search_term_string}\"},\"query-input\":{\"@type\":\"PropertyValueSpecification\",\"valueRequired\":true,\"valueName\":\"search_term_string\"}}],\"inLanguage\":\"es\"},{\"@type\":\"Person\",\"@id\":\"https:\\\/\\\/www.carlosyconchita.net\\\/rutas\\\/#\\\/schema\\\/person\\\/a9691f7258c28443fab2d3aa1479ea19\",\"name\":\"Carlos Conchita\",\"image\":{\"@type\":\"ImageObject\",\"inLanguage\":\"es\",\"@id\":\"https:\\\/\\\/secure.gravatar.com\\\/avatar\\\/3a4625b20c8da3de99da69bfe7a322774e291c3f90dce7e8778a30fe6748ed1a?s=96&d=mm&r=g\",\"url\":\"https:\\\/\\\/secure.gravatar.com\\\/avatar\\\/3a4625b20c8da3de99da69bfe7a322774e291c3f90dce7e8778a30fe6748ed1a?s=96&d=mm&r=g\",\"contentUrl\":\"https:\\\/\\\/secure.gravatar.com\\\/avatar\\\/3a4625b20c8da3de99da69bfe7a322774e291c3f90dce7e8778a30fe6748ed1a?s=96&d=mm&r=g\",\"caption\":\"Carlos Conchita\"}}]}<\/script>\n<!-- \/ Yoast SEO plugin. -->","yoast_head_json":{"title":"24-06-2020-Bornas 029-035 (Col de Lizuniaga) -","robots":{"index":"index","follow":"follow","max-snippet":"max-snippet:-1","max-image-preview":"max-image-preview:large","max-video-preview":"max-video-preview:-1"},"canonical":"https:\/\/www.carlosyconchita.net\/rutas\/24-06-2020-bornas-029-035-col-de-lizuniaga\/","og_locale":"es_ES","og_type":"article","og_title":"24-06-2020-Bornas 029-035 (Col de Lizuniaga) -","og_description":"Desde el Col de Lizuniaga, localizamos las bornas 035 hasta la 029.","og_url":"https:\/\/www.carlosyconchita.net\/rutas\/24-06-2020-bornas-029-035-col-de-lizuniaga\/","og_site_name":"Las rutas de Carlos y Conchita","article_published_time":"2020-06-24T15:29:04+00:00","article_modified_time":"2022-03-13T16:10:07+00:00","og_image":[{"width":1024,"height":750,"url":"https:\/\/www.carlosyconchita.net\/rutas\/wp-content\/uploads\/2020\/07\/Navarra-24-00024.jpg","type":"image\/jpeg"}],"author":"Carlos Conchita","twitter_misc":{"Escrito por":"Carlos Conchita","Tiempo de lectura":"4 minutos"},"schema":{"@context":"https:\/\/schema.org","@graph":[{"@type":"Article","@id":"https:\/\/www.carlosyconchita.net\/rutas\/24-06-2020-bornas-029-035-col-de-lizuniaga\/#article","isPartOf":{"@id":"https:\/\/www.carlosyconchita.net\/rutas\/24-06-2020-bornas-029-035-col-de-lizuniaga\/"},"author":{"name":"Carlos Conchita","@id":"https:\/\/www.carlosyconchita.net\/rutas\/#\/schema\/person\/a9691f7258c28443fab2d3aa1479ea19"},"headline":"24-06-2020-Bornas 029-035 (Col de Lizuniaga)","datePublished":"2020-06-24T15:29:04+00:00","dateModified":"2022-03-13T16:10:07+00:00","mainEntityOfPage":{"@id":"https:\/\/www.carlosyconchita.net\/rutas\/24-06-2020-bornas-029-035-col-de-lizuniaga\/"},"wordCount":886,"image":{"@id":"https:\/\/www.carlosyconchita.net\/rutas\/24-06-2020-bornas-029-035-col-de-lizuniaga\/#primaryimage"},"thumbnailUrl":"https:\/\/www.carlosyconchita.net\/rutas\/wp-content\/uploads\/2020\/07\/Navarra-24-00024.jpg","articleSection":["1-F\u00e1cil","2 - De 5 a 10 km.","Mojones \/ Bornas frontera ES-FR"],"inLanguage":"es"},{"@type":"WebPage","@id":"https:\/\/www.carlosyconchita.net\/rutas\/24-06-2020-bornas-029-035-col-de-lizuniaga\/","url":"https:\/\/www.carlosyconchita.net\/rutas\/24-06-2020-bornas-029-035-col-de-lizuniaga\/","name":"24-06-2020-Bornas 029-035 (Col de Lizuniaga) -","isPartOf":{"@id":"https:\/\/www.carlosyconchita.net\/rutas\/#website"},"primaryImageOfPage":{"@id":"https:\/\/www.carlosyconchita.net\/rutas\/24-06-2020-bornas-029-035-col-de-lizuniaga\/#primaryimage"},"image":{"@id":"https:\/\/www.carlosyconchita.net\/rutas\/24-06-2020-bornas-029-035-col-de-lizuniaga\/#primaryimage"},"thumbnailUrl":"https:\/\/www.carlosyconchita.net\/rutas\/wp-content\/uploads\/2020\/07\/Navarra-24-00024.jpg","datePublished":"2020-06-24T15:29:04+00:00","dateModified":"2022-03-13T16:10:07+00:00","author":{"@id":"https:\/\/www.carlosyconchita.net\/rutas\/#\/schema\/person\/a9691f7258c28443fab2d3aa1479ea19"},"breadcrumb":{"@id":"https:\/\/www.carlosyconchita.net\/rutas\/24-06-2020-bornas-029-035-col-de-lizuniaga\/#breadcrumb"},"inLanguage":"es","potentialAction":[{"@type":"ReadAction","target":["https:\/\/www.carlosyconchita.net\/rutas\/24-06-2020-bornas-029-035-col-de-lizuniaga\/"]}]},{"@type":"ImageObject","inLanguage":"es","@id":"https:\/\/www.carlosyconchita.net\/rutas\/24-06-2020-bornas-029-035-col-de-lizuniaga\/#primaryimage","url":"https:\/\/www.carlosyconchita.net\/rutas\/wp-content\/uploads\/2020\/07\/Navarra-24-00024.jpg","contentUrl":"https:\/\/www.carlosyconchita.net\/rutas\/wp-content\/uploads\/2020\/07\/Navarra-24-00024.jpg","width":1024,"height":750},{"@type":"BreadcrumbList","@id":"https:\/\/www.carlosyconchita.net\/rutas\/24-06-2020-bornas-029-035-col-de-lizuniaga\/#breadcrumb","itemListElement":[{"@type":"ListItem","position":1,"name":"Portada","item":"https:\/\/www.carlosyconchita.net\/rutas\/"},{"@type":"ListItem","position":2,"name":"24-06-2020-Bornas 029-035 (Col de Lizuniaga)"}]},{"@type":"WebSite","@id":"https:\/\/www.carlosyconchita.net\/rutas\/#website","url":"https:\/\/www.carlosyconchita.net\/rutas\/","name":"Las rutas de Carlos y Conchita","description":"","potentialAction":[{"@type":"SearchAction","target":{"@type":"EntryPoint","urlTemplate":"https:\/\/www.carlosyconchita.net\/rutas\/?s={search_term_string}"},"query-input":{"@type":"PropertyValueSpecification","valueRequired":true,"valueName":"search_term_string"}}],"inLanguage":"es"},{"@type":"Person","@id":"https:\/\/www.carlosyconchita.net\/rutas\/#\/schema\/person\/a9691f7258c28443fab2d3aa1479ea19","name":"Carlos Conchita","image":{"@type":"ImageObject","inLanguage":"es","@id":"https:\/\/secure.gravatar.com\/avatar\/3a4625b20c8da3de99da69bfe7a322774e291c3f90dce7e8778a30fe6748ed1a?s=96&d=mm&r=g","url":"https:\/\/secure.gravatar.com\/avatar\/3a4625b20c8da3de99da69bfe7a322774e291c3f90dce7e8778a30fe6748ed1a?s=96&d=mm&r=g","contentUrl":"https:\/\/secure.gravatar.com\/avatar\/3a4625b20c8da3de99da69bfe7a322774e291c3f90dce7e8778a30fe6748ed1a?s=96&d=mm&r=g","caption":"Carlos Conchita"}}]}},"_links":{"self":[{"href":"https:\/\/www.carlosyconchita.net\/rutas\/wp-json\/wp\/v2\/posts\/14421","targetHints":{"allow":["GET"]}}],"collection":[{"href":"https:\/\/www.carlosyconchita.net\/rutas\/wp-json\/wp\/v2\/posts"}],"about":[{"href":"https:\/\/www.carlosyconchita.net\/rutas\/wp-json\/wp\/v2\/types\/post"}],"author":[{"embeddable":true,"href":"https:\/\/www.carlosyconchita.net\/rutas\/wp-json\/wp\/v2\/users\/50"}],"replies":[{"embeddable":true,"href":"https:\/\/www.carlosyconchita.net\/rutas\/wp-json\/wp\/v2\/comments?post=14421"}],"version-history":[{"count":0,"href":"https:\/\/www.carlosyconchita.net\/rutas\/wp-json\/wp\/v2\/posts\/14421\/revisions"}],"wp:featuredmedia":[{"embeddable":true,"href":"https:\/\/www.carlosyconchita.net\/rutas\/wp-json\/wp\/v2\/media\/14422"}],"wp:attachment":[{"href":"https:\/\/www.carlosyconchita.net\/rutas\/wp-json\/wp\/v2\/media?parent=14421"}],"wp:term":[{"taxonomy":"category","embeddable":true,"href":"https:\/\/www.carlosyconchita.net\/rutas\/wp-json\/wp\/v2\/categories?post=14421"},{"taxonomy":"post_tag","embeddable":true,"href":"https:\/\/www.carlosyconchita.net\/rutas\/wp-json\/wp\/v2\/tags?post=14421"}],"curies":[{"name":"wp","href":"https:\/\/api.w.org\/{rel}","templated":true}]}}