{"id":14487,"date":"2020-06-25T16:14:41","date_gmt":"2020-06-25T15:14:41","guid":{"rendered":"https:\/\/www.carlosyconchita.net\/rutas\/?p=14487"},"modified":"2022-03-13T17:04:49","modified_gmt":"2022-03-13T16:04:49","slug":"25-06-2020-bornas-065-y-066","status":"publish","type":"post","link":"https:\/\/www.carlosyconchita.net\/rutas\/25-06-2020-bornas-065-y-066\/","title":{"rendered":"25-06-2020-Bornas 065 y 066"},"content":{"rendered":"<p style=\"text-align: justify;\">Segunda caminata del d\u00eda de hoy , muy complicada,\u00a0 para ver las bornas 065 y 066, por la dificultad en llegar a la 066, y que seguramente no hubieramos podido encontrar, sin la ayuda de Eef Berns.<\/p>\n<p style=\"text-align: justify;\">La 065 la encontramos en un camino a pocos metros de donde hemos dejado el coche, aunque como se puede ver en las fotos , est\u00e1 muy inclinada , y hemos tenido que apartar las hierbas y arbustos para poderla ver.<\/p>\n<p>Luego volvemos en direcci\u00f3n a donde est\u00e1 el coche, ya que la 066 est\u00e1 tambien a muy pocos metros de all\u00ed, muy cerca de la orilla del r\u00edo.<br \/>\nPero cuando nos acercamos al r\u00edo, y a unos 40-50 metros de la borna , nos encontramos una zona de zarzas muy altas, que es imposible atravesar, ni tampoco cortar para intentar llegar a la borna, ya que una cosa es cortar alguna rama, y otra intentar hacer un t\u00fanel para pasar,\u00a0 de 40-50 metros a trav\u00e9s de ellas.<\/p>\n<p>&nbsp;<\/p>\n<p><img loading=\"lazy\" decoding=\"async\" class=\"alignnone size-full\" src=\"https:\/\/lh3.googleusercontent.com\/pw\/ACtC-3dc02fJeTGbV6g7Ess385Xoik3RTaKBFREiigLV8mW1VAhnz5I0Q45ewVy2cyXs5Sx49fzcl1KpYuND_BsBCuAOPtsDGwj07HsJ946by5lbTrKSN_fym3iydqvmuoytsEvnLGG_5sFCp73YiDuUEQCabQ=w1024-h576-no\" width=\"1024\" height=\"576\" \/><\/p>\n<p>Lo intentamos despu\u00e9s desde el otro lado de las zarzas, pero tambi\u00e9n nos resulta imposible&#8230;nos tememos que teniendola a unos 40-50 metros de\u00a0 donde estamos, no podremos llegar a ella&#8230;<\/p>\n<p style=\"text-align: justify;\">Pero nuestro amigo Eef, decide cruzar al r\u00edo , unos metros m\u00e1s all\u00e1, por un sitio m\u00e1s f\u00e1cil de descender al agua, ya que la otra orilla parece m\u00e1s despejada que la nuestra,\u00a0 y despu\u00e9s de caminar unos metros hasta ponerse \u00abenfrente\u00bb de la borna\u00a0 , nos avisa de que s\u00ed que la puede ver.<\/p>\n<p style=\"text-align: justify;\">As\u00ed que tambi\u00e9n nos decidimos a cruzar al otro lado, aunque nosotros nos descalzamos, ya que nuestras botas no son \u00absumergibles\u00bb\u00a0 como las suyas.<\/p>\n<p><img loading=\"lazy\" decoding=\"async\" class=\"size-full aligncenter\" src=\"https:\/\/lh3.googleusercontent.com\/pw\/AM-JKLV6SLnlKP-B2_r31GoExSm8vMPpPfyu672xbUsdx1WmSJzPw0Gq_LwSQjLPk0EKjggaUOveIkqL3B5k5JOz3A8bwzSz6RKg8B90RTIGeVNMZh9Utgyw-iEXqax-IJi-5Pa3vs4V6Bl-Uf4lja45C8EE8g=w1024-h576-no?authuser=0\" width=\"1024\" height=\"576\" \/><\/p>\n<p style=\"text-align: justify;\"><img loading=\"lazy\" decoding=\"async\" class=\"size-full aligncenter\" src=\"https:\/\/lh3.googleusercontent.com\/pw\/AM-JKLU-K12lTBbNX3bL9z8LDS4VrOnBuoRxSb6RbA_iMqK8CcssOLD4upcx4lz70Le5Un_pbC7HQwiR4hmCLQVzTfI4_w0qMtdXFMG3uYn7dFN32yDg9_uysWf-MaNdDBt5HixXLakRFsIm-PpIZQjaBnOlkQ=w997-h664-no?authuser=0\" width=\"997\" height=\"664\" \/><\/p>\n<p>&nbsp;<\/p>\n<p>Una vez que llegamos a la altura de la borna, tenemos que volver a cruzar el rio para cambiar de nuevo de orilla,ya que hemos estado caminando por la orilla contraria de donde est\u00e1 la borna, y despu\u00e9s de limpiar un poco la zona , la podemos ver y fotografiar.<\/p>\n<p><img loading=\"lazy\" decoding=\"async\" class=\"size-full aligncenter\" src=\"http:\/\/www.grpdesbf.nl\/esfr-pics-trip-photos\/esfr-trip-20200625-photo35_large.jpg\" width=\"1024\" height=\"682\" \/><\/p>\n<p style=\"text-align: justify;\">Total, que estando a unos 50 m. de la borna que tenemos a nuestro lado en la misma orilla del rio donde estamos, hemos caminado unos 100 m. rio arriba para poder cruzarlo, cruzamos el r\u00edo, caminamos unos 150 m. hasta llegar enfrente de la borna,\u00a0 cruzamos de nuevo el rio para llegar a ella, y despu\u00e9s evidentemente volvemos al punto de partida. (ver track)<\/p>\n<p>&nbsp;<\/p>\n<p>Enlace a esta ruta en la web de Eef :\u00a0\u00a0\u00a0 <a href=\"http:\/\/www.grpdesbf.nl\/esfr-html-trips-20200625.html\" target=\"_blank\" rel=\"noopener\"><strong><span style=\"color: #0000ff;\">Pulsar aqu\u00ed<\/span><\/strong><\/a><\/p>\n<p style=\"text-align: justify;\">\u00a0<\/p>\n<hr \/>\n<p>&nbsp;<\/p>\n<h3><strong>Album de fotos<\/strong><\/h3>\n<p><a href=\"https:\/\/photos.app.goo.gl\/uNq4bZFbEUUTkz7D8\" target=\"_blank\" rel=\"noopener noreferrer\"><img loading=\"lazy\" decoding=\"async\" class=\"aligncenter wp-image-14488 size-column4-2\/3\" src=\"https:\/\/www.carlosyconchita.net\/rutas\/wp-content\/uploads\/2020\/07\/066-3-285x190.jpg\" alt=\"\" width=\"285\" height=\"190\" srcset=\"https:\/\/www.carlosyconchita.net\/rutas\/wp-content\/uploads\/2020\/07\/066-3-285x190.jpg 285w, https:\/\/www.carlosyconchita.net\/rutas\/wp-content\/uploads\/2020\/07\/066-3-300x200.jpg 300w, https:\/\/www.carlosyconchita.net\/rutas\/wp-content\/uploads\/2020\/07\/066-3-600x400.jpg 600w, https:\/\/www.carlosyconchita.net\/rutas\/wp-content\/uploads\/2020\/07\/066-3-768x512.jpg 768w, https:\/\/www.carlosyconchita.net\/rutas\/wp-content\/uploads\/2020\/07\/066-3-272x182.jpg 272w, https:\/\/www.carlosyconchita.net\/rutas\/wp-content\/uploads\/2020\/07\/066-3-570x380.jpg 570w, https:\/\/www.carlosyconchita.net\/rutas\/wp-content\/uploads\/2020\/07\/066-3-380x254.jpg 380w, https:\/\/www.carlosyconchita.net\/rutas\/wp-content\/uploads\/2020\/07\/066-3.jpg 1024w\" sizes=\"auto, (max-width: 285px) 100vw, 285px\" \/><\/a><\/p>\n<p>&nbsp;<\/p>\n<hr \/>\n<h3><strong>Track de la ruta<\/strong><\/h3>\n<p>[sgpx gpx=\u00bb\/wp-content\/uploads\/gpx\/Bornas-065-066.gpx\u00bb]<\/p>\n<p>&nbsp;<\/p>\n<hr \/>\n<h3>\u00a0<\/h3>\n<h3><strong>Enlace al album de fotos de las bornas por n\u00famero<\/strong><\/h3>\n<p>&nbsp;<\/p>\n<p><a href=\"https:\/\/photos.app.goo.gl\/bAv71YtL3KTkYQpM8\" target=\"_blank\" rel=\"noopener noreferrer\"><img loading=\"lazy\" decoding=\"async\" class=\"aligncenter wp-image-14476 size-column4-2\/3\" src=\"https:\/\/www.carlosyconchita.net\/rutas\/wp-content\/uploads\/2020\/07\/Navarra-25-00006b-3-285x190.jpg\" alt=\"\" width=\"285\" height=\"190\" srcset=\"https:\/\/www.carlosyconchita.net\/rutas\/wp-content\/uploads\/2020\/07\/Navarra-25-00006b-3-285x190.jpg 285w, https:\/\/www.carlosyconchita.net\/rutas\/wp-content\/uploads\/2020\/07\/Navarra-25-00006b-3-272x182.jpg 272w, https:\/\/www.carlosyconchita.net\/rutas\/wp-content\/uploads\/2020\/07\/Navarra-25-00006b-3-570x380.jpg 570w, https:\/\/www.carlosyconchita.net\/rutas\/wp-content\/uploads\/2020\/07\/Navarra-25-00006b-3-380x254.jpg 380w\" sizes=\"auto, (max-width: 285px) 100vw, 285px\" \/><\/a><\/p>\n<p>&nbsp;<\/p>\n<hr \/>\n<p>&nbsp;<\/p>\n<h3><strong>Wikiloc<\/strong><\/h3>\n<p><a href=\"https:\/\/es.wikiloc.com\/rutas-senderismo\/frontera-mojones-fronterizos-065-y-066-52657871\" target=\"_blank\" rel=\"noopener noreferrer\"><img loading=\"lazy\" decoding=\"async\" class=\"size-full wp-image-958 aligncenter\" src=\"https:\/\/www.carlosyconchita.net\/rutas\/wp-content\/uploads\/2020\/09\/wikiloc.jpg\" alt=\"\" width=\"117\" height=\"34\" \/><\/a><\/p>\n<p>&nbsp;<\/p>\n<hr \/>\n<p>&nbsp;<\/p>\n<p style=\"text-align: justify;\"><span style=\"color: #ff0000; background-color: #ffffff; font-size: 14pt;\"><strong>Si te ha gustado, comp\u00e1rtelo en tu red favorita o env\u00edanos tu comentario.<br \/>\n<\/strong><\/span><\/p>\n<p style=\"text-align: justify;\"><span style=\"font-size: 14pt;\"><strong><span style=\"color: #ff0000;\">Muchas gracias !<\/span><\/strong><\/span><\/p>\n<hr \/>\n<p style=\"text-align: justify;\"><strong><span style=\"color: #008000;\">Suscribete si quieres recibir un mail cuando publiquemos nuevas rutas : no enviamos publicidad y como m\u00e1ximo enviamos 2 mails al mes<\/span><\/strong><\/p>\n<p style=\"text-align: center;\"><a href=\"https:\/\/mailchi.mp\/6989c83a3e24\/wmv06rtqcz\/\" target=\"_blank\" rel=\"noopener noreferrer\"><strong><span style=\"color: #0000ff;\">Pulsa aqu\u00ed para suscribirte<\/span><\/strong><\/a><\/p>\n<hr \/>\n<p style=\"text-align: justify;\">\u00a0<\/p>\n<h3 style=\"text-align: justify;\">Puedes imprimir esta publicaci\u00f3n o guardarla en diferentes formatos :<\/h3>\n<p style=\"text-align: justify;\"><span style=\"color: #ff0000; font-size: 14pt;\">Para facilitar la impresi\u00f3n, se ha reducido considerablemente el tama\u00f1o de las fotos, pero si deseas imprimir sin fotos, aconsejamos guardarlo como \u201cdoc\u201d, y antes de imprimirlo, eliminar las fotos<\/span><\/p>\n<p>&nbsp;<\/p>\n<hr \/>\n<p>&nbsp;<\/p>\n","protected":false},"excerpt":{"rendered":"<p>Tambi\u00e9n con la ayuda de Eef Berns, localizamos f\u00e1cilmente la 065 al pi\u00e9 de un camino, y la 066, con un muy complicado acceso despu\u00e9s de cruzar un r\u00edo 2 veces para poder verla.<\/p>\n","protected":false},"author":50,"featured_media":14488,"comment_status":"closed","ping_status":"open","sticky":false,"template":"","format":"standard","meta":{"footnotes":""},"categories":[21,10,11,74],"tags":[],"class_list":{"0":"post-14487","1":"post","2":"type-post","3":"status-publish","4":"format-standard","5":"has-post-thumbnail","6":"hentry","7":"category-hasta-5-km","8":"category-facil","9":"category-moderada","10":"category-0-mojones-bornas-frontera","12":"post-with-thumbnail","13":"post-with-thumbnail-icon"},"yoast_head":"<!-- This site is optimized with the Yoast SEO plugin v27.4 - https:\/\/yoast.com\/product\/yoast-seo-wordpress\/ -->\n<title>25-06-2020-Bornas 065 y 066 -<\/title>\n<meta name=\"robots\" content=\"index, follow, max-snippet:-1, max-image-preview:large, max-video-preview:-1\" \/>\n<link rel=\"canonical\" href=\"https:\/\/www.carlosyconchita.net\/rutas\/25-06-2020-bornas-065-y-066\/\" \/>\n<meta property=\"og:locale\" content=\"es_ES\" \/>\n<meta property=\"og:type\" content=\"article\" \/>\n<meta property=\"og:title\" content=\"25-06-2020-Bornas 065 y 066 -\" \/>\n<meta property=\"og:description\" content=\"Tambi\u00e9n con la ayuda de Eef Berns, localizamos f\u00e1cilmente la 065 al pi\u00e9 de un camino, y la 066, con un muy complicado acceso despu\u00e9s de cruzar un r\u00edo 2 veces para poder verla.\" \/>\n<meta property=\"og:url\" content=\"https:\/\/www.carlosyconchita.net\/rutas\/25-06-2020-bornas-065-y-066\/\" \/>\n<meta property=\"og:site_name\" content=\"Las rutas de Carlos y Conchita\" \/>\n<meta property=\"article:published_time\" content=\"2020-06-25T15:14:41+00:00\" \/>\n<meta property=\"article:modified_time\" content=\"2022-03-13T16:04:49+00:00\" \/>\n<meta property=\"og:image\" content=\"https:\/\/www.carlosyconchita.net\/rutas\/wp-content\/uploads\/2020\/07\/066-3.jpg\" \/>\n\t<meta property=\"og:image:width\" content=\"1024\" \/>\n\t<meta property=\"og:image:height\" content=\"682\" \/>\n\t<meta property=\"og:image:type\" content=\"image\/jpeg\" \/>\n<meta name=\"author\" content=\"Carlos Conchita\" \/>\n<meta name=\"twitter:label1\" content=\"Escrito por\" \/>\n\t<meta name=\"twitter:data1\" content=\"Carlos Conchita\" \/>\n\t<meta name=\"twitter:label2\" content=\"Tiempo de lectura\" \/>\n\t<meta name=\"twitter:data2\" content=\"3 minutos\" \/>\n<script type=\"application\/ld+json\" class=\"yoast-schema-graph\">{\"@context\":\"https:\\\/\\\/schema.org\",\"@graph\":[{\"@type\":\"Article\",\"@id\":\"https:\\\/\\\/www.carlosyconchita.net\\\/rutas\\\/25-06-2020-bornas-065-y-066\\\/#article\",\"isPartOf\":{\"@id\":\"https:\\\/\\\/www.carlosyconchita.net\\\/rutas\\\/25-06-2020-bornas-065-y-066\\\/\"},\"author\":{\"name\":\"Carlos Conchita\",\"@id\":\"https:\\\/\\\/www.carlosyconchita.net\\\/rutas\\\/#\\\/schema\\\/person\\\/a9691f7258c28443fab2d3aa1479ea19\"},\"headline\":\"25-06-2020-Bornas 065 y 066\",\"datePublished\":\"2020-06-25T15:14:41+00:00\",\"dateModified\":\"2022-03-13T16:04:49+00:00\",\"mainEntityOfPage\":{\"@id\":\"https:\\\/\\\/www.carlosyconchita.net\\\/rutas\\\/25-06-2020-bornas-065-y-066\\\/\"},\"wordCount\":533,\"image\":{\"@id\":\"https:\\\/\\\/www.carlosyconchita.net\\\/rutas\\\/25-06-2020-bornas-065-y-066\\\/#primaryimage\"},\"thumbnailUrl\":\"https:\\\/\\\/www.carlosyconchita.net\\\/rutas\\\/wp-content\\\/uploads\\\/2020\\\/07\\\/066-3.jpg\",\"articleSection\":[\"1 - Hasta 5 km.\",\"1-F\u00e1cil\",\"2-Moderada\",\"Mojones \\\/ Bornas frontera ES-FR\"],\"inLanguage\":\"es\"},{\"@type\":\"WebPage\",\"@id\":\"https:\\\/\\\/www.carlosyconchita.net\\\/rutas\\\/25-06-2020-bornas-065-y-066\\\/\",\"url\":\"https:\\\/\\\/www.carlosyconchita.net\\\/rutas\\\/25-06-2020-bornas-065-y-066\\\/\",\"name\":\"25-06-2020-Bornas 065 y 066 -\",\"isPartOf\":{\"@id\":\"https:\\\/\\\/www.carlosyconchita.net\\\/rutas\\\/#website\"},\"primaryImageOfPage\":{\"@id\":\"https:\\\/\\\/www.carlosyconchita.net\\\/rutas\\\/25-06-2020-bornas-065-y-066\\\/#primaryimage\"},\"image\":{\"@id\":\"https:\\\/\\\/www.carlosyconchita.net\\\/rutas\\\/25-06-2020-bornas-065-y-066\\\/#primaryimage\"},\"thumbnailUrl\":\"https:\\\/\\\/www.carlosyconchita.net\\\/rutas\\\/wp-content\\\/uploads\\\/2020\\\/07\\\/066-3.jpg\",\"datePublished\":\"2020-06-25T15:14:41+00:00\",\"dateModified\":\"2022-03-13T16:04:49+00:00\",\"author\":{\"@id\":\"https:\\\/\\\/www.carlosyconchita.net\\\/rutas\\\/#\\\/schema\\\/person\\\/a9691f7258c28443fab2d3aa1479ea19\"},\"breadcrumb\":{\"@id\":\"https:\\\/\\\/www.carlosyconchita.net\\\/rutas\\\/25-06-2020-bornas-065-y-066\\\/#breadcrumb\"},\"inLanguage\":\"es\",\"potentialAction\":[{\"@type\":\"ReadAction\",\"target\":[\"https:\\\/\\\/www.carlosyconchita.net\\\/rutas\\\/25-06-2020-bornas-065-y-066\\\/\"]}]},{\"@type\":\"ImageObject\",\"inLanguage\":\"es\",\"@id\":\"https:\\\/\\\/www.carlosyconchita.net\\\/rutas\\\/25-06-2020-bornas-065-y-066\\\/#primaryimage\",\"url\":\"https:\\\/\\\/www.carlosyconchita.net\\\/rutas\\\/wp-content\\\/uploads\\\/2020\\\/07\\\/066-3.jpg\",\"contentUrl\":\"https:\\\/\\\/www.carlosyconchita.net\\\/rutas\\\/wp-content\\\/uploads\\\/2020\\\/07\\\/066-3.jpg\",\"width\":1024,\"height\":682},{\"@type\":\"BreadcrumbList\",\"@id\":\"https:\\\/\\\/www.carlosyconchita.net\\\/rutas\\\/25-06-2020-bornas-065-y-066\\\/#breadcrumb\",\"itemListElement\":[{\"@type\":\"ListItem\",\"position\":1,\"name\":\"Portada\",\"item\":\"https:\\\/\\\/www.carlosyconchita.net\\\/rutas\\\/\"},{\"@type\":\"ListItem\",\"position\":2,\"name\":\"25-06-2020-Bornas 065 y 066\"}]},{\"@type\":\"WebSite\",\"@id\":\"https:\\\/\\\/www.carlosyconchita.net\\\/rutas\\\/#website\",\"url\":\"https:\\\/\\\/www.carlosyconchita.net\\\/rutas\\\/\",\"name\":\"Las rutas de Carlos y Conchita\",\"description\":\"\",\"potentialAction\":[{\"@type\":\"SearchAction\",\"target\":{\"@type\":\"EntryPoint\",\"urlTemplate\":\"https:\\\/\\\/www.carlosyconchita.net\\\/rutas\\\/?s={search_term_string}\"},\"query-input\":{\"@type\":\"PropertyValueSpecification\",\"valueRequired\":true,\"valueName\":\"search_term_string\"}}],\"inLanguage\":\"es\"},{\"@type\":\"Person\",\"@id\":\"https:\\\/\\\/www.carlosyconchita.net\\\/rutas\\\/#\\\/schema\\\/person\\\/a9691f7258c28443fab2d3aa1479ea19\",\"name\":\"Carlos Conchita\",\"image\":{\"@type\":\"ImageObject\",\"inLanguage\":\"es\",\"@id\":\"https:\\\/\\\/secure.gravatar.com\\\/avatar\\\/3a4625b20c8da3de99da69bfe7a322774e291c3f90dce7e8778a30fe6748ed1a?s=96&d=mm&r=g\",\"url\":\"https:\\\/\\\/secure.gravatar.com\\\/avatar\\\/3a4625b20c8da3de99da69bfe7a322774e291c3f90dce7e8778a30fe6748ed1a?s=96&d=mm&r=g\",\"contentUrl\":\"https:\\\/\\\/secure.gravatar.com\\\/avatar\\\/3a4625b20c8da3de99da69bfe7a322774e291c3f90dce7e8778a30fe6748ed1a?s=96&d=mm&r=g\",\"caption\":\"Carlos Conchita\"}}]}<\/script>\n<!-- \/ Yoast SEO plugin. -->","yoast_head_json":{"title":"25-06-2020-Bornas 065 y 066 -","robots":{"index":"index","follow":"follow","max-snippet":"max-snippet:-1","max-image-preview":"max-image-preview:large","max-video-preview":"max-video-preview:-1"},"canonical":"https:\/\/www.carlosyconchita.net\/rutas\/25-06-2020-bornas-065-y-066\/","og_locale":"es_ES","og_type":"article","og_title":"25-06-2020-Bornas 065 y 066 -","og_description":"Tambi\u00e9n con la ayuda de Eef Berns, localizamos f\u00e1cilmente la 065 al pi\u00e9 de un camino, y la 066, con un muy complicado acceso despu\u00e9s de cruzar un r\u00edo 2 veces para poder verla.","og_url":"https:\/\/www.carlosyconchita.net\/rutas\/25-06-2020-bornas-065-y-066\/","og_site_name":"Las rutas de Carlos y Conchita","article_published_time":"2020-06-25T15:14:41+00:00","article_modified_time":"2022-03-13T16:04:49+00:00","og_image":[{"width":1024,"height":682,"url":"https:\/\/www.carlosyconchita.net\/rutas\/wp-content\/uploads\/2020\/07\/066-3.jpg","type":"image\/jpeg"}],"author":"Carlos Conchita","twitter_misc":{"Escrito por":"Carlos Conchita","Tiempo de lectura":"3 minutos"},"schema":{"@context":"https:\/\/schema.org","@graph":[{"@type":"Article","@id":"https:\/\/www.carlosyconchita.net\/rutas\/25-06-2020-bornas-065-y-066\/#article","isPartOf":{"@id":"https:\/\/www.carlosyconchita.net\/rutas\/25-06-2020-bornas-065-y-066\/"},"author":{"name":"Carlos Conchita","@id":"https:\/\/www.carlosyconchita.net\/rutas\/#\/schema\/person\/a9691f7258c28443fab2d3aa1479ea19"},"headline":"25-06-2020-Bornas 065 y 066","datePublished":"2020-06-25T15:14:41+00:00","dateModified":"2022-03-13T16:04:49+00:00","mainEntityOfPage":{"@id":"https:\/\/www.carlosyconchita.net\/rutas\/25-06-2020-bornas-065-y-066\/"},"wordCount":533,"image":{"@id":"https:\/\/www.carlosyconchita.net\/rutas\/25-06-2020-bornas-065-y-066\/#primaryimage"},"thumbnailUrl":"https:\/\/www.carlosyconchita.net\/rutas\/wp-content\/uploads\/2020\/07\/066-3.jpg","articleSection":["1 - Hasta 5 km.","1-F\u00e1cil","2-Moderada","Mojones \/ Bornas frontera ES-FR"],"inLanguage":"es"},{"@type":"WebPage","@id":"https:\/\/www.carlosyconchita.net\/rutas\/25-06-2020-bornas-065-y-066\/","url":"https:\/\/www.carlosyconchita.net\/rutas\/25-06-2020-bornas-065-y-066\/","name":"25-06-2020-Bornas 065 y 066 -","isPartOf":{"@id":"https:\/\/www.carlosyconchita.net\/rutas\/#website"},"primaryImageOfPage":{"@id":"https:\/\/www.carlosyconchita.net\/rutas\/25-06-2020-bornas-065-y-066\/#primaryimage"},"image":{"@id":"https:\/\/www.carlosyconchita.net\/rutas\/25-06-2020-bornas-065-y-066\/#primaryimage"},"thumbnailUrl":"https:\/\/www.carlosyconchita.net\/rutas\/wp-content\/uploads\/2020\/07\/066-3.jpg","datePublished":"2020-06-25T15:14:41+00:00","dateModified":"2022-03-13T16:04:49+00:00","author":{"@id":"https:\/\/www.carlosyconchita.net\/rutas\/#\/schema\/person\/a9691f7258c28443fab2d3aa1479ea19"},"breadcrumb":{"@id":"https:\/\/www.carlosyconchita.net\/rutas\/25-06-2020-bornas-065-y-066\/#breadcrumb"},"inLanguage":"es","potentialAction":[{"@type":"ReadAction","target":["https:\/\/www.carlosyconchita.net\/rutas\/25-06-2020-bornas-065-y-066\/"]}]},{"@type":"ImageObject","inLanguage":"es","@id":"https:\/\/www.carlosyconchita.net\/rutas\/25-06-2020-bornas-065-y-066\/#primaryimage","url":"https:\/\/www.carlosyconchita.net\/rutas\/wp-content\/uploads\/2020\/07\/066-3.jpg","contentUrl":"https:\/\/www.carlosyconchita.net\/rutas\/wp-content\/uploads\/2020\/07\/066-3.jpg","width":1024,"height":682},{"@type":"BreadcrumbList","@id":"https:\/\/www.carlosyconchita.net\/rutas\/25-06-2020-bornas-065-y-066\/#breadcrumb","itemListElement":[{"@type":"ListItem","position":1,"name":"Portada","item":"https:\/\/www.carlosyconchita.net\/rutas\/"},{"@type":"ListItem","position":2,"name":"25-06-2020-Bornas 065 y 066"}]},{"@type":"WebSite","@id":"https:\/\/www.carlosyconchita.net\/rutas\/#website","url":"https:\/\/www.carlosyconchita.net\/rutas\/","name":"Las rutas de Carlos y Conchita","description":"","potentialAction":[{"@type":"SearchAction","target":{"@type":"EntryPoint","urlTemplate":"https:\/\/www.carlosyconchita.net\/rutas\/?s={search_term_string}"},"query-input":{"@type":"PropertyValueSpecification","valueRequired":true,"valueName":"search_term_string"}}],"inLanguage":"es"},{"@type":"Person","@id":"https:\/\/www.carlosyconchita.net\/rutas\/#\/schema\/person\/a9691f7258c28443fab2d3aa1479ea19","name":"Carlos Conchita","image":{"@type":"ImageObject","inLanguage":"es","@id":"https:\/\/secure.gravatar.com\/avatar\/3a4625b20c8da3de99da69bfe7a322774e291c3f90dce7e8778a30fe6748ed1a?s=96&d=mm&r=g","url":"https:\/\/secure.gravatar.com\/avatar\/3a4625b20c8da3de99da69bfe7a322774e291c3f90dce7e8778a30fe6748ed1a?s=96&d=mm&r=g","contentUrl":"https:\/\/secure.gravatar.com\/avatar\/3a4625b20c8da3de99da69bfe7a322774e291c3f90dce7e8778a30fe6748ed1a?s=96&d=mm&r=g","caption":"Carlos Conchita"}}]}},"_links":{"self":[{"href":"https:\/\/www.carlosyconchita.net\/rutas\/wp-json\/wp\/v2\/posts\/14487","targetHints":{"allow":["GET"]}}],"collection":[{"href":"https:\/\/www.carlosyconchita.net\/rutas\/wp-json\/wp\/v2\/posts"}],"about":[{"href":"https:\/\/www.carlosyconchita.net\/rutas\/wp-json\/wp\/v2\/types\/post"}],"author":[{"embeddable":true,"href":"https:\/\/www.carlosyconchita.net\/rutas\/wp-json\/wp\/v2\/users\/50"}],"replies":[{"embeddable":true,"href":"https:\/\/www.carlosyconchita.net\/rutas\/wp-json\/wp\/v2\/comments?post=14487"}],"version-history":[{"count":0,"href":"https:\/\/www.carlosyconchita.net\/rutas\/wp-json\/wp\/v2\/posts\/14487\/revisions"}],"wp:featuredmedia":[{"embeddable":true,"href":"https:\/\/www.carlosyconchita.net\/rutas\/wp-json\/wp\/v2\/media\/14488"}],"wp:attachment":[{"href":"https:\/\/www.carlosyconchita.net\/rutas\/wp-json\/wp\/v2\/media?parent=14487"}],"wp:term":[{"taxonomy":"category","embeddable":true,"href":"https:\/\/www.carlosyconchita.net\/rutas\/wp-json\/wp\/v2\/categories?post=14487"},{"taxonomy":"post_tag","embeddable":true,"href":"https:\/\/www.carlosyconchita.net\/rutas\/wp-json\/wp\/v2\/tags?post=14487"}],"curies":[{"name":"wp","href":"https:\/\/api.w.org\/{rel}","templated":true}]}}