{"id":14563,"date":"2020-06-27T17:45:50","date_gmt":"2020-06-27T16:45:50","guid":{"rendered":"https:\/\/www.carlosyconchita.net\/rutas\/?p=14563"},"modified":"2022-03-13T16:59:16","modified_gmt":"2022-03-13T15:59:16","slug":"27-06-2020-bornas-039-049-col-de-lizarrieta","status":"publish","type":"post","link":"https:\/\/www.carlosyconchita.net\/rutas\/27-06-2020-bornas-039-049-col-de-lizarrieta\/","title":{"rendered":"27-06-2020-Bornas 039-049 (Col de Lizarrieta-Pico Ibantelli)"},"content":{"rendered":"<p>Hoy volvemos al Col de Lizarrieta, para hacer la ruta que ayer no pudimos hacer por culpa de la niebla y mal tiempo.<\/p>\n<p>El recorrido no es dif\u00edcil, pero la consideramos como moderada por el fuerte calor que ha hecho, y por las varias colinas que hemos tenido que subir y bajar, que\u00a0 no son muy altas, pero que al final cansan un poco,\u00a0 pero los paisajes compensan todo el esfuerzo.<\/p>\n<p>Como se puede ver en el album de fotos, dejamos el coche al lado de una de las ventas que hay all\u00ed, junto a la borna 044 que fotografiamos ayer con niebla.<\/p>\n<p>El recorrido que hemos hecho es :<\/p>\n<p style=\"text-align: justify;\">Primero\u00a0 subimos\u00a0 en direcci\u00f3n a las bornas 043, 042, 039, 040, desde all\u00ed nos animamos a subir al Pico de Ibanteli (era bastante temprano y todav\u00eda no hac\u00eda demasiado calor), y empezamos a bajar hacia el Col , pasando por la borna 041.<br \/>\nEn el Col, pasamos por el coche para rellenar las cantimploras de agua, y empezamos a subir por el otro lado, localizando al cabo de unos pocos metros las primeras \u00absub-bornas\u00bb\u00a0 044\u00a0 (hay desde la 044-A a la 044-L), muy peque\u00f1as y rotas, pero debido al fuerte calor que ya est\u00e1 haciendo y a que estas mini-bornas est\u00e1n muy cerca del Col, decidimos dejarlas para el final, y avanzamos para llegar\u00a0 a las bornas 045, 046, 047, 048 y 049, con varias subidas a peque\u00f1as colinas que hacen que nos cansemos bastante y sudemos todav\u00eda m\u00e1s.<\/p>\n<p style=\"text-align: justify;\">Como curiosidad, hacemos notar que la borna 044-L fu\u00e9 recolocada por Eef Berns el pasado dia 23, seg\u00fan podemos ver en su blog , en donde explica\u00a0 esta peque\u00f1a \u201creparaci\u00f3n\u201d efectuada y otra en las placas que hay en el suelo en el mismo Col de Lizarrieta\u00a0\u00a0 :\u00a0\u00a0<strong><span style=\"color: #0000ff;\">\u00a0\u00a0\u00a0\u00a0 <a style=\"color: #0000ff;\" href=\"http:\/\/blog.grpdesbf.nl\/?p=899\" target=\"_blank\" rel=\"noopener noreferrer\">Ver publicaci\u00f3n de Eef<\/a><\/span><\/strong><\/p>\n<p style=\"text-align: justify;\">Desde una de las colinas, (ver album de fotos), podemos ver una especie de rotonda de caminos, en donde est\u00e1 la 050, pero no bajamos hasta ella, porque ma\u00f1ana tenemos previsto llegar hasta all\u00ed (se puede ir con el coche), para empezar la caminata y\u00a0 localizar las 051 a 057.<\/p>\n<p style=\"text-align: justify;\">Despu\u00e9s de la 049, volvemos ya en direcci\u00f3n al punto de partida, pasando en alg\u00fan tramo por el camino transitable en coche que va hasta la 050, para evitar subir y bajar por alguna colina, pero en la \u00faltima, antes de llegar al Coll de Lizarrieta, hemos de subir y despu\u00e9s bajar, para localizar las \u00abmini-bornas\u00bb que hab\u00edamos dejado pendientes a la ida.<\/p>\n<hr \/>\n<p style=\"text-align: justify;\">\u00a0<\/p>\n<h3><strong>Album de fotos<\/strong><\/h3>\n<p><a href=\"https:\/\/photos.app.goo.gl\/Bu2ae2xktaGfTxkF9\" target=\"_blank\" rel=\"noopener noreferrer\"><img loading=\"lazy\" decoding=\"async\" class=\"aligncenter wp-image-14564 size-column4-2\/3\" src=\"https:\/\/www.carlosyconchita.net\/rutas\/wp-content\/uploads\/2020\/07\/Navarra-27-00015-4-285x190.jpg\" alt=\"\" width=\"285\" height=\"190\" srcset=\"https:\/\/www.carlosyconchita.net\/rutas\/wp-content\/uploads\/2020\/07\/Navarra-27-00015-4-285x190.jpg 285w, https:\/\/www.carlosyconchita.net\/rutas\/wp-content\/uploads\/2020\/07\/Navarra-27-00015-4-272x182.jpg 272w, https:\/\/www.carlosyconchita.net\/rutas\/wp-content\/uploads\/2020\/07\/Navarra-27-00015-4-570x380.jpg 570w, https:\/\/www.carlosyconchita.net\/rutas\/wp-content\/uploads\/2020\/07\/Navarra-27-00015-4-380x254.jpg 380w\" sizes=\"auto, (max-width: 285px) 100vw, 285px\" \/><\/a><\/p>\n<hr \/>\n<p><strong>Dificultad<\/strong> :\u00a0\u00a0\u00a0 Moderada<\/p>\n<p><strong>Distancia total<\/strong> :\u00a0\u00a0\u00a0 8.810<span class=\"totlen\"><span class=\"summaryvalue\">m<\/span><\/span><\/p>\n<p><strong>Alturas m\u00ednima \/ m\u00e1xima<\/strong> :\u00a0\u00a0 \u00a0\u00a0 439 m.\u00a0 \/\u00a0 691 m.<\/p>\n<p><strong>Desnivel acumulado (s\/Wikiloc)<\/strong>\u00a0 :\u00a0\u00a0\u00a0 456 m.<\/p>\n<p><strong>Tiempo total \/ en movimiento<\/strong> :\u00a0\u00a0\u00a0\u00a0\u00a0 &#8212;<\/p>\n<p><strong>Velocidad media total \/ velocidad media movimiento<\/strong> :\u00a0\u00a0\u00a0 &#8212;<\/p>\n<hr \/>\n<h3>\u00a0<\/h3>\n<h3><strong>Mapa y track de la ruta<\/strong><\/h3>\n<p style=\"text-align: center;\"><strong><span style=\"color: #0000ff;\"><a style=\"color: #0000ff;\" href=\"https:\/\/www.carlosyconchita.net\/rutas\/wp-content\/uploads\/gpx\/Bornas-039-049.html\" target=\"_blank\" rel=\"noopener noreferrer\"><img loading=\"lazy\" decoding=\"async\" class=\"size-full wp-image-14621 aligncenter\" src=\"https:\/\/www.carlosyconchita.net\/rutas\/wp-content\/uploads\/2020\/06\/mapa.jpg\" alt=\"\" width=\"181\" height=\"122\" \/><\/a><\/span><\/strong><\/p>\n<p>&nbsp;<\/p>\n<p>&nbsp;<\/p>\n<hr \/>\n<p>&nbsp;<\/p>\n<p style=\"text-align: justify;\"><span style=\"color: #ff0000; background-color: #ffffff; font-size: 14pt;\"><strong>Si te ha gustado, comp\u00e1rtelo en tu red favorita o env\u00edanos tu comentario.<br \/>\n<\/strong><\/span><\/p>\n<p style=\"text-align: justify;\"><span style=\"font-size: 14pt;\"><strong><span style=\"color: #ff0000;\">Muchas gracias !<\/span><\/strong><\/span><\/p>\n<hr \/>\n<p style=\"text-align: justify;\"><strong><span style=\"color: #008000;\">Suscribete si quieres recibir un mail cuando publiquemos nuevas rutas : no enviamos publicidad y como m\u00e1ximo enviamos 2 mails al mes<\/span><\/strong><\/p>\n<p style=\"text-align: center;\"><a href=\"https:\/\/mailchi.mp\/6989c83a3e24\/wmv06rtqcz\/\" target=\"_blank\" rel=\"noopener noreferrer\"><strong><span style=\"color: #0000ff;\">Pulsa aqu\u00ed para suscribirte<\/span><\/strong><\/a><\/p>\n<hr \/>\n<p style=\"text-align: justify;\">\u00a0<\/p>\n<h3 style=\"text-align: justify;\">Puedes imprimir esta publicaci\u00f3n o guardarla en diferentes formatos :<\/h3>\n<p style=\"text-align: justify;\"><span style=\"color: #ff0000; font-size: 14pt;\">Para facilitar la impresi\u00f3n, se ha reducido considerablemente el tama\u00f1o de las fotos, pero si deseas imprimir sin fotos, aconsejamos guardarlo como \u201cdoc\u201d, y antes de imprimirlo, eliminar las fotos<\/span><\/p>\n<p>&nbsp;<\/p>\n<hr \/>\n<p>&nbsp;<\/p>\n","protected":false},"excerpt":{"rendered":"<p>Caminata algo dura por el fuerte calor, con unos bonitos paisajes, para ver estas bornas, asi como las \u00abmini-bornas\u00bb 044-A hasta la 044-L.<\/p>\n","protected":false},"author":50,"featured_media":14564,"comment_status":"closed","ping_status":"open","sticky":false,"template":"","format":"standard","meta":{"footnotes":""},"categories":[106,22,11,74],"tags":[],"class_list":{"0":"post-14563","1":"post","2":"type-post","3":"status-publish","4":"format-standard","5":"has-post-thumbnail","6":"hentry","7":"category-nuestros-100-cims","8":"category-de-05-a-10-km","9":"category-moderada","10":"category-0-mojones-bornas-frontera","12":"post-with-thumbnail","13":"post-with-thumbnail-icon"},"yoast_head":"<!-- This site is optimized with the Yoast SEO plugin v27.4 - https:\/\/yoast.com\/product\/yoast-seo-wordpress\/ -->\n<title>27-06-2020-Bornas 039-049 (Col de Lizarrieta-Pico Ibantelli) -<\/title>\n<meta name=\"robots\" content=\"index, follow, max-snippet:-1, max-image-preview:large, max-video-preview:-1\" \/>\n<link rel=\"canonical\" href=\"https:\/\/www.carlosyconchita.net\/rutas\/27-06-2020-bornas-039-049-col-de-lizarrieta\/\" \/>\n<meta property=\"og:locale\" content=\"es_ES\" \/>\n<meta property=\"og:type\" content=\"article\" \/>\n<meta property=\"og:title\" content=\"27-06-2020-Bornas 039-049 (Col de Lizarrieta-Pico Ibantelli) -\" \/>\n<meta property=\"og:description\" content=\"Caminata algo dura por el fuerte calor, con unos bonitos paisajes, para ver estas bornas, asi como las &quot;mini-bornas&quot; 044-A hasta la 044-L.\" \/>\n<meta property=\"og:url\" content=\"https:\/\/www.carlosyconchita.net\/rutas\/27-06-2020-bornas-039-049-col-de-lizarrieta\/\" \/>\n<meta property=\"og:site_name\" content=\"Las rutas de Carlos y Conchita\" \/>\n<meta property=\"article:published_time\" content=\"2020-06-27T16:45:50+00:00\" \/>\n<meta property=\"article:modified_time\" content=\"2022-03-13T15:59:16+00:00\" \/>\n<meta property=\"og:image\" content=\"https:\/\/www.carlosyconchita.net\/rutas\/wp-content\/uploads\/2020\/07\/Navarra-27-00015-4.jpg\" \/>\n\t<meta property=\"og:image:width\" content=\"1024\" \/>\n\t<meta property=\"og:image:height\" content=\"760\" \/>\n\t<meta property=\"og:image:type\" content=\"image\/jpeg\" \/>\n<meta name=\"author\" content=\"Carlos Conchita\" \/>\n<meta name=\"twitter:label1\" content=\"Escrito por\" \/>\n\t<meta name=\"twitter:data1\" content=\"Carlos Conchita\" \/>\n\t<meta name=\"twitter:label2\" content=\"Tiempo de lectura\" \/>\n\t<meta name=\"twitter:data2\" content=\"3 minutos\" \/>\n<script type=\"application\/ld+json\" class=\"yoast-schema-graph\">{\"@context\":\"https:\\\/\\\/schema.org\",\"@graph\":[{\"@type\":\"Article\",\"@id\":\"https:\\\/\\\/www.carlosyconchita.net\\\/rutas\\\/27-06-2020-bornas-039-049-col-de-lizarrieta\\\/#article\",\"isPartOf\":{\"@id\":\"https:\\\/\\\/www.carlosyconchita.net\\\/rutas\\\/27-06-2020-bornas-039-049-col-de-lizarrieta\\\/\"},\"author\":{\"name\":\"Carlos Conchita\",\"@id\":\"https:\\\/\\\/www.carlosyconchita.net\\\/rutas\\\/#\\\/schema\\\/person\\\/a9691f7258c28443fab2d3aa1479ea19\"},\"headline\":\"27-06-2020-Bornas 039-049 (Col de Lizarrieta-Pico Ibantelli)\",\"datePublished\":\"2020-06-27T16:45:50+00:00\",\"dateModified\":\"2022-03-13T15:59:16+00:00\",\"mainEntityOfPage\":{\"@id\":\"https:\\\/\\\/www.carlosyconchita.net\\\/rutas\\\/27-06-2020-bornas-039-049-col-de-lizarrieta\\\/\"},\"wordCount\":546,\"image\":{\"@id\":\"https:\\\/\\\/www.carlosyconchita.net\\\/rutas\\\/27-06-2020-bornas-039-049-col-de-lizarrieta\\\/#primaryimage\"},\"thumbnailUrl\":\"https:\\\/\\\/www.carlosyconchita.net\\\/rutas\\\/wp-content\\\/uploads\\\/2020\\\/07\\\/Navarra-27-00015-4.jpg\",\"articleSection\":[\"100 Cims Carlos y Conchita\",\"2 - De 5 a 10 km.\",\"2-Moderada\",\"Mojones \\\/ Bornas frontera ES-FR\"],\"inLanguage\":\"es\"},{\"@type\":\"WebPage\",\"@id\":\"https:\\\/\\\/www.carlosyconchita.net\\\/rutas\\\/27-06-2020-bornas-039-049-col-de-lizarrieta\\\/\",\"url\":\"https:\\\/\\\/www.carlosyconchita.net\\\/rutas\\\/27-06-2020-bornas-039-049-col-de-lizarrieta\\\/\",\"name\":\"27-06-2020-Bornas 039-049 (Col de Lizarrieta-Pico Ibantelli) -\",\"isPartOf\":{\"@id\":\"https:\\\/\\\/www.carlosyconchita.net\\\/rutas\\\/#website\"},\"primaryImageOfPage\":{\"@id\":\"https:\\\/\\\/www.carlosyconchita.net\\\/rutas\\\/27-06-2020-bornas-039-049-col-de-lizarrieta\\\/#primaryimage\"},\"image\":{\"@id\":\"https:\\\/\\\/www.carlosyconchita.net\\\/rutas\\\/27-06-2020-bornas-039-049-col-de-lizarrieta\\\/#primaryimage\"},\"thumbnailUrl\":\"https:\\\/\\\/www.carlosyconchita.net\\\/rutas\\\/wp-content\\\/uploads\\\/2020\\\/07\\\/Navarra-27-00015-4.jpg\",\"datePublished\":\"2020-06-27T16:45:50+00:00\",\"dateModified\":\"2022-03-13T15:59:16+00:00\",\"author\":{\"@id\":\"https:\\\/\\\/www.carlosyconchita.net\\\/rutas\\\/#\\\/schema\\\/person\\\/a9691f7258c28443fab2d3aa1479ea19\"},\"breadcrumb\":{\"@id\":\"https:\\\/\\\/www.carlosyconchita.net\\\/rutas\\\/27-06-2020-bornas-039-049-col-de-lizarrieta\\\/#breadcrumb\"},\"inLanguage\":\"es\",\"potentialAction\":[{\"@type\":\"ReadAction\",\"target\":[\"https:\\\/\\\/www.carlosyconchita.net\\\/rutas\\\/27-06-2020-bornas-039-049-col-de-lizarrieta\\\/\"]}]},{\"@type\":\"ImageObject\",\"inLanguage\":\"es\",\"@id\":\"https:\\\/\\\/www.carlosyconchita.net\\\/rutas\\\/27-06-2020-bornas-039-049-col-de-lizarrieta\\\/#primaryimage\",\"url\":\"https:\\\/\\\/www.carlosyconchita.net\\\/rutas\\\/wp-content\\\/uploads\\\/2020\\\/07\\\/Navarra-27-00015-4.jpg\",\"contentUrl\":\"https:\\\/\\\/www.carlosyconchita.net\\\/rutas\\\/wp-content\\\/uploads\\\/2020\\\/07\\\/Navarra-27-00015-4.jpg\",\"width\":1024,\"height\":760},{\"@type\":\"BreadcrumbList\",\"@id\":\"https:\\\/\\\/www.carlosyconchita.net\\\/rutas\\\/27-06-2020-bornas-039-049-col-de-lizarrieta\\\/#breadcrumb\",\"itemListElement\":[{\"@type\":\"ListItem\",\"position\":1,\"name\":\"Portada\",\"item\":\"https:\\\/\\\/www.carlosyconchita.net\\\/rutas\\\/\"},{\"@type\":\"ListItem\",\"position\":2,\"name\":\"27-06-2020-Bornas 039-049 (Col de Lizarrieta-Pico Ibantelli)\"}]},{\"@type\":\"WebSite\",\"@id\":\"https:\\\/\\\/www.carlosyconchita.net\\\/rutas\\\/#website\",\"url\":\"https:\\\/\\\/www.carlosyconchita.net\\\/rutas\\\/\",\"name\":\"Las rutas de Carlos y Conchita\",\"description\":\"\",\"potentialAction\":[{\"@type\":\"SearchAction\",\"target\":{\"@type\":\"EntryPoint\",\"urlTemplate\":\"https:\\\/\\\/www.carlosyconchita.net\\\/rutas\\\/?s={search_term_string}\"},\"query-input\":{\"@type\":\"PropertyValueSpecification\",\"valueRequired\":true,\"valueName\":\"search_term_string\"}}],\"inLanguage\":\"es\"},{\"@type\":\"Person\",\"@id\":\"https:\\\/\\\/www.carlosyconchita.net\\\/rutas\\\/#\\\/schema\\\/person\\\/a9691f7258c28443fab2d3aa1479ea19\",\"name\":\"Carlos Conchita\",\"image\":{\"@type\":\"ImageObject\",\"inLanguage\":\"es\",\"@id\":\"https:\\\/\\\/secure.gravatar.com\\\/avatar\\\/3a4625b20c8da3de99da69bfe7a322774e291c3f90dce7e8778a30fe6748ed1a?s=96&d=mm&r=g\",\"url\":\"https:\\\/\\\/secure.gravatar.com\\\/avatar\\\/3a4625b20c8da3de99da69bfe7a322774e291c3f90dce7e8778a30fe6748ed1a?s=96&d=mm&r=g\",\"contentUrl\":\"https:\\\/\\\/secure.gravatar.com\\\/avatar\\\/3a4625b20c8da3de99da69bfe7a322774e291c3f90dce7e8778a30fe6748ed1a?s=96&d=mm&r=g\",\"caption\":\"Carlos Conchita\"}}]}<\/script>\n<!-- \/ Yoast SEO plugin. -->","yoast_head_json":{"title":"27-06-2020-Bornas 039-049 (Col de Lizarrieta-Pico Ibantelli) -","robots":{"index":"index","follow":"follow","max-snippet":"max-snippet:-1","max-image-preview":"max-image-preview:large","max-video-preview":"max-video-preview:-1"},"canonical":"https:\/\/www.carlosyconchita.net\/rutas\/27-06-2020-bornas-039-049-col-de-lizarrieta\/","og_locale":"es_ES","og_type":"article","og_title":"27-06-2020-Bornas 039-049 (Col de Lizarrieta-Pico Ibantelli) -","og_description":"Caminata algo dura por el fuerte calor, con unos bonitos paisajes, para ver estas bornas, asi como las \"mini-bornas\" 044-A hasta la 044-L.","og_url":"https:\/\/www.carlosyconchita.net\/rutas\/27-06-2020-bornas-039-049-col-de-lizarrieta\/","og_site_name":"Las rutas de Carlos y Conchita","article_published_time":"2020-06-27T16:45:50+00:00","article_modified_time":"2022-03-13T15:59:16+00:00","og_image":[{"width":1024,"height":760,"url":"https:\/\/www.carlosyconchita.net\/rutas\/wp-content\/uploads\/2020\/07\/Navarra-27-00015-4.jpg","type":"image\/jpeg"}],"author":"Carlos Conchita","twitter_misc":{"Escrito por":"Carlos Conchita","Tiempo de lectura":"3 minutos"},"schema":{"@context":"https:\/\/schema.org","@graph":[{"@type":"Article","@id":"https:\/\/www.carlosyconchita.net\/rutas\/27-06-2020-bornas-039-049-col-de-lizarrieta\/#article","isPartOf":{"@id":"https:\/\/www.carlosyconchita.net\/rutas\/27-06-2020-bornas-039-049-col-de-lizarrieta\/"},"author":{"name":"Carlos Conchita","@id":"https:\/\/www.carlosyconchita.net\/rutas\/#\/schema\/person\/a9691f7258c28443fab2d3aa1479ea19"},"headline":"27-06-2020-Bornas 039-049 (Col de Lizarrieta-Pico Ibantelli)","datePublished":"2020-06-27T16:45:50+00:00","dateModified":"2022-03-13T15:59:16+00:00","mainEntityOfPage":{"@id":"https:\/\/www.carlosyconchita.net\/rutas\/27-06-2020-bornas-039-049-col-de-lizarrieta\/"},"wordCount":546,"image":{"@id":"https:\/\/www.carlosyconchita.net\/rutas\/27-06-2020-bornas-039-049-col-de-lizarrieta\/#primaryimage"},"thumbnailUrl":"https:\/\/www.carlosyconchita.net\/rutas\/wp-content\/uploads\/2020\/07\/Navarra-27-00015-4.jpg","articleSection":["100 Cims Carlos y Conchita","2 - De 5 a 10 km.","2-Moderada","Mojones \/ Bornas frontera ES-FR"],"inLanguage":"es"},{"@type":"WebPage","@id":"https:\/\/www.carlosyconchita.net\/rutas\/27-06-2020-bornas-039-049-col-de-lizarrieta\/","url":"https:\/\/www.carlosyconchita.net\/rutas\/27-06-2020-bornas-039-049-col-de-lizarrieta\/","name":"27-06-2020-Bornas 039-049 (Col de Lizarrieta-Pico Ibantelli) -","isPartOf":{"@id":"https:\/\/www.carlosyconchita.net\/rutas\/#website"},"primaryImageOfPage":{"@id":"https:\/\/www.carlosyconchita.net\/rutas\/27-06-2020-bornas-039-049-col-de-lizarrieta\/#primaryimage"},"image":{"@id":"https:\/\/www.carlosyconchita.net\/rutas\/27-06-2020-bornas-039-049-col-de-lizarrieta\/#primaryimage"},"thumbnailUrl":"https:\/\/www.carlosyconchita.net\/rutas\/wp-content\/uploads\/2020\/07\/Navarra-27-00015-4.jpg","datePublished":"2020-06-27T16:45:50+00:00","dateModified":"2022-03-13T15:59:16+00:00","author":{"@id":"https:\/\/www.carlosyconchita.net\/rutas\/#\/schema\/person\/a9691f7258c28443fab2d3aa1479ea19"},"breadcrumb":{"@id":"https:\/\/www.carlosyconchita.net\/rutas\/27-06-2020-bornas-039-049-col-de-lizarrieta\/#breadcrumb"},"inLanguage":"es","potentialAction":[{"@type":"ReadAction","target":["https:\/\/www.carlosyconchita.net\/rutas\/27-06-2020-bornas-039-049-col-de-lizarrieta\/"]}]},{"@type":"ImageObject","inLanguage":"es","@id":"https:\/\/www.carlosyconchita.net\/rutas\/27-06-2020-bornas-039-049-col-de-lizarrieta\/#primaryimage","url":"https:\/\/www.carlosyconchita.net\/rutas\/wp-content\/uploads\/2020\/07\/Navarra-27-00015-4.jpg","contentUrl":"https:\/\/www.carlosyconchita.net\/rutas\/wp-content\/uploads\/2020\/07\/Navarra-27-00015-4.jpg","width":1024,"height":760},{"@type":"BreadcrumbList","@id":"https:\/\/www.carlosyconchita.net\/rutas\/27-06-2020-bornas-039-049-col-de-lizarrieta\/#breadcrumb","itemListElement":[{"@type":"ListItem","position":1,"name":"Portada","item":"https:\/\/www.carlosyconchita.net\/rutas\/"},{"@type":"ListItem","position":2,"name":"27-06-2020-Bornas 039-049 (Col de Lizarrieta-Pico Ibantelli)"}]},{"@type":"WebSite","@id":"https:\/\/www.carlosyconchita.net\/rutas\/#website","url":"https:\/\/www.carlosyconchita.net\/rutas\/","name":"Las rutas de Carlos y Conchita","description":"","potentialAction":[{"@type":"SearchAction","target":{"@type":"EntryPoint","urlTemplate":"https:\/\/www.carlosyconchita.net\/rutas\/?s={search_term_string}"},"query-input":{"@type":"PropertyValueSpecification","valueRequired":true,"valueName":"search_term_string"}}],"inLanguage":"es"},{"@type":"Person","@id":"https:\/\/www.carlosyconchita.net\/rutas\/#\/schema\/person\/a9691f7258c28443fab2d3aa1479ea19","name":"Carlos Conchita","image":{"@type":"ImageObject","inLanguage":"es","@id":"https:\/\/secure.gravatar.com\/avatar\/3a4625b20c8da3de99da69bfe7a322774e291c3f90dce7e8778a30fe6748ed1a?s=96&d=mm&r=g","url":"https:\/\/secure.gravatar.com\/avatar\/3a4625b20c8da3de99da69bfe7a322774e291c3f90dce7e8778a30fe6748ed1a?s=96&d=mm&r=g","contentUrl":"https:\/\/secure.gravatar.com\/avatar\/3a4625b20c8da3de99da69bfe7a322774e291c3f90dce7e8778a30fe6748ed1a?s=96&d=mm&r=g","caption":"Carlos Conchita"}}]}},"_links":{"self":[{"href":"https:\/\/www.carlosyconchita.net\/rutas\/wp-json\/wp\/v2\/posts\/14563","targetHints":{"allow":["GET"]}}],"collection":[{"href":"https:\/\/www.carlosyconchita.net\/rutas\/wp-json\/wp\/v2\/posts"}],"about":[{"href":"https:\/\/www.carlosyconchita.net\/rutas\/wp-json\/wp\/v2\/types\/post"}],"author":[{"embeddable":true,"href":"https:\/\/www.carlosyconchita.net\/rutas\/wp-json\/wp\/v2\/users\/50"}],"replies":[{"embeddable":true,"href":"https:\/\/www.carlosyconchita.net\/rutas\/wp-json\/wp\/v2\/comments?post=14563"}],"version-history":[{"count":0,"href":"https:\/\/www.carlosyconchita.net\/rutas\/wp-json\/wp\/v2\/posts\/14563\/revisions"}],"wp:featuredmedia":[{"embeddable":true,"href":"https:\/\/www.carlosyconchita.net\/rutas\/wp-json\/wp\/v2\/media\/14564"}],"wp:attachment":[{"href":"https:\/\/www.carlosyconchita.net\/rutas\/wp-json\/wp\/v2\/media?parent=14563"}],"wp:term":[{"taxonomy":"category","embeddable":true,"href":"https:\/\/www.carlosyconchita.net\/rutas\/wp-json\/wp\/v2\/categories?post=14563"},{"taxonomy":"post_tag","embeddable":true,"href":"https:\/\/www.carlosyconchita.net\/rutas\/wp-json\/wp\/v2\/tags?post=14563"}],"curies":[{"name":"wp","href":"https:\/\/api.w.org\/{rel}","templated":true}]}}