{"id":14681,"date":"2020-08-09T08:41:42","date_gmt":"2020-08-09T07:41:42","guid":{"rendered":"https:\/\/www.carlosyconchita.net\/rutas\/?p=14681"},"modified":"2020-08-26T08:49:09","modified_gmt":"2020-08-26T07:49:09","slug":"09-08-2020-hemos-fotografiado-el-50-de-las-bornas","status":"publish","type":"post","link":"https:\/\/www.carlosyconchita.net\/rutas\/09-08-2020-hemos-fotografiado-el-50-de-las-bornas\/","title":{"rendered":"09-08-2020-Hemos fotografiado el 50% de las bornas !"},"content":{"rendered":"<p style=\"text-align: justify;\">En el d\u00eda de hoy, hemos encontrado y fotografiado la borna o moj\u00f3n fronterizo n\u00famero 145, en Navarra, que hace el n\u00famero 301 de las que llevamos localizadas, o sea la mitad de las 602 existentes.<\/p>\n<p style=\"text-align: justify;\">Las contamos en base a los n\u00fameros grabados en ellas (de la 001 a la 602)\u00a0 y no por la cantidad total, ya que hay algunas como la 044 que tienen 14 \u201csub-bornas\u201d o la 501 que tiene 6 (entre otras \u2026)<\/p>\n<p style=\"text-align: justify;\">Ya quedan menos !<\/p>\n<p>&nbsp;<\/p>\n<p>Ver mapa de todas las bornas :\u00a0\u00a0\u00a0\u00a0\u00a0\u00a0\u00a0\u00a0\u00a0\u00a0\u00a0 <strong><span style=\"color: #0000ff;\"><a style=\"color: #0000ff;\" href=\"https:\/\/www.carlosyconchita.net\/rutas\/mapa-de-todas-las-bornas-localizadas\/\" target=\"_blank\" rel=\"noopener noreferrer\">Abrir enlace<\/a><\/span><\/strong><\/p>\n<p>&nbsp;<\/p>\n","protected":false},"excerpt":{"rendered":"<p>En el d\u00eda de hoy, hemos encontrado y fotografiado la borna o moj\u00f3n fronterizo n\u00famero 145, en Navarra, que hace el n\u00famero 301 de las que llevamos localizadas, o sea la mitad de las 602 existentes. Las contamos en base a los n\u00fameros grabados en ellas (de la 001 a la 602)\u00a0 y no por [&hellip;]<\/p>\n","protected":false},"author":50,"featured_media":14682,"comment_status":"closed","ping_status":"open","sticky":false,"template":"","format":"standard","meta":{"footnotes":""},"categories":[74],"tags":[],"class_list":{"0":"post-14681","1":"post","2":"type-post","3":"status-publish","4":"format-standard","5":"has-post-thumbnail","6":"hentry","7":"category-0-mojones-bornas-frontera","9":"post-with-thumbnail","10":"post-with-thumbnail-icon"},"yoast_head":"<!-- This site is optimized with the Yoast SEO plugin v27.4 - https:\/\/yoast.com\/product\/yoast-seo-wordpress\/ -->\n<title>09-08-2020-Hemos fotografiado el 50% de las bornas ! -<\/title>\n<meta name=\"robots\" content=\"index, follow, max-snippet:-1, max-image-preview:large, max-video-preview:-1\" \/>\n<link rel=\"canonical\" href=\"https:\/\/www.carlosyconchita.net\/rutas\/09-08-2020-hemos-fotografiado-el-50-de-las-bornas\/\" \/>\n<meta property=\"og:locale\" content=\"es_ES\" \/>\n<meta property=\"og:type\" content=\"article\" \/>\n<meta property=\"og:title\" content=\"09-08-2020-Hemos fotografiado el 50% de las bornas ! -\" \/>\n<meta property=\"og:description\" content=\"En el d\u00eda de hoy, hemos encontrado y fotografiado la borna o moj\u00f3n fronterizo n\u00famero 145, en Navarra, que hace el n\u00famero 301 de las que llevamos localizadas, o sea la mitad de las 602 existentes. Las contamos en base a los n\u00fameros grabados en ellas (de la 001 a la 602)\u00a0 y no por [&hellip;]\" \/>\n<meta property=\"og:url\" content=\"https:\/\/www.carlosyconchita.net\/rutas\/09-08-2020-hemos-fotografiado-el-50-de-las-bornas\/\" \/>\n<meta property=\"og:site_name\" content=\"Las rutas de Carlos y Conchita\" \/>\n<meta property=\"article:published_time\" content=\"2020-08-09T07:41:42+00:00\" \/>\n<meta property=\"article:modified_time\" content=\"2020-08-26T07:49:09+00:00\" \/>\n<meta property=\"og:image\" content=\"https:\/\/www.carlosyconchita.net\/rutas\/wp-content\/uploads\/2020\/08\/145-2.jpg\" \/>\n\t<meta property=\"og:image:width\" content=\"1024\" \/>\n\t<meta property=\"og:image:height\" content=\"576\" \/>\n\t<meta property=\"og:image:type\" content=\"image\/jpeg\" \/>\n<meta name=\"author\" content=\"Carlos Conchita\" \/>\n<meta name=\"twitter:label1\" content=\"Escrito por\" \/>\n\t<meta name=\"twitter:data1\" content=\"Carlos Conchita\" \/>\n<script type=\"application\/ld+json\" class=\"yoast-schema-graph\">{\"@context\":\"https:\\\/\\\/schema.org\",\"@graph\":[{\"@type\":\"Article\",\"@id\":\"https:\\\/\\\/www.carlosyconchita.net\\\/rutas\\\/09-08-2020-hemos-fotografiado-el-50-de-las-bornas\\\/#article\",\"isPartOf\":{\"@id\":\"https:\\\/\\\/www.carlosyconchita.net\\\/rutas\\\/09-08-2020-hemos-fotografiado-el-50-de-las-bornas\\\/\"},\"author\":{\"name\":\"Carlos Conchita\",\"@id\":\"https:\\\/\\\/www.carlosyconchita.net\\\/rutas\\\/#\\\/schema\\\/person\\\/a9691f7258c28443fab2d3aa1479ea19\"},\"headline\":\"09-08-2020-Hemos fotografiado el 50% de las bornas !\",\"datePublished\":\"2020-08-09T07:41:42+00:00\",\"dateModified\":\"2020-08-26T07:49:09+00:00\",\"mainEntityOfPage\":{\"@id\":\"https:\\\/\\\/www.carlosyconchita.net\\\/rutas\\\/09-08-2020-hemos-fotografiado-el-50-de-las-bornas\\\/\"},\"wordCount\":94,\"image\":{\"@id\":\"https:\\\/\\\/www.carlosyconchita.net\\\/rutas\\\/09-08-2020-hemos-fotografiado-el-50-de-las-bornas\\\/#primaryimage\"},\"thumbnailUrl\":\"https:\\\/\\\/www.carlosyconchita.net\\\/rutas\\\/wp-content\\\/uploads\\\/2020\\\/08\\\/145-2.jpg\",\"articleSection\":[\"Mojones \\\/ Bornas frontera ES-FR\"],\"inLanguage\":\"es\"},{\"@type\":\"WebPage\",\"@id\":\"https:\\\/\\\/www.carlosyconchita.net\\\/rutas\\\/09-08-2020-hemos-fotografiado-el-50-de-las-bornas\\\/\",\"url\":\"https:\\\/\\\/www.carlosyconchita.net\\\/rutas\\\/09-08-2020-hemos-fotografiado-el-50-de-las-bornas\\\/\",\"name\":\"09-08-2020-Hemos fotografiado el 50% de las bornas ! -\",\"isPartOf\":{\"@id\":\"https:\\\/\\\/www.carlosyconchita.net\\\/rutas\\\/#website\"},\"primaryImageOfPage\":{\"@id\":\"https:\\\/\\\/www.carlosyconchita.net\\\/rutas\\\/09-08-2020-hemos-fotografiado-el-50-de-las-bornas\\\/#primaryimage\"},\"image\":{\"@id\":\"https:\\\/\\\/www.carlosyconchita.net\\\/rutas\\\/09-08-2020-hemos-fotografiado-el-50-de-las-bornas\\\/#primaryimage\"},\"thumbnailUrl\":\"https:\\\/\\\/www.carlosyconchita.net\\\/rutas\\\/wp-content\\\/uploads\\\/2020\\\/08\\\/145-2.jpg\",\"datePublished\":\"2020-08-09T07:41:42+00:00\",\"dateModified\":\"2020-08-26T07:49:09+00:00\",\"author\":{\"@id\":\"https:\\\/\\\/www.carlosyconchita.net\\\/rutas\\\/#\\\/schema\\\/person\\\/a9691f7258c28443fab2d3aa1479ea19\"},\"breadcrumb\":{\"@id\":\"https:\\\/\\\/www.carlosyconchita.net\\\/rutas\\\/09-08-2020-hemos-fotografiado-el-50-de-las-bornas\\\/#breadcrumb\"},\"inLanguage\":\"es\",\"potentialAction\":[{\"@type\":\"ReadAction\",\"target\":[\"https:\\\/\\\/www.carlosyconchita.net\\\/rutas\\\/09-08-2020-hemos-fotografiado-el-50-de-las-bornas\\\/\"]}]},{\"@type\":\"ImageObject\",\"inLanguage\":\"es\",\"@id\":\"https:\\\/\\\/www.carlosyconchita.net\\\/rutas\\\/09-08-2020-hemos-fotografiado-el-50-de-las-bornas\\\/#primaryimage\",\"url\":\"https:\\\/\\\/www.carlosyconchita.net\\\/rutas\\\/wp-content\\\/uploads\\\/2020\\\/08\\\/145-2.jpg\",\"contentUrl\":\"https:\\\/\\\/www.carlosyconchita.net\\\/rutas\\\/wp-content\\\/uploads\\\/2020\\\/08\\\/145-2.jpg\",\"width\":1024,\"height\":576},{\"@type\":\"BreadcrumbList\",\"@id\":\"https:\\\/\\\/www.carlosyconchita.net\\\/rutas\\\/09-08-2020-hemos-fotografiado-el-50-de-las-bornas\\\/#breadcrumb\",\"itemListElement\":[{\"@type\":\"ListItem\",\"position\":1,\"name\":\"Portada\",\"item\":\"https:\\\/\\\/www.carlosyconchita.net\\\/rutas\\\/\"},{\"@type\":\"ListItem\",\"position\":2,\"name\":\"09-08-2020-Hemos fotografiado el 50% de las bornas !\"}]},{\"@type\":\"WebSite\",\"@id\":\"https:\\\/\\\/www.carlosyconchita.net\\\/rutas\\\/#website\",\"url\":\"https:\\\/\\\/www.carlosyconchita.net\\\/rutas\\\/\",\"name\":\"Las rutas de Carlos y Conchita\",\"description\":\"\",\"potentialAction\":[{\"@type\":\"SearchAction\",\"target\":{\"@type\":\"EntryPoint\",\"urlTemplate\":\"https:\\\/\\\/www.carlosyconchita.net\\\/rutas\\\/?s={search_term_string}\"},\"query-input\":{\"@type\":\"PropertyValueSpecification\",\"valueRequired\":true,\"valueName\":\"search_term_string\"}}],\"inLanguage\":\"es\"},{\"@type\":\"Person\",\"@id\":\"https:\\\/\\\/www.carlosyconchita.net\\\/rutas\\\/#\\\/schema\\\/person\\\/a9691f7258c28443fab2d3aa1479ea19\",\"name\":\"Carlos Conchita\",\"image\":{\"@type\":\"ImageObject\",\"inLanguage\":\"es\",\"@id\":\"https:\\\/\\\/secure.gravatar.com\\\/avatar\\\/3a4625b20c8da3de99da69bfe7a322774e291c3f90dce7e8778a30fe6748ed1a?s=96&d=mm&r=g\",\"url\":\"https:\\\/\\\/secure.gravatar.com\\\/avatar\\\/3a4625b20c8da3de99da69bfe7a322774e291c3f90dce7e8778a30fe6748ed1a?s=96&d=mm&r=g\",\"contentUrl\":\"https:\\\/\\\/secure.gravatar.com\\\/avatar\\\/3a4625b20c8da3de99da69bfe7a322774e291c3f90dce7e8778a30fe6748ed1a?s=96&d=mm&r=g\",\"caption\":\"Carlos Conchita\"}}]}<\/script>\n<!-- \/ Yoast SEO plugin. -->","yoast_head_json":{"title":"09-08-2020-Hemos fotografiado el 50% de las bornas ! -","robots":{"index":"index","follow":"follow","max-snippet":"max-snippet:-1","max-image-preview":"max-image-preview:large","max-video-preview":"max-video-preview:-1"},"canonical":"https:\/\/www.carlosyconchita.net\/rutas\/09-08-2020-hemos-fotografiado-el-50-de-las-bornas\/","og_locale":"es_ES","og_type":"article","og_title":"09-08-2020-Hemos fotografiado el 50% de las bornas ! -","og_description":"En el d\u00eda de hoy, hemos encontrado y fotografiado la borna o moj\u00f3n fronterizo n\u00famero 145, en Navarra, que hace el n\u00famero 301 de las que llevamos localizadas, o sea la mitad de las 602 existentes. Las contamos en base a los n\u00fameros grabados en ellas (de la 001 a la 602)\u00a0 y no por [&hellip;]","og_url":"https:\/\/www.carlosyconchita.net\/rutas\/09-08-2020-hemos-fotografiado-el-50-de-las-bornas\/","og_site_name":"Las rutas de Carlos y Conchita","article_published_time":"2020-08-09T07:41:42+00:00","article_modified_time":"2020-08-26T07:49:09+00:00","og_image":[{"width":1024,"height":576,"url":"https:\/\/www.carlosyconchita.net\/rutas\/wp-content\/uploads\/2020\/08\/145-2.jpg","type":"image\/jpeg"}],"author":"Carlos Conchita","twitter_misc":{"Escrito por":"Carlos Conchita"},"schema":{"@context":"https:\/\/schema.org","@graph":[{"@type":"Article","@id":"https:\/\/www.carlosyconchita.net\/rutas\/09-08-2020-hemos-fotografiado-el-50-de-las-bornas\/#article","isPartOf":{"@id":"https:\/\/www.carlosyconchita.net\/rutas\/09-08-2020-hemos-fotografiado-el-50-de-las-bornas\/"},"author":{"name":"Carlos Conchita","@id":"https:\/\/www.carlosyconchita.net\/rutas\/#\/schema\/person\/a9691f7258c28443fab2d3aa1479ea19"},"headline":"09-08-2020-Hemos fotografiado el 50% de las bornas !","datePublished":"2020-08-09T07:41:42+00:00","dateModified":"2020-08-26T07:49:09+00:00","mainEntityOfPage":{"@id":"https:\/\/www.carlosyconchita.net\/rutas\/09-08-2020-hemos-fotografiado-el-50-de-las-bornas\/"},"wordCount":94,"image":{"@id":"https:\/\/www.carlosyconchita.net\/rutas\/09-08-2020-hemos-fotografiado-el-50-de-las-bornas\/#primaryimage"},"thumbnailUrl":"https:\/\/www.carlosyconchita.net\/rutas\/wp-content\/uploads\/2020\/08\/145-2.jpg","articleSection":["Mojones \/ Bornas frontera ES-FR"],"inLanguage":"es"},{"@type":"WebPage","@id":"https:\/\/www.carlosyconchita.net\/rutas\/09-08-2020-hemos-fotografiado-el-50-de-las-bornas\/","url":"https:\/\/www.carlosyconchita.net\/rutas\/09-08-2020-hemos-fotografiado-el-50-de-las-bornas\/","name":"09-08-2020-Hemos fotografiado el 50% de las bornas ! -","isPartOf":{"@id":"https:\/\/www.carlosyconchita.net\/rutas\/#website"},"primaryImageOfPage":{"@id":"https:\/\/www.carlosyconchita.net\/rutas\/09-08-2020-hemos-fotografiado-el-50-de-las-bornas\/#primaryimage"},"image":{"@id":"https:\/\/www.carlosyconchita.net\/rutas\/09-08-2020-hemos-fotografiado-el-50-de-las-bornas\/#primaryimage"},"thumbnailUrl":"https:\/\/www.carlosyconchita.net\/rutas\/wp-content\/uploads\/2020\/08\/145-2.jpg","datePublished":"2020-08-09T07:41:42+00:00","dateModified":"2020-08-26T07:49:09+00:00","author":{"@id":"https:\/\/www.carlosyconchita.net\/rutas\/#\/schema\/person\/a9691f7258c28443fab2d3aa1479ea19"},"breadcrumb":{"@id":"https:\/\/www.carlosyconchita.net\/rutas\/09-08-2020-hemos-fotografiado-el-50-de-las-bornas\/#breadcrumb"},"inLanguage":"es","potentialAction":[{"@type":"ReadAction","target":["https:\/\/www.carlosyconchita.net\/rutas\/09-08-2020-hemos-fotografiado-el-50-de-las-bornas\/"]}]},{"@type":"ImageObject","inLanguage":"es","@id":"https:\/\/www.carlosyconchita.net\/rutas\/09-08-2020-hemos-fotografiado-el-50-de-las-bornas\/#primaryimage","url":"https:\/\/www.carlosyconchita.net\/rutas\/wp-content\/uploads\/2020\/08\/145-2.jpg","contentUrl":"https:\/\/www.carlosyconchita.net\/rutas\/wp-content\/uploads\/2020\/08\/145-2.jpg","width":1024,"height":576},{"@type":"BreadcrumbList","@id":"https:\/\/www.carlosyconchita.net\/rutas\/09-08-2020-hemos-fotografiado-el-50-de-las-bornas\/#breadcrumb","itemListElement":[{"@type":"ListItem","position":1,"name":"Portada","item":"https:\/\/www.carlosyconchita.net\/rutas\/"},{"@type":"ListItem","position":2,"name":"09-08-2020-Hemos fotografiado el 50% de las bornas !"}]},{"@type":"WebSite","@id":"https:\/\/www.carlosyconchita.net\/rutas\/#website","url":"https:\/\/www.carlosyconchita.net\/rutas\/","name":"Las rutas de Carlos y Conchita","description":"","potentialAction":[{"@type":"SearchAction","target":{"@type":"EntryPoint","urlTemplate":"https:\/\/www.carlosyconchita.net\/rutas\/?s={search_term_string}"},"query-input":{"@type":"PropertyValueSpecification","valueRequired":true,"valueName":"search_term_string"}}],"inLanguage":"es"},{"@type":"Person","@id":"https:\/\/www.carlosyconchita.net\/rutas\/#\/schema\/person\/a9691f7258c28443fab2d3aa1479ea19","name":"Carlos Conchita","image":{"@type":"ImageObject","inLanguage":"es","@id":"https:\/\/secure.gravatar.com\/avatar\/3a4625b20c8da3de99da69bfe7a322774e291c3f90dce7e8778a30fe6748ed1a?s=96&d=mm&r=g","url":"https:\/\/secure.gravatar.com\/avatar\/3a4625b20c8da3de99da69bfe7a322774e291c3f90dce7e8778a30fe6748ed1a?s=96&d=mm&r=g","contentUrl":"https:\/\/secure.gravatar.com\/avatar\/3a4625b20c8da3de99da69bfe7a322774e291c3f90dce7e8778a30fe6748ed1a?s=96&d=mm&r=g","caption":"Carlos Conchita"}}]}},"_links":{"self":[{"href":"https:\/\/www.carlosyconchita.net\/rutas\/wp-json\/wp\/v2\/posts\/14681","targetHints":{"allow":["GET"]}}],"collection":[{"href":"https:\/\/www.carlosyconchita.net\/rutas\/wp-json\/wp\/v2\/posts"}],"about":[{"href":"https:\/\/www.carlosyconchita.net\/rutas\/wp-json\/wp\/v2\/types\/post"}],"author":[{"embeddable":true,"href":"https:\/\/www.carlosyconchita.net\/rutas\/wp-json\/wp\/v2\/users\/50"}],"replies":[{"embeddable":true,"href":"https:\/\/www.carlosyconchita.net\/rutas\/wp-json\/wp\/v2\/comments?post=14681"}],"version-history":[{"count":0,"href":"https:\/\/www.carlosyconchita.net\/rutas\/wp-json\/wp\/v2\/posts\/14681\/revisions"}],"wp:featuredmedia":[{"embeddable":true,"href":"https:\/\/www.carlosyconchita.net\/rutas\/wp-json\/wp\/v2\/media\/14682"}],"wp:attachment":[{"href":"https:\/\/www.carlosyconchita.net\/rutas\/wp-json\/wp\/v2\/media?parent=14681"}],"wp:term":[{"taxonomy":"category","embeddable":true,"href":"https:\/\/www.carlosyconchita.net\/rutas\/wp-json\/wp\/v2\/categories?post=14681"},{"taxonomy":"post_tag","embeddable":true,"href":"https:\/\/www.carlosyconchita.net\/rutas\/wp-json\/wp\/v2\/tags?post=14681"}],"curies":[{"name":"wp","href":"https:\/\/api.w.org\/{rel}","templated":true}]}}